{"id":7039,"date":"2024-06-18T20:34:01","date_gmt":"2024-06-19T02:34:01","guid":{"rendered":"https:\/\/soymigrante.com\/revista\/?p=7039"},"modified":"2025-09-15T17:29:54","modified_gmt":"2025-09-15T23:29:54","slug":"el-baile-de-la-conquista-tiene-realidades-leyendas-y-muchos-rostros","status":"publish","type":"post","link":"https:\/\/soymigrante.com\/revista\/el-baile-de-la-conquista-tiene-realidades-leyendas-y-muchos-rostros\/","title":{"rendered":"Danzas de Guatemala: El Baile de la Conquista tiene historia y leyenda"},"content":{"rendered":"\t\t<div data-elementor-type=\"wp-post\" data-elementor-id=\"7039\" class=\"elementor elementor-7039\" data-elementor-post-type=\"post\">\n\t\t\t\t\t\t<section data-particle_enable=\"false\" data-particle-mobile-disabled=\"false\" class=\"elementor-section elementor-top-section elementor-element elementor-element-028716c elementor-section-boxed elementor-section-height-default elementor-section-height-default\" data-id=\"028716c\" data-element_type=\"section\" data-e-type=\"section\">\n\t\t\t\t\t\t<div class=\"elementor-container elementor-column-gap-default\">\n\t\t\t\t\t<div class=\"elementor-column elementor-col-100 elementor-top-column elementor-element elementor-element-e5d054b\" data-id=\"e5d054b\" data-element_type=\"column\" data-e-type=\"column\">\n\t\t\t<div class=\"elementor-widget-wrap elementor-element-populated\">\n\t\t\t\t\t\t<div class=\"elementor-element elementor-element-c3837d6 elementor-widget elementor-widget-heading\" data-id=\"c3837d6\" data-element_type=\"widget\" data-e-type=\"widget\" data-widget_type=\"heading.default\">\n\t\t\t\t\t<h2 class=\"elementor-heading-title elementor-size-default\">Representaci\u00f3n danzaria, musical y teatral del choque de espa\u00f1oles e ind\u00edgenas en 1524, que deslumbra por su vestuario, movimientos y tradici\u00f3n ancestral. Estos son algunos detalles que quiza ya sab\u00edas o tal vez no.<\/h2>\t\t\t\t<\/div>\n\t\t\t\t\t<\/div>\n\t\t<\/div>\n\t\t\t\t\t<\/div>\n\t\t<\/section>\n\t\t\t\t<section data-particle_enable=\"false\" data-particle-mobile-disabled=\"false\" class=\"elementor-section elementor-top-section elementor-element elementor-element-8ddaa71 elementor-section-boxed elementor-section-height-default elementor-section-height-default\" data-id=\"8ddaa71\" data-element_type=\"section\" data-e-type=\"section\">\n\t\t\t\t\t\t<div class=\"elementor-container elementor-column-gap-default\">\n\t\t\t\t\t<div class=\"elementor-column elementor-col-100 elementor-top-column elementor-element elementor-element-e665a95\" data-id=\"e665a95\" data-element_type=\"column\" data-e-type=\"column\">\n\t\t\t<div class=\"elementor-widget-wrap elementor-element-populated\">\n\t\t\t\t\t\t<div class=\"elementor-element elementor-element-2dbefbb elementor-widget elementor-widget-text-editor\" data-id=\"2dbefbb\" data-element_type=\"widget\" data-e-type=\"widget\" data-widget_type=\"text-editor.default\">\n\t\t\t\t\t\t\t\t\t<p>Dos ej\u00e9rcitos frente a frente se alinean para la batalla. De un lado, los espa\u00f1oles al mando de Pedro del Alvarado. Del otro, los guerreros k&#8217;iche&#8217; liderados por Tec\u00fan Um\u00e1n. Se produce una batalla en la cual muere el valiente capit\u00e1n ind\u00edgena en defensa de la dignidad de su pueblo. Es el Baile de la Conquista, representado en al menos 10 departamentos del Sur y Occidente de Guatemala, durante ferias titulares.<\/p><p>Cada lugar donde se le representa tiene sus propias caracter\u00edsticas de vestuario y desarrollo de las acciones. Pero en todas es una representaci\u00f3n esc\u00e9nica y musical que se presenta durante las fiestas patronales. En s\u00edntesis, el n\u00facleo de esta historia es la invasi\u00f3n espa\u00f1ola a los territorios ind\u00edgenas y su posterior conversi\u00f3n al cristianismo.<\/p>\t\t\t\t\t\t\t\t<\/div>\n\t\t\t\t\t<\/div>\n\t\t<\/div>\n\t\t\t\t\t<\/div>\n\t\t<\/section>\n\t\t\t\t<section data-particle_enable=\"false\" data-particle-mobile-disabled=\"false\" class=\"elementor-section elementor-top-section elementor-element elementor-element-490873f elementor-section-boxed elementor-section-height-default elementor-section-height-default\" data-id=\"490873f\" data-element_type=\"section\" data-e-type=\"section\">\n\t\t\t\t\t\t<div class=\"elementor-container elementor-column-gap-default\">\n\t\t\t\t\t<div class=\"elementor-column elementor-col-100 elementor-top-column elementor-element elementor-element-4418f44\" data-id=\"4418f44\" data-element_type=\"column\" data-e-type=\"column\">\n\t\t\t<div class=\"elementor-widget-wrap elementor-element-populated\">\n\t\t\t\t\t\t<div class=\"elementor-element elementor-element-e0e5b45 elementor-widget elementor-widget-image\" data-id=\"e0e5b45\" data-element_type=\"widget\" data-e-type=\"widget\" data-widget_type=\"image.default\">\n\t\t\t\t\t\t\t\t\t\t\t\t<figure class=\"wp-caption\">\n\t\t\t\t\t\t\t\t\t\t<img fetchpriority=\"high\" decoding=\"async\" width=\"1024\" height=\"677\" src=\"https:\/\/soymigrante.com\/revista\/wp-content\/uploads\/2024\/06\/Captura-de-pantalla-2024-06-18-123145-1024x677.webp\" class=\"attachment-large size-large wp-image-7056\" alt=\"Escena del Baile de la Conquista, en San Juan La Laguna, Solol\u00e1, Fotograf\u00eda cortes\u00eda Edwin Castro.\" srcset=\"https:\/\/soymigrante.com\/revista\/wp-content\/uploads\/2024\/06\/Captura-de-pantalla-2024-06-18-123145-1024x677.webp 1024w, https:\/\/soymigrante.com\/revista\/wp-content\/uploads\/2024\/06\/Captura-de-pantalla-2024-06-18-123145-300x198.webp 300w, https:\/\/soymigrante.com\/revista\/wp-content\/uploads\/2024\/06\/Captura-de-pantalla-2024-06-18-123145-768x508.webp 768w, https:\/\/soymigrante.com\/revista\/wp-content\/uploads\/2024\/06\/Captura-de-pantalla-2024-06-18-123145-750x496.webp 750w, https:\/\/soymigrante.com\/revista\/wp-content\/uploads\/2024\/06\/Captura-de-pantalla-2024-06-18-123145-1140x754.webp 1140w, https:\/\/soymigrante.com\/revista\/wp-content\/uploads\/2024\/06\/Captura-de-pantalla-2024-06-18-123145.webp 1250w\" sizes=\"(max-width: 1024px) 100vw, 1024px\" title=\"Escena del Baile de la Conquista, en San Juan La Laguna, Solol\u00e1, Fotograf\u00eda cortes\u00eda Edwin Castro. \u2013 SoyMigrante.com REVISTA\" \/>\t\t\t\t\t\t\t\t\t\t\t<figcaption class=\"widget-image-caption wp-caption-text\">Escena del Baile de la Conquista, en San Juan La Laguna, Solol\u00e1, Fotograf\u00eda cortes\u00eda Edwin Castro.<\/figcaption>\n\t\t\t\t\t\t\t\t\t\t<\/figure>\n\t\t\t\t\t\t\t\t\t<\/div>\n\t\t\t\t\t<\/div>\n\t\t<\/div>\n\t\t\t\t\t<\/div>\n\t\t<\/section>\n\t\t\t\t<section data-particle_enable=\"false\" data-particle-mobile-disabled=\"false\" class=\"elementor-section elementor-top-section elementor-element elementor-element-4d518b3 elementor-section-boxed elementor-section-height-default elementor-section-height-default\" data-id=\"4d518b3\" data-element_type=\"section\" data-e-type=\"section\">\n\t\t\t\t\t\t<div class=\"elementor-container elementor-column-gap-default\">\n\t\t\t\t\t<div class=\"elementor-column elementor-col-100 elementor-top-column elementor-element elementor-element-2bf17f7\" data-id=\"2bf17f7\" data-element_type=\"column\" data-e-type=\"column\">\n\t\t\t<div class=\"elementor-widget-wrap elementor-element-populated\">\n\t\t\t\t\t\t<div class=\"elementor-element elementor-element-ac9ab2c elementor-widget elementor-widget-heading\" data-id=\"ac9ab2c\" data-element_type=\"widget\" data-e-type=\"widget\" data-widget_type=\"heading.default\">\n\t\t\t\t\t<h3 class=\"elementor-heading-title elementor-size-default\">Entre historia y leyenda <\/h3>\t\t\t\t<\/div>\n\t\t\t\t\t<\/div>\n\t\t<\/div>\n\t\t\t\t\t<\/div>\n\t\t<\/section>\n\t\t\t\t<section data-particle_enable=\"false\" data-particle-mobile-disabled=\"false\" class=\"elementor-section elementor-top-section elementor-element elementor-element-9db4b54 elementor-section-boxed elementor-section-height-default elementor-section-height-default\" data-id=\"9db4b54\" data-element_type=\"section\" data-e-type=\"section\">\n\t\t\t\t\t\t<div class=\"elementor-container elementor-column-gap-default\">\n\t\t\t\t\t<div class=\"elementor-column elementor-col-100 elementor-top-column elementor-element elementor-element-cac90cf\" data-id=\"cac90cf\" data-element_type=\"column\" data-e-type=\"column\">\n\t\t\t<div class=\"elementor-widget-wrap elementor-element-populated\">\n\t\t\t\t\t\t<div class=\"elementor-element elementor-element-c8556f7 elementor-widget elementor-widget-text-editor\" data-id=\"c8556f7\" data-element_type=\"widget\" data-e-type=\"widget\" data-widget_type=\"text-editor.default\">\n\t\t\t\t\t\t\t\t\t<p>\u00a0<\/p><p><span style=\"color: var( --e-global-color-text );\">En todas las presentaciones del Baile de la Conquista, el momento m\u00e1s dram\u00e1tico es la lucha entre el capit\u00e1n de los ej\u00e9rcitos k\u2019iche\u2019, Tecun Um\u00e1n y\u00a0 Pedro de Alvarado, jefe de los espa\u00f1oles, con la consecuente derrota y muerte del primero.<\/span><\/p><p>En esta danza se desarrollan varias escenas o momentos. La vida en la corte de Q&#8217;umarq&#8217;aaj, la capital del reino k&#8217;iche&#8217;, a llegada de los espa\u00f1oles, el env\u00edo de Tec\u00fan Um\u00e1n y su ej\u00e9rcito a detener a los invasores; la batalla, las intervenci\u00f3n de los Ajitz o grandes sacerdotes, la muerte de Tec\u00fan Um\u00e1n y el bautizo de los k&#8217;iche&#8217; sobrevivientes.<\/p><p>Todo ello ocurre a trav\u00e9s de algunos breves di\u00e1logos, formaciones de ej\u00e9rcitos, batallas, cantos de princesas en algunas versiones y recorridos sobre la plaza en representaci\u00f3n de todo aquel episodio \u00e9pico, relata el antrop\u00f3logo Carlos Ren\u00e9 Garc\u00eda Escobar en su Atlas Danzario de Guatemala, investigaci\u00f3n de referencia acerca de todas las grandes danzas y bailes de Guatemala.<\/p>\t\t\t\t\t\t\t\t<\/div>\n\t\t\t\t\t<\/div>\n\t\t<\/div>\n\t\t\t\t\t<\/div>\n\t\t<\/section>\n\t\t\t\t<section data-particle_enable=\"false\" data-particle-mobile-disabled=\"false\" class=\"elementor-section elementor-top-section elementor-element elementor-element-8d30040 elementor-section-boxed elementor-section-height-default elementor-section-height-default\" data-id=\"8d30040\" data-element_type=\"section\" data-e-type=\"section\">\n\t\t\t\t\t\t<div class=\"elementor-container elementor-column-gap-default\">\n\t\t\t\t\t<div class=\"elementor-column elementor-col-100 elementor-top-column elementor-element elementor-element-ff2a3e4\" data-id=\"ff2a3e4\" data-element_type=\"column\" data-e-type=\"column\">\n\t\t\t<div class=\"elementor-widget-wrap elementor-element-populated\">\n\t\t\t\t\t\t<div class=\"elementor-element elementor-element-f950030 elementor-widget elementor-widget-video\" data-id=\"f950030\" data-element_type=\"widget\" data-e-type=\"widget\" data-settings=\"{&quot;youtube_url&quot;:&quot;https:\\\/\\\/www.youtube.com\\\/watch?v=uvclmRAaQcc&quot;,&quot;video_type&quot;:&quot;youtube&quot;,&quot;controls&quot;:&quot;yes&quot;}\" data-widget_type=\"video.default\">\n\t\t\t\t\t\t\t<div class=\"elementor-wrapper elementor-open-inline\">\n\t\t\t<div class=\"elementor-video\"><\/div>\t\t<\/div>\n\t\t\t\t\t\t<\/div>\n\t\t\t\t\t<\/div>\n\t\t<\/div>\n\t\t\t\t\t<\/div>\n\t\t<\/section>\n\t\t\t\t<section data-particle_enable=\"false\" data-particle-mobile-disabled=\"false\" class=\"elementor-section elementor-top-section elementor-element elementor-element-d1ef8e1 elementor-section-boxed elementor-section-height-default elementor-section-height-default\" data-id=\"d1ef8e1\" data-element_type=\"section\" data-e-type=\"section\">\n\t\t\t\t\t\t<div class=\"elementor-container elementor-column-gap-default\">\n\t\t\t\t\t<div class=\"elementor-column elementor-col-100 elementor-top-column elementor-element elementor-element-fefcbaa\" data-id=\"fefcbaa\" data-element_type=\"column\" data-e-type=\"column\">\n\t\t\t<div class=\"elementor-widget-wrap elementor-element-populated\">\n\t\t\t\t\t\t<div class=\"elementor-element elementor-element-cc1197b elementor-widget elementor-widget-heading\" data-id=\"cc1197b\" data-element_type=\"widget\" data-e-type=\"widget\" data-widget_type=\"heading.default\">\n\t\t\t\t\t<h3 class=\"elementor-heading-title elementor-size-default\">Discusiones por el origen de esta danza <\/h3>\t\t\t\t<\/div>\n\t\t\t\t\t<\/div>\n\t\t<\/div>\n\t\t\t\t\t<\/div>\n\t\t<\/section>\n\t\t\t\t<section data-particle_enable=\"false\" data-particle-mobile-disabled=\"false\" class=\"elementor-section elementor-top-section elementor-element elementor-element-43e5c67 elementor-section-boxed elementor-section-height-default elementor-section-height-default\" data-id=\"43e5c67\" data-element_type=\"section\" data-e-type=\"section\">\n\t\t\t\t\t\t<div class=\"elementor-container elementor-column-gap-default\">\n\t\t\t\t\t<div class=\"elementor-column elementor-col-100 elementor-top-column elementor-element elementor-element-d3bb04b\" data-id=\"d3bb04b\" data-element_type=\"column\" data-e-type=\"column\">\n\t\t\t<div class=\"elementor-widget-wrap elementor-element-populated\">\n\t\t\t\t\t\t<div class=\"elementor-element elementor-element-9bc6f42 elementor-widget elementor-widget-text-editor\" data-id=\"9bc6f42\" data-element_type=\"widget\" data-e-type=\"widget\" data-widget_type=\"text-editor.default\">\n\t\t\t\t\t\t\t\t\t<p><span style=\"color: var( --e-global-color-text );\">Seg\u00fan varias versiones de investigadores e historiadoras, el Baile de la Conquista surgi\u00f3 en el siglo XVI, como parte de un esfuerzo de evangelizaci\u00f3n: los religiosos habr\u00edan tomado relatos de memoriales ind\u00edgenas para presentar la huella de los grandes se\u00f1ores k&#8217;iche&#8217; y su resistencia a la invasi\u00f3n espa\u00f1ola, as\u00ed como el desenlace de aquel choque.\u00a0<\/span><\/p><p><span style=\"color: var( --e-global-color-text );\">El arque\u00f3logo V\u00edctor Castillo plante\u00f3 un cuestionamiento al origen supuestamente colonial de esta danza y sit\u00faa sus inicios en el siglo XIX, cuando exist\u00eda un esfuerzo fuertemente nacionalista, impulsado por el gobierno guatemalteco para exaltar la figura de un h\u00e9roe nacional y a la vez validar el hecho de la violenta conquista.<\/span><\/p><p><span style=\"color: var( --e-global-color-text );\">\u00a0Castillo argumenta que no existen documentos coloniales que respalden las caracter\u00edsticas del relato y que algunos grupos de danza cuentan con escritos de hace aproximadamente un siglo. Sin embargo, deja abierta la posibilidad de que con el tiempo se descubra alg\u00fan manuscrito de tres o cutro siglos atr\u00e1s, el cual hasta ahora no se ha ubicado en ninguna parte.<\/span><\/p><p>Este baile tiene la participaci\u00f3n de 20 personajes, de los cuales 5 son la familia del Ahau Q&#8217;iche: el gran se\u00f1or, dos pr\u00edncipes y dos princesas, que pasan buena parte de la escenificaci\u00f3n presenciando todos los hechos. Seis capitanes espa\u00f1oles y seis caciques ind\u00edgenas m\u00e1s dos brujos, bailan en un escenario cuadrado que recorren en movimientos alrededor y lo cruzan en forma de X.\u00a0\u00a0<\/p>\t\t\t\t\t\t\t\t<\/div>\n\t\t\t\t\t<\/div>\n\t\t<\/div>\n\t\t\t\t\t<\/div>\n\t\t<\/section>\n\t\t\t\t<section data-particle_enable=\"false\" data-particle-mobile-disabled=\"false\" class=\"elementor-section elementor-top-section elementor-element elementor-element-8218047 elementor-section-boxed elementor-section-height-default elementor-section-height-default\" data-id=\"8218047\" data-element_type=\"section\" data-e-type=\"section\">\n\t\t\t\t\t\t<div class=\"elementor-container elementor-column-gap-default\">\n\t\t\t\t\t<div class=\"elementor-column elementor-col-100 elementor-top-column elementor-element elementor-element-52cb3d2\" data-id=\"52cb3d2\" data-element_type=\"column\" data-e-type=\"column\">\n\t\t\t<div class=\"elementor-widget-wrap elementor-element-populated\">\n\t\t\t\t\t\t<div class=\"elementor-element elementor-element-4d33a82 elementor-widget elementor-widget-image\" data-id=\"4d33a82\" data-element_type=\"widget\" data-e-type=\"widget\" data-widget_type=\"image.default\">\n\t\t\t\t\t\t\t\t\t\t\t\t<figure class=\"wp-caption\">\n\t\t\t\t\t\t\t\t\t\t<img decoding=\"async\" width=\"1024\" height=\"668\" src=\"https:\/\/soymigrante.com\/revista\/wp-content\/uploads\/2024\/06\/Captura-de-pantalla-2024-06-18-201326-1024x668.webp\" class=\"attachment-large size-large wp-image-7057\" alt=\"En la representaci\u00f3n del Baile de la Conquista de Rabinal, Baja Verapaz, los espa\u00f1oles entran a caballo. (Fotograf\u00eda Edwin Castro)\" srcset=\"https:\/\/soymigrante.com\/revista\/wp-content\/uploads\/2024\/06\/Captura-de-pantalla-2024-06-18-201326-1024x668.webp 1024w, https:\/\/soymigrante.com\/revista\/wp-content\/uploads\/2024\/06\/Captura-de-pantalla-2024-06-18-201326-300x196.webp 300w, https:\/\/soymigrante.com\/revista\/wp-content\/uploads\/2024\/06\/Captura-de-pantalla-2024-06-18-201326-768x501.webp 768w, https:\/\/soymigrante.com\/revista\/wp-content\/uploads\/2024\/06\/Captura-de-pantalla-2024-06-18-201326-750x489.webp 750w, https:\/\/soymigrante.com\/revista\/wp-content\/uploads\/2024\/06\/Captura-de-pantalla-2024-06-18-201326-1140x743.webp 1140w, https:\/\/soymigrante.com\/revista\/wp-content\/uploads\/2024\/06\/Captura-de-pantalla-2024-06-18-201326.webp 1247w\" sizes=\"(max-width: 1024px) 100vw, 1024px\" title=\"En la representaci\u00f3n del Baile de la Conquista de Rabinal, Baja Verapaz, los espa\u00f1oles entran a caballo. (Fotograf\u00eda Edwin Castro) \u2013 SoyMigrante.com REVISTA\" \/>\t\t\t\t\t\t\t\t\t\t\t<figcaption class=\"widget-image-caption wp-caption-text\">En la representaci\u00f3n del Baile de la Conquista de Rabinal, Baja Verapaz, los espa\u00f1oles entran a caballo. (Fotograf\u00eda Edwin Castro)<\/figcaption>\n\t\t\t\t\t\t\t\t\t\t<\/figure>\n\t\t\t\t\t\t\t\t\t<\/div>\n\t\t\t\t\t<\/div>\n\t\t<\/div>\n\t\t\t\t\t<\/div>\n\t\t<\/section>\n\t\t\t\t<section data-particle_enable=\"false\" data-particle-mobile-disabled=\"false\" class=\"elementor-section elementor-top-section elementor-element elementor-element-54e44bc elementor-section-boxed elementor-section-height-default elementor-section-height-default\" data-id=\"54e44bc\" data-element_type=\"section\" data-e-type=\"section\">\n\t\t\t\t\t\t<div class=\"elementor-container elementor-column-gap-default\">\n\t\t\t\t\t<div class=\"elementor-column elementor-col-100 elementor-top-column elementor-element elementor-element-2d7a6e2\" data-id=\"2d7a6e2\" data-element_type=\"column\" data-e-type=\"column\">\n\t\t\t<div class=\"elementor-widget-wrap elementor-element-populated\">\n\t\t\t\t\t\t<div class=\"elementor-element elementor-element-0c30905 elementor-widget elementor-widget-heading\" data-id=\"0c30905\" data-element_type=\"widget\" data-e-type=\"widget\" data-widget_type=\"heading.default\">\n\t\t\t\t\t<h3 class=\"elementor-heading-title elementor-size-default\">Vestuario, m\u00e1scaras y movimientos <\/h3>\t\t\t\t<\/div>\n\t\t\t\t\t<\/div>\n\t\t<\/div>\n\t\t\t\t\t<\/div>\n\t\t<\/section>\n\t\t\t\t<section data-particle_enable=\"false\" data-particle-mobile-disabled=\"false\" class=\"elementor-section elementor-top-section elementor-element elementor-element-6733045 elementor-section-boxed elementor-section-height-default elementor-section-height-default\" data-id=\"6733045\" data-element_type=\"section\" data-e-type=\"section\">\n\t\t\t\t\t\t<div class=\"elementor-container elementor-column-gap-default\">\n\t\t\t\t\t<div class=\"elementor-column elementor-col-100 elementor-top-column elementor-element elementor-element-f630de7\" data-id=\"f630de7\" data-element_type=\"column\" data-e-type=\"column\">\n\t\t\t<div class=\"elementor-widget-wrap elementor-element-populated\">\n\t\t\t\t\t\t<div class=\"elementor-element elementor-element-bdc518e elementor-widget elementor-widget-text-editor\" data-id=\"bdc518e\" data-element_type=\"widget\" data-e-type=\"widget\" data-widget_type=\"text-editor.default\">\n\t\t\t\t\t\t\t\t\t<p>\u00a0<\/p><p><span style=\"color: var( --e-global-color-text );\">Los atuendos del Baile de la Conquista se encuentran dentro de los m\u00e1s famosos y conocidos de Guatemala, sobre todo por las caras con bigotes rubios o negros de ambos ej\u00e9rcitos.<\/span><\/p><p>Los espa\u00f1oles tienen pantal\u00f3n largo y casaca, con espadas y rostros encarnados; los ind\u00edgenas tienen pantal\u00f3n corto, abombado, con capa; llevan hachas, arcos, resonadores de hojalata y m\u00e1scaras de tez morena.<\/p><p>Los Ajitz o brujos, hay uno grande y uno peque\u00f1o (ni\u00f1o) que llevan en la mano un mu\u00f1eco peque\u00f1o, vestigo igual a ellos, completamente de rojo, un envoltorio con frijoles colorados, piedras y varas.<\/p><p>Escobar anota que el vestuario del bando ind\u00edgena &#8220;es ajeno a su identidad \u00e9tnica, pero que ha sido asimilado por los participantes a trav\u00e9s del tiempo. Al observador que desconoce esta danza le puede parecer muchas cosas menos una guerra&#8221;.<\/p><div>\u00a0<\/div>\t\t\t\t\t\t\t\t<\/div>\n\t\t\t\t\t<\/div>\n\t\t<\/div>\n\t\t\t\t\t<\/div>\n\t\t<\/section>\n\t\t\t\t<section data-particle_enable=\"false\" data-particle-mobile-disabled=\"false\" class=\"elementor-section elementor-top-section elementor-element elementor-element-9556b7d elementor-section-boxed elementor-section-height-default elementor-section-height-default\" data-id=\"9556b7d\" data-element_type=\"section\" data-e-type=\"section\">\n\t\t\t\t\t\t<div class=\"elementor-container elementor-column-gap-default\">\n\t\t\t\t\t<div class=\"elementor-column elementor-col-100 elementor-top-column elementor-element elementor-element-7063352\" data-id=\"7063352\" data-element_type=\"column\" data-e-type=\"column\">\n\t\t\t<div class=\"elementor-widget-wrap elementor-element-populated\">\n\t\t\t\t\t\t<div class=\"elementor-element elementor-element-d553643 elementor-widget elementor-widget-image\" data-id=\"d553643\" data-element_type=\"widget\" data-e-type=\"widget\" data-widget_type=\"image.default\">\n\t\t\t\t\t\t\t\t\t\t\t\t<figure class=\"wp-caption\">\n\t\t\t\t\t\t\t\t\t\t<img decoding=\"async\" width=\"540\" height=\"826\" src=\"https:\/\/soymigrante.com\/revista\/wp-content\/uploads\/2024\/06\/Captura-de-pantalla-2024-06-18-123019.webp\" class=\"attachment-large size-large wp-image-7058\" alt=\"Los soldados espa\u00f1oles tienen bigotes y barba dorados, mientras que el ej\u00e9rcito k&#039;iche&#039; tiene bigotes y barba oscuros. (Fotograf\u00eda Edwin Castro)\" srcset=\"https:\/\/soymigrante.com\/revista\/wp-content\/uploads\/2024\/06\/Captura-de-pantalla-2024-06-18-123019.webp 540w, https:\/\/soymigrante.com\/revista\/wp-content\/uploads\/2024\/06\/Captura-de-pantalla-2024-06-18-123019-196x300.webp 196w\" sizes=\"(max-width: 540px) 100vw, 540px\" title=\"Los soldados espa\u00f1oles tienen bigotes y barba dorados, mientras que el ej\u00e9rcito k&#039;iche&#039; tiene bigotes y barba oscuros. (Fotograf\u00eda Edwin Castro) \u2013 SoyMigrante.com REVISTA\" \/>\t\t\t\t\t\t\t\t\t\t\t<figcaption class=\"widget-image-caption wp-caption-text\">Los soldados espa\u00f1oles tienen bigotes y barba dorados, mientras que el ej\u00e9rcito k'iche' tiene bigotes y barba oscuros. (Fotograf\u00eda Edwin Castro)<\/figcaption>\n\t\t\t\t\t\t\t\t\t\t<\/figure>\n\t\t\t\t\t\t\t\t\t<\/div>\n\t\t\t\t\t<\/div>\n\t\t<\/div>\n\t\t\t\t\t<\/div>\n\t\t<\/section>\n\t\t\t\t<section data-particle_enable=\"false\" data-particle-mobile-disabled=\"false\" class=\"elementor-section elementor-top-section elementor-element elementor-element-c9457ed elementor-section-boxed elementor-section-height-default elementor-section-height-default\" data-id=\"c9457ed\" data-element_type=\"section\" data-e-type=\"section\">\n\t\t\t\t\t\t<div class=\"elementor-container elementor-column-gap-default\">\n\t\t\t\t\t<div class=\"elementor-column elementor-col-100 elementor-top-column elementor-element elementor-element-47ea702\" data-id=\"47ea702\" data-element_type=\"column\" data-e-type=\"column\">\n\t\t\t<div class=\"elementor-widget-wrap elementor-element-populated\">\n\t\t\t\t\t\t<div class=\"elementor-element elementor-element-e99041c elementor-widget elementor-widget-heading\" data-id=\"e99041c\" data-element_type=\"widget\" data-e-type=\"widget\" data-widget_type=\"heading.default\">\n\t\t\t\t\t<h3 class=\"elementor-heading-title elementor-size-default\">Marimba, viento y percusi\u00f3n animan el Baile de la Conquista<\/h3>\t\t\t\t<\/div>\n\t\t\t\t\t<\/div>\n\t\t<\/div>\n\t\t\t\t\t<\/div>\n\t\t<\/section>\n\t\t\t\t<section data-particle_enable=\"false\" data-particle-mobile-disabled=\"false\" class=\"elementor-section elementor-top-section elementor-element elementor-element-0ae00e2 elementor-section-boxed elementor-section-height-default elementor-section-height-default\" data-id=\"0ae00e2\" data-element_type=\"section\" data-e-type=\"section\">\n\t\t\t\t\t\t<div class=\"elementor-container elementor-column-gap-default\">\n\t\t\t\t\t<div class=\"elementor-column elementor-col-100 elementor-top-column elementor-element elementor-element-1a5c9dc\" data-id=\"1a5c9dc\" data-element_type=\"column\" data-e-type=\"column\">\n\t\t\t<div class=\"elementor-widget-wrap elementor-element-populated\">\n\t\t\t\t\t\t<div class=\"elementor-element elementor-element-e469ab8 elementor-widget elementor-widget-text-editor\" data-id=\"e469ab8\" data-element_type=\"widget\" data-e-type=\"widget\" data-widget_type=\"text-editor.default\">\n\t\t\t\t\t\t\t\t\t<p>Alrededor de 40 piezas, entre marchas y sones, integran la m\u00fasica de fondo del Baile de la Conquista. Hay algunas variantes por regi\u00f3n, pues en algunos lugares predomina m\u00e1s la chirim\u00eda y el uso de tambores. La entrada de los espa\u00f1oles a Guatemala se hace a paso de marcha con tambor, lo mismo que los enfrentamientos. Un detalle curioso es que el tambor es tradicional pero se le usa como redoblante.<\/p><p>Los desplazamientos en la plaza o la calle buscan imitar una estrategia militar. Los espa\u00f1oles suelen avanzar al frente, mientras el ej\u00e9rcito de Tec\u00fan se moviliza m\u00e1s de lado y con una peque\u00f1a patada al final. El antrop\u00f3logo Garc\u00eda Escobar registr\u00f3 y dibuj\u00f3 algunos de los movimientos de esta danza,.<\/p><p>En algunas representaciones se utilizan instrumentos de banda marcial, como en Rabinal; o m\u00fasica de cuerdas, como en Pal\u00edn, Escuintla.\u00a0<\/p><p>\u00a0<\/p>\t\t\t\t\t\t\t\t<\/div>\n\t\t\t\t\t<\/div>\n\t\t<\/div>\n\t\t\t\t\t<\/div>\n\t\t<\/section>\n\t\t\t\t<section data-particle_enable=\"false\" data-particle-mobile-disabled=\"false\" class=\"elementor-section elementor-top-section elementor-element elementor-element-988a275 elementor-section-boxed elementor-section-height-default elementor-section-height-default\" data-id=\"988a275\" data-element_type=\"section\" data-e-type=\"section\">\n\t\t\t\t\t\t<div class=\"elementor-container elementor-column-gap-default\">\n\t\t\t\t\t<div class=\"elementor-column elementor-col-100 elementor-top-column elementor-element elementor-element-1271779\" data-id=\"1271779\" data-element_type=\"column\" data-e-type=\"column\">\n\t\t\t<div class=\"elementor-widget-wrap elementor-element-populated\">\n\t\t\t\t\t\t<div class=\"elementor-element elementor-element-81e1b5b elementor-widget elementor-widget-image\" data-id=\"81e1b5b\" data-element_type=\"widget\" data-e-type=\"widget\" data-widget_type=\"image.default\">\n\t\t\t\t\t\t\t\t\t\t\t\t\t\t\t<img loading=\"lazy\" decoding=\"async\" width=\"998\" height=\"587\" src=\"https:\/\/soymigrante.com\/revista\/wp-content\/uploads\/2024\/06\/Captura-de-pantalla-2024-06-18-202201.webp\" class=\"attachment-large size-large wp-image-7059\" alt=\"Conquista, descritos en el Atlas Danzario de Carlos Ren\u00e9 Garc\u00eda Escobar\" srcset=\"https:\/\/soymigrante.com\/revista\/wp-content\/uploads\/2024\/06\/Captura-de-pantalla-2024-06-18-202201.webp 998w, https:\/\/soymigrante.com\/revista\/wp-content\/uploads\/2024\/06\/Captura-de-pantalla-2024-06-18-202201-300x176.webp 300w, https:\/\/soymigrante.com\/revista\/wp-content\/uploads\/2024\/06\/Captura-de-pantalla-2024-06-18-202201-768x452.webp 768w, https:\/\/soymigrante.com\/revista\/wp-content\/uploads\/2024\/06\/Captura-de-pantalla-2024-06-18-202201-750x441.webp 750w\" sizes=\"(max-width: 998px) 100vw, 998px\" title=\"Conquista, descritos en el Atlas Danzario de Carlos Ren\u00e9 Garc\u00eda Escobar \u2013 SoyMigrante.com REVISTA\" \/>\t\t\t\t\t\t\t\t\t\t\t\t\t\t\t<\/div>\n\t\t\t\t\t<\/div>\n\t\t<\/div>\n\t\t\t\t\t<\/div>\n\t\t<\/section>\n\t\t\t\t<section data-particle_enable=\"false\" data-particle-mobile-disabled=\"false\" class=\"elementor-section elementor-top-section elementor-element elementor-element-999deb2 elementor-section-boxed elementor-section-height-default elementor-section-height-default\" data-id=\"999deb2\" data-element_type=\"section\" data-e-type=\"section\">\n\t\t\t\t\t\t<div class=\"elementor-container elementor-column-gap-default\">\n\t\t\t\t\t<div class=\"elementor-column elementor-col-100 elementor-top-column elementor-element elementor-element-a07a171\" data-id=\"a07a171\" data-element_type=\"column\" data-e-type=\"column\">\n\t\t\t<div class=\"elementor-widget-wrap elementor-element-populated\">\n\t\t\t\t\t\t<div class=\"elementor-element elementor-element-42301da elementor-widget elementor-widget-image\" data-id=\"42301da\" data-element_type=\"widget\" data-e-type=\"widget\" data-widget_type=\"image.default\">\n\t\t\t\t\t\t\t\t\t\t\t\t<figure class=\"wp-caption\">\n\t\t\t\t\t\t\t\t\t\t<img loading=\"lazy\" decoding=\"async\" width=\"925\" height=\"582\" src=\"https:\/\/soymigrante.com\/revista\/wp-content\/uploads\/2024\/06\/Captura-de-pantalla-2024-06-18-202221.webp\" class=\"attachment-large size-large wp-image-7060\" alt=\"Conquista, descritos en el Atlas Danzario de Carlos Ren\u00e9 Garc\u00eda Escobar\" srcset=\"https:\/\/soymigrante.com\/revista\/wp-content\/uploads\/2024\/06\/Captura-de-pantalla-2024-06-18-202221.webp 925w, https:\/\/soymigrante.com\/revista\/wp-content\/uploads\/2024\/06\/Captura-de-pantalla-2024-06-18-202221-300x189.webp 300w, https:\/\/soymigrante.com\/revista\/wp-content\/uploads\/2024\/06\/Captura-de-pantalla-2024-06-18-202221-768x483.webp 768w, https:\/\/soymigrante.com\/revista\/wp-content\/uploads\/2024\/06\/Captura-de-pantalla-2024-06-18-202221-750x472.webp 750w\" sizes=\"(max-width: 925px) 100vw, 925px\" title=\"Conquista, descritos en el Atlas Danzario de Carlos Ren\u00e9 Garc\u00eda Escobar \u2013 SoyMigrante.com REVISTA\" \/>\t\t\t\t\t\t\t\t\t\t\t<figcaption class=\"widget-image-caption wp-caption-text\">Conquista, descritos en el Atlas Danzario de Carlos Ren\u00e9 Garc\u00eda Escobar<\/figcaption>\n\t\t\t\t\t\t\t\t\t\t<\/figure>\n\t\t\t\t\t\t\t\t\t<\/div>\n\t\t\t\t\t<\/div>\n\t\t<\/div>\n\t\t\t\t\t<\/div>\n\t\t<\/section>\n\t\t\t\t<section data-particle_enable=\"false\" data-particle-mobile-disabled=\"false\" class=\"elementor-section elementor-top-section elementor-element elementor-element-69e2bd1 elementor-section-boxed elementor-section-height-default elementor-section-height-default\" data-id=\"69e2bd1\" data-element_type=\"section\" data-e-type=\"section\">\n\t\t\t\t\t\t<div class=\"elementor-container elementor-column-gap-default\">\n\t\t\t\t\t<div class=\"elementor-column elementor-col-100 elementor-top-column elementor-element elementor-element-76c6bea\" data-id=\"76c6bea\" data-element_type=\"column\" data-e-type=\"column\">\n\t\t\t<div class=\"elementor-widget-wrap elementor-element-populated\">\n\t\t\t\t\t\t<div class=\"elementor-element elementor-element-226da00 elementor-widget elementor-widget-heading\" data-id=\"226da00\" data-element_type=\"widget\" data-e-type=\"widget\" data-widget_type=\"heading.default\">\n\t\t\t\t\t<h3 class=\"elementor-heading-title elementor-size-default\">Representaciones: Baile de la Conquista en Rabinal <\/h3>\t\t\t\t<\/div>\n\t\t\t\t\t<\/div>\n\t\t<\/div>\n\t\t\t\t\t<\/div>\n\t\t<\/section>\n\t\t\t\t<section data-particle_enable=\"false\" data-particle-mobile-disabled=\"false\" class=\"elementor-section elementor-top-section elementor-element elementor-element-c86007e elementor-section-boxed elementor-section-height-default elementor-section-height-default\" data-id=\"c86007e\" data-element_type=\"section\" data-e-type=\"section\">\n\t\t\t\t\t\t<div class=\"elementor-container elementor-column-gap-default\">\n\t\t\t\t\t<div class=\"elementor-column elementor-col-100 elementor-top-column elementor-element elementor-element-c56b16e\" data-id=\"c56b16e\" data-element_type=\"column\" data-e-type=\"column\">\n\t\t\t<div class=\"elementor-widget-wrap elementor-element-populated\">\n\t\t\t\t\t\t<div class=\"elementor-element elementor-element-ac0917a elementor-widget elementor-widget-video\" data-id=\"ac0917a\" data-element_type=\"widget\" data-e-type=\"widget\" data-settings=\"{&quot;youtube_url&quot;:&quot;https:\\\/\\\/www.youtube.com\\\/watch?v=iXzpYU_rOfo&quot;,&quot;start&quot;:63,&quot;video_type&quot;:&quot;youtube&quot;,&quot;controls&quot;:&quot;yes&quot;}\" data-widget_type=\"video.default\">\n\t\t\t\t\t\t\t<div class=\"elementor-wrapper elementor-open-inline\">\n\t\t\t<div class=\"elementor-video\"><\/div>\t\t<\/div>\n\t\t\t\t\t\t<\/div>\n\t\t\t\t\t<\/div>\n\t\t<\/div>\n\t\t\t\t\t<\/div>\n\t\t<\/section>\n\t\t\t\t<section data-particle_enable=\"false\" data-particle-mobile-disabled=\"false\" class=\"elementor-section elementor-top-section elementor-element elementor-element-0e5efbd elementor-section-boxed elementor-section-height-default elementor-section-height-default\" data-id=\"0e5efbd\" data-element_type=\"section\" data-e-type=\"section\">\n\t\t\t\t\t\t<div class=\"elementor-container elementor-column-gap-default\">\n\t\t\t\t\t<div class=\"elementor-column elementor-col-100 elementor-top-column elementor-element elementor-element-0eb2873\" data-id=\"0eb2873\" data-element_type=\"column\" data-e-type=\"column\">\n\t\t\t<div class=\"elementor-widget-wrap elementor-element-populated\">\n\t\t\t\t\t\t<div class=\"elementor-element elementor-element-5e052e6 elementor-widget elementor-widget-heading\" data-id=\"5e052e6\" data-element_type=\"widget\" data-e-type=\"widget\" data-widget_type=\"heading.default\">\n\t\t\t\t\t<h3 class=\"elementor-heading-title elementor-size-default\">Baile de la Conquista en San Crist\u00f3bal Totonicap\u00e1n<\/h3>\t\t\t\t<\/div>\n\t\t\t\t\t<\/div>\n\t\t<\/div>\n\t\t\t\t\t<\/div>\n\t\t<\/section>\n\t\t\t\t<section data-particle_enable=\"false\" data-particle-mobile-disabled=\"false\" class=\"elementor-section elementor-top-section elementor-element elementor-element-a68557d elementor-section-boxed elementor-section-height-default elementor-section-height-default\" data-id=\"a68557d\" data-element_type=\"section\" data-e-type=\"section\">\n\t\t\t\t\t\t<div class=\"elementor-container elementor-column-gap-default\">\n\t\t\t\t\t<div class=\"elementor-column elementor-col-100 elementor-top-column elementor-element elementor-element-6029db5\" data-id=\"6029db5\" data-element_type=\"column\" data-e-type=\"column\">\n\t\t\t<div class=\"elementor-widget-wrap elementor-element-populated\">\n\t\t\t\t\t\t<div class=\"elementor-element elementor-element-7e4af2b elementor-widget elementor-widget-video\" data-id=\"7e4af2b\" data-element_type=\"widget\" data-e-type=\"widget\" data-settings=\"{&quot;youtube_url&quot;:&quot;https:\\\/\\\/www.youtube.com\\\/watch?v=LuXNKNxefsg&quot;,&quot;video_type&quot;:&quot;youtube&quot;,&quot;controls&quot;:&quot;yes&quot;}\" data-widget_type=\"video.default\">\n\t\t\t\t\t\t\t<div class=\"elementor-wrapper elementor-open-inline\">\n\t\t\t<div class=\"elementor-video\"><\/div>\t\t<\/div>\n\t\t\t\t\t\t<\/div>\n\t\t\t\t\t<\/div>\n\t\t<\/div>\n\t\t\t\t\t<\/div>\n\t\t<\/section>\n\t\t\t\t<section data-particle_enable=\"false\" data-particle-mobile-disabled=\"false\" class=\"elementor-section elementor-top-section elementor-element elementor-element-4c05d49 elementor-section-boxed elementor-section-height-default elementor-section-height-default\" data-id=\"4c05d49\" data-element_type=\"section\" data-e-type=\"section\">\n\t\t\t\t\t\t<div class=\"elementor-container elementor-column-gap-default\">\n\t\t\t\t\t<div class=\"elementor-column elementor-col-100 elementor-top-column elementor-element elementor-element-c1ef0fd\" data-id=\"c1ef0fd\" data-element_type=\"column\" data-e-type=\"column\">\n\t\t\t<div class=\"elementor-widget-wrap elementor-element-populated\">\n\t\t\t\t\t\t<div class=\"elementor-element elementor-element-d6c0979 elementor-widget elementor-widget-heading\" data-id=\"d6c0979\" data-element_type=\"widget\" data-e-type=\"widget\" data-widget_type=\"heading.default\">\n\t\t\t\t\t<h3 class=\"elementor-heading-title elementor-size-default\">Baile de la Conquista en Pal\u00edn, Escuintla<\/h3>\t\t\t\t<\/div>\n\t\t\t\t\t<\/div>\n\t\t<\/div>\n\t\t\t\t\t<\/div>\n\t\t<\/section>\n\t\t\t\t<section data-particle_enable=\"false\" data-particle-mobile-disabled=\"false\" class=\"elementor-section elementor-top-section elementor-element elementor-element-2c1927a elementor-section-boxed elementor-section-height-default elementor-section-height-default\" data-id=\"2c1927a\" data-element_type=\"section\" data-e-type=\"section\">\n\t\t\t\t\t\t<div class=\"elementor-container elementor-column-gap-default\">\n\t\t\t\t\t<div class=\"elementor-column elementor-col-100 elementor-top-column elementor-element elementor-element-d538d4b\" data-id=\"d538d4b\" data-element_type=\"column\" data-e-type=\"column\">\n\t\t\t<div class=\"elementor-widget-wrap elementor-element-populated\">\n\t\t\t\t\t\t<div class=\"elementor-element elementor-element-676986b elementor-widget elementor-widget-video\" data-id=\"676986b\" data-element_type=\"widget\" data-e-type=\"widget\" data-settings=\"{&quot;youtube_url&quot;:&quot;https:\\\/\\\/www.youtube.com\\\/watch?v=3v9WNal5yRo&quot;,&quot;video_type&quot;:&quot;youtube&quot;,&quot;controls&quot;:&quot;yes&quot;}\" data-widget_type=\"video.default\">\n\t\t\t\t\t\t\t<div class=\"elementor-wrapper elementor-open-inline\">\n\t\t\t<div class=\"elementor-video\"><\/div>\t\t<\/div>\n\t\t\t\t\t\t<\/div>\n\t\t\t\t\t<\/div>\n\t\t<\/div>\n\t\t\t\t\t<\/div>\n\t\t<\/section>\n\t\t\t\t<section data-particle_enable=\"false\" data-particle-mobile-disabled=\"false\" class=\"elementor-section elementor-top-section elementor-element elementor-element-bd87151 elementor-section-boxed elementor-section-height-default elementor-section-height-default\" data-id=\"bd87151\" data-element_type=\"section\" data-e-type=\"section\">\n\t\t\t\t\t\t<div class=\"elementor-container elementor-column-gap-default\">\n\t\t\t\t\t<div class=\"elementor-column elementor-col-100 elementor-top-column elementor-element elementor-element-f3a1e11\" data-id=\"f3a1e11\" data-element_type=\"column\" data-e-type=\"column\">\n\t\t\t<div class=\"elementor-widget-wrap elementor-element-populated\">\n\t\t\t\t\t\t<div class=\"elementor-element elementor-element-344c0fa elementor-widget elementor-widget-heading\" data-id=\"344c0fa\" data-element_type=\"widget\" data-e-type=\"widget\" data-widget_type=\"heading.default\">\n\t\t\t\t\t<h3 class=\"elementor-heading-title elementor-size-default\">Baile de la Conquista, Comitancillo, San Marcos<\/h3>\t\t\t\t<\/div>\n\t\t\t\t\t<\/div>\n\t\t<\/div>\n\t\t\t\t\t<\/div>\n\t\t<\/section>\n\t\t\t\t<section data-particle_enable=\"false\" data-particle-mobile-disabled=\"false\" class=\"elementor-section elementor-top-section elementor-element elementor-element-095ee3d elementor-section-boxed elementor-section-height-default elementor-section-height-default\" data-id=\"095ee3d\" data-element_type=\"section\" data-e-type=\"section\">\n\t\t\t\t\t\t<div class=\"elementor-container elementor-column-gap-default\">\n\t\t\t\t\t<div class=\"elementor-column elementor-col-100 elementor-top-column elementor-element elementor-element-87cc55c\" data-id=\"87cc55c\" data-element_type=\"column\" data-e-type=\"column\">\n\t\t\t<div class=\"elementor-widget-wrap elementor-element-populated\">\n\t\t\t\t\t\t<div class=\"elementor-element elementor-element-028ac66 elementor-widget elementor-widget-video\" data-id=\"028ac66\" data-element_type=\"widget\" data-e-type=\"widget\" data-settings=\"{&quot;youtube_url&quot;:&quot;https:\\\/\\\/www.youtube.com\\\/watch?v=zPbbBKeVDck&quot;,&quot;video_type&quot;:&quot;youtube&quot;,&quot;controls&quot;:&quot;yes&quot;}\" data-widget_type=\"video.default\">\n\t\t\t\t\t\t\t<div class=\"elementor-wrapper elementor-open-inline\">\n\t\t\t<div class=\"elementor-video\"><\/div>\t\t<\/div>\n\t\t\t\t\t\t<\/div>\n\t\t\t\t\t<\/div>\n\t\t<\/div>\n\t\t\t\t\t<\/div>\n\t\t<\/section>\n\t\t\t\t<\/div>\n\t\t","protected":false},"excerpt":{"rendered":"<p>Representaci\u00f3n danzaria, musical y teatral del choque de espa\u00f1oles e ind\u00edgenas en 1524, que deslumbra por su vestuario, movimientos y tradici\u00f3n ancestral. Estos son algunos detalles que quiza ya sab\u00edas o tal vez no. Dos ej\u00e9rcitos frente a frente se alinean para la batalla. De un lado, los espa\u00f1oles al mando de Pedro del Alvarado. [&hellip;]<\/p>\n","protected":false},"author":7,"featured_media":7054,"comment_status":"open","ping_status":"open","sticky":false,"template":"","format":"standard","meta":{"_acf_changed":false,"_eb_attr":"","footnotes":""},"categories":[58],"tags":[244],"class_list":["post-7039","post","type-post","status-publish","format-standard","has-post-thumbnail","hentry","category-guate-nuestra","tag-danzas-de-guatemala"],"acf":[],"aioseo_notices":[],"aioseo_head":"\n\t\t<!-- All in One SEO Pro 4.9.6.2 - aioseo.com -->\n\t<meta name=\"description\" content=\"Escenificaci\u00f3n del choque entre los espa\u00f1oles y el ej\u00e9rcito k&#039;iche&#039; de Tec\u00fan Um\u00e1n en 1524 se sigue presentando en plazas y pueblos en fiestas patronales\" \/>\n\t<meta name=\"robots\" content=\"max-snippet:-1, max-image-preview:large, max-video-preview:-1\" \/>\n\t<meta name=\"author\" content=\"Gustavo Montenegro\"\/>\n\t<link rel=\"canonical\" href=\"https:\/\/soymigrante.com\/revista\/el-baile-de-la-conquista-tiene-realidades-leyendas-y-muchos-rostros\/\" \/>\n\t<meta name=\"generator\" content=\"All in One SEO Pro (AIOSEO) 4.9.6.2\" \/>\n\n\t\t<link rel=\"preconnect\" href=\"https:\/\/fonts.googleapis.com\" crossorigin>\n<link rel=\"preconnect\" href=\"https:\/\/fonts.gstatic.com\" crossorigin>\n\t\t<meta property=\"og:locale\" content=\"es_ES\" \/>\n\t\t<meta property=\"og:site_name\" content=\"SoyMigrante.com REVISTA \u2013 Nuestra misi\u00f3n es reconocer y dignificar al migrante.\" \/>\n\t\t<meta property=\"og:type\" content=\"article\" \/>\n\t\t<meta property=\"og:title\" content=\"El Baile de la Conquista es una batalla durante la fiesta\" \/>\n\t\t<meta property=\"og:description\" content=\"Escenificaci\u00f3n del choque entre los espa\u00f1oles y el ej\u00e9rcito k&#039;iche&#039; de Tec\u00fan Um\u00e1n en 1524 se sigue presentando en plazas y pueblos en fiestas patronales\" \/>\n\t\t<meta property=\"og:url\" content=\"https:\/\/soymigrante.com\/revista\/el-baile-de-la-conquista-tiene-realidades-leyendas-y-muchos-rostros\/\" \/>\n\t\t<meta property=\"og:image\" content=\"https:\/\/soymigrante.com\/revista\/wp-content\/uploads\/2024\/06\/baile-de-la-conquista-por-Edwin-Castro.webp\" \/>\n\t\t<meta property=\"og:image:secure_url\" content=\"https:\/\/soymigrante.com\/revista\/wp-content\/uploads\/2024\/06\/baile-de-la-conquista-por-Edwin-Castro.webp\" \/>\n\t\t<meta property=\"og:image:width\" content=\"758\" \/>\n\t\t<meta property=\"og:image:height\" content=\"758\" \/>\n\t\t<meta property=\"article:published_time\" content=\"2024-06-19T02:34:01+00:00\" \/>\n\t\t<meta property=\"article:modified_time\" content=\"2025-09-15T23:29:54+00:00\" \/>\n\t\t<meta property=\"article:publisher\" content=\"https:\/\/www.facebook.com\/soymigrantecom\" \/>\n\t\t<meta name=\"twitter:card\" content=\"summary_large_image\" \/>\n\t\t<meta name=\"twitter:site\" content=\"@SoyMigrante_com\" \/>\n\t\t<meta name=\"twitter:title\" content=\"El Baile de la Conquista es una batalla durante la fiesta\" \/>\n\t\t<meta name=\"twitter:description\" content=\"Escenificaci\u00f3n del choque entre los espa\u00f1oles y el ej\u00e9rcito k&#039;iche&#039; de Tec\u00fan Um\u00e1n en 1524 se sigue presentando en plazas y pueblos en fiestas patronales\" \/>\n\t\t<meta name=\"twitter:creator\" content=\"@SoyMigrante_com\" \/>\n\t\t<meta name=\"twitter:image\" content=\"https:\/\/soymigrante.com\/revista\/wp-content\/uploads\/2024\/06\/baile-de-la-conquista-por-Edwin-Castro.webp\" \/>\n\t\t<!-- All in One SEO Pro -->\r\n\t\t<title>El Baile de la Conquista es una batalla durante la fiesta<\/title>\n\n","aioseo_head_json":{"title":"El Baile de la Conquista es una batalla durante la fiesta","description":"Escenificaci\u00f3n del choque entre los espa\u00f1oles y el ej\u00e9rcito k'iche' de Tec\u00fan Um\u00e1n en 1524 se sigue presentando en plazas y pueblos en fiestas patronales","canonical_url":"https:\/\/soymigrante.com\/revista\/el-baile-de-la-conquista-tiene-realidades-leyendas-y-muchos-rostros\/","robots":"max-snippet:-1, max-image-preview:large, max-video-preview:-1","keywords":"","webmasterTools":{"miscellaneous":"&lt;link rel=\"preconnect\" href=\"https:\/\/fonts.googleapis.com\" crossorigin&gt;\n&lt;link rel=\"preconnect\" href=\"https:\/\/fonts.gstatic.com\" crossorigin&gt;"},"schema":null,"og:locale":"es_ES","og:site_name":"SoyMigrante.com REVISTA \u2013 Nuestra misi\u00f3n es reconocer y dignificar al migrante.","og:type":"article","og:title":"El Baile de la Conquista es una batalla durante la fiesta","og:description":"Escenificaci\u00f3n del choque entre los espa\u00f1oles y el ej\u00e9rcito k'iche' de Tec\u00fan Um\u00e1n en 1524 se sigue presentando en plazas y pueblos en fiestas patronales","og:url":"https:\/\/soymigrante.com\/revista\/el-baile-de-la-conquista-tiene-realidades-leyendas-y-muchos-rostros\/","og:image":"https:\/\/soymigrante.com\/revista\/wp-content\/uploads\/2024\/06\/baile-de-la-conquista-por-Edwin-Castro.webp","og:image:secure_url":"https:\/\/soymigrante.com\/revista\/wp-content\/uploads\/2024\/06\/baile-de-la-conquista-por-Edwin-Castro.webp","og:image:width":758,"og:image:height":758,"article:published_time":"2024-06-19T02:34:01+00:00","article:modified_time":"2025-09-15T23:29:54+00:00","article:publisher":"https:\/\/www.facebook.com\/soymigrantecom","twitter:card":"summary_large_image","twitter:site":"@SoyMigrante_com","twitter:title":"El Baile de la Conquista es una batalla durante la fiesta","twitter:description":"Escenificaci\u00f3n del choque entre los espa\u00f1oles y el ej\u00e9rcito k'iche' de Tec\u00fan Um\u00e1n en 1524 se sigue presentando en plazas y pueblos en fiestas patronales","twitter:creator":"@SoyMigrante_com","twitter:image":"https:\/\/soymigrante.com\/revista\/wp-content\/uploads\/2024\/06\/baile-de-la-conquista-por-Edwin-Castro.webp"},"aioseo_meta_data":{"post_id":"7039","title":"El Baile de la Conquista es una batalla durante la fiesta","description":"Escenificaci\u00f3n del choque entre los espa\u00f1oles y el ej\u00e9rcito k'iche' de Tec\u00fan Um\u00e1n en 1524 se sigue presentando en plazas y pueblos en fiestas patronales","keywords":null,"keyphrases":{"focus":{"keyphrase":"Baile de la conquista","score":91,"analysis":{"keyphraseInTitle":{"score":9,"maxScore":9,"error":0},"keyphraseInDescription":{"score":3,"maxScore":9,"error":1},"keyphraseLength":{"score":9,"maxScore":9,"error":0,"length":4},"keyphraseInURL":{"score":5,"maxScore":5,"error":0},"keyphraseInIntroduction":{"score":9,"maxScore":9,"error":0},"keyphraseInSubHeadings":{"score":9,"maxScore":9,"error":0},"keyphraseInImageAlt":{"score":9,"maxScore":9,"error":0},"keywordDensity":{"type":"best","score":9,"maxScore":9,"error":0}}},"additional":[{"keyphrase":"Danzas tradicionales de Guatemala","score":40,"analysis":{"keyphraseInDescription":{"score":3,"maxScore":9,"error":1},"keyphraseLength":{"score":9,"maxScore":9,"error":0,"length":4},"keyphraseInIntroduction":{"score":3,"maxScore":9,"error":1},"keyphraseInImageAlt":{"score":3,"maxScore":9,"error":1},"keywordDensity":{"score":0,"type":"low","maxScore":9,"error":1}}}]},"primary_term":null,"canonical_url":null,"og_title":null,"og_description":null,"og_object_type":"default","og_image_type":"default","og_image_url":null,"og_image_width":null,"og_image_height":null,"og_image_custom_url":null,"og_image_custom_fields":null,"og_video":"","og_custom_url":null,"og_article_section":null,"og_article_tags":null,"twitter_use_og":false,"twitter_card":"default","twitter_image_type":"default","twitter_image_url":null,"twitter_image_custom_url":null,"twitter_image_custom_fields":null,"twitter_title":null,"twitter_description":null,"schema":{"blockGraphs":[],"customGraphs":[],"default":{"data":{"Article":[],"Course":[],"Dataset":[],"FAQPage":[],"Movie":[],"Person":[],"Product":[],"ProductReview":[],"Car":[],"Recipe":[],"Service":[],"SoftwareApplication":[],"WebPage":[]},"graphName":"none","isEnabled":true},"graphs":[]},"schema_type":"default","schema_type_options":null,"pillar_content":false,"robots_default":true,"robots_noindex":false,"robots_noarchive":false,"robots_nosnippet":false,"robots_nofollow":false,"robots_noimageindex":false,"robots_noodp":false,"robots_notranslate":false,"robots_max_snippet":"-1","robots_max_videopreview":"-1","robots_max_imagepreview":"large","priority":null,"frequency":"default","local_seo":null,"seo_analyzer_scan_date":"2025-10-08 22:06:32","breadcrumb_settings":null,"limit_modified_date":false,"reviewed_by":"0","open_ai":"{\"title\":{\"suggestions\":[],\"usage\":0},\"description\":{\"suggestions\":[],\"usage\":0}}","ai":{"faqs":[],"keyPoints":[],"titles":[],"descriptions":[],"socialPosts":{"email":[],"linkedin":[],"twitter":[],"facebook":[],"instagram":[]}},"created":"2024-06-18 14:19:42","updated":"2026-02-04 12:03:02"},"aioseo_breadcrumb":"<div class=\"aioseo-breadcrumbs\"><span class=\"aioseo-breadcrumb\">\n\t<a href=\"https:\/\/soymigrante.com\/revista\" title=\"Home\">Home<\/a>\n<\/span><span class=\"aioseo-breadcrumb-separator\">\u00bb<\/span><span class=\"aioseo-breadcrumb\">\n\t<a href=\"https:\/\/soymigrante.com\/revista\/category\/guate-nuestra\/\" title=\"Guate Nuestra\">Guate Nuestra<\/a>\n<\/span><span class=\"aioseo-breadcrumb-separator\">\u00bb<\/span><span class=\"aioseo-breadcrumb\">\n\tDanzas de Guatemala: El Baile de la Conquista tiene historia y leyenda\n<\/span><\/div>","aioseo_breadcrumb_json":[{"label":"Home","link":"https:\/\/soymigrante.com\/revista"},{"label":"Guate Nuestra","link":"https:\/\/soymigrante.com\/revista\/category\/guate-nuestra\/"},{"label":"Danzas de Guatemala: El Baile de la Conquista tiene historia y leyenda","link":"https:\/\/soymigrante.com\/revista\/el-baile-de-la-conquista-tiene-realidades-leyendas-y-muchos-rostros\/"}],"_links":{"self":[{"href":"https:\/\/soymigrante.com\/revista\/wp-json\/wp\/v2\/posts\/7039","targetHints":{"allow":["GET"]}}],"collection":[{"href":"https:\/\/soymigrante.com\/revista\/wp-json\/wp\/v2\/posts"}],"about":[{"href":"https:\/\/soymigrante.com\/revista\/wp-json\/wp\/v2\/types\/post"}],"author":[{"embeddable":true,"href":"https:\/\/soymigrante.com\/revista\/wp-json\/wp\/v2\/users\/7"}],"replies":[{"embeddable":true,"href":"https:\/\/soymigrante.com\/revista\/wp-json\/wp\/v2\/comments?post=7039"}],"version-history":[{"count":5,"href":"https:\/\/soymigrante.com\/revista\/wp-json\/wp\/v2\/posts\/7039\/revisions"}],"predecessor-version":[{"id":44773,"href":"https:\/\/soymigrante.com\/revista\/wp-json\/wp\/v2\/posts\/7039\/revisions\/44773"}],"wp:featuredmedia":[{"embeddable":true,"href":"https:\/\/soymigrante.com\/revista\/wp-json\/wp\/v2\/media\/7054"}],"wp:attachment":[{"href":"https:\/\/soymigrante.com\/revista\/wp-json\/wp\/v2\/media?parent=7039"}],"wp:term":[{"taxonomy":"category","embeddable":true,"href":"https:\/\/soymigrante.com\/revista\/wp-json\/wp\/v2\/categories?post=7039"},{"taxonomy":"post_tag","embeddable":true,"href":"https:\/\/soymigrante.com\/revista\/wp-json\/wp\/v2\/tags?post=7039"}],"curies":[{"name":"wp","href":"https:\/\/api.w.org\/{rel}","templated":true}]}}