{"id":7028,"date":"2024-06-16T17:34:45","date_gmt":"2024-06-16T23:34:45","guid":{"rendered":"https:\/\/soymigrante.com\/revista\/?p=7028"},"modified":"2024-07-29T00:40:29","modified_gmt":"2024-07-29T06:40:29","slug":"dia-mundial-de-las-remesas-es-para-valorar-aporte-migrante-al-desarrollo","status":"publish","type":"post","link":"https:\/\/soymigrante.com\/revista\/dia-mundial-de-las-remesas-es-para-valorar-aporte-migrante-al-desarrollo\/","title":{"rendered":"D\u00eda Mundial de las Remesas es para valorar a la persona, no las cifras"},"content":{"rendered":"\t\t<div data-elementor-type=\"wp-post\" data-elementor-id=\"7028\" class=\"elementor elementor-7028\" data-elementor-post-type=\"post\">\n\t\t\t\t\t\t<section data-particle_enable=\"false\" data-particle-mobile-disabled=\"false\" class=\"elementor-section elementor-top-section elementor-element elementor-element-6c4d466 elementor-section-boxed elementor-section-height-default elementor-section-height-default\" data-id=\"6c4d466\" data-element_type=\"section\" data-e-type=\"section\">\n\t\t\t\t\t\t<div class=\"elementor-container elementor-column-gap-default\">\n\t\t\t\t\t<div class=\"elementor-column elementor-col-100 elementor-top-column elementor-element elementor-element-c25c654\" data-id=\"c25c654\" data-element_type=\"column\" data-e-type=\"column\">\n\t\t\t<div class=\"elementor-widget-wrap elementor-element-populated\">\n\t\t\t\t\t\t<div class=\"elementor-element elementor-element-5ec7226 elementor-widget elementor-widget-heading\" data-id=\"5ec7226\" data-element_type=\"widget\" data-e-type=\"widget\" data-widget_type=\"heading.default\">\n\t\t\t\t\t<h2 class=\"elementor-heading-title elementor-size-default\">Los migrantes guatemaltecos sostienen la econom\u00eda nacional al ser la principal fuente de divisas para el pa\u00eds. Este 16 de junio se conmemora el D\u00eda Internacional de las Remesas Familiares, ocasi\u00f3n para valorar el amor y trabajo por encima de las cifras.<\/h2>\t\t\t\t<\/div>\n\t\t\t\t\t<\/div>\n\t\t<\/div>\n\t\t\t\t\t<\/div>\n\t\t<\/section>\n\t\t\t\t<section data-particle_enable=\"false\" data-particle-mobile-disabled=\"false\" class=\"elementor-section elementor-top-section elementor-element elementor-element-e78ad29 elementor-section-boxed elementor-section-height-default elementor-section-height-default\" data-id=\"e78ad29\" data-element_type=\"section\" data-e-type=\"section\">\n\t\t\t\t\t\t<div class=\"elementor-container elementor-column-gap-default\">\n\t\t\t\t\t<div class=\"elementor-column elementor-col-100 elementor-top-column elementor-element elementor-element-a8b91d7\" data-id=\"a8b91d7\" data-element_type=\"column\" data-e-type=\"column\">\n\t\t\t<div class=\"elementor-widget-wrap elementor-element-populated\">\n\t\t\t\t\t\t<div class=\"elementor-element elementor-element-27fd540 elementor-widget elementor-widget-text-editor\" data-id=\"27fd540\" data-element_type=\"widget\" data-e-type=\"widget\" data-widget_type=\"text-editor.default\">\n\t\t\t\t\t\t\t\t\t<p>Cada 16 de junio se conmemora el D\u00eda Internacional de las Remesas Familiares (IDFR, por su sigla en ingl\u00e9s), fecha en la que se reconoce el duro trabajo y sacrificio de millones de migrantes que apoyan a los miembros de sus familias y comunidades de origen a trav\u00e9s del dinero que env\u00edan a sus hogares.\u00a0\u00a0<\/p><p>&#8220;Al analizar de forma combinada los efectos del env\u00edo de remesas en el crecimiento econ\u00f3mico y la reducci\u00f3n de las brechas econ\u00f3micas de pa\u00edses en v\u00edas de desarrollo, encontramos que las remesas migrantes generalmente reducen la pobreza&#8221;, <a href=\"https:\/\/www.sciencedirect.com\/science\/article\/abs\/pii\/S0305750X07001945?via%3Dihub\">afirma una investigaci\u00f3n del experto argentino Pablo Acosta.<\/a><\/p><p>&#8220;<span style=\"color: var( --e-global-color-text );\">Las remesas siguen siendo una herramienta esencial para el logro de los Objetivos de Desarrollo Sostenible. Sirven para poner un plato de comida sobre la mesa, pagar la renta, los gastos m\u00e9dicos y de educaci\u00f3n&#8221;.\u00a0<\/span><\/p><p><span style=\"color: var( --e-global-color-text );\">&#8220;Por ende, son una cuerda salvavidas esencial para quienes las reciben. Todo lo que no se gasta en las necesidades inmediatas puede invertirse en la comunidad local&#8221;, dice el comunicado de la Organizaci\u00f3n Internacional de las Migraciones, OIM.<\/span><\/p>\t\t\t\t\t\t\t\t<\/div>\n\t\t\t\t\t<\/div>\n\t\t<\/div>\n\t\t\t\t\t<\/div>\n\t\t<\/section>\n\t\t\t\t<section data-particle_enable=\"false\" data-particle-mobile-disabled=\"false\" class=\"elementor-section elementor-top-section elementor-element elementor-element-34c5646 elementor-section-boxed elementor-section-height-default elementor-section-height-default\" data-id=\"34c5646\" data-element_type=\"section\" data-e-type=\"section\">\n\t\t\t\t\t\t<div class=\"elementor-container elementor-column-gap-default\">\n\t\t\t\t\t<div class=\"elementor-column elementor-col-100 elementor-top-column elementor-element elementor-element-25cee39\" data-id=\"25cee39\" data-element_type=\"column\" data-e-type=\"column\">\n\t\t\t<div class=\"elementor-widget-wrap elementor-element-populated\">\n\t\t\t\t\t\t<div class=\"elementor-element elementor-element-1ab2cab elementor-grid-eael-col-1 elementor-grid-tablet-eael-col-2 elementor-grid-mobile-eael-col-1 elementor-widget elementor-widget-eael-post-grid\" data-id=\"1ab2cab\" data-element_type=\"widget\" data-e-type=\"widget\" data-settings=\"{&quot;eael_post_grid_columns&quot;:&quot;eael-col-1&quot;,&quot;eael_post_grid_columns_tablet&quot;:&quot;eael-col-2&quot;,&quot;eael_post_grid_columns_mobile&quot;:&quot;eael-col-1&quot;}\" data-widget_type=\"eael-post-grid.default\">\n\t\t\t\t\t<div id=\"eael-post-grid-1ab2cab\" class=\"eael-post-grid-container\">\n            <div class=\"eael-post-grid eael-post-appender eael-post-appender-1ab2cab eael-post-grid-style-one\" data-layout-mode=\"masonry\"><article class=\"eael-grid-post  eael-post-grid-column eael-pg-post-6841 category-estamos-unidos tags-remesas-migrantes\" data-id=\"6841\">\n        <div class=\"eael-grid-post-holder\">\n            <div class=\"eael-grid-post-holder-inner\"><div class=\"eael-entry-media\"><div class=\"eael-entry-overlay fade-in\"><i class=\"fas fa-long-arrow-alt-right\" aria-hidden=\"true\"><\/i><a href=\"https:\/\/soymigrante.com\/revista\/remesas-migrantes-de-enero-a-mayo-2024-superan-todo-el-2017\/\"><\/a><\/div><div class=\"eael-entry-thumbnail \">\n                <img fetchpriority=\"high\" decoding=\"async\" width=\"300\" height=\"300\" src=\"https:\/\/soymigrante.com\/revista\/wp-content\/uploads\/2024\/06\/Captura-de-pantalla-2024-06-05-170624-300x300.webp\" class=\"attachment-medium size-medium wp-image-6842\" alt=\"Dinero en billetes de d\u00f3lares y bandera de EE.UU., s\u00edmbolo de migraci\u00f3n y econom\u00eda internacional.\" srcset=\"https:\/\/soymigrante.com\/revista\/wp-content\/uploads\/2024\/06\/Captura-de-pantalla-2024-06-05-170624-300x300.webp 300w, https:\/\/soymigrante.com\/revista\/wp-content\/uploads\/2024\/06\/Captura-de-pantalla-2024-06-05-170624-150x150.webp 150w, https:\/\/soymigrante.com\/revista\/wp-content\/uploads\/2024\/06\/Captura-de-pantalla-2024-06-05-170624-75x75.webp 75w, https:\/\/soymigrante.com\/revista\/wp-content\/uploads\/2024\/06\/Captura-de-pantalla-2024-06-05-170624.webp 558w\" sizes=\"(max-width: 300px) 100vw, 300px\" \/>\n            <\/div>\n        <\/div><div class=\"eael-entry-wrapper\"><header class=\"eael-entry-header\"><h2 class=\"eael-entry-title\"><a class=\"eael-grid-post-link\" href=\"https:\/\/soymigrante.com\/revista\/remesas-migrantes-de-enero-a-mayo-2024-superan-todo-el-2017\/\" title=\"Remesas migrantes superan en 5 meses todo el 2017\">Remesas migrantes superan en 5 meses todo el 2017<\/a><\/h2><\/header><\/div><\/div>\n        <\/div>\n    <\/article><\/div>\n            <div class=\"clearfix\"><\/div>\n        <\/div>\t\t\t\t<\/div>\n\t\t\t\t\t<\/div>\n\t\t<\/div>\n\t\t\t\t\t<\/div>\n\t\t<\/section>\n\t\t\t\t<section data-particle_enable=\"false\" data-particle-mobile-disabled=\"false\" class=\"elementor-section elementor-top-section elementor-element elementor-element-ee6a248 elementor-section-boxed elementor-section-height-default elementor-section-height-default\" data-id=\"ee6a248\" data-element_type=\"section\" data-e-type=\"section\">\n\t\t\t\t\t\t<div class=\"elementor-container elementor-column-gap-default\">\n\t\t\t\t\t<div class=\"elementor-column elementor-col-100 elementor-top-column elementor-element elementor-element-2140c3d\" data-id=\"2140c3d\" data-element_type=\"column\" data-e-type=\"column\">\n\t\t\t<div class=\"elementor-widget-wrap elementor-element-populated\">\n\t\t\t\t\t\t<div class=\"elementor-element elementor-element-890dae8 elementor-widget elementor-widget-heading\" data-id=\"890dae8\" data-element_type=\"widget\" data-e-type=\"widget\" data-widget_type=\"heading.default\">\n\t\t\t\t\t<h3 class=\"elementor-heading-title elementor-size-default\">Bajar costo de remesas para valorar al migrante<\/h3>\t\t\t\t<\/div>\n\t\t\t\t\t<\/div>\n\t\t<\/div>\n\t\t\t\t\t<\/div>\n\t\t<\/section>\n\t\t\t\t<section data-particle_enable=\"false\" data-particle-mobile-disabled=\"false\" class=\"elementor-section elementor-top-section elementor-element elementor-element-b047064 elementor-section-boxed elementor-section-height-default elementor-section-height-default\" data-id=\"b047064\" data-element_type=\"section\" data-e-type=\"section\">\n\t\t\t\t\t\t<div class=\"elementor-container elementor-column-gap-default\">\n\t\t\t\t\t<div class=\"elementor-column elementor-col-100 elementor-top-column elementor-element elementor-element-65f6239\" data-id=\"65f6239\" data-element_type=\"column\" data-e-type=\"column\">\n\t\t\t<div class=\"elementor-widget-wrap elementor-element-populated\">\n\t\t\t\t\t\t<div class=\"elementor-element elementor-element-0855198 elementor-widget elementor-widget-text-editor\" data-id=\"0855198\" data-element_type=\"widget\" data-e-type=\"widget\" data-widget_type=\"text-editor.default\">\n\t\t\t\t\t\t\t\t\t<p>La OIM\u00a0 lanz\u00f3 un llamado, para sumarse al efectuado por el sistema de Naciones Unidas para elogiar &#8220;la determinaci\u00f3n y resiliencia del esp\u00edritu humano tal como queda evidenciado en las acciones de los trabajadores migrantes&#8221;.\u00a0<\/p><p>Sin embargo, como parte de esta valoraci\u00f3n, &#8220;la OIM convoca a los Estados Miembros, organizaciones internacionales y el sector privado a cooperar con la inclusi\u00f3n financiera y digital de todos los migrantes para que puedan aprovechar canales formales para el env\u00edo de remesas que sean m\u00e1s \u00e1giles, m\u00e1s econ\u00f3micos y m\u00e1s seguros de modo que tal que puedan concretar su potencial total como actores claves y financistas del desarrollo sostenible&#8221;.\u00a0<\/p><p>La propuesta de la ONU se completa con la mejora de acceso a las &#8220;remesas digitales&#8221;, es decir que vayan directamente del remitente a los beneficiarios y a sus dispositivos electr\u00f3nicos, con lo cual podr\u00eda bajar a\u00fan m\u00e1s el costo del intermediario y por lo tanto, del env\u00edo. &#8220;Pero para ello se necesita de un mayor acceso a internet sobre todo en zonas rurales&#8221;, dijo el secretario general de la ONU Antonio Guterrez.<\/p>\t\t\t\t\t\t\t\t<\/div>\n\t\t\t\t\t<\/div>\n\t\t<\/div>\n\t\t\t\t\t<\/div>\n\t\t<\/section>\n\t\t\t\t<section data-particle_enable=\"false\" data-particle-mobile-disabled=\"false\" class=\"elementor-section elementor-top-section elementor-element elementor-element-d6cfde2 elementor-section-boxed elementor-section-height-default elementor-section-height-default\" data-id=\"d6cfde2\" data-element_type=\"section\" data-e-type=\"section\">\n\t\t\t\t\t\t<div class=\"elementor-container elementor-column-gap-default\">\n\t\t\t\t\t<div class=\"elementor-column elementor-col-100 elementor-top-column elementor-element elementor-element-c727e9b\" data-id=\"c727e9b\" data-element_type=\"column\" data-e-type=\"column\">\n\t\t\t<div class=\"elementor-widget-wrap elementor-element-populated\">\n\t\t\t\t\t\t<div class=\"elementor-element elementor-element-feae378 elementor-widget elementor-widget-image\" data-id=\"feae378\" data-element_type=\"widget\" data-e-type=\"widget\" data-widget_type=\"image.default\">\n\t\t\t\t\t\t\t\t\t\t\t\t<figure class=\"wp-caption\">\n\t\t\t\t\t\t\t\t\t\t<img decoding=\"async\" width=\"768\" height=\"432\" src=\"https:\/\/soymigrante.com\/revista\/wp-content\/uploads\/2023\/12\/dolaritos-cocina-1024x576.webp\" class=\"attachment-large size-large wp-image-3664\" alt=\"Detr\u00e1s de cada dolar de cada remesa hay horas, d\u00edas, semanas, meses de trabajo tesonero y esfuerzo constante de muchos guatemaltecos.\" srcset=\"https:\/\/soymigrante.com\/revista\/wp-content\/uploads\/2023\/12\/dolaritos-cocina-1024x576.webp 1024w, https:\/\/soymigrante.com\/revista\/wp-content\/uploads\/2023\/12\/dolaritos-cocina-300x169.webp 300w, https:\/\/soymigrante.com\/revista\/wp-content\/uploads\/2023\/12\/dolaritos-cocina-768x432.webp 768w, https:\/\/soymigrante.com\/revista\/wp-content\/uploads\/2023\/12\/dolaritos-cocina-750x422.webp 750w, https:\/\/soymigrante.com\/revista\/wp-content\/uploads\/2023\/12\/dolaritos-cocina-1140x641.webp 1140w, https:\/\/soymigrante.com\/revista\/wp-content\/uploads\/2023\/12\/dolaritos-cocina.webp 1280w\" sizes=\"(max-width: 768px) 100vw, 768px\" title=\"Detr\u00e1s de cada dolar de cada remesa hay horas, d\u00edas, semanas, meses de trabajo tesonero y esfuerzo constante de muchos guatemaltecos. \u2013 SoyMigrante.com REVISTA\" \/>\t\t\t\t\t\t\t\t\t\t\t<figcaption class=\"widget-image-caption wp-caption-text\">Detr\u00e1s de cada dolar de cada remesa hay horas, d\u00edas, semanas, meses de trabajo tesonero y esfuerzo constante de muchos guatemaltecos.<\/figcaption>\n\t\t\t\t\t\t\t\t\t\t<\/figure>\n\t\t\t\t\t\t\t\t\t<\/div>\n\t\t\t\t\t<\/div>\n\t\t<\/div>\n\t\t\t\t\t<\/div>\n\t\t<\/section>\n\t\t\t\t<section data-particle_enable=\"false\" data-particle-mobile-disabled=\"false\" class=\"elementor-section elementor-top-section elementor-element elementor-element-262127d elementor-section-boxed elementor-section-height-default elementor-section-height-default\" data-id=\"262127d\" data-element_type=\"section\" data-e-type=\"section\">\n\t\t\t\t\t\t<div class=\"elementor-container elementor-column-gap-default\">\n\t\t\t\t\t<div class=\"elementor-column elementor-col-100 elementor-top-column elementor-element elementor-element-81b974d\" data-id=\"81b974d\" data-element_type=\"column\" data-e-type=\"column\">\n\t\t\t<div class=\"elementor-widget-wrap elementor-element-populated\">\n\t\t\t\t\t\t<div class=\"elementor-element elementor-element-99e24e9 elementor-widget elementor-widget-heading\" data-id=\"99e24e9\" data-element_type=\"widget\" data-e-type=\"widget\" data-widget_type=\"heading.default\">\n\t\t\t\t\t<h3 class=\"elementor-heading-title elementor-size-default\">Gobierno reconoce aporte migrante; ciudadanos guatemaltecos piden mejoras consulares<\/h3>\t\t\t\t<\/div>\n\t\t\t\t\t<\/div>\n\t\t<\/div>\n\t\t\t\t\t<\/div>\n\t\t<\/section>\n\t\t\t\t<section data-particle_enable=\"false\" data-particle-mobile-disabled=\"false\" class=\"elementor-section elementor-top-section elementor-element elementor-element-638601d elementor-section-boxed elementor-section-height-default elementor-section-height-default\" data-id=\"638601d\" data-element_type=\"section\" data-e-type=\"section\">\n\t\t\t\t\t\t<div class=\"elementor-container elementor-column-gap-default\">\n\t\t\t\t\t<div class=\"elementor-column elementor-col-100 elementor-top-column elementor-element elementor-element-7eec9c9\" data-id=\"7eec9c9\" data-element_type=\"column\" data-e-type=\"column\">\n\t\t\t<div class=\"elementor-widget-wrap elementor-element-populated\">\n\t\t\t\t\t\t<div class=\"elementor-element elementor-element-9d4d228 elementor-widget elementor-widget-text-editor\" data-id=\"9d4d228\" data-element_type=\"widget\" data-e-type=\"widget\" data-widget_type=\"text-editor.default\">\n\t\t\t\t\t\t\t\t\t<p><span style=\"color: var( --e-global-color-text );\">&#8220;En la conmemoraci\u00f3n del D\u00eda Internacional de las Remesas Familiares, reconocemos el papel crucial que los migrantes y sus remesas tienen en el desarrollo de sus comunidades y en la consecuci\u00f3n de metas nacionales. \u00a1Gracias por su valiosa contribuci\u00f3n al pa\u00eds!&#8221;, dice el tuit publicado por el Ministerio de Relaciones Exteriores, en la red Facebook.&nbsp;<\/span><\/p>\n<p><span style=\"color: var( --e-global-color-text );\">Sin embargo un usuario, quien firma con el nombre Mickey Angelo Sandoval responde se\u00f1alando &#8220;la mala atenci\u00f3n en consulados, atenci\u00f3n colapsada a los usuarios y sin entregar documentos a tiempo&#8221;.&nbsp;<\/span><\/p>\n<p><span style=\"color: var( --e-global-color-text );\">Algo similar manifiesta una persona migrante guatemalteca en EE:UU. quien se\u00f1ala mala atenci\u00f3n recibida en un Consulado. &#8220;Tratan de manera muy pesada a los migrantes, como si fuera un favor que nos hicieran. Adem\u00e1s, los empleados tienen aire acondicionado, pero en la sala de espera los ciudadanos guatemaltecos deben soportar el calor y la espera&#8221;.&nbsp;<\/span><\/p>\n<p><span style=\"color: var( --e-global-color-text );\">&#8220;No nos podemos quejar con nadie porque tenemos temor a represalias o a m\u00e1s atraso en nuestros documentos. A mis familiares,, que me esperaban en un pasillo,, el propio c\u00f3nsul les dijo que se quitaran de all\u00ed porque daban mal aspecto. Ojal\u00e1 el Ministro de Relaciones Exteriores encuentra alguna forma de supervisar la calidad del servicio, porque nosotros los migrantes sostenemos a Guatemala con nuestras remesas&#8221;.<\/span><\/p>\n<p>&nbsp;<\/p>\t\t\t\t\t\t\t\t<\/div>\n\t\t\t\t\t<\/div>\n\t\t<\/div>\n\t\t\t\t\t<\/div>\n\t\t<\/section>\n\t\t\t\t<section data-particle_enable=\"false\" data-particle-mobile-disabled=\"false\" class=\"elementor-section elementor-top-section elementor-element elementor-element-42e6e22 elementor-section-boxed elementor-section-height-default elementor-section-height-default\" data-id=\"42e6e22\" data-element_type=\"section\" data-e-type=\"section\">\n\t\t\t\t\t\t<div class=\"elementor-container elementor-column-gap-default\">\n\t\t\t\t\t<div class=\"elementor-column elementor-col-100 elementor-top-column elementor-element elementor-element-70345b6\" data-id=\"70345b6\" data-element_type=\"column\" data-e-type=\"column\">\n\t\t\t<div class=\"elementor-widget-wrap elementor-element-populated\">\n\t\t\t\t\t\t<div class=\"elementor-element elementor-element-5df6639 elementor-widget elementor-widget-image\" data-id=\"5df6639\" data-element_type=\"widget\" data-e-type=\"widget\" data-widget_type=\"image.default\">\n\t\t\t\t\t\t\t\t\t\t\t\t<figure class=\"wp-caption\">\n\t\t\t\t\t\t\t\t\t\t<img decoding=\"async\" width=\"720\" height=\"720\" src=\"https:\/\/soymigrante.com\/revista\/wp-content\/uploads\/2024\/06\/Presentacion1.webp\" class=\"attachment-large size-large wp-image-7029\" alt=\"Dinero en d\u00f3lares estadounidense, inmigrantes y econom\u00eda, retrato de un chef cocinando en un restaurante, cultura gastron\u00f3mica y trabajo en la cocina, informaci\u00f3n visual sobre finanzas y migrante en la industria alimentaria.\" srcset=\"https:\/\/soymigrante.com\/revista\/wp-content\/uploads\/2024\/06\/Presentacion1.webp 720w, https:\/\/soymigrante.com\/revista\/wp-content\/uploads\/2024\/06\/Presentacion1-300x300.webp 300w, https:\/\/soymigrante.com\/revista\/wp-content\/uploads\/2024\/06\/Presentacion1-150x150.webp 150w, https:\/\/soymigrante.com\/revista\/wp-content\/uploads\/2024\/06\/Presentacion1-75x75.webp 75w\" sizes=\"(max-width: 720px) 100vw, 720px\" title=\"Dia de las Remesas Familiares 2024:  Un gran esfuerzo, d\u00edas de trabajo y privaciones est\u00e1n detr\u00e1s de cada remesa enviada por un migrante a su familia en Guatemala \u2013 SoyMigrante.com REVISTA\" \/>\t\t\t\t\t\t\t\t\t\t\t<figcaption class=\"widget-image-caption wp-caption-text\">Dia de las Remesas Familiares 2024:  Un gran esfuerzo, d\u00edas de trabajo y privaciones est\u00e1n detr\u00e1s de cada remesa enviada por un migrante a su familia en Guatemala<\/figcaption>\n\t\t\t\t\t\t\t\t\t\t<\/figure>\n\t\t\t\t\t\t\t\t\t<\/div>\n\t\t\t\t\t<\/div>\n\t\t<\/div>\n\t\t\t\t\t<\/div>\n\t\t<\/section>\n\t\t\t\t<section data-particle_enable=\"false\" data-particle-mobile-disabled=\"false\" class=\"elementor-section elementor-top-section elementor-element elementor-element-abc2591 elementor-section-boxed elementor-section-height-default elementor-section-height-default\" data-id=\"abc2591\" data-element_type=\"section\" data-e-type=\"section\">\n\t\t\t\t\t\t<div class=\"elementor-container elementor-column-gap-default\">\n\t\t\t\t\t<div class=\"elementor-column elementor-col-100 elementor-top-column elementor-element elementor-element-46f10c1\" data-id=\"46f10c1\" data-element_type=\"column\" data-e-type=\"column\">\n\t\t\t<div class=\"elementor-widget-wrap elementor-element-populated\">\n\t\t\t\t\t\t<div class=\"elementor-element elementor-element-81b4c29 elementor-widget elementor-widget-text-editor\" data-id=\"81b4c29\" data-element_type=\"widget\" data-e-type=\"widget\" data-widget_type=\"text-editor.default\">\n\t\t\t\t\t\t\t\t\t<p><span style=\"color: var( --e-global-color-text );\">En marzo de 2024, durante su visita a la comunidad migrante, el presidente Bernardo Ar\u00e9valo se comprometi\u00f3 a la mejora de la atenci\u00f3n en los consulados guatemaltecos en Estados Unidos, precisamente por su aporte a la econom\u00eda del pa\u00eds. &#8220;Vamos a ampliar el presupuesto de la seccion consular del Minex para emprezar a resolver de manera muy concreta los problemas de atenci\u00f3n en todo Estados Unidos&#8221;, dijo Ar\u00e9valo, quien reiter\u00f3 el ofrecimiento en una visita al Consulado de Nueva York, el 3 de junio.<\/span><\/p><p><span style=\"color: var( --e-global-color-text );\">Los migrantes guatemaltecos podr\u00edan superar los US$20 mil millones en remesas en 2024, seg\u00fan c\u00e1lculos del Ministerio de Finanzas. Ello equivale a m\u00e1s de Q150 mil millones: m\u00e1s que todo el presupuesto de gastos de la Rep\u00fablica para 2024, que actualmente es de Q107 mil millones.\u00a0<\/span><\/p>\t\t\t\t\t\t\t\t<\/div>\n\t\t\t\t\t<\/div>\n\t\t<\/div>\n\t\t\t\t\t<\/div>\n\t\t<\/section>\n\t\t\t\t<section data-particle_enable=\"false\" data-particle-mobile-disabled=\"false\" class=\"elementor-section elementor-top-section elementor-element elementor-element-d9c3ee2 elementor-section-boxed elementor-section-height-default elementor-section-height-default\" data-id=\"d9c3ee2\" data-element_type=\"section\" data-e-type=\"section\">\n\t\t\t\t\t\t<div class=\"elementor-container elementor-column-gap-default\">\n\t\t\t\t\t<div class=\"elementor-column elementor-col-100 elementor-top-column elementor-element elementor-element-1d5150f\" data-id=\"1d5150f\" data-element_type=\"column\" data-e-type=\"column\">\n\t\t\t<div class=\"elementor-widget-wrap elementor-element-populated\">\n\t\t\t\t\t\t<div class=\"elementor-element elementor-element-09a8a84 elementor-widget elementor-widget-facebook-embed\" data-id=\"09a8a84\" data-element_type=\"widget\" data-e-type=\"widget\" data-widget_type=\"facebook-embed.default\">\n\t\t\t\t\t<div style=\"min-height: 1px\" class=\"elementor-facebook-widget fb-post\" data-href=\"https:\/\/www.facebook.com\/permalink.php?story_fbid=pfbid02d9SiHDwgX4qzdntcq8uWygFSfF7LH2o24zzuVwBnkUAP7ZxCejGzA8dDDqyTFfvVl&#038;id=61553598970434\" data-show-text=\"false\"><\/div>\t\t\t\t<\/div>\n\t\t\t\t\t<\/div>\n\t\t<\/div>\n\t\t\t\t\t<\/div>\n\t\t<\/section>\n\t\t\t\t<section data-particle_enable=\"false\" data-particle-mobile-disabled=\"false\" class=\"elementor-section elementor-top-section elementor-element elementor-element-1256af8 elementor-section-boxed elementor-section-height-default elementor-section-height-default\" data-id=\"1256af8\" data-element_type=\"section\" data-e-type=\"section\">\n\t\t\t\t\t\t<div class=\"elementor-container elementor-column-gap-default\">\n\t\t\t\t\t<div class=\"elementor-column elementor-col-100 elementor-top-column elementor-element elementor-element-93067cc\" data-id=\"93067cc\" data-element_type=\"column\" data-e-type=\"column\">\n\t\t\t<div class=\"elementor-widget-wrap elementor-element-populated\">\n\t\t\t\t\t\t<div class=\"elementor-element elementor-element-345c9f3 elementor-widget elementor-widget-heading\" data-id=\"345c9f3\" data-element_type=\"widget\" data-e-type=\"widget\" data-widget_type=\"heading.default\">\n\t\t\t\t\t<h2 class=\"elementor-heading-title elementor-size-default\">Tambi\u00e9n te podr\u00eda interesar<\/h2>\t\t\t\t<\/div>\n\t\t\t\t\t<\/div>\n\t\t<\/div>\n\t\t\t\t\t<\/div>\n\t\t<\/section>\n\t\t\t\t<section data-particle_enable=\"false\" data-particle-mobile-disabled=\"false\" class=\"elementor-section elementor-top-section elementor-element elementor-element-de16eec elementor-section-boxed elementor-section-height-default elementor-section-height-default\" data-id=\"de16eec\" data-element_type=\"section\" data-e-type=\"section\">\n\t\t\t\t\t\t<div class=\"elementor-container elementor-column-gap-default\">\n\t\t\t\t\t<div class=\"elementor-column elementor-col-100 elementor-top-column elementor-element elementor-element-fb7ec3a\" data-id=\"fb7ec3a\" data-element_type=\"column\" data-e-type=\"column\">\n\t\t\t<div class=\"elementor-widget-wrap elementor-element-populated\">\n\t\t\t\t\t\t<div class=\"elementor-element elementor-element-396216c elementor-widget elementor-widget-blfe-post-grid\" data-id=\"396216c\" data-element_type=\"widget\" data-e-type=\"widget\" data-settings=\"{&quot;columns&quot;:&quot;3&quot;,&quot;columns_tablet&quot;:&quot;6&quot;,&quot;columns_mobile&quot;:&quot;12&quot;,&quot;hero1_layout_column_gap&quot;:{&quot;unit&quot;:&quot;px&quot;,&quot;size&quot;:30,&quot;sizes&quot;:[]},&quot;hero1_layout_column_gap_tablet&quot;:{&quot;unit&quot;:&quot;px&quot;,&quot;size&quot;:&quot;&quot;,&quot;sizes&quot;:[]},&quot;hero1_layout_column_gap_mobile&quot;:{&quot;unit&quot;:&quot;px&quot;,&quot;size&quot;:&quot;&quot;,&quot;sizes&quot;:[]},&quot;hero1_layout_row_gap&quot;:{&quot;unit&quot;:&quot;px&quot;,&quot;size&quot;:30,&quot;sizes&quot;:[]},&quot;hero1_layout_row_gap_tablet&quot;:{&quot;unit&quot;:&quot;px&quot;,&quot;size&quot;:&quot;&quot;,&quot;sizes&quot;:[]},&quot;hero1_layout_row_gap_mobile&quot;:{&quot;unit&quot;:&quot;px&quot;,&quot;size&quot;:&quot;&quot;,&quot;sizes&quot;:[]}}\" data-widget_type=\"blfe-post-grid.hero1\">\n\t\t\t\t<div class=\"elementor-widget-container\">\n\t\t\t\t\t\n                        <div class=\"blfe-post-grid-container \">\n            \n                <div data-skin=\"hero1\" class=\"blfe-row blfe-posts-inner blfe-hero1 blfe-posts-inner blfe-col-3 blfe-col-tab-6 blfe-col-mob-12     \">\n                            <div class=\"blfe-post-grid-item\">\n            <div class=\"blfe-post-grid-item-inner blfe-modern-zoom\">\n                        <div class=\"blfe-post-grid-bg-image\">\n            <a class=\"blfe-post-grid-image-inner\" href=\"https:\/\/soymigrante.com\/revista\/semana-del-guatemalteco-l-a-los-5-homenajeados-del-2024\/\" title=\"Los 5 homenajeados en la Semana del Guatemalteco de Los Angeles\" rel=\"nofollow\" target=\"_blank\"><img decoding=\"async\" src=\"https:\/\/soymigrante.com\/revista\/wp-content\/uploads\/2024\/08\/quetzalino.webp\" alt=\"Los 5 homenajeados en la Semana del Guatemalteco de Los Angeles\"\/><\/a>        <\/div>\n                        <div class=\"blfe-post-grid-details\">\n                    <div class=\"blfe-post-grid-details-inner\">\n                        <span class=\"blfe-post-category\"><a href=\"https:\/\/soymigrante.com\/revista\/category\/estamos-unidos\/\">Estamos Unidos<\/a><\/span>                        <h3 class=\"blfe-post-grid-title\">\n            <a href=\"https:\/\/soymigrante.com\/revista\/semana-del-guatemalteco-l-a-los-5-homenajeados-del-2024\/\" title=\"Los 5 homenajeados en la Semana del Guatemalteco de Los Angeles\" rel=\"nofollow\" target=\"_blank\">Los 5 homenajeados en la Semana del Guatemalteco de Los Angeles<\/a>\n            <\/h3>                                                            <div class=\"blfe-post-grid-meta\">\n                <span class=\"blfe-post-grid-author\"><i class=\"fa fa-user far fa-user\"><\/i>by <a href=\"https:\/\/soymigrante.com\/revista\/author\/beatriz-tercero\/\">Beatriz Tercero<\/a><\/span>                    <div class=\"blfe-post-meta-dot\"><\/div>\n                    <span class=\"blfe-post-grid-date\"><i class=\"fa fa-calendar-alt far fa-calendar-alt\"><\/i>28\/08\/2024<\/span>                    <div class=\"blfe-post-meta-dot\"><\/div>\n                                <\/div>\n                                                        <\/div>\n                <\/div>\n\n            <\/div>\n        <\/div>\n                <div class=\"blfe-post-grid-item\">\n            <div class=\"blfe-post-grid-item-inner blfe-modern-zoom\">\n                        <div class=\"blfe-post-grid-bg-image\">\n            <a class=\"blfe-post-grid-image-inner\" href=\"https:\/\/soymigrante.com\/revista\/historico-la-ciudad-de-los-angeles-proclama-la-semana-del-guatemalteco\/\" title=\"Hist\u00f3rico:  La ciudad de Los Angeles proclama la Semana del Guatemalteco\" rel=\"nofollow\" target=\"_blank\"><img decoding=\"async\" src=\"https:\/\/soymigrante.com\/revista\/wp-content\/uploads\/2024\/08\/WhatsApp-Image-2024-08-27-at-124901-PM-copia.webp\" alt=\"Hist\u00f3rico:  La ciudad de Los Angeles proclama la Semana del Guatemalteco\"\/><\/a>        <\/div>\n                        <div class=\"blfe-post-grid-details\">\n                    <div class=\"blfe-post-grid-details-inner\">\n                        <span class=\"blfe-post-category\"><a href=\"https:\/\/soymigrante.com\/revista\/category\/estamos-unidos\/\">Estamos Unidos<\/a><\/span>                        <h3 class=\"blfe-post-grid-title\">\n            <a href=\"https:\/\/soymigrante.com\/revista\/historico-la-ciudad-de-los-angeles-proclama-la-semana-del-guatemalteco\/\" title=\"Hist\u00f3rico:  La ciudad de Los Angeles proclama la Semana del Guatemalteco\" rel=\"nofollow\" target=\"_blank\">Hist\u00f3rico:  La ciudad de Los Angeles proclama la Semana del Guatemalteco<\/a>\n            <\/h3>                                                            <div class=\"blfe-post-grid-meta\">\n                <span class=\"blfe-post-grid-author\"><i class=\"fa fa-user far fa-user\"><\/i>by <a href=\"https:\/\/soymigrante.com\/revista\/author\/beatriz-tercero\/\">Beatriz Tercero<\/a><\/span>                    <div class=\"blfe-post-meta-dot\"><\/div>\n                    <span class=\"blfe-post-grid-date\"><i class=\"fa fa-calendar-alt far fa-calendar-alt\"><\/i>27\/08\/2024<\/span>                    <div class=\"blfe-post-meta-dot\"><\/div>\n                                <\/div>\n                                                        <\/div>\n                <\/div>\n\n            <\/div>\n        <\/div>\n                <div class=\"blfe-post-grid-item\">\n            <div class=\"blfe-post-grid-item-inner blfe-modern-zoom\">\n                        <div class=\"blfe-post-grid-bg-image\">\n            <a class=\"blfe-post-grid-image-inner\" href=\"https:\/\/soymigrante.com\/revista\/invitados-al-festival-guatemala-2024-en-rhode-island\/\" title=\"Invitados  al Festival Guatemala 2024 en Rhode Island\" rel=\"nofollow\" target=\"_blank\"><img decoding=\"async\" src=\"https:\/\/soymigrante.com\/revista\/wp-content\/uploads\/2024\/09\/festival-guatemala-rhode.webp\" alt=\"Invitados  al Festival Guatemala 2024 en Rhode Island\"\/><\/a>        <\/div>\n                        <div class=\"blfe-post-grid-details\">\n                    <div class=\"blfe-post-grid-details-inner\">\n                        <span class=\"blfe-post-category\"><a href=\"https:\/\/soymigrante.com\/revista\/category\/estamos-unidos\/\">Estamos Unidos<\/a><\/span>                        <h3 class=\"blfe-post-grid-title\">\n            <a href=\"https:\/\/soymigrante.com\/revista\/invitados-al-festival-guatemala-2024-en-rhode-island\/\" title=\"Invitados  al Festival Guatemala 2024 en Rhode Island\" rel=\"nofollow\" target=\"_blank\">Invitados  al Festival Guatemala 2024 en Rhode Island<\/a>\n            <\/h3>                                                            <div class=\"blfe-post-grid-meta\">\n                <span class=\"blfe-post-grid-author\"><i class=\"fa fa-user far fa-user\"><\/i>by <a href=\"https:\/\/soymigrante.com\/revista\/author\/beatriz-tercero\/\">Beatriz Tercero<\/a><\/span>                    <div class=\"blfe-post-meta-dot\"><\/div>\n                    <span class=\"blfe-post-grid-date\"><i class=\"fa fa-calendar-alt far fa-calendar-alt\"><\/i>02\/09\/2024<\/span>                    <div class=\"blfe-post-meta-dot\"><\/div>\n                                <\/div>\n                                                        <\/div>\n                <\/div>\n\n            <\/div>\n        <\/div>\n                        <\/div>\n\n                        <\/div>\n            \n                        <div class=\"blfe-post-footer\">\n                        <\/div>\n            \t\t\t\t<\/div>\n\t\t\t\t<\/div>\n\t\t\t\t\t<\/div>\n\t\t<\/div>\n\t\t\t\t\t<\/div>\n\t\t<\/section>\n\t\t\t\t<\/div>\n\t\t","protected":false},"excerpt":{"rendered":"<p>Los migrantes guatemaltecos sostienen la econom\u00eda nacional al ser la principal fuente de divisas para el pa\u00eds. Este 16 de junio se conmemora el D\u00eda Internacional de las Remesas Familiares, ocasi\u00f3n para valorar el amor y trabajo por encima de las cifras. Cada 16 de junio se conmemora el D\u00eda Internacional de las Remesas Familiares [&hellip;]<\/p>\n","protected":false},"author":7,"featured_media":7030,"comment_status":"open","ping_status":"open","sticky":false,"template":"","format":"standard","meta":{"_acf_changed":true,"_eb_attr":"","footnotes":""},"categories":[54],"tags":[],"class_list":["post-7028","post","type-post","status-publish","format-standard","has-post-thumbnail","hentry","category-estamos-unidos"],"acf":[],"aioseo_notices":[],"aioseo_head":"\n\t\t<!-- All in One SEO Pro 4.9.6.2 - aioseo.com -->\n\t<meta name=\"description\" content=\"El pr\u00f3ximo 8 de septiembre la comunidad guatemalteca del Centro Guatemalteco en New England en Providence, Rhode Island, te espera con los brazos abiertos.\" \/>\n\t<meta name=\"robots\" content=\"max-snippet:-1, max-image-preview:large, max-video-preview:-1\" \/>\n\t<meta name=\"author\" content=\"Beatriz Tercero\"\/>\n\t<link rel=\"canonical\" href=\"https:\/\/soymigrante.com\/revista\/invitados-al-festival-guatemala-2024-en-rhode-island\/\" \/>\n\t<meta name=\"generator\" content=\"All in One SEO Pro (AIOSEO) 4.9.6.2\" \/>\n\n\t\t<link rel=\"preconnect\" href=\"https:\/\/fonts.googleapis.com\" crossorigin>\n<link rel=\"preconnect\" href=\"https:\/\/fonts.gstatic.com\" crossorigin>\n\t\t<meta property=\"og:locale\" content=\"es_ES\" \/>\n\t\t<meta property=\"og:site_name\" content=\"SoyMigrante.com REVISTA \u2013 Nuestra misi\u00f3n es reconocer y dignificar al migrante.\" \/>\n\t\t<meta property=\"og:type\" content=\"article\" \/>\n\t\t<meta property=\"og:title\" content=\"El Festival Guatemala de independencia en Rhode Island\" \/>\n\t\t<meta property=\"og:description\" content=\"El pr\u00f3ximo 8 de septiembre la comunidad guatemalteca del Centro Guatemalteco en New England en Providence, Rhode Island, te espera con los brazos abiertos.\" \/>\n\t\t<meta property=\"og:url\" content=\"https:\/\/soymigrante.com\/revista\/invitados-al-festival-guatemala-2024-en-rhode-island\/\" \/>\n\t\t<meta property=\"og:image\" content=\"https:\/\/soymigrante.com\/revista\/wp-content\/uploads\/2024\/09\/festival-guatemala-rhode.webp\" \/>\n\t\t<meta property=\"og:image:secure_url\" content=\"https:\/\/soymigrante.com\/revista\/wp-content\/uploads\/2024\/09\/festival-guatemala-rhode.webp\" \/>\n\t\t<meta property=\"og:image:width\" content=\"748\" \/>\n\t\t<meta property=\"og:image:height\" content=\"748\" \/>\n\t\t<meta property=\"article:published_time\" content=\"2024-09-02T18:43:25+00:00\" \/>\n\t\t<meta property=\"article:modified_time\" content=\"2024-11-01T19:45:21+00:00\" \/>\n\t\t<meta property=\"article:publisher\" content=\"https:\/\/www.facebook.com\/soymigrantecom\" \/>\n\t\t<meta name=\"twitter:card\" content=\"summary_large_image\" \/>\n\t\t<meta name=\"twitter:site\" content=\"@SoyMigrante_com\" \/>\n\t\t<meta name=\"twitter:title\" content=\"El Festival Guatemala de independencia en Rhode Island\" \/>\n\t\t<meta name=\"twitter:description\" content=\"El pr\u00f3ximo 8 de septiembre la comunidad guatemalteca del Centro Guatemalteco en New England en Providence, Rhode Island, te espera con los brazos abiertos.\" \/>\n\t\t<meta name=\"twitter:creator\" content=\"@SoyMigrante_com\" \/>\n\t\t<meta name=\"twitter:image\" content=\"https:\/\/soymigrante.com\/revista\/wp-content\/uploads\/2024\/09\/festival-guatemala-rhode.webp\" \/>\n\t\t<!-- All in One SEO Pro -->\r\n\t\t<title>El Festival Guatemala de independencia en Rhode Island<\/title>\n\n","aioseo_head_json":{"title":"El Festival Guatemala de independencia en Rhode Island","description":"El pr\u00f3ximo 8 de septiembre la comunidad guatemalteca del Centro Guatemalteco en New England en Providence, Rhode Island, te espera con los brazos abiertos.","canonical_url":"https:\/\/soymigrante.com\/revista\/invitados-al-festival-guatemala-2024-en-rhode-island\/","robots":"max-snippet:-1, max-image-preview:large, max-video-preview:-1","keywords":"","webmasterTools":{"miscellaneous":"&lt;link rel=\"preconnect\" href=\"https:\/\/fonts.googleapis.com\" crossorigin&gt;\n&lt;link rel=\"preconnect\" href=\"https:\/\/fonts.gstatic.com\" crossorigin&gt;"},"schema":null,"og:locale":"es_ES","og:site_name":"SoyMigrante.com REVISTA \u2013 Nuestra misi\u00f3n es reconocer y dignificar al migrante.","og:type":"article","og:title":"El Festival Guatemala de independencia en Rhode Island","og:description":"El pr\u00f3ximo 8 de septiembre la comunidad guatemalteca del Centro Guatemalteco en New England en Providence, Rhode Island, te espera con los brazos abiertos.","og:url":"https:\/\/soymigrante.com\/revista\/invitados-al-festival-guatemala-2024-en-rhode-island\/","og:image":"https:\/\/soymigrante.com\/revista\/wp-content\/uploads\/2024\/09\/festival-guatemala-rhode.webp","og:image:secure_url":"https:\/\/soymigrante.com\/revista\/wp-content\/uploads\/2024\/09\/festival-guatemala-rhode.webp","og:image:width":748,"og:image:height":748,"article:published_time":"2024-09-02T18:43:25+00:00","article:modified_time":"2024-11-01T19:45:21+00:00","article:publisher":"https:\/\/www.facebook.com\/soymigrantecom","twitter:card":"summary_large_image","twitter:site":"@SoyMigrante_com","twitter:title":"El Festival Guatemala de independencia en Rhode Island","twitter:description":"El pr\u00f3ximo 8 de septiembre la comunidad guatemalteca del Centro Guatemalteco en New England en Providence, Rhode Island, te espera con los brazos abiertos.","twitter:creator":"@SoyMigrante_com","twitter:image":"https:\/\/soymigrante.com\/revista\/wp-content\/uploads\/2024\/09\/festival-guatemala-rhode.webp"},"aioseo_meta_data":{"post_id":"7028","title":null,"description":"El 16 de Junio es el D\u00eda Internacional de las Remesas, ocasi\u00f3n para conmemorar no tanto el dinero o las cifras en crecimiento sino el esfuerzo de las personas","keywords":null,"keyphrases":{"focus":{"keyphrase":"Remesas migrantes","score":46,"analysis":{"keyphraseInTitle":{"score":3,"maxScore":9,"error":1},"keyphraseInDescription":{"score":3,"maxScore":9,"error":1},"keyphraseLength":{"score":9,"maxScore":9,"error":0,"length":2},"keyphraseInURL":{"score":1,"maxScore":5,"error":1},"keyphraseInIntroduction":{"score":3,"maxScore":9,"error":1},"keyphraseInSubHeadings":{"score":3,"maxScore":9,"error":1},"keyphraseInImageAlt":{"score":9,"maxScore":9,"error":0},"keywordDensity":{"score":0,"type":"low","maxScore":9,"error":1}}},"additional":[{"keyphrase":"Guatemaltecos","score":73,"analysis":{"keyphraseInDescription":{"score":3,"maxScore":9,"error":1},"keyphraseLength":{"score":9,"maxScore":9,"error":0,"length":1},"keyphraseInIntroduction":{"score":3,"maxScore":9,"error":1},"keyphraseInImageAlt":{"score":9,"maxScore":9,"error":0},"keywordDensity":{"type":"best","score":9,"maxScore":9,"error":0}}}]},"primary_term":null,"canonical_url":null,"og_title":null,"og_description":null,"og_object_type":"default","og_image_type":"default","og_image_url":null,"og_image_width":null,"og_image_height":null,"og_image_custom_url":null,"og_image_custom_fields":null,"og_video":"","og_custom_url":null,"og_article_section":null,"og_article_tags":null,"twitter_use_og":false,"twitter_card":"default","twitter_image_type":"default","twitter_image_url":null,"twitter_image_custom_url":null,"twitter_image_custom_fields":null,"twitter_title":null,"twitter_description":null,"schema":{"blockGraphs":[],"customGraphs":[],"default":{"data":{"Article":[],"Course":[],"Dataset":[],"FAQPage":[],"Movie":[],"Person":[],"Product":[],"ProductReview":[],"Car":[],"Recipe":[],"Service":[],"SoftwareApplication":[],"WebPage":[]},"graphName":"Article","isEnabled":true},"graphs":[]},"schema_type":"default","schema_type_options":null,"pillar_content":false,"robots_default":true,"robots_noindex":false,"robots_noarchive":false,"robots_nosnippet":false,"robots_nofollow":false,"robots_noimageindex":false,"robots_noodp":false,"robots_notranslate":false,"robots_max_snippet":"-1","robots_max_videopreview":"-1","robots_max_imagepreview":"large","priority":null,"frequency":"default","local_seo":null,"seo_analyzer_scan_date":"2025-10-08 22:06:31","breadcrumb_settings":null,"limit_modified_date":false,"reviewed_by":null,"open_ai":"{\"title\":{\"suggestions\":[],\"usage\":0},\"description\":{\"suggestions\":[],\"usage\":0}}","ai":null,"created":"2024-06-16 22:19:47","updated":"2026-02-04 12:00:22"},"aioseo_breadcrumb":"<div class=\"aioseo-breadcrumbs\"><span class=\"aioseo-breadcrumb\">\n\t<a href=\"https:\/\/soymigrante.com\/revista\" title=\"Home\">Home<\/a>\n<\/span><span class=\"aioseo-breadcrumb-separator\">\u00bb<\/span><span class=\"aioseo-breadcrumb\">\n\t<a href=\"https:\/\/soymigrante.com\/revista\/category\/estamos-unidos\/\" title=\"Estamos Unidos\">Estamos Unidos<\/a>\n<\/span><span class=\"aioseo-breadcrumb-separator\">\u00bb<\/span><span class=\"aioseo-breadcrumb\">\n\tD\u00eda Mundial de las Remesas es para valorar a la persona, no las cifras\n<\/span><\/div>","aioseo_breadcrumb_json":[{"label":"Home","link":"https:\/\/soymigrante.com\/revista"},{"label":"Estamos Unidos","link":"https:\/\/soymigrante.com\/revista\/category\/estamos-unidos\/"},{"label":"D\u00eda Mundial de las Remesas es para valorar a la persona, no las cifras","link":"https:\/\/soymigrante.com\/revista\/dia-mundial-de-las-remesas-es-para-valorar-aporte-migrante-al-desarrollo\/"}],"_links":{"self":[{"href":"https:\/\/soymigrante.com\/revista\/wp-json\/wp\/v2\/posts\/7028","targetHints":{"allow":["GET"]}}],"collection":[{"href":"https:\/\/soymigrante.com\/revista\/wp-json\/wp\/v2\/posts"}],"about":[{"href":"https:\/\/soymigrante.com\/revista\/wp-json\/wp\/v2\/types\/post"}],"author":[{"embeddable":true,"href":"https:\/\/soymigrante.com\/revista\/wp-json\/wp\/v2\/users\/7"}],"replies":[{"embeddable":true,"href":"https:\/\/soymigrante.com\/revista\/wp-json\/wp\/v2\/comments?post=7028"}],"version-history":[{"count":0,"href":"https:\/\/soymigrante.com\/revista\/wp-json\/wp\/v2\/posts\/7028\/revisions"}],"wp:featuredmedia":[{"embeddable":true,"href":"https:\/\/soymigrante.com\/revista\/wp-json\/wp\/v2\/media\/7030"}],"wp:attachment":[{"href":"https:\/\/soymigrante.com\/revista\/wp-json\/wp\/v2\/media?parent=7028"}],"wp:term":[{"taxonomy":"category","embeddable":true,"href":"https:\/\/soymigrante.com\/revista\/wp-json\/wp\/v2\/categories?post=7028"},{"taxonomy":"post_tag","embeddable":true,"href":"https:\/\/soymigrante.com\/revista\/wp-json\/wp\/v2\/tags?post=7028"}],"curies":[{"name":"wp","href":"https:\/\/api.w.org\/{rel}","templated":true}]}}