{"id":7024,"date":"2024-06-14T18:25:30","date_gmt":"2024-06-15T00:25:30","guid":{"rendered":"https:\/\/soymigrante.com\/revista\/?p=7024"},"modified":"2024-07-29T07:00:41","modified_gmt":"2024-07-29T13:00:41","slug":"alegria-emocion-y-apoyo-de-guatemaltecos-por-la-seleccion","status":"publish","type":"post","link":"https:\/\/soymigrante.com\/revista\/alegria-emocion-y-apoyo-de-guatemaltecos-por-la-seleccion\/","title":{"rendered":"Alegr\u00eda, emoci\u00f3n y apoyo de guatemaltecos por la Selecci\u00f3n"},"content":{"rendered":"\t\t<div data-elementor-type=\"wp-post\" data-elementor-id=\"7024\" class=\"elementor elementor-7024\" data-elementor-post-type=\"post\">\n\t\t\t\t\t\t<section data-particle_enable=\"false\" data-particle-mobile-disabled=\"false\" class=\"elementor-section elementor-top-section elementor-element elementor-element-a61723d elementor-section-boxed elementor-section-height-default elementor-section-height-default\" data-id=\"a61723d\" data-element_type=\"section\" data-e-type=\"section\">\n\t\t\t\t\t\t<div class=\"elementor-container elementor-column-gap-default\">\n\t\t\t\t\t<div class=\"elementor-column elementor-col-100 elementor-top-column elementor-element elementor-element-d370580\" data-id=\"d370580\" data-element_type=\"column\" data-e-type=\"column\">\n\t\t\t<div class=\"elementor-widget-wrap elementor-element-populated\">\n\t\t\t\t\t\t<div class=\"elementor-element elementor-element-43f616e elementor-widget elementor-widget-heading\" data-id=\"43f616e\" data-element_type=\"widget\" data-e-type=\"widget\" data-widget_type=\"heading.default\">\n\t\t\t\t\t<h2 class=\"elementor-heading-title elementor-size-default\"><p><span>El futbol une corazones, familias y departamentos, cuando juega Guatemala es motivo de festejo y alegr\u00eda, as\u00ed lo viven los guatemaltecos. <\/span><\/p><\/h2>\t\t\t\t<\/div>\n\t\t\t\t\t<\/div>\n\t\t<\/div>\n\t\t\t\t\t<\/div>\n\t\t<\/section>\n\t\t\t\t<section data-particle_enable=\"false\" data-particle-mobile-disabled=\"false\" class=\"elementor-section elementor-top-section elementor-element elementor-element-577f0be elementor-section-boxed elementor-section-height-default elementor-section-height-default\" data-id=\"577f0be\" data-element_type=\"section\" data-e-type=\"section\">\n\t\t\t\t\t\t<div class=\"elementor-container elementor-column-gap-default\">\n\t\t\t\t\t<div class=\"elementor-column elementor-col-100 elementor-top-column elementor-element elementor-element-ecd27bf\" data-id=\"ecd27bf\" data-element_type=\"column\" data-e-type=\"column\">\n\t\t\t<div class=\"elementor-widget-wrap elementor-element-populated\">\n\t\t\t\t\t\t<div class=\"elementor-element elementor-element-bf2d373 elementor-widget elementor-widget-text-editor\" data-id=\"bf2d373\" data-element_type=\"widget\" data-e-type=\"widget\" data-widget_type=\"text-editor.default\">\n\t\t\t\t\t\t\t\t\t<p class=\"MsoNormal\"><span lang=\"ES-MX\">Los guatemaltecos tienen la oportunidad de ver a su selecci\u00f3n jugar, competir y hasta, qui\u00e9n sabe, ganar un partido de futbol, recientemente los guatemaltecos se han llenado de esperanza al ver que la bicolor se ha exaltado ante los recientes triunfos deportivos. <\/span><\/p>\n<p class=\"MsoNormal\"><span lang=\"ES-MX\">Guatemala al jugar un partido amistoso con Argentina, el estadio Commanders Field, preparatorio para la Copa Am\u00e9rica 2024 atrajo a cientos de guatemaltecos que acudieron a demostrar su amor y orgullo por la azul y blanco.<\/span><\/p>\n<p class=\"MsoNormal\"><br><\/p>\t\t\t\t\t\t\t\t<\/div>\n\t\t\t\t\t<\/div>\n\t\t<\/div>\n\t\t\t\t\t<\/div>\n\t\t<\/section>\n\t\t\t\t<section data-particle_enable=\"false\" data-particle-mobile-disabled=\"false\" class=\"elementor-section elementor-top-section elementor-element elementor-element-30f47b4 elementor-section-boxed elementor-section-height-default elementor-section-height-default\" data-id=\"30f47b4\" data-element_type=\"section\" data-e-type=\"section\">\n\t\t\t\t\t\t<div class=\"elementor-container elementor-column-gap-default\">\n\t\t\t\t\t<div class=\"elementor-column elementor-col-100 elementor-top-column elementor-element elementor-element-c9a726c\" data-id=\"c9a726c\" data-element_type=\"column\" data-e-type=\"column\">\n\t\t\t<div class=\"elementor-widget-wrap elementor-element-populated\">\n\t\t\t\t\t\t<div class=\"elementor-element elementor-element-d8145c8 elementor-widget elementor-widget-facebook-embed\" data-id=\"d8145c8\" data-element_type=\"widget\" data-e-type=\"widget\" data-widget_type=\"facebook-embed.default\">\n\t\t\t\t\t<div style=\"min-height: 1px\" class=\"elementor-facebook-widget fb-post\" data-href=\"https:\/\/www.facebook.com\/yaneth.sical\/posts\/pfbid0DpDpYieEqrzYTHesft5zcokv7LL2ZDwJRDdFh7faCkTLKyQFWrssWdNBDEjz4Rcrl\" data-show-text=\"false\"><\/div>\t\t\t\t<\/div>\n\t\t\t\t\t<\/div>\n\t\t<\/div>\n\t\t\t\t\t<\/div>\n\t\t<\/section>\n\t\t\t\t<section data-particle_enable=\"false\" data-particle-mobile-disabled=\"false\" class=\"elementor-section elementor-top-section elementor-element elementor-element-b0f2652 elementor-section-boxed elementor-section-height-default elementor-section-height-default\" data-id=\"b0f2652\" data-element_type=\"section\" data-e-type=\"section\">\n\t\t\t\t\t\t<div class=\"elementor-container elementor-column-gap-default\">\n\t\t\t\t\t<div class=\"elementor-column elementor-col-100 elementor-top-column elementor-element elementor-element-b23e74d\" data-id=\"b23e74d\" data-element_type=\"column\" data-e-type=\"column\">\n\t\t\t<div class=\"elementor-widget-wrap elementor-element-populated\">\n\t\t\t\t\t\t<div class=\"elementor-element elementor-element-9da97ff elementor-widget elementor-widget-text-editor\" data-id=\"9da97ff\" data-element_type=\"widget\" data-e-type=\"widget\" data-widget_type=\"text-editor.default\">\n\t\t\t\t\t\t\t\t\t<p class=\"MsoNormal\"><span lang=\"ES-MX\" style=\"color: var( --e-global-color-text );\">Este encuentro deportivo es de gran motivaci\u00f3n y rompe las rutinas. Losmigrantes guatemaltecos que se encuentran en Estados Unidos aprovechan cada ocasi\u00f3n para mostrar su identidad.\u00a0<\/span><span style=\"color: var( --e-global-color-text );\">A las afueras del estadio se hizo una fiesta latina, con m\u00fasica, guatemaltecos con sus camisolas y mujeres bailando con el ritmo chap\u00edn.<\/span><\/p><p class=\"MsoNormal\"><span lang=\"ES-MX\"><a href=\"https:\/\/soymigrante.com\/revista\/helados-sin-fronteras-y-mucho-mas-logran-los-migrantes-marleny-y-elias\/\">El\u00edas Rojas, de Helados Xelaj\u00fa<\/a>, es un guatemalteco migrante en Estados Unidos, comparti\u00f3 en sus redes sociales, la ilusi\u00f3n, emoci\u00f3n y sobre todo el orgullo que le daba ver a su selecci\u00f3n en la cancha deportiva. <\/span><\/p><p>\u00a0<\/p><p class=\"MsoNormal\"><span lang=\"ES-MX\">En uno de los videos se pudo ver, la emoci\u00f3n con la que El\u00edas portaba la camisola de Guatemala, el orgullo de la competencia y sobre todo por la alegr\u00eda de sentirse en hogar.\u00a0<\/span><\/p>\t\t\t\t\t\t\t\t<\/div>\n\t\t\t\t\t<\/div>\n\t\t<\/div>\n\t\t\t\t\t<\/div>\n\t\t<\/section>\n\t\t\t\t<section data-particle_enable=\"false\" data-particle-mobile-disabled=\"false\" class=\"elementor-section elementor-top-section elementor-element elementor-element-9b9efa1 elementor-section-boxed elementor-section-height-default elementor-section-height-default\" data-id=\"9b9efa1\" data-element_type=\"section\" data-e-type=\"section\">\n\t\t\t\t\t\t<div class=\"elementor-container elementor-column-gap-default\">\n\t\t\t\t\t<div class=\"elementor-column elementor-col-100 elementor-top-column elementor-element elementor-element-a7b6e4e\" data-id=\"a7b6e4e\" data-element_type=\"column\" data-e-type=\"column\">\n\t\t\t<div class=\"elementor-widget-wrap elementor-element-populated\">\n\t\t\t\t\t\t<div class=\"elementor-element elementor-element-9b2eed6 elementor-widget elementor-widget-facebook-embed\" data-id=\"9b2eed6\" data-element_type=\"widget\" data-e-type=\"widget\" data-widget_type=\"facebook-embed.default\">\n\t\t\t\t\t<div style=\"min-height: 1px\" class=\"elementor-facebook-widget fb-post\" data-href=\"https:\/\/www.facebook.com\/100003144714231\/videos\/1425649171427226\/\" data-show-text=\"false\"><\/div>\t\t\t\t<\/div>\n\t\t\t\t\t<\/div>\n\t\t<\/div>\n\t\t\t\t\t<\/div>\n\t\t<\/section>\n\t\t\t\t<section data-particle_enable=\"false\" data-particle-mobile-disabled=\"false\" class=\"elementor-section elementor-top-section elementor-element elementor-element-3ac1fc9 elementor-section-boxed elementor-section-height-default elementor-section-height-default\" data-id=\"3ac1fc9\" data-element_type=\"section\" data-e-type=\"section\">\n\t\t\t\t\t\t<div class=\"elementor-container elementor-column-gap-default\">\n\t\t\t\t\t<div class=\"elementor-column elementor-col-100 elementor-top-column elementor-element elementor-element-3edacd7\" data-id=\"3edacd7\" data-element_type=\"column\" data-e-type=\"column\">\n\t\t\t<div class=\"elementor-widget-wrap elementor-element-populated\">\n\t\t\t\t\t\t<div class=\"elementor-element elementor-element-53709fa elementor-widget elementor-widget-text-editor\" data-id=\"53709fa\" data-element_type=\"widget\" data-e-type=\"widget\" data-widget_type=\"text-editor.default\">\n\t\t\t\t\t\t\t\t\t<p><span lang=\"ES-MX\">Los guatemaltecos se encuentran felices de ver a la selecci\u00f3n uno de ellos es <a href=\"https:\/\/soymigrante.com\/revista\/en-un-dia-de-accion-de-gracias-se-conocieron-los-migrantes-carlos-y-lidia\/\">Calor P\u00e9rez, del emprendimiento Estilo Maya<\/a>, quien tambi\u00e9n acudi\u00f3 a presenciar el partido.<\/span><\/p><p>\u00a0<\/p><p>\u00a0Julissa es originaria de Jutiapa, residente en Boston y lleg\u00f3 a Maryland para presenciar el partido: &#8220;Esperamos que la selecci\u00f3n de Guatemala de un abuen partido y nos represente como pensamos. Es un rival muy fuerte, campe\u00f3n<br \/>del mundo, pero si dan lo mejor de ellos har\u00e1n un buen papel&#8221;, dijo.<\/p><p>Beira, originaria de Quetzaltenango, preparaba churrascos en las afueras del Estadio antes del juego. &#8220;Esperamos que Guatemala gane&#8221;, dijo.<span style=\"color: var( --e-global-color-text );\">\u00a0<\/span><\/p>\t\t\t\t\t\t\t\t<\/div>\n\t\t\t\t\t<\/div>\n\t\t<\/div>\n\t\t\t\t\t<\/div>\n\t\t<\/section>\n\t\t\t\t<section data-particle_enable=\"false\" data-particle-mobile-disabled=\"false\" class=\"elementor-section elementor-top-section elementor-element elementor-element-a770d08 elementor-section-boxed elementor-section-height-default elementor-section-height-default\" data-id=\"a770d08\" data-element_type=\"section\" data-e-type=\"section\">\n\t\t\t\t\t\t<div class=\"elementor-container elementor-column-gap-default\">\n\t\t\t\t\t<div class=\"elementor-column elementor-col-100 elementor-top-column elementor-element elementor-element-f2119dd\" data-id=\"f2119dd\" data-element_type=\"column\" data-e-type=\"column\">\n\t\t\t<div class=\"elementor-widget-wrap elementor-element-populated\">\n\t\t\t\t\t\t<div class=\"elementor-element elementor-element-c951c36 elementor-widget elementor-widget-facebook-embed\" data-id=\"c951c36\" data-element_type=\"widget\" data-e-type=\"widget\" data-widget_type=\"facebook-embed.default\">\n\t\t\t\t\t<div style=\"min-height: 1px\" class=\"elementor-facebook-widget fb-post\" data-href=\"https:\/\/www.facebook.com\/reel\/1123291682305115\" data-show-text=\"false\"><\/div>\t\t\t\t<\/div>\n\t\t\t\t\t<\/div>\n\t\t<\/div>\n\t\t\t\t\t<\/div>\n\t\t<\/section>\n\t\t\t\t<section data-particle_enable=\"false\" data-particle-mobile-disabled=\"false\" class=\"elementor-section elementor-top-section elementor-element elementor-element-a83a810 elementor-section-boxed elementor-section-height-default elementor-section-height-default\" data-id=\"a83a810\" data-element_type=\"section\" data-e-type=\"section\">\n\t\t\t\t\t\t<div class=\"elementor-container elementor-column-gap-default\">\n\t\t\t\t\t<div class=\"elementor-column elementor-col-100 elementor-top-column elementor-element elementor-element-6be47a4\" data-id=\"6be47a4\" data-element_type=\"column\" data-e-type=\"column\">\n\t\t\t<div class=\"elementor-widget-wrap elementor-element-populated\">\n\t\t\t\t\t\t<div class=\"elementor-element elementor-element-e12e14d elementor-widget elementor-widget-heading\" data-id=\"e12e14d\" data-element_type=\"widget\" data-e-type=\"widget\" data-widget_type=\"heading.default\">\n\t\t\t\t\t<h2 class=\"elementor-heading-title elementor-size-default\">Es que Guatemala va en el alma <\/h2>\t\t\t\t<\/div>\n\t\t\t\t\t<\/div>\n\t\t<\/div>\n\t\t\t\t\t<\/div>\n\t\t<\/section>\n\t\t\t\t<section data-particle_enable=\"false\" data-particle-mobile-disabled=\"false\" class=\"elementor-section elementor-top-section elementor-element elementor-element-378614e elementor-section-boxed elementor-section-height-default elementor-section-height-default\" data-id=\"378614e\" data-element_type=\"section\" data-e-type=\"section\">\n\t\t\t\t\t\t<div class=\"elementor-container elementor-column-gap-default\">\n\t\t\t\t\t<div class=\"elementor-column elementor-col-100 elementor-top-column elementor-element elementor-element-a543da6\" data-id=\"a543da6\" data-element_type=\"column\" data-e-type=\"column\">\n\t\t\t<div class=\"elementor-widget-wrap elementor-element-populated\">\n\t\t\t\t\t\t<div class=\"elementor-element elementor-element-f6eb9e1 elementor-widget elementor-widget-blfe-post-grid\" data-id=\"f6eb9e1\" data-element_type=\"widget\" data-e-type=\"widget\" data-settings=\"{&quot;columns&quot;:&quot;3&quot;,&quot;columns_tablet&quot;:&quot;6&quot;,&quot;columns_mobile&quot;:&quot;12&quot;,&quot;hero1_layout_column_gap&quot;:{&quot;unit&quot;:&quot;px&quot;,&quot;size&quot;:30,&quot;sizes&quot;:[]},&quot;hero1_layout_column_gap_tablet&quot;:{&quot;unit&quot;:&quot;px&quot;,&quot;size&quot;:&quot;&quot;,&quot;sizes&quot;:[]},&quot;hero1_layout_column_gap_mobile&quot;:{&quot;unit&quot;:&quot;px&quot;,&quot;size&quot;:&quot;&quot;,&quot;sizes&quot;:[]},&quot;hero1_layout_row_gap&quot;:{&quot;unit&quot;:&quot;px&quot;,&quot;size&quot;:30,&quot;sizes&quot;:[]},&quot;hero1_layout_row_gap_tablet&quot;:{&quot;unit&quot;:&quot;px&quot;,&quot;size&quot;:&quot;&quot;,&quot;sizes&quot;:[]},&quot;hero1_layout_row_gap_mobile&quot;:{&quot;unit&quot;:&quot;px&quot;,&quot;size&quot;:&quot;&quot;,&quot;sizes&quot;:[]}}\" data-widget_type=\"blfe-post-grid.hero1\">\n\t\t\t\t<div class=\"elementor-widget-container\">\n\t\t\t\t\t\n                        <div class=\"blfe-post-grid-container \">\n            \n                <div data-skin=\"hero1\" class=\"blfe-row blfe-posts-inner blfe-hero1 blfe-posts-inner blfe-col-3 blfe-col-tab-6 blfe-col-mob-12     \">\n                            <div class=\"blfe-post-grid-item\">\n            <div class=\"blfe-post-grid-item-inner blfe-modern-zoom\">\n                        <div class=\"blfe-post-grid-bg-image\">\n            <a class=\"blfe-post-grid-image-inner\" href=\"https:\/\/soymigrante.com\/revista\/cuando-surgio-el-poema-de-la-jura-a-la-bandera-y-quien-es-su-autor\/\" title=\"\u00bfCu\u00e1ndo surgi\u00f3 el poema de la Jura a la Bandera y qui\u00e9n es su autor?\" rel=\"nofollow\" target=\"_blank\"><img decoding=\"async\" src=\"https:\/\/soymigrante.com\/revista\/wp-content\/uploads\/2025\/09\/jura-a-la-bandera-alberto-velasquez-gunther.png\" alt=\"\u00bfCu\u00e1ndo surgi\u00f3 el poema de la Jura a la Bandera y qui\u00e9n es su autor?\"\/><\/a>        <\/div>\n                        <div class=\"blfe-post-grid-details\">\n                    <div class=\"blfe-post-grid-details-inner\">\n                        <span class=\"blfe-post-category\"><a href=\"https:\/\/soymigrante.com\/revista\/category\/guate-nuestra\/\">Guate Nuestra<\/a><\/span>                        <h3 class=\"blfe-post-grid-title\">\n            <a href=\"https:\/\/soymigrante.com\/revista\/cuando-surgio-el-poema-de-la-jura-a-la-bandera-y-quien-es-su-autor\/\" title=\"\u00bfCu\u00e1ndo surgi\u00f3 el poema de la Jura a la Bandera y qui\u00e9n es su autor?\" rel=\"nofollow\" target=\"_blank\">\u00bfCu\u00e1ndo surgi\u00f3 el poema de la Jura a la Bandera y qui\u00e9n es su autor?<\/a>\n            <\/h3>                                                            <div class=\"blfe-post-grid-meta\">\n                <span class=\"blfe-post-grid-time\"><i class=\"fas fa-book-reader\"><\/i>4 Min read<\/span>            <\/div>\n                                                        <\/div>\n                <\/div>\n\n            <\/div>\n        <\/div>\n                <div class=\"blfe-post-grid-item\">\n            <div class=\"blfe-post-grid-item-inner blfe-modern-zoom\">\n                        <div class=\"blfe-post-grid-bg-image\">\n            <a class=\"blfe-post-grid-image-inner\" href=\"https:\/\/soymigrante.com\/revista\/guia-de-los-7-simbolos-patrios-de-guatemala-origen-fechas-y-mas\/\" title=\"Gu\u00eda de los 7 S\u00edmbolos Patrios de Guatemala: origen, fechas y m\u00e1s\" rel=\"nofollow\" target=\"_blank\"><img decoding=\"async\" src=\"https:\/\/soymigrante.com\/revista\/wp-content\/uploads\/2025\/08\/migrantes-guatemaltecos-quetzal-fotografia-marcos-zarate.webp\" alt=\"Gu\u00eda de los 7 S\u00edmbolos Patrios de Guatemala: origen, fechas y m\u00e1s\"\/><\/a>        <\/div>\n                        <div class=\"blfe-post-grid-details\">\n                    <div class=\"blfe-post-grid-details-inner\">\n                        <span class=\"blfe-post-category\"><a href=\"https:\/\/soymigrante.com\/revista\/category\/guate-nuestra\/simbolos-patrios-guate-nuestra\/\">S\u00edmbolos patrios<\/a><\/span>                        <h3 class=\"blfe-post-grid-title\">\n            <a href=\"https:\/\/soymigrante.com\/revista\/guia-de-los-7-simbolos-patrios-de-guatemala-origen-fechas-y-mas\/\" title=\"Gu\u00eda de los 7 S\u00edmbolos Patrios de Guatemala: origen, fechas y m\u00e1s\" rel=\"nofollow\" target=\"_blank\">Gu\u00eda de los 7 S\u00edmbolos Patrios de Guatemala: origen, fechas y m\u00e1s<\/a>\n            <\/h3>                                                            <div class=\"blfe-post-grid-meta\">\n                <span class=\"blfe-post-grid-time\"><i class=\"fas fa-book-reader\"><\/i>3 Min read<\/span>            <\/div>\n                                                        <\/div>\n                <\/div>\n\n            <\/div>\n        <\/div>\n                <div class=\"blfe-post-grid-item\">\n            <div class=\"blfe-post-grid-item-inner blfe-modern-zoom\">\n                        <div class=\"blfe-post-grid-bg-image\">\n            <a class=\"blfe-post-grid-image-inner\" href=\"https:\/\/soymigrante.com\/revista\/estreno-del-himno-nacional-de-guatemala-en-1897-fue-revivido-en-el-conservatorio-de-musica-escuchalo\/\" title=\"Estreno del Himno Nacional de Guatemala en 1897 fue revivido en el Conservatorio de M\u00fasica \u00a1Esc\u00fachalo!\" rel=\"nofollow\" target=\"_blank\"><img decoding=\"async\" src=\"https:\/\/soymigrante.com\/revista\/wp-content\/uploads\/2025\/03\/recreacoin-estreno-himno-nacional.webp\" alt=\"Estreno del Himno Nacional de Guatemala en 1897 fue revivido en el Conservatorio de M\u00fasica \u00a1Esc\u00fachalo!\"\/><\/a>        <\/div>\n                        <div class=\"blfe-post-grid-details\">\n                    <div class=\"blfe-post-grid-details-inner\">\n                        <span class=\"blfe-post-category\"><a href=\"https:\/\/soymigrante.com\/revista\/category\/guate-nuestra\/simbolos-patrios-guate-nuestra\/\">S\u00edmbolos patrios<\/a><\/span>                        <h3 class=\"blfe-post-grid-title\">\n            <a href=\"https:\/\/soymigrante.com\/revista\/estreno-del-himno-nacional-de-guatemala-en-1897-fue-revivido-en-el-conservatorio-de-musica-escuchalo\/\" title=\"Estreno del Himno Nacional de Guatemala en 1897 fue revivido en el Conservatorio de M\u00fasica \u00a1Esc\u00fachalo!\" rel=\"nofollow\" target=\"_blank\">Estreno del Himno Nacional de Guatemala en 1897 fue revivido en el Conservatorio de M\u00fasica \u00a1Esc\u00fachalo!<\/a>\n            <\/h3>                                                            <div class=\"blfe-post-grid-meta\">\n                <span class=\"blfe-post-grid-time\"><i class=\"fas fa-book-reader\"><\/i>3 Min read<\/span>            <\/div>\n                                                        <\/div>\n                <\/div>\n\n            <\/div>\n        <\/div>\n                        <\/div>\n\n                        <\/div>\n            \n                        <div class=\"blfe-post-footer\">\n                        <\/div>\n            \t\t\t\t<\/div>\n\t\t\t\t<\/div>\n\t\t\t\t\t<\/div>\n\t\t<\/div>\n\t\t\t\t\t<\/div>\n\t\t<\/section>\n\t\t\t\t<\/div>\n\t\t","protected":false},"excerpt":{"rendered":"<p>El futbol une corazones, familias y departamentos, cuando juega Guatemala es motivo de festejo y alegr\u00eda, as\u00ed lo viven los guatemaltecos. Los guatemaltecos tienen la oportunidad de ver a su selecci\u00f3n jugar, competir y hasta, qui\u00e9n sabe, ganar un partido de futbol, recientemente los guatemaltecos se han llenado de esperanza al ver que la bicolor [&hellip;]<\/p>\n","protected":false},"author":19,"featured_media":7025,"comment_status":"open","ping_status":"open","sticky":false,"template":"","format":"standard","meta":{"_acf_changed":false,"_eb_attr":"","footnotes":""},"categories":[58],"tags":[],"class_list":["post-7024","post","type-post","status-publish","format-standard","has-post-thumbnail","hentry","category-guate-nuestra"],"acf":[],"aioseo_notices":[],"aioseo_head":"\n\t\t<!-- All in One SEO Pro 4.9.6.2 - aioseo.com -->\n\t<meta name=\"description\" content=\"En 1897 se estren\u00f3 el Himno Nacional de Guatemala. Lo cant\u00f3 el coro del Conservatorio y la Banda Marcial. Estudiantes y maestros reviven aquella ocasi\u00f3n \u00a1Escuchalo!\" \/>\n\t<meta name=\"robots\" content=\"max-snippet:-1, max-image-preview:large, max-video-preview:-1\" \/>\n\t<meta name=\"author\" content=\"Gustavo Montenegro\"\/>\n\t<link rel=\"canonical\" href=\"https:\/\/soymigrante.com\/revista\/estreno-del-himno-nacional-de-guatemala-en-1897-fue-revivido-en-el-conservatorio-de-musica-escuchalo\/\" \/>\n\t<meta name=\"generator\" content=\"All in One SEO Pro (AIOSEO) 4.9.6.2\" \/>\n\n\t\t<link rel=\"preconnect\" href=\"https:\/\/fonts.googleapis.com\" crossorigin>\n<link rel=\"preconnect\" href=\"https:\/\/fonts.gstatic.com\" crossorigin>\n\t\t<meta property=\"og:locale\" content=\"es_ES\" \/>\n\t\t<meta property=\"og:site_name\" content=\"SoyMigrante.com REVISTA \u2013 Nuestra misi\u00f3n es reconocer y dignificar al migrante.\" \/>\n\t\t<meta property=\"og:type\" content=\"article\" \/>\n\t\t<meta property=\"og:title\" content=\"Estudiantes recrean estreno de Himno Nacional de Guatemala \u00a1Oye!\" \/>\n\t\t<meta property=\"og:description\" content=\"En 1897 se estren\u00f3 el Himno Nacional de Guatemala. Lo cant\u00f3 el coro del Conservatorio y la Banda Marcial. Estudiantes y maestros reviven aquella ocasi\u00f3n \u00a1Escuchalo!\" \/>\n\t\t<meta property=\"og:url\" content=\"https:\/\/soymigrante.com\/revista\/estreno-del-himno-nacional-de-guatemala-en-1897-fue-revivido-en-el-conservatorio-de-musica-escuchalo\/\" \/>\n\t\t<meta property=\"og:image\" content=\"https:\/\/soymigrante.com\/revista\/wp-content\/uploads\/2025\/03\/recreacoin-estreno-himno-nacional.webp\" \/>\n\t\t<meta property=\"og:image:secure_url\" content=\"https:\/\/soymigrante.com\/revista\/wp-content\/uploads\/2025\/03\/recreacoin-estreno-himno-nacional.webp\" \/>\n\t\t<meta property=\"og:image:width\" content=\"425\" \/>\n\t\t<meta property=\"og:image:height\" content=\"422\" \/>\n\t\t<meta property=\"article:published_time\" content=\"2025-03-13T16:47:31+00:00\" \/>\n\t\t<meta property=\"article:modified_time\" content=\"2025-09-10T19:19:31+00:00\" \/>\n\t\t<meta property=\"article:publisher\" content=\"https:\/\/www.facebook.com\/soymigrantecom\" \/>\n\t\t<meta name=\"twitter:card\" content=\"summary_large_image\" \/>\n\t\t<meta name=\"twitter:site\" content=\"@SoyMigrante_com\" \/>\n\t\t<meta name=\"twitter:title\" content=\"Estudiantes recrean estreno de Himno Nacional de Guatemala \u00a1Oye!\" \/>\n\t\t<meta name=\"twitter:description\" content=\"En 1897 se estren\u00f3 el Himno Nacional de Guatemala. Lo cant\u00f3 el coro del Conservatorio y la Banda Marcial. Estudiantes y maestros reviven aquella ocasi\u00f3n \u00a1Escuchalo!\" \/>\n\t\t<meta name=\"twitter:creator\" content=\"@SoyMigrante_com\" \/>\n\t\t<meta name=\"twitter:image\" content=\"https:\/\/soymigrante.com\/revista\/wp-content\/uploads\/2025\/03\/recreacoin-estreno-himno-nacional.webp\" \/>\n\t\t<!-- All in One SEO Pro -->\r\n\t\t<title>Estudiantes recrean estreno de Himno Nacional de Guatemala \u00a1Oye!<\/title>\n\n","aioseo_head_json":{"title":"Estudiantes recrean estreno de Himno Nacional de Guatemala \u00a1Oye!","description":"En 1897 se estren\u00f3 el Himno Nacional de Guatemala. Lo cant\u00f3 el coro del Conservatorio y la Banda Marcial. Estudiantes y maestros reviven aquella ocasi\u00f3n \u00a1Escuchalo!","canonical_url":"https:\/\/soymigrante.com\/revista\/estreno-del-himno-nacional-de-guatemala-en-1897-fue-revivido-en-el-conservatorio-de-musica-escuchalo\/","robots":"max-snippet:-1, max-image-preview:large, max-video-preview:-1","keywords":"","webmasterTools":{"miscellaneous":"&lt;link rel=\"preconnect\" href=\"https:\/\/fonts.googleapis.com\" crossorigin&gt;\n&lt;link rel=\"preconnect\" href=\"https:\/\/fonts.gstatic.com\" crossorigin&gt;"},"schema":null,"og:locale":"es_ES","og:site_name":"SoyMigrante.com REVISTA \u2013 Nuestra misi\u00f3n es reconocer y dignificar al migrante.","og:type":"article","og:title":"Estudiantes recrean estreno de Himno Nacional de Guatemala \u00a1Oye!","og:description":"En 1897 se estren\u00f3 el Himno Nacional de Guatemala. Lo cant\u00f3 el coro del Conservatorio y la Banda Marcial. Estudiantes y maestros reviven aquella ocasi\u00f3n \u00a1Escuchalo!","og:url":"https:\/\/soymigrante.com\/revista\/estreno-del-himno-nacional-de-guatemala-en-1897-fue-revivido-en-el-conservatorio-de-musica-escuchalo\/","og:image":"https:\/\/soymigrante.com\/revista\/wp-content\/uploads\/2025\/03\/recreacoin-estreno-himno-nacional.webp","og:image:secure_url":"https:\/\/soymigrante.com\/revista\/wp-content\/uploads\/2025\/03\/recreacoin-estreno-himno-nacional.webp","og:image:width":425,"og:image:height":422,"article:published_time":"2025-03-13T16:47:31+00:00","article:modified_time":"2025-09-10T19:19:31+00:00","article:publisher":"https:\/\/www.facebook.com\/soymigrantecom","twitter:card":"summary_large_image","twitter:site":"@SoyMigrante_com","twitter:title":"Estudiantes recrean estreno de Himno Nacional de Guatemala \u00a1Oye!","twitter:description":"En 1897 se estren\u00f3 el Himno Nacional de Guatemala. Lo cant\u00f3 el coro del Conservatorio y la Banda Marcial. Estudiantes y maestros reviven aquella ocasi\u00f3n \u00a1Escuchalo!","twitter:creator":"@SoyMigrante_com","twitter:image":"https:\/\/soymigrante.com\/revista\/wp-content\/uploads\/2025\/03\/recreacoin-estreno-himno-nacional.webp"},"aioseo_meta_data":{"post_id":"7024","title":null,"description":"El orgullo de ser guatemaltecos se manifiesta en cada partido de la seleccion de futbol. Cientos de chapines se alegran, ondean banderas y muestran hermandad.","keywords":null,"keyphrases":{"focus":{"keyphrase":"guatemaltecos","score":93,"analysis":{"keyphraseInTitle":{"score":9,"maxScore":9,"error":0},"keyphraseInDescription":{"score":9,"maxScore":9,"error":0},"keyphraseLength":{"score":9,"maxScore":9,"error":0,"length":1},"keyphraseInURL":{"score":1,"maxScore":5,"error":1},"keyphraseInIntroduction":{"score":9,"maxScore":9,"error":0},"keyphraseInSubHeadings":{"score":9,"maxScore":9,"error":0},"keyphraseInImageAlt":[],"keywordDensity":{"type":"best","score":9,"maxScore":9,"error":0}}},"additional":[]},"primary_term":null,"canonical_url":null,"og_title":null,"og_description":null,"og_object_type":"default","og_image_type":"default","og_image_url":null,"og_image_width":null,"og_image_height":null,"og_image_custom_url":null,"og_image_custom_fields":null,"og_video":"","og_custom_url":null,"og_article_section":null,"og_article_tags":null,"twitter_use_og":false,"twitter_card":"default","twitter_image_type":"default","twitter_image_url":null,"twitter_image_custom_url":null,"twitter_image_custom_fields":null,"twitter_title":null,"twitter_description":null,"schema":{"blockGraphs":[],"customGraphs":[],"default":{"data":{"Article":[],"Course":[],"Dataset":[],"FAQPage":[],"Movie":[],"Person":[],"Product":[],"ProductReview":[],"Car":[],"Recipe":[],"Service":[],"SoftwareApplication":[],"WebPage":[]},"graphName":"Article","isEnabled":true},"graphs":[]},"schema_type":"default","schema_type_options":null,"pillar_content":false,"robots_default":true,"robots_noindex":false,"robots_noarchive":false,"robots_nosnippet":false,"robots_nofollow":false,"robots_noimageindex":false,"robots_noodp":false,"robots_notranslate":false,"robots_max_snippet":"-1","robots_max_videopreview":"-1","robots_max_imagepreview":"large","priority":null,"frequency":"default","local_seo":null,"seo_analyzer_scan_date":"2025-10-08 22:06:30","breadcrumb_settings":null,"limit_modified_date":false,"reviewed_by":null,"open_ai":"{\"title\":{\"suggestions\":[],\"usage\":0},\"description\":{\"suggestions\":[],\"usage\":0}}","ai":null,"created":"2024-06-15 00:02:40","updated":"2026-02-04 12:00:22"},"aioseo_breadcrumb":"<div class=\"aioseo-breadcrumbs\"><span class=\"aioseo-breadcrumb\">\n\t<a href=\"https:\/\/soymigrante.com\/revista\" title=\"Home\">Home<\/a>\n<\/span><span class=\"aioseo-breadcrumb-separator\">\u00bb<\/span><span class=\"aioseo-breadcrumb\">\n\t<a href=\"https:\/\/soymigrante.com\/revista\/category\/guate-nuestra\/\" title=\"Guate Nuestra\">Guate Nuestra<\/a>\n<\/span><span class=\"aioseo-breadcrumb-separator\">\u00bb<\/span><span class=\"aioseo-breadcrumb\">\n\tAlegr\u00eda, emoci\u00f3n y apoyo de guatemaltecos por la Selecci\u00f3n\n<\/span><\/div>","aioseo_breadcrumb_json":[{"label":"Home","link":"https:\/\/soymigrante.com\/revista"},{"label":"Guate Nuestra","link":"https:\/\/soymigrante.com\/revista\/category\/guate-nuestra\/"},{"label":"Alegr\u00eda, emoci\u00f3n y apoyo de guatemaltecos por la Selecci\u00f3n","link":"https:\/\/soymigrante.com\/revista\/alegria-emocion-y-apoyo-de-guatemaltecos-por-la-seleccion\/"}],"_links":{"self":[{"href":"https:\/\/soymigrante.com\/revista\/wp-json\/wp\/v2\/posts\/7024","targetHints":{"allow":["GET"]}}],"collection":[{"href":"https:\/\/soymigrante.com\/revista\/wp-json\/wp\/v2\/posts"}],"about":[{"href":"https:\/\/soymigrante.com\/revista\/wp-json\/wp\/v2\/types\/post"}],"author":[{"embeddable":true,"href":"https:\/\/soymigrante.com\/revista\/wp-json\/wp\/v2\/users\/19"}],"replies":[{"embeddable":true,"href":"https:\/\/soymigrante.com\/revista\/wp-json\/wp\/v2\/comments?post=7024"}],"version-history":[{"count":0,"href":"https:\/\/soymigrante.com\/revista\/wp-json\/wp\/v2\/posts\/7024\/revisions"}],"wp:featuredmedia":[{"embeddable":true,"href":"https:\/\/soymigrante.com\/revista\/wp-json\/wp\/v2\/media\/7025"}],"wp:attachment":[{"href":"https:\/\/soymigrante.com\/revista\/wp-json\/wp\/v2\/media?parent=7024"}],"wp:term":[{"taxonomy":"category","embeddable":true,"href":"https:\/\/soymigrante.com\/revista\/wp-json\/wp\/v2\/categories?post=7024"},{"taxonomy":"post_tag","embeddable":true,"href":"https:\/\/soymigrante.com\/revista\/wp-json\/wp\/v2\/tags?post=7024"}],"curies":[{"name":"wp","href":"https:\/\/api.w.org\/{rel}","templated":true}]}}