{"id":7018,"date":"2024-06-14T16:33:00","date_gmt":"2024-06-14T22:33:00","guid":{"rendered":"https:\/\/soymigrante.com\/revista\/?p=7018"},"modified":"2024-07-30T21:51:16","modified_gmt":"2024-07-31T03:51:16","slug":"los-consejos-de-mi-padre-te-suena-alguno-de-ellos","status":"publish","type":"post","link":"https:\/\/soymigrante.com\/revista\/los-consejos-de-mi-padre-te-suena-alguno-de-ellos\/","title":{"rendered":"Recuerdo los consejos de mi padre en su d\u00eda y todos los d\u00edas"},"content":{"rendered":"\t\t<div data-elementor-type=\"wp-post\" data-elementor-id=\"7018\" class=\"elementor elementor-7018\" data-elementor-post-type=\"post\">\n\t\t\t\t\t\t<section data-particle_enable=\"false\" data-particle-mobile-disabled=\"false\" class=\"elementor-section elementor-top-section elementor-element elementor-element-f2209c4 elementor-section-boxed elementor-section-height-default elementor-section-height-default\" data-id=\"f2209c4\" data-element_type=\"section\" data-e-type=\"section\">\n\t\t\t\t\t\t<div class=\"elementor-container elementor-column-gap-default\">\n\t\t\t\t\t<div class=\"elementor-column elementor-col-100 elementor-top-column elementor-element elementor-element-a308912\" data-id=\"a308912\" data-element_type=\"column\" data-e-type=\"column\">\n\t\t\t<div class=\"elementor-widget-wrap elementor-element-populated\">\n\t\t\t\t\t\t<div class=\"elementor-element elementor-element-12b8948 elementor-widget elementor-widget-heading\" data-id=\"12b8948\" data-element_type=\"widget\" data-e-type=\"widget\" data-widget_type=\"heading.default\">\n\t\t\t\t\t<h2 class=\"elementor-heading-title elementor-size-default\">\u00a1Ah, los consejos de mi padre...! As\u00ed exclama una persona, quiz\u00e1 un migrante, al recordar las ense\u00f1anzas, las advertencias y tambi\u00e9n los avisos de una voz que ya aprendi\u00f3 a trav\u00e9s de la experiencia. Estos son algunos....<\/h2>\t\t\t\t<\/div>\n\t\t\t\t\t<\/div>\n\t\t<\/div>\n\t\t\t\t\t<\/div>\n\t\t<\/section>\n\t\t\t\t<section data-particle_enable=\"false\" data-particle-mobile-disabled=\"false\" class=\"elementor-section elementor-top-section elementor-element elementor-element-73670e6 elementor-section-boxed elementor-section-height-default elementor-section-height-default\" data-id=\"73670e6\" data-element_type=\"section\" data-e-type=\"section\">\n\t\t\t\t\t\t<div class=\"elementor-container elementor-column-gap-default\">\n\t\t\t\t\t<div class=\"elementor-column elementor-col-100 elementor-top-column elementor-element elementor-element-81fbe79\" data-id=\"81fbe79\" data-element_type=\"column\" data-e-type=\"column\">\n\t\t\t<div class=\"elementor-widget-wrap elementor-element-populated\">\n\t\t\t\t\t\t<div class=\"elementor-element elementor-element-74f2757 elementor-widget elementor-widget-text-editor\" data-id=\"74f2757\" data-element_type=\"widget\" data-e-type=\"widget\" data-widget_type=\"text-editor.default\">\n\t\t\t\t\t\t\t\t\t<p>S\u00ed los pap\u00e1s aconsejan cuando les preguntas y a veces sin que se lo preguntes. Tienen la palabra justa, la respuesta sincera y la intenci\u00f3n limpia, para tratar de visualizar un mejor futuro para su hijo, para su hija.<\/p><p>Han aprendido de los aciertos y a veces de los errores de la vida, pero est\u00e1n aqu\u00ed para contarlo. Y cuando ya no est\u00e1n, esos dichos, esas palabras, esas historias de duras experiencias o gratas vivencias multiplican la ense\u00f1anza en el tiempo&#8230;.<\/p>\t\t\t\t\t\t\t\t<\/div>\n\t\t\t\t\t<\/div>\n\t\t<\/div>\n\t\t\t\t\t<\/div>\n\t\t<\/section>\n\t\t\t\t<section data-particle_enable=\"false\" data-particle-mobile-disabled=\"false\" class=\"elementor-section elementor-top-section elementor-element elementor-element-699466c elementor-section-boxed elementor-section-height-default elementor-section-height-default\" data-id=\"699466c\" data-element_type=\"section\" data-e-type=\"section\">\n\t\t\t\t\t\t<div class=\"elementor-container elementor-column-gap-default\">\n\t\t\t\t\t<div class=\"elementor-column elementor-col-100 elementor-top-column elementor-element elementor-element-c12b3f6\" data-id=\"c12b3f6\" data-element_type=\"column\" data-e-type=\"column\">\n\t\t\t<div class=\"elementor-widget-wrap elementor-element-populated\">\n\t\t\t\t\t\t<div class=\"elementor-element elementor-element-78e16c5 elementor-widget elementor-widget-heading\" data-id=\"78e16c5\" data-element_type=\"widget\" data-e-type=\"widget\" data-widget_type=\"heading.default\">\n\t\t\t\t\t<h2 class=\"elementor-heading-title elementor-size-default\">\"Cuidado, en esta vida no hay amigos\" <\/h2>\t\t\t\t<\/div>\n\t\t\t\t\t<\/div>\n\t\t<\/div>\n\t\t\t\t\t<\/div>\n\t\t<\/section>\n\t\t\t\t<section data-particle_enable=\"false\" data-particle-mobile-disabled=\"false\" class=\"elementor-section elementor-top-section elementor-element elementor-element-2e54fe3 elementor-section-boxed elementor-section-height-default elementor-section-height-default\" data-id=\"2e54fe3\" data-element_type=\"section\" data-e-type=\"section\">\n\t\t\t\t\t\t<div class=\"elementor-container elementor-column-gap-default\">\n\t\t\t\t\t<div class=\"elementor-column elementor-col-100 elementor-top-column elementor-element elementor-element-0c3eb2c\" data-id=\"0c3eb2c\" data-element_type=\"column\" data-e-type=\"column\">\n\t\t\t<div class=\"elementor-widget-wrap elementor-element-populated\">\n\t\t\t\t\t\t<div class=\"elementor-element elementor-element-6840d20 elementor-widget__width-initial elementor-widget elementor-widget-text-editor\" data-id=\"6840d20\" data-element_type=\"widget\" data-e-type=\"widget\" data-widget_type=\"text-editor.default\">\n\t\t\t\t\t\t\t\t\t<p>Para la persona joven esto puede sonar pesimista, desolador y hasta exagerado. Pero quien lo dice es por algo. Y poco a poco en el camino se va descubriendo la realidad de esta expresi\u00f3n.\u00a0<\/p><p>No es un consejo para no tener amigos ni para desconfiar sistem\u00e1ticamente. Simplemente, cada persona tiene su camino y por all\u00ed encontrar\u00e1 quiz\u00e1 algun amigo verdaderamente sincero, que ayuda en buenas y malas, tal vez dos. Pero a\u00fan as\u00ed, la vida sigue siendo una prueba personal, de decisiones tomadas por uno mismo y las cuales no puedes endosar ni dejar a nadie m\u00e1s.\u00a0<\/p>\t\t\t\t\t\t\t\t<\/div>\n\t\t\t\t\t<\/div>\n\t\t<\/div>\n\t\t\t\t\t<\/div>\n\t\t<\/section>\n\t\t\t\t<section data-particle_enable=\"false\" data-particle-mobile-disabled=\"false\" class=\"elementor-section elementor-top-section elementor-element elementor-element-f466cdc elementor-section-boxed elementor-section-height-default elementor-section-height-default\" data-id=\"f466cdc\" data-element_type=\"section\" data-e-type=\"section\">\n\t\t\t\t\t\t<div class=\"elementor-container elementor-column-gap-default\">\n\t\t\t\t\t<div class=\"elementor-column elementor-col-100 elementor-top-column elementor-element elementor-element-2d63ab0\" data-id=\"2d63ab0\" data-element_type=\"column\" data-e-type=\"column\">\n\t\t\t<div class=\"elementor-widget-wrap elementor-element-populated\">\n\t\t\t\t\t\t<div class=\"elementor-element elementor-element-394c988 elementor-widget elementor-widget-video\" data-id=\"394c988\" data-element_type=\"widget\" data-e-type=\"widget\" data-settings=\"{&quot;youtube_url&quot;:&quot;https:\\\/\\\/www.youtube.com\\\/watch?v=gmQoyGC1fsU&quot;,&quot;video_type&quot;:&quot;youtube&quot;,&quot;controls&quot;:&quot;yes&quot;}\" data-widget_type=\"video.default\">\n\t\t\t\t\t\t\t<div class=\"elementor-wrapper elementor-open-inline\">\n\t\t\t<div class=\"elementor-video\"><\/div>\t\t<\/div>\n\t\t\t\t\t\t<\/div>\n\t\t\t\t\t<\/div>\n\t\t<\/div>\n\t\t\t\t\t<\/div>\n\t\t<\/section>\n\t\t\t\t<section data-particle_enable=\"false\" data-particle-mobile-disabled=\"false\" class=\"elementor-section elementor-top-section elementor-element elementor-element-fcc7fbe elementor-section-boxed elementor-section-height-default elementor-section-height-default\" data-id=\"fcc7fbe\" data-element_type=\"section\" data-e-type=\"section\">\n\t\t\t\t\t\t<div class=\"elementor-container elementor-column-gap-default\">\n\t\t\t\t\t<div class=\"elementor-column elementor-col-100 elementor-top-column elementor-element elementor-element-c69c40a\" data-id=\"c69c40a\" data-element_type=\"column\" data-e-type=\"column\">\n\t\t\t<div class=\"elementor-widget-wrap elementor-element-populated\">\n\t\t\t\t\t\t<div class=\"elementor-element elementor-element-6c33ae1 elementor-widget elementor-widget-heading\" data-id=\"6c33ae1\" data-element_type=\"widget\" data-e-type=\"widget\" data-widget_type=\"heading.default\">\n\t\t\t\t\t<h2 class=\"elementor-heading-title elementor-size-default\">\"Despacio para ir de prisa\" <\/h2>\t\t\t\t<\/div>\n\t\t\t\t\t<\/div>\n\t\t<\/div>\n\t\t\t\t\t<\/div>\n\t\t<\/section>\n\t\t\t\t<section data-particle_enable=\"false\" data-particle-mobile-disabled=\"false\" class=\"elementor-section elementor-top-section elementor-element elementor-element-9f319dc elementor-section-boxed elementor-section-height-default elementor-section-height-default\" data-id=\"9f319dc\" data-element_type=\"section\" data-e-type=\"section\">\n\t\t\t\t\t\t<div class=\"elementor-container elementor-column-gap-default\">\n\t\t\t\t\t<div class=\"elementor-column elementor-col-100 elementor-top-column elementor-element elementor-element-74cf952\" data-id=\"74cf952\" data-element_type=\"column\" data-e-type=\"column\">\n\t\t\t<div class=\"elementor-widget-wrap elementor-element-populated\">\n\t\t\t\t\t\t<div class=\"elementor-element elementor-element-c1e3435 elementor-widget elementor-widget-text-editor\" data-id=\"c1e3435\" data-element_type=\"widget\" data-e-type=\"widget\" data-widget_type=\"text-editor.default\">\n\t\t\t\t\t\t\t\t\t<p>Este consejo no es una justificaci\u00f3n para la tardanza o la impuntualidad. Nada m\u00e1s lejos de eso. Al contrario, es dedicar a las cosas el tiempo necesario para poder hacerlas bien.\u00a0<\/p><p>La an\u00e9cdota de esta frase, es atribuida a Napole\u00f3n Bonaparte, el emperador franc\u00e9s que se alistaba para ir a una batalla. Quien le ayudaba a surcir un bot\u00f3n estaba muy nervioso y se pinchaba el dedo, no acertaba la aguja. Ten\u00eda miedo que el jefe lo rega\u00f1ara. Hasta que este le dijo: &#8220;Despacio, despacio, que voy de prisa&#8221;.<\/p><p>Entonces, para todo prop\u00f3sito, desde una tarea escolar hasta un compromiso de trabajo, se debe hacer bien, siguiendo los pasos necesarios, con una planificaci\u00f3n adecuada y el cuidado de cada detalle. Tiene raz\u00f3n el viejo.<br \/><br \/><\/p>\t\t\t\t\t\t\t\t<\/div>\n\t\t\t\t\t<\/div>\n\t\t<\/div>\n\t\t\t\t\t<\/div>\n\t\t<\/section>\n\t\t\t\t<section data-particle_enable=\"false\" data-particle-mobile-disabled=\"false\" class=\"elementor-section elementor-top-section elementor-element elementor-element-4333dc9 elementor-section-boxed elementor-section-height-default elementor-section-height-default\" data-id=\"4333dc9\" data-element_type=\"section\" data-e-type=\"section\">\n\t\t\t\t\t\t<div class=\"elementor-container elementor-column-gap-default\">\n\t\t\t\t\t<div class=\"elementor-column elementor-col-100 elementor-top-column elementor-element elementor-element-4f9d992\" data-id=\"4f9d992\" data-element_type=\"column\" data-e-type=\"column\">\n\t\t\t<div class=\"elementor-widget-wrap elementor-element-populated\">\n\t\t\t\t\t\t<div class=\"elementor-element elementor-element-dd9a2e0 elementor-widget elementor-widget-image\" data-id=\"dd9a2e0\" data-element_type=\"widget\" data-e-type=\"widget\" data-widget_type=\"image.default\">\n\t\t\t\t\t\t\t\t\t\t\t\t\t\t\t<img fetchpriority=\"high\" decoding=\"async\" width=\"768\" height=\"554\" src=\"https:\/\/soymigrante.com\/revista\/wp-content\/uploads\/2024\/06\/Captura-de-pantalla-2024-06-14-163633-1024x738.webp\" class=\"attachment-large size-large wp-image-7022\" alt=\"Juego de ajedrez entre personas mayores, actividades para adultos mayores, entretenimiento y salud mental en la tercera edad, habilidades cognitivas para adultos, promoci\u00f3n del envejecimiento activo y saludable.\" srcset=\"https:\/\/soymigrante.com\/revista\/wp-content\/uploads\/2024\/06\/Captura-de-pantalla-2024-06-14-163633-1024x738.webp 1024w, https:\/\/soymigrante.com\/revista\/wp-content\/uploads\/2024\/06\/Captura-de-pantalla-2024-06-14-163633-300x216.webp 300w, https:\/\/soymigrante.com\/revista\/wp-content\/uploads\/2024\/06\/Captura-de-pantalla-2024-06-14-163633-768x553.webp 768w, https:\/\/soymigrante.com\/revista\/wp-content\/uploads\/2024\/06\/Captura-de-pantalla-2024-06-14-163633-120x86.webp 120w, https:\/\/soymigrante.com\/revista\/wp-content\/uploads\/2024\/06\/Captura-de-pantalla-2024-06-14-163633-750x540.webp 750w, https:\/\/soymigrante.com\/revista\/wp-content\/uploads\/2024\/06\/Captura-de-pantalla-2024-06-14-163633.webp 1058w\" sizes=\"(max-width: 768px) 100vw, 768px\" title=\"Consejos de mi padre, tema del d\u00eda de los papas \u2013 SoyMigrante.com REVISTA\" \/>\t\t\t\t\t\t\t\t\t\t\t\t\t\t\t<\/div>\n\t\t\t\t\t<\/div>\n\t\t<\/div>\n\t\t\t\t\t<\/div>\n\t\t<\/section>\n\t\t\t\t<section data-particle_enable=\"false\" data-particle-mobile-disabled=\"false\" class=\"elementor-section elementor-top-section elementor-element elementor-element-49235e8 elementor-section-boxed elementor-section-height-default elementor-section-height-default\" data-id=\"49235e8\" data-element_type=\"section\" data-e-type=\"section\">\n\t\t\t\t\t\t<div class=\"elementor-container elementor-column-gap-default\">\n\t\t\t\t\t<div class=\"elementor-column elementor-col-100 elementor-top-column elementor-element elementor-element-b546c72\" data-id=\"b546c72\" data-element_type=\"column\" data-e-type=\"column\">\n\t\t\t<div class=\"elementor-widget-wrap elementor-element-populated\">\n\t\t\t\t\t\t<div class=\"elementor-element elementor-element-7f47121 elementor-widget elementor-widget-heading\" data-id=\"7f47121\" data-element_type=\"widget\" data-e-type=\"widget\" data-widget_type=\"heading.default\">\n\t\t\t\t\t<h2 class=\"elementor-heading-title elementor-size-default\">\"Lleg\u00e1 10 minutos antes, mejor si 20\" <\/h2>\t\t\t\t<\/div>\n\t\t\t\t\t<\/div>\n\t\t<\/div>\n\t\t\t\t\t<\/div>\n\t\t<\/section>\n\t\t\t\t<section data-particle_enable=\"false\" data-particle-mobile-disabled=\"false\" class=\"elementor-section elementor-top-section elementor-element elementor-element-30bd308 elementor-section-boxed elementor-section-height-default elementor-section-height-default\" data-id=\"30bd308\" data-element_type=\"section\" data-e-type=\"section\">\n\t\t\t\t\t\t<div class=\"elementor-container elementor-column-gap-default\">\n\t\t\t\t\t<div class=\"elementor-column elementor-col-100 elementor-top-column elementor-element elementor-element-23f8a14\" data-id=\"23f8a14\" data-element_type=\"column\" data-e-type=\"column\">\n\t\t\t<div class=\"elementor-widget-wrap elementor-element-populated\">\n\t\t\t\t\t\t<div class=\"elementor-element elementor-element-940f941 elementor-widget elementor-widget-text-editor\" data-id=\"940f941\" data-element_type=\"widget\" data-e-type=\"widget\" data-widget_type=\"text-editor.default\">\n\t\t\t\t\t\t\t\t\t<p>La puntualidad es un arte, una disciplina pero sobre todo una decisi\u00f3n.\u00a0 Por eso los pap\u00e1s siempre empiezan a arreglarse para acudir a una cita o atender a una persona con la suficiente anticipaci\u00f3n. A veces parece exagerado el tiempo antes, pero a final de cuentas el mismo tiempo les da la raz\u00f3n.<\/p><p>Incluso en tiempos digitales, en que estamos rodeados de relojes y agendas electr\u00f3nicas, la puntualidad depende de la actitud personal. Y lo mismo cabe decir cuando se adquiere un compromiso de entregar un documento, un trabajo o una cita en un lugar. \u00a1Lleg\u00e1 10 minutos antes o mejor no llegu\u00e9s!, dicen otros a\u00fan m\u00e1s exigentes.\u00a0<\/p>\t\t\t\t\t\t\t\t<\/div>\n\t\t\t\t\t<\/div>\n\t\t<\/div>\n\t\t\t\t\t<\/div>\n\t\t<\/section>\n\t\t\t\t<section data-particle_enable=\"false\" data-particle-mobile-disabled=\"false\" class=\"elementor-section elementor-top-section elementor-element elementor-element-cc66da9 elementor-section-boxed elementor-section-height-default elementor-section-height-default\" data-id=\"cc66da9\" data-element_type=\"section\" data-e-type=\"section\">\n\t\t\t\t\t\t<div class=\"elementor-container elementor-column-gap-default\">\n\t\t\t\t\t<div class=\"elementor-column elementor-col-100 elementor-top-column elementor-element elementor-element-10fa6b4\" data-id=\"10fa6b4\" data-element_type=\"column\" data-e-type=\"column\">\n\t\t\t<div class=\"elementor-widget-wrap elementor-element-populated\">\n\t\t\t\t\t\t<div class=\"elementor-element elementor-element-986aae9 elementor-widget elementor-widget-heading\" data-id=\"986aae9\" data-element_type=\"widget\" data-e-type=\"widget\" data-widget_type=\"heading.default\">\n\t\t\t\t\t<h2 class=\"elementor-heading-title elementor-size-default\">\"Cuida tu trabajo, es tu nombre\" <\/h2>\t\t\t\t<\/div>\n\t\t\t\t\t<\/div>\n\t\t<\/div>\n\t\t\t\t\t<\/div>\n\t\t<\/section>\n\t\t\t\t<section data-particle_enable=\"false\" data-particle-mobile-disabled=\"false\" class=\"elementor-section elementor-top-section elementor-element elementor-element-7011d0b elementor-section-boxed elementor-section-height-default elementor-section-height-default\" data-id=\"7011d0b\" data-element_type=\"section\" data-e-type=\"section\">\n\t\t\t\t\t\t<div class=\"elementor-container elementor-column-gap-default\">\n\t\t\t\t\t<div class=\"elementor-column elementor-col-100 elementor-top-column elementor-element elementor-element-53609d3\" data-id=\"53609d3\" data-element_type=\"column\" data-e-type=\"column\">\n\t\t\t<div class=\"elementor-widget-wrap elementor-element-populated\">\n\t\t\t\t\t\t<div class=\"elementor-element elementor-element-9170c9f elementor-widget elementor-widget-text-editor\" data-id=\"9170c9f\" data-element_type=\"widget\" data-e-type=\"widget\" data-widget_type=\"text-editor.default\">\n\t\t\t\t\t\t\t\t\t<p>Hay\u00a0 personas que hacen el trabajo como caiga, como salga, con una mala cultura del m\u00ednimo posible, solo por &#8220;cumplir&#8221;. Ya se trate de un oficio, una artesan\u00eda, una profesi\u00f3n o un puesto bajo salario, los pap\u00e1s de bien siempre aconsejar\u00e1n: &#8220;No hag\u00e1s nada a medias. si lo hac\u00e9s a medias mejor no lo hag\u00e1s&#8221;. Se parece al consejo del tiempo, pero traducido en acciones.<\/p><p>En el fondo, el concepto de excelencia e integridad se encuentra tejido en este consejo. Una persona que destaca por su puntualidad, desempe\u00f1o y resultados no solo es un trabajador: es una marca valiosa con nombre y apellido.<\/p>\t\t\t\t\t\t\t\t<\/div>\n\t\t\t\t\t<\/div>\n\t\t<\/div>\n\t\t\t\t\t<\/div>\n\t\t<\/section>\n\t\t\t\t<section data-particle_enable=\"false\" data-particle-mobile-disabled=\"false\" class=\"elementor-section elementor-top-section elementor-element elementor-element-ae749e1 elementor-section-boxed elementor-section-height-default elementor-section-height-default\" data-id=\"ae749e1\" data-element_type=\"section\" data-e-type=\"section\">\n\t\t\t\t\t\t<div class=\"elementor-container elementor-column-gap-default\">\n\t\t\t\t\t<div class=\"elementor-column elementor-col-100 elementor-top-column elementor-element elementor-element-e86b360\" data-id=\"e86b360\" data-element_type=\"column\" data-e-type=\"column\">\n\t\t\t<div class=\"elementor-widget-wrap elementor-element-populated\">\n\t\t\t\t\t\t<div class=\"elementor-element elementor-element-146fd76 elementor-widget elementor-widget-image\" data-id=\"146fd76\" data-element_type=\"widget\" data-e-type=\"widget\" data-widget_type=\"image.default\">\n\t\t\t\t\t\t\t\t\t\t\t\t\t\t\t<img decoding=\"async\" width=\"768\" height=\"478\" src=\"https:\/\/soymigrante.com\/revista\/wp-content\/uploads\/2024\/06\/Captura-de-pantalla-2024-06-14-163703-1024x637.webp\" class=\"attachment-large size-large wp-image-7021\" alt=\"Diversi\u00f3n y alegr\u00eda entre pareja de inmigrantes compartiendo un momento feliz en el hogar.\" srcset=\"https:\/\/soymigrante.com\/revista\/wp-content\/uploads\/2024\/06\/Captura-de-pantalla-2024-06-14-163703-1024x637.webp 1024w, https:\/\/soymigrante.com\/revista\/wp-content\/uploads\/2024\/06\/Captura-de-pantalla-2024-06-14-163703-300x187.webp 300w, https:\/\/soymigrante.com\/revista\/wp-content\/uploads\/2024\/06\/Captura-de-pantalla-2024-06-14-163703-768x478.webp 768w, https:\/\/soymigrante.com\/revista\/wp-content\/uploads\/2024\/06\/Captura-de-pantalla-2024-06-14-163703-750x467.webp 750w, https:\/\/soymigrante.com\/revista\/wp-content\/uploads\/2024\/06\/Captura-de-pantalla-2024-06-14-163703-1140x710.webp 1140w, https:\/\/soymigrante.com\/revista\/wp-content\/uploads\/2024\/06\/Captura-de-pantalla-2024-06-14-163703.webp 1237w\" sizes=\"(max-width: 768px) 100vw, 768px\" title=\"Consejos de mi padre, tema del d\u00eda de los papas \u2013 SoyMigrante.com REVISTA\" \/>\t\t\t\t\t\t\t\t\t\t\t\t\t\t\t<\/div>\n\t\t\t\t\t<\/div>\n\t\t<\/div>\n\t\t\t\t\t<\/div>\n\t\t<\/section>\n\t\t\t\t<section data-particle_enable=\"false\" data-particle-mobile-disabled=\"false\" class=\"elementor-section elementor-top-section elementor-element elementor-element-bff087e elementor-section-boxed elementor-section-height-default elementor-section-height-default\" data-id=\"bff087e\" data-element_type=\"section\" data-e-type=\"section\">\n\t\t\t\t\t\t<div class=\"elementor-container elementor-column-gap-default\">\n\t\t\t\t\t<div class=\"elementor-column elementor-col-100 elementor-top-column elementor-element elementor-element-9c2d977\" data-id=\"9c2d977\" data-element_type=\"column\" data-e-type=\"column\">\n\t\t\t<div class=\"elementor-widget-wrap elementor-element-populated\">\n\t\t\t\t\t\t<div class=\"elementor-element elementor-element-8330ab2 elementor-widget elementor-widget-heading\" data-id=\"8330ab2\" data-element_type=\"widget\" data-e-type=\"widget\" data-widget_type=\"heading.default\">\n\t\t\t\t\t<h2 class=\"elementor-heading-title elementor-size-default\">\"Piensa lo que vas a decir\" <\/h2>\t\t\t\t<\/div>\n\t\t\t\t\t<\/div>\n\t\t<\/div>\n\t\t\t\t\t<\/div>\n\t\t<\/section>\n\t\t\t\t<section data-particle_enable=\"false\" data-particle-mobile-disabled=\"false\" class=\"elementor-section elementor-top-section elementor-element elementor-element-2df59f4 elementor-section-boxed elementor-section-height-default elementor-section-height-default\" data-id=\"2df59f4\" data-element_type=\"section\" data-e-type=\"section\">\n\t\t\t\t\t\t<div class=\"elementor-container elementor-column-gap-default\">\n\t\t\t\t\t<div class=\"elementor-column elementor-col-100 elementor-top-column elementor-element elementor-element-6b3ba0b\" data-id=\"6b3ba0b\" data-element_type=\"column\" data-e-type=\"column\">\n\t\t\t<div class=\"elementor-widget-wrap elementor-element-populated\">\n\t\t\t\t\t\t<div class=\"elementor-element elementor-element-ede7f50 elementor-widget elementor-widget-text-editor\" data-id=\"ede7f50\" data-element_type=\"widget\" data-e-type=\"widget\" data-widget_type=\"text-editor.default\">\n\t\t\t\t\t\t\t\t\t<p>Si alguien no entiende este consejo, cabr\u00eda preguntarle: \u00bfRecuerdas la \u00faltima vez que dijiste algo sin pensarlo, sin meditarlo, como una reacci\u00f3n quiz\u00e1 de enojo? \u00bfCu\u00e1l fue el resultado?<br \/>Pero esta palabra no solo sirve para el manejo de emociones, sino tambi\u00e9n para no adquirir compromisos que no se puedan cumplir.\u00a0 No a todo compromiso se puede decir que s\u00ed, sobre todo de trabajo. Hay que pensar en las propias limitaciones y saberes a fin de opinar con acierto en determinadas situaciones.<\/p><p>Si no piensas antes lo que vas a decir, es posible que te vayas a quedar pensando despu\u00e9s si debiste decirlo.<\/p>\t\t\t\t\t\t\t\t<\/div>\n\t\t\t\t\t<\/div>\n\t\t<\/div>\n\t\t\t\t\t<\/div>\n\t\t<\/section>\n\t\t\t\t<section data-particle_enable=\"false\" data-particle-mobile-disabled=\"false\" class=\"elementor-section elementor-top-section elementor-element elementor-element-8819028 elementor-section-boxed elementor-section-height-default elementor-section-height-default\" data-id=\"8819028\" data-element_type=\"section\" data-e-type=\"section\">\n\t\t\t\t\t\t<div class=\"elementor-container elementor-column-gap-default\">\n\t\t\t\t\t<div class=\"elementor-column elementor-col-100 elementor-top-column elementor-element elementor-element-19c0a42\" data-id=\"19c0a42\" data-element_type=\"column\" data-e-type=\"column\">\n\t\t\t<div class=\"elementor-widget-wrap elementor-element-populated\">\n\t\t\t\t\t\t<div class=\"elementor-element elementor-element-ad50d59 elementor-widget elementor-widget-heading\" data-id=\"ad50d59\" data-element_type=\"widget\" data-e-type=\"widget\" data-widget_type=\"heading.default\">\n\t\t\t\t\t<h2 class=\"elementor-heading-title elementor-size-default\">\"Calma, tambi\u00e9n hay que vivir \"<\/h2>\t\t\t\t<\/div>\n\t\t\t\t\t<\/div>\n\t\t<\/div>\n\t\t\t\t\t<\/div>\n\t\t<\/section>\n\t\t\t\t<section data-particle_enable=\"false\" data-particle-mobile-disabled=\"false\" class=\"elementor-section elementor-top-section elementor-element elementor-element-d61836a elementor-section-boxed elementor-section-height-default elementor-section-height-default\" data-id=\"d61836a\" data-element_type=\"section\" data-e-type=\"section\">\n\t\t\t\t\t\t<div class=\"elementor-container elementor-column-gap-default\">\n\t\t\t\t\t<div class=\"elementor-column elementor-col-100 elementor-top-column elementor-element elementor-element-30e4749\" data-id=\"30e4749\" data-element_type=\"column\" data-e-type=\"column\">\n\t\t\t<div class=\"elementor-widget-wrap elementor-element-populated\">\n\t\t\t\t\t\t<div class=\"elementor-element elementor-element-cc3f520 elementor-widget elementor-widget-text-editor\" data-id=\"cc3f520\" data-element_type=\"widget\" data-e-type=\"widget\" data-widget_type=\"text-editor.default\">\n\t\t\t\t\t\t\t\t\t<p>Los pap\u00e1s pueden ser exigentes y a veces hasta duros en la forma de demandar resultados. Pero en esa misma forma, tambi\u00e9n tienen un lado de ni\u00f1o dentro, el cual les hace disfrutar del jugueteo con una mascota, de mirar un partido de futbol o compartir el tiempo libre ante un paisaje hermoso.<\/p><p>Este consejo no aplica solo para el ocio, pues en situaciones complicadas, en coyunturas dif\u00edciles, en momentos en que la soluci\u00f3n parece distante&#8230; mantener la calma puede ser la primera medida inteligente para encontrar una salida.<\/p>\t\t\t\t\t\t\t\t<\/div>\n\t\t\t\t\t<\/div>\n\t\t<\/div>\n\t\t\t\t\t<\/div>\n\t\t<\/section>\n\t\t\t\t<section data-particle_enable=\"false\" data-particle-mobile-disabled=\"false\" class=\"elementor-section elementor-top-section elementor-element elementor-element-0ce6e4a elementor-section-boxed elementor-section-height-default elementor-section-height-default\" data-id=\"0ce6e4a\" data-element_type=\"section\" data-e-type=\"section\">\n\t\t\t\t\t\t<div class=\"elementor-container elementor-column-gap-default\">\n\t\t\t\t\t<div class=\"elementor-column elementor-col-100 elementor-top-column elementor-element elementor-element-bcfb9dc\" data-id=\"bcfb9dc\" data-element_type=\"column\" data-e-type=\"column\">\n\t\t\t<div class=\"elementor-widget-wrap elementor-element-populated\">\n\t\t\t\t\t\t<div class=\"elementor-element elementor-element-1c7b9b3 elementor-widget elementor-widget-image\" data-id=\"1c7b9b3\" data-element_type=\"widget\" data-e-type=\"widget\" data-widget_type=\"image.default\">\n\t\t\t\t\t\t\t\t\t\t\t\t\t\t\t<img decoding=\"async\" width=\"768\" height=\"552\" src=\"https:\/\/soymigrante.com\/revista\/wp-content\/uploads\/2024\/06\/Captura-de-pantalla-2024-06-14-163543-1024x736.webp\" class=\"attachment-large size-large wp-image-7023\" alt=\"Divertido momento familiar en la playa con un ni\u00f1o en una tabla de surf y su padre sentado en el agua con una p\u00e9rtiga al atardecer, ideal para ilustrar contenido sobre comunidad migrante, viajes y recreaci\u00f3n en Revista SoyMigrante.com.\" srcset=\"https:\/\/soymigrante.com\/revista\/wp-content\/uploads\/2024\/06\/Captura-de-pantalla-2024-06-14-163543-1024x736.webp 1024w, https:\/\/soymigrante.com\/revista\/wp-content\/uploads\/2024\/06\/Captura-de-pantalla-2024-06-14-163543-300x216.webp 300w, https:\/\/soymigrante.com\/revista\/wp-content\/uploads\/2024\/06\/Captura-de-pantalla-2024-06-14-163543-768x552.webp 768w, https:\/\/soymigrante.com\/revista\/wp-content\/uploads\/2024\/06\/Captura-de-pantalla-2024-06-14-163543-120x86.webp 120w, https:\/\/soymigrante.com\/revista\/wp-content\/uploads\/2024\/06\/Captura-de-pantalla-2024-06-14-163543-750x539.webp 750w, https:\/\/soymigrante.com\/revista\/wp-content\/uploads\/2024\/06\/Captura-de-pantalla-2024-06-14-163543.webp 1102w\" sizes=\"(max-width: 768px) 100vw, 768px\" title=\"Consejos de mi pap\u00e1, ilustracion para nota \u2013 SoyMigrante.com REVISTA\" \/>\t\t\t\t\t\t\t\t\t\t\t\t\t\t\t<\/div>\n\t\t\t\t\t<\/div>\n\t\t<\/div>\n\t\t\t\t\t<\/div>\n\t\t<\/section>\n\t\t\t\t<section data-particle_enable=\"false\" data-particle-mobile-disabled=\"false\" class=\"elementor-section elementor-top-section elementor-element elementor-element-353d4be elementor-section-boxed elementor-section-height-default elementor-section-height-default\" data-id=\"353d4be\" data-element_type=\"section\" data-e-type=\"section\">\n\t\t\t\t\t\t<div class=\"elementor-container elementor-column-gap-default\">\n\t\t\t\t\t<div class=\"elementor-column elementor-col-100 elementor-top-column elementor-element elementor-element-50df789\" data-id=\"50df789\" data-element_type=\"column\" data-e-type=\"column\">\n\t\t\t<div class=\"elementor-widget-wrap elementor-element-populated\">\n\t\t\t\t\t\t<div class=\"elementor-element elementor-element-46e1dc4 elementor-widget elementor-widget-heading\" data-id=\"46e1dc4\" data-element_type=\"widget\" data-e-type=\"widget\" data-widget_type=\"heading.default\">\n\t\t\t\t\t<h2 class=\"elementor-heading-title elementor-size-default\">\"Nunca olvides cu\u00e1nto te quiero\" <\/h2>\t\t\t\t<\/div>\n\t\t\t\t\t<\/div>\n\t\t<\/div>\n\t\t\t\t\t<\/div>\n\t\t<\/section>\n\t\t\t\t<section data-particle_enable=\"false\" data-particle-mobile-disabled=\"false\" class=\"elementor-section elementor-top-section elementor-element elementor-element-99e193d elementor-section-boxed elementor-section-height-default elementor-section-height-default\" data-id=\"99e193d\" data-element_type=\"section\" data-e-type=\"section\">\n\t\t\t\t\t\t<div class=\"elementor-container elementor-column-gap-default\">\n\t\t\t\t\t<div class=\"elementor-column elementor-col-100 elementor-top-column elementor-element elementor-element-cd1b86c\" data-id=\"cd1b86c\" data-element_type=\"column\" data-e-type=\"column\">\n\t\t\t<div class=\"elementor-widget-wrap elementor-element-populated\">\n\t\t\t\t\t\t<div class=\"elementor-element elementor-element-eefe362 elementor-widget elementor-widget-text-editor\" data-id=\"eefe362\" data-element_type=\"widget\" data-e-type=\"widget\" data-widget_type=\"text-editor.default\">\n\t\t\t\t\t\t\t\t\t<p>Por patrones culturales o simple rutina, a veces los pap\u00e1s no expresan con frecuencia el afecto a sus hijos. Pero hay que saber observar sus acciones, sus esfuerzos, su trabajo por largas horas.\u00a0\u00a0<\/p><p>Ese nunca olvidar puede acallar muchos temores y apagar complejos. Quiz\u00e1 para encender la motivaci\u00f3n de esa frase es necesario que el hijo o hija, con nuevas ideas y menos condicionamientos que la generaci\u00f3n anterior, le diga primero:\u00a0<\/p>\t\t\t\t\t\t\t\t<\/div>\n\t\t\t\t\t<\/div>\n\t\t<\/div>\n\t\t\t\t\t<\/div>\n\t\t<\/section>\n\t\t\t\t<section data-particle_enable=\"false\" data-particle-mobile-disabled=\"false\" class=\"elementor-section elementor-top-section elementor-element elementor-element-6c89d9a elementor-section-boxed elementor-section-height-default elementor-section-height-default\" data-id=\"6c89d9a\" data-element_type=\"section\" data-e-type=\"section\">\n\t\t\t\t\t\t<div class=\"elementor-container elementor-column-gap-default\">\n\t\t\t\t\t<div class=\"elementor-column elementor-col-100 elementor-top-column elementor-element elementor-element-bf7e0d0\" data-id=\"bf7e0d0\" data-element_type=\"column\" data-e-type=\"column\">\n\t\t\t<div class=\"elementor-widget-wrap elementor-element-populated\">\n\t\t\t\t\t\t<div class=\"elementor-element elementor-element-73240f3 elementor-headline--style-highlight elementor-widget elementor-widget-animated-headline\" data-id=\"73240f3\" data-element_type=\"widget\" data-e-type=\"widget\" data-settings=\"{&quot;highlighted_text&quot;:&quot; \\u00a1Pap\\u00e1, cu\\u00e1nto te amo,&quot;,&quot;headline_style&quot;:&quot;highlight&quot;,&quot;marker&quot;:&quot;circle&quot;,&quot;loop&quot;:&quot;yes&quot;,&quot;highlight_animation_duration&quot;:1200,&quot;highlight_iteration_delay&quot;:8000}\" data-widget_type=\"animated-headline.default\">\n\t\t\t\t\t\t\t<h3 class=\"elementor-headline\">\n\t\t\t\t\t<span class=\"elementor-headline-plain-text elementor-headline-text-wrapper\"> <\/span>\n\t\t\t\t<span class=\"elementor-headline-dynamic-wrapper elementor-headline-text-wrapper\">\n\t\t\t\t\t<span class=\"elementor-headline-dynamic-text elementor-headline-text-active\"> \u00a1Pap\u00e1, cu\u00e1nto te amo,<\/span>\n\t\t\t\t<\/span>\n\t\t\t\t\t<span class=\"elementor-headline-plain-text elementor-headline-text-wrapper\">agradezco tanto tus esfuerzos, tus consejos y eres el mejor maestro y amigo que tengo!<\/span>\n\t\t\t\t\t<\/h3>\n\t\t\t\t\t\t<\/div>\n\t\t\t\t\t<\/div>\n\t\t<\/div>\n\t\t\t\t\t<\/div>\n\t\t<\/section>\n\t\t\t\t<section data-particle_enable=\"false\" data-particle-mobile-disabled=\"false\" class=\"elementor-section elementor-top-section elementor-element elementor-element-f672730 elementor-section-boxed elementor-section-height-default elementor-section-height-default\" data-id=\"f672730\" data-element_type=\"section\" data-e-type=\"section\">\n\t\t\t\t\t\t<div class=\"elementor-container elementor-column-gap-default\">\n\t\t\t\t\t<div class=\"elementor-column elementor-col-100 elementor-top-column elementor-element elementor-element-ecb4804\" data-id=\"ecb4804\" data-element_type=\"column\" data-e-type=\"column\">\n\t\t\t<div class=\"elementor-widget-wrap elementor-element-populated\">\n\t\t\t\t\t\t<div class=\"elementor-element elementor-element-36d0f32 elementor-widget elementor-widget-heading\" data-id=\"36d0f32\" data-element_type=\"widget\" data-e-type=\"widget\" data-widget_type=\"heading.default\">\n\t\t\t\t\t<h2 class=\"elementor-heading-title elementor-size-default\">Otras claves migrantes para vivir...<\/h2>\t\t\t\t<\/div>\n\t\t\t\t\t<\/div>\n\t\t<\/div>\n\t\t\t\t\t<\/div>\n\t\t<\/section>\n\t\t\t\t<section data-particle_enable=\"false\" data-particle-mobile-disabled=\"false\" class=\"elementor-section elementor-top-section elementor-element elementor-element-67163ca elementor-section-boxed elementor-section-height-default elementor-section-height-default\" data-id=\"67163ca\" data-element_type=\"section\" data-e-type=\"section\">\n\t\t\t\t\t\t<div class=\"elementor-container elementor-column-gap-default\">\n\t\t\t\t\t<div class=\"elementor-column elementor-col-100 elementor-top-column elementor-element elementor-element-3749302\" data-id=\"3749302\" data-element_type=\"column\" data-e-type=\"column\">\n\t\t\t<div class=\"elementor-widget-wrap elementor-element-populated\">\n\t\t\t\t\t\t<div class=\"elementor-element elementor-element-dfa10fd elementor-widget elementor-widget-blfe-post-grid\" data-id=\"dfa10fd\" data-element_type=\"widget\" data-e-type=\"widget\" data-settings=\"{&quot;columns&quot;:&quot;3&quot;,&quot;columns_tablet&quot;:&quot;6&quot;,&quot;columns_mobile&quot;:&quot;12&quot;,&quot;hero1_layout_column_gap&quot;:{&quot;unit&quot;:&quot;px&quot;,&quot;size&quot;:30,&quot;sizes&quot;:[]},&quot;hero1_layout_column_gap_tablet&quot;:{&quot;unit&quot;:&quot;px&quot;,&quot;size&quot;:&quot;&quot;,&quot;sizes&quot;:[]},&quot;hero1_layout_column_gap_mobile&quot;:{&quot;unit&quot;:&quot;px&quot;,&quot;size&quot;:&quot;&quot;,&quot;sizes&quot;:[]},&quot;hero1_layout_row_gap&quot;:{&quot;unit&quot;:&quot;px&quot;,&quot;size&quot;:30,&quot;sizes&quot;:[]},&quot;hero1_layout_row_gap_tablet&quot;:{&quot;unit&quot;:&quot;px&quot;,&quot;size&quot;:&quot;&quot;,&quot;sizes&quot;:[]},&quot;hero1_layout_row_gap_mobile&quot;:{&quot;unit&quot;:&quot;px&quot;,&quot;size&quot;:&quot;&quot;,&quot;sizes&quot;:[]}}\" data-widget_type=\"blfe-post-grid.hero1\">\n\t\t\t\t<div class=\"elementor-widget-container\">\n\t\t\t\t\t\n                        <div class=\"blfe-post-grid-container \">\n            \n                <div data-skin=\"hero1\" class=\"blfe-row blfe-posts-inner blfe-hero1 blfe-posts-inner blfe-col-3 blfe-col-tab-6 blfe-col-mob-12     \">\n                            <div class=\"blfe-post-grid-item\">\n            <div class=\"blfe-post-grid-item-inner blfe-modern-zoom\">\n                        <div class=\"blfe-post-grid-bg-image\">\n            <a class=\"blfe-post-grid-image-inner\" href=\"https:\/\/soymigrante.com\/revista\/oracion-del-migrante-en-ruta-estados-unidos\/\" title=\"Oraci\u00f3n a Santo Toribio Romo y otras plegarias para orar por los migrantes\" rel=\"nofollow\" target=\"_blank\"><img decoding=\"async\" src=\"https:\/\/soymigrante.com\/revista\/wp-content\/uploads\/2024\/03\/oracion-a-santo-toribio-romo-por-los-migrantes.webp\" alt=\"Oraci\u00f3n a Santo Toribio Romo y otras plegarias para orar por los migrantes\"\/><\/a>        <\/div>\n                        <div class=\"blfe-post-grid-details\">\n                    <div class=\"blfe-post-grid-details-inner\">\n                        <span class=\"blfe-post-category\"><a href=\"https:\/\/soymigrante.com\/revista\/category\/bienestar\/\">Bienestar<\/a><\/span>                        <h3 class=\"blfe-post-grid-title\">\n            <a href=\"https:\/\/soymigrante.com\/revista\/oracion-del-migrante-en-ruta-estados-unidos\/\" title=\"Oraci\u00f3n a Santo Toribio Romo y otras plegarias para orar por los migrantes\" rel=\"nofollow\" target=\"_blank\">Oraci\u00f3n a Santo Toribio Romo y otras plegarias para orar por los migrantes<\/a>\n            <\/h3>                                                            <div class=\"blfe-post-grid-meta\">\n                <span class=\"blfe-post-grid-time\"><i class=\"fas fa-book-reader\"><\/i>6 Min read<\/span>            <\/div>\n                                                        <\/div>\n                <\/div>\n\n            <\/div>\n        <\/div>\n                <div class=\"blfe-post-grid-item\">\n            <div class=\"blfe-post-grid-item-inner blfe-modern-zoom\">\n                        <div class=\"blfe-post-grid-bg-image\">\n            <a class=\"blfe-post-grid-image-inner\" href=\"https:\/\/soymigrante.com\/revista\/conoce-las-equivalencias-de-titulos-academicos-entre-guatemala-y-estados-unidos\/\" title=\"Conoce las equivalencias de t\u00edtulos acad\u00e9micos entre Guatemala y Estados Unidos\" rel=\"nofollow\" target=\"_blank\"><img decoding=\"async\" src=\"https:\/\/soymigrante.com\/revista\/wp-content\/uploads\/2024\/10\/equivalencias-academicas.webp\" alt=\"Conoce las equivalencias de t\u00edtulos acad\u00e9micos entre Guatemala y Estados Unidos\"\/><\/a>        <\/div>\n                        <div class=\"blfe-post-grid-details\">\n                    <div class=\"blfe-post-grid-details-inner\">\n                        <span class=\"blfe-post-category\"><a href=\"https:\/\/soymigrante.com\/revista\/category\/bienestar\/\">Bienestar<\/a><\/span>                        <h3 class=\"blfe-post-grid-title\">\n            <a href=\"https:\/\/soymigrante.com\/revista\/conoce-las-equivalencias-de-titulos-academicos-entre-guatemala-y-estados-unidos\/\" title=\"Conoce las equivalencias de t\u00edtulos acad\u00e9micos entre Guatemala y Estados Unidos\" rel=\"nofollow\" target=\"_blank\">Conoce las equivalencias de t\u00edtulos acad\u00e9micos entre Guatemala y Estados Unidos<\/a>\n            <\/h3>                                                            <div class=\"blfe-post-grid-meta\">\n                <span class=\"blfe-post-grid-time\"><i class=\"fas fa-book-reader\"><\/i>6 Min read<\/span>            <\/div>\n                                                        <\/div>\n                <\/div>\n\n            <\/div>\n        <\/div>\n                <div class=\"blfe-post-grid-item\">\n            <div class=\"blfe-post-grid-item-inner blfe-modern-zoom\">\n                        <div class=\"blfe-post-grid-bg-image\">\n            <a class=\"blfe-post-grid-image-inner\" href=\"https:\/\/soymigrante.com\/revista\/tiene-equivalencia-tu-titulo-universitario-en-usa-quiza-no-quiza-si-averigualo\/\" title=\"\u00bfTiene equivalencia tu t\u00edtulo universitario en USA? Quiz\u00e1 no, quiz\u00e1 s\u00ed. Aver\u00edgualo\" rel=\"nofollow\" target=\"_blank\"><img decoding=\"async\" src=\"https:\/\/soymigrante.com\/revista\/wp-content\/uploads\/2024\/10\/equivalencia-usa-soy-migrante-scaled.webp\" alt=\"\u00bfTiene equivalencia tu t\u00edtulo universitario en USA? Quiz\u00e1 no, quiz\u00e1 s\u00ed. Aver\u00edgualo\"\/><\/a>        <\/div>\n                        <div class=\"blfe-post-grid-details\">\n                    <div class=\"blfe-post-grid-details-inner\">\n                        <span class=\"blfe-post-category\"><a href=\"https:\/\/soymigrante.com\/revista\/category\/bienestar\/\">Bienestar<\/a><\/span>                        <h3 class=\"blfe-post-grid-title\">\n            <a href=\"https:\/\/soymigrante.com\/revista\/tiene-equivalencia-tu-titulo-universitario-en-usa-quiza-no-quiza-si-averigualo\/\" title=\"\u00bfTiene equivalencia tu t\u00edtulo universitario en USA? Quiz\u00e1 no, quiz\u00e1 s\u00ed. Aver\u00edgualo\" rel=\"nofollow\" target=\"_blank\">\u00bfTiene equivalencia tu t\u00edtulo universitario en USA? Quiz\u00e1 no, quiz\u00e1 s\u00ed. Aver\u00edgualo<\/a>\n            <\/h3>                                                            <div class=\"blfe-post-grid-meta\">\n                <span class=\"blfe-post-grid-time\"><i class=\"fas fa-book-reader\"><\/i>7 Min read<\/span>            <\/div>\n                                                        <\/div>\n                <\/div>\n\n            <\/div>\n        <\/div>\n                        <\/div>\n\n                        <\/div>\n            \n                        <div class=\"blfe-post-footer\">\n                        <\/div>\n            \t\t\t\t<\/div>\n\t\t\t\t<\/div>\n\t\t\t\t\t<\/div>\n\t\t<\/div>\n\t\t\t\t\t<\/div>\n\t\t<\/section>\n\t\t\t\t<\/div>\n\t\t","protected":false},"excerpt":{"rendered":"<p>\u00a1Ah, los consejos de mi padre&#8230;! As\u00ed exclama una persona, quiz\u00e1 un migrante, al recordar las ense\u00f1anzas, las advertencias y tambi\u00e9n los avisos de una voz que ya aprendi\u00f3 a trav\u00e9s de la experiencia. Estos son algunos&#8230;. S\u00ed los pap\u00e1s aconsejan cuando les preguntas y a veces sin que se lo preguntes. Tienen la palabra [&hellip;]<\/p>\n","protected":false},"author":1,"featured_media":7019,"comment_status":"open","ping_status":"open","sticky":false,"template":"","format":"standard","meta":{"_acf_changed":true,"_eb_attr":"","footnotes":""},"categories":[55],"tags":[],"class_list":["post-7018","post","type-post","status-publish","format-standard","has-post-thumbnail","hentry","category-bienestar"],"acf":[],"aioseo_notices":[],"aioseo_head":"\n\t\t<!-- All in One SEO Pro 4.9.6.2 - aioseo.com -->\n\t<meta name=\"description\" content=\"Muchos migrantes tienen un grado universitario y se resignan a perderlo en el nuevo contexto en que viven en USA. Sin embargo, quiz\u00e1 haya posibilidad de validarlo\" \/>\n\t<meta name=\"robots\" content=\"max-snippet:-1, max-image-preview:large, max-video-preview:-1\" \/>\n\t<meta name=\"author\" content=\"Beatriz Tercero\"\/>\n\t<link rel=\"canonical\" href=\"https:\/\/soymigrante.com\/revista\/tiene-equivalencia-tu-titulo-universitario-en-usa-quiza-no-quiza-si-averigualo\/\" \/>\n\t<meta name=\"generator\" content=\"All in One SEO Pro (AIOSEO) 4.9.6.2\" \/>\n\n\t\t<link rel=\"preconnect\" href=\"https:\/\/fonts.googleapis.com\" crossorigin>\n<link rel=\"preconnect\" href=\"https:\/\/fonts.gstatic.com\" crossorigin>\n\t\t<meta property=\"og:locale\" content=\"es_ES\" \/>\n\t\t<meta property=\"og:site_name\" content=\"SoyMigrante.com REVISTA \u2013 Nuestra misi\u00f3n es reconocer y dignificar al migrante.\" \/>\n\t\t<meta property=\"og:type\" content=\"article\" \/>\n\t\t<meta property=\"og:title\" content=\"As\u00ed el sistema de equivalencias de t\u00edtulos universitarios en USA\" \/>\n\t\t<meta property=\"og:description\" content=\"Muchos migrantes tienen un grado universitario y se resignan a perderlo en el nuevo contexto en que viven en USA. Sin embargo, quiz\u00e1 haya posibilidad de validarlo\" \/>\n\t\t<meta property=\"og:url\" content=\"https:\/\/soymigrante.com\/revista\/tiene-equivalencia-tu-titulo-universitario-en-usa-quiza-no-quiza-si-averigualo\/\" \/>\n\t\t<meta property=\"og:image\" content=\"https:\/\/soymigrante.com\/revista\/wp-content\/uploads\/2024\/10\/equivalencia-usa-soy-migrante-scaled.webp\" \/>\n\t\t<meta property=\"og:image:secure_url\" content=\"https:\/\/soymigrante.com\/revista\/wp-content\/uploads\/2024\/10\/equivalencia-usa-soy-migrante-scaled.webp\" \/>\n\t\t<meta property=\"og:image:width\" content=\"1920\" \/>\n\t\t<meta property=\"og:image:height\" content=\"1920\" \/>\n\t\t<meta property=\"article:published_time\" content=\"2024-10-11T15:22:15+00:00\" \/>\n\t\t<meta property=\"article:modified_time\" content=\"2024-10-11T15:22:17+00:00\" \/>\n\t\t<meta property=\"article:publisher\" content=\"https:\/\/www.facebook.com\/soymigrantecom\" \/>\n\t\t<meta name=\"twitter:card\" content=\"summary_large_image\" \/>\n\t\t<meta name=\"twitter:site\" content=\"@SoyMigrante_com\" \/>\n\t\t<meta name=\"twitter:title\" content=\"As\u00ed el sistema de equivalencias de t\u00edtulos universitarios en USA\" \/>\n\t\t<meta name=\"twitter:description\" content=\"Muchos migrantes tienen un grado universitario y se resignan a perderlo en el nuevo contexto en que viven en USA. Sin embargo, quiz\u00e1 haya posibilidad de validarlo\" \/>\n\t\t<meta name=\"twitter:creator\" content=\"@SoyMigrante_com\" \/>\n\t\t<meta name=\"twitter:image\" content=\"https:\/\/soymigrante.com\/revista\/wp-content\/uploads\/2024\/10\/equivalencia-usa-soy-migrante-scaled.webp\" \/>\n\t\t<!-- All in One SEO Pro -->\r\n\t\t<title>As\u00ed el sistema de equivalencias de t\u00edtulos universitarios en USA<\/title>\n\n","aioseo_head_json":{"title":"As\u00ed el sistema de equivalencias de t\u00edtulos universitarios en USA","description":"Muchos migrantes tienen un grado universitario y se resignan a perderlo en el nuevo contexto en que viven en USA. Sin embargo, quiz\u00e1 haya posibilidad de validarlo","canonical_url":"https:\/\/soymigrante.com\/revista\/tiene-equivalencia-tu-titulo-universitario-en-usa-quiza-no-quiza-si-averigualo\/","robots":"max-snippet:-1, max-image-preview:large, max-video-preview:-1","keywords":"","webmasterTools":{"miscellaneous":"&lt;link rel=\"preconnect\" href=\"https:\/\/fonts.googleapis.com\" crossorigin&gt;\n&lt;link rel=\"preconnect\" href=\"https:\/\/fonts.gstatic.com\" crossorigin&gt;"},"schema":null,"og:locale":"es_ES","og:site_name":"SoyMigrante.com REVISTA \u2013 Nuestra misi\u00f3n es reconocer y dignificar al migrante.","og:type":"article","og:title":"As\u00ed el sistema de equivalencias de t\u00edtulos universitarios en USA","og:description":"Muchos migrantes tienen un grado universitario y se resignan a perderlo en el nuevo contexto en que viven en USA. Sin embargo, quiz\u00e1 haya posibilidad de validarlo","og:url":"https:\/\/soymigrante.com\/revista\/tiene-equivalencia-tu-titulo-universitario-en-usa-quiza-no-quiza-si-averigualo\/","og:image":"https:\/\/soymigrante.com\/revista\/wp-content\/uploads\/2024\/10\/equivalencia-usa-soy-migrante-scaled.webp","og:image:secure_url":"https:\/\/soymigrante.com\/revista\/wp-content\/uploads\/2024\/10\/equivalencia-usa-soy-migrante-scaled.webp","og:image:width":1920,"og:image:height":1920,"article:published_time":"2024-10-11T15:22:15+00:00","article:modified_time":"2024-10-11T15:22:17+00:00","article:publisher":"https:\/\/www.facebook.com\/soymigrantecom","twitter:card":"summary_large_image","twitter:site":"@SoyMigrante_com","twitter:title":"As\u00ed el sistema de equivalencias de t\u00edtulos universitarios en USA","twitter:description":"Muchos migrantes tienen un grado universitario y se resignan a perderlo en el nuevo contexto en que viven en USA. Sin embargo, quiz\u00e1 haya posibilidad de validarlo","twitter:creator":"@SoyMigrante_com","twitter:image":"https:\/\/soymigrante.com\/revista\/wp-content\/uploads\/2024\/10\/equivalencia-usa-soy-migrante-scaled.webp"},"aioseo_meta_data":{"post_id":"7018","title":null,"description":"Cada persona ha tenido un pap\u00e1 o una figura paterna que le ha dado un consejo que nunca se olvida. En el D\u00eda del Padre, quiz\u00e1 alguno te recuerde a ese viejo especial","keywords":null,"keyphrases":{"focus":{"keyphrase":"Consejos de mi padre","score":60,"analysis":{"keyphraseInTitle":{"score":9,"maxScore":9,"error":0},"keyphraseInDescription":{"score":3,"maxScore":9,"error":1},"keyphraseLength":{"score":9,"maxScore":9,"error":0,"length":4},"keyphraseInURL":{"score":5,"maxScore":5,"error":0},"keyphraseInIntroduction":{"score":3,"maxScore":9,"error":1},"keyphraseInSubHeadings":{"score":3,"maxScore":9,"error":1},"keyphraseInImageAlt":{"score":9,"maxScore":9,"error":0},"keywordDensity":{"score":0,"type":"low","maxScore":9,"error":1}}},"additional":[{"keyphrase":"D\u00eda del Padre","score":53,"analysis":{"keyphraseInDescription":{"score":9,"maxScore":9,"error":0},"keyphraseLength":{"score":9,"maxScore":9,"error":0,"length":4},"keyphraseInIntroduction":{"score":3,"maxScore":9,"error":1},"keyphraseInImageAlt":{"score":3,"maxScore":9,"error":1},"keywordDensity":{"score":0,"type":"low","maxScore":9,"error":1}}}]},"primary_term":null,"canonical_url":null,"og_title":null,"og_description":null,"og_object_type":"default","og_image_type":"default","og_image_url":null,"og_image_width":null,"og_image_height":null,"og_image_custom_url":null,"og_image_custom_fields":null,"og_video":"","og_custom_url":null,"og_article_section":null,"og_article_tags":null,"twitter_use_og":false,"twitter_card":"default","twitter_image_type":"default","twitter_image_url":null,"twitter_image_custom_url":null,"twitter_image_custom_fields":null,"twitter_title":null,"twitter_description":null,"schema":{"blockGraphs":[],"customGraphs":[],"default":{"data":{"Article":[],"Course":[],"Dataset":[],"FAQPage":[],"Movie":[],"Person":[],"Product":[],"ProductReview":[],"Car":[],"Recipe":[],"Service":[],"SoftwareApplication":[],"WebPage":[]},"graphName":"Article","isEnabled":true},"graphs":[]},"schema_type":"default","schema_type_options":null,"pillar_content":false,"robots_default":true,"robots_noindex":false,"robots_noarchive":false,"robots_nosnippet":false,"robots_nofollow":false,"robots_noimageindex":false,"robots_noodp":false,"robots_notranslate":false,"robots_max_snippet":"-1","robots_max_videopreview":"-1","robots_max_imagepreview":"large","priority":null,"frequency":"default","local_seo":null,"seo_analyzer_scan_date":"2025-10-08 22:04:48","breadcrumb_settings":null,"limit_modified_date":false,"reviewed_by":null,"open_ai":"{\"title\":{\"suggestions\":[],\"usage\":0},\"description\":{\"suggestions\":[],\"usage\":0}}","ai":null,"created":"2024-06-14 21:23:39","updated":"2026-02-04 12:00:22"},"aioseo_breadcrumb":"<div class=\"aioseo-breadcrumbs\"><span class=\"aioseo-breadcrumb\">\n\t<a href=\"https:\/\/soymigrante.com\/revista\" title=\"Home\">Home<\/a>\n<\/span><span class=\"aioseo-breadcrumb-separator\">\u00bb<\/span><span class=\"aioseo-breadcrumb\">\n\t<a href=\"https:\/\/soymigrante.com\/revista\/category\/bienestar\/\" title=\"Bienestar\">Bienestar<\/a>\n<\/span><span class=\"aioseo-breadcrumb-separator\">\u00bb<\/span><span class=\"aioseo-breadcrumb\">\n\tRecuerdo los consejos de mi padre en su d\u00eda y todos los d\u00edas\n<\/span><\/div>","aioseo_breadcrumb_json":[{"label":"Home","link":"https:\/\/soymigrante.com\/revista"},{"label":"Bienestar","link":"https:\/\/soymigrante.com\/revista\/category\/bienestar\/"},{"label":"Recuerdo los consejos de mi padre en su d\u00eda y todos los d\u00edas","link":"https:\/\/soymigrante.com\/revista\/los-consejos-de-mi-padre-te-suena-alguno-de-ellos\/"}],"_links":{"self":[{"href":"https:\/\/soymigrante.com\/revista\/wp-json\/wp\/v2\/posts\/7018","targetHints":{"allow":["GET"]}}],"collection":[{"href":"https:\/\/soymigrante.com\/revista\/wp-json\/wp\/v2\/posts"}],"about":[{"href":"https:\/\/soymigrante.com\/revista\/wp-json\/wp\/v2\/types\/post"}],"author":[{"embeddable":true,"href":"https:\/\/soymigrante.com\/revista\/wp-json\/wp\/v2\/users\/1"}],"replies":[{"embeddable":true,"href":"https:\/\/soymigrante.com\/revista\/wp-json\/wp\/v2\/comments?post=7018"}],"version-history":[{"count":0,"href":"https:\/\/soymigrante.com\/revista\/wp-json\/wp\/v2\/posts\/7018\/revisions"}],"wp:featuredmedia":[{"embeddable":true,"href":"https:\/\/soymigrante.com\/revista\/wp-json\/wp\/v2\/media\/7019"}],"wp:attachment":[{"href":"https:\/\/soymigrante.com\/revista\/wp-json\/wp\/v2\/media?parent=7018"}],"wp:term":[{"taxonomy":"category","embeddable":true,"href":"https:\/\/soymigrante.com\/revista\/wp-json\/wp\/v2\/categories?post=7018"},{"taxonomy":"post_tag","embeddable":true,"href":"https:\/\/soymigrante.com\/revista\/wp-json\/wp\/v2\/tags?post=7018"}],"curies":[{"name":"wp","href":"https:\/\/api.w.org\/{rel}","templated":true}]}}