{"id":6996,"date":"2026-03-19T18:32:56","date_gmt":"2026-03-20T00:32:56","guid":{"rendered":"https:\/\/soymigrante.com\/revista\/?p=6996"},"modified":"2026-03-19T18:33:00","modified_gmt":"2026-03-20T00:33:00","slug":"solsticio-de-verano-marca-sitios-mayas-de-uaxactun-e-iximche","status":"publish","type":"post","link":"https:\/\/soymigrante.com\/revista\/solsticio-de-verano-marca-sitios-mayas-de-uaxactun-e-iximche\/","title":{"rendered":"Equinoccio de primavera se celebra entre 20 y 21 de marzo en sitios mayas como Uaxact\u00fan e Iximch\u00e9"},"content":{"rendered":"\t\t<div data-elementor-type=\"wp-post\" data-elementor-id=\"6996\" class=\"elementor elementor-6996\" data-elementor-post-type=\"post\">\n\t\t\t\t\t\t<section data-particle_enable=\"false\" data-particle-mobile-disabled=\"false\" class=\"elementor-section elementor-top-section elementor-element elementor-element-a463c7c elementor-section-boxed elementor-section-height-default elementor-section-height-default\" data-id=\"a463c7c\" data-element_type=\"section\" data-e-type=\"section\">\n\t\t\t\t\t\t<div class=\"elementor-container elementor-column-gap-default\">\n\t\t\t\t\t<div class=\"elementor-column elementor-col-100 elementor-top-column elementor-element elementor-element-fe63a04\" data-id=\"fe63a04\" data-element_type=\"column\" data-e-type=\"column\">\n\t\t\t<div class=\"elementor-widget-wrap elementor-element-populated\">\n\t\t\t\t\t\t<div class=\"elementor-element elementor-element-de5bdb7 elementor-widget elementor-widget-heading\" data-id=\"de5bdb7\" data-element_type=\"widget\" data-e-type=\"widget\" data-widget_type=\"heading.default\">\n\t\t\t\t\t<h2 class=\"elementor-heading-title elementor-size-default\">Hay dos solsticios en el a\u00f1o: el de verano, es decir, el d\u00eda de mayor duraci\u00f3n y el de invierno, el d\u00eda m\u00e1s corto. Y hay dos equinoccios, cuando tienen igual duraci\u00f3n: el 21 de marzo y el 21 de septiembre.  Se observa en sitios como Uaxact\u00fan.<\/h2>\t\t\t\t<\/div>\n\t\t\t\t\t<\/div>\n\t\t<\/div>\n\t\t\t\t\t<\/div>\n\t\t<\/section>\n\t\t\t\t<section data-particle_enable=\"false\" data-particle-mobile-disabled=\"false\" class=\"elementor-section elementor-top-section elementor-element elementor-element-9a58076 elementor-section-boxed elementor-section-height-default elementor-section-height-default\" data-id=\"9a58076\" data-element_type=\"section\" data-e-type=\"section\">\n\t\t\t\t\t\t<div class=\"elementor-container elementor-column-gap-default\">\n\t\t\t\t\t<div class=\"elementor-column elementor-col-100 elementor-top-column elementor-element elementor-element-4087585\" data-id=\"4087585\" data-element_type=\"column\" data-e-type=\"column\">\n\t\t\t<div class=\"elementor-widget-wrap elementor-element-populated\">\n\t\t\t\t\t\t<div class=\"elementor-element elementor-element-b9f066b elementor-widget elementor-widget-text-editor\" data-id=\"b9f066b\" data-element_type=\"widget\" data-e-type=\"widget\" data-widget_type=\"text-editor.default\">\n\t\t\t\t\t\t\t\t\t<p>La palabra Solsticio viene del lat\u00edn y significa &#8220;sol quieto&#8221; debido a que en cierta parte del d\u00eda da la apariencia que el astro rey no se mueve de su sitio. Ello forma parte del ciclo de rotaci\u00f3n y traslaci\u00f3n de la Tierra, que los mayas observaron y calcularon durante siglos.\u00a0 Equinoccio, por otra parte, significa igual a la noche, porque el d\u00eda y las horas de oscuridad tienen la misma duraci\u00f3n exacta el 21 de marzo.<\/p><p>Fue tal la precisi\u00f3n, que en ciudades como Uaxact\u00fan, en Pet\u00e9n, se construy\u00f3 un observatorio cuyas estructuras ses basan en la posici\u00f3n del sol en los solsticios y tambi\u00e9n los equinoccios (cuando la noche y el d\u00eda tienen la misma duraci\u00f3n). Por ello es que este sitio, considerado uno de los primeros observatorios prehisp\u00e1nicos, sigue siendo un lugar predilecto y privilegiado para observa este fen\u00f3meno, el pr\u00f3ximo 20 de junio.<\/p><p>Pero tambi\u00e9n hay otros sitios mayas en donde existen estas particularidades y asociaciojnes con el movimiento del sol.<\/p><p>El Saq&#8217; Q&#8217;ij es un d\u00eda de agradecimiento al padre Sol por regalar un d\u00eda largo para la purificaci\u00f3n, la fertilidad y tambi\u00e9n recuperar energ\u00edas de juventud.<\/p><p>Mientras tanto, el 20 y 21 de marzo se observa el equinoccio de primavera en <a href=\"https:\/\/soymigrante.com\/revista\/uaxactun-el-legado-astronomico-y-cultural-de-los-mayas-en-el-corazon-del-peten\/\">Uaxact\u00fan<\/a>. Las comunidades forestales reciben visitantes y efect\u00faan diversas actividades para conmemorar este acontecimiento c\u00f3smico de gran significado.<\/p>\t\t\t\t\t\t\t\t<\/div>\n\t\t\t\t\t<\/div>\n\t\t<\/div>\n\t\t\t\t\t<\/div>\n\t\t<\/section>\n\t\t\t\t<section data-particle_enable=\"false\" data-particle-mobile-disabled=\"false\" class=\"elementor-section elementor-top-section elementor-element elementor-element-9568fbd elementor-section-boxed elementor-section-height-default elementor-section-height-default\" data-id=\"9568fbd\" data-element_type=\"section\" data-e-type=\"section\">\n\t\t\t\t\t\t<div class=\"elementor-container elementor-column-gap-default\">\n\t\t\t\t\t<div class=\"elementor-column elementor-col-100 elementor-top-column elementor-element elementor-element-c66f2f1\" data-id=\"c66f2f1\" data-element_type=\"column\" data-e-type=\"column\">\n\t\t\t<div class=\"elementor-widget-wrap elementor-element-populated\">\n\t\t\t\t\t\t<div class=\"elementor-element elementor-element-be32161 elementor-widget elementor-widget-image\" data-id=\"be32161\" data-element_type=\"widget\" data-e-type=\"widget\" data-widget_type=\"image.default\">\n\t\t\t\t\t\t\t\t\t\t\t\t<figure class=\"wp-caption\">\n\t\t\t\t\t\t\t\t\t\t\t<a href=\"https:\/\/soymigrante.com\/revista\/uaxactun-el-legado-astronomico-y-cultural-de-los-mayas-en-el-corazon-del-peten\/\">\n\t\t\t\t\t\t\t<img fetchpriority=\"high\" decoding=\"async\" width=\"1024\" height=\"434\" src=\"https:\/\/soymigrante.com\/revista\/wp-content\/uploads\/2024\/06\/Captura-de-pantalla-2024-06-13-150115-1024x434.webp\" class=\"attachment-large size-large wp-image-7001\" alt=\"Pir\u00e1mides de piedra en zona arqueol\u00f3gica maya rodeada de \u00e1rboles y vegetaci\u00f3n en la selva, patrimonio cultural, historia de M\u00e9xico, turismo arqueol\u00f3gico, sitio maya en la naturaleza.\" srcset=\"https:\/\/soymigrante.com\/revista\/wp-content\/uploads\/2024\/06\/Captura-de-pantalla-2024-06-13-150115-1024x434.webp 1024w, https:\/\/soymigrante.com\/revista\/wp-content\/uploads\/2024\/06\/Captura-de-pantalla-2024-06-13-150115-300x127.webp 300w, https:\/\/soymigrante.com\/revista\/wp-content\/uploads\/2024\/06\/Captura-de-pantalla-2024-06-13-150115-768x325.webp 768w, https:\/\/soymigrante.com\/revista\/wp-content\/uploads\/2024\/06\/Captura-de-pantalla-2024-06-13-150115-750x318.webp 750w, https:\/\/soymigrante.com\/revista\/wp-content\/uploads\/2024\/06\/Captura-de-pantalla-2024-06-13-150115-1140x483.webp 1140w, https:\/\/soymigrante.com\/revista\/wp-content\/uploads\/2024\/06\/Captura-de-pantalla-2024-06-13-150115.webp 1428w\" sizes=\"(max-width: 1024px) 100vw, 1024px\" title=\"Esta es la plaza del grupo E de Uaxact\u00fan, cuyas estructuras est\u00e1n alineadas con la posici\u00f3n del sol en los solsticios y el equinoccio. (Fotograf\u00eda Creative Commons) \u2013 SoyMigrante.com REVISTA\" \/>\t\t\t\t\t\t\t\t<\/a>\n\t\t\t\t\t\t\t\t\t\t\t<figcaption class=\"widget-image-caption wp-caption-text\">Estampa de una antigua zona arqueol\u00f3gica maya con pir\u00e1mides de piedra rodeada de \u00e1rboles y vegetaci\u00f3n en la selva, ideal para turismo cultural, historia, y exploraci\u00f3n arqueol\u00f3gica en M\u00e9xico.<\/figcaption>\n\t\t\t\t\t\t\t\t\t\t<\/figure>\n\t\t\t\t\t\t\t\t\t<\/div>\n\t\t\t\t\t<\/div>\n\t\t<\/div>\n\t\t\t\t\t<\/div>\n\t\t<\/section>\n\t\t\t\t<section data-particle_enable=\"false\" data-particle-mobile-disabled=\"false\" class=\"elementor-section elementor-top-section elementor-element elementor-element-e641d42 elementor-section-boxed elementor-section-height-default elementor-section-height-default\" data-id=\"e641d42\" data-element_type=\"section\" data-e-type=\"section\">\n\t\t\t\t\t\t<div class=\"elementor-container elementor-column-gap-default\">\n\t\t\t\t\t<div class=\"elementor-column elementor-col-100 elementor-top-column elementor-element elementor-element-bcdd33a\" data-id=\"bcdd33a\" data-element_type=\"column\" data-e-type=\"column\">\n\t\t\t<div class=\"elementor-widget-wrap elementor-element-populated\">\n\t\t\t\t\t\t<div class=\"elementor-element elementor-element-8c120e4 elementor-widget elementor-widget-image\" data-id=\"8c120e4\" data-element_type=\"widget\" data-e-type=\"widget\" data-widget_type=\"image.default\">\n\t\t\t\t\t\t\t\t\t\t\t\t<figure class=\"wp-caption\">\n\t\t\t\t\t\t\t\t\t\t<img decoding=\"async\" width=\"752\" height=\"525\" src=\"https:\/\/soymigrante.com\/revista\/wp-content\/uploads\/2024\/06\/solsticio-wasactun.webp\" class=\"attachment-large size-large wp-image-7002\" alt=\"Estatua del Sol en Chichen Itz\u00e1, templo principal y alineaci\u00f3n astron\u00f3mica, patrimonio cultural de M\u00e9xico, icono del turismo y la historia maya.\" srcset=\"https:\/\/soymigrante.com\/revista\/wp-content\/uploads\/2024\/06\/solsticio-wasactun.webp 752w, https:\/\/soymigrante.com\/revista\/wp-content\/uploads\/2024\/06\/solsticio-wasactun-300x209.webp 300w, https:\/\/soymigrante.com\/revista\/wp-content\/uploads\/2024\/06\/solsticio-wasactun-750x524.webp 750w\" sizes=\"(max-width: 752px) 100vw, 752px\" title=\"Diagrama de la observaci\u00f3n del solsticio de verano e invierno en el grupo E de Uaxact\u00fan. Diagrama Ministerio de Cultura y Deportes 2014. \u2013 SoyMigrante.com REVISTA\" \/>\t\t\t\t\t\t\t\t\t\t\t<figcaption class=\"widget-image-caption wp-caption-text\">Estatua del Sol y estructura ceremonial en Chichen Itz\u00e1, importante sitio arqueol\u00f3gico maya, con alineaciones solares y arquitectura emblem\u00e1tica, visitado por millones.<\/figcaption>\n\t\t\t\t\t\t\t\t\t\t<\/figure>\n\t\t\t\t\t\t\t\t\t<\/div>\n\t\t\t\t\t<\/div>\n\t\t<\/div>\n\t\t\t\t\t<\/div>\n\t\t<\/section>\n\t\t<div data-particle_enable=\"false\" data-particle-mobile-disabled=\"false\" class=\"elementor-element elementor-element-05762dc e-flex e-con-boxed e-con e-parent\" data-id=\"05762dc\" data-element_type=\"container\" data-e-type=\"container\">\n\t\t\t\t\t<div class=\"e-con-inner\">\n\t\t\t\t<div class=\"elementor-element elementor-element-f540a2a elementor-widget elementor-widget-text-editor\" data-id=\"f540a2a\" data-element_type=\"widget\" data-e-type=\"widget\" data-widget_type=\"text-editor.default\">\n\t\t\t\t\t\t\t\t\t<p>Las comunidades forestales de <a href=\"https:\/\/soymigrante.com\/revista\/uaxactun-el-legado-astronomico-y-cultural-de-los-mayas-en-el-corazon-del-peten\/\">Uaxact\u00fan<\/a> en el departamento de <a href=\"https:\/\/soymigrante.com\/revista\/departamentos-de-guatemala-peten-es-un-baul-de-tesoros-prehispanicos-y-ecologicos\/\">Pet\u00e9n<\/a>, efect\u00faan rituales, danzas, actividades art\u00edsticas y una velada del 20 al 21 de marzo de cada a\u00f1o, cuando el d\u00eda y la noche tienen la misma duraci\u00f3n: a partir de este momento, el d\u00eda durar\u00e1 cada vez m\u00e1s hasta llegar al 21 de junio, fecha del solsticio, cuando el d\u00eda tiene m\u00e1s horas que la noche.<\/p>\n<p>Por su desarrollo comunitario y buena atenci\u00f3n a los visitantes, asi como la organizaci\u00f3n de servicios, <a href=\"https:\/\/soymigrante.com\/revista\/uaxactun-el-legado-astronomico-y-cultural-de-los-mayas-en-el-corazon-del-peten\/\">Uaxact\u00fan fue designada dentro de las Best Tourism Villages de la ONU en 2024.<\/a><\/p>\t\t\t\t\t\t\t\t<\/div>\n\t\t\t\t\t<\/div>\n\t\t\t\t<\/div>\n\t\t<div data-particle_enable=\"false\" data-particle-mobile-disabled=\"false\" class=\"elementor-element elementor-element-5618313 e-flex e-con-boxed e-con e-parent\" data-id=\"5618313\" data-element_type=\"container\" data-e-type=\"container\">\n\t\t\t\t\t<div class=\"e-con-inner\">\n\t\t\t\t<div class=\"elementor-element elementor-element-045d6a7 elementor-widget elementor-widget-html\" data-id=\"045d6a7\" data-element_type=\"widget\" data-e-type=\"widget\" data-widget_type=\"html.default\">\n\t\t\t\t\t<iframe width=\"560\" height=\"415\" src=\"https:\/\/www.youtube.com\/embed\/_tD4MN_kdtQ?si=xm009U1RMFYpXL8u\" title=\"YouTube video player\" frameborder=\"0\" allow=\"accelerometer; autoplay; clipboard-write; encrypted-media; gyroscope; picture-in-picture; web-share\" referrerpolicy=\"strict-origin-when-cross-origin\" allowfullscreen><\/iframe>\t\t\t\t<\/div>\n\t\t\t\t\t<\/div>\n\t\t\t\t<\/div>\n\t\t\t\t<section data-particle_enable=\"false\" data-particle-mobile-disabled=\"false\" class=\"elementor-section elementor-top-section elementor-element elementor-element-31200a6 elementor-section-boxed elementor-section-height-default elementor-section-height-default\" data-id=\"31200a6\" data-element_type=\"section\" data-e-type=\"section\">\n\t\t\t\t\t\t<div class=\"elementor-container elementor-column-gap-default\">\n\t\t\t\t\t<div class=\"elementor-column elementor-col-100 elementor-top-column elementor-element elementor-element-13f82a1\" data-id=\"13f82a1\" data-element_type=\"column\" data-e-type=\"column\">\n\t\t\t<div class=\"elementor-widget-wrap elementor-element-populated\">\n\t\t\t\t\t\t<div class=\"elementor-element elementor-element-ee2fd21 elementor-widget elementor-widget-heading\" data-id=\"ee2fd21\" data-element_type=\"widget\" data-e-type=\"widget\" data-widget_type=\"heading.default\">\n\t\t\t\t\t<h3 class=\"elementor-heading-title elementor-size-default\">Hace 100 a\u00f1os se descubri\u00f3 el observatorio astron\u00f3mico de Uaxact\u00fan<\/h3>\t\t\t\t<\/div>\n\t\t\t\t\t<\/div>\n\t\t<\/div>\n\t\t\t\t\t<\/div>\n\t\t<\/section>\n\t\t\t\t<section data-particle_enable=\"false\" data-particle-mobile-disabled=\"false\" class=\"elementor-section elementor-top-section elementor-element elementor-element-8648b23 elementor-section-boxed elementor-section-height-default elementor-section-height-default\" data-id=\"8648b23\" data-element_type=\"section\" data-e-type=\"section\">\n\t\t\t\t\t\t<div class=\"elementor-container elementor-column-gap-default\">\n\t\t\t\t\t<div class=\"elementor-column elementor-col-100 elementor-top-column elementor-element elementor-element-e06ac38\" data-id=\"e06ac38\" data-element_type=\"column\" data-e-type=\"column\">\n\t\t\t<div class=\"elementor-widget-wrap elementor-element-populated\">\n\t\t\t\t\t\t<div class=\"elementor-element elementor-element-73ae633 elementor-widget elementor-widget-text-editor\" data-id=\"73ae633\" data-element_type=\"widget\" data-e-type=\"widget\" data-widget_type=\"text-editor.default\">\n\t\t\t\t\t\t\t\t\t<p>El sitio <a href=\"https:\/\/mcd.gob.gt\/uaxactun\/\">Uaxact\u00fan era conocido solo por chicleros y exploradores en los primeros a\u00f1os del siglo 20.Estuvo activo entre el a\u00f1o 1500 antes de Cristo y el 200 de nuestra era.<\/a> En 1915, fue llevado hasta all\u00ed el explorador y arque\u00f3logo estadounidense Sylvanus Morley, quien comenz\u00f3 el primer proyecto de recuperaci\u00f3n e invstigaci\u00f3n de una ciudad prehisp\u00e1nica.<\/p><p>En 1924, como parte de las exploraci\u00f3nes, el arque\u00f3logo Franz Blom efectu\u00f3 una medici\u00f3n topogr\u00e1fica que marc\u00f3 las \u00e1reas de construcciones o grupos de edificios. Fue en esa visita que Blom descubri\u00f3 que las alineaciones de estructuras del grupo E coincid\u00edan con la salida del sol durante los solsticios y equinoccios, lo cual mercar\u00eda el futuro estudio de la orientaci\u00f3n de ciudades y edificios mayas.<\/p><p>El Parque Arqueol\u00f3gico Uaxact\u00fan est\u00e1 a 24 kil\u00f3metros de Tikal y se encuentra bajo cuidado del Ministerio de Cultura y puede ser visitado todos los d\u00edas de 8 a 16 horas. <a href=\"https:\/\/visituaxactun.com\/contacto\/\">Existen servicios de turismo comunitario que pueden facilitar hospedaje, transporte y actividades.<\/a><\/p>\t\t\t\t\t\t\t\t<\/div>\n\t\t\t\t\t<\/div>\n\t\t<\/div>\n\t\t\t\t\t<\/div>\n\t\t<\/section>\n\t\t<div data-particle_enable=\"false\" data-particle-mobile-disabled=\"false\" class=\"elementor-element elementor-element-afcc7c1 e-flex e-con-boxed e-con e-parent\" data-id=\"afcc7c1\" data-element_type=\"container\" data-e-type=\"container\">\n\t\t\t\t\t<div class=\"e-con-inner\">\n\t\t\t\t<div class=\"elementor-element elementor-element-2b4cc78 elementor-widget elementor-widget-video\" data-id=\"2b4cc78\" data-element_type=\"widget\" data-e-type=\"widget\" data-settings=\"{&quot;youtube_url&quot;:&quot;https:\\\/\\\/www.youtube.com\\\/watch?v=Yf98fVxxtoU&quot;,&quot;video_type&quot;:&quot;youtube&quot;,&quot;controls&quot;:&quot;yes&quot;}\" data-widget_type=\"video.default\">\n\t\t\t\t\t\t\t<div class=\"elementor-wrapper elementor-open-inline\">\n\t\t\t<div class=\"elementor-video\"><\/div>\t\t<\/div>\n\t\t\t\t\t\t<\/div>\n\t\t\t\t\t<\/div>\n\t\t\t\t<\/div>\n\t\t\t\t<section data-particle_enable=\"false\" data-particle-mobile-disabled=\"false\" class=\"elementor-section elementor-top-section elementor-element elementor-element-f9f955b elementor-section-boxed elementor-section-height-default elementor-section-height-default\" data-id=\"f9f955b\" data-element_type=\"section\" data-e-type=\"section\">\n\t\t\t\t\t\t<div class=\"elementor-container elementor-column-gap-default\">\n\t\t\t\t\t<div class=\"elementor-column elementor-col-100 elementor-top-column elementor-element elementor-element-f3f8c0f\" data-id=\"f3f8c0f\" data-element_type=\"column\" data-e-type=\"column\">\n\t\t\t<div class=\"elementor-widget-wrap elementor-element-populated\">\n\t\t\t\t\t\t<div class=\"elementor-element elementor-element-36a96fa elementor-widget elementor-widget-heading\" data-id=\"36a96fa\" data-element_type=\"widget\" data-e-type=\"widget\" data-widget_type=\"heading.default\">\n\t\t\t\t\t<h3 class=\"elementor-heading-title elementor-size-default\">Iximch\u00e9 y la ceremonia del equinoccio para bendecir la semilla<\/h3>\t\t\t\t<\/div>\n\t\t\t\t\t<\/div>\n\t\t<\/div>\n\t\t\t\t\t<\/div>\n\t\t<\/section>\n\t\t\t\t<section data-particle_enable=\"false\" data-particle-mobile-disabled=\"false\" class=\"elementor-section elementor-top-section elementor-element elementor-element-5bc9df1 elementor-section-boxed elementor-section-height-default elementor-section-height-default\" data-id=\"5bc9df1\" data-element_type=\"section\" data-e-type=\"section\">\n\t\t\t\t\t\t<div class=\"elementor-container elementor-column-gap-default\">\n\t\t\t\t\t<div class=\"elementor-column elementor-col-100 elementor-top-column elementor-element elementor-element-ec9e05a\" data-id=\"ec9e05a\" data-element_type=\"column\" data-e-type=\"column\">\n\t\t\t<div class=\"elementor-widget-wrap elementor-element-populated\">\n\t\t\t\t\t\t<div class=\"elementor-element elementor-element-1ebd6e2 elementor-widget elementor-widget-text-editor\" data-id=\"1ebd6e2\" data-element_type=\"widget\" data-e-type=\"widget\" data-widget_type=\"text-editor.default\">\n\t\t\t\t\t\t\t\t\t<p>La antigua capital del reino kaqchiq&#8217;e\u00f1, <a href=\"https:\/\/soymigrante.com\/revista\/en-iximche-se-fundo-la-primera-capital-de-guatemala-hace-500-anos\/\">Iximch\u00e9<\/a>, actualmente en <a href=\"https:\/\/soymigrante.com\/revista\/departamentos-de-guatemala-chimaltenango-tiene-montanas-tradicion-y-la-primera-capital-de-guatemala\/\">Chimaltenango<\/a>, fue construida en 1470 y destruida por los conquistadores espa\u00f1oles hacia 1527. Actualmente es un parque arqueol\u00f3gico abierto al p\u00fablico.<\/p><p>En una de su plaza principal o Plaza A se encuentra la llamada Estructura 2 o Palacio 2,\u00a0 una plataforma piramidal, con escalones, T<span style=\"color: var( --e-global-color-text );\">iene una escalera que sube la parte este de la estructura, lo cual facilitan el acceso desde la plaza. \u00bfQu\u00e9 tiene que ver con el solsticio de verano? Que su parte frontal est\u00e1 exactamente frente a la salida del sol en cada 21 de junio.<\/span><\/p><p><span style=\"color: var( --e-global-color-text );\">Sin embargo, el 21 de marzo y el 21 de septiembre hay celebraciones del equinoccio, cuando el d\u00eda y la noche tienen la misma duraci\u00f3n. La celebraci\u00f3n de marzo es una bendici\u00f3n de las semillas, para la pr\u00f3xima siembra, que tiene lugar con mucha solemnidad y gran hermandad.<\/span><\/p><p>Por ello aqu\u00ed suelen efectuarse ceremonias mayas en esta ocasi\u00f3n y es, de hecho, la estructura mejor conservada de todos los templos excavados. El sitio<a href=\"https:\/\/soymigrante.com\/revista\/en-iximche-se-fundo-la-primera-capital-de-guatemala-hace-500-anos\/\"> Iximch\u00e9 <\/a>est\u00e1 abierto al p\u00fablico de lunes a domingo, de 8 a 16 horas. Entrada Q5 para guatemaltecos y Q50 para extranjeros.<\/p>\t\t\t\t\t\t\t\t<\/div>\n\t\t\t\t\t<\/div>\n\t\t<\/div>\n\t\t\t\t\t<\/div>\n\t\t<\/section>\n\t\t\t\t<section data-particle_enable=\"false\" data-particle-mobile-disabled=\"false\" class=\"elementor-section elementor-top-section elementor-element elementor-element-5b5a178 elementor-section-boxed elementor-section-height-default elementor-section-height-default\" data-id=\"5b5a178\" data-element_type=\"section\" data-e-type=\"section\">\n\t\t\t\t\t\t<div class=\"elementor-container elementor-column-gap-default\">\n\t\t\t\t\t<div class=\"elementor-column elementor-col-100 elementor-top-column elementor-element elementor-element-3e8858f\" data-id=\"3e8858f\" data-element_type=\"column\" data-e-type=\"column\">\n\t\t\t<div class=\"elementor-widget-wrap elementor-element-populated\">\n\t\t\t\t\t\t<div class=\"elementor-element elementor-element-3959464 elementor-widget elementor-widget-image\" data-id=\"3959464\" data-element_type=\"widget\" data-e-type=\"widget\" data-widget_type=\"image.default\">\n\t\t\t\t\t\t\t\t\t\t\t\t<figure class=\"wp-caption\">\n\t\t\t\t\t\t\t\t\t\t<img decoding=\"async\" width=\"1024\" height=\"649\" src=\"https:\/\/soymigrante.com\/revista\/wp-content\/uploads\/2024\/06\/Captura-de-pantalla-2024-06-13-195422-1-1024x649.webp\" class=\"attachment-large size-large wp-image-7007\" alt=\"Ruinas de la antigua ciudad maya en Guatemala, rodeadas de vegetaci\u00f3n y patrimonio cultural, ideales para turismo arqueol\u00f3gico e historia.\" srcset=\"https:\/\/soymigrante.com\/revista\/wp-content\/uploads\/2024\/06\/Captura-de-pantalla-2024-06-13-195422-1-1024x649.webp 1024w, https:\/\/soymigrante.com\/revista\/wp-content\/uploads\/2024\/06\/Captura-de-pantalla-2024-06-13-195422-1-300x190.webp 300w, https:\/\/soymigrante.com\/revista\/wp-content\/uploads\/2024\/06\/Captura-de-pantalla-2024-06-13-195422-1-768x487.webp 768w, https:\/\/soymigrante.com\/revista\/wp-content\/uploads\/2024\/06\/Captura-de-pantalla-2024-06-13-195422-1-750x475.jpg 750w, https:\/\/soymigrante.com\/revista\/wp-content\/uploads\/2024\/06\/Captura-de-pantalla-2024-06-13-195422-1.webp 1086w\" sizes=\"(max-width: 1024px) 100vw, 1024px\" title=\"Los llamados templos 1 y 2, de Iximch\u00e9, numerados en  la fotograf\u00eda, pertenecen a la Plaza A. El templo o estructura 2 est\u00e1 orientado hacia la salida del sol en el d\u00eda del solsticio de verano. \u2013 SoyMigrante.com REVISTA\" \/>\t\t\t\t\t\t\t\t\t\t\t<figcaption class=\"widget-image-caption wp-caption-text\">Restauraci\u00f3n y conservaci\u00f3n de monumentos hist\u00f3ricos en sitios arqueol\u00f3gicos mayas en Guatemala.<\/figcaption>\n\t\t\t\t\t\t\t\t\t\t<\/figure>\n\t\t\t\t\t\t\t\t\t<\/div>\n\t\t\t\t\t<\/div>\n\t\t<\/div>\n\t\t\t\t\t<\/div>\n\t\t<\/section>\n\t\t\t\t<section data-particle_enable=\"false\" data-particle-mobile-disabled=\"false\" class=\"elementor-section elementor-top-section elementor-element elementor-element-0578a8b elementor-section-boxed elementor-section-height-default elementor-section-height-default\" data-id=\"0578a8b\" data-element_type=\"section\" data-e-type=\"section\">\n\t\t\t\t\t\t<div class=\"elementor-container elementor-column-gap-default\">\n\t\t\t\t\t<div class=\"elementor-column elementor-col-100 elementor-top-column elementor-element elementor-element-0c84fc7\" data-id=\"0c84fc7\" data-element_type=\"column\" data-e-type=\"column\">\n\t\t\t<div class=\"elementor-widget-wrap elementor-element-populated\">\n\t\t\t\t\t\t<div class=\"elementor-element elementor-element-10a295c elementor-widget elementor-widget-image\" data-id=\"10a295c\" data-element_type=\"widget\" data-e-type=\"widget\" data-widget_type=\"image.default\">\n\t\t\t\t\t\t\t\t\t\t\t\t\t\t\t<img loading=\"lazy\" decoding=\"async\" width=\"1024\" height=\"622\" src=\"https:\/\/soymigrante.com\/revista\/wp-content\/uploads\/2024\/06\/Captura-de-pantalla-2024-06-13-200137-1024x622.webp\" class=\"attachment-large size-large wp-image-7008\" alt=\"R\u00eda del castillo de Montarco en Segovia, impresionante fortaleza medieval, patrimonio cultural, sitio hist\u00f3rico, arquitectura militar, turismo en Segovia, monumentos hist\u00f3ricos, patrimonio de Espa\u00f1a.\" srcset=\"https:\/\/soymigrante.com\/revista\/wp-content\/uploads\/2024\/06\/Captura-de-pantalla-2024-06-13-200137-1024x622.webp 1024w, https:\/\/soymigrante.com\/revista\/wp-content\/uploads\/2024\/06\/Captura-de-pantalla-2024-06-13-200137-300x182.webp 300w, https:\/\/soymigrante.com\/revista\/wp-content\/uploads\/2024\/06\/Captura-de-pantalla-2024-06-13-200137-768x466.webp 768w, https:\/\/soymigrante.com\/revista\/wp-content\/uploads\/2024\/06\/Captura-de-pantalla-2024-06-13-200137-750x455.webp 750w, https:\/\/soymigrante.com\/revista\/wp-content\/uploads\/2024\/06\/Captura-de-pantalla-2024-06-13-200137-1140x692.webp 1140w, https:\/\/soymigrante.com\/revista\/wp-content\/uploads\/2024\/06\/Captura-de-pantalla-2024-06-13-200137.webp 1156w\" sizes=\"(max-width: 1024px) 100vw, 1024px\" title=\"El parque arqueol\u00f3gico Iximch\u00e9 est\u00e1 abierto de lunes a domingo de 8 a 16 horas.  Entrada nacionales Q5, extranjeros Q50. La estructura 2 est\u00e1 resaltada en amarillo. \u2013 SoyMigrante.com REVISTA\" \/>\t\t\t\t\t\t\t\t\t\t\t\t\t\t\t<\/div>\n\t\t\t\t\t<\/div>\n\t\t<\/div>\n\t\t\t\t\t<\/div>\n\t\t<\/section>\n\t\t<div data-particle_enable=\"false\" data-particle-mobile-disabled=\"false\" class=\"elementor-element elementor-element-9287628 e-flex e-con-boxed e-con e-parent\" data-id=\"9287628\" data-element_type=\"container\" data-e-type=\"container\">\n\t\t\t\t\t<div class=\"e-con-inner\">\n\t\t\t\t<div class=\"elementor-element elementor-element-33dfb9c elementor-widget elementor-widget-html\" data-id=\"33dfb9c\" data-element_type=\"widget\" data-e-type=\"widget\" data-widget_type=\"html.default\">\n\t\t\t\t\t<iframe width=\"560\" height=\"415\" src=\"https:\/\/www.youtube.com\/embed\/2LyzkymD9rw?si=tKA3DT-oFl2x96mi\" title=\"YouTube video player\" frameborder=\"0\" allow=\"accelerometer; autoplay; clipboard-write; encrypted-media; gyroscope; picture-in-picture; web-share\" referrerpolicy=\"strict-origin-when-cross-origin\" allowfullscreen><\/iframe>\t\t\t\t<\/div>\n\t\t\t\t\t<\/div>\n\t\t\t\t<\/div>\n\t\t\t\t<section data-particle_enable=\"false\" data-particle-mobile-disabled=\"false\" class=\"elementor-section elementor-top-section elementor-element elementor-element-06214f3 elementor-section-boxed elementor-section-height-default elementor-section-height-default\" data-id=\"06214f3\" data-element_type=\"section\" data-e-type=\"section\">\n\t\t\t\t\t\t<div class=\"elementor-container elementor-column-gap-default\">\n\t\t\t\t\t<div class=\"elementor-column elementor-col-100 elementor-top-column elementor-element elementor-element-a51104c\" data-id=\"a51104c\" data-element_type=\"column\" data-e-type=\"column\">\n\t\t\t<div class=\"elementor-widget-wrap elementor-element-populated\">\n\t\t\t\t\t\t<div class=\"elementor-element elementor-element-f219aa0 elementor-widget elementor-widget-heading\" data-id=\"f219aa0\" data-element_type=\"widget\" data-e-type=\"widget\" data-widget_type=\"heading.default\">\n\t\t\t\t\t<h3 class=\"elementor-heading-title elementor-size-default\">Primera capital de Guatemala<\/h3>\t\t\t\t<\/div>\n\t\t\t\t\t<\/div>\n\t\t<\/div>\n\t\t\t\t\t<\/div>\n\t\t<\/section>\n\t\t\t\t<section data-particle_enable=\"false\" data-particle-mobile-disabled=\"false\" class=\"elementor-section elementor-top-section elementor-element elementor-element-39445dc elementor-section-boxed elementor-section-height-default elementor-section-height-default\" data-id=\"39445dc\" data-element_type=\"section\" data-e-type=\"section\">\n\t\t\t\t\t\t<div class=\"elementor-container elementor-column-gap-default\">\n\t\t\t\t\t<div class=\"elementor-column elementor-col-100 elementor-top-column elementor-element elementor-element-b1edc3b\" data-id=\"b1edc3b\" data-element_type=\"column\" data-e-type=\"column\">\n\t\t\t<div class=\"elementor-widget-wrap elementor-element-populated\">\n\t\t\t\t\t\t<div class=\"elementor-element elementor-element-4a15718 elementor-widget elementor-widget-text-editor\" data-id=\"4a15718\" data-element_type=\"widget\" data-e-type=\"widget\" data-widget_type=\"text-editor.default\">\n\t\t\t\t\t\t\t\t\t<p>El 25 de julio de 1524 se cumplieron 500 a\u00f1os de haber sido fundada, <a href=\"https:\/\/soymigrante.com\/revista\/en-iximche-se-fundo-la-primera-capital-de-guatemala-hace-500-anos\/\">en la ciudad de Iximch\u00e9, la primera capital de Guatemala.<\/a> Es decir que en este enclave arqueol\u00f3gico se encontraron las identidades espa\u00f1ola e ind\u00edgena, en un choque violento en el cual hubo muchos abusos y enfrentamientos. La capital no dur\u00f3 mucho tiempo en esta ubicaci\u00f3n debido a las hostilidades.\u00a0<\/p><p>No obstante, se trata de un dato innegable de la historia que fue el punto de inicio de Guatemala como territorio. La historia como tal no puede cambiarse, ni los sucesos terribles acaecidos durante la Conquista, pero s\u00ed ses puede trazar nuevas valoraciones multiculturales y un aprecio hacia la grandeza de la ciencia desarrollada por los mayas.<\/p>\t\t\t\t\t\t\t\t<\/div>\n\t\t\t\t\t<\/div>\n\t\t<\/div>\n\t\t\t\t\t<\/div>\n\t\t<\/section>\n\t\t\t\t<section data-particle_enable=\"false\" data-particle-mobile-disabled=\"false\" class=\"elementor-section elementor-top-section elementor-element elementor-element-aaab4b2 elementor-section-boxed elementor-section-height-default elementor-section-height-default\" data-id=\"aaab4b2\" data-element_type=\"section\" data-e-type=\"section\">\n\t\t\t\t\t\t<div class=\"elementor-container elementor-column-gap-default\">\n\t\t\t\t\t<div class=\"elementor-column elementor-col-100 elementor-top-column elementor-element elementor-element-a5ee95b\" data-id=\"a5ee95b\" data-element_type=\"column\" data-e-type=\"column\">\n\t\t\t<div class=\"elementor-widget-wrap elementor-element-populated\">\n\t\t\t\t\t\t<div class=\"elementor-element elementor-element-5fd3333 elementor-widget elementor-widget-heading\" data-id=\"5fd3333\" data-element_type=\"widget\" data-e-type=\"widget\" data-widget_type=\"heading.default\">\n\t\t\t\t\t<h2 class=\"elementor-heading-title elementor-size-default\">Llevamos a Guatemala en el coraz\u00f3n <\/h2>\t\t\t\t<\/div>\n\t\t\t\t\t<\/div>\n\t\t<\/div>\n\t\t\t\t\t<\/div>\n\t\t<\/section>\n\t\t\t\t<section data-particle_enable=\"false\" data-particle-mobile-disabled=\"false\" class=\"elementor-section elementor-top-section elementor-element elementor-element-0692457 elementor-section-boxed elementor-section-height-default elementor-section-height-default\" data-id=\"0692457\" data-element_type=\"section\" data-e-type=\"section\">\n\t\t\t\t\t\t<div class=\"elementor-container elementor-column-gap-default\">\n\t\t\t\t\t<div class=\"elementor-column elementor-col-100 elementor-top-column elementor-element elementor-element-0f558a9\" data-id=\"0f558a9\" data-element_type=\"column\" data-e-type=\"column\">\n\t\t\t<div class=\"elementor-widget-wrap elementor-element-populated\">\n\t\t\t\t\t\t<div class=\"elementor-element elementor-element-e846146 elementor-widget elementor-widget-blfe-post-grid\" data-id=\"e846146\" data-element_type=\"widget\" data-e-type=\"widget\" data-settings=\"{&quot;columns&quot;:&quot;3&quot;,&quot;columns_tablet&quot;:&quot;6&quot;,&quot;columns_mobile&quot;:&quot;12&quot;,&quot;hero1_layout_column_gap&quot;:{&quot;unit&quot;:&quot;px&quot;,&quot;size&quot;:30,&quot;sizes&quot;:[]},&quot;hero1_layout_column_gap_tablet&quot;:{&quot;unit&quot;:&quot;px&quot;,&quot;size&quot;:&quot;&quot;,&quot;sizes&quot;:[]},&quot;hero1_layout_column_gap_mobile&quot;:{&quot;unit&quot;:&quot;px&quot;,&quot;size&quot;:&quot;&quot;,&quot;sizes&quot;:[]},&quot;hero1_layout_row_gap&quot;:{&quot;unit&quot;:&quot;px&quot;,&quot;size&quot;:30,&quot;sizes&quot;:[]},&quot;hero1_layout_row_gap_tablet&quot;:{&quot;unit&quot;:&quot;px&quot;,&quot;size&quot;:&quot;&quot;,&quot;sizes&quot;:[]},&quot;hero1_layout_row_gap_mobile&quot;:{&quot;unit&quot;:&quot;px&quot;,&quot;size&quot;:&quot;&quot;,&quot;sizes&quot;:[]}}\" data-widget_type=\"blfe-post-grid.hero1\">\n\t\t\t\t<div class=\"elementor-widget-container\">\n\t\t\t\t\t\n                        <div class=\"blfe-post-grid-container \">\n            \n                <div data-skin=\"hero1\" class=\"blfe-row blfe-posts-inner blfe-hero1 blfe-posts-inner blfe-col-3 blfe-col-tab-6 blfe-col-mob-12     \">\n                            <div class=\"blfe-post-grid-item\">\n            <div class=\"blfe-post-grid-item-inner blfe-modern-zoom\">\n                        <div class=\"blfe-post-grid-bg-image\">\n            <a class=\"blfe-post-grid-image-inner\" href=\"https:\/\/soymigrante.com\/revista\/los-mas-famosos-anfitriones-de-antigua-guatemala-uno-tranquilo-y-el-otro-impredecible\/\" title=\"Los m\u00e1s famosos anfitriones de Antigua Guatemala: volc\u00e1n de Agua y volc\u00e1n de Fuego\" rel=\"nofollow\" target=\"_blank\"><img decoding=\"async\" src=\"https:\/\/soymigrante.com\/revista\/wp-content\/uploads\/2024\/02\/Captura-de-pantalla-2024-02-24-231728.webp\" alt=\"Los m\u00e1s famosos anfitriones de Antigua Guatemala: volc\u00e1n de Agua y volc\u00e1n de Fuego\"\/><\/a>        <\/div>\n                        <div class=\"blfe-post-grid-details\">\n                    <div class=\"blfe-post-grid-details-inner\">\n                        <span class=\"blfe-post-category\"><a href=\"https:\/\/soymigrante.com\/revista\/category\/guate-nuestra\/\">Guate Nuestra<\/a><\/span>                        <h3 class=\"blfe-post-grid-title\">\n            <a href=\"https:\/\/soymigrante.com\/revista\/los-mas-famosos-anfitriones-de-antigua-guatemala-uno-tranquilo-y-el-otro-impredecible\/\" title=\"Los m\u00e1s famosos anfitriones de Antigua Guatemala: volc\u00e1n de Agua y volc\u00e1n de Fuego\" rel=\"nofollow\" target=\"_blank\">Los m\u00e1s famosos anfitriones de Antigua Guatemala: volc\u00e1n de Agua y volc\u00e1n de Fuego<\/a>\n            <\/h3>                                                            <div class=\"blfe-post-grid-meta\">\n                <span class=\"blfe-post-grid-time\"><i class=\"fas fa-book-reader\"><\/i>4 Min read<\/span>            <\/div>\n                                                        <\/div>\n                <\/div>\n\n            <\/div>\n        <\/div>\n                <div class=\"blfe-post-grid-item\">\n            <div class=\"blfe-post-grid-item-inner blfe-modern-zoom\">\n                        <div class=\"blfe-post-grid-bg-image\">\n            <a class=\"blfe-post-grid-image-inner\" href=\"https:\/\/soymigrante.com\/revista\/semana-santa-guatemalteca-sin-fronteras-cruza-el-mar\/\" title=\"Semana Santa guatemalteca sobrepasa fronteras\" rel=\"nofollow\" target=\"_blank\"><img decoding=\"async\" src=\"https:\/\/soymigrante.com\/revista\/wp-content\/uploads\/2024\/03\/dfdfdfdf.webp\" alt=\"Semana Santa guatemalteca sobrepasa fronteras\"\/><\/a>        <\/div>\n                        <div class=\"blfe-post-grid-details\">\n                    <div class=\"blfe-post-grid-details-inner\">\n                        <span class=\"blfe-post-category\"><a href=\"https:\/\/soymigrante.com\/revista\/category\/guate-nuestra\/\">Guate Nuestra<\/a><\/span>                        <h3 class=\"blfe-post-grid-title\">\n            <a href=\"https:\/\/soymigrante.com\/revista\/semana-santa-guatemalteca-sin-fronteras-cruza-el-mar\/\" title=\"Semana Santa guatemalteca sobrepasa fronteras\" rel=\"nofollow\" target=\"_blank\">Semana Santa guatemalteca sobrepasa fronteras<\/a>\n            <\/h3>                                                            <div class=\"blfe-post-grid-meta\">\n                <span class=\"blfe-post-grid-time\"><i class=\"fas fa-book-reader\"><\/i>6 Min read<\/span>            <\/div>\n                                                        <\/div>\n                <\/div>\n\n            <\/div>\n        <\/div>\n                <div class=\"blfe-post-grid-item\">\n            <div class=\"blfe-post-grid-item-inner blfe-modern-zoom\">\n                        <div class=\"blfe-post-grid-bg-image\">\n            <a class=\"blfe-post-grid-image-inner\" href=\"https:\/\/soymigrante.com\/revista\/semana-santa-guatemalteca-via-crucis-infantil-huehuetenango\/\" title=\"Semana Santa guatemalteca: V\u00eda Crucis infantil en Huehuetenango\" rel=\"nofollow\" target=\"_blank\"><img decoding=\"async\" src=\"https:\/\/soymigrante.com\/revista\/wp-content\/uploads\/2024\/03\/fffdff.webp\" alt=\"Semana Santa guatemalteca: V\u00eda Crucis infantil en Huehuetenango\"\/><\/a>        <\/div>\n                        <div class=\"blfe-post-grid-details\">\n                    <div class=\"blfe-post-grid-details-inner\">\n                        <span class=\"blfe-post-category\"><a href=\"https:\/\/soymigrante.com\/revista\/category\/guate-nuestra\/\">Guate Nuestra<\/a><\/span>                        <h3 class=\"blfe-post-grid-title\">\n            <a href=\"https:\/\/soymigrante.com\/revista\/semana-santa-guatemalteca-via-crucis-infantil-huehuetenango\/\" title=\"Semana Santa guatemalteca: V\u00eda Crucis infantil en Huehuetenango\" rel=\"nofollow\" target=\"_blank\">Semana Santa guatemalteca: V\u00eda Crucis infantil en Huehuetenango<\/a>\n            <\/h3>                                                            <div class=\"blfe-post-grid-meta\">\n                <span class=\"blfe-post-grid-time\"><i class=\"fas fa-book-reader\"><\/i>7 Min read<\/span>            <\/div>\n                                                        <\/div>\n                <\/div>\n\n            <\/div>\n        <\/div>\n                        <\/div>\n\n                        <\/div>\n            \n                        <div class=\"blfe-post-footer\">\n                        <\/div>\n            \t\t\t\t<\/div>\n\t\t\t\t<\/div>\n\t\t\t\t\t<\/div>\n\t\t<\/div>\n\t\t\t\t\t<\/div>\n\t\t<\/section>\n\t\t\t\t<\/div>\n\t\t","protected":false},"excerpt":{"rendered":"<p>Hay dos solsticios en el a\u00f1o: el de verano, es decir, el d\u00eda de mayor duraci\u00f3n y el de invierno, el d\u00eda m\u00e1s corto. Y hay dos equinoccios, cuando tienen igual duraci\u00f3n: el 21 de marzo y el 21 de septiembre. Se observa en sitios como Uaxact\u00fan. La palabra Solsticio viene del lat\u00edn y significa [&hellip;]<\/p>\n","protected":false},"author":7,"featured_media":53933,"comment_status":"open","ping_status":"open","sticky":false,"template":"","format":"standard","meta":{"_acf_changed":false,"_eb_attr":"","footnotes":""},"categories":[58],"tags":[],"class_list":["post-6996","post","type-post","status-publish","format-standard","has-post-thumbnail","hentry","category-guate-nuestra"],"acf":[],"aioseo_notices":[],"aioseo_head":"\n\t\t<!-- All in One SEO Pro 4.9.6.2 - aioseo.com -->\n\t<meta name=\"description\" content=\"La Pasi\u00f3n de Cristo representada por ni\u00f1os de Chiantla, Huehuetenango es una muestra de fe y devoci\u00f3n que forma parte de las expresiones populares de la Semana Santa Guatemalteca. Toda representaci\u00f3n en vivo de la Pasi\u00f3n de Cristo tiene elementos de dramatismo, dolor y realismo que impresionan. Pero cuando es representada por ni\u00f1os, adquiere un\" \/>\n\t<meta name=\"robots\" content=\"max-snippet:-1, max-image-preview:large, max-video-preview:-1\" \/>\n\t<meta name=\"author\" content=\"Gustavo Montenegro\"\/>\n\t<link rel=\"canonical\" href=\"https:\/\/soymigrante.com\/revista\/solsticio-de-verano-marca-sitios-mayas-de-uaxactun-e-iximche\/\" \/>\n\t<meta name=\"generator\" content=\"All in One SEO Pro (AIOSEO) 4.9.6.2\" \/>\n\n\t\t<link rel=\"preconnect\" href=\"https:\/\/fonts.googleapis.com\" crossorigin>\n<link rel=\"preconnect\" href=\"https:\/\/fonts.gstatic.com\" crossorigin>\n\t\t<meta property=\"og:locale\" content=\"es_ES\" \/>\n\t\t<meta property=\"og:site_name\" content=\"SoyMigrante.com REVISTA \u2013 Nuestra misi\u00f3n es reconocer y dignificar al migrante.\" \/>\n\t\t<meta property=\"og:type\" content=\"article\" \/>\n\t\t<meta property=\"og:title\" content=\"Equinoccio de primavera se recibe en Uaxact\u00fan e Iximch\u00e9\" \/>\n\t\t<meta property=\"og:description\" content=\"El 21 de marzo y el 21 de septiembre, d\u00eda y noche tienen la misma duraci\u00f3n. Observatorios mayas de Uaxact\u00fan e Iximch\u00e9 suelen ser sitio de ceremonias desde el 20\" \/>\n\t\t<meta property=\"og:url\" content=\"https:\/\/soymigrante.com\/revista\/solsticio-de-verano-marca-sitios-mayas-de-uaxactun-e-iximche\/\" \/>\n\t\t<meta property=\"og:image\" content=\"https:\/\/soymigrante.com\/revista\/wp-content\/uploads\/2025\/03\/ICE-3.png\" \/>\n\t\t<meta property=\"og:image:secure_url\" content=\"https:\/\/soymigrante.com\/revista\/wp-content\/uploads\/2025\/03\/ICE-3.png\" \/>\n\t\t<meta property=\"og:image:width\" content=\"1200\" \/>\n\t\t<meta property=\"og:image:height\" content=\"1200\" \/>\n\t\t<meta property=\"article:published_time\" content=\"2026-03-20T00:32:56+00:00\" \/>\n\t\t<meta property=\"article:modified_time\" content=\"2026-03-20T00:33:00+00:00\" \/>\n\t\t<meta property=\"article:publisher\" content=\"https:\/\/www.facebook.com\/soymigrantecom\" \/>\n\t\t<meta name=\"twitter:card\" content=\"summary_large_image\" \/>\n\t\t<meta name=\"twitter:site\" content=\"@SoyMigrante_com\" \/>\n\t\t<meta name=\"twitter:title\" content=\"Equinoccio de primavera se recibe en Uaxact\u00fan e Iximch\u00e9\" \/>\n\t\t<meta name=\"twitter:description\" content=\"El 21 de marzo y el 21 de septiembre, d\u00eda y noche tienen la misma duraci\u00f3n. Observatorios mayas de Uaxact\u00fan e Iximch\u00e9 suelen ser sitio de ceremonias desde el 20\" \/>\n\t\t<meta name=\"twitter:creator\" content=\"@SoyMigrante_com\" \/>\n\t\t<meta name=\"twitter:image\" content=\"https:\/\/soymigrante.com\/revista\/wp-content\/uploads\/2025\/03\/ICE-3.png\" \/>\n\t\t<!-- All in One SEO Pro -->\r\n\t\t<title>Equinoccio de primavera se recibe en Uaxact\u00fan e Iximch\u00e9<\/title>\n\n","aioseo_head_json":{"title":"Equinoccio de primavera se recibe en Uaxact\u00fan e Iximch\u00e9","description":"El 21 de marzo y el 21 de septiembre, d\u00eda y noche tienen la misma duraci\u00f3n. Observatorios mayas de Uaxact\u00fan e Iximch\u00e9 suelen ser sitio de ceremonias desde el 20","canonical_url":"https:\/\/soymigrante.com\/revista\/solsticio-de-verano-marca-sitios-mayas-de-uaxactun-e-iximche\/","robots":"max-snippet:-1, max-image-preview:large, max-video-preview:-1","keywords":"","webmasterTools":{"miscellaneous":"&lt;link rel=\"preconnect\" href=\"https:\/\/fonts.googleapis.com\" crossorigin&gt;\n&lt;link rel=\"preconnect\" href=\"https:\/\/fonts.gstatic.com\" crossorigin&gt;"},"schema":null,"og:locale":"es_ES","og:site_name":"SoyMigrante.com REVISTA \u2013 Nuestra misi\u00f3n es reconocer y dignificar al migrante.","og:type":"article","og:title":"Equinoccio de primavera se recibe en Uaxact\u00fan e Iximch\u00e9","og:description":"El 21 de marzo y el 21 de septiembre, d\u00eda y noche tienen la misma duraci\u00f3n. Observatorios mayas de Uaxact\u00fan e Iximch\u00e9 suelen ser sitio de ceremonias desde el 20","og:url":"https:\/\/soymigrante.com\/revista\/solsticio-de-verano-marca-sitios-mayas-de-uaxactun-e-iximche\/","og:image":"https:\/\/soymigrante.com\/revista\/wp-content\/uploads\/2025\/03\/ICE-3.png","og:image:secure_url":"https:\/\/soymigrante.com\/revista\/wp-content\/uploads\/2025\/03\/ICE-3.png","og:image:width":1200,"og:image:height":1200,"article:published_time":"2026-03-20T00:32:56+00:00","article:modified_time":"2026-03-20T00:33:00+00:00","article:publisher":"https:\/\/www.facebook.com\/soymigrantecom","twitter:card":"summary_large_image","twitter:site":"@SoyMigrante_com","twitter:title":"Equinoccio de primavera se recibe en Uaxact\u00fan e Iximch\u00e9","twitter:description":"El 21 de marzo y el 21 de septiembre, d\u00eda y noche tienen la misma duraci\u00f3n. Observatorios mayas de Uaxact\u00fan e Iximch\u00e9 suelen ser sitio de ceremonias desde el 20","twitter:creator":"@SoyMigrante_com","twitter:image":"https:\/\/soymigrante.com\/revista\/wp-content\/uploads\/2025\/03\/ICE-3.png"},"aioseo_meta_data":{"post_id":"6996","title":"Equinoccio de primavera se recibe en Uaxact\u00fan e Iximch\u00e9","description":"El 21 de marzo y el 21 de septiembre, d\u00eda y noche tienen la misma duraci\u00f3n. Observatorios mayas de Uaxact\u00fan e Iximch\u00e9 suelen ser sitio de ceremonias desde el 20","keywords":null,"keyphrases":{"focus":{"keyphrase":"Solsticio","score":65,"analysis":{"keyphraseInTitle":{"score":3,"maxScore":9,"error":1},"keyphraseInDescription":{"score":3,"maxScore":9,"error":1},"keyphraseLength":{"score":9,"maxScore":9,"error":0,"length":1},"keyphraseInURL":{"score":5,"maxScore":5,"error":0},"keyphraseInIntroduction":{"score":9,"maxScore":9,"error":0},"keyphraseInSubHeadings":{"score":3,"maxScore":9,"error":1},"keyphraseInImageAlt":{"score":3,"maxScore":9,"error":1},"keywordDensity":{"type":"best","score":9,"maxScore":9,"error":0}}},"additional":[{"keyphrase":"Uaxact\u00fan","score":73,"analysis":{"keyphraseInDescription":{"score":9,"maxScore":9,"error":0},"keyphraseLength":{"score":9,"maxScore":9,"error":0,"length":2},"keyphraseInIntroduction":{"score":3,"maxScore":9,"error":1},"keyphraseInImageAlt":{"score":3,"maxScore":9,"error":1},"keywordDensity":{"type":"best","score":9,"maxScore":9,"error":0}}},{"keyphrase":"Iximch\u00e9","score":53,"analysis":{"keyphraseInDescription":{"score":9,"maxScore":9,"error":0},"keyphraseLength":{"score":9,"maxScore":9,"error":0,"length":1},"keyphraseInIntroduction":{"score":3,"maxScore":9,"error":1},"keyphraseInImageAlt":{"score":3,"maxScore":9,"error":1},"keywordDensity":{"score":0,"type":"low","maxScore":9,"error":1}}},{"keyphrase":"Mayas","score":87,"analysis":{"keyphraseInDescription":{"score":9,"maxScore":9,"error":0},"keyphraseLength":{"score":9,"maxScore":9,"error":0,"length":1},"keyphraseInIntroduction":{"score":9,"maxScore":9,"error":0},"keyphraseInImageAlt":{"score":3,"maxScore":9,"error":1},"keywordDensity":{"type":"best","score":9,"maxScore":9,"error":0}}}]},"primary_term":null,"canonical_url":null,"og_title":null,"og_description":null,"og_object_type":"default","og_image_type":"default","og_image_url":null,"og_image_width":null,"og_image_height":null,"og_image_custom_url":null,"og_image_custom_fields":null,"og_video":"","og_custom_url":null,"og_article_section":null,"og_article_tags":null,"twitter_use_og":false,"twitter_card":"default","twitter_image_type":"default","twitter_image_url":null,"twitter_image_custom_url":null,"twitter_image_custom_fields":null,"twitter_title":null,"twitter_description":null,"schema":{"blockGraphs":[],"customGraphs":[],"default":{"data":{"Article":[],"Course":[],"Dataset":[],"FAQPage":[],"Movie":[],"Person":[],"Product":[],"ProductReview":[],"Car":[],"Recipe":[],"Service":[],"SoftwareApplication":[],"WebPage":[]},"graphName":"NewsArticle","isEnabled":true},"graphs":[]},"schema_type":"default","schema_type_options":null,"pillar_content":false,"robots_default":true,"robots_noindex":false,"robots_noarchive":false,"robots_nosnippet":false,"robots_nofollow":false,"robots_noimageindex":false,"robots_noodp":false,"robots_notranslate":false,"robots_max_snippet":"-1","robots_max_videopreview":"-1","robots_max_imagepreview":"large","priority":null,"frequency":"default","local_seo":null,"seo_analyzer_scan_date":null,"breadcrumb_settings":null,"limit_modified_date":false,"reviewed_by":"0","open_ai":"{\"title\":{\"suggestions\":[],\"usage\":0},\"description\":{\"suggestions\":[],\"usage\":0}}","ai":{"faqs":[],"keyPoints":[],"titles":[],"descriptions":[],"socialPosts":{"email":[],"linkedin":[],"twitter":[],"facebook":[],"instagram":[]}},"created":"2024-06-13 20:33:37","updated":"2026-03-20 01:30:15"},"aioseo_breadcrumb":"<div class=\"aioseo-breadcrumbs\"><span class=\"aioseo-breadcrumb\">\n\t<a href=\"https:\/\/soymigrante.com\/revista\" title=\"Home\">Home<\/a>\n<\/span><span class=\"aioseo-breadcrumb-separator\">\u00bb<\/span><span class=\"aioseo-breadcrumb\">\n\t<a href=\"https:\/\/soymigrante.com\/revista\/category\/guate-nuestra\/\" title=\"Guate Nuestra\">Guate Nuestra<\/a>\n<\/span><span class=\"aioseo-breadcrumb-separator\">\u00bb<\/span><span class=\"aioseo-breadcrumb\">\n\tEquinoccio de primavera se celebra entre 20 y 21 de marzo en sitios mayas como Uaxact\u00fan e Iximch\u00e9\n<\/span><\/div>","aioseo_breadcrumb_json":[{"label":"Home","link":"https:\/\/soymigrante.com\/revista"},{"label":"Guate Nuestra","link":"https:\/\/soymigrante.com\/revista\/category\/guate-nuestra\/"},{"label":"Equinoccio de primavera se celebra entre 20 y 21 de marzo en sitios mayas como Uaxact\u00fan e Iximch\u00e9","link":"https:\/\/soymigrante.com\/revista\/solsticio-de-verano-marca-sitios-mayas-de-uaxactun-e-iximche\/"}],"_links":{"self":[{"href":"https:\/\/soymigrante.com\/revista\/wp-json\/wp\/v2\/posts\/6996","targetHints":{"allow":["GET"]}}],"collection":[{"href":"https:\/\/soymigrante.com\/revista\/wp-json\/wp\/v2\/posts"}],"about":[{"href":"https:\/\/soymigrante.com\/revista\/wp-json\/wp\/v2\/types\/post"}],"author":[{"embeddable":true,"href":"https:\/\/soymigrante.com\/revista\/wp-json\/wp\/v2\/users\/7"}],"replies":[{"embeddable":true,"href":"https:\/\/soymigrante.com\/revista\/wp-json\/wp\/v2\/comments?post=6996"}],"version-history":[{"count":6,"href":"https:\/\/soymigrante.com\/revista\/wp-json\/wp\/v2\/posts\/6996\/revisions"}],"predecessor-version":[{"id":53934,"href":"https:\/\/soymigrante.com\/revista\/wp-json\/wp\/v2\/posts\/6996\/revisions\/53934"}],"wp:featuredmedia":[{"embeddable":true,"href":"https:\/\/soymigrante.com\/revista\/wp-json\/wp\/v2\/media\/53933"}],"wp:attachment":[{"href":"https:\/\/soymigrante.com\/revista\/wp-json\/wp\/v2\/media?parent=6996"}],"wp:term":[{"taxonomy":"category","embeddable":true,"href":"https:\/\/soymigrante.com\/revista\/wp-json\/wp\/v2\/categories?post=6996"},{"taxonomy":"post_tag","embeddable":true,"href":"https:\/\/soymigrante.com\/revista\/wp-json\/wp\/v2\/tags?post=6996"}],"curies":[{"name":"wp","href":"https:\/\/api.w.org\/{rel}","templated":true}]}}