{"id":6956,"date":"2026-02-07T13:38:28","date_gmt":"2026-02-07T19:38:28","guid":{"rendered":"https:\/\/soymigrante.com\/revista\/?p=6956"},"modified":"2026-02-07T13:38:38","modified_gmt":"2026-02-07T19:38:38","slug":"cafe-de-guatemala-preguntas-y-respuestas","status":"publish","type":"post","link":"https:\/\/soymigrante.com\/revista\/cafe-de-guatemala-preguntas-y-respuestas\/","title":{"rendered":"\u00bfPor qu\u00e9 el Cafe de Guatemala es tan famoso, exquisito y variado?"},"content":{"rendered":"\t\t<div data-elementor-type=\"wp-post\" data-elementor-id=\"6956\" class=\"elementor elementor-6956\" data-elementor-post-type=\"post\">\n\t\t\t\t\t\t<section data-particle_enable=\"false\" data-particle-mobile-disabled=\"false\" class=\"elementor-section elementor-top-section elementor-element elementor-element-210e563 elementor-section-boxed elementor-section-height-default elementor-section-height-default\" data-id=\"210e563\" data-element_type=\"section\" data-e-type=\"section\">\n\t\t\t\t\t\t<div class=\"elementor-container elementor-column-gap-default\">\n\t\t\t\t\t<div class=\"elementor-column elementor-col-100 elementor-top-column elementor-element elementor-element-7fd2a54\" data-id=\"7fd2a54\" data-element_type=\"column\" data-e-type=\"column\">\n\t\t\t<div class=\"elementor-widget-wrap elementor-element-populated\">\n\t\t\t\t\t\t<div class=\"elementor-element elementor-element-00355a3 elementor-widget elementor-widget-heading\" data-id=\"00355a3\" data-element_type=\"widget\" data-e-type=\"widget\" data-widget_type=\"heading.default\">\n\t\t\t\t\t<h2 class=\"elementor-heading-title elementor-size-default\"><p><span>El Caf\u00e9 de Guatemala es la segunda mayor fuente de divisas por exportaciones y cuatro de cada diez quintales de caf\u00e9 guatemalteco van al mercado de Estados Unidos. Su exquisito aroma y alta calidad ganan cada vez m\u00e1s espacios y tazas en el mundo.<\/span><\/p><\/h2>\t\t\t\t<\/div>\n\t\t\t\t\t<\/div>\n\t\t<\/div>\n\t\t\t\t\t<\/div>\n\t\t<\/section>\n\t\t\t\t<section data-particle_enable=\"false\" data-particle-mobile-disabled=\"false\" class=\"elementor-section elementor-top-section elementor-element elementor-element-a0fb741 elementor-section-boxed elementor-section-height-default elementor-section-height-default\" data-id=\"a0fb741\" data-element_type=\"section\" data-e-type=\"section\">\n\t\t\t\t\t\t<div class=\"elementor-container elementor-column-gap-default\">\n\t\t\t\t\t<div class=\"elementor-column elementor-col-100 elementor-top-column elementor-element elementor-element-501d3aa\" data-id=\"501d3aa\" data-element_type=\"column\" data-e-type=\"column\">\n\t\t\t<div class=\"elementor-widget-wrap elementor-element-populated\">\n\t\t\t\t\t\t<div class=\"elementor-element elementor-element-8695ca6 elementor-widget elementor-widget-text-editor\" data-id=\"8695ca6\" data-element_type=\"widget\" data-e-type=\"widget\" data-widget_type=\"text-editor.default\">\n\t\t\t\t\t\t\t\t\t<p class=\"MsoNormal\"><span lang=\"ES-MX\">El caf\u00e9 de Guatemala tiene nombre y apellido propios: es una bebida exquisita, con variedad de regiones, variaciones de aroma, cuerpo y sabor: todo un conjunto de caracter\u00edsticas que motivan una alta demanda alrededor del mundo. Por ello <a href=\"https:\/\/soymigrante.com\/revista\/22-departamentos-de-guatemala-un-corazon-multicultural-compartido\/\">Guatemala<\/a> est\u00e1 dentro de los 10 mayores exportadores del mundo y su principal destino es Estados Unidos.\u00a0<\/span><\/p><p class=\"MsoNormal\">Pero el caf\u00e9 como planta no es originario de Guatemala, ni de Am\u00e9rica. Sin embargo, en este pa\u00eds ha adquirido esas caracter\u00edsticas de excelencia que permiten incluso a muchos migrantes guatemaltecos emprendedores, impulsar el grano de caf\u00e9 Guatemalteco empaquetado o preparado.<\/p><p class=\"MsoNormal\">En todo caso para valorar, conocer y poder disfrutar con orgullo del mejor caf\u00e9 del mundo, el de G<a href=\"https:\/\/soymigrante.com\/revista\/22-departamentos-de-guatemala-un-corazon-multicultural-compartido\/\">uatemala,<\/a> estas son algunas preguntas con respuesta.<\/p>\t\t\t\t\t\t\t\t<\/div>\n\t\t\t\t\t<\/div>\n\t\t<\/div>\n\t\t\t\t\t<\/div>\n\t\t<\/section>\n\t\t\t\t<section data-particle_enable=\"false\" data-particle-mobile-disabled=\"false\" class=\"elementor-section elementor-top-section elementor-element elementor-element-dfbdc4b elementor-section-boxed elementor-section-height-default elementor-section-height-default\" data-id=\"dfbdc4b\" data-element_type=\"section\" data-e-type=\"section\">\n\t\t\t\t\t\t<div class=\"elementor-container elementor-column-gap-default\">\n\t\t\t\t\t<div class=\"elementor-column elementor-col-100 elementor-top-column elementor-element elementor-element-b1ce082\" data-id=\"b1ce082\" data-element_type=\"column\" data-e-type=\"column\">\n\t\t\t<div class=\"elementor-widget-wrap elementor-element-populated\">\n\t\t\t\t\t\t<div class=\"elementor-element elementor-element-c889ee7 elementor-widget elementor-widget-heading\" data-id=\"c889ee7\" data-element_type=\"widget\" data-e-type=\"widget\" data-widget_type=\"heading.default\">\n\t\t\t\t\t<h3 class=\"elementor-heading-title elementor-size-default\"><p><span>Para empezar \u00bfEs el caf\u00e9 originario de Guatemala o cu\u00e1ndo lleg\u00f3?<\/span><\/p><\/h3>\t\t\t\t<\/div>\n\t\t\t\t\t<\/div>\n\t\t<\/div>\n\t\t\t\t\t<\/div>\n\t\t<\/section>\n\t\t\t\t<section data-particle_enable=\"false\" data-particle-mobile-disabled=\"false\" class=\"elementor-section elementor-top-section elementor-element elementor-element-3d41b97 elementor-section-boxed elementor-section-height-default elementor-section-height-default\" data-id=\"3d41b97\" data-element_type=\"section\" data-e-type=\"section\">\n\t\t\t\t\t\t<div class=\"elementor-container elementor-column-gap-default\">\n\t\t\t\t\t<div class=\"elementor-column elementor-col-100 elementor-top-column elementor-element elementor-element-c6f97ad\" data-id=\"c6f97ad\" data-element_type=\"column\" data-e-type=\"column\">\n\t\t\t<div class=\"elementor-widget-wrap elementor-element-populated\">\n\t\t\t\t\t\t<div class=\"elementor-element elementor-element-3fa5fc5 elementor-widget elementor-widget-text-editor\" data-id=\"3fa5fc5\" data-element_type=\"widget\" data-e-type=\"widget\" data-widget_type=\"text-editor.default\">\n\t\t\t\t\t\t\t\t\t<p>Las primeras plantas de caf\u00e9 llegaron a Guatemala gracias a los misioneros jesuitas, que trajeron plantas de Europa. La planta es de origen \u00e1rabe, de donde posteriormente pas\u00f3 a Europa, sobre todo tras la invasi\u00f3n de los musulmanes a Espa\u00f1a, de donde fueron expulsados en 1492.<\/p><p>Las plantas de caf\u00e9 fueron sembradas en el convento jesuita de Antigua Guatemala como parte de las especies ornamentales de jardines de monasterios y\u00a0<span style=\"color: var( --e-global-color-text );\">no para cultivar el grano o disfrutar la bebida.\u00a0 De hecho pas\u00f3 casi un siglo para que comenzara a ser cultivado con fines comerciales. Curiosamente hoy el caf\u00e9 de <a href=\"https:\/\/soymigrante.com\/revista\/antigua-guatemala-arco-de-santa-catalina-tesoro-colonial-patrimonio\/\">Antigua Guatemala <\/a>es uno de los m\u00e1s famosos del pa\u00eds.\u00a0<\/span><\/p><p>Otros cultivos como el cacao o el a\u00f1il constitu\u00edan los productos de exportaci\u00f3n en aquella \u00e9poca. Y fue su declive lo que fue marcando la ruta hacia la taza de caf\u00e9.<\/p><p>Hace 200 a\u00f1os, viajeros que visitaron Guatemala reportaron que era dif\u00edcil, muy dif\u00edcil conseguir siquiera unos granos de caf\u00e9 aqu\u00ed. Y que eran mucho m\u00e1s caros que Europa. Hacia 1840, cuando deca\u00eda el inter\u00e9s por otros productos, se empez\u00f3 a sembrar caf\u00e9 de manera complementaria y en unas pocas plantaciones.\u00a0 Las primeras fincas en empezar a reportar mayor cultivo de caf\u00e9 estaban en Antigua Guatemala y Amatitl\u00e1n. Hacia 1862 ya empezaba a crecer la producci\u00f3n y tras la revoluci\u00f3n de 1871 hubo una apuesta econ\u00f3mica y gubernamental decisiva por el caf\u00e9.\u00a0<\/p>\t\t\t\t\t\t\t\t<\/div>\n\t\t\t\t\t<\/div>\n\t\t<\/div>\n\t\t\t\t\t<\/div>\n\t\t<\/section>\n\t\t\t\t<section data-particle_enable=\"false\" data-particle-mobile-disabled=\"false\" class=\"elementor-section elementor-top-section elementor-element elementor-element-3a73f50 elementor-section-boxed elementor-section-height-default elementor-section-height-default\" data-id=\"3a73f50\" data-element_type=\"section\" data-e-type=\"section\">\n\t\t\t\t\t\t<div class=\"elementor-container elementor-column-gap-default\">\n\t\t\t\t\t<div class=\"elementor-column elementor-col-100 elementor-top-column elementor-element elementor-element-6b219af\" data-id=\"6b219af\" data-element_type=\"column\" data-e-type=\"column\">\n\t\t\t<div class=\"elementor-widget-wrap elementor-element-populated\">\n\t\t\t\t\t\t<div class=\"elementor-element elementor-element-e681567 elementor-widget elementor-widget-image\" data-id=\"e681567\" data-element_type=\"widget\" data-e-type=\"widget\" data-widget_type=\"image.default\">\n\t\t\t\t\t\t\t\t\t\t\t\t<figure class=\"wp-caption\">\n\t\t\t\t\t\t\t\t\t\t<img fetchpriority=\"high\" decoding=\"async\" width=\"1024\" height=\"739\" src=\"https:\/\/soymigrante.com\/revista\/wp-content\/uploads\/2024\/06\/Captura-de-pantalla-2024-06-12-231620-1024x739.webp\" class=\"attachment-large size-large wp-image-6980\" alt=\"Abeja polinizando flores blancas, flora y naturaleza, agricultura ecol\u00f3gica, polinizaci\u00f3n y abejas, revista soy migrante flora.\" srcset=\"https:\/\/soymigrante.com\/revista\/wp-content\/uploads\/2024\/06\/Captura-de-pantalla-2024-06-12-231620-1024x739.webp 1024w, https:\/\/soymigrante.com\/revista\/wp-content\/uploads\/2024\/06\/Captura-de-pantalla-2024-06-12-231620-300x217.webp 300w, https:\/\/soymigrante.com\/revista\/wp-content\/uploads\/2024\/06\/Captura-de-pantalla-2024-06-12-231620-768x554.webp 768w, https:\/\/soymigrante.com\/revista\/wp-content\/uploads\/2024\/06\/Captura-de-pantalla-2024-06-12-231620-120x86.webp 120w, https:\/\/soymigrante.com\/revista\/wp-content\/uploads\/2024\/06\/Captura-de-pantalla-2024-06-12-231620-750x541.webp 750w, https:\/\/soymigrante.com\/revista\/wp-content\/uploads\/2024\/06\/Captura-de-pantalla-2024-06-12-231620.webp 1133w\" sizes=\"(max-width: 1024px) 100vw, 1024px\" title=\"Las primeras plantas de caf\u00e9 tra\u00eddas a Guatemala hacia 1750 por religiosos jesuitas ten\u00edan una finalidad ornamental y no de cultivo de su fruto. \u2013 SoyMigrante.com REVISTA\" \/>\t\t\t\t\t\t\t\t\t\t\t<figcaption class=\"widget-image-caption wp-caption-text\">Flores blancas y abeja polinizando en un entorno natural, resaltando la biodiversidad y el cuidado del medio ambiente en la revista SoyMigrante.com REVISTA.<\/figcaption>\n\t\t\t\t\t\t\t\t\t\t<\/figure>\n\t\t\t\t\t\t\t\t\t<\/div>\n\t\t\t\t\t<\/div>\n\t\t<\/div>\n\t\t\t\t\t<\/div>\n\t\t<\/section>\n\t\t\t\t<section data-particle_enable=\"false\" data-particle-mobile-disabled=\"false\" class=\"elementor-section elementor-top-section elementor-element elementor-element-7c9d714 elementor-section-boxed elementor-section-height-default elementor-section-height-default\" data-id=\"7c9d714\" data-element_type=\"section\" data-e-type=\"section\">\n\t\t\t\t\t\t<div class=\"elementor-container elementor-column-gap-default\">\n\t\t\t\t\t<div class=\"elementor-column elementor-col-100 elementor-top-column elementor-element elementor-element-d05112d\" data-id=\"d05112d\" data-element_type=\"column\" data-e-type=\"column\">\n\t\t\t<div class=\"elementor-widget-wrap elementor-element-populated\">\n\t\t\t\t\t\t<div class=\"elementor-element elementor-element-2958eb5 elementor-widget elementor-widget-heading\" data-id=\"2958eb5\" data-element_type=\"widget\" data-e-type=\"widget\" data-widget_type=\"heading.default\">\n\t\t\t\t\t<h3 class=\"elementor-heading-title elementor-size-default\">\u00bfQu\u00e9 regi\u00f3n y suelo son mejores para el caf\u00e9? <\/h3>\t\t\t\t<\/div>\n\t\t\t\t\t<\/div>\n\t\t<\/div>\n\t\t\t\t\t<\/div>\n\t\t<\/section>\n\t\t\t\t<section data-particle_enable=\"false\" data-particle-mobile-disabled=\"false\" class=\"elementor-section elementor-top-section elementor-element elementor-element-cb6c82f elementor-section-boxed elementor-section-height-default elementor-section-height-default\" data-id=\"cb6c82f\" data-element_type=\"section\" data-e-type=\"section\">\n\t\t\t\t\t\t<div class=\"elementor-container elementor-column-gap-default\">\n\t\t\t\t\t<div class=\"elementor-column elementor-col-100 elementor-top-column elementor-element elementor-element-2fca405\" data-id=\"2fca405\" data-element_type=\"column\" data-e-type=\"column\">\n\t\t\t<div class=\"elementor-widget-wrap elementor-element-populated\">\n\t\t\t\t\t\t<div class=\"elementor-element elementor-element-cb56961 elementor-widget elementor-widget-text-editor\" data-id=\"cb56961\" data-element_type=\"widget\" data-e-type=\"widget\" data-widget_type=\"text-editor.default\">\n\t\t\t\t\t\t\t\t\t<p>Ya desde el a\u00f1o 1860, las tierras de la llamaba bocacosta guatemalteca, sobre todo en el \u00e1rea de <a href=\"https:\/\/soymigrante.com\/revista\/departamentos-de-guatemala-quetzaltenango-tiene-historia-de-500-anos\/\">Quetzaltenango<\/a>, <a href=\"https:\/\/soymigrante.com\/revista\/departamentos-de-guatemala-suchitepequez-es-llamado-la-tierra-del-venado\/\">Suchitep\u00e9quez <\/a>y <a href=\"https:\/\/soymigrante.com\/revista\/departamentos-de-guatemala-escuintla-es-corredor-economico-destino-turistico-y-puerta-al-pacifico\/\">Escuintla<\/a>, se revelaron como los mejores terrenos para el crecimiento y cultivo del cafeto. Los territorios volc\u00e1nicos de <a href=\"https:\/\/soymigrante.com\/revista\/departamentos-de-guatemala-solola-tiene-un-corazon-de-agua-cristalina-entre-montanas\/\">Solol\u00e1<\/a> y las altas monta\u00f1as de <a href=\"https:\/\/soymigrante.com\/revista\/departamentos-de-guatemala-huehuetenango-la-tierra-de-kaibil-balam-tesoro-cultural-y-natural\/\">Huehuetenango<\/a> no se quedan atr\u00e1s. Tambi\u00e9n en monta\u00f1as del Oriente guatemalteco se produce un grano de calidad.<\/p>\n<p>Es una combinaci\u00f3n de factores:&nbsp;La riqueza de minerales, buen drenaje al subsuelo y la constante actividad de ciertos volcanes, as\u00ed como la combinaci\u00f3n de alturas entre los 1300 a 2000 metros sobre el nivel del mar se convirtieron en uno de los factores estrat\u00e9gicos para la calidad del caf\u00e9 de Guatemala.<\/p>\t\t\t\t\t\t\t\t<\/div>\n\t\t\t\t\t<\/div>\n\t\t<\/div>\n\t\t\t\t\t<\/div>\n\t\t<\/section>\n\t\t<div data-particle_enable=\"false\" data-particle-mobile-disabled=\"false\" class=\"elementor-element elementor-element-e688507 e-flex e-con-boxed e-con e-parent\" data-id=\"e688507\" data-element_type=\"container\" data-e-type=\"container\">\n\t\t\t\t\t<div class=\"e-con-inner\">\n\t\t\t\t<div class=\"elementor-element elementor-element-69302e1 elementor-widget elementor-widget-image\" data-id=\"69302e1\" data-element_type=\"widget\" data-e-type=\"widget\" data-widget_type=\"image.default\">\n\t\t\t\t\t\t\t\t\t\t\t\t<figure class=\"wp-caption\">\n\t\t\t\t\t\t\t\t\t\t\t<a href=\"https:\/\/soymigrante.com\/mercado\/category-search?category=&#038;term=cafe\">\n\t\t\t\t\t\t\t<img decoding=\"async\" width=\"1024\" height=\"297\" src=\"https:\/\/soymigrante.com\/revista\/wp-content\/uploads\/2025\/03\/cafe-banner-1024x297.jpg\" class=\"elementor-animation-bounce-in attachment-large size-large wp-image-28897\" alt=\"Artesan\u00eda de caf\u00e9 guatemalteco en SoyMigrante.com, promueve el sabor y calidad del caf\u00e9 desde Guatemala, disponible en nuestro mercado online para los amantes del caf\u00e9 en todo el mundo.\" srcset=\"https:\/\/soymigrante.com\/revista\/wp-content\/uploads\/2025\/03\/cafe-banner-1024x297.jpg 1024w, https:\/\/soymigrante.com\/revista\/wp-content\/uploads\/2025\/03\/cafe-banner-300x87.jpg 300w, https:\/\/soymigrante.com\/revista\/wp-content\/uploads\/2025\/03\/cafe-banner-768x223.jpg 768w, https:\/\/soymigrante.com\/revista\/wp-content\/uploads\/2025\/03\/cafe-banner-1536x445.jpg 1536w, https:\/\/soymigrante.com\/revista\/wp-content\/uploads\/2025\/03\/cafe-banner-2048x594.jpg 2048w, https:\/\/soymigrante.com\/revista\/wp-content\/uploads\/2025\/03\/cafe-banner-750x218.webp 750w, https:\/\/soymigrante.com\/revista\/wp-content\/uploads\/2025\/03\/cafe-banner-1140x331.webp 1140w, https:\/\/soymigrante.com\/revista\/wp-content\/uploads\/2025\/03\/cafe-banner-scaled.webp 1920w\" sizes=\"(max-width: 1024px) 100vw, 1024px\" title=\"Disfruta opciones de buen cafe guatemalteco a trav\u00e9s de SoyMigrante.com MERCADO, la plataforma que une a emprendedores con consumidores en Guatemala. \u2013 SoyMigrante.com REVISTA\" \/>\t\t\t\t\t\t\t\t<\/a>\n\t\t\t\t\t\t\t\t\t\t\t<figcaption class=\"widget-image-caption wp-caption-text\">Disfruta del aut\u00e9ntico caf\u00e9 guatemalteco en SoyMigrante.com, una tienda en l\u00ednea que ofrece variedad de granos de caf\u00e9 de Guatemala, del\u00e9itate con su aroma y sabor en cada taza.<\/figcaption>\n\t\t\t\t\t\t\t\t\t\t<\/figure>\n\t\t\t\t\t\t\t\t\t<\/div>\n\t\t\t\t\t<\/div>\n\t\t\t\t<\/div>\n\t\t\t\t<section data-particle_enable=\"false\" data-particle-mobile-disabled=\"false\" class=\"elementor-section elementor-top-section elementor-element elementor-element-3004de2 elementor-section-boxed elementor-section-height-default elementor-section-height-default\" data-id=\"3004de2\" data-element_type=\"section\" data-e-type=\"section\">\n\t\t\t\t\t\t<div class=\"elementor-container elementor-column-gap-default\">\n\t\t\t\t\t<div class=\"elementor-column elementor-col-100 elementor-top-column elementor-element elementor-element-99ce24c\" data-id=\"99ce24c\" data-element_type=\"column\" data-e-type=\"column\">\n\t\t\t<div class=\"elementor-widget-wrap elementor-element-populated\">\n\t\t\t\t\t\t<div class=\"elementor-element elementor-element-5196d6b elementor-widget elementor-widget-heading\" data-id=\"5196d6b\" data-element_type=\"widget\" data-e-type=\"widget\" data-widget_type=\"heading.default\">\n\t\t\t\t\t<h3 class=\"elementor-heading-title elementor-size-default\">\u00bfPor qu\u00e9 hay tantas variedades con combinaciones distintas de sabor, aroma y \"fuerza\"?<\/h3>\t\t\t\t<\/div>\n\t\t\t\t\t<\/div>\n\t\t<\/div>\n\t\t\t\t\t<\/div>\n\t\t<\/section>\n\t\t\t\t<section data-particle_enable=\"false\" data-particle-mobile-disabled=\"false\" class=\"elementor-section elementor-top-section elementor-element elementor-element-7da5cf1 elementor-section-boxed elementor-section-height-default elementor-section-height-default\" data-id=\"7da5cf1\" data-element_type=\"section\" data-e-type=\"section\">\n\t\t\t\t\t\t<div class=\"elementor-container elementor-column-gap-default\">\n\t\t\t\t\t<div class=\"elementor-column elementor-col-100 elementor-top-column elementor-element elementor-element-e760a08\" data-id=\"e760a08\" data-element_type=\"column\" data-e-type=\"column\">\n\t\t\t<div class=\"elementor-widget-wrap elementor-element-populated\">\n\t\t\t\t\t\t<div class=\"elementor-element elementor-element-b15d362 elementor-widget elementor-widget-text-editor\" data-id=\"b15d362\" data-element_type=\"widget\" data-e-type=\"widget\" data-widget_type=\"text-editor.default\">\n\t\t\t\t\t\t\t\t\t<p>En Guatemala existen unos 300 microclimas: regiones que por su altura, ubicaci\u00f3n proximidad a volcanes, tipos de bosque y de \u00e1rboles de sombra le dan a cada caf\u00e9 un sabor particular.\u00a0 Pero en general <a href=\"https:\/\/soymigrante.com\/revista\/cafe-de-guatemala-y-sus-10-regiones-de-cultivo-cada-una-con-sabor-y-aroma-propio\/\">existen ocho regiones identificadas<\/a>, con caracter\u00edsticas distinguibles, las cuales la Asociaci\u00f3n Nacional del Caf\u00e9, distingue a trav\u00e9s de un mapa en su sitio digital. &#8220;<\/p><p>Nosotros tenemos el privilegio de contar con microclimas y suelos f\u00e9rtiles qu\u00e9 nos dan la oportunidad de proveer al mundo caf\u00e9s con diferentes notas y caracter\u00edsticas \u00fanicas de cada regi\u00f3n. En total existen 8 regiones cafetaleras en Guatemala. En nuestro caso particular, somos de la regi\u00f3n 8, Fraijanes&#8221;.\u00a0<\/p><p>&#8220;Nuestro caf\u00e9 se caracteriza por su acidez balanceada con notas a chocolate y aroma suave y balanceado. Mi parte favorita de nuestro caf\u00e9 aparte de su balanceado sabor es las notas a panela que se sienten en el paladar despu\u00e9s de los primeros sorbos&#8221;, expone el caficultor y migrante guatemalteco H\u00e9ctor Mej\u00eda Zamora, residente en Oregon, quien all\u00e1 impulsa la marca de caf\u00e9 Zamora, cultivado en Santa Rosa.<\/p>\t\t\t\t\t\t\t\t<\/div>\n\t\t\t\t\t<\/div>\n\t\t<\/div>\n\t\t\t\t\t<\/div>\n\t\t<\/section>\n\t\t\t\t<section data-particle_enable=\"false\" data-particle-mobile-disabled=\"false\" class=\"elementor-section elementor-top-section elementor-element elementor-element-7f9f7cc elementor-section-boxed elementor-section-height-default elementor-section-height-default\" data-id=\"7f9f7cc\" data-element_type=\"section\" data-e-type=\"section\">\n\t\t\t\t\t\t<div class=\"elementor-container elementor-column-gap-default\">\n\t\t\t\t\t<div class=\"elementor-column elementor-col-100 elementor-top-column elementor-element elementor-element-64c0396\" data-id=\"64c0396\" data-element_type=\"column\" data-e-type=\"column\">\n\t\t\t<div class=\"elementor-widget-wrap elementor-element-populated\">\n\t\t\t\t\t\t<div class=\"elementor-element elementor-element-b4d957d elementor-widget elementor-widget-image\" data-id=\"b4d957d\" data-element_type=\"widget\" data-e-type=\"widget\" data-widget_type=\"image.default\">\n\t\t\t\t\t\t\t\t\t\t\t\t<figure class=\"wp-caption\">\n\t\t\t\t\t\t\t\t\t\t\t<a href=\"https:\/\/www.anacafe.org\/\">\n\t\t\t\t\t\t\t<img decoding=\"async\" width=\"1024\" height=\"794\" src=\"https:\/\/soymigrante.com\/revista\/wp-content\/uploads\/2024\/06\/anacafe-regiones-1024x794.webp\" class=\"attachment-large size-large wp-image-6979\" alt=\"Mapa de la Asociaci\u00f3n Nacional del Caf\u00e9 de las 8 regiones de origen de caf\u00e9 de Guatemala. N\u00f3tese que todas, a excepci\u00f3n de Huehuetenango y Cob\u00e1n, se encuentran en la bocacosta. Sin embargo, tambi\u00e9n estan en \u00e1reas monta\u00f1osas.\" srcset=\"https:\/\/soymigrante.com\/revista\/wp-content\/uploads\/2024\/06\/anacafe-regiones-1024x794.webp 1024w, https:\/\/soymigrante.com\/revista\/wp-content\/uploads\/2024\/06\/anacafe-regiones-300x233.webp 300w, https:\/\/soymigrante.com\/revista\/wp-content\/uploads\/2024\/06\/anacafe-regiones-768x596.webp 768w, https:\/\/soymigrante.com\/revista\/wp-content\/uploads\/2024\/06\/anacafe-regiones-750x582.webp 750w, https:\/\/soymigrante.com\/revista\/wp-content\/uploads\/2024\/06\/anacafe-regiones-1140x884.webp 1140w, https:\/\/soymigrante.com\/revista\/wp-content\/uploads\/2024\/06\/anacafe-regiones.webp 1280w\" sizes=\"(max-width: 1024px) 100vw, 1024px\" title=\"Mapa de la Asociaci\u00f3n Nacional del Caf\u00e9 de las 8 regiones de origen de caf\u00e9 de Guatemala. N\u00f3tese que todas, a excepci\u00f3n de Huehuetenango y Cob\u00e1n, se encuentran en la bocacosta. Sin embargo, tambi\u00e9n estan en \u00e1reas monta\u00f1osas. \u2013 SoyMigrante.com REVISTA\" \/>\t\t\t\t\t\t\t\t<\/a>\n\t\t\t\t\t\t\t\t\t\t\t<figcaption class=\"widget-image-caption wp-caption-text\">Mapa de la Asociaci\u00f3n Nacional del Caf\u00e9 de las 8 regiones de origen de caf\u00e9 de Guatemala. N\u00f3tese que todas, a excepci\u00f3n de Huehuetenango y Cob\u00e1n, se encuentran en la bocacosta. Sin embargo, tambi\u00e9n estan en \u00e1reas monta\u00f1osas.<\/figcaption>\n\t\t\t\t\t\t\t\t\t\t<\/figure>\n\t\t\t\t\t\t\t\t\t<\/div>\n\t\t\t\t\t<\/div>\n\t\t<\/div>\n\t\t\t\t\t<\/div>\n\t\t<\/section>\n\t\t\t\t<section data-particle_enable=\"false\" data-particle-mobile-disabled=\"false\" class=\"elementor-section elementor-top-section elementor-element elementor-element-a1554ee elementor-section-boxed elementor-section-height-default elementor-section-height-default\" data-id=\"a1554ee\" data-element_type=\"section\" data-e-type=\"section\">\n\t\t\t\t\t\t<div class=\"elementor-container elementor-column-gap-default\">\n\t\t\t\t\t<div class=\"elementor-column elementor-col-100 elementor-top-column elementor-element elementor-element-1ec75c1\" data-id=\"1ec75c1\" data-element_type=\"column\" data-e-type=\"column\">\n\t\t\t<div class=\"elementor-widget-wrap elementor-element-populated\">\n\t\t\t\t\t\t<div class=\"elementor-element elementor-element-b1c9307 elementor-widget elementor-widget-heading\" data-id=\"b1c9307\" data-element_type=\"widget\" data-e-type=\"widget\" data-widget_type=\"heading.default\">\n\t\t\t\t\t<h3 class=\"elementor-heading-title elementor-size-default\">\u00bfA d\u00f3nde va la producci\u00f3n de cafe guatemalteco de exportaci\u00f3n?<\/h3>\t\t\t\t<\/div>\n\t\t\t\t\t<\/div>\n\t\t<\/div>\n\t\t\t\t\t<\/div>\n\t\t<\/section>\n\t\t\t\t<section data-particle_enable=\"false\" data-particle-mobile-disabled=\"false\" class=\"elementor-section elementor-top-section elementor-element elementor-element-d39ed6e elementor-section-boxed elementor-section-height-default elementor-section-height-default\" data-id=\"d39ed6e\" data-element_type=\"section\" data-e-type=\"section\">\n\t\t\t\t\t\t<div class=\"elementor-container elementor-column-gap-default\">\n\t\t\t\t\t<div class=\"elementor-column elementor-col-100 elementor-top-column elementor-element elementor-element-0218af8\" data-id=\"0218af8\" data-element_type=\"column\" data-e-type=\"column\">\n\t\t\t<div class=\"elementor-widget-wrap elementor-element-populated\">\n\t\t\t\t\t\t<div class=\"elementor-element elementor-element-97fe8f3 elementor-widget elementor-widget-text-editor\" data-id=\"97fe8f3\" data-element_type=\"widget\" data-e-type=\"widget\" data-widget_type=\"text-editor.default\">\n\t\t\t\t\t\t\t\t\t<p>Pr\u00e1cticamente la mitad del caf\u00e9 guatemalteco de exportaci\u00f3n va para Am\u00e9rica del Norte, con un 49%, Asia compra un 26% y Europa un 22%. Ak hacer la segmentaci\u00f3n por pa\u00edses espec\u00edficos que compran Caf\u00e9 de Guatemala queda as\u00ed:<\/p><ol><li><span style=\"color: var( --e-global-color-text );\"><b>Estados Unidos: 41%<\/b><\/span><\/li><li><span style=\"color: var( --e-global-color-text );\"><b>Jap\u00f3n: 12%<\/b><\/span><\/li><li><span style=\"color: var( --e-global-color-text );\"><b>B\u00e9lgica: 10%<\/b><\/span><\/li><li><span style=\"color: var( --e-global-color-text );\"><b>Canad\u00e1: 8%<\/b><\/span><\/li><li><span style=\"color: var( --e-global-color-text );\"><b>Italia: 5%<\/b><\/span><\/li><li><span style=\"color: var( --e-global-color-text );\"><b>Alemania: 4%<\/b><\/span><\/li><li><span style=\"color: var( --e-global-color-text );\"><b>Corea del Sur: 4%<\/b><\/span><\/li><li><span style=\"color: var( --e-global-color-text );\"><b>Rep\u00fablica Popular de China: 4%<\/b><\/span><\/li><li><span style=\"color: var( --e-global-color-text );\"><b>Taiw\u00e1n: 2%<\/b><\/span><\/li><li><span style=\"color: var( --e-global-color-text );\"><b>Pa\u00edses Bajos: 2%<\/b><\/span><\/li><li><span style=\"color: var( --e-global-color-text );\"><b>Otros: 8%<\/b><\/span><\/li><\/ol>\t\t\t\t\t\t\t\t<\/div>\n\t\t\t\t\t<\/div>\n\t\t<\/div>\n\t\t\t\t\t<\/div>\n\t\t<\/section>\n\t\t\t\t<section data-particle_enable=\"false\" data-particle-mobile-disabled=\"false\" class=\"elementor-section elementor-top-section elementor-element elementor-element-0ee8672 elementor-section-boxed elementor-section-height-default elementor-section-height-default\" data-id=\"0ee8672\" data-element_type=\"section\" data-e-type=\"section\">\n\t\t\t\t\t\t<div class=\"elementor-container elementor-column-gap-default\">\n\t\t\t\t\t<div class=\"elementor-column elementor-col-100 elementor-top-column elementor-element elementor-element-8eb1b51\" data-id=\"8eb1b51\" data-element_type=\"column\" data-e-type=\"column\">\n\t\t\t<div class=\"elementor-widget-wrap\">\n\t\t\t\t\t\t\t<\/div>\n\t\t<\/div>\n\t\t\t\t\t<\/div>\n\t\t<\/section>\n\t\t\t\t<section data-particle_enable=\"false\" data-particle-mobile-disabled=\"false\" class=\"elementor-section elementor-top-section elementor-element elementor-element-e552333 elementor-section-boxed elementor-section-height-default elementor-section-height-default\" data-id=\"e552333\" data-element_type=\"section\" data-e-type=\"section\">\n\t\t\t\t\t\t<div class=\"elementor-container elementor-column-gap-default\">\n\t\t\t\t\t<div class=\"elementor-column elementor-col-100 elementor-top-column elementor-element elementor-element-0aaa296\" data-id=\"0aaa296\" data-element_type=\"column\" data-e-type=\"column\">\n\t\t\t<div class=\"elementor-widget-wrap elementor-element-populated\">\n\t\t\t\t\t\t<div class=\"elementor-element elementor-element-714cc4e elementor-widget elementor-widget-heading\" data-id=\"714cc4e\" data-element_type=\"widget\" data-e-type=\"widget\" data-widget_type=\"heading.default\">\n\t\t\t\t\t<h3 class=\"elementor-heading-title elementor-size-default\">\u00bfCu\u00e1ntas personas dependen del caf\u00e9 guatemalteco para vivir? <\/h3>\t\t\t\t<\/div>\n\t\t\t\t\t<\/div>\n\t\t<\/div>\n\t\t\t\t\t<\/div>\n\t\t<\/section>\n\t\t\t\t<section data-particle_enable=\"false\" data-particle-mobile-disabled=\"false\" class=\"elementor-section elementor-top-section elementor-element elementor-element-e22b690 elementor-section-boxed elementor-section-height-default elementor-section-height-default\" data-id=\"e22b690\" data-element_type=\"section\" data-e-type=\"section\">\n\t\t\t\t\t\t<div class=\"elementor-container elementor-column-gap-default\">\n\t\t\t\t\t<div class=\"elementor-column elementor-col-100 elementor-top-column elementor-element elementor-element-65e24f2\" data-id=\"65e24f2\" data-element_type=\"column\" data-e-type=\"column\">\n\t\t\t<div class=\"elementor-widget-wrap elementor-element-populated\">\n\t\t\t\t\t\t<div class=\"elementor-element elementor-element-2b01aec elementor-widget elementor-widget-text-editor\" data-id=\"2b01aec\" data-element_type=\"widget\" data-e-type=\"widget\" data-widget_type=\"text-editor.default\">\n\t\t\t\t\t\t\t\t\t<p>En el \u00faltimo a\u00f1o cafetero completo (2022-2023) que comienza en octubre de cada a\u00f1o, guatemala export\u00f3 3.9 millones de quintales de caf\u00e9 oro, que generaron US$944 millones, unos Q7 mil 170 millones, seg\u00fan datos de Anacaf\u00e9.<\/p><p>Cada a\u00f1o es distinto, por variantes de clima y cambios en el mercado. Sin embargo se espera que contin\u00fae la mejora y el crecimiento en las exportaciones. Para 2023-2024 se espera una cosecha de 4 millones de quintales. Huehuetenango, Santa Rosa, Jalapa, Chimaltenango, Solol\u00e1 y San Marcos son los departamentos donde hay mayor \u00e1rea de producci\u00f3n.<\/p><p>Actualmente hay unas 125 mil familias caficultoras.\u00a0<br \/>Guatemala ocupa el noveno lugar mundial en producci\u00f3n de caf\u00e9 tipo ar\u00e1fica, con un 2% del total mundial. Brasil produce unos 36 millones de sacos al a\u00f1o y Vietnam 28 millones de sacos.<\/p><p>La ventaja del caf\u00e9 guatemalteco a futuro es su alta calidad y variedad, por lo cual el caf\u00e9 gurmet puede alcanzar mayores precios que el promedio, aunque en lotes m\u00e1s reducidos.<span style=\"color: #474747; font-family: Acto-Large-Light, serif; font-size: 13.5pt;\">\u00a0<\/span><\/p><p style=\"line-height: 20.25pt; background-image: initial; background-position: initial; background-size: initial; background-repeat: initial; background-attachment: initial; background-origin: initial; background-clip: initial;\">\u00a0<\/p>\t\t\t\t\t\t\t\t<\/div>\n\t\t\t\t\t<\/div>\n\t\t<\/div>\n\t\t\t\t\t<\/div>\n\t\t<\/section>\n\t\t<div data-particle_enable=\"false\" data-particle-mobile-disabled=\"false\" class=\"elementor-element elementor-element-417ca81 e-flex e-con-boxed e-con e-parent\" data-id=\"417ca81\" data-element_type=\"container\" data-e-type=\"container\">\n\t\t\t\t\t<div class=\"e-con-inner\">\n\t\t\t\t<div class=\"elementor-element elementor-element-7995f24 elementor-grid-eael-col-1 elementor-grid-tablet-eael-col-2 elementor-grid-mobile-eael-col-1 elementor-widget elementor-widget-eael-post-grid\" data-id=\"7995f24\" data-element_type=\"widget\" data-e-type=\"widget\" data-settings=\"{&quot;eael_post_grid_columns&quot;:&quot;eael-col-1&quot;,&quot;eael_post_grid_columns_tablet&quot;:&quot;eael-col-2&quot;,&quot;eael_post_grid_columns_mobile&quot;:&quot;eael-col-1&quot;}\" data-widget_type=\"eael-post-grid.default\">\n\t\t\t\t\t<div id=\"eael-post-grid-7995f24\" class=\"eael-post-grid-container\">\n            <div class=\"eael-post-grid eael-post-appender eael-post-appender-7995f24 eael-post-grid-style-one\" data-layout-mode=\"masonry\"><article class=\"eael-grid-post  eael-post-grid-column eael-pg-post-5499 category-estamos-unidos\" data-id=\"5499\">\n        <div class=\"eael-grid-post-holder\">\n            <div class=\"eael-grid-post-holder-inner\"><div class=\"eael-entry-media\"><div class=\"eael-entry-overlay fade-in\"><i class=\"far fa-hand-pointer\" aria-hidden=\"true\"><\/i><a href=\"https:\/\/soymigrante.com\/revista\/migrante-retornado-cafe-de-guatemala-campesinos-momostenango\/\"><\/a><\/div><div class=\"eael-entry-thumbnail eael-image-ratio\">\n                <img loading=\"lazy\" decoding=\"async\" width=\"1024\" height=\"668\" src=\"https:\/\/soymigrante.com\/revista\/wp-content\/uploads\/2024\/03\/Captura-de-pantalla-2024-03-19-093618-1024x668.webp\" class=\"attachment-large size-large wp-image-5500\" alt=\"Campesinos de Momostenango, Totonicap\u00e1n cultivan y cosechan el grano que llega a convertirse en la marca El alma del caf\u00e9 de Momostenango, distribuida por Momostipan, proyecto del migrante retornado Angel Ambrocio.\" srcset=\"https:\/\/soymigrante.com\/revista\/wp-content\/uploads\/2024\/03\/Captura-de-pantalla-2024-03-19-093618-1024x668.webp 1024w, https:\/\/soymigrante.com\/revista\/wp-content\/uploads\/2024\/03\/Captura-de-pantalla-2024-03-19-093618-300x196.webp 300w, https:\/\/soymigrante.com\/revista\/wp-content\/uploads\/2024\/03\/Captura-de-pantalla-2024-03-19-093618-768x501.webp 768w, https:\/\/soymigrante.com\/revista\/wp-content\/uploads\/2024\/03\/Captura-de-pantalla-2024-03-19-093618-750x489.webp 750w, https:\/\/soymigrante.com\/revista\/wp-content\/uploads\/2024\/03\/Captura-de-pantalla-2024-03-19-093618-1140x743.webp 1140w, https:\/\/soymigrante.com\/revista\/wp-content\/uploads\/2024\/03\/Captura-de-pantalla-2024-03-19-093618.webp 1353w\" sizes=\"(max-width: 1024px) 100vw, 1024px\" \/>\n            <\/div>\n        <\/div><div class=\"eael-entry-wrapper\"><header class=\"eael-entry-header\"><h2 class=\"eael-entry-title\"><a class=\"eael-grid-post-link\" href=\"https:\/\/soymigrante.com\/revista\/migrante-retornado-cafe-de-guatemala-campesinos-momostenango\/\" title=\"Caf\u00e9 de Guatemala: Migrante retornado impulsa a caficultores de Momostenango\">Caf\u00e9 de Guatemala: Migrante retornado impulsa a caficultores de Momostenango<\/a><\/h2><\/header><div class=\"eael-entry-content\">\n                        <div class=\"eael-grid-post-excerpt\"><a href=\"https:\/\/soymigrante.com\/revista\/migrante-retornado-cafe-de-guatemala-campesinos-momostenango\/\" class=\"eael-post-elements-readmore-btn\">CONOCE SU HISTORIA <\/a><\/div>\n                    <\/div><\/div><\/div>\n        <\/div>\n    <\/article><\/div>\n            <div class=\"clearfix\"><\/div>\n        <\/div>\t\t\t\t<\/div>\n\t\t\t\t\t<\/div>\n\t\t\t\t<\/div>\n\t\t\t\t<section data-particle_enable=\"false\" data-particle-mobile-disabled=\"false\" class=\"elementor-section elementor-top-section elementor-element elementor-element-3b1c448 elementor-section-boxed elementor-section-height-default elementor-section-height-default\" data-id=\"3b1c448\" data-element_type=\"section\" data-e-type=\"section\">\n\t\t\t\t\t\t<div class=\"elementor-container elementor-column-gap-default\">\n\t\t\t\t\t<div class=\"elementor-column elementor-col-100 elementor-top-column elementor-element elementor-element-d14d873\" data-id=\"d14d873\" data-element_type=\"column\" data-e-type=\"column\">\n\t\t\t<div class=\"elementor-widget-wrap elementor-element-populated\">\n\t\t\t\t\t\t<div class=\"elementor-element elementor-element-d41b092 elementor-widget elementor-widget-heading\" data-id=\"d41b092\" data-element_type=\"widget\" data-e-type=\"widget\" data-widget_type=\"heading.default\">\n\t\t\t\t\t<h3 class=\"elementor-heading-title elementor-size-default\">\u00bfEs cierto que el procesamiento, tostado y molido del caf\u00e9 guatemalteco es un Patrimonio Cultural del pa\u00eds?<\/h3>\t\t\t\t<\/div>\n\t\t\t\t\t<\/div>\n\t\t<\/div>\n\t\t\t\t\t<\/div>\n\t\t<\/section>\n\t\t\t\t<section data-particle_enable=\"false\" data-particle-mobile-disabled=\"false\" class=\"elementor-section elementor-top-section elementor-element elementor-element-35cde43 elementor-section-boxed elementor-section-height-default elementor-section-height-default\" data-id=\"35cde43\" data-element_type=\"section\" data-e-type=\"section\">\n\t\t\t\t\t\t<div class=\"elementor-container elementor-column-gap-default\">\n\t\t\t\t\t<div class=\"elementor-column elementor-col-100 elementor-top-column elementor-element elementor-element-9c070fd\" data-id=\"9c070fd\" data-element_type=\"column\" data-e-type=\"column\">\n\t\t\t<div class=\"elementor-widget-wrap elementor-element-populated\">\n\t\t\t\t\t\t<div class=\"elementor-element elementor-element-2f4ff50 elementor-widget elementor-widget-text-editor\" data-id=\"2f4ff50\" data-element_type=\"widget\" data-e-type=\"widget\" data-widget_type=\"text-editor.default\">\n\t\t\t\t\t\t\t\t\t<p>S\u00ed, desde 2018 as\u00ed se considera a estos procesos que tienen parte de t\u00e9cnica y parte de tradici\u00f3n.<\/p><p>Un grano de caf\u00e9 puede crecer en condiciones clim\u00e1ticas y geogr\u00e1ficas ideales, de una buena planta, sana y bien abonada. Pero el proceso posterior a la cosecha es clave: el secado de los granos o beneficiado, para dejar solo la almendra. Luego viene el proceso de tostado y molido, que tambi\u00e9n precisa de experiencia y dedicaci\u00f3n.<\/p><p>La Asociaci\u00f3n Nacional del Caf\u00e9 brinda constantes cursos y asesor\u00edas para capacitar a los productores en cada paso del proceso. De hecho en 2018, todo el proceso de producci\u00f3n del caf\u00e9 de Guatemala fue declarado Patrimonio Cultural Intangible de la Naci\u00f3n.<\/p>\t\t\t\t\t\t\t\t<\/div>\n\t\t\t\t\t<\/div>\n\t\t<\/div>\n\t\t\t\t\t<\/div>\n\t\t<\/section>\n\t\t\t\t<section data-particle_enable=\"false\" data-particle-mobile-disabled=\"false\" class=\"elementor-section elementor-top-section elementor-element elementor-element-6c02603 elementor-section-boxed elementor-section-height-default elementor-section-height-default\" data-id=\"6c02603\" data-element_type=\"section\" data-e-type=\"section\">\n\t\t\t\t\t\t<div class=\"elementor-container elementor-column-gap-default\">\n\t\t\t\t\t<div class=\"elementor-column elementor-col-100 elementor-top-column elementor-element elementor-element-ea3685b\" data-id=\"ea3685b\" data-element_type=\"column\" data-e-type=\"column\">\n\t\t\t<div class=\"elementor-widget-wrap elementor-element-populated\">\n\t\t\t\t\t\t<div class=\"elementor-element elementor-element-06cc055 elementor-widget elementor-widget-image\" data-id=\"06cc055\" data-element_type=\"widget\" data-e-type=\"widget\" data-widget_type=\"image.default\">\n\t\t\t\t\t\t\t\t\t\t\t\t\t\t\t<img loading=\"lazy\" decoding=\"async\" width=\"1024\" height=\"685\" src=\"https:\/\/soymigrante.com\/revista\/wp-content\/uploads\/2024\/06\/Captura-de-pantalla-2024-06-12-231223-1024x685.webp\" class=\"attachment-large size-large wp-image-6982\" alt=\"Ar\u00e1bica y Robusta en granos de caf\u00e9 con especias molidas, cultivados en pa\u00edses latinoamericanos, ideales para preparar caf\u00e9 de calidad en el hogar o en cafeter\u00edas.\" srcset=\"https:\/\/soymigrante.com\/revista\/wp-content\/uploads\/2024\/06\/Captura-de-pantalla-2024-06-12-231223-1024x685.webp 1024w, https:\/\/soymigrante.com\/revista\/wp-content\/uploads\/2024\/06\/Captura-de-pantalla-2024-06-12-231223-300x201.webp 300w, https:\/\/soymigrante.com\/revista\/wp-content\/uploads\/2024\/06\/Captura-de-pantalla-2024-06-12-231223-768x514.webp 768w, https:\/\/soymigrante.com\/revista\/wp-content\/uploads\/2024\/06\/Captura-de-pantalla-2024-06-12-231223-750x502.jpg 750w, https:\/\/soymigrante.com\/revista\/wp-content\/uploads\/2024\/06\/Captura-de-pantalla-2024-06-12-231223-1140x763.jpg 1140w, https:\/\/soymigrante.com\/revista\/wp-content\/uploads\/2024\/06\/Captura-de-pantalla-2024-06-12-231223.webp 1296w\" sizes=\"(max-width: 1024px) 100vw, 1024px\" title=\"Las t\u00e9cnicas de cosecha, secado y tostado del caf\u00e9 completan todo el ciclo de cultivo, a fin de lograr un producto competitivo y exquisito a escala mundial. \u2013 SoyMigrante.com REVISTA\" \/>\t\t\t\t\t\t\t\t\t\t\t\t\t\t\t<\/div>\n\t\t\t\t\t<\/div>\n\t\t<\/div>\n\t\t\t\t\t<\/div>\n\t\t<\/section>\n\t\t\t\t<section data-particle_enable=\"false\" data-particle-mobile-disabled=\"false\" class=\"elementor-section elementor-top-section elementor-element elementor-element-6de18ca elementor-section-boxed elementor-section-height-default elementor-section-height-default\" data-id=\"6de18ca\" data-element_type=\"section\" data-e-type=\"section\">\n\t\t\t\t\t\t<div class=\"elementor-container elementor-column-gap-default\">\n\t\t\t\t\t<div class=\"elementor-column elementor-col-100 elementor-top-column elementor-element elementor-element-75bc34b\" data-id=\"75bc34b\" data-element_type=\"column\" data-e-type=\"column\">\n\t\t\t<div class=\"elementor-widget-wrap elementor-element-populated\">\n\t\t\t\t\t\t<div class=\"elementor-element elementor-element-b6544be elementor-widget elementor-widget-heading\" data-id=\"b6544be\" data-element_type=\"widget\" data-e-type=\"widget\" data-widget_type=\"heading.default\">\n\t\t\t\t\t<h3 class=\"elementor-heading-title elementor-size-default\">7. \u00bfQu\u00e9 ventajas tiene beber un buen caf\u00e9 adem\u00e1s de su exquisito sabor y aroma?<\/h3>\t\t\t\t<\/div>\n\t\t\t\t\t<\/div>\n\t\t<\/div>\n\t\t\t\t\t<\/div>\n\t\t<\/section>\n\t\t\t\t<section data-particle_enable=\"false\" data-particle-mobile-disabled=\"false\" class=\"elementor-section elementor-top-section elementor-element elementor-element-efe7b85 elementor-section-boxed elementor-section-height-default elementor-section-height-default\" data-id=\"efe7b85\" data-element_type=\"section\" data-e-type=\"section\">\n\t\t\t\t\t\t<div class=\"elementor-container elementor-column-gap-default\">\n\t\t\t\t\t<div class=\"elementor-column elementor-col-100 elementor-top-column elementor-element elementor-element-6a3905a\" data-id=\"6a3905a\" data-element_type=\"column\" data-e-type=\"column\">\n\t\t\t<div class=\"elementor-widget-wrap elementor-element-populated\">\n\t\t\t\t\t\t<div class=\"elementor-element elementor-element-2144ec4 elementor-widget elementor-widget-text-editor\" data-id=\"2144ec4\" data-element_type=\"widget\" data-e-type=\"widget\" data-widget_type=\"text-editor.default\">\n\t\t\t\t\t\t\t\t\t<p class=\"MsoNormal\"><span lang=\"ES-MX\">La propiedad m\u00e1s conocida del caf\u00e9 es que puede aportarnos energ\u00eda, pero en realidad lo que hace la cafe\u00edna es estimular ciertas zonas del cerebro que activan las funciones cognitivas, mejoran la memoria y la forma en la que procesamos la informaci\u00f3n. Para aprovechar estos beneficios es bueno tomar una taza de caf\u00e9 al despertarse, as\u00ed comenzamos el d\u00eda con buena energ\u00eda.<\/span><\/p>\t\t\t\t\t\t\t\t<\/div>\n\t\t\t\t\t<\/div>\n\t\t<\/div>\n\t\t\t\t\t<\/div>\n\t\t<\/section>\n\t\t\t\t<section data-particle_enable=\"false\" data-particle-mobile-disabled=\"false\" class=\"elementor-section elementor-top-section elementor-element elementor-element-fa77464 elementor-section-boxed elementor-section-height-default elementor-section-height-default\" data-id=\"fa77464\" data-element_type=\"section\" data-e-type=\"section\">\n\t\t\t\t\t\t<div class=\"elementor-container elementor-column-gap-default\">\n\t\t\t\t\t<div class=\"elementor-column elementor-col-100 elementor-top-column elementor-element elementor-element-aa63fa1\" data-id=\"aa63fa1\" data-element_type=\"column\" data-e-type=\"column\">\n\t\t\t<div class=\"elementor-widget-wrap elementor-element-populated\">\n\t\t\t\t\t\t<div class=\"elementor-element elementor-element-eb8f542 elementor-widget elementor-widget-text-editor\" data-id=\"eb8f542\" data-element_type=\"widget\" data-e-type=\"widget\" data-widget_type=\"text-editor.default\">\n\t\t\t\t\t\t\t\t\t<p class=\"MsoNormal\"><span lang=\"ES-MX\">As\u00ed como la cafe\u00edna puede estimular las funciones cognitivas, tambi\u00e9n tiene la capacidad de intervenir en el sistema nervioso, haciendo que el cansancio tarde en aparecer, lo que permite tener un mejor rendimiento al momento de hacer ejercicio f\u00edsico.\u00a0<\/span><\/p>\t\t\t\t\t\t\t\t<\/div>\n\t\t\t\t\t<\/div>\n\t\t<\/div>\n\t\t\t\t\t<\/div>\n\t\t<\/section>\n\t\t\t\t<section data-particle_enable=\"false\" data-particle-mobile-disabled=\"false\" class=\"elementor-section elementor-top-section elementor-element elementor-element-0d0c3b7 elementor-section-boxed elementor-section-height-default elementor-section-height-default\" data-id=\"0d0c3b7\" data-element_type=\"section\" data-e-type=\"section\">\n\t\t\t\t\t\t<div class=\"elementor-container elementor-column-gap-default\">\n\t\t\t\t\t<div class=\"elementor-column elementor-col-100 elementor-top-column elementor-element elementor-element-732e1e0\" data-id=\"732e1e0\" data-element_type=\"column\" data-e-type=\"column\">\n\t\t\t<div class=\"elementor-widget-wrap elementor-element-populated\">\n\t\t\t\t\t\t<div class=\"elementor-element elementor-element-e8e2a80 elementor-widget elementor-widget-text-editor\" data-id=\"e8e2a80\" data-element_type=\"widget\" data-e-type=\"widget\" data-widget_type=\"text-editor.default\">\n\t\t\t\t\t\t\t\t\t<p class=\"MsoNormal\"><span lang=\"ES-MX\">Otra de las propiedades de la cafe\u00edna es ser un vasodilatador, por lo que es un excelente aliado para quitar los dolores de cabeza, as\u00ed como para mejorar la absorci\u00f3n de los analg\u00e9sicos para reducir dolores en otras partes del cuerpo.\u00a0<\/span><\/p>\t\t\t\t\t\t\t\t<\/div>\n\t\t\t\t\t<\/div>\n\t\t<\/div>\n\t\t\t\t\t<\/div>\n\t\t<\/section>\n\t\t\t\t<section data-particle_enable=\"false\" data-particle-mobile-disabled=\"false\" class=\"elementor-section elementor-top-section elementor-element elementor-element-60bff34 elementor-section-boxed elementor-section-height-default elementor-section-height-default\" data-id=\"60bff34\" data-element_type=\"section\" data-e-type=\"section\">\n\t\t\t\t\t\t<div class=\"elementor-container elementor-column-gap-default\">\n\t\t\t\t\t<div class=\"elementor-column elementor-col-100 elementor-top-column elementor-element elementor-element-f8c33fd\" data-id=\"f8c33fd\" data-element_type=\"column\" data-e-type=\"column\">\n\t\t\t<div class=\"elementor-widget-wrap elementor-element-populated\">\n\t\t\t\t\t\t<div class=\"elementor-element elementor-element-cb587c2 elementor-widget elementor-widget-heading\" data-id=\"cb587c2\" data-element_type=\"widget\" data-e-type=\"widget\" data-widget_type=\"heading.default\">\n\t\t\t\t\t<h3 class=\"elementor-heading-title elementor-size-default\">\u00bfSe puede decir que el caf\u00e9 guatemalteco tambi\u00e9n es migrante? <\/h3>\t\t\t\t<\/div>\n\t\t\t\t\t<\/div>\n\t\t<\/div>\n\t\t\t\t\t<\/div>\n\t\t<\/section>\n\t\t<div data-particle_enable=\"false\" data-particle-mobile-disabled=\"false\" class=\"elementor-element elementor-element-936d7b6 e-flex e-con-boxed e-con e-parent\" data-id=\"936d7b6\" data-element_type=\"container\" data-e-type=\"container\">\n\t\t\t\t\t<div class=\"e-con-inner\">\n\t\t\t\t<div class=\"elementor-element elementor-element-5510582 elementor-widget elementor-widget-text-editor\" data-id=\"5510582\" data-element_type=\"widget\" data-e-type=\"widget\" data-widget_type=\"text-editor.default\">\n\t\t\t\t\t\t\t\t\t<p>Con toda seguridad se puede decir que s\u00ed. Guatemaltecos emprendedores migrantes en Estados Unidos han desarrollado sus propias marcas e incluso tienen sus \u00e1reas de producci\u00f3n selectas en el pa\u00eds. Ya sea tost\u00e1ndolo en Guatemala o en Estados Unidos, el sabor, aroma y todas las cualidades del caf\u00e9 guatemalteco ya se pueden disfrutar en Estados Unidos.<\/p>\t\t\t\t\t\t\t\t<\/div>\n\t\t\t\t\t<\/div>\n\t\t\t\t<\/div>\n\t\t\t\t<section data-particle_enable=\"false\" data-particle-mobile-disabled=\"false\" class=\"elementor-section elementor-top-section elementor-element elementor-element-4174052 elementor-section-boxed elementor-section-height-default elementor-section-height-default\" data-id=\"4174052\" data-element_type=\"section\" data-e-type=\"section\">\n\t\t\t\t\t\t<div class=\"elementor-container elementor-column-gap-default\">\n\t\t\t\t\t<div class=\"elementor-column elementor-col-100 elementor-top-column elementor-element elementor-element-c489193\" data-id=\"c489193\" data-element_type=\"column\" data-e-type=\"column\">\n\t\t\t<div class=\"elementor-widget-wrap elementor-element-populated\">\n\t\t\t\t\t\t<div class=\"elementor-element elementor-element-820a5a6 elementor-grid-eael-col-3 elementor-grid-tablet-eael-col-2 elementor-grid-mobile-eael-col-1 elementor-widget elementor-widget-eael-post-grid\" data-id=\"820a5a6\" data-element_type=\"widget\" data-e-type=\"widget\" data-settings=\"{&quot;eael_post_grid_columns&quot;:&quot;eael-col-3&quot;,&quot;eael_post_grid_columns_tablet&quot;:&quot;eael-col-2&quot;,&quot;eael_post_grid_columns_mobile&quot;:&quot;eael-col-1&quot;}\" data-widget_type=\"eael-post-grid.default\">\n\t\t\t\t\t<div id=\"eael-post-grid-820a5a6\" class=\"eael-post-grid-container\">\n            <div class=\"eael-post-grid eael-post-appender eael-post-appender-820a5a6 eael-post-grid-style-one\" data-layout-mode=\"grid\"><article class=\"eael-grid-post  eael-post-grid-column eael-pg-post-6083 category-exitos\" data-id=\"6083\">\n        <div class=\"eael-grid-post-holder\">\n            <div class=\"eael-grid-post-holder-inner\"><div class=\"eael-entry-media\"><div class=\"eael-entry-overlay fade-in\"><i class=\"fas fa-long-arrow-alt-right\" aria-hidden=\"true\"><\/i><a href=\"https:\/\/soymigrante.com\/revista\/cafe-zamora-florece-en-oregon-con-grano-migrante-de-santa-rosa-guatemala\/\"><\/a><\/div><div class=\"eael-entry-thumbnail \">\n                <img loading=\"lazy\" decoding=\"async\" width=\"300\" height=\"295\" src=\"https:\/\/soymigrante.com\/revista\/wp-content\/uploads\/2024\/04\/hector-zamora-300x295.webp\" class=\"attachment-medium size-medium wp-image-6114\" alt=\"Retrato de un joven y una mujer en un parque con \u00e1rboles en flor, celebrando la cultura y comunidad migrante en una sensaci\u00f3n de uni\u00f3n y alegr\u00eda.\" srcset=\"https:\/\/soymigrante.com\/revista\/wp-content\/uploads\/2024\/04\/hector-zamora-300x295.webp 300w, https:\/\/soymigrante.com\/revista\/wp-content\/uploads\/2024\/04\/hector-zamora-75x75.webp 75w, https:\/\/soymigrante.com\/revista\/wp-content\/uploads\/2024\/04\/hector-zamora.webp 748w\" sizes=\"(max-width: 300px) 100vw, 300px\" \/>\n            <\/div>\n        <\/div><div class=\"eael-entry-wrapper\"><header class=\"eael-entry-header\"><h2 class=\"eael-entry-title\"><a class=\"eael-grid-post-link\" href=\"https:\/\/soymigrante.com\/revista\/cafe-zamora-florece-en-oregon-con-grano-migrante-de-santa-rosa-guatemala\/\" title=\"Hector Mej\u00eda y caf\u00e9 Zamora llevan el sabor de Santa Rosa a \u00d3regon y m\u00e1s all\u00e1\">Hector Mej\u00eda y caf\u00e9 Zamora llevan el sabor de Santa Rosa a \u00d3regon y m\u00e1s all\u00e1<\/a><\/h2><\/header><div class=\"eael-entry-content\">\n                        <div class=\"eael-grid-post-excerpt\"><p>A H\u00e9ctor Mej\u00eda Zamora le iba bien en su negocio...<\/p><\/div>\n                    <\/div><\/div><\/div>\n        <\/div>\n    <\/article><article class=\"eael-grid-post  eael-post-grid-column eael-pg-post-4731 category-exitos\" data-id=\"4731\">\n        <div class=\"eael-grid-post-holder\">\n            <div class=\"eael-grid-post-holder-inner\"><div class=\"eael-entry-media\"><div class=\"eael-entry-overlay fade-in\"><i class=\"fas fa-long-arrow-alt-right\" aria-hidden=\"true\"><\/i><a href=\"https:\/\/soymigrante.com\/revista\/sofia-valdez-migrante-guatemalteca-oklahoma-cafe-familiar-la-antigua\/\"><\/a><\/div><div class=\"eael-entry-thumbnail \">\n                <img loading=\"lazy\" decoding=\"async\" width=\"300\" height=\"217\" src=\"https:\/\/soymigrante.com\/revista\/wp-content\/uploads\/2024\/02\/cafe-antigua-300x217.webp\" class=\"attachment-medium size-medium wp-image-4735\" alt=\"Ana Sof\u00eda Valdez, una migrante guatemalteca, impulsa el restaurante Caf\u00e9 Antigua con su ingenio culinario, pero tambi\u00e9n sirve como un inspirador ejemplo de empoderamiento femenino.\" srcset=\"https:\/\/soymigrante.com\/revista\/wp-content\/uploads\/2024\/02\/cafe-antigua-300x217.webp 300w, https:\/\/soymigrante.com\/revista\/wp-content\/uploads\/2024\/02\/cafe-antigua-1024x740.webp 1024w, https:\/\/soymigrante.com\/revista\/wp-content\/uploads\/2024\/02\/cafe-antigua-768x555.webp 768w, https:\/\/soymigrante.com\/revista\/wp-content\/uploads\/2024\/02\/cafe-antigua-1536x1109.webp 1536w, https:\/\/soymigrante.com\/revista\/wp-content\/uploads\/2024\/02\/cafe-antigua-120x86.webp 120w, https:\/\/soymigrante.com\/revista\/wp-content\/uploads\/2024\/02\/cafe-antigua-750x542.webp 750w, https:\/\/soymigrante.com\/revista\/wp-content\/uploads\/2024\/02\/cafe-antigua-1140x823.webp 1140w, https:\/\/soymigrante.com\/revista\/wp-content\/uploads\/2024\/02\/cafe-antigua.webp 1800w\" sizes=\"(max-width: 300px) 100vw, 300px\" \/>\n            <\/div>\n        <\/div><div class=\"eael-entry-wrapper\"><header class=\"eael-entry-header\"><h2 class=\"eael-entry-title\"><a class=\"eael-grid-post-link\" href=\"https:\/\/soymigrante.com\/revista\/sofia-valdez-migrante-guatemalteca-oklahoma-cafe-familiar-la-antigua\/\" title=\"Migrante Sof\u00eda Valdez florece en el caf\u00e9 familiar La Antigua\">Migrante Sof\u00eda Valdez florece en el caf\u00e9 familiar La Antigua<\/a><\/h2><\/header><div class=\"eael-entry-content\">\n                        <div class=\"eael-grid-post-excerpt\"><p>En 2007, los migrantes guatemaltecos Benjam\u00edn y \u00c9lida fundaron Caf\u00e9...<\/p><\/div>\n                    <\/div><\/div><\/div>\n        <\/div>\n    <\/article><article class=\"eael-grid-post  eael-post-grid-column eael-pg-post-2535 category-exitos\" data-id=\"2535\">\n        <div class=\"eael-grid-post-holder\">\n            <div class=\"eael-grid-post-holder-inner\"><div class=\"eael-entry-media\"><div class=\"eael-entry-overlay fade-in\"><i class=\"fas fa-long-arrow-alt-right\" aria-hidden=\"true\"><\/i><a href=\"https:\/\/soymigrante.com\/revista\/little-guatemala-florece-en-carolina-del-norte-el-sueno-del-migrante-y-emprendedor-cristian-ramazzini\/\"><\/a><\/div><div class=\"eael-entry-thumbnail \">\n                <img loading=\"lazy\" decoding=\"async\" width=\"300\" height=\"300\" src=\"https:\/\/soymigrante.com\/revista\/wp-content\/uploads\/2023\/09\/Proyecto-Little-Guatemala-del-migrante-guatemalteco-Cristian-Ramazzini-en-Carolina-del-Norte-1-1-300x300.webp\" class=\"attachment-medium size-medium wp-image-2567\" alt=\"\" srcset=\"https:\/\/soymigrante.com\/revista\/wp-content\/uploads\/2023\/09\/Proyecto-Little-Guatemala-del-migrante-guatemalteco-Cristian-Ramazzini-en-Carolina-del-Norte-1-1-300x300.webp 300w, https:\/\/soymigrante.com\/revista\/wp-content\/uploads\/2023\/09\/Proyecto-Little-Guatemala-del-migrante-guatemalteco-Cristian-Ramazzini-en-Carolina-del-Norte-1-1-1024x1024.webp 1024w, https:\/\/soymigrante.com\/revista\/wp-content\/uploads\/2023\/09\/Proyecto-Little-Guatemala-del-migrante-guatemalteco-Cristian-Ramazzini-en-Carolina-del-Norte-1-1-150x150.webp 150w, https:\/\/soymigrante.com\/revista\/wp-content\/uploads\/2023\/09\/Proyecto-Little-Guatemala-del-migrante-guatemalteco-Cristian-Ramazzini-en-Carolina-del-Norte-1-1-768x768.webp 768w, https:\/\/soymigrante.com\/revista\/wp-content\/uploads\/2023\/09\/Proyecto-Little-Guatemala-del-migrante-guatemalteco-Cristian-Ramazzini-en-Carolina-del-Norte-1-1-75x75.webp 75w, https:\/\/soymigrante.com\/revista\/wp-content\/uploads\/2023\/09\/Proyecto-Little-Guatemala-del-migrante-guatemalteco-Cristian-Ramazzini-en-Carolina-del-Norte-1-1-750x750.webp 750w, https:\/\/soymigrante.com\/revista\/wp-content\/uploads\/2023\/09\/Proyecto-Little-Guatemala-del-migrante-guatemalteco-Cristian-Ramazzini-en-Carolina-del-Norte-1-1-1140x1140.webp 1140w, https:\/\/soymigrante.com\/revista\/wp-content\/uploads\/2023\/09\/Proyecto-Little-Guatemala-del-migrante-guatemalteco-Cristian-Ramazzini-en-Carolina-del-Norte-1-1-600x600.webp 600w, https:\/\/soymigrante.com\/revista\/wp-content\/uploads\/2023\/09\/Proyecto-Little-Guatemala-del-migrante-guatemalteco-Cristian-Ramazzini-en-Carolina-del-Norte-1-1.webp 1190w\" sizes=\"(max-width: 300px) 100vw, 300px\" \/>\n            <\/div>\n        <\/div><div class=\"eael-entry-wrapper\"><header class=\"eael-entry-header\"><h2 class=\"eael-entry-title\"><a class=\"eael-grid-post-link\" href=\"https:\/\/soymigrante.com\/revista\/little-guatemala-florece-en-carolina-del-norte-el-sueno-del-migrante-y-emprendedor-cristian-ramazzini\/\" title=\"Little Guatemala florece en Carolina del Norte: el sue\u00f1o del migrante y emprendedor Cristian Ramazzini\">Little Guatemala florece en Carolina del Norte: el sue\u00f1o del migrante y emprendedor Cristian Ramazzini<\/a><\/h2><\/header><div class=\"eael-entry-content\">\n                        <div class=\"eael-grid-post-excerpt\"><p>Ni f\u00e1cil ni r\u00e1pida ha sido la historia de la...<\/p><\/div>\n                    <\/div><\/div><\/div>\n        <\/div>\n    <\/article><\/div>\n            <div class=\"clearfix\"><\/div>\n        <\/div>\t\t\t\t<\/div>\n\t\t\t\t\t<\/div>\n\t\t<\/div>\n\t\t\t\t\t<\/div>\n\t\t<\/section>\n\t\t\t\t<section data-particle_enable=\"false\" data-particle-mobile-disabled=\"false\" class=\"elementor-section elementor-top-section elementor-element elementor-element-f5b0d5a elementor-section-boxed elementor-section-height-default elementor-section-height-default\" data-id=\"f5b0d5a\" data-element_type=\"section\" data-e-type=\"section\">\n\t\t\t\t\t\t<div class=\"elementor-container elementor-column-gap-default\">\n\t\t\t\t\t<div class=\"elementor-column elementor-col-100 elementor-top-column elementor-element elementor-element-c7e5311\" data-id=\"c7e5311\" data-element_type=\"column\" data-e-type=\"column\">\n\t\t\t<div class=\"elementor-widget-wrap elementor-element-populated\">\n\t\t\t\t\t\t<div class=\"elementor-element elementor-element-9771547 elementor-widget elementor-widget-heading\" data-id=\"9771547\" data-element_type=\"widget\" data-e-type=\"widget\" data-widget_type=\"heading.default\">\n\t\t\t\t\t<h3 class=\"elementor-heading-title elementor-size-default\">\u00bfExiste alg\u00fan tema musical dedicado al caf\u00e9 de Guatemala? <\/h3>\t\t\t\t<\/div>\n\t\t\t\t\t<\/div>\n\t\t<\/div>\n\t\t\t\t\t<\/div>\n\t\t<\/section>\n\t\t\t\t<section data-particle_enable=\"false\" data-particle-mobile-disabled=\"false\" class=\"elementor-section elementor-top-section elementor-element elementor-element-ad060b3 elementor-section-boxed elementor-section-height-default elementor-section-height-default\" data-id=\"ad060b3\" data-element_type=\"section\" data-e-type=\"section\">\n\t\t\t\t\t\t<div class=\"elementor-container elementor-column-gap-default\">\n\t\t\t\t\t<div class=\"elementor-column elementor-col-100 elementor-top-column elementor-element elementor-element-fdf452a\" data-id=\"fdf452a\" data-element_type=\"column\" data-e-type=\"column\">\n\t\t\t<div class=\"elementor-widget-wrap elementor-element-populated\">\n\t\t\t\t\t\t<div class=\"elementor-element elementor-element-791080c elementor-widget elementor-widget-text-editor\" data-id=\"791080c\" data-element_type=\"widget\" data-e-type=\"widget\" data-widget_type=\"text-editor.default\">\n\t\t\t\t\t\t\t\t\t<p class=\"MsoNormal\"><span lang=\"ES-MX\">Sin duda alguna, La Flor del Caf\u00e9 es una melod\u00eda en marimba cuyas notas hacen volar la imaginaci\u00f3n y recordar ese gusto por el buen caf\u00e9. Esta canci\u00f3n destaca por su elegancia, fue escrita por Germ\u00e1n Alc\u00e1ntara (1863-1910) que fue por muchos a\u00f1os el favorito entre los valses nacionales. <\/span><\/p><p class=\"MsoNormal\"><span lang=\"ES-MX\">La aceptaci\u00f3n popular de esta pieza musical se prolong\u00f3 en el tiempo en numerosas versiones de marimba. Tambi\u00e9n existe una partitura para piano impresa por Brandstetter, en Leipzig, Alemania, que propici\u00f3 que la obra se conociera en Europa y otras partes.<\/span><\/p>\t\t\t\t\t\t\t\t<\/div>\n\t\t\t\t\t<\/div>\n\t\t<\/div>\n\t\t\t\t\t<\/div>\n\t\t<\/section>\n\t\t\t\t<section data-particle_enable=\"false\" data-particle-mobile-disabled=\"false\" class=\"elementor-section elementor-top-section elementor-element elementor-element-e09a5b6 elementor-section-boxed elementor-section-height-default elementor-section-height-default\" data-id=\"e09a5b6\" data-element_type=\"section\" data-e-type=\"section\">\n\t\t\t\t\t\t<div class=\"elementor-container elementor-column-gap-default\">\n\t\t\t\t\t<div class=\"elementor-column elementor-col-100 elementor-top-column elementor-element elementor-element-6c667a9\" data-id=\"6c667a9\" data-element_type=\"column\" data-e-type=\"column\">\n\t\t\t<div class=\"elementor-widget-wrap elementor-element-populated\">\n\t\t\t\t\t\t<div class=\"elementor-element elementor-element-eee3d3d elementor-widget elementor-widget-video\" data-id=\"eee3d3d\" data-element_type=\"widget\" data-e-type=\"widget\" data-settings=\"{&quot;youtube_url&quot;:&quot;https:\\\/\\\/www.youtube.com\\\/watch?v=X9kdX7tgxSg&quot;,&quot;video_type&quot;:&quot;youtube&quot;,&quot;controls&quot;:&quot;yes&quot;}\" data-widget_type=\"video.default\">\n\t\t\t\t\t\t\t<div class=\"elementor-wrapper elementor-open-inline\">\n\t\t\t<div class=\"elementor-video\"><\/div>\t\t<\/div>\n\t\t\t\t\t\t<\/div>\n\t\t\t\t\t<\/div>\n\t\t<\/div>\n\t\t\t\t\t<\/div>\n\t\t<\/section>\n\t\t<div data-particle_enable=\"false\" data-particle-mobile-disabled=\"false\" class=\"elementor-element elementor-element-ee57049 e-flex e-con-boxed e-con e-parent\" data-id=\"ee57049\" data-element_type=\"container\" data-e-type=\"container\">\n\t\t\t\t\t<div class=\"e-con-inner\">\n\t\t\t\t<div class=\"elementor-element elementor-element-afbf280 elementor-widget elementor-widget-heading\" data-id=\"afbf280\" data-element_type=\"widget\" data-e-type=\"widget\" data-widget_type=\"heading.default\">\n\t\t\t\t\t<h3 class=\"elementor-heading-title elementor-size-default\"><a href=\"https:\/\/soymigrante.com\/mercado\/\">\u00bfEs posible adquirir en MERCADO caf\u00e9 guatemalteco de calidad y que me lo lleven a la puerta de mi casa?<\/a><\/h3>\t\t\t\t<\/div>\n\t\t\t\t\t<\/div>\n\t\t\t\t<\/div>\n\t\t<div data-particle_enable=\"false\" data-particle-mobile-disabled=\"false\" class=\"elementor-element elementor-element-79d2a66 e-flex e-con-boxed e-con e-parent\" data-id=\"79d2a66\" data-element_type=\"container\" data-e-type=\"container\">\n\t\t\t\t\t<div class=\"e-con-inner\">\n\t\t\t\t<div class=\"elementor-element elementor-element-90efb18 elementor-widget elementor-widget-text-editor\" data-id=\"90efb18\" data-element_type=\"widget\" data-e-type=\"widget\" data-widget_type=\"text-editor.default\">\n\t\t\t\t\t\t\t\t\t<p>Por supuesto que s\u00ed. SoyMigrante.com MERCADO es una plataforma que une a emprendedores guatemaltecos con potenciales clientes para promover el desarrollo de las comunidades, facilitar las compras y tambi\u00e9n la log\u00edstica de env\u00edo.\u00a0 si quieres conocer <a href=\"https:\/\/soymigrante.com\/revista\/soymigrante-com-mercado-viene-plataforma-digital-para-emprendedores-guatemaltecos\/\">m\u00e1s de SoyMigrante.com MERCADO, da clic en este link.<\/a><\/p><p>Hay cooperativas y productores de caf\u00e9 guatemalteco que ofrecen opciones de varias regiones e incluso algunos tipos de caf\u00e9 saborizado. Para ello puedes dar clic en la fotograf\u00eda siguiente para ir a <a href=\"https:\/\/soymigrante.com\/mercado\/category-search?category=&amp;term=cafe\">SoyMigrante.com MERCADO,<\/a> elegir la opci\u00f3n de tu preferencia y te llegar\u00e1 a tu casa.<\/p>\t\t\t\t\t\t\t\t<\/div>\n\t\t\t\t\t<\/div>\n\t\t\t\t<\/div>\n\t\t<div data-particle_enable=\"false\" data-particle-mobile-disabled=\"false\" class=\"elementor-element elementor-element-294371a e-flex e-con-boxed e-con e-parent\" data-id=\"294371a\" data-element_type=\"container\" data-e-type=\"container\">\n\t\t\t\t\t<div class=\"e-con-inner\">\n\t\t\t\t<div class=\"elementor-element elementor-element-a1b187a elementor-widget elementor-widget-image\" data-id=\"a1b187a\" data-element_type=\"widget\" data-e-type=\"widget\" data-widget_type=\"image.default\">\n\t\t\t\t\t\t\t\t\t\t\t\t<figure class=\"wp-caption\">\n\t\t\t\t\t\t\t\t\t\t\t<a href=\"https:\/\/soymigrante.com\/mercado\/category-search?category=&#038;term=cafe\">\n\t\t\t\t\t\t\t<img loading=\"lazy\" decoding=\"async\" width=\"479\" height=\"495\" src=\"https:\/\/soymigrante.com\/revista\/wp-content\/uploads\/2024\/06\/cafe-guatemalteco-en-Mercado.webp\" class=\"elementor-animation-pop attachment-large size-large wp-image-28887\" alt=\"Caf\u00e9 de varias regiones, comunidades y emprendedores del pa\u00eds est\u00e1 disponible en SoyMigrante.com MERCADO. Puedes dar clic en la imagen para ir, elegir y diisfrutar.\" srcset=\"https:\/\/soymigrante.com\/revista\/wp-content\/uploads\/2024\/06\/cafe-guatemalteco-en-Mercado.webp 479w, https:\/\/soymigrante.com\/revista\/wp-content\/uploads\/2024\/06\/cafe-guatemalteco-en-Mercado-290x300.png 290w\" sizes=\"(max-width: 479px) 100vw, 479px\" title=\"Caf\u00e9 de varias regiones, comunidades y emprendedores  del pa\u00eds est\u00e1 disponible en SoyMigrante.com MERCADO. Puedes dar clic en la imagen para ir, elegir y diisfrutar. \u2013 SoyMigrante.com REVISTA\" \/>\t\t\t\t\t\t\t\t<\/a>\n\t\t\t\t\t\t\t\t\t\t\t<figcaption class=\"widget-image-caption wp-caption-text\">Caf\u00e9 de varias regiones, comunidades y emprendedores  del pa\u00eds est\u00e1 disponible en SoyMigrante.com MERCADO. Puedes dar clic en la imagen para ir, elegir y diisfrutar.<\/figcaption>\n\t\t\t\t\t\t\t\t\t\t<\/figure>\n\t\t\t\t\t\t\t\t\t<\/div>\n\t\t\t\t\t<\/div>\n\t\t\t\t<\/div>\n\t\t\t\t<\/div>\n\t\t","protected":false},"excerpt":{"rendered":"<p>El Caf\u00e9 de Guatemala es la segunda mayor fuente de divisas por exportaciones y cuatro de cada diez quintales de caf\u00e9 guatemalteco van al mercado de Estados Unidos. Su exquisito aroma y alta calidad ganan cada vez m\u00e1s espacios y tazas en el mundo. El caf\u00e9 de Guatemala tiene nombre y apellido propios: es una [&hellip;]<\/p>\n","protected":false},"author":19,"featured_media":28883,"comment_status":"open","ping_status":"open","sticky":false,"template":"","format":"standard","meta":{"_acf_changed":false,"_eb_attr":"","footnotes":""},"categories":[58],"tags":[],"class_list":["post-6956","post","type-post","status-publish","format-standard","has-post-thumbnail","hentry","category-guate-nuestra"],"acf":[],"aioseo_notices":[],"aioseo_head":"\n\t\t<!-- All in One SEO Pro 4.9.6.2 - aioseo.com -->\n\t<meta name=\"description\" content=\"Ni f\u00e1cil ni r\u00e1pida ha sido la historia de la tienda, caf\u00e9, restaurante, centro deportivo y cultural Little Guatemala en Carolina del Norte: pero es su \u00e9xito es real gracias al amor, trabajo e ingenio del migrante guatemalteco Christian Ramazzini y su esposa Erica. Lo m\u00e1s reciente: Guate Fest 2023 Se cumple un gran sue\u00f1o Little Guatemala es un proyecto cultural, comercial, social y deportivo en el coraz\u00f3n de Morganton, Carolina del Norte, impulsado por el migrante guatemalteco Christian Ramazzini.\" \/>\n\t<meta name=\"robots\" content=\"max-snippet:-1, max-image-preview:large, max-video-preview:-1\" \/>\n\t<meta name=\"author\" content=\"Marysabel Aldana\"\/>\n\t<link rel=\"canonical\" href=\"https:\/\/soymigrante.com\/revista\/cafe-de-guatemala-preguntas-y-respuestas\/\" \/>\n\t<meta name=\"generator\" content=\"All in One SEO Pro (AIOSEO) 4.9.6.2\" \/>\n\n\t\t<link rel=\"preconnect\" href=\"https:\/\/fonts.googleapis.com\" crossorigin>\n<link rel=\"preconnect\" href=\"https:\/\/fonts.gstatic.com\" crossorigin>\n\t\t<meta property=\"og:locale\" content=\"es_ES\" \/>\n\t\t<meta property=\"og:site_name\" content=\"SoyMigrante.com REVISTA \u2013 Nuestra misi\u00f3n es reconocer y dignificar al migrante.\" \/>\n\t\t<meta property=\"og:type\" content=\"article\" \/>\n\t\t<meta property=\"og:title\" content=\"\u00bfPorqu\u00e9 el Cafe de Guatemala es tan exquisito y variado?\" \/>\n\t\t<meta property=\"og:description\" content=\"El Cafe de Guatemala es uno de los m\u00e1s famosos y cotizados en el mundo. \u00bfA qu\u00e9 se debe su gran variedad? \u00bfCu\u00e1l es el secreto de su alta calidad?\" \/>\n\t\t<meta property=\"og:url\" content=\"https:\/\/soymigrante.com\/revista\/cafe-de-guatemala-preguntas-y-respuestas\/\" \/>\n\t\t<meta property=\"og:image\" content=\"https:\/\/soymigrante.com\/revista\/wp-content\/uploads\/2024\/06\/cafe-de-guatemala-1.webp\" \/>\n\t\t<meta property=\"og:image:secure_url\" content=\"https:\/\/soymigrante.com\/revista\/wp-content\/uploads\/2024\/06\/cafe-de-guatemala-1.webp\" \/>\n\t\t<meta property=\"og:image:width\" content=\"686\" \/>\n\t\t<meta property=\"og:image:height\" content=\"686\" \/>\n\t\t<meta property=\"article:published_time\" content=\"2026-02-07T19:38:28+00:00\" \/>\n\t\t<meta property=\"article:modified_time\" content=\"2026-02-07T19:38:38+00:00\" \/>\n\t\t<meta property=\"article:publisher\" content=\"https:\/\/www.facebook.com\/soymigrantecom\" \/>\n\t\t<meta name=\"twitter:card\" content=\"summary_large_image\" \/>\n\t\t<meta name=\"twitter:site\" content=\"@SoyMigrante_com\" \/>\n\t\t<meta name=\"twitter:title\" content=\"\u00bfPorqu\u00e9 el Cafe de Guatemala es tan exquisito y variado?\" \/>\n\t\t<meta name=\"twitter:description\" content=\"El Cafe de Guatemala es uno de los m\u00e1s famosos y cotizados en el mundo. \u00bfA qu\u00e9 se debe su gran variedad? \u00bfCu\u00e1l es el secreto de su alta calidad?\" \/>\n\t\t<meta name=\"twitter:creator\" content=\"@SoyMigrante_com\" \/>\n\t\t<meta name=\"twitter:image\" content=\"https:\/\/soymigrante.com\/revista\/wp-content\/uploads\/2024\/06\/cafe-de-guatemala-1.webp\" \/>\n\t\t<!-- All in One SEO Pro -->\r\n\t\t<title>\u00bfPorqu\u00e9 el Cafe de Guatemala es tan exquisito y variado?<\/title>\n\n","aioseo_head_json":{"title":"\u00bfPorqu\u00e9 el Cafe de Guatemala es tan exquisito y variado?","description":"El Cafe de Guatemala es uno de los m\u00e1s famosos y cotizados en el mundo. \u00bfA qu\u00e9 se debe su gran variedad? \u00bfCu\u00e1l es el secreto de su alta calidad?","canonical_url":"https:\/\/soymigrante.com\/revista\/cafe-de-guatemala-preguntas-y-respuestas\/","robots":"max-snippet:-1, max-image-preview:large, max-video-preview:-1","keywords":"","webmasterTools":{"miscellaneous":"&lt;link rel=\"preconnect\" href=\"https:\/\/fonts.googleapis.com\" crossorigin&gt;\n&lt;link rel=\"preconnect\" href=\"https:\/\/fonts.gstatic.com\" crossorigin&gt;"},"schema":null,"og:locale":"es_ES","og:site_name":"SoyMigrante.com REVISTA \u2013 Nuestra misi\u00f3n es reconocer y dignificar al migrante.","og:type":"article","og:title":"\u00bfPorqu\u00e9 el Cafe de Guatemala es tan exquisito y variado?","og:description":"El Cafe de Guatemala es uno de los m\u00e1s famosos y cotizados en el mundo. \u00bfA qu\u00e9 se debe su gran variedad? \u00bfCu\u00e1l es el secreto de su alta calidad?","og:url":"https:\/\/soymigrante.com\/revista\/cafe-de-guatemala-preguntas-y-respuestas\/","og:image":"https:\/\/soymigrante.com\/revista\/wp-content\/uploads\/2024\/06\/cafe-de-guatemala-1.webp","og:image:secure_url":"https:\/\/soymigrante.com\/revista\/wp-content\/uploads\/2024\/06\/cafe-de-guatemala-1.webp","og:image:width":686,"og:image:height":686,"article:published_time":"2026-02-07T19:38:28+00:00","article:modified_time":"2026-02-07T19:38:38+00:00","article:publisher":"https:\/\/www.facebook.com\/soymigrantecom","twitter:card":"summary_large_image","twitter:site":"@SoyMigrante_com","twitter:title":"\u00bfPorqu\u00e9 el Cafe de Guatemala es tan exquisito y variado?","twitter:description":"El Cafe de Guatemala es uno de los m\u00e1s famosos y cotizados en el mundo. \u00bfA qu\u00e9 se debe su gran variedad? \u00bfCu\u00e1l es el secreto de su alta calidad?","twitter:creator":"@SoyMigrante_com","twitter:image":"https:\/\/soymigrante.com\/revista\/wp-content\/uploads\/2024\/06\/cafe-de-guatemala-1.webp"},"aioseo_meta_data":{"post_id":"6956","title":"\u00bfPorqu\u00e9 el Cafe de Guatemala es tan exquisito y variado?","description":"El Cafe de Guatemala es uno de los m\u00e1s famosos y cotizados en el mundo. \u00bfA qu\u00e9 se debe su gran variedad? \u00bfCu\u00e1l es el secreto de su alta calidad?","keywords":null,"keyphrases":{"focus":{"keyphrase":"Cafe de Guatemala","score":69,"analysis":{"keyphraseInTitle":{"score":9,"maxScore":9,"error":0},"keyphraseInDescription":{"score":9,"maxScore":9,"error":0},"keyphraseLength":{"score":9,"maxScore":9,"error":0,"length":3},"keyphraseInURL":{"score":5,"maxScore":5,"error":0},"keyphraseInIntroduction":{"score":3,"maxScore":9,"error":1},"keyphraseInSubHeadings":{"score":3,"maxScore":9,"error":1},"keyphraseInImageAlt":{"score":9,"maxScore":9,"error":0},"keywordDensity":{"score":0,"type":"low","maxScore":9,"error":1}}},"additional":[{"keyphrase":"cafe guatemalteco","score":53,"analysis":{"keyphraseInDescription":{"score":3,"maxScore":9,"error":1},"keyphraseLength":{"score":9,"maxScore":9,"error":0,"length":2},"keyphraseInIntroduction":{"score":3,"maxScore":9,"error":1},"keyphraseInImageAlt":{"score":9,"maxScore":9,"error":0},"keywordDensity":{"score":0,"type":"low","maxScore":9,"error":1}}}]},"primary_term":null,"canonical_url":null,"og_title":null,"og_description":null,"og_object_type":"default","og_image_type":"default","og_image_url":null,"og_image_width":null,"og_image_height":null,"og_image_custom_url":null,"og_image_custom_fields":null,"og_video":"","og_custom_url":null,"og_article_section":null,"og_article_tags":null,"twitter_use_og":false,"twitter_card":"default","twitter_image_type":"default","twitter_image_url":null,"twitter_image_custom_url":null,"twitter_image_custom_fields":null,"twitter_title":null,"twitter_description":null,"schema":{"blockGraphs":[],"customGraphs":[],"default":{"data":{"Article":[],"Course":[],"Dataset":[],"FAQPage":[],"Movie":[],"Person":[],"Product":[],"ProductReview":[],"Car":[],"Recipe":[],"Service":[],"SoftwareApplication":[],"WebPage":[]},"graphName":"NewsArticle","isEnabled":true},"graphs":[]},"schema_type":"default","schema_type_options":null,"pillar_content":false,"robots_default":true,"robots_noindex":false,"robots_noarchive":false,"robots_nosnippet":false,"robots_nofollow":false,"robots_noimageindex":false,"robots_noodp":false,"robots_notranslate":false,"robots_max_snippet":"-1","robots_max_videopreview":"-1","robots_max_imagepreview":"large","priority":null,"frequency":"default","local_seo":null,"seo_analyzer_scan_date":null,"breadcrumb_settings":null,"limit_modified_date":false,"reviewed_by":"0","open_ai":"{\"title\":{\"suggestions\":[],\"usage\":0},\"description\":{\"suggestions\":[],\"usage\":0}}","ai":{"faqs":[],"keyPoints":[],"titles":[],"descriptions":[],"socialPosts":{"email":[],"linkedin":[],"twitter":[],"facebook":[],"instagram":[]}},"created":"2024-06-12 19:07:56","updated":"2026-03-06 15:45:41"},"aioseo_breadcrumb":"<div class=\"aioseo-breadcrumbs\"><span class=\"aioseo-breadcrumb\">\n\t<a href=\"https:\/\/soymigrante.com\/revista\" title=\"Home\">Home<\/a>\n<\/span><span class=\"aioseo-breadcrumb-separator\">\u00bb<\/span><span class=\"aioseo-breadcrumb\">\n\t<a href=\"https:\/\/soymigrante.com\/revista\/category\/guate-nuestra\/\" title=\"Guate Nuestra\">Guate Nuestra<\/a>\n<\/span><span class=\"aioseo-breadcrumb-separator\">\u00bb<\/span><span class=\"aioseo-breadcrumb\">\n\t\u00bfPor qu\u00e9 el Cafe de Guatemala es tan famoso, exquisito y variado?\n<\/span><\/div>","aioseo_breadcrumb_json":[{"label":"Home","link":"https:\/\/soymigrante.com\/revista"},{"label":"Guate Nuestra","link":"https:\/\/soymigrante.com\/revista\/category\/guate-nuestra\/"},{"label":"\u00bfPor qu\u00e9 el Cafe de Guatemala es tan famoso, exquisito y variado?","link":"https:\/\/soymigrante.com\/revista\/cafe-de-guatemala-preguntas-y-respuestas\/"}],"_links":{"self":[{"href":"https:\/\/soymigrante.com\/revista\/wp-json\/wp\/v2\/posts\/6956","targetHints":{"allow":["GET"]}}],"collection":[{"href":"https:\/\/soymigrante.com\/revista\/wp-json\/wp\/v2\/posts"}],"about":[{"href":"https:\/\/soymigrante.com\/revista\/wp-json\/wp\/v2\/types\/post"}],"author":[{"embeddable":true,"href":"https:\/\/soymigrante.com\/revista\/wp-json\/wp\/v2\/users\/19"}],"replies":[{"embeddable":true,"href":"https:\/\/soymigrante.com\/revista\/wp-json\/wp\/v2\/comments?post=6956"}],"version-history":[{"count":1,"href":"https:\/\/soymigrante.com\/revista\/wp-json\/wp\/v2\/posts\/6956\/revisions"}],"predecessor-version":[{"id":52286,"href":"https:\/\/soymigrante.com\/revista\/wp-json\/wp\/v2\/posts\/6956\/revisions\/52286"}],"wp:featuredmedia":[{"embeddable":true,"href":"https:\/\/soymigrante.com\/revista\/wp-json\/wp\/v2\/media\/28883"}],"wp:attachment":[{"href":"https:\/\/soymigrante.com\/revista\/wp-json\/wp\/v2\/media?parent=6956"}],"wp:term":[{"taxonomy":"category","embeddable":true,"href":"https:\/\/soymigrante.com\/revista\/wp-json\/wp\/v2\/categories?post=6956"},{"taxonomy":"post_tag","embeddable":true,"href":"https:\/\/soymigrante.com\/revista\/wp-json\/wp\/v2\/tags?post=6956"}],"curies":[{"name":"wp","href":"https:\/\/api.w.org\/{rel}","templated":true}]}}