{"id":6947,"date":"2024-06-12T11:34:27","date_gmt":"2024-06-12T17:34:27","guid":{"rendered":"https:\/\/soymigrante.com\/revista\/?p=6947"},"modified":"2024-07-31T07:49:24","modified_gmt":"2024-07-31T13:49:24","slug":"feliz-dia-del-padre-migrantes-recuerdan-sabios-consejos-de-papa","status":"publish","type":"post","link":"https:\/\/soymigrante.com\/revista\/feliz-dia-del-padre-migrantes-recuerdan-sabios-consejos-de-papa\/","title":{"rendered":"\u00a1Feliz d\u00eda del Padre!: Migrantes recuerdan sabios consejos  de pap\u00e1"},"content":{"rendered":"\t\t<div data-elementor-type=\"wp-post\" data-elementor-id=\"6947\" class=\"elementor elementor-6947\" data-elementor-post-type=\"post\">\n\t\t\t\t\t\t<section data-particle_enable=\"false\" data-particle-mobile-disabled=\"false\" class=\"elementor-section elementor-top-section elementor-element elementor-element-b3f82e3 elementor-section-boxed elementor-section-height-default elementor-section-height-default\" data-id=\"b3f82e3\" data-element_type=\"section\" data-e-type=\"section\">\n\t\t\t\t\t\t<div class=\"elementor-container elementor-column-gap-default\">\n\t\t\t\t\t<div class=\"elementor-column elementor-col-100 elementor-top-column elementor-element elementor-element-ab2f072\" data-id=\"ab2f072\" data-element_type=\"column\" data-e-type=\"column\">\n\t\t\t<div class=\"elementor-widget-wrap elementor-element-populated\">\n\t\t\t\t\t\t<div class=\"elementor-element elementor-element-4d808e9 elementor-widget elementor-widget-heading\" data-id=\"4d808e9\" data-element_type=\"widget\" data-e-type=\"widget\" data-widget_type=\"heading.default\">\n\t\t\t\t\t<h2 class=\"elementor-heading-title elementor-size-default\">\u00bf Cu\u00e1ndo se celebra el D\u00eda del Padre? Em Guatemala es el 17 de junio y en Estados Unidos, cada 16 de junio. Para conmemorarlo, migrantes chapines comparten las palabras y ejemplos que recibieron de sus pap\u00e1s. <\/h2>\t\t\t\t<\/div>\n\t\t\t\t\t<\/div>\n\t\t<\/div>\n\t\t\t\t\t<\/div>\n\t\t<\/section>\n\t\t\t\t<section data-particle_enable=\"false\" data-particle-mobile-disabled=\"false\" class=\"elementor-section elementor-top-section elementor-element elementor-element-b1525f6 elementor-section-boxed elementor-section-height-default elementor-section-height-default\" data-id=\"b1525f6\" data-element_type=\"section\" data-e-type=\"section\">\n\t\t\t\t\t\t<div class=\"elementor-container elementor-column-gap-default\">\n\t\t\t\t\t<div class=\"elementor-column elementor-col-100 elementor-top-column elementor-element elementor-element-dbf05c4\" data-id=\"dbf05c4\" data-element_type=\"column\" data-e-type=\"column\">\n\t\t\t<div class=\"elementor-widget-wrap elementor-element-populated\">\n\t\t\t\t\t\t<div class=\"elementor-element elementor-element-021a8ce elementor-widget elementor-widget-text-editor\" data-id=\"021a8ce\" data-element_type=\"widget\" data-e-type=\"widget\" data-widget_type=\"text-editor.default\">\n\t\t\t\t\t\t\t\t\t<p>Agradecimiento, admiraci\u00f3n, respeto, amor son algunos de los sentimientos expresados por migrantes guatemaltecos a quienes les pedimos contar alg\u00fan consejo de vida que su pap\u00e1 le haya dado y que haya sido determinante en su \u00e9xito. Las respuestas son sorprendentes y m\u00e1s de un lector se enriquecer\u00e1 con estos conceptos.<\/p><p>Cabe decir que uno de ellos perdi\u00f3 a su pap\u00e1 muy jvoen, pero recuerda los consejos y estos le siguieron llegando incluso cuando \u00e9l ya no estaba. En otro caso, su abuelo fue quien hizo de pap\u00e1. Y por supuesto, tambi\u00e9n est\u00e1n quienes tienen esa voz de amor en casa.\u00a0 Pasa adelante a leer estos testimonios de sabidur\u00eda.<\/p>\t\t\t\t\t\t\t\t<\/div>\n\t\t\t\t\t<\/div>\n\t\t<\/div>\n\t\t\t\t\t<\/div>\n\t\t<\/section>\n\t\t\t\t<section data-particle_enable=\"false\" data-particle-mobile-disabled=\"false\" class=\"elementor-section elementor-top-section elementor-element elementor-element-0046200 elementor-section-boxed elementor-section-height-default elementor-section-height-default\" data-id=\"0046200\" data-element_type=\"section\" data-e-type=\"section\">\n\t\t\t\t\t\t<div class=\"elementor-container elementor-column-gap-default\">\n\t\t\t\t\t<div class=\"elementor-column elementor-col-100 elementor-top-column elementor-element elementor-element-62d4500\" data-id=\"62d4500\" data-element_type=\"column\" data-e-type=\"column\">\n\t\t\t<div class=\"elementor-widget-wrap elementor-element-populated\">\n\t\t\t\t\t\t<div class=\"elementor-element elementor-element-2beaae1 elementor-widget elementor-widget-heading\" data-id=\"2beaae1\" data-element_type=\"widget\" data-e-type=\"widget\" data-widget_type=\"heading.default\">\n\t\t\t\t\t<h3 class=\"elementor-heading-title elementor-size-default\">Don Jairo Gramajo brinda inspiraci\u00f3n positiva y apoyo incondicional a sus hijas en Oklahoma <\/h3>\t\t\t\t<\/div>\n\t\t\t\t\t<\/div>\n\t\t<\/div>\n\t\t\t\t\t<\/div>\n\t\t<\/section>\n\t\t\t\t<section data-particle_enable=\"false\" data-particle-mobile-disabled=\"false\" class=\"elementor-section elementor-top-section elementor-element elementor-element-9aa5f98 elementor-section-boxed elementor-section-height-default elementor-section-height-default\" data-id=\"9aa5f98\" data-element_type=\"section\" data-e-type=\"section\">\n\t\t\t\t\t\t<div class=\"elementor-container elementor-column-gap-default\">\n\t\t\t\t\t<div class=\"elementor-column elementor-col-100 elementor-top-column elementor-element elementor-element-add5b25\" data-id=\"add5b25\" data-element_type=\"column\" data-e-type=\"column\">\n\t\t\t<div class=\"elementor-widget-wrap elementor-element-populated\">\n\t\t\t\t\t\t<div class=\"elementor-element elementor-element-da61443 elementor-widget elementor-widget-image\" data-id=\"da61443\" data-element_type=\"widget\" data-e-type=\"widget\" data-widget_type=\"image.default\">\n\t\t\t\t\t\t\t\t\t\t\t\t<figure class=\"wp-caption\">\n\t\t\t\t\t\t\t\t\t\t<img fetchpriority=\"high\" decoding=\"async\" width=\"768\" height=\"607\" src=\"https:\/\/soymigrante.com\/revista\/wp-content\/uploads\/2024\/06\/Captura-de-pantalla-2024-06-12-102442-2.webp\" class=\"attachment-large size-large wp-image-6951\" alt=\"Amor familiar y celebraci\u00f3n familiar en una reuni\u00f3n navide\u00f1a con adultos y un apasionado abrazo, destacado en la revista SoyMigrante.com.\" srcset=\"https:\/\/soymigrante.com\/revista\/wp-content\/uploads\/2024\/06\/Captura-de-pantalla-2024-06-12-102442-2.webp 783w, https:\/\/soymigrante.com\/revista\/wp-content\/uploads\/2024\/06\/Captura-de-pantalla-2024-06-12-102442-2-300x237.webp 300w, https:\/\/soymigrante.com\/revista\/wp-content\/uploads\/2024\/06\/Captura-de-pantalla-2024-06-12-102442-2-768x607.webp 768w, https:\/\/soymigrante.com\/revista\/wp-content\/uploads\/2024\/06\/Captura-de-pantalla-2024-06-12-102442-2-750x593.jpg 750w\" sizes=\"(max-width: 768px) 100vw, 768px\" title=\"Jairo Gramajo es el pap\u00e1 de la m\u00e9dica Limayre Gramajo, graduada en Oklahoma. Su hermana Charlotte, tambi\u00e9n entr\u00f3 a dicha carrera. (Fotograf\u00eda FB. Limayre Gramajo) \u2013 SoyMigrante.com REVISTA\" \/>\t\t\t\t\t\t\t\t\t\t\t<figcaption class=\"widget-image-caption wp-caption-text\">Personalidades celebrando en una reuni\u00f3n familiar, destacando momentos de amor y uni\u00f3n en la comunidad migrante en la revista SoyMigrante.com.<\/figcaption>\n\t\t\t\t\t\t\t\t\t\t<\/figure>\n\t\t\t\t\t\t\t\t\t<\/div>\n\t\t\t\t\t<\/div>\n\t\t<\/div>\n\t\t\t\t\t<\/div>\n\t\t<\/section>\n\t\t\t\t<section data-particle_enable=\"false\" data-particle-mobile-disabled=\"false\" class=\"elementor-section elementor-top-section elementor-element elementor-element-afd5a96 elementor-section-boxed elementor-section-height-default elementor-section-height-default\" data-id=\"afd5a96\" data-element_type=\"section\" data-e-type=\"section\">\n\t\t\t\t\t\t<div class=\"elementor-container elementor-column-gap-default\">\n\t\t\t\t\t<div class=\"elementor-column elementor-col-100 elementor-top-column elementor-element elementor-element-db820ee\" data-id=\"db820ee\" data-element_type=\"column\" data-e-type=\"column\">\n\t\t\t<div class=\"elementor-widget-wrap elementor-element-populated\">\n\t\t\t\t\t\t<div class=\"elementor-element elementor-element-4c7c90d elementor-widget elementor-widget-text-editor\" data-id=\"4c7c90d\" data-element_type=\"widget\" data-e-type=\"widget\" data-widget_type=\"text-editor.default\">\n\t\t\t\t\t\t\t\t\t<p>&#8220;Mi padre siempre me ha inculcado el valor de aprender de nuestras ra\u00edces. Gracias a \u00e9l y la importancia que le dio a ense\u00f1arme puedo navegar el lenguaje y cultura hispana sin ning\u00fan problema&#8221;, dice <a href=\"https:\/\/soymigrante.com\/revista\/se-gradua-de-medica-hija-de-migrantes-guatemaltecos-en-oklahoma\/\">Limayre Gramajo, m\u00e9dica radicada en Oklahoma<\/a> acerca de los consejos de su pap\u00e1 migrante, don Jayro Gramajo, quien le ha impulsado a creer y luchar por sus sue\u00f1os, no solo a ella sino tambi\u00e9n a Charlotte, su hermana menor, quien acaba de entrar a la Facultad de Medicina en la Universidad de Oklahoma.\u00a0<\/p><p>Limayre naci\u00f3 en EE.UU. pero valora sus ra\u00edces guatemaltecas gracias a don Jairo: &#8220;Gracias a esta educaci\u00f3n he aprendido el valor profundo que lleva nuestra sangre de trabajar duro para lo que queremos, mantener siempre humildad de nuestro car\u00e1cter y siempre permanecer unidos en familia&#8221;.<\/p>\t\t\t\t\t\t\t\t<\/div>\n\t\t\t\t\t<\/div>\n\t\t<\/div>\n\t\t\t\t\t<\/div>\n\t\t<\/section>\n\t\t\t\t<section data-particle_enable=\"false\" data-particle-mobile-disabled=\"false\" class=\"elementor-section elementor-top-section elementor-element elementor-element-e202f96 elementor-section-boxed elementor-section-height-default elementor-section-height-default\" data-id=\"e202f96\" data-element_type=\"section\" data-e-type=\"section\">\n\t\t\t\t\t\t<div class=\"elementor-container elementor-column-gap-default\">\n\t\t\t\t\t<div class=\"elementor-column elementor-col-100 elementor-top-column elementor-element elementor-element-50b4ec3\" data-id=\"50b4ec3\" data-element_type=\"column\" data-e-type=\"column\">\n\t\t\t<div class=\"elementor-widget-wrap elementor-element-populated\">\n\t\t\t\t\t\t<div class=\"elementor-element elementor-element-32c9889 elementor-widget elementor-widget-html\" data-id=\"32c9889\" data-element_type=\"widget\" data-e-type=\"widget\" data-widget_type=\"html.default\">\n\t\t\t\t\t<iframe width=\"315\" height=\"560\" src=\"https:\/\/www.youtube.com\/embed\/hMnTQKEWc-w\" title=\"El l\u00edmite es el cielo\" frameborder=\"0\" allow=\"accelerometer; autoplay; clipboard-write; encrypted-media; gyroscope; picture-in-picture; web-share\" referrerpolicy=\"strict-origin-when-cross-origin\" allowfullscreen><\/iframe>\t\t\t\t<\/div>\n\t\t\t\t\t<\/div>\n\t\t<\/div>\n\t\t\t\t\t<\/div>\n\t\t<\/section>\n\t\t\t\t<section data-particle_enable=\"false\" data-particle-mobile-disabled=\"false\" class=\"elementor-section elementor-top-section elementor-element elementor-element-548ff65 elementor-section-boxed elementor-section-height-default elementor-section-height-default\" data-id=\"548ff65\" data-element_type=\"section\" data-e-type=\"section\">\n\t\t\t\t\t\t<div class=\"elementor-container elementor-column-gap-default\">\n\t\t\t\t\t<div class=\"elementor-column elementor-col-100 elementor-top-column elementor-element elementor-element-cd490c7\" data-id=\"cd490c7\" data-element_type=\"column\" data-e-type=\"column\">\n\t\t\t<div class=\"elementor-widget-wrap elementor-element-populated\">\n\t\t\t\t\t\t<div class=\"elementor-element elementor-element-5261f9e elementor-widget elementor-widget-heading\" data-id=\"5261f9e\" data-element_type=\"widget\" data-e-type=\"widget\" data-widget_type=\"heading.default\">\n\t\t\t\t\t<h3 class=\"elementor-heading-title elementor-size-default\">\"Mi abuelo fue mi padre\" afirma Byron Titus<\/h3>\t\t\t\t<\/div>\n\t\t\t\t\t<\/div>\n\t\t<\/div>\n\t\t\t\t\t<\/div>\n\t\t<\/section>\n\t\t\t\t<section data-particle_enable=\"false\" data-particle-mobile-disabled=\"false\" class=\"elementor-section elementor-top-section elementor-element elementor-element-086b8d1 elementor-section-boxed elementor-section-height-default elementor-section-height-default\" data-id=\"086b8d1\" data-element_type=\"section\" data-e-type=\"section\">\n\t\t\t\t\t\t<div class=\"elementor-container elementor-column-gap-default\">\n\t\t\t\t\t<div class=\"elementor-column elementor-col-100 elementor-top-column elementor-element elementor-element-f5a7dea\" data-id=\"f5a7dea\" data-element_type=\"column\" data-e-type=\"column\">\n\t\t\t<div class=\"elementor-widget-wrap elementor-element-populated\">\n\t\t\t\t\t\t<div class=\"elementor-element elementor-element-2692ae4 elementor-widget elementor-widget-image\" data-id=\"2692ae4\" data-element_type=\"widget\" data-e-type=\"widget\" data-widget_type=\"image.default\">\n\t\t\t\t\t\t\t\t\t\t\t\t\t\t\t<img decoding=\"async\" width=\"768\" height=\"515\" src=\"https:\/\/soymigrante.com\/revista\/wp-content\/uploads\/2024\/06\/Captura-de-pantalla-2024-06-12-110312-1024x686.webp\" class=\"attachment-large size-large wp-image-6953\" alt=\"Filtrado de historia migrante en M\u00e9xico, retrato en sepia de un hombre mayor con gafas y su\u00e9ter en una biblioteca, relacionado con temas de migraci\u00f3n y cultura en Revista SoyMigrante.com.\" srcset=\"https:\/\/soymigrante.com\/revista\/wp-content\/uploads\/2024\/06\/Captura-de-pantalla-2024-06-12-110312-1024x686.webp 1024w, https:\/\/soymigrante.com\/revista\/wp-content\/uploads\/2024\/06\/Captura-de-pantalla-2024-06-12-110312-300x201.webp 300w, https:\/\/soymigrante.com\/revista\/wp-content\/uploads\/2024\/06\/Captura-de-pantalla-2024-06-12-110312-768x514.webp 768w, https:\/\/soymigrante.com\/revista\/wp-content\/uploads\/2024\/06\/Captura-de-pantalla-2024-06-12-110312-750x502.webp 750w, https:\/\/soymigrante.com\/revista\/wp-content\/uploads\/2024\/06\/Captura-de-pantalla-2024-06-12-110312.webp 1132w\" sizes=\"(max-width: 768px) 100vw, 768px\" title=\"Rufino Guerra Cortave fue destacado periodista del diario El Imparcial y maestro de muchos periodistas guatemaltecos. Abuelo de Byron Titus, uno de los mejores expertos en rehabilitaci\u00f3n penitenciaria de EE.UU: \u2013 SoyMigrante.com REVISTA\" \/>\t\t\t\t\t\t\t\t\t\t\t\t\t\t\t<\/div>\n\t\t\t\t\t<\/div>\n\t\t<\/div>\n\t\t\t\t\t<\/div>\n\t\t<\/section>\n\t\t\t\t<section data-particle_enable=\"false\" data-particle-mobile-disabled=\"false\" class=\"elementor-section elementor-top-section elementor-element elementor-element-4b5573d elementor-section-boxed elementor-section-height-default elementor-section-height-default\" data-id=\"4b5573d\" data-element_type=\"section\" data-e-type=\"section\">\n\t\t\t\t\t\t<div class=\"elementor-container elementor-column-gap-default\">\n\t\t\t\t\t<div class=\"elementor-column elementor-col-100 elementor-top-column elementor-element elementor-element-2e4fb2c\" data-id=\"2e4fb2c\" data-element_type=\"column\" data-e-type=\"column\">\n\t\t\t<div class=\"elementor-widget-wrap elementor-element-populated\">\n\t\t\t\t\t\t<div class=\"elementor-element elementor-element-0c4a51f elementor-widget elementor-widget-text-editor\" data-id=\"0c4a51f\" data-element_type=\"widget\" data-e-type=\"widget\" data-widget_type=\"text-editor.default\">\n\t\t\t\t\t\t\t\t\t<p>&#8220;Mi padre fue mi abuelo, porque mi padre solo se manten\u00eda bebiendo&#8221;, comparte <a href=\"https:\/\/soymigrante.com\/revista\/migrante-guatemalteco-revoluciona-sistema-carcelario-en-massachussets-y-varios-paises-buscan-su-asesoria\/\">Byron Titus, soci\u00f3logo guatemalteco y uno de los mejores expertos en rehabilitaci\u00f3n penitenciaria de Estados Unidos<\/a> y el \u00fanico latinoamericano admitido en la American Correctional Association.<\/p><p>&#8220;En la ausencia de Carlos Titus, fui dichoso porque mi abuelo Rufino Guerra Cortave ten\u00eda cualidades insuperables que de otra manera no hubiera disfrutado. Y que m\u00e1s vale no tener un padre a tener un tipo in\u00fatil y sin valores&#8221;. comparte. Su abuelo le inculc\u00f3 ideales por una mejor Guatemala, le dio ejemplo de integridad y tambi\u00e9n pasi\u00f3n por la excelencia.\u00a0<\/p><p>&#8220;Cuando muri\u00f3 mi abuelo, sent\u00ed que mi nave zozobraba en la turbulencia de la vida sin aquel faro. Pero record\u00e9 que para eso se paso toda la vida ense\u00f1\u00e1ndome a nadar por mi propia cuenta.\u00a0<span style=\"color: var( --e-global-color-text );\">Mi padre fue mi abuelo y me siento muy agradecido con la vida, de que as\u00ed haya sido&#8221;, expresa Byron Titus.<\/span><\/p><div>\u00a0<\/div>\t\t\t\t\t\t\t\t<\/div>\n\t\t\t\t\t<\/div>\n\t\t<\/div>\n\t\t\t\t\t<\/div>\n\t\t<\/section>\n\t\t\t\t<section data-particle_enable=\"false\" data-particle-mobile-disabled=\"false\" class=\"elementor-section elementor-top-section elementor-element elementor-element-c7e9bd1 elementor-section-boxed elementor-section-height-default elementor-section-height-default\" data-id=\"c7e9bd1\" data-element_type=\"section\" data-e-type=\"section\">\n\t\t\t\t\t\t<div class=\"elementor-container elementor-column-gap-default\">\n\t\t\t\t\t<div class=\"elementor-column elementor-col-100 elementor-top-column elementor-element elementor-element-3351a16\" data-id=\"3351a16\" data-element_type=\"column\" data-e-type=\"column\">\n\t\t\t<div class=\"elementor-widget-wrap elementor-element-populated\">\n\t\t\t\t\t\t<div class=\"elementor-element elementor-element-820bee5 elementor-widget elementor-widget-heading\" data-id=\"820bee5\" data-element_type=\"widget\" data-e-type=\"widget\" data-widget_type=\"heading.default\">\n\t\t\t\t\t<h2 class=\"elementor-heading-title elementor-size-default\">H\u00e9ctor recibi\u00f3 consejos de su pap\u00e1 a trav\u00e9s de otras personas<\/h2>\t\t\t\t<\/div>\n\t\t\t\t\t<\/div>\n\t\t<\/div>\n\t\t\t\t\t<\/div>\n\t\t<\/section>\n\t\t\t\t<section data-particle_enable=\"false\" data-particle-mobile-disabled=\"false\" class=\"elementor-section elementor-top-section elementor-element elementor-element-14bd786 elementor-section-boxed elementor-section-height-default elementor-section-height-default\" data-id=\"14bd786\" data-element_type=\"section\" data-e-type=\"section\">\n\t\t\t\t\t\t<div class=\"elementor-container elementor-column-gap-default\">\n\t\t\t\t\t<div class=\"elementor-column elementor-col-100 elementor-top-column elementor-element elementor-element-5a6c74f\" data-id=\"5a6c74f\" data-element_type=\"column\" data-e-type=\"column\">\n\t\t\t<div class=\"elementor-widget-wrap elementor-element-populated\">\n\t\t\t\t\t\t<div class=\"elementor-element elementor-element-6283d85 elementor-widget elementor-widget-image\" data-id=\"6283d85\" data-element_type=\"widget\" data-e-type=\"widget\" data-widget_type=\"image.default\">\n\t\t\t\t\t\t\t\t\t\t\t\t<figure class=\"wp-caption\">\n\t\t\t\t\t\t\t\t\t\t<img decoding=\"async\" width=\"768\" height=\"609\" src=\"https:\/\/soymigrante.com\/revista\/wp-content\/uploads\/2024\/06\/Captura-de-pantalla-2024-06-12-102023.webp\" class=\"attachment-large size-large wp-image-6954\" alt=\"Soymigrante.com revista: hombre con sombrero y camiseta roja en un entorno rural, representando la cultura migrante en Am\u00e9rica Latina.\" srcset=\"https:\/\/soymigrante.com\/revista\/wp-content\/uploads\/2024\/06\/Captura-de-pantalla-2024-06-12-102023.webp 841w, https:\/\/soymigrante.com\/revista\/wp-content\/uploads\/2024\/06\/Captura-de-pantalla-2024-06-12-102023-300x238.webp 300w, https:\/\/soymigrante.com\/revista\/wp-content\/uploads\/2024\/06\/Captura-de-pantalla-2024-06-12-102023-768x609.webp 768w, https:\/\/soymigrante.com\/revista\/wp-content\/uploads\/2024\/06\/Captura-de-pantalla-2024-06-12-102023-750x595.webp 750w\" sizes=\"(max-width: 768px) 100vw, 768px\" title=\"El ejemplo de un padre trabajador, \u00edntegro, honrado y muy buena gente est\u00e1 en el coraz\u00f3n de H\u00e9ctor Mej\u00eda Zamora, quien perdi\u00f3 a su padre Clodomiro Zamora a los 14 a\u00f1os, pero su inspiraci\u00f3n le ha acompa\u00f1ado siempre. \u2013 SoyMigrante.com REVISTA\" \/>\t\t\t\t\t\t\t\t\t\t\t<figcaption class=\"widget-image-caption wp-caption-text\">Hombre con sombrero y ropa casual en el campo, simbolizando la vida y trabajo de la comunidad migrante en Am\u00e9rica Latina y su historia en Soymigrante.com.<\/figcaption>\n\t\t\t\t\t\t\t\t\t\t<\/figure>\n\t\t\t\t\t\t\t\t\t<\/div>\n\t\t\t\t\t<\/div>\n\t\t<\/div>\n\t\t\t\t\t<\/div>\n\t\t<\/section>\n\t\t\t\t<section data-particle_enable=\"false\" data-particle-mobile-disabled=\"false\" class=\"elementor-section elementor-top-section elementor-element elementor-element-cba9055 elementor-section-boxed elementor-section-height-default elementor-section-height-default\" data-id=\"cba9055\" data-element_type=\"section\" data-e-type=\"section\">\n\t\t\t\t\t\t<div class=\"elementor-container elementor-column-gap-default\">\n\t\t\t\t\t<div class=\"elementor-column elementor-col-100 elementor-top-column elementor-element elementor-element-7fa821f\" data-id=\"7fa821f\" data-element_type=\"column\" data-e-type=\"column\">\n\t\t\t<div class=\"elementor-widget-wrap elementor-element-populated\">\n\t\t\t\t\t\t<div class=\"elementor-element elementor-element-15a9d1d elementor-widget elementor-widget-text-editor\" data-id=\"15a9d1d\" data-element_type=\"widget\" data-e-type=\"widget\" data-widget_type=\"text-editor.default\">\n\t\t\t\t\t\t\t\t\t<p>El <a href=\"https:\/\/soymigrante.com\/revista\/cafe-zamora-florece-en-oregon-con-grano-migrante-de-santa-rosa-guatemala\/\">emprendedor y barista guatemalteco H\u00e9ctor Mej\u00eda Zamora<\/a>, radicado en Oregon, perdi\u00f3 a su pap\u00e1 a los 14 a\u00f1os, por una enfermedad. Pero nunca olvid\u00f3 que fue su padre, Clodomiro Mej\u00eda, quien le ense\u00f1\u00f3 el trabajo de campo y el cultivo de caf\u00e9 en Santa Rosa, Guatemala.\u00a0<\/p><p>&#8220;Recuerdo con mucha alegr\u00eda como cada d\u00eda por las tardes escuchaba el carro venir de la monta\u00f1a y ver que mi pap\u00e1 entraba a la galera a estacionar su carro y yo sal\u00eda corriendo a recibirlo&#8221;, relata.<\/p><p>Otros grandes consejos de su pap\u00e1 le llegaron por otras personas. \u00bfc\u00f3mo as\u00ed?\u00a0<span style=\"color: var( --e-global-color-text );\">&#8220;Los consejos de mi pap\u00e1 los he ido aprendiendo a lo largo de mi camino por personas que \u00e9l aconsej\u00f3. Pero el que m\u00e1s resuena en m\u00ed todos los d\u00edas es el mantener la humildad ante todo y ayudar al pr\u00f3jimo: ayudar cuando se puede y tratar a todos c\u00f3mo yo quiero ser tratado&#8221;.\u00a0<\/span><\/p><p><span style=\"color: var( --e-global-color-text );\">&#8220;Podr\u00eda seguir y hacer una gran lista. Pero lo que he aprendido\u00a0 es que mi pap\u00e1 aconsej\u00f3 dando el ejemplo, y el mayor ejemplo fue el siempre ser humilde y respetuoso&#8221;, expresa H\u00e9ctor.<\/span><\/p><div>\u00a0<\/div>\t\t\t\t\t\t\t\t<\/div>\n\t\t\t\t\t<\/div>\n\t\t<\/div>\n\t\t\t\t\t<\/div>\n\t\t<\/section>\n\t\t\t\t<section data-particle_enable=\"false\" data-particle-mobile-disabled=\"false\" class=\"elementor-section elementor-top-section elementor-element elementor-element-4b79470 elementor-section-boxed elementor-section-height-default elementor-section-height-default\" data-id=\"4b79470\" data-element_type=\"section\" data-e-type=\"section\">\n\t\t\t\t\t\t<div class=\"elementor-container elementor-column-gap-default\">\n\t\t\t\t\t<div class=\"elementor-column elementor-col-100 elementor-top-column elementor-element elementor-element-e1ed7a6\" data-id=\"e1ed7a6\" data-element_type=\"column\" data-e-type=\"column\">\n\t\t\t<div class=\"elementor-widget-wrap elementor-element-populated\">\n\t\t\t\t\t\t<div class=\"elementor-element elementor-element-d82f218 elementor-widget elementor-widget-heading\" data-id=\"d82f218\" data-element_type=\"widget\" data-e-type=\"widget\" data-widget_type=\"heading.default\">\n\t\t\t\t\t<h2 class=\"elementor-heading-title elementor-size-default\">El h\u00e1bito de lectura: la mejor herencia<\/h2>\t\t\t\t<\/div>\n\t\t\t\t\t<\/div>\n\t\t<\/div>\n\t\t\t\t\t<\/div>\n\t\t<\/section>\n\t\t\t\t<section data-particle_enable=\"false\" data-particle-mobile-disabled=\"false\" class=\"elementor-section elementor-top-section elementor-element elementor-element-026b061 elementor-section-boxed elementor-section-height-default elementor-section-height-default\" data-id=\"026b061\" data-element_type=\"section\" data-e-type=\"section\">\n\t\t\t\t\t\t<div class=\"elementor-container elementor-column-gap-default\">\n\t\t\t\t\t<div class=\"elementor-column elementor-col-100 elementor-top-column elementor-element elementor-element-064297a\" data-id=\"064297a\" data-element_type=\"column\" data-e-type=\"column\">\n\t\t\t<div class=\"elementor-widget-wrap elementor-element-populated\">\n\t\t\t\t\t\t<div class=\"elementor-element elementor-element-9f6f4b3 elementor-widget elementor-widget-image\" data-id=\"9f6f4b3\" data-element_type=\"widget\" data-e-type=\"widget\" data-widget_type=\"image.default\">\n\t\t\t\t\t\t\t\t\t\t\t\t<figure class=\"wp-caption\">\n\t\t\t\t\t\t\t\t\t\t<img loading=\"lazy\" decoding=\"async\" width=\"610\" height=\"653\" src=\"https:\/\/soymigrante.com\/revista\/wp-content\/uploads\/2024\/06\/gilroy-papa.webp\" class=\"attachment-large size-large wp-image-6955\" alt=\"Amigos en Washington D.C. en un d\u00eda soleado, disfrutando y compartiendo momentos de comunidad y cultura en un entorno emblem\u00e1tico.\" srcset=\"https:\/\/soymigrante.com\/revista\/wp-content\/uploads\/2024\/06\/gilroy-papa.webp 610w, https:\/\/soymigrante.com\/revista\/wp-content\/uploads\/2024\/06\/gilroy-papa-280x300.webp 280w\" sizes=\"(max-width: 610px) 100vw, 610px\" title=\"Gilroy \u00c1lvarez, migrante gar\u00edfuna guatemalteco y experto en finanzas, agradece siempre a su pap\u00e1 el haberle inculcado el h\u00e1bito de lectura y tambi\u00e9n  valores con el ejemplo. \u2013 SoyMigrante.com REVISTA\" \/>\t\t\t\t\t\t\t\t\t\t\t<figcaption class=\"widget-image-caption wp-caption-text\">Dos hombres sonrientes en Washington D.C., paseando y disfrutando del paisaje urbano y cultural en un d\u00eda soleado con muchas actividades en el fondo.<\/figcaption>\n\t\t\t\t\t\t\t\t\t\t<\/figure>\n\t\t\t\t\t\t\t\t\t<\/div>\n\t\t\t\t\t<\/div>\n\t\t<\/div>\n\t\t\t\t\t<\/div>\n\t\t<\/section>\n\t\t\t\t<section data-particle_enable=\"false\" data-particle-mobile-disabled=\"false\" class=\"elementor-section elementor-top-section elementor-element elementor-element-cdd72e9 elementor-section-boxed elementor-section-height-default elementor-section-height-default\" data-id=\"cdd72e9\" data-element_type=\"section\" data-e-type=\"section\">\n\t\t\t\t\t\t<div class=\"elementor-container elementor-column-gap-default\">\n\t\t\t\t\t<div class=\"elementor-column elementor-col-100 elementor-top-column elementor-element elementor-element-f1c3114\" data-id=\"f1c3114\" data-element_type=\"column\" data-e-type=\"column\">\n\t\t\t<div class=\"elementor-widget-wrap elementor-element-populated\">\n\t\t\t\t\t\t<div class=\"elementor-element elementor-element-c3b730c elementor-widget elementor-widget-text-editor\" data-id=\"c3b730c\" data-element_type=\"widget\" data-e-type=\"widget\" data-widget_type=\"text-editor.default\">\n\t\t\t\t\t\t\t\t\t<p><a href=\"https:\/\/soymigrante.com\/revista\/asi-cambio-de-pies-a-cabeza-el-sueno-de-gilroy-alvarez\/\">Gilroy Alvarez, experto en finanzas, emprendimiento y bienes ra\u00edces, originario de Livingston Izabal y radicado en Nueva York <\/a>comparte: &#8220;Lo que m\u00e1s valoro de las ense\u00f1anzas de mi pap\u00e1 es el h\u00e1bito de la lectura&#8221;.\u00a0<\/p><p>&#8220;Mi pap\u00e1 siempre me dec\u00eda que la lectura es una actividad integral que beneficia tanto el desarrollo personal como el bienestar mental y emocional. Cada vez que llegaba a casa del trabajo, me preguntaba: \u201c\u00bfYa le\u00edste?\u201d y siempre quer\u00eda un resumen de lo que hab\u00eda le\u00eddo&#8221;, cuenta.<\/p><p>Pero al igual que H\u00e9ctor, el ejemplo fue fundamental: &#8220;No solo me dec\u00eda que era importante leer, sino que tambi\u00e9n lo ve\u00eda a \u00e9l leyendo todos los d\u00edas. Uno aprende de lo que ve, no solo de lo que le dicen&#8221;.<\/p><div>\u00a0<\/div>\t\t\t\t\t\t\t\t<\/div>\n\t\t\t\t\t<\/div>\n\t\t<\/div>\n\t\t\t\t\t<\/div>\n\t\t<\/section>\n\t\t\t\t<section data-particle_enable=\"false\" data-particle-mobile-disabled=\"false\" class=\"elementor-section elementor-top-section elementor-element elementor-element-836cea2 elementor-section-boxed elementor-section-height-default elementor-section-height-default\" data-id=\"836cea2\" data-element_type=\"section\" data-e-type=\"section\">\n\t\t\t\t\t\t<div class=\"elementor-container elementor-column-gap-default\">\n\t\t\t\t\t<div class=\"elementor-column elementor-col-100 elementor-top-column elementor-element elementor-element-dc66741\" data-id=\"dc66741\" data-element_type=\"column\" data-e-type=\"column\">\n\t\t\t<div class=\"elementor-widget-wrap elementor-element-populated\">\n\t\t\t\t\t\t<div class=\"elementor-element elementor-element-e321443 elementor-widget elementor-widget-heading\" data-id=\"e321443\" data-element_type=\"widget\" data-e-type=\"widget\" data-widget_type=\"heading.default\">\n\t\t\t\t\t<h2 class=\"elementor-heading-title elementor-size-default\">Hilda de Le\u00f3n:  Mi pap\u00e1 nos ense\u00f1\u00f3 el respeto y nos impuls\u00f3 a hablar el ingl\u00e9s<\/h2>\t\t\t\t<\/div>\n\t\t\t\t\t<\/div>\n\t\t<\/div>\n\t\t\t\t\t<\/div>\n\t\t<\/section>\n\t\t\t\t<section data-particle_enable=\"false\" data-particle-mobile-disabled=\"false\" class=\"elementor-section elementor-top-section elementor-element elementor-element-5f6556b elementor-section-boxed elementor-section-height-default elementor-section-height-default\" data-id=\"5f6556b\" data-element_type=\"section\" data-e-type=\"section\">\n\t\t\t\t\t\t<div class=\"elementor-container elementor-column-gap-default\">\n\t\t\t\t\t<div class=\"elementor-column elementor-col-100 elementor-top-column elementor-element elementor-element-81113a7\" data-id=\"81113a7\" data-element_type=\"column\" data-e-type=\"column\">\n\t\t\t<div class=\"elementor-widget-wrap elementor-element-populated\">\n\t\t\t\t\t\t<div class=\"elementor-element elementor-element-72fa650 elementor-widget elementor-widget-text-editor\" data-id=\"72fa650\" data-element_type=\"widget\" data-e-type=\"widget\" data-widget_type=\"text-editor.default\">\n\t\t\t\t\t\t\t\t\t<p>Hilda de Le\u00f3n Xavier es l\u00edder migrante de la comunidad guatemalteca en Oklahoma. Pero hubo un tiempo en que \u00e9l fue migrante en EE.UU. mientras la familia estaba en Guatemala y por fin lograron reunificarse.<\/p><p>&#8220;Aunque la distancia nos separaba, mi padre siempre encontraba formas de dejarme ense\u00f1anzas y consejos. Su consejo m\u00e1s importante fue que me hiciera respetar, comprendiendo que el respeto hacia los dem\u00e1s es fundamental para ser respetado. Adem\u00e1s, me inst\u00f3 a aprender ingl\u00e9s para alcanzar el \u00e9xito en los Estados Unidos, una lecci\u00f3n que llev\u00f3 en mi viaje hacia el crecimiento personal&#8221;, comparte.<\/p>\t\t\t\t\t\t\t\t<\/div>\n\t\t\t\t\t<\/div>\n\t\t<\/div>\n\t\t\t\t\t<\/div>\n\t\t<\/section>\n\t\t\t\t<section data-particle_enable=\"false\" data-particle-mobile-disabled=\"false\" class=\"elementor-section elementor-top-section elementor-element elementor-element-67c345d elementor-section-boxed elementor-section-height-default elementor-section-height-default\" data-id=\"67c345d\" data-element_type=\"section\" data-e-type=\"section\">\n\t\t\t\t\t\t<div class=\"elementor-container elementor-column-gap-default\">\n\t\t\t\t\t<div class=\"elementor-column elementor-col-100 elementor-top-column elementor-element elementor-element-7646e64\" data-id=\"7646e64\" data-element_type=\"column\" data-e-type=\"column\">\n\t\t\t<div class=\"elementor-widget-wrap elementor-element-populated\">\n\t\t\t\t\t\t<div class=\"elementor-element elementor-element-d63788a elementor-widget elementor-widget-html\" data-id=\"d63788a\" data-element_type=\"widget\" data-e-type=\"widget\" data-widget_type=\"html.default\">\n\t\t\t\t\t<iframe src=\"https:\/\/www.facebook.com\/plugins\/post.php?href=https%3A%2F%2Fwww.facebook.com%2Felnacionaldeok%2Fposts%2Fpfbid029KCxSBNKFQoohYozmjsBxRtJtHhHynjsvSTcgaFQB1EAYbnEPYnqxGXVNW8bh7H1l&show_text=true&width=500\" width=\"500\" height=\"743\" style=\"border:none;overflow:hidden\" scrolling=\"no\" frameborder=\"0\" allowfullscreen=\"true\" allow=\"autoplay; clipboard-write; encrypted-media; picture-in-picture; web-share\"><\/iframe>\t\t\t\t<\/div>\n\t\t\t\t\t<\/div>\n\t\t<\/div>\n\t\t\t\t\t<\/div>\n\t\t<\/section>\n\t\t\t\t<section data-particle_enable=\"false\" data-particle-mobile-disabled=\"false\" class=\"elementor-section elementor-top-section elementor-element elementor-element-18d2330 elementor-section-boxed elementor-section-height-default elementor-section-height-default\" data-id=\"18d2330\" data-element_type=\"section\" data-e-type=\"section\">\n\t\t\t\t\t\t<div class=\"elementor-container elementor-column-gap-default\">\n\t\t\t\t\t<div class=\"elementor-column elementor-col-100 elementor-top-column elementor-element elementor-element-f7ac497\" data-id=\"f7ac497\" data-element_type=\"column\" data-e-type=\"column\">\n\t\t\t<div class=\"elementor-widget-wrap elementor-element-populated\">\n\t\t\t\t\t\t<div class=\"elementor-element elementor-element-f2db1e3 elementor-widget elementor-widget-heading\" data-id=\"f2db1e3\" data-element_type=\"widget\" data-e-type=\"widget\" data-widget_type=\"heading.default\">\n\t\t\t\t\t<h2 class=\"elementor-heading-title elementor-size-default\">Pap\u00e1s migrantes dignos de admiraci\u00f3n <\/h2>\t\t\t\t<\/div>\n\t\t\t\t\t<\/div>\n\t\t<\/div>\n\t\t\t\t\t<\/div>\n\t\t<\/section>\n\t\t\t\t<section data-particle_enable=\"false\" data-particle-mobile-disabled=\"false\" class=\"elementor-section elementor-top-section elementor-element elementor-element-d27ed8e elementor-section-boxed elementor-section-height-default elementor-section-height-default\" data-id=\"d27ed8e\" data-element_type=\"section\" data-e-type=\"section\">\n\t\t\t\t\t\t<div class=\"elementor-container elementor-column-gap-default\">\n\t\t\t\t\t<div class=\"elementor-column elementor-col-100 elementor-top-column elementor-element elementor-element-6c0c6dd\" data-id=\"6c0c6dd\" data-element_type=\"column\" data-e-type=\"column\">\n\t\t\t<div class=\"elementor-widget-wrap elementor-element-populated\">\n\t\t\t\t\t\t<div class=\"elementor-element elementor-element-7234ae8 elementor-grid-eael-col-4 elementor-grid-tablet-eael-col-2 elementor-grid-mobile-eael-col-1 elementor-widget elementor-widget-eael-post-grid\" data-id=\"7234ae8\" data-element_type=\"widget\" data-e-type=\"widget\" data-settings=\"{&quot;eael_post_grid_columns&quot;:&quot;eael-col-4&quot;,&quot;eael_post_grid_columns_tablet&quot;:&quot;eael-col-2&quot;,&quot;eael_post_grid_columns_mobile&quot;:&quot;eael-col-1&quot;}\" data-widget_type=\"eael-post-grid.default\">\n\t\t\t\t\t<div id=\"eael-post-grid-7234ae8\" class=\"eael-post-grid-container\">\n            <div class=\"eael-post-grid eael-post-appender eael-post-appender-7234ae8 eael-post-grid-style-one\" data-layout-mode=\"masonry\"><article class=\"eael-grid-post  eael-post-grid-column eael-pg-post-6048 category-lugar-de-voces\" data-id=\"6048\">\n        <div class=\"eael-grid-post-holder\">\n            <div class=\"eael-grid-post-holder-inner\"><div class=\"eael-entry-media\"><div class=\"eael-entry-overlay fade-in\"><i class=\"fas fa-long-arrow-alt-right\" aria-hidden=\"true\"><\/i><a href=\"https:\/\/soymigrante.com\/revista\/padre-guatemalteco-dedica-emotivo-poema-a-sus-hijos-migrantes\/\"><\/a><\/div><div class=\"eael-entry-thumbnail \">\n                <img loading=\"lazy\" decoding=\"async\" width=\"300\" height=\"200\" src=\"https:\/\/soymigrante.com\/revista\/wp-content\/uploads\/2023\/10\/El-monumento-esta-un-poco-de-lado-como-viendo-hacia-atras-el-brazo-derecho-lo-tiene-alzado-para-despedir-a-su-gente-300x200.webp\" class=\"attachment-medium size-medium wp-image-3026\" alt=\"\u201cEl monumento est\u00e1 un poco de lado como viendo hacia atr\u00e1s, el brazo derecho lo tiene alzado para despedir a su gente\u201d\" srcset=\"https:\/\/soymigrante.com\/revista\/wp-content\/uploads\/2023\/10\/El-monumento-esta-un-poco-de-lado-como-viendo-hacia-atras-el-brazo-derecho-lo-tiene-alzado-para-despedir-a-su-gente-300x200.webp 300w, https:\/\/soymigrante.com\/revista\/wp-content\/uploads\/2023\/10\/El-monumento-esta-un-poco-de-lado-como-viendo-hacia-atras-el-brazo-derecho-lo-tiene-alzado-para-despedir-a-su-gente-1024x682.webp 1024w, https:\/\/soymigrante.com\/revista\/wp-content\/uploads\/2023\/10\/El-monumento-esta-un-poco-de-lado-como-viendo-hacia-atras-el-brazo-derecho-lo-tiene-alzado-para-despedir-a-su-gente-768x511.webp 768w, https:\/\/soymigrante.com\/revista\/wp-content\/uploads\/2023\/10\/El-monumento-esta-un-poco-de-lado-como-viendo-hacia-atras-el-brazo-derecho-lo-tiene-alzado-para-despedir-a-su-gente-1536x1022.webp 1536w, https:\/\/soymigrante.com\/revista\/wp-content\/uploads\/2023\/10\/El-monumento-esta-un-poco-de-lado-como-viendo-hacia-atras-el-brazo-derecho-lo-tiene-alzado-para-despedir-a-su-gente-750x499.webp 750w, https:\/\/soymigrante.com\/revista\/wp-content\/uploads\/2023\/10\/El-monumento-esta-un-poco-de-lado-como-viendo-hacia-atras-el-brazo-derecho-lo-tiene-alzado-para-despedir-a-su-gente-1140x759.webp 1140w, https:\/\/soymigrante.com\/revista\/wp-content\/uploads\/2023\/10\/El-monumento-esta-un-poco-de-lado-como-viendo-hacia-atras-el-brazo-derecho-lo-tiene-alzado-para-despedir-a-su-gente-600x400.webp 600w, https:\/\/soymigrante.com\/revista\/wp-content\/uploads\/2023\/10\/El-monumento-esta-un-poco-de-lado-como-viendo-hacia-atras-el-brazo-derecho-lo-tiene-alzado-para-despedir-a-su-gente.webp 1920w\" sizes=\"(max-width: 300px) 100vw, 300px\" \/>\n            <\/div>\n        <\/div><div class=\"eael-entry-wrapper\"><header class=\"eael-entry-header\"><h2 class=\"eael-entry-title\"><a class=\"eael-grid-post-link\" href=\"https:\/\/soymigrante.com\/revista\/padre-guatemalteco-dedica-emotivo-poema-a-sus-hijos-migrantes\/\" title=\"Padre guatemalteco dedica emotivo poema a sus hijos migrantes\">Padre guatemalteco dedica emotivo poema a sus hijos migrantes<\/a><\/h2><\/header><\/div><\/div>\n        <\/div>\n    <\/article><article class=\"eael-grid-post  eael-post-grid-column eael-pg-post-4149 category-exitos\" data-id=\"4149\">\n        <div class=\"eael-grid-post-holder\">\n            <div class=\"eael-grid-post-holder-inner\"><div class=\"eael-entry-media\"><div class=\"eael-entry-overlay fade-in\"><i class=\"fas fa-long-arrow-alt-right\" aria-hidden=\"true\"><\/i><a href=\"https:\/\/soymigrante.com\/revista\/migrante-guatemalteco-empresario-construccion-jardineria-carlos-reyes\/\"><\/a><\/div><div class=\"eael-entry-thumbnail \">\n                <img loading=\"lazy\" decoding=\"async\" width=\"300\" height=\"284\" src=\"https:\/\/soymigrante.com\/revista\/wp-content\/uploads\/2023\/12\/carlitos-300x284.webp\" class=\"attachment-medium size-medium wp-image-4172\" alt=\"\" srcset=\"https:\/\/soymigrante.com\/revista\/wp-content\/uploads\/2023\/12\/carlitos-300x284.webp 300w, https:\/\/soymigrante.com\/revista\/wp-content\/uploads\/2023\/12\/carlitos.webp 732w\" sizes=\"(max-width: 300px) 100vw, 300px\" \/>\n            <\/div>\n        <\/div><div class=\"eael-entry-wrapper\"><header class=\"eael-entry-header\"><h2 class=\"eael-entry-title\"><a class=\"eael-grid-post-link\" href=\"https:\/\/soymigrante.com\/revista\/migrante-guatemalteco-empresario-construccion-jardineria-carlos-reyes\/\" title=\"Exitosa ruta migrante pintada, remodelada y compartida por Carlos Reyes, en Nashville\">Exitosa ruta migrante pintada, remodelada y compartida por Carlos Reyes, en Nashville<\/a><\/h2><\/header><\/div><\/div>\n        <\/div>\n    <\/article><article class=\"eael-grid-post  eael-post-grid-column eael-pg-post-3517 category-exitos\" data-id=\"3517\">\n        <div class=\"eael-grid-post-holder\">\n            <div class=\"eael-grid-post-holder-inner\"><div class=\"eael-entry-media\"><div class=\"eael-entry-overlay fade-in\"><i class=\"fas fa-long-arrow-alt-right\" aria-hidden=\"true\"><\/i><a href=\"https:\/\/soymigrante.com\/revista\/rudy-bautista-un-migrante-guatemalteco-de-madera\/\"><\/a><\/div><div class=\"eael-entry-thumbnail \">\n                <img loading=\"lazy\" decoding=\"async\" width=\"300\" height=\"228\" src=\"https:\/\/soymigrante.com\/revista\/wp-content\/uploads\/2023\/11\/Rudy-bautista-e1701065664366-300x228.webp\" class=\"attachment-medium size-medium wp-image-3494\" alt=\"\" srcset=\"https:\/\/soymigrante.com\/revista\/wp-content\/uploads\/2023\/11\/Rudy-bautista-e1701065664366-300x228.webp 300w, https:\/\/soymigrante.com\/revista\/wp-content\/uploads\/2023\/11\/Rudy-bautista-e1701065664366-1024x778.webp 1024w, https:\/\/soymigrante.com\/revista\/wp-content\/uploads\/2023\/11\/Rudy-bautista-e1701065664366-768x584.webp 768w, https:\/\/soymigrante.com\/revista\/wp-content\/uploads\/2023\/11\/Rudy-bautista-e1701065664366-750x570.webp 750w, https:\/\/soymigrante.com\/revista\/wp-content\/uploads\/2023\/11\/Rudy-bautista-e1701065664366-1140x867.webp 1140w, https:\/\/soymigrante.com\/revista\/wp-content\/uploads\/2023\/11\/Rudy-bautista-e1701065664366.webp 1334w\" sizes=\"(max-width: 300px) 100vw, 300px\" \/>\n            <\/div>\n        <\/div><div class=\"eael-entry-wrapper\"><header class=\"eael-entry-header\"><h2 class=\"eael-entry-title\"><a class=\"eael-grid-post-link\" href=\"https:\/\/soymigrante.com\/revista\/rudy-bautista-un-migrante-guatemalteco-de-madera\/\" title=\"El hijo migrante del carpintero regres\u00f3 a su tierra, San Jos\u00e9 Caben\">El hijo migrante del carpintero regres\u00f3 a su tierra, San Jos\u00e9 Caben<\/a><\/h2><\/header><\/div><\/div>\n        <\/div>\n    <\/article><article class=\"eael-grid-post  eael-post-grid-column eael-pg-post-1870 category-exitos tags-california\" data-id=\"1870\">\n        <div class=\"eael-grid-post-holder\">\n            <div class=\"eael-grid-post-holder-inner\"><div class=\"eael-entry-media\"><div class=\"eael-entry-overlay fade-in\"><i class=\"fas fa-long-arrow-alt-right\" aria-hidden=\"true\"><\/i><a href=\"https:\/\/soymigrante.com\/revista\/walter-villatoro-mariachi-migrante-guatemalteco\/\"><\/a><\/div><div class=\"eael-entry-thumbnail \">\n                <img loading=\"lazy\" decoding=\"async\" width=\"300\" height=\"180\" src=\"https:\/\/soymigrante.com\/revista\/wp-content\/uploads\/2023\/07\/Captura-de-pantalla-2023-07-14-142215-300x180.webp\" class=\"attachment-medium size-medium wp-image-1872\" alt=\"Walter Villatoro, migrante guatemalteco, cantante, compositor, productor art\u00edstico residente en San Diego, California\" srcset=\"https:\/\/soymigrante.com\/revista\/wp-content\/uploads\/2023\/07\/Captura-de-pantalla-2023-07-14-142215-300x180.webp 300w, https:\/\/soymigrante.com\/revista\/wp-content\/uploads\/2023\/07\/Captura-de-pantalla-2023-07-14-142215-1024x614.webp 1024w, https:\/\/soymigrante.com\/revista\/wp-content\/uploads\/2023\/07\/Captura-de-pantalla-2023-07-14-142215-768x460.webp 768w, https:\/\/soymigrante.com\/revista\/wp-content\/uploads\/2023\/07\/Captura-de-pantalla-2023-07-14-142215-1536x920.webp 1536w, https:\/\/soymigrante.com\/revista\/wp-content\/uploads\/2023\/07\/Captura-de-pantalla-2023-07-14-142215-750x449.webp 750w, https:\/\/soymigrante.com\/revista\/wp-content\/uploads\/2023\/07\/Captura-de-pantalla-2023-07-14-142215-1140x683.webp 1140w, https:\/\/soymigrante.com\/revista\/wp-content\/uploads\/2023\/07\/Captura-de-pantalla-2023-07-14-142215.webp 1587w\" sizes=\"(max-width: 300px) 100vw, 300px\" \/>\n            <\/div>\n        <\/div><div class=\"eael-entry-wrapper\"><header class=\"eael-entry-header\"><h2 class=\"eael-entry-title\"><a class=\"eael-grid-post-link\" href=\"https:\/\/soymigrante.com\/revista\/walter-villatoro-mariachi-migrante-guatemalteco\/\" title=\"Walter Villatoro: la inspiradora historia de El Mariachi Guatemalteco\">Walter Villatoro: la inspiradora historia de El Mariachi Guatemalteco<\/a><\/h2><\/header><\/div><\/div>\n        <\/div>\n    <\/article><\/div>\n            <div class=\"clearfix\"><\/div>\n        <\/div>\t\t\t\t<\/div>\n\t\t\t\t\t<\/div>\n\t\t<\/div>\n\t\t\t\t\t<\/div>\n\t\t<\/section>\n\t\t\t\t<\/div>\n\t\t","protected":false},"excerpt":{"rendered":"<p>\u00bf Cu\u00e1ndo se celebra el D\u00eda del Padre? Em Guatemala es el 17 de junio y en Estados Unidos, cada 16 de junio. Para conmemorarlo, migrantes chapines comparten las palabras y ejemplos que recibieron de sus pap\u00e1s. Agradecimiento, admiraci\u00f3n, respeto, amor son algunos de los sentimientos expresados por migrantes guatemaltecos a quienes les pedimos contar [&hellip;]<\/p>\n","protected":false},"author":7,"featured_media":6952,"comment_status":"open","ping_status":"open","sticky":false,"template":"","format":"standard","meta":{"_acf_changed":true,"_eb_attr":"","footnotes":""},"categories":[55],"tags":[],"class_list":["post-6947","post","type-post","status-publish","format-standard","has-post-thumbnail","hentry","category-bienestar"],"acf":[],"aioseo_notices":[],"aioseo_head":"\n\t\t<!-- All in One SEO Pro 4.9.6.2 - aioseo.com -->\n\t<meta name=\"description\" content=\"Walter Villatoro, un migrante guatemalteco, ha dejado huella en EE.UU. con su m\u00fasica y cine, reflejando su amor por Guatemala y su pasi\u00f3n art\u00edstica\" \/>\n\t<meta name=\"robots\" content=\"max-snippet:-1, max-image-preview:large, max-video-preview:-1\" \/>\n\t<meta name=\"author\" content=\"Gustavo Montenegro\"\/>\n\t<link rel=\"canonical\" href=\"https:\/\/soymigrante.com\/revista\/walter-villatoro-mariachi-migrante-guatemalteco\/\" \/>\n\t<meta name=\"generator\" content=\"All in One SEO Pro (AIOSEO) 4.9.6.2\" \/>\n\n\t\t<link rel=\"preconnect\" href=\"https:\/\/fonts.googleapis.com\" crossorigin>\n<link rel=\"preconnect\" href=\"https:\/\/fonts.gstatic.com\" crossorigin>\n\t\t<meta property=\"og:locale\" content=\"es_ES\" \/>\n\t\t<meta property=\"og:site_name\" content=\"SoyMigrante.com REVISTA \u2013 Nuestra misi\u00f3n es reconocer y dignificar al migrante.\" \/>\n\t\t<meta property=\"og:type\" content=\"article\" \/>\n\t\t<meta property=\"og:title\" content=\"Walter Villatoro: la inspiradora historia de El Mariachi Guatemalteco\" \/>\n\t\t<meta property=\"og:description\" content=\"Walter Villatoro, un migrante guatemalteco, ha dejado huella en EE.UU. con su m\u00fasica y cine, reflejando su amor por Guatemala y su pasi\u00f3n art\u00edstica\" \/>\n\t\t<meta property=\"og:url\" content=\"https:\/\/soymigrante.com\/revista\/walter-villatoro-mariachi-migrante-guatemalteco\/\" \/>\n\t\t<meta property=\"og:image\" content=\"https:\/\/soymigrante.com\/revista\/wp-content\/uploads\/2023\/07\/Captura-de-pantalla-2023-07-14-142215.webp\" \/>\n\t\t<meta property=\"og:image:secure_url\" content=\"https:\/\/soymigrante.com\/revista\/wp-content\/uploads\/2023\/07\/Captura-de-pantalla-2023-07-14-142215.webp\" \/>\n\t\t<meta property=\"og:image:width\" content=\"1587\" \/>\n\t\t<meta property=\"og:image:height\" content=\"951\" \/>\n\t\t<meta property=\"article:published_time\" content=\"2023-07-14T20:16:14+00:00\" \/>\n\t\t<meta property=\"article:modified_time\" content=\"2026-03-11T22:48:18+00:00\" \/>\n\t\t<meta property=\"article:publisher\" content=\"https:\/\/www.facebook.com\/soymigrantecom\" \/>\n\t\t<meta name=\"twitter:card\" content=\"summary_large_image\" \/>\n\t\t<meta name=\"twitter:site\" content=\"@SoyMigrante_com\" \/>\n\t\t<meta name=\"twitter:title\" content=\"Walter Villatoro: la inspiradora historia de El Mariachi Guatemalteco\" \/>\n\t\t<meta name=\"twitter:description\" content=\"Walter Villatoro, un migrante guatemalteco, ha dejado huella en EE.UU. con su m\u00fasica y cine, reflejando su amor por Guatemala y su pasi\u00f3n art\u00edstica\" \/>\n\t\t<meta name=\"twitter:creator\" content=\"@SoyMigrante_com\" \/>\n\t\t<meta name=\"twitter:image\" content=\"https:\/\/soymigrante.com\/revista\/wp-content\/uploads\/2023\/07\/Captura-de-pantalla-2023-07-14-142215.webp\" \/>\n\t\t<!-- All in One SEO Pro -->\r\n\t\t<title>Walter Villatoro: la inspiradora historia de El Mariachi Guatemalteco<\/title>\n\n","aioseo_head_json":{"title":"Walter Villatoro: la inspiradora historia de El Mariachi Guatemalteco","description":"Walter Villatoro, un migrante guatemalteco, ha dejado huella en EE.UU. con su m\u00fasica y cine, reflejando su amor por Guatemala y su pasi\u00f3n art\u00edstica","canonical_url":"https:\/\/soymigrante.com\/revista\/walter-villatoro-mariachi-migrante-guatemalteco\/","robots":"max-snippet:-1, max-image-preview:large, max-video-preview:-1","keywords":"","webmasterTools":{"miscellaneous":"&lt;link rel=\"preconnect\" href=\"https:\/\/fonts.googleapis.com\" crossorigin&gt;\n&lt;link rel=\"preconnect\" href=\"https:\/\/fonts.gstatic.com\" crossorigin&gt;"},"schema":null,"og:locale":"es_ES","og:site_name":"SoyMigrante.com REVISTA \u2013 Nuestra misi\u00f3n es reconocer y dignificar al migrante.","og:type":"article","og:title":"Walter Villatoro: la inspiradora historia de El Mariachi Guatemalteco","og:description":"Walter Villatoro, un migrante guatemalteco, ha dejado huella en EE.UU. con su m\u00fasica y cine, reflejando su amor por Guatemala y su pasi\u00f3n art\u00edstica","og:url":"https:\/\/soymigrante.com\/revista\/walter-villatoro-mariachi-migrante-guatemalteco\/","og:image":"https:\/\/soymigrante.com\/revista\/wp-content\/uploads\/2023\/07\/Captura-de-pantalla-2023-07-14-142215.webp","og:image:secure_url":"https:\/\/soymigrante.com\/revista\/wp-content\/uploads\/2023\/07\/Captura-de-pantalla-2023-07-14-142215.webp","og:image:width":1587,"og:image:height":951,"article:published_time":"2023-07-14T20:16:14+00:00","article:modified_time":"2026-03-11T22:48:18+00:00","article:publisher":"https:\/\/www.facebook.com\/soymigrantecom","twitter:card":"summary_large_image","twitter:site":"@SoyMigrante_com","twitter:title":"Walter Villatoro: la inspiradora historia de El Mariachi Guatemalteco","twitter:description":"Walter Villatoro, un migrante guatemalteco, ha dejado huella en EE.UU. con su m\u00fasica y cine, reflejando su amor por Guatemala y su pasi\u00f3n art\u00edstica","twitter:creator":"@SoyMigrante_com","twitter:image":"https:\/\/soymigrante.com\/revista\/wp-content\/uploads\/2023\/07\/Captura-de-pantalla-2023-07-14-142215.webp"},"aioseo_meta_data":{"post_id":"6947","title":"\u00a1Feliz d\u00eda del padre! Migrantes recuerdan los consejos de pap\u00e1","description":"En EE.UU. el D\u00eda del Padre se celebra 16 de junio y en Guatemala, el 17. Preguntamos a migrantes guatemaltecos el consejo de pap\u00e1 que m\u00e1s recuerdan. Esto cuentan.","keywords":null,"keyphrases":{"focus":{"keyphrase":"D\u00eda del Padre","score":69,"analysis":{"keyphraseInTitle":{"score":9,"maxScore":9,"error":0},"keyphraseInDescription":{"score":9,"maxScore":9,"error":0},"keyphraseLength":{"score":9,"maxScore":9,"error":0,"length":4},"keyphraseInURL":{"score":5,"maxScore":5,"error":0},"keyphraseInIntroduction":{"score":3,"maxScore":9,"error":1},"keyphraseInSubHeadings":{"score":9,"maxScore":9,"error":0},"keyphraseInImageAlt":{"score":3,"maxScore":9,"error":1},"keywordDensity":{"score":0,"type":"low","maxScore":9,"error":1}}},"additional":[{"keyphrase":"Migrantes","score":87,"analysis":{"keyphraseInDescription":{"score":9,"maxScore":9,"error":0},"keyphraseLength":{"score":9,"maxScore":9,"error":0,"length":1},"keyphraseInIntroduction":{"score":9,"maxScore":9,"error":0},"keyphraseInImageAlt":{"score":3,"maxScore":9,"error":1},"keywordDensity":{"type":"best","score":9,"maxScore":9,"error":0}}}]},"primary_term":null,"canonical_url":null,"og_title":null,"og_description":null,"og_object_type":"default","og_image_type":"default","og_image_url":null,"og_image_width":null,"og_image_height":null,"og_image_custom_url":null,"og_image_custom_fields":null,"og_video":"","og_custom_url":null,"og_article_section":null,"og_article_tags":null,"twitter_use_og":false,"twitter_card":"default","twitter_image_type":"default","twitter_image_url":null,"twitter_image_custom_url":null,"twitter_image_custom_fields":null,"twitter_title":null,"twitter_description":null,"schema":{"blockGraphs":[],"customGraphs":[],"default":{"data":{"Article":[],"Course":[],"Dataset":[],"FAQPage":[],"Movie":[],"Person":[],"Product":[],"ProductReview":[],"Car":[],"Recipe":[],"Service":[],"SoftwareApplication":[],"WebPage":[]},"graphName":"Article","isEnabled":true},"graphs":[]},"schema_type":"default","schema_type_options":null,"pillar_content":false,"robots_default":true,"robots_noindex":false,"robots_noarchive":false,"robots_nosnippet":false,"robots_nofollow":false,"robots_noimageindex":false,"robots_noodp":false,"robots_notranslate":false,"robots_max_snippet":"-1","robots_max_videopreview":"-1","robots_max_imagepreview":"large","priority":null,"frequency":"default","local_seo":null,"seo_analyzer_scan_date":"2025-10-08 22:04:47","breadcrumb_settings":null,"limit_modified_date":false,"reviewed_by":null,"open_ai":"{\"title\":{\"suggestions\":[],\"usage\":0},\"description\":{\"suggestions\":[],\"usage\":0}}","ai":null,"created":"2024-06-12 16:31:17","updated":"2026-02-04 12:00:22"},"aioseo_breadcrumb":"<div class=\"aioseo-breadcrumbs\"><span class=\"aioseo-breadcrumb\">\n\t<a href=\"https:\/\/soymigrante.com\/revista\" title=\"Home\">Home<\/a>\n<\/span><span class=\"aioseo-breadcrumb-separator\">\u00bb<\/span><span class=\"aioseo-breadcrumb\">\n\t<a href=\"https:\/\/soymigrante.com\/revista\/category\/bienestar\/\" title=\"Bienestar\">Bienestar<\/a>\n<\/span><span class=\"aioseo-breadcrumb-separator\">\u00bb<\/span><span class=\"aioseo-breadcrumb\">\n\t\u00a1Feliz d\u00eda del Padre!: Migrantes recuerdan sabios consejos  de pap\u00e1\n<\/span><\/div>","aioseo_breadcrumb_json":[{"label":"Home","link":"https:\/\/soymigrante.com\/revista"},{"label":"Bienestar","link":"https:\/\/soymigrante.com\/revista\/category\/bienestar\/"},{"label":"\u00a1Feliz d\u00eda del Padre!: Migrantes recuerdan sabios consejos  de pap\u00e1","link":"https:\/\/soymigrante.com\/revista\/feliz-dia-del-padre-migrantes-recuerdan-sabios-consejos-de-papa\/"}],"_links":{"self":[{"href":"https:\/\/soymigrante.com\/revista\/wp-json\/wp\/v2\/posts\/6947","targetHints":{"allow":["GET"]}}],"collection":[{"href":"https:\/\/soymigrante.com\/revista\/wp-json\/wp\/v2\/posts"}],"about":[{"href":"https:\/\/soymigrante.com\/revista\/wp-json\/wp\/v2\/types\/post"}],"author":[{"embeddable":true,"href":"https:\/\/soymigrante.com\/revista\/wp-json\/wp\/v2\/users\/7"}],"replies":[{"embeddable":true,"href":"https:\/\/soymigrante.com\/revista\/wp-json\/wp\/v2\/comments?post=6947"}],"version-history":[{"count":0,"href":"https:\/\/soymigrante.com\/revista\/wp-json\/wp\/v2\/posts\/6947\/revisions"}],"wp:featuredmedia":[{"embeddable":true,"href":"https:\/\/soymigrante.com\/revista\/wp-json\/wp\/v2\/media\/6952"}],"wp:attachment":[{"href":"https:\/\/soymigrante.com\/revista\/wp-json\/wp\/v2\/media?parent=6947"}],"wp:term":[{"taxonomy":"category","embeddable":true,"href":"https:\/\/soymigrante.com\/revista\/wp-json\/wp\/v2\/categories?post=6947"},{"taxonomy":"post_tag","embeddable":true,"href":"https:\/\/soymigrante.com\/revista\/wp-json\/wp\/v2\/tags?post=6947"}],"curies":[{"name":"wp","href":"https:\/\/api.w.org\/{rel}","templated":true}]}}