{"id":6903,"date":"2024-06-10T16:41:42","date_gmt":"2024-06-10T22:41:42","guid":{"rendered":"https:\/\/soymigrante.com\/revista\/?p=6903"},"modified":"2024-07-27T01:45:06","modified_gmt":"2024-07-27T07:45:06","slug":"textiles-mayas-a-favor-de-la-educacion-asi-vuela-quetzal-project","status":"publish","type":"post","link":"https:\/\/soymigrante.com\/revista\/textiles-mayas-a-favor-de-la-educacion-asi-vuela-quetzal-project\/","title":{"rendered":"Textiles mayas por la educaci\u00f3n:  Project Quetzal vuela en Solol\u00e1"},"content":{"rendered":"\t\t<div data-elementor-type=\"wp-post\" data-elementor-id=\"6903\" class=\"elementor elementor-6903\" data-elementor-post-type=\"post\">\n\t\t\t\t\t\t<section data-particle_enable=\"false\" data-particle-mobile-disabled=\"false\" class=\"elementor-section elementor-top-section elementor-element elementor-element-53f3115 elementor-section-boxed elementor-section-height-default elementor-section-height-default\" data-id=\"53f3115\" data-element_type=\"section\" data-e-type=\"section\">\n\t\t\t\t\t\t<div class=\"elementor-container elementor-column-gap-default\">\n\t\t\t\t\t<div class=\"elementor-column elementor-col-100 elementor-top-column elementor-element elementor-element-d34ed5c\" data-id=\"d34ed5c\" data-element_type=\"column\" data-e-type=\"column\">\n\t\t\t<div class=\"elementor-widget-wrap elementor-element-populated\">\n\t\t\t\t\t\t<div class=\"elementor-element elementor-element-40db77a elementor-widget elementor-widget-heading\" data-id=\"40db77a\" data-element_type=\"widget\" data-e-type=\"widget\" data-widget_type=\"heading.default\">\n\t\t\t\t\t<h2 class=\"elementor-heading-title elementor-size-default\"><p>Proyecto Quetzal naci\u00f3 de la idea de dos voluntarios de EE.UU. para ayudar a la ni\u00f1ez del \u00e1rea del Lago de Atitl\u00e1n para darles  acceso a educaci\u00f3n preprimaria, a trav\u00e9s de contratar maestros y brindarles nutrici\u00f3n. Esperan que migrantes guatemaltecos se interesen en apoyar.<\/p><\/h2>\t\t\t\t<\/div>\n\t\t\t\t\t<\/div>\n\t\t<\/div>\n\t\t\t\t\t<\/div>\n\t\t<\/section>\n\t\t\t\t<section data-particle_enable=\"false\" data-particle-mobile-disabled=\"false\" class=\"elementor-section elementor-top-section elementor-element elementor-element-d3e7eda elementor-section-boxed elementor-section-height-default elementor-section-height-default\" data-id=\"d3e7eda\" data-element_type=\"section\" data-e-type=\"section\">\n\t\t\t\t\t\t<div class=\"elementor-container elementor-column-gap-default\">\n\t\t\t\t\t<div class=\"elementor-column elementor-col-100 elementor-top-column elementor-element elementor-element-3659b54\" data-id=\"3659b54\" data-element_type=\"column\" data-e-type=\"column\">\n\t\t\t<div class=\"elementor-widget-wrap elementor-element-populated\">\n\t\t\t\t\t\t<div class=\"elementor-element elementor-element-7925e55 elementor-widget elementor-widget-text-editor\" data-id=\"7925e55\" data-element_type=\"widget\" data-e-type=\"widget\" data-widget_type=\"text-editor.default\">\n\t\t\t\t\t\t\t\t\t<p class=\"MsoNormal\">Este 15 de junio, en Santa Rosa, California habr\u00e1 una venta de textiles y artesan\u00edas ind\u00edgenas guatemaltecas. Pero no solo es para adquirir hermosas piezas, sino para beneficiar un proyecto educativo llamado Project Quetzal.\u00a0<\/p><p class=\"MsoNormal\">Esa historia comenz\u00f3 por Janice y Bill quienes pasaron muchos a\u00f1os en Am\u00e9rica Latina, principalmente en Guatemala, M\u00e9xico y Ecuador. Su vida cambi\u00f3 al conocer la pobreza en Guatemala, pero sus ganas de salir adelante y ayudar a los otros le dieron vida al proyecto Quetzal, que en 2018 conoci\u00f3 la luz.<\/p><p class=\"MsoNormal\">Durante los \u00faltimos a\u00f1os su enfoque ha sido Guatemala, conocer a su maravillosa gente pero tambi\u00e9n al ver de primera mano la pobreza. Han aprendido, y siguen aprendiendo, que no existe una soluci\u00f3n sencilla para combatir la pobreza, pero que cada ni\u00f1o que asiste a la escuela y cada madre que aprende sobre la importancia de la educaci\u00f3n y la nutrici\u00f3n es un paso de gigante hacia un futuro mejor.<\/p><p class=\"MsoNormal\">Janice y Bill visitan Guatemala 3 veces al a\u00f1o, con sus propios recursos, pues los donativos se emplean solo para financiar a los maestros.Dedican su tiempo a comprobar los proyectos existentes, as\u00ed como a investigar nuevas posibilidades de proyectos que ayuden con pobreza y salir de la desnutrici\u00f3n.<\/p>\t\t\t\t\t\t\t\t<\/div>\n\t\t\t\t\t<\/div>\n\t\t<\/div>\n\t\t\t\t\t<\/div>\n\t\t<\/section>\n\t\t\t\t<section data-particle_enable=\"false\" data-particle-mobile-disabled=\"false\" class=\"elementor-section elementor-top-section elementor-element elementor-element-7f97f5a elementor-section-boxed elementor-section-height-default elementor-section-height-default\" data-id=\"7f97f5a\" data-element_type=\"section\" data-e-type=\"section\">\n\t\t\t\t\t\t<div class=\"elementor-container elementor-column-gap-default\">\n\t\t\t\t\t<div class=\"elementor-column elementor-col-100 elementor-top-column elementor-element elementor-element-edeb025\" data-id=\"edeb025\" data-element_type=\"column\" data-e-type=\"column\">\n\t\t\t<div class=\"elementor-widget-wrap elementor-element-populated\">\n\t\t\t\t\t\t<div class=\"elementor-element elementor-element-effff67 elementor-widget elementor-widget-facebook-page\" data-id=\"effff67\" data-element_type=\"widget\" data-e-type=\"widget\" data-widget_type=\"facebook-page.default\">\n\t\t\t\t\t<div class=\"elementor-facebook-widget fb-page\" data-href=\"https:\/\/www.facebook.com\/projectquetzal\" data-tabs=\"timeline\" data-height=\"365px\" data-width=\"500px\" data-small-header=\"false\" data-hide-cover=\"false\" data-show-facepile=\"true\" data-hide-cta=\"false\" style=\"min-height: 1px;height:365px\"><\/div>\t\t\t\t<\/div>\n\t\t\t\t\t<\/div>\n\t\t<\/div>\n\t\t\t\t\t<\/div>\n\t\t<\/section>\n\t\t\t\t<section data-particle_enable=\"false\" data-particle-mobile-disabled=\"false\" class=\"elementor-section elementor-top-section elementor-element elementor-element-ce77251 elementor-section-boxed elementor-section-height-default elementor-section-height-default\" data-id=\"ce77251\" data-element_type=\"section\" data-e-type=\"section\">\n\t\t\t\t\t\t<div class=\"elementor-container elementor-column-gap-default\">\n\t\t\t\t\t<div class=\"elementor-column elementor-col-100 elementor-top-column elementor-element elementor-element-603a54d\" data-id=\"603a54d\" data-element_type=\"column\" data-e-type=\"column\">\n\t\t\t<div class=\"elementor-widget-wrap elementor-element-populated\">\n\t\t\t\t\t\t<div class=\"elementor-element elementor-element-6acc553 elementor-widget elementor-widget-heading\" data-id=\"6acc553\" data-element_type=\"widget\" data-e-type=\"widget\" data-widget_type=\"heading.default\">\n\t\t\t\t\t<h3 class=\"elementor-heading-title elementor-size-default\">Educaci\u00f3n para el desarrollo <\/h3>\t\t\t\t<\/div>\n\t\t\t\t\t<\/div>\n\t\t<\/div>\n\t\t\t\t\t<\/div>\n\t\t<\/section>\n\t\t\t\t<section data-particle_enable=\"false\" data-particle-mobile-disabled=\"false\" class=\"elementor-section elementor-top-section elementor-element elementor-element-6a39c3c elementor-section-boxed elementor-section-height-default elementor-section-height-default\" data-id=\"6a39c3c\" data-element_type=\"section\" data-e-type=\"section\">\n\t\t\t\t\t\t<div class=\"elementor-container elementor-column-gap-default\">\n\t\t\t\t\t<div class=\"elementor-column elementor-col-100 elementor-top-column elementor-element elementor-element-080cea3\" data-id=\"080cea3\" data-element_type=\"column\" data-e-type=\"column\">\n\t\t\t<div class=\"elementor-widget-wrap elementor-element-populated\">\n\t\t\t\t\t\t<div class=\"elementor-element elementor-element-a76e26e elementor-widget elementor-widget-text-editor\" data-id=\"a76e26e\" data-element_type=\"widget\" data-e-type=\"widget\" data-widget_type=\"text-editor.default\">\n\t\t\t\t\t\t\t\t\t<p class=\"MsoNormal\"><span style=\"color: var( --e-global-color-text );\">Los programas del Proyecto Quetzal est\u00e1n ubicados el \u00e1rea del<a href=\"https:\/\/soymigrante.com\/revista\/atitlan\/\"> Lago de Atitl\u00e1n<\/a> y b\u00e1sicamente consisten a aportar el pago de maestros que ayuden a los ni\u00f1os en su aprendizaje y proveerles un aporte nutritivo para mejorar su crecimiento.<\/span><\/p><p class=\"MsoNormal\">El objetivo de Janice y Bill es encontrar soluciones para mejorar la vida de las familias ind\u00edgenas a trav\u00e9s de la educaci\u00f3n y la nutrici\u00f3n. \u201cNos enfocamos en ser socios y escuchar lo que las familias de las comunidades necesitan, manteniendo el mayor respeto por la cultura maya. Creemos que este enfoque es el que mejor sirve a la comunidad ind\u00edgena y la mejor manera de utilizar el dinero que recibimos de nuestros donantes\u201d, tiene escrita la p\u00e1gina web del proyecto.<\/p><p>\u00a0<\/p><p class=\"MsoNormal\">El Proyecto Quetzal brinda a los padres la esperanza de que sus hijos puedan estar sanos y puedan ir a la escuela; y que pueden ayudar a mejorar sus vidas y las de sus hijos.<\/p>\t\t\t\t\t\t\t\t<\/div>\n\t\t\t\t\t<\/div>\n\t\t<\/div>\n\t\t\t\t\t<\/div>\n\t\t<\/section>\n\t\t\t\t<section data-particle_enable=\"false\" data-particle-mobile-disabled=\"false\" class=\"elementor-section elementor-top-section elementor-element elementor-element-bb0d481 elementor-section-boxed elementor-section-height-default elementor-section-height-default\" data-id=\"bb0d481\" data-element_type=\"section\" data-e-type=\"section\">\n\t\t\t\t\t\t<div class=\"elementor-container elementor-column-gap-default\">\n\t\t\t\t\t<div class=\"elementor-column elementor-col-100 elementor-top-column elementor-element elementor-element-18232d9\" data-id=\"18232d9\" data-element_type=\"column\" data-e-type=\"column\">\n\t\t\t<div class=\"elementor-widget-wrap elementor-element-populated\">\n\t\t\t\t\t\t<div class=\"elementor-element elementor-element-0940462 elementor-widget elementor-widget-image\" data-id=\"0940462\" data-element_type=\"widget\" data-e-type=\"widget\" data-widget_type=\"image.default\">\n\t\t\t\t\t\t\t\t\t\t\t\t\t\t\t<img fetchpriority=\"high\" decoding=\"async\" width=\"732\" height=\"676\" src=\"https:\/\/soymigrante.com\/revista\/wp-content\/uploads\/2024\/06\/Captura-de-pantalla-2024-06-11-143426.webp\" class=\"attachment-large size-large wp-image-6944\" alt=\"Arboles de colores y tejidos tradicionales de Am\u00e9rica Latina, cartel de venta de artesan\u00edas y recaudaci\u00f3n para proyectos educativos en Guatemala, evento cultural y solidario, artesan\u00edas y recaudaci\u00f3n de fondos.\" srcset=\"https:\/\/soymigrante.com\/revista\/wp-content\/uploads\/2024\/06\/Captura-de-pantalla-2024-06-11-143426.webp 732w, https:\/\/soymigrante.com\/revista\/wp-content\/uploads\/2024\/06\/Captura-de-pantalla-2024-06-11-143426-300x277.webp 300w\" sizes=\"(max-width: 732px) 100vw, 732px\" title=\"En Santa Rosa, California, ser\u00e1 el evento de venta de artesan\u00edas a beneficio de Project Quetzal. \u2013 SoyMigrante.com REVISTA\" \/>\t\t\t\t\t\t\t\t\t\t\t\t\t\t\t<\/div>\n\t\t\t\t\t<\/div>\n\t\t<\/div>\n\t\t\t\t\t<\/div>\n\t\t<\/section>\n\t\t\t\t<section data-particle_enable=\"false\" data-particle-mobile-disabled=\"false\" class=\"elementor-section elementor-top-section elementor-element elementor-element-f99ed86 elementor-section-boxed elementor-section-height-default elementor-section-height-default\" data-id=\"f99ed86\" data-element_type=\"section\" data-e-type=\"section\">\n\t\t\t\t\t\t<div class=\"elementor-container elementor-column-gap-default\">\n\t\t\t\t\t<div class=\"elementor-column elementor-col-100 elementor-top-column elementor-element elementor-element-c72080d\" data-id=\"c72080d\" data-element_type=\"column\" data-e-type=\"column\">\n\t\t\t<div class=\"elementor-widget-wrap elementor-element-populated\">\n\t\t\t\t\t\t<div class=\"elementor-element elementor-element-bf36c90 elementor-widget elementor-widget-google_maps\" data-id=\"bf36c90\" data-element_type=\"widget\" data-e-type=\"widget\" data-widget_type=\"google_maps.default\">\n\t\t\t\t\t\t\t<div class=\"elementor-custom-embed\">\n\t\t\t<iframe loading=\"lazy\"\n\t\t\t\t\tsrc=\"https:\/\/maps.google.com\/maps?q=1016%20Humboldt%20Street%20Santa%20Rosa%20California&#038;t=m&#038;z=10&#038;output=embed&#038;iwloc=near\"\n\t\t\t\t\ttitle=\"1016 Humboldt Street Santa Rosa California\"\n\t\t\t\t\taria-label=\"1016 Humboldt Street Santa Rosa California\"\n\t\t\t><\/iframe>\n\t\t<\/div>\n\t\t\t\t\t\t<\/div>\n\t\t\t\t\t<\/div>\n\t\t<\/div>\n\t\t\t\t\t<\/div>\n\t\t<\/section>\n\t\t\t\t<section data-particle_enable=\"false\" data-particle-mobile-disabled=\"false\" class=\"elementor-section elementor-top-section elementor-element elementor-element-6f3af74 elementor-section-boxed elementor-section-height-default elementor-section-height-default\" data-id=\"6f3af74\" data-element_type=\"section\" data-e-type=\"section\">\n\t\t\t\t\t\t<div class=\"elementor-container elementor-column-gap-default\">\n\t\t\t\t\t<div class=\"elementor-column elementor-col-100 elementor-top-column elementor-element elementor-element-8936d40\" data-id=\"8936d40\" data-element_type=\"column\" data-e-type=\"column\">\n\t\t\t<div class=\"elementor-widget-wrap elementor-element-populated\">\n\t\t\t\t\t\t<div class=\"elementor-element elementor-element-abc72f1 elementor-widget elementor-widget-heading\" data-id=\"abc72f1\" data-element_type=\"widget\" data-e-type=\"widget\" data-widget_type=\"heading.default\">\n\t\t\t\t\t<h3 class=\"elementor-heading-title elementor-size-default\">Programas con visi\u00f3n de futuro<\/h3>\t\t\t\t<\/div>\n\t\t\t\t\t<\/div>\n\t\t<\/div>\n\t\t\t\t\t<\/div>\n\t\t<\/section>\n\t\t\t\t<section data-particle_enable=\"false\" data-particle-mobile-disabled=\"false\" class=\"elementor-section elementor-top-section elementor-element elementor-element-86f7390 elementor-section-boxed elementor-section-height-default elementor-section-height-default\" data-id=\"86f7390\" data-element_type=\"section\" data-e-type=\"section\">\n\t\t\t\t\t\t<div class=\"elementor-container elementor-column-gap-default\">\n\t\t\t\t\t<div class=\"elementor-column elementor-col-100 elementor-top-column elementor-element elementor-element-154af27\" data-id=\"154af27\" data-element_type=\"column\" data-e-type=\"column\">\n\t\t\t<div class=\"elementor-widget-wrap elementor-element-populated\">\n\t\t\t\t\t\t<div class=\"elementor-element elementor-element-b85b7b4 elementor-widget elementor-widget-text-editor\" data-id=\"b85b7b4\" data-element_type=\"widget\" data-e-type=\"widget\" data-widget_type=\"text-editor.default\">\n\t\t\t\t\t\t\t\t\t<p class=\"MsoNormal\">El Proyecto Quetzal apoya los centros preescolares (y programas de tutor\u00eda extraescolar) en comunidades rurales ind\u00edgenas mayas.<\/p>\n<p class=\"MsoNormal\">Se contrata a los profesores y se equipan sus aulas con los materiales necesarios. Los maestros son de las comunidades donde ense\u00f1ar\u00e1n y son biling\u00fces (espa\u00f1ol y lengua maya local). Reciben una formaci\u00f3n de una semana de duraci\u00f3n tres veces al a\u00f1o en un plan de estudios basado en investigaciones y actividades.<\/p>\n<p>\u00a0<\/p>\n<p class=\"MsoNormal\">Todos los estudiantes reciben una bebida nutricional diaria que contiene vitaminas y minerales, y se anima a los padres a traer un refrigerio nutricional. Los ni\u00f1os est\u00e1n emocionados de estar en la escuela y aumentar sus oportunidades de \u00e9xito en primer grado. Un coordinador visita las escuelas cada mes para actuar como mentor de los maestros y reunirse con las madres para discutir temas importantes como la nutrici\u00f3n y la importancia de la educaci\u00f3n.<\/p>\t\t\t\t\t\t\t\t<\/div>\n\t\t\t\t<div class=\"elementor-element elementor-element-aa1277f elementor-widget elementor-widget-image\" data-id=\"aa1277f\" data-element_type=\"widget\" data-e-type=\"widget\" data-widget_type=\"image.default\">\n\t\t\t\t\t\t\t\t\t\t\t\t<figure class=\"wp-caption\">\n\t\t\t\t\t\t\t\t\t\t\t<a href=\"https:\/\/project-quetzal.org\/\">\n\t\t\t\t\t\t\t<img decoding=\"async\" width=\"768\" height=\"609\" src=\"https:\/\/soymigrante.com\/revista\/wp-content\/uploads\/2024\/06\/WhatsApp-Image-2024-06-10-at-85849-AM-1024x812.jpeg\" class=\"attachment-large size-large wp-image-6904\" alt=\"Bill y Jacine, los fundadores de Quetzal Project, compran textiles en las comunidades para luego venderlos en EE.UU. a fin de generar oportunidades y a la vez financiar el pago de los maestros.\" srcset=\"https:\/\/soymigrante.com\/revista\/wp-content\/uploads\/2024\/06\/WhatsApp-Image-2024-06-10-at-85849-AM-1024x812.jpeg 1024w, https:\/\/soymigrante.com\/revista\/wp-content\/uploads\/2024\/06\/WhatsApp-Image-2024-06-10-at-85849-AM-300x238.jpeg 300w, https:\/\/soymigrante.com\/revista\/wp-content\/uploads\/2024\/06\/WhatsApp-Image-2024-06-10-at-85849-AM-768x609.jpeg 768w, https:\/\/soymigrante.com\/revista\/wp-content\/uploads\/2024\/06\/WhatsApp-Image-2024-06-10-at-85849-AM-750x595.jpeg 750w, https:\/\/soymigrante.com\/revista\/wp-content\/uploads\/2024\/06\/WhatsApp-Image-2024-06-10-at-85849-AM-1140x904.jpeg 1140w, https:\/\/soymigrante.com\/revista\/wp-content\/uploads\/2024\/06\/WhatsApp-Image-2024-06-10-at-85849-AM.jpeg 1280w\" sizes=\"(max-width: 768px) 100vw, 768px\" title=\"Bill y Jacine, los fundadores de Quetzal Project, compran textiles en las comunidades para luego venderlos en EE.UU. a fin de generar oportunidades y a la vez financiar el pago de los maestros. \u2013 SoyMigrante.com REVISTA\" \/>\t\t\t\t\t\t\t\t<\/a>\n\t\t\t\t\t\t\t\t\t\t\t<figcaption class=\"widget-image-caption wp-caption-text\">Bill y Jacine, los fundadores de Quetzal Project, compran textiles en las comunidades para luego venderlos en EE.UU. a fin de generar oportunidades y a la vez financiar el pago de los maestros.<\/figcaption>\n\t\t\t\t\t\t\t\t\t\t<\/figure>\n\t\t\t\t\t\t\t\t\t<\/div>\n\t\t\t\t\t<\/div>\n\t\t<\/div>\n\t\t\t\t\t<\/div>\n\t\t<\/section>\n\t\t\t\t<section data-particle_enable=\"false\" data-particle-mobile-disabled=\"false\" class=\"elementor-section elementor-top-section elementor-element elementor-element-93e1da4 elementor-section-boxed elementor-section-height-default elementor-section-height-default\" data-id=\"93e1da4\" data-element_type=\"section\" data-e-type=\"section\">\n\t\t\t\t\t\t<div class=\"elementor-container elementor-column-gap-default\">\n\t\t\t\t\t<div class=\"elementor-column elementor-col-100 elementor-top-column elementor-element elementor-element-207b8c1\" data-id=\"207b8c1\" data-element_type=\"column\" data-e-type=\"column\">\n\t\t\t<div class=\"elementor-widget-wrap elementor-element-populated\">\n\t\t\t\t\t\t<div class=\"elementor-element elementor-element-5fada22 elementor-widget elementor-widget-heading\" data-id=\"5fada22\" data-element_type=\"widget\" data-e-type=\"widget\" data-widget_type=\"heading.default\">\n\t\t\t\t\t<h3 class=\"elementor-heading-title elementor-size-default\">Aprenden espa\u00f1ol<\/h3>\t\t\t\t<\/div>\n\t\t\t\t\t<\/div>\n\t\t<\/div>\n\t\t\t\t\t<\/div>\n\t\t<\/section>\n\t\t\t\t<section data-particle_enable=\"false\" data-particle-mobile-disabled=\"false\" class=\"elementor-section elementor-top-section elementor-element elementor-element-2f28c03 elementor-section-boxed elementor-section-height-default elementor-section-height-default\" data-id=\"2f28c03\" data-element_type=\"section\" data-e-type=\"section\">\n\t\t\t\t\t\t<div class=\"elementor-container elementor-column-gap-default\">\n\t\t\t\t\t<div class=\"elementor-column elementor-col-100 elementor-top-column elementor-element elementor-element-40d1646\" data-id=\"40d1646\" data-element_type=\"column\" data-e-type=\"column\">\n\t\t\t<div class=\"elementor-widget-wrap elementor-element-populated\">\n\t\t\t\t\t\t<div class=\"elementor-element elementor-element-e4664ba elementor-widget elementor-widget-text-editor\" data-id=\"e4664ba\" data-element_type=\"widget\" data-e-type=\"widget\" data-widget_type=\"text-editor.default\">\n\t\t\t\t\t\t\t\t\t<p class=\"MsoNormal\">Muchos ni\u00f1os ind\u00edgenas hablan una lengua maya en casa y entran al primer grado cuando tienen 7 a\u00f1os. Ya est\u00e1n en desventaja porque no dominan el espa\u00f1ol. Al asistir a los preescolares del Proyecto Quetzal, aprenden lo acad\u00e9mico y tambi\u00e9n el espa\u00f1ol. Debido a esto, ingresan al primer grado bien preparado para el \u00e9xito. Si terminan el primer grado, es m\u00e1s probable que permanezcan en la escuela.<\/p>\n<p class=\"MsoNormal\">\n<\/p><p class=\"MsoNormal\">Tambi\u00e9n tenemos un grupo de tejedoras con 7 mujeres, es un proyecto peque\u00f1o y el foco sigue siendo la educaci\u00f3n y la nutrici\u00f3n. Todas las mujeres son tejedoras expertas y reciben \u00f3rdenes de vender sus tejidos a la gente de su aldea y de las aldeas circundantes. Ahorran parte del dinero para comprar materiales de tejido y el resto se destina a pagar libros y materiales que sus hijos necesitan para ir a la escuela, comprar alimentos saludables y ayudar a mantener a su familia. Y, por supuesto, promueve el antiguo arte del incre\u00edble tejido maya.<\/p>\n<p class=\"MsoNormal\">\n<\/p><p class=\"MsoNormal\"><br><\/p>\t\t\t\t\t\t\t\t<\/div>\n\t\t\t\t\t<\/div>\n\t\t<\/div>\n\t\t\t\t\t<\/div>\n\t\t<\/section>\n\t\t\t\t<section data-particle_enable=\"false\" data-particle-mobile-disabled=\"false\" class=\"elementor-section elementor-top-section elementor-element elementor-element-051807e elementor-section-boxed elementor-section-height-default elementor-section-height-default\" data-id=\"051807e\" data-element_type=\"section\" data-e-type=\"section\">\n\t\t\t\t\t\t<div class=\"elementor-container elementor-column-gap-default\">\n\t\t\t\t\t<div class=\"elementor-column elementor-col-100 elementor-top-column elementor-element elementor-element-30d24fa\" data-id=\"30d24fa\" data-element_type=\"column\" data-e-type=\"column\">\n\t\t\t<div class=\"elementor-widget-wrap elementor-element-populated\">\n\t\t\t\t\t\t<div class=\"elementor-element elementor-element-3ecd329 elementor-widget elementor-widget-image\" data-id=\"3ecd329\" data-element_type=\"widget\" data-e-type=\"widget\" data-widget_type=\"image.default\">\n\t\t\t\t\t\t\t\t\t\t\t\t<figure class=\"wp-caption\">\n\t\t\t\t\t\t\t\t\t\t\t<a href=\"https:\/\/project-quetzal.org\/\">\n\t\t\t\t\t\t\t<img decoding=\"async\" width=\"768\" height=\"602\" src=\"https:\/\/soymigrante.com\/revista\/wp-content\/uploads\/2024\/06\/WhatsApp-Image-2024-06-10-at-91656-AM-1024x803.webp\" class=\"attachment-large size-large wp-image-6907\" alt=\"Ni\u00f1a ense\u00f1ando cuento a ni\u00f1os en aula multicultural de educaci\u00f3n infantil en M\u00e9xico.\" srcset=\"https:\/\/soymigrante.com\/revista\/wp-content\/uploads\/2024\/06\/WhatsApp-Image-2024-06-10-at-91656-AM-1024x803.webp 1024w, https:\/\/soymigrante.com\/revista\/wp-content\/uploads\/2024\/06\/WhatsApp-Image-2024-06-10-at-91656-AM-300x235.webp 300w, https:\/\/soymigrante.com\/revista\/wp-content\/uploads\/2024\/06\/WhatsApp-Image-2024-06-10-at-91656-AM-768x603.webp 768w, https:\/\/soymigrante.com\/revista\/wp-content\/uploads\/2024\/06\/WhatsApp-Image-2024-06-10-at-91656-AM-750x588.webp 750w, https:\/\/soymigrante.com\/revista\/wp-content\/uploads\/2024\/06\/WhatsApp-Image-2024-06-10-at-91656-AM.webp 1068w\" sizes=\"(max-width: 768px) 100vw, 768px\" title=\"Proyecto Quetzal paga los salarios de dos maestras para  primeras letras de ni\u00f1os de la comunidad. Los fundadores buscan aportes en EE.UU. por lo cual agradecer\u00edan que migrantes guatemaltecos del \u00e1rea de Solol\u00e1 quisieran solidarizarse con su comunidad. \u2013 SoyMigrante.com REVISTA\" \/>\t\t\t\t\t\t\t\t<\/a>\n\t\t\t\t\t\t\t\t\t\t\t<figcaption class=\"widget-image-caption wp-caption-text\">Ni\u00f1a instructora en clase de educaci\u00f3n temprana con ni\u00f1os peque\u00f1os en aula colorida, ense\u00f1anza de lectura y valores en comunidad migrante.<\/figcaption>\n\t\t\t\t\t\t\t\t\t\t<\/figure>\n\t\t\t\t\t\t\t\t\t<\/div>\n\t\t\t\t\t<\/div>\n\t\t<\/div>\n\t\t\t\t\t<\/div>\n\t\t<\/section>\n\t\t\t\t<section data-particle_enable=\"false\" data-particle-mobile-disabled=\"false\" class=\"elementor-section elementor-top-section elementor-element elementor-element-6e24a99 elementor-section-boxed elementor-section-height-default elementor-section-height-default\" data-id=\"6e24a99\" data-element_type=\"section\" data-e-type=\"section\">\n\t\t\t\t\t\t<div class=\"elementor-container elementor-column-gap-default\">\n\t\t\t\t\t<div class=\"elementor-column elementor-col-100 elementor-top-column elementor-element elementor-element-e0db74a\" data-id=\"e0db74a\" data-element_type=\"column\" data-e-type=\"column\">\n\t\t\t<div class=\"elementor-widget-wrap elementor-element-populated\">\n\t\t\t\t\t\t<div class=\"elementor-element elementor-element-e4cb242 elementor-widget elementor-widget-heading\" data-id=\"e4cb242\" data-element_type=\"widget\" data-e-type=\"widget\" data-widget_type=\"heading.default\">\n\t\t\t\t\t<h3 class=\"elementor-heading-title elementor-size-default\">Una de muchas historias para motivar la colaborac\u00edon y la compra de artesan\u00edas<\/h3>\t\t\t\t<\/div>\n\t\t\t\t\t<\/div>\n\t\t<\/div>\n\t\t\t\t\t<\/div>\n\t\t<\/section>\n\t\t\t\t<section data-particle_enable=\"false\" data-particle-mobile-disabled=\"false\" class=\"elementor-section elementor-top-section elementor-element elementor-element-dea78c4 elementor-section-boxed elementor-section-height-default elementor-section-height-default\" data-id=\"dea78c4\" data-element_type=\"section\" data-e-type=\"section\">\n\t\t\t\t\t\t<div class=\"elementor-container elementor-column-gap-default\">\n\t\t\t\t\t<div class=\"elementor-column elementor-col-100 elementor-top-column elementor-element elementor-element-b17bd7a\" data-id=\"b17bd7a\" data-element_type=\"column\" data-e-type=\"column\">\n\t\t\t<div class=\"elementor-widget-wrap elementor-element-populated\">\n\t\t\t\t\t\t<div class=\"elementor-element elementor-element-7b9a990 elementor-widget elementor-widget-text-editor\" data-id=\"7b9a990\" data-element_type=\"widget\" data-e-type=\"widget\" data-widget_type=\"text-editor.default\">\n\t\t\t\t\t\t\t\t\t<p class=\"MsoNormal\"><span style=\"color: var( --e-global-color-text );\">\u201cUna familia no envi\u00f3 a sus dos hijos mayores (Tom\u00e1s, 9 a\u00f1os, y Tomasa, 11) a la escuela por dos razones principales. Los necesitaban para vender nueces y recuerdos a los turistas en la calle para contribuir al ingreso familiar, y no ve\u00edan el valor de enviar a sus hijos a la escuela. Despu\u00e9s de un a\u00f1o de hablar con los padres sobre lo importante que era la escuela y organizar patrocinios que cubrir\u00edan los costos de uniformes escolares, libros y otros materiales educativos para los ni\u00f1os, ahora est\u00e1n en la escuela y les va bien. Pero el mayor \u00e9xito es c\u00f3mo los padres han cambiado su actitud sobre enviar a sus hijos a la escuela\u201d, mencionaron.<\/span><\/p>\n<p class=\"MsoNormal\">\n<\/p><p class=\"MsoNormal\">El s\u00e1bado 15 de junio se efectuar\u00e1, en Santa Rosa Californiauna venta de textiles ind\u00edgenas y artesan\u00edas guatemaltecas con la finalidad de recaudar fondos para financiar el proyecto. <b>Los fundadores esperar\u00edan poder contar con m\u00e1s aportes de migrantes guatemaltecos radicados en EE.UU. especialmente si son originarios de Solol\u00e1.<\/b><\/p>\n<p class=\"MsoNormal\"><a href=\"https:\/\/soymigrante.com\/revista\/atitlan\/\">Para conocer m\u00e1s del proyecto puede visitar el sitio web aca<\/a><\/p>\t\t\t\t\t\t\t\t<\/div>\n\t\t\t\t\t<\/div>\n\t\t<\/div>\n\t\t\t\t\t<\/div>\n\t\t<\/section>\n\t\t\t\t<section data-particle_enable=\"false\" data-particle-mobile-disabled=\"false\" class=\"elementor-section elementor-top-section elementor-element elementor-element-e0746b9 elementor-section-boxed elementor-section-height-default elementor-section-height-default\" data-id=\"e0746b9\" data-element_type=\"section\" data-e-type=\"section\">\n\t\t\t\t\t\t<div class=\"elementor-container elementor-column-gap-default\">\n\t\t\t\t\t<div class=\"elementor-column elementor-col-100 elementor-top-column elementor-element elementor-element-057ac20\" data-id=\"057ac20\" data-element_type=\"column\" data-e-type=\"column\">\n\t\t\t<div class=\"elementor-widget-wrap\">\n\t\t\t\t\t\t\t<\/div>\n\t\t<\/div>\n\t\t\t\t\t<\/div>\n\t\t<\/section>\n\t\t\t\t<section data-particle_enable=\"false\" data-particle-mobile-disabled=\"false\" class=\"elementor-section elementor-top-section elementor-element elementor-element-691c064 elementor-section-boxed elementor-section-height-default elementor-section-height-default\" data-id=\"691c064\" data-element_type=\"section\" data-e-type=\"section\">\n\t\t\t\t\t\t<div class=\"elementor-container elementor-column-gap-default\">\n\t\t\t\t\t<div class=\"elementor-column elementor-col-100 elementor-top-column elementor-element elementor-element-2c3df12\" data-id=\"2c3df12\" data-element_type=\"column\" data-e-type=\"column\">\n\t\t\t<div class=\"elementor-widget-wrap elementor-element-populated\">\n\t\t\t\t\t\t<div class=\"elementor-element elementor-element-afc66fd elementor-widget elementor-widget-video\" data-id=\"afc66fd\" data-element_type=\"widget\" data-e-type=\"widget\" data-settings=\"{&quot;youtube_url&quot;:&quot;https:\\\/\\\/www.youtube.com\\\/watch?v=efofla5WtNE&amp;t=3s&quot;,&quot;video_type&quot;:&quot;youtube&quot;,&quot;controls&quot;:&quot;yes&quot;}\" data-widget_type=\"video.default\">\n\t\t\t\t\t\t\t<div class=\"elementor-wrapper elementor-open-inline\">\n\t\t\t<div class=\"elementor-video\"><\/div>\t\t<\/div>\n\t\t\t\t\t\t<\/div>\n\t\t\t\t\t<\/div>\n\t\t<\/div>\n\t\t\t\t\t<\/div>\n\t\t<\/section>\n\t\t\t\t<section data-particle_enable=\"false\" data-particle-mobile-disabled=\"false\" class=\"elementor-section elementor-top-section elementor-element elementor-element-49f5463 elementor-section-boxed elementor-section-height-default elementor-section-height-default\" data-id=\"49f5463\" data-element_type=\"section\" data-e-type=\"section\">\n\t\t\t\t\t\t<div class=\"elementor-container elementor-column-gap-default\">\n\t\t\t\t\t<div class=\"elementor-column elementor-col-100 elementor-top-column elementor-element elementor-element-145ecba\" data-id=\"145ecba\" data-element_type=\"column\" data-e-type=\"column\">\n\t\t\t<div class=\"elementor-widget-wrap elementor-element-populated\">\n\t\t\t\t\t\t<div class=\"elementor-element elementor-element-bf5ddb7 elementor-widget elementor-widget-heading\" data-id=\"bf5ddb7\" data-element_type=\"widget\" data-e-type=\"widget\" data-widget_type=\"heading.default\">\n\t\t\t\t\t<h2 class=\"elementor-heading-title elementor-size-default\">Historias inspiradoras<\/h2>\t\t\t\t<\/div>\n\t\t\t\t\t<\/div>\n\t\t<\/div>\n\t\t\t\t\t<\/div>\n\t\t<\/section>\n\t\t\t\t<section data-particle_enable=\"false\" data-particle-mobile-disabled=\"false\" class=\"elementor-section elementor-top-section elementor-element elementor-element-efe0c88 elementor-section-boxed elementor-section-height-default elementor-section-height-default\" data-id=\"efe0c88\" data-element_type=\"section\" data-e-type=\"section\">\n\t\t\t\t\t\t<div class=\"elementor-container elementor-column-gap-default\">\n\t\t\t\t\t<div class=\"elementor-column elementor-col-100 elementor-top-column elementor-element elementor-element-5e222e2\" data-id=\"5e222e2\" data-element_type=\"column\" data-e-type=\"column\">\n\t\t\t<div class=\"elementor-widget-wrap elementor-element-populated\">\n\t\t\t\t\t\t<div class=\"elementor-element elementor-element-5668f6e elementor-grid-3 elementor-grid-tablet-2 elementor-grid-mobile-1 elementor-posts--thumbnail-top elementor-widget elementor-widget-posts\" data-id=\"5668f6e\" data-element_type=\"widget\" data-e-type=\"widget\" data-settings=\"{&quot;classic_columns&quot;:&quot;3&quot;,&quot;classic_columns_tablet&quot;:&quot;2&quot;,&quot;classic_columns_mobile&quot;:&quot;1&quot;,&quot;classic_row_gap&quot;:{&quot;unit&quot;:&quot;px&quot;,&quot;size&quot;:35,&quot;sizes&quot;:[]},&quot;classic_row_gap_tablet&quot;:{&quot;unit&quot;:&quot;px&quot;,&quot;size&quot;:&quot;&quot;,&quot;sizes&quot;:[]},&quot;classic_row_gap_mobile&quot;:{&quot;unit&quot;:&quot;px&quot;,&quot;size&quot;:&quot;&quot;,&quot;sizes&quot;:[]}}\" data-widget_type=\"posts.classic\">\n\t\t\t\t<div class=\"elementor-widget-container\">\n\t\t\t\t\t\t\t<div class=\"elementor-posts-container elementor-posts elementor-posts--skin-classic elementor-grid\" role=\"list\">\n\t\t\t\t<article class=\"elementor-post elementor-grid-item post-35120 post type-post status-publish format-standard has-post-thumbnail hentry category-estamos-unidos\" role=\"listitem\">\n\t\t\t\t<a class=\"elementor-post__thumbnail__link\" href=\"https:\/\/soymigrante.com\/revista\/piensas-renovar-tu-visa-de-turismo-o-negocios-para-estados-unidos-esto-debes-saber-antes\/\" tabindex=\"-1\" >\n\t\t\t<div class=\"elementor-post__thumbnail\"><img loading=\"lazy\" decoding=\"async\" width=\"300\" height=\"169\" src=\"https:\/\/soymigrante.com\/revista\/wp-content\/uploads\/2025\/05\/Visa-de-Estados-Unidos-300x169.jpg\" class=\"attachment-medium size-medium wp-image-35121\" alt=\"Pasaporte y visa americana sobre fondo de documentos de inmigraci\u00f3n, representando migrantes y procesos de naturalizaci\u00f3n en EE.UU.\" srcset=\"https:\/\/soymigrante.com\/revista\/wp-content\/uploads\/2025\/05\/Visa-de-Estados-Unidos-300x169.jpg 300w, https:\/\/soymigrante.com\/revista\/wp-content\/uploads\/2025\/05\/Visa-de-Estados-Unidos-1024x576.jpg 1024w, https:\/\/soymigrante.com\/revista\/wp-content\/uploads\/2025\/05\/Visa-de-Estados-Unidos-768x432.jpg 768w, https:\/\/soymigrante.com\/revista\/wp-content\/uploads\/2025\/05\/Visa-de-Estados-Unidos-750x422.webp 750w, https:\/\/soymigrante.com\/revista\/wp-content\/uploads\/2025\/05\/Visa-de-Estados-Unidos-1140x641.webp 1140w, https:\/\/soymigrante.com\/revista\/wp-content\/uploads\/2025\/05\/Visa-de-Estados-Unidos.webp 1170w\" sizes=\"(max-width: 300px) 100vw, 300px\" \/><\/div>\n\t\t<\/a>\n\t\t\t\t<div class=\"elementor-post__text\">\n\t\t\t\t<h3 class=\"elementor-post__title\">\n\t\t\t<a href=\"https:\/\/soymigrante.com\/revista\/piensas-renovar-tu-visa-de-turismo-o-negocios-para-estados-unidos-esto-debes-saber-antes\/\" >\n\t\t\t\t\u00bfPiensas renovar tu visa de turismo o negocios para Estados Unidos? Esto debes saber antes\t\t\t<\/a>\n\t\t<\/h3>\n\t\t\n\t\t<a class=\"elementor-post__read-more\" href=\"https:\/\/soymigrante.com\/revista\/piensas-renovar-tu-visa-de-turismo-o-negocios-para-estados-unidos-esto-debes-saber-antes\/\" aria-label=\"M\u00e1s informaci\u00f3n sobre \u00bfPiensas renovar tu visa de turismo o negocios para Estados Unidos? Esto debes saber antes\" tabindex=\"-1\" >\n\t\t\tRead More \u00bb\t\t<\/a>\n\n\t\t\t\t<\/div>\n\t\t\t\t<\/article>\n\t\t\t\t<article class=\"elementor-post elementor-grid-item post-5482 post type-post status-publish format-standard has-post-thumbnail hentry category-recursos-migratorios\" role=\"listitem\">\n\t\t\t\t<a class=\"elementor-post__thumbnail__link\" href=\"https:\/\/soymigrante.com\/revista\/consulado-de-guatemala-en-oklahoma-ubicacion-servicio\/\" tabindex=\"-1\" >\n\t\t\t<div class=\"elementor-post__thumbnail\"><img loading=\"lazy\" decoding=\"async\" width=\"300\" height=\"169\" src=\"https:\/\/soymigrante.com\/revista\/wp-content\/uploads\/2024\/03\/Oklahoma-consulado-gt-300x169.webp\" class=\"attachment-medium size-medium wp-image-5486\" alt=\"Oklahoma consulado gt\" srcset=\"https:\/\/soymigrante.com\/revista\/wp-content\/uploads\/2024\/03\/Oklahoma-consulado-gt-300x169.webp 300w, https:\/\/soymigrante.com\/revista\/wp-content\/uploads\/2024\/03\/Oklahoma-consulado-gt-768x432.webp 768w, https:\/\/soymigrante.com\/revista\/wp-content\/uploads\/2024\/03\/Oklahoma-consulado-gt-750x422.webp 750w, https:\/\/soymigrante.com\/revista\/wp-content\/uploads\/2024\/03\/Oklahoma-consulado-gt.webp 1024w\" sizes=\"(max-width: 300px) 100vw, 300px\" \/><\/div>\n\t\t<\/a>\n\t\t\t\t<div class=\"elementor-post__text\">\n\t\t\t\t<h3 class=\"elementor-post__title\">\n\t\t\t<a href=\"https:\/\/soymigrante.com\/revista\/consulado-de-guatemala-en-oklahoma-ubicacion-servicio\/\" >\n\t\t\t\tConsulado de Guatemala en Oklahoma:  ubicaci\u00f3n y horario\t\t\t<\/a>\n\t\t<\/h3>\n\t\t\n\t\t<a class=\"elementor-post__read-more\" href=\"https:\/\/soymigrante.com\/revista\/consulado-de-guatemala-en-oklahoma-ubicacion-servicio\/\" aria-label=\"M\u00e1s informaci\u00f3n sobre Consulado de Guatemala en Oklahoma:  ubicaci\u00f3n y horario\" tabindex=\"-1\" >\n\t\t\tRead More \u00bb\t\t<\/a>\n\n\t\t\t\t<\/div>\n\t\t\t\t<\/article>\n\t\t\t\t<article class=\"elementor-post elementor-grid-item post-15223 post type-post status-publish format-standard has-post-thumbnail hentry category-bienestar\" role=\"listitem\">\n\t\t\t\t<a class=\"elementor-post__thumbnail__link\" href=\"https:\/\/soymigrante.com\/revista\/como-empacar-regalos-con-material-reciclable-cinco-ideas-creativas\/\" tabindex=\"-1\" >\n\t\t\t<div class=\"elementor-post__thumbnail\"><img loading=\"lazy\" decoding=\"async\" width=\"300\" height=\"300\" src=\"https:\/\/soymigrante.com\/revista\/wp-content\/uploads\/2024\/12\/regalos-reciclables-300x300.jpg\" class=\"attachment-medium size-medium wp-image-15226\" alt=\"Envuelve regalos navide\u00f1os con papel kraft y cinta de yute, decorados con ramas de pino para una presentaci\u00f3n ecol\u00f3gica y tradicional. Perfecto para celebrar las fiestas con estilo sostenible.\" srcset=\"https:\/\/soymigrante.com\/revista\/wp-content\/uploads\/2024\/12\/regalos-reciclables-300x300.jpg 300w, https:\/\/soymigrante.com\/revista\/wp-content\/uploads\/2024\/12\/regalos-reciclables-1024x1024.jpg 1024w, https:\/\/soymigrante.com\/revista\/wp-content\/uploads\/2024\/12\/regalos-reciclables-150x150.jpg 150w, https:\/\/soymigrante.com\/revista\/wp-content\/uploads\/2024\/12\/regalos-reciclables-768x768.jpg 768w, https:\/\/soymigrante.com\/revista\/wp-content\/uploads\/2024\/12\/regalos-reciclables-1536x1536.jpg 1536w, https:\/\/soymigrante.com\/revista\/wp-content\/uploads\/2024\/12\/regalos-reciclables-2048x2048.jpg 2048w, https:\/\/soymigrante.com\/revista\/wp-content\/uploads\/2024\/12\/regalos-reciclables-75x75.webp 75w, https:\/\/soymigrante.com\/revista\/wp-content\/uploads\/2024\/12\/regalos-reciclables-750x750.webp 750w, https:\/\/soymigrante.com\/revista\/wp-content\/uploads\/2024\/12\/regalos-reciclables-1140x1140.webp 1140w, https:\/\/soymigrante.com\/revista\/wp-content\/uploads\/2024\/12\/regalos-reciclables-scaled.webp 1920w\" sizes=\"(max-width: 300px) 100vw, 300px\" \/><\/div>\n\t\t<\/a>\n\t\t\t\t<div class=\"elementor-post__text\">\n\t\t\t\t<h3 class=\"elementor-post__title\">\n\t\t\t<a href=\"https:\/\/soymigrante.com\/revista\/como-empacar-regalos-con-material-reciclable-cinco-ideas-creativas\/\" >\n\t\t\t\tC\u00f3mo empacar regalos con material reciclable: cinco ideas creativas\t\t\t<\/a>\n\t\t<\/h3>\n\t\t\n\t\t<a class=\"elementor-post__read-more\" href=\"https:\/\/soymigrante.com\/revista\/como-empacar-regalos-con-material-reciclable-cinco-ideas-creativas\/\" aria-label=\"M\u00e1s informaci\u00f3n sobre C\u00f3mo empacar regalos con material reciclable: cinco ideas creativas\" tabindex=\"-1\" >\n\t\t\tRead More \u00bb\t\t<\/a>\n\n\t\t\t\t<\/div>\n\t\t\t\t<\/article>\n\t\t\t\t<\/div>\n\t\t\n\t\t\t\t\t\t<\/div>\n\t\t\t\t<\/div>\n\t\t\t\t\t<\/div>\n\t\t<\/div>\n\t\t\t\t\t<\/div>\n\t\t<\/section>\n\t\t\t\t<\/div>\n\t\t","protected":false},"excerpt":{"rendered":"<p>Proyecto Quetzal naci\u00f3 de la idea de dos voluntarios de EE.UU. para ayudar a la ni\u00f1ez del \u00e1rea del Lago de Atitl\u00e1n para darles acceso<\/p>\n","protected":false},"author":19,"featured_media":6916,"comment_status":"open","ping_status":"open","sticky":false,"template":"","format":"standard","meta":{"_acf_changed":true,"_eb_attr":"","footnotes":""},"categories":[54],"tags":[],"class_list":["post-6903","post","type-post","status-publish","format-standard","has-post-thumbnail","hentry","category-estamos-unidos"],"acf":[],"aioseo_notices":[],"aioseo_head":"\n\t\t<!-- All in One SEO Pro 4.9.6.2 - aioseo.com -->\n\t<meta name=\"description\" content=\"Empacar regalos con materiales reciclables no solo es una forma de cuidar el medio ambiente, sino tambi\u00e9n una oportunidad para darle un toque \u00fanico.\" \/>\n\t<meta name=\"robots\" content=\"max-snippet:-1, max-image-preview:large, max-video-preview:-1\" \/>\n\t<meta name=\"author\" content=\"Beatriz Tercero\"\/>\n\t<link rel=\"canonical\" href=\"https:\/\/soymigrante.com\/revista\/como-empacar-regalos-con-material-reciclable-cinco-ideas-creativas\/\" \/>\n\t<meta name=\"generator\" content=\"All in One SEO Pro (AIOSEO) 4.9.6.2\" \/>\n\n\t\t<link rel=\"preconnect\" href=\"https:\/\/fonts.googleapis.com\" crossorigin>\n<link rel=\"preconnect\" href=\"https:\/\/fonts.gstatic.com\" crossorigin>\n\t\t<meta property=\"og:locale\" content=\"es_ES\" \/>\n\t\t<meta property=\"og:site_name\" content=\"SoyMigrante.com REVISTA \u2013 Nuestra misi\u00f3n es reconocer y dignificar al migrante.\" \/>\n\t\t<meta property=\"og:type\" content=\"article\" \/>\n\t\t<meta property=\"og:title\" content=\"C\u00f3mo empacar regalos con material reciclable: cinco ideas creativas\" \/>\n\t\t<meta property=\"og:description\" content=\"Empacar regalos con materiales reciclables no solo es una forma de cuidar el medio ambiente, sino tambi\u00e9n una oportunidad para darle un toque \u00fanico.\" \/>\n\t\t<meta property=\"og:url\" content=\"https:\/\/soymigrante.com\/revista\/como-empacar-regalos-con-material-reciclable-cinco-ideas-creativas\/\" \/>\n\t\t<meta property=\"og:image\" content=\"https:\/\/soymigrante.com\/revista\/wp-content\/uploads\/2024\/12\/regalos-reciclables-scaled.webp\" \/>\n\t\t<meta property=\"og:image:secure_url\" content=\"https:\/\/soymigrante.com\/revista\/wp-content\/uploads\/2024\/12\/regalos-reciclables-scaled.webp\" \/>\n\t\t<meta property=\"og:image:width\" content=\"1920\" \/>\n\t\t<meta property=\"og:image:height\" content=\"1920\" \/>\n\t\t<meta property=\"article:published_time\" content=\"2024-12-08T23:47:24+00:00\" \/>\n\t\t<meta property=\"article:modified_time\" content=\"2024-12-09T19:19:44+00:00\" \/>\n\t\t<meta property=\"article:publisher\" content=\"https:\/\/www.facebook.com\/soymigrantecom\" \/>\n\t\t<meta name=\"twitter:card\" content=\"summary_large_image\" \/>\n\t\t<meta name=\"twitter:site\" content=\"@SoyMigrante_com\" \/>\n\t\t<meta name=\"twitter:title\" content=\"C\u00f3mo empacar regalos con material reciclable: cinco ideas creativas\" \/>\n\t\t<meta name=\"twitter:description\" content=\"Empacar regalos con materiales reciclables no solo es una forma de cuidar el medio ambiente, sino tambi\u00e9n una oportunidad para darle un toque \u00fanico.\" \/>\n\t\t<meta name=\"twitter:creator\" content=\"@SoyMigrante_com\" \/>\n\t\t<meta name=\"twitter:image\" content=\"https:\/\/soymigrante.com\/revista\/wp-content\/uploads\/2024\/12\/regalos-reciclables-scaled.webp\" \/>\n\t\t<!-- All in One SEO Pro -->\r\n\t\t<title>C\u00f3mo empacar regalos con material reciclable: cinco ideas creativas<\/title>\n\n","aioseo_head_json":{"title":"C\u00f3mo empacar regalos con material reciclable: cinco ideas creativas","description":"Empacar regalos con materiales reciclables no solo es una forma de cuidar el medio ambiente, sino tambi\u00e9n una oportunidad para darle un toque \u00fanico.","canonical_url":"https:\/\/soymigrante.com\/revista\/como-empacar-regalos-con-material-reciclable-cinco-ideas-creativas\/","robots":"max-snippet:-1, max-image-preview:large, max-video-preview:-1","keywords":"","webmasterTools":{"miscellaneous":"&lt;link rel=\"preconnect\" href=\"https:\/\/fonts.googleapis.com\" crossorigin&gt;\n&lt;link rel=\"preconnect\" href=\"https:\/\/fonts.gstatic.com\" crossorigin&gt;"},"schema":null,"og:locale":"es_ES","og:site_name":"SoyMigrante.com REVISTA \u2013 Nuestra misi\u00f3n es reconocer y dignificar al migrante.","og:type":"article","og:title":"C\u00f3mo empacar regalos con material reciclable: cinco ideas creativas","og:description":"Empacar regalos con materiales reciclables no solo es una forma de cuidar el medio ambiente, sino tambi\u00e9n una oportunidad para darle un toque \u00fanico.","og:url":"https:\/\/soymigrante.com\/revista\/como-empacar-regalos-con-material-reciclable-cinco-ideas-creativas\/","og:image":"https:\/\/soymigrante.com\/revista\/wp-content\/uploads\/2024\/12\/regalos-reciclables-scaled.webp","og:image:secure_url":"https:\/\/soymigrante.com\/revista\/wp-content\/uploads\/2024\/12\/regalos-reciclables-scaled.webp","og:image:width":1920,"og:image:height":1920,"article:published_time":"2024-12-08T23:47:24+00:00","article:modified_time":"2024-12-09T19:19:44+00:00","article:publisher":"https:\/\/www.facebook.com\/soymigrantecom","twitter:card":"summary_large_image","twitter:site":"@SoyMigrante_com","twitter:title":"C\u00f3mo empacar regalos con material reciclable: cinco ideas creativas","twitter:description":"Empacar regalos con materiales reciclables no solo es una forma de cuidar el medio ambiente, sino tambi\u00e9n una oportunidad para darle un toque \u00fanico.","twitter:creator":"@SoyMigrante_com","twitter:image":"https:\/\/soymigrante.com\/revista\/wp-content\/uploads\/2024\/12\/regalos-reciclables-scaled.webp"},"aioseo_meta_data":{"post_id":"6903","title":"Textiles mayas por la educaci\u00f3n: el sue\u00f1o de Quetzal Project","description":"Brindar acceso a educaci\u00f3n preprimaria a ni\u00f1os del \u00e1rea del Lago de Atitl\u00e1n dio inicio a Quetzal Project, iniciativa de dos voluntarios de EE,UU.","keywords":null,"keyphrases":{"focus":{"keyphrase":"Quetzal","score":91,"analysis":{"keyphraseInTitle":{"score":9,"maxScore":9,"error":0},"keyphraseInDescription":{"score":9,"maxScore":9,"error":0},"keyphraseLength":{"score":9,"maxScore":9,"error":0,"length":1},"keyphraseInURL":{"score":5,"maxScore":5,"error":0},"keyphraseInIntroduction":{"score":9,"maxScore":9,"error":0},"keyphraseInSubHeadings":{"score":3,"maxScore":9,"error":1},"keyphraseInImageAlt":{"score":9,"maxScore":9,"error":0},"keywordDensity":{"type":"best","score":9,"maxScore":9,"error":0}}},"additional":[{"keyphrase":"Educaci\u00f3n","score":87,"analysis":{"keyphraseInDescription":{"score":9,"maxScore":9,"error":0},"keyphraseLength":{"score":9,"maxScore":9,"error":0,"length":2},"keyphraseInIntroduction":{"score":9,"maxScore":9,"error":0},"keyphraseInImageAlt":{"score":3,"maxScore":9,"error":1},"keywordDensity":{"type":"best","score":9,"maxScore":9,"error":0}}}]},"primary_term":null,"canonical_url":null,"og_title":null,"og_description":null,"og_object_type":"default","og_image_type":"default","og_image_url":null,"og_image_width":null,"og_image_height":null,"og_image_custom_url":null,"og_image_custom_fields":null,"og_video":"","og_custom_url":null,"og_article_section":null,"og_article_tags":null,"twitter_use_og":false,"twitter_card":"default","twitter_image_type":"default","twitter_image_url":null,"twitter_image_custom_url":null,"twitter_image_custom_fields":null,"twitter_title":null,"twitter_description":null,"schema":{"blockGraphs":[],"customGraphs":[],"default":{"data":{"Article":[],"Course":[],"Dataset":[],"FAQPage":[],"Movie":[],"Person":[],"Product":[],"ProductReview":[],"Car":[],"Recipe":[],"Service":[],"SoftwareApplication":[],"WebPage":[]},"graphName":"Article","isEnabled":true},"graphs":[]},"schema_type":"default","schema_type_options":null,"pillar_content":false,"robots_default":true,"robots_noindex":false,"robots_noarchive":false,"robots_nosnippet":false,"robots_nofollow":false,"robots_noimageindex":false,"robots_noodp":false,"robots_notranslate":false,"robots_max_snippet":"-1","robots_max_videopreview":"-1","robots_max_imagepreview":"large","priority":null,"frequency":"default","local_seo":null,"seo_analyzer_scan_date":"2025-10-08 22:02:33","breadcrumb_settings":null,"limit_modified_date":false,"reviewed_by":null,"open_ai":"{\"title\":{\"suggestions\":[],\"usage\":0},\"description\":{\"suggestions\":[],\"usage\":0}}","ai":null,"created":"2024-06-10 18:46:19","updated":"2026-02-04 12:00:21"},"aioseo_breadcrumb":"<div class=\"aioseo-breadcrumbs\"><span class=\"aioseo-breadcrumb\">\n\t<a href=\"https:\/\/soymigrante.com\/revista\" title=\"Home\">Home<\/a>\n<\/span><span class=\"aioseo-breadcrumb-separator\">\u00bb<\/span><span class=\"aioseo-breadcrumb\">\n\t<a href=\"https:\/\/soymigrante.com\/revista\/category\/estamos-unidos\/\" title=\"Estamos Unidos\">Estamos Unidos<\/a>\n<\/span><span class=\"aioseo-breadcrumb-separator\">\u00bb<\/span><span class=\"aioseo-breadcrumb\">\n\tTextiles mayas por la educaci\u00f3n:  Project Quetzal vuela en Solol\u00e1\n<\/span><\/div>","aioseo_breadcrumb_json":[{"label":"Home","link":"https:\/\/soymigrante.com\/revista"},{"label":"Estamos Unidos","link":"https:\/\/soymigrante.com\/revista\/category\/estamos-unidos\/"},{"label":"Textiles mayas por la educaci\u00f3n:  Project Quetzal vuela en Solol\u00e1","link":"https:\/\/soymigrante.com\/revista\/textiles-mayas-a-favor-de-la-educacion-asi-vuela-quetzal-project\/"}],"_links":{"self":[{"href":"https:\/\/soymigrante.com\/revista\/wp-json\/wp\/v2\/posts\/6903","targetHints":{"allow":["GET"]}}],"collection":[{"href":"https:\/\/soymigrante.com\/revista\/wp-json\/wp\/v2\/posts"}],"about":[{"href":"https:\/\/soymigrante.com\/revista\/wp-json\/wp\/v2\/types\/post"}],"author":[{"embeddable":true,"href":"https:\/\/soymigrante.com\/revista\/wp-json\/wp\/v2\/users\/19"}],"replies":[{"embeddable":true,"href":"https:\/\/soymigrante.com\/revista\/wp-json\/wp\/v2\/comments?post=6903"}],"version-history":[{"count":0,"href":"https:\/\/soymigrante.com\/revista\/wp-json\/wp\/v2\/posts\/6903\/revisions"}],"wp:featuredmedia":[{"embeddable":true,"href":"https:\/\/soymigrante.com\/revista\/wp-json\/wp\/v2\/media\/6916"}],"wp:attachment":[{"href":"https:\/\/soymigrante.com\/revista\/wp-json\/wp\/v2\/media?parent=6903"}],"wp:term":[{"taxonomy":"category","embeddable":true,"href":"https:\/\/soymigrante.com\/revista\/wp-json\/wp\/v2\/categories?post=6903"},{"taxonomy":"post_tag","embeddable":true,"href":"https:\/\/soymigrante.com\/revista\/wp-json\/wp\/v2\/tags?post=6903"}],"curies":[{"name":"wp","href":"https:\/\/api.w.org\/{rel}","templated":true}]}}