{"id":6896,"date":"2024-06-10T12:25:24","date_gmt":"2024-06-10T18:25:24","guid":{"rendered":"https:\/\/soymigrante.com\/revista\/?p=6896"},"modified":"2024-11-01T08:46:32","modified_gmt":"2024-11-01T14:46:32","slug":"en-busca-de-un-sueno-jessica-cliche-encontro-la-paz-en-chattanooga","status":"publish","type":"post","link":"https:\/\/soymigrante.com\/revista\/en-busca-de-un-sueno-jessica-cliche-encontro-la-paz-en-chattanooga\/","title":{"rendered":"En busca de un sue\u00f1o Jessica Clich\u00e9 encontr\u00f3 La Paz en Chattanooga"},"content":{"rendered":"\t\t<div data-elementor-type=\"wp-post\" data-elementor-id=\"6896\" class=\"elementor elementor-6896\" data-elementor-post-type=\"post\">\n\t\t\t\t\t\t<section data-particle_enable=\"false\" data-particle-mobile-disabled=\"false\" class=\"elementor-section elementor-top-section elementor-element elementor-element-9d778cb elementor-section-boxed elementor-section-height-default elementor-section-height-default\" data-id=\"9d778cb\" data-element_type=\"section\" data-e-type=\"section\">\n\t\t\t\t\t\t<div class=\"elementor-container elementor-column-gap-default\">\n\t\t\t\t\t<div class=\"elementor-column elementor-col-100 elementor-top-column elementor-element elementor-element-dac7764\" data-id=\"dac7764\" data-element_type=\"column\" data-e-type=\"column\">\n\t\t\t<div class=\"elementor-widget-wrap elementor-element-populated\">\n\t\t\t\t\t\t<div class=\"elementor-element elementor-element-a3886e1 elementor-widget elementor-widget-heading\" data-id=\"a3886e1\" data-element_type=\"widget\" data-e-type=\"widget\" data-widget_type=\"heading.default\">\n\t\t\t\t\t<h2 class=\"elementor-heading-title elementor-size-default\">La migrante guatemalteca Jessica Cliche dirige el \u00e1rea educativa y de proyecci\u00f3n comunitaria del Centro la Paz en Chattanooga, Tennessee. Anhela que m\u00e1s guatemaltecos migrantes, sobre todo mujeres y madres, se abran puertas de desarrollo educativo y laboral.<\/h2>\t\t\t\t<\/div>\n\t\t\t\t\t<\/div>\n\t\t<\/div>\n\t\t\t\t\t<\/div>\n\t\t<\/section>\n\t\t\t\t<section data-particle_enable=\"false\" data-particle-mobile-disabled=\"false\" class=\"elementor-section elementor-top-section elementor-element elementor-element-536ae2b elementor-section-boxed elementor-section-height-default elementor-section-height-default\" data-id=\"536ae2b\" data-element_type=\"section\" data-e-type=\"section\">\n\t\t\t\t\t\t<div class=\"elementor-container elementor-column-gap-default\">\n\t\t\t\t\t<div class=\"elementor-column elementor-col-100 elementor-top-column elementor-element elementor-element-bf490c8\" data-id=\"bf490c8\" data-element_type=\"column\" data-e-type=\"column\">\n\t\t\t<div class=\"elementor-widget-wrap elementor-element-populated\">\n\t\t\t\t\t\t<div class=\"elementor-element elementor-element-a785d94 elementor-widget elementor-widget-text-editor\" data-id=\"a785d94\" data-element_type=\"widget\" data-e-type=\"widget\" data-widget_type=\"text-editor.default\">\n\t\t\t\t\t\t\t\t\t<p>J\u00e9ssica naci\u00f3 en EE.UU. y creci\u00f3 en Guatemala desde los 4 a\u00f1os. Lleg\u00f3 a Estados Unidos de nuevo hacia el a\u00f1o 2000 y actualmente dirige el \u00e1rea de formaci\u00f3n educativa y proyecci\u00f3n comunitaria del Centro La Paz, de Chattanooga, Tennessee. Su af\u00e1n diario como educadora es generar oportunidades de aprendizaje y superaci\u00f3n para hispanos, lo cual incluye cursos de ingl\u00e9s, emprendimiento, finanzas, cuidado infantil y m\u00e1s.\u00a0 Su propia b\u00fasqueda de vida es una ruta de inspiraci\u00f3n.<\/p><p>Jessica estudi\u00f3 en el colegio Bethania, en Guatemala.\u00a0 Egres\u00f3 como maestra de primaria. Sigui\u00f3 la universidad, pero \u201cnunca termin\u00e9 las carreras. Me cambiaba. Creo que no ten\u00eda la madurez suficiente pero s\u00ed sent\u00eda que quer\u00eda crecer y hacer algo. Pero no sab\u00eda todav\u00eda qu\u00e9 era. Entonces, esto fue una aventura que decid\u00ed tomar\u00a0 cuando me mud\u00e9 para ac\u00e1 a Estados Unidos\u201d.<\/p><p>\u201cQuer\u00eda crecer y salir del c\u00edrculo donde estaba. Ese c\u00edrculo de lo que se espera que una mujer en la sociedad en Guatemala: que solo est\u00e1 para casarse, tener hijos. Y no me gustan las limitaciones siempre he sido un ave que quiere volar\u201d.<\/p><div>\u00a0<\/div>\t\t\t\t\t\t\t\t<\/div>\n\t\t\t\t\t<\/div>\n\t\t<\/div>\n\t\t\t\t\t<\/div>\n\t\t<\/section>\n\t\t\t\t<section data-particle_enable=\"false\" data-particle-mobile-disabled=\"false\" class=\"elementor-section elementor-top-section elementor-element elementor-element-c38b82b elementor-section-boxed elementor-section-height-default elementor-section-height-default\" data-id=\"c38b82b\" data-element_type=\"section\" data-e-type=\"section\">\n\t\t\t\t\t\t<div class=\"elementor-container elementor-column-gap-default\">\n\t\t\t\t\t<div class=\"elementor-column elementor-col-100 elementor-top-column elementor-element elementor-element-a31312b\" data-id=\"a31312b\" data-element_type=\"column\" data-e-type=\"column\">\n\t\t\t<div class=\"elementor-widget-wrap elementor-element-populated\">\n\t\t\t\t\t\t<div class=\"elementor-element elementor-element-7d6fdbe elementor-widget elementor-widget-image\" data-id=\"7d6fdbe\" data-element_type=\"widget\" data-e-type=\"widget\" data-widget_type=\"image.default\">\n\t\t\t\t\t\t\t\t\t\t\t\t<figure class=\"wp-caption\">\n\t\t\t\t\t\t\t\t\t\t<img fetchpriority=\"high\" decoding=\"async\" width=\"768\" height=\"498\" src=\"https:\/\/soymigrante.com\/revista\/wp-content\/uploads\/2024\/06\/Captura-de-pantalla-2024-06-10-115434-1024x664.webp\" class=\"attachment-large size-large wp-image-6899\" alt=\"Asesora de inmigrantes en oficina multicultural con decoraciones coloridas y papeles en la pared, promoviendo integraci\u00f3n y apoyo para la comunidad migrante.\" srcset=\"https:\/\/soymigrante.com\/revista\/wp-content\/uploads\/2024\/06\/Captura-de-pantalla-2024-06-10-115434-1024x664.webp 1024w, https:\/\/soymigrante.com\/revista\/wp-content\/uploads\/2024\/06\/Captura-de-pantalla-2024-06-10-115434-300x194.webp 300w, https:\/\/soymigrante.com\/revista\/wp-content\/uploads\/2024\/06\/Captura-de-pantalla-2024-06-10-115434-768x498.webp 768w, https:\/\/soymigrante.com\/revista\/wp-content\/uploads\/2024\/06\/Captura-de-pantalla-2024-06-10-115434-750x486.jpg 750w, https:\/\/soymigrante.com\/revista\/wp-content\/uploads\/2024\/06\/Captura-de-pantalla-2024-06-10-115434-1140x739.jpg 1140w, https:\/\/soymigrante.com\/revista\/wp-content\/uploads\/2024\/06\/Captura-de-pantalla-2024-06-10-115434.webp 1270w\" sizes=\"(max-width: 768px) 100vw, 768px\" title=\"Jessica Cliche coordina la oferta de cursos de capacitaci\u00f3n para migrantes hispanos en el Centro La Paz, instituci\u00f3n no lucrativa de Chattanooga, Tennessee. Brindan cursos de ingl\u00e9s, artesan\u00edas, emprendimiento, salud, cuidado de los ni\u00f1os y otras \u00e1reas. \u2013 SoyMigrante.com REVISTA\" \/>\t\t\t\t\t\t\t\t\t\t\t<figcaption class=\"widget-image-caption wp-caption-text\">Jessica Cliche coordina la oferta de cursos de capacitaci\u00f3n para migrantes hispanos en el Centro La Paz, instituci\u00f3n no lucrativa de Chattanooga, Tennessee. Brindan cursos de ingl\u00e9s, artesan\u00edas, emprendimiento, salud, cuidado de los ni\u00f1os y otras \u00e1reas.<\/figcaption>\n\t\t\t\t\t\t\t\t\t\t<\/figure>\n\t\t\t\t\t\t\t\t\t<\/div>\n\t\t\t\t\t<\/div>\n\t\t<\/div>\n\t\t\t\t\t<\/div>\n\t\t<\/section>\n\t\t\t\t<section data-particle_enable=\"false\" data-particle-mobile-disabled=\"false\" class=\"elementor-section elementor-top-section elementor-element elementor-element-9a9ddf4 elementor-section-boxed elementor-section-height-default elementor-section-height-default\" data-id=\"9a9ddf4\" data-element_type=\"section\" data-e-type=\"section\">\n\t\t\t\t\t\t<div class=\"elementor-container elementor-column-gap-default\">\n\t\t\t\t\t<div class=\"elementor-column elementor-col-100 elementor-top-column elementor-element elementor-element-8d07daa\" data-id=\"8d07daa\" data-element_type=\"column\" data-e-type=\"column\">\n\t\t\t<div class=\"elementor-widget-wrap elementor-element-populated\">\n\t\t\t\t\t\t<div class=\"elementor-element elementor-element-eec4b4a elementor-widget elementor-widget-heading\" data-id=\"eec4b4a\" data-element_type=\"widget\" data-e-type=\"widget\" data-widget_type=\"heading.default\">\n\t\t\t\t\t<h3 class=\"elementor-heading-title elementor-size-default\">\"Pero no sab\u00eda ingl\u00e9s...\"<\/h3>\t\t\t\t<\/div>\n\t\t\t\t\t<\/div>\n\t\t<\/div>\n\t\t\t\t\t<\/div>\n\t\t<\/section>\n\t\t\t\t<section data-particle_enable=\"false\" data-particle-mobile-disabled=\"false\" class=\"elementor-section elementor-top-section elementor-element elementor-element-c164fa9 elementor-section-boxed elementor-section-height-default elementor-section-height-default\" data-id=\"c164fa9\" data-element_type=\"section\" data-e-type=\"section\">\n\t\t\t\t\t\t<div class=\"elementor-container elementor-column-gap-default\">\n\t\t\t\t\t<div class=\"elementor-column elementor-col-100 elementor-top-column elementor-element elementor-element-9bfcd87\" data-id=\"9bfcd87\" data-element_type=\"column\" data-e-type=\"column\">\n\t\t\t<div class=\"elementor-widget-wrap elementor-element-populated\">\n\t\t\t\t\t\t<div class=\"elementor-element elementor-element-b61f176 elementor-widget elementor-widget-text-editor\" data-id=\"b61f176\" data-element_type=\"widget\" data-e-type=\"widget\" data-widget_type=\"text-editor.default\">\n\t\t\t\t\t\t\t\t\t<p>-\u201cMe vengo para Estados Unidos. No sab\u00eda ingl\u00e9s\u201d.<br \/><span style=\"color: var( --e-global-color-text );\">-\u00bfVen\u00edas a estudiar o a trabajar?<br \/><\/span><span style=\"color: var( --e-global-color-text );\">.\u201cNo, no sab\u00eda qu\u00e9 era lo que ven\u00eda a hacer, solo sab\u00eda que ten\u00eda que hacer algo y claro, me tocar\u00eda tocar trabajar pero no sab\u00eda en qu\u00e9. En primer lugar, mi meta era aprender el ingl\u00e9s porque lo hab\u00eda estudiado pero nunca fue una materia favorita m\u00eda, no le d\u00ed importancia y ahora me iba a servir\u201d.<\/span><\/p><p><span style=\"color: var( --e-global-color-text );\">La sinceridad de J\u00e9ssica es elocuente y fresca. Porque genera empat\u00eda sobre todo en las mujeres hispanas migrantes que quiz\u00e1 no tienen claro lo que deben buscar en el entorno de la vida en Estados Unidos.<\/span><\/p><p>\u201cComo cualquier migrante, mi objetivo era encontrar un trabajo porque es necesario. Mi primer empleo fue de ni\u00f1era. Pas\u00e9 seis meses. Despu\u00e9s me mude de ciudad porque estaba en Texas y yo sent\u00eda que yo no estaba aprendiendo el ingl\u00e9s, porque estaba rodeada de hispanos. Entonces me mud\u00e9 aqu\u00ed a Chattanooga, Tennesse. En ese tiempo ten\u00eda familia ac\u00e1\u201d.\u00a0<\/p><div>\u00a0<\/div>\t\t\t\t\t\t\t\t<\/div>\n\t\t\t\t\t<\/div>\n\t\t<\/div>\n\t\t\t\t\t<\/div>\n\t\t<\/section>\n\t\t\t\t<section data-particle_enable=\"false\" data-particle-mobile-disabled=\"false\" class=\"elementor-section elementor-top-section elementor-element elementor-element-4d4a052 elementor-section-boxed elementor-section-height-default elementor-section-height-default\" data-id=\"4d4a052\" data-element_type=\"section\" data-e-type=\"section\">\n\t\t\t\t\t\t<div class=\"elementor-container elementor-column-gap-default\">\n\t\t\t\t\t<div class=\"elementor-column elementor-col-100 elementor-top-column elementor-element elementor-element-1b73547\" data-id=\"1b73547\" data-element_type=\"column\" data-e-type=\"column\">\n\t\t\t<div class=\"elementor-widget-wrap elementor-element-populated\">\n\t\t\t\t\t\t<div class=\"elementor-element elementor-element-46a5164 elementor-widget elementor-widget-facebook-page\" data-id=\"46a5164\" data-element_type=\"widget\" data-e-type=\"widget\" data-widget_type=\"facebook-page.default\">\n\t\t\t\t\t<div class=\"elementor-facebook-widget fb-page\" data-href=\"https:\/\/www.facebook.com\/LaPazChatt\" data-tabs=\"timeline\" data-height=\"500px\" data-width=\"500px\" data-small-header=\"false\" data-hide-cover=\"false\" data-show-facepile=\"true\" data-hide-cta=\"false\" style=\"min-height: 1px;height:500px\"><\/div>\t\t\t\t<\/div>\n\t\t\t\t\t<\/div>\n\t\t<\/div>\n\t\t\t\t\t<\/div>\n\t\t<\/section>\n\t\t\t\t<section data-particle_enable=\"false\" data-particle-mobile-disabled=\"false\" class=\"elementor-section elementor-top-section elementor-element elementor-element-3ae6be8 elementor-section-boxed elementor-section-height-default elementor-section-height-default\" data-id=\"3ae6be8\" data-element_type=\"section\" data-e-type=\"section\">\n\t\t\t\t\t\t<div class=\"elementor-container elementor-column-gap-default\">\n\t\t\t\t\t<div class=\"elementor-column elementor-col-100 elementor-top-column elementor-element elementor-element-cb0cdad\" data-id=\"cb0cdad\" data-element_type=\"column\" data-e-type=\"column\">\n\t\t\t<div class=\"elementor-widget-wrap elementor-element-populated\">\n\t\t\t\t\t\t<div class=\"elementor-element elementor-element-8193b4d elementor-widget elementor-widget-heading\" data-id=\"8193b4d\" data-element_type=\"widget\" data-e-type=\"widget\" data-widget_type=\"heading.default\">\n\t\t\t\t\t<h3 class=\"elementor-heading-title elementor-size-default\">Un nuevo comienzo trae esperanzas pero no por ello es f\u00e1cil ni r\u00e1pido<\/h3>\t\t\t\t<\/div>\n\t\t\t\t\t<\/div>\n\t\t<\/div>\n\t\t\t\t\t<\/div>\n\t\t<\/section>\n\t\t\t\t<section data-particle_enable=\"false\" data-particle-mobile-disabled=\"false\" class=\"elementor-section elementor-top-section elementor-element elementor-element-98f23d8 elementor-section-boxed elementor-section-height-default elementor-section-height-default\" data-id=\"98f23d8\" data-element_type=\"section\" data-e-type=\"section\">\n\t\t\t\t\t\t<div class=\"elementor-container elementor-column-gap-default\">\n\t\t\t\t\t<div class=\"elementor-column elementor-col-100 elementor-top-column elementor-element elementor-element-d1e4df2\" data-id=\"d1e4df2\" data-element_type=\"column\" data-e-type=\"column\">\n\t\t\t<div class=\"elementor-widget-wrap elementor-element-populated\">\n\t\t\t\t\t\t<div class=\"elementor-element elementor-element-91a8d34 elementor-widget elementor-widget-text-editor\" data-id=\"91a8d34\" data-element_type=\"widget\" data-e-type=\"widget\" data-widget_type=\"text-editor.default\">\n\t\t\t\t\t\t\t\t\t<p><span style=\"color: var( --e-global-color-text );\">Jessica lleg\u00f3 a una escuela llamada International Inclusion Center, que apoyaba a los ni\u00f1os migrantes que no hablaban ingl\u00e9s. \u201cNo pod\u00eda trabajar como maestra porque nome hab\u00eda graduado aqu\u00ed y segu\u00eda aprendiendo yo misma el ingl\u00e9s. Adem\u00e1s ten\u00eda otros tres trabajos, como anfitriona en un restaurante y daba clases de espa\u00f1ol en algunas escuelas. Tambi\u00e9n me contrataban para hacer la limpieza de algunas casas. Lo que cayera. Tambi\u00e9n fui mesera&#8221;.\u00a0<\/span><\/p><p><span style=\"color: var( --e-global-color-text );\">Pero la b\u00fasqueda de un objetivo es el camino. Y as\u00ed lo muestra su aprendizaje: &#8220;<\/span><span style=\"color: var( --e-global-color-text );\">As\u00ed me fui conectando y cambiaba de un restaurante a otro donde ganaba mejor. Pero ese camino fue form\u00e1ndose por medio de conexiones en la ciudad y en tres a\u00f1os ya dominaba totalmente el ingl\u00e9s y mis oportunidades eran diferentes\u201d relata Jessica.<\/span><\/p><div>\u00a0<\/div>\t\t\t\t\t\t\t\t<\/div>\n\t\t\t\t\t<\/div>\n\t\t<\/div>\n\t\t\t\t\t<\/div>\n\t\t<\/section>\n\t\t\t\t<section data-particle_enable=\"false\" data-particle-mobile-disabled=\"false\" class=\"elementor-section elementor-top-section elementor-element elementor-element-5a9ad82 elementor-section-boxed elementor-section-height-default elementor-section-height-default\" data-id=\"5a9ad82\" data-element_type=\"section\" data-e-type=\"section\">\n\t\t\t\t\t\t<div class=\"elementor-container elementor-column-gap-default\">\n\t\t\t\t\t<div class=\"elementor-column elementor-col-100 elementor-top-column elementor-element elementor-element-ddaab6b\" data-id=\"ddaab6b\" data-element_type=\"column\" data-e-type=\"column\">\n\t\t\t<div class=\"elementor-widget-wrap elementor-element-populated\">\n\t\t\t\t\t\t<div class=\"elementor-element elementor-element-4878ba5 elementor-widget elementor-widget-video\" data-id=\"4878ba5\" data-element_type=\"widget\" data-e-type=\"widget\" data-settings=\"{&quot;youtube_url&quot;:&quot;https:\\\/\\\/www.youtube.com\\\/watch?v=YLNhmrTGY6s&amp;t=3s&quot;,&quot;video_type&quot;:&quot;youtube&quot;,&quot;controls&quot;:&quot;yes&quot;}\" data-widget_type=\"video.default\">\n\t\t\t\t\t\t\t<div class=\"elementor-wrapper elementor-open-inline\">\n\t\t\t<div class=\"elementor-video\"><\/div>\t\t<\/div>\n\t\t\t\t\t\t<\/div>\n\t\t\t\t\t<\/div>\n\t\t<\/div>\n\t\t\t\t\t<\/div>\n\t\t<\/section>\n\t\t\t\t<section data-particle_enable=\"false\" data-particle-mobile-disabled=\"false\" class=\"elementor-section elementor-top-section elementor-element elementor-element-3d85960 elementor-section-boxed elementor-section-height-default elementor-section-height-default\" data-id=\"3d85960\" data-element_type=\"section\" data-e-type=\"section\">\n\t\t\t\t\t\t<div class=\"elementor-container elementor-column-gap-default\">\n\t\t\t\t\t<div class=\"elementor-column elementor-col-100 elementor-top-column elementor-element elementor-element-f759297\" data-id=\"f759297\" data-element_type=\"column\" data-e-type=\"column\">\n\t\t\t<div class=\"elementor-widget-wrap elementor-element-populated\">\n\t\t\t\t\t\t<div class=\"elementor-element elementor-element-1ebc35f elementor-widget elementor-widget-heading\" data-id=\"1ebc35f\" data-element_type=\"widget\" data-e-type=\"widget\" data-widget_type=\"heading.default\">\n\t\t\t\t\t<h3 class=\"elementor-heading-title elementor-size-default\">As\u00ed nace una convicci\u00f3n de servicio <\/h3>\t\t\t\t<\/div>\n\t\t\t\t\t<\/div>\n\t\t<\/div>\n\t\t\t\t\t<\/div>\n\t\t<\/section>\n\t\t\t\t<section data-particle_enable=\"false\" data-particle-mobile-disabled=\"false\" class=\"elementor-section elementor-top-section elementor-element elementor-element-261de53 elementor-section-boxed elementor-section-height-default elementor-section-height-default\" data-id=\"261de53\" data-element_type=\"section\" data-e-type=\"section\">\n\t\t\t\t\t\t<div class=\"elementor-container elementor-column-gap-default\">\n\t\t\t\t\t<div class=\"elementor-column elementor-col-100 elementor-top-column elementor-element elementor-element-388d037\" data-id=\"388d037\" data-element_type=\"column\" data-e-type=\"column\">\n\t\t\t<div class=\"elementor-widget-wrap elementor-element-populated\">\n\t\t\t\t\t\t<div class=\"elementor-element elementor-element-5ab1ade elementor-widget elementor-widget-text-editor\" data-id=\"5ab1ade\" data-element_type=\"widget\" data-e-type=\"widget\" data-widget_type=\"text-editor.default\">\n\t\t\t\t\t\t\t\t\t<p><span style=\"color: var( --e-global-color-text );\">En esa ruta de un trabajo, esfuerzo y apertura al cambio lleg\u00f3 una oportunidad. \u201cEstuve en varios empleos como todo migrante. Pero el que me hizo reaccionar y descubrir en qu\u00e9 \u00e1rea me quer\u00eda concentrar fue cuando empec\u00e9 a trabajar en un hospital, aqu\u00ed en Chattanooga. Mi trabajo era ayudar a los pacientes, a transportarlos en la silla de rueda a diferentes \u00e1reas del hospital\u201d.\u00a0<\/span><\/p><p>\u201cMe d\u00ed cuenta de lo grande que era la comunidad de hispanos. Y que muchos no sab\u00edan ingl\u00e9s, por lo tanto no pod\u00edan explicar bien sus s\u00edntomas. Pas\u00e9 a un centro de salud en donde me toc\u00f3 ser int\u00e9rprete. Y v\u00ed que la comunidad guatemalteca era enorme y de las grandes necesidades. Me impresion\u00f3 ver la variedad de idiomas mayas, tanta gente buscando la oportunidad laboral pero que hab\u00edan descuidado su salud\u201d.<\/p><p>Regres\u00f3 a Guatemala varias veces, pero siempre volv\u00eda a Chattanooga. As\u00ed lleg\u00f3 a La Paz,\u00a0 en donde comenz\u00f3 como facilitadora de programas de educaci\u00f3n para padres y tambi\u00e9n para ni\u00f1as.\u00a0<\/p><h4><b>\u00bfY cu\u00e1l es el gran reto?\u00a0<\/b><\/h4><p><span style=\"color: var( --e-global-color-text );\">\u00a0\u201cLos guatemaltecos somos calladitos, como que no nos gusta que crean que causamos problemas o que nos vean como problem\u00e1ticos, pero eso lleva a que no nos comuniquemos. Se ense\u00f1a a que podamos decir lo que no nos parece y a proponer soluciones. La opresi\u00f3n ante las ideas ses vive en Guatemala, pero ac\u00e1 en Estados Unidos hay otro tipo de opresiones y se convierte en un problema y una barrera m\u00e1s grande, pero hay que romperla\u201d.<\/span><\/p><p>Jessica lleva ya 15 a\u00f1os en La Paz y actualmente es directora de educaci\u00f3n y alcance comunitario. Coordina los cursos y talleres, entre los cuales uno de los m\u00e1s concurridos es el de ingl\u00e9s. Tambi\u00e9n brindan orientaci\u00f3n migratoria, educaci\u00f3n financiera y visi\u00f3n de crecimiento. <a href=\"https:\/\/www.lapazchattanooga.org\/es\">Para migrantes que deseen consultar las oportunidades educativas abiertas en el Centro La Paz, pueden dar clic en este link<\/a>\u00a0o en la fotograf\u00eda siguiente.<\/p><p>\u00a0<\/p>\t\t\t\t\t\t\t\t<\/div>\n\t\t\t\t\t<\/div>\n\t\t<\/div>\n\t\t\t\t\t<\/div>\n\t\t<\/section>\n\t\t\t\t<section data-particle_enable=\"false\" data-particle-mobile-disabled=\"false\" class=\"elementor-section elementor-top-section elementor-element elementor-element-4cd1eaa elementor-section-boxed elementor-section-height-default elementor-section-height-default\" data-id=\"4cd1eaa\" data-element_type=\"section\" data-e-type=\"section\">\n\t\t\t\t\t\t<div class=\"elementor-container elementor-column-gap-default\">\n\t\t\t\t\t<div class=\"elementor-column elementor-col-100 elementor-top-column elementor-element elementor-element-3346ec7\" data-id=\"3346ec7\" data-element_type=\"column\" data-e-type=\"column\">\n\t\t\t<div class=\"elementor-widget-wrap elementor-element-populated\">\n\t\t\t\t\t\t<div class=\"elementor-element elementor-element-5ee2d13 elementor-widget elementor-widget-image\" data-id=\"5ee2d13\" data-element_type=\"widget\" data-e-type=\"widget\" data-widget_type=\"image.default\">\n\t\t\t\t\t\t\t\t\t\t\t\t<figure class=\"wp-caption\">\n\t\t\t\t\t\t\t\t\t\t\t<a href=\"https:\/\/www.lapazchattanooga.org\/es\">\n\t\t\t\t\t\t\t<img decoding=\"async\" width=\"768\" height=\"545\" src=\"https:\/\/soymigrante.com\/revista\/wp-content\/uploads\/2024\/06\/Captura-de-pantalla-2024-06-10-115307.webp\" class=\"attachment-large size-large wp-image-6900\" alt=\"Colaboradora de SoyMigrante en evento cultural, con mural colorido de fondo que representa la riqueza cultural y tradici\u00f3n de comunidades migrantes en Am\u00e9rica Latina.\" srcset=\"https:\/\/soymigrante.com\/revista\/wp-content\/uploads\/2024\/06\/Captura-de-pantalla-2024-06-10-115307.webp 976w, https:\/\/soymigrante.com\/revista\/wp-content\/uploads\/2024\/06\/Captura-de-pantalla-2024-06-10-115307-300x213.webp 300w, https:\/\/soymigrante.com\/revista\/wp-content\/uploads\/2024\/06\/Captura-de-pantalla-2024-06-10-115307-768x545.webp 768w, https:\/\/soymigrante.com\/revista\/wp-content\/uploads\/2024\/06\/Captura-de-pantalla-2024-06-10-115307-120x86.webp 120w, https:\/\/soymigrante.com\/revista\/wp-content\/uploads\/2024\/06\/Captura-de-pantalla-2024-06-10-115307-750x532.webp 750w\" sizes=\"(max-width: 768px) 100vw, 768px\" title=\"Entrevista de Jessica Cliche con SoyMigrante.com en el sal\u00f3n principal del Centro La Paz en Chattanooga, al servicio de la comunidad hispana. El gran sue\u00f1o de Jessica es guatemaltecos m\u00e1s empoderados, conscientes de sus metas y de su potencial.l \u2013 SoyMigrante.com REVISTA\" \/>\t\t\t\t\t\t\t\t<\/a>\n\t\t\t\t\t\t\t\t\t\t\t<figcaption class=\"widget-image-caption wp-caption-text\">Mujer sonriente en evento de SoyMigrante con mural cultural en fondo que celebra la diversidad y patrimonio latinoamericano.<\/figcaption>\n\t\t\t\t\t\t\t\t\t\t<\/figure>\n\t\t\t\t\t\t\t\t\t<\/div>\n\t\t\t\t\t<\/div>\n\t\t<\/div>\n\t\t\t\t\t<\/div>\n\t\t<\/section>\n\t\t\t\t<section data-particle_enable=\"false\" data-particle-mobile-disabled=\"false\" class=\"elementor-section elementor-top-section elementor-element elementor-element-807ec47 elementor-section-boxed elementor-section-height-default elementor-section-height-default\" data-id=\"807ec47\" data-element_type=\"section\" data-e-type=\"section\">\n\t\t\t\t\t\t<div class=\"elementor-container elementor-column-gap-default\">\n\t\t\t\t\t<div class=\"elementor-column elementor-col-100 elementor-top-column elementor-element elementor-element-4dcd3f0\" data-id=\"4dcd3f0\" data-element_type=\"column\" data-e-type=\"column\">\n\t\t\t<div class=\"elementor-widget-wrap elementor-element-populated\">\n\t\t\t\t\t\t<div class=\"elementor-element elementor-element-633caba elementor-widget elementor-widget-heading\" data-id=\"633caba\" data-element_type=\"widget\" data-e-type=\"widget\" data-widget_type=\"heading.default\">\n\t\t\t\t\t<h3 class=\"elementor-heading-title elementor-size-default\">El gran sue\u00f1o guatemalteco de Jessica<\/h3>\t\t\t\t<\/div>\n\t\t\t\t\t<\/div>\n\t\t<\/div>\n\t\t\t\t\t<\/div>\n\t\t<\/section>\n\t\t\t\t<section data-particle_enable=\"false\" data-particle-mobile-disabled=\"false\" class=\"elementor-section elementor-top-section elementor-element elementor-element-921f9c5 elementor-section-boxed elementor-section-height-default elementor-section-height-default\" data-id=\"921f9c5\" data-element_type=\"section\" data-e-type=\"section\">\n\t\t\t\t\t\t<div class=\"elementor-container elementor-column-gap-default\">\n\t\t\t\t\t<div class=\"elementor-column elementor-col-100 elementor-top-column elementor-element elementor-element-59451e2\" data-id=\"59451e2\" data-element_type=\"column\" data-e-type=\"column\">\n\t\t\t<div class=\"elementor-widget-wrap elementor-element-populated\">\n\t\t\t\t\t\t<div class=\"elementor-element elementor-element-7cc05f2 elementor-widget elementor-widget-text-editor\" data-id=\"7cc05f2\" data-element_type=\"widget\" data-e-type=\"widget\" data-widget_type=\"text-editor.default\">\n\t\t\t\t\t\t\t\t\t<p>\u201cQue los migrantes guatemaltecos e hispanos est\u00e9n empoderadas. Que puedan aprovechar todas las ayudas que existen, para las familias y sus hijos\u201d. Y ello es porque a pesar de el car\u00e1cter reservado e introspectivo del guatemalteco, hay una caracter\u00edstica positiva notoria: \u201cLos chapines somos luchones, resilientes, solidarios. Los guatemaltecos son amorosos con la familia, se unen a causas nobles, y siempre est\u00e1n dispuestos al servicio. Yo lo he visto pero lo he escuchado de muchas personas al hablar de los guatemaltecos\u201d<\/p><p>\u201cLas mujeres guatemaltecas que vienen a La Paz, cuando reciben una orientaci\u00f3n o una ayuda, siempre lo llevan a los dem\u00e1s. Avisan a sus amigas, no se lo guardan solo para ellas, porque quieren ayudar a quienes pasan sus mismas dificultades.\u201d<\/p><p>La transformaci\u00f3n de actitudes es dif\u00edcil, opina Jessica, pero cuando el guatemalteco descubre todo su potencial, busca ense\u00f1ar a los dem\u00e1s como conseguirlo y eso me parece valios\u00edsimo.<\/p><div>\u00a0<\/div>\t\t\t\t\t\t\t\t<\/div>\n\t\t\t\t\t<\/div>\n\t\t<\/div>\n\t\t\t\t\t<\/div>\n\t\t<\/section>\n\t\t\t\t<section data-particle_enable=\"false\" data-particle-mobile-disabled=\"false\" class=\"elementor-section elementor-top-section elementor-element elementor-element-a74a83c elementor-section-boxed elementor-section-height-default elementor-section-height-default\" data-id=\"a74a83c\" data-element_type=\"section\" data-e-type=\"section\">\n\t\t\t\t\t\t<div class=\"elementor-container elementor-column-gap-default\">\n\t\t\t\t\t<div class=\"elementor-column elementor-col-100 elementor-top-column elementor-element elementor-element-dd965a8\" data-id=\"dd965a8\" data-element_type=\"column\" data-e-type=\"column\">\n\t\t\t<div class=\"elementor-widget-wrap elementor-element-populated\">\n\t\t\t\t\t\t<div class=\"elementor-element elementor-element-d0ed290 elementor-widget elementor-widget-image\" data-id=\"d0ed290\" data-element_type=\"widget\" data-e-type=\"widget\" data-widget_type=\"image.default\">\n\t\t\t\t\t\t\t\t\t\t\t\t\t\t\t<img decoding=\"async\" width=\"768\" height=\"396\" src=\"https:\/\/soymigrante.com\/revista\/wp-content\/uploads\/2024\/06\/Captura-de-pantalla-2024-06-10-115842-1024x528.webp\" class=\"attachment-large size-large wp-image-6901\" alt=\"Jornada de integraci\u00f3n comunitaria para migrantes y familias en un centro social.\" srcset=\"https:\/\/soymigrante.com\/revista\/wp-content\/uploads\/2024\/06\/Captura-de-pantalla-2024-06-10-115842-1024x528.webp 1024w, https:\/\/soymigrante.com\/revista\/wp-content\/uploads\/2024\/06\/Captura-de-pantalla-2024-06-10-115842-300x155.webp 300w, https:\/\/soymigrante.com\/revista\/wp-content\/uploads\/2024\/06\/Captura-de-pantalla-2024-06-10-115842-768x396.webp 768w, https:\/\/soymigrante.com\/revista\/wp-content\/uploads\/2024\/06\/Captura-de-pantalla-2024-06-10-115842-750x387.webp 750w, https:\/\/soymigrante.com\/revista\/wp-content\/uploads\/2024\/06\/Captura-de-pantalla-2024-06-10-115842.webp 1101w\" sizes=\"(max-width: 768px) 100vw, 768px\" title=\"Los programas educativos de La Paz dirigidos por Jessica Cliche incluyen reuniones para tomar un caf\u00e9 mientras se conversa de temas de autoestima, cuidado de los hijos o apoyo escolar. (Fotograf\u00eda La Paz) \u2013 SoyMigrante.com REVISTA\" \/>\t\t\t\t\t\t\t\t\t\t\t\t\t\t\t<\/div>\n\t\t\t\t\t<\/div>\n\t\t<\/div>\n\t\t\t\t\t<\/div>\n\t\t<\/section>\n\t\t\t\t<section data-particle_enable=\"false\" data-particle-mobile-disabled=\"false\" class=\"elementor-section elementor-top-section elementor-element elementor-element-9875d32 elementor-section-boxed elementor-section-height-default elementor-section-height-default\" data-id=\"9875d32\" data-element_type=\"section\" data-e-type=\"section\">\n\t\t\t\t\t\t<div class=\"elementor-container elementor-column-gap-default\">\n\t\t\t\t\t<div class=\"elementor-column elementor-col-100 elementor-top-column elementor-element elementor-element-a341fb7\" data-id=\"a341fb7\" data-element_type=\"column\" data-e-type=\"column\">\n\t\t\t<div class=\"elementor-widget-wrap elementor-element-populated\">\n\t\t\t\t\t\t<div class=\"elementor-element elementor-element-9d39ead elementor-widget elementor-widget-google_maps\" data-id=\"9d39ead\" data-element_type=\"widget\" data-e-type=\"widget\" data-widget_type=\"google_maps.default\">\n\t\t\t\t\t\t\t<div class=\"elementor-custom-embed\">\n\t\t\t<iframe loading=\"lazy\"\n\t\t\t\t\tsrc=\"https:\/\/maps.google.com\/maps?q=La%20Paz%20Chattanooga&#038;t=m&#038;z=10&#038;output=embed&#038;iwloc=near\"\n\t\t\t\t\ttitle=\"La Paz Chattanooga\"\n\t\t\t\t\taria-label=\"La Paz Chattanooga\"\n\t\t\t><\/iframe>\n\t\t<\/div>\n\t\t\t\t\t\t<\/div>\n\t\t\t\t\t<\/div>\n\t\t<\/div>\n\t\t\t\t\t<\/div>\n\t\t<\/section>\n\t\t\t\t<section data-particle_enable=\"false\" data-particle-mobile-disabled=\"false\" class=\"elementor-section elementor-top-section elementor-element elementor-element-a245b49 elementor-section-boxed elementor-section-height-default elementor-section-height-default\" data-id=\"a245b49\" data-element_type=\"section\" data-e-type=\"section\">\n\t\t\t\t\t\t<div class=\"elementor-container elementor-column-gap-default\">\n\t\t\t\t\t<div class=\"elementor-column elementor-col-100 elementor-top-column elementor-element elementor-element-6d539f7\" data-id=\"6d539f7\" data-element_type=\"column\" data-e-type=\"column\">\n\t\t\t<div class=\"elementor-widget-wrap elementor-element-populated\">\n\t\t\t\t\t\t<div class=\"elementor-element elementor-element-1d2190e elementor-widget elementor-widget-heading\" data-id=\"1d2190e\" data-element_type=\"widget\" data-e-type=\"widget\" data-widget_type=\"heading.default\">\n\t\t\t\t\t<h2 class=\"elementor-heading-title elementor-size-default\">Guatemaltecas migrantes que son s\u00edmbolo de inspiraci\u00f3n<\/h2>\t\t\t\t<\/div>\n\t\t\t\t\t<\/div>\n\t\t<\/div>\n\t\t\t\t\t<\/div>\n\t\t<\/section>\n\t\t\t\t<section data-particle_enable=\"false\" data-particle-mobile-disabled=\"false\" class=\"elementor-section elementor-top-section elementor-element elementor-element-53c31ba elementor-section-boxed elementor-section-height-default elementor-section-height-default\" data-id=\"53c31ba\" data-element_type=\"section\" data-e-type=\"section\">\n\t\t\t\t\t\t<div class=\"elementor-container elementor-column-gap-default\">\n\t\t\t\t\t<div class=\"elementor-column elementor-col-100 elementor-top-column elementor-element elementor-element-c08a741\" data-id=\"c08a741\" data-element_type=\"column\" data-e-type=\"column\">\n\t\t\t<div class=\"elementor-widget-wrap elementor-element-populated\">\n\t\t\t\t\t\t<div class=\"elementor-element elementor-element-1194726 elementor-grid-eael-col-4 elementor-grid-tablet-eael-col-2 elementor-grid-mobile-eael-col-1 elementor-widget elementor-widget-eael-post-grid\" data-id=\"1194726\" data-element_type=\"widget\" data-e-type=\"widget\" data-settings=\"{&quot;eael_post_grid_columns&quot;:&quot;eael-col-4&quot;,&quot;eael_post_grid_columns_tablet&quot;:&quot;eael-col-2&quot;,&quot;eael_post_grid_columns_mobile&quot;:&quot;eael-col-1&quot;}\" data-widget_type=\"eael-post-grid.default\">\n\t\t\t\t\t<div id=\"eael-post-grid-1194726\" class=\"eael-post-grid-container\">\n            <div class=\"eael-post-grid eael-post-appender eael-post-appender-1194726 eael-post-grid-style-one\" data-layout-mode=\"grid\"><article class=\"eael-grid-post  eael-post-grid-column eael-pg-post-3329 category-exitos\" data-id=\"3329\">\n        <div class=\"eael-grid-post-holder\">\n            <div class=\"eael-grid-post-holder-inner\"><div class=\"eael-entry-media\"><div class=\"eael-entry-overlay fade-in\"><i class=\"fas fa-hand-pointer\" aria-hidden=\"true\"><\/i><a href=\"https:\/\/soymigrante.com\/revista\/los-cuadernos-y-tipicos-de-aida-migrante-guatemalteca\/\"><\/a><\/div><div class=\"eael-entry-thumbnail \">\n                <img loading=\"lazy\" decoding=\"async\" width=\"300\" height=\"300\" src=\"https:\/\/soymigrante.com\/revista\/wp-content\/uploads\/2023\/11\/Aida-Barrios-Huinil-300x300.webp\" class=\"attachment-medium size-medium wp-image-3311\" alt=\"Aida Barrios Huinil migrante guatemalteca se ha convertido en profesional actualmente imparte clases a ni\u00f1os y ni\u00f1as. Ense\u00f1a matem\u00e1ticas, espa\u00f1ol y tambi\u00e9n muestra su cultura a trav\u00e9s de cantos y cuentos en idioma mam.\" srcset=\"https:\/\/soymigrante.com\/revista\/wp-content\/uploads\/2023\/11\/Aida-Barrios-Huinil-300x300.webp 300w, https:\/\/soymigrante.com\/revista\/wp-content\/uploads\/2023\/11\/Aida-Barrios-Huinil-1024x1024.webp 1024w, https:\/\/soymigrante.com\/revista\/wp-content\/uploads\/2023\/11\/Aida-Barrios-Huinil-150x150.webp 150w, https:\/\/soymigrante.com\/revista\/wp-content\/uploads\/2023\/11\/Aida-Barrios-Huinil-768x768.webp 768w, https:\/\/soymigrante.com\/revista\/wp-content\/uploads\/2023\/11\/Aida-Barrios-Huinil-1536x1536.webp 1536w, https:\/\/soymigrante.com\/revista\/wp-content\/uploads\/2023\/11\/Aida-Barrios-Huinil-scaled.webp 1920w, https:\/\/soymigrante.com\/revista\/wp-content\/uploads\/2023\/11\/Aida-Barrios-Huinil-75x75.webp 75w, https:\/\/soymigrante.com\/revista\/wp-content\/uploads\/2023\/11\/Aida-Barrios-Huinil-750x750.webp 750w, https:\/\/soymigrante.com\/revista\/wp-content\/uploads\/2023\/11\/Aida-Barrios-Huinil-1140x1140.webp 1140w, https:\/\/soymigrante.com\/revista\/wp-content\/uploads\/2023\/11\/Aida-Barrios-Huinil-600x600.webp 600w\" sizes=\"(max-width: 300px) 100vw, 300px\" \/>\n            <\/div>\n        <\/div><div class=\"eael-entry-wrapper\"><header class=\"eael-entry-header\"><h2 class=\"eael-entry-title\"><a class=\"eael-grid-post-link\" href=\"https:\/\/soymigrante.com\/revista\/los-cuadernos-y-tipicos-de-aida-migrante-guatemalteca\/\" title=\"Migrante y emprendedora mam A\u00edda Barrios es maestra de primaria en California\">Migrante y emprendedora mam A\u00edda Barrios es maestra de primaria en California<\/a><\/h2><\/header><div class=\"eael-entry-content\">\n                        <div class=\"eael-grid-post-excerpt\"><p>Aida Barrios migrante guatemalteca originaria de Cajol\u00e1, Quetzaltenango cumple el...<\/p><\/div>\n                    <\/div><\/div><\/div>\n        <\/div>\n    <\/article><article class=\"eael-grid-post  eael-post-grid-column eael-pg-post-2709 category-exitos\" data-id=\"2709\">\n        <div class=\"eael-grid-post-holder\">\n            <div class=\"eael-grid-post-holder-inner\"><div class=\"eael-entry-media\"><div class=\"eael-entry-overlay fade-in\"><i class=\"fas fa-hand-pointer\" aria-hidden=\"true\"><\/i><a href=\"https:\/\/soymigrante.com\/revista\/migrante-guatemalteca-claudia-hernandez-dignifica-a-la-mujer\/\"><\/a><\/div><div class=\"eael-entry-thumbnail \">\n                <img loading=\"lazy\" decoding=\"async\" width=\"300\" height=\"193\" src=\"https:\/\/soymigrante.com\/revista\/wp-content\/uploads\/2023\/09\/clau-hern-300x193.webp\" class=\"attachment-medium size-medium wp-image-2886\" alt=\"Claudia D. Hern\u00e1ndez, migrante y escritora guatemalteca.\" srcset=\"https:\/\/soymigrante.com\/revista\/wp-content\/uploads\/2023\/09\/clau-hern-300x193.webp 300w, https:\/\/soymigrante.com\/revista\/wp-content\/uploads\/2023\/09\/clau-hern-1024x660.webp 1024w, https:\/\/soymigrante.com\/revista\/wp-content\/uploads\/2023\/09\/clau-hern-768x495.webp 768w, https:\/\/soymigrante.com\/revista\/wp-content\/uploads\/2023\/09\/clau-hern-750x483.webp 750w, https:\/\/soymigrante.com\/revista\/wp-content\/uploads\/2023\/09\/clau-hern-1140x735.webp 1140w, https:\/\/soymigrante.com\/revista\/wp-content\/uploads\/2023\/09\/clau-hern.webp 1187w\" sizes=\"(max-width: 300px) 100vw, 300px\" \/>\n            <\/div>\n        <\/div><div class=\"eael-entry-wrapper\"><header class=\"eael-entry-header\"><h2 class=\"eael-entry-title\"><a class=\"eael-grid-post-link\" href=\"https:\/\/soymigrante.com\/revista\/migrante-guatemalteca-claudia-hernandez-dignifica-a-la-mujer\/\" title=\"Migrante guatemalteca Claudia D. Hern\u00e1ndez  dignifica a las mujeres con arte y poes\u00eda\">Migrante guatemalteca Claudia D. Hern\u00e1ndez  dignifica a las mujeres con arte y poes\u00eda<\/a><\/h2><\/header><div class=\"eael-entry-content\">\n                        <div class=\"eael-grid-post-excerpt\"><p>Una traves\u00eda junto a su mam\u00e1, en busca de libertad...<\/p><\/div>\n                    <\/div><\/div><\/div>\n        <\/div>\n    <\/article><article class=\"eael-grid-post  eael-post-grid-column eael-pg-post-2623 category-exitos\" data-id=\"2623\">\n        <div class=\"eael-grid-post-holder\">\n            <div class=\"eael-grid-post-holder-inner\"><div class=\"eael-entry-media\"><div class=\"eael-entry-overlay fade-in\"><i class=\"fas fa-hand-pointer\" aria-hidden=\"true\"><\/i><a href=\"https:\/\/soymigrante.com\/revista\/maestra-guatemalteca-orienta-a-migrantes-en-oklahoma-e-e-u-u\/\"><\/a><\/div><div class=\"eael-entry-thumbnail \">\n                <img loading=\"lazy\" decoding=\"async\" width=\"300\" height=\"298\" src=\"https:\/\/soymigrante.com\/revista\/wp-content\/uploads\/2023\/09\/Saidy-fue-electa-como-senora-Guatemala-en-Oklahoma-cargo-que-obtuvo-por-su-proyeccion-social-con-la-comunidad-300x298.webp\" class=\"attachment-medium size-medium wp-image-2631\" alt=\"Saidy fue electa como se\u00f1ora Guatemala en Oklahoma cargo que obtuvo por su proyecci\u00f3n social con la comunidad\" srcset=\"https:\/\/soymigrante.com\/revista\/wp-content\/uploads\/2023\/09\/Saidy-fue-electa-como-senora-Guatemala-en-Oklahoma-cargo-que-obtuvo-por-su-proyeccion-social-con-la-comunidad-300x298.webp 300w, https:\/\/soymigrante.com\/revista\/wp-content\/uploads\/2023\/09\/Saidy-fue-electa-como-senora-Guatemala-en-Oklahoma-cargo-que-obtuvo-por-su-proyeccion-social-con-la-comunidad-150x150.webp 150w, https:\/\/soymigrante.com\/revista\/wp-content\/uploads\/2023\/09\/Saidy-fue-electa-como-senora-Guatemala-en-Oklahoma-cargo-que-obtuvo-por-su-proyeccion-social-con-la-comunidad-768x762.webp 768w, https:\/\/soymigrante.com\/revista\/wp-content\/uploads\/2023\/09\/Saidy-fue-electa-como-senora-Guatemala-en-Oklahoma-cargo-que-obtuvo-por-su-proyeccion-social-con-la-comunidad-75x75.webp 75w, https:\/\/soymigrante.com\/revista\/wp-content\/uploads\/2023\/09\/Saidy-fue-electa-como-senora-Guatemala-en-Oklahoma-cargo-que-obtuvo-por-su-proyeccion-social-con-la-comunidad-750x745.webp 750w, https:\/\/soymigrante.com\/revista\/wp-content\/uploads\/2023\/09\/Saidy-fue-electa-como-senora-Guatemala-en-Oklahoma-cargo-que-obtuvo-por-su-proyeccion-social-con-la-comunidad.webp 960w\" sizes=\"(max-width: 300px) 100vw, 300px\" \/>\n            <\/div>\n        <\/div><div class=\"eael-entry-wrapper\"><header class=\"eael-entry-header\"><h2 class=\"eael-entry-title\"><a class=\"eael-grid-post-link\" href=\"https:\/\/soymigrante.com\/revista\/maestra-guatemalteca-orienta-a-migrantes-en-oklahoma-e-e-u-u\/\" title=\"Maestra y migrante guatemalteca Saidy Orellana orienta a compatriotas en Oklahoma, E.E.U.U.\">Maestra y migrante guatemalteca Saidy Orellana orienta a compatriotas en Oklahoma, E.E.U.U.<\/a><\/h2><\/header><div class=\"eael-entry-content\">\n                        <div class=\"eael-grid-post-excerpt\"><p>Saidy Herrera, migrante guatemalteca preserva la historia y la identidad...<\/p><\/div>\n                    <\/div><\/div><\/div>\n        <\/div>\n    <\/article><article class=\"eael-grid-post  eael-post-grid-column eael-pg-post-208 category-exitos-guatemala tags-connecticut\" data-id=\"208\">\n        <div class=\"eael-grid-post-holder\">\n            <div class=\"eael-grid-post-holder-inner\"><div class=\"eael-entry-media\"><div class=\"eael-entry-overlay fade-in\"><i class=\"fas fa-hand-pointer\" aria-hidden=\"true\"><\/i><a href=\"https:\/\/soymigrante.com\/revista\/elisa-escamilla-emprendedora-invierte-en-guatemala\/\"><\/a><\/div><div class=\"eael-entry-thumbnail \">\n                <img loading=\"lazy\" decoding=\"async\" width=\"300\" height=\"183\" src=\"https:\/\/soymigrante.com\/revista\/wp-content\/uploads\/2023\/03\/SOY-ELISA-ESCAMILLA-ENTREVISTA-3-300x183.webp\" class=\"attachment-medium size-medium wp-image-944\" alt=\"Para Elisa Escamilla, el mayor \u00e9xito y su m\u00e1xima prioridad en la vida es su familia.\" srcset=\"https:\/\/soymigrante.com\/revista\/wp-content\/uploads\/2023\/03\/SOY-ELISA-ESCAMILLA-ENTREVISTA-3-300x183.webp 300w, https:\/\/soymigrante.com\/revista\/wp-content\/uploads\/2023\/03\/SOY-ELISA-ESCAMILLA-ENTREVISTA-3-1024x624.jpg 1024w, https:\/\/soymigrante.com\/revista\/wp-content\/uploads\/2023\/03\/SOY-ELISA-ESCAMILLA-ENTREVISTA-3-768x468.jpg 768w, https:\/\/soymigrante.com\/revista\/wp-content\/uploads\/2023\/03\/SOY-ELISA-ESCAMILLA-ENTREVISTA-3-1536x936.jpg 1536w, https:\/\/soymigrante.com\/revista\/wp-content\/uploads\/2023\/03\/SOY-ELISA-ESCAMILLA-ENTREVISTA-3-750x457.webp 750w, https:\/\/soymigrante.com\/revista\/wp-content\/uploads\/2023\/03\/SOY-ELISA-ESCAMILLA-ENTREVISTA-3-1140x694.jpg 1140w, https:\/\/soymigrante.com\/revista\/wp-content\/uploads\/2023\/03\/SOY-ELISA-ESCAMILLA-ENTREVISTA-3.webp 1768w\" sizes=\"(max-width: 300px) 100vw, 300px\" \/>\n            <\/div>\n        <\/div><div class=\"eael-entry-wrapper\"><header class=\"eael-entry-header\"><h2 class=\"eael-entry-title\"><a class=\"eael-grid-post-link\" href=\"https:\/\/soymigrante.com\/revista\/elisa-escamilla-emprendedora-invierte-en-guatemala\/\" title=\"Elisa Escamilla: una historia de amor, foto y grandes objetivos.\">Elisa Escamilla: una historia de amor, foto y grandes objetivos.<\/a><\/h2><\/header><div class=\"eael-entry-content\">\n                        <div class=\"eael-grid-post-excerpt\"><p>Elisa es emprendedora desde los 17 a\u00f1os, pero circunstancias del...<\/p><\/div>\n                    <\/div><\/div><\/div>\n        <\/div>\n    <\/article><\/div>\n            <div class=\"clearfix\"><\/div>\n        <\/div>\t\t\t\t<\/div>\n\t\t\t\t\t<\/div>\n\t\t<\/div>\n\t\t\t\t\t<\/div>\n\t\t<\/section>\n\t\t\t\t<\/div>\n\t\t","protected":false},"excerpt":{"rendered":"<p>La migrante guatemalteca Jessica Cliche dirige el \u00e1rea educativa y de proyecci\u00f3n comunitaria del Centro la Paz en Chattanooga, Tennessee. Anhela que m\u00e1s guatemaltecos migrantes, sobre todo mujeres y madres, se abran puertas de desarrollo educativo y laboral. J\u00e9ssica naci\u00f3 en EE.UU. y creci\u00f3 en Guatemala desde los 4 a\u00f1os. Lleg\u00f3 a Estados Unidos de [&hellip;]<\/p>\n","protected":false},"author":7,"featured_media":6897,"comment_status":"open","ping_status":"open","sticky":false,"template":"","format":"standard","meta":{"_acf_changed":false,"_eb_attr":"","footnotes":""},"categories":[50],"tags":[],"class_list":["post-6896","post","type-post","status-publish","format-standard","has-post-thumbnail","hentry","category-exitos"],"acf":[],"aioseo_notices":[],"aioseo_head":"\n\t\t<!-- All in One SEO Pro 4.9.6.2 - aioseo.com -->\n\t<meta name=\"description\" content=\"Elisa es emprendedora desde los 17 a\u00f1os, pero circunstancias del destino la llevaron a los 23 a\u00f1os hasta Connecticut, EE. UU. en donde se encuentra su coraz\u00f3n y desde donde dirige La Fototienda, en Guatemala Elisa Escamilla viaj\u00f3 a EE.UU. a los 23 a\u00f1os en un viaje tur\u00edstico que termin\u00f3 siendo una vida. Su primer\" \/>\n\t<meta name=\"robots\" content=\"max-snippet:-1, max-image-preview:large, max-video-preview:-1\" \/>\n\t<meta name=\"author\" content=\"Gustavo Montenegro\"\/>\n\t<link rel=\"canonical\" href=\"https:\/\/soymigrante.com\/revista\/elisa-escamilla-emprendedora-invierte-en-guatemala\/\" \/>\n\t<meta name=\"generator\" content=\"All in One SEO Pro (AIOSEO) 4.9.6.2\" \/>\n\n\t\t<link rel=\"preconnect\" href=\"https:\/\/fonts.googleapis.com\" crossorigin>\n<link rel=\"preconnect\" href=\"https:\/\/fonts.gstatic.com\" crossorigin>\n\t\t<meta property=\"og:locale\" content=\"es_ES\" \/>\n\t\t<meta property=\"og:site_name\" content=\"SoyMigrante.com REVISTA \u2013 Nuestra misi\u00f3n es reconocer y dignificar al migrante.\" \/>\n\t\t<meta property=\"og:type\" content=\"article\" \/>\n\t\t<meta property=\"og:title\" content=\"Elisa Escamilla: una historia de amor, foto y grandes objetivos.\" \/>\n\t\t<meta property=\"og:description\" content=\"Elisa es emprendedora desde los 17 a\u00f1os, pero circunstancias del destino la llevaron a los 23 a\u00f1os hasta Connecticut, EE. UU. en donde se encuentra su coraz\u00f3n y desde donde dirige La Fototienda, en Guatemala Elisa Escamilla viaj\u00f3 a EE.UU. a los 23 a\u00f1os en un viaje tur\u00edstico que termin\u00f3 siendo una vida. Su primer\" \/>\n\t\t<meta property=\"og:url\" content=\"https:\/\/soymigrante.com\/revista\/elisa-escamilla-emprendedora-invierte-en-guatemala\/\" \/>\n\t\t<meta property=\"og:image\" content=\"https:\/\/soymigrante.com\/revista\/wp-content\/uploads\/2023\/03\/SOY-ELISA-ESCAMILLA-ENTREVISTA-3.webp\" \/>\n\t\t<meta property=\"og:image:secure_url\" content=\"https:\/\/soymigrante.com\/revista\/wp-content\/uploads\/2023\/03\/SOY-ELISA-ESCAMILLA-ENTREVISTA-3.webp\" \/>\n\t\t<meta property=\"og:image:width\" content=\"1768\" \/>\n\t\t<meta property=\"og:image:height\" content=\"1077\" \/>\n\t\t<meta property=\"article:published_time\" content=\"2023-05-25T00:10:58+00:00\" \/>\n\t\t<meta property=\"article:modified_time\" content=\"2026-03-11T20:40:59+00:00\" \/>\n\t\t<meta property=\"article:publisher\" content=\"https:\/\/www.facebook.com\/soymigrantecom\" \/>\n\t\t<meta name=\"twitter:card\" content=\"summary_large_image\" \/>\n\t\t<meta name=\"twitter:site\" content=\"@SoyMigrante_com\" \/>\n\t\t<meta name=\"twitter:title\" content=\"Elisa Escamilla: una historia de amor, foto y grandes objetivos.\" \/>\n\t\t<meta name=\"twitter:description\" content=\"Elisa es emprendedora desde los 17 a\u00f1os, pero circunstancias del destino la llevaron a los 23 a\u00f1os hasta Connecticut, EE. UU. en donde se encuentra su coraz\u00f3n y desde donde dirige La Fototienda, en Guatemala Elisa Escamilla viaj\u00f3 a EE.UU. a los 23 a\u00f1os en un viaje tur\u00edstico que termin\u00f3 siendo una vida. Su primer\" \/>\n\t\t<meta name=\"twitter:creator\" content=\"@SoyMigrante_com\" \/>\n\t\t<meta name=\"twitter:image\" content=\"https:\/\/soymigrante.com\/revista\/wp-content\/uploads\/2023\/03\/SOY-ELISA-ESCAMILLA-ENTREVISTA-3.webp\" \/>\n\t\t<!-- All in One SEO Pro -->\r\n\t\t<title>Elisa Escamilla: una historia de amor, foto y grandes objetivos.<\/title>\n\n","aioseo_head_json":{"title":"Elisa Escamilla: una historia de amor, foto y grandes objetivos.","description":"Elisa es emprendedora desde los 17 a\u00f1os, pero circunstancias del destino la llevaron a los 23 a\u00f1os hasta Connecticut, EE. UU. en donde se encuentra su coraz\u00f3n y desde donde dirige La Fototienda, en Guatemala Elisa Escamilla viaj\u00f3 a EE.UU. a los 23 a\u00f1os en un viaje tur\u00edstico que termin\u00f3 siendo una vida. Su primer","canonical_url":"https:\/\/soymigrante.com\/revista\/elisa-escamilla-emprendedora-invierte-en-guatemala\/","robots":"max-snippet:-1, max-image-preview:large, max-video-preview:-1","keywords":"","webmasterTools":{"miscellaneous":"&lt;link rel=\"preconnect\" href=\"https:\/\/fonts.googleapis.com\" crossorigin&gt;\n&lt;link rel=\"preconnect\" href=\"https:\/\/fonts.gstatic.com\" crossorigin&gt;"},"schema":null,"og:locale":"es_ES","og:site_name":"SoyMigrante.com REVISTA \u2013 Nuestra misi\u00f3n es reconocer y dignificar al migrante.","og:type":"article","og:title":"Elisa Escamilla: una historia de amor, foto y grandes objetivos.","og:description":"Elisa es emprendedora desde los 17 a\u00f1os, pero circunstancias del destino la llevaron a los 23 a\u00f1os hasta Connecticut, EE. UU. en donde se encuentra su coraz\u00f3n y desde donde dirige La Fototienda, en Guatemala Elisa Escamilla viaj\u00f3 a EE.UU. a los 23 a\u00f1os en un viaje tur\u00edstico que termin\u00f3 siendo una vida. Su primer","og:url":"https:\/\/soymigrante.com\/revista\/elisa-escamilla-emprendedora-invierte-en-guatemala\/","og:image":"https:\/\/soymigrante.com\/revista\/wp-content\/uploads\/2023\/03\/SOY-ELISA-ESCAMILLA-ENTREVISTA-3.webp","og:image:secure_url":"https:\/\/soymigrante.com\/revista\/wp-content\/uploads\/2023\/03\/SOY-ELISA-ESCAMILLA-ENTREVISTA-3.webp","og:image:width":1768,"og:image:height":1077,"article:published_time":"2023-05-25T00:10:58+00:00","article:modified_time":"2026-03-11T20:40:59+00:00","article:publisher":"https:\/\/www.facebook.com\/soymigrantecom","twitter:card":"summary_large_image","twitter:site":"@SoyMigrante_com","twitter:title":"Elisa Escamilla: una historia de amor, foto y grandes objetivos.","twitter:description":"Elisa es emprendedora desde los 17 a\u00f1os, pero circunstancias del destino la llevaron a los 23 a\u00f1os hasta Connecticut, EE. UU. en donde se encuentra su coraz\u00f3n y desde donde dirige La Fototienda, en Guatemala Elisa Escamilla viaj\u00f3 a EE.UU. a los 23 a\u00f1os en un viaje tur\u00edstico que termin\u00f3 siendo una vida. Su primer","twitter:creator":"@SoyMigrante_com","twitter:image":"https:\/\/soymigrante.com\/revista\/wp-content\/uploads\/2023\/03\/SOY-ELISA-ESCAMILLA-ENTREVISTA-3.webp"},"aioseo_meta_data":{"post_id":"6896","title":"Migrante y educadora Jessica Clich\u00e9 encontr\u00f3 La Paz en Chattanooga","description":"Migrante guatemalteca dirige \u00e1rea educativa del centro La Paz, de Chattanooga Tennessee, pero su propio viaje de aprendizaje es inspirador. Esta es su historia.","keywords":null,"keyphrases":{"focus":{"keyphrase":"Guatemalteca","score":68,"analysis":{"keyphraseInTitle":{"score":3,"maxScore":9,"error":1},"keyphraseInDescription":{"score":9,"maxScore":9,"error":0},"keyphraseLength":{"score":9,"maxScore":9,"error":0,"length":1},"keyphraseInURL":{"score":1,"maxScore":5,"error":1},"keyphraseInIntroduction":{"score":3,"maxScore":9,"error":1},"keyphraseInSubHeadings":{"score":3,"maxScore":9,"error":1},"keyphraseInImageAlt":{"score":9,"maxScore":9,"error":0},"keywordDensity":{"type":"best","score":9,"maxScore":9,"error":0}}},"additional":[{"keyphrase":"Migrante","score":87,"analysis":{"keyphraseInDescription":{"score":9,"maxScore":9,"error":0},"keyphraseLength":{"score":9,"maxScore":9,"error":0,"length":1},"keyphraseInIntroduction":{"score":3,"maxScore":9,"error":1},"keyphraseInImageAlt":{"score":9,"maxScore":9,"error":0},"keywordDensity":{"type":"best","score":9,"maxScore":9,"error":0}}}]},"primary_term":null,"canonical_url":null,"og_title":null,"og_description":null,"og_object_type":"default","og_image_type":"default","og_image_url":null,"og_image_width":null,"og_image_height":null,"og_image_custom_url":null,"og_image_custom_fields":null,"og_video":"","og_custom_url":null,"og_article_section":null,"og_article_tags":null,"twitter_use_og":false,"twitter_card":"default","twitter_image_type":"default","twitter_image_url":null,"twitter_image_custom_url":null,"twitter_image_custom_fields":null,"twitter_title":null,"twitter_description":null,"schema":{"blockGraphs":[],"customGraphs":[],"default":{"data":{"Article":[],"Course":[],"Dataset":[],"FAQPage":[],"Movie":[],"Person":[],"Product":[],"ProductReview":[],"Car":[],"Recipe":[],"Service":[],"SoftwareApplication":[],"WebPage":[]},"graphName":"Article","isEnabled":true},"graphs":[]},"schema_type":"default","schema_type_options":null,"pillar_content":false,"robots_default":true,"robots_noindex":false,"robots_noarchive":false,"robots_nosnippet":false,"robots_nofollow":false,"robots_noimageindex":false,"robots_noodp":false,"robots_notranslate":false,"robots_max_snippet":"-1","robots_max_videopreview":"-1","robots_max_imagepreview":"large","priority":null,"frequency":"default","local_seo":null,"seo_analyzer_scan_date":"2025-10-08 22:02:33","breadcrumb_settings":null,"limit_modified_date":false,"reviewed_by":null,"open_ai":"{\"title\":{\"suggestions\":[],\"usage\":0},\"description\":{\"suggestions\":[],\"usage\":0}}","ai":null,"created":"2024-06-10 17:55:34","updated":"2026-02-04 11:57:27"},"aioseo_breadcrumb":"<div class=\"aioseo-breadcrumbs\"><span class=\"aioseo-breadcrumb\">\n\t<a href=\"https:\/\/soymigrante.com\/revista\" title=\"Home\">Home<\/a>\n<\/span><span class=\"aioseo-breadcrumb-separator\">\u00bb<\/span><span class=\"aioseo-breadcrumb\">\n\t<a href=\"https:\/\/soymigrante.com\/revista\/category\/exitos\/\" title=\"\u00c9xitos\">\u00c9xitos<\/a>\n<\/span><span class=\"aioseo-breadcrumb-separator\">\u00bb<\/span><span class=\"aioseo-breadcrumb\">\n\tEn busca de un sue\u00f1o Jessica Clich\u00e9 encontr\u00f3 La Paz en Chattanooga\n<\/span><\/div>","aioseo_breadcrumb_json":[{"label":"Home","link":"https:\/\/soymigrante.com\/revista"},{"label":"\u00c9xitos","link":"https:\/\/soymigrante.com\/revista\/category\/exitos\/"},{"label":"En busca de un sue\u00f1o Jessica Clich\u00e9 encontr\u00f3 La Paz en Chattanooga","link":"https:\/\/soymigrante.com\/revista\/en-busca-de-un-sueno-jessica-cliche-encontro-la-paz-en-chattanooga\/"}],"_links":{"self":[{"href":"https:\/\/soymigrante.com\/revista\/wp-json\/wp\/v2\/posts\/6896","targetHints":{"allow":["GET"]}}],"collection":[{"href":"https:\/\/soymigrante.com\/revista\/wp-json\/wp\/v2\/posts"}],"about":[{"href":"https:\/\/soymigrante.com\/revista\/wp-json\/wp\/v2\/types\/post"}],"author":[{"embeddable":true,"href":"https:\/\/soymigrante.com\/revista\/wp-json\/wp\/v2\/users\/7"}],"replies":[{"embeddable":true,"href":"https:\/\/soymigrante.com\/revista\/wp-json\/wp\/v2\/comments?post=6896"}],"version-history":[{"count":0,"href":"https:\/\/soymigrante.com\/revista\/wp-json\/wp\/v2\/posts\/6896\/revisions"}],"wp:featuredmedia":[{"embeddable":true,"href":"https:\/\/soymigrante.com\/revista\/wp-json\/wp\/v2\/media\/6897"}],"wp:attachment":[{"href":"https:\/\/soymigrante.com\/revista\/wp-json\/wp\/v2\/media?parent=6896"}],"wp:term":[{"taxonomy":"category","embeddable":true,"href":"https:\/\/soymigrante.com\/revista\/wp-json\/wp\/v2\/categories?post=6896"},{"taxonomy":"post_tag","embeddable":true,"href":"https:\/\/soymigrante.com\/revista\/wp-json\/wp\/v2\/tags?post=6896"}],"curies":[{"name":"wp","href":"https:\/\/api.w.org\/{rel}","templated":true}]}}