{"id":6872,"date":"2024-06-07T17:35:58","date_gmt":"2024-06-07T23:35:58","guid":{"rendered":"https:\/\/soymigrante.com\/revista\/?p=6872"},"modified":"2024-07-27T04:29:41","modified_gmt":"2024-07-27T10:29:41","slug":"un-domingo-cualquiera-es-especial-en-la-antigua-guatemala","status":"publish","type":"post","link":"https:\/\/soymigrante.com\/revista\/un-domingo-cualquiera-es-especial-en-la-antigua-guatemala\/","title":{"rendered":"Un domingo cualquiera es tan especial en La Antigua Guatemala"},"content":{"rendered":"\t\t<div data-elementor-type=\"wp-post\" data-elementor-id=\"6872\" class=\"elementor elementor-6872\" data-elementor-post-type=\"post\">\n\t\t\t\t\t\t<section data-particle_enable=\"false\" data-particle-mobile-disabled=\"false\" class=\"elementor-section elementor-top-section elementor-element elementor-element-0738b4f elementor-section-boxed elementor-section-height-default elementor-section-height-default\" data-id=\"0738b4f\" data-element_type=\"section\" data-e-type=\"section\">\n\t\t\t\t\t\t<div class=\"elementor-container elementor-column-gap-default\">\n\t\t\t\t\t<div class=\"elementor-column elementor-col-100 elementor-top-column elementor-element elementor-element-3bce6ae\" data-id=\"3bce6ae\" data-element_type=\"column\" data-e-type=\"column\">\n\t\t\t<div class=\"elementor-widget-wrap elementor-element-populated\">\n\t\t\t\t\t\t<div class=\"elementor-element elementor-element-b082867 elementor-widget elementor-widget-heading\" data-id=\"b082867\" data-element_type=\"widget\" data-e-type=\"widget\" data-widget_type=\"heading.default\">\n\t\t\t\t\t<h2 class=\"elementor-heading-title elementor-size-default\">Quiz\u00e1 recuerdes as\u00ed un d\u00eda en La Antigua Guatemala o tal vez no. Este es un simple paseo por instantes, rostros, piedras, muros, pero todos dicen algo... o  tratamos de adivinarlo. Se vale interactuar e inventar algo m\u00e1s.<\/h2>\t\t\t\t<\/div>\n\t\t\t\t\t<\/div>\n\t\t<\/div>\n\t\t\t\t\t<\/div>\n\t\t<\/section>\n\t\t\t\t<section data-particle_enable=\"false\" data-particle-mobile-disabled=\"false\" class=\"elementor-section elementor-top-section elementor-element elementor-element-bf85166 elementor-section-boxed elementor-section-height-default elementor-section-height-default\" data-id=\"bf85166\" data-element_type=\"section\" data-e-type=\"section\">\n\t\t\t\t\t\t<div class=\"elementor-container elementor-column-gap-default\">\n\t\t\t\t\t<div class=\"elementor-column elementor-col-100 elementor-top-column elementor-element elementor-element-946b7a2\" data-id=\"946b7a2\" data-element_type=\"column\" data-e-type=\"column\">\n\t\t\t<div class=\"elementor-widget-wrap elementor-element-populated\">\n\t\t\t\t\t\t<div class=\"elementor-element elementor-element-3a4cfcd elementor-widget elementor-widget-text-editor\" data-id=\"3a4cfcd\" data-element_type=\"widget\" data-e-type=\"widget\" data-widget_type=\"text-editor.default\">\n\t\t\t\t\t\t\t\t\t<p>Desde que pones un pie en la <a href=\"https:\/\/soymigrante.com\/revista\/antigua-guatemala-arco-de-santa-catalina-tesoro-colonial-patrimonio\/\">Antigua Guatemala<\/a>, su esencia de caf\u00e9 con miel, de pan dulce Cuchi Cuchi y de panes con pierna, con chile relleno, tostadas de salsa y de frijol en el parquecito del Tanque La Uni\u00f3n o en la plazoleta de La Merced, toda su paz, alegr\u00eda, hermandad y luz colonial se mete por los ojos, por la nariz, por las manos que tocan un muro tricentenario o los pilares del palacio de los Capitanes Generales.\u00a0<\/p><p>Todo visitante, guatemalteco, extranjero o migrante que regresa unos d\u00edas a su tierra amada, se encuentra siempre con una Antigua siempre nueva,\u00a0 con un recuerdo renovado de siglos y siglos que siguen a veces de pie, a veces en ruina.<\/p>\t\t\t\t\t\t\t\t<\/div>\n\t\t\t\t\t<\/div>\n\t\t<\/div>\n\t\t\t\t\t<\/div>\n\t\t<\/section>\n\t\t\t\t<section data-particle_enable=\"false\" data-particle-mobile-disabled=\"false\" class=\"elementor-section elementor-top-section elementor-element elementor-element-c51e3cc elementor-section-boxed elementor-section-height-default elementor-section-height-default\" data-id=\"c51e3cc\" data-element_type=\"section\" data-e-type=\"section\">\n\t\t\t\t\t\t<div class=\"elementor-container elementor-column-gap-default\">\n\t\t\t\t\t<div class=\"elementor-column elementor-col-100 elementor-top-column elementor-element elementor-element-5d4a5e6\" data-id=\"5d4a5e6\" data-element_type=\"column\" data-e-type=\"column\">\n\t\t\t<div class=\"elementor-widget-wrap elementor-element-populated\">\n\t\t\t\t\t\t<div class=\"elementor-element elementor-element-443d149 elementor-widget elementor-widget-image\" data-id=\"443d149\" data-element_type=\"widget\" data-e-type=\"widget\" data-widget_type=\"image.default\">\n\t\t\t\t\t\t\t\t\t\t\t\t\t\t\t<img fetchpriority=\"high\" decoding=\"async\" width=\"768\" height=\"513\" src=\"https:\/\/soymigrante.com\/revista\/wp-content\/uploads\/2024\/06\/Antigua-Guatemala-colonial-y-moderna-Imagenes-y-sabores-5-1024x684.webp\" class=\"attachment-large size-large wp-image-6881\" alt=\"M\u00fasicos callejeros tocando en un pasillo colonial en una escena vibrante en Ciudad de Guatemala, mostrando cultura y entretenimiento en la comunidad.\" srcset=\"https:\/\/soymigrante.com\/revista\/wp-content\/uploads\/2024\/06\/Antigua-Guatemala-colonial-y-moderna-Imagenes-y-sabores-5-1024x684.webp 1024w, https:\/\/soymigrante.com\/revista\/wp-content\/uploads\/2024\/06\/Antigua-Guatemala-colonial-y-moderna-Imagenes-y-sabores-5-300x200.webp 300w, https:\/\/soymigrante.com\/revista\/wp-content\/uploads\/2024\/06\/Antigua-Guatemala-colonial-y-moderna-Imagenes-y-sabores-5-768x513.webp 768w, https:\/\/soymigrante.com\/revista\/wp-content\/uploads\/2024\/06\/Antigua-Guatemala-colonial-y-moderna-Imagenes-y-sabores-5-750x501.webp 750w, https:\/\/soymigrante.com\/revista\/wp-content\/uploads\/2024\/06\/Antigua-Guatemala-colonial-y-moderna-Imagenes-y-sabores-5.webp 1130w\" sizes=\"(max-width: 768px) 100vw, 768px\" title=\"Antigua Guatemala, colonial y moderna, foto ensayo de Gustavo Montenegro. \u2013 SoyMigrante.com REVISTA\" \/>\t\t\t\t\t\t\t\t\t\t\t\t\t\t\t<\/div>\n\t\t\t\t\t<\/div>\n\t\t<\/div>\n\t\t\t\t\t<\/div>\n\t\t<\/section>\n\t\t\t\t<section data-particle_enable=\"false\" data-particle-mobile-disabled=\"false\" class=\"elementor-section elementor-top-section elementor-element elementor-element-764ff4b elementor-section-boxed elementor-section-height-default elementor-section-height-default\" data-id=\"764ff4b\" data-element_type=\"section\" data-e-type=\"section\">\n\t\t\t\t\t\t<div class=\"elementor-container elementor-column-gap-default\">\n\t\t\t\t\t<div class=\"elementor-column elementor-col-100 elementor-top-column elementor-element elementor-element-50936e5\" data-id=\"50936e5\" data-element_type=\"column\" data-e-type=\"column\">\n\t\t\t<div class=\"elementor-widget-wrap elementor-element-populated\">\n\t\t\t\t\t\t<div class=\"elementor-element elementor-element-9eaf4af elementor-widget elementor-widget-text-editor\" data-id=\"9eaf4af\" data-element_type=\"widget\" data-e-type=\"widget\" data-widget_type=\"text-editor.default\">\n\t\t\t\t\t\t\t\t\t<p>Truena la marimba en los arcos del tiempo. Ayuntamiento lleno de visitantes, vecinos, transe\u00fanes, curiosos, vendedores, guatemaltecos o extranjeros en busca del tiempo que se ha comprimido en una c\u00e1psula de tarde de domingo. Tun tun tun, el bajo lleva la melod\u00eda, pero la verdadera memoria est\u00e1 en las teclas del hormigo en incesante canci\u00f3n. Y si puede, por favor, deje una donaci\u00f3n.<\/p>\t\t\t\t\t\t\t\t<\/div>\n\t\t\t\t\t<\/div>\n\t\t<\/div>\n\t\t\t\t\t<\/div>\n\t\t<\/section>\n\t\t\t\t<section data-particle_enable=\"false\" data-particle-mobile-disabled=\"false\" class=\"elementor-section elementor-top-section elementor-element elementor-element-bc231d0 elementor-section-boxed elementor-section-height-default elementor-section-height-default\" data-id=\"bc231d0\" data-element_type=\"section\" data-e-type=\"section\">\n\t\t\t\t\t\t<div class=\"elementor-container elementor-column-gap-default\">\n\t\t\t\t\t<div class=\"elementor-column elementor-col-100 elementor-top-column elementor-element elementor-element-015afa3\" data-id=\"015afa3\" data-element_type=\"column\" data-e-type=\"column\">\n\t\t\t<div class=\"elementor-widget-wrap elementor-element-populated\">\n\t\t\t\t\t\t<div class=\"elementor-element elementor-element-4357566 elementor-widget elementor-widget-image\" data-id=\"4357566\" data-element_type=\"widget\" data-e-type=\"widget\" data-widget_type=\"image.default\">\n\t\t\t\t\t\t\t\t\t\t\t\t\t\t\t<img decoding=\"async\" width=\"768\" height=\"521\" src=\"https:\/\/soymigrante.com\/revista\/wp-content\/uploads\/2024\/06\/Antigua-Guatemala-colonial-y-moderna-Imagenes-y-sabores-9-1024x695.webp\" class=\"attachment-large size-large wp-image-6882\" alt=\"Escudo her\u00e1ldico en relieve en una pared de estilo colonial, s\u00edmbolo de historia y cultura en M\u00e9xico.\" srcset=\"https:\/\/soymigrante.com\/revista\/wp-content\/uploads\/2024\/06\/Antigua-Guatemala-colonial-y-moderna-Imagenes-y-sabores-9-1024x695.webp 1024w, https:\/\/soymigrante.com\/revista\/wp-content\/uploads\/2024\/06\/Antigua-Guatemala-colonial-y-moderna-Imagenes-y-sabores-9-300x204.webp 300w, https:\/\/soymigrante.com\/revista\/wp-content\/uploads\/2024\/06\/Antigua-Guatemala-colonial-y-moderna-Imagenes-y-sabores-9-768x521.webp 768w, https:\/\/soymigrante.com\/revista\/wp-content\/uploads\/2024\/06\/Antigua-Guatemala-colonial-y-moderna-Imagenes-y-sabores-9-750x509.webp 750w, https:\/\/soymigrante.com\/revista\/wp-content\/uploads\/2024\/06\/Antigua-Guatemala-colonial-y-moderna-Imagenes-y-sabores-9-1140x773.webp 1140w, https:\/\/soymigrante.com\/revista\/wp-content\/uploads\/2024\/06\/Antigua-Guatemala-colonial-y-moderna-Imagenes-y-sabores-9.webp 1160w\" sizes=\"(max-width: 768px) 100vw, 768px\" title=\"Antigua Guatemala, ensayo fotografico de Gustavo Monrtenegro \u2013 SoyMigrante.com REVISTA\" \/>\t\t\t\t\t\t\t\t\t\t\t\t\t\t\t<\/div>\n\t\t\t\t\t<\/div>\n\t\t<\/div>\n\t\t\t\t\t<\/div>\n\t\t<\/section>\n\t\t\t\t<section data-particle_enable=\"false\" data-particle-mobile-disabled=\"false\" class=\"elementor-section elementor-top-section elementor-element elementor-element-3dac569 elementor-section-boxed elementor-section-height-default elementor-section-height-default\" data-id=\"3dac569\" data-element_type=\"section\" data-e-type=\"section\">\n\t\t\t\t\t\t<div class=\"elementor-container elementor-column-gap-default\">\n\t\t\t\t\t<div class=\"elementor-column elementor-col-100 elementor-top-column elementor-element elementor-element-ed279b7\" data-id=\"ed279b7\" data-element_type=\"column\" data-e-type=\"column\">\n\t\t\t<div class=\"elementor-widget-wrap elementor-element-populated\">\n\t\t\t\t\t\t<div class=\"elementor-element elementor-element-6a508b0 elementor-widget elementor-widget-text-editor\" data-id=\"6a508b0\" data-element_type=\"widget\" data-e-type=\"widget\" data-widget_type=\"text-editor.default\">\n\t\t\t\t\t\t\t\t\t<p><a href=\"https:\/\/soymigrante.com\/revista\/antigua-guatemala-arco-de-santa-catalina-tesoro-colonial-patrimonio\/\">Antigua Guatemala<\/a>: S\u00edmbolos imponentes que hablan de reinos y saberes que, como la mujer de Lot voltearon a ver al pasado y se <a href=\"https:\/\/soymigrante.com\/revista\/joyas-de-antigua-guatemala-7-datos-de-las-ruinas-de-santa-clara\/\">convirtieron en piedra<\/a>. Hablan en su mudez de cal y canto. Castilla y Le\u00f3n fusionados con la tierra de los mayas. Pase adelante a conocer la antigua Universidad de San Carlos. Atr\u00e9vase a verse en el espejo de antiguas pinturas y ladrillos hechos de barro que alguna vez fue monta\u00f1a, llanura o volc\u00e1n.<\/p>\t\t\t\t\t\t\t\t<\/div>\n\t\t\t\t\t<\/div>\n\t\t<\/div>\n\t\t\t\t\t<\/div>\n\t\t<\/section>\n\t\t\t\t<section data-particle_enable=\"false\" data-particle-mobile-disabled=\"false\" class=\"elementor-section elementor-top-section elementor-element elementor-element-ce704bf elementor-section-boxed elementor-section-height-default elementor-section-height-default\" data-id=\"ce704bf\" data-element_type=\"section\" data-e-type=\"section\">\n\t\t\t\t\t\t<div class=\"elementor-container elementor-column-gap-default\">\n\t\t\t\t\t<div class=\"elementor-column elementor-col-100 elementor-top-column elementor-element elementor-element-4fd36fb\" data-id=\"4fd36fb\" data-element_type=\"column\" data-e-type=\"column\">\n\t\t\t<div class=\"elementor-widget-wrap elementor-element-populated\">\n\t\t\t\t\t\t<div class=\"elementor-element elementor-element-67aa26f elementor-widget elementor-widget-image\" data-id=\"67aa26f\" data-element_type=\"widget\" data-e-type=\"widget\" data-widget_type=\"image.default\">\n\t\t\t\t\t\t\t\t\t\t\t\t\t\t\t<img decoding=\"async\" width=\"768\" height=\"550\" src=\"https:\/\/soymigrante.com\/revista\/wp-content\/uploads\/2024\/06\/Antigua-Guatemala-colonial-y-moderna-Imagenes-y-sabores-6-1024x733.webp\" class=\"attachment-large size-large wp-image-6883\" alt=\"Perro callejero descansando en la acera, imagen de animales en situaci\u00f3n vulnerable, refugio y adopci\u00f3n de perros, conciencia sobre maltrato animal, protecci\u00f3n de mascotas en Latinoam\u00e9rica.\" srcset=\"https:\/\/soymigrante.com\/revista\/wp-content\/uploads\/2024\/06\/Antigua-Guatemala-colonial-y-moderna-Imagenes-y-sabores-6-1024x733.webp 1024w, https:\/\/soymigrante.com\/revista\/wp-content\/uploads\/2024\/06\/Antigua-Guatemala-colonial-y-moderna-Imagenes-y-sabores-6-300x215.webp 300w, https:\/\/soymigrante.com\/revista\/wp-content\/uploads\/2024\/06\/Antigua-Guatemala-colonial-y-moderna-Imagenes-y-sabores-6-768x550.webp 768w, https:\/\/soymigrante.com\/revista\/wp-content\/uploads\/2024\/06\/Antigua-Guatemala-colonial-y-moderna-Imagenes-y-sabores-6-120x86.webp 120w, https:\/\/soymigrante.com\/revista\/wp-content\/uploads\/2024\/06\/Antigua-Guatemala-colonial-y-moderna-Imagenes-y-sabores-6-350x250.webp 350w, https:\/\/soymigrante.com\/revista\/wp-content\/uploads\/2024\/06\/Antigua-Guatemala-colonial-y-moderna-Imagenes-y-sabores-6-750x537.webp 750w, https:\/\/soymigrante.com\/revista\/wp-content\/uploads\/2024\/06\/Antigua-Guatemala-colonial-y-moderna-Imagenes-y-sabores-6.webp 1058w\" sizes=\"(max-width: 768px) 100vw, 768px\" title=\"Antigua Guatemala colonial y moderna Imagenes y sabores 6 \u2013 SoyMigrante.com REVISTA\" \/>\t\t\t\t\t\t\t\t\t\t\t\t\t\t\t<\/div>\n\t\t\t\t\t<\/div>\n\t\t<\/div>\n\t\t\t\t\t<\/div>\n\t\t<\/section>\n\t\t\t\t<section data-particle_enable=\"false\" data-particle-mobile-disabled=\"false\" class=\"elementor-section elementor-top-section elementor-element elementor-element-0a1d98f elementor-section-boxed elementor-section-height-default elementor-section-height-default\" data-id=\"0a1d98f\" data-element_type=\"section\" data-e-type=\"section\">\n\t\t\t\t\t\t<div class=\"elementor-container elementor-column-gap-default\">\n\t\t\t\t\t<div class=\"elementor-column elementor-col-100 elementor-top-column elementor-element elementor-element-9f125f9\" data-id=\"9f125f9\" data-element_type=\"column\" data-e-type=\"column\">\n\t\t\t<div class=\"elementor-widget-wrap elementor-element-populated\">\n\t\t\t\t\t\t<div class=\"elementor-element elementor-element-588acbd elementor-widget elementor-widget-text-editor\" data-id=\"588acbd\" data-element_type=\"widget\" data-e-type=\"widget\" data-widget_type=\"text-editor.default\">\n\t\t\t\t\t\t\t\t\t<p>Pero todo esto va muy serio y al chucho que est\u00e1 frente a la Casa de la Cultura solo le importa qu\u00e9 habr\u00e1 de comer en este d\u00eda. Espera, con paciencia irracional. Su majestad no se quita y la gente tiene que rodear. Es manso, noble y leal, pero por si las dudas, mejor evitar. Al fin y al cabo, tambi\u00e9n hubo chuchos en los tiempos de gloria de la Muy Noble y Muy Leal ciudad de <a href=\"https:\/\/soymigrante.com\/revista\/antigua-guatemala-arco-de-santa-catalina-tesoro-colonial-patrimonio\/\">Santiago de los Caballeros.<\/a><\/p>\t\t\t\t\t\t\t\t<\/div>\n\t\t\t\t\t<\/div>\n\t\t<\/div>\n\t\t\t\t\t<\/div>\n\t\t<\/section>\n\t\t\t\t<section data-particle_enable=\"false\" data-particle-mobile-disabled=\"false\" class=\"elementor-section elementor-top-section elementor-element elementor-element-70c0599 elementor-section-boxed elementor-section-height-default elementor-section-height-default\" data-id=\"70c0599\" data-element_type=\"section\" data-e-type=\"section\">\n\t\t\t\t\t\t<div class=\"elementor-container elementor-column-gap-default\">\n\t\t\t\t\t<div class=\"elementor-column elementor-col-100 elementor-top-column elementor-element elementor-element-bb1da05\" data-id=\"bb1da05\" data-element_type=\"column\" data-e-type=\"column\">\n\t\t\t<div class=\"elementor-widget-wrap elementor-element-populated\">\n\t\t\t\t\t\t<div class=\"elementor-element elementor-element-ccdf821 elementor-widget elementor-widget-image\" data-id=\"ccdf821\" data-element_type=\"widget\" data-e-type=\"widget\" data-widget_type=\"image.default\">\n\t\t\t\t\t\t\t\t\t\t\t\t\t\t\t<img loading=\"lazy\" decoding=\"async\" width=\"768\" height=\"507\" src=\"https:\/\/soymigrante.com\/revista\/wp-content\/uploads\/2024\/06\/Antigua-Guatemala-colonial-y-moderna-Imagenes-y-sabores-4-1024x676.webp\" class=\"attachment-large size-large wp-image-6884\" alt=\"Bar de agua en Templo de San Francisco en Antigua Guatemala, turistas disfrutando del d\u00eda en un lugar tur\u00edstico, con palmeras, arquitectura colonial y monta\u00f1as en el fondo, en un ambiente cultural y tradicional.\" srcset=\"https:\/\/soymigrante.com\/revista\/wp-content\/uploads\/2024\/06\/Antigua-Guatemala-colonial-y-moderna-Imagenes-y-sabores-4-1024x676.webp 1024w, https:\/\/soymigrante.com\/revista\/wp-content\/uploads\/2024\/06\/Antigua-Guatemala-colonial-y-moderna-Imagenes-y-sabores-4-300x198.webp 300w, https:\/\/soymigrante.com\/revista\/wp-content\/uploads\/2024\/06\/Antigua-Guatemala-colonial-y-moderna-Imagenes-y-sabores-4-768x507.webp 768w, https:\/\/soymigrante.com\/revista\/wp-content\/uploads\/2024\/06\/Antigua-Guatemala-colonial-y-moderna-Imagenes-y-sabores-4-750x495.webp 750w, https:\/\/soymigrante.com\/revista\/wp-content\/uploads\/2024\/06\/Antigua-Guatemala-colonial-y-moderna-Imagenes-y-sabores-4-1140x752.webp 1140w, https:\/\/soymigrante.com\/revista\/wp-content\/uploads\/2024\/06\/Antigua-Guatemala-colonial-y-moderna-Imagenes-y-sabores-4.webp 1258w\" sizes=\"(max-width: 768px) 100vw, 768px\" title=\"Ensayo fotogr\u00e1fico de Antigua Guatemala por Gustavo MOntenegro \u2013 SoyMigrante.com REVISTA\" \/>\t\t\t\t\t\t\t\t\t\t\t\t\t\t\t<\/div>\n\t\t\t\t\t<\/div>\n\t\t<\/div>\n\t\t\t\t\t<\/div>\n\t\t<\/section>\n\t\t\t\t<section data-particle_enable=\"false\" data-particle-mobile-disabled=\"false\" class=\"elementor-section elementor-top-section elementor-element elementor-element-547373d elementor-section-boxed elementor-section-height-default elementor-section-height-default\" data-id=\"547373d\" data-element_type=\"section\" data-e-type=\"section\">\n\t\t\t\t\t\t<div class=\"elementor-container elementor-column-gap-default\">\n\t\t\t\t\t<div class=\"elementor-column elementor-col-100 elementor-top-column elementor-element elementor-element-beb71e2\" data-id=\"beb71e2\" data-element_type=\"column\" data-e-type=\"column\">\n\t\t\t<div class=\"elementor-widget-wrap elementor-element-populated\">\n\t\t\t\t\t\t<div class=\"elementor-element elementor-element-fe53310 elementor-widget elementor-widget-text-editor\" data-id=\"fe53310\" data-element_type=\"widget\" data-e-type=\"widget\" data-widget_type=\"text-editor.default\">\n\t\t\t\t\t\t\t\t\t<p>Antes aqu\u00ed nunca faltaban las lavanderas, hoy lo que no faltan son las ventas: de tostadas, de algodones, de atol y panes con lo que quiera. El agua, tan serena, le inquieta las manos a la nena. \u00bfHab\u00eda visto ladrillos que reflejen el cielo? Aqu\u00ed est\u00e1n. \u00bfHab\u00eda visto palmeras tan esbeltas que se miren al espejo mientras bailan por el efecto mariposa? Solo lo creo porque lo veo.\u00a0<\/p>\t\t\t\t\t\t\t\t<\/div>\n\t\t\t\t\t<\/div>\n\t\t<\/div>\n\t\t\t\t\t<\/div>\n\t\t<\/section>\n\t\t\t\t<section data-particle_enable=\"false\" data-particle-mobile-disabled=\"false\" class=\"elementor-section elementor-top-section elementor-element elementor-element-f07acd8 elementor-section-boxed elementor-section-height-default elementor-section-height-default\" data-id=\"f07acd8\" data-element_type=\"section\" data-e-type=\"section\">\n\t\t\t\t\t\t<div class=\"elementor-container elementor-column-gap-default\">\n\t\t\t\t\t<div class=\"elementor-column elementor-col-100 elementor-top-column elementor-element elementor-element-617656b\" data-id=\"617656b\" data-element_type=\"column\" data-e-type=\"column\">\n\t\t\t<div class=\"elementor-widget-wrap elementor-element-populated\">\n\t\t\t\t\t\t<div class=\"elementor-element elementor-element-67163ce elementor-widget elementor-widget-image\" data-id=\"67163ce\" data-element_type=\"widget\" data-e-type=\"widget\" data-widget_type=\"image.default\">\n\t\t\t\t\t\t\t\t\t\t\t\t\t\t\t<img loading=\"lazy\" decoding=\"async\" width=\"768\" height=\"512\" src=\"https:\/\/soymigrante.com\/revista\/wp-content\/uploads\/2024\/06\/Antigua-Guatemala-colonial-y-moderna-Imagenes-y-sabores-3-1024x683.webp\" class=\"attachment-large size-large wp-image-6885\" alt=\"Comida comunitaria para migrantes en un espacio p\u00fablico en M\u00e9xico, personas compartiendo alimentos, situaci\u00f3n de integraci\u00f3n y solidaridad en comunidades migrantes en M\u00e9xico.\" srcset=\"https:\/\/soymigrante.com\/revista\/wp-content\/uploads\/2024\/06\/Antigua-Guatemala-colonial-y-moderna-Imagenes-y-sabores-3-1024x683.webp 1024w, https:\/\/soymigrante.com\/revista\/wp-content\/uploads\/2024\/06\/Antigua-Guatemala-colonial-y-moderna-Imagenes-y-sabores-3-300x200.webp 300w, https:\/\/soymigrante.com\/revista\/wp-content\/uploads\/2024\/06\/Antigua-Guatemala-colonial-y-moderna-Imagenes-y-sabores-3-768x512.webp 768w, https:\/\/soymigrante.com\/revista\/wp-content\/uploads\/2024\/06\/Antigua-Guatemala-colonial-y-moderna-Imagenes-y-sabores-3-750x500.webp 750w, https:\/\/soymigrante.com\/revista\/wp-content\/uploads\/2024\/06\/Antigua-Guatemala-colonial-y-moderna-Imagenes-y-sabores-3-1140x760.webp 1140w, https:\/\/soymigrante.com\/revista\/wp-content\/uploads\/2024\/06\/Antigua-Guatemala-colonial-y-moderna-Imagenes-y-sabores-3.webp 1252w\" sizes=\"(max-width: 768px) 100vw, 768px\" title=\"Ensayo fotogr\u00e1fico de Antigua Guatemala por Gustavo Montenegro \u2013 SoyMigrante.com REVISTA\" \/>\t\t\t\t\t\t\t\t\t\t\t\t\t\t\t<\/div>\n\t\t\t\t\t<\/div>\n\t\t<\/div>\n\t\t\t\t\t<\/div>\n\t\t<\/section>\n\t\t\t\t<section data-particle_enable=\"false\" data-particle-mobile-disabled=\"false\" class=\"elementor-section elementor-top-section elementor-element elementor-element-41126c5 elementor-section-boxed elementor-section-height-default elementor-section-height-default\" data-id=\"41126c5\" data-element_type=\"section\" data-e-type=\"section\">\n\t\t\t\t\t\t<div class=\"elementor-container elementor-column-gap-default\">\n\t\t\t\t\t<div class=\"elementor-column elementor-col-100 elementor-top-column elementor-element elementor-element-d4f8e39\" data-id=\"d4f8e39\" data-element_type=\"column\" data-e-type=\"column\">\n\t\t\t<div class=\"elementor-widget-wrap elementor-element-populated\">\n\t\t\t\t\t\t<div class=\"elementor-element elementor-element-5d1da18 elementor-widget elementor-widget-text-editor\" data-id=\"5d1da18\" data-element_type=\"widget\" data-e-type=\"widget\" data-widget_type=\"text-editor.default\">\n\t\t\t\t\t\t\t\t\t<p>Otro can, muy noble y muy leal, al menos hasat que se descuide el comensal. Vela, olfatea y espera. Quiz\u00e1 le den un pedazo de tostada al final. La grama es la alfombra m\u00e1s perfecta para descansar y como dice el dicho: el descanso de unos es el trabajo de otros, pero he ah\u00ed la oportunidad. Apuesto a que s\u00ed lo not\u00f3, ese d\u00eda hubo procesi\u00f3n y el cucurucho com\u00eda antes o despu\u00e9s de cargar.<\/p>\t\t\t\t\t\t\t\t<\/div>\n\t\t\t\t\t<\/div>\n\t\t<\/div>\n\t\t\t\t\t<\/div>\n\t\t<\/section>\n\t\t\t\t<section data-particle_enable=\"false\" data-particle-mobile-disabled=\"false\" class=\"elementor-section elementor-top-section elementor-element elementor-element-a9888e6 elementor-section-boxed elementor-section-height-default elementor-section-height-default\" data-id=\"a9888e6\" data-element_type=\"section\" data-e-type=\"section\">\n\t\t\t\t\t\t<div class=\"elementor-container elementor-column-gap-default\">\n\t\t\t\t\t<div class=\"elementor-column elementor-col-100 elementor-top-column elementor-element elementor-element-2f08228\" data-id=\"2f08228\" data-element_type=\"column\" data-e-type=\"column\">\n\t\t\t<div class=\"elementor-widget-wrap elementor-element-populated\">\n\t\t\t\t\t\t<div class=\"elementor-element elementor-element-6ed908c elementor-widget elementor-widget-image\" data-id=\"6ed908c\" data-element_type=\"widget\" data-e-type=\"widget\" data-widget_type=\"image.default\">\n\t\t\t\t\t\t\t\t\t\t\t\t\t\t\t<img loading=\"lazy\" decoding=\"async\" width=\"768\" height=\"505\" src=\"https:\/\/soymigrante.com\/revista\/wp-content\/uploads\/2024\/06\/Antigua-Guatemala-colonial-y-moderna-Imagenes-y-sabores-8-1024x673.webp\" class=\"attachment-large size-large wp-image-6886\" alt=\"Coloridos balones de playa y vendedores ambulantes en una calle de M\u00e9xico en un entorno urbano.\" srcset=\"https:\/\/soymigrante.com\/revista\/wp-content\/uploads\/2024\/06\/Antigua-Guatemala-colonial-y-moderna-Imagenes-y-sabores-8-1024x673.webp 1024w, https:\/\/soymigrante.com\/revista\/wp-content\/uploads\/2024\/06\/Antigua-Guatemala-colonial-y-moderna-Imagenes-y-sabores-8-300x197.webp 300w, https:\/\/soymigrante.com\/revista\/wp-content\/uploads\/2024\/06\/Antigua-Guatemala-colonial-y-moderna-Imagenes-y-sabores-8-768x505.webp 768w, https:\/\/soymigrante.com\/revista\/wp-content\/uploads\/2024\/06\/Antigua-Guatemala-colonial-y-moderna-Imagenes-y-sabores-8-750x493.jpg 750w, https:\/\/soymigrante.com\/revista\/wp-content\/uploads\/2024\/06\/Antigua-Guatemala-colonial-y-moderna-Imagenes-y-sabores-8-1140x750.jpg 1140w, https:\/\/soymigrante.com\/revista\/wp-content\/uploads\/2024\/06\/Antigua-Guatemala-colonial-y-moderna-Imagenes-y-sabores-8.webp 1145w\" sizes=\"(max-width: 768px) 100vw, 768px\" title=\"Ensayo fotogr\u00e1fico de Antigua Guatemala por Gustavo Montenegro \u2013 SoyMigrante.com REVISTA\" \/>\t\t\t\t\t\t\t\t\t\t\t\t\t\t\t<\/div>\n\t\t\t\t\t<\/div>\n\t\t<\/div>\n\t\t\t\t\t<\/div>\n\t\t<\/section>\n\t\t\t\t<section data-particle_enable=\"false\" data-particle-mobile-disabled=\"false\" class=\"elementor-section elementor-top-section elementor-element elementor-element-8faa620 elementor-section-boxed elementor-section-height-default elementor-section-height-default\" data-id=\"8faa620\" data-element_type=\"section\" data-e-type=\"section\">\n\t\t\t\t\t\t<div class=\"elementor-container elementor-column-gap-default\">\n\t\t\t\t\t<div class=\"elementor-column elementor-col-100 elementor-top-column elementor-element elementor-element-3e01eaa\" data-id=\"3e01eaa\" data-element_type=\"column\" data-e-type=\"column\">\n\t\t\t<div class=\"elementor-widget-wrap elementor-element-populated\">\n\t\t\t\t\t\t<div class=\"elementor-element elementor-element-8fc2e3d elementor-widget elementor-widget-text-editor\" data-id=\"8fc2e3d\" data-element_type=\"widget\" data-e-type=\"widget\" data-widget_type=\"text-editor.default\">\n\t\t\t\t\t\t\t\t\t<p>Augusto Monterroso habl\u00f3 del movimiento perpetuo y estas pelotas &#8220;de tripa de coche&#8221; no paran de girar aunque est\u00e9n quietas cerca del parque de <a href=\"https:\/\/soymigrante.com\/revista\/joyas-de-antigua-guatemala-7-datos-de-las-ruinas-de-santa-clara\/\">Antigua.<\/a>\u00a0 Mundos de alegr\u00eda para un ni\u00f1o, cerdos muertos que por magia e ingenio se han convertido en mundos en peque\u00f1o atrapados en una red de sue\u00f1os, de objetivos de venta, de esperanzas artesanas de vender algo tan sencillo, tan peque\u00f1o, que encierra tantos esfuerzos.<\/p>\t\t\t\t\t\t\t\t<\/div>\n\t\t\t\t\t<\/div>\n\t\t<\/div>\n\t\t\t\t\t<\/div>\n\t\t<\/section>\n\t\t\t\t<section data-particle_enable=\"false\" data-particle-mobile-disabled=\"false\" class=\"elementor-section elementor-top-section elementor-element elementor-element-fbfa3a2 elementor-section-boxed elementor-section-height-default elementor-section-height-default\" data-id=\"fbfa3a2\" data-element_type=\"section\" data-e-type=\"section\">\n\t\t\t\t\t\t<div class=\"elementor-container elementor-column-gap-default\">\n\t\t\t\t\t<div class=\"elementor-column elementor-col-100 elementor-top-column elementor-element elementor-element-19b84d0\" data-id=\"19b84d0\" data-element_type=\"column\" data-e-type=\"column\">\n\t\t\t<div class=\"elementor-widget-wrap elementor-element-populated\">\n\t\t\t\t\t\t<div class=\"elementor-element elementor-element-ff0c77a elementor-widget elementor-widget-image\" data-id=\"ff0c77a\" data-element_type=\"widget\" data-e-type=\"widget\" data-widget_type=\"image.default\">\n\t\t\t\t\t\t\t\t\t\t\t\t\t\t\t<img loading=\"lazy\" decoding=\"async\" width=\"768\" height=\"555\" src=\"https:\/\/soymigrante.com\/revista\/wp-content\/uploads\/2024\/06\/Antigua-Guatemala-colonial-y-moderna-Imagenes-y-sabores-11-1024x740.webp\" class=\"attachment-large size-large wp-image-6887\" alt=\"Colorido vendedor de globos en una plaza p\u00fablica, rodeado de turistas y residentes disfrutando del ambiente festivo y la cultura mexicana.\" srcset=\"https:\/\/soymigrante.com\/revista\/wp-content\/uploads\/2024\/06\/Antigua-Guatemala-colonial-y-moderna-Imagenes-y-sabores-11-1024x740.webp 1024w, https:\/\/soymigrante.com\/revista\/wp-content\/uploads\/2024\/06\/Antigua-Guatemala-colonial-y-moderna-Imagenes-y-sabores-11-300x217.webp 300w, https:\/\/soymigrante.com\/revista\/wp-content\/uploads\/2024\/06\/Antigua-Guatemala-colonial-y-moderna-Imagenes-y-sabores-11-768x555.webp 768w, https:\/\/soymigrante.com\/revista\/wp-content\/uploads\/2024\/06\/Antigua-Guatemala-colonial-y-moderna-Imagenes-y-sabores-11-120x86.webp 120w, https:\/\/soymigrante.com\/revista\/wp-content\/uploads\/2024\/06\/Antigua-Guatemala-colonial-y-moderna-Imagenes-y-sabores-11-750x542.webp 750w, https:\/\/soymigrante.com\/revista\/wp-content\/uploads\/2024\/06\/Antigua-Guatemala-colonial-y-moderna-Imagenes-y-sabores-11.webp 1075w\" sizes=\"(max-width: 768px) 100vw, 768px\" title=\"Ensayo fotogr\u00e1fico Antigua Guatemala, por Gustavo Montenegro \u2013 SoyMigrante.com REVISTA\" \/>\t\t\t\t\t\t\t\t\t\t\t\t\t\t\t<\/div>\n\t\t\t\t\t<\/div>\n\t\t<\/div>\n\t\t\t\t\t<\/div>\n\t\t<\/section>\n\t\t\t\t<section data-particle_enable=\"false\" data-particle-mobile-disabled=\"false\" class=\"elementor-section elementor-top-section elementor-element elementor-element-b27ffa3 elementor-section-boxed elementor-section-height-default elementor-section-height-default\" data-id=\"b27ffa3\" data-element_type=\"section\" data-e-type=\"section\">\n\t\t\t\t\t\t<div class=\"elementor-container elementor-column-gap-default\">\n\t\t\t\t\t<div class=\"elementor-column elementor-col-100 elementor-top-column elementor-element elementor-element-506c543\" data-id=\"506c543\" data-element_type=\"column\" data-e-type=\"column\">\n\t\t\t<div class=\"elementor-widget-wrap elementor-element-populated\">\n\t\t\t\t\t\t<div class=\"elementor-element elementor-element-71038b5 elementor-widget elementor-widget-text-editor\" data-id=\"71038b5\" data-element_type=\"widget\" data-e-type=\"widget\" data-widget_type=\"text-editor.default\">\n\t\t\t\t\t\t\t\t\t<p>Solo en el parque de antigua puedes ver un nudo de lagartos caleidosc\u00f3picos. Fingen estar muertos hasta que un coraz\u00f3n de ni\u00f1o agarra el alambre.\u00a0 El color habla de su origen: un ingenio dedicado, un arte de alta eficiencia energ\u00e9tica que no necesita de electricidad ni de bater\u00edas para que salga corriendo una sonrisa. La pr\u00f3xima vez que vayas, atrapa una.<\/p>\t\t\t\t\t\t\t\t<\/div>\n\t\t\t\t\t<\/div>\n\t\t<\/div>\n\t\t\t\t\t<\/div>\n\t\t<\/section>\n\t\t\t\t<section data-particle_enable=\"false\" data-particle-mobile-disabled=\"false\" class=\"elementor-section elementor-top-section elementor-element elementor-element-4004184 elementor-section-boxed elementor-section-height-default elementor-section-height-default\" data-id=\"4004184\" data-element_type=\"section\" data-e-type=\"section\">\n\t\t\t\t\t\t<div class=\"elementor-container elementor-column-gap-default\">\n\t\t\t\t\t<div class=\"elementor-column elementor-col-100 elementor-top-column elementor-element elementor-element-6a729a7\" data-id=\"6a729a7\" data-element_type=\"column\" data-e-type=\"column\">\n\t\t\t<div class=\"elementor-widget-wrap elementor-element-populated\">\n\t\t\t\t\t\t<div class=\"elementor-element elementor-element-c363372 elementor-widget elementor-widget-image\" data-id=\"c363372\" data-element_type=\"widget\" data-e-type=\"widget\" data-widget_type=\"image.default\">\n\t\t\t\t\t\t\t\t\t\t\t\t\t\t\t<img loading=\"lazy\" decoding=\"async\" width=\"768\" height=\"516\" src=\"https:\/\/soymigrante.com\/revista\/wp-content\/uploads\/2024\/06\/Antigua-Guatemala-colonial-y-moderna-Imagenes-y-sabores-17-1024x688.webp\" class=\"attachment-large size-large wp-image-6888\" alt=\"Algas de maize en bolsa en un recipiente, preparaci\u00f3n tradicional mexicana, ingrediente para platillos t\u00edpicos, asociado con la cultura y gastronom\u00eda mexicana, emblem\u00e1tico de la cocina popular.\" srcset=\"https:\/\/soymigrante.com\/revista\/wp-content\/uploads\/2024\/06\/Antigua-Guatemala-colonial-y-moderna-Imagenes-y-sabores-17-1024x688.webp 1024w, https:\/\/soymigrante.com\/revista\/wp-content\/uploads\/2024\/06\/Antigua-Guatemala-colonial-y-moderna-Imagenes-y-sabores-17-300x202.webp 300w, https:\/\/soymigrante.com\/revista\/wp-content\/uploads\/2024\/06\/Antigua-Guatemala-colonial-y-moderna-Imagenes-y-sabores-17-768x516.webp 768w, https:\/\/soymigrante.com\/revista\/wp-content\/uploads\/2024\/06\/Antigua-Guatemala-colonial-y-moderna-Imagenes-y-sabores-17-750x504.webp 750w, https:\/\/soymigrante.com\/revista\/wp-content\/uploads\/2024\/06\/Antigua-Guatemala-colonial-y-moderna-Imagenes-y-sabores-17-1140x766.webp 1140w, https:\/\/soymigrante.com\/revista\/wp-content\/uploads\/2024\/06\/Antigua-Guatemala-colonial-y-moderna-Imagenes-y-sabores-17.webp 1230w\" sizes=\"(max-width: 768px) 100vw, 768px\" title=\"Ensayo fotogr\u00e1fico de Gustavo MOntenegro sobre Antigua guatemala \u2013 SoyMigrante.com REVISTA\" \/>\t\t\t\t\t\t\t\t\t\t\t\t\t\t\t<\/div>\n\t\t\t\t\t<\/div>\n\t\t<\/div>\n\t\t\t\t\t<\/div>\n\t\t<\/section>\n\t\t\t\t<section data-particle_enable=\"false\" data-particle-mobile-disabled=\"false\" class=\"elementor-section elementor-top-section elementor-element elementor-element-654409a elementor-section-boxed elementor-section-height-default elementor-section-height-default\" data-id=\"654409a\" data-element_type=\"section\" data-e-type=\"section\">\n\t\t\t\t\t\t<div class=\"elementor-container elementor-column-gap-default\">\n\t\t\t\t\t<div class=\"elementor-column elementor-col-100 elementor-top-column elementor-element elementor-element-0347d7a\" data-id=\"0347d7a\" data-element_type=\"column\" data-e-type=\"column\">\n\t\t\t<div class=\"elementor-widget-wrap elementor-element-populated\">\n\t\t\t\t\t\t<div class=\"elementor-element elementor-element-0f0b10f elementor-widget elementor-widget-text-editor\" data-id=\"0f0b10f\" data-element_type=\"widget\" data-e-type=\"widget\" data-widget_type=\"text-editor.default\">\n\t\t\t\t\t\t\t\t\t<p>Desde hace much\u00edsimos a\u00f1os existe en Antigua, en el parque de La Merced, el efecto invernadero. Pero no ese que hoy tanto agobia y trae apocal\u00edptico susto, no: es el vapor que se concentra encima, alrededor y enmedio de los elotes que permanecen cuerdos, hasta que les aplican mayonesa, ketchup, mostaza y mucho queso: entonces se vuelven elotes locos, un antojo tan guatemalteco.<\/p>\t\t\t\t\t\t\t\t<\/div>\n\t\t\t\t\t<\/div>\n\t\t<\/div>\n\t\t\t\t\t<\/div>\n\t\t<\/section>\n\t\t\t\t<section data-particle_enable=\"false\" data-particle-mobile-disabled=\"false\" class=\"elementor-section elementor-top-section elementor-element elementor-element-bc8607f elementor-section-boxed elementor-section-height-default elementor-section-height-default\" data-id=\"bc8607f\" data-element_type=\"section\" data-e-type=\"section\">\n\t\t\t\t\t\t<div class=\"elementor-container elementor-column-gap-default\">\n\t\t\t\t\t<div class=\"elementor-column elementor-col-100 elementor-top-column elementor-element elementor-element-ef3973d\" data-id=\"ef3973d\" data-element_type=\"column\" data-e-type=\"column\">\n\t\t\t<div class=\"elementor-widget-wrap elementor-element-populated\">\n\t\t\t\t\t\t<div class=\"elementor-element elementor-element-ddca861 elementor-widget elementor-widget-image\" data-id=\"ddca861\" data-element_type=\"widget\" data-e-type=\"widget\" data-widget_type=\"image.default\">\n\t\t\t\t\t\t\t\t\t\t\t\t\t\t\t<img loading=\"lazy\" decoding=\"async\" width=\"768\" height=\"497\" src=\"https:\/\/soymigrante.com\/revista\/wp-content\/uploads\/2024\/06\/Antigua-Guatemala-colonial-y-moderna-Imagenes-y-sabores-12-1024x663.webp\" class=\"attachment-large size-large wp-image-6889\" alt=\"Colorido puesto de algod\u00f3n de az\u00facar en un evento cultural con personas disfrutando en un parque, resaltando la tradici\u00f3n mexicana y la celebraci\u00f3n popular.\" srcset=\"https:\/\/soymigrante.com\/revista\/wp-content\/uploads\/2024\/06\/Antigua-Guatemala-colonial-y-moderna-Imagenes-y-sabores-12-1024x663.webp 1024w, https:\/\/soymigrante.com\/revista\/wp-content\/uploads\/2024\/06\/Antigua-Guatemala-colonial-y-moderna-Imagenes-y-sabores-12-300x194.webp 300w, https:\/\/soymigrante.com\/revista\/wp-content\/uploads\/2024\/06\/Antigua-Guatemala-colonial-y-moderna-Imagenes-y-sabores-12-768x497.webp 768w, https:\/\/soymigrante.com\/revista\/wp-content\/uploads\/2024\/06\/Antigua-Guatemala-colonial-y-moderna-Imagenes-y-sabores-12-750x486.webp 750w, https:\/\/soymigrante.com\/revista\/wp-content\/uploads\/2024\/06\/Antigua-Guatemala-colonial-y-moderna-Imagenes-y-sabores-12-1140x738.webp 1140w, https:\/\/soymigrante.com\/revista\/wp-content\/uploads\/2024\/06\/Antigua-Guatemala-colonial-y-moderna-Imagenes-y-sabores-12.webp 1232w\" sizes=\"(max-width: 768px) 100vw, 768px\" title=\"Ensayo fotogr\u00e1fico de Antigua Guatemala de Gustavo Montenegro \u2013 SoyMigrante.com REVISTA\" \/>\t\t\t\t\t\t\t\t\t\t\t\t\t\t\t<\/div>\n\t\t\t\t\t<\/div>\n\t\t<\/div>\n\t\t\t\t\t<\/div>\n\t\t<\/section>\n\t\t\t\t<section data-particle_enable=\"false\" data-particle-mobile-disabled=\"false\" class=\"elementor-section elementor-top-section elementor-element elementor-element-667c2df elementor-section-boxed elementor-section-height-default elementor-section-height-default\" data-id=\"667c2df\" data-element_type=\"section\" data-e-type=\"section\">\n\t\t\t\t\t\t<div class=\"elementor-container elementor-column-gap-default\">\n\t\t\t\t\t<div class=\"elementor-column elementor-col-100 elementor-top-column elementor-element elementor-element-7f66d6c\" data-id=\"7f66d6c\" data-element_type=\"column\" data-e-type=\"column\">\n\t\t\t<div class=\"elementor-widget-wrap elementor-element-populated\">\n\t\t\t\t\t\t<div class=\"elementor-element elementor-element-48a8485 elementor-widget elementor-widget-text-editor\" data-id=\"48a8485\" data-element_type=\"widget\" data-e-type=\"widget\" data-widget_type=\"text-editor.default\">\n\t\t\t\t\t\t\t\t\t<p>Y ya con esta nos vamos, hasta otra ocasi\u00f3n. Pero de verdad, hay algo don que la Antigua le deja a uno en el coraz\u00f3n y las pupilas; tiene ese color, esos pasos inolvidables, esa compa\u00f1\u00eda perfecta enmarcada en piedra., Hay esperanza, trabajo, canci\u00f3n y a veces hasta un antojo de algod\u00f3n dulce bajo los \u00e1rboles, frente a la fuente de las Sirenas. \u00a1Hay algo, don que no sabemos qu\u00e9 es, pero nunca se nos olvida de <a href=\"https:\/\/soymigrante.com\/revista\/joyas-de-antigua-guatemala-7-datos-de-las-ruinas-de-santa-clara\/\">Antigua Guatemala<\/a>!<\/p>\t\t\t\t\t\t\t\t<\/div>\n\t\t\t\t\t<\/div>\n\t\t<\/div>\n\t\t\t\t\t<\/div>\n\t\t<\/section>\n\t\t\t\t<section data-particle_enable=\"false\" data-particle-mobile-disabled=\"false\" class=\"elementor-section elementor-top-section elementor-element elementor-element-59600a9 elementor-section-boxed elementor-section-height-default elementor-section-height-default\" data-id=\"59600a9\" data-element_type=\"section\" data-e-type=\"section\">\n\t\t\t\t\t\t<div class=\"elementor-container elementor-column-gap-default\">\n\t\t\t\t\t<div class=\"elementor-column elementor-col-100 elementor-top-column elementor-element elementor-element-9b39bbc\" data-id=\"9b39bbc\" data-element_type=\"column\" data-e-type=\"column\">\n\t\t\t<div class=\"elementor-widget-wrap elementor-element-populated\">\n\t\t\t\t\t\t<div class=\"elementor-element elementor-element-59bf8f3 elementor-widget elementor-widget-heading\" data-id=\"59bf8f3\" data-element_type=\"widget\" data-e-type=\"widget\" data-widget_type=\"heading.default\">\n\t\t\t\t\t<h2 class=\"elementor-heading-title elementor-size-default\">Tan linda, tan m\u00e1gica, tan nuestra<\/h2>\t\t\t\t<\/div>\n\t\t\t\t\t<\/div>\n\t\t<\/div>\n\t\t\t\t\t<\/div>\n\t\t<\/section>\n\t\t\t\t<section data-particle_enable=\"false\" data-particle-mobile-disabled=\"false\" class=\"elementor-section elementor-top-section elementor-element elementor-element-f1d7b66 elementor-section-boxed elementor-section-height-default elementor-section-height-default\" data-id=\"f1d7b66\" data-element_type=\"section\" data-e-type=\"section\">\n\t\t\t\t\t\t<div class=\"elementor-container elementor-column-gap-default\">\n\t\t\t\t\t<div class=\"elementor-column elementor-col-100 elementor-top-column elementor-element elementor-element-d865f1c\" data-id=\"d865f1c\" data-element_type=\"column\" data-e-type=\"column\">\n\t\t\t<div class=\"elementor-widget-wrap elementor-element-populated\">\n\t\t\t\t\t\t<div class=\"elementor-element elementor-element-f05a2f5 elementor-widget elementor-widget-blfe-post-grid\" data-id=\"f05a2f5\" data-element_type=\"widget\" data-e-type=\"widget\" data-settings=\"{&quot;columns&quot;:&quot;3&quot;,&quot;columns_tablet&quot;:&quot;6&quot;,&quot;columns_mobile&quot;:&quot;12&quot;,&quot;hero1_layout_column_gap&quot;:{&quot;unit&quot;:&quot;px&quot;,&quot;size&quot;:30,&quot;sizes&quot;:[]},&quot;hero1_layout_column_gap_tablet&quot;:{&quot;unit&quot;:&quot;px&quot;,&quot;size&quot;:&quot;&quot;,&quot;sizes&quot;:[]},&quot;hero1_layout_column_gap_mobile&quot;:{&quot;unit&quot;:&quot;px&quot;,&quot;size&quot;:&quot;&quot;,&quot;sizes&quot;:[]},&quot;hero1_layout_row_gap&quot;:{&quot;unit&quot;:&quot;px&quot;,&quot;size&quot;:30,&quot;sizes&quot;:[]},&quot;hero1_layout_row_gap_tablet&quot;:{&quot;unit&quot;:&quot;px&quot;,&quot;size&quot;:&quot;&quot;,&quot;sizes&quot;:[]},&quot;hero1_layout_row_gap_mobile&quot;:{&quot;unit&quot;:&quot;px&quot;,&quot;size&quot;:&quot;&quot;,&quot;sizes&quot;:[]}}\" data-widget_type=\"blfe-post-grid.hero1\">\n\t\t\t\t<div class=\"elementor-widget-container\">\n\t\t\t\t\t\n                        <div class=\"blfe-post-grid-container \">\n            \n                <div data-skin=\"hero1\" class=\"blfe-row blfe-posts-inner blfe-hero1 blfe-posts-inner blfe-col-3 blfe-col-tab-6 blfe-col-mob-12     \">\n                            <div class=\"blfe-post-grid-item\">\n            <div class=\"blfe-post-grid-item-inner blfe-modern-zoom\">\n                        <div class=\"blfe-post-grid-bg-image\">\n            <a class=\"blfe-post-grid-image-inner\" href=\"https:\/\/soymigrante.com\/revista\/dia-de-la-tierra-todos-los-dias-productos-guatemaltecos-naturales-y-autenticos-en-mercado\/\" title=\"D\u00eda de la Tierra todos los d\u00edas: productos guatemaltecos naturales y aut\u00e9nticos en MERCADO\" rel=\"nofollow\" target=\"_blank\"><img decoding=\"async\" src=\"https:\/\/soymigrante.com\/revista\/wp-content\/uploads\/2026\/04\/DIA-DE-LA-TIERRA-PRODUCTOS-ECOLOGICOS-GUATEMALA-SOYMIGRANTE-MERCADO.png\" alt=\"D\u00eda de la Tierra todos los d\u00edas: productos guatemaltecos naturales y aut\u00e9nticos en MERCADO\"\/><\/a>        <\/div>\n                        <div class=\"blfe-post-grid-details\">\n                    <div class=\"blfe-post-grid-details-inner\">\n                        <span class=\"blfe-post-category\"><a href=\"https:\/\/soymigrante.com\/revista\/category\/guate-nuestra\/\">Guate Nuestra<\/a><\/span>                        <h3 class=\"blfe-post-grid-title\">\n            <a href=\"https:\/\/soymigrante.com\/revista\/dia-de-la-tierra-todos-los-dias-productos-guatemaltecos-naturales-y-autenticos-en-mercado\/\" title=\"D\u00eda de la Tierra todos los d\u00edas: productos guatemaltecos naturales y aut\u00e9nticos en MERCADO\" rel=\"nofollow\" target=\"_blank\">D\u00eda de la Tierra todos los d\u00edas: productos guatemaltecos naturales y aut\u00e9nticos en MERCADO<\/a>\n            <\/h3>                                                            <div class=\"blfe-post-grid-meta\">\n                <span class=\"blfe-post-grid-time\"><i class=\"fas fa-book-reader\"><\/i>4 Min read<\/span>            <\/div>\n                                                        <\/div>\n                <\/div>\n\n            <\/div>\n        <\/div>\n                <div class=\"blfe-post-grid-item\">\n            <div class=\"blfe-post-grid-item-inner blfe-modern-zoom\">\n                        <div class=\"blfe-post-grid-bg-image\">\n            <a class=\"blfe-post-grid-image-inner\" href=\"https:\/\/soymigrante.com\/revista\/refugio-natural-cerca-de-la-capital-la-reserva-ecologica-senderos-de-alux-en-sacatepequez\/\" title=\"Refugio natural cerca de la capital: La reserva ecol\u00f3gica Senderos de Alux en Sacatep\u00e9quez\" rel=\"nofollow\" target=\"_blank\"><img decoding=\"async\" src=\"https:\/\/soymigrante.com\/revista\/wp-content\/uploads\/2026\/04\/parque-ecologico-senderos-de-alux-5.jpg\" alt=\"Refugio natural cerca de la capital: La reserva ecol\u00f3gica Senderos de Alux en Sacatep\u00e9quez\"\/><\/a>        <\/div>\n                        <div class=\"blfe-post-grid-details\">\n                    <div class=\"blfe-post-grid-details-inner\">\n                        <span class=\"blfe-post-category\"><a href=\"https:\/\/soymigrante.com\/revista\/category\/guate-nuestra\/\">Guate Nuestra<\/a><\/span>                        <h3 class=\"blfe-post-grid-title\">\n            <a href=\"https:\/\/soymigrante.com\/revista\/refugio-natural-cerca-de-la-capital-la-reserva-ecologica-senderos-de-alux-en-sacatepequez\/\" title=\"Refugio natural cerca de la capital: La reserva ecol\u00f3gica Senderos de Alux en Sacatep\u00e9quez\" rel=\"nofollow\" target=\"_blank\">Refugio natural cerca de la capital: La reserva ecol\u00f3gica Senderos de Alux en Sacatep\u00e9quez<\/a>\n            <\/h3>                                                            <div class=\"blfe-post-grid-meta\">\n                <span class=\"blfe-post-grid-time\"><i class=\"fas fa-book-reader\"><\/i>4 Min read<\/span>            <\/div>\n                                                        <\/div>\n                <\/div>\n\n            <\/div>\n        <\/div>\n                <div class=\"blfe-post-grid-item\">\n            <div class=\"blfe-post-grid-item-inner blfe-modern-zoom\">\n                        <div class=\"blfe-post-grid-bg-image\">\n            <a class=\"blfe-post-grid-image-inner\" href=\"https:\/\/soymigrante.com\/revista\/libros-guatemaltecos-dia-internacional-del-libro-festeja-inspirate-mercado\/\" title=\"Celebra el D\u00eda del Libro con inspiraci\u00f3n 100% guatemalteca: adquiere, disfruta u obsequia en MERCADO\" rel=\"nofollow\" target=\"_blank\"><img decoding=\"async\" src=\"https:\/\/soymigrante.com\/revista\/wp-content\/uploads\/2026\/04\/DIA-DEL-LIBRO-SOYMIGRANTE-MERCADO.png\" alt=\"Celebra el D\u00eda del Libro con inspiraci\u00f3n 100% guatemalteca: adquiere, disfruta u obsequia en MERCADO\"\/><\/a>        <\/div>\n                        <div class=\"blfe-post-grid-details\">\n                    <div class=\"blfe-post-grid-details-inner\">\n                        <span class=\"blfe-post-category\"><a href=\"https:\/\/soymigrante.com\/revista\/category\/guate-nuestra\/\">Guate Nuestra<\/a><\/span>                        <h3 class=\"blfe-post-grid-title\">\n            <a href=\"https:\/\/soymigrante.com\/revista\/libros-guatemaltecos-dia-internacional-del-libro-festeja-inspirate-mercado\/\" title=\"Celebra el D\u00eda del Libro con inspiraci\u00f3n 100% guatemalteca: adquiere, disfruta u obsequia en MERCADO\" rel=\"nofollow\" target=\"_blank\">Celebra el D\u00eda del Libro con inspiraci\u00f3n 100% guatemalteca: adquiere, disfruta u obsequia en MERCADO<\/a>\n            <\/h3>                                                            <div class=\"blfe-post-grid-meta\">\n                <span class=\"blfe-post-grid-time\"><i class=\"fas fa-book-reader\"><\/i>6 Min read<\/span>            <\/div>\n                                                        <\/div>\n                <\/div>\n\n            <\/div>\n        <\/div>\n                        <\/div>\n\n                        <\/div>\n            \n                        <div class=\"blfe-post-footer\">\n                        <\/div>\n            \t\t\t\t<\/div>\n\t\t\t\t<\/div>\n\t\t\t\t\t<\/div>\n\t\t<\/div>\n\t\t\t\t\t<\/div>\n\t\t<\/section>\n\t\t\t\t<\/div>\n\t\t","protected":false},"excerpt":{"rendered":"<p>Quiz\u00e1 recuerdes as\u00ed un d\u00eda en La Antigua Guatemala o tal vez no. Este es un simple paseo por instantes, rostros, piedras, muros, pero todos dicen algo&#8230; o tratamos de adivinarlo. Se vale interactuar e inventar algo m\u00e1s. Desde que pones un pie en la Antigua Guatemala, su esencia de caf\u00e9 con miel, de pan [&hellip;]<\/p>\n","protected":false},"author":7,"featured_media":6873,"comment_status":"open","ping_status":"open","sticky":false,"template":"","format":"standard","meta":{"_acf_changed":true,"_eb_attr":"","footnotes":""},"categories":[58],"tags":[],"class_list":["post-6872","post","type-post","status-publish","format-standard","has-post-thumbnail","hentry","category-guate-nuestra"],"acf":[],"aioseo_notices":[],"aioseo_head":"\n\t\t<!-- All in One SEO Pro 4.9.6.2 - aioseo.com -->\n\t<meta name=\"description\" content=\"Libros guatemaltecos est\u00e1n listos para elevar su vuelo y llegar hasta t\u00ed a trav\u00e9s de SoyMigrante.com MERCADO. En este D\u00eda del Libro adquiere y apoya el talento.\" \/>\n\t<meta name=\"robots\" content=\"max-snippet:-1, max-image-preview:large, max-video-preview:-1\" \/>\n\t<meta name=\"author\" content=\"SoyMigrante.com REVISTA\"\/>\n\t<link rel=\"canonical\" href=\"https:\/\/soymigrante.com\/revista\/libros-guatemaltecos-dia-internacional-del-libro-festeja-inspirate-mercado\/\" \/>\n\t<meta name=\"generator\" content=\"All in One SEO Pro (AIOSEO) 4.9.6.2\" \/>\n\n\t\t<link rel=\"preconnect\" href=\"https:\/\/fonts.googleapis.com\" crossorigin>\n<link rel=\"preconnect\" href=\"https:\/\/fonts.gstatic.com\" crossorigin>\n\t\t<meta property=\"og:locale\" content=\"es_ES\" \/>\n\t\t<meta property=\"og:site_name\" content=\"SoyMigrante.com REVISTA \u2013 Nuestra misi\u00f3n es reconocer y dignificar al migrante.\" \/>\n\t\t<meta property=\"og:type\" content=\"article\" \/>\n\t\t<meta property=\"og:title\" content=\"Celebra el D\u00eda del Libro con inspiraci\u00f3n 100% guatemalteca\" \/>\n\t\t<meta property=\"og:description\" content=\"Libros guatemaltecos est\u00e1n listos para elevar su vuelo y llegar hasta t\u00ed a trav\u00e9s de SoyMigrante.com MERCADO. En este D\u00eda del Libro adquiere y apoya el talento.\" \/>\n\t\t<meta property=\"og:url\" content=\"https:\/\/soymigrante.com\/revista\/libros-guatemaltecos-dia-internacional-del-libro-festeja-inspirate-mercado\/\" \/>\n\t\t<meta property=\"og:image\" content=\"https:\/\/soymigrante.com\/revista\/wp-content\/uploads\/2026\/04\/DIA-DEL-LIBRO-SOYMIGRANTE-MERCADO.png\" \/>\n\t\t<meta property=\"og:image:secure_url\" content=\"https:\/\/soymigrante.com\/revista\/wp-content\/uploads\/2026\/04\/DIA-DEL-LIBRO-SOYMIGRANTE-MERCADO.png\" \/>\n\t\t<meta property=\"og:image:width\" content=\"1200\" \/>\n\t\t<meta property=\"og:image:height\" content=\"1200\" \/>\n\t\t<meta property=\"article:published_time\" content=\"2026-04-20T15:39:23+00:00\" \/>\n\t\t<meta property=\"article:modified_time\" content=\"2026-04-20T15:47:41+00:00\" \/>\n\t\t<meta property=\"article:publisher\" content=\"https:\/\/www.facebook.com\/soymigrantecom\" \/>\n\t\t<meta name=\"twitter:card\" content=\"summary_large_image\" \/>\n\t\t<meta name=\"twitter:site\" content=\"@SoyMigrante_com\" \/>\n\t\t<meta name=\"twitter:title\" content=\"Celebra el D\u00eda del Libro con inspiraci\u00f3n 100% guatemalteca\" \/>\n\t\t<meta name=\"twitter:description\" content=\"Libros guatemaltecos est\u00e1n listos para elevar su vuelo y llegar hasta t\u00ed a trav\u00e9s de SoyMigrante.com MERCADO. En este D\u00eda del Libro adquiere y apoya el talento.\" \/>\n\t\t<meta name=\"twitter:creator\" content=\"@SoyMigrante_com\" \/>\n\t\t<meta name=\"twitter:image\" content=\"https:\/\/soymigrante.com\/revista\/wp-content\/uploads\/2026\/04\/DIA-DEL-LIBRO-SOYMIGRANTE-MERCADO.png\" \/>\n\t\t<!-- All in One SEO Pro -->\r\n\t\t<title>Celebra el D\u00eda del Libro con inspiraci\u00f3n 100% guatemalteca<\/title>\n\n","aioseo_head_json":{"title":"Celebra el D\u00eda del Libro con inspiraci\u00f3n 100% guatemalteca","description":"Libros guatemaltecos est\u00e1n listos para elevar su vuelo y llegar hasta t\u00ed a trav\u00e9s de SoyMigrante.com MERCADO. En este D\u00eda del Libro adquiere y apoya el talento.","canonical_url":"https:\/\/soymigrante.com\/revista\/libros-guatemaltecos-dia-internacional-del-libro-festeja-inspirate-mercado\/","robots":"max-snippet:-1, max-image-preview:large, max-video-preview:-1","keywords":"","webmasterTools":{"miscellaneous":"&lt;link rel=\"preconnect\" href=\"https:\/\/fonts.googleapis.com\" crossorigin&gt;\n&lt;link rel=\"preconnect\" href=\"https:\/\/fonts.gstatic.com\" crossorigin&gt;"},"schema":null,"og:locale":"es_ES","og:site_name":"SoyMigrante.com REVISTA \u2013 Nuestra misi\u00f3n es reconocer y dignificar al migrante.","og:type":"article","og:title":"Celebra el D\u00eda del Libro con inspiraci\u00f3n 100% guatemalteca","og:description":"Libros guatemaltecos est\u00e1n listos para elevar su vuelo y llegar hasta t\u00ed a trav\u00e9s de SoyMigrante.com MERCADO. En este D\u00eda del Libro adquiere y apoya el talento.","og:url":"https:\/\/soymigrante.com\/revista\/libros-guatemaltecos-dia-internacional-del-libro-festeja-inspirate-mercado\/","og:image":"https:\/\/soymigrante.com\/revista\/wp-content\/uploads\/2026\/04\/DIA-DEL-LIBRO-SOYMIGRANTE-MERCADO.png","og:image:secure_url":"https:\/\/soymigrante.com\/revista\/wp-content\/uploads\/2026\/04\/DIA-DEL-LIBRO-SOYMIGRANTE-MERCADO.png","og:image:width":1200,"og:image:height":1200,"article:published_time":"2026-04-20T15:39:23+00:00","article:modified_time":"2026-04-20T15:47:41+00:00","article:publisher":"https:\/\/www.facebook.com\/soymigrantecom","twitter:card":"summary_large_image","twitter:site":"@SoyMigrante_com","twitter:title":"Celebra el D\u00eda del Libro con inspiraci\u00f3n 100% guatemalteca","twitter:description":"Libros guatemaltecos est\u00e1n listos para elevar su vuelo y llegar hasta t\u00ed a trav\u00e9s de SoyMigrante.com MERCADO. En este D\u00eda del Libro adquiere y apoya el talento.","twitter:creator":"@SoyMigrante_com","twitter:image":"https:\/\/soymigrante.com\/revista\/wp-content\/uploads\/2026\/04\/DIA-DEL-LIBRO-SOYMIGRANTE-MERCADO.png"},"aioseo_meta_data":{"post_id":"6872","title":null,"description":"Todos los d\u00edas son perfectos en La Antigua Guatemala. Instantes, y pensamientos salen de las piedras y detras; la ciudad colonial es tambi\u00e9n moderna y casual.","keywords":null,"keyphrases":{"focus":{"keyphrase":"Antigua Guatemala","score":87,"analysis":{"keyphraseInTitle":{"score":9,"maxScore":9,"error":0},"keyphraseInDescription":{"score":9,"maxScore":9,"error":0},"keyphraseLength":{"score":9,"maxScore":9,"error":0,"length":2},"keyphraseInURL":{"score":5,"maxScore":5,"error":0},"keyphraseInIntroduction":{"score":9,"maxScore":9,"error":0},"keyphraseInSubHeadings":{"score":9,"maxScore":9,"error":0},"keyphraseInImageAlt":{"score":9,"maxScore":9,"error":0},"keywordDensity":{"score":0,"type":"low","maxScore":9,"error":1}}},"additional":[{"keyphrase":"Guatemala","score":100,"analysis":{"keyphraseInDescription":{"score":9,"maxScore":9,"error":0},"keyphraseLength":{"score":9,"maxScore":9,"error":0,"length":1},"keyphraseInIntroduction":{"score":9,"maxScore":9,"error":0},"keyphraseInImageAlt":{"score":9,"maxScore":9,"error":0},"keywordDensity":{"type":"best","score":9,"maxScore":9,"error":0}}}]},"primary_term":null,"canonical_url":null,"og_title":null,"og_description":null,"og_object_type":"default","og_image_type":"default","og_image_url":null,"og_image_width":null,"og_image_height":null,"og_image_custom_url":null,"og_image_custom_fields":null,"og_video":"","og_custom_url":null,"og_article_section":null,"og_article_tags":null,"twitter_use_og":false,"twitter_card":"default","twitter_image_type":"default","twitter_image_url":null,"twitter_image_custom_url":null,"twitter_image_custom_fields":null,"twitter_title":null,"twitter_description":null,"schema":{"blockGraphs":[],"customGraphs":[],"default":{"data":{"Article":[],"Course":[],"Dataset":[],"FAQPage":[],"Movie":[],"Person":[],"Product":[],"ProductReview":[],"Car":[],"Recipe":[],"Service":[],"SoftwareApplication":[],"WebPage":[]},"graphName":"Article","isEnabled":true},"graphs":[]},"schema_type":"default","schema_type_options":null,"pillar_content":false,"robots_default":true,"robots_noindex":false,"robots_noarchive":false,"robots_nosnippet":false,"robots_nofollow":false,"robots_noimageindex":false,"robots_noodp":false,"robots_notranslate":false,"robots_max_snippet":"-1","robots_max_videopreview":"-1","robots_max_imagepreview":"large","priority":null,"frequency":"default","local_seo":null,"seo_analyzer_scan_date":"2025-10-08 22:02:32","breadcrumb_settings":null,"limit_modified_date":false,"reviewed_by":null,"open_ai":"{\"title\":{\"suggestions\":[],\"usage\":0},\"description\":{\"suggestions\":[],\"usage\":0}}","ai":null,"created":"2024-06-07 22:36:37","updated":"2026-02-04 11:57:27"},"aioseo_breadcrumb":"<div class=\"aioseo-breadcrumbs\"><span class=\"aioseo-breadcrumb\">\n\t<a href=\"https:\/\/soymigrante.com\/revista\" title=\"Home\">Home<\/a>\n<\/span><span class=\"aioseo-breadcrumb-separator\">\u00bb<\/span><span class=\"aioseo-breadcrumb\">\n\t<a href=\"https:\/\/soymigrante.com\/revista\/category\/guate-nuestra\/\" title=\"Guate Nuestra\">Guate Nuestra<\/a>\n<\/span><span class=\"aioseo-breadcrumb-separator\">\u00bb<\/span><span class=\"aioseo-breadcrumb\">\n\tUn domingo cualquiera es tan especial en La Antigua Guatemala\n<\/span><\/div>","aioseo_breadcrumb_json":[{"label":"Home","link":"https:\/\/soymigrante.com\/revista"},{"label":"Guate Nuestra","link":"https:\/\/soymigrante.com\/revista\/category\/guate-nuestra\/"},{"label":"Un domingo cualquiera es tan especial en La Antigua Guatemala","link":"https:\/\/soymigrante.com\/revista\/un-domingo-cualquiera-es-especial-en-la-antigua-guatemala\/"}],"_links":{"self":[{"href":"https:\/\/soymigrante.com\/revista\/wp-json\/wp\/v2\/posts\/6872","targetHints":{"allow":["GET"]}}],"collection":[{"href":"https:\/\/soymigrante.com\/revista\/wp-json\/wp\/v2\/posts"}],"about":[{"href":"https:\/\/soymigrante.com\/revista\/wp-json\/wp\/v2\/types\/post"}],"author":[{"embeddable":true,"href":"https:\/\/soymigrante.com\/revista\/wp-json\/wp\/v2\/users\/7"}],"replies":[{"embeddable":true,"href":"https:\/\/soymigrante.com\/revista\/wp-json\/wp\/v2\/comments?post=6872"}],"version-history":[{"count":0,"href":"https:\/\/soymigrante.com\/revista\/wp-json\/wp\/v2\/posts\/6872\/revisions"}],"wp:featuredmedia":[{"embeddable":true,"href":"https:\/\/soymigrante.com\/revista\/wp-json\/wp\/v2\/media\/6873"}],"wp:attachment":[{"href":"https:\/\/soymigrante.com\/revista\/wp-json\/wp\/v2\/media?parent=6872"}],"wp:term":[{"taxonomy":"category","embeddable":true,"href":"https:\/\/soymigrante.com\/revista\/wp-json\/wp\/v2\/categories?post=6872"},{"taxonomy":"post_tag","embeddable":true,"href":"https:\/\/soymigrante.com\/revista\/wp-json\/wp\/v2\/tags?post=6872"}],"curies":[{"name":"wp","href":"https:\/\/api.w.org\/{rel}","templated":true}]}}