{"id":6857,"date":"2024-06-06T13:11:46","date_gmt":"2024-06-06T19:11:46","guid":{"rendered":"https:\/\/soymigrante.com\/revista\/?p=6857"},"modified":"2024-07-30T20:21:59","modified_gmt":"2024-07-31T02:21:59","slug":"encuesta-hispanas-en-usa-ven-avances-y-oportunidad","status":"publish","type":"post","link":"https:\/\/soymigrante.com\/revista\/encuesta-hispanas-en-usa-ven-avances-y-oportunidad\/","title":{"rendered":"Encuesta: Hispanas en USA ven avances y oportunidad"},"content":{"rendered":"\t\t<div data-elementor-type=\"wp-post\" data-elementor-id=\"6857\" class=\"elementor elementor-6857\" data-elementor-post-type=\"post\">\n\t\t\t\t\t\t<section data-particle_enable=\"false\" data-particle-mobile-disabled=\"false\" class=\"elementor-section elementor-top-section elementor-element elementor-element-7b8bb0c elementor-section-boxed elementor-section-height-default elementor-section-height-default\" data-id=\"7b8bb0c\" data-element_type=\"section\" data-e-type=\"section\">\n\t\t\t\t\t\t<div class=\"elementor-container elementor-column-gap-default\">\n\t\t\t\t\t<div class=\"elementor-column elementor-col-100 elementor-top-column elementor-element elementor-element-0ba9fee\" data-id=\"0ba9fee\" data-element_type=\"column\" data-e-type=\"column\">\n\t\t\t<div class=\"elementor-widget-wrap elementor-element-populated\">\n\t\t\t\t\t\t<div class=\"elementor-element elementor-element-be15253 elementor-widget elementor-widget-heading\" data-id=\"be15253\" data-element_type=\"widget\" data-e-type=\"widget\" data-widget_type=\"heading.default\">\n\t\t\t\t\t<h2 class=\"elementor-heading-title elementor-size-default\">Hispanas residentes en EE.UU. encuestadas por Pew Center han mencionado que la educaci\u00f3n ha abierto una mejora importante en desarrollo en comparaci\u00f3n a hace una d\u00e9cada.<\/h2>\t\t\t\t<\/div>\n\t\t\t\t\t<\/div>\n\t\t<\/div>\n\t\t\t\t\t<\/div>\n\t\t<\/section>\n\t\t\t\t<section data-particle_enable=\"false\" data-particle-mobile-disabled=\"false\" class=\"elementor-section elementor-top-section elementor-element elementor-element-3f652a6 elementor-section-boxed elementor-section-height-default elementor-section-height-default\" data-id=\"3f652a6\" data-element_type=\"section\" data-e-type=\"section\">\n\t\t\t\t\t\t<div class=\"elementor-container elementor-column-gap-default\">\n\t\t\t\t\t<div class=\"elementor-column elementor-col-100 elementor-top-column elementor-element elementor-element-d90152c\" data-id=\"d90152c\" data-element_type=\"column\" data-e-type=\"column\">\n\t\t\t<div class=\"elementor-widget-wrap elementor-element-populated\">\n\t\t\t\t\t\t<div class=\"elementor-element elementor-element-bce6de0 elementor-widget elementor-widget-text-editor\" data-id=\"bce6de0\" data-element_type=\"widget\" data-e-type=\"widget\" data-widget_type=\"text-editor.default\">\n\t\t\t\t\t\t\t\t\t<p>La mitad de las latinas dice que la situaci\u00f3n de las mujeres hispanas en Estados Unidos es mejor ahora que antes hace 10 a\u00f1os, y una proporci\u00f3n similar dice que la situaci\u00f3n mejorar\u00e1 en los pr\u00f3ximos 10 a\u00f1os, refleja una encuesta efectuada por el <a href=\"https:\/\/www.pewresearch.org\/race-and-ethnicity\/2024\/05\/15\/half-of-latinas-say-hispanic-womens-situation-has-improved-in-the-past-decade-and-expect-more-gains\/\">Pew Center.<\/a><\/p>\n<p>Aun as\u00ed, el <b>39% de las latinas<\/b> dice que la situaci\u00f3n se mantuvo igual y <b>el 34% dice que no cambiar\u00e1<\/b> en los pr\u00f3ximos 10 a\u00f1os.&nbsp;<\/p>\n<p>Dos tercios <b>(66%)<\/b> dicen que la brecha salarial de g\u00e9nero: el hecho de que las mujeres ganen menos dinero, en promedio, que los hombres \u2013 es un gran problema para las mujeres hispanas hoy en d\u00eda, seg\u00fan a un nuevo an\u00e1lisis del Pew Research Center Encuesta Nacional de Latinos.<\/p>\n<h3>&nbsp;<\/h3>\t\t\t\t\t\t\t\t<\/div>\n\t\t\t\t\t<\/div>\n\t\t<\/div>\n\t\t\t\t\t<\/div>\n\t\t<\/section>\n\t\t\t\t<section data-particle_enable=\"false\" data-particle-mobile-disabled=\"false\" class=\"elementor-section elementor-top-section elementor-element elementor-element-125b11b elementor-section-boxed elementor-section-height-default elementor-section-height-default\" data-id=\"125b11b\" data-element_type=\"section\" data-e-type=\"section\">\n\t\t\t\t\t\t<div class=\"elementor-container elementor-column-gap-default\">\n\t\t\t\t\t<div class=\"elementor-column elementor-col-100 elementor-top-column elementor-element elementor-element-8e42279\" data-id=\"8e42279\" data-element_type=\"column\" data-e-type=\"column\">\n\t\t\t<div class=\"elementor-widget-wrap elementor-element-populated\">\n\t\t\t\t\t\t<div class=\"elementor-element elementor-element-db03e8b elementor-grid-eael-col-1 elementor-grid-tablet-eael-col-2 elementor-grid-mobile-eael-col-1 elementor-widget elementor-widget-eael-post-grid\" data-id=\"db03e8b\" data-element_type=\"widget\" data-e-type=\"widget\" data-settings=\"{&quot;eael_post_grid_columns&quot;:&quot;eael-col-1&quot;,&quot;eael_post_grid_columns_tablet&quot;:&quot;eael-col-2&quot;,&quot;eael_post_grid_columns_mobile&quot;:&quot;eael-col-1&quot;}\" data-widget_type=\"eael-post-grid.default\">\n\t\t\t\t\t<div id=\"eael-post-grid-db03e8b\" class=\"eael-post-grid-container\">\n            <div class=\"eael-post-grid eael-post-appender eael-post-appender-db03e8b eael-post-grid-style-one\" data-layout-mode=\"masonry\"><article class=\"eael-grid-post  eael-post-grid-column eael-pg-post-6481 category-exitos\" data-id=\"6481\">\n        <div class=\"eael-grid-post-holder\">\n            <div class=\"eael-grid-post-holder-inner\"><div class=\"eael-entry-media\"><div class=\"eael-entry-overlay fade-in\"><i class=\"fas fa-long-arrow-alt-right\" aria-hidden=\"true\"><\/i><a href=\"https:\/\/soymigrante.com\/revista\/se-gradua-de-medica-hija-de-migrantes-guatemaltecos-en-oklahoma\/\"><\/a><\/div><div class=\"eael-entry-thumbnail \">\n                <img fetchpriority=\"high\" decoding=\"async\" width=\"715\" height=\"688\" src=\"https:\/\/soymigrante.com\/revista\/wp-content\/uploads\/2024\/05\/Captura-de-pantalla-2024-05-17-112020.webp\" class=\"attachment-large size-large wp-image-6482\" alt=\"Graduaci\u00f3n de inmigrantes en evento cultural con tradici\u00f3n, orgullo y diversidad en la comunidad migrante.\" srcset=\"https:\/\/soymigrante.com\/revista\/wp-content\/uploads\/2024\/05\/Captura-de-pantalla-2024-05-17-112020.webp 715w, https:\/\/soymigrante.com\/revista\/wp-content\/uploads\/2024\/05\/Captura-de-pantalla-2024-05-17-112020-300x289.webp 300w\" sizes=\"(max-width: 715px) 100vw, 715px\" \/>\n            <\/div>\n        <\/div><div class=\"eael-entry-wrapper\"><header class=\"eael-entry-header\"><h2 class=\"eael-entry-title\"><a class=\"eael-grid-post-link\" href=\"https:\/\/soymigrante.com\/revista\/se-gradua-de-medica-hija-de-migrantes-guatemaltecos-en-oklahoma\/\" title=\"Se grad\u00faa de m\u00e9dica hija de migrantes guatemaltecos en Oklahoma\">Se grad\u00faa de m\u00e9dica hija de migrantes guatemaltecos en Oklahoma<\/a><\/h2><\/header><div class=\"eael-entry-content\">\n                        <div class=\"eael-grid-post-excerpt\"><a href=\"https:\/\/soymigrante.com\/revista\/se-gradua-de-medica-hija-de-migrantes-guatemaltecos-en-oklahoma\/\" class=\"eael-post-elements-readmore-btn\">Read More<\/a><\/div>\n                    <\/div><\/div><\/div>\n        <\/div>\n    <\/article><\/div>\n            <div class=\"clearfix\"><\/div>\n        <\/div>\t\t\t\t<\/div>\n\t\t\t\t\t<\/div>\n\t\t<\/div>\n\t\t\t\t\t<\/div>\n\t\t<\/section>\n\t\t\t\t<section data-particle_enable=\"false\" data-particle-mobile-disabled=\"false\" class=\"elementor-section elementor-top-section elementor-element elementor-element-bdc59f8 elementor-section-boxed elementor-section-height-default elementor-section-height-default\" data-id=\"bdc59f8\" data-element_type=\"section\" data-e-type=\"section\">\n\t\t\t\t\t\t<div class=\"elementor-container elementor-column-gap-default\">\n\t\t\t\t\t<div class=\"elementor-column elementor-col-100 elementor-top-column elementor-element elementor-element-307ca58\" data-id=\"307ca58\" data-element_type=\"column\" data-e-type=\"column\">\n\t\t\t<div class=\"elementor-widget-wrap elementor-element-populated\">\n\t\t\t\t\t\t<div class=\"elementor-element elementor-element-f098404 elementor-widget elementor-widget-heading\" data-id=\"f098404\" data-element_type=\"widget\" data-e-type=\"widget\" data-widget_type=\"heading.default\">\n\t\t\t\t\t<h3 class=\"elementor-heading-title elementor-size-default\">Aumentan latinas en USA <\/h3>\t\t\t\t<\/div>\n\t\t\t\t\t<\/div>\n\t\t<\/div>\n\t\t\t\t\t<\/div>\n\t\t<\/section>\n\t\t\t\t<section data-particle_enable=\"false\" data-particle-mobile-disabled=\"false\" class=\"elementor-section elementor-top-section elementor-element elementor-element-7121b88 elementor-section-boxed elementor-section-height-default elementor-section-height-default\" data-id=\"7121b88\" data-element_type=\"section\" data-e-type=\"section\">\n\t\t\t\t\t\t<div class=\"elementor-container elementor-column-gap-default\">\n\t\t\t\t\t<div class=\"elementor-column elementor-col-100 elementor-top-column elementor-element elementor-element-f478786\" data-id=\"f478786\" data-element_type=\"column\" data-e-type=\"column\">\n\t\t\t<div class=\"elementor-widget-wrap elementor-element-populated\">\n\t\t\t\t\t\t<div class=\"elementor-element elementor-element-6200b46 elementor-widget elementor-widget-text-editor\" data-id=\"6200b46\" data-element_type=\"widget\" data-e-type=\"widget\" data-widget_type=\"text-editor.default\">\n\t\t\t\t\t\t\t\t\t<p>\u00a0<span style=\"color: var( --e-global-color-text );\">Con 22,2 millones, las latinas representan el 17% del total las mujeres adultas en los EE. UU. hoy. Su la poblaci\u00f3n creci\u00f3 en 5,6 millones de 2010 a 2022, el mayor aumento num\u00e9rico de cualquier importante grupo racial o \u00e9tnico femenino.\u00a0<\/span><\/p><p><span style=\"color: var( --e-global-color-text );\">Las evaluaciones mixtas de las latinas reflejan los avances del grupo en educaci\u00f3n y en el trabajo durante las \u00faltimas dos d\u00e9cadas, pero tambi\u00e9n estanc\u00f3 el progreso en cerrar las brechas salariales con otros grupos.<\/span><\/p><p>En 2021, casi 2,5 millones de latinos en Estados Unidos ten\u00edan t\u00edtulos avanzados como maestr\u00edas o doctorados. Esto represent\u00f3 un enorme aumento con respecto al a\u00f1o 2000, cuando 710.000 latinos ten\u00edan t\u00edtulos avanzados. El cambio refleja el aumento m\u00e1s amplio de los latinos en la matr\u00edcula postsecundaria y el aumento de los logros educativos.<\/p><p>A pesar del gran aumento en el n\u00famero de latinos con t\u00edtulos avanzados, representaron solo el 8% de todos los titulares de t\u00edtulos avanzados en los EE. UU. en 2021. Esto estuvo muy por debajo de su participaci\u00f3n del 19% en la poblaci\u00f3n general de los EE. UU. ,<a href=\"https:\/\/www.pewresearch.org\/race-and-ethnicity\/2024\/05\/15\/half-of-latinas-say-hispanic-womens-situation-has-improved-in-the-past-decade-and-expect-more-gains\/\"> seg\u00fan el Centro de Investigaci\u00f3n Pew, al efectuar an\u00e1lisis de datos de la Oficina del Censo.<\/a><\/p><h3>\u00a0<\/h3>\t\t\t\t\t\t\t\t<\/div>\n\t\t\t\t\t<\/div>\n\t\t<\/div>\n\t\t\t\t\t<\/div>\n\t\t<\/section>\n\t\t\t\t<section data-particle_enable=\"false\" data-particle-mobile-disabled=\"false\" class=\"elementor-section elementor-top-section elementor-element elementor-element-9da2b9b elementor-section-boxed elementor-section-height-default elementor-section-height-default\" data-id=\"9da2b9b\" data-element_type=\"section\" data-e-type=\"section\">\n\t\t\t\t\t\t<div class=\"elementor-container elementor-column-gap-default\">\n\t\t\t\t\t<div class=\"elementor-column elementor-col-100 elementor-top-column elementor-element elementor-element-3bb8f88\" data-id=\"3bb8f88\" data-element_type=\"column\" data-e-type=\"column\">\n\t\t\t<div class=\"elementor-widget-wrap elementor-element-populated\">\n\t\t\t\t\t\t<div class=\"elementor-element elementor-element-0477b6f elementor-grid-eael-col-1 elementor-grid-tablet-eael-col-2 elementor-grid-mobile-eael-col-1 elementor-widget elementor-widget-eael-post-grid\" data-id=\"0477b6f\" data-element_type=\"widget\" data-e-type=\"widget\" data-settings=\"{&quot;eael_post_grid_columns&quot;:&quot;eael-col-1&quot;,&quot;eael_post_grid_columns_tablet&quot;:&quot;eael-col-2&quot;,&quot;eael_post_grid_columns_mobile&quot;:&quot;eael-col-1&quot;}\" data-widget_type=\"eael-post-grid.default\">\n\t\t\t\t\t<div id=\"eael-post-grid-0477b6f\" class=\"eael-post-grid-container\">\n            <div class=\"eael-post-grid eael-post-appender eael-post-appender-0477b6f eael-post-grid-style-one\" data-layout-mode=\"masonry\"><article class=\"eael-grid-post  eael-post-grid-column eael-pg-post-4835 category-exitos\" data-id=\"4835\">\n        <div class=\"eael-grid-post-holder\">\n            <div class=\"eael-grid-post-holder-inner\"><div class=\"eael-entry-media\"><div class=\"eael-entry-overlay fade-in\"><i class=\"fas fa-long-arrow-alt-right\" aria-hidden=\"true\"><\/i><a href=\"https:\/\/soymigrante.com\/revista\/migrante-guatemalteca-alejandra-cifuentes-asesoria-legal-fiscal-oklahoma\/\"><\/a><\/div><div class=\"eael-entry-thumbnail \">\n                <img decoding=\"async\" width=\"308\" height=\"319\" src=\"https:\/\/soymigrante.com\/revista\/wp-content\/uploads\/2024\/02\/WhatsApp-Image-2024-02-15-at-5.45.02-PM.webp\" class=\"attachment-large size-large wp-image-4926\" alt=\"Alejandra es la mayor de los cuatro hermanos migrantes Cifuentes.\" srcset=\"https:\/\/soymigrante.com\/revista\/wp-content\/uploads\/2024\/02\/WhatsApp-Image-2024-02-15-at-5.45.02-PM.webp 308w, https:\/\/soymigrante.com\/revista\/wp-content\/uploads\/2024\/02\/WhatsApp-Image-2024-02-15-at-5.45.02-PM-290x300.webp 290w\" sizes=\"(max-width: 308px) 100vw, 308px\" \/>\n            <\/div>\n        <\/div><div class=\"eael-entry-wrapper\"><header class=\"eael-entry-header\"><h2 class=\"eael-entry-title\"><a class=\"eael-grid-post-link\" href=\"https:\/\/soymigrante.com\/revista\/migrante-guatemalteca-alejandra-cifuentes-asesoria-legal-fiscal-oklahoma\/\" title=\"Hermanos migrantes: Alejandra Cifuentes, asesora fiscal, migratoria y de bienes ra\u00edces\">Hermanos migrantes: Alejandra Cifuentes, asesora fiscal, migratoria y de bienes ra\u00edces<\/a><\/h2><\/header><div class=\"eael-entry-content\">\n                        <div class=\"eael-grid-post-excerpt\"><a href=\"https:\/\/soymigrante.com\/revista\/migrante-guatemalteca-alejandra-cifuentes-asesoria-legal-fiscal-oklahoma\/\" class=\"eael-post-elements-readmore-btn\">Read More<\/a><\/div>\n                    <\/div><\/div><\/div>\n        <\/div>\n    <\/article><\/div>\n            <div class=\"clearfix\"><\/div>\n        <\/div>\t\t\t\t<\/div>\n\t\t\t\t<div class=\"elementor-element elementor-element-5d38259 elementor-widget elementor-widget-heading\" data-id=\"5d38259\" data-element_type=\"widget\" data-e-type=\"widget\" data-widget_type=\"heading.default\">\n\t\t\t\t\t<h3 class=\"elementor-heading-title elementor-size-default\">Crece fuerza laboral de hispanas<\/h3>\t\t\t\t<\/div>\n\t\t\t\t\t<\/div>\n\t\t<\/div>\n\t\t\t\t\t<\/div>\n\t\t<\/section>\n\t\t\t\t<section data-particle_enable=\"false\" data-particle-mobile-disabled=\"false\" class=\"elementor-section elementor-top-section elementor-element elementor-element-1d9a8e1 elementor-section-boxed elementor-section-height-default elementor-section-height-default\" data-id=\"1d9a8e1\" data-element_type=\"section\" data-e-type=\"section\">\n\t\t\t\t\t\t<div class=\"elementor-container elementor-column-gap-default\">\n\t\t\t\t\t<div class=\"elementor-column elementor-col-100 elementor-top-column elementor-element elementor-element-291cd58\" data-id=\"291cd58\" data-element_type=\"column\" data-e-type=\"column\">\n\t\t\t<div class=\"elementor-widget-wrap elementor-element-populated\">\n\t\t\t\t\t\t<div class=\"elementor-element elementor-element-23d5020 elementor-widget elementor-widget-text-editor\" data-id=\"23d5020\" data-element_type=\"widget\" data-e-type=\"widget\" data-widget_type=\"text-editor.default\">\n\t\t\t\t\t\t\t\t\t<p><span style=\"color: var( --e-global-color-text );\">Las mujeres hispanas han aumentado su tasa de participaci\u00f3n en la fuerza laboral en un 4 por ciento puntos, del 65% en 2013 al 69% en 2023.<\/span><\/p><p>El salario medio por hora de las mujeres hispanas ha aumentado un 17% en la \u00faltima d\u00e9cada.<\/p><p>En 2023, su salario medio por hora era de 19,23 d\u00f3lares, frente a los 16,47 d\u00f3lares de 2013 (en d\u00f3lares de 2023).<\/p><p>A pesar de este progreso, las diferencias salariales de las mujeres hispanas con respecto a sus pares no han aumentado significativamente.<\/p>\t\t\t\t\t\t\t\t<\/div>\n\t\t\t\t\t<\/div>\n\t\t<\/div>\n\t\t\t\t\t<\/div>\n\t\t<\/section>\n\t\t\t\t<section data-particle_enable=\"false\" data-particle-mobile-disabled=\"false\" class=\"elementor-section elementor-top-section elementor-element elementor-element-4c5b899 elementor-section-boxed elementor-section-height-default elementor-section-height-default\" data-id=\"4c5b899\" data-element_type=\"section\" data-e-type=\"section\">\n\t\t\t\t\t\t<div class=\"elementor-container elementor-column-gap-default\">\n\t\t\t\t\t<div class=\"elementor-column elementor-col-100 elementor-top-column elementor-element elementor-element-7253b44\" data-id=\"7253b44\" data-element_type=\"column\" data-e-type=\"column\">\n\t\t\t<div class=\"elementor-widget-wrap elementor-element-populated\">\n\t\t\t\t\t\t<div class=\"elementor-element elementor-element-a1e9966 elementor-grid-eael-col-1 elementor-grid-tablet-eael-col-2 elementor-grid-mobile-eael-col-1 elementor-widget elementor-widget-eael-post-grid\" data-id=\"a1e9966\" data-element_type=\"widget\" data-e-type=\"widget\" data-settings=\"{&quot;eael_post_grid_columns&quot;:&quot;eael-col-1&quot;,&quot;eael_post_grid_columns_tablet&quot;:&quot;eael-col-2&quot;,&quot;eael_post_grid_columns_mobile&quot;:&quot;eael-col-1&quot;}\" data-widget_type=\"eael-post-grid.default\">\n\t\t\t\t\t<div id=\"eael-post-grid-a1e9966\" class=\"eael-post-grid-container\">\n            <div class=\"eael-post-grid eael-post-appender eael-post-appender-a1e9966 eael-post-grid-style-one\" data-layout-mode=\"masonry\"><article class=\"eael-grid-post  eael-post-grid-column eael-pg-post-2281 category-exitos\" data-id=\"2281\">\n        <div class=\"eael-grid-post-holder\">\n            <div class=\"eael-grid-post-holder-inner\"><div class=\"eael-entry-media\"><div class=\"eael-entry-overlay fade-in\"><i class=\"fas fa-long-arrow-alt-right\" aria-hidden=\"true\"><\/i><a href=\"https:\/\/soymigrante.com\/revista\/rosario-rodriguez-cineasta-guatemalteca-nueva-york\/\"><\/a><\/div><div class=\"eael-entry-thumbnail \">\n                <img decoding=\"async\" width=\"1024\" height=\"834\" src=\"https:\/\/soymigrante.com\/revista\/wp-content\/uploads\/2023\/08\/rosie-1024x834.webp\" class=\"attachment-large size-large wp-image-2341\" alt=\"Rosario Rodr\u00edguez, cineasta guatemalteca y migrante\" srcset=\"https:\/\/soymigrante.com\/revista\/wp-content\/uploads\/2023\/08\/rosie-1024x834.webp 1024w, https:\/\/soymigrante.com\/revista\/wp-content\/uploads\/2023\/08\/rosie-300x244.webp 300w, https:\/\/soymigrante.com\/revista\/wp-content\/uploads\/2023\/08\/rosie-768x626.webp 768w, https:\/\/soymigrante.com\/revista\/wp-content\/uploads\/2023\/08\/rosie-750x611.webp 750w, https:\/\/soymigrante.com\/revista\/wp-content\/uploads\/2023\/08\/rosie-1140x929.webp 1140w, https:\/\/soymigrante.com\/revista\/wp-content\/uploads\/2023\/08\/rosie.webp 1425w\" sizes=\"(max-width: 1024px) 100vw, 1024px\" \/>\n            <\/div>\n        <\/div><div class=\"eael-entry-wrapper\"><header class=\"eael-entry-header\"><h2 class=\"eael-entry-title\"><a class=\"eael-grid-post-link\" href=\"https:\/\/soymigrante.com\/revista\/rosario-rodriguez-cineasta-guatemalteca-nueva-york\/\" title=\"Rosario Rodr\u00edguez: La cineasta guatemalteca que brilla en Nueva York\">Rosario Rodr\u00edguez: La cineasta guatemalteca que brilla en Nueva York<\/a><\/h2><\/header><div class=\"eael-entry-content\">\n                        <div class=\"eael-grid-post-excerpt\"><a href=\"https:\/\/soymigrante.com\/revista\/rosario-rodriguez-cineasta-guatemalteca-nueva-york\/\" class=\"eael-post-elements-readmore-btn\">Read More<\/a><\/div>\n                    <\/div><\/div><\/div>\n        <\/div>\n    <\/article><\/div>\n            <div class=\"clearfix\"><\/div>\n        <\/div>\t\t\t\t<\/div>\n\t\t\t\t\t<\/div>\n\t\t<\/div>\n\t\t\t\t\t<\/div>\n\t\t<\/section>\n\t\t\t\t<section data-particle_enable=\"false\" data-particle-mobile-disabled=\"false\" class=\"elementor-section elementor-top-section elementor-element elementor-element-ee4502d elementor-section-boxed elementor-section-height-default elementor-section-height-default\" data-id=\"ee4502d\" data-element_type=\"section\" data-e-type=\"section\">\n\t\t\t\t\t\t<div class=\"elementor-container elementor-column-gap-default\">\n\t\t\t\t\t<div class=\"elementor-column elementor-col-100 elementor-top-column elementor-element elementor-element-b4b19f1\" data-id=\"b4b19f1\" data-element_type=\"column\" data-e-type=\"column\">\n\t\t\t<div class=\"elementor-widget-wrap elementor-element-populated\">\n\t\t\t\t\t\t<div class=\"elementor-element elementor-element-1ac7a4a elementor-widget elementor-widget-heading\" data-id=\"1ac7a4a\" data-element_type=\"widget\" data-e-type=\"widget\" data-widget_type=\"heading.default\">\n\t\t\t\t\t<h3 class=\"elementor-heading-title elementor-size-default\">Hispanas en EE.UU. ven mejor acceso educativo <\/h3>\t\t\t\t<\/div>\n\t\t\t\t\t<\/div>\n\t\t<\/div>\n\t\t\t\t\t<\/div>\n\t\t<\/section>\n\t\t\t\t<section data-particle_enable=\"false\" data-particle-mobile-disabled=\"false\" class=\"elementor-section elementor-top-section elementor-element elementor-element-2338543 elementor-section-boxed elementor-section-height-default elementor-section-height-default\" data-id=\"2338543\" data-element_type=\"section\" data-e-type=\"section\">\n\t\t\t\t\t\t<div class=\"elementor-container elementor-column-gap-default\">\n\t\t\t\t\t<div class=\"elementor-column elementor-col-100 elementor-top-column elementor-element elementor-element-80e3890\" data-id=\"80e3890\" data-element_type=\"column\" data-e-type=\"column\">\n\t\t\t<div class=\"elementor-widget-wrap elementor-element-populated\">\n\t\t\t\t\t\t<div class=\"elementor-element elementor-element-a19b8e5 elementor-widget elementor-widget-text-editor\" data-id=\"a19b8e5\" data-element_type=\"widget\" data-e-type=\"widget\" data-widget_type=\"text-editor.default\">\n\t\t\t\t\t\t\t\t\t<p>\u00a0<span style=\"color: var( --e-global-color-text );\">Educaci\u00f3n: La mayor\u00eda de las latinas con una licenciatura o superior (56%) dice que la situaci\u00f3n de las mujeres hispanas en este pa\u00eds ha mejorado. En comparaci\u00f3n, el 47% de las latinas con un alto diploma escolar o menos dicen lo mismo.<\/span><\/p><p>\u00a0<\/p><p>C\u00f3mo ha cambiado la situaci\u00f3n educativa y econ\u00f3mica de las latinas cambiada en las \u00faltimas dos d\u00e9cadas Las latinas han logrado avances considerables en varios frentes en las \u00faltimas dos d\u00e9cadas.\u00a0<\/p><p>La comparte con las licenciaturas se han duplicado aproximadamente desde 2003, y su tasa de participaci\u00f3n en la fuerza laboral y el salario medio por hora ha aumentado. Sin embargo, las mujeres hispanas todav\u00eda est\u00e1n por detr\u00e1s de los hombres hispanos, los hombres blancos no hispanos y las mujeres no hispanas en cuanto a participaci\u00f3n en la fuerza laboral y salario medio por hora.<\/p>\t\t\t\t\t\t\t\t<\/div>\n\t\t\t\t\t<\/div>\n\t\t<\/div>\n\t\t\t\t\t<\/div>\n\t\t<\/section>\n\t\t\t\t<section data-particle_enable=\"false\" data-particle-mobile-disabled=\"false\" class=\"elementor-section elementor-top-section elementor-element elementor-element-7be46ff elementor-section-boxed elementor-section-height-default elementor-section-height-default\" data-id=\"7be46ff\" data-element_type=\"section\" data-e-type=\"section\">\n\t\t\t\t\t\t<div class=\"elementor-container elementor-column-gap-default\">\n\t\t\t\t\t<div class=\"elementor-column elementor-col-100 elementor-top-column elementor-element elementor-element-7f56b8e\" data-id=\"7f56b8e\" data-element_type=\"column\" data-e-type=\"column\">\n\t\t\t<div class=\"elementor-widget-wrap elementor-element-populated\">\n\t\t\t\t\t\t<div class=\"elementor-element elementor-element-d72e6a6 elementor-widget elementor-widget-heading\" data-id=\"d72e6a6\" data-element_type=\"widget\" data-e-type=\"widget\" data-widget_type=\"heading.default\">\n\t\t\t\t\t<h2 class=\"elementor-heading-title elementor-size-default\">Mucho m\u00e1s talento de guatemaltecas <\/h2>\t\t\t\t<\/div>\n\t\t\t\t\t<\/div>\n\t\t<\/div>\n\t\t\t\t\t<\/div>\n\t\t<\/section>\n\t\t\t\t<section data-particle_enable=\"false\" data-particle-mobile-disabled=\"false\" class=\"elementor-section elementor-top-section elementor-element elementor-element-fc2d82e elementor-section-boxed elementor-section-height-default elementor-section-height-default\" data-id=\"fc2d82e\" data-element_type=\"section\" data-e-type=\"section\">\n\t\t\t\t\t\t<div class=\"elementor-container elementor-column-gap-default\">\n\t\t\t\t\t<div class=\"elementor-column elementor-col-100 elementor-top-column elementor-element elementor-element-21c25d0\" data-id=\"21c25d0\" data-element_type=\"column\" data-e-type=\"column\">\n\t\t\t<div class=\"elementor-widget-wrap elementor-element-populated\">\n\t\t\t\t\t\t<div class=\"elementor-element elementor-element-db7078a elementor-grid-eael-col-3 elementor-grid-tablet-eael-col-2 elementor-grid-mobile-eael-col-1 elementor-widget elementor-widget-eael-post-grid\" data-id=\"db7078a\" data-element_type=\"widget\" data-e-type=\"widget\" data-settings=\"{&quot;eael_post_grid_columns&quot;:&quot;eael-col-3&quot;,&quot;eael_post_grid_columns_tablet&quot;:&quot;eael-col-2&quot;,&quot;eael_post_grid_columns_mobile&quot;:&quot;eael-col-1&quot;}\" data-widget_type=\"eael-post-grid.default\">\n\t\t\t\t\t<div id=\"eael-post-grid-db7078a\" class=\"eael-post-grid-container\">\n            <div class=\"eael-post-grid eael-post-appender eael-post-appender-db7078a eael-post-grid-style-one\" data-layout-mode=\"masonry\"><article class=\"eael-grid-post  eael-post-grid-column eael-pg-post-2511 category-exitos\" data-id=\"2511\">\n        <div class=\"eael-grid-post-holder\">\n            <div class=\"eael-grid-post-holder-inner\"><div class=\"eael-entry-media\"><div class=\"eael-entry-overlay fade-in\"><i class=\"far fa-hand-pointer\" aria-hidden=\"true\"><\/i><a href=\"https:\/\/soymigrante.com\/revista\/migrante-guatemalteca-cory-tzul-emprendio-su-negocio-en-alabama-y-crea-empleo-en-toto\/\"><\/a><\/div><div class=\"eael-entry-thumbnail \">\n                <img loading=\"lazy\" decoding=\"async\" width=\"300\" height=\"246\" src=\"https:\/\/soymigrante.com\/revista\/wp-content\/uploads\/2023\/09\/Captura-de-pantalla-2023-09-09-131440-300x246.webp\" class=\"attachment-medium size-medium wp-image-2531\" alt=\"\" srcset=\"https:\/\/soymigrante.com\/revista\/wp-content\/uploads\/2023\/09\/Captura-de-pantalla-2023-09-09-131440-300x246.webp 300w, https:\/\/soymigrante.com\/revista\/wp-content\/uploads\/2023\/09\/Captura-de-pantalla-2023-09-09-131440.webp 508w\" sizes=\"(max-width: 300px) 100vw, 300px\" \/>\n            <\/div>\n        <\/div><div class=\"eael-entry-wrapper\"><header class=\"eael-entry-header\"><h2 class=\"eael-entry-title\"><a class=\"eael-grid-post-link\" href=\"https:\/\/soymigrante.com\/revista\/migrante-guatemalteca-cory-tzul-emprendio-su-negocio-en-alabama-y-crea-empleo-en-toto\/\" title=\"Migrante guatemalteca Cori Tzul emprendi\u00f3  negocio en Alabama y genera empleo en su natal  Totonicap\u00e1n\">Migrante guatemalteca Cori Tzul emprendi\u00f3  negocio en Alabama y genera empleo en su natal  Totonicap\u00e1n<\/a><\/h2><\/header><div class=\"eael-entry-content\">\n                        <div class=\"eael-grid-post-excerpt\"><p>Madre, hija, migrante emprendedora, Cori Tzul lleg\u00f3 a Estados Unidos...<\/p><a href=\"https:\/\/soymigrante.com\/revista\/migrante-guatemalteca-cory-tzul-emprendio-su-negocio-en-alabama-y-crea-empleo-en-toto\/\" class=\"eael-post-elements-readmore-btn\">Read More<\/a><\/div>\n                    <\/div><\/div><\/div>\n        <\/div>\n    <\/article><article class=\"eael-grid-post  eael-post-grid-column eael-pg-post-2368 category-exitos\" data-id=\"2368\">\n        <div class=\"eael-grid-post-holder\">\n            <div class=\"eael-grid-post-holder-inner\"><div class=\"eael-entry-media\"><div class=\"eael-entry-overlay fade-in\"><i class=\"far fa-hand-pointer\" aria-hidden=\"true\"><\/i><a href=\"https:\/\/soymigrante.com\/revista\/elizabeth-coti-maestra-espanol-texas-guatemala\/\"><\/a><\/div><div class=\"eael-entry-thumbnail \">\n                <img loading=\"lazy\" decoding=\"async\" width=\"300\" height=\"214\" src=\"https:\/\/soymigrante.com\/revista\/wp-content\/uploads\/2023\/08\/705345_4157588903679_1136987468_o-e1693334157790-300x214.webp\" class=\"attachment-medium size-medium wp-image-2369\" alt=\"El cari\u00f1o de sus padres H\u00e9ctor y Guadalupe ense\u00f1\u00f3 a Elizabeth a valorar la multiculturalidad guatemalteca.\" srcset=\"https:\/\/soymigrante.com\/revista\/wp-content\/uploads\/2023\/08\/705345_4157588903679_1136987468_o-e1693334157790-300x214.webp 300w, https:\/\/soymigrante.com\/revista\/wp-content\/uploads\/2023\/08\/705345_4157588903679_1136987468_o-e1693334157790-1024x731.webp 1024w, https:\/\/soymigrante.com\/revista\/wp-content\/uploads\/2023\/08\/705345_4157588903679_1136987468_o-e1693334157790-768x548.webp 768w, https:\/\/soymigrante.com\/revista\/wp-content\/uploads\/2023\/08\/705345_4157588903679_1136987468_o-e1693334157790-1536x1096.webp 1536w, https:\/\/soymigrante.com\/revista\/wp-content\/uploads\/2023\/08\/705345_4157588903679_1136987468_o-e1693334157790-120x86.webp 120w, https:\/\/soymigrante.com\/revista\/wp-content\/uploads\/2023\/08\/705345_4157588903679_1136987468_o-e1693334157790-350x250.webp 350w, https:\/\/soymigrante.com\/revista\/wp-content\/uploads\/2023\/08\/705345_4157588903679_1136987468_o-e1693334157790-750x535.webp 750w, https:\/\/soymigrante.com\/revista\/wp-content\/uploads\/2023\/08\/705345_4157588903679_1136987468_o-e1693334157790-1140x814.webp 1140w, https:\/\/soymigrante.com\/revista\/wp-content\/uploads\/2023\/08\/705345_4157588903679_1136987468_o-e1693334157790.webp 1774w\" sizes=\"(max-width: 300px) 100vw, 300px\" \/>\n            <\/div>\n        <\/div><div class=\"eael-entry-wrapper\"><header class=\"eael-entry-header\"><h2 class=\"eael-entry-title\"><a class=\"eael-grid-post-link\" href=\"https:\/\/soymigrante.com\/revista\/elizabeth-coti-maestra-espanol-texas-guatemala\/\" title=\"Elizabeth Cot\u00ed: La maestra texana con ra\u00edces guatemaltecas que ense\u00f1a espa\u00f1ol\">Elizabeth Cot\u00ed: La maestra texana con ra\u00edces guatemaltecas que ense\u00f1a espa\u00f1ol<\/a><\/h2><\/header><div class=\"eael-entry-content\">\n                        <div class=\"eael-grid-post-excerpt\"><p>Sus padres Guadalupe y H\u00e9ctor Cot\u00ed son la base de...<\/p><a href=\"https:\/\/soymigrante.com\/revista\/elizabeth-coti-maestra-espanol-texas-guatemala\/\" class=\"eael-post-elements-readmore-btn\">Read More<\/a><\/div>\n                    <\/div><\/div><\/div>\n        <\/div>\n    <\/article><article class=\"eael-grid-post  eael-post-grid-column eael-pg-post-2220 category-exitos\" data-id=\"2220\">\n        <div class=\"eael-grid-post-holder\">\n            <div class=\"eael-grid-post-holder-inner\"><div class=\"eael-entry-media\"><div class=\"eael-entry-overlay fade-in\"><i class=\"far fa-hand-pointer\" aria-hidden=\"true\"><\/i><a href=\"https:\/\/soymigrante.com\/revista\/migrante-zoy-promotora-cultura-guatemala\/\"><\/a><\/div><div class=\"eael-entry-thumbnail \">\n                <img loading=\"lazy\" decoding=\"async\" width=\"300\" height=\"300\" src=\"https:\/\/soymigrante.com\/revista\/wp-content\/uploads\/2023\/08\/zoy-herera-2-300x300.webp\" class=\"attachment-medium size-medium wp-image-2221\" alt=\"\" srcset=\"https:\/\/soymigrante.com\/revista\/wp-content\/uploads\/2023\/08\/zoy-herera-2-300x300.webp 300w, https:\/\/soymigrante.com\/revista\/wp-content\/uploads\/2023\/08\/zoy-herera-2-1024x1024.webp 1024w, https:\/\/soymigrante.com\/revista\/wp-content\/uploads\/2023\/08\/zoy-herera-2-150x150.webp 150w, https:\/\/soymigrante.com\/revista\/wp-content\/uploads\/2023\/08\/zoy-herera-2-768x768.webp 768w, https:\/\/soymigrante.com\/revista\/wp-content\/uploads\/2023\/08\/zoy-herera-2-75x75.webp 75w, https:\/\/soymigrante.com\/revista\/wp-content\/uploads\/2023\/08\/zoy-herera-2-750x750.webp 750w, https:\/\/soymigrante.com\/revista\/wp-content\/uploads\/2023\/08\/zoy-herera-2-600x600.webp 600w, https:\/\/soymigrante.com\/revista\/wp-content\/uploads\/2023\/08\/zoy-herera-2.webp 1112w\" sizes=\"(max-width: 300px) 100vw, 300px\" \/>\n            <\/div>\n        <\/div><div class=\"eael-entry-wrapper\"><header class=\"eael-entry-header\"><h2 class=\"eael-entry-title\"><a class=\"eael-grid-post-link\" href=\"https:\/\/soymigrante.com\/revista\/migrante-zoy-promotora-cultura-guatemala\/\" title=\"Zoy, dise\u00f1adora, promotora cultural y migrante guatemalteca en New York\">Zoy, dise\u00f1adora, promotora cultural y migrante guatemalteca en New York<\/a><\/h2><\/header><div class=\"eael-entry-content\">\n                        <div class=\"eael-grid-post-excerpt\"><p>Zoila Herrera Florencio se expresa totalmente orgullosa de ser guatemalteca...<\/p><a href=\"https:\/\/soymigrante.com\/revista\/migrante-zoy-promotora-cultura-guatemala\/\" class=\"eael-post-elements-readmore-btn\">Read More<\/a><\/div>\n                    <\/div><\/div><\/div>\n        <\/div>\n    <\/article><\/div>\n            <div class=\"clearfix\"><\/div>\n        <\/div>\t\t\t\t<\/div>\n\t\t\t\t\t<\/div>\n\t\t<\/div>\n\t\t\t\t\t<\/div>\n\t\t<\/section>\n\t\t\t\t<\/div>\n\t\t","protected":false},"excerpt":{"rendered":"<p>Hispanas residentes en EE.UU. encuestadas por Pew Center han mencionado que la educaci\u00f3n ha abierto una mejora importante en desarrollo en comparaci\u00f3n a hace una d\u00e9cada. La mitad de las latinas dice que la situaci\u00f3n de las mujeres hispanas en Estados Unidos es mejor ahora que antes hace 10 a\u00f1os, y una proporci\u00f3n similar dice [&hellip;]<\/p>\n","protected":false},"author":19,"featured_media":6858,"comment_status":"open","ping_status":"open","sticky":false,"template":"","format":"standard","meta":{"_acf_changed":false,"_eb_attr":"","footnotes":""},"categories":[54],"tags":[],"class_list":["post-6857","post","type-post","status-publish","format-standard","has-post-thumbnail","hentry","category-estamos-unidos"],"acf":[],"aioseo_notices":[],"aioseo_head":"\n\t\t<!-- All in One SEO Pro 4.9.6.2 - aioseo.com -->\n\t<meta name=\"description\" content=\"Conoce a Zoy Herrera, una migrante guatemalteca en Nueva York que transform\u00f3 la pandemia en una oportunidad para promover su cultura y talento.\" \/>\n\t<meta name=\"robots\" content=\"max-snippet:-1, max-image-preview:large, max-video-preview:-1\" \/>\n\t<meta name=\"author\" content=\"Gustavo Montenegro\"\/>\n\t<link rel=\"canonical\" href=\"https:\/\/soymigrante.com\/revista\/migrante-zoy-promotora-cultura-guatemala\/\" \/>\n\t<meta name=\"generator\" content=\"All in One SEO Pro (AIOSEO) 4.9.6.2\" \/>\n\n\t\t<link rel=\"preconnect\" href=\"https:\/\/fonts.googleapis.com\" crossorigin>\n<link rel=\"preconnect\" href=\"https:\/\/fonts.gstatic.com\" crossorigin>\n\t\t<meta property=\"og:locale\" content=\"es_ES\" \/>\n\t\t<meta property=\"og:site_name\" content=\"SoyMigrante.com REVISTA \u2013 Nuestra misi\u00f3n es reconocer y dignificar al migrante.\" \/>\n\t\t<meta property=\"og:type\" content=\"article\" \/>\n\t\t<meta property=\"og:title\" content=\"Zoy, dise\u00f1adora, promotora cultural y migrante guatemalteca en New York\" \/>\n\t\t<meta property=\"og:description\" content=\"Conoce a Zoy Herrera, una migrante guatemalteca en Nueva York que transform\u00f3 la pandemia en una oportunidad para promover su cultura y talento.\" \/>\n\t\t<meta property=\"og:url\" content=\"https:\/\/soymigrante.com\/revista\/migrante-zoy-promotora-cultura-guatemala\/\" \/>\n\t\t<meta property=\"og:image\" content=\"https:\/\/soymigrante.com\/revista\/wp-content\/uploads\/2023\/08\/zoy-herera-2.webp\" \/>\n\t\t<meta property=\"og:image:secure_url\" content=\"https:\/\/soymigrante.com\/revista\/wp-content\/uploads\/2023\/08\/zoy-herera-2.webp\" \/>\n\t\t<meta property=\"og:image:width\" content=\"1112\" \/>\n\t\t<meta property=\"og:image:height\" content=\"1112\" \/>\n\t\t<meta property=\"article:published_time\" content=\"2023-08-16T18:48:11+00:00\" \/>\n\t\t<meta property=\"article:modified_time\" content=\"2024-07-31T14:06:26+00:00\" \/>\n\t\t<meta property=\"article:publisher\" content=\"https:\/\/www.facebook.com\/soymigrantecom\" \/>\n\t\t<meta name=\"twitter:card\" content=\"summary_large_image\" \/>\n\t\t<meta name=\"twitter:site\" content=\"@SoyMigrante_com\" \/>\n\t\t<meta name=\"twitter:title\" content=\"Zoy, dise\u00f1adora, promotora cultural y migrante guatemalteca en New York\" \/>\n\t\t<meta name=\"twitter:description\" content=\"Conoce a Zoy Herrera, una migrante guatemalteca en Nueva York que transform\u00f3 la pandemia en una oportunidad para promover su cultura y talento.\" \/>\n\t\t<meta name=\"twitter:creator\" content=\"@SoyMigrante_com\" \/>\n\t\t<meta name=\"twitter:image\" content=\"https:\/\/soymigrante.com\/revista\/wp-content\/uploads\/2023\/08\/zoy-herera-2.webp\" \/>\n\t\t<!-- All in One SEO Pro -->\r\n\t\t<title>Zoy, dise\u00f1adora, promotora cultural y migrante guatemalteca en New York<\/title>\n\n","aioseo_head_json":{"title":"Zoy, dise\u00f1adora, promotora cultural y migrante guatemalteca en New York","description":"Conoce a Zoy Herrera, una migrante guatemalteca en Nueva York que transform\u00f3 la pandemia en una oportunidad para promover su cultura y talento.","canonical_url":"https:\/\/soymigrante.com\/revista\/migrante-zoy-promotora-cultura-guatemala\/","robots":"max-snippet:-1, max-image-preview:large, max-video-preview:-1","keywords":"","webmasterTools":{"miscellaneous":"&lt;link rel=\"preconnect\" href=\"https:\/\/fonts.googleapis.com\" crossorigin&gt;\n&lt;link rel=\"preconnect\" href=\"https:\/\/fonts.gstatic.com\" crossorigin&gt;"},"schema":null,"og:locale":"es_ES","og:site_name":"SoyMigrante.com REVISTA \u2013 Nuestra misi\u00f3n es reconocer y dignificar al migrante.","og:type":"article","og:title":"Zoy, dise\u00f1adora, promotora cultural y migrante guatemalteca en New York","og:description":"Conoce a Zoy Herrera, una migrante guatemalteca en Nueva York que transform\u00f3 la pandemia en una oportunidad para promover su cultura y talento.","og:url":"https:\/\/soymigrante.com\/revista\/migrante-zoy-promotora-cultura-guatemala\/","og:image":"https:\/\/soymigrante.com\/revista\/wp-content\/uploads\/2023\/08\/zoy-herera-2.webp","og:image:secure_url":"https:\/\/soymigrante.com\/revista\/wp-content\/uploads\/2023\/08\/zoy-herera-2.webp","og:image:width":1112,"og:image:height":1112,"article:published_time":"2023-08-16T18:48:11+00:00","article:modified_time":"2024-07-31T14:06:26+00:00","article:publisher":"https:\/\/www.facebook.com\/soymigrantecom","twitter:card":"summary_large_image","twitter:site":"@SoyMigrante_com","twitter:title":"Zoy, dise\u00f1adora, promotora cultural y migrante guatemalteca en New York","twitter:description":"Conoce a Zoy Herrera, una migrante guatemalteca en Nueva York que transform\u00f3 la pandemia en una oportunidad para promover su cultura y talento.","twitter:creator":"@SoyMigrante_com","twitter:image":"https:\/\/soymigrante.com\/revista\/wp-content\/uploads\/2023\/08\/zoy-herera-2.webp"},"aioseo_meta_data":{"post_id":"6857","title":null,"description":null,"keywords":null,"keyphrases":{"focus":{"keyphrase":"Hispanas","score":91,"analysis":{"keyphraseInTitle":{"score":9,"maxScore":9,"error":0},"keyphraseInDescription":{"score":9,"maxScore":9,"error":0},"keyphraseLength":{"score":9,"maxScore":9,"error":0,"length":1},"keyphraseInURL":{"score":5,"maxScore":5,"error":0},"keyphraseInIntroduction":{"score":9,"maxScore":9,"error":0},"keyphraseInSubHeadings":{"score":9,"maxScore":9,"error":0},"keyphraseInImageAlt":{"score":3,"maxScore":9,"error":1},"keywordDensity":{"type":"best","score":9,"maxScore":9,"error":0}}},"additional":[{"keyphrase":"USA","score":53,"analysis":{"keyphraseInDescription":{"score":9,"maxScore":9,"error":0},"keyphraseLength":{"score":9,"maxScore":9,"error":0,"length":1},"keyphraseInIntroduction":{"score":3,"maxScore":9,"error":1},"keyphraseInImageAlt":{"score":3,"maxScore":9,"error":1},"keywordDensity":{"score":0,"type":"low","maxScore":9,"error":1}}}]},"primary_term":null,"canonical_url":null,"og_title":null,"og_description":null,"og_object_type":"default","og_image_type":"default","og_image_url":null,"og_image_width":null,"og_image_height":null,"og_image_custom_url":null,"og_image_custom_fields":null,"og_video":"","og_custom_url":null,"og_article_section":null,"og_article_tags":null,"twitter_use_og":false,"twitter_card":"default","twitter_image_type":"default","twitter_image_url":null,"twitter_image_custom_url":null,"twitter_image_custom_fields":null,"twitter_title":null,"twitter_description":null,"schema":{"blockGraphs":[],"customGraphs":[],"default":{"data":{"Article":[],"Course":[],"Dataset":[],"FAQPage":[],"Movie":[],"Person":[],"Product":[],"ProductReview":[],"Car":[],"Recipe":[],"Service":[],"SoftwareApplication":[],"WebPage":[]},"graphName":"Article","isEnabled":true},"graphs":[]},"schema_type":"default","schema_type_options":null,"pillar_content":false,"robots_default":true,"robots_noindex":false,"robots_noarchive":false,"robots_nosnippet":false,"robots_nofollow":false,"robots_noimageindex":false,"robots_noodp":false,"robots_notranslate":false,"robots_max_snippet":"-1","robots_max_videopreview":"-1","robots_max_imagepreview":"large","priority":null,"frequency":"default","local_seo":null,"seo_analyzer_scan_date":"2025-10-08 22:00:20","breadcrumb_settings":null,"limit_modified_date":false,"reviewed_by":null,"open_ai":"{\"title\":{\"suggestions\":[],\"usage\":0},\"description\":{\"suggestions\":[],\"usage\":0}}","ai":null,"created":"2024-06-06 17:32:40","updated":"2026-02-04 11:57:26"},"aioseo_breadcrumb":"<div class=\"aioseo-breadcrumbs\"><span class=\"aioseo-breadcrumb\">\n\t<a href=\"https:\/\/soymigrante.com\/revista\" title=\"Home\">Home<\/a>\n<\/span><span class=\"aioseo-breadcrumb-separator\">\u00bb<\/span><span class=\"aioseo-breadcrumb\">\n\t<a href=\"https:\/\/soymigrante.com\/revista\/category\/estamos-unidos\/\" title=\"Estamos Unidos\">Estamos Unidos<\/a>\n<\/span><span class=\"aioseo-breadcrumb-separator\">\u00bb<\/span><span class=\"aioseo-breadcrumb\">\n\tEncuesta: Hispanas en USA ven avances y oportunidad\n<\/span><\/div>","aioseo_breadcrumb_json":[{"label":"Home","link":"https:\/\/soymigrante.com\/revista"},{"label":"Estamos Unidos","link":"https:\/\/soymigrante.com\/revista\/category\/estamos-unidos\/"},{"label":"Encuesta: Hispanas en USA ven avances y oportunidad","link":"https:\/\/soymigrante.com\/revista\/encuesta-hispanas-en-usa-ven-avances-y-oportunidad\/"}],"_links":{"self":[{"href":"https:\/\/soymigrante.com\/revista\/wp-json\/wp\/v2\/posts\/6857","targetHints":{"allow":["GET"]}}],"collection":[{"href":"https:\/\/soymigrante.com\/revista\/wp-json\/wp\/v2\/posts"}],"about":[{"href":"https:\/\/soymigrante.com\/revista\/wp-json\/wp\/v2\/types\/post"}],"author":[{"embeddable":true,"href":"https:\/\/soymigrante.com\/revista\/wp-json\/wp\/v2\/users\/19"}],"replies":[{"embeddable":true,"href":"https:\/\/soymigrante.com\/revista\/wp-json\/wp\/v2\/comments?post=6857"}],"version-history":[{"count":0,"href":"https:\/\/soymigrante.com\/revista\/wp-json\/wp\/v2\/posts\/6857\/revisions"}],"wp:featuredmedia":[{"embeddable":true,"href":"https:\/\/soymigrante.com\/revista\/wp-json\/wp\/v2\/media\/6858"}],"wp:attachment":[{"href":"https:\/\/soymigrante.com\/revista\/wp-json\/wp\/v2\/media?parent=6857"}],"wp:term":[{"taxonomy":"category","embeddable":true,"href":"https:\/\/soymigrante.com\/revista\/wp-json\/wp\/v2\/categories?post=6857"},{"taxonomy":"post_tag","embeddable":true,"href":"https:\/\/soymigrante.com\/revista\/wp-json\/wp\/v2\/tags?post=6857"}],"curies":[{"name":"wp","href":"https:\/\/api.w.org\/{rel}","templated":true}]}}