{"id":6853,"date":"2024-06-13T20:54:24","date_gmt":"2024-06-14T02:54:24","guid":{"rendered":"https:\/\/soymigrante.com\/revista\/?p=6853"},"modified":"2024-11-01T05:54:03","modified_gmt":"2024-11-01T11:54:03","slug":"pueblos-mayas-migrantes-fortalecen-su-identidad-en-usa","status":"publish","type":"post","link":"https:\/\/soymigrante.com\/revista\/pueblos-mayas-migrantes-fortalecen-su-identidad-en-usa\/","title":{"rendered":"Mapa refleja comunidades mayas migrantes en USA"},"content":{"rendered":"\t\t<div data-elementor-type=\"wp-post\" data-elementor-id=\"6853\" class=\"elementor elementor-6853\" data-elementor-post-type=\"post\">\n\t\t\t\t\t\t<section data-particle_enable=\"false\" data-particle-mobile-disabled=\"false\" class=\"elementor-section elementor-top-section elementor-element elementor-element-c0dfa90 elementor-section-boxed elementor-section-height-default elementor-section-height-default\" data-id=\"c0dfa90\" data-element_type=\"section\" data-e-type=\"section\">\n\t\t\t\t\t\t<div class=\"elementor-container elementor-column-gap-default\">\n\t\t\t\t\t<div class=\"elementor-column elementor-col-100 elementor-top-column elementor-element elementor-element-0416cb5\" data-id=\"0416cb5\" data-element_type=\"column\" data-e-type=\"column\">\n\t\t\t<div class=\"elementor-widget-wrap elementor-element-populated\">\n\t\t\t\t\t\t<div class=\"elementor-element elementor-element-aeb1550 elementor-widget elementor-widget-heading\" data-id=\"aeb1550\" data-element_type=\"widget\" data-e-type=\"widget\" data-widget_type=\"heading.default\">\n\t\t\t\t\t<h2 class=\"elementor-heading-title elementor-size-default\">Mapa consular 2024 report\u00f3 las comunidades mayas migrantes presentes en ciudades y Estados de EE.UU. Expertos ven esta persistencia, uni\u00f3n y fortaleza comunitaria como continuidad de una cultura milenaria. As\u00ed lo explican.\n<\/h2>\t\t\t\t<\/div>\n\t\t\t\t\t<\/div>\n\t\t<\/div>\n\t\t\t\t\t<\/div>\n\t\t<\/section>\n\t\t\t\t<section data-particle_enable=\"false\" data-particle-mobile-disabled=\"false\" class=\"elementor-section elementor-top-section elementor-element elementor-element-c75be37 elementor-section-boxed elementor-section-height-default elementor-section-height-default\" data-id=\"c75be37\" data-element_type=\"section\" data-e-type=\"section\">\n\t\t\t\t\t\t<div class=\"elementor-container elementor-column-gap-default\">\n\t\t\t\t\t<div class=\"elementor-column elementor-col-100 elementor-top-column elementor-element elementor-element-0575322\" data-id=\"0575322\" data-element_type=\"column\" data-e-type=\"column\">\n\t\t\t<div class=\"elementor-widget-wrap elementor-element-populated\">\n\t\t\t\t\t\t<div class=\"elementor-element elementor-element-d846b38 elementor-widget elementor-widget-text-editor\" data-id=\"d846b38\" data-element_type=\"widget\" data-e-type=\"widget\" data-widget_type=\"text-editor.default\">\n\t\t\t\t\t\t\t\t\t<p>En el reciente mapa consular de migrantes guatemaltecos en Estados Unidos, el Ministerio de Relaciones Exteriores de Guatemala, Minex, <a href=\"https:\/\/soymigrante.com\/revista\/cuantos-guatemaltecos-hay-en-estados-unidos-minex-2024-cifras-migrantes\/\">report\u00f3 3.22 millones de connacionales <\/a>y present\u00f3 su distribuci\u00f3n por Estados.\u00a0<\/p><p>Pero adem\u00e1s, public\u00f3 un mapa en el cual se documenta en donde se localizan comunidades mayas, en ciudades y Estados de EE,.UU. Esas identidades muestran su fuerza y vitalidad a trav\u00e9s del uso de los idiomas, indumentaria tradicional, celebraci\u00f3n de danzas, revaloraci\u00f3n de sus comunidades de origen y m\u00e1s.<\/p><p>Expertos en antropolog\u00eda y culturas mayas de Guatemala explican este florecimiento.<\/p>\t\t\t\t\t\t\t\t<\/div>\n\t\t\t\t\t<\/div>\n\t\t<\/div>\n\t\t\t\t\t<\/div>\n\t\t<\/section>\n\t\t\t\t<section data-particle_enable=\"false\" data-particle-mobile-disabled=\"false\" class=\"elementor-section elementor-top-section elementor-element elementor-element-b3bf9a6 elementor-section-boxed elementor-section-height-default elementor-section-height-default\" data-id=\"b3bf9a6\" data-element_type=\"section\" data-e-type=\"section\">\n\t\t\t\t\t\t<div class=\"elementor-container elementor-column-gap-default\">\n\t\t\t\t\t<div class=\"elementor-column elementor-col-100 elementor-top-column elementor-element elementor-element-807cb0d\" data-id=\"807cb0d\" data-element_type=\"column\" data-e-type=\"column\">\n\t\t\t<div class=\"elementor-widget-wrap elementor-element-populated\">\n\t\t\t\t\t\t<div class=\"elementor-element elementor-element-4f487c7 elementor-widget elementor-widget-image\" data-id=\"4f487c7\" data-element_type=\"widget\" data-e-type=\"widget\" data-widget_type=\"image.default\">\n\t\t\t\t\t\t\t\t\t\t\t\t<figure class=\"wp-caption\">\n\t\t\t\t\t\t\t\t\t\t<img fetchpriority=\"high\" decoding=\"async\" width=\"768\" height=\"525\" src=\"https:\/\/soymigrante.com\/revista\/wp-content\/uploads\/2024\/06\/Captura-de-pantalla-2024-05-09-172200.webp\" class=\"attachment-large size-large wp-image-6855\" alt=\"Presencia pueblos mayas seg\u00fan red consular en 2024\" srcset=\"https:\/\/soymigrante.com\/revista\/wp-content\/uploads\/2024\/06\/Captura-de-pantalla-2024-05-09-172200.webp 917w, https:\/\/soymigrante.com\/revista\/wp-content\/uploads\/2024\/06\/Captura-de-pantalla-2024-05-09-172200-300x205.webp 300w, https:\/\/soymigrante.com\/revista\/wp-content\/uploads\/2024\/06\/Captura-de-pantalla-2024-05-09-172200-768x525.webp 768w, https:\/\/soymigrante.com\/revista\/wp-content\/uploads\/2024\/06\/Captura-de-pantalla-2024-05-09-172200-750x513.webp 750w\" sizes=\"(max-width: 768px) 100vw, 768px\" title=\"Presencia pueblos mayas seg\u00fan red consular en 2024 \u2013 SoyMigrante.com REVISTA\" \/>\t\t\t\t\t\t\t\t\t\t\t<figcaption class=\"widget-image-caption wp-caption-text\">Presencia pueblos mayas seg\u00fan red consular en 2024<\/figcaption>\n\t\t\t\t\t\t\t\t\t\t<\/figure>\n\t\t\t\t\t\t\t\t\t<\/div>\n\t\t\t\t\t<\/div>\n\t\t<\/div>\n\t\t\t\t\t<\/div>\n\t\t<\/section>\n\t\t\t\t<section data-particle_enable=\"false\" data-particle-mobile-disabled=\"false\" class=\"elementor-section elementor-top-section elementor-element elementor-element-8f47d79 elementor-section-boxed elementor-section-height-default elementor-section-height-default\" data-id=\"8f47d79\" data-element_type=\"section\" data-e-type=\"section\">\n\t\t\t\t\t\t<div class=\"elementor-container elementor-column-gap-default\">\n\t\t\t\t\t<div class=\"elementor-column elementor-col-100 elementor-top-column elementor-element elementor-element-67c9bfa\" data-id=\"67c9bfa\" data-element_type=\"column\" data-e-type=\"column\">\n\t\t\t<div class=\"elementor-widget-wrap elementor-element-populated\">\n\t\t\t\t\t\t<div class=\"elementor-element elementor-element-7c687fc elementor-widget elementor-widget-heading\" data-id=\"7c687fc\" data-element_type=\"widget\" data-e-type=\"widget\" data-widget_type=\"heading.default\">\n\t\t\t\t\t<h4 class=\"elementor-heading-title elementor-size-default\">Mira la presencia maya guatemalteca detallada por regiones gracias al talento de nuestro dise\u00f1ador Ajp\u00fa Curruchiche<\/h4>\t\t\t\t<\/div>\n\t\t\t\t\t<\/div>\n\t\t<\/div>\n\t\t\t\t\t<\/div>\n\t\t<\/section>\n\t\t\t\t<section data-particle_enable=\"false\" data-particle-mobile-disabled=\"false\" class=\"elementor-section elementor-top-section elementor-element elementor-element-2501238 elementor-section-boxed elementor-section-height-default elementor-section-height-default\" data-id=\"2501238\" data-element_type=\"section\" data-e-type=\"section\">\n\t\t\t\t\t\t<div class=\"elementor-container elementor-column-gap-default\">\n\t\t\t\t\t<div class=\"elementor-column elementor-col-100 elementor-top-column elementor-element elementor-element-7b49e98\" data-id=\"7b49e98\" data-element_type=\"column\" data-e-type=\"column\">\n\t\t\t<div class=\"elementor-widget-wrap elementor-element-populated\">\n\t\t\t\t\t\t<div class=\"elementor-element elementor-element-c099e62 elementor-arrows-position-inside elementor-pagination-position-outside elementor-invisible elementor-widget elementor-widget-image-carousel\" data-id=\"c099e62\" data-element_type=\"widget\" data-e-type=\"widget\" data-settings=\"{&quot;slides_to_show&quot;:&quot;1&quot;,&quot;_animation&quot;:&quot;rotateInUpLeft&quot;,&quot;navigation&quot;:&quot;both&quot;,&quot;infinite&quot;:&quot;yes&quot;,&quot;effect&quot;:&quot;slide&quot;,&quot;speed&quot;:500}\" data-widget_type=\"image-carousel.default\">\n\t\t\t\t\t\t\t<div class=\"elementor-image-carousel-wrapper swiper\" role=\"region\" aria-roledescription=\"carousel\" aria-label=\"Carrusel de im\u00e1genes\" dir=\"ltr\">\n\t\t\t<div class=\"elementor-image-carousel swiper-wrapper\" aria-live=\"polite\">\n\t\t\t\t\t\t\t\t<div class=\"swiper-slide\" role=\"group\" aria-roledescription=\"slide\" aria-label=\"1 de 5\"><figure class=\"swiper-slide-inner\"><img decoding=\"async\" class=\"swiper-slide-image\" src=\"https:\/\/soymigrante.com\/revista\/wp-content\/uploads\/2024\/06\/SM_058EU_west-1024x1024.webp\" alt=\"Diversidad socioling\u00fc\u00edstica de las comunidades Mayas en EE. UU., con enfoque en migrantes, idioma y cultura ind\u00edgena.\" \/><\/figure><\/div><div class=\"swiper-slide\" role=\"group\" aria-roledescription=\"slide\" aria-label=\"2 de 5\"><figure class=\"swiper-slide-inner\"><img decoding=\"async\" class=\"swiper-slide-image\" src=\"https:\/\/soymigrante.com\/revista\/wp-content\/uploads\/2024\/06\/SM_058EU_midwest-1024x1024.webp\" alt=\"Diversidad socioling\u00fc\u00edstica de comunidades mayas en Estados Unidos, mapas y caracter\u00edsticas de las comunidades mayas migrantes en Midwest y Ohio.\" \/><\/figure><\/div><div class=\"swiper-slide\" role=\"group\" aria-roledescription=\"slide\" aria-label=\"3 de 5\"><figure class=\"swiper-slide-inner\"><img decoding=\"async\" class=\"swiper-slide-image\" src=\"https:\/\/soymigrante.com\/revista\/wp-content\/uploads\/2024\/06\/SM_058EU_northeast-1024x1024.webp\" alt=\"Comunidades socioling\u00fc\u00edsticas mayas en EE. UU., mapa que destaca la distribuci\u00f3n de comunidades ind\u00edgenas y sus dialectos en ciudades como Nueva York, Filadelfia y Maryland.\" \/><\/figure><\/div><div class=\"swiper-slide\" role=\"group\" aria-roledescription=\"slide\" aria-label=\"4 de 5\"><figure class=\"swiper-slide-inner\"><img decoding=\"async\" class=\"swiper-slide-image\" src=\"https:\/\/soymigrante.com\/revista\/wp-content\/uploads\/2024\/06\/SM_058EU_southeast-1024x1024.webp\" alt=\"Comunidades socioling\u00fc\u00edsticas mayas en EE. UU., estudio de las comunidades ind\u00edgenas migrantes en Estados Unidos, mapa de comunidades mayas en EE. UU., informaci\u00f3n cultural y ling\u00fc\u00edstica para inmigrantes mexicanos.\" \/><\/figure><\/div><div class=\"swiper-slide\" role=\"group\" aria-roledescription=\"slide\" aria-label=\"5 de 5\"><figure class=\"swiper-slide-inner\"><img decoding=\"async\" class=\"swiper-slide-image\" src=\"https:\/\/soymigrante.com\/revista\/wp-content\/uploads\/2024\/06\/SM_058EU_southwest-1024x1024.webp\" alt=\"Comunidades socioling\u00fc\u00edsticas mayas en EE. UU., comunidades ind\u00edgenas que mantienen su lengua y cultura en Estados Unidos, con conexiones en Texas, Arizona, Illinois y otros estados.\" \/><\/figure><\/div>\t\t\t<\/div>\n\t\t\t\t\t\t\t\t\t\t\t\t<div class=\"elementor-swiper-button elementor-swiper-button-prev\" role=\"button\" tabindex=\"0\">\n\t\t\t\t\t\t<i aria-hidden=\"true\" class=\"eicon-chevron-left\"><\/i>\t\t\t\t\t<\/div>\n\t\t\t\t\t<div class=\"elementor-swiper-button elementor-swiper-button-next\" role=\"button\" tabindex=\"0\">\n\t\t\t\t\t\t<i aria-hidden=\"true\" class=\"eicon-chevron-right\"><\/i>\t\t\t\t\t<\/div>\n\t\t\t\t\n\t\t\t\t\t\t\t\t\t<div class=\"swiper-pagination\"><\/div>\n\t\t\t\t\t\t\t\t\t<\/div>\n\t\t\t\t\t\t<\/div>\n\t\t\t\t\t<\/div>\n\t\t<\/div>\n\t\t\t\t\t<\/div>\n\t\t<\/section>\n\t\t\t\t<section data-particle_enable=\"false\" data-particle-mobile-disabled=\"false\" class=\"elementor-section elementor-top-section elementor-element elementor-element-8124fef elementor-section-boxed elementor-section-height-default elementor-section-height-default\" data-id=\"8124fef\" data-element_type=\"section\" data-e-type=\"section\">\n\t\t\t\t\t\t<div class=\"elementor-container elementor-column-gap-default\">\n\t\t\t\t\t<div class=\"elementor-column elementor-col-100 elementor-top-column elementor-element elementor-element-ddffe4f\" data-id=\"ddffe4f\" data-element_type=\"column\" data-e-type=\"column\">\n\t\t\t<div class=\"elementor-widget-wrap elementor-element-populated\">\n\t\t\t\t\t\t<div class=\"elementor-element elementor-element-10f62cd elementor-widget elementor-widget-heading\" data-id=\"10f62cd\" data-element_type=\"widget\" data-e-type=\"widget\" data-widget_type=\"heading.default\">\n\t\t\t\t\t<h3 class=\"elementor-heading-title elementor-size-default\">Unidad cultural en un territorio ajeno<\/h3>\t\t\t\t<\/div>\n\t\t\t\t\t<\/div>\n\t\t<\/div>\n\t\t\t\t\t<\/div>\n\t\t<\/section>\n\t\t\t\t<section data-particle_enable=\"false\" data-particle-mobile-disabled=\"false\" class=\"elementor-section elementor-top-section elementor-element elementor-element-f64743b elementor-section-boxed elementor-section-height-default elementor-section-height-default\" data-id=\"f64743b\" data-element_type=\"section\" data-e-type=\"section\">\n\t\t\t\t\t\t<div class=\"elementor-container elementor-column-gap-default\">\n\t\t\t\t\t<div class=\"elementor-column elementor-col-100 elementor-top-column elementor-element elementor-element-37113ff\" data-id=\"37113ff\" data-element_type=\"column\" data-e-type=\"column\">\n\t\t\t<div class=\"elementor-widget-wrap elementor-element-populated\">\n\t\t\t\t\t\t<div class=\"elementor-element elementor-element-37e3be9 elementor-widget elementor-widget-text-editor\" data-id=\"37e3be9\" data-element_type=\"widget\" data-e-type=\"widget\" data-widget_type=\"text-editor.default\">\n\t\t\t\t\t\t\t\t\t<p>\u201cUna sociedad multicultural como las ciudades de EE. UU., interpela a las personas sobre qui\u00e9nes son. All\u00ed aflora la propia identidad de los pueblos mayas y la profunda comunicaci\u00f3n con su familia, con su comunidad y sus proyectos locales&#8221;, explica Raxch\u00e9 Rodr\u00edguez, ling\u00fcista, escritor, promotor de la educaci\u00f3n biling\u00fce intercultural en Guatemala y director de la editorial Maya Wuj.<\/p><p>&#8220;Los migrantes siguen participando y aportando al mantenimiento de caminos, de la escuela, del sistema de agua, fiestas comunales, elecci\u00f3n de autoridad comunal. Algunos migrantes pagan cuando les llega su turno de realizar servicio en la estructura de los comit\u00e9s comunitarios\u201d,\u00a0 agrega.<\/p><p>La migraci\u00f3n a un entorno extra\u00f1o fortalece la cultura familiar, afirma. \u201cLa mayor\u00eda de mayas migrantes que hablaban en su idioma maya (Mam, Kaqchikel, Q\u2019anjob\u2019al, k\u2019iche, etc) con su familia, lo sigue haciendo en y desde los EE. UU.\u201d, agrega Rodr\u00edguez, quien ve a la tecnolog\u00eda como un aliado.\u00a0<\/p><p>\u201cLa estrecha comunicaci\u00f3n con las comunidades de origen por medio de las redes sociales y las llamadas telef\u00f3nicas por WhatsApp facilitan el uso del idioma materno de mayahablantes migrantes en Estados Unidos\u201d, agrega Raxch\u00e9 Rodr\u00edguez.<\/p><div>\u00a0<\/div>\t\t\t\t\t\t\t\t<\/div>\n\t\t\t\t\t<\/div>\n\t\t<\/div>\n\t\t\t\t\t<\/div>\n\t\t<\/section>\n\t\t\t\t<section data-particle_enable=\"false\" data-particle-mobile-disabled=\"false\" class=\"elementor-section elementor-top-section elementor-element elementor-element-5736a41 elementor-section-boxed elementor-section-height-default elementor-section-height-default\" data-id=\"5736a41\" data-element_type=\"section\" data-e-type=\"section\">\n\t\t\t\t\t\t<div class=\"elementor-container elementor-column-gap-default\">\n\t\t\t\t\t<div class=\"elementor-column elementor-col-100 elementor-top-column elementor-element elementor-element-de7beb4\" data-id=\"de7beb4\" data-element_type=\"column\" data-e-type=\"column\">\n\t\t\t<div class=\"elementor-widget-wrap elementor-element-populated\">\n\t\t\t\t\t\t<div class=\"elementor-element elementor-element-2690895 elementor-widget elementor-widget-image\" data-id=\"2690895\" data-element_type=\"widget\" data-e-type=\"widget\" data-widget_type=\"image.default\">\n\t\t\t\t\t\t\t\t\t\t\t\t<figure class=\"wp-caption\">\n\t\t\t\t\t\t\t\t\t\t\t<a href=\"https:\/\/soymigrante.com\/revista\/migrante-awal-marimba-tradicion-guatemala-washington\/\">\n\t\t\t\t\t\t\t<img decoding=\"async\" width=\"720\" height=\"672\" src=\"https:\/\/soymigrante.com\/revista\/wp-content\/uploads\/2024\/06\/Captura-de-pantalla-2024-06-06-083600.webp\" class=\"attachment-large size-large wp-image-6856\" alt=\"Vendedoras con vestimenta tradicional en una feria cultural, promoviendo la diversidad y el talento en eventos culturales latinoamericanos. Fondo con carpas y personas disfrutando del festival.\" srcset=\"https:\/\/soymigrante.com\/revista\/wp-content\/uploads\/2024\/06\/Captura-de-pantalla-2024-06-06-083600.webp 720w, https:\/\/soymigrante.com\/revista\/wp-content\/uploads\/2024\/06\/Captura-de-pantalla-2024-06-06-083600-300x280.webp 300w\" sizes=\"(max-width: 720px) 100vw, 720px\" title=\"El grupo Maya Awal impulsa la recuperaci\u00f3n y pr\u00e1ctica de danzas ancestrales mayas en Estados Unidos. Han sido invitados a festivales y participan en actividades comunitarias y ferias migrantes en ciudades estadounidenses. (Foto FB Maya Awal) \u2013 SoyMigrante.com REVISTA\" \/>\t\t\t\t\t\t\t\t<\/a>\n\t\t\t\t\t\t\t\t\t\t\t<figcaption class=\"widget-image-caption wp-caption-text\">SoyMigrante.com REVISTA presenta eventos culturales, tradiciones y expresiones art\u00edsticas latinoamericanas, destacando la diversidad cultural en comunidades migrantes.<\/figcaption>\n\t\t\t\t\t\t\t\t\t\t<\/figure>\n\t\t\t\t\t\t\t\t\t<\/div>\n\t\t\t\t\t<\/div>\n\t\t<\/div>\n\t\t\t\t\t<\/div>\n\t\t<\/section>\n\t\t\t\t<section data-particle_enable=\"false\" data-particle-mobile-disabled=\"false\" class=\"elementor-section elementor-top-section elementor-element elementor-element-13aacc5 elementor-section-boxed elementor-section-height-default elementor-section-height-default\" data-id=\"13aacc5\" data-element_type=\"section\" data-e-type=\"section\">\n\t\t\t\t\t\t<div class=\"elementor-container elementor-column-gap-default\">\n\t\t\t\t\t<div class=\"elementor-column elementor-col-100 elementor-top-column elementor-element elementor-element-7b88eaa\" data-id=\"7b88eaa\" data-element_type=\"column\" data-e-type=\"column\">\n\t\t\t<div class=\"elementor-widget-wrap elementor-element-populated\">\n\t\t\t\t\t\t<div class=\"elementor-element elementor-element-16cc7fb elementor-widget elementor-widget-heading\" data-id=\"16cc7fb\" data-element_type=\"widget\" data-e-type=\"widget\" data-widget_type=\"heading.default\">\n\t\t\t\t\t<h3 class=\"elementor-heading-title elementor-size-default\">Exportaci\u00f3n de festejos y expresiones <\/h3>\t\t\t\t<\/div>\n\t\t\t\t\t<\/div>\n\t\t<\/div>\n\t\t\t\t\t<\/div>\n\t\t<\/section>\n\t\t\t\t<section data-particle_enable=\"false\" data-particle-mobile-disabled=\"false\" class=\"elementor-section elementor-top-section elementor-element elementor-element-4a32cc3 elementor-section-boxed elementor-section-height-default elementor-section-height-default\" data-id=\"4a32cc3\" data-element_type=\"section\" data-e-type=\"section\">\n\t\t\t\t\t\t<div class=\"elementor-container elementor-column-gap-default\">\n\t\t\t\t\t<div class=\"elementor-column elementor-col-100 elementor-top-column elementor-element elementor-element-ccd75f8\" data-id=\"ccd75f8\" data-element_type=\"column\" data-e-type=\"column\">\n\t\t\t<div class=\"elementor-widget-wrap elementor-element-populated\">\n\t\t\t\t\t\t<div class=\"elementor-element elementor-element-3d810cd elementor-widget elementor-widget-text-editor\" data-id=\"3d810cd\" data-element_type=\"widget\" data-e-type=\"widget\" data-widget_type=\"text-editor.default\">\n\t\t\t\t\t\t\t\t\t<p><span style=\"color: var( --e-global-color-text );\">\u201cLos guatemaltecos que pertenecen a un municipio y que tienen el mismo idioma, se juntan para celebrar las ferias de sus pueblos. Por ejemplo, yo tengo entendido que la gente migrante de Todos Santos Cuchumat\u00e1n, en Los \u00c1ngeles, alquilan caballos, para recordar su tradici\u00f3n\u201d, relata Lina Barrios, antrop\u00f3loga guatemalteca. \u201cTuve oportunidad de compartir con migrantes q\u2019anjob\u2019al en el sur de la Florida y ellos mandaron a traer su propia marimba. Entre ellos hab\u00eda un marimbista y les ense\u00f1\u00f3 a otros\u201d, a\u00f1ade.\u00a0<\/span><\/p><p>Barrios compara con una Ceiba la fortaleza de la identidad maya:<a href=\"https:\/\/soymigrante.com\/revista\/migrante-awal-marimba-tradicion-guatemala-washington\/\"> por sus ra\u00edces tan grandes y fuertes, por sus ramas tan grandes que abarcan tanto espacio. <\/a>\u201cLo que pasa es que los pueblos mayas tienen una cultura milenaria. Cinco mil a\u00f1os es un mont\u00f3n de tiempo. Han persistido a pesar de terremotos, conquistas, epidemias, leyes que exclu\u00edan a los ind\u00edgenas\u2026.&#8221;<\/p><p>&#8220;Pero los pueblos mayas estaban bien organizados y a esa organizaci\u00f3n persiste.\u00a0 Utilizan las redes sociales para transmitir su cultura. Usted pone Baile del Venado y le aparece, se transmite, lo aprenden\u201d, explica la experta que se ha dedicado a investigar la historia maya en Guatemala.<\/p><div>\u00a0<\/div>\t\t\t\t\t\t\t\t<\/div>\n\t\t\t\t\t<\/div>\n\t\t<\/div>\n\t\t\t\t\t<\/div>\n\t\t<\/section>\n\t\t\t\t<section data-particle_enable=\"false\" data-particle-mobile-disabled=\"false\" class=\"elementor-section elementor-top-section elementor-element elementor-element-ff3be1b elementor-section-boxed elementor-section-height-default elementor-section-height-default\" data-id=\"ff3be1b\" data-element_type=\"section\" data-e-type=\"section\">\n\t\t\t\t\t\t<div class=\"elementor-container elementor-column-gap-default\">\n\t\t\t\t\t<div class=\"elementor-column elementor-col-100 elementor-top-column elementor-element elementor-element-338a75b\" data-id=\"338a75b\" data-element_type=\"column\" data-e-type=\"column\">\n\t\t\t<div class=\"elementor-widget-wrap elementor-element-populated\">\n\t\t\t\t\t\t<div class=\"elementor-element elementor-element-7122e9b elementor-widget elementor-widget-video\" data-id=\"7122e9b\" data-element_type=\"widget\" data-e-type=\"widget\" data-settings=\"{&quot;youtube_url&quot;:&quot;https:\\\/\\\/www.youtube.com\\\/watch?v=wKJ6yjwzrjQ&quot;,&quot;video_type&quot;:&quot;youtube&quot;,&quot;controls&quot;:&quot;yes&quot;}\" data-widget_type=\"video.default\">\n\t\t\t\t\t\t\t<div class=\"elementor-wrapper elementor-open-inline\">\n\t\t\t<div class=\"elementor-video\"><\/div>\t\t<\/div>\n\t\t\t\t\t\t<\/div>\n\t\t\t\t\t<\/div>\n\t\t<\/div>\n\t\t\t\t\t<\/div>\n\t\t<\/section>\n\t\t\t\t<section data-particle_enable=\"false\" data-particle-mobile-disabled=\"false\" class=\"elementor-section elementor-top-section elementor-element elementor-element-9f234b7 elementor-section-boxed elementor-section-height-default elementor-section-height-default\" data-id=\"9f234b7\" data-element_type=\"section\" data-e-type=\"section\">\n\t\t\t\t\t\t<div class=\"elementor-container elementor-column-gap-default\">\n\t\t\t\t\t<div class=\"elementor-column elementor-col-100 elementor-top-column elementor-element elementor-element-41eed88\" data-id=\"41eed88\" data-element_type=\"column\" data-e-type=\"column\">\n\t\t\t<div class=\"elementor-widget-wrap elementor-element-populated\">\n\t\t\t\t\t\t<div class=\"elementor-element elementor-element-c057b78 elementor-widget elementor-widget-heading\" data-id=\"c057b78\" data-element_type=\"widget\" data-e-type=\"widget\" data-widget_type=\"heading.default\">\n\t\t\t\t\t<h3 class=\"elementor-heading-title elementor-size-default\">El idioma como fuente de uni\u00f3n <\/h3>\t\t\t\t<\/div>\n\t\t\t\t\t<\/div>\n\t\t<\/div>\n\t\t\t\t\t<\/div>\n\t\t<\/section>\n\t\t\t\t<section data-particle_enable=\"false\" data-particle-mobile-disabled=\"false\" class=\"elementor-section elementor-top-section elementor-element elementor-element-eca55d3 elementor-section-boxed elementor-section-height-default elementor-section-height-default\" data-id=\"eca55d3\" data-element_type=\"section\" data-e-type=\"section\">\n\t\t\t\t\t\t<div class=\"elementor-container elementor-column-gap-default\">\n\t\t\t\t\t<div class=\"elementor-column elementor-col-100 elementor-top-column elementor-element elementor-element-0cc77ca\" data-id=\"0cc77ca\" data-element_type=\"column\" data-e-type=\"column\">\n\t\t\t<div class=\"elementor-widget-wrap elementor-element-populated\">\n\t\t\t\t\t\t<div class=\"elementor-element elementor-element-206c462 elementor-widget elementor-widget-text-editor\" data-id=\"206c462\" data-element_type=\"widget\" data-e-type=\"widget\" data-widget_type=\"text-editor.default\">\n\t\t\t\t\t\t\t\t\t<p>&#8220;El uso del idioma maya es un fuerte componente de la uni\u00f3n de comunidades de mayas migrantes en Estados Unidos, ya sea que se concentren en una ciudad o en varias.\u00a0<\/p><p>\u00a0\u201cLa identidad, con los cambios y adaptaciones al colonialismo se enra\u00edza en una civilizaci\u00f3n portentosa, la maya, que resisti\u00f3 su debacle demogr\u00e1fica y ambiental en el siglo 7, pero sus fundamentos persitieron hasta le fecha, hay cambios y adaptaciones\u201d, expone el antrop\u00f3logo quetzalteco Rigoberto Quem\u00e9. \u201cAdem\u00e1s del idioma uno de los elementos centrales de la identidad maya es la resistencia y la historia, que han hecho m\u00e1s solida la pertenencia\u201d.<\/p><p>\u201cEn contextos de migraci\u00f3n forzada, por pobreza, violencia, etc. La identidad es un elemento de uni\u00f3n entre pares que sufren explotaci\u00f3n y discriminaci\u00f3n en otro pa\u00eds, por no ser nativos del pa\u00eds receptor y los prejuicios. Eso obliga a mantener la comunidad identitaria, el idioma, los valores\u201d, agrega Chay.\u00a0<\/p><p>Ello explica el fuerte valor que gana<a href=\"https:\/\/soymigrante.com\/revista\/migrante-guatemalteca-cory-tzul-emprendio-su-negocio-en-alabama-y-crea-empleo-en-toto\/\"> la indumentaria maya,<\/a> la gastronom\u00eda, las celebraciones de comunidades mayas en USAS \u201cSon motivo de orgullo, expresiones de pertenencia\u201d, dice.\u00a0<\/p>\t\t\t\t\t\t\t\t<\/div>\n\t\t\t\t\t<\/div>\n\t\t<\/div>\n\t\t\t\t\t<\/div>\n\t\t<\/section>\n\t\t\t\t<section data-particle_enable=\"false\" data-particle-mobile-disabled=\"false\" class=\"elementor-section elementor-top-section elementor-element elementor-element-5355ef4 elementor-section-boxed elementor-section-height-default elementor-section-height-default\" data-id=\"5355ef4\" data-element_type=\"section\" data-e-type=\"section\">\n\t\t\t\t\t\t<div class=\"elementor-container elementor-column-gap-default\">\n\t\t\t\t\t<div class=\"elementor-column elementor-col-100 elementor-top-column elementor-element elementor-element-69adb1c\" data-id=\"69adb1c\" data-element_type=\"column\" data-e-type=\"column\">\n\t\t\t<div class=\"elementor-widget-wrap elementor-element-populated\">\n\t\t\t\t\t\t<div class=\"elementor-element elementor-element-ec82fe7 elementor-widget elementor-widget-image\" data-id=\"ec82fe7\" data-element_type=\"widget\" data-e-type=\"widget\" data-widget_type=\"image.default\">\n\t\t\t\t\t\t\t\t\t\t\t\t<figure class=\"wp-caption\">\n\t\t\t\t\t\t\t\t\t\t<img decoding=\"async\" width=\"768\" height=\"768\" src=\"https:\/\/soymigrante.com\/revista\/wp-content\/uploads\/2023\/12\/eleccion--1024x1024.webp\" class=\"attachment-large size-large wp-image-3633\" alt=\"En la tradicional elecci\u00f3n de princesa maya participan hijas de migrantes guatemaltecos en diversas comunidades de EE.UU. Portan diferentes indumentarias mayas\" srcset=\"https:\/\/soymigrante.com\/revista\/wp-content\/uploads\/2023\/12\/eleccion--1024x1024.webp 1024w, https:\/\/soymigrante.com\/revista\/wp-content\/uploads\/2023\/12\/eleccion--300x300.webp 300w, https:\/\/soymigrante.com\/revista\/wp-content\/uploads\/2023\/12\/eleccion--150x150.webp 150w, https:\/\/soymigrante.com\/revista\/wp-content\/uploads\/2023\/12\/eleccion--768x768.webp 768w, https:\/\/soymigrante.com\/revista\/wp-content\/uploads\/2023\/12\/eleccion--1536x1536.webp 1536w, https:\/\/soymigrante.com\/revista\/wp-content\/uploads\/2023\/12\/eleccion--75x75.webp 75w, https:\/\/soymigrante.com\/revista\/wp-content\/uploads\/2023\/12\/eleccion--750x750.webp 750w, https:\/\/soymigrante.com\/revista\/wp-content\/uploads\/2023\/12\/eleccion--1140x1140.webp 1140w, https:\/\/soymigrante.com\/revista\/wp-content\/uploads\/2023\/12\/eleccion--600x600.webp 600w, https:\/\/soymigrante.com\/revista\/wp-content\/uploads\/2023\/12\/eleccion-.webp 1920w\" sizes=\"(max-width: 768px) 100vw, 768px\" title=\"En la tradicional elecci\u00f3n de princesa maya participan hijas de migrantes guatemaltecos en diversas comunidades de EE.UU. Portan diferentes indumentarias mayas \u2013 SoyMigrante.com REVISTA\" \/>\t\t\t\t\t\t\t\t\t\t\t<figcaption class=\"widget-image-caption wp-caption-text\">En la tradicional elecci\u00f3n de princesa maya participan hijas de migrantes guatemaltecos en diversas comunidades de EE.UU. Portan diferentes indumentarias mayas<\/figcaption>\n\t\t\t\t\t\t\t\t\t\t<\/figure>\n\t\t\t\t\t\t\t\t\t<\/div>\n\t\t\t\t\t<\/div>\n\t\t<\/div>\n\t\t\t\t\t<\/div>\n\t\t<\/section>\n\t\t\t\t<section data-particle_enable=\"false\" data-particle-mobile-disabled=\"false\" class=\"elementor-section elementor-top-section elementor-element elementor-element-b2fa675 elementor-section-boxed elementor-section-height-default elementor-section-height-default\" data-id=\"b2fa675\" data-element_type=\"section\" data-e-type=\"section\">\n\t\t\t\t\t\t<div class=\"elementor-container elementor-column-gap-default\">\n\t\t\t\t\t<div class=\"elementor-column elementor-col-100 elementor-top-column elementor-element elementor-element-43ebafa\" data-id=\"43ebafa\" data-element_type=\"column\" data-e-type=\"column\">\n\t\t\t<div class=\"elementor-widget-wrap elementor-element-populated\">\n\t\t\t\t\t\t<div class=\"elementor-element elementor-element-29d777d elementor-widget elementor-widget-text-editor\" data-id=\"29d777d\" data-element_type=\"widget\" data-e-type=\"widget\" data-widget_type=\"text-editor.default\">\n\t\t\t\t\t\t\t\t\t<p><span style=\"color: var( --e-global-color-text );\">Y lo mismo con el uso de los idiomas mayas. \u201cEl idioma es una construcci\u00f3n social y civilizatoria que ordena y explica el mundo. A trav\u00e9s de su uso se comprende de manera propia la vida, la muerte, los valores, la solidaridad, la complementariedad, la armon\u00eda. Mantener el sentido de comunidad ling\u00fc\u00edstica tambi\u00e9n es resistencia\u201d, agrega Barrios.<\/span><\/p><p>\u201cMuchos migrantes mayas solo hablan el idioma materno maya y al estar en Estados Unidos aprenden ingl\u00e9s, pero siguen usando su idioma natal en familia y con amigos. Despu\u00e9s aprenden espa\u00f1ol como un tercer idioma y el ingl\u00e9s para trabajar. Pero su lengua materna les da ese sentido de pertenencia y les permite comunicarse con sus pueblos. Y <a href=\"https:\/\/soymigrante.com\/revista\/rigoberto-estafa-coyote-exito-tejidos\/\">la indumentaria complementa esa experiencia de seguir unidos<\/a>\u201d, complementa Barrios.<\/p><div>\u00a0<\/div>\t\t\t\t\t\t\t\t<\/div>\n\t\t\t\t\t<\/div>\n\t\t<\/div>\n\t\t\t\t\t<\/div>\n\t\t<\/section>\n\t\t\t\t<section data-particle_enable=\"false\" data-particle-mobile-disabled=\"false\" class=\"elementor-section elementor-top-section elementor-element elementor-element-f9d9b51 elementor-section-boxed elementor-section-height-default elementor-section-height-default\" data-id=\"f9d9b51\" data-element_type=\"section\" data-e-type=\"section\">\n\t\t\t\t\t\t<div class=\"elementor-container elementor-column-gap-default\">\n\t\t\t\t\t<div class=\"elementor-column elementor-col-100 elementor-top-column elementor-element elementor-element-7df24b7\" data-id=\"7df24b7\" data-element_type=\"column\" data-e-type=\"column\">\n\t\t\t<div class=\"elementor-widget-wrap elementor-element-populated\">\n\t\t\t\t\t\t<div class=\"elementor-element elementor-element-e5df329 elementor-widget elementor-widget-video\" data-id=\"e5df329\" data-element_type=\"widget\" data-e-type=\"widget\" data-settings=\"{&quot;youtube_url&quot;:&quot;https:\\\/\\\/www.youtube.com\\\/watch?v=949yDLN_Bzw&quot;,&quot;video_type&quot;:&quot;youtube&quot;,&quot;controls&quot;:&quot;yes&quot;}\" data-widget_type=\"video.default\">\n\t\t\t\t\t\t\t<div class=\"elementor-wrapper elementor-open-inline\">\n\t\t\t<div class=\"elementor-video\"><\/div>\t\t<\/div>\n\t\t\t\t\t\t<\/div>\n\t\t\t\t\t<\/div>\n\t\t<\/div>\n\t\t\t\t\t<\/div>\n\t\t<\/section>\n\t\t\t\t<section data-particle_enable=\"false\" data-particle-mobile-disabled=\"false\" class=\"elementor-section elementor-top-section elementor-element elementor-element-ff4e950 elementor-section-boxed elementor-section-height-default elementor-section-height-default\" data-id=\"ff4e950\" data-element_type=\"section\" data-e-type=\"section\">\n\t\t\t\t\t\t<div class=\"elementor-container elementor-column-gap-default\">\n\t\t\t\t\t<div class=\"elementor-column elementor-col-100 elementor-top-column elementor-element elementor-element-588a5a0\" data-id=\"588a5a0\" data-element_type=\"column\" data-e-type=\"column\">\n\t\t\t<div class=\"elementor-widget-wrap elementor-element-populated\">\n\t\t\t\t\t\t<div class=\"elementor-element elementor-element-74c3ec6 elementor-widget elementor-widget-heading\" data-id=\"74c3ec6\" data-element_type=\"widget\" data-e-type=\"widget\" data-widget_type=\"heading.default\">\n\t\t\t\t\t<h3 class=\"elementor-heading-title elementor-size-default\">Actitudes solidarias, como una familia<\/h3>\t\t\t\t<\/div>\n\t\t\t\t\t<\/div>\n\t\t<\/div>\n\t\t\t\t\t<\/div>\n\t\t<\/section>\n\t\t\t\t<section data-particle_enable=\"false\" data-particle-mobile-disabled=\"false\" class=\"elementor-section elementor-top-section elementor-element elementor-element-ce413dc elementor-section-boxed elementor-section-height-default elementor-section-height-default\" data-id=\"ce413dc\" data-element_type=\"section\" data-e-type=\"section\">\n\t\t\t\t\t\t<div class=\"elementor-container elementor-column-gap-default\">\n\t\t\t\t\t<div class=\"elementor-column elementor-col-100 elementor-top-column elementor-element elementor-element-0baadb3\" data-id=\"0baadb3\" data-element_type=\"column\" data-e-type=\"column\">\n\t\t\t<div class=\"elementor-widget-wrap elementor-element-populated\">\n\t\t\t\t\t\t<div class=\"elementor-element elementor-element-9d90978 elementor-widget elementor-widget-text-editor\" data-id=\"9d90978\" data-element_type=\"widget\" data-e-type=\"widget\" data-widget_type=\"text-editor.default\">\n\t\t\t\t\t\t\t\t\t<p><span style=\"color: var( --e-global-color-text );\">\u201cEn las comunidades mayas todos se ayudan, en las siembras, en los oficios de casa, en todo. Y esta fuerza comunitaria de la lleva el migrante maya migrante a Estados Unidos. Cuando hay una defunci\u00f3n, todo el mundo da dinero para que sea repatriado el cuerpo, por ejemplo\u201d, cuenta Barrios. Y la raz\u00f3n es muy simple: \u201cPorque cuando la persona migra, no migra solo el cuerpo, migra su mente, sus costumbres, su cultura, su idioma\u201d.<\/span><\/p><p>La fuerza de la identidad cultivada en casa se transmite a los hijos que han nacido en EE.UU. \u201cMuchos inician a buscar libros en sus propios idiomas mayas como los casos que conocemos de Q\u2019anjob\u2019al o Mam. Se ven numerosos casos, donde primero se aprende su propio idioma maya, luego el ingl\u00e9s y por \u00faltimo el espa\u00f1ol\u201d, finaliza Raxch\u00e9.<\/p>\t\t\t\t\t\t\t\t<\/div>\n\t\t\t\t\t<\/div>\n\t\t<\/div>\n\t\t\t\t\t<\/div>\n\t\t<\/section>\n\t\t\t\t<section data-particle_enable=\"false\" data-particle-mobile-disabled=\"false\" class=\"elementor-section elementor-top-section elementor-element elementor-element-b2c7698 elementor-section-boxed elementor-section-height-default elementor-section-height-default\" data-id=\"b2c7698\" data-element_type=\"section\" data-e-type=\"section\">\n\t\t\t\t\t\t<div class=\"elementor-container elementor-column-gap-default\">\n\t\t\t\t\t<div class=\"elementor-column elementor-col-100 elementor-top-column elementor-element elementor-element-b08651a\" data-id=\"b08651a\" data-element_type=\"column\" data-e-type=\"column\">\n\t\t\t<div class=\"elementor-widget-wrap elementor-element-populated\">\n\t\t\t\t\t\t<div class=\"elementor-element elementor-element-3f0fe80 elementor-widget elementor-widget-heading\" data-id=\"3f0fe80\" data-element_type=\"widget\" data-e-type=\"widget\" data-widget_type=\"heading.default\">\n\t\t\t\t\t<h2 class=\"elementor-heading-title elementor-size-default\">La fuerza de las ra\u00edces mayas en USA<\/h2>\t\t\t\t<\/div>\n\t\t\t\t\t<\/div>\n\t\t<\/div>\n\t\t\t\t\t<\/div>\n\t\t<\/section>\n\t\t\t\t<section data-particle_enable=\"false\" data-particle-mobile-disabled=\"false\" class=\"elementor-section elementor-top-section elementor-element elementor-element-0f89ed5 elementor-section-boxed elementor-section-height-default elementor-section-height-default\" data-id=\"0f89ed5\" data-element_type=\"section\" data-e-type=\"section\">\n\t\t\t\t\t\t<div class=\"elementor-container elementor-column-gap-default\">\n\t\t\t\t\t<div class=\"elementor-column elementor-col-100 elementor-top-column elementor-element elementor-element-e661e7a\" data-id=\"e661e7a\" data-element_type=\"column\" data-e-type=\"column\">\n\t\t\t<div class=\"elementor-widget-wrap elementor-element-populated\">\n\t\t\t\t\t\t<div class=\"elementor-element elementor-element-741a618 elementor-grid-eael-col-4 elementor-grid-tablet-eael-col-2 elementor-grid-mobile-eael-col-1 elementor-widget elementor-widget-eael-post-grid\" data-id=\"741a618\" data-element_type=\"widget\" data-e-type=\"widget\" data-settings=\"{&quot;eael_post_grid_columns&quot;:&quot;eael-col-4&quot;,&quot;eael_post_grid_columns_tablet&quot;:&quot;eael-col-2&quot;,&quot;eael_post_grid_columns_mobile&quot;:&quot;eael-col-1&quot;}\" data-widget_type=\"eael-post-grid.default\">\n\t\t\t\t\t<div id=\"eael-post-grid-741a618\" class=\"eael-post-grid-container\">\n            <div class=\"eael-post-grid eael-post-appender eael-post-appender-741a618 eael-post-grid-style-one\" data-layout-mode=\"masonry\"><article class=\"eael-grid-post  eael-post-grid-column eael-pg-post-1185 category-estamos-unidos\" data-id=\"1185\">\n        <div class=\"eael-grid-post-holder\">\n            <div class=\"eael-grid-post-holder-inner\"><div class=\"eael-entry-media\"><div class=\"eael-entry-overlay fade-in\"><i class=\"fas fa-long-arrow-alt-right\" aria-hidden=\"true\"><\/i><a href=\"https:\/\/soymigrante.com\/revista\/danza-maya-de-las-guacamayas-impresiona-en-estados-unidos\/\"><\/a><\/div><div class=\"eael-entry-thumbnail \">\n                <img loading=\"lazy\" decoding=\"async\" width=\"293\" height=\"300\" src=\"https:\/\/soymigrante.com\/revista\/wp-content\/uploads\/2023\/06\/xixo-rax-danza-de-las-guacamayas-2-293x300.jpg\" class=\"attachment-medium size-medium wp-image-29236\" alt=\"Artista en vestimenta tradicional ind\u00edgena mexicana en una presentaci\u00f3n cultural en SoyMigrante.com REVISTA.\" srcset=\"https:\/\/soymigrante.com\/revista\/wp-content\/uploads\/2023\/06\/xixo-rax-danza-de-las-guacamayas-2-293x300.jpg 293w, https:\/\/soymigrante.com\/revista\/wp-content\/uploads\/2023\/06\/xixo-rax-danza-de-las-guacamayas-2-768x786.jpg 768w, https:\/\/soymigrante.com\/revista\/wp-content\/uploads\/2023\/06\/xixo-rax-danza-de-las-guacamayas-2-750x767.webp 750w, https:\/\/soymigrante.com\/revista\/wp-content\/uploads\/2023\/06\/xixo-rax-danza-de-las-guacamayas-2.webp 949w\" sizes=\"(max-width: 293px) 100vw, 293px\" \/>\n            <\/div>\n        <\/div><div class=\"eael-entry-wrapper\"><header class=\"eael-entry-header\"><h2 class=\"eael-entry-title\"><a class=\"eael-grid-post-link\" href=\"https:\/\/soymigrante.com\/revista\/danza-maya-de-las-guacamayas-impresiona-en-estados-unidos\/\" title=\"Danza de las Guacamayas de Santa Cruz Verapaz vuela por 7 ciudades de Estados Unidos\">Danza de las Guacamayas de Santa Cruz Verapaz vuela por 7 ciudades de Estados Unidos<\/a><\/h2><\/header><div class=\"eael-entry-content\">\n                        <div class=\"eael-grid-post-excerpt\"><a href=\"https:\/\/soymigrante.com\/revista\/danza-maya-de-las-guacamayas-impresiona-en-estados-unidos\/\" class=\"eael-post-elements-readmore-btn\">Read More<\/a><\/div>\n                    <\/div><\/div><\/div>\n        <\/div>\n    <\/article><article class=\"eael-grid-post  eael-post-grid-column eael-pg-post-2511 category-exitos\" data-id=\"2511\">\n        <div class=\"eael-grid-post-holder\">\n            <div class=\"eael-grid-post-holder-inner\"><div class=\"eael-entry-media\"><div class=\"eael-entry-overlay fade-in\"><i class=\"fas fa-long-arrow-alt-right\" aria-hidden=\"true\"><\/i><a href=\"https:\/\/soymigrante.com\/revista\/migrante-guatemalteca-cory-tzul-emprendio-su-negocio-en-alabama-y-crea-empleo-en-toto\/\"><\/a><\/div><div class=\"eael-entry-thumbnail \">\n                <img loading=\"lazy\" decoding=\"async\" width=\"300\" height=\"246\" src=\"https:\/\/soymigrante.com\/revista\/wp-content\/uploads\/2023\/09\/Captura-de-pantalla-2023-09-09-131440-300x246.webp\" class=\"attachment-medium size-medium wp-image-2531\" alt=\"\" srcset=\"https:\/\/soymigrante.com\/revista\/wp-content\/uploads\/2023\/09\/Captura-de-pantalla-2023-09-09-131440-300x246.webp 300w, https:\/\/soymigrante.com\/revista\/wp-content\/uploads\/2023\/09\/Captura-de-pantalla-2023-09-09-131440.webp 508w\" sizes=\"(max-width: 300px) 100vw, 300px\" \/>\n            <\/div>\n        <\/div><div class=\"eael-entry-wrapper\"><header class=\"eael-entry-header\"><h2 class=\"eael-entry-title\"><a class=\"eael-grid-post-link\" href=\"https:\/\/soymigrante.com\/revista\/migrante-guatemalteca-cory-tzul-emprendio-su-negocio-en-alabama-y-crea-empleo-en-toto\/\" title=\"Migrante guatemalteca Cori Tzul emprendi\u00f3  negocio en Alabama y genera empleo en su natal  Totonicap\u00e1n\">Migrante guatemalteca Cori Tzul emprendi\u00f3  negocio en Alabama y genera empleo en su natal  Totonicap\u00e1n<\/a><\/h2><\/header><div class=\"eael-entry-content\">\n                        <div class=\"eael-grid-post-excerpt\"><a href=\"https:\/\/soymigrante.com\/revista\/migrante-guatemalteca-cory-tzul-emprendio-su-negocio-en-alabama-y-crea-empleo-en-toto\/\" class=\"eael-post-elements-readmore-btn\">Read More<\/a><\/div>\n                    <\/div><\/div><\/div>\n        <\/div>\n    <\/article><article class=\"eael-grid-post  eael-post-grid-column eael-pg-post-2073 category-guate-nuestra\" data-id=\"2073\">\n        <div class=\"eael-grid-post-holder\">\n            <div class=\"eael-grid-post-holder-inner\"><div class=\"eael-entry-media\"><div class=\"eael-entry-overlay fade-in\"><i class=\"fas fa-long-arrow-alt-right\" aria-hidden=\"true\"><\/i><a href=\"https:\/\/soymigrante.com\/revista\/ajpon-danzas-mayas-homenaje-migrantes\/\"><\/a><\/div><div class=\"eael-entry-thumbnail \">\n                <img loading=\"lazy\" decoding=\"async\" width=\"300\" height=\"200\" src=\"https:\/\/soymigrante.com\/revista\/wp-content\/uploads\/2023\/08\/Grupo-de-Danza-Tradicionales-Ajpon-fundado-por-Teresa-Ramirez-dedican-un-baile-tradional-a-los-migrantes-guatemlatecos-como-recordatorio-de-sus-raices-foto-por-Omar-Menchu-300x200.webp\" class=\"attachment-medium size-medium wp-image-2138\" alt=\"Grupo de Danza Tradicionales Ajpon fundado por Teresa Ram\u00edrez dedican un baile tradicional a los migrantes guatemaltecos como recordatorio de sus ra\u00edces foto por Omar Mench\u00fa\" srcset=\"https:\/\/soymigrante.com\/revista\/wp-content\/uploads\/2023\/08\/Grupo-de-Danza-Tradicionales-Ajpon-fundado-por-Teresa-Ramirez-dedican-un-baile-tradional-a-los-migrantes-guatemlatecos-como-recordatorio-de-sus-raices-foto-por-Omar-Menchu-300x200.webp 300w, https:\/\/soymigrante.com\/revista\/wp-content\/uploads\/2023\/08\/Grupo-de-Danza-Tradicionales-Ajpon-fundado-por-Teresa-Ramirez-dedican-un-baile-tradional-a-los-migrantes-guatemlatecos-como-recordatorio-de-sus-raices-foto-por-Omar-Menchu-1024x683.webp 1024w, https:\/\/soymigrante.com\/revista\/wp-content\/uploads\/2023\/08\/Grupo-de-Danza-Tradicionales-Ajpon-fundado-por-Teresa-Ramirez-dedican-un-baile-tradional-a-los-migrantes-guatemlatecos-como-recordatorio-de-sus-raices-foto-por-Omar-Menchu-768x512.webp 768w, https:\/\/soymigrante.com\/revista\/wp-content\/uploads\/2023\/08\/Grupo-de-Danza-Tradicionales-Ajpon-fundado-por-Teresa-Ramirez-dedican-un-baile-tradional-a-los-migrantes-guatemlatecos-como-recordatorio-de-sus-raices-foto-por-Omar-Menchu-1536x1024.webp 1536w, https:\/\/soymigrante.com\/revista\/wp-content\/uploads\/2023\/08\/Grupo-de-Danza-Tradicionales-Ajpon-fundado-por-Teresa-Ramirez-dedican-un-baile-tradional-a-los-migrantes-guatemlatecos-como-recordatorio-de-sus-raices-foto-por-Omar-Menchu.webp 1920w, https:\/\/soymigrante.com\/revista\/wp-content\/uploads\/2023\/08\/Grupo-de-Danza-Tradicionales-Ajpon-fundado-por-Teresa-Ramirez-dedican-un-baile-tradional-a-los-migrantes-guatemlatecos-como-recordatorio-de-sus-raices-foto-por-Omar-Menchu-750x500.webp 750w, https:\/\/soymigrante.com\/revista\/wp-content\/uploads\/2023\/08\/Grupo-de-Danza-Tradicionales-Ajpon-fundado-por-Teresa-Ramirez-dedican-un-baile-tradional-a-los-migrantes-guatemlatecos-como-recordatorio-de-sus-raices-foto-por-Omar-Menchu-1140x760.webp 1140w, https:\/\/soymigrante.com\/revista\/wp-content\/uploads\/2023\/08\/Grupo-de-Danza-Tradicionales-Ajpon-fundado-por-Teresa-Ramirez-dedican-un-baile-tradional-a-los-migrantes-guatemlatecos-como-recordatorio-de-sus-raices-foto-por-Omar-Menchu-600x400.webp 600w\" sizes=\"(max-width: 300px) 100vw, 300px\" \/>\n            <\/div>\n        <\/div><div class=\"eael-entry-wrapper\"><header class=\"eael-entry-header\"><h2 class=\"eael-entry-title\"><a class=\"eael-grid-post-link\" href=\"https:\/\/soymigrante.com\/revista\/ajpon-danzas-mayas-homenaje-migrantes\/\" title=\"Ajpon: Danzas mayas que honran a migrantes guatemaltecos\">Ajpon: Danzas mayas que honran a migrantes guatemaltecos<\/a><\/h2><\/header><div class=\"eael-entry-content\">\n                        <div class=\"eael-grid-post-excerpt\"><a href=\"https:\/\/soymigrante.com\/revista\/ajpon-danzas-mayas-homenaje-migrantes\/\" class=\"eael-post-elements-readmore-btn\">Read More<\/a><\/div>\n                    <\/div><\/div><\/div>\n        <\/div>\n    <\/article><article class=\"eael-grid-post  eael-post-grid-column eael-pg-post-1694 category-exitos tags-nueva-jersey\" data-id=\"1694\">\n        <div class=\"eael-grid-post-holder\">\n            <div class=\"eael-grid-post-holder-inner\"><div class=\"eael-entry-media\"><div class=\"eael-entry-overlay fade-in\"><i class=\"fas fa-long-arrow-alt-right\" aria-hidden=\"true\"><\/i><a href=\"https:\/\/soymigrante.com\/revista\/alfredo-canastuj-marimba-guatemalteca-eeuu\/\"><\/a><\/div><div class=\"eael-entry-thumbnail \">\n                <img loading=\"lazy\" decoding=\"async\" width=\"300\" height=\"200\" src=\"https:\/\/soymigrante.com\/revista\/wp-content\/uploads\/2023\/07\/Alfredo-portador-del-talento-300x200.webp\" class=\"attachment-medium size-medium wp-image-1705\" alt=\"Alfredo portador del talento\" srcset=\"https:\/\/soymigrante.com\/revista\/wp-content\/uploads\/2023\/07\/Alfredo-portador-del-talento-300x200.webp 300w, https:\/\/soymigrante.com\/revista\/wp-content\/uploads\/2023\/07\/Alfredo-portador-del-talento-1024x682.webp 1024w, https:\/\/soymigrante.com\/revista\/wp-content\/uploads\/2023\/07\/Alfredo-portador-del-talento-768x512.webp 768w, https:\/\/soymigrante.com\/revista\/wp-content\/uploads\/2023\/07\/Alfredo-portador-del-talento-1536x1023.webp 1536w, https:\/\/soymigrante.com\/revista\/wp-content\/uploads\/2023\/07\/Alfredo-portador-del-talento-750x500.webp 750w, https:\/\/soymigrante.com\/revista\/wp-content\/uploads\/2023\/07\/Alfredo-portador-del-talento-1140x760.webp 1140w, https:\/\/soymigrante.com\/revista\/wp-content\/uploads\/2023\/07\/Alfredo-portador-del-talento-600x400.webp 600w, https:\/\/soymigrante.com\/revista\/wp-content\/uploads\/2023\/07\/Alfredo-portador-del-talento.webp 1600w\" sizes=\"(max-width: 300px) 100vw, 300px\" \/>\n            <\/div>\n        <\/div><div class=\"eael-entry-wrapper\"><header class=\"eael-entry-header\"><h2 class=\"eael-entry-title\"><a class=\"eael-grid-post-link\" href=\"https:\/\/soymigrante.com\/revista\/alfredo-canastuj-marimba-guatemalteca-eeuu\/\" title=\"Rey K&#8217;ich\u00e9 migrante hace vibrar la marimba en Estados Unidos\">Rey K&#8217;ich\u00e9 migrante hace vibrar la marimba en Estados Unidos<\/a><\/h2><\/header><div class=\"eael-entry-content\">\n                        <div class=\"eael-grid-post-excerpt\"><a href=\"https:\/\/soymigrante.com\/revista\/alfredo-canastuj-marimba-guatemalteca-eeuu\/\" class=\"eael-post-elements-readmore-btn\">Read More<\/a><\/div>\n                    <\/div><\/div><\/div>\n        <\/div>\n    <\/article><\/div>\n            <div class=\"clearfix\"><\/div>\n        <\/div>\t\t\t\t<\/div>\n\t\t\t\t\t<\/div>\n\t\t<\/div>\n\t\t\t\t\t<\/div>\n\t\t<\/section>\n\t\t\t\t<\/div>\n\t\t","protected":false},"excerpt":{"rendered":"<p>Mapa consular 2024 report\u00f3 las comunidades mayas migrantes presentes en ciudades y Estados de EE.UU. Expertos ven esta persistencia, uni\u00f3n y fortaleza comunitaria como continuidad de una cultura milenaria. As\u00ed lo explican. En el reciente mapa consular de migrantes guatemaltecos en Estados Unidos, el Ministerio de Relaciones Exteriores de Guatemala, Minex, report\u00f3 3.22 millones de [&hellip;]<\/p>\n","protected":false},"author":7,"featured_media":6854,"comment_status":"open","ping_status":"open","sticky":false,"template":"","format":"standard","meta":{"_acf_changed":false,"_eb_attr":"","footnotes":""},"categories":[54],"tags":[],"class_list":["post-6853","post","type-post","status-publish","format-standard","has-post-thumbnail","hentry","category-estamos-unidos"],"acf":[],"aioseo_notices":[],"aioseo_head":"\n\t\t<!-- All in One SEO Pro 4.9.6.2 - aioseo.com -->\n\t<meta name=\"description\" content=\"Alfredo Canastuj, originario de Barranech\u00e9, toca la marimba en EE.UU., uniendo a guatemaltecos y conquistando corazones estadounidenses con su m\u00fasica.\" \/>\n\t<meta name=\"robots\" content=\"max-snippet:-1, max-image-preview:large, max-video-preview:-1\" \/>\n\t<meta name=\"author\" content=\"Diana Batz\"\/>\n\t<link rel=\"canonical\" href=\"https:\/\/soymigrante.com\/revista\/alfredo-canastuj-marimba-guatemalteca-eeuu\/\" \/>\n\t<meta name=\"generator\" content=\"All in One SEO Pro (AIOSEO) 4.9.6.2\" \/>\n\n\t\t<link rel=\"preconnect\" href=\"https:\/\/fonts.googleapis.com\" crossorigin>\n<link rel=\"preconnect\" href=\"https:\/\/fonts.gstatic.com\" crossorigin>\n\t\t<meta property=\"og:locale\" content=\"es_ES\" \/>\n\t\t<meta property=\"og:site_name\" content=\"SoyMigrante.com REVISTA \u2013 Nuestra misi\u00f3n es reconocer y dignificar al migrante.\" \/>\n\t\t<meta property=\"og:type\" content=\"article\" \/>\n\t\t<meta property=\"og:title\" content=\"Rey K\u2019ich\u00e9 migrante hace vibrar la marimba en Estados Unidos\" \/>\n\t\t<meta property=\"og:description\" content=\"Alfredo Canastuj, originario de Barranech\u00e9, toca la marimba en EE.UU., uniendo a guatemaltecos y conquistando corazones estadounidenses con su m\u00fasica.\" \/>\n\t\t<meta property=\"og:url\" content=\"https:\/\/soymigrante.com\/revista\/alfredo-canastuj-marimba-guatemalteca-eeuu\/\" \/>\n\t\t<meta property=\"og:image\" content=\"https:\/\/soymigrante.com\/revista\/wp-content\/uploads\/2023\/07\/Alfredo-portador-del-talento.webp\" \/>\n\t\t<meta property=\"og:image:secure_url\" content=\"https:\/\/soymigrante.com\/revista\/wp-content\/uploads\/2023\/07\/Alfredo-portador-del-talento.webp\" \/>\n\t\t<meta property=\"og:image:width\" content=\"1600\" \/>\n\t\t<meta property=\"og:image:height\" content=\"1066\" \/>\n\t\t<meta property=\"article:published_time\" content=\"2023-07-04T15:52:19+00:00\" \/>\n\t\t<meta property=\"article:modified_time\" content=\"2026-03-11T22:44:15+00:00\" \/>\n\t\t<meta property=\"article:publisher\" content=\"https:\/\/www.facebook.com\/soymigrantecom\" \/>\n\t\t<meta name=\"twitter:card\" content=\"summary_large_image\" \/>\n\t\t<meta name=\"twitter:site\" content=\"@SoyMigrante_com\" \/>\n\t\t<meta name=\"twitter:title\" content=\"Rey K\u2019ich\u00e9 migrante hace vibrar la marimba en Estados Unidos\" \/>\n\t\t<meta name=\"twitter:description\" content=\"Alfredo Canastuj, originario de Barranech\u00e9, toca la marimba en EE.UU., uniendo a guatemaltecos y conquistando corazones estadounidenses con su m\u00fasica.\" \/>\n\t\t<meta name=\"twitter:creator\" content=\"@SoyMigrante_com\" \/>\n\t\t<meta name=\"twitter:image\" content=\"https:\/\/soymigrante.com\/revista\/wp-content\/uploads\/2023\/07\/Alfredo-portador-del-talento.webp\" \/>\n\t\t<!-- All in One SEO Pro -->\r\n\t\t<title>Rey K\u2019ich\u00e9 migrante hace vibrar la marimba en Estados Unidos<\/title>\n\n","aioseo_head_json":{"title":"Rey K\u2019ich\u00e9 migrante hace vibrar la marimba en Estados Unidos","description":"Alfredo Canastuj, originario de Barranech\u00e9, toca la marimba en EE.UU., uniendo a guatemaltecos y conquistando corazones estadounidenses con su m\u00fasica.","canonical_url":"https:\/\/soymigrante.com\/revista\/alfredo-canastuj-marimba-guatemalteca-eeuu\/","robots":"max-snippet:-1, max-image-preview:large, max-video-preview:-1","keywords":"","webmasterTools":{"miscellaneous":"&lt;link rel=\"preconnect\" href=\"https:\/\/fonts.googleapis.com\" crossorigin&gt;\n&lt;link rel=\"preconnect\" href=\"https:\/\/fonts.gstatic.com\" crossorigin&gt;"},"schema":null,"og:locale":"es_ES","og:site_name":"SoyMigrante.com REVISTA \u2013 Nuestra misi\u00f3n es reconocer y dignificar al migrante.","og:type":"article","og:title":"Rey K\u2019ich\u00e9 migrante hace vibrar la marimba en Estados Unidos","og:description":"Alfredo Canastuj, originario de Barranech\u00e9, toca la marimba en EE.UU., uniendo a guatemaltecos y conquistando corazones estadounidenses con su m\u00fasica.","og:url":"https:\/\/soymigrante.com\/revista\/alfredo-canastuj-marimba-guatemalteca-eeuu\/","og:image":"https:\/\/soymigrante.com\/revista\/wp-content\/uploads\/2023\/07\/Alfredo-portador-del-talento.webp","og:image:secure_url":"https:\/\/soymigrante.com\/revista\/wp-content\/uploads\/2023\/07\/Alfredo-portador-del-talento.webp","og:image:width":1600,"og:image:height":1066,"article:published_time":"2023-07-04T15:52:19+00:00","article:modified_time":"2026-03-11T22:44:15+00:00","article:publisher":"https:\/\/www.facebook.com\/soymigrantecom","twitter:card":"summary_large_image","twitter:site":"@SoyMigrante_com","twitter:title":"Rey K\u2019ich\u00e9 migrante hace vibrar la marimba en Estados Unidos","twitter:description":"Alfredo Canastuj, originario de Barranech\u00e9, toca la marimba en EE.UU., uniendo a guatemaltecos y conquistando corazones estadounidenses con su m\u00fasica.","twitter:creator":"@SoyMigrante_com","twitter:image":"https:\/\/soymigrante.com\/revista\/wp-content\/uploads\/2023\/07\/Alfredo-portador-del-talento.webp"},"aioseo_meta_data":{"post_id":"6853","title":null,"description":"Los pueblos mayas de Guatemala se integran en ciudades y Estados de USA. Expertos explican esta fortaleza y persistencia cultural lejos de la tierra de origen.","keywords":null,"keyphrases":{"focus":{"keyphrase":"Migrantes","score":82,"analysis":{"keyphraseInTitle":{"score":9,"maxScore":9,"error":0},"keyphraseInDescription":{"score":3,"maxScore":9,"error":1},"keyphraseLength":{"score":9,"maxScore":9,"error":0,"length":1},"keyphraseInURL":{"score":5,"maxScore":5,"error":0},"keyphraseInIntroduction":{"score":9,"maxScore":9,"error":0},"keyphraseInSubHeadings":{"score":3,"maxScore":9,"error":1},"keyphraseInImageAlt":{"score":9,"maxScore":9,"error":0},"keywordDensity":{"type":"best","score":9,"maxScore":9,"error":0}}},"additional":[{"keyphrase":"Pueblos mayas","score":67,"analysis":{"keyphraseInDescription":{"score":9,"maxScore":9,"error":0},"keyphraseLength":{"score":9,"maxScore":9,"error":0,"length":2},"keyphraseInIntroduction":{"score":3,"maxScore":9,"error":1},"keyphraseInImageAlt":{"score":9,"maxScore":9,"error":0},"keywordDensity":{"score":0,"type":"low","maxScore":9,"error":1}}}]},"primary_term":null,"canonical_url":null,"og_title":null,"og_description":null,"og_object_type":"default","og_image_type":"default","og_image_url":null,"og_image_width":null,"og_image_height":null,"og_image_custom_url":null,"og_image_custom_fields":null,"og_video":"","og_custom_url":null,"og_article_section":null,"og_article_tags":null,"twitter_use_og":false,"twitter_card":"default","twitter_image_type":"default","twitter_image_url":null,"twitter_image_custom_url":null,"twitter_image_custom_fields":null,"twitter_title":null,"twitter_description":null,"schema":{"blockGraphs":[],"customGraphs":[],"default":{"data":{"Article":[],"Course":[],"Dataset":[],"FAQPage":[],"Movie":[],"Person":[],"Product":[],"ProductReview":[],"Car":[],"Recipe":[],"Service":[],"SoftwareApplication":[],"WebPage":[]},"graphName":"Article","isEnabled":true},"graphs":[]},"schema_type":"default","schema_type_options":null,"pillar_content":false,"robots_default":true,"robots_noindex":false,"robots_noarchive":false,"robots_nosnippet":false,"robots_nofollow":false,"robots_noimageindex":false,"robots_noodp":false,"robots_notranslate":false,"robots_max_snippet":"-1","robots_max_videopreview":"-1","robots_max_imagepreview":"large","priority":null,"frequency":"default","local_seo":null,"seo_analyzer_scan_date":"2025-10-08 22:04:48","breadcrumb_settings":null,"limit_modified_date":false,"reviewed_by":null,"open_ai":"{\"title\":{\"suggestions\":[],\"usage\":0},\"description\":{\"suggestions\":[],\"usage\":0}}","ai":null,"created":"2024-06-06 14:24:59","updated":"2026-02-04 12:00:22"},"aioseo_breadcrumb":"<div class=\"aioseo-breadcrumbs\"><span class=\"aioseo-breadcrumb\">\n\t<a href=\"https:\/\/soymigrante.com\/revista\" title=\"Home\">Home<\/a>\n<\/span><span class=\"aioseo-breadcrumb-separator\">\u00bb<\/span><span class=\"aioseo-breadcrumb\">\n\t<a href=\"https:\/\/soymigrante.com\/revista\/category\/estamos-unidos\/\" title=\"Estamos Unidos\">Estamos Unidos<\/a>\n<\/span><span class=\"aioseo-breadcrumb-separator\">\u00bb<\/span><span class=\"aioseo-breadcrumb\">\n\tMapa refleja comunidades mayas migrantes en USA\n<\/span><\/div>","aioseo_breadcrumb_json":[{"label":"Home","link":"https:\/\/soymigrante.com\/revista"},{"label":"Estamos Unidos","link":"https:\/\/soymigrante.com\/revista\/category\/estamos-unidos\/"},{"label":"Mapa refleja comunidades mayas migrantes en USA","link":"https:\/\/soymigrante.com\/revista\/pueblos-mayas-migrantes-fortalecen-su-identidad-en-usa\/"}],"_links":{"self":[{"href":"https:\/\/soymigrante.com\/revista\/wp-json\/wp\/v2\/posts\/6853","targetHints":{"allow":["GET"]}}],"collection":[{"href":"https:\/\/soymigrante.com\/revista\/wp-json\/wp\/v2\/posts"}],"about":[{"href":"https:\/\/soymigrante.com\/revista\/wp-json\/wp\/v2\/types\/post"}],"author":[{"embeddable":true,"href":"https:\/\/soymigrante.com\/revista\/wp-json\/wp\/v2\/users\/7"}],"replies":[{"embeddable":true,"href":"https:\/\/soymigrante.com\/revista\/wp-json\/wp\/v2\/comments?post=6853"}],"version-history":[{"count":0,"href":"https:\/\/soymigrante.com\/revista\/wp-json\/wp\/v2\/posts\/6853\/revisions"}],"wp:featuredmedia":[{"embeddable":true,"href":"https:\/\/soymigrante.com\/revista\/wp-json\/wp\/v2\/media\/6854"}],"wp:attachment":[{"href":"https:\/\/soymigrante.com\/revista\/wp-json\/wp\/v2\/media?parent=6853"}],"wp:term":[{"taxonomy":"category","embeddable":true,"href":"https:\/\/soymigrante.com\/revista\/wp-json\/wp\/v2\/categories?post=6853"},{"taxonomy":"post_tag","embeddable":true,"href":"https:\/\/soymigrante.com\/revista\/wp-json\/wp\/v2\/tags?post=6853"}],"curies":[{"name":"wp","href":"https:\/\/api.w.org\/{rel}","templated":true}]}}