{"id":6808,"date":"2024-06-03T18:45:15","date_gmt":"2024-06-04T00:45:15","guid":{"rendered":"https:\/\/soymigrante.com\/revista\/?p=6808"},"modified":"2026-02-12T10:30:36","modified_gmt":"2026-02-12T16:30:36","slug":"la-danta-de-el-mirador-la-mayor-piramide-del-mundo-7-datos","status":"publish","type":"post","link":"https:\/\/soymigrante.com\/revista\/la-danta-de-el-mirador-la-mayor-piramide-del-mundo-7-datos\/","title":{"rendered":"La Danta de El Mirador, la mayor pir\u00e1mide del mundo: 7 datos"},"content":{"rendered":"\t\t<div data-elementor-type=\"wp-post\" data-elementor-id=\"6808\" class=\"elementor elementor-6808\" data-elementor-post-type=\"post\">\n\t\t\t\t\t\t<section data-particle_enable=\"false\" data-particle-mobile-disabled=\"false\" class=\"elementor-section elementor-top-section elementor-element elementor-element-e245895 elementor-section-boxed elementor-section-height-default elementor-section-height-default\" data-id=\"e245895\" data-element_type=\"section\" data-e-type=\"section\">\n\t\t\t\t\t\t<div class=\"elementor-container elementor-column-gap-default\">\n\t\t\t\t\t<div class=\"elementor-column elementor-col-100 elementor-top-column elementor-element elementor-element-896e1b3\" data-id=\"896e1b3\" data-element_type=\"column\" data-e-type=\"column\">\n\t\t\t<div class=\"elementor-widget-wrap elementor-element-populated\">\n\t\t\t\t\t\t<div class=\"elementor-element elementor-element-6753938 elementor-widget elementor-widget-heading\" data-id=\"6753938\" data-element_type=\"widget\" data-e-type=\"widget\" data-widget_type=\"heading.default\">\n\t\t\t\t\t<h2 class=\"elementor-heading-title elementor-size-default\">La gigantesca pir\u00e1mide La Danta y la antigua ciudad maya de El Mirador en Pet\u00e9n, Guatemala, son s\u00edmbolos de la magnificencia prehisp\u00e1nica: un tesoro cultural, arqueol\u00f3gico y natural que debe ser protegido y conservado.<\/h2>\t\t\t\t<\/div>\n\t\t\t\t\t<\/div>\n\t\t<\/div>\n\t\t\t\t\t<\/div>\n\t\t<\/section>\n\t\t\t\t<section data-particle_enable=\"false\" data-particle-mobile-disabled=\"false\" class=\"elementor-section elementor-top-section elementor-element elementor-element-5435c15 elementor-section-boxed elementor-section-height-default elementor-section-height-default\" data-id=\"5435c15\" data-element_type=\"section\" data-e-type=\"section\">\n\t\t\t\t\t\t<div class=\"elementor-container elementor-column-gap-default\">\n\t\t\t\t\t<div class=\"elementor-column elementor-col-100 elementor-top-column elementor-element elementor-element-7842ef6\" data-id=\"7842ef6\" data-element_type=\"column\" data-e-type=\"column\">\n\t\t\t<div class=\"elementor-widget-wrap elementor-element-populated\">\n\t\t\t\t\t\t<div class=\"elementor-element elementor-element-c9c1b54 elementor-widget elementor-widget-text-editor\" data-id=\"c9c1b54\" data-element_type=\"widget\" data-e-type=\"widget\" data-widget_type=\"text-editor.default\">\n\t\t\t\t\t\t\t\t\t<p>El sitio El Mirador, en el norte de Pet\u00e9n, Guatemala, se encuentra dentro de una cuenca considerada como la Cuna de la Civilizaci\u00f3n Maya, debido a su antig\u00fcedad,\u00a0 su unidad cultural y hasta geol\u00f3gica.<\/p><p>Las exploraciones encabezadas por el arque\u00f3logo Richard Hansen desde hace 35 a\u00f1os, han ido revelando una joya prehisp\u00e1nica maravillosa, una ciudad esplendorosa, pero a\u00fan muy poco conocida debido a su ubicaci\u00f3n y dif\u00edcil acceso. Deber\u00eda atraer a millones de visitantes, pero no se invierte lo suficiente en su protecci\u00f3n.<\/p>\t\t\t\t\t\t\t\t<\/div>\n\t\t\t\t\t<\/div>\n\t\t<\/div>\n\t\t\t\t\t<\/div>\n\t\t<\/section>\n\t\t\t\t<section data-particle_enable=\"false\" data-particle-mobile-disabled=\"false\" class=\"elementor-section elementor-top-section elementor-element elementor-element-93b90a7 elementor-section-boxed elementor-section-height-default elementor-section-height-default\" data-id=\"93b90a7\" data-element_type=\"section\" data-e-type=\"section\">\n\t\t\t\t\t\t<div class=\"elementor-container elementor-column-gap-default\">\n\t\t\t\t\t<div class=\"elementor-column elementor-col-100 elementor-top-column elementor-element elementor-element-d5c9744\" data-id=\"d5c9744\" data-element_type=\"column\" data-e-type=\"column\">\n\t\t\t<div class=\"elementor-widget-wrap elementor-element-populated\">\n\t\t\t\t\t\t<div class=\"elementor-element elementor-element-f825263 elementor-widget elementor-widget-image\" data-id=\"f825263\" data-element_type=\"widget\" data-e-type=\"widget\" data-widget_type=\"image.default\">\n\t\t\t\t\t\t\t\t\t\t\t\t<figure class=\"wp-caption\">\n\t\t\t\t\t\t\t\t\t\t<img fetchpriority=\"high\" decoding=\"async\" width=\"1024\" height=\"673\" src=\"https:\/\/soymigrante.com\/revista\/wp-content\/uploads\/2024\/06\/Captura-de-pantalla-2024-06-03-160200-1024x673.webp\" class=\"attachment-large size-large wp-image-6812\" alt=\"Restauraci\u00f3n arqueol\u00f3gica en el sitio prehisp\u00e1nico en un entorno selv\u00e1tico, con estructuras de piedra y t\u00e9cnicas de conservaci\u00f3n, destacado en revista SoyMigrante.com revista sobre cultura e historia.\" srcset=\"https:\/\/soymigrante.com\/revista\/wp-content\/uploads\/2024\/06\/Captura-de-pantalla-2024-06-03-160200-1024x673.webp 1024w, https:\/\/soymigrante.com\/revista\/wp-content\/uploads\/2024\/06\/Captura-de-pantalla-2024-06-03-160200-300x197.webp 300w, https:\/\/soymigrante.com\/revista\/wp-content\/uploads\/2024\/06\/Captura-de-pantalla-2024-06-03-160200-768x505.webp 768w, https:\/\/soymigrante.com\/revista\/wp-content\/uploads\/2024\/06\/Captura-de-pantalla-2024-06-03-160200-750x493.webp 750w, https:\/\/soymigrante.com\/revista\/wp-content\/uploads\/2024\/06\/Captura-de-pantalla-2024-06-03-160200-1140x750.webp 1140w, https:\/\/soymigrante.com\/revista\/wp-content\/uploads\/2024\/06\/Captura-de-pantalla-2024-06-03-160200.webp 1288w\" sizes=\"(max-width: 1024px) 100vw, 1024px\" title=\"Ni un 10% de todas las estructuras que yacen en el subsuelo petenero han sido exploradas por los arque\u00f3logos encabezador por Richard Hansen, quien empez\u00f3 sus investigaciones en 1989. La belleza de las estructuras es impresionante. (Fotograf\u00eda Richard Hansen) \u2013 SoyMigrante.com REVISTA\" \/>\t\t\t\t\t\t\t\t\t\t\t<figcaption class=\"widget-image-caption wp-caption-text\">Ruinas antiguas en excavaci\u00f3n en un entorno natural, destacando la importancia del patrimonio arqueol\u00f3gico en Am\u00e9rica Latina.<\/figcaption>\n\t\t\t\t\t\t\t\t\t\t<\/figure>\n\t\t\t\t\t\t\t\t\t<\/div>\n\t\t\t\t\t<\/div>\n\t\t<\/div>\n\t\t\t\t\t<\/div>\n\t\t<\/section>\n\t\t\t\t<section data-particle_enable=\"false\" data-particle-mobile-disabled=\"false\" class=\"elementor-section elementor-top-section elementor-element elementor-element-ec0ab24 elementor-section-boxed elementor-section-height-default elementor-section-height-default\" data-id=\"ec0ab24\" data-element_type=\"section\" data-e-type=\"section\">\n\t\t\t\t\t\t<div class=\"elementor-container elementor-column-gap-default\">\n\t\t\t\t\t<div class=\"elementor-column elementor-col-100 elementor-top-column elementor-element elementor-element-6e655a5\" data-id=\"6e655a5\" data-element_type=\"column\" data-e-type=\"column\">\n\t\t\t<div class=\"elementor-widget-wrap elementor-element-populated\">\n\t\t\t\t\t\t<div class=\"elementor-element elementor-element-218ee4d elementor-widget elementor-widget-text-editor\" data-id=\"218ee4d\" data-element_type=\"widget\" data-e-type=\"widget\" data-widget_type=\"text-editor.default\">\n\t\t\t\t\t\t\t\t\t<p>Sin duda alguna, la m\u00e1s legendaria y famosa edificaci\u00f3n de El Mirador es la inmensa pir\u00e1mide denominada La Danta, descrita como la mayor del mundo, que supera a las pir\u00e1mides de Egipto y que, seg\u00fan c\u00e1lculos matem\u00e1ticos, podr\u00eda contener entro de s\u00ed toda la Acr\u00f3polis de Tikal, para dar una idea de su dimensi\u00f3n.<\/p><p>Estos son XX datos de la pir\u00e1mide La Danta y del sitio El Mirador, verdaderos s\u00edmbolos de la magnificencia maya.<\/p>\t\t\t\t\t\t\t\t<\/div>\n\t\t\t\t\t<\/div>\n\t\t<\/div>\n\t\t\t\t\t<\/div>\n\t\t<\/section>\n\t\t\t\t<section data-particle_enable=\"false\" data-particle-mobile-disabled=\"false\" class=\"elementor-section elementor-top-section elementor-element elementor-element-e68cb58 elementor-section-boxed elementor-section-height-default elementor-section-height-default\" data-id=\"e68cb58\" data-element_type=\"section\" data-e-type=\"section\">\n\t\t\t\t\t\t<div class=\"elementor-container elementor-column-gap-default\">\n\t\t\t\t\t<div class=\"elementor-column elementor-col-100 elementor-top-column elementor-element elementor-element-816ba4c\" data-id=\"816ba4c\" data-element_type=\"column\" data-e-type=\"column\">\n\t\t\t<div class=\"elementor-widget-wrap elementor-element-populated\">\n\t\t\t\t\t\t<div class=\"elementor-element elementor-element-8f35e31 elementor-widget elementor-widget-google_maps\" data-id=\"8f35e31\" data-element_type=\"widget\" data-e-type=\"widget\" data-widget_type=\"google_maps.default\">\n\t\t\t\t\t\t\t<div class=\"elementor-custom-embed\">\n\t\t\t<iframe loading=\"lazy\"\n\t\t\t\t\tsrc=\"https:\/\/maps.google.com\/maps?q=Parque%20Nacional%20El%20Mirador&#038;t=m&#038;z=10&#038;output=embed&#038;iwloc=near\"\n\t\t\t\t\ttitle=\"Parque Nacional El Mirador\"\n\t\t\t\t\taria-label=\"Parque Nacional El Mirador\"\n\t\t\t><\/iframe>\n\t\t<\/div>\n\t\t\t\t\t\t<\/div>\n\t\t\t\t\t<\/div>\n\t\t<\/div>\n\t\t\t\t\t<\/div>\n\t\t<\/section>\n\t\t\t\t<section data-particle_enable=\"false\" data-particle-mobile-disabled=\"false\" class=\"elementor-section elementor-top-section elementor-element elementor-element-09b58e0 elementor-section-boxed elementor-section-height-default elementor-section-height-default\" data-id=\"09b58e0\" data-element_type=\"section\" data-e-type=\"section\">\n\t\t\t\t\t\t<div class=\"elementor-container elementor-column-gap-default\">\n\t\t\t\t\t<div class=\"elementor-column elementor-col-100 elementor-top-column elementor-element elementor-element-4e5c4f8\" data-id=\"4e5c4f8\" data-element_type=\"column\" data-e-type=\"column\">\n\t\t\t<div class=\"elementor-widget-wrap elementor-element-populated\">\n\t\t\t\t\t\t<div class=\"elementor-element elementor-element-d632c4b elementor-widget elementor-widget-heading\" data-id=\"d632c4b\" data-element_type=\"widget\" data-e-type=\"widget\" data-widget_type=\"heading.default\">\n\t\t\t\t\t<h2 class=\"elementor-heading-title elementor-size-default\">1. El Mirador naci\u00f3 hace 3 mil a\u00f1os<\/h2>\t\t\t\t<\/div>\n\t\t\t\t\t<\/div>\n\t\t<\/div>\n\t\t\t\t\t<\/div>\n\t\t<\/section>\n\t\t\t\t<section data-particle_enable=\"false\" data-particle-mobile-disabled=\"false\" class=\"elementor-section elementor-top-section elementor-element elementor-element-baf2287 elementor-section-boxed elementor-section-height-default elementor-section-height-default\" data-id=\"baf2287\" data-element_type=\"section\" data-e-type=\"section\">\n\t\t\t\t\t\t<div class=\"elementor-container elementor-column-gap-default\">\n\t\t\t\t\t<div class=\"elementor-column elementor-col-100 elementor-top-column elementor-element elementor-element-bf948ea\" data-id=\"bf948ea\" data-element_type=\"column\" data-e-type=\"column\">\n\t\t\t<div class=\"elementor-widget-wrap elementor-element-populated\">\n\t\t\t\t\t\t<div class=\"elementor-element elementor-element-bf06162 elementor-widget elementor-widget-text-editor\" data-id=\"bf06162\" data-element_type=\"widget\" data-e-type=\"widget\" data-widget_type=\"text-editor.default\">\n\t\t\t\t\t\t\t\t\t<p><span style=\"color: var( --e-global-color-text );\">Las primeras se\u00f1ales de poblaci\u00f3n permanente en el \u00e1rea del Mirador datan del a\u00f1o 1000 antes de Cristo. Sin embargo se han detectado rastros que elevan esa antig\u00fcedad hasta el a\u00f1o 2,400 antes de Cristo.<\/span><\/p><p><span style=\"color: var( --e-global-color-text );\">Aproximadamente en el a\u00f1o 300 antes de Cristo, El Mirador, alcanz\u00f3 su mayor esplendor, manifestado en el inicio de la construcci\u00f3n de La Danta, nombre dado por los arque\u00f3logos. Tambi\u00e9n existen otras pir\u00e1mides enormes, como El Tigre.\u00a0<\/span><\/p><p><span style=\"color: var( --e-global-color-text );\">Es muy probable que este gran desarrollo se diera por la cercan\u00eda de &#8220;aguadas&#8221; es decir, dep\u00f3sitos de agua de lluvia, con vegetaci\u00f3n que ayudaba a conservar la disponibilidad.\u00a0<\/span><\/p>\t\t\t\t\t\t\t\t<\/div>\n\t\t\t\t\t<\/div>\n\t\t<\/div>\n\t\t\t\t\t<\/div>\n\t\t<\/section>\n\t\t\t\t<section data-particle_enable=\"false\" data-particle-mobile-disabled=\"false\" class=\"elementor-section elementor-top-section elementor-element elementor-element-8bae6e7 elementor-section-boxed elementor-section-height-default elementor-section-height-default\" data-id=\"8bae6e7\" data-element_type=\"section\" data-e-type=\"section\">\n\t\t\t\t\t\t<div class=\"elementor-container elementor-column-gap-default\">\n\t\t\t\t\t<div class=\"elementor-column elementor-col-100 elementor-top-column elementor-element elementor-element-e1939ec\" data-id=\"e1939ec\" data-element_type=\"column\" data-e-type=\"column\">\n\t\t\t<div class=\"elementor-widget-wrap elementor-element-populated\">\n\t\t\t\t\t\t<div class=\"elementor-element elementor-element-fcc478d elementor-widget elementor-widget-image\" data-id=\"fcc478d\" data-element_type=\"widget\" data-e-type=\"widget\" data-widget_type=\"image.default\">\n\t\t\t\t\t\t\t\t\t\t\t\t<figure class=\"wp-caption\">\n\t\t\t\t\t\t\t\t\t\t<img decoding=\"async\" width=\"930\" height=\"685\" src=\"https:\/\/soymigrante.com\/revista\/wp-content\/uploads\/2024\/06\/Captura-de-pantalla-2024-06-03-173653.webp\" class=\"attachment-large size-large wp-image-6813\" alt=\"Estaci\u00f3n de topograf\u00eda y mapas digitales de relieve en paisaje monta\u00f1oso con etiquetas de puntos de inter\u00e9s y perfil de elevaci\u00f3n del terreno.\" srcset=\"https:\/\/soymigrante.com\/revista\/wp-content\/uploads\/2024\/06\/Captura-de-pantalla-2024-06-03-173653.webp 930w, https:\/\/soymigrante.com\/revista\/wp-content\/uploads\/2024\/06\/Captura-de-pantalla-2024-06-03-173653-300x221.webp 300w, https:\/\/soymigrante.com\/revista\/wp-content\/uploads\/2024\/06\/Captura-de-pantalla-2024-06-03-173653-768x566.webp 768w, https:\/\/soymigrante.com\/revista\/wp-content\/uploads\/2024\/06\/Captura-de-pantalla-2024-06-03-173653-750x552.webp 750w\" sizes=\"(max-width: 930px) 100vw, 930px\" title=\"En esta vista, lograda mediante la visualizaci\u00f3n de radar Lidar, se puede apreciar al fondo el \u00e1rea de poblados y pir\u00e1mides. Destacan las pir\u00e1mides La Danta y Tigre. En la parte de abajo hay una &quot;planicie&quot;  en la que se distingue la represa de agua, para asegurar el abasto. El esquema de abajo muestra su profundidad. \u2013 SoyMigrante.com REVISTA\" \/>\t\t\t\t\t\t\t\t\t\t\t<figcaption class=\"widget-image-caption wp-caption-text\">Mapa digital de relieve en paisaje monta\u00f1oso con etiquetas de puntos clave como Tigre, Causeway, La Danta y laJarilla Rsvr, mostrando perfil de elevaci\u00f3n y vista en 3D para estudios geogr\u00e1ficos y medioambientales.<\/figcaption>\n\t\t\t\t\t\t\t\t\t\t<\/figure>\n\t\t\t\t\t\t\t\t\t<\/div>\n\t\t\t\t\t<\/div>\n\t\t<\/div>\n\t\t\t\t\t<\/div>\n\t\t<\/section>\n\t\t\t\t<section data-particle_enable=\"false\" data-particle-mobile-disabled=\"false\" class=\"elementor-section elementor-top-section elementor-element elementor-element-d8e0da2 elementor-section-boxed elementor-section-height-default elementor-section-height-default\" data-id=\"d8e0da2\" data-element_type=\"section\" data-e-type=\"section\">\n\t\t\t\t\t\t<div class=\"elementor-container elementor-column-gap-default\">\n\t\t\t\t\t<div class=\"elementor-column elementor-col-100 elementor-top-column elementor-element elementor-element-c8be058\" data-id=\"c8be058\" data-element_type=\"column\" data-e-type=\"column\">\n\t\t\t<div class=\"elementor-widget-wrap elementor-element-populated\">\n\t\t\t\t\t\t<div class=\"elementor-element elementor-element-de40976 elementor-widget elementor-widget-heading\" data-id=\"de40976\" data-element_type=\"widget\" data-e-type=\"widget\" data-widget_type=\"heading.default\">\n\t\t\t\t\t<h2 class=\"elementor-heading-title elementor-size-default\">2. Era un Estado altamente organizado<\/h2>\t\t\t\t<\/div>\n\t\t\t\t\t<\/div>\n\t\t<\/div>\n\t\t\t\t\t<\/div>\n\t\t<\/section>\n\t\t\t\t<section data-particle_enable=\"false\" data-particle-mobile-disabled=\"false\" class=\"elementor-section elementor-top-section elementor-element elementor-element-5c85c24 elementor-section-boxed elementor-section-height-default elementor-section-height-default\" data-id=\"5c85c24\" data-element_type=\"section\" data-e-type=\"section\">\n\t\t\t\t\t\t<div class=\"elementor-container elementor-column-gap-default\">\n\t\t\t\t\t<div class=\"elementor-column elementor-col-100 elementor-top-column elementor-element elementor-element-9cbc3cc\" data-id=\"9cbc3cc\" data-element_type=\"column\" data-e-type=\"column\">\n\t\t\t<div class=\"elementor-widget-wrap elementor-element-populated\">\n\t\t\t\t\t\t<div class=\"elementor-element elementor-element-cd72c57 elementor-widget elementor-widget-text-editor\" data-id=\"cd72c57\" data-element_type=\"widget\" data-e-type=\"widget\" data-widget_type=\"text-editor.default\">\n\t\t\t\t\t\t\t\t\t<p>El Mirador fue la primera Ciudad Estado del continente, eso quiere decir que ten\u00edan una fuerte organizaci\u00f3n. Solo as\u00ed se explican las complejas obras de ingenier\u00eda civil que desarrollaron, los avances agr\u00edcolas y la larga duraci\u00f3n de este sitio.<\/p><p><span style=\"color: var( --e-global-color-text );\">Seg\u00fan lo ha documentado el arque\u00f3logo Richard Hansen, El Mirador estaba conectado con otras ciudades cercanas, como Tintal, por calzadas de hasta seis metros de ancho, pavimentadas con material calizo.\u00a0<\/span><\/p><p><span style=\"color: var( --e-global-color-text );\">Estas v\u00edas lograron ser vistas a trav\u00e9s de fotograf\u00edas con el sistema Lidar: un radar que penetra el suelo y descubre lo que hay debajo. All\u00ed es donde se notaron las largas calzadas entre las plazas. De nuevo, la construcci\u00f3n de tales obras requer\u00eda de una eficiente organizaci\u00f3n y de muchos recursos econ\u00f3micos.<\/span><\/p>\t\t\t\t\t\t\t\t<\/div>\n\t\t\t\t\t<\/div>\n\t\t<\/div>\n\t\t\t\t\t<\/div>\n\t\t<\/section>\n\t\t\t\t<section data-particle_enable=\"false\" data-particle-mobile-disabled=\"false\" class=\"elementor-section elementor-top-section elementor-element elementor-element-0d97efb elementor-section-boxed elementor-section-height-default elementor-section-height-default\" data-id=\"0d97efb\" data-element_type=\"section\" data-e-type=\"section\">\n\t\t\t\t\t\t<div class=\"elementor-container elementor-column-gap-default\">\n\t\t\t\t\t<div class=\"elementor-column elementor-col-100 elementor-top-column elementor-element elementor-element-577419a\" data-id=\"577419a\" data-element_type=\"column\" data-e-type=\"column\">\n\t\t\t<div class=\"elementor-widget-wrap elementor-element-populated\">\n\t\t\t\t\t\t<div class=\"elementor-element elementor-element-62698f9 elementor-widget elementor-widget-image\" data-id=\"62698f9\" data-element_type=\"widget\" data-e-type=\"widget\" data-widget_type=\"image.default\">\n\t\t\t\t\t\t\t\t\t\t\t\t<figure class=\"wp-caption\">\n\t\t\t\t\t\t\t\t\t\t<img decoding=\"async\" width=\"1024\" height=\"689\" src=\"https:\/\/soymigrante.com\/revista\/wp-content\/uploads\/2024\/06\/Captura-de-pantalla-2024-06-03-173232-1024x689.webp\" class=\"attachment-large size-large wp-image-6814\" alt=\"Mapa de sitios arqueol\u00f3gicos y danzas tradicionales en El Salvador, destacando El Mirador y sitios como Las Ardillas, Los Faisanes y Yaxche, resaltando su valor cultural y patrimonial.\" srcset=\"https:\/\/soymigrante.com\/revista\/wp-content\/uploads\/2024\/06\/Captura-de-pantalla-2024-06-03-173232-1024x689.webp 1024w, https:\/\/soymigrante.com\/revista\/wp-content\/uploads\/2024\/06\/Captura-de-pantalla-2024-06-03-173232-300x202.webp 300w, https:\/\/soymigrante.com\/revista\/wp-content\/uploads\/2024\/06\/Captura-de-pantalla-2024-06-03-173232-768x516.webp 768w, https:\/\/soymigrante.com\/revista\/wp-content\/uploads\/2024\/06\/Captura-de-pantalla-2024-06-03-173232-750x504.webp 750w, https:\/\/soymigrante.com\/revista\/wp-content\/uploads\/2024\/06\/Captura-de-pantalla-2024-06-03-173232.webp 1096w\" sizes=\"(max-width: 1024px) 100vw, 1024px\" title=\"El Mirador estaba conectado con ciudades  (circunvecinas a trav\u00e9s de autopistas de seis metros de ancho, hechas con material calizo. Son las l\u00edneas blancas que se aprecian en este mapa presentado en un informe del arque\u00f3logo Richard Hansen y equipo. \u2013 SoyMigrante.com REVISTA\" \/>\t\t\t\t\t\t\t\t\t\t\t<figcaption class=\"widget-image-caption wp-caption-text\">Detalle en mapa de El Mirador y sitios arqueol\u00f3gicos en El Salvador, con enfoque en patrimonio cultural, arqueolog\u00eda y turismo hist\u00f3rico.<\/figcaption>\n\t\t\t\t\t\t\t\t\t\t<\/figure>\n\t\t\t\t\t\t\t\t\t<\/div>\n\t\t\t\t\t<\/div>\n\t\t<\/div>\n\t\t\t\t\t<\/div>\n\t\t<\/section>\n\t\t\t\t<section data-particle_enable=\"false\" data-particle-mobile-disabled=\"false\" class=\"elementor-section elementor-top-section elementor-element elementor-element-b61c6cb elementor-section-boxed elementor-section-height-default elementor-section-height-default\" data-id=\"b61c6cb\" data-element_type=\"section\" data-e-type=\"section\">\n\t\t\t\t\t\t<div class=\"elementor-container elementor-column-gap-default\">\n\t\t\t\t\t<div class=\"elementor-column elementor-col-100 elementor-top-column elementor-element elementor-element-f6f6249\" data-id=\"f6f6249\" data-element_type=\"column\" data-e-type=\"column\">\n\t\t\t<div class=\"elementor-widget-wrap elementor-element-populated\">\n\t\t\t\t\t\t<div class=\"elementor-element elementor-element-b9c7bc4 elementor-widget elementor-widget-heading\" data-id=\"b9c7bc4\" data-element_type=\"widget\" data-e-type=\"widget\" data-widget_type=\"heading.default\">\n\t\t\t\t\t<h2 class=\"elementor-heading-title elementor-size-default\">3. Mirador era capital del Reino Kan <\/h2>\t\t\t\t<\/div>\n\t\t\t\t\t<\/div>\n\t\t<\/div>\n\t\t\t\t\t<\/div>\n\t\t<\/section>\n\t\t\t\t<section data-particle_enable=\"false\" data-particle-mobile-disabled=\"false\" class=\"elementor-section elementor-top-section elementor-element elementor-element-5e4bb16 elementor-section-boxed elementor-section-height-default elementor-section-height-default\" data-id=\"5e4bb16\" data-element_type=\"section\" data-e-type=\"section\">\n\t\t\t\t\t\t<div class=\"elementor-container elementor-column-gap-default\">\n\t\t\t\t\t<div class=\"elementor-column elementor-col-100 elementor-top-column elementor-element elementor-element-1e2415a\" data-id=\"1e2415a\" data-element_type=\"column\" data-e-type=\"column\">\n\t\t\t<div class=\"elementor-widget-wrap elementor-element-populated\">\n\t\t\t\t\t\t<div class=\"elementor-element elementor-element-7abde4e elementor-widget elementor-widget-text-editor\" data-id=\"7abde4e\" data-element_type=\"widget\" data-e-type=\"widget\" data-widget_type=\"text-editor.default\">\n\t\t\t\t\t\t\t\t\t<p><span style=\"color: var( --e-global-color-text );\">\u00a0En el momento de esplendor del Mirador, era la capital del reino Kan, el cual ten\u00eda rivalidad con otra ciudad, llamada Calakmul, que hoy se encuentra en territorio mexxicano. Se desconoce por qu\u00e9 fue tan acelerado el abandono de Mirador. Despu\u00e9s de un per\u00edodo de gran desarrollo entre el a\u00f1o 500 A.C. y 300 A.C., en el a\u00f1o 150 se detuvo toda construcci\u00f3n.<\/span><\/p>\t\t\t\t\t\t\t\t<\/div>\n\t\t\t\t\t<\/div>\n\t\t<\/div>\n\t\t\t\t\t<\/div>\n\t\t<\/section>\n\t\t\t\t<section data-particle_enable=\"false\" data-particle-mobile-disabled=\"false\" class=\"elementor-section elementor-top-section elementor-element elementor-element-54c8a3d elementor-section-boxed elementor-section-height-default elementor-section-height-default\" data-id=\"54c8a3d\" data-element_type=\"section\" data-e-type=\"section\">\n\t\t\t\t\t\t<div class=\"elementor-container elementor-column-gap-default\">\n\t\t\t\t\t<div class=\"elementor-column elementor-col-100 elementor-top-column elementor-element elementor-element-3c0dfb5\" data-id=\"3c0dfb5\" data-element_type=\"column\" data-e-type=\"column\">\n\t\t\t<div class=\"elementor-widget-wrap elementor-element-populated\">\n\t\t\t\t\t\t<div class=\"elementor-element elementor-element-17d1f99 elementor-widget elementor-widget-video\" data-id=\"17d1f99\" data-element_type=\"widget\" data-e-type=\"widget\" data-settings=\"{&quot;youtube_url&quot;:&quot;https:\\\/\\\/www.youtube.com\\\/watch?v=VgHR7b_OtmE&quot;,&quot;video_type&quot;:&quot;youtube&quot;,&quot;controls&quot;:&quot;yes&quot;}\" data-widget_type=\"video.default\">\n\t\t\t\t\t\t\t<div class=\"elementor-wrapper elementor-open-inline\">\n\t\t\t<div class=\"elementor-video\"><\/div>\t\t<\/div>\n\t\t\t\t\t\t<\/div>\n\t\t\t\t\t<\/div>\n\t\t<\/div>\n\t\t\t\t\t<\/div>\n\t\t<\/section>\n\t\t\t\t<section data-particle_enable=\"false\" data-particle-mobile-disabled=\"false\" class=\"elementor-section elementor-top-section elementor-element elementor-element-5a7c23e elementor-section-boxed elementor-section-height-default elementor-section-height-default\" data-id=\"5a7c23e\" data-element_type=\"section\" data-e-type=\"section\">\n\t\t\t\t\t\t<div class=\"elementor-container elementor-column-gap-default\">\n\t\t\t\t\t<div class=\"elementor-column elementor-col-100 elementor-top-column elementor-element elementor-element-d831907\" data-id=\"d831907\" data-element_type=\"column\" data-e-type=\"column\">\n\t\t\t<div class=\"elementor-widget-wrap elementor-element-populated\">\n\t\t\t\t\t\t<div class=\"elementor-element elementor-element-9d3f83c elementor-widget elementor-widget-heading\" data-id=\"9d3f83c\" data-element_type=\"widget\" data-e-type=\"widget\" data-widget_type=\"heading.default\">\n\t\t\t\t\t<h2 class=\"elementor-heading-title elementor-size-default\">4. Megapir\u00e1mide de 300 x 600 metros<\/h2>\t\t\t\t<\/div>\n\t\t\t\t\t<\/div>\n\t\t<\/div>\n\t\t\t\t\t<\/div>\n\t\t<\/section>\n\t\t\t\t<section data-particle_enable=\"false\" data-particle-mobile-disabled=\"false\" class=\"elementor-section elementor-top-section elementor-element elementor-element-7c8bcaf elementor-section-boxed elementor-section-height-default elementor-section-height-default\" data-id=\"7c8bcaf\" data-element_type=\"section\" data-e-type=\"section\">\n\t\t\t\t\t\t<div class=\"elementor-container elementor-column-gap-default\">\n\t\t\t\t\t<div class=\"elementor-column elementor-col-100 elementor-top-column elementor-element elementor-element-246f737\" data-id=\"246f737\" data-element_type=\"column\" data-e-type=\"column\">\n\t\t\t<div class=\"elementor-widget-wrap elementor-element-populated\">\n\t\t\t\t\t\t<div class=\"elementor-element elementor-element-2792d46 elementor-widget elementor-widget-text-editor\" data-id=\"2792d46\" data-element_type=\"widget\" data-e-type=\"widget\" data-widget_type=\"text-editor.default\">\n\t\t\t\t\t\t\t\t\t<p><span style=\"color: var( --e-global-color-text );\">La pir\u00e1mide de La Danta ten\u00eda una plataforma sobre la cual hab\u00eda otras pir\u00e1mides, pero se le considera una sola estructura.\u00a0<\/span><\/p><p><span style=\"color: var( --e-global-color-text );\">Se han medido los restos y tiene 314 metros de frente y 600 metros de fondo. Su parte m\u00e1s alta actual tiene 72 metros. Nunca m\u00e1s en la civilizaci\u00f3n maya volvi\u00f3 a construirse otra estructura de ese tama\u00f1o.<\/span><span style=\"color: var( --e-global-color-text );\">\u00a0<\/span><\/p>\t\t\t\t\t\t\t\t<\/div>\n\t\t\t\t\t<\/div>\n\t\t<\/div>\n\t\t\t\t\t<\/div>\n\t\t<\/section>\n\t\t<div data-particle_enable=\"false\" data-particle-mobile-disabled=\"false\" class=\"elementor-element elementor-element-d45fc8d e-flex e-con-boxed e-con e-parent\" data-id=\"d45fc8d\" data-element_type=\"container\" data-e-type=\"container\">\n\t\t\t\t\t<div class=\"e-con-inner\">\n\t\t\t\t<div class=\"elementor-element elementor-element-fc42f17 elementor-widget elementor-widget-html\" data-id=\"fc42f17\" data-element_type=\"widget\" data-e-type=\"widget\" data-widget_type=\"html.default\">\n\t\t\t\t\t<iframe width=\"560\" height=\"315\" src=\"https:\/\/www.youtube.com\/embed\/Ay-O90z_Jno?si=WndEbpiUi8LCu_Kd&amp;start=9\" title=\"YouTube video player\" frameborder=\"0\" allow=\"accelerometer; autoplay; clipboard-write; encrypted-media; gyroscope; picture-in-picture; web-share\" referrerpolicy=\"strict-origin-when-cross-origin\" allowfullscreen><\/iframe>\t\t\t\t<\/div>\n\t\t\t\t\t<\/div>\n\t\t\t\t<\/div>\n\t\t\t\t<section data-particle_enable=\"false\" data-particle-mobile-disabled=\"false\" class=\"elementor-section elementor-top-section elementor-element elementor-element-53a3351 elementor-section-boxed elementor-section-height-default elementor-section-height-default\" data-id=\"53a3351\" data-element_type=\"section\" data-e-type=\"section\">\n\t\t\t\t\t\t<div class=\"elementor-container elementor-column-gap-default\">\n\t\t\t\t\t<div class=\"elementor-column elementor-col-100 elementor-top-column elementor-element elementor-element-2bf4291\" data-id=\"2bf4291\" data-element_type=\"column\" data-e-type=\"column\">\n\t\t\t<div class=\"elementor-widget-wrap elementor-element-populated\">\n\t\t\t\t\t\t<div class=\"elementor-element elementor-element-650815d elementor-widget elementor-widget-heading\" data-id=\"650815d\" data-element_type=\"widget\" data-e-type=\"widget\" data-widget_type=\"heading.default\">\n\t\t\t\t\t<h2 class=\"elementor-heading-title elementor-size-default\">5. Un siglo de su descubrimiento<\/h2>\t\t\t\t<\/div>\n\t\t\t\t\t<\/div>\n\t\t<\/div>\n\t\t\t\t\t<\/div>\n\t\t<\/section>\n\t\t\t\t<section data-particle_enable=\"false\" data-particle-mobile-disabled=\"false\" class=\"elementor-section elementor-top-section elementor-element elementor-element-dea2a97 elementor-section-boxed elementor-section-height-default elementor-section-height-default\" data-id=\"dea2a97\" data-element_type=\"section\" data-e-type=\"section\">\n\t\t\t\t\t\t<div class=\"elementor-container elementor-column-gap-default\">\n\t\t\t\t\t<div class=\"elementor-column elementor-col-100 elementor-top-column elementor-element elementor-element-216a77f\" data-id=\"216a77f\" data-element_type=\"column\" data-e-type=\"column\">\n\t\t\t<div class=\"elementor-widget-wrap elementor-element-populated\">\n\t\t\t\t\t\t<div class=\"elementor-element elementor-element-a40dbb9 elementor-widget elementor-widget-text-editor\" data-id=\"a40dbb9\" data-element_type=\"widget\" data-e-type=\"widget\" data-widget_type=\"text-editor.default\">\n\t\t\t\t\t\t\t\t\t<p><span style=\"color: var( --e-global-color-text );\">Tras su abandono hace 2 mil a\u00f1os, la selva cubri\u00f3 toda la ciudad de Mirador y sus vecinas. No fue sino hasta el a\u00f1o 1926 en que extractores de chicle petenero reportaron el hallazgo de restos arqueol\u00f3gicos.\u00a0<\/span><\/p><p><span style=\"color: var( --e-global-color-text );\">Por mucho tiempo se consider\u00f3 que la elevaci\u00f3n del suelo ten\u00eda una causa natural, pero en realidad se deb\u00eda a las\u00a0 inmensas pir\u00e1mides, calzadas y plazas ocultas por la selva. La exploraci\u00f3n de Mirador empez\u00f3 en la d\u00e9cada 1980, pero no fue hasta 1989 que oficialmente Richard Hansen se hizo cargo del Proyecto Mirador.\u00a0<\/span><\/p><p><span style=\"color: var( --e-global-color-text );\">Todos los materiales y vestigios son investigados por cient\u00edficos y luego entregados a las autoridades guatemaltecas, asegura Hansen.<\/span><\/p>\t\t\t\t\t\t\t\t<\/div>\n\t\t\t\t\t<\/div>\n\t\t<\/div>\n\t\t\t\t\t<\/div>\n\t\t<\/section>\n\t\t\t\t<section data-particle_enable=\"false\" data-particle-mobile-disabled=\"false\" class=\"elementor-section elementor-top-section elementor-element elementor-element-8126e43 elementor-section-boxed elementor-section-height-default elementor-section-height-default\" data-id=\"8126e43\" data-element_type=\"section\" data-e-type=\"section\">\n\t\t\t\t\t\t<div class=\"elementor-container elementor-column-gap-default\">\n\t\t\t\t\t<div class=\"elementor-column elementor-col-100 elementor-top-column elementor-element elementor-element-28b37d2\" data-id=\"28b37d2\" data-element_type=\"column\" data-e-type=\"column\">\n\t\t\t<div class=\"elementor-widget-wrap elementor-element-populated\">\n\t\t\t\t\t\t<div class=\"elementor-element elementor-element-8c86198 elementor-widget elementor-widget-image\" data-id=\"8c86198\" data-element_type=\"widget\" data-e-type=\"widget\" data-widget_type=\"image.default\">\n\t\t\t\t\t\t\t\t\t\t\t\t<figure class=\"wp-caption\">\n\t\t\t\t\t\t\t\t\t\t<img loading=\"lazy\" decoding=\"async\" width=\"602\" height=\"727\" src=\"https:\/\/soymigrante.com\/revista\/wp-content\/uploads\/2024\/06\/richard-hansen.webp\" class=\"attachment-large size-large wp-image-6815\" alt=\"Anciano en ruinas arqueol\u00f3gicas en medio de la selva con escaleras de piedra y estructuras antiguas en un entorno natural exuberante.\" srcset=\"https:\/\/soymigrante.com\/revista\/wp-content\/uploads\/2024\/06\/richard-hansen.webp 602w, https:\/\/soymigrante.com\/revista\/wp-content\/uploads\/2024\/06\/richard-hansen-248x300.webp 248w\" sizes=\"(max-width: 602px) 100vw, 602px\" title=\"El arque\u00f3logo estadounidense Richard Hansen ha dirigido la exploraci\u00f3n de El Mirador desde 1989 y lucha porque este sitio sea restaurado al nivel de Tikal, para que se convierta en faro de cultural, fuente de recursos por ecoturismo y para promover la conservaci\u00f3n de la Bi\u00f3sfera Maya. \u2013 SoyMigrante.com REVISTA\" \/>\t\t\t\t\t\t\t\t\t\t\t<figcaption class=\"widget-image-caption wp-caption-text\">Ruinas arqueol\u00f3gicas en la selva con escalera de piedra y estructura antigua, destacando historia y naturaleza.<\/figcaption>\n\t\t\t\t\t\t\t\t\t\t<\/figure>\n\t\t\t\t\t\t\t\t\t<\/div>\n\t\t\t\t\t<\/div>\n\t\t<\/div>\n\t\t\t\t\t<\/div>\n\t\t<\/section>\n\t\t\t\t<section data-particle_enable=\"false\" data-particle-mobile-disabled=\"false\" class=\"elementor-section elementor-top-section elementor-element elementor-element-418fc42 elementor-section-boxed elementor-section-height-default elementor-section-height-default\" data-id=\"418fc42\" data-element_type=\"section\" data-e-type=\"section\">\n\t\t\t\t\t\t<div class=\"elementor-container elementor-column-gap-default\">\n\t\t\t\t\t<div class=\"elementor-column elementor-col-100 elementor-top-column elementor-element elementor-element-9124656\" data-id=\"9124656\" data-element_type=\"column\" data-e-type=\"column\">\n\t\t\t<div class=\"elementor-widget-wrap elementor-element-populated\">\n\t\t\t\t\t\t<div class=\"elementor-element elementor-element-aa7618c elementor-widget elementor-widget-heading\" data-id=\"aa7618c\" data-element_type=\"widget\" data-e-type=\"widget\" data-widget_type=\"heading.default\">\n\t\t\t\t\t<h2 class=\"elementor-heading-title elementor-size-default\">6. Lecci\u00f3n antigua para el presente: el fin de Mirador fue por un colapso ecol\u00f3gico<\/h2>\t\t\t\t<\/div>\n\t\t\t\t\t<\/div>\n\t\t<\/div>\n\t\t\t\t\t<\/div>\n\t\t<\/section>\n\t\t\t\t<section data-particle_enable=\"false\" data-particle-mobile-disabled=\"false\" class=\"elementor-section elementor-top-section elementor-element elementor-element-9032a41 elementor-section-boxed elementor-section-height-default elementor-section-height-default\" data-id=\"9032a41\" data-element_type=\"section\" data-e-type=\"section\">\n\t\t\t\t\t\t<div class=\"elementor-container elementor-column-gap-default\">\n\t\t\t\t\t<div class=\"elementor-column elementor-col-100 elementor-top-column elementor-element elementor-element-16fd0b1\" data-id=\"16fd0b1\" data-element_type=\"column\" data-e-type=\"column\">\n\t\t\t<div class=\"elementor-widget-wrap elementor-element-populated\">\n\t\t\t\t\t\t<div class=\"elementor-element elementor-element-c11b193 elementor-widget elementor-widget-text-editor\" data-id=\"c11b193\" data-element_type=\"widget\" data-e-type=\"widget\" data-widget_type=\"text-editor.default\">\n\t\t\t\t\t\t\t\t\t<p><span style=\"color: var( --e-global-color-text );\">Aunque a menudo se atribuye el abandono de Mirador a las guerras con Calakmul y a una posible derrota, lo l\u00f3gico es que hubiera sido ocupada posteriormente por los ganadores. As\u00ed que esto lleva al arque\u00f3logo Hansen a trazar otra teor\u00eda: la construcci\u00f3n de gigantescas pir\u00e1mides y de enormes calzadas, todo a base de piedra caliza, implica que se necesitaron grandes cantidades de le\u00f1a y ello a su vez quer\u00eda decir que hubo una tala excesiva de \u00e1rboles.<\/span><\/p><p>Los suelos de las tierras bajas de Pet\u00e9n no son de vocaci\u00f3n agr\u00edcola sino forestal. Cuando las lluvias se escasearon por la deforestaci\u00f3n y las siembras dejaron de producir, el reino Kan decay\u00f3.<\/p>\t\t\t\t\t\t\t\t<\/div>\n\t\t\t\t\t<\/div>\n\t\t<\/div>\n\t\t\t\t\t<\/div>\n\t\t<\/section>\n\t\t\t\t<section data-particle_enable=\"false\" data-particle-mobile-disabled=\"false\" class=\"elementor-section elementor-top-section elementor-element elementor-element-50b23a4 elementor-section-boxed elementor-section-height-default elementor-section-height-default\" data-id=\"50b23a4\" data-element_type=\"section\" data-e-type=\"section\">\n\t\t\t\t\t\t<div class=\"elementor-container elementor-column-gap-default\">\n\t\t\t\t\t<div class=\"elementor-column elementor-col-100 elementor-top-column elementor-element elementor-element-500f976\" data-id=\"500f976\" data-element_type=\"column\" data-e-type=\"column\">\n\t\t\t<div class=\"elementor-widget-wrap elementor-element-populated\">\n\t\t\t\t\t\t<div class=\"elementor-element elementor-element-b675c2c elementor-widget elementor-widget-image\" data-id=\"b675c2c\" data-element_type=\"widget\" data-e-type=\"widget\" data-widget_type=\"image.default\">\n\t\t\t\t\t\t\t\t\t\t\t\t<figure class=\"wp-caption\">\n\t\t\t\t\t\t\t\t\t\t<img loading=\"lazy\" decoding=\"async\" width=\"1024\" height=\"766\" src=\"https:\/\/soymigrante.com\/revista\/wp-content\/uploads\/2024\/06\/Captura-de-pantalla-2024-06-03-155741-1024x766.webp\" class=\"attachment-large size-large wp-image-6816\" alt=\"Bosque tropical denso con antigua estructura maya visible en la cima, rodeada de vegetaci\u00f3n verde, bajo cielo parcialmente nublado, en una imagen que destaca la biodiversidad y cultura de M\u00e9xico.\" srcset=\"https:\/\/soymigrante.com\/revista\/wp-content\/uploads\/2024\/06\/Captura-de-pantalla-2024-06-03-155741-1024x766.webp 1024w, https:\/\/soymigrante.com\/revista\/wp-content\/uploads\/2024\/06\/Captura-de-pantalla-2024-06-03-155741-300x224.webp 300w, https:\/\/soymigrante.com\/revista\/wp-content\/uploads\/2024\/06\/Captura-de-pantalla-2024-06-03-155741-768x574.webp 768w, https:\/\/soymigrante.com\/revista\/wp-content\/uploads\/2024\/06\/Captura-de-pantalla-2024-06-03-155741-750x561.webp 750w, https:\/\/soymigrante.com\/revista\/wp-content\/uploads\/2024\/06\/Captura-de-pantalla-2024-06-03-155741-1140x853.webp 1140w, https:\/\/soymigrante.com\/revista\/wp-content\/uploads\/2024\/06\/Captura-de-pantalla-2024-06-03-155741.webp 1190w\" sizes=\"(max-width: 1024px) 100vw, 1024px\" title=\"El Mirador puede ser un nuevo Parque Tikal si se toman ya las medidas de protecci\u00f3n, restauraci\u00f3n y conservaci\u00f3n. (Foto archivo Richard Hansen) \u2013 SoyMigrante.com REVISTA\" \/>\t\t\t\t\t\t\t\t\t\t\t<figcaption class=\"widget-image-caption wp-caption-text\">Majestuoso paisaje selv\u00e1tico en la regi\u00f3n maya, destacando la importancia de la conservaci\u00f3n de la biodiversidad y la historia ancestral de la cultura maya en M\u00e9xico y Am\u00e9rica Central.<\/figcaption>\n\t\t\t\t\t\t\t\t\t\t<\/figure>\n\t\t\t\t\t\t\t\t\t<\/div>\n\t\t\t\t\t<\/div>\n\t\t<\/div>\n\t\t\t\t\t<\/div>\n\t\t<\/section>\n\t\t\t\t<section data-particle_enable=\"false\" data-particle-mobile-disabled=\"false\" class=\"elementor-section elementor-top-section elementor-element elementor-element-f0f1f2d elementor-section-boxed elementor-section-height-default elementor-section-height-default\" data-id=\"f0f1f2d\" data-element_type=\"section\" data-e-type=\"section\">\n\t\t\t\t\t\t<div class=\"elementor-container elementor-column-gap-default\">\n\t\t\t\t\t<div class=\"elementor-column elementor-col-100 elementor-top-column elementor-element elementor-element-5fdf926\" data-id=\"5fdf926\" data-element_type=\"column\" data-e-type=\"column\">\n\t\t\t<div class=\"elementor-widget-wrap elementor-element-populated\">\n\t\t\t\t\t\t<div class=\"elementor-element elementor-element-212dafc elementor-widget elementor-widget-heading\" data-id=\"212dafc\" data-element_type=\"widget\" data-e-type=\"widget\" data-widget_type=\"heading.default\">\n\t\t\t\t\t<h2 class=\"elementor-heading-title elementor-size-default\">7. La Danta de El Mirador est\u00e1n en el \u00faltimo pulm\u00f3n de Mesoam\u00e9rica<\/h2>\t\t\t\t<\/div>\n\t\t\t\t\t<\/div>\n\t\t<\/div>\n\t\t\t\t\t<\/div>\n\t\t<\/section>\n\t\t\t\t<section data-particle_enable=\"false\" data-particle-mobile-disabled=\"false\" class=\"elementor-section elementor-top-section elementor-element elementor-element-c7c467a elementor-section-boxed elementor-section-height-default elementor-section-height-default\" data-id=\"c7c467a\" data-element_type=\"section\" data-e-type=\"section\">\n\t\t\t\t\t\t<div class=\"elementor-container elementor-column-gap-default\">\n\t\t\t\t\t<div class=\"elementor-column elementor-col-100 elementor-top-column elementor-element elementor-element-7552030\" data-id=\"7552030\" data-element_type=\"column\" data-e-type=\"column\">\n\t\t\t<div class=\"elementor-widget-wrap elementor-element-populated\">\n\t\t\t\t\t\t<div class=\"elementor-element elementor-element-3ba4384 elementor-widget elementor-widget-text-editor\" data-id=\"3ba4384\" data-element_type=\"widget\" data-e-type=\"widget\" data-widget_type=\"text-editor.default\">\n\t\t\t\t\t\t\t\t\t<p>El Mirador se encuentra dentro de el parque Mirador R\u00edo Azul de la Bi\u00f3sfera Maya, zona protegida y reserva natural del Estado. Sin embargo, cada vez hay m\u00e1s incendios forestales y colonizaci\u00f3n de \u00e1reas cercanas. La propuesta es que se declare Santuario Natural toda la cuenca de El Mirador para que pueda desarrollarse como un moderno parque ecol\u00f3gico, arqueol\u00f3gico y cultural.<\/p><p>&#8220;Tikal atrae hoy a millones de turistas. Pero \u00bfqu\u00e9 habr\u00eda pasado si no lo hubieran protegido y si no lo hubieran restaurado? Mirador es m\u00e1s grande, m\u00e1s antiguo y m\u00e1s monumental. Si se destruye la selva, el dinero que se obtenga durar\u00e1 muy poco. Si se cuida la naturaleza y este tesoro cultural, producir\u00e1 recursos y desarrollo sostenible para las comunidades&#8221;.<\/p><p>Pero hasta hoy, ni el Congreso ni la Presidencia de la Rep\u00fablica han tomado la iniciativa de reforzar la protecci\u00f3n de El Mirador. Y para proteger las estructuras y descubrimientos, los arque\u00f3logos mejor vuelven a enterrar las estructuras, para que las siga preservando el suelo que las conserv\u00f3 por siglos.<\/p><p>\u00a0<\/p>\t\t\t\t\t\t\t\t<\/div>\n\t\t\t\t\t<\/div>\n\t\t<\/div>\n\t\t\t\t\t<\/div>\n\t\t<\/section>\n\t\t\t\t<section data-particle_enable=\"false\" data-particle-mobile-disabled=\"false\" class=\"elementor-section elementor-top-section elementor-element elementor-element-116df3d elementor-section-boxed elementor-section-height-default elementor-section-height-default\" data-id=\"116df3d\" data-element_type=\"section\" data-e-type=\"section\">\n\t\t\t\t\t\t<div class=\"elementor-container elementor-column-gap-default\">\n\t\t\t\t\t<div class=\"elementor-column elementor-col-100 elementor-top-column elementor-element elementor-element-6c01d97\" data-id=\"6c01d97\" data-element_type=\"column\" data-e-type=\"column\">\n\t\t\t<div class=\"elementor-widget-wrap elementor-element-populated\">\n\t\t\t\t\t\t<div class=\"elementor-element elementor-element-e357763 elementor-widget elementor-widget-image\" data-id=\"e357763\" data-element_type=\"widget\" data-e-type=\"widget\" data-widget_type=\"image.default\">\n\t\t\t\t\t\t\t\t\t\t\t\t<figure class=\"wp-caption\">\n\t\t\t\t\t\t\t\t\t\t<img loading=\"lazy\" decoding=\"async\" width=\"885\" height=\"678\" src=\"https:\/\/soymigrante.com\/revista\/wp-content\/uploads\/2024\/06\/mirador-mapa-lidar.webp\" class=\"attachment-large size-large wp-image-6817\" alt=\"El mapa satelital de la regi\u00f3n de Guatemala muestra las rutas principales de migrantes y sitios clave como Tintal, Balamnal, Nakbe y El Mirador en un entorno de colores vibrantes y datos geoespaciales detallados.\" srcset=\"https:\/\/soymigrante.com\/revista\/wp-content\/uploads\/2024\/06\/mirador-mapa-lidar.webp 885w, https:\/\/soymigrante.com\/revista\/wp-content\/uploads\/2024\/06\/mirador-mapa-lidar-300x230.webp 300w, https:\/\/soymigrante.com\/revista\/wp-content\/uploads\/2024\/06\/mirador-mapa-lidar-768x588.webp 768w, https:\/\/soymigrante.com\/revista\/wp-content\/uploads\/2024\/06\/mirador-mapa-lidar-750x575.jpg 750w\" sizes=\"(max-width: 885px) 100vw, 885px\" title=\"Bajo el suelo de la cuenca El Mirador est\u00e1 enterrado un inmenso tesoro. N\u00f3tese d\u00f3nde est\u00e1 El Mirador y sus ciudades vecinas. Pero en toda la cuenca se detectaron pir\u00e1mides y estructuras. Cada tri\u00e1ngulo negro es un vestigio captado por la tecnolog\u00eda Lidar. Muchos a\u00fan no han sido excavados. Por eso es urgente la protecci\u00f3n total de esta zona. Lamentablemente, hay muchos saqueadores de piezas y destructores de la Bi\u00f3sfera Maya. \u2013 SoyMigrante.com REVISTA\" \/>\t\t\t\t\t\t\t\t\t\t\t<figcaption class=\"widget-image-caption wp-caption-text\">Mapa satelital con rutas migratorias en Guatemala, destacando sitios como Tintal, Balamnal, Nakbe y El Mirador en un fondo de colores vibrantes y datos geoespaciales precisos.<\/figcaption>\n\t\t\t\t\t\t\t\t\t\t<\/figure>\n\t\t\t\t\t\t\t\t\t<\/div>\n\t\t\t\t\t<\/div>\n\t\t<\/div>\n\t\t\t\t\t<\/div>\n\t\t<\/section>\n\t\t\t\t<section data-particle_enable=\"false\" data-particle-mobile-disabled=\"false\" class=\"elementor-section elementor-top-section elementor-element elementor-element-b502251 elementor-section-boxed elementor-section-height-default elementor-section-height-default\" data-id=\"b502251\" data-element_type=\"section\" data-e-type=\"section\">\n\t\t\t\t\t\t<div class=\"elementor-container elementor-column-gap-default\">\n\t\t\t\t\t<div class=\"elementor-column elementor-col-100 elementor-top-column elementor-element elementor-element-a107f4e\" data-id=\"a107f4e\" data-element_type=\"column\" data-e-type=\"column\">\n\t\t\t<div class=\"elementor-widget-wrap elementor-element-populated\">\n\t\t\t\t\t\t<div class=\"elementor-element elementor-element-8f8fbbe elementor-widget elementor-widget-heading\" data-id=\"8f8fbbe\" data-element_type=\"widget\" data-e-type=\"widget\" data-widget_type=\"heading.default\">\n\t\t\t\t\t<h2 class=\"elementor-heading-title elementor-size-default\">La cultura maya es hist\u00f3rica y actual<\/h2>\t\t\t\t<\/div>\n\t\t\t\t\t<\/div>\n\t\t<\/div>\n\t\t\t\t\t<\/div>\n\t\t<\/section>\n\t\t\t\t<section data-particle_enable=\"false\" data-particle-mobile-disabled=\"false\" class=\"elementor-section elementor-top-section elementor-element elementor-element-e9fbd8a elementor-section-boxed elementor-section-height-default elementor-section-height-default\" data-id=\"e9fbd8a\" data-element_type=\"section\" data-e-type=\"section\">\n\t\t\t\t\t\t<div class=\"elementor-container elementor-column-gap-default\">\n\t\t\t\t\t<div class=\"elementor-column elementor-col-100 elementor-top-column elementor-element elementor-element-96ff502\" data-id=\"96ff502\" data-element_type=\"column\" data-e-type=\"column\">\n\t\t\t<div class=\"elementor-widget-wrap elementor-element-populated\">\n\t\t\t\t\t\t<div class=\"elementor-element elementor-element-00f2f98 elementor-grid-eael-col-3 elementor-grid-tablet-eael-col-2 elementor-grid-mobile-eael-col-1 elementor-widget elementor-widget-eael-post-grid\" data-id=\"00f2f98\" data-element_type=\"widget\" data-e-type=\"widget\" data-settings=\"{&quot;eael_post_grid_columns&quot;:&quot;eael-col-3&quot;,&quot;eael_post_grid_columns_tablet&quot;:&quot;eael-col-2&quot;,&quot;eael_post_grid_columns_mobile&quot;:&quot;eael-col-1&quot;}\" data-widget_type=\"eael-post-grid.default\">\n\t\t\t\t\t<div id=\"eael-post-grid-00f2f98\" class=\"eael-post-grid-container\">\n            <div class=\"eael-post-grid eael-post-appender eael-post-appender-00f2f98 eael-post-grid-style-one\" data-layout-mode=\"masonry\"><article class=\"eael-grid-post  eael-post-grid-column eael-pg-post-2997 category-exitos\" data-id=\"2997\">\n        <div class=\"eael-grid-post-holder\">\n            <div class=\"eael-grid-post-holder-inner\"><div class=\"eael-entry-media\"><div class=\"eael-entry-overlay fade-in\"><i class=\"fas fa-long-arrow-alt-right\" aria-hidden=\"true\"><\/i><a href=\"https:\/\/soymigrante.com\/revista\/espiritualidad-maya-kaqchiqel-tambien-es-migrante-en-new-jersey\/\"><\/a><\/div><div class=\"eael-entry-thumbnail \">\n                <img loading=\"lazy\" decoding=\"async\" width=\"805\" height=\"558\" src=\"https:\/\/soymigrante.com\/revista\/wp-content\/uploads\/2023\/10\/efren.webp\" class=\"attachment-large size-large wp-image-2999\" alt=\"\" srcset=\"https:\/\/soymigrante.com\/revista\/wp-content\/uploads\/2023\/10\/efren.webp 805w, https:\/\/soymigrante.com\/revista\/wp-content\/uploads\/2023\/10\/efren-300x208.webp 300w, https:\/\/soymigrante.com\/revista\/wp-content\/uploads\/2023\/10\/efren-768x532.webp 768w, https:\/\/soymigrante.com\/revista\/wp-content\/uploads\/2023\/10\/efren-750x520.webp 750w\" sizes=\"(max-width: 805px) 100vw, 805px\" \/>\n            <\/div>\n        <\/div><div class=\"eael-entry-wrapper\"><header class=\"eael-entry-header\"><h2 class=\"eael-entry-title\"><a class=\"eael-grid-post-link\" href=\"https:\/\/soymigrante.com\/revista\/espiritualidad-maya-kaqchiqel-tambien-es-migrante-en-new-jersey\/\" title=\"Espiritualidad maya kaqchikel tambi\u00e9n es migrante en New Jersey junto a Efr\u00e9n Mej\u00eda\">Espiritualidad maya kaqchikel tambi\u00e9n es migrante en New Jersey junto a Efr\u00e9n Mej\u00eda<\/a><\/h2><\/header><\/div><\/div>\n        <\/div>\n    <\/article><article class=\"eael-grid-post  eael-post-grid-column eael-pg-post-1536 category-guate-nuestra\" data-id=\"1536\">\n        <div class=\"eael-grid-post-holder\">\n            <div class=\"eael-grid-post-holder-inner\"><div class=\"eael-entry-media\"><div class=\"eael-entry-overlay fade-in\"><i class=\"fas fa-long-arrow-alt-right\" aria-hidden=\"true\"><\/i><a href=\"https:\/\/soymigrante.com\/revista\/7-datos-que-ya-sabias-o-quiza-no-sobre-el-gran-jaguar-y-tikal\/\"><\/a><\/div><div class=\"eael-entry-thumbnail \">\n                <img loading=\"lazy\" decoding=\"async\" width=\"1024\" height=\"475\" src=\"https:\/\/soymigrante.com\/revista\/wp-content\/uploads\/2023\/06\/Captura-de-pantalla-2023-06-21-143338-1024x475.webp\" class=\"attachment-large size-large wp-image-1538\" alt=\"Tikal: 7 datos que ya sab\u00edas (o quiz\u00e1 no) sobre el Templo I o Gran Jaguar\" srcset=\"https:\/\/soymigrante.com\/revista\/wp-content\/uploads\/2023\/06\/Captura-de-pantalla-2023-06-21-143338-1024x475.webp 1024w, https:\/\/soymigrante.com\/revista\/wp-content\/uploads\/2023\/06\/Captura-de-pantalla-2023-06-21-143338-300x139.webp 300w, https:\/\/soymigrante.com\/revista\/wp-content\/uploads\/2023\/06\/Captura-de-pantalla-2023-06-21-143338-768x356.webp 768w, https:\/\/soymigrante.com\/revista\/wp-content\/uploads\/2023\/06\/Captura-de-pantalla-2023-06-21-143338-750x348.webp 750w, https:\/\/soymigrante.com\/revista\/wp-content\/uploads\/2023\/06\/Captura-de-pantalla-2023-06-21-143338-1140x529.webp 1140w, https:\/\/soymigrante.com\/revista\/wp-content\/uploads\/2023\/06\/Captura-de-pantalla-2023-06-21-143338.webp 1427w\" sizes=\"(max-width: 1024px) 100vw, 1024px\" \/>\n            <\/div>\n        <\/div><div class=\"eael-entry-wrapper\"><header class=\"eael-entry-header\"><h2 class=\"eael-entry-title\"><a class=\"eael-grid-post-link\" href=\"https:\/\/soymigrante.com\/revista\/7-datos-que-ya-sabias-o-quiza-no-sobre-el-gran-jaguar-y-tikal\/\" title=\"Tikal: 7 datos que ya sab\u00edas (o quiz\u00e1 no) sobre el Templo I o Gran Jaguar\">Tikal: 7 datos que ya sab\u00edas (o quiz\u00e1 no) sobre el Templo I o Gran Jaguar<\/a><\/h2><\/header><\/div><\/div>\n        <\/div>\n    <\/article><article class=\"eael-grid-post  eael-post-grid-column eael-pg-post-1084 category-exitos tags-california\" data-id=\"1084\">\n        <div class=\"eael-grid-post-holder\">\n            <div class=\"eael-grid-post-holder-inner\"><div class=\"eael-entry-media\"><div class=\"eael-entry-overlay fade-in\"><i class=\"fas fa-long-arrow-alt-right\" aria-hidden=\"true\"><\/i><a href=\"https:\/\/soymigrante.com\/revista\/nuestro-deber-es-impulsar-nuevos-suenos-raul-monterroso-artista-y-constructor-en-l-a\/\"><\/a><\/div><div class=\"eael-entry-thumbnail \">\n                <img loading=\"lazy\" decoding=\"async\" width=\"719\" height=\"719\" src=\"https:\/\/soymigrante.com\/revista\/wp-content\/uploads\/2023\/05\/senor-con-raul.webp\" class=\"attachment-large size-large wp-image-20784\" alt=\"Cristo crucificado y figuras religiosas en un altar en una presentaci\u00f3n cultural.\" srcset=\"https:\/\/soymigrante.com\/revista\/wp-content\/uploads\/2023\/05\/senor-con-raul.webp 719w, https:\/\/soymigrante.com\/revista\/wp-content\/uploads\/2023\/05\/senor-con-raul-300x300.jpg 300w, https:\/\/soymigrante.com\/revista\/wp-content\/uploads\/2023\/05\/senor-con-raul-150x150.jpg 150w, https:\/\/soymigrante.com\/revista\/wp-content\/uploads\/2023\/05\/senor-con-raul-75x75.webp 75w\" sizes=\"(max-width: 719px) 100vw, 719px\" \/>\n            <\/div>\n        <\/div><div class=\"eael-entry-wrapper\"><header class=\"eael-entry-header\"><h2 class=\"eael-entry-title\"><a class=\"eael-grid-post-link\" href=\"https:\/\/soymigrante.com\/revista\/nuestro-deber-es-impulsar-nuevos-suenos-raul-monterroso-artista-y-constructor-en-l-a\/\" title=\"Artista migrante Ra\u00fal Monterroso  elabora piezas en homenaje a emblemas de Guatemala\">Artista migrante Ra\u00fal Monterroso  elabora piezas en homenaje a emblemas de Guatemala<\/a><\/h2><\/header><\/div><\/div>\n        <\/div>\n    <\/article><\/div>\n            <div class=\"clearfix\"><\/div>\n        <\/div>\t\t\t\t<\/div>\n\t\t\t\t\t<\/div>\n\t\t<\/div>\n\t\t\t\t\t<\/div>\n\t\t<\/section>\n\t\t\t\t<\/div>\n\t\t","protected":false},"excerpt":{"rendered":"<p>La gigantesca pir\u00e1mide La Danta y la antigua ciudad maya de El Mirador en Pet\u00e9n, Guatemala, son s\u00edmbolos de la magnificencia prehisp\u00e1nica: un tesoro cultural, arqueol\u00f3gico y natural que debe ser protegido y conservado. El sitio El Mirador, en el norte de Pet\u00e9n, Guatemala, se encuentra dentro de una cuenca considerada como la Cuna de [&hellip;]<\/p>\n","protected":false},"author":7,"featured_media":6810,"comment_status":"open","ping_status":"open","sticky":false,"template":"","format":"standard","meta":{"_acf_changed":false,"_eb_attr":"","footnotes":""},"categories":[58],"tags":[],"class_list":["post-6808","post","type-post","status-publish","format-standard","has-post-thumbnail","hentry","category-guate-nuestra"],"acf":[],"aioseo_notices":[],"aioseo_head":"\n\t\t<!-- All in One SEO Pro 4.9.6.2 - aioseo.com -->\n\t<meta name=\"description\" content=\"Ra\u00fal Monterroso trabaja en construcci\u00f3n,em \u00d1ps Angeles, pero la escultura es su gran pasi\u00f3n y ha creado r\u00e9plicas de El Gran Jaguar o la Bas\u00edlica de Esquipulas.\" \/>\n\t<meta name=\"robots\" content=\"max-snippet:-1, max-image-preview:large, max-video-preview:-1\" \/>\n\t<meta name=\"author\" content=\"Gustavo Montenegro\"\/>\n\t<link rel=\"canonical\" href=\"https:\/\/soymigrante.com\/revista\/nuestro-deber-es-impulsar-nuevos-suenos-raul-monterroso-artista-y-constructor-en-l-a\/\" \/>\n\t<meta name=\"generator\" content=\"All in One SEO Pro (AIOSEO) 4.9.6.2\" \/>\n\n\t\t<link rel=\"preconnect\" href=\"https:\/\/fonts.googleapis.com\" crossorigin>\n<link rel=\"preconnect\" href=\"https:\/\/fonts.gstatic.com\" crossorigin>\n\t\t<meta property=\"og:locale\" content=\"es_ES\" \/>\n\t\t<meta property=\"og:site_name\" content=\"SoyMigrante.com REVISTA \u2013 Nuestra misi\u00f3n es reconocer y dignificar al migrante.\" \/>\n\t\t<meta property=\"og:type\" content=\"article\" \/>\n\t\t<meta property=\"og:title\" content=\"Artista guatemalteco en Los Angeles crea piezas ic\u00f3nicas\" \/>\n\t\t<meta property=\"og:description\" content=\"Ra\u00fal Monterroso trabaja en construcci\u00f3n,em \u00d1ps Angeles, pero la escultura es su gran pasi\u00f3n y ha creado r\u00e9plicas de El Gran Jaguar o la Bas\u00edlica de Esquipulas.\" \/>\n\t\t<meta property=\"og:url\" content=\"https:\/\/soymigrante.com\/revista\/nuestro-deber-es-impulsar-nuevos-suenos-raul-monterroso-artista-y-constructor-en-l-a\/\" \/>\n\t\t<meta property=\"og:image\" content=\"https:\/\/soymigrante.com\/revista\/wp-content\/uploads\/2023\/05\/senor-con-raul.webp\" \/>\n\t\t<meta property=\"og:image:secure_url\" content=\"https:\/\/soymigrante.com\/revista\/wp-content\/uploads\/2023\/05\/senor-con-raul.webp\" \/>\n\t\t<meta property=\"og:image:width\" content=\"719\" \/>\n\t\t<meta property=\"og:image:height\" content=\"719\" \/>\n\t\t<meta property=\"article:published_time\" content=\"2023-05-29T16:17:59+00:00\" \/>\n\t\t<meta property=\"article:modified_time\" content=\"2026-03-11T22:29:29+00:00\" \/>\n\t\t<meta property=\"article:publisher\" content=\"https:\/\/www.facebook.com\/soymigrantecom\" \/>\n\t\t<meta name=\"twitter:card\" content=\"summary_large_image\" \/>\n\t\t<meta name=\"twitter:site\" content=\"@SoyMigrante_com\" \/>\n\t\t<meta name=\"twitter:title\" content=\"Artista guatemalteco en Los Angeles crea piezas ic\u00f3nicas\" \/>\n\t\t<meta name=\"twitter:description\" content=\"Ra\u00fal Monterroso trabaja en construcci\u00f3n,em \u00d1ps Angeles, pero la escultura es su gran pasi\u00f3n y ha creado r\u00e9plicas de El Gran Jaguar o la Bas\u00edlica de Esquipulas.\" \/>\n\t\t<meta name=\"twitter:creator\" content=\"@SoyMigrante_com\" \/>\n\t\t<meta name=\"twitter:image\" content=\"https:\/\/soymigrante.com\/revista\/wp-content\/uploads\/2023\/05\/senor-con-raul.webp\" \/>\n\t\t<!-- All in One SEO Pro -->\r\n\t\t<title>Artista guatemalteco en Los Angeles crea piezas ic\u00f3nicas<\/title>\n\n","aioseo_head_json":{"title":"Artista guatemalteco en Los Angeles crea piezas ic\u00f3nicas","description":"Ra\u00fal Monterroso trabaja en construcci\u00f3n,em \u00d1ps Angeles, pero la escultura es su gran pasi\u00f3n y ha creado r\u00e9plicas de El Gran Jaguar o la Bas\u00edlica de Esquipulas.","canonical_url":"https:\/\/soymigrante.com\/revista\/nuestro-deber-es-impulsar-nuevos-suenos-raul-monterroso-artista-y-constructor-en-l-a\/","robots":"max-snippet:-1, max-image-preview:large, max-video-preview:-1","keywords":"","webmasterTools":{"miscellaneous":"&lt;link rel=\"preconnect\" href=\"https:\/\/fonts.googleapis.com\" crossorigin&gt;\n&lt;link rel=\"preconnect\" href=\"https:\/\/fonts.gstatic.com\" crossorigin&gt;"},"schema":null,"og:locale":"es_ES","og:site_name":"SoyMigrante.com REVISTA \u2013 Nuestra misi\u00f3n es reconocer y dignificar al migrante.","og:type":"article","og:title":"Artista guatemalteco en Los Angeles crea piezas ic\u00f3nicas","og:description":"Ra\u00fal Monterroso trabaja en construcci\u00f3n,em \u00d1ps Angeles, pero la escultura es su gran pasi\u00f3n y ha creado r\u00e9plicas de El Gran Jaguar o la Bas\u00edlica de Esquipulas.","og:url":"https:\/\/soymigrante.com\/revista\/nuestro-deber-es-impulsar-nuevos-suenos-raul-monterroso-artista-y-constructor-en-l-a\/","og:image":"https:\/\/soymigrante.com\/revista\/wp-content\/uploads\/2023\/05\/senor-con-raul.webp","og:image:secure_url":"https:\/\/soymigrante.com\/revista\/wp-content\/uploads\/2023\/05\/senor-con-raul.webp","og:image:width":719,"og:image:height":719,"article:published_time":"2023-05-29T16:17:59+00:00","article:modified_time":"2026-03-11T22:29:29+00:00","article:publisher":"https:\/\/www.facebook.com\/soymigrantecom","twitter:card":"summary_large_image","twitter:site":"@SoyMigrante_com","twitter:title":"Artista guatemalteco en Los Angeles crea piezas ic\u00f3nicas","twitter:description":"Ra\u00fal Monterroso trabaja en construcci\u00f3n,em \u00d1ps Angeles, pero la escultura es su gran pasi\u00f3n y ha creado r\u00e9plicas de El Gran Jaguar o la Bas\u00edlica de Esquipulas.","twitter:creator":"@SoyMigrante_com","twitter:image":"https:\/\/soymigrante.com\/revista\/wp-content\/uploads\/2023\/05\/senor-con-raul.webp"},"aioseo_meta_data":{"post_id":"6808","title":"La Danta de El Mirador, la mayor pir\u00e1mide del mundo: 7 datos","description":"#post_excerpt Es un s\u00edmbolo de la magnificencia maya preshisp\u00e1nica. La Danta es considerada la pir\u00e1mite m\u00e1s grande del mundo, pero en El Mirador hay mucho m\u00e1s. Conoce m\u00e1s.","keywords":null,"keyphrases":{"focus":{"keyphrase":"La Danta","score":82,"analysis":{"keyphraseInTitle":{"score":9,"maxScore":9,"error":0},"keyphraseInDescription":{"score":9,"maxScore":9,"error":0},"keyphraseLength":{"score":9,"maxScore":9,"error":0,"length":2},"keyphraseInURL":{"score":5,"maxScore":5,"error":0},"keyphraseInIntroduction":{"score":3,"maxScore":9,"error":1},"keyphraseInSubHeadings":{"score":3,"maxScore":9,"error":1},"keyphraseInImageAlt":{"score":9,"maxScore":9,"error":0},"keywordDensity":{"type":"best","score":9,"maxScore":9,"error":0}}},"additional":[{"keyphrase":"El Mirador","score":100,"analysis":{"keyphraseInDescription":{"score":9,"maxScore":9,"error":0},"keyphraseLength":{"score":9,"maxScore":9,"error":0,"length":2},"keyphraseInIntroduction":{"score":9,"maxScore":9,"error":0},"keyphraseInImageAlt":{"score":9,"maxScore":9,"error":0},"keywordDensity":{"type":"best","score":9,"maxScore":9,"error":0}}},{"keyphrase":"Pir\u00e1mide Maya","score":53,"analysis":{"keyphraseInDescription":{"score":3,"maxScore":9,"error":1},"keyphraseLength":{"score":9,"maxScore":9,"error":0,"length":3},"keyphraseInIntroduction":{"score":3,"maxScore":9,"error":1},"keyphraseInImageAlt":{"score":9,"maxScore":9,"error":0},"keywordDensity":{"score":0,"type":"low","maxScore":9,"error":1}}}]},"primary_term":null,"canonical_url":null,"og_title":null,"og_description":null,"og_object_type":"default","og_image_type":"default","og_image_url":null,"og_image_width":null,"og_image_height":null,"og_image_custom_url":null,"og_image_custom_fields":null,"og_video":"","og_custom_url":null,"og_article_section":null,"og_article_tags":null,"twitter_use_og":false,"twitter_card":"default","twitter_image_type":"default","twitter_image_url":null,"twitter_image_custom_url":null,"twitter_image_custom_fields":null,"twitter_title":null,"twitter_description":null,"schema":{"blockGraphs":[],"customGraphs":[],"default":{"data":{"Article":[],"Course":[],"Dataset":[],"FAQPage":[],"Movie":[],"Person":[],"Product":[],"ProductReview":[],"Car":[],"Recipe":[],"Service":[],"SoftwareApplication":[],"WebPage":[]},"graphName":"Article","isEnabled":true},"graphs":[]},"schema_type":"default","schema_type_options":null,"pillar_content":false,"robots_default":true,"robots_noindex":false,"robots_noarchive":false,"robots_nosnippet":false,"robots_nofollow":false,"robots_noimageindex":false,"robots_noodp":false,"robots_notranslate":false,"robots_max_snippet":"-1","robots_max_videopreview":"-1","robots_max_imagepreview":"large","priority":null,"frequency":"default","local_seo":null,"seo_analyzer_scan_date":"2026-02-13 16:02:30","breadcrumb_settings":null,"limit_modified_date":false,"reviewed_by":null,"open_ai":"{\"title\":{\"suggestions\":[],\"usage\":0},\"description\":{\"suggestions\":[],\"usage\":0}}","ai":null,"created":"2024-06-04 00:00:14","updated":"2026-03-06 15:45:34"},"aioseo_breadcrumb":"<div class=\"aioseo-breadcrumbs\"><span class=\"aioseo-breadcrumb\">\n\t<a href=\"https:\/\/soymigrante.com\/revista\" title=\"Home\">Home<\/a>\n<\/span><span class=\"aioseo-breadcrumb-separator\">\u00bb<\/span><span class=\"aioseo-breadcrumb\">\n\t<a href=\"https:\/\/soymigrante.com\/revista\/category\/guate-nuestra\/\" title=\"Guate Nuestra\">Guate Nuestra<\/a>\n<\/span><span class=\"aioseo-breadcrumb-separator\">\u00bb<\/span><span class=\"aioseo-breadcrumb\">\n\tLa Danta de El Mirador, la mayor pir\u00e1mide del mundo: 7 datos\n<\/span><\/div>","aioseo_breadcrumb_json":[{"label":"Home","link":"https:\/\/soymigrante.com\/revista"},{"label":"Guate Nuestra","link":"https:\/\/soymigrante.com\/revista\/category\/guate-nuestra\/"},{"label":"La Danta de El Mirador, la mayor pir\u00e1mide del mundo: 7 datos","link":"https:\/\/soymigrante.com\/revista\/la-danta-de-el-mirador-la-mayor-piramide-del-mundo-7-datos\/"}],"_links":{"self":[{"href":"https:\/\/soymigrante.com\/revista\/wp-json\/wp\/v2\/posts\/6808","targetHints":{"allow":["GET"]}}],"collection":[{"href":"https:\/\/soymigrante.com\/revista\/wp-json\/wp\/v2\/posts"}],"about":[{"href":"https:\/\/soymigrante.com\/revista\/wp-json\/wp\/v2\/types\/post"}],"author":[{"embeddable":true,"href":"https:\/\/soymigrante.com\/revista\/wp-json\/wp\/v2\/users\/7"}],"replies":[{"embeddable":true,"href":"https:\/\/soymigrante.com\/revista\/wp-json\/wp\/v2\/comments?post=6808"}],"version-history":[{"count":6,"href":"https:\/\/soymigrante.com\/revista\/wp-json\/wp\/v2\/posts\/6808\/revisions"}],"predecessor-version":[{"id":52434,"href":"https:\/\/soymigrante.com\/revista\/wp-json\/wp\/v2\/posts\/6808\/revisions\/52434"}],"wp:featuredmedia":[{"embeddable":true,"href":"https:\/\/soymigrante.com\/revista\/wp-json\/wp\/v2\/media\/6810"}],"wp:attachment":[{"href":"https:\/\/soymigrante.com\/revista\/wp-json\/wp\/v2\/media?parent=6808"}],"wp:term":[{"taxonomy":"category","embeddable":true,"href":"https:\/\/soymigrante.com\/revista\/wp-json\/wp\/v2\/categories?post=6808"},{"taxonomy":"post_tag","embeddable":true,"href":"https:\/\/soymigrante.com\/revista\/wp-json\/wp\/v2\/tags?post=6808"}],"curies":[{"name":"wp","href":"https:\/\/api.w.org\/{rel}","templated":true}]}}