{"id":6774,"date":"2026-02-13T18:53:04","date_gmt":"2026-02-14T00:53:04","guid":{"rendered":"https:\/\/soymigrante.com\/revista\/?p=6774"},"modified":"2026-02-13T18:53:11","modified_gmt":"2026-02-14T00:53:11","slug":"cuando-llego-la-primera-marimba-guatemalteca-migrante-a-usa","status":"publish","type":"post","link":"https:\/\/soymigrante.com\/revista\/cuando-llego-la-primera-marimba-guatemalteca-migrante-a-usa\/","title":{"rendered":"\u00bfCu\u00e1ndo lleg\u00f3 la primera marimba guatemalteca migrante a Estados Unidos?"},"content":{"rendered":"\t\t<div data-elementor-type=\"wp-post\" data-elementor-id=\"6774\" class=\"elementor elementor-6774\" data-elementor-post-type=\"post\">\n\t\t\t\t\t\t<section data-particle_enable=\"false\" data-particle-mobile-disabled=\"false\" class=\"elementor-section elementor-top-section elementor-element elementor-element-1200d71 elementor-section-boxed elementor-section-height-default elementor-section-height-default\" data-id=\"1200d71\" data-element_type=\"section\" data-e-type=\"section\">\n\t\t\t\t\t\t<div class=\"elementor-container elementor-column-gap-default\">\n\t\t\t\t\t<div class=\"elementor-column elementor-col-100 elementor-top-column elementor-element elementor-element-e29efa5\" data-id=\"e29efa5\" data-element_type=\"column\" data-e-type=\"column\">\n\t\t\t<div class=\"elementor-widget-wrap elementor-element-populated\">\n\t\t\t\t\t\t<div class=\"elementor-element elementor-element-c3ed061 elementor-widget elementor-widget-heading\" data-id=\"c3ed061\" data-element_type=\"widget\" data-e-type=\"widget\" data-widget_type=\"heading.default\">\n\t\t\t\t\t<h2 class=\"elementor-heading-title elementor-size-default\">Viene el D\u00eda de la Marimba y vale la pena recordar: En 1908 los hermanos marimbistas Hurtado llegan a Estados Unidos a presentarse y volvieron en 1915. Pero antes de ellos ya el hormigo hab\u00eda sonado en aquel pa\u00eds... conoce m\u00e1s.<\/h2>\t\t\t\t<\/div>\n\t\t\t\t\t<\/div>\n\t\t<\/div>\n\t\t\t\t\t<\/div>\n\t\t<\/section>\n\t\t\t\t<section data-particle_enable=\"false\" data-particle-mobile-disabled=\"false\" class=\"elementor-section elementor-top-section elementor-element elementor-element-3a9f72e elementor-section-boxed elementor-section-height-default elementor-section-height-default\" data-id=\"3a9f72e\" data-element_type=\"section\" data-e-type=\"section\">\n\t\t\t\t\t\t<div class=\"elementor-container elementor-column-gap-default\">\n\t\t\t\t\t<div class=\"elementor-column elementor-col-100 elementor-top-column elementor-element elementor-element-7e01599\" data-id=\"7e01599\" data-element_type=\"column\" data-e-type=\"column\">\n\t\t\t<div class=\"elementor-widget-wrap elementor-element-populated\">\n\t\t\t\t\t\t<div class=\"elementor-element elementor-element-8c20d2b elementor-widget elementor-widget-text-editor\" data-id=\"8c20d2b\" data-element_type=\"widget\" data-e-type=\"widget\" data-widget_type=\"text-editor.default\">\n\t\t\t\t\t\t\t\t\t<p>En 1908 llegaron a Estados Unidos los Hermanos Hurtado, a presentarse con su marimba, bajo los nombres Guatemala Marimba Band o Guatemala Boys Band, debido a que dos de los hermanos a\u00fan eran menores: Jes\u00fas y Gabriel, que ten\u00edan 15 y 14 a\u00f1os. Era la primera vez que llegaba una marimba guatemalteca &#8220;crom\u00e1tica&#8221;, es decir de doble teclado, la cual fue una creaci\u00f3n de su padre, el compositor y marimbista quetzalteco Sebasti\u00e1n Hurtado.<\/p><p><span style=\"color: var( --e-global-color-text );\">Sin embargo,\u00a0 dsede hac\u00eda al menos 30 a\u00f1os\u00a0 las teclas de la <a href=\"https:\/\/soymigrante.com\/revista\/marimba-guatemalteca-simbolo-patrio-datos-quiza-no-sabias-o-tal-vez-si\/\">marimba guatemalteca<\/a> ya eran migrantes y sonantes en Estados Unidos. Pero, los grupos que llegaron antes de los Hurtado, eran de marimba diat\u00f3nica, es decir, de un solo teclado.\u00a0\u00a0<\/span><\/p><p><span style=\"color: var( --e-global-color-text );\">\u00a0<\/span><\/p><p>\u00a0<\/p>\t\t\t\t\t\t\t\t<\/div>\n\t\t\t\t\t<\/div>\n\t\t<\/div>\n\t\t\t\t\t<\/div>\n\t\t<\/section>\n\t\t\t\t<section data-particle_enable=\"false\" data-particle-mobile-disabled=\"false\" class=\"elementor-section elementor-top-section elementor-element elementor-element-d8f3b2f elementor-section-boxed elementor-section-height-default elementor-section-height-default\" data-id=\"d8f3b2f\" data-element_type=\"section\" data-e-type=\"section\">\n\t\t\t\t\t\t<div class=\"elementor-container elementor-column-gap-default\">\n\t\t\t\t\t<div class=\"elementor-column elementor-col-100 elementor-top-column elementor-element elementor-element-8ad3917\" data-id=\"8ad3917\" data-element_type=\"column\" data-e-type=\"column\">\n\t\t\t<div class=\"elementor-widget-wrap elementor-element-populated\">\n\t\t\t\t\t\t<div class=\"elementor-element elementor-element-041f588 elementor-widget elementor-widget-image-gallery\" data-id=\"041f588\" data-element_type=\"widget\" data-e-type=\"widget\" data-widget_type=\"image-gallery.default\">\n\t\t\t\t\t\t\t<div class=\"elementor-image-gallery\">\n\t\t\t<div id='gallery-16' class='gallery galleryid-6774 gallery-columns-1 gallery-size-large'><figure class='gallery-item'>\n\t\t\t<div class='gallery-icon landscape'>\n\t\t\t\t<a data-elementor-open-lightbox=\"yes\" data-elementor-lightbox-slideshow=\"041f588\" data-elementor-lightbox-title=\"Anuncio de la presentaci\u00f3n de un grupo de ind\u00edgenas guatemaltecos tocando marimba.\" data-elementor-lightbox-description=\"Anuncio de la presentaci\u00f3n de un grupo de ind\u00edgenas guatemaltecos tocando marimba.\" data-e-action-hash=\"#elementor-action%3Aaction%3Dlightbox%26settings%3DeyJpZCI6Njc3OCwidXJsIjoiaHR0cHM6XC9cL3NveW1pZ3JhbnRlLmNvbVwvcmV2aXN0YVwvd3AtY29udGVudFwvdXBsb2Fkc1wvMjAyNFwvMDVcL0NhcHR1cmEtZGUtcGFudGFsbGEtMjAyNC0wNS0zMS0xNTQwMTkud2VicCIsInNsaWRlc2hvdyI6IjA0MWY1ODgifQ%3D%3D\" href='https:\/\/soymigrante.com\/revista\/wp-content\/uploads\/2024\/05\/Captura-de-pantalla-2024-05-31-154019.webp'><img fetchpriority=\"high\" decoding=\"async\" width=\"552\" height=\"545\" src=\"https:\/\/soymigrante.com\/revista\/wp-content\/uploads\/2024\/05\/Captura-de-pantalla-2024-05-31-154019.webp\" class=\"attachment-large size-large\" alt=\"Woodward&#039;s Gardens anuncio hist\u00f3rico sobre actuaciones de los ind\u00edgenas guatemaltecos en el marimba, destacando su espect\u00e1culo de m\u00fasica y cultura tradicional en un evento destacado en California.\" aria-describedby=\"gallery-16-6778\" srcset=\"https:\/\/soymigrante.com\/revista\/wp-content\/uploads\/2024\/05\/Captura-de-pantalla-2024-05-31-154019.webp 552w, https:\/\/soymigrante.com\/revista\/wp-content\/uploads\/2024\/05\/Captura-de-pantalla-2024-05-31-154019-300x296.webp 300w, https:\/\/soymigrante.com\/revista\/wp-content\/uploads\/2024\/05\/Captura-de-pantalla-2024-05-31-154019-75x75.webp 75w\" sizes=\"(max-width: 552px) 100vw, 552px\" title=\"Anuncio de la presentaci\u00f3n de un grupo de ind\u00edgenas guatemaltecos tocando marimba. \u2013 SoyMigrante.com REVISTA\" \/><\/a>\n\t\t\t<\/div>\n\t\t\t\t<figcaption class='wp-caption-text gallery-caption' id='gallery-16-6778'>\n\t\t\t\tHistoria y patrimonio cultural de Woodward&#8217;s Gardens en San Francisco en los siglos XIX. Informaci\u00f3n sobre eventos, espect\u00e1culos y la historia de uno de los parques m\u00e1s ic\u00f3nicos de la \u00e9poca.\n\t\t\t\t<\/figcaption><\/figure><figure class='gallery-item'>\n\t\t\t<div class='gallery-icon landscape'>\n\t\t\t\t<a data-elementor-open-lightbox=\"yes\" data-elementor-lightbox-slideshow=\"041f588\" data-elementor-lightbox-title=\"Anuncio del 28 de diciembre de 1877, donde se anuncia el espect\u00e1culo &quot;sin precedentes&quot; de marimba. Debi\u00f3 ser un \u00e9xito para estar tantos meses vigente.\" data-elementor-lightbox-description=\"Anuncio del 28 de diciembre de 1877, donde se anuncia el espect\u00e1culo &quot;sin precedentes&quot; de marimba. Debi\u00f3 ser un \u00e9xito para estar tantos meses vigente.\" data-e-action-hash=\"#elementor-action%3Aaction%3Dlightbox%26settings%3DeyJpZCI6Njc3NywidXJsIjoiaHR0cHM6XC9cL3NveW1pZ3JhbnRlLmNvbVwvcmV2aXN0YVwvd3AtY29udGVudFwvdXBsb2Fkc1wvMjAyNFwvMDVcL0NhcHR1cmEtZGUtcGFudGFsbGEtMjAyNC0wNS0zMS0xNTM4MDIud2VicCIsInNsaWRlc2hvdyI6IjA0MWY1ODgifQ%3D%3D\" href='https:\/\/soymigrante.com\/revista\/wp-content\/uploads\/2024\/05\/Captura-de-pantalla-2024-05-31-153802.webp'><img decoding=\"async\" width=\"577\" height=\"537\" src=\"https:\/\/soymigrante.com\/revista\/wp-content\/uploads\/2024\/05\/Captura-de-pantalla-2024-05-31-153802.webp\" class=\"attachment-large size-large\" alt=\"WOODWARD&#039;S GARDENS, evento de entretenimiento y diversi\u00f3n, con actuaciones especiales como THE FLYING MAN y conciertos de m\u00fasica popular. Disfruta de una experiencia \u00fanica en un entorno hist\u00f3rico y culturalmente enriquecido.\" aria-describedby=\"gallery-16-6777\" srcset=\"https:\/\/soymigrante.com\/revista\/wp-content\/uploads\/2024\/05\/Captura-de-pantalla-2024-05-31-153802.webp 577w, https:\/\/soymigrante.com\/revista\/wp-content\/uploads\/2024\/05\/Captura-de-pantalla-2024-05-31-153802-300x279.webp 300w\" sizes=\"(max-width: 577px) 100vw, 577px\" title=\"Anuncio del 28 de diciembre de 1877, donde se anuncia el espect\u00e1culo &quot;sin precedentes&quot; de marimba. Debi\u00f3 ser un \u00e9xito para estar tantos meses vigente. \u2013 SoyMigrante.com REVISTA\" \/><\/a>\n\t\t\t<\/div>\n\t\t\t\t<figcaption class='wp-caption-text gallery-caption' id='gallery-16-6777'>\n\t\t\t\tAnuncio del 28 de diciembre de 1877, donde se anuncia el espect\u00e1culo &#8220;sin precedentes&#8221; de marimba. Debi\u00f3 ser un \u00e9xito para estar tantos meses vigente.\n\t\t\t\t<\/figcaption><\/figure>\n\t\t<\/div>\n\t\t<\/div>\n\t\t\t\t\t\t<\/div>\n\t\t\t\t\t<\/div>\n\t\t<\/div>\n\t\t\t\t\t<\/div>\n\t\t<\/section>\n\t\t\t\t<section data-particle_enable=\"false\" data-particle-mobile-disabled=\"false\" class=\"elementor-section elementor-top-section elementor-element elementor-element-2c07c01 elementor-section-boxed elementor-section-height-default elementor-section-height-default\" data-id=\"2c07c01\" data-element_type=\"section\" data-e-type=\"section\">\n\t\t\t\t\t\t<div class=\"elementor-container elementor-column-gap-default\">\n\t\t\t\t\t<div class=\"elementor-column elementor-col-100 elementor-top-column elementor-element elementor-element-35fa911\" data-id=\"35fa911\" data-element_type=\"column\" data-e-type=\"column\">\n\t\t\t<div class=\"elementor-widget-wrap elementor-element-populated\">\n\t\t\t\t\t\t<div class=\"elementor-element elementor-element-c626fef elementor-widget elementor-widget-text-editor\" data-id=\"c626fef\" data-element_type=\"widget\" data-e-type=\"widget\" data-widget_type=\"text-editor.default\">\n\t\t\t\t\t\t\t\t\t<p><span style=\"color: var( --e-global-color-text );\">Adem\u00e1s, la marimba se inclu\u00eda como parte de espect\u00e1culos de variedades en donde se mostraba m\u00fasica ex\u00f3tica de todo el mundo. Hoy podr\u00eda decirse que con cierto tinte racista y estereotipado, pues los int\u00e9rpretes eran presentados con prendas supuestamente primitivas, para darles m\u00e1s aires de &#8220;misterio&#8221;.<\/span><\/p><p><span style=\"color: var( --e-global-color-text );\">Uno de los primeros registros de presentaciones de <a href=\"https:\/\/soymigrante.com\/revista\/marimba-guatemalteca-simbolo-patrio-datos-quiza-no-sabias-o-tal-vez-si\/\">marimba guatemalteca <\/a>est\u00e1 en\u00a0<\/span><span style=\"color: var( --e-global-color-text );\">el diario Daily Alta California, del XX de XX de 1877, donde se anuncia la presentaci\u00f3n de ind\u00edgenas guatemaltecos tocando la marimba, calificada como &#8220;sensaci\u00f3n musical&#8221;, en el teatro Woodward&#8217;s Garden de San Francisco California.<\/span><\/p>\t\t\t\t\t\t\t\t<\/div>\n\t\t\t\t\t<\/div>\n\t\t<\/div>\n\t\t\t\t\t<\/div>\n\t\t<\/section>\n\t\t\t\t<section data-particle_enable=\"false\" data-particle-mobile-disabled=\"false\" class=\"elementor-section elementor-top-section elementor-element elementor-element-76a8c22 elementor-section-boxed elementor-section-height-default elementor-section-height-default\" data-id=\"76a8c22\" data-element_type=\"section\" data-e-type=\"section\">\n\t\t\t\t\t\t<div class=\"elementor-container elementor-column-gap-default\">\n\t\t\t\t\t<div class=\"elementor-column elementor-col-100 elementor-top-column elementor-element elementor-element-1a2293d\" data-id=\"1a2293d\" data-element_type=\"column\" data-e-type=\"column\">\n\t\t\t<div class=\"elementor-widget-wrap elementor-element-populated\">\n\t\t\t\t\t\t<div class=\"elementor-element elementor-element-932a826 elementor-widget elementor-widget-image\" data-id=\"932a826\" data-element_type=\"widget\" data-e-type=\"widget\" data-widget_type=\"image.default\">\n\t\t\t\t\t\t\t\t\t\t\t\t<figure class=\"wp-caption\">\n\t\t\t\t\t\t\t\t\t\t<img decoding=\"async\" width=\"479\" height=\"635\" src=\"https:\/\/soymigrante.com\/revista\/wp-content\/uploads\/2024\/05\/Captura-de-pantalla-2024-05-31-155006.webp\" class=\"attachment-large size-large wp-image-6779\" alt=\"Dibujo de 1898, publicado en Estados Unidos para ilustrar la presentaci\u00f3n de una marimba sencilla o diat\u00f3nica. Ilustraci\u00f3n del libro Memorias de Jes\u00fas B. Hurtado, fundador de la marimba Royal de los Hermanos Hurtado)\" srcset=\"https:\/\/soymigrante.com\/revista\/wp-content\/uploads\/2024\/05\/Captura-de-pantalla-2024-05-31-155006.webp 479w, https:\/\/soymigrante.com\/revista\/wp-content\/uploads\/2024\/05\/Captura-de-pantalla-2024-05-31-155006-226x300.webp 226w\" sizes=\"(max-width: 479px) 100vw, 479px\" title=\"Dibujo de 1898, publicado en Estados Unidos para ilustrar la presentaci\u00f3n de una marimba sencilla o diat\u00f3nica. Ilustraci\u00f3n del libro Memorias de Jes\u00fas B. Hurtado, fundador de la marimba Royal de los Hermanos Hurtado) \u2013 SoyMigrante.com REVISTA\" \/>\t\t\t\t\t\t\t\t\t\t\t<figcaption class=\"widget-image-caption wp-caption-text\">Dibujo de 1898, publicado en Estados Unidos para ilustrar la presentaci\u00f3n de una marimba sencilla o diat\u00f3nica. Ilustraci\u00f3n del libro Memorias de Jes\u00fas B. Hurtado, fundador de la marimba Royal de los Hermanos Hurtado)<\/figcaption>\n\t\t\t\t\t\t\t\t\t\t<\/figure>\n\t\t\t\t\t\t\t\t\t<\/div>\n\t\t\t\t\t<\/div>\n\t\t<\/div>\n\t\t\t\t\t<\/div>\n\t\t<\/section>\n\t\t\t\t<section data-particle_enable=\"false\" data-particle-mobile-disabled=\"false\" class=\"elementor-section elementor-top-section elementor-element elementor-element-a08ec3b elementor-section-boxed elementor-section-height-default elementor-section-height-default\" data-id=\"a08ec3b\" data-element_type=\"section\" data-e-type=\"section\">\n\t\t\t\t\t\t<div class=\"elementor-container elementor-column-gap-default\">\n\t\t\t\t\t<div class=\"elementor-column elementor-col-100 elementor-top-column elementor-element elementor-element-0ad4ca3\" data-id=\"0ad4ca3\" data-element_type=\"column\" data-e-type=\"column\">\n\t\t\t<div class=\"elementor-widget-wrap elementor-element-populated\">\n\t\t\t\t\t\t<div class=\"elementor-element elementor-element-81e3fc5 elementor-widget elementor-widget-heading\" data-id=\"81e3fc5\" data-element_type=\"widget\" data-e-type=\"widget\" data-widget_type=\"heading.default\">\n\t\t\t\t\t<h2 class=\"elementor-heading-title elementor-size-default\">La gira de la Royal Marimba Hurtado<\/h2>\t\t\t\t<\/div>\n\t\t\t\t\t<\/div>\n\t\t<\/div>\n\t\t\t\t\t<\/div>\n\t\t<\/section>\n\t\t\t\t<section data-particle_enable=\"false\" data-particle-mobile-disabled=\"false\" class=\"elementor-section elementor-top-section elementor-element elementor-element-8d971e8 elementor-section-boxed elementor-section-height-default elementor-section-height-default\" data-id=\"8d971e8\" data-element_type=\"section\" data-e-type=\"section\">\n\t\t\t\t\t\t<div class=\"elementor-container elementor-column-gap-default\">\n\t\t\t\t\t<div class=\"elementor-column elementor-col-100 elementor-top-column elementor-element elementor-element-f119bae\" data-id=\"f119bae\" data-element_type=\"column\" data-e-type=\"column\">\n\t\t\t<div class=\"elementor-widget-wrap elementor-element-populated\">\n\t\t\t\t\t\t<div class=\"elementor-element elementor-element-e51d6b2 elementor-widget elementor-widget-text-editor\" data-id=\"e51d6b2\" data-element_type=\"widget\" data-e-type=\"widget\" data-widget_type=\"text-editor.default\">\n\t\t\t\t\t\t\t\t\t<p>LTodas aquellas <a href=\"https:\/\/soymigrante.com\/revista\/marimba-guatemalteca-simbolo-patrio-datos-quiza-no-sabias-o-tal-vez-si\/\">marimbas guatemaltecas<\/a> eran de\u00a0 teclado simple, de cuatro integrantes, que se presentaba m\u00e1s como un n\u00famero m\u00e1s en un espacio de variedades, como actos acrob\u00e1ticos y m\u00fasica ex\u00f3tica, seg\u00fan lo describe Jes\u00fas Hurtado, como uno de los antecedentes a la llegada de \u00e9l (que ten\u00eda unos 15 a\u00f1os) junto a sus hermanos en 1908.<\/p><p>En varias ciudades de Estados Unidos como Boston, Nueva Orleans Chicago y Nueva York hubo presentaciones entre 1877 y 1900. &#8220;El env\u00edo de grupos marimb\u00edsticos representando a Guatemala en exposiciones y actos oficiales en el extranjero no era algo nuevo&#8221;, cuenta Hurtado, quien al llegar con sus hermanos a EE.UU. en 1908 ten\u00eda 15 a\u00f1os.<\/p>\t\t\t\t\t\t\t\t<\/div>\n\t\t\t\t\t<\/div>\n\t\t<\/div>\n\t\t\t\t\t<\/div>\n\t\t<\/section>\n\t\t\t\t<section data-particle_enable=\"false\" data-particle-mobile-disabled=\"false\" class=\"elementor-section elementor-top-section elementor-element elementor-element-7ac3801 elementor-section-boxed elementor-section-height-default elementor-section-height-default\" data-id=\"7ac3801\" data-element_type=\"section\" data-e-type=\"section\">\n\t\t\t\t\t\t<div class=\"elementor-container elementor-column-gap-default\">\n\t\t\t\t\t<div class=\"elementor-column elementor-col-100 elementor-top-column elementor-element elementor-element-3fc1575\" data-id=\"3fc1575\" data-element_type=\"column\" data-e-type=\"column\">\n\t\t\t<div class=\"elementor-widget-wrap elementor-element-populated\">\n\t\t\t\t\t\t<div class=\"elementor-element elementor-element-ac63040 elementor-widget elementor-widget-image\" data-id=\"ac63040\" data-element_type=\"widget\" data-e-type=\"widget\" data-widget_type=\"image.default\">\n\t\t\t\t\t\t\t\t\t\t\t\t<figure class=\"wp-caption\">\n\t\t\t\t\t\t\t\t\t\t<img loading=\"lazy\" decoding=\"async\" width=\"660\" height=\"555\" src=\"https:\/\/soymigrante.com\/revista\/wp-content\/uploads\/2024\/05\/Captura-de-pantalla-2024-05-31-163803.webp\" class=\"attachment-large size-large wp-image-6780\" alt=\"Maestro compositor y fabricante de marimbas Sebasti\u00e1n Hurtado (1827-1913), quien elabor\u00f3 la primera marimba crom\u00e1tica o de doble teclado, instrumento que sus cuatro hijos llevaron a presentaciones en Estados Unidos.\" srcset=\"https:\/\/soymigrante.com\/revista\/wp-content\/uploads\/2024\/05\/Captura-de-pantalla-2024-05-31-163803.webp 660w, https:\/\/soymigrante.com\/revista\/wp-content\/uploads\/2024\/05\/Captura-de-pantalla-2024-05-31-163803-300x252.webp 300w\" sizes=\"(max-width: 660px) 100vw, 660px\" title=\"Maestro compositor y fabricante de marimbas Sebasti\u00e1n Hurtado (1827-1913), quien elabor\u00f3 la primera marimba crom\u00e1tica o de doble teclado, instrumento que sus cuatro hijos llevaron a presentaciones en Estados Unidos. \u2013 SoyMigrante.com REVISTA\" \/>\t\t\t\t\t\t\t\t\t\t\t<figcaption class=\"widget-image-caption wp-caption-text\">Maestro compositor y fabricante de marimbas Sebasti\u00e1n Hurtado (1827-1913), quien elabor\u00f3 la primera marimba crom\u00e1tica o de doble teclado, instrumento que sus cuatro hijos llevaron a presentaciones en Estados Unidos.<\/figcaption>\n\t\t\t\t\t\t\t\t\t\t<\/figure>\n\t\t\t\t\t\t\t\t\t<\/div>\n\t\t\t\t\t<\/div>\n\t\t<\/div>\n\t\t\t\t\t<\/div>\n\t\t<\/section>\n\t\t\t\t<section data-particle_enable=\"false\" data-particle-mobile-disabled=\"false\" class=\"elementor-section elementor-top-section elementor-element elementor-element-4d901b1 elementor-section-boxed elementor-section-height-default elementor-section-height-default\" data-id=\"4d901b1\" data-element_type=\"section\" data-e-type=\"section\">\n\t\t\t\t\t\t<div class=\"elementor-container elementor-column-gap-default\">\n\t\t\t\t\t<div class=\"elementor-column elementor-col-100 elementor-top-column elementor-element elementor-element-9fb3b6b\" data-id=\"9fb3b6b\" data-element_type=\"column\" data-e-type=\"column\">\n\t\t\t<div class=\"elementor-widget-wrap elementor-element-populated\">\n\t\t\t\t\t\t<div class=\"elementor-element elementor-element-5d9fcad elementor-widget elementor-widget-heading\" data-id=\"5d9fcad\" data-element_type=\"widget\" data-e-type=\"widget\" data-widget_type=\"heading.default\">\n\t\t\t\t\t<h2 class=\"elementor-heading-title elementor-size-default\">Los Hurtado llevaban algo muy propio <\/h2>\t\t\t\t<\/div>\n\t\t\t\t\t<\/div>\n\t\t<\/div>\n\t\t\t\t\t<\/div>\n\t\t<\/section>\n\t\t\t\t<section data-particle_enable=\"false\" data-particle-mobile-disabled=\"false\" class=\"elementor-section elementor-top-section elementor-element elementor-element-49245ad elementor-section-boxed elementor-section-height-default elementor-section-height-default\" data-id=\"49245ad\" data-element_type=\"section\" data-e-type=\"section\">\n\t\t\t\t\t\t<div class=\"elementor-container elementor-column-gap-default\">\n\t\t\t\t\t<div class=\"elementor-column elementor-col-100 elementor-top-column elementor-element elementor-element-8f0e4b7\" data-id=\"8f0e4b7\" data-element_type=\"column\" data-e-type=\"column\">\n\t\t\t<div class=\"elementor-widget-wrap elementor-element-populated\">\n\t\t\t\t\t\t<div class=\"elementor-element elementor-element-8d19b17 elementor-widget elementor-widget-text-editor\" data-id=\"8d19b17\" data-element_type=\"widget\" data-e-type=\"widget\" data-widget_type=\"text-editor.default\">\n\t\t\t\t\t\t\t\t\t<p>\u00a0El compositor y marimbista quetzalteco Sebasti\u00e1n Hurtado, padre de Toribio, Daniel, Gabriel y Jes\u00fas Hurtado, hab\u00eda sido el creador de la marimba crom\u00e1tica o &#8220;de doble teclado&#8221;, una innovaci\u00f3n t\u00e9cnica, sonora y art\u00edstica que le dio al instrumento aut\u00f3ctono guatemalteco la capacidad de interpretar pr\u00e1cticamente cualquier melod\u00eda, con la versatilidad de un piano pero con la participaci\u00f3n de varios ejecutantes.<\/p><p><span style=\"color: var( --e-global-color-text );\">Se presentaron en varias ciudades de Estados Unidos. En el teatro Pantages de Tacoma, Washington se presentaron como &#8220;La banda de Marimba&#8221;\u00a0 o los &#8220;Marimba boys&#8221;, debido a la juventud de dos de sus integrantes que a\u00fan eran menores de edad Gabriel y Jes\u00fas., de 14 y 15 a\u00f1os.\u00a0<\/span><\/p><p>A pesar de la innovaci\u00f3n del instrumento, los promotores segu\u00edan impuls\u00e1ndolos como a todos los grupos anteriores de marimba sencilla. Sin embargo, la marimba crom\u00e1tica ten\u00eda posibilidades ilimitadas de interpretaci\u00f3n.\u00a0<\/p>\t\t\t\t\t\t\t\t<\/div>\n\t\t\t\t\t<\/div>\n\t\t<\/div>\n\t\t\t\t\t<\/div>\n\t\t<\/section>\n\t\t\t\t<section data-particle_enable=\"false\" data-particle-mobile-disabled=\"false\" class=\"elementor-section elementor-top-section elementor-element elementor-element-bd89b25 elementor-section-boxed elementor-section-height-default elementor-section-height-default\" data-id=\"bd89b25\" data-element_type=\"section\" data-e-type=\"section\">\n\t\t\t\t\t\t<div class=\"elementor-container elementor-column-gap-default\">\n\t\t\t\t\t<div class=\"elementor-column elementor-col-100 elementor-top-column elementor-element elementor-element-754f49a\" data-id=\"754f49a\" data-element_type=\"column\" data-e-type=\"column\">\n\t\t\t<div class=\"elementor-widget-wrap elementor-element-populated\">\n\t\t\t\t\t\t<div class=\"elementor-element elementor-element-5ff7266 elementor-widget elementor-widget-image\" data-id=\"5ff7266\" data-element_type=\"widget\" data-e-type=\"widget\" data-widget_type=\"image.default\">\n\t\t\t\t\t\t\t\t\t\t\t\t<figure class=\"wp-caption\">\n\t\t\t\t\t\t\t\t\t\t<img loading=\"lazy\" decoding=\"async\" width=\"895\" height=\"540\" src=\"https:\/\/soymigrante.com\/revista\/wp-content\/uploads\/2024\/05\/Captura-de-pantalla-2024-05-31-181831.webp\" class=\"attachment-large size-large wp-image-6781\" alt=\"Marimba Hermanos Hurtado en 1915\" srcset=\"https:\/\/soymigrante.com\/revista\/wp-content\/uploads\/2024\/05\/Captura-de-pantalla-2024-05-31-181831.webp 895w, https:\/\/soymigrante.com\/revista\/wp-content\/uploads\/2024\/05\/Captura-de-pantalla-2024-05-31-181831-300x181.webp 300w, https:\/\/soymigrante.com\/revista\/wp-content\/uploads\/2024\/05\/Captura-de-pantalla-2024-05-31-181831-768x463.webp 768w, https:\/\/soymigrante.com\/revista\/wp-content\/uploads\/2024\/05\/Captura-de-pantalla-2024-05-31-181831-750x453.webp 750w\" sizes=\"(max-width: 895px) 100vw, 895px\" title=\"Marimba Hermanos Hurtado en 1915 \u2013 SoyMigrante.com REVISTA\" \/>\t\t\t\t\t\t\t\t\t\t\t<figcaption class=\"widget-image-caption wp-caption-text\">Marimba Hermanos Hurtado en 1915<\/figcaption>\n\t\t\t\t\t\t\t\t\t\t<\/figure>\n\t\t\t\t\t\t\t\t\t<\/div>\n\t\t\t\t\t<\/div>\n\t\t<\/div>\n\t\t\t\t\t<\/div>\n\t\t<\/section>\n\t\t\t\t<section data-particle_enable=\"false\" data-particle-mobile-disabled=\"false\" class=\"elementor-section elementor-top-section elementor-element elementor-element-3fb59c0 elementor-section-boxed elementor-section-height-default elementor-section-height-default\" data-id=\"3fb59c0\" data-element_type=\"section\" data-e-type=\"section\">\n\t\t\t\t\t\t<div class=\"elementor-container elementor-column-gap-default\">\n\t\t\t\t\t<div class=\"elementor-column elementor-col-100 elementor-top-column elementor-element elementor-element-8b142ac\" data-id=\"8b142ac\" data-element_type=\"column\" data-e-type=\"column\">\n\t\t\t<div class=\"elementor-widget-wrap elementor-element-populated\">\n\t\t\t\t\t\t<div class=\"elementor-element elementor-element-f120e66 elementor-widget elementor-widget-heading\" data-id=\"f120e66\" data-element_type=\"widget\" data-e-type=\"widget\" data-widget_type=\"heading.default\">\n\t\t\t\t\t<h2 class=\"elementor-heading-title elementor-size-default\">El \u00e9xito rotundo de 1915 <\/h2>\t\t\t\t<\/div>\n\t\t\t\t\t<\/div>\n\t\t<\/div>\n\t\t\t\t\t<\/div>\n\t\t<\/section>\n\t\t\t\t<section data-particle_enable=\"false\" data-particle-mobile-disabled=\"false\" class=\"elementor-section elementor-top-section elementor-element elementor-element-77cae65 elementor-section-boxed elementor-section-height-default elementor-section-height-default\" data-id=\"77cae65\" data-element_type=\"section\" data-e-type=\"section\">\n\t\t\t\t\t\t<div class=\"elementor-container elementor-column-gap-default\">\n\t\t\t\t\t<div class=\"elementor-column elementor-col-100 elementor-top-column elementor-element elementor-element-806ce4b\" data-id=\"806ce4b\" data-element_type=\"column\" data-e-type=\"column\">\n\t\t\t<div class=\"elementor-widget-wrap elementor-element-populated\">\n\t\t\t\t\t\t<div class=\"elementor-element elementor-element-42f32a1 elementor-widget elementor-widget-text-editor\" data-id=\"42f32a1\" data-element_type=\"widget\" data-e-type=\"widget\" data-widget_type=\"text-editor.default\">\n\t\t\t\t\t\t\t\t\t<p>En San Francisco California se organiz\u00f3 la Feria Internacional Pacific Panam\u00e1, a la cual fue invitado un grupo musical guatemalteco que el gobierno deb\u00eda designar. Hab\u00eda tres candidatos, la Orquesta Sinf\u00f3nica, una banda militar y la Marimba Royal de los Hermanos Hurtado.\u00a0 Se hizo una votaci\u00f3n para definir al representante y ganaron los Hurtado.\u00a0<\/p><p>Se presentaron en el Pabell\u00f3n correspondiente a Guatemala, pero a diferencia de \u00e9pocas anteriores, ofrecieron un concierto de m\u00fasica variada, guatemalteca y europea para exhibir las posibilidades sonoras del instrumento guatemalteco. Hab\u00eda largas filas de p\u00fablico que deseaba escuchar a los Hermanos Hurtado.<\/p><p>Fue tal el \u00e9xito que se quedaron hasta ofreciendo m\u00e1s conciertos en Nueva York, Filadelfia, Washington y tambi\u00e9n fueron invitados a grabar discos, que fueron un gran \u00e9xito. Pr\u00e1cticamente estaban m\u00e1s tiempo en Estados Unidos que en Guatemala.\u00a0<\/p><p>&#8220;La banda de marimba es la m\u00e1s agradable novedad musical que se ha presentado&#8221;, fue un comentario de prensa en aquel 2015.\u00a0<span style=\"color: var( --e-global-color-text );\">Los &#8220;Hurtado Brothers&#8221; tambi\u00e9n se fueron a varios pa\u00edses Europa y se presentaron en grandes escenarios, con lo cual el instrumento nacional de Guatemala alcanz\u00f3 dimensi\u00f3n mundial.<\/span><\/p><p>A continuaci\u00f3n, una de las muchas grabaciones que se hicieron en discos de 75 revoluciones por minuto. Grabaci\u00f3n de\u00a0 1916.<\/p>\t\t\t\t\t\t\t\t<\/div>\n\t\t\t\t\t<\/div>\n\t\t<\/div>\n\t\t\t\t\t<\/div>\n\t\t<\/section>\n\t\t<div data-particle_enable=\"false\" data-particle-mobile-disabled=\"false\" class=\"elementor-element elementor-element-ebf8083 e-flex e-con-boxed e-con e-parent\" data-id=\"ebf8083\" data-element_type=\"container\" data-e-type=\"container\">\n\t\t\t\t\t<div class=\"e-con-inner\">\n\t\t\t\t<div class=\"elementor-element elementor-element-d1e0481 elementor-widget elementor-widget-html\" data-id=\"d1e0481\" data-element_type=\"widget\" data-e-type=\"widget\" data-widget_type=\"html.default\">\n\t\t\t\t\t<iframe width=\"560\" height=\"415\" src=\"https:\/\/www.youtube.com\/embed\/zpMX9MOXxFQ?si=wxQsX4pGK6_OAq0V\" title=\"YouTube video player\" frameborder=\"0\" allow=\"accelerometer; autoplay; clipboard-write; encrypted-media; gyroscope; picture-in-picture; web-share\" referrerpolicy=\"strict-origin-when-cross-origin\" allowfullscreen><\/iframe>\t\t\t\t<\/div>\n\t\t\t\t\t<\/div>\n\t\t\t\t<\/div>\n\t\t\t\t<section data-particle_enable=\"false\" data-particle-mobile-disabled=\"false\" class=\"elementor-section elementor-top-section elementor-element elementor-element-7d5b523 elementor-section-boxed elementor-section-height-default elementor-section-height-default\" data-id=\"7d5b523\" data-element_type=\"section\" data-e-type=\"section\">\n\t\t\t\t\t\t<div class=\"elementor-container elementor-column-gap-default\">\n\t\t\t\t\t<div class=\"elementor-column elementor-col-100 elementor-top-column elementor-element elementor-element-2aedf7e\" data-id=\"2aedf7e\" data-element_type=\"column\" data-e-type=\"column\">\n\t\t\t<div class=\"elementor-widget-wrap elementor-element-populated\">\n\t\t\t\t\t\t<div class=\"elementor-element elementor-element-0bb657b elementor-widget elementor-widget-heading\" data-id=\"0bb657b\" data-element_type=\"widget\" data-e-type=\"widget\" data-widget_type=\"heading.default\">\n\t\t\t\t\t<h2 class=\"elementor-heading-title elementor-size-default\">Se hicieron migrantes y la marimba tambi\u00e9n<\/h2>\t\t\t\t<\/div>\n\t\t\t\t\t<\/div>\n\t\t<\/div>\n\t\t\t\t\t<\/div>\n\t\t<\/section>\n\t\t\t\t<section data-particle_enable=\"false\" data-particle-mobile-disabled=\"false\" class=\"elementor-section elementor-top-section elementor-element elementor-element-5b8c4ca elementor-section-boxed elementor-section-height-default elementor-section-height-default\" data-id=\"5b8c4ca\" data-element_type=\"section\" data-e-type=\"section\">\n\t\t\t\t\t\t<div class=\"elementor-container elementor-column-gap-default\">\n\t\t\t\t\t<div class=\"elementor-column elementor-col-100 elementor-top-column elementor-element elementor-element-0d7f8ef\" data-id=\"0d7f8ef\" data-element_type=\"column\" data-e-type=\"column\">\n\t\t\t<div class=\"elementor-widget-wrap elementor-element-populated\">\n\t\t\t\t\t\t<div class=\"elementor-element elementor-element-f5d02d6 elementor-widget elementor-widget-text-editor\" data-id=\"f5d02d6\" data-element_type=\"widget\" data-e-type=\"widget\" data-widget_type=\"text-editor.default\">\n\t\t\t\t\t\t\t\t\t<p>Los viejes continuaron y las giras tambi\u00e9n, sin embargo conforme pasaron los a\u00f1os, los Hurtado se fueron casando y formando familias. En 1925 se establecieron definitivamente en Nueva York, seg\u00fan relata el propio Jes\u00fas Hurtado en sus memorias.\u00a0<\/p><p>Con el advenimiento del cine decayeron muchos espect\u00e1culos y tambi\u00e9n el trabajo de los marimbistas. Jes\u00fas se mud\u00f3 a San Diego en 1930. Posteriormente los hermanos se radicaron en San Francisco. El \u00e9xito de la marimba Royal prosigui\u00f3 por dos d\u00e9cadas m\u00e1s, hasta el deceso de Jes\u00fas Hurtado en 1959.\u00a0<\/p><p><a href=\"https:\/\/ls3.usac.edu.gt\/revindex\/articulos\/editor5-r480_pi5_pfi67_ra101VOL21.pdf\">Sus memorias fueron escritas<\/a> un a\u00f1o antes. El \u00faltimo de los integrantes originales en fallecer fue \u00d3scar Hurtado, en 1983.<\/p><p><a href=\"https:\/\/ls3.usac.edu.gt\/revindex\/articulos\/editor5-r480_pi5_pfi67_ra101VOL21.pdf\">Con informaci\u00f3n de las Memorias de Jes\u00fas B. Hurtado, publicadas por la USAC. Para acceso a todo el libro en PDF, clic aqu\u00ed<\/a><\/p>\t\t\t\t\t\t\t\t<\/div>\n\t\t\t\t\t<\/div>\n\t\t<\/div>\n\t\t\t\t\t<\/div>\n\t\t<\/section>\n\t\t\t\t<section data-particle_enable=\"false\" data-particle-mobile-disabled=\"false\" class=\"elementor-section elementor-top-section elementor-element elementor-element-83d9de4 elementor-section-boxed elementor-section-height-default elementor-section-height-default\" data-id=\"83d9de4\" data-element_type=\"section\" data-e-type=\"section\">\n\t\t\t\t\t\t<div class=\"elementor-container elementor-column-gap-default\">\n\t\t\t\t\t<div class=\"elementor-column elementor-col-100 elementor-top-column elementor-element elementor-element-1aa1812\" data-id=\"1aa1812\" data-element_type=\"column\" data-e-type=\"column\">\n\t\t\t<div class=\"elementor-widget-wrap elementor-element-populated\">\n\t\t\t\t\t\t<div class=\"elementor-element elementor-element-907ee29 elementor-widget elementor-widget-image\" data-id=\"907ee29\" data-element_type=\"widget\" data-e-type=\"widget\" data-widget_type=\"image.default\">\n\t\t\t\t\t\t\t\t\t\t\t\t<figure class=\"wp-caption\">\n\t\t\t\t\t\t\t\t\t\t<img loading=\"lazy\" decoding=\"async\" width=\"847\" height=\"575\" src=\"https:\/\/soymigrante.com\/revista\/wp-content\/uploads\/2024\/05\/Captura-de-pantalla-2024-05-31-152653-1.webp\" class=\"attachment-large size-large wp-image-6783\" alt=\"Los hermanos Hurtado, integrantes de la marimba Royal: la primera de doble teclado en tocar en EE,.UU. Sentados, de izquierda a derecha: Toribio, Daniel, Jes\u00fas y Gabriel Hurtado. De pie en el mismo orden, sus hijos: Jacinto, Alfonso, Rocael y Gustavo Hurtado. Colecci\u00f3n de Marimba Princesita de los Hermano Betancourt, incluida en las memorias de Jes\u00fas B. Hurtado)\" srcset=\"https:\/\/soymigrante.com\/revista\/wp-content\/uploads\/2024\/05\/Captura-de-pantalla-2024-05-31-152653-1.webp 847w, https:\/\/soymigrante.com\/revista\/wp-content\/uploads\/2024\/05\/Captura-de-pantalla-2024-05-31-152653-1-300x204.webp 300w, https:\/\/soymigrante.com\/revista\/wp-content\/uploads\/2024\/05\/Captura-de-pantalla-2024-05-31-152653-1-768x521.webp 768w, https:\/\/soymigrante.com\/revista\/wp-content\/uploads\/2024\/05\/Captura-de-pantalla-2024-05-31-152653-1-750x509.webp 750w\" sizes=\"(max-width: 847px) 100vw, 847px\" title=\"Los hermanos Hurtado, integrantes de la marimba Royal: la primera de doble teclado en tocar en EE,.UU. Sentados, de izquierda a derecha: Toribio, Daniel, Jes\u00fas y Gabriel Hurtado. De pie en el mismo orden, sus hijos: Jacinto, Alfonso, Rocael y Gustavo Hurtado.  Colecci\u00f3n de Marimba Princesita de los Hermano Betancourt, incluida en las memorias de  Jes\u00fas B. Hurtado) \u2013 SoyMigrante.com REVISTA\" \/>\t\t\t\t\t\t\t\t\t\t\t<figcaption class=\"widget-image-caption wp-caption-text\">Los hermanos Hurtado, integrantes de la marimba Royal: la primera de doble teclado en tocar en EE,.UU. Sentados, de izquierda a derecha: Toribio, Daniel, Jes\u00fas y Gabriel Hurtado. De pie en el mismo orden, sus hijos: Jacinto, Alfonso, Rocael y Gustavo Hurtado.  Colecci\u00f3n de Marimba Princesita de los Hermano Betancourt, incluida en las memorias de  Jes\u00fas B. Hurtado)<\/figcaption>\n\t\t\t\t\t\t\t\t\t\t<\/figure>\n\t\t\t\t\t\t\t\t\t<\/div>\n\t\t\t\t\t<\/div>\n\t\t<\/div>\n\t\t\t\t\t<\/div>\n\t\t<\/section>\n\t\t<div data-particle_enable=\"false\" data-particle-mobile-disabled=\"false\" class=\"elementor-element elementor-element-a761e9b e-flex e-con-boxed e-con e-parent\" data-id=\"a761e9b\" data-element_type=\"container\" data-e-type=\"container\">\n\t\t\t\t\t<div class=\"e-con-inner\">\n\t\t\t\t<div class=\"elementor-element elementor-element-ccb7c8f elementor-widget elementor-widget-global elementor-global-52097 elementor-widget-heading\" data-id=\"ccb7c8f\" data-element_type=\"widget\" data-e-type=\"widget\" data-widget_type=\"heading.default\">\n\t\t\t\t\t<h2 class=\"elementor-heading-title elementor-size-default\">Quiz\u00e1 tambi\u00e9n te podr\u00eda interesar<\/h2>\t\t\t\t<\/div>\n\t\t\t\t\t<\/div>\n\t\t\t\t<\/div>\n\t\t\t\t<section data-particle_enable=\"false\" data-particle-mobile-disabled=\"false\" class=\"elementor-section elementor-top-section elementor-element elementor-element-4f28439 elementor-section-boxed elementor-section-height-default elementor-section-height-default\" data-id=\"4f28439\" data-element_type=\"section\" data-e-type=\"section\">\n\t\t\t\t\t\t<div class=\"elementor-container elementor-column-gap-default\">\n\t\t\t\t\t<div class=\"elementor-column elementor-col-100 elementor-top-column elementor-element elementor-element-b25b4aa\" data-id=\"b25b4aa\" data-element_type=\"column\" data-e-type=\"column\">\n\t\t\t<div class=\"elementor-widget-wrap elementor-element-populated\">\n\t\t\t\t\t\t<div class=\"elementor-element elementor-element-ebea6bc elementor-widget elementor-widget-blfe-post-grid\" data-id=\"ebea6bc\" data-element_type=\"widget\" data-e-type=\"widget\" data-settings=\"{&quot;columns&quot;:&quot;12&quot;,&quot;columns_tablet&quot;:&quot;6&quot;,&quot;columns_mobile&quot;:&quot;12&quot;,&quot;hero1_slides_to_show&quot;:3,&quot;hero1_slides_to_show_tablet&quot;:2,&quot;hero1_slides_to_show_mobile&quot;:1,&quot;hero1_autoplay&quot;:&quot;yes&quot;,&quot;hero1_autoplay_speed&quot;:5000,&quot;hero1_pause_on_hover&quot;:&quot;no&quot;,&quot;hero1_loop&quot;:&quot;yes&quot;,&quot;hero1_animation_speed&quot;:200,&quot;hero1_navigation&quot;:&quot;dots&quot;,&quot;hero1_carousel_arrow_size&quot;:{&quot;unit&quot;:&quot;px&quot;,&quot;size&quot;:&quot;&quot;,&quot;sizes&quot;:[]},&quot;hero1_carousel_arrow_size_tablet&quot;:{&quot;unit&quot;:&quot;px&quot;,&quot;size&quot;:&quot;&quot;,&quot;sizes&quot;:[]},&quot;hero1_carousel_arrow_size_mobile&quot;:{&quot;unit&quot;:&quot;px&quot;,&quot;size&quot;:&quot;&quot;,&quot;sizes&quot;:[]},&quot;hero1_carousel_arrow_height&quot;:{&quot;unit&quot;:&quot;px&quot;,&quot;size&quot;:&quot;&quot;,&quot;sizes&quot;:[]},&quot;hero1_carousel_arrow_height_tablet&quot;:{&quot;unit&quot;:&quot;px&quot;,&quot;size&quot;:&quot;&quot;,&quot;sizes&quot;:[]},&quot;hero1_carousel_arrow_height_mobile&quot;:{&quot;unit&quot;:&quot;px&quot;,&quot;size&quot;:&quot;&quot;,&quot;sizes&quot;:[]},&quot;hero1_carousel_arrow_width&quot;:{&quot;unit&quot;:&quot;px&quot;,&quot;size&quot;:&quot;&quot;,&quot;sizes&quot;:[]},&quot;hero1_carousel_arrow_width_tablet&quot;:{&quot;unit&quot;:&quot;px&quot;,&quot;size&quot;:&quot;&quot;,&quot;sizes&quot;:[]},&quot;hero1_carousel_arrow_width_mobile&quot;:{&quot;unit&quot;:&quot;px&quot;,&quot;size&quot;:&quot;&quot;,&quot;sizes&quot;:[]},&quot;hero1_carousel_dots_size&quot;:{&quot;unit&quot;:&quot;px&quot;,&quot;size&quot;:&quot;&quot;,&quot;sizes&quot;:[]},&quot;hero1_carousel_dots_size_tablet&quot;:{&quot;unit&quot;:&quot;px&quot;,&quot;size&quot;:&quot;&quot;,&quot;sizes&quot;:[]},&quot;hero1_carousel_dots_size_mobile&quot;:{&quot;unit&quot;:&quot;px&quot;,&quot;size&quot;:&quot;&quot;,&quot;sizes&quot;:[]}}\" data-widget_type=\"blfe-post-grid.hero1\">\n\t\t\t\t<div class=\"elementor-widget-container\">\n\t\t\t\t\t\n            \n                <div data-skin=\"hero1\" class=\"blfe-row blfe-posts-inner blfe-hero1      blfe-carousel  \">\n                            <div class=\"blfe-post-grid-item\">\n            <div class=\"blfe-post-grid-item-inner blfe-modern-zoom\">\n                        <div class=\"blfe-post-grid-bg-image\">\n            <a class=\"blfe-post-grid-image-inner\" href=\"https:\/\/soymigrante.com\/revista\/10-datos-del-quetzal-que-tal-vez-ya-conocias-o-quiza-no\/\" title=\"\u00bfEn d\u00f3nde habita el Quetzal?&#8230; y otras 10 preguntas sobre el ave s\u00edmbolo de Guatemala\" rel=\"nofollow\" target=\"_blank\"><img decoding=\"async\" src=\"https:\/\/soymigrante.com\/revista\/wp-content\/uploads\/2023\/03\/soy-migrante-quetzal-alimenta-se-ve-pichon-credito-ottoniel-cojulun.webp\" alt=\"\u00bfEn d\u00f3nde habita el Quetzal?&#8230; y otras 10 preguntas sobre el ave s\u00edmbolo de Guatemala\"\/><\/a>        <\/div>\n                        <div class=\"blfe-post-grid-details\">\n                    <div class=\"blfe-post-grid-details-inner\">\n                        <span class=\"blfe-post-category\"><a href=\"https:\/\/soymigrante.com\/revista\/category\/guate-nuestra\/\">Guate Nuestra<\/a><\/span>                        <h3 class=\"blfe-post-grid-title\">\n            <a href=\"https:\/\/soymigrante.com\/revista\/10-datos-del-quetzal-que-tal-vez-ya-conocias-o-quiza-no\/\" title=\"\u00bfEn d\u00f3nde habita el Quetzal?&#8230; y otras 10 preguntas sobre el ave s\u00edmbolo de Guatemala\" rel=\"nofollow\" target=\"_blank\">\u00bfEn d\u00f3nde habita el Quetzal?&#8230; y otras 10 preguntas sobre el ave s\u00edmbolo de Guatemala<\/a>\n            <\/h3>                                                            <div class=\"blfe-post-grid-meta\">\n                <span class=\"blfe-post-grid-time\"><i class=\"fas fa-book-reader\"><\/i>9 Min read<\/span>            <\/div>\n                                                        <\/div>\n                <\/div>\n\n            <\/div>\n        <\/div>\n                <div class=\"blfe-post-grid-item\">\n            <div class=\"blfe-post-grid-item-inner blfe-modern-zoom\">\n                        <div class=\"blfe-post-grid-bg-image\">\n            <a class=\"blfe-post-grid-image-inner\" href=\"https:\/\/soymigrante.com\/revista\/himno-nacional-de-guatemala-6-fechas-que-todo-guatemalteco-debe-conocer\/\" title=\"\u00bfCu\u00e1ndo y d\u00f3nde se estren\u00f3 oficialmente Himno Nacional de Guatemala ?\" rel=\"nofollow\" target=\"_blank\"><img decoding=\"async\" src=\"https:\/\/soymigrante.com\/revista\/wp-content\/uploads\/2025\/03\/himno-nacional.webp\" alt=\"\u00bfCu\u00e1ndo y d\u00f3nde se estren\u00f3 oficialmente Himno Nacional de Guatemala ?\"\/><\/a>        <\/div>\n                        <div class=\"blfe-post-grid-details\">\n                    <div class=\"blfe-post-grid-details-inner\">\n                        <span class=\"blfe-post-category\"><a href=\"https:\/\/soymigrante.com\/revista\/category\/guate-nuestra\/simbolos-patrios-guate-nuestra\/\">S\u00edmbolos patrios<\/a><\/span>                        <h3 class=\"blfe-post-grid-title\">\n            <a href=\"https:\/\/soymigrante.com\/revista\/himno-nacional-de-guatemala-6-fechas-que-todo-guatemalteco-debe-conocer\/\" title=\"\u00bfCu\u00e1ndo y d\u00f3nde se estren\u00f3 oficialmente Himno Nacional de Guatemala ?\" rel=\"nofollow\" target=\"_blank\">\u00bfCu\u00e1ndo y d\u00f3nde se estren\u00f3 oficialmente Himno Nacional de Guatemala ?<\/a>\n            <\/h3>                                                            <div class=\"blfe-post-grid-meta\">\n                <span class=\"blfe-post-grid-time\"><i class=\"fas fa-book-reader\"><\/i>10 Min read<\/span>            <\/div>\n                                                        <\/div>\n                <\/div>\n\n            <\/div>\n        <\/div>\n                <div class=\"blfe-post-grid-item\">\n            <div class=\"blfe-post-grid-item-inner blfe-modern-zoom\">\n                        <div class=\"blfe-post-grid-bg-image\">\n            <a class=\"blfe-post-grid-image-inner\" href=\"https:\/\/soymigrante.com\/revista\/simbolos-patrios-8-datos-de-la-monja-blanca-que-tal-vez-ya-conocias-o-quiza-no\/\" title=\"\u00bfPor qu\u00e9 el 11 de febrero es el d\u00eda de la Monja Blanca, S\u00edmbolo Nacional de Guatemala?\" rel=\"nofollow\" target=\"_blank\"><img decoding=\"async\" src=\"https:\/\/soymigrante.com\/revista\/wp-content\/uploads\/2023\/11\/archilarium-5-1.webp\" alt=\"\u00bfPor qu\u00e9 el 11 de febrero es el d\u00eda de la Monja Blanca, S\u00edmbolo Nacional de Guatemala?\"\/><\/a>        <\/div>\n                        <div class=\"blfe-post-grid-details\">\n                    <div class=\"blfe-post-grid-details-inner\">\n                        <span class=\"blfe-post-category\"><a href=\"https:\/\/soymigrante.com\/revista\/category\/guate-nuestra\/\">Guate Nuestra<\/a><\/span>                        <h3 class=\"blfe-post-grid-title\">\n            <a href=\"https:\/\/soymigrante.com\/revista\/simbolos-patrios-8-datos-de-la-monja-blanca-que-tal-vez-ya-conocias-o-quiza-no\/\" title=\"\u00bfPor qu\u00e9 el 11 de febrero es el d\u00eda de la Monja Blanca, S\u00edmbolo Nacional de Guatemala?\" rel=\"nofollow\" target=\"_blank\">\u00bfPor qu\u00e9 el 11 de febrero es el d\u00eda de la Monja Blanca, S\u00edmbolo Nacional de Guatemala?<\/a>\n            <\/h3>                                                            <div class=\"blfe-post-grid-meta\">\n                <span class=\"blfe-post-grid-time\"><i class=\"fas fa-book-reader\"><\/i>8 Min read<\/span>            <\/div>\n                                                        <\/div>\n                <\/div>\n\n            <\/div>\n        <\/div>\n                <div class=\"blfe-post-grid-item\">\n            <div class=\"blfe-post-grid-item-inner blfe-modern-zoom\">\n                        <div class=\"blfe-post-grid-bg-image\">\n            <a class=\"blfe-post-grid-image-inner\" href=\"https:\/\/soymigrante.com\/revista\/simbolos-patrios-de-guatemala-bandera-nacional\/\" title=\"La bandera Nacional de Guatemala: colores azul y blanco tambi\u00e9n son bicentenarios\" rel=\"nofollow\" target=\"_blank\"><img decoding=\"async\" src=\"https:\/\/soymigrante.com\/revista\/wp-content\/uploads\/2023\/10\/guatemaltecos-houston-1.webp\" alt=\"La bandera Nacional de Guatemala: colores azul y blanco tambi\u00e9n son bicentenarios\"\/><\/a>        <\/div>\n                        <div class=\"blfe-post-grid-details\">\n                    <div class=\"blfe-post-grid-details-inner\">\n                        <span class=\"blfe-post-category\"><a href=\"https:\/\/soymigrante.com\/revista\/category\/guate-nuestra\/\">Guate Nuestra<\/a><\/span>                        <h3 class=\"blfe-post-grid-title\">\n            <a href=\"https:\/\/soymigrante.com\/revista\/simbolos-patrios-de-guatemala-bandera-nacional\/\" title=\"La bandera Nacional de Guatemala: colores azul y blanco tambi\u00e9n son bicentenarios\" rel=\"nofollow\" target=\"_blank\">La bandera Nacional de Guatemala: colores azul y blanco tambi\u00e9n son bicentenarios<\/a>\n            <\/h3>                                                            <div class=\"blfe-post-grid-meta\">\n                <span class=\"blfe-post-grid-time\"><i class=\"fas fa-book-reader\"><\/i>7 Min read<\/span>            <\/div>\n                                                        <\/div>\n                <\/div>\n\n            <\/div>\n        <\/div>\n                <div class=\"blfe-post-grid-item\">\n            <div class=\"blfe-post-grid-item-inner blfe-modern-zoom\">\n                        <div class=\"blfe-post-grid-bg-image\">\n            <a class=\"blfe-post-grid-image-inner\" href=\"https:\/\/soymigrante.com\/revista\/simbolos-patrios-la-ceiba-arbol-nacional-de-guatemala\/\" title=\"\u00bfPorqu\u00e9 el 8 de marzo es d\u00eda de la Ceiba Pentandra,  \u00c1rbol Nacional de Guatemala?\" rel=\"nofollow\" target=\"_blank\"><img decoding=\"async\" src=\"https:\/\/soymigrante.com\/revista\/wp-content\/uploads\/2025\/03\/CEIBA-TIQUISATE-scaled.webp\" alt=\"\u00bfPorqu\u00e9 el 8 de marzo es d\u00eda de la Ceiba Pentandra,  \u00c1rbol Nacional de Guatemala?\"\/><\/a>        <\/div>\n                        <div class=\"blfe-post-grid-details\">\n                    <div class=\"blfe-post-grid-details-inner\">\n                        <span class=\"blfe-post-category\"><a href=\"https:\/\/soymigrante.com\/revista\/category\/guate-nuestra\/simbolos-patrios-guate-nuestra\/\">S\u00edmbolos patrios<\/a><\/span>                        <h3 class=\"blfe-post-grid-title\">\n            <a href=\"https:\/\/soymigrante.com\/revista\/simbolos-patrios-la-ceiba-arbol-nacional-de-guatemala\/\" title=\"\u00bfPorqu\u00e9 el 8 de marzo es d\u00eda de la Ceiba Pentandra,  \u00c1rbol Nacional de Guatemala?\" rel=\"nofollow\" target=\"_blank\">\u00bfPorqu\u00e9 el 8 de marzo es d\u00eda de la Ceiba Pentandra,  \u00c1rbol Nacional de Guatemala?<\/a>\n            <\/h3>                                                            <div class=\"blfe-post-grid-meta\">\n                <span class=\"blfe-post-grid-time\"><i class=\"fas fa-book-reader\"><\/i>7 Min read<\/span>            <\/div>\n                                                        <\/div>\n                <\/div>\n\n            <\/div>\n        <\/div>\n                        <\/div>\n\n            \n            \t\t\t\t<\/div>\n\t\t\t\t<\/div>\n\t\t\t\t\t<\/div>\n\t\t<\/div>\n\t\t\t\t\t<\/div>\n\t\t<\/section>\n\t\t\t\t<\/div>\n\t\t","protected":false},"excerpt":{"rendered":"<p>Viene el D\u00eda de la Marimba y vale la pena recordar: En 1908 los hermanos marimbistas Hurtado llegan a Estados Unidos a presentarse y volvieron en 1915. Pero antes de ellos ya el hormigo hab\u00eda sonado en aquel pa\u00eds&#8230; conoce m\u00e1s. En 1908 llegaron a Estados Unidos los Hermanos Hurtado, a presentarse con su marimba, [&hellip;]<\/p>\n","protected":false},"author":7,"featured_media":6775,"comment_status":"open","ping_status":"open","sticky":false,"template":"","format":"standard","meta":{"_acf_changed":false,"_eb_attr":"","footnotes":""},"categories":[91,58],"tags":[],"class_list":["post-6774","post","type-post","status-publish","format-standard","has-post-thumbnail","hentry","category-arte-cultura","category-guate-nuestra"],"acf":[],"aioseo_notices":[],"aioseo_head":"\n\t\t<!-- All in One SEO Pro 4.9.6.2 - aioseo.com -->\n\t<meta name=\"description\" content=\"\u00bfDesde cu\u00e1ndo la Ceiba Pentandra es \u00e1rbol nacional de Guatemala? \u00bfPor qu\u00e9 se conmemora su d\u00eda el 8 de marzo? Esto y m\u00e1s sobre el m\u00e1s frondoso s\u00edmbolo patrio.\" \/>\n\t<meta name=\"robots\" content=\"max-snippet:-1, max-image-preview:large, max-video-preview:-1\" \/>\n\t<meta name=\"author\" content=\"Gustavo Montenegro\"\/>\n\t<link rel=\"canonical\" href=\"https:\/\/soymigrante.com\/revista\/simbolos-patrios-la-ceiba-arbol-nacional-de-guatemala\/\" \/>\n\t<meta name=\"generator\" content=\"All in One SEO Pro (AIOSEO) 4.9.6.2\" \/>\n\n\t\t<link rel=\"preconnect\" href=\"https:\/\/fonts.googleapis.com\" crossorigin>\n<link rel=\"preconnect\" href=\"https:\/\/fonts.gstatic.com\" crossorigin>\n\t\t<meta property=\"og:locale\" content=\"es_ES\" \/>\n\t\t<meta property=\"og:site_name\" content=\"SoyMigrante.com REVISTA \u2013 Nuestra misi\u00f3n es reconocer y dignificar al migrante.\" \/>\n\t\t<meta property=\"og:type\" content=\"article\" \/>\n\t\t<meta property=\"og:title\" content=\"\u00bfEl 8 de marzo es D\u00eda de la Ceiba Arbol Nacional de Guatemala?\" \/>\n\t\t<meta property=\"og:description\" content=\"\u00bfDesde cu\u00e1ndo la Ceiba Pentandra es \u00e1rbol nacional de Guatemala? \u00bfPor qu\u00e9 se conmemora su d\u00eda el 8 de marzo? Esto y m\u00e1s sobre el m\u00e1s frondoso s\u00edmbolo patrio.\" \/>\n\t\t<meta property=\"og:url\" content=\"https:\/\/soymigrante.com\/revista\/simbolos-patrios-la-ceiba-arbol-nacional-de-guatemala\/\" \/>\n\t\t<meta property=\"og:image\" content=\"https:\/\/soymigrante.com\/revista\/wp-content\/uploads\/2025\/03\/CEIBA-TIQUISATE-scaled.webp\" \/>\n\t\t<meta property=\"og:image:secure_url\" content=\"https:\/\/soymigrante.com\/revista\/wp-content\/uploads\/2025\/03\/CEIBA-TIQUISATE-scaled.webp\" \/>\n\t\t<meta property=\"og:image:width\" content=\"1440\" \/>\n\t\t<meta property=\"og:image:height\" content=\"1920\" \/>\n\t\t<meta property=\"article:published_time\" content=\"2025-03-08T15:51:46+00:00\" \/>\n\t\t<meta property=\"article:modified_time\" content=\"2025-09-15T22:11:08+00:00\" \/>\n\t\t<meta property=\"article:publisher\" content=\"https:\/\/www.facebook.com\/soymigrantecom\" \/>\n\t\t<meta name=\"twitter:card\" content=\"summary_large_image\" \/>\n\t\t<meta name=\"twitter:site\" content=\"@SoyMigrante_com\" \/>\n\t\t<meta name=\"twitter:title\" content=\"\u00bfEl 8 de marzo es D\u00eda de la Ceiba Arbol Nacional de Guatemala?\" \/>\n\t\t<meta name=\"twitter:description\" content=\"\u00bfDesde cu\u00e1ndo la Ceiba Pentandra es \u00e1rbol nacional de Guatemala? \u00bfPor qu\u00e9 se conmemora su d\u00eda el 8 de marzo? Esto y m\u00e1s sobre el m\u00e1s frondoso s\u00edmbolo patrio.\" \/>\n\t\t<meta name=\"twitter:creator\" content=\"@SoyMigrante_com\" \/>\n\t\t<meta name=\"twitter:image\" content=\"https:\/\/soymigrante.com\/revista\/wp-content\/uploads\/2025\/03\/CEIBA-TIQUISATE-scaled.webp\" \/>\n\t\t<!-- All in One SEO Pro -->\r\n\t\t<title>\u00bfEl 8 de marzo es D\u00eda de la Ceiba Arbol Nacional de Guatemala?<\/title>\n\n","aioseo_head_json":{"title":"\u00bfEl 8 de marzo es D\u00eda de la Ceiba Arbol Nacional de Guatemala?","description":"\u00bfDesde cu\u00e1ndo la Ceiba Pentandra es \u00e1rbol nacional de Guatemala? \u00bfPor qu\u00e9 se conmemora su d\u00eda el 8 de marzo? Esto y m\u00e1s sobre el m\u00e1s frondoso s\u00edmbolo patrio.","canonical_url":"https:\/\/soymigrante.com\/revista\/simbolos-patrios-la-ceiba-arbol-nacional-de-guatemala\/","robots":"max-snippet:-1, max-image-preview:large, max-video-preview:-1","keywords":"","webmasterTools":{"miscellaneous":"&lt;link rel=\"preconnect\" href=\"https:\/\/fonts.googleapis.com\" crossorigin&gt;\n&lt;link rel=\"preconnect\" href=\"https:\/\/fonts.gstatic.com\" crossorigin&gt;"},"schema":null,"og:locale":"es_ES","og:site_name":"SoyMigrante.com REVISTA \u2013 Nuestra misi\u00f3n es reconocer y dignificar al migrante.","og:type":"article","og:title":"\u00bfEl 8 de marzo es D\u00eda de la Ceiba Arbol Nacional de Guatemala?","og:description":"\u00bfDesde cu\u00e1ndo la Ceiba Pentandra es \u00e1rbol nacional de Guatemala? \u00bfPor qu\u00e9 se conmemora su d\u00eda el 8 de marzo? Esto y m\u00e1s sobre el m\u00e1s frondoso s\u00edmbolo patrio.","og:url":"https:\/\/soymigrante.com\/revista\/simbolos-patrios-la-ceiba-arbol-nacional-de-guatemala\/","og:image":"https:\/\/soymigrante.com\/revista\/wp-content\/uploads\/2025\/03\/CEIBA-TIQUISATE-scaled.webp","og:image:secure_url":"https:\/\/soymigrante.com\/revista\/wp-content\/uploads\/2025\/03\/CEIBA-TIQUISATE-scaled.webp","og:image:width":1440,"og:image:height":1920,"article:published_time":"2025-03-08T15:51:46+00:00","article:modified_time":"2025-09-15T22:11:08+00:00","article:publisher":"https:\/\/www.facebook.com\/soymigrantecom","twitter:card":"summary_large_image","twitter:site":"@SoyMigrante_com","twitter:title":"\u00bfEl 8 de marzo es D\u00eda de la Ceiba Arbol Nacional de Guatemala?","twitter:description":"\u00bfDesde cu\u00e1ndo la Ceiba Pentandra es \u00e1rbol nacional de Guatemala? \u00bfPor qu\u00e9 se conmemora su d\u00eda el 8 de marzo? Esto y m\u00e1s sobre el m\u00e1s frondoso s\u00edmbolo patrio.","twitter:creator":"@SoyMigrante_com","twitter:image":"https:\/\/soymigrante.com\/revista\/wp-content\/uploads\/2025\/03\/CEIBA-TIQUISATE-scaled.webp"},"aioseo_meta_data":{"post_id":"6774","title":null,"description":"La marimba Hurtado llega a Estados Unidos en 1909 y 1915 para efectuar giras; pero ya antes de ellos hab\u00edan llegado otras marimbas guatemaltecas. \u00bfLo sab\u00edas?","keywords":null,"keyphrases":{"focus":{"keyphrase":"Marimba guatemalteca","score":60,"analysis":{"keyphraseInTitle":{"score":9,"maxScore":9,"error":0},"keyphraseInDescription":{"score":3,"maxScore":9,"error":1},"keyphraseLength":{"score":9,"maxScore":9,"error":0,"length":2},"keyphraseInURL":{"score":5,"maxScore":5,"error":0},"keyphraseInIntroduction":{"score":9,"maxScore":9,"error":0},"keyphraseInSubHeadings":{"score":3,"maxScore":9,"error":1},"keyphraseInImageAlt":{"score":3,"maxScore":9,"error":1},"keywordDensity":{"score":0,"type":"low","maxScore":9,"error":1}}},"additional":[{"keyphrase":"Migrante","score":40,"analysis":{"keyphraseInDescription":{"score":3,"maxScore":9,"error":1},"keyphraseLength":{"score":9,"maxScore":9,"error":0,"length":1},"keyphraseInIntroduction":{"score":3,"maxScore":9,"error":1},"keyphraseInImageAlt":{"score":3,"maxScore":9,"error":1},"keywordDensity":{"score":0,"type":"low","maxScore":9,"error":1}}},{"keyphrase":"Migrante","score":40,"analysis":{"keyphraseInDescription":{"score":3,"maxScore":9,"error":1},"keyphraseLength":{"score":9,"maxScore":9,"error":0,"length":1},"keyphraseInIntroduction":{"score":3,"maxScore":9,"error":1},"keyphraseInImageAlt":{"score":3,"maxScore":9,"error":1},"keywordDensity":{"score":0,"type":"low","maxScore":9,"error":1}}}]},"primary_term":null,"canonical_url":null,"og_title":null,"og_description":null,"og_object_type":"default","og_image_type":"default","og_image_url":null,"og_image_width":null,"og_image_height":null,"og_image_custom_url":null,"og_image_custom_fields":null,"og_video":"","og_custom_url":null,"og_article_section":null,"og_article_tags":null,"twitter_use_og":false,"twitter_card":"default","twitter_image_type":"default","twitter_image_url":null,"twitter_image_custom_url":null,"twitter_image_custom_fields":null,"twitter_title":null,"twitter_description":null,"schema":{"blockGraphs":[],"customGraphs":[],"default":{"data":{"Article":[],"Course":[],"Dataset":[],"FAQPage":[],"Movie":[],"Person":[],"Product":[],"ProductReview":[],"Car":[],"Recipe":[],"Service":[],"SoftwareApplication":[],"WebPage":[]},"graphName":"NewsArticle","isEnabled":true},"graphs":[]},"schema_type":"default","schema_type_options":null,"pillar_content":false,"robots_default":true,"robots_noindex":false,"robots_noarchive":false,"robots_nosnippet":false,"robots_nofollow":false,"robots_noimageindex":false,"robots_noodp":false,"robots_notranslate":false,"robots_max_snippet":"-1","robots_max_videopreview":"-1","robots_max_imagepreview":"large","priority":null,"frequency":"default","local_seo":null,"seo_analyzer_scan_date":null,"breadcrumb_settings":null,"limit_modified_date":false,"reviewed_by":"0","open_ai":"{\"title\":{\"suggestions\":[],\"usage\":0},\"description\":{\"suggestions\":[],\"usage\":0}}","ai":{"faqs":[],"keyPoints":[],"titles":[],"descriptions":[],"socialPosts":{"email":[],"linkedin":[],"twitter":[],"facebook":[],"instagram":[]}},"created":"2024-05-31 23:28:24","updated":"2026-03-06 15:45:41"},"aioseo_breadcrumb":"<div class=\"aioseo-breadcrumbs\"><span class=\"aioseo-breadcrumb\">\n\t<a href=\"https:\/\/soymigrante.com\/revista\" title=\"Home\">Home<\/a>\n<\/span><span class=\"aioseo-breadcrumb-separator\">\u00bb<\/span><span class=\"aioseo-breadcrumb\">\n\t<a href=\"https:\/\/soymigrante.com\/revista\/category\/guate-nuestra\/\" title=\"Guate Nuestra\">Guate Nuestra<\/a>\n<\/span><span class=\"aioseo-breadcrumb-separator\">\u00bb<\/span><span class=\"aioseo-breadcrumb\">\n\t<a href=\"https:\/\/soymigrante.com\/revista\/category\/guate-nuestra\/arte-cultura\/\" title=\"Cultura de Guatemala\">Cultura de Guatemala<\/a>\n<\/span><span class=\"aioseo-breadcrumb-separator\">\u00bb<\/span><span class=\"aioseo-breadcrumb\">\n\t\u00bfCu\u00e1ndo lleg\u00f3 la primera marimba guatemalteca migrante a Estados Unidos?\n<\/span><\/div>","aioseo_breadcrumb_json":[{"label":"Home","link":"https:\/\/soymigrante.com\/revista"},{"label":"Guate Nuestra","link":"https:\/\/soymigrante.com\/revista\/category\/guate-nuestra\/"},{"label":"Cultura de Guatemala","link":"https:\/\/soymigrante.com\/revista\/category\/guate-nuestra\/arte-cultura\/"},{"label":"\u00bfCu\u00e1ndo lleg\u00f3 la primera marimba guatemalteca migrante a Estados Unidos?","link":"https:\/\/soymigrante.com\/revista\/cuando-llego-la-primera-marimba-guatemalteca-migrante-a-usa\/"}],"_links":{"self":[{"href":"https:\/\/soymigrante.com\/revista\/wp-json\/wp\/v2\/posts\/6774","targetHints":{"allow":["GET"]}}],"collection":[{"href":"https:\/\/soymigrante.com\/revista\/wp-json\/wp\/v2\/posts"}],"about":[{"href":"https:\/\/soymigrante.com\/revista\/wp-json\/wp\/v2\/types\/post"}],"author":[{"embeddable":true,"href":"https:\/\/soymigrante.com\/revista\/wp-json\/wp\/v2\/users\/7"}],"replies":[{"embeddable":true,"href":"https:\/\/soymigrante.com\/revista\/wp-json\/wp\/v2\/comments?post=6774"}],"version-history":[{"count":5,"href":"https:\/\/soymigrante.com\/revista\/wp-json\/wp\/v2\/posts\/6774\/revisions"}],"predecessor-version":[{"id":52500,"href":"https:\/\/soymigrante.com\/revista\/wp-json\/wp\/v2\/posts\/6774\/revisions\/52500"}],"wp:featuredmedia":[{"embeddable":true,"href":"https:\/\/soymigrante.com\/revista\/wp-json\/wp\/v2\/media\/6775"}],"wp:attachment":[{"href":"https:\/\/soymigrante.com\/revista\/wp-json\/wp\/v2\/media?parent=6774"}],"wp:term":[{"taxonomy":"category","embeddable":true,"href":"https:\/\/soymigrante.com\/revista\/wp-json\/wp\/v2\/categories?post=6774"},{"taxonomy":"post_tag","embeddable":true,"href":"https:\/\/soymigrante.com\/revista\/wp-json\/wp\/v2\/tags?post=6774"}],"curies":[{"name":"wp","href":"https:\/\/api.w.org\/{rel}","templated":true}]}}