{"id":6735,"date":"2024-05-30T09:48:58","date_gmt":"2024-05-30T15:48:58","guid":{"rendered":"https:\/\/soymigrante.com\/revista\/?p=6735"},"modified":"2024-11-01T11:54:01","modified_gmt":"2024-11-01T17:54:01","slug":"migrantes-de-los-angeles-impulsan-casas-de-la-cultura-en-el-pais","status":"publish","type":"post","link":"https:\/\/soymigrante.com\/revista\/migrantes-de-los-angeles-impulsan-casas-de-la-cultura-en-el-pais\/","title":{"rendered":"Migrantes de Los Angeles impulsan casas de la cultura en el pa\u00eds"},"content":{"rendered":"\t\t<div data-elementor-type=\"wp-post\" data-elementor-id=\"6735\" class=\"elementor elementor-6735\" data-elementor-post-type=\"post\">\n\t\t\t\t\t\t<section data-particle_enable=\"false\" data-particle-mobile-disabled=\"false\" class=\"elementor-section elementor-top-section elementor-element elementor-element-15623fe elementor-section-boxed elementor-section-height-default elementor-section-height-default\" data-id=\"15623fe\" data-element_type=\"section\" data-e-type=\"section\">\n\t\t\t\t\t\t<div class=\"elementor-container elementor-column-gap-default\">\n\t\t\t\t\t<div class=\"elementor-column elementor-col-100 elementor-top-column elementor-element elementor-element-eb3a663\" data-id=\"eb3a663\" data-element_type=\"column\" data-e-type=\"column\">\n\t\t\t<div class=\"elementor-widget-wrap elementor-element-populated\">\n\t\t\t\t\t\t<div class=\"elementor-element elementor-element-2c8f29d elementor-widget elementor-widget-heading\" data-id=\"2c8f29d\" data-element_type=\"widget\" data-e-type=\"widget\" data-widget_type=\"heading.default\">\n\t\t\t\t\t<h2 class=\"elementor-heading-title elementor-size-default\">Migrantes de la Casa de la Cultura de Guatemala en Los \u00c1ngeles, California abrieron  hace 3 a\u00f1os su primera subsede en Mazatenango, Guatemala y ahora abrir\u00e1n la segunda en Chichicastenango, Quich\u00e9.<\/h2>\t\t\t\t<\/div>\n\t\t\t\t\t<\/div>\n\t\t<\/div>\n\t\t\t\t\t<\/div>\n\t\t<\/section>\n\t\t\t\t<section data-particle_enable=\"false\" data-particle-mobile-disabled=\"false\" class=\"elementor-section elementor-top-section elementor-element elementor-element-b527a95 elementor-section-boxed elementor-section-height-default elementor-section-height-default\" data-id=\"b527a95\" data-element_type=\"section\" data-e-type=\"section\">\n\t\t\t\t\t\t<div class=\"elementor-container elementor-column-gap-default\">\n\t\t\t\t\t<div class=\"elementor-column elementor-col-100 elementor-top-column elementor-element elementor-element-750a93e\" data-id=\"750a93e\" data-element_type=\"column\" data-e-type=\"column\">\n\t\t\t<div class=\"elementor-widget-wrap elementor-element-populated\">\n\t\t\t\t\t\t<div class=\"elementor-element elementor-element-30582b3 elementor-widget elementor-widget-text-editor\" data-id=\"30582b3\" data-element_type=\"widget\" data-e-type=\"widget\" data-widget_type=\"text-editor.default\">\n\t\t\t\t\t\t\t\t\t<p>\u201cPor muchos a\u00f1os deseamos tener subsedes en Guatemala. Hay una organizaci\u00f3n de casas de la cultura fuimos parte del grupo en la d\u00e9cada de 1980, pero nos retiramos porque no representaban nuestros intereses, unas casas persiguen fines pol\u00edticos, otras funcionan solo para la feria titular y organizar un concurso de poes\u00eda, pero nada m\u00e1s; no contribuyen a promover el arte, manifest\u00f3 Byron V\u00e1squez, presidente de la Casa de la Cultura de Guatemala en Los \u00c1ngeles, durante el anuncio de la apertura de la nueva sede cultural en Chichicastenango.\u00a0<\/p><p>La Casa de la Cultura de Guatemala en Los \u00c1ngeles sede Chichicastenango comenzar\u00e1 a funcionar en los pr\u00f3ximos meses con cursos de mecanograf\u00eda computarizada y m\u00fasica, para fin de a\u00f1o prev\u00e9n contar con m\u00e1s cursos para ni\u00f1os y j\u00f3venes.<\/p><p>Uno de los \u00e9xitos de esta entidad cultural es que no depende de fondos del Estado. V\u00e1squez explic\u00f3 que la organizaci\u00f3n cultural se financia de los talleres y cursos que ofrecen, subray\u00f3 que no son una oeneg\u00e9, que no reciben financiamiento del Gobierno de Guatemala ni de ninguna Municipalidad.<\/p>\t\t\t\t\t\t\t\t<\/div>\n\t\t\t\t\t<\/div>\n\t\t<\/div>\n\t\t\t\t\t<\/div>\n\t\t<\/section>\n\t\t\t\t<section data-particle_enable=\"false\" data-particle-mobile-disabled=\"false\" class=\"elementor-section elementor-top-section elementor-element elementor-element-9f7d03f elementor-section-boxed elementor-section-height-default elementor-section-height-default\" data-id=\"9f7d03f\" data-element_type=\"section\" data-e-type=\"section\">\n\t\t\t\t\t\t<div class=\"elementor-container elementor-column-gap-default\">\n\t\t\t\t\t<div class=\"elementor-column elementor-col-100 elementor-top-column elementor-element elementor-element-f7b1626\" data-id=\"f7b1626\" data-element_type=\"column\" data-e-type=\"column\">\n\t\t\t<div class=\"elementor-widget-wrap elementor-element-populated\">\n\t\t\t\t\t\t<div class=\"elementor-element elementor-element-90c81ac elementor-widget elementor-widget-image\" data-id=\"90c81ac\" data-element_type=\"widget\" data-e-type=\"widget\" data-widget_type=\"image.default\">\n\t\t\t\t\t\t\t\t\t\t\t\t\t\t\t<img fetchpriority=\"high\" decoding=\"async\" width=\"768\" height=\"578\" src=\"https:\/\/soymigrante.com\/revista\/wp-content\/uploads\/2024\/05\/Emprendedores-de-Chichicastenango-reconocieron-la-labor-de-la-Casa-de-la-Cultura-de-Guatemala-en-Los-Angeles-e1717044372728-1024x771.webp\" class=\"attachment-large size-large wp-image-6738\" alt=\"Reconocimiento a la comunidad guatemalteca en Estados Unidos en un evento cultural con funcionarios y miembros de la comunidad portando banderas y certificados.\" srcset=\"https:\/\/soymigrante.com\/revista\/wp-content\/uploads\/2024\/05\/Emprendedores-de-Chichicastenango-reconocieron-la-labor-de-la-Casa-de-la-Cultura-de-Guatemala-en-Los-Angeles-e1717044372728-1024x771.webp 1024w, https:\/\/soymigrante.com\/revista\/wp-content\/uploads\/2024\/05\/Emprendedores-de-Chichicastenango-reconocieron-la-labor-de-la-Casa-de-la-Cultura-de-Guatemala-en-Los-Angeles-e1717044372728-300x226.webp 300w, https:\/\/soymigrante.com\/revista\/wp-content\/uploads\/2024\/05\/Emprendedores-de-Chichicastenango-reconocieron-la-labor-de-la-Casa-de-la-Cultura-de-Guatemala-en-Los-Angeles-e1717044372728-768x578.webp 768w, https:\/\/soymigrante.com\/revista\/wp-content\/uploads\/2024\/05\/Emprendedores-de-Chichicastenango-reconocieron-la-labor-de-la-Casa-de-la-Cultura-de-Guatemala-en-Los-Angeles-e1717044372728-1536x1157.webp 1536w, https:\/\/soymigrante.com\/revista\/wp-content\/uploads\/2024\/05\/Emprendedores-de-Chichicastenango-reconocieron-la-labor-de-la-Casa-de-la-Cultura-de-Guatemala-en-Los-Angeles-e1717044372728-750x565.webp 750w, https:\/\/soymigrante.com\/revista\/wp-content\/uploads\/2024\/05\/Emprendedores-de-Chichicastenango-reconocieron-la-labor-de-la-Casa-de-la-Cultura-de-Guatemala-en-Los-Angeles-e1717044372728-1140x858.webp 1140w, https:\/\/soymigrante.com\/revista\/wp-content\/uploads\/2024\/05\/Emprendedores-de-Chichicastenango-reconocieron-la-labor-de-la-Casa-de-la-Cultura-de-Guatemala-en-Los-Angeles-e1717044372728.webp 1713w\" sizes=\"(max-width: 768px) 100vw, 768px\" title=\"Emprendedores de Chichicastenango reconocieron la labor de la Casa de la Cultura de Guatemala en Los \u00c1ngeles \u2013 SoyMigrante.com REVISTA\" \/>\t\t\t\t\t\t\t\t\t\t\t\t\t\t\t<\/div>\n\t\t\t\t\t<\/div>\n\t\t<\/div>\n\t\t\t\t\t<\/div>\n\t\t<\/section>\n\t\t\t\t<section data-particle_enable=\"false\" data-particle-mobile-disabled=\"false\" class=\"elementor-section elementor-top-section elementor-element elementor-element-0885b84 elementor-section-boxed elementor-section-height-default elementor-section-height-default\" data-id=\"0885b84\" data-element_type=\"section\" data-e-type=\"section\">\n\t\t\t\t\t\t<div class=\"elementor-container elementor-column-gap-default\">\n\t\t\t\t\t<div class=\"elementor-column elementor-col-100 elementor-top-column elementor-element elementor-element-6d77829\" data-id=\"6d77829\" data-element_type=\"column\" data-e-type=\"column\">\n\t\t\t<div class=\"elementor-widget-wrap elementor-element-populated\">\n\t\t\t\t\t\t<div class=\"elementor-element elementor-element-4cbb517 elementor-widget elementor-widget-text-editor\" data-id=\"4cbb517\" data-element_type=\"widget\" data-e-type=\"widget\" data-widget_type=\"text-editor.default\">\n\t\t\t\t\t\t\t\t\t<p>\u201cLa Casa de la Cultura en Los \u00c1ngeles naci\u00f3 hace 40 con el esp\u00edritu de ayudar a los migrantes. Una casa de la cultura debe ser el centro de acopio de los valores culturales de su comunidad y donde se debe fortalecer el esp\u00edritu para que los ni\u00f1os y j\u00f3venes tengan oportunidades porque aqu\u00ed \u2013 Guatemala \u2013 no les dan oportunidades.\u201d, dijo V\u00e1squez.<\/p>\t\t\t\t\t\t\t\t<\/div>\n\t\t\t\t\t<\/div>\n\t\t<\/div>\n\t\t\t\t\t<\/div>\n\t\t<\/section>\n\t\t\t\t<section data-particle_enable=\"false\" data-particle-mobile-disabled=\"false\" class=\"elementor-section elementor-top-section elementor-element elementor-element-52bc8f4 elementor-section-boxed elementor-section-height-default elementor-section-height-default\" data-id=\"52bc8f4\" data-element_type=\"section\" data-e-type=\"section\">\n\t\t\t\t\t\t<div class=\"elementor-container elementor-column-gap-default\">\n\t\t\t\t\t<div class=\"elementor-column elementor-col-100 elementor-top-column elementor-element elementor-element-838a9c2\" data-id=\"838a9c2\" data-element_type=\"column\" data-e-type=\"column\">\n\t\t\t<div class=\"elementor-widget-wrap elementor-element-populated\">\n\t\t\t\t\t\t<div class=\"elementor-element elementor-element-c216102 elementor-widget elementor-widget-heading\" data-id=\"c216102\" data-element_type=\"widget\" data-e-type=\"widget\" data-widget_type=\"heading.default\">\n\t\t\t\t\t<h3 class=\"elementor-heading-title elementor-size-default\">J\u00f3venes y ni\u00f1os aprovechan cursos<\/h3>\t\t\t\t<\/div>\n\t\t\t\t\t<\/div>\n\t\t<\/div>\n\t\t\t\t\t<\/div>\n\t\t<\/section>\n\t\t\t\t<section data-particle_enable=\"false\" data-particle-mobile-disabled=\"false\" class=\"elementor-section elementor-top-section elementor-element elementor-element-3bdd055 elementor-section-boxed elementor-section-height-default elementor-section-height-default\" data-id=\"3bdd055\" data-element_type=\"section\" data-e-type=\"section\">\n\t\t\t\t\t\t<div class=\"elementor-container elementor-column-gap-default\">\n\t\t\t\t\t<div class=\"elementor-column elementor-col-100 elementor-top-column elementor-element elementor-element-d5f0e17\" data-id=\"d5f0e17\" data-element_type=\"column\" data-e-type=\"column\">\n\t\t\t<div class=\"elementor-widget-wrap elementor-element-populated\">\n\t\t\t\t\t\t<div class=\"elementor-element elementor-element-abc7f2b elementor-widget elementor-widget-text-editor\" data-id=\"abc7f2b\" data-element_type=\"widget\" data-e-type=\"widget\" data-widget_type=\"text-editor.default\">\n\t\t\t\t\t\t\t\t\t<p>La Casa de la Cultura de Guatemala en Los \u00c1ngeles sede Mazatenango, Suchitep\u00e9quez, fue inaugurada en noviembre de 2019, pero comenz\u00f3 a funcionar en el a\u00f1o 2020.<\/p><p>A la fecha se ofrecen siete cursos para ni\u00f1os y j\u00f3venes, algunos de los curos son: marimba, ajedrez, arte y pintura e ingl\u00e9s.<\/p><p>Mar\u00eda Barrera, encargada de la Casa del Cultura en Mazatenango, detall\u00f3 que a la cuota mensual es de Q100, los estudiantes asisten dos veces a la semana a clases. En la actualidad son 75 j\u00f3venes y ni\u00f1os quienes reciben asisten.<\/p><p>La Casa de la Cultura en Mazatenango funcionan en la 2a. avenida, colonia Aceituno, zona 2. \u00a0\u00a0<\/p>\t\t\t\t\t\t\t\t<\/div>\n\t\t\t\t\t<\/div>\n\t\t<\/div>\n\t\t\t\t\t<\/div>\n\t\t<\/section>\n\t\t\t\t<section data-particle_enable=\"false\" data-particle-mobile-disabled=\"false\" class=\"elementor-section elementor-top-section elementor-element elementor-element-1da5297 elementor-section-boxed elementor-section-height-default elementor-section-height-default\" data-id=\"1da5297\" data-element_type=\"section\" data-e-type=\"section\">\n\t\t\t\t\t\t<div class=\"elementor-container elementor-column-gap-default\">\n\t\t\t\t\t<div class=\"elementor-column elementor-col-100 elementor-top-column elementor-element elementor-element-199e6a3\" data-id=\"199e6a3\" data-element_type=\"column\" data-e-type=\"column\">\n\t\t\t<div class=\"elementor-widget-wrap elementor-element-populated\">\n\t\t\t\t\t\t<div class=\"elementor-element elementor-element-7f88d54 elementor-widget elementor-widget-image\" data-id=\"7f88d54\" data-element_type=\"widget\" data-e-type=\"widget\" data-widget_type=\"image.default\">\n\t\t\t\t\t\t\t\t\t\t\t\t\t\t\t<img decoding=\"async\" width=\"768\" height=\"345\" src=\"https:\/\/soymigrante.com\/revista\/wp-content\/uploads\/2024\/05\/La-Casa-de-la-Cultura-de-Guatemala-en-Los-Angeles-subsede-Mazatenango-ofrece-siete-cursos-para-ninos-y-jovenes-1024x460.webp\" class=\"attachment-large size-large wp-image-6739\" alt=\"Estudiantes en un aula de clases de computaci\u00f3n con varios ordenadores Apple, realizando actividades educativas digitales, en un ambiente escolar colorido y motivador.\" srcset=\"https:\/\/soymigrante.com\/revista\/wp-content\/uploads\/2024\/05\/La-Casa-de-la-Cultura-de-Guatemala-en-Los-Angeles-subsede-Mazatenango-ofrece-siete-cursos-para-ninos-y-jovenes-1024x460.webp 1024w, https:\/\/soymigrante.com\/revista\/wp-content\/uploads\/2024\/05\/La-Casa-de-la-Cultura-de-Guatemala-en-Los-Angeles-subsede-Mazatenango-ofrece-siete-cursos-para-ninos-y-jovenes-300x135.webp 300w, https:\/\/soymigrante.com\/revista\/wp-content\/uploads\/2024\/05\/La-Casa-de-la-Cultura-de-Guatemala-en-Los-Angeles-subsede-Mazatenango-ofrece-siete-cursos-para-ninos-y-jovenes-768x345.webp 768w, https:\/\/soymigrante.com\/revista\/wp-content\/uploads\/2024\/05\/La-Casa-de-la-Cultura-de-Guatemala-en-Los-Angeles-subsede-Mazatenango-ofrece-siete-cursos-para-ninos-y-jovenes-1536x691.webp 1536w, https:\/\/soymigrante.com\/revista\/wp-content\/uploads\/2024\/05\/La-Casa-de-la-Cultura-de-Guatemala-en-Los-Angeles-subsede-Mazatenango-ofrece-siete-cursos-para-ninos-y-jovenes-scaled.webp 1920w, https:\/\/soymigrante.com\/revista\/wp-content\/uploads\/2024\/05\/La-Casa-de-la-Cultura-de-Guatemala-en-Los-Angeles-subsede-Mazatenango-ofrece-siete-cursos-para-ninos-y-jovenes-750x337.webp 750w, https:\/\/soymigrante.com\/revista\/wp-content\/uploads\/2024\/05\/La-Casa-de-la-Cultura-de-Guatemala-en-Los-Angeles-subsede-Mazatenango-ofrece-siete-cursos-para-ninos-y-jovenes-1140x513.webp 1140w\" sizes=\"(max-width: 768px) 100vw, 768px\" title=\"La Casa de la Cultura de Guatemala en Los \u00c1ngeles subsede Mazatenango ofrece siete cursos para ni\u00f1os y j\u00f3venes \u2013 SoyMigrante.com REVISTA\" \/>\t\t\t\t\t\t\t\t\t\t\t\t\t\t\t<\/div>\n\t\t\t\t\t<\/div>\n\t\t<\/div>\n\t\t\t\t\t<\/div>\n\t\t<\/section>\n\t\t\t\t<section data-particle_enable=\"false\" data-particle-mobile-disabled=\"false\" class=\"elementor-section elementor-top-section elementor-element elementor-element-0d8560d elementor-section-boxed elementor-section-height-default elementor-section-height-default\" data-id=\"0d8560d\" data-element_type=\"section\" data-e-type=\"section\">\n\t\t\t\t\t\t<div class=\"elementor-container elementor-column-gap-default\">\n\t\t\t\t\t<div class=\"elementor-column elementor-col-100 elementor-top-column elementor-element elementor-element-464021b\" data-id=\"464021b\" data-element_type=\"column\" data-e-type=\"column\">\n\t\t\t<div class=\"elementor-widget-wrap elementor-element-populated\">\n\t\t\t\t\t\t<div class=\"elementor-element elementor-element-72cbd3a elementor-widget elementor-widget-heading\" data-id=\"72cbd3a\" data-element_type=\"widget\" data-e-type=\"widget\" data-widget_type=\"heading.default\">\n\t\t\t\t\t<h3 class=\"elementor-heading-title elementor-size-default\">Migrantes buscan aumentar el comercio entre Guatemala y USA<\/h3>\t\t\t\t<\/div>\n\t\t\t\t\t<\/div>\n\t\t<\/div>\n\t\t\t\t\t<\/div>\n\t\t<\/section>\n\t\t\t\t<section data-particle_enable=\"false\" data-particle-mobile-disabled=\"false\" class=\"elementor-section elementor-top-section elementor-element elementor-element-a9b8f7f elementor-section-boxed elementor-section-height-default elementor-section-height-default\" data-id=\"a9b8f7f\" data-element_type=\"section\" data-e-type=\"section\">\n\t\t\t\t\t\t<div class=\"elementor-container elementor-column-gap-default\">\n\t\t\t\t\t<div class=\"elementor-column elementor-col-100 elementor-top-column elementor-element elementor-element-9e75962\" data-id=\"9e75962\" data-element_type=\"column\" data-e-type=\"column\">\n\t\t\t<div class=\"elementor-widget-wrap elementor-element-populated\">\n\t\t\t\t\t\t<div class=\"elementor-element elementor-element-ac1f0cd elementor-widget elementor-widget-text-editor\" data-id=\"ac1f0cd\" data-element_type=\"widget\" data-e-type=\"widget\" data-widget_type=\"text-editor.default\">\n\t\t\t\t\t\t\t\t\t<p>La instalaci\u00f3n de la sede cultural en Chichicastenango es el objetivo principal de los directivos de la Casa de la Cultura de Guatemala en Los \u00c1ngeles. Sin embargo, con este hermanamiento surgi\u00f3 tambi\u00e9n el inter\u00e9s de emprendedores de este municipio para promover a trav\u00e9s de la sede cultural en Los \u00c1ngeles sus productos artesanales y textiles.<\/p><p>La familia Calel propietario de Dise\u00f1os Calel especializados en la confecci\u00f3n y venta de ropa t\u00edpica fueron los anfitriones de la comitiva de migrantes que llegaron a Chichicastenango para hacer oficial la apertura de sede cultural.<\/p><p>La Casa del Cultura en Los \u00c1ngeles puso a disposici\u00f3n de los artesanos su plataforma virtual The Mayan Heart Artisans que promueve la venta de productos guatemaltecos en Estados Unidos.<\/p>\t\t\t\t\t\t\t\t<\/div>\n\t\t\t\t\t<\/div>\n\t\t<\/div>\n\t\t\t\t\t<\/div>\n\t\t<\/section>\n\t\t\t\t<section data-particle_enable=\"false\" data-particle-mobile-disabled=\"false\" class=\"elementor-section elementor-top-section elementor-element elementor-element-bbdd4fe elementor-section-boxed elementor-section-height-default elementor-section-height-default\" data-id=\"bbdd4fe\" data-element_type=\"section\" data-e-type=\"section\">\n\t\t\t\t\t\t<div class=\"elementor-container elementor-column-gap-default\">\n\t\t\t\t\t<div class=\"elementor-column elementor-col-100 elementor-top-column elementor-element elementor-element-d9cd9c8\" data-id=\"d9cd9c8\" data-element_type=\"column\" data-e-type=\"column\">\n\t\t\t<div class=\"elementor-widget-wrap elementor-element-populated\">\n\t\t\t\t\t\t<div class=\"elementor-element elementor-element-a3d11a0 elementor-widget elementor-widget-html\" data-id=\"a3d11a0\" data-element_type=\"widget\" data-e-type=\"widget\" data-widget_type=\"html.default\">\n\t\t\t\t\t<iframe src=\"https:\/\/www.facebook.com\/plugins\/post.php?href=https%3A%2F%2Fwww.facebook.com%2Fsofia.sierra.7%2Fposts%2Fpfbid02fpBghzh1hzmjDf3FaUZHtgataSGWJjayuaSY1iMrxRHeFMpKXE7WYQ8G2LGagHSZl&show_text=true&width=500&is_preview=true\" width=\"500\" height=\"728\" style=\"border:none;overflow:hidden\" scrolling=\"no\" frameborder=\"0\" allowfullscreen=\"true\" allow=\"autoplay; clipboard-write; encrypted-media; picture-in-picture; web-share\"><\/iframe>\t\t\t\t<\/div>\n\t\t\t\t\t<\/div>\n\t\t<\/div>\n\t\t\t\t\t<\/div>\n\t\t<\/section>\n\t\t\t\t<section data-particle_enable=\"false\" data-particle-mobile-disabled=\"false\" class=\"elementor-section elementor-top-section elementor-element elementor-element-3309c45 elementor-section-boxed elementor-section-height-default elementor-section-height-default\" data-id=\"3309c45\" data-element_type=\"section\" data-e-type=\"section\">\n\t\t\t\t\t\t<div class=\"elementor-container elementor-column-gap-default\">\n\t\t\t\t\t<div class=\"elementor-column elementor-col-100 elementor-top-column elementor-element elementor-element-d7c8b2e\" data-id=\"d7c8b2e\" data-element_type=\"column\" data-e-type=\"column\">\n\t\t\t<div class=\"elementor-widget-wrap elementor-element-populated\">\n\t\t\t\t\t\t<div class=\"elementor-element elementor-element-7ae5d23 elementor-widget-divider--view-line elementor-widget elementor-widget-divider\" data-id=\"7ae5d23\" data-element_type=\"widget\" data-e-type=\"widget\" data-widget_type=\"divider.default\">\n\t\t\t\t\t\t\t<div class=\"elementor-divider\">\n\t\t\t<span class=\"elementor-divider-separator\">\n\t\t\t\t\t\t<\/span>\n\t\t<\/div>\n\t\t\t\t\t\t<\/div>\n\t\t\t\t\t<\/div>\n\t\t<\/div>\n\t\t\t\t\t<\/div>\n\t\t<\/section>\n\t\t\t\t<section data-particle_enable=\"false\" data-particle-mobile-disabled=\"false\" class=\"elementor-section elementor-top-section elementor-element elementor-element-8c877de elementor-section-boxed elementor-section-height-default elementor-section-height-default\" data-id=\"8c877de\" data-element_type=\"section\" data-e-type=\"section\">\n\t\t\t\t\t\t<div class=\"elementor-container elementor-column-gap-default\">\n\t\t\t\t\t<div class=\"elementor-column elementor-col-100 elementor-top-column elementor-element elementor-element-3c14fb6\" data-id=\"3c14fb6\" data-element_type=\"column\" data-e-type=\"column\">\n\t\t\t<div class=\"elementor-widget-wrap elementor-element-populated\">\n\t\t\t\t\t\t<div class=\"elementor-element elementor-element-f46efdd elementor-widget elementor-widget-heading\" data-id=\"f46efdd\" data-element_type=\"widget\" data-e-type=\"widget\" data-widget_type=\"heading.default\">\n\t\t\t\t\t<h2 class=\"elementor-heading-title elementor-size-default\">Multiculturalidad guatemalteca <\/h2>\t\t\t\t<\/div>\n\t\t\t\t\t<\/div>\n\t\t<\/div>\n\t\t\t\t\t<\/div>\n\t\t<\/section>\n\t\t\t\t<section data-particle_enable=\"false\" data-particle-mobile-disabled=\"false\" class=\"elementor-section elementor-top-section elementor-element elementor-element-679bb42 elementor-section-boxed elementor-section-height-default elementor-section-height-default\" data-id=\"679bb42\" data-element_type=\"section\" data-e-type=\"section\">\n\t\t\t\t\t\t<div class=\"elementor-container elementor-column-gap-default\">\n\t\t\t\t\t<div class=\"elementor-column elementor-col-100 elementor-top-column elementor-element elementor-element-2b2289a\" data-id=\"2b2289a\" data-element_type=\"column\" data-e-type=\"column\">\n\t\t\t<div class=\"elementor-widget-wrap elementor-element-populated\">\n\t\t\t\t\t\t<div class=\"elementor-element elementor-element-56c6568 elementor-widget elementor-widget-blfe-post-grid\" data-id=\"56c6568\" data-element_type=\"widget\" data-e-type=\"widget\" data-settings=\"{&quot;columns&quot;:&quot;3&quot;,&quot;columns_tablet&quot;:&quot;6&quot;,&quot;columns_mobile&quot;:&quot;12&quot;,&quot;hero1_layout_column_gap&quot;:{&quot;unit&quot;:&quot;px&quot;,&quot;size&quot;:30,&quot;sizes&quot;:[]},&quot;hero1_layout_column_gap_tablet&quot;:{&quot;unit&quot;:&quot;px&quot;,&quot;size&quot;:&quot;&quot;,&quot;sizes&quot;:[]},&quot;hero1_layout_column_gap_mobile&quot;:{&quot;unit&quot;:&quot;px&quot;,&quot;size&quot;:&quot;&quot;,&quot;sizes&quot;:[]},&quot;hero1_layout_row_gap&quot;:{&quot;unit&quot;:&quot;px&quot;,&quot;size&quot;:30,&quot;sizes&quot;:[]},&quot;hero1_layout_row_gap_tablet&quot;:{&quot;unit&quot;:&quot;px&quot;,&quot;size&quot;:&quot;&quot;,&quot;sizes&quot;:[]},&quot;hero1_layout_row_gap_mobile&quot;:{&quot;unit&quot;:&quot;px&quot;,&quot;size&quot;:&quot;&quot;,&quot;sizes&quot;:[]}}\" data-widget_type=\"blfe-post-grid.hero1\">\n\t\t\t\t<div class=\"elementor-widget-container\">\n\t\t\t\t\t\n                        <div class=\"blfe-post-grid-container \">\n            \n                <div data-skin=\"hero1\" class=\"blfe-row blfe-posts-inner blfe-hero1 blfe-posts-inner blfe-col-3 blfe-col-tab-6 blfe-col-mob-12     \">\n                            <div class=\"blfe-post-grid-item\">\n            <div class=\"blfe-post-grid-item-inner blfe-modern-zoom\">\n                        <div class=\"blfe-post-grid-bg-image\">\n            <a class=\"blfe-post-grid-image-inner\" href=\"https:\/\/soymigrante.com\/revista\/como-fue-vencido-cabrakan-el-gigante-de-los-terremotos-en-el-popol-vuh\/\" title=\"\u00bfC\u00f3mo fue vencido Cabrak\u00e1n, el gigante de los terremotos en el Popol Vuh?\" rel=\"nofollow\" target=\"_blank\"><img decoding=\"async\" src=\"https:\/\/soymigrante.com\/revista\/wp-content\/uploads\/2025\/07\/cabracan-o-cabrakan-dios-maya-de-los-terremotos-2.webp\" alt=\"\u00bfC\u00f3mo fue vencido Cabrak\u00e1n, el gigante de los terremotos en el Popol Vuh?\"\/><\/a>        <\/div>\n                        <div class=\"blfe-post-grid-details\">\n                    <div class=\"blfe-post-grid-details-inner\">\n                        <span class=\"blfe-post-category\"><a href=\"https:\/\/soymigrante.com\/revista\/category\/guate-nuestra\/\">Guate Nuestra<\/a><\/span>                        <h3 class=\"blfe-post-grid-title\">\n            <a href=\"https:\/\/soymigrante.com\/revista\/como-fue-vencido-cabrakan-el-gigante-de-los-terremotos-en-el-popol-vuh\/\" title=\"\u00bfC\u00f3mo fue vencido Cabrak\u00e1n, el gigante de los terremotos en el Popol Vuh?\" rel=\"nofollow\" target=\"_blank\">\u00bfC\u00f3mo fue vencido Cabrak\u00e1n, el gigante de los terremotos en el Popol Vuh?<\/a>\n            <\/h3>                                                                                            <\/div>\n                <\/div>\n\n            <\/div>\n        <\/div>\n                <div class=\"blfe-post-grid-item\">\n            <div class=\"blfe-post-grid-item-inner blfe-modern-zoom\">\n                        <div class=\"blfe-post-grid-bg-image\">\n            <a class=\"blfe-post-grid-image-inner\" href=\"https:\/\/soymigrante.com\/revista\/piedras-de-kabtzin-huehuetenango-cuchumatanes-leyenda-misterio\/\" title=\"\u00bfConoces la leyenda de las piedras de Kab&#8217;Tzin en Huehuetenango?\" rel=\"nofollow\" target=\"_blank\"><img decoding=\"async\" src=\"https:\/\/soymigrante.com\/revista\/wp-content\/uploads\/2025\/07\/piedras-de-capsin-5-e1753064925683.webp\" alt=\"\u00bfConoces la leyenda de las piedras de Kab&#8217;Tzin en Huehuetenango?\"\/><\/a>        <\/div>\n                        <div class=\"blfe-post-grid-details\">\n                    <div class=\"blfe-post-grid-details-inner\">\n                        <span class=\"blfe-post-category\"><a href=\"https:\/\/soymigrante.com\/revista\/category\/guate-nuestra\/\">Guate Nuestra<\/a><\/span>                        <h3 class=\"blfe-post-grid-title\">\n            <a href=\"https:\/\/soymigrante.com\/revista\/piedras-de-kabtzin-huehuetenango-cuchumatanes-leyenda-misterio\/\" title=\"\u00bfConoces la leyenda de las piedras de Kab&#8217;Tzin en Huehuetenango?\" rel=\"nofollow\" target=\"_blank\">\u00bfConoces la leyenda de las piedras de Kab&#8217;Tzin en Huehuetenango?<\/a>\n            <\/h3>                                                                                            <\/div>\n                <\/div>\n\n            <\/div>\n        <\/div>\n                <div class=\"blfe-post-grid-item\">\n            <div class=\"blfe-post-grid-item-inner blfe-modern-zoom\">\n                        <div class=\"blfe-post-grid-bg-image\">\n            <a class=\"blfe-post-grid-image-inner\" href=\"https:\/\/soymigrante.com\/revista\/ruta-volcanica-hunahpu-el-antiguo-nombre-del-volcan-de-agua-lo-sabias\/\" title=\"\u00bfCu\u00e1l es el nombre prehisp\u00e1nico del Volc\u00e1n de Agua?\" rel=\"nofollow\" target=\"_blank\"><img decoding=\"async\" src=\"https:\/\/soymigrante.com\/revista\/wp-content\/uploads\/2025\/02\/Volcan-de-Agua-desde-el-Acatenango-1.webp\" alt=\"\u00bfCu\u00e1l es el nombre prehisp\u00e1nico del Volc\u00e1n de Agua?\"\/><\/a>        <\/div>\n                        <div class=\"blfe-post-grid-details\">\n                    <div class=\"blfe-post-grid-details-inner\">\n                        <span class=\"blfe-post-category\"><a href=\"https:\/\/soymigrante.com\/revista\/category\/guate-nuestra\/\">Guate Nuestra<\/a><\/span>                        <h3 class=\"blfe-post-grid-title\">\n            <a href=\"https:\/\/soymigrante.com\/revista\/ruta-volcanica-hunahpu-el-antiguo-nombre-del-volcan-de-agua-lo-sabias\/\" title=\"\u00bfCu\u00e1l es el nombre prehisp\u00e1nico del Volc\u00e1n de Agua?\" rel=\"nofollow\" target=\"_blank\">\u00bfCu\u00e1l es el nombre prehisp\u00e1nico del Volc\u00e1n de Agua?<\/a>\n            <\/h3>                                                                                            <\/div>\n                <\/div>\n\n            <\/div>\n        <\/div>\n                        <\/div>\n\n                        <\/div>\n            \n                        <div class=\"blfe-post-footer\">\n                        <\/div>\n            \t\t\t\t<\/div>\n\t\t\t\t<\/div>\n\t\t\t\t\t<\/div>\n\t\t<\/div>\n\t\t\t\t\t<\/div>\n\t\t<\/section>\n\t\t\t\t<\/div>\n\t\t","protected":false},"excerpt":{"rendered":"<p>Migrantes de la Casa de la Cultura de Guatemala en Los \u00c1ngeles, California abrieron hace 3 a\u00f1os su primera subsede en Mazatenango, Guatemala y ahora abrir\u00e1n la segunda en Chichicastenango, Quich\u00e9. \u201cPor muchos a\u00f1os deseamos tener subsedes en Guatemala. Hay una organizaci\u00f3n de casas de la cultura fuimos parte del grupo en la d\u00e9cada de [&hellip;]<\/p>\n","protected":false},"author":14,"featured_media":6736,"comment_status":"open","ping_status":"open","sticky":false,"template":"","format":"standard","meta":{"_acf_changed":false,"_eb_attr":"","footnotes":""},"categories":[54],"tags":[],"class_list":["post-6735","post","type-post","status-publish","format-standard","has-post-thumbnail","hentry","category-estamos-unidos"],"acf":[],"aioseo_notices":[],"aioseo_head":"\n\t\t<!-- All in One SEO Pro 4.9.6.2 - aioseo.com -->\n\t<meta name=\"description\" content=\"El Volc\u00e1n de Agua, con sus 3,766 metros de altura, se alza majestuosamente entre Escuintla y Sacatep\u00e9quez. Expl\u00f3ralo.\" \/>\n\t<meta name=\"robots\" content=\"max-snippet:-1, max-image-preview:large, max-video-preview:-1\" \/>\n\t<meta name=\"author\" content=\"SoyMigrante.com REVISTA\"\/>\n\t<link rel=\"canonical\" href=\"https:\/\/soymigrante.com\/revista\/ruta-volcanica-hunahpu-el-antiguo-nombre-del-volcan-de-agua-lo-sabias\/\" \/>\n\t<meta name=\"generator\" content=\"All in One SEO Pro (AIOSEO) 4.9.6.2\" \/>\n\n\t\t<link rel=\"preconnect\" href=\"https:\/\/fonts.googleapis.com\" crossorigin>\n<link rel=\"preconnect\" href=\"https:\/\/fonts.gstatic.com\" crossorigin>\n\t\t<meta property=\"og:locale\" content=\"es_ES\" \/>\n\t\t<meta property=\"og:site_name\" content=\"SoyMigrante.com REVISTA \u2013 Nuestra misi\u00f3n es reconocer y dignificar al migrante.\" \/>\n\t\t<meta property=\"og:type\" content=\"article\" \/>\n\t\t<meta property=\"og:title\" content=\"Hunahp\u00fa, el antiguo nombre del volc\u00e1n de Agua \u00bfLo sab\u00edas?\" \/>\n\t\t<meta property=\"og:description\" content=\"El Volc\u00e1n de Agua, con sus 3,766 metros de altura, se alza majestuosamente entre Escuintla y Sacatep\u00e9quez. Expl\u00f3ralo.\" \/>\n\t\t<meta property=\"og:url\" content=\"https:\/\/soymigrante.com\/revista\/ruta-volcanica-hunahpu-el-antiguo-nombre-del-volcan-de-agua-lo-sabias\/\" \/>\n\t\t<meta property=\"og:image\" content=\"https:\/\/soymigrante.com\/revista\/wp-content\/uploads\/2025\/02\/Volcan-de-Agua-desde-el-Acatenango-1.webp\" \/>\n\t\t<meta property=\"og:image:secure_url\" content=\"https:\/\/soymigrante.com\/revista\/wp-content\/uploads\/2025\/02\/Volcan-de-Agua-desde-el-Acatenango-1.webp\" \/>\n\t\t<meta property=\"og:image:width\" content=\"720\" \/>\n\t\t<meta property=\"og:image:height\" content=\"720\" \/>\n\t\t<meta property=\"article:published_time\" content=\"2025-06-06T10:00:00+00:00\" \/>\n\t\t<meta property=\"article:modified_time\" content=\"2025-09-17T14:12:35+00:00\" \/>\n\t\t<meta property=\"article:publisher\" content=\"https:\/\/www.facebook.com\/soymigrantecom\" \/>\n\t\t<meta name=\"twitter:card\" content=\"summary_large_image\" \/>\n\t\t<meta name=\"twitter:site\" content=\"@SoyMigrante_com\" \/>\n\t\t<meta name=\"twitter:title\" content=\"Hunahp\u00fa, el antiguo nombre del volc\u00e1n de Agua \u00bfLo sab\u00edas?\" \/>\n\t\t<meta name=\"twitter:description\" content=\"El Volc\u00e1n de Agua, con sus 3,766 metros de altura, se alza majestuosamente entre Escuintla y Sacatep\u00e9quez. Expl\u00f3ralo.\" \/>\n\t\t<meta name=\"twitter:creator\" content=\"@SoyMigrante_com\" \/>\n\t\t<meta name=\"twitter:image\" content=\"https:\/\/soymigrante.com\/revista\/wp-content\/uploads\/2025\/02\/Volcan-de-Agua-desde-el-Acatenango-1.webp\" \/>\n\t\t<!-- All in One SEO Pro -->\r\n\t\t<title>Hunahp\u00fa, el antiguo nombre del volc\u00e1n de Agua \u00bfLo sab\u00edas?<\/title>\n\n","aioseo_head_json":{"title":"Hunahp\u00fa, el antiguo nombre del volc\u00e1n de Agua \u00bfLo sab\u00edas?","description":"El Volc\u00e1n de Agua, con sus 3,766 metros de altura, se alza majestuosamente entre Escuintla y Sacatep\u00e9quez. Expl\u00f3ralo.","canonical_url":"https:\/\/soymigrante.com\/revista\/ruta-volcanica-hunahpu-el-antiguo-nombre-del-volcan-de-agua-lo-sabias\/","robots":"max-snippet:-1, max-image-preview:large, max-video-preview:-1","keywords":"","webmasterTools":{"miscellaneous":"&lt;link rel=\"preconnect\" href=\"https:\/\/fonts.googleapis.com\" crossorigin&gt;\n&lt;link rel=\"preconnect\" href=\"https:\/\/fonts.gstatic.com\" crossorigin&gt;"},"schema":null,"og:locale":"es_ES","og:site_name":"SoyMigrante.com REVISTA \u2013 Nuestra misi\u00f3n es reconocer y dignificar al migrante.","og:type":"article","og:title":"Hunahp\u00fa, el antiguo nombre del volc\u00e1n de Agua \u00bfLo sab\u00edas?","og:description":"El Volc\u00e1n de Agua, con sus 3,766 metros de altura, se alza majestuosamente entre Escuintla y Sacatep\u00e9quez. Expl\u00f3ralo.","og:url":"https:\/\/soymigrante.com\/revista\/ruta-volcanica-hunahpu-el-antiguo-nombre-del-volcan-de-agua-lo-sabias\/","og:image":"https:\/\/soymigrante.com\/revista\/wp-content\/uploads\/2025\/02\/Volcan-de-Agua-desde-el-Acatenango-1.webp","og:image:secure_url":"https:\/\/soymigrante.com\/revista\/wp-content\/uploads\/2025\/02\/Volcan-de-Agua-desde-el-Acatenango-1.webp","og:image:width":720,"og:image:height":720,"article:published_time":"2025-06-06T10:00:00+00:00","article:modified_time":"2025-09-17T14:12:35+00:00","article:publisher":"https:\/\/www.facebook.com\/soymigrantecom","twitter:card":"summary_large_image","twitter:site":"@SoyMigrante_com","twitter:title":"Hunahp\u00fa, el antiguo nombre del volc\u00e1n de Agua \u00bfLo sab\u00edas?","twitter:description":"El Volc\u00e1n de Agua, con sus 3,766 metros de altura, se alza majestuosamente entre Escuintla y Sacatep\u00e9quez. Expl\u00f3ralo.","twitter:creator":"@SoyMigrante_com","twitter:image":"https:\/\/soymigrante.com\/revista\/wp-content\/uploads\/2025\/02\/Volcan-de-Agua-desde-el-Acatenango-1.webp"},"aioseo_meta_data":{"post_id":"6735","title":"Migrantes fundan dos casas de cultura en Guatemala","description":"La Casa de la Cultura de Guatemala en Los Angeles, creada por migrantes chapines, impulsa artes y emprendimiento a trav\u00e9s de sedes departamentales.","keywords":null,"keyphrases":{"focus":{"keyphrase":"Migrantes","score":82,"analysis":{"keyphraseInTitle":{"score":9,"maxScore":9,"error":0},"keyphraseInDescription":{"score":9,"maxScore":9,"error":0},"keyphraseLength":{"score":9,"maxScore":9,"error":0,"length":1},"keyphraseInURL":{"score":5,"maxScore":5,"error":0},"keyphraseInIntroduction":{"score":3,"maxScore":9,"error":1},"keyphraseInSubHeadings":{"score":9,"maxScore":9,"error":0},"keyphraseInImageAlt":{"score":3,"maxScore":9,"error":1},"keywordDensity":{"type":"best","score":9,"maxScore":9,"error":0}}},"additional":[]},"primary_term":null,"canonical_url":null,"og_title":null,"og_description":null,"og_object_type":"default","og_image_type":"default","og_image_url":null,"og_image_width":null,"og_image_height":null,"og_image_custom_url":null,"og_image_custom_fields":null,"og_video":"","og_custom_url":null,"og_article_section":null,"og_article_tags":null,"twitter_use_og":false,"twitter_card":"default","twitter_image_type":"default","twitter_image_url":null,"twitter_image_custom_url":null,"twitter_image_custom_fields":null,"twitter_title":null,"twitter_description":null,"schema":{"blockGraphs":[],"customGraphs":[],"default":{"data":{"Article":[],"Course":[],"Dataset":[],"FAQPage":[],"Movie":[],"Person":[],"Product":[],"ProductReview":[],"Car":[],"Recipe":[],"Service":[],"SoftwareApplication":[],"WebPage":[]},"graphName":"Article","isEnabled":true},"graphs":[]},"schema_type":"default","schema_type_options":null,"pillar_content":false,"robots_default":true,"robots_noindex":false,"robots_noarchive":false,"robots_nosnippet":false,"robots_nofollow":false,"robots_noimageindex":false,"robots_noodp":false,"robots_notranslate":false,"robots_max_snippet":"-1","robots_max_videopreview":"-1","robots_max_imagepreview":"large","priority":null,"frequency":"default","local_seo":null,"seo_analyzer_scan_date":"2025-10-08 21:57:20","breadcrumb_settings":null,"limit_modified_date":false,"reviewed_by":null,"open_ai":"{\"title\":{\"suggestions\":[],\"usage\":0},\"description\":{\"suggestions\":[],\"usage\":0}}","ai":null,"created":"2024-05-30 03:49:41","updated":"2026-02-04 11:55:01"},"aioseo_breadcrumb":"<div class=\"aioseo-breadcrumbs\"><span class=\"aioseo-breadcrumb\">\n\t<a href=\"https:\/\/soymigrante.com\/revista\" title=\"Home\">Home<\/a>\n<\/span><span class=\"aioseo-breadcrumb-separator\">\u00bb<\/span><span class=\"aioseo-breadcrumb\">\n\t<a href=\"https:\/\/soymigrante.com\/revista\/category\/estamos-unidos\/\" title=\"Estamos Unidos\">Estamos Unidos<\/a>\n<\/span><span class=\"aioseo-breadcrumb-separator\">\u00bb<\/span><span class=\"aioseo-breadcrumb\">\n\tMigrantes de Los Angeles impulsan casas de la cultura en el pa\u00eds\n<\/span><\/div>","aioseo_breadcrumb_json":[{"label":"Home","link":"https:\/\/soymigrante.com\/revista"},{"label":"Estamos Unidos","link":"https:\/\/soymigrante.com\/revista\/category\/estamos-unidos\/"},{"label":"Migrantes de Los Angeles impulsan casas de la cultura en el pa\u00eds","link":"https:\/\/soymigrante.com\/revista\/migrantes-de-los-angeles-impulsan-casas-de-la-cultura-en-el-pais\/"}],"_links":{"self":[{"href":"https:\/\/soymigrante.com\/revista\/wp-json\/wp\/v2\/posts\/6735","targetHints":{"allow":["GET"]}}],"collection":[{"href":"https:\/\/soymigrante.com\/revista\/wp-json\/wp\/v2\/posts"}],"about":[{"href":"https:\/\/soymigrante.com\/revista\/wp-json\/wp\/v2\/types\/post"}],"author":[{"embeddable":true,"href":"https:\/\/soymigrante.com\/revista\/wp-json\/wp\/v2\/users\/14"}],"replies":[{"embeddable":true,"href":"https:\/\/soymigrante.com\/revista\/wp-json\/wp\/v2\/comments?post=6735"}],"version-history":[{"count":0,"href":"https:\/\/soymigrante.com\/revista\/wp-json\/wp\/v2\/posts\/6735\/revisions"}],"wp:featuredmedia":[{"embeddable":true,"href":"https:\/\/soymigrante.com\/revista\/wp-json\/wp\/v2\/media\/6736"}],"wp:attachment":[{"href":"https:\/\/soymigrante.com\/revista\/wp-json\/wp\/v2\/media?parent=6735"}],"wp:term":[{"taxonomy":"category","embeddable":true,"href":"https:\/\/soymigrante.com\/revista\/wp-json\/wp\/v2\/categories?post=6735"},{"taxonomy":"post_tag","embeddable":true,"href":"https:\/\/soymigrante.com\/revista\/wp-json\/wp\/v2\/tags?post=6735"}],"curies":[{"name":"wp","href":"https:\/\/api.w.org\/{rel}","templated":true}]}}