{"id":6717,"date":"2026-03-21T14:15:41","date_gmt":"2026-03-21T20:15:41","guid":{"rendered":"https:\/\/soymigrante.com\/revista\/?p=6717"},"modified":"2026-03-21T14:15:49","modified_gmt":"2026-03-21T20:15:49","slug":"playas-de-guatemala-donde-el-verano-siempre-esta-encendido","status":"publish","type":"post","link":"https:\/\/soymigrante.com\/revista\/playas-de-guatemala-donde-el-verano-siempre-esta-encendido\/","title":{"rendered":"Playas de Guatemala son un verano de todo el a\u00f1o y un sitio al cual siempre queremos volver"},"content":{"rendered":"\t\t<div data-elementor-type=\"wp-post\" data-elementor-id=\"6717\" class=\"elementor elementor-6717\" data-elementor-post-type=\"post\">\n\t\t\t\t\t\t<section data-particle_enable=\"false\" data-particle-mobile-disabled=\"false\" class=\"elementor-section elementor-top-section elementor-element elementor-element-431404a elementor-section-boxed elementor-section-height-default elementor-section-height-default\" data-id=\"431404a\" data-element_type=\"section\" data-e-type=\"section\">\n\t\t\t\t\t\t<div class=\"elementor-container elementor-column-gap-default\">\n\t\t\t\t\t<div class=\"elementor-column elementor-col-100 elementor-top-column elementor-element elementor-element-d32769e\" data-id=\"d32769e\" data-element_type=\"column\" data-e-type=\"column\">\n\t\t\t<div class=\"elementor-widget-wrap elementor-element-populated\">\n\t\t\t\t\t\t<div class=\"elementor-element elementor-element-dbb4ee6 elementor-widget elementor-widget-heading\" data-id=\"dbb4ee6\" data-element_type=\"widget\" data-e-type=\"widget\" data-widget_type=\"heading.default\">\n\t\t\t\t\t<h2 class=\"elementor-heading-title elementor-size-default\">La arena negra gana por mayor\u00eda de opciones. Las playas de la Costa Sur de Guatemala son siempre una fiesta de olas, sonrisas y recuerdos. Estas solo son ideas para compartir en familia o llevar a ese familiar migrante a un d\u00eda brillante.<\/h2>\t\t\t\t<\/div>\n\t\t\t\t\t<\/div>\n\t\t<\/div>\n\t\t\t\t\t<\/div>\n\t\t<\/section>\n\t\t\t\t<section data-particle_enable=\"false\" data-particle-mobile-disabled=\"false\" class=\"elementor-section elementor-top-section elementor-element elementor-element-c1c2de7 elementor-section-boxed elementor-section-height-default elementor-section-height-default\" data-id=\"c1c2de7\" data-element_type=\"section\" data-e-type=\"section\">\n\t\t\t\t\t\t<div class=\"elementor-container elementor-column-gap-default\">\n\t\t\t\t\t<div class=\"elementor-column elementor-col-100 elementor-top-column elementor-element elementor-element-bcff24b\" data-id=\"bcff24b\" data-element_type=\"column\" data-e-type=\"column\">\n\t\t\t<div class=\"elementor-widget-wrap elementor-element-populated\">\n\t\t\t\t\t\t<div class=\"elementor-element elementor-element-3f386f1 elementor-widget elementor-widget-text-editor\" data-id=\"3f386f1\" data-element_type=\"widget\" data-e-type=\"widget\" data-widget_type=\"text-editor.default\">\n\t\t\t\t\t\t\t\t\t<p>Sentarse a ver la inmensidad del oc\u00e9ano Pac\u00edfico en la arena de alguna de las m\u00e1s de 30 playas de Guatemala sobre la Costa Sur es, a menudo un verdadero viaje en tiempo. No solo por los recuerdos de infancia o juventud, de domingos felices o vacaciones de Semanas Santas memorables, sino porque varias de estas playas, con su aspecto agreste, a menudo solitario, mantienen el mismo aspecto desde hace miles, millones de a\u00f1os.<\/p><p>Pero claro, lo mejor del mar es que no es un profesor de geolog\u00eda, sino un maestro de la felicidad que ense\u00f1a con caricias de sal y olas de lecciones en un idioma universal. \u00bfVerdad?\u00a0<\/p><p>Por eso, v\u00e9ngase, sum\u00e9rjase en este peque\u00f1o paseo por playas de <a href=\"https:\/\/soymigrante.com\/revista\/category\/guate-nuestra\/\">Guatemala<\/a>, con algunas fotos recientes, mapas de c\u00f3mo llegar y alg\u00fan detalle que valga la pena conocer.\u00a0 Ni siquiera est\u00e1n en orden alfab\u00e9tico o de importancia, aunque hay alguna que quiz\u00e1 sea m\u00e1s famosa que otra. De hecho hay algunas archirreconocidas como El Puerto San Jos\u00e9 o Iztapa. En todo caso el gusto est\u00e1 en descubrir, escuchar, caminar en el silencio de la arena<\/p>\t\t\t\t\t\t\t\t<\/div>\n\t\t\t\t\t<\/div>\n\t\t<\/div>\n\t\t\t\t\t<\/div>\n\t\t<\/section>\n\t\t\t\t<section data-particle_enable=\"false\" data-particle-mobile-disabled=\"false\" class=\"elementor-section elementor-top-section elementor-element elementor-element-c96b1e0 elementor-section-boxed elementor-section-height-default elementor-section-height-default\" data-id=\"c96b1e0\" data-element_type=\"section\" data-e-type=\"section\">\n\t\t\t\t\t\t<div class=\"elementor-container elementor-column-gap-default\">\n\t\t\t\t\t<div class=\"elementor-column elementor-col-100 elementor-top-column elementor-element elementor-element-7c5076b\" data-id=\"7c5076b\" data-element_type=\"column\" data-e-type=\"column\">\n\t\t\t<div class=\"elementor-widget-wrap elementor-element-populated\">\n\t\t\t\t\t\t<div class=\"elementor-element elementor-element-e28ef79 elementor-widget elementor-widget-heading\" data-id=\"e28ef79\" data-element_type=\"widget\" data-e-type=\"widget\" data-widget_type=\"heading.default\">\n\t\t\t\t\t<h3 class=\"elementor-heading-title elementor-size-default\">Playas de Guatemala: La barra de Tecojate<\/h3>\t\t\t\t<\/div>\n\t\t\t\t\t<\/div>\n\t\t<\/div>\n\t\t\t\t\t<\/div>\n\t\t<\/section>\n\t\t\t\t<section data-particle_enable=\"false\" data-particle-mobile-disabled=\"false\" class=\"elementor-section elementor-top-section elementor-element elementor-element-2107576 elementor-section-boxed elementor-section-height-default elementor-section-height-default\" data-id=\"2107576\" data-element_type=\"section\" data-e-type=\"section\">\n\t\t\t\t\t\t<div class=\"elementor-container elementor-column-gap-default\">\n\t\t\t\t\t<div class=\"elementor-column elementor-col-100 elementor-top-column elementor-element elementor-element-29e55c9\" data-id=\"29e55c9\" data-element_type=\"column\" data-e-type=\"column\">\n\t\t\t<div class=\"elementor-widget-wrap elementor-element-populated\">\n\t\t\t\t\t\t<div class=\"elementor-element elementor-element-1cec6fd elementor-widget elementor-widget-image\" data-id=\"1cec6fd\" data-element_type=\"widget\" data-e-type=\"widget\" data-widget_type=\"image.default\">\n\t\t\t\t\t\t\t\t\t\t\t\t\t\t\t<img fetchpriority=\"high\" decoding=\"async\" width=\"1024\" height=\"764\" src=\"https:\/\/soymigrante.com\/revista\/wp-content\/uploads\/2024\/05\/PLAYAS-CHILERAS-DE-GUATEMALA-1-1024x764.webp\" class=\"attachment-large size-large wp-image-6720\" alt=\"Personas disfrutando en la playa, ba\u00f1\u00e1ndose en el mar, en un d\u00eda soleado, con ambiente familiar, arena negra y olas suaves, en un destino tur\u00edstico mexicano ideal para migrantes.\" srcset=\"https:\/\/soymigrante.com\/revista\/wp-content\/uploads\/2024\/05\/PLAYAS-CHILERAS-DE-GUATEMALA-1-1024x764.webp 1024w, https:\/\/soymigrante.com\/revista\/wp-content\/uploads\/2024\/05\/PLAYAS-CHILERAS-DE-GUATEMALA-1-300x224.webp 300w, https:\/\/soymigrante.com\/revista\/wp-content\/uploads\/2024\/05\/PLAYAS-CHILERAS-DE-GUATEMALA-1-768x573.webp 768w, https:\/\/soymigrante.com\/revista\/wp-content\/uploads\/2024\/05\/PLAYAS-CHILERAS-DE-GUATEMALA-1-750x560.webp 750w, https:\/\/soymigrante.com\/revista\/wp-content\/uploads\/2024\/05\/PLAYAS-CHILERAS-DE-GUATEMALA-1-1140x851.webp 1140w, https:\/\/soymigrante.com\/revista\/wp-content\/uploads\/2024\/05\/PLAYAS-CHILERAS-DE-GUATEMALA-1.webp 1186w\" sizes=\"(max-width: 1024px) 100vw, 1024px\" title=\"A Tecojate se puede llegar desde el cruce de Cocales, kil\u00f3metro 110 de la Costa Sur o bien desde Tiquisate Escuintla, cruce en el kil\u00f3metro 118 \u2013 SoyMigrante.com REVISTA\" \/>\t\t\t\t\t\t\t\t\t\t\t\t\t\t\t<\/div>\n\t\t\t\t\t<\/div>\n\t\t<\/div>\n\t\t\t\t\t<\/div>\n\t\t<\/section>\n\t\t\t\t<section data-particle_enable=\"false\" data-particle-mobile-disabled=\"false\" class=\"elementor-section elementor-top-section elementor-element elementor-element-3370e7c elementor-section-boxed elementor-section-height-default elementor-section-height-default\" data-id=\"3370e7c\" data-element_type=\"section\" data-e-type=\"section\">\n\t\t\t\t\t\t<div class=\"elementor-container elementor-column-gap-default\">\n\t\t\t\t\t<div class=\"elementor-column elementor-col-100 elementor-top-column elementor-element elementor-element-9f859a0\" data-id=\"9f859a0\" data-element_type=\"column\" data-e-type=\"column\">\n\t\t\t<div class=\"elementor-widget-wrap elementor-element-populated\">\n\t\t\t\t\t\t<div class=\"elementor-element elementor-element-f3b13e4 elementor-widget elementor-widget-text-editor\" data-id=\"f3b13e4\" data-element_type=\"widget\" data-e-type=\"widget\" data-widget_type=\"text-editor.default\">\n\t\t\t\t\t\t\t\t\t<p>Es una playa medianamente concurrida, sobre todo por pobladores de Nueva Concepci\u00f3n, Escuintla, de Suchitep\u00e9quez y <a href=\"https:\/\/soymigrante.com\/revista\/viaje-en-autobus-extraurbano-de-guatemala\/\">Solol\u00e1<\/a>.\u00a0 A pesar de su belleza y de impresionante estero, en donde el mar se conecta con el canal -la gente le llama Laguna&#8211;, no tiene la promoci\u00f3n que merece. Por eso lo ponemos de primero aqu\u00ed.<\/p><p>Hay varios restaurantes que ofrecen caldo de mariscos, pescado frito, ceviches y otras comidas al gusto. Todos brindan calidad de atenci\u00f3n, pero si gusta una recomendaci\u00f3n, puede preguntar por Do\u00f1a Miriam 2, una emprendedora que con su hija y nieta atienden un lugar acogedor. Bebidas para todos los gustos y a veces las olas llegan casi a las mesas de tabla en el refrescante ranchito.<\/p>\t\t\t\t\t\t\t\t<\/div>\n\t\t\t\t\t<\/div>\n\t\t<\/div>\n\t\t\t\t\t<\/div>\n\t\t<\/section>\n\t\t\t\t<section data-particle_enable=\"false\" data-particle-mobile-disabled=\"false\" class=\"elementor-section elementor-top-section elementor-element elementor-element-102bcaa elementor-section-boxed elementor-section-height-default elementor-section-height-default\" data-id=\"102bcaa\" data-element_type=\"section\" data-e-type=\"section\">\n\t\t\t\t\t\t<div class=\"elementor-container elementor-column-gap-default\">\n\t\t\t\t\t<div class=\"elementor-column elementor-col-100 elementor-top-column elementor-element elementor-element-94c5dee\" data-id=\"94c5dee\" data-element_type=\"column\" data-e-type=\"column\">\n\t\t\t<div class=\"elementor-widget-wrap elementor-element-populated\">\n\t\t\t\t\t\t<div class=\"elementor-element elementor-element-8959220 elementor-widget elementor-widget-google_maps\" data-id=\"8959220\" data-element_type=\"widget\" data-e-type=\"widget\" data-widget_type=\"google_maps.default\">\n\t\t\t\t\t\t\t<div class=\"elementor-custom-embed\">\n\t\t\t<iframe loading=\"lazy\"\n\t\t\t\t\tsrc=\"https:\/\/maps.google.com\/maps?q=Tecojate&#038;t=m&#038;z=10&#038;output=embed&#038;iwloc=near\"\n\t\t\t\t\ttitle=\"Tecojate\"\n\t\t\t\t\taria-label=\"Tecojate\"\n\t\t\t><\/iframe>\n\t\t<\/div>\n\t\t\t\t\t\t<\/div>\n\t\t\t\t\t<\/div>\n\t\t<\/div>\n\t\t\t\t\t<\/div>\n\t\t<\/section>\n\t\t\t\t<section data-particle_enable=\"false\" data-particle-mobile-disabled=\"false\" class=\"elementor-section elementor-top-section elementor-element elementor-element-6376198 elementor-section-boxed elementor-section-height-default elementor-section-height-default\" data-id=\"6376198\" data-element_type=\"section\" data-e-type=\"section\">\n\t\t\t\t\t\t<div class=\"elementor-container elementor-column-gap-default\">\n\t\t\t\t\t<div class=\"elementor-column elementor-col-100 elementor-top-column elementor-element elementor-element-0b38e92\" data-id=\"0b38e92\" data-element_type=\"column\" data-e-type=\"column\">\n\t\t\t<div class=\"elementor-widget-wrap elementor-element-populated\">\n\t\t\t\t\t\t<div class=\"elementor-element elementor-element-9baa194 elementor-widget elementor-widget-heading\" data-id=\"9baa194\" data-element_type=\"widget\" data-e-type=\"widget\" data-widget_type=\"heading.default\">\n\t\t\t\t\t<h3 class=\"elementor-heading-title elementor-size-default\">La siempre fascinante Barra El Jiote<\/h3>\t\t\t\t<\/div>\n\t\t\t\t\t<\/div>\n\t\t<\/div>\n\t\t\t\t\t<\/div>\n\t\t<\/section>\n\t\t\t\t<section data-particle_enable=\"false\" data-particle-mobile-disabled=\"false\" class=\"elementor-section elementor-top-section elementor-element elementor-element-4d9c28e elementor-section-boxed elementor-section-height-default elementor-section-height-default\" data-id=\"4d9c28e\" data-element_type=\"section\" data-e-type=\"section\">\n\t\t\t\t\t\t<div class=\"elementor-container elementor-column-gap-default\">\n\t\t\t\t\t<div class=\"elementor-column elementor-col-100 elementor-top-column elementor-element elementor-element-c3ae1da\" data-id=\"c3ae1da\" data-element_type=\"column\" data-e-type=\"column\">\n\t\t\t<div class=\"elementor-widget-wrap elementor-element-populated\">\n\t\t\t\t\t\t<div class=\"elementor-element elementor-element-d0b1bb8 elementor-widget elementor-widget-text-editor\" data-id=\"d0b1bb8\" data-element_type=\"widget\" data-e-type=\"widget\" data-widget_type=\"text-editor.default\">\n\t\t\t\t\t\t\t\t\t<p>Es uno de los parajes playeros menos conocidos de Guatemala, quiz\u00e1 por su distancia desde la capital, aunque para los departamentos de Jutiapa y Santa Rosa es bastante pr\u00f3xima.<\/p><p>La Barra El Jiote es pr\u00e1cticamente una isla, porque de un lado tiene la bocabarra del r\u00edo Paz, es decir, en las proximidades de la frontera con El Salvador y del otro lado, la Bocabarra de Las Lisas, Chiqimulilla, Santa Rosa.\u00a0\u00a0<\/p><p><a href=\"https:\/\/www.youtube.com\/watch?v=8_nL3t58A9g\">El Jiote<\/a> es una playa de Guatemala que est\u00e1 entre los municipios de Pasaco y Moyuta, Jutiapa. Solo hay un par de hoteles y es un punto bastante preferido por quienes gustan del buceo, aunque para ello hay que internarse mar adentro. Esto solo se puede hacer con operadores autorizados, gu\u00edas de experiencia y equipo adecuado.<\/p><p>\u00a0<\/p>\t\t\t\t\t\t\t\t<\/div>\n\t\t\t\t\t<\/div>\n\t\t<\/div>\n\t\t\t\t\t<\/div>\n\t\t<\/section>\n\t\t\t\t<section data-particle_enable=\"false\" data-particle-mobile-disabled=\"false\" class=\"elementor-section elementor-top-section elementor-element elementor-element-fa46766 elementor-section-boxed elementor-section-height-default elementor-section-height-default\" data-id=\"fa46766\" data-element_type=\"section\" data-e-type=\"section\">\n\t\t\t\t\t\t<div class=\"elementor-container elementor-column-gap-default\">\n\t\t\t\t\t<div class=\"elementor-column elementor-col-100 elementor-top-column elementor-element elementor-element-125a6e4\" data-id=\"125a6e4\" data-element_type=\"column\" data-e-type=\"column\">\n\t\t\t<div class=\"elementor-widget-wrap elementor-element-populated\">\n\t\t\t\t\t\t<div class=\"elementor-element elementor-element-c38f369 elementor-widget elementor-widget-video\" data-id=\"c38f369\" data-element_type=\"widget\" data-e-type=\"widget\" data-settings=\"{&quot;youtube_url&quot;:&quot;https:\\\/\\\/www.youtube.com\\\/watch?v=mTOLqVbuWK4&quot;,&quot;video_type&quot;:&quot;youtube&quot;,&quot;controls&quot;:&quot;yes&quot;}\" data-widget_type=\"video.default\">\n\t\t\t\t\t\t\t<div class=\"elementor-wrapper elementor-open-inline\">\n\t\t\t<div class=\"elementor-video\"><\/div>\t\t<\/div>\n\t\t\t\t\t\t<\/div>\n\t\t\t\t\t<\/div>\n\t\t<\/div>\n\t\t\t\t\t<\/div>\n\t\t<\/section>\n\t\t\t\t<section data-particle_enable=\"false\" data-particle-mobile-disabled=\"false\" class=\"elementor-section elementor-top-section elementor-element elementor-element-8075a2f elementor-section-boxed elementor-section-height-default elementor-section-height-default\" data-id=\"8075a2f\" data-element_type=\"section\" data-e-type=\"section\">\n\t\t\t\t\t\t<div class=\"elementor-container elementor-column-gap-default\">\n\t\t\t\t\t<div class=\"elementor-column elementor-col-100 elementor-top-column elementor-element elementor-element-377cf11\" data-id=\"377cf11\" data-element_type=\"column\" data-e-type=\"column\">\n\t\t\t<div class=\"elementor-widget-wrap elementor-element-populated\">\n\t\t\t\t\t\t<div class=\"elementor-element elementor-element-35add95 elementor-widget elementor-widget-google_maps\" data-id=\"35add95\" data-element_type=\"widget\" data-e-type=\"widget\" data-widget_type=\"google_maps.default\">\n\t\t\t\t\t\t\t<div class=\"elementor-custom-embed\">\n\t\t\t<iframe loading=\"lazy\"\n\t\t\t\t\tsrc=\"https:\/\/maps.google.com\/maps?q=Playa%20El%20Jiote&#038;t=m&#038;z=10&#038;output=embed&#038;iwloc=near\"\n\t\t\t\t\ttitle=\"Playa El Jiote\"\n\t\t\t\t\taria-label=\"Playa El Jiote\"\n\t\t\t><\/iframe>\n\t\t<\/div>\n\t\t\t\t\t\t<\/div>\n\t\t\t\t\t<\/div>\n\t\t<\/div>\n\t\t\t\t\t<\/div>\n\t\t<\/section>\n\t\t\t\t<section data-particle_enable=\"false\" data-particle-mobile-disabled=\"false\" class=\"elementor-section elementor-top-section elementor-element elementor-element-b81ac5a elementor-section-boxed elementor-section-height-default elementor-section-height-default\" data-id=\"b81ac5a\" data-element_type=\"section\" data-e-type=\"section\">\n\t\t\t\t\t\t<div class=\"elementor-container elementor-column-gap-default\">\n\t\t\t\t\t<div class=\"elementor-column elementor-col-100 elementor-top-column elementor-element elementor-element-e728ea0\" data-id=\"e728ea0\" data-element_type=\"column\" data-e-type=\"column\">\n\t\t\t<div class=\"elementor-widget-wrap elementor-element-populated\">\n\t\t\t\t\t\t<div class=\"elementor-element elementor-element-75560e1 elementor-widget elementor-widget-heading\" data-id=\"75560e1\" data-element_type=\"widget\" data-e-type=\"widget\" data-widget_type=\"heading.default\">\n\t\t\t\t\t<h3 class=\"elementor-heading-title elementor-size-default\">Monterrico solo hay uno<\/h3>\t\t\t\t<\/div>\n\t\t\t\t\t<\/div>\n\t\t<\/div>\n\t\t\t\t\t<\/div>\n\t\t<\/section>\n\t\t\t\t<section data-particle_enable=\"false\" data-particle-mobile-disabled=\"false\" class=\"elementor-section elementor-top-section elementor-element elementor-element-b87dbe6 elementor-section-boxed elementor-section-height-default elementor-section-height-default\" data-id=\"b87dbe6\" data-element_type=\"section\" data-e-type=\"section\">\n\t\t\t\t\t\t<div class=\"elementor-container elementor-column-gap-default\">\n\t\t\t\t\t<div class=\"elementor-column elementor-col-100 elementor-top-column elementor-element elementor-element-8b67959\" data-id=\"8b67959\" data-element_type=\"column\" data-e-type=\"column\">\n\t\t\t<div class=\"elementor-widget-wrap elementor-element-populated\">\n\t\t\t\t\t\t<div class=\"elementor-element elementor-element-49d2c4e elementor-widget elementor-widget-image\" data-id=\"49d2c4e\" data-element_type=\"widget\" data-e-type=\"widget\" data-widget_type=\"image.default\">\n\t\t\t\t\t\t\t\t\t\t\t\t<figure class=\"wp-caption\">\n\t\t\t\t\t\t\t\t\t\t\t<a href=\"https:\/\/soymigrante.com\/revista\/yezenia-y-daniel-migrantes-guatemaltecos-festejaron-25-anos-de-amor-en-su-tierra\/\">\n\t\t\t\t\t\t\t<img decoding=\"async\" width=\"892\" height=\"527\" src=\"https:\/\/soymigrante.com\/revista\/wp-content\/uploads\/2024\/05\/Captura-de-pantalla-2024-05-29-154443.webp\" class=\"attachment-large size-large wp-image-6723\" alt=\"Amor en la playa al atardecer, pareja en boda rom\u00e1ntica en la arena negra, inmigrantes celebrando su uni\u00f3n con vista al mar en un entorno natural \u00fanico.\" srcset=\"https:\/\/soymigrante.com\/revista\/wp-content\/uploads\/2024\/05\/Captura-de-pantalla-2024-05-29-154443.webp 892w, https:\/\/soymigrante.com\/revista\/wp-content\/uploads\/2024\/05\/Captura-de-pantalla-2024-05-29-154443-300x177.webp 300w, https:\/\/soymigrante.com\/revista\/wp-content\/uploads\/2024\/05\/Captura-de-pantalla-2024-05-29-154443-768x454.webp 768w, https:\/\/soymigrante.com\/revista\/wp-content\/uploads\/2024\/05\/Captura-de-pantalla-2024-05-29-154443-750x443.webp 750w\" sizes=\"(max-width: 892px) 100vw, 892px\" title=\"Monterrico es un pueblo de Taxisco, Santa Rosa ubicado en una barra del Canal de Chiquimulilla. Sin embargo, le ha dado nombre a toda una regi\u00f3n, con varias playas y aldeas, en donde se ha desarrollado una fuerte industria tur\u00edstica, para paseos, eventos y bodas. \u2013 SoyMigrante.com REVISTA\" \/>\t\t\t\t\t\t\t\t<\/a>\n\t\t\t\t\t\t\t\t\t\t\t<figcaption class=\"widget-image-caption wp-caption-text\">Boda en la playa al atardecer con vista al mar, pareja inmigrante en celebraci\u00f3n rom\u00e1ntica en la arena negra, fondo de palmeras y cielo nublado que crea una escena m\u00e1gica y emotiva.<\/figcaption>\n\t\t\t\t\t\t\t\t\t\t<\/figure>\n\t\t\t\t\t\t\t\t\t<\/div>\n\t\t\t\t\t<\/div>\n\t\t<\/div>\n\t\t\t\t\t<\/div>\n\t\t<\/section>\n\t\t\t\t<section data-particle_enable=\"false\" data-particle-mobile-disabled=\"false\" class=\"elementor-section elementor-top-section elementor-element elementor-element-7f889f2 elementor-section-boxed elementor-section-height-default elementor-section-height-default\" data-id=\"7f889f2\" data-element_type=\"section\" data-e-type=\"section\">\n\t\t\t\t\t\t<div class=\"elementor-container elementor-column-gap-default\">\n\t\t\t\t\t<div class=\"elementor-column elementor-col-100 elementor-top-column elementor-element elementor-element-437f51e\" data-id=\"437f51e\" data-element_type=\"column\" data-e-type=\"column\">\n\t\t\t<div class=\"elementor-widget-wrap elementor-element-populated\">\n\t\t\t\t\t\t<div class=\"elementor-element elementor-element-64ccd72 elementor-widget elementor-widget-text-editor\" data-id=\"64ccd72\" data-element_type=\"widget\" data-e-type=\"widget\" data-widget_type=\"text-editor.default\">\n\t\t\t\t\t\t\t\t\t<p>Monterrico es una playa de Guatemala localizada en la costa de Taxisco, Santa Rosa, a 140 kil\u00f3metros de la capital. Se puede llegar por tierra, v\u00eda Escuintla e Iztapa, o por ferry, desde el embarcadero La Avellana, v\u00eda Taxisco.<\/p>\n<p>Ahora bien, suele llamarse la Barra de Monterrico a toda una regi\u00f3n de cerca de 25 kil\u00f3metros, que est\u00e1 entre el mar y el canal de Chiquimulilla, famoso por sus manglares, rica flora y fauna.&nbsp; Sobre esta hay varias playas con nombres que corresponden a las aldeas.&nbsp;<\/p>\n<p>Yendo por Iztapa, se encontrar\u00e1 con estas playas: El Conacaste, el Papaturro,&nbsp; El Garit\u00f3n, Madre Vieja, Candelaria y El Pumpo. En cada una hay disponibles turicentros con piscina, hoteles, chalets en renta por AirBnb.&nbsp; Es un destino usual para festejos familiares, vacaciones o incluso <a href=\"https:\/\/soymigrante.com\/revista\/yezenia-y-daniel-migrantes-guatemaltecos-festejaron-25-anos-de-amor-en-su-tierra\/\">bodas.<\/a>&nbsp; El <a href=\"https:\/\/biblioteca.inguat.gob.gt\/Digital\/Doctos%20virtuales\/Monterrico%20mapa%20turistico.pdf\">Instituto Guatemalteco de Turismo, INGUAT, ofrece abundante informaci\u00f3n sobre este destino.<\/a><\/p>\n<p>Es posible ir y regresar duirante el d\u00eda desde y hacia la capital, aunque muchas personas prefieren disfrutar del clima, el mar y la buena compa\u00f1\u00eda de familiares y amigos qued\u00e1ndose el fin de Semana. De las playas de Guatemala es quiz\u00e1 actualmente la m\u00e1s c\u00e9lebre a nivel nacional e internacional, por su diversidad de servicios disponibles.<\/p>\t\t\t\t\t\t\t\t<\/div>\n\t\t\t\t\t<\/div>\n\t\t<\/div>\n\t\t\t\t\t<\/div>\n\t\t<\/section>\n\t\t\t\t<section data-particle_enable=\"false\" data-particle-mobile-disabled=\"false\" class=\"elementor-section elementor-top-section elementor-element elementor-element-ba6214b elementor-section-boxed elementor-section-height-default elementor-section-height-default\" data-id=\"ba6214b\" data-element_type=\"section\" data-e-type=\"section\">\n\t\t\t\t\t\t<div class=\"elementor-container elementor-column-gap-default\">\n\t\t\t\t\t<div class=\"elementor-column elementor-col-100 elementor-top-column elementor-element elementor-element-f78d499\" data-id=\"f78d499\" data-element_type=\"column\" data-e-type=\"column\">\n\t\t\t<div class=\"elementor-widget-wrap elementor-element-populated\">\n\t\t\t\t\t\t<div class=\"elementor-element elementor-element-bbdcca0 elementor-widget elementor-widget-google_maps\" data-id=\"bbdcca0\" data-element_type=\"widget\" data-e-type=\"widget\" data-widget_type=\"google_maps.default\">\n\t\t\t\t\t\t\t<div class=\"elementor-custom-embed\">\n\t\t\t<iframe loading=\"lazy\"\n\t\t\t\t\tsrc=\"https:\/\/maps.google.com\/maps?q=barra%20monterrico&#038;t=m&#038;z=10&#038;output=embed&#038;iwloc=near\"\n\t\t\t\t\ttitle=\"barra monterrico\"\n\t\t\t\t\taria-label=\"barra monterrico\"\n\t\t\t><\/iframe>\n\t\t<\/div>\n\t\t\t\t\t\t<\/div>\n\t\t\t\t\t<\/div>\n\t\t<\/div>\n\t\t\t\t\t<\/div>\n\t\t<\/section>\n\t\t\t\t<section data-particle_enable=\"false\" data-particle-mobile-disabled=\"false\" class=\"elementor-section elementor-top-section elementor-element elementor-element-0ee5064 elementor-section-boxed elementor-section-height-default elementor-section-height-default\" data-id=\"0ee5064\" data-element_type=\"section\" data-e-type=\"section\">\n\t\t\t\t\t\t<div class=\"elementor-container elementor-column-gap-default\">\n\t\t\t\t\t<div class=\"elementor-column elementor-col-100 elementor-top-column elementor-element elementor-element-b6a6292\" data-id=\"b6a6292\" data-element_type=\"column\" data-e-type=\"column\">\n\t\t\t<div class=\"elementor-widget-wrap elementor-element-populated\">\n\t\t\t\t\t\t<div class=\"elementor-element elementor-element-6416dd0 elementor-widget elementor-widget-heading\" data-id=\"6416dd0\" data-element_type=\"widget\" data-e-type=\"widget\" data-widget_type=\"heading.default\">\n\t\t\t\t\t<h3 class=\"elementor-heading-title elementor-size-default\">El Tular, en La Blanca, San Marcos <\/h3>\t\t\t\t<\/div>\n\t\t\t\t\t<\/div>\n\t\t<\/div>\n\t\t\t\t\t<\/div>\n\t\t<\/section>\n\t\t\t\t<section data-particle_enable=\"false\" data-particle-mobile-disabled=\"false\" class=\"elementor-section elementor-top-section elementor-element elementor-element-a430a33 elementor-section-boxed elementor-section-height-default elementor-section-height-default\" data-id=\"a430a33\" data-element_type=\"section\" data-e-type=\"section\">\n\t\t\t\t\t\t<div class=\"elementor-container elementor-column-gap-default\">\n\t\t\t\t\t<div class=\"elementor-column elementor-col-100 elementor-top-column elementor-element elementor-element-11c79a6\" data-id=\"11c79a6\" data-element_type=\"column\" data-e-type=\"column\">\n\t\t\t<div class=\"elementor-widget-wrap elementor-element-populated\">\n\t\t\t\t\t\t<div class=\"elementor-element elementor-element-d25a709 elementor-arrows-position-inside elementor-pagination-position-outside elementor-widget elementor-widget-image-carousel\" data-id=\"d25a709\" data-element_type=\"widget\" data-e-type=\"widget\" data-settings=\"{&quot;slides_to_show&quot;:&quot;1&quot;,&quot;autoplay_speed&quot;:1000,&quot;effect&quot;:&quot;fade&quot;,&quot;navigation&quot;:&quot;both&quot;,&quot;autoplay&quot;:&quot;yes&quot;,&quot;pause_on_hover&quot;:&quot;yes&quot;,&quot;pause_on_interaction&quot;:&quot;yes&quot;,&quot;infinite&quot;:&quot;yes&quot;,&quot;speed&quot;:500}\" data-widget_type=\"image-carousel.default\">\n\t\t\t\t\t\t\t<div class=\"elementor-image-carousel-wrapper swiper\" role=\"region\" aria-roledescription=\"carousel\" aria-label=\"Carrusel de im\u00e1genes\" dir=\"ltr\">\n\t\t\t<div class=\"elementor-image-carousel swiper-wrapper\" aria-live=\"off\">\n\t\t\t\t\t\t\t\t<div class=\"swiper-slide\" role=\"group\" aria-roledescription=\"slide\" aria-label=\"1 de 4\"><figure class=\"swiper-slide-inner\"><img decoding=\"async\" class=\"swiper-slide-image\" src=\"https:\/\/soymigrante.com\/revista\/wp-content\/uploads\/2024\/05\/Captura-de-pantalla-2024-05-29-160202-1024x750.webp\" alt=\"Atardecer en la playa con familias disfrutando del mar y la arena, reflejando la tranquilidad y belleza del destino tur\u00edstico.\" \/><figcaption class=\"elementor-image-carousel-caption\">Imagen de un atardecer en la playa en la que varias familias y personas disfrutan del mar y la arena, resaltando el turismo y la cultura en destinos costeros.<\/figcaption><\/figure><\/div><div class=\"swiper-slide\" role=\"group\" aria-roledescription=\"slide\" aria-label=\"2 de 4\"><figure class=\"swiper-slide-inner\"><img decoding=\"async\" class=\"swiper-slide-image\" src=\"https:\/\/soymigrante.com\/revista\/wp-content\/uploads\/2024\/05\/Captura-de-pantalla-2024-05-29-160219-1024x758.webp\" alt=\"Caminos de neum\u00e1ticos en la playa al atardecer en un entorno relajante y natural.\" \/><figcaption class=\"elementor-image-carousel-caption\">Paisaje de playa con huellas de veh\u00edculos y personas disfrutando del oc\u00e9ano al atardecer, ideal para art\u00edculos sobre inmigraci\u00f3n y vida en destinos tur\u00edsticos.<\/figcaption><\/figure><\/div><div class=\"swiper-slide\" role=\"group\" aria-roledescription=\"slide\" aria-label=\"3 de 4\"><figure class=\"swiper-slide-inner\"><img decoding=\"async\" class=\"swiper-slide-image\" src=\"https:\/\/soymigrante.com\/revista\/wp-content\/uploads\/2024\/05\/Captura-de-pantalla-2024-05-29-160108-1024x763.webp\" alt=\"Huatulco carteles en la playa en un atardecer, tur\u00edstico destino en Oaxaca, M\u00e9xico, reconocido por su belleza natural y tranquilidad, ideal para deportes acu\u00e1ticos y turismo de sol y playa.\" \/><figcaption class=\"elementor-image-carousel-caption\">Cartel de Acapulco en la playa al atardecer, s\u00edmbolo tur\u00edstico y costero en Guerrero, ideal para publicaciones sobre destinos mexicanos.<\/figcaption><\/figure><\/div><div class=\"swiper-slide\" role=\"group\" aria-roledescription=\"slide\" aria-label=\"4 de 4\"><figure class=\"swiper-slide-inner\"><img decoding=\"async\" class=\"swiper-slide-image\" src=\"https:\/\/soymigrante.com\/revista\/wp-content\/uploads\/2024\/05\/Captura-de-pantalla-2024-05-29-160146-1024x753.webp\" alt=\"Escultura en la playa con vista al atardecer, espacio para relajarse durante el verano, en un entorno costero de M\u00e9xico, ideal para actividades recreativas y turismo de playa.\" \/><figcaption class=\"elementor-image-carousel-caption\">Una vista de un espacio tur\u00edstico en la playa con estructura blanca y un hermoso atardecer en el horizonte, perfecto para disfrutar del verano y el turismo en destinos costeros.<\/figcaption><\/figure><\/div>\t\t\t<\/div>\n\t\t\t\t\t\t\t\t\t\t\t\t<div class=\"elementor-swiper-button elementor-swiper-button-prev\" role=\"button\" tabindex=\"0\">\n\t\t\t\t\t\t<i aria-hidden=\"true\" class=\"eicon-chevron-left\"><\/i>\t\t\t\t\t<\/div>\n\t\t\t\t\t<div class=\"elementor-swiper-button elementor-swiper-button-next\" role=\"button\" tabindex=\"0\">\n\t\t\t\t\t\t<i aria-hidden=\"true\" class=\"eicon-chevron-right\"><\/i>\t\t\t\t\t<\/div>\n\t\t\t\t\n\t\t\t\t\t\t\t\t\t<div class=\"swiper-pagination\"><\/div>\n\t\t\t\t\t\t\t\t\t<\/div>\n\t\t\t\t\t\t<\/div>\n\t\t\t\t\t<\/div>\n\t\t<\/div>\n\t\t\t\t\t<\/div>\n\t\t<\/section>\n\t\t\t\t<section data-particle_enable=\"false\" data-particle-mobile-disabled=\"false\" class=\"elementor-section elementor-top-section elementor-element elementor-element-5c4f508 elementor-section-boxed elementor-section-height-default elementor-section-height-default\" data-id=\"5c4f508\" data-element_type=\"section\" data-e-type=\"section\">\n\t\t\t\t\t\t<div class=\"elementor-container elementor-column-gap-default\">\n\t\t\t\t\t<div class=\"elementor-column elementor-col-100 elementor-top-column elementor-element elementor-element-c3634d8\" data-id=\"c3634d8\" data-element_type=\"column\" data-e-type=\"column\">\n\t\t\t<div class=\"elementor-widget-wrap elementor-element-populated\">\n\t\t\t\t\t\t<div class=\"elementor-element elementor-element-82b1c77 elementor-widget elementor-widget-text-editor\" data-id=\"82b1c77\" data-element_type=\"widget\" data-e-type=\"widget\" data-widget_type=\"text-editor.default\">\n\t\t\t\t\t\t\t\t\t<p>El Tular es una maravilla de la costa suroccidental guatemalteca. Est\u00e1 a 260 kil\u00f3metros de la capital, pero s\u00ed mucho m\u00e1s cerca de otras localidades de Quetzaltenango, Retalhuleu y el propio San Marcos.\u00a0\u00a0<\/p><p>Uno de sus atractivos es que se trata pr\u00e1cticamente de una isla, y ello permite un contacto muy peculiar con el mar, que llega en suaves olas en cierta parte pero muy fuerte en otras.\u00a0 De alguna forma esto le distingue de otras playas de Guatemala.<\/p><p>El Tular forma parte de la playa de Tilapa, en el Municipio de La Blanca, San Marcos. Se sugiere reservar hospedaje para poder disfrutar con comodida de la estad\u00eda.\u00a0<\/p>\t\t\t\t\t\t\t\t<\/div>\n\t\t\t\t\t<\/div>\n\t\t<\/div>\n\t\t\t\t\t<\/div>\n\t\t<\/section>\n\t\t\t\t<section data-particle_enable=\"false\" data-particle-mobile-disabled=\"false\" class=\"elementor-section elementor-top-section elementor-element elementor-element-ed38426 elementor-section-boxed elementor-section-height-default elementor-section-height-default\" data-id=\"ed38426\" data-element_type=\"section\" data-e-type=\"section\">\n\t\t\t\t\t\t<div class=\"elementor-container elementor-column-gap-default\">\n\t\t\t\t\t<div class=\"elementor-column elementor-col-100 elementor-top-column elementor-element elementor-element-e475f7b\" data-id=\"e475f7b\" data-element_type=\"column\" data-e-type=\"column\">\n\t\t\t<div class=\"elementor-widget-wrap elementor-element-populated\">\n\t\t\t\t\t\t<div class=\"elementor-element elementor-element-aa2a5d9 elementor-widget elementor-widget-video\" data-id=\"aa2a5d9\" data-element_type=\"widget\" data-e-type=\"widget\" data-settings=\"{&quot;youtube_url&quot;:&quot;https:\\\/\\\/www.youtube.com\\\/watch?v=Sn8zF1eFffM&quot;,&quot;video_type&quot;:&quot;youtube&quot;,&quot;controls&quot;:&quot;yes&quot;}\" data-widget_type=\"video.default\">\n\t\t\t\t\t\t\t<div class=\"elementor-wrapper elementor-open-inline\">\n\t\t\t<div class=\"elementor-video\"><\/div>\t\t<\/div>\n\t\t\t\t\t\t<\/div>\n\t\t\t\t\t<\/div>\n\t\t<\/div>\n\t\t\t\t\t<\/div>\n\t\t<\/section>\n\t\t\t\t<section data-particle_enable=\"false\" data-particle-mobile-disabled=\"false\" class=\"elementor-section elementor-top-section elementor-element elementor-element-82dca7d elementor-section-boxed elementor-section-height-default elementor-section-height-default\" data-id=\"82dca7d\" data-element_type=\"section\" data-e-type=\"section\">\n\t\t\t\t\t\t<div class=\"elementor-container elementor-column-gap-default\">\n\t\t\t\t\t<div class=\"elementor-column elementor-col-100 elementor-top-column elementor-element elementor-element-0c18a64\" data-id=\"0c18a64\" data-element_type=\"column\" data-e-type=\"column\">\n\t\t\t<div class=\"elementor-widget-wrap elementor-element-populated\">\n\t\t\t\t\t\t<div class=\"elementor-element elementor-element-df8151f elementor-widget elementor-widget-heading\" data-id=\"df8151f\" data-element_type=\"widget\" data-e-type=\"widget\" data-widget_type=\"heading.default\">\n\t\t\t\t\t<h3 class=\"elementor-heading-title elementor-size-default\">La Empalizada y El Pared\u00f3n, en Sipacate, Escuintla <\/h3>\t\t\t\t<\/div>\n\t\t\t\t\t<\/div>\n\t\t<\/div>\n\t\t\t\t\t<\/div>\n\t\t<\/section>\n\t\t\t\t<section data-particle_enable=\"false\" data-particle-mobile-disabled=\"false\" class=\"elementor-section elementor-top-section elementor-element elementor-element-4b17c65 elementor-section-boxed elementor-section-height-default elementor-section-height-default\" data-id=\"4b17c65\" data-element_type=\"section\" data-e-type=\"section\">\n\t\t\t\t\t\t<div class=\"elementor-container elementor-column-gap-default\">\n\t\t\t\t\t<div class=\"elementor-column elementor-col-100 elementor-top-column elementor-element elementor-element-b50279c\" data-id=\"b50279c\" data-element_type=\"column\" data-e-type=\"column\">\n\t\t\t<div class=\"elementor-widget-wrap elementor-element-populated\">\n\t\t\t\t\t\t<div class=\"elementor-element elementor-element-012c78f elementor-widget elementor-widget-text-editor\" data-id=\"012c78f\" data-element_type=\"widget\" data-e-type=\"widget\" data-widget_type=\"text-editor.default\">\n\t\t\t\t\t\t\t\t\t<p>La fuerza y altura que alcanzan las olas en la playa El Pared\u00f3n pueden ser sorprendentes. Por eso es que\u00a0 s considerada como El Para\u00edso del Surf.\u00a0<\/p><p>Para llegar se toma el cruce a la altura de Siquinal\u00e1 y se pasa por las cabeceras municipales de La Gomera y La Democracia, Escuintla.\u00a0 Al igual que en otras playas guatemaltecas es necesario atravesar el canal para llegar al \u00e1rea tur\u00edstica. Existen varios hoteles y restaurantes, as\u00ed como renta de equipos de surf e instructores.<\/p><p>En todo caso, para quien solo llega a ba\u00f1arse y disfrutar de un fin de semana tranquilo existe La Empalizada, en donde se cuenta adem\u00e1s con variedad de servicios de alimentaci\u00f3n, bebidas y hospedaje.\u00a0<\/p>\t\t\t\t\t\t\t\t<\/div>\n\t\t\t\t\t<\/div>\n\t\t<\/div>\n\t\t\t\t\t<\/div>\n\t\t<\/section>\n\t\t\t\t<section data-particle_enable=\"false\" data-particle-mobile-disabled=\"false\" class=\"elementor-section elementor-top-section elementor-element elementor-element-bc25ba7 elementor-section-boxed elementor-section-height-default elementor-section-height-default\" data-id=\"bc25ba7\" data-element_type=\"section\" data-e-type=\"section\">\n\t\t\t\t\t\t<div class=\"elementor-container elementor-column-gap-default\">\n\t\t\t\t\t<div class=\"elementor-column elementor-col-100 elementor-top-column elementor-element elementor-element-440092f\" data-id=\"440092f\" data-element_type=\"column\" data-e-type=\"column\">\n\t\t\t<div class=\"elementor-widget-wrap elementor-element-populated\">\n\t\t\t\t\t\t<div class=\"elementor-element elementor-element-fc4faea elementor-widget elementor-widget-video\" data-id=\"fc4faea\" data-element_type=\"widget\" data-e-type=\"widget\" data-settings=\"{&quot;youtube_url&quot;:&quot;https:\\\/\\\/www.youtube.com\\\/watch?v=gPGNbsDuXDs&quot;,&quot;video_type&quot;:&quot;youtube&quot;,&quot;controls&quot;:&quot;yes&quot;}\" data-widget_type=\"video.default\">\n\t\t\t\t\t\t\t<div class=\"elementor-wrapper elementor-open-inline\">\n\t\t\t<div class=\"elementor-video\"><\/div>\t\t<\/div>\n\t\t\t\t\t\t<\/div>\n\t\t\t\t\t<\/div>\n\t\t<\/div>\n\t\t\t\t\t<\/div>\n\t\t<\/section>\n\t\t\t\t<section data-particle_enable=\"false\" data-particle-mobile-disabled=\"false\" class=\"elementor-section elementor-top-section elementor-element elementor-element-1c14f87 elementor-section-boxed elementor-section-height-default elementor-section-height-default\" data-id=\"1c14f87\" data-element_type=\"section\" data-e-type=\"section\">\n\t\t\t\t\t\t<div class=\"elementor-container elementor-column-gap-default\">\n\t\t\t\t\t<div class=\"elementor-column elementor-col-100 elementor-top-column elementor-element elementor-element-40277b0\" data-id=\"40277b0\" data-element_type=\"column\" data-e-type=\"column\">\n\t\t\t<div class=\"elementor-widget-wrap elementor-element-populated\">\n\t\t\t\t\t\t<div class=\"elementor-element elementor-element-4278315 elementor-widget elementor-widget-google_maps\" data-id=\"4278315\" data-element_type=\"widget\" data-e-type=\"widget\" data-widget_type=\"google_maps.default\">\n\t\t\t\t\t\t\t<div class=\"elementor-custom-embed\">\n\t\t\t<iframe loading=\"lazy\"\n\t\t\t\t\tsrc=\"https:\/\/maps.google.com\/maps?q=el%20paredon%20sipacate&#038;t=m&#038;z=10&#038;output=embed&#038;iwloc=near\"\n\t\t\t\t\ttitle=\"el paredon sipacate\"\n\t\t\t\t\taria-label=\"el paredon sipacate\"\n\t\t\t><\/iframe>\n\t\t<\/div>\n\t\t\t\t\t\t<\/div>\n\t\t\t\t\t<\/div>\n\t\t<\/div>\n\t\t\t\t\t<\/div>\n\t\t<\/section>\n\t\t\t\t<section data-particle_enable=\"false\" data-particle-mobile-disabled=\"false\" class=\"elementor-section elementor-top-section elementor-element elementor-element-c6b21e2 elementor-section-boxed elementor-section-height-default elementor-section-height-default\" data-id=\"c6b21e2\" data-element_type=\"section\" data-e-type=\"section\">\n\t\t\t\t\t\t<div class=\"elementor-container elementor-column-gap-default\">\n\t\t\t\t\t<div class=\"elementor-column elementor-col-100 elementor-top-column elementor-element elementor-element-9c383b4\" data-id=\"9c383b4\" data-element_type=\"column\" data-e-type=\"column\">\n\t\t\t<div class=\"elementor-widget-wrap elementor-element-populated\">\n\t\t\t\t\t\t<div class=\"elementor-element elementor-element-9a21a17 elementor-widget elementor-widget-heading\" data-id=\"9a21a17\" data-element_type=\"widget\" data-e-type=\"widget\" data-widget_type=\"heading.default\">\n\t\t\t\t\t<h2 class=\"elementor-heading-title elementor-size-default\">Guatemala siempre te sorprende<\/h2>\t\t\t\t<\/div>\n\t\t\t\t\t<\/div>\n\t\t<\/div>\n\t\t\t\t\t<\/div>\n\t\t<\/section>\n\t\t\t\t<section data-particle_enable=\"false\" data-particle-mobile-disabled=\"false\" class=\"elementor-section elementor-top-section elementor-element elementor-element-8b99d19 elementor-section-boxed elementor-section-height-default elementor-section-height-default\" data-id=\"8b99d19\" data-element_type=\"section\" data-e-type=\"section\">\n\t\t\t\t\t\t<div class=\"elementor-container elementor-column-gap-default\">\n\t\t\t\t\t<div class=\"elementor-column elementor-col-100 elementor-top-column elementor-element elementor-element-3755d70\" data-id=\"3755d70\" data-element_type=\"column\" data-e-type=\"column\">\n\t\t\t<div class=\"elementor-widget-wrap elementor-element-populated\">\n\t\t\t\t\t\t<div class=\"elementor-element elementor-element-b6a83a9 elementor-grid-eael-col-4 elementor-grid-tablet-eael-col-2 elementor-grid-mobile-eael-col-1 elementor-widget elementor-widget-eael-post-grid\" data-id=\"b6a83a9\" data-element_type=\"widget\" data-e-type=\"widget\" data-settings=\"{&quot;eael_post_grid_columns&quot;:&quot;eael-col-4&quot;,&quot;eael_post_grid_columns_tablet&quot;:&quot;eael-col-2&quot;,&quot;eael_post_grid_columns_mobile&quot;:&quot;eael-col-1&quot;}\" data-widget_type=\"eael-post-grid.default\">\n\t\t\t\t\t<div id=\"eael-post-grid-b6a83a9\" class=\"eael-post-grid-container\">\n            <div class=\"eael-post-grid eael-post-appender eael-post-appender-b6a83a9 eael-post-grid-style-one\" data-layout-mode=\"masonry\"><article class=\"eael-grid-post  eael-post-grid-column eael-pg-post-8882 category-guate-nuestra\" data-id=\"8882\">\n        <div class=\"eael-grid-post-holder\">\n            <div class=\"eael-grid-post-holder-inner\"><div class=\"eael-entry-media\"><div class=\"eael-entry-overlay fade-in\"><i class=\"far fa-hand-pointer\" aria-hidden=\"true\"><\/i><a href=\"https:\/\/soymigrante.com\/revista\/zaculeu-antigua-capital-mam-no-deja-de-sorprender\/\"><\/a><\/div><div class=\"eael-entry-thumbnail \">\n                <img decoding=\"async\" width=\"300\" height=\"300\" src=\"https:\/\/soymigrante.com\/revista\/wp-content\/uploads\/2024\/09\/Zaculue2-300x300.webp\" class=\"attachment-medium size-medium wp-image-8887\" alt=\"Ancient Mayan pyramids in Mexico, archaeological site surrounded by lush green forests, showcasing Mayan architecture and history, part of the cultural heritage featured in SoyMigrante.com REVISTA.\" srcset=\"https:\/\/soymigrante.com\/revista\/wp-content\/uploads\/2024\/09\/Zaculue2-300x300.webp 300w, https:\/\/soymigrante.com\/revista\/wp-content\/uploads\/2024\/09\/Zaculue2-1024x1024.webp 1024w, https:\/\/soymigrante.com\/revista\/wp-content\/uploads\/2024\/09\/Zaculue2-150x150.webp 150w, https:\/\/soymigrante.com\/revista\/wp-content\/uploads\/2024\/09\/Zaculue2-768x768.webp 768w, https:\/\/soymigrante.com\/revista\/wp-content\/uploads\/2024\/09\/Zaculue2-75x75.webp 75w, https:\/\/soymigrante.com\/revista\/wp-content\/uploads\/2024\/09\/Zaculue2-750x750.webp 750w, https:\/\/soymigrante.com\/revista\/wp-content\/uploads\/2024\/09\/Zaculue2.webp 1080w\" sizes=\"(max-width: 300px) 100vw, 300px\" \/>\n            <\/div>\n        <\/div><div class=\"eael-entry-wrapper\"><header class=\"eael-entry-header\"><h2 class=\"eael-entry-title\"><a class=\"eael-grid-post-link\" href=\"https:\/\/soymigrante.com\/revista\/zaculeu-antigua-capital-mam-no-deja-de-sorprender\/\" title=\"Zaculeu, antigua capital Mam no deja de sorprender\">Zaculeu, antigua capital Mam no deja de sorprender<\/a><\/h2><\/header><div class=\"eael-entry-content\">\n                        <div class=\"eael-grid-post-excerpt\"><p>El r\u00edo Selegua o llamado tambi\u00e9n Zaculeu y la aldea...<\/p><a href=\"https:\/\/soymigrante.com\/revista\/zaculeu-antigua-capital-mam-no-deja-de-sorprender\/\" class=\"eael-post-elements-readmore-btn\">Read More<\/a><\/div>\n                    <\/div><\/div><\/div>\n        <\/div>\n    <\/article><article class=\"eael-grid-post  eael-post-grid-column eael-pg-post-10697 category-guate-nuestra\" data-id=\"10697\">\n        <div class=\"eael-grid-post-holder\">\n            <div class=\"eael-grid-post-holder-inner\"><div class=\"eael-entry-media\"><div class=\"eael-entry-overlay fade-in\"><i class=\"far fa-hand-pointer\" aria-hidden=\"true\"><\/i><a href=\"https:\/\/soymigrante.com\/revista\/yaxha-es-una-maravilla-de-piedra-que-estuvo-por-habitada-16-siglos\/\"><\/a><\/div><div class=\"eael-entry-thumbnail \">\n                <img loading=\"lazy\" decoding=\"async\" width=\"300\" height=\"300\" src=\"https:\/\/soymigrante.com\/revista\/wp-content\/uploads\/2024\/10\/yaxha-peten.webp\" class=\"attachment-medium size-medium wp-image-10773\" alt=\"Impresionante pir\u00e1mide maya en medio de la selva con vegetaci\u00f3n verde y cielo claro, s\u00edmbolo cultural y arqueol\u00f3gico de M\u00e9xico.\" \/>\n            <\/div>\n        <\/div><div class=\"eael-entry-wrapper\"><header class=\"eael-entry-header\"><h2 class=\"eael-entry-title\"><a class=\"eael-grid-post-link\" href=\"https:\/\/soymigrante.com\/revista\/yaxha-es-una-maravilla-de-piedra-que-estuvo-por-habitada-16-siglos\/\" title=\"Yaxh\u00e1 es una maravilla de piedra que estuvo por habitada 16 siglos\">Yaxh\u00e1 es una maravilla de piedra que estuvo por habitada 16 siglos<\/a><\/h2><\/header><div class=\"eael-entry-content\">\n                        <div class=\"eael-grid-post-excerpt\"><p>Yaxh\u00e1 es un sitio arqueol\u00f3gico que no solo destaca por...<\/p><a href=\"https:\/\/soymigrante.com\/revista\/yaxha-es-una-maravilla-de-piedra-que-estuvo-por-habitada-16-siglos\/\" class=\"eael-post-elements-readmore-btn\">Read More<\/a><\/div>\n                    <\/div><\/div><\/div>\n        <\/div>\n    <\/article><article class=\"eael-grid-post  eael-post-grid-column eael-pg-post-10385 category-guate-nuestra tags-mercado-emprendedores\" data-id=\"10385\">\n        <div class=\"eael-grid-post-holder\">\n            <div class=\"eael-grid-post-holder-inner\"><div class=\"eael-entry-media\"><div class=\"eael-entry-overlay fade-in\"><i class=\"far fa-hand-pointer\" aria-hidden=\"true\"><\/i><a href=\"https:\/\/soymigrante.com\/revista\/cooperativa-yax-transforma-una-planta-recicladora-en-huehuetenango-que-crea-y-genera-empleo\/\"><\/a><\/div><div class=\"eael-entry-thumbnail \">\n                <img loading=\"lazy\" decoding=\"async\" width=\"300\" height=\"300\" src=\"https:\/\/soymigrante.com\/revista\/wp-content\/uploads\/2024\/10\/yax-transforma-300x300.webp\" class=\"attachment-medium size-medium wp-image-10489\" alt=\"Transformaci\u00f3n social en eventos de SoyMigrante.com REVISTA, promoviendo inclusi\u00f3n y derechos de migrantes en Am\u00e9rica Latina.\" srcset=\"https:\/\/soymigrante.com\/revista\/wp-content\/uploads\/2024\/10\/yax-transforma-300x300.webp 300w, https:\/\/soymigrante.com\/revista\/wp-content\/uploads\/2024\/10\/yax-transforma-1024x1024.webp 1024w, https:\/\/soymigrante.com\/revista\/wp-content\/uploads\/2024\/10\/yax-transforma-150x150.webp 150w, https:\/\/soymigrante.com\/revista\/wp-content\/uploads\/2024\/10\/yax-transforma-768x768.webp 768w, https:\/\/soymigrante.com\/revista\/wp-content\/uploads\/2024\/10\/yax-transforma-75x75.webp 75w, https:\/\/soymigrante.com\/revista\/wp-content\/uploads\/2024\/10\/yax-transforma-750x750.webp 750w, https:\/\/soymigrante.com\/revista\/wp-content\/uploads\/2024\/10\/yax-transforma.webp 1049w\" sizes=\"(max-width: 300px) 100vw, 300px\" \/>\n            <\/div>\n        <\/div><div class=\"eael-entry-wrapper\"><header class=\"eael-entry-header\"><h2 class=\"eael-entry-title\"><a class=\"eael-grid-post-link\" href=\"https:\/\/soymigrante.com\/revista\/cooperativa-yax-transforma-una-planta-recicladora-en-huehuetenango-que-crea-y-genera-empleo\/\" title=\"Yax Transforma recolecta pl\u00e1stico y lo convierte en tablas, mesas, postes y&#8230; empleos\">Yax Transforma recolecta pl\u00e1stico y lo convierte en tablas, mesas, postes y&#8230; empleos<\/a><\/h2><\/header><div class=\"eael-entry-content\">\n                        <div class=\"eael-grid-post-excerpt\"><p>Yax Transforma es una planta recicladora de Jacaltenango, Huehuetenango, que...<\/p><a href=\"https:\/\/soymigrante.com\/revista\/cooperativa-yax-transforma-una-planta-recicladora-en-huehuetenango-que-crea-y-genera-empleo\/\" class=\"eael-post-elements-readmore-btn\">Read More<\/a><\/div>\n                    <\/div><\/div><\/div>\n        <\/div>\n    <\/article><article class=\"eael-grid-post  eael-post-grid-column eael-pg-post-9934 category-guate-nuestra\" data-id=\"9934\">\n        <div class=\"eael-grid-post-holder\">\n            <div class=\"eael-grid-post-holder-inner\"><div class=\"eael-entry-media\"><div class=\"eael-entry-overlay fade-in\"><i class=\"far fa-hand-pointer\" aria-hidden=\"true\"><\/i><a href=\"https:\/\/soymigrante.com\/revista\/dia-de-accion-de-gracias-ocasion-de-compartir-en-una-cultura-distinta\/\"><\/a><\/div><div class=\"eael-entry-thumbnail \">\n                <img loading=\"lazy\" decoding=\"async\" width=\"300\" height=\"300\" src=\"https:\/\/soymigrante.com\/revista\/wp-content\/uploads\/2024\/11\/accion-de-gracias-300x300.png\" class=\"attachment-medium size-medium wp-image-48905\" alt=\"accion de gracias\" srcset=\"https:\/\/soymigrante.com\/revista\/wp-content\/uploads\/2024\/11\/accion-de-gracias-300x300.png 300w, https:\/\/soymigrante.com\/revista\/wp-content\/uploads\/2024\/11\/accion-de-gracias-1024x1024.png 1024w, https:\/\/soymigrante.com\/revista\/wp-content\/uploads\/2024\/11\/accion-de-gracias-150x150.png 150w, https:\/\/soymigrante.com\/revista\/wp-content\/uploads\/2024\/11\/accion-de-gracias-768x768.png 768w, https:\/\/soymigrante.com\/revista\/wp-content\/uploads\/2024\/11\/accion-de-gracias-75x75.png 75w, https:\/\/soymigrante.com\/revista\/wp-content\/uploads\/2024\/11\/accion-de-gracias-750x750.png 750w, https:\/\/soymigrante.com\/revista\/wp-content\/uploads\/2024\/11\/accion-de-gracias.png 1072w\" sizes=\"(max-width: 300px) 100vw, 300px\" \/>\n            <\/div>\n        <\/div><div class=\"eael-entry-wrapper\"><header class=\"eael-entry-header\"><h2 class=\"eael-entry-title\"><a class=\"eael-grid-post-link\" href=\"https:\/\/soymigrante.com\/revista\/dia-de-accion-de-gracias-ocasion-de-compartir-en-una-cultura-distinta\/\" title=\"Ya viene el D\u00eda de Acci\u00f3n de Gracias en USA: ocasi\u00f3n para compartir en una cultura distinta\">Ya viene el D\u00eda de Acci\u00f3n de Gracias en USA: ocasi\u00f3n para compartir en una cultura distinta<\/a><\/h2><\/header><div class=\"eael-entry-content\">\n                        <div class=\"eael-grid-post-excerpt\"><p>El D\u00eda de Acci\u00f3n de Gracias, una de las festividades...<\/p><a href=\"https:\/\/soymigrante.com\/revista\/dia-de-accion-de-gracias-ocasion-de-compartir-en-una-cultura-distinta\/\" class=\"eael-post-elements-readmore-btn\">Read More<\/a><\/div>\n                    <\/div><\/div><\/div>\n        <\/div>\n    <\/article><\/div>\n            <div class=\"clearfix\"><\/div>\n        <\/div>            <div class=\"eael-load-more-button-wrap eael-force-hide\">\n                <button class=\"eael-load-more-button\" id=\"eael-load-more-btn-b6a83a9\" data-widget-id=\"b6a83a9\" data-widget=\"b6a83a9\" data-page-id=\"6717\" data-template=\"{&quot;dir&quot;:&quot;lite&quot;,&quot;file_name&quot;:&quot;one.php&quot;,&quot;name&quot;:&quot;Post-Grid&quot;}\" data-class=\"Essential_Addons_Elementor\\Elements\\Post_Grid\" data-layout=\"masonry\" data-page=\"1\" data-args=\"orderby=title&amp;order=desc&amp;ignore_sticky_posts=1&amp;post_status=publish&amp;posts_per_page=4&amp;offset=0&amp;post_type=post&amp;tax_query%5B0%5D%5Btaxonomy%5D=category&amp;tax_query%5B0%5D%5Bfield%5D=term_id&amp;tax_query%5B0%5D%5Bterms%5D%5B0%5D=58&amp;tax_query%5Brelation%5D=AND\" data-max-page=\"216\">\n                    <span class=\"eael-btn-loader button__loader\"><\/span>\n                    <span class=\"eael_load_more_text\">Load More<\/span>\n                <\/button>\n            <\/div>\n            \t\t\t\t<\/div>\n\t\t\t\t\t<\/div>\n\t\t<\/div>\n\t\t\t\t\t<\/div>\n\t\t<\/section>\n\t\t\t\t<\/div>\n\t\t","protected":false},"excerpt":{"rendered":"<p>La arena negra gana por mayor\u00eda de opciones. Las playas de la Costa Sur de Guatemala son siempre una fiesta de olas, sonrisas y recuerdos. Estas solo son ideas para compartir en familia o llevar a ese familiar migrante a un d\u00eda brillante. Sentarse a ver la inmensidad del oc\u00e9ano Pac\u00edfico en la arena de [&hellip;]<\/p>\n","protected":false},"author":7,"featured_media":6718,"comment_status":"open","ping_status":"open","sticky":false,"template":"","format":"standard","meta":{"_acf_changed":false,"_eb_attr":"","footnotes":""},"categories":[58,289],"tags":[],"class_list":["post-6717","post","type-post","status-publish","format-standard","has-post-thumbnail","hentry","category-guate-nuestra","category-riqueza-natural"],"acf":[],"aioseo_notices":[],"aioseo_head":"\n\t\t<!-- All in One SEO Pro 4.9.6.2 - aioseo.com -->\n\t<meta name=\"description\" content=\"Tradici\u00f3n muy propia de USA tuvo un origen en una vivencia migratoria siglos atr\u00e1s. Los hispanos en USA tambi\u00e9n la pueden hacer propia y enriquecedora\" \/>\n\t<meta name=\"robots\" content=\"max-snippet:-1, max-image-preview:large, max-video-preview:-1\" \/>\n\t<meta name=\"author\" content=\"SoyMigrante.com REVISTA\"\/>\n\t<link rel=\"canonical\" href=\"https:\/\/soymigrante.com\/revista\/dia-de-accion-de-gracias-ocasion-de-compartir-en-una-cultura-distinta\/\" \/>\n\t<meta name=\"generator\" content=\"All in One SEO Pro (AIOSEO) 4.9.6.2\" \/>\n\n\t\t<link rel=\"preconnect\" href=\"https:\/\/fonts.googleapis.com\" crossorigin>\n<link rel=\"preconnect\" href=\"https:\/\/fonts.gstatic.com\" crossorigin>\n\t\t<meta property=\"og:locale\" content=\"es_ES\" \/>\n\t\t<meta property=\"og:site_name\" content=\"SoyMigrante.com REVISTA \u2013 Nuestra misi\u00f3n es reconocer y dignificar al migrante.\" \/>\n\t\t<meta property=\"og:type\" content=\"article\" \/>\n\t\t<meta property=\"og:title\" content=\"D\u00eda de Acci\u00f3n de Gracias: ocasi\u00f3n para asimilar otra cultura\" \/>\n\t\t<meta property=\"og:description\" content=\"Tradici\u00f3n muy propia de USA tuvo un origen en una vivencia migratoria siglos atr\u00e1s. Los hispanos en USA tambi\u00e9n la pueden hacer propia y enriquecedora\" \/>\n\t\t<meta property=\"og:url\" content=\"https:\/\/soymigrante.com\/revista\/dia-de-accion-de-gracias-ocasion-de-compartir-en-una-cultura-distinta\/\" \/>\n\t\t<meta property=\"og:image\" content=\"https:\/\/soymigrante.com\/revista\/wp-content\/uploads\/2024\/11\/accion-de-gracias.png\" \/>\n\t\t<meta property=\"og:image:secure_url\" content=\"https:\/\/soymigrante.com\/revista\/wp-content\/uploads\/2024\/11\/accion-de-gracias.png\" \/>\n\t\t<meta property=\"og:image:width\" content=\"1072\" \/>\n\t\t<meta property=\"og:image:height\" content=\"1072\" \/>\n\t\t<meta property=\"article:published_time\" content=\"2025-11-24T13:58:54+00:00\" \/>\n\t\t<meta property=\"article:modified_time\" content=\"2025-11-24T13:59:06+00:00\" \/>\n\t\t<meta property=\"article:publisher\" content=\"https:\/\/www.facebook.com\/soymigrantecom\" \/>\n\t\t<meta name=\"twitter:card\" content=\"summary_large_image\" \/>\n\t\t<meta name=\"twitter:site\" content=\"@SoyMigrante_com\" \/>\n\t\t<meta name=\"twitter:title\" content=\"D\u00eda de Acci\u00f3n de Gracias: ocasi\u00f3n para asimilar otra cultura\" \/>\n\t\t<meta name=\"twitter:description\" content=\"Tradici\u00f3n muy propia de USA tuvo un origen en una vivencia migratoria siglos atr\u00e1s. Los hispanos en USA tambi\u00e9n la pueden hacer propia y enriquecedora\" \/>\n\t\t<meta name=\"twitter:creator\" content=\"@SoyMigrante_com\" \/>\n\t\t<meta name=\"twitter:image\" content=\"https:\/\/soymigrante.com\/revista\/wp-content\/uploads\/2024\/11\/accion-de-gracias.png\" \/>\n\t\t<!-- All in One SEO Pro -->\r\n\t\t<title>D\u00eda de Acci\u00f3n de Gracias: ocasi\u00f3n para asimilar otra cultura<\/title>\n\n","aioseo_head_json":{"title":"D\u00eda de Acci\u00f3n de Gracias: ocasi\u00f3n para asimilar otra cultura","description":"Tradici\u00f3n muy propia de USA tuvo un origen en una vivencia migratoria siglos atr\u00e1s. Los hispanos en USA tambi\u00e9n la pueden hacer propia y enriquecedora","canonical_url":"https:\/\/soymigrante.com\/revista\/dia-de-accion-de-gracias-ocasion-de-compartir-en-una-cultura-distinta\/","robots":"max-snippet:-1, max-image-preview:large, max-video-preview:-1","keywords":"","webmasterTools":{"miscellaneous":"&lt;link rel=\"preconnect\" href=\"https:\/\/fonts.googleapis.com\" crossorigin&gt;\n&lt;link rel=\"preconnect\" href=\"https:\/\/fonts.gstatic.com\" crossorigin&gt;"},"schema":null,"og:locale":"es_ES","og:site_name":"SoyMigrante.com REVISTA \u2013 Nuestra misi\u00f3n es reconocer y dignificar al migrante.","og:type":"article","og:title":"D\u00eda de Acci\u00f3n de Gracias: ocasi\u00f3n para asimilar otra cultura","og:description":"Tradici\u00f3n muy propia de USA tuvo un origen en una vivencia migratoria siglos atr\u00e1s. Los hispanos en USA tambi\u00e9n la pueden hacer propia y enriquecedora","og:url":"https:\/\/soymigrante.com\/revista\/dia-de-accion-de-gracias-ocasion-de-compartir-en-una-cultura-distinta\/","og:image":"https:\/\/soymigrante.com\/revista\/wp-content\/uploads\/2024\/11\/accion-de-gracias.png","og:image:secure_url":"https:\/\/soymigrante.com\/revista\/wp-content\/uploads\/2024\/11\/accion-de-gracias.png","og:image:width":1072,"og:image:height":1072,"article:published_time":"2025-11-24T13:58:54+00:00","article:modified_time":"2025-11-24T13:59:06+00:00","article:publisher":"https:\/\/www.facebook.com\/soymigrantecom","twitter:card":"summary_large_image","twitter:site":"@SoyMigrante_com","twitter:title":"D\u00eda de Acci\u00f3n de Gracias: ocasi\u00f3n para asimilar otra cultura","twitter:description":"Tradici\u00f3n muy propia de USA tuvo un origen en una vivencia migratoria siglos atr\u00e1s. Los hispanos en USA tambi\u00e9n la pueden hacer propia y enriquecedora","twitter:creator":"@SoyMigrante_com","twitter:image":"https:\/\/soymigrante.com\/revista\/wp-content\/uploads\/2024\/11\/accion-de-gracias.png"},"aioseo_meta_data":{"post_id":"6717","title":"Playas de Guatemala : donde el verano sigue encendido","description":"Ya sea en la Costa Sur o en la Costa Caribe, Guatemala tiene destinos de playa atractivos, placenteros e inolvidables. Estas son algunas playas famosas.","keywords":null,"keyphrases":{"focus":{"keyphrase":"Playas de Guatemala","score":60,"analysis":{"keyphraseInTitle":{"score":9,"maxScore":9,"error":0},"keyphraseInDescription":{"score":3,"maxScore":9,"error":1},"keyphraseLength":{"score":9,"maxScore":9,"error":0,"length":3},"keyphraseInURL":{"score":5,"maxScore":5,"error":0},"keyphraseInIntroduction":{"score":9,"maxScore":9,"error":0},"keyphraseInSubHeadings":{"score":3,"maxScore":9,"error":1},"keyphraseInImageAlt":{"score":3,"maxScore":9,"error":1},"keywordDensity":{"score":0,"type":"low","maxScore":9,"error":1}}},"additional":[{"keyphrase":"Migrante","score":53,"analysis":{"keyphraseInDescription":{"score":3,"maxScore":9,"error":1},"keyphraseLength":{"score":9,"maxScore":9,"error":0,"length":1},"keyphraseInIntroduction":{"score":3,"maxScore":9,"error":1},"keyphraseInImageAlt":{"score":9,"maxScore":9,"error":0},"keywordDensity":{"score":0,"type":"low","maxScore":9,"error":1}}},{"keyphrase":"Guatemala","score":87,"analysis":{"keyphraseInDescription":{"score":9,"maxScore":9,"error":0},"keyphraseLength":{"score":9,"maxScore":9,"error":0,"length":1},"keyphraseInIntroduction":{"score":9,"maxScore":9,"error":0},"keyphraseInImageAlt":{"score":3,"maxScore":9,"error":1},"keywordDensity":{"type":"best","score":9,"maxScore":9,"error":0}}},{"keyphrase":"Playas","score":87,"analysis":{"keyphraseInDescription":{"score":9,"maxScore":9,"error":0},"keyphraseLength":{"score":9,"maxScore":9,"error":0,"length":1},"keyphraseInIntroduction":{"score":9,"maxScore":9,"error":0},"keyphraseInImageAlt":{"score":3,"maxScore":9,"error":1},"keywordDensity":{"type":"best","score":9,"maxScore":9,"error":0}}}]},"primary_term":null,"canonical_url":null,"og_title":null,"og_description":null,"og_object_type":"default","og_image_type":"default","og_image_url":null,"og_image_width":null,"og_image_height":null,"og_image_custom_url":null,"og_image_custom_fields":null,"og_video":"","og_custom_url":null,"og_article_section":null,"og_article_tags":null,"twitter_use_og":false,"twitter_card":"default","twitter_image_type":"default","twitter_image_url":null,"twitter_image_custom_url":null,"twitter_image_custom_fields":null,"twitter_title":null,"twitter_description":null,"schema":{"blockGraphs":[],"customGraphs":[],"default":{"data":{"Article":[],"Course":[],"Dataset":[],"FAQPage":[],"Movie":[],"Person":[],"Product":[],"ProductReview":[],"Car":[],"Recipe":[],"Service":[],"SoftwareApplication":[],"WebPage":[]},"graphName":"NewsArticle","isEnabled":true},"graphs":[]},"schema_type":"default","schema_type_options":null,"pillar_content":false,"robots_default":true,"robots_noindex":false,"robots_noarchive":false,"robots_nosnippet":false,"robots_nofollow":false,"robots_noimageindex":false,"robots_noodp":false,"robots_notranslate":false,"robots_max_snippet":"-1","robots_max_videopreview":"-1","robots_max_imagepreview":"large","priority":null,"frequency":"default","local_seo":null,"seo_analyzer_scan_date":null,"breadcrumb_settings":null,"limit_modified_date":false,"reviewed_by":null,"open_ai":"{\"title\":{\"suggestions\":[],\"usage\":0},\"description\":{\"suggestions\":[],\"usage\":0}}","ai":{"faqs":[],"keyPoints":[],"titles":[],"descriptions":[],"socialPosts":{"email":[],"linkedin":[],"twitter":[],"facebook":[],"instagram":[]}},"created":"2024-05-29 20:12:57","updated":"2026-03-22 00:08:10"},"aioseo_breadcrumb":"<div class=\"aioseo-breadcrumbs\"><span class=\"aioseo-breadcrumb\">\n\t<a href=\"https:\/\/soymigrante.com\/revista\" title=\"Home\">Home<\/a>\n<\/span><span class=\"aioseo-breadcrumb-separator\">\u00bb<\/span><span class=\"aioseo-breadcrumb\">\n\t<a href=\"https:\/\/soymigrante.com\/revista\/category\/guate-nuestra\/\" title=\"Guate Nuestra\">Guate Nuestra<\/a>\n<\/span><span class=\"aioseo-breadcrumb-separator\">\u00bb<\/span><span class=\"aioseo-breadcrumb\">\n\t<a href=\"https:\/\/soymigrante.com\/revista\/category\/guate-nuestra\/riqueza-natural\/\" title=\"Riqueza natural\">Riqueza natural<\/a>\n<\/span><span class=\"aioseo-breadcrumb-separator\">\u00bb<\/span><span class=\"aioseo-breadcrumb\">\n\tPlayas de Guatemala son un verano de todo el a\u00f1o y un sitio al cual siempre queremos volver\n<\/span><\/div>","aioseo_breadcrumb_json":[{"label":"Home","link":"https:\/\/soymigrante.com\/revista"},{"label":"Guate Nuestra","link":"https:\/\/soymigrante.com\/revista\/category\/guate-nuestra\/"},{"label":"Riqueza natural","link":"https:\/\/soymigrante.com\/revista\/category\/guate-nuestra\/riqueza-natural\/"},{"label":"Playas de Guatemala son un verano de todo el a\u00f1o y un sitio al cual siempre queremos volver","link":"https:\/\/soymigrante.com\/revista\/playas-de-guatemala-donde-el-verano-siempre-esta-encendido\/"}],"_links":{"self":[{"href":"https:\/\/soymigrante.com\/revista\/wp-json\/wp\/v2\/posts\/6717","targetHints":{"allow":["GET"]}}],"collection":[{"href":"https:\/\/soymigrante.com\/revista\/wp-json\/wp\/v2\/posts"}],"about":[{"href":"https:\/\/soymigrante.com\/revista\/wp-json\/wp\/v2\/types\/post"}],"author":[{"embeddable":true,"href":"https:\/\/soymigrante.com\/revista\/wp-json\/wp\/v2\/users\/7"}],"replies":[{"embeddable":true,"href":"https:\/\/soymigrante.com\/revista\/wp-json\/wp\/v2\/comments?post=6717"}],"version-history":[{"count":2,"href":"https:\/\/soymigrante.com\/revista\/wp-json\/wp\/v2\/posts\/6717\/revisions"}],"predecessor-version":[{"id":53968,"href":"https:\/\/soymigrante.com\/revista\/wp-json\/wp\/v2\/posts\/6717\/revisions\/53968"}],"wp:featuredmedia":[{"embeddable":true,"href":"https:\/\/soymigrante.com\/revista\/wp-json\/wp\/v2\/media\/6718"}],"wp:attachment":[{"href":"https:\/\/soymigrante.com\/revista\/wp-json\/wp\/v2\/media?parent=6717"}],"wp:term":[{"taxonomy":"category","embeddable":true,"href":"https:\/\/soymigrante.com\/revista\/wp-json\/wp\/v2\/categories?post=6717"},{"taxonomy":"post_tag","embeddable":true,"href":"https:\/\/soymigrante.com\/revista\/wp-json\/wp\/v2\/tags?post=6717"}],"curies":[{"name":"wp","href":"https:\/\/api.w.org\/{rel}","templated":true}]}}