{"id":6678,"date":"2024-05-28T17:14:14","date_gmt":"2024-05-28T23:14:14","guid":{"rendered":"https:\/\/soymigrante.com\/revista\/?p=6678"},"modified":"2025-11-04T09:54:58","modified_gmt":"2025-11-04T15:54:58","slug":"asi-cambio-de-pies-a-cabeza-el-sueno-de-gilroy-alvarez","status":"publish","type":"post","link":"https:\/\/soymigrante.com\/revista\/asi-cambio-de-pies-a-cabeza-el-sueno-de-gilroy-alvarez\/","title":{"rendered":"As\u00ed cambi\u00f3 de pies a cabeza el sue\u00f1o de Gilroy \u00c1lvarez"},"content":{"rendered":"\t\t<div data-elementor-type=\"wp-post\" data-elementor-id=\"6678\" class=\"elementor elementor-6678\" data-elementor-post-type=\"post\">\n\t\t\t\t\t\t<section data-particle_enable=\"false\" data-particle-mobile-disabled=\"false\" class=\"elementor-section elementor-top-section elementor-element elementor-element-85fd59f elementor-section-boxed elementor-section-height-default elementor-section-height-default\" data-id=\"85fd59f\" data-element_type=\"section\" data-e-type=\"section\">\n\t\t\t\t\t\t<div class=\"elementor-container elementor-column-gap-default\">\n\t\t\t\t\t<div class=\"elementor-column elementor-col-100 elementor-top-column elementor-element elementor-element-4d43af5\" data-id=\"4d43af5\" data-element_type=\"column\" data-e-type=\"column\">\n\t\t\t<div class=\"elementor-widget-wrap elementor-element-populated\">\n\t\t\t\t\t\t<div class=\"elementor-element elementor-element-f7856da elementor-widget elementor-widget-heading\" data-id=\"f7856da\" data-element_type=\"widget\" data-e-type=\"widget\" data-widget_type=\"heading.default\">\n\t\t\t\t\t<h2 class=\"elementor-heading-title elementor-size-default\">\"En la escuela  nunca te dan educaci\u00f3n financiera. Y uno aprende a la buena o a la mala\", dice Gilroy \u00c1lvarez, migrante guatemalteco, gar\u00edfuna originario de Izabal. Es experto en finanzas  y bienes ra\u00edces en Nueva York. Su sue\u00f1o era ser futbolista, pero una s\u00fabita jugada cambi\u00f3 el rumbo de su vida.<\/h2>\t\t\t\t<\/div>\n\t\t\t\t<div class=\"elementor-element elementor-element-b46794d elementor-widget elementor-widget-html\" data-id=\"b46794d\" data-element_type=\"widget\" data-e-type=\"widget\" data-widget_type=\"html.default\">\n\t\t\t\t\t<div id=\"buzzsprout-player-18131612\"><\/div><script src=\"https:\/\/www.buzzsprout.com\/2444168\/episodes\/18131612-garifuna-guatemalteco-triunfa-en-ny-gilroy-alvarez-experto-financiero.js?container_id=buzzsprout-player-18131612&player=small\" type=\"text\/javascript\" charset=\"utf-8\"><\/script>\t\t\t\t<\/div>\n\t\t\t\t\t<\/div>\n\t\t<\/div>\n\t\t\t\t\t<\/div>\n\t\t<\/section>\n\t\t\t\t<section data-particle_enable=\"false\" data-particle-mobile-disabled=\"false\" class=\"elementor-section elementor-top-section elementor-element elementor-element-c24abc8 elementor-section-boxed elementor-section-height-default elementor-section-height-default\" data-id=\"c24abc8\" data-element_type=\"section\" data-e-type=\"section\">\n\t\t\t\t\t\t<div class=\"elementor-container elementor-column-gap-default\">\n\t\t\t\t\t<div class=\"elementor-column elementor-col-100 elementor-top-column elementor-element elementor-element-352eaf0\" data-id=\"352eaf0\" data-element_type=\"column\" data-e-type=\"column\">\n\t\t\t<div class=\"elementor-widget-wrap elementor-element-populated\">\n\t\t\t\t\t\t<div class=\"elementor-element elementor-element-726d7a5 elementor-widget elementor-widget-text-editor\" data-id=\"726d7a5\" data-element_type=\"widget\" data-e-type=\"widget\" data-widget_type=\"text-editor.default\">\n\t\t\t\t\t\t\t\t\t<p>Gilroy Alvarez es gerente de un banco en Nueva York; tambi\u00e9n es experto en asesor\u00eda financiera y tiene su propia empresa de bienes ra\u00edces.\u00a0 \u00a0Es guatemalteco, <a href=\"https:\/\/soymigrante.com\/revista\/empresario-migrante-guatemalteco-arnold-ciego-impulsa-identidad-garifuna-desde-bronx-ny\/\">gar\u00edfuna<\/a>, originario de Livingston, <a href=\"https:\/\/soymigrante.com\/revista\/departamentos-de-guatemala-izabal-es-la-puerta-del-caribe\/\">Izabal.<\/a> En su juventud fue seleccionado nacional de futbol, en la Sub-17, y particip\u00f3 en equipos juveniles de clubes guatemaltecos.\u00a0<\/p><p>Lleg\u00f3 a EE.UU hace 16 a\u00f1os y su gran sue\u00f1o era llegar a jugar en un equipo de la MLS. Ten\u00eda el talento y las ganas de triunfar, pero algo\u00a0 cambi\u00f3 el rumbo de su vida de pies a cabeza, literalmente. Al preguntarle si fue un &#8220;foul&#8221; de la vida, sonr\u00ede y acepta la met\u00e1fora. Dice que s\u00ed.<br \/>Conversamos sobre ese partido de la vida,<a href=\"https:\/\/soymigrante.com\/revista\/como-mantener-serenidad-en-la-adversidad-estrategias-clave\/\"> el cambio personal<\/a> y consejos de sanas finanzas para migrantes. Esta es la historia.<\/p>\t\t\t\t\t\t\t\t<\/div>\n\t\t\t\t\t<\/div>\n\t\t<\/div>\n\t\t\t\t\t<\/div>\n\t\t<\/section>\n\t\t\t\t<section data-particle_enable=\"false\" data-particle-mobile-disabled=\"false\" class=\"elementor-section elementor-top-section elementor-element elementor-element-a764716 elementor-section-boxed elementor-section-height-default elementor-section-height-default\" data-id=\"a764716\" data-element_type=\"section\" data-e-type=\"section\">\n\t\t\t\t\t\t<div class=\"elementor-container elementor-column-gap-default\">\n\t\t\t\t\t<div class=\"elementor-column elementor-col-100 elementor-top-column elementor-element elementor-element-4b0d181\" data-id=\"4b0d181\" data-element_type=\"column\" data-e-type=\"column\">\n\t\t\t<div class=\"elementor-widget-wrap elementor-element-populated\">\n\t\t\t\t\t\t<div class=\"elementor-element elementor-element-a9a1385 elementor-widget elementor-widget-image\" data-id=\"a9a1385\" data-element_type=\"widget\" data-e-type=\"widget\" data-widget_type=\"image.default\">\n\t\t\t\t\t\t\t\t\t\t\t\t<figure class=\"wp-caption\">\n\t\t\t\t\t\t\t\t\t\t<img fetchpriority=\"high\" decoding=\"async\" width=\"959\" height=\"960\" src=\"https:\/\/soymigrante.com\/revista\/wp-content\/uploads\/2024\/05\/Gilroy-Alvarez-migrante-guatemalteco-garifuna-experto-financiero-en-Nueva-York-2.webp\" class=\"attachment-large size-large wp-image-6681\" alt=\"Profesional en oficina usando traje azul, expresi\u00f3n pensativa, s\u00edmbolo de liderazgo y determinaci\u00f3n.\" srcset=\"https:\/\/soymigrante.com\/revista\/wp-content\/uploads\/2024\/05\/Gilroy-Alvarez-migrante-guatemalteco-garifuna-experto-financiero-en-Nueva-York-2.webp 959w, https:\/\/soymigrante.com\/revista\/wp-content\/uploads\/2024\/05\/Gilroy-Alvarez-migrante-guatemalteco-garifuna-experto-financiero-en-Nueva-York-2-300x300.webp 300w, https:\/\/soymigrante.com\/revista\/wp-content\/uploads\/2024\/05\/Gilroy-Alvarez-migrante-guatemalteco-garifuna-experto-financiero-en-Nueva-York-2-150x150.webp 150w, https:\/\/soymigrante.com\/revista\/wp-content\/uploads\/2024\/05\/Gilroy-Alvarez-migrante-guatemalteco-garifuna-experto-financiero-en-Nueva-York-2-768x769.webp 768w, https:\/\/soymigrante.com\/revista\/wp-content\/uploads\/2024\/05\/Gilroy-Alvarez-migrante-guatemalteco-garifuna-experto-financiero-en-Nueva-York-2-75x75.webp 75w, https:\/\/soymigrante.com\/revista\/wp-content\/uploads\/2024\/05\/Gilroy-Alvarez-migrante-guatemalteco-garifuna-experto-financiero-en-Nueva-York-2-750x751.webp 750w\" sizes=\"(max-width: 959px) 100vw, 959px\" title=\"Gilroy Alvarez es guatemalteco, gar\u00edfuna, originario de L\u00edvingston Izabal- Se desempe\u00f1a con \u00e9xito en la cancha de las finanzas, inversiones y bienes ra\u00edces, desde donde busca ayudar con conocimientos a m\u00e1s migrantes y emprendedores \u2013 SoyMigrante.com REVISTA\" \/>\t\t\t\t\t\t\t\t\t\t\t<figcaption class=\"widget-image-caption wp-caption-text\">Hombre en traje azul sentado, s\u00edmbolo de liderazgo, profesionalismo y confianza, en un ambiente de trabajo moderno.<\/figcaption>\n\t\t\t\t\t\t\t\t\t\t<\/figure>\n\t\t\t\t\t\t\t\t\t<\/div>\n\t\t\t\t\t<\/div>\n\t\t<\/div>\n\t\t\t\t\t<\/div>\n\t\t<\/section>\n\t\t\t\t<section data-particle_enable=\"false\" data-particle-mobile-disabled=\"false\" class=\"elementor-section elementor-top-section elementor-element elementor-element-1e216f8 elementor-section-boxed elementor-section-height-default elementor-section-height-default\" data-id=\"1e216f8\" data-element_type=\"section\" data-e-type=\"section\">\n\t\t\t\t\t\t<div class=\"elementor-container elementor-column-gap-default\">\n\t\t\t\t\t<div class=\"elementor-column elementor-col-100 elementor-top-column elementor-element elementor-element-0ce0656\" data-id=\"0ce0656\" data-element_type=\"column\" data-e-type=\"column\">\n\t\t\t<div class=\"elementor-widget-wrap elementor-element-populated\">\n\t\t\t\t\t\t<div class=\"elementor-element elementor-element-199def9 elementor-widget elementor-widget-heading\" data-id=\"199def9\" data-element_type=\"widget\" data-e-type=\"widget\" data-widget_type=\"heading.default\">\n\t\t\t\t\t<h3 class=\"elementor-heading-title elementor-size-default\">\u00bfCu\u00e1nto tiempo en Estados Unidos? <\/h3>\t\t\t\t<\/div>\n\t\t\t\t\t<\/div>\n\t\t<\/div>\n\t\t\t\t\t<\/div>\n\t\t<\/section>\n\t\t\t\t<section data-particle_enable=\"false\" data-particle-mobile-disabled=\"false\" class=\"elementor-section elementor-top-section elementor-element elementor-element-06cf336 elementor-section-boxed elementor-section-height-default elementor-section-height-default\" data-id=\"06cf336\" data-element_type=\"section\" data-e-type=\"section\">\n\t\t\t\t\t\t<div class=\"elementor-container elementor-column-gap-default\">\n\t\t\t\t\t<div class=\"elementor-column elementor-col-100 elementor-top-column elementor-element elementor-element-730ac96\" data-id=\"730ac96\" data-element_type=\"column\" data-e-type=\"column\">\n\t\t\t<div class=\"elementor-widget-wrap elementor-element-populated\">\n\t\t\t\t\t\t<div class=\"elementor-element elementor-element-ec99b9f elementor-widget elementor-widget-text-editor\" data-id=\"ec99b9f\" data-element_type=\"widget\" data-e-type=\"widget\" data-widget_type=\"text-editor.default\">\n\t\t\t\t\t\t\t\t\t<p><span style=\"color: var( --e-global-color-text );\">Ya son 16 a\u00f1os que llevo viviendo por aqu\u00ed. Llegu\u00e9 en el 2008, a Nueva York, al barrio el Bronx para ser espec\u00edfico. (Donde existe y se concentra una fuerte comunidad gar\u00edfuna proveniente de Honduras, Belice y Guatemala) Viv\u00ed ah\u00ed por dos a\u00f1os. Y despu\u00e9s me mud\u00e9 m\u00e1s al norte.<\/span><\/p>\t\t\t\t\t\t\t\t<\/div>\n\t\t\t\t\t<\/div>\n\t\t<\/div>\n\t\t\t\t\t<\/div>\n\t\t<\/section>\n\t\t\t\t<section data-particle_enable=\"false\" data-particle-mobile-disabled=\"false\" class=\"elementor-section elementor-top-section elementor-element elementor-element-5ca78ba elementor-section-boxed elementor-section-height-default elementor-section-height-default\" data-id=\"5ca78ba\" data-element_type=\"section\" data-e-type=\"section\">\n\t\t\t\t\t\t<div class=\"elementor-container elementor-column-gap-default\">\n\t\t\t\t\t<div class=\"elementor-column elementor-col-100 elementor-top-column elementor-element elementor-element-589543d\" data-id=\"589543d\" data-element_type=\"column\" data-e-type=\"column\">\n\t\t\t<div class=\"elementor-widget-wrap elementor-element-populated\">\n\t\t\t\t\t\t<div class=\"elementor-element elementor-element-b863531 elementor-widget elementor-widget-heading\" data-id=\"b863531\" data-element_type=\"widget\" data-e-type=\"widget\" data-widget_type=\"heading.default\">\n\t\t\t\t\t<h3 class=\"elementor-heading-title elementor-size-default\">\u00bfC\u00f3mo describir\u00edas el cambio de vida?<\/h3>\t\t\t\t<\/div>\n\t\t\t\t\t<\/div>\n\t\t<\/div>\n\t\t\t\t\t<\/div>\n\t\t<\/section>\n\t\t<div data-particle_enable=\"false\" data-particle-mobile-disabled=\"false\" class=\"elementor-element elementor-element-7acb5fe e-flex e-con-boxed e-con e-parent\" data-id=\"7acb5fe\" data-element_type=\"container\" data-e-type=\"container\">\n\t\t\t\t\t<div class=\"e-con-inner\">\n\t\t\t\t<div class=\"elementor-element elementor-element-607bbee elementor-widget elementor-widget-text-editor\" data-id=\"607bbee\" data-element_type=\"widget\" data-e-type=\"widget\" data-widget_type=\"text-editor.default\">\n\t\t\t\t\t\t\t\t\t<p>Fue abrumador. Dif\u00edcil dejar a la familia por ese sue\u00f1o americano que le decimos. Adaptarse a otra vida, otro idioma, otra comida y hasta otro clima&#8230; porque en Guatemala, t\u00fa sabes solo tenemos verano (risas)<\/p>\t\t\t\t\t\t\t\t<\/div>\n\t\t\t\t\t<\/div>\n\t\t\t\t<\/div>\n\t\t\t\t<section data-particle_enable=\"false\" data-particle-mobile-disabled=\"false\" class=\"elementor-section elementor-top-section elementor-element elementor-element-a608ee4 elementor-section-boxed elementor-section-height-default elementor-section-height-default\" data-id=\"a608ee4\" data-element_type=\"section\" data-e-type=\"section\">\n\t\t\t\t\t\t<div class=\"elementor-container elementor-column-gap-default\">\n\t\t\t\t\t<div class=\"elementor-column elementor-col-100 elementor-top-column elementor-element elementor-element-f18ddbd\" data-id=\"f18ddbd\" data-element_type=\"column\" data-e-type=\"column\">\n\t\t\t<div class=\"elementor-widget-wrap elementor-element-populated\">\n\t\t\t\t\t\t<div class=\"elementor-element elementor-element-3bb6cb1 elementor-widget elementor-widget-heading\" data-id=\"3bb6cb1\" data-element_type=\"widget\" data-e-type=\"widget\" data-widget_type=\"heading.default\">\n\t\t\t\t\t<h3 class=\"elementor-heading-title elementor-size-default\">\u00bfD\u00f3nde creciste?<\/h3>\t\t\t\t<\/div>\n\t\t\t\t\t<\/div>\n\t\t<\/div>\n\t\t\t\t\t<\/div>\n\t\t<\/section>\n\t\t\t\t<section data-particle_enable=\"false\" data-particle-mobile-disabled=\"false\" class=\"elementor-section elementor-top-section elementor-element elementor-element-fa138dd elementor-section-boxed elementor-section-height-default elementor-section-height-default\" data-id=\"fa138dd\" data-element_type=\"section\" data-e-type=\"section\">\n\t\t\t\t\t\t<div class=\"elementor-container elementor-column-gap-default\">\n\t\t\t\t\t<div class=\"elementor-column elementor-col-100 elementor-top-column elementor-element elementor-element-d5e08d1\" data-id=\"d5e08d1\" data-element_type=\"column\" data-e-type=\"column\">\n\t\t\t<div class=\"elementor-widget-wrap elementor-element-populated\">\n\t\t\t\t\t\t<div class=\"elementor-element elementor-element-35f3148 elementor-widget elementor-widget-text-editor\" data-id=\"35f3148\" data-element_type=\"widget\" data-e-type=\"widget\" data-widget_type=\"text-editor.default\">\n\t\t\t\t\t\t\t\t\t<p><span style=\"color: var( --e-global-color-text );\">Nac\u00ed en <a href=\"https:\/\/soymigrante.com\/revista\/departamentos-de-guatemala-izabal-es-la-puerta-del-caribe\/\">Izabal <\/a>pero crec\u00ed en la colonia Vientos del Valle, cerca de Nimajuy\u00fa. Yo era <a href=\"https:\/\/soymigrante.com\/revista\/el-sueno-de-la-familia-solis-tiene-madera-futbol-y-fe-en-dios\/\">futbolista<\/a>. Jugu\u00e9 en las ligas sub 15 y y sub 17 de los rojos (Municipal) y Comunicaciones. Tambi\u00e9n con la seleccion nacional sub 17 de Guatemala.\u00a0<\/span><\/p>\t\t\t\t\t\t\t\t<\/div>\n\t\t\t\t\t<\/div>\n\t\t<\/div>\n\t\t\t\t\t<\/div>\n\t\t<\/section>\n\t\t\t\t<section data-particle_enable=\"false\" data-particle-mobile-disabled=\"false\" class=\"elementor-section elementor-top-section elementor-element elementor-element-fde1641 elementor-section-boxed elementor-section-height-default elementor-section-height-default\" data-id=\"fde1641\" data-element_type=\"section\" data-e-type=\"section\">\n\t\t\t\t\t\t<div class=\"elementor-container elementor-column-gap-default\">\n\t\t\t\t\t<div class=\"elementor-column elementor-col-100 elementor-top-column elementor-element elementor-element-c77d558\" data-id=\"c77d558\" data-element_type=\"column\" data-e-type=\"column\">\n\t\t\t<div class=\"elementor-widget-wrap elementor-element-populated\">\n\t\t\t\t\t\t<div class=\"elementor-element elementor-element-5759fea elementor-widget elementor-widget-image\" data-id=\"5759fea\" data-element_type=\"widget\" data-e-type=\"widget\" data-widget_type=\"image.default\">\n\t\t\t\t\t\t\t\t\t\t\t\t<figure class=\"wp-caption\">\n\t\t\t\t\t\t\t\t\t\t<img decoding=\"async\" width=\"1000\" height=\"597\" src=\"https:\/\/soymigrante.com\/revista\/wp-content\/uploads\/2024\/05\/Gilroy-Alvarez-migrante-guatemalteco-garifuna-experto-financiero-en-Nueva-York-4.webp\" class=\"attachment-large size-large wp-image-6684\" alt=\"Jugadores profesionales y ni\u00f1os caminando en el campo de f\u00fatbol, representando la comunidad migrante y su integraci\u00f3n en eventos deportivos y culturales en Estados Unidos.\" srcset=\"https:\/\/soymigrante.com\/revista\/wp-content\/uploads\/2024\/05\/Gilroy-Alvarez-migrante-guatemalteco-garifuna-experto-financiero-en-Nueva-York-4.webp 1000w, https:\/\/soymigrante.com\/revista\/wp-content\/uploads\/2024\/05\/Gilroy-Alvarez-migrante-guatemalteco-garifuna-experto-financiero-en-Nueva-York-4-300x179.webp 300w, https:\/\/soymigrante.com\/revista\/wp-content\/uploads\/2024\/05\/Gilroy-Alvarez-migrante-guatemalteco-garifuna-experto-financiero-en-Nueva-York-4-768x458.jpg 768w, https:\/\/soymigrante.com\/revista\/wp-content\/uploads\/2024\/05\/Gilroy-Alvarez-migrante-guatemalteco-garifuna-experto-financiero-en-Nueva-York-4-750x448.jpg 750w\" sizes=\"(max-width: 1000px) 100vw, 1000px\" title=\"Gilroy \u00c1lvarez entr\u00f3 a la Universidad de Morrisville, Nueva York, para poder jugar futbol con el club. All\u00ed estudio  Administraci\u00f3n y Finanzas, pero su sue\u00f1o era llegar a un gran equipo para ayudar a su familia. Gilroy es el tercero de la fila. \u2013 SoyMigrante.com REVISTA\" \/>\t\t\t\t\t\t\t\t\t\t\t<figcaption class=\"widget-image-caption wp-caption-text\">Futbolistas profesionales y ni\u00f1os en el campo, promoviendo la inclusi\u00f3n y el orgullo de la comunidad migrante hispana en eventos deportivos en EE. UU.<\/figcaption>\n\t\t\t\t\t\t\t\t\t\t<\/figure>\n\t\t\t\t\t\t\t\t\t<\/div>\n\t\t\t\t\t<\/div>\n\t\t<\/div>\n\t\t\t\t\t<\/div>\n\t\t<\/section>\n\t\t\t\t<section data-particle_enable=\"false\" data-particle-mobile-disabled=\"false\" class=\"elementor-section elementor-top-section elementor-element elementor-element-7541713 elementor-section-boxed elementor-section-height-default elementor-section-height-default\" data-id=\"7541713\" data-element_type=\"section\" data-e-type=\"section\">\n\t\t\t\t\t\t<div class=\"elementor-container elementor-column-gap-default\">\n\t\t\t\t\t<div class=\"elementor-column elementor-col-100 elementor-top-column elementor-element elementor-element-20d00cd\" data-id=\"20d00cd\" data-element_type=\"column\" data-e-type=\"column\">\n\t\t\t<div class=\"elementor-widget-wrap elementor-element-populated\">\n\t\t\t\t\t\t<div class=\"elementor-element elementor-element-d934d1e elementor-widget elementor-widget-heading\" data-id=\"d934d1e\" data-element_type=\"widget\" data-e-type=\"widget\" data-widget_type=\"heading.default\">\n\t\t\t\t\t<h3 class=\"elementor-heading-title elementor-size-default\">\u00bfY al llegar a USA segu\u00eda corriendo el sue\u00f1o?<\/h3>\t\t\t\t<\/div>\n\t\t\t\t\t<\/div>\n\t\t<\/div>\n\t\t\t\t\t<\/div>\n\t\t<\/section>\n\t\t\t\t<section data-particle_enable=\"false\" data-particle-mobile-disabled=\"false\" class=\"elementor-section elementor-top-section elementor-element elementor-element-030fa75 elementor-section-boxed elementor-section-height-default elementor-section-height-default\" data-id=\"030fa75\" data-element_type=\"section\" data-e-type=\"section\">\n\t\t\t\t\t\t<div class=\"elementor-container elementor-column-gap-default\">\n\t\t\t\t\t<div class=\"elementor-column elementor-col-100 elementor-top-column elementor-element elementor-element-07488e6\" data-id=\"07488e6\" data-element_type=\"column\" data-e-type=\"column\">\n\t\t\t<div class=\"elementor-widget-wrap elementor-element-populated\">\n\t\t\t\t\t\t<div class=\"elementor-element elementor-element-3b00f67 elementor-widget elementor-widget-text-editor\" data-id=\"3b00f67\" data-element_type=\"widget\" data-e-type=\"widget\" data-widget_type=\"text-editor.default\">\n\t\t\t\t\t\t\t\t\t<p><span style=\"color: var( --e-global-color-text );\">S\u00ed, me traje ese sue\u00f1o, pero no era tan f\u00e1cil porque volv\u00ed a empezar de cero.\u00a0<\/span><\/p><p><span style=\"color: var( --e-global-color-text );\">Adem\u00e1s aqu\u00ed empec\u00e9 a ir a la universidad para jugar futbol, porque aqu\u00ed debes estudiar para entrar a un equipo y graduarte para jugar profesionalmente. En Guatemala no es necesario. Uno puede desde la secundaria, ya sea graduado o no, y jugar f\u00fatbol. Pero aqu\u00ed no. Yo no sab\u00eda eso. Entr\u00e9 a la Universidad de Morrisville, y jugu\u00e9 ah\u00ed por cuatro a\u00f1os, a la vez que estudiaba Administraci\u00f3n y Finanzas.<\/span><\/p>\t\t\t\t\t\t\t\t<\/div>\n\t\t\t\t\t<\/div>\n\t\t<\/div>\n\t\t\t\t\t<\/div>\n\t\t<\/section>\n\t\t\t\t<section data-particle_enable=\"false\" data-particle-mobile-disabled=\"false\" class=\"elementor-section elementor-top-section elementor-element elementor-element-662abb9 elementor-section-boxed elementor-section-height-default elementor-section-height-default\" data-id=\"662abb9\" data-element_type=\"section\" data-e-type=\"section\">\n\t\t\t\t\t\t<div class=\"elementor-container elementor-column-gap-default\">\n\t\t\t\t\t<div class=\"elementor-column elementor-col-100 elementor-top-column elementor-element elementor-element-31855d1\" data-id=\"31855d1\" data-element_type=\"column\" data-e-type=\"column\">\n\t\t\t<div class=\"elementor-widget-wrap elementor-element-populated\">\n\t\t\t\t\t\t<div class=\"elementor-element elementor-element-33befc2 elementor-widget elementor-widget-heading\" data-id=\"33befc2\" data-element_type=\"widget\" data-e-type=\"widget\" data-widget_type=\"heading.default\">\n\t\t\t\t\t<h3 class=\"elementor-heading-title elementor-size-default\">'\u00bfY qu\u00e9 ocurri\u00f3?<\/h3>\t\t\t\t<\/div>\n\t\t\t\t\t<\/div>\n\t\t<\/div>\n\t\t\t\t\t<\/div>\n\t\t<\/section>\n\t\t\t\t<section data-particle_enable=\"false\" data-particle-mobile-disabled=\"false\" class=\"elementor-section elementor-top-section elementor-element elementor-element-7aa507c elementor-section-boxed elementor-section-height-default elementor-section-height-default\" data-id=\"7aa507c\" data-element_type=\"section\" data-e-type=\"section\">\n\t\t\t\t\t\t<div class=\"elementor-container elementor-column-gap-default\">\n\t\t\t\t\t<div class=\"elementor-column elementor-col-100 elementor-top-column elementor-element elementor-element-3323c6e\" data-id=\"3323c6e\" data-element_type=\"column\" data-e-type=\"column\">\n\t\t\t<div class=\"elementor-widget-wrap elementor-element-populated\">\n\t\t\t\t\t\t<div class=\"elementor-element elementor-element-450fcca elementor-widget elementor-widget-text-editor\" data-id=\"450fcca\" data-element_type=\"widget\" data-e-type=\"widget\" data-widget_type=\"text-editor.default\">\n\t\t\t\t\t\t\t\t\t<p><span style=\"color: var( --e-global-color-text );\">No se logr\u00f3 el sue\u00f1o del futbol porque que me lesion\u00e9 el tobillo y ya no pude jugar al m\u00e1s. Hasta all\u00ed lleg\u00f3 esa ilusi\u00f3n.\u00a0<\/span>Fue un momento de mucha confusi\u00f3n.\u00a0<\/p><p>Fue dif\u00edcil, porque era un sue\u00f1o que ven\u00eda persiguiendo desde peque\u00f1o. Practicas, te visualizas, te esfuerzas para venir a lesionarte&#8230; <a href=\"https:\/\/soymigrante.com\/revista\/como-mantener-serenidad-en-la-adversidad-estrategias-clave\/\">No sab\u00eda qu\u00e9 quer\u00eda hacer con mi vida.<\/a><\/p>\t\t\t\t\t\t\t\t<\/div>\n\t\t\t\t\t<\/div>\n\t\t<\/div>\n\t\t\t\t\t<\/div>\n\t\t<\/section>\n\t\t\t\t<section data-particle_enable=\"false\" data-particle-mobile-disabled=\"false\" class=\"elementor-section elementor-top-section elementor-element elementor-element-96f1275 elementor-section-boxed elementor-section-height-default elementor-section-height-default\" data-id=\"96f1275\" data-element_type=\"section\" data-e-type=\"section\">\n\t\t\t\t\t\t<div class=\"elementor-container elementor-column-gap-default\">\n\t\t\t\t\t<div class=\"elementor-column elementor-col-100 elementor-top-column elementor-element elementor-element-769f31d\" data-id=\"769f31d\" data-element_type=\"column\" data-e-type=\"column\">\n\t\t\t<div class=\"elementor-widget-wrap elementor-element-populated\">\n\t\t\t\t\t\t<div class=\"elementor-element elementor-element-9c34f98 elementor-widget elementor-widget-heading\" data-id=\"9c34f98\" data-element_type=\"widget\" data-e-type=\"widget\" data-widget_type=\"heading.default\">\n\t\t\t\t\t<h3 class=\"elementor-heading-title elementor-size-default\">\u00bfC\u00f3mo enfrentaste esa adversidad?<\/h3>\t\t\t\t<\/div>\n\t\t\t\t\t<\/div>\n\t\t<\/div>\n\t\t\t\t\t<\/div>\n\t\t<\/section>\n\t\t\t\t<section data-particle_enable=\"false\" data-particle-mobile-disabled=\"false\" class=\"elementor-section elementor-top-section elementor-element elementor-element-eb591ae elementor-section-boxed elementor-section-height-default elementor-section-height-default\" data-id=\"eb591ae\" data-element_type=\"section\" data-e-type=\"section\">\n\t\t\t\t\t\t<div class=\"elementor-container elementor-column-gap-default\">\n\t\t\t\t\t<div class=\"elementor-column elementor-col-100 elementor-top-column elementor-element elementor-element-05dd17d\" data-id=\"05dd17d\" data-element_type=\"column\" data-e-type=\"column\">\n\t\t\t<div class=\"elementor-widget-wrap elementor-element-populated\">\n\t\t\t\t\t\t<div class=\"elementor-element elementor-element-57f66a0 elementor-widget elementor-widget-text-editor\" data-id=\"57f66a0\" data-element_type=\"widget\" data-e-type=\"widget\" data-widget_type=\"text-editor.default\">\n\t\t\t\t\t\t\t\t\t<p>Gracias a Dios, ya ten\u00eda mi licenciatura en administraci\u00f3n de empresas. Ya tenia otra herraienta en la cabeza. Entonces me enfoqu\u00e9 en ni negocio, en mi profesi\u00f3n.<\/p><p>Empec\u00e9 a trabajar en un banco y fui ascendiendo. Hoy en d\u00eda soy gerente general de una agencia. Aprend\u00ed todo acerca de finanzas y tambi\u00e9n tengo mi compa\u00f1\u00eda de venta de casas. Adem\u00e1s oriento a la gente sobre educaci\u00f3n financiera y para que encuentren v\u00edas de tener su propia casa, para ya no alquilar.<\/p>\t\t\t\t\t\t\t\t<\/div>\n\t\t\t\t\t<\/div>\n\t\t<\/div>\n\t\t\t\t\t<\/div>\n\t\t<\/section>\n\t\t\t\t<section data-particle_enable=\"false\" data-particle-mobile-disabled=\"false\" class=\"elementor-section elementor-top-section elementor-element elementor-element-8ae759a elementor-section-boxed elementor-section-height-default elementor-section-height-default\" data-id=\"8ae759a\" data-element_type=\"section\" data-e-type=\"section\">\n\t\t\t\t\t\t<div class=\"elementor-container elementor-column-gap-default\">\n\t\t\t\t\t<div class=\"elementor-column elementor-col-100 elementor-top-column elementor-element elementor-element-8f17159\" data-id=\"8f17159\" data-element_type=\"column\" data-e-type=\"column\">\n\t\t\t<div class=\"elementor-widget-wrap elementor-element-populated\">\n\t\t\t\t\t\t<div class=\"elementor-element elementor-element-a8b4cc1 elementor-widget elementor-widget-image\" data-id=\"a8b4cc1\" data-element_type=\"widget\" data-e-type=\"widget\" data-widget_type=\"image.default\">\n\t\t\t\t\t\t\t\t\t\t\t\t<figure class=\"wp-caption\">\n\t\t\t\t\t\t\t\t\t\t<img decoding=\"async\" width=\"1024\" height=\"764\" src=\"https:\/\/soymigrante.com\/revista\/wp-content\/uploads\/2024\/05\/Gilroy-Alvarez-migrante-guatemalteco-garifuna-experto-financiero-en-Nueva-York-3-1024x764.webp\" class=\"attachment-large size-large wp-image-6682\" alt=\"Reconocimiento a estudiantes hispanos destacados en la Universidad de SUNY en Nueva York durante un evento oficial.\" srcset=\"https:\/\/soymigrante.com\/revista\/wp-content\/uploads\/2024\/05\/Gilroy-Alvarez-migrante-guatemalteco-garifuna-experto-financiero-en-Nueva-York-3-1024x764.webp 1024w, https:\/\/soymigrante.com\/revista\/wp-content\/uploads\/2024\/05\/Gilroy-Alvarez-migrante-guatemalteco-garifuna-experto-financiero-en-Nueva-York-3-300x224.webp 300w, https:\/\/soymigrante.com\/revista\/wp-content\/uploads\/2024\/05\/Gilroy-Alvarez-migrante-guatemalteco-garifuna-experto-financiero-en-Nueva-York-3-768x573.webp 768w, https:\/\/soymigrante.com\/revista\/wp-content\/uploads\/2024\/05\/Gilroy-Alvarez-migrante-guatemalteco-garifuna-experto-financiero-en-Nueva-York-3-750x560.webp 750w, https:\/\/soymigrante.com\/revista\/wp-content\/uploads\/2024\/05\/Gilroy-Alvarez-migrante-guatemalteco-garifuna-experto-financiero-en-Nueva-York-3.webp 1136w\" sizes=\"(max-width: 1024px) 100vw, 1024px\" title=\"&quot;Ya no poder seguir jugando futbol con el equipo universitario fue muy dif\u00edcil porque era un sue\u00f1o que tra\u00eda desde ni\u00f1o&quot;, cuenta Gilroy \u00c1lvarez acerca del s\u00fabito giro que tuvo su vida. \u2013 SoyMigrante.com REVISTA\" \/>\t\t\t\t\t\t\t\t\t\t\t<figcaption class=\"widget-image-caption wp-caption-text\">Reconocimiento a estudiante hispano en la Universidad SUNY en Nueva York con medalla y certificado en evento acad\u00e9mico.<\/figcaption>\n\t\t\t\t\t\t\t\t\t\t<\/figure>\n\t\t\t\t\t\t\t\t\t<\/div>\n\t\t\t\t\t<\/div>\n\t\t<\/div>\n\t\t\t\t\t<\/div>\n\t\t<\/section>\n\t\t\t\t<section data-particle_enable=\"false\" data-particle-mobile-disabled=\"false\" class=\"elementor-section elementor-top-section elementor-element elementor-element-84fb91c elementor-section-boxed elementor-section-height-default elementor-section-height-default\" data-id=\"84fb91c\" data-element_type=\"section\" data-e-type=\"section\">\n\t\t\t\t\t\t<div class=\"elementor-container elementor-column-gap-default\">\n\t\t\t\t\t<div class=\"elementor-column elementor-col-100 elementor-top-column elementor-element elementor-element-d533c4c\" data-id=\"d533c4c\" data-element_type=\"column\" data-e-type=\"column\">\n\t\t\t<div class=\"elementor-widget-wrap elementor-element-populated\">\n\t\t\t\t\t\t<div class=\"elementor-element elementor-element-6d22126 elementor-widget elementor-widget-heading\" data-id=\"6d22126\" data-element_type=\"widget\" data-e-type=\"widget\" data-widget_type=\"heading.default\">\n\t\t\t\t\t<h3 class=\"elementor-heading-title elementor-size-default\">'Voy a decir esto as\u00ed:  la vida te puso zancadilla, te hizo un foul, pero ten\u00edas que levantarse a hacer el tiro libre... a seguir jugando<\/h3>\t\t\t\t<\/div>\n\t\t\t\t\t<\/div>\n\t\t<\/div>\n\t\t\t\t\t<\/div>\n\t\t<\/section>\n\t\t\t\t<section data-particle_enable=\"false\" data-particle-mobile-disabled=\"false\" class=\"elementor-section elementor-top-section elementor-element elementor-element-344f14b elementor-section-boxed elementor-section-height-default elementor-section-height-default\" data-id=\"344f14b\" data-element_type=\"section\" data-e-type=\"section\">\n\t\t\t\t\t\t<div class=\"elementor-container elementor-column-gap-default\">\n\t\t\t\t\t<div class=\"elementor-column elementor-col-100 elementor-top-column elementor-element elementor-element-bc65c39\" data-id=\"bc65c39\" data-element_type=\"column\" data-e-type=\"column\">\n\t\t\t<div class=\"elementor-widget-wrap elementor-element-populated\">\n\t\t\t\t\t\t<div class=\"elementor-element elementor-element-e56d197 elementor-widget elementor-widget-text-editor\" data-id=\"e56d197\" data-element_type=\"widget\" data-e-type=\"widget\" data-widget_type=\"text-editor.default\">\n\t\t\t\t\t\t\t\t\t<p>&nbsp; Correcto. Uno se tiene que levantar, se tiene que recuperar. Entonces cuando viene el foul o te lesionas, uno se frustra, uno se enoja, pero el tiempo sigue corriendo y uno debe seguir jugando.<\/p>\t\t\t\t\t\t\t\t<\/div>\n\t\t\t\t\t<\/div>\n\t\t<\/div>\n\t\t\t\t\t<\/div>\n\t\t<\/section>\n\t\t\t\t<section data-particle_enable=\"false\" data-particle-mobile-disabled=\"false\" class=\"elementor-section elementor-top-section elementor-element elementor-element-01365f1 elementor-section-boxed elementor-section-height-default elementor-section-height-default\" data-id=\"01365f1\" data-element_type=\"section\" data-e-type=\"section\">\n\t\t\t\t\t\t<div class=\"elementor-container elementor-column-gap-default\">\n\t\t\t\t\t<div class=\"elementor-column elementor-col-100 elementor-top-column elementor-element elementor-element-1b2698e\" data-id=\"1b2698e\" data-element_type=\"column\" data-e-type=\"column\">\n\t\t\t<div class=\"elementor-widget-wrap elementor-element-populated\">\n\t\t\t\t\t\t<div class=\"elementor-element elementor-element-72a0a81 elementor-widget elementor-widget-heading\" data-id=\"72a0a81\" data-element_type=\"widget\" data-e-type=\"widget\" data-widget_type=\"heading.default\">\n\t\t\t\t\t<h3 class=\"elementor-heading-title elementor-size-default\">\u00bfQu\u00e9 <span style=\"font-size: 24.96px\">marc\u00f3 el cambio de pensamiento para retomar el \u00e1nimo y tener un nuevo sue\u00f1o?<\/span><\/h3>\t\t\t\t<\/div>\n\t\t\t\t\t<\/div>\n\t\t<\/div>\n\t\t\t\t\t<\/div>\n\t\t<\/section>\n\t\t\t\t<section data-particle_enable=\"false\" data-particle-mobile-disabled=\"false\" class=\"elementor-section elementor-top-section elementor-element elementor-element-2bd12c1 elementor-section-boxed elementor-section-height-default elementor-section-height-default\" data-id=\"2bd12c1\" data-element_type=\"section\" data-e-type=\"section\">\n\t\t\t\t\t\t<div class=\"elementor-container elementor-column-gap-default\">\n\t\t\t\t\t<div class=\"elementor-column elementor-col-100 elementor-top-column elementor-element elementor-element-392dbfe\" data-id=\"392dbfe\" data-element_type=\"column\" data-e-type=\"column\">\n\t\t\t<div class=\"elementor-widget-wrap elementor-element-populated\">\n\t\t\t\t\t\t<div class=\"elementor-element elementor-element-671039c elementor-widget elementor-widget-text-editor\" data-id=\"671039c\" data-element_type=\"widget\" data-e-type=\"widget\" data-widget_type=\"text-editor.default\">\n\t\t\t\t\t\t\t\t\t<p><span style=\"color: var( --e-global-color-text );\">Fue considerar que yo lo que quer\u00eda era jugar futbol para poder ayudar econ\u00f3micamente a mi familia en Guatemala.\u00a0<\/span><\/p><p><span style=\"color: var( --e-global-color-text );\">Entonces ya que ese camino ya no se pudo, tuve que pivotear, hacer otra jugada. Y todo lo que aprend\u00ed de disciplina, consistencia, resistencia mental y f\u00edsica, en los entrenamientos para partidos, lo apliqu\u00e9 al mundo de los negocios y el emprendimiento.<\/span><\/p><div>\u00a0<\/div>\t\t\t\t\t\t\t\t<\/div>\n\t\t\t\t\t<\/div>\n\t\t<\/div>\n\t\t\t\t\t<\/div>\n\t\t<\/section>\n\t\t\t\t<section data-particle_enable=\"false\" data-particle-mobile-disabled=\"false\" class=\"elementor-section elementor-top-section elementor-element elementor-element-68e2277 elementor-section-boxed elementor-section-height-default elementor-section-height-default\" data-id=\"68e2277\" data-element_type=\"section\" data-e-type=\"section\">\n\t\t\t\t\t\t<div class=\"elementor-container elementor-column-gap-default\">\n\t\t\t\t\t<div class=\"elementor-column elementor-col-100 elementor-top-column elementor-element elementor-element-d39306a\" data-id=\"d39306a\" data-element_type=\"column\" data-e-type=\"column\">\n\t\t\t<div class=\"elementor-widget-wrap elementor-element-populated\">\n\t\t\t\t\t\t<div class=\"elementor-element elementor-element-8ed4955 elementor-widget elementor-widget-video\" data-id=\"8ed4955\" data-element_type=\"widget\" data-e-type=\"widget\" data-settings=\"{&quot;youtube_url&quot;:&quot;https:\\\/\\\/www.youtube.com\\\/watch?v=gc584_TiHdk&quot;,&quot;start&quot;:25,&quot;video_type&quot;:&quot;youtube&quot;,&quot;controls&quot;:&quot;yes&quot;}\" data-widget_type=\"video.default\">\n\t\t\t\t\t\t\t<div class=\"elementor-wrapper elementor-open-inline\">\n\t\t\t<div class=\"elementor-video\"><\/div>\t\t<\/div>\n\t\t\t\t\t\t<\/div>\n\t\t\t\t\t<\/div>\n\t\t<\/div>\n\t\t\t\t\t<\/div>\n\t\t<\/section>\n\t\t\t\t<section data-particle_enable=\"false\" data-particle-mobile-disabled=\"false\" class=\"elementor-section elementor-top-section elementor-element elementor-element-7320bc6 elementor-section-boxed elementor-section-height-default elementor-section-height-default\" data-id=\"7320bc6\" data-element_type=\"section\" data-e-type=\"section\">\n\t\t\t\t\t\t<div class=\"elementor-container elementor-column-gap-default\">\n\t\t\t\t\t<div class=\"elementor-column elementor-col-100 elementor-top-column elementor-element elementor-element-04bc860\" data-id=\"04bc860\" data-element_type=\"column\" data-e-type=\"column\">\n\t\t\t<div class=\"elementor-widget-wrap elementor-element-populated\">\n\t\t\t\t\t\t<div class=\"elementor-element elementor-element-205a7fc elementor-widget elementor-widget-heading\" data-id=\"205a7fc\" data-element_type=\"widget\" data-e-type=\"widget\" data-widget_type=\"heading.default\">\n\t\t\t\t\t<h3 class=\"elementor-heading-title elementor-size-default\">\u00bfY en esa nueva liga de las finanzas \u00bfcu\u00e1les son tus grandes consejos? <\/h3>\t\t\t\t<\/div>\n\t\t\t\t\t<\/div>\n\t\t<\/div>\n\t\t\t\t\t<\/div>\n\t\t<\/section>\n\t\t\t\t<section data-particle_enable=\"false\" data-particle-mobile-disabled=\"false\" class=\"elementor-section elementor-top-section elementor-element elementor-element-7d43370 elementor-section-boxed elementor-section-height-default elementor-section-height-default\" data-id=\"7d43370\" data-element_type=\"section\" data-e-type=\"section\">\n\t\t\t\t\t\t<div class=\"elementor-container elementor-column-gap-default\">\n\t\t\t\t\t<div class=\"elementor-column elementor-col-100 elementor-top-column elementor-element elementor-element-4aadd6a\" data-id=\"4aadd6a\" data-element_type=\"column\" data-e-type=\"column\">\n\t\t\t<div class=\"elementor-widget-wrap elementor-element-populated\">\n\t\t\t\t\t\t<div class=\"elementor-element elementor-element-d7104f4 elementor-widget elementor-widget-text-editor\" data-id=\"d7104f4\" data-element_type=\"widget\" data-e-type=\"widget\" data-widget_type=\"text-editor.default\">\n\t\t\t\t\t\t\t\t\t<p><span style=\"color: var( --e-global-color-text );\">Tenemos una gran falta de <a href=\"https:\/\/soymigrante.com\/revista\/alfabetizacion-financiera-para-ninos-ensenar-a-ahorrar-e-invertir\/\">educaci\u00f3n financiera<\/a>. Uno aprende a leer y escribir, pasa por secundaria y universidad, saca un t\u00edtulo. Pero nadie te ense\u00f1a educaci\u00f3n financiera. Y aqu\u00ed en Estados Unidos o en cualquier parte es importante saber el mundo del cr\u00e9dito, c\u00f3mo establecerlo y mantenerlo. Y es como el ajedrez<\/span><\/p><p>\u00a0<\/p><p>El rey es la pieza M\u00c1S IMPORTANTE del juego, si matan al rey se termina el juego, pero la reina es la M\u00c1S PODEROSA porque se puede mover en todas partes. El efectivo es el rey y el cr\u00e9dito es la reina. Si te matan el efectivo ya uno no puede jugar&#8230; pero con la reina uno puede movilizarse y defenderse.\u00a0<\/p><p>Por eso <a href=\"https:\/\/soymigrante.com\/revista\/5-claves-de-experto-para-mejorar-el-puntaje-crediticio\/\">el cr\u00e9dito es importante, <\/a>porque es importante saber c\u00f3mo hacer que el dinero trabaje para ti aprovechando las herramientas financieras.<\/p><p>\u00a0<\/p>\t\t\t\t\t\t\t\t<\/div>\n\t\t\t\t\t<\/div>\n\t\t<\/div>\n\t\t\t\t\t<\/div>\n\t\t<\/section>\n\t\t\t\t<section data-particle_enable=\"false\" data-particle-mobile-disabled=\"false\" class=\"elementor-section elementor-top-section elementor-element elementor-element-230beac elementor-section-boxed elementor-section-height-default elementor-section-height-default\" data-id=\"230beac\" data-element_type=\"section\" data-e-type=\"section\">\n\t\t\t\t\t\t<div class=\"elementor-container elementor-column-gap-default\">\n\t\t\t\t\t<div class=\"elementor-column elementor-col-100 elementor-top-column elementor-element elementor-element-948caf2\" data-id=\"948caf2\" data-element_type=\"column\" data-e-type=\"column\">\n\t\t\t<div class=\"elementor-widget-wrap elementor-element-populated\">\n\t\t\t\t\t\t<div class=\"elementor-element elementor-element-a34c6b6 elementor-widget elementor-widget-heading\" data-id=\"a34c6b6\" data-element_type=\"widget\" data-e-type=\"widget\" data-widget_type=\"heading.default\">\n\t\t\t\t\t<h3 class=\"elementor-heading-title elementor-size-default\">Y si alguien no sabe mucho de ajedrez, como lo traduces en t\u00e9rminos pr\u00e1cticos<\/h3>\t\t\t\t<\/div>\n\t\t\t\t\t<\/div>\n\t\t<\/div>\n\t\t\t\t\t<\/div>\n\t\t<\/section>\n\t\t\t\t<section data-particle_enable=\"false\" data-particle-mobile-disabled=\"false\" class=\"elementor-section elementor-top-section elementor-element elementor-element-2a6d721 elementor-section-boxed elementor-section-height-default elementor-section-height-default\" data-id=\"2a6d721\" data-element_type=\"section\" data-e-type=\"section\">\n\t\t\t\t\t\t<div class=\"elementor-container elementor-column-gap-default\">\n\t\t\t\t\t<div class=\"elementor-column elementor-col-100 elementor-top-column elementor-element elementor-element-9f84b39\" data-id=\"9f84b39\" data-element_type=\"column\" data-e-type=\"column\">\n\t\t\t<div class=\"elementor-widget-wrap elementor-element-populated\">\n\t\t\t\t\t\t<div class=\"elementor-element elementor-element-03eeef3 elementor-widget elementor-widget-text-editor\" data-id=\"03eeef3\" data-element_type=\"widget\" data-e-type=\"widget\" data-widget_type=\"text-editor.default\">\n\t\t\t\t\t\t\t\t\t<p><span style=\"color: var( --e-global-color-text );\">Lo primero es hacer un presupuesto, c\u00f3mo administrar lo que entra, lo que sale. Es tan obvio, pero no lo ense\u00f1an en la escuela.\u00a0<\/span><\/p><p><span style=\"color: var( --e-global-color-text );\">Y<b> uno tiene que aprender, ya sea a la buena a la mala.\u00a0<\/b><\/span><span style=\"color: var( --e-global-color-text );\">\u00a0La mala es cuando uno comete los errores, tiene p\u00e9rdidas, tiene crisis. La buena es educarse a tiempo financieramente y crecer. Eso fue lo que me ayud\u00f3 en el banco, porque fui a aprender todo eso. Y ahora trato de compartir lo aprendido.<\/span><\/p><div>\u00a0<\/div>\t\t\t\t\t\t\t\t<\/div>\n\t\t\t\t\t<\/div>\n\t\t<\/div>\n\t\t\t\t\t<\/div>\n\t\t<\/section>\n\t\t\t\t<section data-particle_enable=\"false\" data-particle-mobile-disabled=\"false\" class=\"elementor-section elementor-top-section elementor-element elementor-element-5eb1b6c elementor-section-boxed elementor-section-height-default elementor-section-height-default\" data-id=\"5eb1b6c\" data-element_type=\"section\" data-e-type=\"section\">\n\t\t\t\t\t\t<div class=\"elementor-container elementor-column-gap-default\">\n\t\t\t\t\t<div class=\"elementor-column elementor-col-100 elementor-top-column elementor-element elementor-element-b9ba382\" data-id=\"b9ba382\" data-element_type=\"column\" data-e-type=\"column\">\n\t\t\t<div class=\"elementor-widget-wrap elementor-element-populated\">\n\t\t\t\t\t\t<div class=\"elementor-element elementor-element-64ef8db elementor-widget elementor-widget-heading\" data-id=\"64ef8db\" data-element_type=\"widget\" data-e-type=\"widget\" data-widget_type=\"heading.default\">\n\t\t\t\t\t<h3 class=\"elementor-heading-title elementor-size-default\">\u00bfCu\u00e1les dir\u00edas que son los errores financieros m\u00e1s frecuentes de migrantes en Estados Unidos?<\/h3>\t\t\t\t<\/div>\n\t\t\t\t\t<\/div>\n\t\t<\/div>\n\t\t\t\t\t<\/div>\n\t\t<\/section>\n\t\t\t\t<section data-particle_enable=\"false\" data-particle-mobile-disabled=\"false\" class=\"elementor-section elementor-top-section elementor-element elementor-element-8ef6e3d elementor-section-boxed elementor-section-height-default elementor-section-height-default\" data-id=\"8ef6e3d\" data-element_type=\"section\" data-e-type=\"section\">\n\t\t\t\t\t\t<div class=\"elementor-container elementor-column-gap-default\">\n\t\t\t\t\t<div class=\"elementor-column elementor-col-100 elementor-top-column elementor-element elementor-element-8598141\" data-id=\"8598141\" data-element_type=\"column\" data-e-type=\"column\">\n\t\t\t<div class=\"elementor-widget-wrap elementor-element-populated\">\n\t\t\t\t\t\t<div class=\"elementor-element elementor-element-8a44c16 elementor-widget elementor-widget-text-editor\" data-id=\"8a44c16\" data-element_type=\"widget\" data-e-type=\"widget\" data-widget_type=\"text-editor.default\">\n\t\t\t\t\t\t\t\t\t<p><span style=\"color: var( --e-global-color-text );\">F\u00edjate que el m\u00e1s frecuente es no reportar al IRS (Servicio de Impuestos) todo lo que uno gana y reportar p\u00e9rdidas, falsas. }<\/span><\/p><p>Para evaluar el cr\u00e9dito de alguien el banco se basa en lo que la persona reporta en sus impuestos. Si hay ganancias tiene c\u00f3mo pagar. Si solo reporta &#8220;p\u00e9rdidas&#8221;, cuando van a pedir u pr\u00e9stamo, no se los dan. Es un error que he visto en muchos emprendedores hispanos, que necesitan un cr\u00e9dito, pero en el papel no est\u00e1n ganando. Se cierran la puerta. Ese es el error numero uno.<\/p><p>El segundo gran error: es no establecer <a href=\"https:\/\/soymigrante.com\/revista\/5-claves-de-experto-para-mejorar-el-puntaje-crediticio\/\">cr\u00e9dito<\/a>. Cualquier instituci\u00f3n financiera se fija en tus n\u00fameros, para ver sihas sido bueno en tus finanzas, pagando tus tarjetas, lo que debes. El manejo correcto de una tarjeta de cr\u00e9dito es una buena forma de tener un buen perfil.<\/p>\t\t\t\t\t\t\t\t<\/div>\n\t\t\t\t\t<\/div>\n\t\t<\/div>\n\t\t\t\t\t<\/div>\n\t\t<\/section>\n\t\t\t\t<section data-particle_enable=\"false\" data-particle-mobile-disabled=\"false\" class=\"elementor-section elementor-top-section elementor-element elementor-element-6ed66f6 elementor-section-boxed elementor-section-height-default elementor-section-height-default\" data-id=\"6ed66f6\" data-element_type=\"section\" data-e-type=\"section\">\n\t\t\t\t\t\t<div class=\"elementor-container elementor-column-gap-default\">\n\t\t\t\t\t<div class=\"elementor-column elementor-col-100 elementor-top-column elementor-element elementor-element-76ecf69\" data-id=\"76ecf69\" data-element_type=\"column\" data-e-type=\"column\">\n\t\t\t<div class=\"elementor-widget-wrap elementor-element-populated\">\n\t\t\t\t\t\t<div class=\"elementor-element elementor-element-7d5df6d elementor-widget elementor-widget-video\" data-id=\"7d5df6d\" data-element_type=\"widget\" data-e-type=\"widget\" data-settings=\"{&quot;youtube_url&quot;:&quot;https:\\\/\\\/www.youtube.com\\\/watch?v=XX3Dl2u7AQw&quot;,&quot;video_type&quot;:&quot;youtube&quot;,&quot;controls&quot;:&quot;yes&quot;}\" data-widget_type=\"video.default\">\n\t\t\t\t\t\t\t<div class=\"elementor-wrapper elementor-open-inline\">\n\t\t\t<div class=\"elementor-video\"><\/div>\t\t<\/div>\n\t\t\t\t\t\t<\/div>\n\t\t\t\t\t<\/div>\n\t\t<\/div>\n\t\t\t\t\t<\/div>\n\t\t<\/section>\n\t\t\t\t<section data-particle_enable=\"false\" data-particle-mobile-disabled=\"false\" class=\"elementor-section elementor-top-section elementor-element elementor-element-189044a elementor-section-boxed elementor-section-height-default elementor-section-height-default\" data-id=\"189044a\" data-element_type=\"section\" data-e-type=\"section\">\n\t\t\t\t\t\t<div class=\"elementor-container elementor-column-gap-default\">\n\t\t\t\t\t<div class=\"elementor-column elementor-col-100 elementor-top-column elementor-element elementor-element-43ef80d\" data-id=\"43ef80d\" data-element_type=\"column\" data-e-type=\"column\">\n\t\t\t<div class=\"elementor-widget-wrap elementor-element-populated\">\n\t\t\t\t\t\t<div class=\"elementor-element elementor-element-6dedcb5 elementor-widget elementor-widget-heading\" data-id=\"6dedcb5\" data-element_type=\"widget\" data-e-type=\"widget\" data-widget_type=\"heading.default\">\n\t\t\t\t\t<h3 class=\"elementor-heading-title elementor-size-default\">\u00bfQu\u00e9 otro error debe prevenir  el migrante hispano? <\/h3>\t\t\t\t<\/div>\n\t\t\t\t\t<\/div>\n\t\t<\/div>\n\t\t\t\t\t<\/div>\n\t\t<\/section>\n\t\t\t\t<section data-particle_enable=\"false\" data-particle-mobile-disabled=\"false\" class=\"elementor-section elementor-top-section elementor-element elementor-element-12376d2 elementor-section-boxed elementor-section-height-default elementor-section-height-default\" data-id=\"12376d2\" data-element_type=\"section\" data-e-type=\"section\">\n\t\t\t\t\t\t<div class=\"elementor-container elementor-column-gap-default\">\n\t\t\t\t\t<div class=\"elementor-column elementor-col-100 elementor-top-column elementor-element elementor-element-915d68d\" data-id=\"915d68d\" data-element_type=\"column\" data-e-type=\"column\">\n\t\t\t<div class=\"elementor-widget-wrap elementor-element-populated\">\n\t\t\t\t\t\t<div class=\"elementor-element elementor-element-9105662 elementor-widget elementor-widget-text-editor\" data-id=\"9105662\" data-element_type=\"widget\" data-e-type=\"widget\" data-widget_type=\"text-editor.default\">\n\t\t\t\t\t\t\t\t\t<p><span style=\"color: var( --e-global-color-text );\">Hay otro error, que muchos emprendedores cometen: es no separar lo personal del negocio. O sea, juntan el dinero y lo usan sin distinguir. Tiene que haber una separaci\u00f3n del dinero del negocio y otro de los gastos personales. Porque al hacer cuentas, a veces el negocio aparentemente no rinde, entonces se tiene mal cr\u00e9dito.<\/span><\/p><p><span style=\"color: var( --e-global-color-text );\">Pero esto pasa por no tener una educaci\u00f3n financiera, de nuevo. Y hoy existen tantas v\u00edas para obtener informaci\u00f3n. Pero a la vez tambien eso es lo que me motiva a hacer videos de esa tem\u00e1tica, sobre cr\u00e9dito, inversi\u00f3n, c\u00f3mo adquirir casa, con claves reales, <a href=\"https:\/\/soymigrante.com\/revista\/empresario-migrante-guatemalteco-arnold-ciego-impulsa-identidad-garifuna-desde-bronx-ny\/\">como un servicio a mi comunidad migrante hispana.<\/a><\/span><\/p><p>\u00a0<\/p>\t\t\t\t\t\t\t\t<\/div>\n\t\t\t\t\t<\/div>\n\t\t<\/div>\n\t\t\t\t\t<\/div>\n\t\t<\/section>\n\t\t\t\t<section data-particle_enable=\"false\" data-particle-mobile-disabled=\"false\" class=\"elementor-section elementor-top-section elementor-element elementor-element-af2231f elementor-section-boxed elementor-section-height-default elementor-section-height-default\" data-id=\"af2231f\" data-element_type=\"section\" data-e-type=\"section\">\n\t\t\t\t\t\t<div class=\"elementor-container elementor-column-gap-default\">\n\t\t\t\t\t<div class=\"elementor-column elementor-col-100 elementor-top-column elementor-element elementor-element-202b9e9\" data-id=\"202b9e9\" data-element_type=\"column\" data-e-type=\"column\">\n\t\t\t<div class=\"elementor-widget-wrap elementor-element-populated\">\n\t\t\t\t\t\t<div class=\"elementor-element elementor-element-7017889 elementor-widget elementor-widget-image\" data-id=\"7017889\" data-element_type=\"widget\" data-e-type=\"widget\" data-widget_type=\"image.default\">\n\t\t\t\t\t\t\t\t\t\t\t\t<figure class=\"wp-caption\">\n\t\t\t\t\t\t\t\t\t\t<img loading=\"lazy\" decoding=\"async\" width=\"1024\" height=\"629\" src=\"https:\/\/soymigrante.com\/revista\/wp-content\/uploads\/2024\/05\/429807981_17997808856582796_786242940349981871_n-1024x629.webp\" class=\"attachment-large size-large wp-image-6687\" alt=\"Difusi\u00f3n de inmigrantes en una mesa de conferencia, blog sobre inmigraci\u00f3n y derechos de migrantes, evento de SoyMigrante.com REVISTA.\" srcset=\"https:\/\/soymigrante.com\/revista\/wp-content\/uploads\/2024\/05\/429807981_17997808856582796_786242940349981871_n-1024x629.webp 1024w, https:\/\/soymigrante.com\/revista\/wp-content\/uploads\/2024\/05\/429807981_17997808856582796_786242940349981871_n-300x184.webp 300w, https:\/\/soymigrante.com\/revista\/wp-content\/uploads\/2024\/05\/429807981_17997808856582796_786242940349981871_n-768x471.webp 768w, https:\/\/soymigrante.com\/revista\/wp-content\/uploads\/2024\/05\/429807981_17997808856582796_786242940349981871_n-750x460.webp 750w, https:\/\/soymigrante.com\/revista\/wp-content\/uploads\/2024\/05\/429807981_17997808856582796_786242940349981871_n-1140x700.webp 1140w, https:\/\/soymigrante.com\/revista\/wp-content\/uploads\/2024\/05\/429807981_17997808856582796_786242940349981871_n.webp 1440w\" sizes=\"(max-width: 1024px) 100vw, 1024px\" title=\"Gilroy \u00c1lvarez particip\u00f3 en un reciente foro, en Nueva York, acerca de claves de emprendimiento para la comunidad hispana. \u2013 SoyMigrante.com REVISTA\" \/>\t\t\t\t\t\t\t\t\t\t\t<figcaption class=\"widget-image-caption wp-caption-text\">Diversos profesionales en una mesa de discusi\u00f3n sobre temas migratorios, promoviendo derechos y apoyo para migrantes en el continente latinoamericano y espa\u00f1ol.<\/figcaption>\n\t\t\t\t\t\t\t\t\t\t<\/figure>\n\t\t\t\t\t\t\t\t\t<\/div>\n\t\t\t\t\t<\/div>\n\t\t<\/div>\n\t\t\t\t\t<\/div>\n\t\t<\/section>\n\t\t\t\t<section data-particle_enable=\"false\" data-particle-mobile-disabled=\"false\" class=\"elementor-section elementor-top-section elementor-element elementor-element-abbd064 elementor-section-boxed elementor-section-height-default elementor-section-height-default\" data-id=\"abbd064\" data-element_type=\"section\" data-e-type=\"section\">\n\t\t\t\t\t\t<div class=\"elementor-container elementor-column-gap-default\">\n\t\t\t\t\t<div class=\"elementor-column elementor-col-100 elementor-top-column elementor-element elementor-element-d217984\" data-id=\"d217984\" data-element_type=\"column\" data-e-type=\"column\">\n\t\t\t<div class=\"elementor-widget-wrap elementor-element-populated\">\n\t\t\t\t\t\t<div class=\"elementor-element elementor-element-6db593e elementor-widget elementor-widget-heading\" data-id=\"6db593e\" data-element_type=\"widget\" data-e-type=\"widget\" data-widget_type=\"heading.default\">\n\t\t\t\t\t<h3 class=\"elementor-heading-title elementor-size-default\">La \u00faltima pregunta \u00bfcu\u00e1l es tu gran sue\u00f1o ahora? <\/h3>\t\t\t\t<\/div>\n\t\t\t\t\t<\/div>\n\t\t<\/div>\n\t\t\t\t\t<\/div>\n\t\t<\/section>\n\t\t\t\t<section data-particle_enable=\"false\" data-particle-mobile-disabled=\"false\" class=\"elementor-section elementor-top-section elementor-element elementor-element-aa161ac elementor-section-boxed elementor-section-height-default elementor-section-height-default\" data-id=\"aa161ac\" data-element_type=\"section\" data-e-type=\"section\">\n\t\t\t\t\t\t<div class=\"elementor-container elementor-column-gap-default\">\n\t\t\t\t\t<div class=\"elementor-column elementor-col-100 elementor-top-column elementor-element elementor-element-29be124\" data-id=\"29be124\" data-element_type=\"column\" data-e-type=\"column\">\n\t\t\t<div class=\"elementor-widget-wrap elementor-element-populated\">\n\t\t\t\t\t\t<div class=\"elementor-element elementor-element-f580064 elementor-widget elementor-widget-text-editor\" data-id=\"f580064\" data-element_type=\"widget\" data-e-type=\"widget\" data-widget_type=\"text-editor.default\">\n\t\t\t\t\t\t\t\t\t<p><span style=\"color: var( --e-global-color-text );\">Yo entren\u00e9 muchas veces en los campos del Cejusa, en la zona 11 de Guatemala. Mi sue\u00f1o ser\u00eda poder establecer un &#8220;Cejusa&#8221; en Izabal, mi tierra natal: un espacio donde los muchachos puedan jugar futbol, que nazcan estrellas, pero a la vez aprender de Dios porque \u00e9l lo es todo. Y tambi\u00e9n ense\u00f1arles de finanzas, de emprendimiento, para que sean empresarios.<\/span><\/p>\t\t\t\t\t\t\t\t<\/div>\n\t\t\t\t\t<\/div>\n\t\t<\/div>\n\t\t\t\t\t<\/div>\n\t\t<\/section>\n\t\t<div data-particle_enable=\"false\" data-particle-mobile-disabled=\"false\" class=\"elementor-element elementor-element-c99c7ef e-flex e-con-boxed e-con e-parent\" data-id=\"c99c7ef\" data-element_type=\"container\" data-e-type=\"container\">\n\t\t\t\t\t<div class=\"e-con-inner\">\n\t\t\t\t<div class=\"elementor-element elementor-element-9aee87c elementor-widget elementor-widget-heading\" data-id=\"9aee87c\" data-element_type=\"widget\" data-e-type=\"widget\" data-widget_type=\"heading.default\">\n\t\t\t\t\t<h3 class=\"elementor-heading-title elementor-size-default\">Actualizaci\u00f3n: en 2025 lanza documental sobre su pueblo<\/h3>\t\t\t\t<\/div>\n\t\t\t\t\t<\/div>\n\t\t\t\t<\/div>\n\t\t<div data-particle_enable=\"false\" data-particle-mobile-disabled=\"false\" class=\"elementor-element elementor-element-83666c2 e-flex e-con-boxed e-con e-parent\" data-id=\"83666c2\" data-element_type=\"container\" data-e-type=\"container\">\n\t\t\t\t\t<div class=\"e-con-inner\">\n\t\t\t\t<div class=\"elementor-element elementor-element-76f8820 elementor-widget elementor-widget-text-editor\" data-id=\"76f8820\" data-element_type=\"widget\" data-e-type=\"widget\" data-widget_type=\"text-editor.default\">\n\t\t\t\t\t\t\t\t\t<p>Como parte de su convicci\u00f3n por valorar su cultura gar\u00edfuna, Gilroy \u00c1lvarez impuls\u00f3<a href=\"https:\/\/soymigrante.com\/revista\/garifunas-en-ny-lanzan-documental-yurumein-filmado-en-livingston-izabal\/\"> la realizaci\u00f3n del documental Yurumein, acerca del origen, expresiones y valores de su comunidad, filmado en su natal L\u00edvingston, Izabal,<\/a> fue coproducido junto a su amigo <a href=\"https:\/\/soymigrante.com\/revista\/empresario-migrante-guatemalteco-arnold-ciego-impulsa-identidad-garifuna-desde-bronx-ny\/\">Arnold Ciego<\/a>. La nota se puede ver ac\u00e1.&nbsp;<\/p>\t\t\t\t\t\t\t\t<\/div>\n\t\t\t\t\t<\/div>\n\t\t\t\t<\/div>\n\t\t\t\t<section data-particle_enable=\"false\" data-particle-mobile-disabled=\"false\" class=\"elementor-section elementor-top-section elementor-element elementor-element-7a3675b elementor-section-boxed elementor-section-height-default elementor-section-height-default\" data-id=\"7a3675b\" data-element_type=\"section\" data-e-type=\"section\">\n\t\t\t\t\t\t<div class=\"elementor-container elementor-column-gap-default\">\n\t\t\t\t\t<div class=\"elementor-column elementor-col-100 elementor-top-column elementor-element elementor-element-e2468b9\" data-id=\"e2468b9\" data-element_type=\"column\" data-e-type=\"column\">\n\t\t\t<div class=\"elementor-widget-wrap elementor-element-populated\">\n\t\t\t\t\t\t<div class=\"elementor-element elementor-element-12a4e68 elementor-widget elementor-widget-heading\" data-id=\"12a4e68\" data-element_type=\"widget\" data-e-type=\"widget\" data-widget_type=\"heading.default\">\n\t\t\t\t\t<h2 class=\"elementor-heading-title elementor-size-default\">Cultura gar\u00edfuna migrante y triunfadora<\/h2>\t\t\t\t<\/div>\n\t\t\t\t\t<\/div>\n\t\t<\/div>\n\t\t\t\t\t<\/div>\n\t\t<\/section>\n\t\t\t\t<section data-particle_enable=\"false\" data-particle-mobile-disabled=\"false\" class=\"elementor-section elementor-top-section elementor-element elementor-element-4e71e38 elementor-section-boxed elementor-section-height-default elementor-section-height-default\" data-id=\"4e71e38\" data-element_type=\"section\" data-e-type=\"section\">\n\t\t\t\t\t\t<div class=\"elementor-container elementor-column-gap-default\">\n\t\t\t\t\t<div class=\"elementor-column elementor-col-100 elementor-top-column elementor-element elementor-element-11e6118\" data-id=\"11e6118\" data-element_type=\"column\" data-e-type=\"column\">\n\t\t\t<div class=\"elementor-widget-wrap elementor-element-populated\">\n\t\t\t\t\t\t<div class=\"elementor-element elementor-element-0186c47 elementor-grid-eael-col-3 elementor-grid-tablet-eael-col-2 elementor-grid-mobile-eael-col-1 elementor-widget elementor-widget-eael-post-grid\" data-id=\"0186c47\" data-element_type=\"widget\" data-e-type=\"widget\" data-settings=\"{&quot;eael_post_grid_columns&quot;:&quot;eael-col-3&quot;,&quot;eael_post_grid_columns_tablet&quot;:&quot;eael-col-2&quot;,&quot;eael_post_grid_columns_mobile&quot;:&quot;eael-col-1&quot;}\" data-widget_type=\"eael-post-grid.default\">\n\t\t\t\t\t<div id=\"eael-post-grid-0186c47\" class=\"eael-post-grid-container\">\n            <div class=\"eael-post-grid eael-post-appender eael-post-appender-0186c47 eael-post-grid-style-one\" data-layout-mode=\"masonry\"><article class=\"eael-grid-post  eael-post-grid-column eael-pg-post-5483 category-exitos\" data-id=\"5483\">\n        <div class=\"eael-grid-post-holder\">\n            <div class=\"eael-grid-post-holder-inner\"><div class=\"eael-entry-media\"><div class=\"eael-entry-overlay fade-in\"><i class=\"fas fa-long-arrow-alt-right\" aria-hidden=\"true\"><\/i><a href=\"https:\/\/soymigrante.com\/revista\/guatemalteca-ejercito-estados-unidos-garifuna-prueba\/\"><\/a><\/div><div class=\"eael-entry-thumbnail \">\n                <img loading=\"lazy\" decoding=\"async\" width=\"825\" height=\"693\" src=\"https:\/\/soymigrante.com\/revista\/wp-content\/uploads\/2024\/03\/geramycita.webp\" class=\"attachment-large size-large wp-image-5484\" alt=\"Migrante guatemalteca gar\u00edfuna Geramy Oliva se alista en el Ej\u00e9rcito de Estados Unidos\" srcset=\"https:\/\/soymigrante.com\/revista\/wp-content\/uploads\/2024\/03\/geramycita.webp 825w, https:\/\/soymigrante.com\/revista\/wp-content\/uploads\/2024\/03\/geramycita-300x252.webp 300w, https:\/\/soymigrante.com\/revista\/wp-content\/uploads\/2024\/03\/geramycita-768x645.webp 768w, https:\/\/soymigrante.com\/revista\/wp-content\/uploads\/2024\/03\/geramycita-750x630.webp 750w\" sizes=\"(max-width: 825px) 100vw, 825px\" \/>\n            <\/div>\n        <\/div><div class=\"eael-entry-wrapper\"><header class=\"eael-entry-header\"><h2 class=\"eael-entry-title\"><a class=\"eael-grid-post-link\" href=\"https:\/\/soymigrante.com\/revista\/guatemalteca-ejercito-estados-unidos-garifuna-prueba\/\" title=\"Migrante gar\u00edfuna Geramy Oliva venci\u00f3 retos para entrar al Ej\u00e9rcito de EE.UU.\">Migrante gar\u00edfuna Geramy Oliva venci\u00f3 retos para entrar al Ej\u00e9rcito de EE.UU.<\/a><\/h2><\/header><div class=\"eael-entry-content\">\n                        <div class=\"eael-grid-post-excerpt\"><p>&#8220;Ese d\u00eda lo celebr\u00e9 a\u00fan m\u00e1s que cuando me gradu\u00e9...<\/p><a href=\"https:\/\/soymigrante.com\/revista\/guatemalteca-ejercito-estados-unidos-garifuna-prueba\/\" class=\"eael-post-elements-readmore-btn\">Leer m\u00e1s<\/a><\/div>\n                    <\/div><\/div><\/div>\n        <\/div>\n    <\/article><article class=\"eael-grid-post  eael-post-grid-column eael-pg-post-2639 category-exitos\" data-id=\"2639\">\n        <div class=\"eael-grid-post-holder\">\n            <div class=\"eael-grid-post-holder-inner\"><div class=\"eael-entry-media\"><div class=\"eael-entry-overlay fade-in\"><i class=\"fas fa-long-arrow-alt-right\" aria-hidden=\"true\"><\/i><a href=\"https:\/\/soymigrante.com\/revista\/empresario-migrante-guatemalteco-arnold-ciego-impulsa-identidad-garifuna-desde-bronx-ny\/\"><\/a><\/div><div class=\"eael-entry-thumbnail \">\n                <img loading=\"lazy\" decoding=\"async\" width=\"810\" height=\"552\" src=\"https:\/\/soymigrante.com\/revista\/wp-content\/uploads\/2023\/09\/arnold-ciego-e1695409486578.webp\" class=\"attachment-large size-large wp-image-2640\" alt=\"Arnold Ciego migrante gar\u00edfuna guatemalteco presta sus servicios de asesor\u00eda tributaria en el barrio del Bronx, en Nueva York.\" srcset=\"https:\/\/soymigrante.com\/revista\/wp-content\/uploads\/2023\/09\/arnold-ciego-e1695409486578.webp 810w, https:\/\/soymigrante.com\/revista\/wp-content\/uploads\/2023\/09\/arnold-ciego-e1695409486578-300x204.webp 300w, https:\/\/soymigrante.com\/revista\/wp-content\/uploads\/2023\/09\/arnold-ciego-e1695409486578-768x523.webp 768w, https:\/\/soymigrante.com\/revista\/wp-content\/uploads\/2023\/09\/arnold-ciego-e1695409486578-750x511.webp 750w\" sizes=\"(max-width: 810px) 100vw, 810px\" \/>\n            <\/div>\n        <\/div><div class=\"eael-entry-wrapper\"><header class=\"eael-entry-header\"><h2 class=\"eael-entry-title\"><a class=\"eael-grid-post-link\" href=\"https:\/\/soymigrante.com\/revista\/empresario-migrante-guatemalteco-arnold-ciego-impulsa-identidad-garifuna-desde-bronx-ny\/\" title=\"Empresario migrante gar\u00edfuna guatemalteco Arnold Ciego exalta su identidad desde el Bronx, NY\">Empresario migrante gar\u00edfuna guatemalteco Arnold Ciego exalta su identidad desde el Bronx, NY<\/a><\/h2><\/header><div class=\"eael-entry-content\">\n                        <div class=\"eael-grid-post-excerpt\"><p>Experto en contabilidad y asesor\u00eda tributaria en Estados Unidos, pero...<\/p><a href=\"https:\/\/soymigrante.com\/revista\/empresario-migrante-guatemalteco-arnold-ciego-impulsa-identidad-garifuna-desde-bronx-ny\/\" class=\"eael-post-elements-readmore-btn\">Leer m\u00e1s<\/a><\/div>\n                    <\/div><\/div><\/div>\n        <\/div>\n    <\/article><article class=\"eael-grid-post  eael-post-grid-column eael-pg-post-2581 category-guate-nuestra tags-danzas-de-guatemala\" data-id=\"2581\">\n        <div class=\"eael-grid-post-holder\">\n            <div class=\"eael-grid-post-holder-inner\"><div class=\"eael-entry-media\"><div class=\"eael-entry-overlay fade-in\"><i class=\"fas fa-long-arrow-alt-right\" aria-hidden=\"true\"><\/i><a href=\"https:\/\/soymigrante.com\/revista\/guatemala-danza-yancunu-es-un-baile-garifuna-que-evoca-a-un-pueblo-migrante-en-lucha-por-su-libertad\/\"><\/a><\/div><div class=\"eael-entry-thumbnail \">\n                <img loading=\"lazy\" decoding=\"async\" width=\"960\" height=\"540\" src=\"https:\/\/soymigrante.com\/revista\/wp-content\/uploads\/2023\/09\/yancunu-en-el-bronx-2020.jpg\" class=\"attachment-large size-large wp-image-2583\" alt=\"Baile de Yancun\u00fa o Wuaranagu\u00e1, en un parque de el barrio de el Bronx, Nueva York, efectuado en 2020.\" srcset=\"https:\/\/soymigrante.com\/revista\/wp-content\/uploads\/2023\/09\/yancunu-en-el-bronx-2020.jpg 960w, https:\/\/soymigrante.com\/revista\/wp-content\/uploads\/2023\/09\/yancunu-en-el-bronx-2020-300x169.webp 300w, https:\/\/soymigrante.com\/revista\/wp-content\/uploads\/2023\/09\/yancunu-en-el-bronx-2020-768x432.webp 768w, https:\/\/soymigrante.com\/revista\/wp-content\/uploads\/2023\/09\/yancunu-en-el-bronx-2020-750x422.webp 750w\" sizes=\"(max-width: 960px) 100vw, 960px\" \/>\n            <\/div>\n        <\/div><div class=\"eael-entry-wrapper\"><header class=\"eael-entry-header\"><h2 class=\"eael-entry-title\"><a class=\"eael-grid-post-link\" href=\"https:\/\/soymigrante.com\/revista\/guatemala-danza-yancunu-es-un-baile-garifuna-que-evoca-a-un-pueblo-migrante-en-lucha-por-su-libertad\/\" title=\"Danzas de Guatemala: Yancun\u00fa es un baile gar\u00edfuna para expresar libertad\">Danzas de Guatemala: Yancun\u00fa es un baile gar\u00edfuna para expresar libertad<\/a><\/h2><\/header><div class=\"eael-entry-content\">\n                        <div class=\"eael-grid-post-excerpt\"><p>La cultura de Guatemala integra cuatro grandes pueblos: ladinos, mayas,...<\/p><a href=\"https:\/\/soymigrante.com\/revista\/guatemala-danza-yancunu-es-un-baile-garifuna-que-evoca-a-un-pueblo-migrante-en-lucha-por-su-libertad\/\" class=\"eael-post-elements-readmore-btn\">Leer m\u00e1s<\/a><\/div>\n                    <\/div><\/div><\/div>\n        <\/div>\n    <\/article><\/div>\n            <div class=\"clearfix\"><\/div>\n        <\/div>\t\t\t\t<\/div>\n\t\t\t\t\t<\/div>\n\t\t<\/div>\n\t\t\t\t\t<\/div>\n\t\t<\/section>\n\t\t\t\t<\/div>\n\t\t","protected":false},"excerpt":{"rendered":"<p>&#8220;En la escuela nunca te dan educaci\u00f3n financiera. Y uno aprende a la buena o a la mala&#8221;, dice Gilroy \u00c1lvarez, migrante guatemalteco, gar\u00edfuna originario de Izabal. Es experto en finanzas y bienes ra\u00edces en Nueva York. Su sue\u00f1o era ser futbolista, pero una s\u00fabita jugada cambi\u00f3 el rumbo de su vida. Gilroy Alvarez es [&hellip;]<\/p>\n","protected":false},"author":7,"featured_media":6679,"comment_status":"open","ping_status":"open","sticky":false,"template":"","format":"standard","meta":{"_acf_changed":false,"_eb_attr":"","footnotes":""},"categories":[50],"tags":[],"class_list":["post-6678","post","type-post","status-publish","format-standard","has-post-thumbnail","hentry","category-exitos"],"acf":[],"aioseo_notices":[],"aioseo_head":"\n\t\t<!-- All in One SEO Pro 4.9.6.2 - aioseo.com -->\n\t<meta name=\"description\" content=\"La cultura de Guatemala integra cuatro grandes pueblos: ladinos, mayas, xincas y gar\u00edfunas. Los afrodescendientes habitan en L\u00edvingston, Izabal, de donde han migrado a todo el pa\u00eds y a Estados Unidos. Yancun\u00fa es una danza de batalla que evoca su esp\u00edritu libre. Con dignidad se conmemora una llegada y un anhelo de libertad a trav\u00e9s La etnia gar\u00edfuna celebra cada 26 de noviembre con esta danza la llegada a L\u00edvingston, Guatemala y otras localidades del caribe centroamericano.\" \/>\n\t<meta name=\"robots\" content=\"max-snippet:-1, max-image-preview:large, max-video-preview:-1\" \/>\n\t<meta name=\"author\" content=\"Gustavo Montenegro\"\/>\n\t<link rel=\"canonical\" href=\"https:\/\/soymigrante.com\/revista\/asi-cambio-de-pies-a-cabeza-el-sueno-de-gilroy-alvarez\/\" \/>\n\t<meta name=\"generator\" content=\"All in One SEO Pro (AIOSEO) 4.9.6.2\" \/>\n\n\t\t<link rel=\"preconnect\" href=\"https:\/\/fonts.googleapis.com\" crossorigin>\n<link rel=\"preconnect\" href=\"https:\/\/fonts.gstatic.com\" crossorigin>\n\t\t<meta property=\"og:locale\" content=\"es_ES\" \/>\n\t\t<meta property=\"og:site_name\" content=\"SoyMigrante.com REVISTA \u2013 Nuestra misi\u00f3n es reconocer y dignificar al migrante.\" \/>\n\t\t<meta property=\"og:type\" content=\"article\" \/>\n\t\t<meta property=\"og:title\" content=\"As\u00ed cambi\u00f3 de pies a cabeza el sue\u00f1o de Gilroy \u00c1lvarez\" \/>\n\t\t<meta property=\"og:description\" content=\"Gilroy Alvarez, originario de Izabal, es asesor de finanzas y bienes ra\u00edces en Nueva York. So\u00f1aba con ser futbolista pero el partido dio un giro s\u00fabito. Conoce la historia.\" \/>\n\t\t<meta property=\"og:url\" content=\"https:\/\/soymigrante.com\/revista\/asi-cambio-de-pies-a-cabeza-el-sueno-de-gilroy-alvarez\/\" \/>\n\t\t<meta property=\"og:image\" content=\"https:\/\/soymigrante.com\/revista\/wp-content\/uploads\/2024\/05\/Gilroy-Alvarez-dfdf.webp\" \/>\n\t\t<meta property=\"og:image:secure_url\" content=\"https:\/\/soymigrante.com\/revista\/wp-content\/uploads\/2024\/05\/Gilroy-Alvarez-dfdf.webp\" \/>\n\t\t<meta property=\"og:image:width\" content=\"1366\" \/>\n\t\t<meta property=\"og:image:height\" content=\"1366\" \/>\n\t\t<meta property=\"article:published_time\" content=\"2024-05-28T23:14:14+00:00\" \/>\n\t\t<meta property=\"article:modified_time\" content=\"2025-11-04T15:54:58+00:00\" \/>\n\t\t<meta property=\"article:publisher\" content=\"https:\/\/www.facebook.com\/soymigrantecom\" \/>\n\t\t<meta name=\"twitter:card\" content=\"summary_large_image\" \/>\n\t\t<meta name=\"twitter:site\" content=\"@SoyMigrante_com\" \/>\n\t\t<meta name=\"twitter:title\" content=\"As\u00ed cambi\u00f3 de pies a cabeza el sue\u00f1o de Gilroy \u00c1lvarez\" \/>\n\t\t<meta name=\"twitter:description\" content=\"Gilroy Alvarez, originario de Izabal, es asesor de finanzas y bienes ra\u00edces en Nueva York. So\u00f1aba con ser futbolista pero el partido dio un giro s\u00fabito. Conoce la historia.\" \/>\n\t\t<meta name=\"twitter:creator\" content=\"@SoyMigrante_com\" \/>\n\t\t<meta name=\"twitter:image\" content=\"https:\/\/soymigrante.com\/revista\/wp-content\/uploads\/2024\/05\/Gilroy-Alvarez-dfdf.webp\" \/>\n\t\t<!-- All in One SEO Pro -->\r\n\t\t<title>As\u00ed cambi\u00f3 de pies a cabeza el sue\u00f1o de Gilroy \u00c1lvarez<\/title>\n\n","aioseo_head_json":{"title":"As\u00ed cambi\u00f3 de pies a cabeza el sue\u00f1o de Gilroy \u00c1lvarez","description":"Gilroy Alvarez, originario de Izabal, es asesor de finanzas y bienes ra\u00edces en Nueva York. So\u00f1aba con ser futbolista pero el partido dio un giro s\u00fabito. Conoce la historia.","canonical_url":"https:\/\/soymigrante.com\/revista\/asi-cambio-de-pies-a-cabeza-el-sueno-de-gilroy-alvarez\/","robots":"max-snippet:-1, max-image-preview:large, max-video-preview:-1","keywords":"","webmasterTools":{"miscellaneous":"&lt;link rel=\"preconnect\" href=\"https:\/\/fonts.googleapis.com\" crossorigin&gt;\n&lt;link rel=\"preconnect\" href=\"https:\/\/fonts.gstatic.com\" crossorigin&gt;"},"schema":null,"og:locale":"es_ES","og:site_name":"SoyMigrante.com REVISTA \u2013 Nuestra misi\u00f3n es reconocer y dignificar al migrante.","og:type":"article","og:title":"As\u00ed cambi\u00f3 de pies a cabeza el sue\u00f1o de Gilroy \u00c1lvarez","og:description":"Gilroy Alvarez, originario de Izabal, es asesor de finanzas y bienes ra\u00edces en Nueva York. So\u00f1aba con ser futbolista pero el partido dio un giro s\u00fabito. Conoce la historia.","og:url":"https:\/\/soymigrante.com\/revista\/asi-cambio-de-pies-a-cabeza-el-sueno-de-gilroy-alvarez\/","og:image":"https:\/\/soymigrante.com\/revista\/wp-content\/uploads\/2024\/05\/Gilroy-Alvarez-dfdf.webp","og:image:secure_url":"https:\/\/soymigrante.com\/revista\/wp-content\/uploads\/2024\/05\/Gilroy-Alvarez-dfdf.webp","og:image:width":1366,"og:image:height":1366,"article:published_time":"2024-05-28T23:14:14+00:00","article:modified_time":"2025-11-04T15:54:58+00:00","article:publisher":"https:\/\/www.facebook.com\/soymigrantecom","twitter:card":"summary_large_image","twitter:site":"@SoyMigrante_com","twitter:title":"As\u00ed cambi\u00f3 de pies a cabeza el sue\u00f1o de Gilroy \u00c1lvarez","twitter:description":"Gilroy Alvarez, originario de Izabal, es asesor de finanzas y bienes ra\u00edces en Nueva York. So\u00f1aba con ser futbolista pero el partido dio un giro s\u00fabito. Conoce la historia.","twitter:creator":"@SoyMigrante_com","twitter:image":"https:\/\/soymigrante.com\/revista\/wp-content\/uploads\/2024\/05\/Gilroy-Alvarez-dfdf.webp"},"aioseo_meta_data":{"post_id":"6678","title":null,"description":"Gilroy Alvarez, originario de Izabal, es asesor de finanzas y bienes ra\u00edces en Nueva York. So\u00f1aba con ser futbolista pero el partido dio un giro s\u00fabito. Conoce la historia.","keywords":null,"keyphrases":{"focus":{"keyphrase":"Migrante","score":63,"analysis":{"keyphraseInTitle":{"score":3,"maxScore":9,"error":1},"keyphraseInDescription":{"score":3,"maxScore":9,"error":1},"keyphraseLength":{"score":9,"maxScore":9,"error":0,"length":1},"keyphraseInURL":{"score":5,"maxScore":5,"error":0}}},"additional":[{"keyphrase":"Guatemalteco","score":67,"analysis":{"keyphraseInDescription":{"score":3,"maxScore":9,"error":1},"keyphraseLength":{"score":9,"maxScore":9,"error":0,"length":1}}}]},"primary_term":null,"canonical_url":null,"og_title":null,"og_description":null,"og_object_type":"default","og_image_type":"default","og_image_url":null,"og_image_width":null,"og_image_height":null,"og_image_custom_url":null,"og_image_custom_fields":null,"og_video":"","og_custom_url":null,"og_article_section":null,"og_article_tags":null,"twitter_use_og":false,"twitter_card":"default","twitter_image_type":"default","twitter_image_url":null,"twitter_image_custom_url":null,"twitter_image_custom_fields":null,"twitter_title":null,"twitter_description":null,"schema":{"blockGraphs":[],"customGraphs":[],"default":{"data":{"Article":[],"Course":[],"Dataset":[],"FAQPage":[],"Movie":[],"Person":[],"Product":[],"ProductReview":[],"Car":[],"Recipe":[],"Service":[],"SoftwareApplication":[],"WebPage":[]},"graphName":"Article","isEnabled":true},"graphs":[]},"schema_type":"default","schema_type_options":null,"pillar_content":false,"robots_default":true,"robots_noindex":false,"robots_noarchive":false,"robots_nosnippet":false,"robots_nofollow":false,"robots_noimageindex":false,"robots_noodp":false,"robots_notranslate":false,"robots_max_snippet":"-1","robots_max_videopreview":"-1","robots_max_imagepreview":"large","priority":null,"frequency":"default","local_seo":null,"seo_analyzer_scan_date":"2025-11-04 15:55:20","breadcrumb_settings":null,"limit_modified_date":false,"reviewed_by":null,"open_ai":"{\"title\":{\"suggestions\":[],\"usage\":0},\"description\":{\"suggestions\":[],\"usage\":0}}","ai":null,"created":"2024-05-28 21:56:07","updated":"2026-02-04 11:55:01"},"aioseo_breadcrumb":"<div class=\"aioseo-breadcrumbs\"><span class=\"aioseo-breadcrumb\">\n\t<a href=\"https:\/\/soymigrante.com\/revista\" title=\"Home\">Home<\/a>\n<\/span><span class=\"aioseo-breadcrumb-separator\">\u00bb<\/span><span class=\"aioseo-breadcrumb\">\n\t<a href=\"https:\/\/soymigrante.com\/revista\/category\/exitos\/\" title=\"\u00c9xitos\">\u00c9xitos<\/a>\n<\/span><span class=\"aioseo-breadcrumb-separator\">\u00bb<\/span><span class=\"aioseo-breadcrumb\">\n\tAs\u00ed cambi\u00f3 de pies a cabeza el sue\u00f1o de Gilroy \u00c1lvarez\n<\/span><\/div>","aioseo_breadcrumb_json":[{"label":"Home","link":"https:\/\/soymigrante.com\/revista"},{"label":"\u00c9xitos","link":"https:\/\/soymigrante.com\/revista\/category\/exitos\/"},{"label":"As\u00ed cambi\u00f3 de pies a cabeza el sue\u00f1o de Gilroy \u00c1lvarez","link":"https:\/\/soymigrante.com\/revista\/asi-cambio-de-pies-a-cabeza-el-sueno-de-gilroy-alvarez\/"}],"_links":{"self":[{"href":"https:\/\/soymigrante.com\/revista\/wp-json\/wp\/v2\/posts\/6678","targetHints":{"allow":["GET"]}}],"collection":[{"href":"https:\/\/soymigrante.com\/revista\/wp-json\/wp\/v2\/posts"}],"about":[{"href":"https:\/\/soymigrante.com\/revista\/wp-json\/wp\/v2\/types\/post"}],"author":[{"embeddable":true,"href":"https:\/\/soymigrante.com\/revista\/wp-json\/wp\/v2\/users\/7"}],"replies":[{"embeddable":true,"href":"https:\/\/soymigrante.com\/revista\/wp-json\/wp\/v2\/comments?post=6678"}],"version-history":[{"count":6,"href":"https:\/\/soymigrante.com\/revista\/wp-json\/wp\/v2\/posts\/6678\/revisions"}],"predecessor-version":[{"id":48149,"href":"https:\/\/soymigrante.com\/revista\/wp-json\/wp\/v2\/posts\/6678\/revisions\/48149"}],"wp:featuredmedia":[{"embeddable":true,"href":"https:\/\/soymigrante.com\/revista\/wp-json\/wp\/v2\/media\/6679"}],"wp:attachment":[{"href":"https:\/\/soymigrante.com\/revista\/wp-json\/wp\/v2\/media?parent=6678"}],"wp:term":[{"taxonomy":"category","embeddable":true,"href":"https:\/\/soymigrante.com\/revista\/wp-json\/wp\/v2\/categories?post=6678"},{"taxonomy":"post_tag","embeddable":true,"href":"https:\/\/soymigrante.com\/revista\/wp-json\/wp\/v2\/tags?post=6678"}],"curies":[{"name":"wp","href":"https:\/\/api.w.org\/{rel}","templated":true}]}}