{"id":6663,"date":"2024-05-27T17:05:21","date_gmt":"2024-05-27T23:05:21","guid":{"rendered":"https:\/\/soymigrante.com\/revista\/?p=6663"},"modified":"2024-07-27T17:43:19","modified_gmt":"2024-07-27T23:43:19","slug":"la-migrante-marta-ordonez-viaja-en-el-tiempo-para-dar-un-consejo","status":"publish","type":"post","link":"https:\/\/soymigrante.com\/revista\/la-migrante-marta-ordonez-viaja-en-el-tiempo-para-dar-un-consejo\/","title":{"rendered":"La migrante Marta Ordo\u00f1ez viaja en el tiempo para dar un consejo"},"content":{"rendered":"\t\t<div data-elementor-type=\"wp-post\" data-elementor-id=\"6663\" class=\"elementor elementor-6663\" data-elementor-post-type=\"post\">\n\t\t\t\t\t\t<section data-particle_enable=\"false\" data-particle-mobile-disabled=\"false\" class=\"elementor-section elementor-top-section elementor-element elementor-element-3a148f3 elementor-section-boxed elementor-section-height-default elementor-section-height-default\" data-id=\"3a148f3\" data-element_type=\"section\" data-e-type=\"section\">\n\t\t\t\t\t\t<div class=\"elementor-container elementor-column-gap-default\">\n\t\t\t\t\t<div class=\"elementor-column elementor-col-100 elementor-top-column elementor-element elementor-element-24bf737\" data-id=\"24bf737\" data-element_type=\"column\" data-e-type=\"column\">\n\t\t\t<div class=\"elementor-widget-wrap elementor-element-populated\">\n\t\t\t\t\t\t<div class=\"elementor-element elementor-element-ba9f9af elementor-widget elementor-widget-heading\" data-id=\"ba9f9af\" data-element_type=\"widget\" data-e-type=\"widget\" data-widget_type=\"heading.default\">\n\t\t\t\t\t<h2 class=\"elementor-heading-title elementor-size-default\">Marta Ord\u00f3\u00f1ez qued\u00f3 hu\u00e9rfana de mam\u00e1 a los 9 a\u00f1os y tuvo que ayudar a sus hermanas menores en Cuilco, Huehuetenango. Hoy vive en Chattanooga, Tennessee y brinda los consejos que aprendi\u00f3 a trav\u00e9s del tiempo. <\/h2>\t\t\t\t<\/div>\n\t\t\t\t\t<\/div>\n\t\t<\/div>\n\t\t\t\t\t<\/div>\n\t\t<\/section>\n\t\t\t\t<section data-particle_enable=\"false\" data-particle-mobile-disabled=\"false\" class=\"elementor-section elementor-top-section elementor-element elementor-element-3de1210 elementor-section-boxed elementor-section-height-default elementor-section-height-default\" data-id=\"3de1210\" data-element_type=\"section\" data-e-type=\"section\">\n\t\t\t\t\t\t<div class=\"elementor-container elementor-column-gap-default\">\n\t\t\t\t\t<div class=\"elementor-column elementor-col-100 elementor-top-column elementor-element elementor-element-49bf9a8\" data-id=\"49bf9a8\" data-element_type=\"column\" data-e-type=\"column\">\n\t\t\t<div class=\"elementor-widget-wrap elementor-element-populated\">\n\t\t\t\t\t\t<div class=\"elementor-element elementor-element-61fdf47 elementor-widget elementor-widget-heading\" data-id=\"61fdf47\" data-element_type=\"widget\" data-e-type=\"widget\" data-widget_type=\"heading.default\">\n\t\t\t\t\t<h5 class=\"elementor-heading-title elementor-size-default\">Esta entrevista se hizo presencialmente en el Centro La Paz durante la visita de SoyMigrante.com a la comunidad guatemalteca en Chattanooga, TN.<\/h5>\t\t\t\t<\/div>\n\t\t\t\t\t<\/div>\n\t\t<\/div>\n\t\t\t\t\t<\/div>\n\t\t<\/section>\n\t\t\t\t<section data-particle_enable=\"false\" data-particle-mobile-disabled=\"false\" class=\"elementor-section elementor-top-section elementor-element elementor-element-087223e elementor-section-boxed elementor-section-height-default elementor-section-height-default\" data-id=\"087223e\" data-element_type=\"section\" data-e-type=\"section\">\n\t\t\t\t\t\t<div class=\"elementor-container elementor-column-gap-default\">\n\t\t\t\t\t<div class=\"elementor-column elementor-col-100 elementor-top-column elementor-element elementor-element-06818d9\" data-id=\"06818d9\" data-element_type=\"column\" data-e-type=\"column\">\n\t\t\t<div class=\"elementor-widget-wrap elementor-element-populated\">\n\t\t\t\t\t\t<div class=\"elementor-element elementor-element-a4cde54 elementor-widget elementor-widget-text-editor\" data-id=\"a4cde54\" data-element_type=\"widget\" data-e-type=\"widget\" data-widget_type=\"text-editor.default\">\n\t\t\t\t\t\t\t\t\t<p>&#8220;Mi mam\u00e1 falleci\u00f3 cuando yo ten\u00eda 9 a\u00f1os&#8221;, cuenta Marta Ord\u00f3\u00f1ez, originaria de Cuilco, Huehuetenango, quien hace 20 a\u00f1os lleg\u00f3 a <a href=\"https:\/\/soymigrante.com\/revista\/migrantes-guatemaltecos-chattanooga-tennessee-cronica-suenos\/\">Chattanooga, Tennessee.<\/a>\u00a0\u00a0<span style=\"color: var( --e-global-color-text );\">&#8220;Eramos 9 hermanos, quedamos vivos cinco.\u00a0 Nuestra mam\u00e1 muri\u00f3 por un tumor, que no se pudo atender porque no hab\u00eda nada en el hospital. Mi hermana m\u00e1s peque\u00f1a ten\u00eda dos a\u00f1os y yo me tuve que hacer cargo de darles de comer&#8221;, relata.<\/span><\/p><p>&#8220;Fue un tiempo muy triste, porque a mis hermanos varones se los quer\u00eda llevar al Ej\u00e9rcito y ellos se escond\u00edan. Todav\u00eda estaba la guerra en Guatemala. Una guerra que no sirvi\u00f3 para nada.\u00a0 Poco despu\u00e9s de morir mi mam\u00e1, se llevaron a mi hermano mayor. MI otra hermana mayor se fue a trabajar a la capital para ayudarnos&#8221;.\u00a0<\/p><p>&#8220;Mi pap\u00e1 trabajaba, pero ten\u00eda el problema del alcoholismo y daba algo para el ma\u00edz, la le\u00f1a, los frijolitos pero no alcanzaba. Yo cuidaba a mis hermanitas peque\u00f1as. Y todav\u00eda logr\u00e9 sacar sexto primaria. Pero no ten\u00edamos nada. Ellas quer\u00edan seguir estudiando y no alcanzaba&#8221;.0<\/p><p>&#8220;Pasaron los a\u00f1os y la situaci\u00f3n segu\u00eda\u00a0 dif\u00edcil. El esposo de mi hermana estaba en Estados Unidos y yo al ver que no hab\u00eda trabajo, que mis hermanas quer\u00edan seguir estudiando, migr\u00e9 hace 20 a\u00f1os&#8221;.<\/p>\t\t\t\t\t\t\t\t<\/div>\n\t\t\t\t\t<\/div>\n\t\t<\/div>\n\t\t\t\t\t<\/div>\n\t\t<\/section>\n\t\t\t\t<section data-particle_enable=\"false\" data-particle-mobile-disabled=\"false\" class=\"elementor-section elementor-top-section elementor-element elementor-element-d715eb7 elementor-section-boxed elementor-section-height-default elementor-section-height-default\" data-id=\"d715eb7\" data-element_type=\"section\" data-e-type=\"section\">\n\t\t\t\t\t\t<div class=\"elementor-container elementor-column-gap-default\">\n\t\t\t\t\t<div class=\"elementor-column elementor-col-100 elementor-top-column elementor-element elementor-element-6a939c4\" data-id=\"6a939c4\" data-element_type=\"column\" data-e-type=\"column\">\n\t\t\t<div class=\"elementor-widget-wrap elementor-element-populated\">\n\t\t\t\t\t\t<div class=\"elementor-element elementor-element-6605b21 elementor-widget elementor-widget-image\" data-id=\"6605b21\" data-element_type=\"widget\" data-e-type=\"widget\" data-widget_type=\"image.default\">\n\t\t\t\t\t\t\t\t\t\t\t\t<figure class=\"wp-caption\">\n\t\t\t\t\t\t\t\t\t\t<img fetchpriority=\"high\" decoding=\"async\" width=\"735\" height=\"653\" src=\"https:\/\/soymigrante.com\/revista\/wp-content\/uploads\/2024\/05\/Captura-de-pantalla-2024-05-27-160838.webp\" class=\"attachment-large size-large wp-image-6673\" alt=\"Colaboradora participando en muestra de arte y cultura en SoyMigrante.com Revista, destacando migrantes, arte ind\u00edgena y diversidad cultural en eventos migratorios en M\u00e9xico.\" srcset=\"https:\/\/soymigrante.com\/revista\/wp-content\/uploads\/2024\/05\/Captura-de-pantalla-2024-05-27-160838.webp 735w, https:\/\/soymigrante.com\/revista\/wp-content\/uploads\/2024\/05\/Captura-de-pantalla-2024-05-27-160838-300x267.webp 300w\" sizes=\"(max-width: 735px) 100vw, 735px\" title=\"Marta Ord\u00f3nez acept\u00f3 la entrevista en el sal\u00f3n principal del Centro La Paz, donde se ofrecen talleres de oficios, cursos de ingl\u00e9s, apoyo legal migratorio y otros servicios. \u2013 SoyMigrante.com REVISTA\" \/>\t\t\t\t\t\t\t\t\t\t\t<figcaption class=\"widget-image-caption wp-caption-text\">Mujer en entrevista en exposici\u00f3n de arte ind\u00edgena y cultura en SoyMigrante.com Revista, mostrando talento y diversidad cultural de migrantes en M\u00e9xico.<\/figcaption>\n\t\t\t\t\t\t\t\t\t\t<\/figure>\n\t\t\t\t\t\t\t\t\t<\/div>\n\t\t\t\t\t<\/div>\n\t\t<\/div>\n\t\t\t\t\t<\/div>\n\t\t<\/section>\n\t\t\t\t<section data-particle_enable=\"false\" data-particle-mobile-disabled=\"false\" class=\"elementor-section elementor-top-section elementor-element elementor-element-881a1be elementor-section-boxed elementor-section-height-default elementor-section-height-default\" data-id=\"881a1be\" data-element_type=\"section\" data-e-type=\"section\">\n\t\t\t\t\t\t<div class=\"elementor-container elementor-column-gap-default\">\n\t\t\t\t\t<div class=\"elementor-column elementor-col-100 elementor-top-column elementor-element elementor-element-4d730a0\" data-id=\"4d730a0\" data-element_type=\"column\" data-e-type=\"column\">\n\t\t\t<div class=\"elementor-widget-wrap elementor-element-populated\">\n\t\t\t\t\t\t<div class=\"elementor-element elementor-element-c7ed24f elementor-widget elementor-widget-heading\" data-id=\"c7ed24f\" data-element_type=\"widget\" data-e-type=\"widget\" data-widget_type=\"heading.default\">\n\t\t\t\t\t<h3 class=\"elementor-heading-title elementor-size-default\">Vine a trabajar, pero pas\u00e9 un mes sin trabajo<\/h3>\t\t\t\t<\/div>\n\t\t\t\t\t<\/div>\n\t\t<\/div>\n\t\t\t\t\t<\/div>\n\t\t<\/section>\n\t\t\t\t<section data-particle_enable=\"false\" data-particle-mobile-disabled=\"false\" class=\"elementor-section elementor-top-section elementor-element elementor-element-2c3dad8 elementor-section-boxed elementor-section-height-default elementor-section-height-default\" data-id=\"2c3dad8\" data-element_type=\"section\" data-e-type=\"section\">\n\t\t\t\t\t\t<div class=\"elementor-container elementor-column-gap-default\">\n\t\t\t\t\t<div class=\"elementor-column elementor-col-100 elementor-top-column elementor-element elementor-element-37e0586\" data-id=\"37e0586\" data-element_type=\"column\" data-e-type=\"column\">\n\t\t\t<div class=\"elementor-widget-wrap elementor-element-populated\">\n\t\t\t\t\t\t<div class=\"elementor-element elementor-element-f8bdd51 elementor-widget elementor-widget-text-editor\" data-id=\"f8bdd51\" data-element_type=\"widget\" data-e-type=\"widget\" data-widget_type=\"text-editor.default\">\n\t\t\t\t\t\t\t\t\t<p><span style=\"color: var( --e-global-color-text );\">era el a\u00f1o 2003 &#8220;Es dif\u00edcil cuando uno llega. No conoc\u00eda a nadie. Mi cu\u00f1ado trabajaba much\u00edsimo, de noche. Dorm\u00eda de d\u00eda. Pas\u00e9 un mes sin trabajo y no quer\u00eda estar as\u00ed. La esposa de un primo&nbsp; me hizo el gran favor de llevarme a aplicar a un hotel y gracias a Dios me dieron empleo. Ya estaba desesperada&#8221;.&nbsp;<\/span><\/p>\n<p><span style=\"color: var( --e-global-color-text );\">&#8220;Porque en Guatemala, quiz\u00e1 no hay dinero, pero sales al monte y hay yerbitas, recoges frutas, hay algunas gallinas y huevos. Pero aqu\u00ed \u00bfd\u00f3nde? Y con miedo y sin poder hablar ingl\u00e9s \u00bfc\u00f3mo compras? \u00bfc\u00f3mo pides una direcci\u00f3n?&#8221;<\/span><\/p>\t\t\t\t\t\t\t\t<\/div>\n\t\t\t\t\t<\/div>\n\t\t<\/div>\n\t\t\t\t\t<\/div>\n\t\t<\/section>\n\t\t\t\t<section data-particle_enable=\"false\" data-particle-mobile-disabled=\"false\" class=\"elementor-section elementor-top-section elementor-element elementor-element-710103b elementor-section-boxed elementor-section-height-default elementor-section-height-default\" data-id=\"710103b\" data-element_type=\"section\" data-e-type=\"section\">\n\t\t\t\t\t\t<div class=\"elementor-container elementor-column-gap-default\">\n\t\t\t\t\t<div class=\"elementor-column elementor-col-100 elementor-top-column elementor-element elementor-element-8c35d66\" data-id=\"8c35d66\" data-element_type=\"column\" data-e-type=\"column\">\n\t\t\t<div class=\"elementor-widget-wrap elementor-element-populated\">\n\t\t\t\t\t\t<div class=\"elementor-element elementor-element-dfe2ba0 elementor-widget elementor-widget-heading\" data-id=\"dfe2ba0\" data-element_type=\"widget\" data-e-type=\"widget\" data-widget_type=\"heading.default\">\n\t\t\t\t\t<h3 class=\"elementor-heading-title elementor-size-default\">\u00bfC\u00f3mo super\u00f3 eso?<\/h3>\t\t\t\t<\/div>\n\t\t\t\t\t<\/div>\n\t\t<\/div>\n\t\t\t\t\t<\/div>\n\t\t<\/section>\n\t\t\t\t<section data-particle_enable=\"false\" data-particle-mobile-disabled=\"false\" class=\"elementor-section elementor-top-section elementor-element elementor-element-bd4c5b4 elementor-section-boxed elementor-section-height-default elementor-section-height-default\" data-id=\"bd4c5b4\" data-element_type=\"section\" data-e-type=\"section\">\n\t\t\t\t\t\t<div class=\"elementor-container elementor-column-gap-default\">\n\t\t\t\t\t<div class=\"elementor-column elementor-col-100 elementor-top-column elementor-element elementor-element-a5a841b\" data-id=\"a5a841b\" data-element_type=\"column\" data-e-type=\"column\">\n\t\t\t<div class=\"elementor-widget-wrap elementor-element-populated\">\n\t\t\t\t\t\t<div class=\"elementor-element elementor-element-84d255e elementor-widget elementor-widget-text-editor\" data-id=\"84d255e\" data-element_type=\"widget\" data-e-type=\"widget\" data-widget_type=\"text-editor.default\">\n\t\t\t\t\t\t\t\t\t<p><span style=\"color: var( --e-global-color-text );\">&#8220;Pues gracias a la ayuda de dios y de muchas personas, buenas personas. Lamentablemente a veces te ayudaba m\u00e1s un americano que nuestra misma gente latina. Pero siempre hay gentes buenas. Yo pienso que son angelitos, que te dan un &#8220;ride&#8221; hacia el trabajo o de regreso, que te llevan a la lavander\u00eda, que te dicen qu\u00e9 bus tomar. Aunque a veces ten\u00eda que pasar dos o tres horas despu\u00e9s del trabajo esperando a que me llegaran a traer&#8221;.\u00a0<\/span><\/p><p><span style=\"color: var( --e-global-color-text );\">&#8220;Una amiga mexicana del trabajo me dec\u00eda: P\u00e9rate tantito, ahorita llamo a alguien y siempre encontraba qui\u00e9n nos jalara, me pasaba dejando a la casa. Pero ella fue quien me dijo un d\u00eda: Mira, \u00bfy por qu\u00e9 no sacas un tu carrito para que no sufras con el transporte?. Yo lo ve\u00eda dif\u00edcil, pero me anim\u00f3 a engancharlo&#8230;&#8221;.<\/span><\/p><p>-Pero si yo no se manejar<br \/><span style=\"color: var( --e-global-color-text );\">-\u00a1Pues aprendes!, me dijo.<\/span><\/p>\t\t\t\t\t\t\t\t<\/div>\n\t\t\t\t\t<\/div>\n\t\t<\/div>\n\t\t\t\t\t<\/div>\n\t\t<\/section>\n\t\t\t\t<section data-particle_enable=\"false\" data-particle-mobile-disabled=\"false\" class=\"elementor-section elementor-top-section elementor-element elementor-element-4a95705 elementor-section-boxed elementor-section-height-default elementor-section-height-default\" data-id=\"4a95705\" data-element_type=\"section\" data-e-type=\"section\">\n\t\t\t\t\t\t<div class=\"elementor-container elementor-column-gap-default\">\n\t\t\t\t\t<div class=\"elementor-column elementor-col-100 elementor-top-column elementor-element elementor-element-bc11a82\" data-id=\"bc11a82\" data-element_type=\"column\" data-e-type=\"column\">\n\t\t\t<div class=\"elementor-widget-wrap elementor-element-populated\">\n\t\t\t\t\t\t<div class=\"elementor-element elementor-element-c3d9ccf elementor-widget elementor-widget-image\" data-id=\"c3d9ccf\" data-element_type=\"widget\" data-e-type=\"widget\" data-widget_type=\"image.default\">\n\t\t\t\t\t\t\t\t\t\t\t\t<figure class=\"wp-caption\">\n\t\t\t\t\t\t\t\t\t\t<img decoding=\"async\" width=\"768\" height=\"537\" src=\"https:\/\/soymigrante.com\/revista\/wp-content\/uploads\/2024\/05\/43703369_1532305170249561_8932979183324233728_n-1024x716.webp\" class=\"attachment-large size-large wp-image-6669\" alt=\"Artesan\u00edas mexicanas y prendas tradicionales en feria cultural de M\u00e9xico en SoyMigrante.com REVISTA.\" srcset=\"https:\/\/soymigrante.com\/revista\/wp-content\/uploads\/2024\/05\/43703369_1532305170249561_8932979183324233728_n-1024x716.webp 1024w, https:\/\/soymigrante.com\/revista\/wp-content\/uploads\/2024\/05\/43703369_1532305170249561_8932979183324233728_n-300x210.webp 300w, https:\/\/soymigrante.com\/revista\/wp-content\/uploads\/2024\/05\/43703369_1532305170249561_8932979183324233728_n-768x537.webp 768w, https:\/\/soymigrante.com\/revista\/wp-content\/uploads\/2024\/05\/43703369_1532305170249561_8932979183324233728_n-750x525.webp 750w, https:\/\/soymigrante.com\/revista\/wp-content\/uploads\/2024\/05\/43703369_1532305170249561_8932979183324233728_n-1140x797.webp 1140w, https:\/\/soymigrante.com\/revista\/wp-content\/uploads\/2024\/05\/43703369_1532305170249561_8932979183324233728_n.webp 1258w\" sizes=\"(max-width: 768px) 100vw, 768px\" title=\"A Marta siempre le gust\u00f3 el comercio. De hecho cuando viv\u00eda en Cuilco, Huehuetenango, compraba productos para ir a venderlos al mercado o a las casas. Ello le anim\u00f3 a empezar a llevar textiles t\u00edpicos y artesan\u00edas guatemaltecas para venderlos en los Farmer Market y los Swap Meet de Tennessee.  Posteriormente ella comenz\u00f3 a elaborar sus propios art\u00edculos de bisuter\u00eda. \u2013 SoyMigrante.com REVISTA\" \/>\t\t\t\t\t\t\t\t\t\t\t<figcaption class=\"widget-image-caption wp-caption-text\">Mujeres mexicanas exhiben textiles y accesorios artesanales en feria multicultural mexicana.<\/figcaption>\n\t\t\t\t\t\t\t\t\t\t<\/figure>\n\t\t\t\t\t\t\t\t\t<\/div>\n\t\t\t\t\t<\/div>\n\t\t<\/div>\n\t\t\t\t\t<\/div>\n\t\t<\/section>\n\t\t\t\t<section data-particle_enable=\"false\" data-particle-mobile-disabled=\"false\" class=\"elementor-section elementor-top-section elementor-element elementor-element-c5ceb3b elementor-section-boxed elementor-section-height-default elementor-section-height-default\" data-id=\"c5ceb3b\" data-element_type=\"section\" data-e-type=\"section\">\n\t\t\t\t\t\t<div class=\"elementor-container elementor-column-gap-default\">\n\t\t\t\t\t<div class=\"elementor-column elementor-col-100 elementor-top-column elementor-element elementor-element-2ad2471\" data-id=\"2ad2471\" data-element_type=\"column\" data-e-type=\"column\">\n\t\t\t<div class=\"elementor-widget-wrap elementor-element-populated\">\n\t\t\t\t\t\t<div class=\"elementor-element elementor-element-8aa03c5 elementor-widget elementor-widget-heading\" data-id=\"8aa03c5\" data-element_type=\"widget\" data-e-type=\"widget\" data-widget_type=\"heading.default\">\n\t\t\t\t\t<h3 class=\"elementor-heading-title elementor-size-default\">\"Muchos le temen al Freeway... yo all\u00ed empec\u00e9\"<\/h3>\t\t\t\t<\/div>\n\t\t\t\t\t<\/div>\n\t\t<\/div>\n\t\t\t\t\t<\/div>\n\t\t<\/section>\n\t\t\t\t<section data-particle_enable=\"false\" data-particle-mobile-disabled=\"false\" class=\"elementor-section elementor-top-section elementor-element elementor-element-c7377a6 elementor-section-boxed elementor-section-height-default elementor-section-height-default\" data-id=\"c7377a6\" data-element_type=\"section\" data-e-type=\"section\">\n\t\t\t\t\t\t<div class=\"elementor-container elementor-column-gap-default\">\n\t\t\t\t\t<div class=\"elementor-column elementor-col-100 elementor-top-column elementor-element elementor-element-8be1726\" data-id=\"8be1726\" data-element_type=\"column\" data-e-type=\"column\">\n\t\t\t<div class=\"elementor-widget-wrap elementor-element-populated\">\n\t\t\t\t\t\t<div class=\"elementor-element elementor-element-8028fa8 elementor-widget elementor-widget-text-editor\" data-id=\"8028fa8\" data-element_type=\"widget\" data-e-type=\"widget\" data-widget_type=\"text-editor.default\">\n\t\t\t\t\t\t\t\t\t<p>De eso hace 20 a\u00f1os. Saqu\u00e9 el carrito y otra muchacha me ense\u00f1\u00f3 a manejar. Eunice. Poco a poco empec\u00e9. Y tambi\u00e9n me invit\u00f3 a unas clases de ingl\u00e9s en su iglesia. Siempre or\u00e1bamos antes de cada clase de manejo o de ingl\u00e9s&#8230; para que dios nos cuidara.<br><\/p><p>Un d\u00eda no pudo ir conmigo pero yo deb\u00eda ir al trabajo muy temprano. &#8220;Bueno Dios m\u00edo, me cuidas&#8221;, dije. Y agarr\u00e9 el carro. Ya conoc\u00eda la ruta. Mucha gente le tiene miedo ir por el HIghway cuando est\u00e1n empezando, no se animan a entrar. Y yo me fui por ah\u00ed desde la primera vez que manej\u00e9 sola. Es m\u00e1s f\u00e1cil&#8221;, cuenta Marta sonriente.<\/p><p>Despu\u00e9s de un a\u00f1o en el hotel, empez\u00f3 a trabajar en una empacadora de semillas. De 10 de la noche a 6 de la ma\u00f1ana. Mejor sueldo y ya no se preocupaba por el transporte. Ayudaba a sus hermanas. &#8220;Cuando ellas s graduaron dije: bueno, ya las acompa\u00f1\u00e9 y ayud\u00e9 para que se valgan por s\u00ed mismas. conoc\u00ed a mi esposo, que tambi\u00e9n era de donde yo nac\u00ed: Cuilco. Nos conocimos en una f\u00e1brica de alfombras&#8221;.<\/p><div><br><\/div>\t\t\t\t\t\t\t\t<\/div>\n\t\t\t\t\t<\/div>\n\t\t<\/div>\n\t\t\t\t\t<\/div>\n\t\t<\/section>\n\t\t\t\t<section data-particle_enable=\"false\" data-particle-mobile-disabled=\"false\" class=\"elementor-section elementor-top-section elementor-element elementor-element-54383ed elementor-section-boxed elementor-section-height-default elementor-section-height-default\" data-id=\"54383ed\" data-element_type=\"section\" data-e-type=\"section\">\n\t\t\t\t\t\t<div class=\"elementor-container elementor-column-gap-default\">\n\t\t\t\t\t<div class=\"elementor-column elementor-col-100 elementor-top-column elementor-element elementor-element-9a9d45c\" data-id=\"9a9d45c\" data-element_type=\"column\" data-e-type=\"column\">\n\t\t\t<div class=\"elementor-widget-wrap elementor-element-populated\">\n\t\t\t\t\t\t<div class=\"elementor-element elementor-element-1a9dab5 elementor-widget elementor-widget-video\" data-id=\"1a9dab5\" data-element_type=\"widget\" data-e-type=\"widget\" data-settings=\"{&quot;youtube_url&quot;:&quot;https:\\\/\\\/www.youtube.com\\\/watch?app=desktop&amp;v=i0LfM2oElp8&quot;,&quot;video_type&quot;:&quot;youtube&quot;,&quot;controls&quot;:&quot;yes&quot;}\" data-widget_type=\"video.default\">\n\t\t\t\t\t\t\t<div class=\"elementor-wrapper elementor-open-inline\">\n\t\t\t<div class=\"elementor-video\"><\/div>\t\t<\/div>\n\t\t\t\t\t\t<\/div>\n\t\t\t\t\t<\/div>\n\t\t<\/div>\n\t\t\t\t\t<\/div>\n\t\t<\/section>\n\t\t\t\t<section data-particle_enable=\"false\" data-particle-mobile-disabled=\"false\" class=\"elementor-section elementor-top-section elementor-element elementor-element-f209c20 elementor-section-boxed elementor-section-height-default elementor-section-height-default\" data-id=\"f209c20\" data-element_type=\"section\" data-e-type=\"section\">\n\t\t\t\t\t\t<div class=\"elementor-container elementor-column-gap-default\">\n\t\t\t\t\t<div class=\"elementor-column elementor-col-100 elementor-top-column elementor-element elementor-element-642fa0f\" data-id=\"642fa0f\" data-element_type=\"column\" data-e-type=\"column\">\n\t\t\t<div class=\"elementor-widget-wrap elementor-element-populated\">\n\t\t\t\t\t\t<div class=\"elementor-element elementor-element-e8404fe elementor-widget elementor-widget-heading\" data-id=\"e8404fe\" data-element_type=\"widget\" data-e-type=\"widget\" data-widget_type=\"heading.default\">\n\t\t\t\t\t<h3 class=\"elementor-heading-title elementor-size-default\">Mucho amor y reglas claras en familia <\/h3>\t\t\t\t<\/div>\n\t\t\t\t\t<\/div>\n\t\t<\/div>\n\t\t\t\t\t<\/div>\n\t\t<\/section>\n\t\t\t\t<section data-particle_enable=\"false\" data-particle-mobile-disabled=\"false\" class=\"elementor-section elementor-top-section elementor-element elementor-element-ee3348d elementor-section-boxed elementor-section-height-default elementor-section-height-default\" data-id=\"ee3348d\" data-element_type=\"section\" data-e-type=\"section\">\n\t\t\t\t\t\t<div class=\"elementor-container elementor-column-gap-default\">\n\t\t\t\t\t<div class=\"elementor-column elementor-col-100 elementor-top-column elementor-element elementor-element-a62e0c4\" data-id=\"a62e0c4\" data-element_type=\"column\" data-e-type=\"column\">\n\t\t\t<div class=\"elementor-widget-wrap elementor-element-populated\">\n\t\t\t\t\t\t<div class=\"elementor-element elementor-element-7c0d945 elementor-widget elementor-widget-text-editor\" data-id=\"7c0d945\" data-element_type=\"widget\" data-e-type=\"widget\" data-widget_type=\"text-editor.default\">\n\t\t\t\t\t\t\t\t\t<p>Marta mand\u00f3 a traer a su hijo, que se qued\u00f3 en Guatemala de 10 a\u00f1os. Al llegar ten\u00eda casi 15 a\u00f1os. Ella se cas\u00f3 y con su esposo procrearon otros dos varones y una ni\u00f1a, a quienes tiene estudiando.\u00a0\u00a0<span style=\"color: var( --e-global-color-text );\">A todos ellos les cuenta su historia y les aconseja: <i><b>&#8220;\u00a1Aprovechen a superarse, ustedes tienen oportunidades que muchos no tienen!\u00a1Ustedes pueden ser profesionales, no ttienen que trabajar en el sol sino en una oficina, en una carrera! A la vez, su oportunidad es una obligacio\u00b4n de sobresalir, se superarse y tambi\u00e9n de servir a los dem\u00e1s&#8221;.<\/b><\/i><\/span><\/p><p><span style=\"color: var( --e-global-color-text );\">Agrega una an\u00e9cdota familiar: &#8220;En casa tenemos mucha disciplina. MI hijo mediano nos cuenta: soy el \u00fanico de todos mis amigos de la escuela el que obedece lo que ustedes dicen. Voy a la iglesia con ustedes, mis amigos no van; les dejo mi tel\u00e9fono en la noche -es regla de la casa- mientras ellos pasan la noche us\u00e1ndolo y casi no duermen. No salgo sin permiso de ustedes y ellos van a todas partes y nadie les dice nada&#8221;.\u00a0<\/span><\/p><p><span style=\"color: var( --e-global-color-text );\">Los resultados est\u00e1n a la vista:\u00a0<\/span><span style=\"color: var( --e-global-color-text );\">sus calificaciones est\u00e1n hasta arriba, est\u00e1 en el cuadro de honor y ya le comienzan a decir que puede lograr una beca.<\/span><\/p><div>\u00a0<\/div>\t\t\t\t\t\t\t\t<\/div>\n\t\t\t\t\t<\/div>\n\t\t<\/div>\n\t\t\t\t\t<\/div>\n\t\t<\/section>\n\t\t\t\t<section data-particle_enable=\"false\" data-particle-mobile-disabled=\"false\" class=\"elementor-section elementor-top-section elementor-element elementor-element-adf0dd0 elementor-section-boxed elementor-section-height-default elementor-section-height-default\" data-id=\"adf0dd0\" data-element_type=\"section\" data-e-type=\"section\">\n\t\t\t\t\t\t<div class=\"elementor-container elementor-column-gap-default\">\n\t\t\t\t\t<div class=\"elementor-column elementor-col-100 elementor-top-column elementor-element elementor-element-239063b\" data-id=\"239063b\" data-element_type=\"column\" data-e-type=\"column\">\n\t\t\t<div class=\"elementor-widget-wrap elementor-element-populated\">\n\t\t\t\t\t\t<div class=\"elementor-element elementor-element-08034a7 elementor-widget elementor-widget-image\" data-id=\"08034a7\" data-element_type=\"widget\" data-e-type=\"widget\" data-widget_type=\"image.default\">\n\t\t\t\t\t\t\t\t\t\t\t\t<figure class=\"wp-caption\">\n\t\t\t\t\t\t\t\t\t\t<img decoding=\"async\" width=\"538\" height=\"443\" src=\"https:\/\/soymigrante.com\/revista\/wp-content\/uploads\/2024\/05\/49307669_10213175717252820_7193490756697325568_n.webp\" class=\"attachment-large size-large wp-image-6670\" alt=\"\u00c1rbol colorido y mural de Machu Picchu en el fondo con cuatro mujeres sonriendo y posando juntas.\" srcset=\"https:\/\/soymigrante.com\/revista\/wp-content\/uploads\/2024\/05\/49307669_10213175717252820_7193490756697325568_n.webp 538w, https:\/\/soymigrante.com\/revista\/wp-content\/uploads\/2024\/05\/49307669_10213175717252820_7193490756697325568_n-300x247.webp 300w\" sizes=\"(max-width: 538px) 100vw, 538px\" title=\"En el Centro La Paz de Chattanooga se imparten cursos de ingl\u00e9s, orientaci\u00f3n legal y capacitaci\u00f3n en emprendimiento a mujeres. Marta les ense\u00f1a c\u00f3mo elaborar bisuter\u00eda original, a promocionarla y distribuirla. A ella le ha ido bien con ese negocio y no tiene ning\u00fan ego\u00edsmo en compartir lo aprendido. &quot;Las mujeres hispanas nos tenemos que ayudar&quot;, dice. &quot;Yo s\u00e9 lo que es que nadie de ayude y el alivio cuando aparece un angelito que te auxilia en un momento dif\u00edcil&quot; expresa. El mural de atr\u00e1s, Marta ayud\u00f3 a dise\u00f1arlo y luego fue un mural colectivo. \u2013 SoyMigrante.com REVISTA\" \/>\t\t\t\t\t\t\t\t\t\t\t<figcaption class=\"widget-image-caption wp-caption-text\">Consejos para inmigrantes y cultura en la revista SoyMigrante.com, con \u00e9nfasis en integraci\u00f3n, derechos y experiencias migrantes.<\/figcaption>\n\t\t\t\t\t\t\t\t\t\t<\/figure>\n\t\t\t\t\t\t\t\t\t<\/div>\n\t\t\t\t\t<\/div>\n\t\t<\/div>\n\t\t\t\t\t<\/div>\n\t\t<\/section>\n\t\t\t\t<section data-particle_enable=\"false\" data-particle-mobile-disabled=\"false\" class=\"elementor-section elementor-top-section elementor-element elementor-element-4985df1 elementor-section-boxed elementor-section-height-default elementor-section-height-default\" data-id=\"4985df1\" data-element_type=\"section\" data-e-type=\"section\">\n\t\t\t\t\t\t<div class=\"elementor-container elementor-column-gap-default\">\n\t\t\t\t\t<div class=\"elementor-column elementor-col-100 elementor-top-column elementor-element elementor-element-fbc8dd2\" data-id=\"fbc8dd2\" data-element_type=\"column\" data-e-type=\"column\">\n\t\t\t<div class=\"elementor-widget-wrap elementor-element-populated\">\n\t\t\t\t\t\t<div class=\"elementor-element elementor-element-7be414f elementor-widget elementor-widget-heading\" data-id=\"7be414f\" data-element_type=\"widget\" data-e-type=\"widget\" data-widget_type=\"heading.default\">\n\t\t\t\t\t<h3 class=\"elementor-heading-title elementor-size-default\">Emprendedora, alumna, maestra, madre y amiga <\/h3>\t\t\t\t<\/div>\n\t\t\t\t\t<\/div>\n\t\t<\/div>\n\t\t\t\t\t<\/div>\n\t\t<\/section>\n\t\t\t\t<section data-particle_enable=\"false\" data-particle-mobile-disabled=\"false\" class=\"elementor-section elementor-top-section elementor-element elementor-element-7e84a45 elementor-section-boxed elementor-section-height-default elementor-section-height-default\" data-id=\"7e84a45\" data-element_type=\"section\" data-e-type=\"section\">\n\t\t\t\t\t\t<div class=\"elementor-container elementor-column-gap-default\">\n\t\t\t\t\t<div class=\"elementor-column elementor-col-100 elementor-top-column elementor-element elementor-element-d5bccb0\" data-id=\"d5bccb0\" data-element_type=\"column\" data-e-type=\"column\">\n\t\t\t<div class=\"elementor-widget-wrap elementor-element-populated\">\n\t\t\t\t\t\t<div class=\"elementor-element elementor-element-554eefe elementor-widget elementor-widget-text-editor\" data-id=\"554eefe\" data-element_type=\"widget\" data-e-type=\"widget\" data-widget_type=\"text-editor.default\">\n\t\t\t\t\t\t\t\t\t<p><span style=\"color: var( --e-global-color-text );\">Marta empez\u00f3 a asistir al centro<a href=\"https:\/\/www.lapazchattanooga.org\/es\"> La Paz, organizaci\u00f3n de ayuda, orientaci\u00f3n y capacitaci\u00f3n que apoya a migrantes hispanos de Chattanooga<\/a>, Tennessee y alrededores. Primero aprendi\u00f3 ingl\u00e9s, luego escuch\u00f3 conversaciones sobre emprendimiento, como apoyar la educaci\u00f3n de los hijos. Fue alumna y hoy es maestra.<\/span><\/p><p>&#8220;Hay un grupo en La Paz que se llama Entre Nosotras, en donde se conversa entre mujeres sobre experiencias, aprendizajes, conocimientos. Eso me ayud\u00f3 mucho a valorarme y a tener metas. A m\u00ed me gustaba hacer bisuter\u00eda. Empec\u00e9 a comprar piedrecitas, alambritos, pinzas y elabor\u00e9 aretes, cadenas, pulseras, que vend\u00eda en l\u00ednea. Los dise\u00f1o seg\u00fan mi imaginaci\u00f3n. Entonces ahora en La Paz doy cursos a m\u00e1s mujeres para que puedan generar un ingreso. Les ense\u00f1o lo que s\u00e9 y las motivo a cuidar, siempre en el grupo Entre Nosotras&#8221;-<\/p><p>En La Paz hay un mural que representa la cultura hispana y una pintura sobre Guatemala: el boceto original de ambos fue de Marta. Y ella particip\u00f3 en su realizaci\u00f3n, que fue colectiva. &#8220;Entre madres nos comprendemos y nos podemos ayudar, nos podemos escuchar y nos podemos compartir las experiencias&#8221;, dice.<\/p>\t\t\t\t\t\t\t\t<\/div>\n\t\t\t\t\t<\/div>\n\t\t<\/div>\n\t\t\t\t\t<\/div>\n\t\t<\/section>\n\t\t\t\t<section data-particle_enable=\"false\" data-particle-mobile-disabled=\"false\" class=\"elementor-section elementor-top-section elementor-element elementor-element-9302f86 elementor-section-boxed elementor-section-height-default elementor-section-height-default\" data-id=\"9302f86\" data-element_type=\"section\" data-e-type=\"section\">\n\t\t\t\t\t\t<div class=\"elementor-container elementor-column-gap-default\">\n\t\t\t\t\t<div class=\"elementor-column elementor-col-100 elementor-top-column elementor-element elementor-element-5489a2e\" data-id=\"5489a2e\" data-element_type=\"column\" data-e-type=\"column\">\n\t\t\t<div class=\"elementor-widget-wrap elementor-element-populated\">\n\t\t\t\t\t\t<div class=\"elementor-element elementor-element-11f4f58 elementor-widget elementor-widget-image\" data-id=\"11f4f58\" data-element_type=\"widget\" data-e-type=\"widget\" data-widget_type=\"image.default\">\n\t\t\t\t\t\t\t\t\t\t\t\t<figure class=\"wp-caption\">\n\t\t\t\t\t\t\t\t\t\t<img loading=\"lazy\" decoding=\"async\" width=\"720\" height=\"705\" src=\"https:\/\/soymigrante.com\/revista\/wp-content\/uploads\/2024\/05\/69889057_1822208161259259_5678675161700630528_n.webp\" class=\"attachment-large size-large wp-image-6674\" alt=\"Manualidades para migrantes en comunidad.\" srcset=\"https:\/\/soymigrante.com\/revista\/wp-content\/uploads\/2024\/05\/69889057_1822208161259259_5678675161700630528_n.webp 720w, https:\/\/soymigrante.com\/revista\/wp-content\/uploads\/2024\/05\/69889057_1822208161259259_5678675161700630528_n-300x294.webp 300w\" sizes=\"(max-width: 720px) 100vw, 720px\" title=\"&quot;Entre nosotras&quot; es un espacio de di\u00e1logo y capacitaci\u00f3n en el Centro La Paz de Chattanooga, Tennessee, en el cual Marta Ord\u00f3\u00f1ez capacita a mujeres hispanas en la elaboraci\u00f3n de artesan\u00edas. \u2013 SoyMigrante.com REVISTA\" \/>\t\t\t\t\t\t\t\t\t\t\t<figcaption class=\"widget-image-caption wp-caption-text\">Grupo de mujeres creando arreglos decorativos en una reuni\u00f3n comunitaria.<\/figcaption>\n\t\t\t\t\t\t\t\t\t\t<\/figure>\n\t\t\t\t\t\t\t\t\t<\/div>\n\t\t\t\t\t<\/div>\n\t\t<\/div>\n\t\t\t\t\t<\/div>\n\t\t<\/section>\n\t\t\t\t<section data-particle_enable=\"false\" data-particle-mobile-disabled=\"false\" class=\"elementor-section elementor-top-section elementor-element elementor-element-b17caa7 elementor-section-boxed elementor-section-height-default elementor-section-height-default\" data-id=\"b17caa7\" data-element_type=\"section\" data-e-type=\"section\">\n\t\t\t\t\t\t<div class=\"elementor-container elementor-column-gap-default\">\n\t\t\t\t\t<div class=\"elementor-column elementor-col-100 elementor-top-column elementor-element elementor-element-26fcb29\" data-id=\"26fcb29\" data-element_type=\"column\" data-e-type=\"column\">\n\t\t\t<div class=\"elementor-widget-wrap elementor-element-populated\">\n\t\t\t\t\t\t<div class=\"elementor-element elementor-element-17904ef elementor-widget elementor-widget-heading\" data-id=\"17904ef\" data-element_type=\"widget\" data-e-type=\"widget\" data-widget_type=\"heading.default\">\n\t\t\t\t\t<h3 class=\"elementor-heading-title elementor-size-default\">Ultima pregunta, Marta. Es una situaci\u00f3n imaginaria. Si pudiera viajar en el tiempo y llegar hasta aquella peque\u00f1a ni\u00f1a Marta que se qued\u00f3 sin su mam\u00e1, al cuidado de sus hermanas peque\u00f1as ante tanta dificultad... \u00bfqu\u00e9 le dir\u00eda? \u00bfqu\u00e9 se aconsejar\u00eda a usted?\n<\/h3>\t\t\t\t<\/div>\n\t\t\t\t\t<\/div>\n\t\t<\/div>\n\t\t\t\t\t<\/div>\n\t\t<\/section>\n\t\t\t\t<section data-particle_enable=\"false\" data-particle-mobile-disabled=\"false\" class=\"elementor-section elementor-top-section elementor-element elementor-element-092de9d elementor-section-boxed elementor-section-height-default elementor-section-height-default\" data-id=\"092de9d\" data-element_type=\"section\" data-e-type=\"section\">\n\t\t\t\t\t\t<div class=\"elementor-container elementor-column-gap-default\">\n\t\t\t\t\t<div class=\"elementor-column elementor-col-100 elementor-top-column elementor-element elementor-element-7c1c632\" data-id=\"7c1c632\" data-element_type=\"column\" data-e-type=\"column\">\n\t\t\t<div class=\"elementor-widget-wrap elementor-element-populated\">\n\t\t\t\t\t\t<div class=\"elementor-element elementor-element-1c62290 elementor-invisible elementor-widget elementor-widget-testimonial\" data-id=\"1c62290\" data-element_type=\"widget\" data-e-type=\"widget\" data-settings=\"{&quot;_animation&quot;:&quot;fadeInRight&quot;}\" data-widget_type=\"testimonial.default\">\n\t\t\t\t\t\t\t<div class=\"elementor-testimonial-wrapper\">\n\t\t\t\t\t\t\t<div class=\"elementor-testimonial-content\">\"Le dir\u00eda: no tengas miedo de lo que la vida te va a poner en el camino. Que agarre fuerza y que sea decidida para salir adelante, que Dios le ayudar\u00e1 a trav\u00e9s de gente buena\".\n<\/div>\n\t\t\t\n\t\t\t\t\t\t<div class=\"elementor-testimonial-meta elementor-has-image elementor-testimonial-image-position-top\">\n\t\t\t\t<div class=\"elementor-testimonial-meta-inner\">\n\t\t\t\t\t\t\t\t\t\t\t<div class=\"elementor-testimonial-image\">\n\t\t\t\t\t\t\t<img loading=\"lazy\" decoding=\"async\" width=\"384\" height=\"333\" src=\"https:\/\/soymigrante.com\/revista\/wp-content\/uploads\/2024\/05\/Captura-de-pantalla-2024-05-27-160913.webp\" class=\"attachment-large size-large wp-image-6671\" alt=\"Imagen de una mujer migrante en un evento cultural con fondo colorido que refleja diversidad y comunidad en la revista SoyMigrante.com Revista.\" title=\"Marta Ord\u00f3\u00f1ez, migrante guatemalteca radicada en Chattanooga Tennessee \u2013 SoyMigrante.com REVISTA\" srcset=\"https:\/\/soymigrante.com\/revista\/wp-content\/uploads\/2024\/05\/Captura-de-pantalla-2024-05-27-160913.webp 384w, https:\/\/soymigrante.com\/revista\/wp-content\/uploads\/2024\/05\/Captura-de-pantalla-2024-05-27-160913-300x260.webp 300w\" sizes=\"(max-width: 384px) 100vw, 384px\" \/>\t\t\t\t\t\t<\/div>\n\t\t\t\t\t\n\t\t\t\t\t\t\t\t\t\t<div class=\"elementor-testimonial-details\">\n\t\t\t\t\t\t\t\t\t\t\t\t\t\t<div class=\"elementor-testimonial-name\">Marta Ord\u00f3nez<\/div>\n\t\t\t\t\t\t\t\t\t\t\t\t\t\t\t\t\t\t\t\t\t\t<div class=\"elementor-testimonial-job\">Migrante guatemalteca, emprendedora, instructora, madre<\/div>\n\t\t\t\t\t\t\t\t\t\t\t\t\t<\/div>\n\t\t\t\t\t\t\t\t\t<\/div>\n\t\t\t<\/div>\n\t\t\t\t\t<\/div>\n\t\t\t\t\t\t<\/div>\n\t\t\t\t\t<\/div>\n\t\t<\/div>\n\t\t\t\t\t<\/div>\n\t\t<\/section>\n\t\t\t\t<section data-particle_enable=\"false\" data-particle-mobile-disabled=\"false\" class=\"elementor-section elementor-top-section elementor-element elementor-element-20c0b4c elementor-section-boxed elementor-section-height-default elementor-section-height-default\" data-id=\"20c0b4c\" data-element_type=\"section\" data-e-type=\"section\">\n\t\t\t\t\t\t<div class=\"elementor-container elementor-column-gap-default\">\n\t\t\t\t\t<div class=\"elementor-column elementor-col-100 elementor-top-column elementor-element elementor-element-9c5e173\" data-id=\"9c5e173\" data-element_type=\"column\" data-e-type=\"column\">\n\t\t\t<div class=\"elementor-widget-wrap elementor-element-populated\">\n\t\t\t\t\t\t<div class=\"elementor-element elementor-element-c011b61 elementor-widget elementor-widget-text-editor\" data-id=\"c011b61\" data-element_type=\"widget\" data-e-type=\"widget\" data-widget_type=\"text-editor.default\">\n\t\t\t\t\t\t\t\t\t<p>Y ese mensaje hipot\u00e9tico es lo m\u00e1s importante y concreto de esta conversaci\u00f3n, desarrollada en el sal\u00f3n principal del <a href=\"https:\/\/www.lapazchattanooga.org\/es\">Centro La Paz, en Chattanooga, Tennessee.<\/a><\/p>\t\t\t\t\t\t\t\t<\/div>\n\t\t\t\t\t<\/div>\n\t\t<\/div>\n\t\t\t\t\t<\/div>\n\t\t<\/section>\n\t\t\t\t<section data-particle_enable=\"false\" data-particle-mobile-disabled=\"false\" class=\"elementor-section elementor-top-section elementor-element elementor-element-4dc5467 elementor-section-boxed elementor-section-height-default elementor-section-height-default\" data-id=\"4dc5467\" data-element_type=\"section\" data-e-type=\"section\">\n\t\t\t\t\t\t<div class=\"elementor-container elementor-column-gap-default\">\n\t\t\t\t\t<div class=\"elementor-column elementor-col-100 elementor-top-column elementor-element elementor-element-b0dc917\" data-id=\"b0dc917\" data-element_type=\"column\" data-e-type=\"column\">\n\t\t\t<div class=\"elementor-widget-wrap elementor-element-populated\">\n\t\t\t\t\t\t<div class=\"elementor-element elementor-element-735fb47 elementor-widget elementor-widget-heading\" data-id=\"735fb47\" data-element_type=\"widget\" data-e-type=\"widget\" data-widget_type=\"heading.default\">\n\t\t\t\t\t<h2 class=\"elementor-heading-title elementor-size-default\">Quiz\u00e1 tambi\u00e9n te gustar\u00eda leer... <\/h2>\t\t\t\t<\/div>\n\t\t\t\t\t<\/div>\n\t\t<\/div>\n\t\t\t\t\t<\/div>\n\t\t<\/section>\n\t\t\t\t<section data-particle_enable=\"false\" data-particle-mobile-disabled=\"false\" class=\"elementor-section elementor-top-section elementor-element elementor-element-7069a8f elementor-section-boxed elementor-section-height-default elementor-section-height-default\" data-id=\"7069a8f\" data-element_type=\"section\" data-e-type=\"section\">\n\t\t\t\t\t\t<div class=\"elementor-container elementor-column-gap-default\">\n\t\t\t\t\t<div class=\"elementor-column elementor-col-100 elementor-top-column elementor-element elementor-element-f1e32bf\" data-id=\"f1e32bf\" data-element_type=\"column\" data-e-type=\"column\">\n\t\t\t<div class=\"elementor-widget-wrap elementor-element-populated\">\n\t\t\t\t\t\t<div class=\"elementor-element elementor-element-067da56 elementor-grid-eael-col-1 elementor-grid-tablet-eael-col-2 elementor-grid-mobile-eael-col-1 elementor-widget elementor-widget-eael-post-grid\" data-id=\"067da56\" data-element_type=\"widget\" data-e-type=\"widget\" data-settings=\"{&quot;eael_post_grid_columns&quot;:&quot;eael-col-1&quot;,&quot;eael_post_grid_columns_tablet&quot;:&quot;eael-col-2&quot;,&quot;eael_post_grid_columns_mobile&quot;:&quot;eael-col-1&quot;}\" data-widget_type=\"eael-post-grid.default\">\n\t\t\t\t\t<div id=\"eael-post-grid-067da56\" class=\"eael-post-grid-container\">\n            <div class=\"eael-post-grid eael-post-appender eael-post-appender-067da56 eael-post-grid-style-one\" data-layout-mode=\"masonry\"><article class=\"eael-grid-post  eael-post-grid-column eael-pg-post-6290 category-estamos-unidos\" data-id=\"6290\">\n        <div class=\"eael-grid-post-holder\">\n            <div class=\"eael-grid-post-holder-inner\"><div class=\"eael-entry-media\"><div class=\"eael-entry-overlay fade-in\"><i class=\"fas fa-long-arrow-alt-right\" aria-hidden=\"true\"><\/i><a href=\"https:\/\/soymigrante.com\/revista\/migrantes-guatemaltecos-chattanooga-tennessee-cronica-suenos\/\"><\/a><\/div><div class=\"eael-entry-thumbnail \">\n                <img loading=\"lazy\" decoding=\"async\" width=\"1021\" height=\"806\" src=\"https:\/\/soymigrante.com\/revista\/wp-content\/uploads\/2024\/05\/Captura-de-pantalla-2024-05-08-134807-2.webp\" class=\"attachment-large size-large wp-image-6325\" alt=\"Estudiante migrante en aula de biblioteca, participando en actividades educativas con compa\u00f1eras para promover la integraci\u00f3n y el aprendizaje en un entorno escolar inclusivo.\" srcset=\"https:\/\/soymigrante.com\/revista\/wp-content\/uploads\/2024\/05\/Captura-de-pantalla-2024-05-08-134807-2.webp 1021w, https:\/\/soymigrante.com\/revista\/wp-content\/uploads\/2024\/05\/Captura-de-pantalla-2024-05-08-134807-2-300x237.webp 300w, https:\/\/soymigrante.com\/revista\/wp-content\/uploads\/2024\/05\/Captura-de-pantalla-2024-05-08-134807-2-768x606.webp 768w, https:\/\/soymigrante.com\/revista\/wp-content\/uploads\/2024\/05\/Captura-de-pantalla-2024-05-08-134807-2-750x592.webp 750w\" sizes=\"(max-width: 1021px) 100vw, 1021px\" \/>\n            <\/div>\n        <\/div><div class=\"eael-entry-wrapper\"><header class=\"eael-entry-header\"><h2 class=\"eael-entry-title\"><a class=\"eael-grid-post-link\" href=\"https:\/\/soymigrante.com\/revista\/migrantes-guatemaltecos-chattanooga-tennessee-cronica-suenos\/\" title=\"Una Guatemala migrante vive, sue\u00f1a y florece en Chattanooga, Tennessee\">Una Guatemala migrante vive, sue\u00f1a y florece en Chattanooga, Tennessee<\/a><\/h2><\/header><div class=\"eael-entry-content\">\n                        <div class=\"eael-grid-post-excerpt\"><p>En Chattanooga, Tennessee abundan los bosques y monta\u00f1as. Se asemeja...<\/p><a href=\"https:\/\/soymigrante.com\/revista\/migrantes-guatemaltecos-chattanooga-tennessee-cronica-suenos\/\" class=\"eael-post-elements-readmore-btn\">Leer m\u00e1s<\/a><\/div>\n                    <\/div><\/div><\/div>\n        <\/div>\n    <\/article><\/div>\n            <div class=\"clearfix\"><\/div>\n        <\/div>\t\t\t\t<\/div>\n\t\t\t\t\t<\/div>\n\t\t<\/div>\n\t\t\t\t\t<\/div>\n\t\t<\/section>\n\t\t\t\t<\/div>\n\t\t","protected":false},"excerpt":{"rendered":"<p>Marta Ord\u00f3\u00f1ez qued\u00f3 hu\u00e9rfana de mam\u00e1 a los 9 a\u00f1os y tuvo que ayudar a sus hermanas menores en Cuilco, Huehuetenango. Hoy vive en Chattanooga, Tennessee y brinda los consejos que aprendi\u00f3 a trav\u00e9s del tiempo. Esta entrevista se hizo presencialmente en el Centro La Paz durante la visita de SoyMigrante.com a la comunidad guatemalteca [&hellip;]<\/p>\n","protected":false},"author":7,"featured_media":6667,"comment_status":"open","ping_status":"open","sticky":false,"template":"","format":"standard","meta":{"_acf_changed":false,"_eb_attr":"","footnotes":""},"categories":[50],"tags":[],"class_list":["post-6663","post","type-post","status-publish","format-standard","has-post-thumbnail","hentry","category-exitos"],"acf":[],"aioseo_notices":[],"aioseo_head":"\n\t\t<!-- All in One SEO Pro 4.9.6.2 - aioseo.com -->\n\t<meta name=\"description\" content=\"Una Guatemala migrante vive, sue\u00f1a y florece en Chattanooga, Tennessee\" \/>\n\t<meta name=\"robots\" content=\"max-snippet:-1, max-image-preview:large, max-video-preview:-1\" \/>\n\t<meta name=\"author\" content=\"Gustavo Montenegro\"\/>\n\t<link rel=\"canonical\" href=\"https:\/\/soymigrante.com\/revista\/migrantes-guatemaltecos-chattanooga-tennessee-cronica-suenos\/\" \/>\n\t<meta name=\"generator\" content=\"All in One SEO Pro (AIOSEO) 4.9.6.2\" \/>\n\n\t\t<link rel=\"preconnect\" href=\"https:\/\/fonts.googleapis.com\" crossorigin>\n<link rel=\"preconnect\" href=\"https:\/\/fonts.gstatic.com\" crossorigin>\n\t\t<meta property=\"og:locale\" content=\"es_ES\" \/>\n\t\t<meta property=\"og:site_name\" content=\"SoyMigrante.com REVISTA \u2013 Nuestra misi\u00f3n es reconocer y dignificar al migrante.\" \/>\n\t\t<meta property=\"og:type\" content=\"article\" \/>\n\t\t<meta property=\"og:title\" content=\"Una Guatemala migrante vive, sue\u00f1a y florece en Chattanooga, Tennessee\" \/>\n\t\t<meta property=\"og:description\" content=\"Una Guatemala migrante vive, sue\u00f1a y florece en Chattanooga, Tennessee\" \/>\n\t\t<meta property=\"og:url\" content=\"https:\/\/soymigrante.com\/revista\/migrantes-guatemaltecos-chattanooga-tennessee-cronica-suenos\/\" \/>\n\t\t<meta property=\"og:image\" content=\"https:\/\/soymigrante.com\/revista\/wp-content\/uploads\/2024\/05\/Captura-de-pantalla-2024-05-08-134807-2.webp\" \/>\n\t\t<meta property=\"og:image:secure_url\" content=\"https:\/\/soymigrante.com\/revista\/wp-content\/uploads\/2024\/05\/Captura-de-pantalla-2024-05-08-134807-2.webp\" \/>\n\t\t<meta property=\"og:image:width\" content=\"1021\" \/>\n\t\t<meta property=\"og:image:height\" content=\"806\" \/>\n\t\t<meta property=\"article:published_time\" content=\"2024-05-10T21:46:43+00:00\" \/>\n\t\t<meta property=\"article:modified_time\" content=\"2024-07-28T01:01:15+00:00\" \/>\n\t\t<meta property=\"article:publisher\" content=\"https:\/\/www.facebook.com\/soymigrantecom\" \/>\n\t\t<meta name=\"twitter:card\" content=\"summary_large_image\" \/>\n\t\t<meta name=\"twitter:site\" content=\"@SoyMigrante_com\" \/>\n\t\t<meta name=\"twitter:title\" content=\"Una Guatemala migrante vive, sue\u00f1a y florece en Chattanooga, Tennessee\" \/>\n\t\t<meta name=\"twitter:description\" content=\"Una Guatemala migrante vive, sue\u00f1a y florece en Chattanooga, Tennessee\" \/>\n\t\t<meta name=\"twitter:creator\" content=\"@SoyMigrante_com\" \/>\n\t\t<meta name=\"twitter:image\" content=\"https:\/\/soymigrante.com\/revista\/wp-content\/uploads\/2024\/05\/Captura-de-pantalla-2024-05-08-134807-2.webp\" \/>\n\t\t<!-- All in One SEO Pro -->\r\n\t\t<title>Una Guatemala migrante vive, sue\u00f1a y florece en Chattanooga, Tennessee<\/title>\n\n","aioseo_head_json":{"title":"Una Guatemala migrante vive, sue\u00f1a y florece en Chattanooga, Tennessee","description":"Una Guatemala migrante vive, sue\u00f1a y florece en Chattanooga, Tennessee","canonical_url":"https:\/\/soymigrante.com\/revista\/migrantes-guatemaltecos-chattanooga-tennessee-cronica-suenos\/","robots":"max-snippet:-1, max-image-preview:large, max-video-preview:-1","keywords":"","webmasterTools":{"miscellaneous":"&lt;link rel=\"preconnect\" href=\"https:\/\/fonts.googleapis.com\" crossorigin&gt;\n&lt;link rel=\"preconnect\" href=\"https:\/\/fonts.gstatic.com\" crossorigin&gt;"},"schema":null,"og:locale":"es_ES","og:site_name":"SoyMigrante.com REVISTA \u2013 Nuestra misi\u00f3n es reconocer y dignificar al migrante.","og:type":"article","og:title":"Una Guatemala migrante vive, sue\u00f1a y florece en Chattanooga, Tennessee","og:description":"Una Guatemala migrante vive, sue\u00f1a y florece en Chattanooga, Tennessee","og:url":"https:\/\/soymigrante.com\/revista\/migrantes-guatemaltecos-chattanooga-tennessee-cronica-suenos\/","og:image":"https:\/\/soymigrante.com\/revista\/wp-content\/uploads\/2024\/05\/Captura-de-pantalla-2024-05-08-134807-2.webp","og:image:secure_url":"https:\/\/soymigrante.com\/revista\/wp-content\/uploads\/2024\/05\/Captura-de-pantalla-2024-05-08-134807-2.webp","og:image:width":1021,"og:image:height":806,"article:published_time":"2024-05-10T21:46:43+00:00","article:modified_time":"2024-07-28T01:01:15+00:00","article:publisher":"https:\/\/www.facebook.com\/soymigrantecom","twitter:card":"summary_large_image","twitter:site":"@SoyMigrante_com","twitter:title":"Una Guatemala migrante vive, sue\u00f1a y florece en Chattanooga, Tennessee","twitter:description":"Una Guatemala migrante vive, sue\u00f1a y florece en Chattanooga, Tennessee","twitter:creator":"@SoyMigrante_com","twitter:image":"https:\/\/soymigrante.com\/revista\/wp-content\/uploads\/2024\/05\/Captura-de-pantalla-2024-05-08-134807-2.webp"},"aioseo_meta_data":{"post_id":"6663","title":null,"description":"A los 9 a\u00f1os muri\u00f3 su mam\u00e1. Qued\u00f3 a cargo de 2 hermanas peque\u00f1as en Cuilco, Huehuetenango. La situaci\u00f3n fue dif\u00edcil y no menos dif\u00edcil fue su comienzo en EE.UU.","keywords":null,"keyphrases":{"focus":{"keyphrase":" Migrante","score":60,"analysis":{"keyphraseInTitle":{"score":9,"maxScore":9,"error":0},"keyphraseInDescription":{"score":3,"maxScore":9,"error":1},"keyphraseLength":{"score":9,"maxScore":9,"error":0,"length":1},"keyphraseInURL":{"score":5,"maxScore":5,"error":0},"keyphraseInIntroduction":{"score":3,"maxScore":9,"error":1},"keyphraseInSubHeadings":{"score":3,"maxScore":9,"error":1},"keyphraseInImageAlt":{"score":9,"maxScore":9,"error":0},"keywordDensity":{"score":0,"type":"low","maxScore":9,"error":1}}},"additional":[]},"primary_term":null,"canonical_url":null,"og_title":null,"og_description":null,"og_object_type":"default","og_image_type":"default","og_image_url":null,"og_image_width":null,"og_image_height":null,"og_image_custom_url":null,"og_image_custom_fields":null,"og_video":"","og_custom_url":null,"og_article_section":null,"og_article_tags":null,"twitter_use_og":false,"twitter_card":"default","twitter_image_type":"default","twitter_image_url":null,"twitter_image_custom_url":null,"twitter_image_custom_fields":null,"twitter_title":null,"twitter_description":null,"schema":{"blockGraphs":[],"customGraphs":[],"default":{"data":{"Article":[],"Course":[],"Dataset":[],"FAQPage":[],"Movie":[],"Person":[],"Product":[],"ProductReview":[],"Car":[],"Recipe":[],"Service":[],"SoftwareApplication":[],"WebPage":[]},"graphName":"Article","isEnabled":true},"graphs":[]},"schema_type":"default","schema_type_options":null,"pillar_content":false,"robots_default":true,"robots_noindex":false,"robots_noarchive":false,"robots_nosnippet":false,"robots_nofollow":false,"robots_noimageindex":false,"robots_noodp":false,"robots_notranslate":false,"robots_max_snippet":"-1","robots_max_videopreview":"-1","robots_max_imagepreview":"large","priority":null,"frequency":"default","local_seo":null,"seo_analyzer_scan_date":"2025-10-08 21:57:19","breadcrumb_settings":null,"limit_modified_date":false,"reviewed_by":null,"open_ai":"{\"title\":{\"suggestions\":[],\"usage\":0},\"description\":{\"suggestions\":[],\"usage\":0}}","ai":null,"created":"2024-05-27 18:52:25","updated":"2026-02-04 11:55:01"},"aioseo_breadcrumb":"<div class=\"aioseo-breadcrumbs\"><span class=\"aioseo-breadcrumb\">\n\t<a href=\"https:\/\/soymigrante.com\/revista\" title=\"Home\">Home<\/a>\n<\/span><span class=\"aioseo-breadcrumb-separator\">\u00bb<\/span><span class=\"aioseo-breadcrumb\">\n\t<a href=\"https:\/\/soymigrante.com\/revista\/category\/exitos\/\" title=\"\u00c9xitos\">\u00c9xitos<\/a>\n<\/span><span class=\"aioseo-breadcrumb-separator\">\u00bb<\/span><span class=\"aioseo-breadcrumb\">\n\tLa migrante Marta Ordo\u00f1ez viaja en el tiempo para dar un consejo\n<\/span><\/div>","aioseo_breadcrumb_json":[{"label":"Home","link":"https:\/\/soymigrante.com\/revista"},{"label":"\u00c9xitos","link":"https:\/\/soymigrante.com\/revista\/category\/exitos\/"},{"label":"La migrante Marta Ordo\u00f1ez viaja en el tiempo para dar un consejo","link":"https:\/\/soymigrante.com\/revista\/la-migrante-marta-ordonez-viaja-en-el-tiempo-para-dar-un-consejo\/"}],"_links":{"self":[{"href":"https:\/\/soymigrante.com\/revista\/wp-json\/wp\/v2\/posts\/6663","targetHints":{"allow":["GET"]}}],"collection":[{"href":"https:\/\/soymigrante.com\/revista\/wp-json\/wp\/v2\/posts"}],"about":[{"href":"https:\/\/soymigrante.com\/revista\/wp-json\/wp\/v2\/types\/post"}],"author":[{"embeddable":true,"href":"https:\/\/soymigrante.com\/revista\/wp-json\/wp\/v2\/users\/7"}],"replies":[{"embeddable":true,"href":"https:\/\/soymigrante.com\/revista\/wp-json\/wp\/v2\/comments?post=6663"}],"version-history":[{"count":0,"href":"https:\/\/soymigrante.com\/revista\/wp-json\/wp\/v2\/posts\/6663\/revisions"}],"wp:featuredmedia":[{"embeddable":true,"href":"https:\/\/soymigrante.com\/revista\/wp-json\/wp\/v2\/media\/6667"}],"wp:attachment":[{"href":"https:\/\/soymigrante.com\/revista\/wp-json\/wp\/v2\/media?parent=6663"}],"wp:term":[{"taxonomy":"category","embeddable":true,"href":"https:\/\/soymigrante.com\/revista\/wp-json\/wp\/v2\/categories?post=6663"},{"taxonomy":"post_tag","embeddable":true,"href":"https:\/\/soymigrante.com\/revista\/wp-json\/wp\/v2\/tags?post=6663"}],"curies":[{"name":"wp","href":"https:\/\/api.w.org\/{rel}","templated":true}]}}