{"id":6653,"date":"2024-05-27T00:51:33","date_gmt":"2024-05-27T06:51:33","guid":{"rendered":"https:\/\/soymigrante.com\/revista\/?p=6653"},"modified":"2024-11-01T11:54:02","modified_gmt":"2024-11-01T17:54:02","slug":"editorial-un-gran-sueno-guatemalteco-sin-fronteras","status":"publish","type":"post","link":"https:\/\/soymigrante.com\/revista\/editorial-un-gran-sueno-guatemalteco-sin-fronteras\/","title":{"rendered":"EDITORIAL: Un gran sue\u00f1o guatemalteco sin fronteras"},"content":{"rendered":"\t\t<div data-elementor-type=\"wp-post\" data-elementor-id=\"6653\" class=\"elementor elementor-6653\" data-elementor-post-type=\"post\">\n\t\t\t\t\t\t<section data-particle_enable=\"false\" data-particle-mobile-disabled=\"false\" class=\"elementor-section elementor-top-section elementor-element elementor-element-36c44f7 elementor-section-boxed elementor-section-height-default elementor-section-height-default\" data-id=\"36c44f7\" data-element_type=\"section\" data-e-type=\"section\">\n\t\t\t\t\t\t<div class=\"elementor-container elementor-column-gap-default\">\n\t\t\t\t\t<div class=\"elementor-column elementor-col-100 elementor-top-column elementor-element elementor-element-b0f55c4\" data-id=\"b0f55c4\" data-element_type=\"column\" data-e-type=\"column\">\n\t\t\t<div class=\"elementor-widget-wrap elementor-element-populated\">\n\t\t\t\t\t\t<div class=\"elementor-element elementor-element-995d8b9 elementor-widget elementor-widget-heading\" data-id=\"995d8b9\" data-element_type=\"widget\" data-e-type=\"widget\" data-widget_type=\"heading.default\">\n\t\t\t\t\t<h2 class=\"elementor-heading-title elementor-size-default\">Este 27 de mayo se cumple el primer a\u00f1o de vuelo de SoyMigrante.com, proyecto dedicado a dignificar los esfuerzos, logros y sue\u00f1os de los guatemaltecos migrantes en EE.UU.<\/h2>\t\t\t\t<\/div>\n\t\t\t\t\t<\/div>\n\t\t<\/div>\n\t\t\t\t\t<\/div>\n\t\t<\/section>\n\t\t\t\t<section data-particle_enable=\"false\" data-particle-mobile-disabled=\"false\" class=\"elementor-section elementor-top-section elementor-element elementor-element-a135b6e elementor-section-boxed elementor-section-height-default elementor-section-height-default\" data-id=\"a135b6e\" data-element_type=\"section\" data-e-type=\"section\">\n\t\t\t\t\t\t<div class=\"elementor-container elementor-column-gap-default\">\n\t\t\t\t\t<div class=\"elementor-column elementor-col-100 elementor-top-column elementor-element elementor-element-7235233\" data-id=\"7235233\" data-element_type=\"column\" data-e-type=\"column\">\n\t\t\t<div class=\"elementor-widget-wrap elementor-element-populated\">\n\t\t\t\t\t\t<div class=\"elementor-element elementor-element-fb16fab elementor-widget elementor-widget-text-editor\" data-id=\"fb16fab\" data-element_type=\"widget\" data-e-type=\"widget\" data-widget_type=\"text-editor.default\">\n\t\t\t\t\t\t\t\t\t<p>La grandeza del migrante guatemalteco est\u00e1 a menudo en ese momento personal que a veces nadie atestigua: la angustia de no tener suficiente para pagar la renta de la habitaci\u00f3n o de no contar con qui\u00e9n le de un &#8220;ride&#8221; ma\u00f1ana para ir al trabajo, el joven que no sabe si podr\u00e1 continuar la universidad o la madre que acaba de emprender un nuevo negocio aplicando quiz\u00e1 lo que aprendi\u00f3 en Guatemala.&nbsp;&nbsp;<\/p><p><span style=\"color: var( --e-global-color-text );\">Est\u00e1 en ese momento de cansancio en el viaje entre un empleo y otro -porque para salir adelante en Estados Unidos, tienes que tener dos trabajos si no es que tres.&nbsp;<\/span><span style=\"color: var( --e-global-color-text );\">No lo decimos nosotros, lo hemos escuchado en los relatos que compartimos aqu\u00ed en SoyMigrante.com.&nbsp;<\/span><\/p><p><span style=\"color: var( --e-global-color-text );\">Lanzamos este proyecto en 2023 y este primer a\u00f1o ha sido&nbsp; maraviloso gracias a las inconrtables lecciones de trabajo, perseverancia, fortaleza, generosidad, esperanza, emprendimiento y tantas otras virtudes tan Guatemaltecas. Hay tanto m\u00e1s por contar y as\u00ed seguiremos.<\/span><\/p>\n<p>Emprendimos el vuelo en Momostenango, Totonicap\u00e1n y en este mayo estuvimos en Chattanooga, Tennessee,&nbsp;<span style=\"color: var( --e-global-color-text );\">&nbsp;donde vive una vibrante y laboriosa comunidad guatemalteca, llena de prometedores talentos y a la vez de una incre\u00edble conexi\u00f3n de hermandad con el pa\u00eds. Quer\u00edamos ser puente, conexi\u00f3n, punto de encuentro y seguimos aspirando a lograrlo en cada d\u00eda.<\/span><\/p>\n<div>&nbsp;<\/div>\t\t\t\t\t\t\t\t<\/div>\n\t\t\t\t\t<\/div>\n\t\t<\/div>\n\t\t\t\t\t<\/div>\n\t\t<\/section>\n\t\t\t\t<section data-particle_enable=\"false\" data-particle-mobile-disabled=\"false\" class=\"elementor-section elementor-top-section elementor-element elementor-element-2a6cce8 elementor-section-boxed elementor-section-height-default elementor-section-height-default\" data-id=\"2a6cce8\" data-element_type=\"section\" data-e-type=\"section\">\n\t\t\t\t\t\t<div class=\"elementor-container elementor-column-gap-default\">\n\t\t\t\t\t<div class=\"elementor-column elementor-col-100 elementor-top-column elementor-element elementor-element-84b6647\" data-id=\"84b6647\" data-element_type=\"column\" data-e-type=\"column\">\n\t\t\t<div class=\"elementor-widget-wrap elementor-element-populated\">\n\t\t\t\t\t\t<div class=\"elementor-element elementor-element-9ee2c0c elementor-widget elementor-widget-video\" data-id=\"9ee2c0c\" data-element_type=\"widget\" data-e-type=\"widget\" data-settings=\"{&quot;youtube_url&quot;:&quot;https:\\\/\\\/www.youtube.com\\\/watch?v=gTraHeHSKOo&quot;,&quot;video_type&quot;:&quot;youtube&quot;,&quot;controls&quot;:&quot;yes&quot;}\" data-widget_type=\"video.default\">\n\t\t\t\t\t\t\t<div class=\"elementor-wrapper elementor-open-inline\">\n\t\t\t<div class=\"elementor-video\"><\/div>\t\t<\/div>\n\t\t\t\t\t\t<\/div>\n\t\t\t\t\t<\/div>\n\t\t<\/div>\n\t\t\t\t\t<\/div>\n\t\t<\/section>\n\t\t\t\t<section data-particle_enable=\"false\" data-particle-mobile-disabled=\"false\" class=\"elementor-section elementor-top-section elementor-element elementor-element-41680f7 elementor-section-boxed elementor-section-height-default elementor-section-height-default\" data-id=\"41680f7\" data-element_type=\"section\" data-e-type=\"section\">\n\t\t\t\t\t\t<div class=\"elementor-container elementor-column-gap-default\">\n\t\t\t\t\t<div class=\"elementor-column elementor-col-100 elementor-top-column elementor-element elementor-element-ffd73bb\" data-id=\"ffd73bb\" data-element_type=\"column\" data-e-type=\"column\">\n\t\t\t<div class=\"elementor-widget-wrap elementor-element-populated\">\n\t\t\t\t\t\t<div class=\"elementor-element elementor-element-3b9f0c1 elementor-widget elementor-widget-heading\" data-id=\"3b9f0c1\" data-element_type=\"widget\" data-e-type=\"widget\" data-widget_type=\"heading.default\">\n\t\t\t\t\t<h3 class=\"elementor-heading-title elementor-size-default\">Quetzales vuelan alto pero nunca olvidan su origen<\/h3>\t\t\t\t<\/div>\n\t\t\t\t\t<\/div>\n\t\t<\/div>\n\t\t\t\t\t<\/div>\n\t\t<\/section>\n\t\t\t\t<section data-particle_enable=\"false\" data-particle-mobile-disabled=\"false\" class=\"elementor-section elementor-top-section elementor-element elementor-element-0bb5bd3 elementor-section-boxed elementor-section-height-default elementor-section-height-default\" data-id=\"0bb5bd3\" data-element_type=\"section\" data-e-type=\"section\">\n\t\t\t\t\t\t<div class=\"elementor-container elementor-column-gap-default\">\n\t\t\t\t\t<div class=\"elementor-column elementor-col-100 elementor-top-column elementor-element elementor-element-a8f7d81\" data-id=\"a8f7d81\" data-element_type=\"column\" data-e-type=\"column\">\n\t\t\t<div class=\"elementor-widget-wrap elementor-element-populated\">\n\t\t\t\t\t\t<div class=\"elementor-element elementor-element-db36414 elementor-widget elementor-widget-text-editor\" data-id=\"db36414\" data-element_type=\"widget\" data-e-type=\"widget\" data-widget_type=\"text-editor.default\">\n\t\t\t\t\t\t\t\t\t<p>Es el amor la fuerza que mueve al migrante a sobreponerse al fr\u00edo, al agotamiento, a la nostalgia extrema, para poder levantarse un d\u00eda m\u00e1s a atender su negocio. Es la responsabilidad de aportar recursos para sus seres queridos lo que le da aliento para colocar otro techo en una casa americana, a preparar entre flamas a diario decenas de platillos exquisitos de comida italiana, china, americana, francesa&#8230; (hechos por manos guatemaltecas).<\/p><p>Es enorme el aporte los migrantes guatemaltecos en Estados Unidos: a trav\u00e9s de su trabajo, sus impuestos, sus valores, su civismo, pero muchos de ellos a\u00fan viven en el miedo de ser separados de sus familias a causa de disputas pol\u00edticas que ponen como ficha de juego el tema migratorio.<\/p><p>De esas y tantas otras penurias nos hemos enterado por voz de padres, madres, hijos, hermanos guatemaltecos que, a pesar de todo, no se desaniman, no se dejan desalentar y vuelven a emprender el vuelo.<\/p><p>S\u00ed, millones de quetzales vuelan en suelo estadounidense y no nos referimos a la moneda nacional de Guatemala, sino a millones de GuateAlmas que tuvieron que dejar su tierra en busca de oportunidades denegadas por la pobreza, la violencia, el subdesarrollo e incluso la corrupci\u00f3n.<\/p><div>\u00a0<\/div>\t\t\t\t\t\t\t\t<\/div>\n\t\t\t\t\t<\/div>\n\t\t<\/div>\n\t\t\t\t\t<\/div>\n\t\t<\/section>\n\t\t\t\t<section data-particle_enable=\"false\" data-particle-mobile-disabled=\"false\" class=\"elementor-section elementor-top-section elementor-element elementor-element-f0ab35c elementor-section-boxed elementor-section-height-default elementor-section-height-default\" data-id=\"f0ab35c\" data-element_type=\"section\" data-e-type=\"section\">\n\t\t\t\t\t\t<div class=\"elementor-container elementor-column-gap-default\">\n\t\t\t\t\t<div class=\"elementor-column elementor-col-100 elementor-top-column elementor-element elementor-element-33a4421\" data-id=\"33a4421\" data-element_type=\"column\" data-e-type=\"column\">\n\t\t\t<div class=\"elementor-widget-wrap elementor-element-populated\">\n\t\t\t\t\t\t<div class=\"elementor-element elementor-element-4e22896 elementor-arrows-position-inside elementor-pagination-position-outside elementor-widget elementor-widget-image-carousel\" data-id=\"4e22896\" data-element_type=\"widget\" data-e-type=\"widget\" data-settings=\"{&quot;slides_to_show&quot;:&quot;1&quot;,&quot;navigation&quot;:&quot;both&quot;,&quot;autoplay&quot;:&quot;yes&quot;,&quot;pause_on_hover&quot;:&quot;yes&quot;,&quot;pause_on_interaction&quot;:&quot;yes&quot;,&quot;autoplay_speed&quot;:5000,&quot;infinite&quot;:&quot;yes&quot;,&quot;effect&quot;:&quot;slide&quot;,&quot;speed&quot;:500}\" data-widget_type=\"image-carousel.default\">\n\t\t\t\t\t\t\t<div class=\"elementor-image-carousel-wrapper swiper\" role=\"region\" aria-roledescription=\"carousel\" aria-label=\"Carrusel de im\u00e1genes\" dir=\"ltr\">\n\t\t\t<div class=\"elementor-image-carousel swiper-wrapper\" aria-live=\"off\">\n\t\t\t\t\t\t\t\t<div class=\"swiper-slide\" role=\"group\" aria-roledescription=\"slide\" aria-label=\"1 de 3\"><figure class=\"swiper-slide-inner\"><img decoding=\"async\" class=\"swiper-slide-image\" src=\"https:\/\/soymigrante.com\/revista\/wp-content\/uploads\/2024\/05\/Diapositiva1-1024x576.webp\" alt=\"Guatemaltecos migrantes celebrando en Estados Unidos y eventos culturales en la comunidad.\" \/><figcaption class=\"elementor-image-carousel-caption\">Reconocidos migrantes guatemaltecos en eventos culturales y de emprendimiento en Estados Unidos y Guatemala.<\/figcaption><\/figure><\/div><div class=\"swiper-slide\" role=\"group\" aria-roledescription=\"slide\" aria-label=\"2 de 3\"><figure class=\"swiper-slide-inner\"><img decoding=\"async\" class=\"swiper-slide-image\" src=\"https:\/\/soymigrante.com\/revista\/wp-content\/uploads\/2024\/05\/Diapositiva2-1024x576.webp\" alt=\"Guatemaltecos y migrantes en eventos culturales y sociales, mostrando \u00e9xito, integraci\u00f3n y orgullo en su comunidad y en el extranjero. Noticias, entrevistas y historias de inmigrantes en SoyMigrante.com REVISTA.\" \/><figcaption class=\"elementor-image-carousel-caption\">Cada historia compartida es inspiradora y \u00fanica: padres y madres, hermanos, hijos, nietos, abuelos, profesionales y obreros, j\u00f3venes y mayores. Este es solo el comienzo.<\/figcaption><\/figure><\/div><div class=\"swiper-slide\" role=\"group\" aria-roledescription=\"slide\" aria-label=\"3 de 3\"><figure class=\"swiper-slide-inner\"><img decoding=\"async\" class=\"swiper-slide-image\" src=\"https:\/\/soymigrante.com\/revista\/wp-content\/uploads\/2024\/05\/Diapositiva3-1024x576.webp\" alt=\"SoyMigrante.com REVISTA, portada con historias y fotograf\u00edas de migrantes guatemaltecos y latinoamericanos en su camino por el \u00e9xito y la comunidad, destacando sus logros y solidaridad.\" \/><figcaption class=\"elementor-image-carousel-caption\">Cada historia compartida es inspiradora y \u00fanica: padres y madres, hermanos, hijos, nietos, abuelos, profesionales y obreros, j\u00f3venes y mayores. Este es solo el comienzo.<\/figcaption><\/figure><\/div>\t\t\t<\/div>\n\t\t\t\t\t\t\t\t\t\t\t\t<div class=\"elementor-swiper-button elementor-swiper-button-prev\" role=\"button\" tabindex=\"0\">\n\t\t\t\t\t\t<i aria-hidden=\"true\" class=\"eicon-chevron-left\"><\/i>\t\t\t\t\t<\/div>\n\t\t\t\t\t<div class=\"elementor-swiper-button elementor-swiper-button-next\" role=\"button\" tabindex=\"0\">\n\t\t\t\t\t\t<i aria-hidden=\"true\" class=\"eicon-chevron-right\"><\/i>\t\t\t\t\t<\/div>\n\t\t\t\t\n\t\t\t\t\t\t\t\t\t<div class=\"swiper-pagination\"><\/div>\n\t\t\t\t\t\t\t\t\t<\/div>\n\t\t\t\t\t\t<\/div>\n\t\t\t\t\t<\/div>\n\t\t<\/div>\n\t\t\t\t\t<\/div>\n\t\t<\/section>\n\t\t\t\t<section data-particle_enable=\"false\" data-particle-mobile-disabled=\"false\" class=\"elementor-section elementor-top-section elementor-element elementor-element-c383bc0 elementor-section-boxed elementor-section-height-default elementor-section-height-default\" data-id=\"c383bc0\" data-element_type=\"section\" data-e-type=\"section\">\n\t\t\t\t\t\t<div class=\"elementor-container elementor-column-gap-default\">\n\t\t\t\t\t<div class=\"elementor-column elementor-col-100 elementor-top-column elementor-element elementor-element-3da3546\" data-id=\"3da3546\" data-element_type=\"column\" data-e-type=\"column\">\n\t\t\t<div class=\"elementor-widget-wrap elementor-element-populated\">\n\t\t\t\t\t\t<div class=\"elementor-element elementor-element-825c0ba elementor-widget elementor-widget-heading\" data-id=\"825c0ba\" data-element_type=\"widget\" data-e-type=\"widget\" data-widget_type=\"heading.default\">\n\t\t\t\t\t<h3 class=\"elementor-heading-title elementor-size-default\">No hay fronteras para los sue\u00f1os<\/h3>\t\t\t\t<\/div>\n\t\t\t\t\t<\/div>\n\t\t<\/div>\n\t\t\t\t\t<\/div>\n\t\t<\/section>\n\t\t\t\t<section data-particle_enable=\"false\" data-particle-mobile-disabled=\"false\" class=\"elementor-section elementor-top-section elementor-element elementor-element-9d81166 elementor-section-boxed elementor-section-height-default elementor-section-height-default\" data-id=\"9d81166\" data-element_type=\"section\" data-e-type=\"section\">\n\t\t\t\t\t\t<div class=\"elementor-container elementor-column-gap-default\">\n\t\t\t\t\t<div class=\"elementor-column elementor-col-100 elementor-top-column elementor-element elementor-element-465c71e\" data-id=\"465c71e\" data-element_type=\"column\" data-e-type=\"column\">\n\t\t\t<div class=\"elementor-widget-wrap elementor-element-populated\">\n\t\t\t\t\t\t<div class=\"elementor-element elementor-element-52910d9 elementor-widget elementor-widget-text-editor\" data-id=\"52910d9\" data-element_type=\"widget\" data-e-type=\"widget\" data-widget_type=\"text-editor.default\">\n\t\t\t\t\t\t\t\t\t<p>Es emocionante descubrir a cada migrante que emprende un negocio, que obtiene su diploma de High School o que logra un t\u00edtulo universitario. Es proverbial el talento de los guatemaltecos para florecer y este se hermana con todos los connacionales que prosiguen su esfuerzo diario en el pa\u00eds.&nbsp;<\/p>\n<p>Por eso el verdadero sue\u00f1o no tiene fronteras: es ver un pa\u00eds unido por el cari\u00f1o y la solidaridad, dentro y fuera de Guatemala. Para contribuir a ello surgi\u00f3 SoyMigrante.com y en cada historia, en cada pieza de nuestras secciones como GuateNuestra, Recursos Migratorios o Estamos Unidos, va nuestro mejor deseo de ser positivos y propositivos, porque para so\u00f1ar, servir y dignificar no hay fronteras.<\/p>\n<p>En este segundo a\u00f1o se viene una nueva etapa en el plan de desarrollo de SoyMigrante.com a trav\u00e9s de la integraci\u00f3n de una nueva fase pr\u00f3ximamente.<\/p>\n<h2>\u00a1Gracias a todos los migrantes y a los lectores por volar alto rumbo al gran sue\u00f1o guatemalteco!&nbsp;<\/h2>\t\t\t\t\t\t\t\t<\/div>\n\t\t\t\t\t<\/div>\n\t\t<\/div>\n\t\t\t\t\t<\/div>\n\t\t<\/section>\n\t\t\t\t<section data-particle_enable=\"false\" data-particle-mobile-disabled=\"false\" class=\"elementor-section elementor-top-section elementor-element elementor-element-f66112f elementor-section-boxed elementor-section-height-default elementor-section-height-default\" data-id=\"f66112f\" data-element_type=\"section\" data-e-type=\"section\">\n\t\t\t\t\t\t<div class=\"elementor-container elementor-column-gap-default\">\n\t\t\t\t\t<div class=\"elementor-column elementor-col-100 elementor-top-column elementor-element elementor-element-6b32926\" data-id=\"6b32926\" data-element_type=\"column\" data-e-type=\"column\">\n\t\t\t<div class=\"elementor-widget-wrap elementor-element-populated\">\n\t\t\t\t\t\t<div class=\"elementor-element elementor-element-b490496 elementor-widget elementor-widget-image\" data-id=\"b490496\" data-element_type=\"widget\" data-e-type=\"widget\" data-widget_type=\"image.default\">\n\t\t\t\t\t\t\t\t\t\t\t\t<figure class=\"wp-caption\">\n\t\t\t\t\t\t\t\t\t\t<img fetchpriority=\"high\" decoding=\"async\" width=\"768\" height=\"503\" src=\"https:\/\/soymigrante.com\/revista\/wp-content\/uploads\/2024\/05\/Captura-de-pantalla-2024-05-26-220155-1024x671.webp\" class=\"attachment-large size-large wp-image-6660\" alt=\"Estudiantes en una biblioteca escolar participando en actividades culturales y educativas relacionadas con la comunidad migrante.\" srcset=\"https:\/\/soymigrante.com\/revista\/wp-content\/uploads\/2024\/05\/Captura-de-pantalla-2024-05-26-220155-1024x671.webp 1024w, https:\/\/soymigrante.com\/revista\/wp-content\/uploads\/2024\/05\/Captura-de-pantalla-2024-05-26-220155-300x197.webp 300w, https:\/\/soymigrante.com\/revista\/wp-content\/uploads\/2024\/05\/Captura-de-pantalla-2024-05-26-220155-768x503.webp 768w, https:\/\/soymigrante.com\/revista\/wp-content\/uploads\/2024\/05\/Captura-de-pantalla-2024-05-26-220155-750x492.webp 750w, https:\/\/soymigrante.com\/revista\/wp-content\/uploads\/2024\/05\/Captura-de-pantalla-2024-05-26-220155-1140x747.webp 1140w, https:\/\/soymigrante.com\/revista\/wp-content\/uploads\/2024\/05\/Captura-de-pantalla-2024-05-26-220155.webp 1312w\" sizes=\"(max-width: 768px) 100vw, 768px\" title=\"Emotivo momento del encuentro del equpo de SoyMigrante con ni\u00f1os guatemaltecos de una escuela primaria de Chattanooga, Tennessee, Marcos Antil, CEO de SoyMigrante, les ley\u00f3 un cuento infantil basado en su propia vida. \u2013 SoyMigrante.com REVISTA\" \/>\t\t\t\t\t\t\t\t\t\t\t<figcaption class=\"widget-image-caption wp-caption-text\">Clase en biblioteca escolar promoviendo lectura y cultura migrante, con ni\u00f1os y ni\u00f1as participando activamente en actividades educativas y de integraci\u00f3n en un entorno inclusivo.<\/figcaption>\n\t\t\t\t\t\t\t\t\t\t<\/figure>\n\t\t\t\t\t\t\t\t\t<\/div>\n\t\t\t\t\t<\/div>\n\t\t<\/div>\n\t\t\t\t\t<\/div>\n\t\t<\/section>\n\t\t\t\t<section data-particle_enable=\"false\" data-particle-mobile-disabled=\"false\" class=\"elementor-section elementor-top-section elementor-element elementor-element-efcebea elementor-section-boxed elementor-section-height-default elementor-section-height-default\" data-id=\"efcebea\" data-element_type=\"section\" data-e-type=\"section\">\n\t\t\t\t\t\t<div class=\"elementor-container elementor-column-gap-default\">\n\t\t\t\t\t<div class=\"elementor-column elementor-col-100 elementor-top-column elementor-element elementor-element-e5e093c\" data-id=\"e5e093c\" data-element_type=\"column\" data-e-type=\"column\">\n\t\t\t<div class=\"elementor-widget-wrap elementor-element-populated\">\n\t\t\t\t\t\t<div class=\"elementor-element elementor-element-509ef59 elementor-widget elementor-widget-heading\" data-id=\"509ef59\" data-element_type=\"widget\" data-e-type=\"widget\" data-widget_type=\"heading.default\">\n\t\t\t\t\t<h2 class=\"elementor-heading-title elementor-size-default\">Guatemala es impresionante<\/h2>\t\t\t\t<\/div>\n\t\t\t\t\t<\/div>\n\t\t<\/div>\n\t\t\t\t\t<\/div>\n\t\t<\/section>\n\t\t\t\t<section data-particle_enable=\"false\" data-particle-mobile-disabled=\"false\" class=\"elementor-section elementor-top-section elementor-element elementor-element-ea1a095 elementor-section-boxed elementor-section-height-default elementor-section-height-default\" data-id=\"ea1a095\" data-element_type=\"section\" data-e-type=\"section\">\n\t\t\t\t\t\t<div class=\"elementor-container elementor-column-gap-default\">\n\t\t\t\t\t<div class=\"elementor-column elementor-col-100 elementor-top-column elementor-element elementor-element-9b952ac\" data-id=\"9b952ac\" data-element_type=\"column\" data-e-type=\"column\">\n\t\t\t<div class=\"elementor-widget-wrap elementor-element-populated\">\n\t\t\t\t\t\t<div class=\"elementor-element elementor-element-271e95e elementor-widget elementor-widget-blfe-post-grid\" data-id=\"271e95e\" data-element_type=\"widget\" data-e-type=\"widget\" data-settings=\"{&quot;columns&quot;:&quot;3&quot;,&quot;columns_tablet&quot;:&quot;6&quot;,&quot;columns_mobile&quot;:&quot;12&quot;,&quot;hero2_navigation&quot;:&quot;arrows&quot;,&quot;hero2_layout_column_gap&quot;:{&quot;unit&quot;:&quot;px&quot;,&quot;size&quot;:5,&quot;sizes&quot;:[]},&quot;hero2_layout_column_gap_tablet&quot;:{&quot;unit&quot;:&quot;px&quot;,&quot;size&quot;:&quot;&quot;,&quot;sizes&quot;:[]},&quot;hero2_layout_column_gap_mobile&quot;:{&quot;unit&quot;:&quot;px&quot;,&quot;size&quot;:&quot;&quot;,&quot;sizes&quot;:[]},&quot;hero2_layout_row_gap&quot;:{&quot;unit&quot;:&quot;px&quot;,&quot;size&quot;:5,&quot;sizes&quot;:[]},&quot;hero2_layout_row_gap_tablet&quot;:{&quot;unit&quot;:&quot;px&quot;,&quot;size&quot;:&quot;&quot;,&quot;sizes&quot;:[]},&quot;hero2_layout_row_gap_mobile&quot;:{&quot;unit&quot;:&quot;px&quot;,&quot;size&quot;:&quot;&quot;,&quot;sizes&quot;:[]}}\" data-widget_type=\"blfe-post-grid.hero2\">\n\t\t\t\t<div class=\"elementor-widget-container\">\n\t\t\t\t\t\n                        <div class=\"blfe-post-grid-container \">\n            \n                <div data-skin=\"hero2\" class=\"blfe-row blfe-posts-inner blfe-hero2 blfe-posts-inner blfe-col-3 blfe-col-tab-6 blfe-col-mob-12     \">\n                            <div class=\"blfe-post-grid-item \">\n            <div class=\"blfe-post-grid-item-inner blfe-modern-zoom\">\n                        <div class=\"blfe-post-grid-bg-image\">\n            <a class=\"blfe-post-grid-image-inner\" href=\"https:\/\/soymigrante.com\/revista\/10-datos-del-quetzal-que-tal-vez-ya-conocias-o-quiza-no\/\" title=\"\u00bfEn d\u00f3nde habita el Quetzal?&#8230; y otras 10 preguntas sobre el ave s\u00edmbolo de Guatemala\" rel=\"nofollow\" target=\"_blank\"><img decoding=\"async\" src=\"https:\/\/soymigrante.com\/revista\/wp-content\/uploads\/2023\/03\/soy-migrante-quetzal-alimenta-se-ve-pichon-credito-ottoniel-cojulun.webp\" alt=\"\u00bfEn d\u00f3nde habita el Quetzal?&#8230; y otras 10 preguntas sobre el ave s\u00edmbolo de Guatemala\"\/><\/a>        <\/div>\n                        <div class=\"blfe-post-grid-details\">\n                    <div class=\"blfe-post-grid-details-inner\">\n                        <span class=\"blfe-post-category\"><a href=\"https:\/\/soymigrante.com\/revista\/category\/guate-nuestra\/\">Guate Nuestra<\/a><\/span>                        <h3 class=\"blfe-post-grid-title\">\n            <a href=\"https:\/\/soymigrante.com\/revista\/10-datos-del-quetzal-que-tal-vez-ya-conocias-o-quiza-no\/\" title=\"\u00bfEn d\u00f3nde habita el Quetzal?&#8230; y otras 10 preguntas sobre el ave s\u00edmbolo de Guatemala\" rel=\"nofollow\" target=\"_blank\">\u00bfEn d\u00f3nde habita el Quetzal?&#8230; y otras 10 preguntas sobre el ave s\u00edmbolo de Guatemala<\/a>\n            <\/h3>                                    <div class=\"blfe-post-grid-meta\">\n                <span class=\"blfe-post-grid-author\"><i class=\"fa fa-user far fa-user\"><\/i>by <a href=\"https:\/\/soymigrante.com\/revista\/author\/gustavo\/\">Gustavo Montenegro<\/a><\/span>                    <div class=\"blfe-post-meta-dot\"><\/div>\n                    <span class=\"blfe-post-grid-time\"><i class=\"fas fa-book-reader\"><\/i>9 Min read<\/span>            <\/div>\n                                                                                <\/div>\n                <\/div>\n\n            <\/div>\n        <\/div>\n                <div class=\"blfe-post-grid-item \">\n            <div class=\"blfe-post-grid-item-inner blfe-modern-zoom\">\n                        <div class=\"blfe-post-grid-bg-image\">\n            <a class=\"blfe-post-grid-image-inner\" href=\"https:\/\/soymigrante.com\/revista\/himno-nacional-de-guatemala-6-fechas-que-todo-guatemalteco-debe-conocer\/\" title=\"\u00bfCu\u00e1ndo y d\u00f3nde se estren\u00f3 oficialmente Himno Nacional de Guatemala ?\" rel=\"nofollow\" target=\"_blank\"><img decoding=\"async\" src=\"https:\/\/soymigrante.com\/revista\/wp-content\/uploads\/2025\/03\/himno-nacional.webp\" alt=\"\u00bfCu\u00e1ndo y d\u00f3nde se estren\u00f3 oficialmente Himno Nacional de Guatemala ?\"\/><\/a>        <\/div>\n                        <div class=\"blfe-post-grid-details\">\n                    <div class=\"blfe-post-grid-details-inner\">\n                        <span class=\"blfe-post-category\"><a href=\"https:\/\/soymigrante.com\/revista\/category\/guate-nuestra\/simbolos-patrios-guate-nuestra\/\">S\u00edmbolos patrios<\/a><\/span>                        <h3 class=\"blfe-post-grid-title\">\n            <a href=\"https:\/\/soymigrante.com\/revista\/himno-nacional-de-guatemala-6-fechas-que-todo-guatemalteco-debe-conocer\/\" title=\"\u00bfCu\u00e1ndo y d\u00f3nde se estren\u00f3 oficialmente Himno Nacional de Guatemala ?\" rel=\"nofollow\" target=\"_blank\">\u00bfCu\u00e1ndo y d\u00f3nde se estren\u00f3 oficialmente Himno Nacional de Guatemala ?<\/a>\n            <\/h3>                                    <div class=\"blfe-post-grid-meta\">\n                <span class=\"blfe-post-grid-author\"><i class=\"fa fa-user far fa-user\"><\/i>by <a href=\"https:\/\/soymigrante.com\/revista\/author\/soymigrante\/\">SoyMigrante.com REVISTA<\/a><\/span>                    <div class=\"blfe-post-meta-dot\"><\/div>\n                    <span class=\"blfe-post-grid-time\"><i class=\"fas fa-book-reader\"><\/i>10 Min read<\/span>            <\/div>\n                                                                                <\/div>\n                <\/div>\n\n            <\/div>\n        <\/div>\n                <div class=\"blfe-post-grid-item \">\n            <div class=\"blfe-post-grid-item-inner blfe-modern-zoom\">\n                        <div class=\"blfe-post-grid-bg-image\">\n            <a class=\"blfe-post-grid-image-inner\" href=\"https:\/\/soymigrante.com\/revista\/simbolos-patrios-8-datos-de-la-monja-blanca-que-tal-vez-ya-conocias-o-quiza-no\/\" title=\"\u00bfPor qu\u00e9 el 11 de febrero es el d\u00eda de la Monja Blanca, S\u00edmbolo Nacional de Guatemala?\" rel=\"nofollow\" target=\"_blank\"><img decoding=\"async\" src=\"https:\/\/soymigrante.com\/revista\/wp-content\/uploads\/2023\/11\/archilarium-5-1.webp\" alt=\"\u00bfPor qu\u00e9 el 11 de febrero es el d\u00eda de la Monja Blanca, S\u00edmbolo Nacional de Guatemala?\"\/><\/a>        <\/div>\n                        <div class=\"blfe-post-grid-details\">\n                    <div class=\"blfe-post-grid-details-inner\">\n                        <span class=\"blfe-post-category\"><a href=\"https:\/\/soymigrante.com\/revista\/category\/guate-nuestra\/\">Guate Nuestra<\/a><\/span>                        <h3 class=\"blfe-post-grid-title\">\n            <a href=\"https:\/\/soymigrante.com\/revista\/simbolos-patrios-8-datos-de-la-monja-blanca-que-tal-vez-ya-conocias-o-quiza-no\/\" title=\"\u00bfPor qu\u00e9 el 11 de febrero es el d\u00eda de la Monja Blanca, S\u00edmbolo Nacional de Guatemala?\" rel=\"nofollow\" target=\"_blank\">\u00bfPor qu\u00e9 el 11 de febrero es el d\u00eda de la Monja Blanca, S\u00edmbolo Nacional de Guatemala?<\/a>\n            <\/h3>                                    <div class=\"blfe-post-grid-meta\">\n                <span class=\"blfe-post-grid-author\"><i class=\"fa fa-user far fa-user\"><\/i>by <a href=\"https:\/\/soymigrante.com\/revista\/author\/gustavo\/\">Gustavo Montenegro<\/a><\/span>                    <div class=\"blfe-post-meta-dot\"><\/div>\n                    <span class=\"blfe-post-grid-time\"><i class=\"fas fa-book-reader\"><\/i>8 Min read<\/span>            <\/div>\n                                                                                <\/div>\n                <\/div>\n\n            <\/div>\n        <\/div>\n                <div class=\"blfe-post-grid-item \">\n            <div class=\"blfe-post-grid-item-inner blfe-modern-zoom\">\n                        <div class=\"blfe-post-grid-bg-image\">\n            <a class=\"blfe-post-grid-image-inner\" href=\"https:\/\/soymigrante.com\/revista\/simbolos-patrios-de-guatemala-bandera-nacional\/\" title=\"La bandera Nacional de Guatemala: colores azul y blanco tambi\u00e9n son bicentenarios\" rel=\"nofollow\" target=\"_blank\"><img decoding=\"async\" src=\"https:\/\/soymigrante.com\/revista\/wp-content\/uploads\/2023\/10\/guatemaltecos-houston-1.webp\" alt=\"La bandera Nacional de Guatemala: colores azul y blanco tambi\u00e9n son bicentenarios\"\/><\/a>        <\/div>\n                        <div class=\"blfe-post-grid-details\">\n                    <div class=\"blfe-post-grid-details-inner\">\n                        <span class=\"blfe-post-category\"><a href=\"https:\/\/soymigrante.com\/revista\/category\/guate-nuestra\/\">Guate Nuestra<\/a><\/span>                        <h3 class=\"blfe-post-grid-title\">\n            <a href=\"https:\/\/soymigrante.com\/revista\/simbolos-patrios-de-guatemala-bandera-nacional\/\" title=\"La bandera Nacional de Guatemala: colores azul y blanco tambi\u00e9n son bicentenarios\" rel=\"nofollow\" target=\"_blank\">La bandera Nacional de Guatemala: colores azul y blanco tambi\u00e9n son bicentenarios<\/a>\n            <\/h3>                                    <div class=\"blfe-post-grid-meta\">\n                <span class=\"blfe-post-grid-author\"><i class=\"fa fa-user far fa-user\"><\/i>by <a href=\"https:\/\/soymigrante.com\/revista\/author\/gustavo\/\">Gustavo Montenegro<\/a><\/span>                    <div class=\"blfe-post-meta-dot\"><\/div>\n                    <span class=\"blfe-post-grid-time\"><i class=\"fas fa-book-reader\"><\/i>7 Min read<\/span>            <\/div>\n                                                                                <\/div>\n                <\/div>\n\n            <\/div>\n        <\/div>\n                <div class=\"blfe-post-grid-item \">\n            <div class=\"blfe-post-grid-item-inner blfe-modern-zoom\">\n                        <div class=\"blfe-post-grid-bg-image\">\n            <a class=\"blfe-post-grid-image-inner\" href=\"https:\/\/soymigrante.com\/revista\/simbolos-patrios-la-ceiba-arbol-nacional-de-guatemala\/\" title=\"\u00bfPorqu\u00e9 el 8 de marzo es d\u00eda de la Ceiba Pentandra,  \u00c1rbol Nacional de Guatemala?\" rel=\"nofollow\" target=\"_blank\"><img decoding=\"async\" src=\"https:\/\/soymigrante.com\/revista\/wp-content\/uploads\/2025\/03\/CEIBA-TIQUISATE-scaled.webp\" alt=\"\u00bfPorqu\u00e9 el 8 de marzo es d\u00eda de la Ceiba Pentandra,  \u00c1rbol Nacional de Guatemala?\"\/><\/a>        <\/div>\n                        <div class=\"blfe-post-grid-details\">\n                    <div class=\"blfe-post-grid-details-inner\">\n                        <span class=\"blfe-post-category\"><a href=\"https:\/\/soymigrante.com\/revista\/category\/guate-nuestra\/simbolos-patrios-guate-nuestra\/\">S\u00edmbolos patrios<\/a><\/span>                        <h3 class=\"blfe-post-grid-title\">\n            <a href=\"https:\/\/soymigrante.com\/revista\/simbolos-patrios-la-ceiba-arbol-nacional-de-guatemala\/\" title=\"\u00bfPorqu\u00e9 el 8 de marzo es d\u00eda de la Ceiba Pentandra,  \u00c1rbol Nacional de Guatemala?\" rel=\"nofollow\" target=\"_blank\">\u00bfPorqu\u00e9 el 8 de marzo es d\u00eda de la Ceiba Pentandra,  \u00c1rbol Nacional de Guatemala?<\/a>\n            <\/h3>                                    <div class=\"blfe-post-grid-meta\">\n                <span class=\"blfe-post-grid-author\"><i class=\"fa fa-user far fa-user\"><\/i>by <a href=\"https:\/\/soymigrante.com\/revista\/author\/gustavo\/\">Gustavo Montenegro<\/a><\/span>                    <div class=\"blfe-post-meta-dot\"><\/div>\n                    <span class=\"blfe-post-grid-time\"><i class=\"fas fa-book-reader\"><\/i>7 Min read<\/span>            <\/div>\n                                                                                <\/div>\n                <\/div>\n\n            <\/div>\n        <\/div>\n                        <\/div>\n\n                        <\/div>\n            \n                        <div class=\"blfe-post-footer\">\n                        <\/div>\n            \t\t\t\t<\/div>\n\t\t\t\t<\/div>\n\t\t\t\t\t<\/div>\n\t\t<\/div>\n\t\t\t\t\t<\/div>\n\t\t<\/section>\n\t\t\t\t<\/div>\n\t\t","protected":false},"excerpt":{"rendered":"<p>Este 27 de mayo se cumple el primer a\u00f1o de vuelo de SoyMigrante.com, proyecto dedicado a dignificar los esfuerzos, logros y sue\u00f1os de los guatemaltecos migrantes en EE.UU. La grandeza del migrante guatemalteco est\u00e1 a menudo en ese momento personal que a veces nadie atestigua: la angustia de no tener suficiente para pagar la renta [&hellip;]<\/p>\n","protected":false},"author":1,"featured_media":6654,"comment_status":"open","ping_status":"open","sticky":false,"template":"","format":"standard","meta":{"_acf_changed":false,"_eb_attr":"","footnotes":""},"categories":[54],"tags":[],"class_list":["post-6653","post","type-post","status-publish","format-standard","has-post-thumbnail","hentry","category-estamos-unidos"],"acf":[],"aioseo_notices":[],"aioseo_head":"\n\t\t<!-- All in One SEO Pro 4.9.6.2 - aioseo.com -->\n\t<meta name=\"description\" content=\"\u00bfDesde cu\u00e1ndo la Ceiba Pentandra es \u00e1rbol nacional de Guatemala? \u00bfPor qu\u00e9 se conmemora su d\u00eda el 8 de marzo? Esto y m\u00e1s sobre el m\u00e1s frondoso s\u00edmbolo patrio.\" \/>\n\t<meta name=\"robots\" content=\"max-snippet:-1, max-image-preview:large, max-video-preview:-1\" \/>\n\t<meta name=\"author\" content=\"Gustavo Montenegro\"\/>\n\t<link rel=\"canonical\" href=\"https:\/\/soymigrante.com\/revista\/simbolos-patrios-la-ceiba-arbol-nacional-de-guatemala\/\" \/>\n\t<meta name=\"generator\" content=\"All in One SEO Pro (AIOSEO) 4.9.6.2\" \/>\n\n\t\t<link rel=\"preconnect\" href=\"https:\/\/fonts.googleapis.com\" crossorigin>\n<link rel=\"preconnect\" href=\"https:\/\/fonts.gstatic.com\" crossorigin>\n\t\t<meta property=\"og:locale\" content=\"es_ES\" \/>\n\t\t<meta property=\"og:site_name\" content=\"SoyMigrante.com REVISTA \u2013 Nuestra misi\u00f3n es reconocer y dignificar al migrante.\" \/>\n\t\t<meta property=\"og:type\" content=\"article\" \/>\n\t\t<meta property=\"og:title\" content=\"\u00bfEl 8 de marzo es D\u00eda de la Ceiba Arbol Nacional de Guatemala?\" \/>\n\t\t<meta property=\"og:description\" content=\"\u00bfDesde cu\u00e1ndo la Ceiba Pentandra es \u00e1rbol nacional de Guatemala? \u00bfPor qu\u00e9 se conmemora su d\u00eda el 8 de marzo? Esto y m\u00e1s sobre el m\u00e1s frondoso s\u00edmbolo patrio.\" \/>\n\t\t<meta property=\"og:url\" content=\"https:\/\/soymigrante.com\/revista\/simbolos-patrios-la-ceiba-arbol-nacional-de-guatemala\/\" \/>\n\t\t<meta property=\"og:image\" content=\"https:\/\/soymigrante.com\/revista\/wp-content\/uploads\/2025\/03\/CEIBA-TIQUISATE-scaled.webp\" \/>\n\t\t<meta property=\"og:image:secure_url\" content=\"https:\/\/soymigrante.com\/revista\/wp-content\/uploads\/2025\/03\/CEIBA-TIQUISATE-scaled.webp\" \/>\n\t\t<meta property=\"og:image:width\" content=\"1440\" \/>\n\t\t<meta property=\"og:image:height\" content=\"1920\" \/>\n\t\t<meta property=\"article:published_time\" content=\"2025-03-08T15:51:46+00:00\" \/>\n\t\t<meta property=\"article:modified_time\" content=\"2025-09-15T22:11:08+00:00\" \/>\n\t\t<meta property=\"article:publisher\" content=\"https:\/\/www.facebook.com\/soymigrantecom\" \/>\n\t\t<meta name=\"twitter:card\" content=\"summary_large_image\" \/>\n\t\t<meta name=\"twitter:site\" content=\"@SoyMigrante_com\" \/>\n\t\t<meta name=\"twitter:title\" content=\"\u00bfEl 8 de marzo es D\u00eda de la Ceiba Arbol Nacional de Guatemala?\" \/>\n\t\t<meta name=\"twitter:description\" content=\"\u00bfDesde cu\u00e1ndo la Ceiba Pentandra es \u00e1rbol nacional de Guatemala? \u00bfPor qu\u00e9 se conmemora su d\u00eda el 8 de marzo? Esto y m\u00e1s sobre el m\u00e1s frondoso s\u00edmbolo patrio.\" \/>\n\t\t<meta name=\"twitter:creator\" content=\"@SoyMigrante_com\" \/>\n\t\t<meta name=\"twitter:image\" content=\"https:\/\/soymigrante.com\/revista\/wp-content\/uploads\/2025\/03\/CEIBA-TIQUISATE-scaled.webp\" \/>\n\t\t<!-- All in One SEO Pro -->\r\n\t\t<title>\u00bfEl 8 de marzo es D\u00eda de la Ceiba Arbol Nacional de Guatemala?<\/title>\n\n","aioseo_head_json":{"title":"\u00bfEl 8 de marzo es D\u00eda de la Ceiba Arbol Nacional de Guatemala?","description":"\u00bfDesde cu\u00e1ndo la Ceiba Pentandra es \u00e1rbol nacional de Guatemala? \u00bfPor qu\u00e9 se conmemora su d\u00eda el 8 de marzo? Esto y m\u00e1s sobre el m\u00e1s frondoso s\u00edmbolo patrio.","canonical_url":"https:\/\/soymigrante.com\/revista\/simbolos-patrios-la-ceiba-arbol-nacional-de-guatemala\/","robots":"max-snippet:-1, max-image-preview:large, max-video-preview:-1","keywords":"","webmasterTools":{"miscellaneous":"&lt;link rel=\"preconnect\" href=\"https:\/\/fonts.googleapis.com\" crossorigin&gt;\n&lt;link rel=\"preconnect\" href=\"https:\/\/fonts.gstatic.com\" crossorigin&gt;"},"schema":null,"og:locale":"es_ES","og:site_name":"SoyMigrante.com REVISTA \u2013 Nuestra misi\u00f3n es reconocer y dignificar al migrante.","og:type":"article","og:title":"\u00bfEl 8 de marzo es D\u00eda de la Ceiba Arbol Nacional de Guatemala?","og:description":"\u00bfDesde cu\u00e1ndo la Ceiba Pentandra es \u00e1rbol nacional de Guatemala? \u00bfPor qu\u00e9 se conmemora su d\u00eda el 8 de marzo? Esto y m\u00e1s sobre el m\u00e1s frondoso s\u00edmbolo patrio.","og:url":"https:\/\/soymigrante.com\/revista\/simbolos-patrios-la-ceiba-arbol-nacional-de-guatemala\/","og:image":"https:\/\/soymigrante.com\/revista\/wp-content\/uploads\/2025\/03\/CEIBA-TIQUISATE-scaled.webp","og:image:secure_url":"https:\/\/soymigrante.com\/revista\/wp-content\/uploads\/2025\/03\/CEIBA-TIQUISATE-scaled.webp","og:image:width":1440,"og:image:height":1920,"article:published_time":"2025-03-08T15:51:46+00:00","article:modified_time":"2025-09-15T22:11:08+00:00","article:publisher":"https:\/\/www.facebook.com\/soymigrantecom","twitter:card":"summary_large_image","twitter:site":"@SoyMigrante_com","twitter:title":"\u00bfEl 8 de marzo es D\u00eda de la Ceiba Arbol Nacional de Guatemala?","twitter:description":"\u00bfDesde cu\u00e1ndo la Ceiba Pentandra es \u00e1rbol nacional de Guatemala? \u00bfPor qu\u00e9 se conmemora su d\u00eda el 8 de marzo? Esto y m\u00e1s sobre el m\u00e1s frondoso s\u00edmbolo patrio.","twitter:creator":"@SoyMigrante_com","twitter:image":"https:\/\/soymigrante.com\/revista\/wp-content\/uploads\/2025\/03\/CEIBA-TIQUISATE-scaled.webp"},"aioseo_meta_data":{"post_id":"6653","title":null,"description":"Este 27 de mayo se cumple el primer a\u00f1o de SoyMigrante.com, proyecto dedicado a dignificar los esfuerzos, logros y sue\u00f1os de los guatemaltecos en EE.UU.","keywords":null,"keyphrases":{"focus":{"keyphrase":"Sue\u00f1o guatemalteco","score":81,"analysis":{"keyphraseInTitle":{"score":9,"maxScore":9,"error":0},"keyphraseInDescription":{"score":3,"maxScore":9,"error":1},"keyphraseLength":{"score":9,"maxScore":9,"error":0,"length":3},"keyphraseInURL":{"score":5,"maxScore":5,"error":0}}},"additional":[]},"primary_term":null,"canonical_url":null,"og_title":null,"og_description":null,"og_object_type":"default","og_image_type":"default","og_image_url":null,"og_image_width":null,"og_image_height":null,"og_image_custom_url":null,"og_image_custom_fields":null,"og_video":"","og_custom_url":null,"og_article_section":null,"og_article_tags":null,"twitter_use_og":false,"twitter_card":"default","twitter_image_type":"default","twitter_image_url":null,"twitter_image_custom_url":null,"twitter_image_custom_fields":null,"twitter_title":null,"twitter_description":null,"schema":{"blockGraphs":[],"customGraphs":[],"default":{"data":{"Article":[],"Course":[],"Dataset":[],"FAQPage":[],"Movie":[],"Person":[],"Product":[],"ProductReview":[],"Car":[],"Recipe":[],"Service":[],"SoftwareApplication":[],"WebPage":[]},"graphName":"Article","isEnabled":true},"graphs":[]},"schema_type":"default","schema_type_options":null,"pillar_content":false,"robots_default":true,"robots_noindex":false,"robots_noarchive":false,"robots_nosnippet":false,"robots_nofollow":false,"robots_noimageindex":false,"robots_noodp":false,"robots_notranslate":false,"robots_max_snippet":"-1","robots_max_videopreview":"-1","robots_max_imagepreview":"large","priority":null,"frequency":"default","local_seo":null,"seo_analyzer_scan_date":"2025-10-08 21:55:17","breadcrumb_settings":null,"limit_modified_date":false,"reviewed_by":null,"open_ai":"{\"title\":{\"suggestions\":[],\"usage\":0},\"description\":{\"suggestions\":[],\"usage\":0}}","ai":null,"created":"2024-05-27 06:26:33","updated":"2026-02-04 11:55:00"},"aioseo_breadcrumb":"<div class=\"aioseo-breadcrumbs\"><span class=\"aioseo-breadcrumb\">\n\t<a href=\"https:\/\/soymigrante.com\/revista\" title=\"Home\">Home<\/a>\n<\/span><span class=\"aioseo-breadcrumb-separator\">\u00bb<\/span><span class=\"aioseo-breadcrumb\">\n\t<a href=\"https:\/\/soymigrante.com\/revista\/category\/estamos-unidos\/\" title=\"Estamos Unidos\">Estamos Unidos<\/a>\n<\/span><span class=\"aioseo-breadcrumb-separator\">\u00bb<\/span><span class=\"aioseo-breadcrumb\">\n\tEDITORIAL: Un gran sue\u00f1o guatemalteco sin fronteras\n<\/span><\/div>","aioseo_breadcrumb_json":[{"label":"Home","link":"https:\/\/soymigrante.com\/revista"},{"label":"Estamos Unidos","link":"https:\/\/soymigrante.com\/revista\/category\/estamos-unidos\/"},{"label":"EDITORIAL: Un gran sue\u00f1o guatemalteco sin fronteras","link":"https:\/\/soymigrante.com\/revista\/editorial-un-gran-sueno-guatemalteco-sin-fronteras\/"}],"_links":{"self":[{"href":"https:\/\/soymigrante.com\/revista\/wp-json\/wp\/v2\/posts\/6653","targetHints":{"allow":["GET"]}}],"collection":[{"href":"https:\/\/soymigrante.com\/revista\/wp-json\/wp\/v2\/posts"}],"about":[{"href":"https:\/\/soymigrante.com\/revista\/wp-json\/wp\/v2\/types\/post"}],"author":[{"embeddable":true,"href":"https:\/\/soymigrante.com\/revista\/wp-json\/wp\/v2\/users\/1"}],"replies":[{"embeddable":true,"href":"https:\/\/soymigrante.com\/revista\/wp-json\/wp\/v2\/comments?post=6653"}],"version-history":[{"count":0,"href":"https:\/\/soymigrante.com\/revista\/wp-json\/wp\/v2\/posts\/6653\/revisions"}],"wp:featuredmedia":[{"embeddable":true,"href":"https:\/\/soymigrante.com\/revista\/wp-json\/wp\/v2\/media\/6654"}],"wp:attachment":[{"href":"https:\/\/soymigrante.com\/revista\/wp-json\/wp\/v2\/media?parent=6653"}],"wp:term":[{"taxonomy":"category","embeddable":true,"href":"https:\/\/soymigrante.com\/revista\/wp-json\/wp\/v2\/categories?post=6653"},{"taxonomy":"post_tag","embeddable":true,"href":"https:\/\/soymigrante.com\/revista\/wp-json\/wp\/v2\/tags?post=6653"}],"curies":[{"name":"wp","href":"https:\/\/api.w.org\/{rel}","templated":true}]}}