{"id":6634,"date":"2024-05-25T13:36:13","date_gmt":"2024-05-25T19:36:13","guid":{"rendered":"https:\/\/soymigrante.com\/revista\/?p=6634"},"modified":"2024-07-27T17:37:13","modified_gmt":"2024-07-27T23:37:13","slug":"quetzal-en-vuelo-nuevos-aires-para-frankie-maldonado-con-doble-graduacion","status":"publish","type":"post","link":"https:\/\/soymigrante.com\/revista\/quetzal-en-vuelo-nuevos-aires-para-frankie-maldonado-con-doble-graduacion\/","title":{"rendered":"Quetzal vuela alto: Nuevos aires para Frankie Maldonado, 2 veces graduado"},"content":{"rendered":"\t\t<div data-elementor-type=\"wp-post\" data-elementor-id=\"6634\" class=\"elementor elementor-6634\" data-elementor-post-type=\"post\">\n\t\t\t\t\t\t<section data-particle_enable=\"false\" data-particle-mobile-disabled=\"false\" class=\"elementor-section elementor-top-section elementor-element elementor-element-62a8dab elementor-section-boxed elementor-section-height-default elementor-section-height-default\" data-id=\"62a8dab\" data-element_type=\"section\" data-e-type=\"section\">\n\t\t\t\t\t\t<div class=\"elementor-container elementor-column-gap-default\">\n\t\t\t\t\t<div class=\"elementor-column elementor-col-100 elementor-top-column elementor-element elementor-element-e1eb1a2\" data-id=\"e1eb1a2\" data-element_type=\"column\" data-e-type=\"column\">\n\t\t\t<div class=\"elementor-widget-wrap elementor-element-populated\">\n\t\t\t\t\t\t<div class=\"elementor-element elementor-element-9350aa1 elementor-widget elementor-widget-heading\" data-id=\"9350aa1\" data-element_type=\"widget\" data-e-type=\"widget\" data-widget_type=\"heading.default\">\n\t\t\t\t\t<h2 class=\"elementor-heading-title elementor-size-default\"><span style=\"font-size: 31.2px\">Nacido en EE.UU. de padres guatemaltecos, Francisco \"Frankie\" Maldonado se gradu\u00f3 de High School pero tambi\u00e9n como t\u00e9cnico de HVAC (aires acondicionados) en Metro Tech de Oklahoma. Ir\u00e1 a la Universidad porque su nueva meta es tener su propia compa\u00f1\u00eda.\n<\/span><\/h2>\t\t\t\t<\/div>\n\t\t\t\t\t<\/div>\n\t\t<\/div>\n\t\t\t\t\t<\/div>\n\t\t<\/section>\n\t\t\t\t<section data-particle_enable=\"false\" data-particle-mobile-disabled=\"false\" class=\"elementor-section elementor-top-section elementor-element elementor-element-7dff508 elementor-section-boxed elementor-section-height-default elementor-section-height-default\" data-id=\"7dff508\" data-element_type=\"section\" data-e-type=\"section\">\n\t\t\t\t\t\t<div class=\"elementor-container elementor-column-gap-default\">\n\t\t\t\t\t<div class=\"elementor-column elementor-col-100 elementor-top-column elementor-element elementor-element-9152188\" data-id=\"9152188\" data-element_type=\"column\" data-e-type=\"column\">\n\t\t\t<div class=\"elementor-widget-wrap elementor-element-populated\">\n\t\t\t\t\t\t<div class=\"elementor-element elementor-element-6eda290 elementor-widget elementor-widget-text-editor\" data-id=\"6eda290\" data-element_type=\"widget\" data-e-type=\"widget\" data-widget_type=\"text-editor.default\">\n\t\t\t\t\t\t\t\t\t<p>Caminando en la nieve y el fr\u00edo, o a veces bajo la lluvia, pregunt\u00e1ndose <b>\u00bfPor qu\u00e9 a m\u00ed?: <\/b>as\u00ed se recuerda Frankie Maldonado en ciertas \u00e9pocas en las que le toc\u00f3 ir a pie desde su casa hasta la High School.<\/p><p>Por motivos de trabajo, en ocasiones, nadie de su familia pod\u00eda transportarlo- Su mam\u00e1 deb\u00eda trabajar y a veces su hermana no pod\u00eda darle &#8220;rait&#8221;. &#8220;Yo me enojaba, porque no ten\u00eda carro; yo preguntaba, \u00bfpor qu\u00e9 otros tienen y yo no?&#8221;, cuenta con sinceridad. &#8220;Pero nunca perd\u00ed de vista mi meta. No faltaba a la escuela, porque sab\u00eda que ah\u00ed estaba el futuro. Pod\u00eda quedarme en casa, c\u00f3modo, descansando, sin hacer nada&#8230; pero yo prefer\u00eda salir y llegar a pie&#8221;, relata.<\/p><p>Su gran inspiraci\u00f3n era y es el esfuerzo de sus padres: &#8220;Mi pap\u00e1 trabaj\u00f3 por muchos a\u00f1os en una f\u00e1brica de ladrillos, despu\u00e9s fue cocinero y despu\u00e9s aprendi\u00f3 soldadura. Fue aprendiendo y superando. Entonces ellos tuvieron que luchar contra muchas dificultades. Yo que tengo la oportunidad de estudiar debo hacerlo&#8221;.<\/p>\t\t\t\t\t\t\t\t<\/div>\n\t\t\t\t\t<\/div>\n\t\t<\/div>\n\t\t\t\t\t<\/div>\n\t\t<\/section>\n\t\t\t\t<section data-particle_enable=\"false\" data-particle-mobile-disabled=\"false\" class=\"elementor-section elementor-top-section elementor-element elementor-element-82fccf8 elementor-section-boxed elementor-section-height-default elementor-section-height-default\" data-id=\"82fccf8\" data-element_type=\"section\" data-e-type=\"section\">\n\t\t\t\t\t\t<div class=\"elementor-container elementor-column-gap-default\">\n\t\t\t\t\t<div class=\"elementor-column elementor-col-100 elementor-top-column elementor-element elementor-element-2845b93\" data-id=\"2845b93\" data-element_type=\"column\" data-e-type=\"column\">\n\t\t\t<div class=\"elementor-widget-wrap elementor-element-populated\">\n\t\t\t\t\t\t<div class=\"elementor-element elementor-element-e7b7a2e elementor-widget elementor-widget-image\" data-id=\"e7b7a2e\" data-element_type=\"widget\" data-e-type=\"widget\" data-widget_type=\"image.default\">\n\t\t\t\t\t\t\t\t\t\t\t\t<figure class=\"wp-caption\">\n\t\t\t\t\t\t\t\t\t\t<img fetchpriority=\"high\" decoding=\"async\" width=\"768\" height=\"766\" src=\"https:\/\/soymigrante.com\/revista\/wp-content\/uploads\/2024\/05\/frankie-1024x1021.webp\" class=\"attachment-large size-large wp-image-6637\" alt=\"Estudiante graduado con toga y birrete, celebrando logro acad\u00e9mico y orgullo en D\u00eda de Graduaci\u00f3n en M\u00e9xico.\" srcset=\"https:\/\/soymigrante.com\/revista\/wp-content\/uploads\/2024\/05\/frankie-1024x1021.webp 1024w, https:\/\/soymigrante.com\/revista\/wp-content\/uploads\/2024\/05\/frankie-300x300.webp 300w, https:\/\/soymigrante.com\/revista\/wp-content\/uploads\/2024\/05\/frankie-150x150.webp 150w, https:\/\/soymigrante.com\/revista\/wp-content\/uploads\/2024\/05\/frankie-768x766.webp 768w, https:\/\/soymigrante.com\/revista\/wp-content\/uploads\/2024\/05\/frankie-75x75.webp 75w, https:\/\/soymigrante.com\/revista\/wp-content\/uploads\/2024\/05\/frankie-750x748.webp 750w, https:\/\/soymigrante.com\/revista\/wp-content\/uploads\/2024\/05\/frankie-1140x1137.webp 1140w, https:\/\/soymigrante.com\/revista\/wp-content\/uploads\/2024\/05\/frankie.webp 1536w\" sizes=\"(max-width: 768px) 100vw, 768px\" title=\"Frankie Maldonado se gradu\u00f3\u00b4dos veces: una de High School y otra como t\u00e9cnico de aires acondicionados en Metro Tech de Oklahoma. Aqu\u00ed recibe el beso de felicitaci\u00f3n de su mam\u00e1 en la graduaci\u00f3n de Metro Tech. \u2013 SoyMigrante.com REVISTA\" \/>\t\t\t\t\t\t\t\t\t\t\t<figcaption class=\"widget-image-caption wp-caption-text\">Joven en toga y birrete en celebraci\u00f3n de graduaci\u00f3n universitaria, s\u00edmbolo de \u00e9xito y esfuerzo en la comunidad migrante.<\/figcaption>\n\t\t\t\t\t\t\t\t\t\t<\/figure>\n\t\t\t\t\t\t\t\t\t<\/div>\n\t\t\t\t\t<\/div>\n\t\t<\/div>\n\t\t\t\t\t<\/div>\n\t\t<\/section>\n\t\t\t\t<section data-particle_enable=\"false\" data-particle-mobile-disabled=\"false\" class=\"elementor-section elementor-top-section elementor-element elementor-element-5af1d48 elementor-section-boxed elementor-section-height-default elementor-section-height-default\" data-id=\"5af1d48\" data-element_type=\"section\" data-e-type=\"section\">\n\t\t\t\t\t\t<div class=\"elementor-container elementor-column-gap-default\">\n\t\t\t\t\t<div class=\"elementor-column elementor-col-100 elementor-top-column elementor-element elementor-element-46bac30\" data-id=\"46bac30\" data-element_type=\"column\" data-e-type=\"column\">\n\t\t\t<div class=\"elementor-widget-wrap elementor-element-populated\">\n\t\t\t\t\t\t<div class=\"elementor-element elementor-element-d8a8b35 elementor-widget elementor-widget-heading\" data-id=\"d8a8b35\" data-element_type=\"widget\" data-e-type=\"widget\" data-widget_type=\"heading.default\">\n\t\t\t\t\t<h3 class=\"elementor-heading-title elementor-size-default\">Pasos hacia la escuela y pasos en la graduaci\u00f3n<\/h3>\t\t\t\t<\/div>\n\t\t\t\t\t<\/div>\n\t\t<\/div>\n\t\t\t\t\t<\/div>\n\t\t<\/section>\n\t\t\t\t<section data-particle_enable=\"false\" data-particle-mobile-disabled=\"false\" class=\"elementor-section elementor-top-section elementor-element elementor-element-9057f10 elementor-section-boxed elementor-section-height-default elementor-section-height-default\" data-id=\"9057f10\" data-element_type=\"section\" data-e-type=\"section\">\n\t\t\t\t\t\t<div class=\"elementor-container elementor-column-gap-default\">\n\t\t\t\t\t<div class=\"elementor-column elementor-col-100 elementor-top-column elementor-element elementor-element-6790d73\" data-id=\"6790d73\" data-element_type=\"column\" data-e-type=\"column\">\n\t\t\t<div class=\"elementor-widget-wrap elementor-element-populated\">\n\t\t\t\t\t\t<div class=\"elementor-element elementor-element-bcdfa93 elementor-widget elementor-widget-text-editor\" data-id=\"bcdfa93\" data-element_type=\"widget\" data-e-type=\"widget\" data-widget_type=\"text-editor.default\">\n\t\t\t\t\t\t\t\t\t<p><span style=\"color: var( --e-global-color-text );\">Frankie se gradu\u00f3 de la High School Northwest Classen de Oklahoma el 13 de mayo. (al igual que el l\u00edder estudiantil Fredy L\u00f3pez)\u00a0<\/span><\/p><p><span style=\"color: var( --e-global-color-text );\">&#8220;No lo pod\u00eda creer. No lo pod\u00eda creer, ni siquiera al estar entrando a la ceremonia. Bueno, ya sentado en la silla, empec\u00e9 a ver el fruto de todo el esfuerzo y trabajo. De aquellas caminatas en el fr\u00edo. Cuando dijeron mi nombre para recibir el diploma empec\u00e9 a caminar y v\u00ed que era real&#8221;.<\/span><\/p><p>Despu\u00e9s de la jornada de estudios en la High Schooo, Frankie continuaba el aprendizaje en otro lugar, de donde tambi\u00e9n se gradu\u00f3.<\/p><p>\u00a0<\/p>\t\t\t\t\t\t\t\t<\/div>\n\t\t\t\t\t<\/div>\n\t\t<\/div>\n\t\t\t\t\t<\/div>\n\t\t<\/section>\n\t\t\t\t<section data-particle_enable=\"false\" data-particle-mobile-disabled=\"false\" class=\"elementor-section elementor-top-section elementor-element elementor-element-8e78d5e elementor-section-boxed elementor-section-height-default elementor-section-height-default\" data-id=\"8e78d5e\" data-element_type=\"section\" data-e-type=\"section\">\n\t\t\t\t\t\t<div class=\"elementor-container elementor-column-gap-default\">\n\t\t\t\t\t<div class=\"elementor-column elementor-col-100 elementor-top-column elementor-element elementor-element-06721f6\" data-id=\"06721f6\" data-element_type=\"column\" data-e-type=\"column\">\n\t\t\t<div class=\"elementor-widget-wrap elementor-element-populated\">\n\t\t\t\t\t\t<div class=\"elementor-element elementor-element-fae0cb5 elementor-widget elementor-widget-image\" data-id=\"fae0cb5\" data-element_type=\"widget\" data-e-type=\"widget\" data-widget_type=\"image.default\">\n\t\t\t\t\t\t\t\t\t\t\t\t\t\t\t<img decoding=\"async\" width=\"768\" height=\"296\" src=\"https:\/\/soymigrante.com\/revista\/wp-content\/uploads\/2024\/05\/frankie-grupo-1-1024x395.webp\" class=\"attachment-large size-large wp-image-6638\" alt=\"J\u00f3venes graduados con toga y birrete en celebraci\u00f3n acad\u00e9mica, destacando el crecimiento y educaci\u00f3n de la comunidad migrante en M\u00e9xico.\" srcset=\"https:\/\/soymigrante.com\/revista\/wp-content\/uploads\/2024\/05\/frankie-grupo-1-1024x395.webp 1024w, https:\/\/soymigrante.com\/revista\/wp-content\/uploads\/2024\/05\/frankie-grupo-1-300x116.webp 300w, https:\/\/soymigrante.com\/revista\/wp-content\/uploads\/2024\/05\/frankie-grupo-1-768x296.webp 768w, https:\/\/soymigrante.com\/revista\/wp-content\/uploads\/2024\/05\/frankie-grupo-1-1536x592.webp 1536w, https:\/\/soymigrante.com\/revista\/wp-content\/uploads\/2024\/05\/frankie-grupo-1-750x289.webp 750w, https:\/\/soymigrante.com\/revista\/wp-content\/uploads\/2024\/05\/frankie-grupo-1-1140x439.webp 1140w, https:\/\/soymigrante.com\/revista\/wp-content\/uploads\/2024\/05\/frankie-grupo-1.webp 1803w\" sizes=\"(max-width: 768px) 100vw, 768px\" title=\"Frankie Maldonado, a la izquierda, junto a un grupo de compa\u00f1eros de High School. \u2013 SoyMigrante.com REVISTA\" \/>\t\t\t\t\t\t\t\t\t\t\t\t\t\t\t<\/div>\n\t\t\t\t\t<\/div>\n\t\t<\/div>\n\t\t\t\t\t<\/div>\n\t\t<\/section>\n\t\t\t\t<section data-particle_enable=\"false\" data-particle-mobile-disabled=\"false\" class=\"elementor-section elementor-top-section elementor-element elementor-element-aa041ee elementor-section-boxed elementor-section-height-default elementor-section-height-default\" data-id=\"aa041ee\" data-element_type=\"section\" data-e-type=\"section\">\n\t\t\t\t\t\t<div class=\"elementor-container elementor-column-gap-default\">\n\t\t\t\t\t<div class=\"elementor-column elementor-col-100 elementor-top-column elementor-element elementor-element-eed75e8\" data-id=\"eed75e8\" data-element_type=\"column\" data-e-type=\"column\">\n\t\t\t<div class=\"elementor-widget-wrap elementor-element-populated\">\n\t\t\t\t\t\t<div class=\"elementor-element elementor-element-b004eec elementor-widget elementor-widget-heading\" data-id=\"b004eec\" data-element_type=\"widget\" data-e-type=\"widget\" data-widget_type=\"heading.default\">\n\t\t\t\t\t<h4 class=\"elementor-heading-title elementor-size-default\">Frankie, v\u00ed un video en el cual te capacitan en algo como electricidad, soldadura o algo as\u00ed.. (el video es este) <\/h4>\t\t\t\t<\/div>\n\t\t\t\t\t<\/div>\n\t\t<\/div>\n\t\t\t\t\t<\/div>\n\t\t<\/section>\n\t\t\t\t<section data-particle_enable=\"false\" data-particle-mobile-disabled=\"false\" class=\"elementor-section elementor-top-section elementor-element elementor-element-3ba1028 elementor-section-boxed elementor-section-height-default elementor-section-height-default\" data-id=\"3ba1028\" data-element_type=\"section\" data-e-type=\"section\">\n\t\t\t\t\t\t<div class=\"elementor-container elementor-column-gap-default\">\n\t\t\t\t\t<div class=\"elementor-column elementor-col-100 elementor-top-column elementor-element elementor-element-9b46413\" data-id=\"9b46413\" data-element_type=\"column\" data-e-type=\"column\">\n\t\t\t<div class=\"elementor-widget-wrap elementor-element-populated\">\n\t\t\t\t\t\t<div class=\"elementor-element elementor-element-38a7d4d elementor-widget elementor-widget-video\" data-id=\"38a7d4d\" data-element_type=\"widget\" data-e-type=\"widget\" data-settings=\"{&quot;youtube_url&quot;:&quot;https:\\\/\\\/www.youtube.com\\\/watch?v=8KUuDvPBlRw&quot;,&quot;video_type&quot;:&quot;youtube&quot;,&quot;controls&quot;:&quot;yes&quot;}\" data-widget_type=\"video.default\">\n\t\t\t\t\t\t\t<div class=\"elementor-wrapper elementor-open-inline\">\n\t\t\t<div class=\"elementor-video\"><\/div>\t\t<\/div>\n\t\t\t\t\t\t<\/div>\n\t\t\t\t\t<\/div>\n\t\t<\/div>\n\t\t\t\t\t<\/div>\n\t\t<\/section>\n\t\t\t\t<section data-particle_enable=\"false\" data-particle-mobile-disabled=\"false\" class=\"elementor-section elementor-top-section elementor-element elementor-element-5f222c1 elementor-section-boxed elementor-section-height-default elementor-section-height-default\" data-id=\"5f222c1\" data-element_type=\"section\" data-e-type=\"section\">\n\t\t\t\t\t\t<div class=\"elementor-container elementor-column-gap-default\">\n\t\t\t\t\t<div class=\"elementor-column elementor-col-100 elementor-top-column elementor-element elementor-element-a1c0268\" data-id=\"a1c0268\" data-element_type=\"column\" data-e-type=\"column\">\n\t\t\t<div class=\"elementor-widget-wrap elementor-element-populated\">\n\t\t\t\t\t\t<div class=\"elementor-element elementor-element-aad85c0 elementor-widget elementor-widget-text-editor\" data-id=\"aad85c0\" data-element_type=\"widget\" data-e-type=\"widget\" data-widget_type=\"text-editor.default\">\n\t\t\t\t\t\t\t\t\t<p><span style=\"color: var( --e-global-color-text );\">-\u00a1Oh s\u00ed! Son aires acondicionados. <a href=\"https:\/\/www.metrotech.edu\/\">Es un programa que Metro Technology Centers, que ofrece cursos t\u00e9cnicos de muchas \u00e1reas<\/a>. Yo apliqu\u00e9 y me hicieron una entrevista. Me dieron la oportunidad&#8221;.\u00a0<\/span><\/p><p><span style=\"color: var( --e-global-color-text );\">&#8220;Me met\u00ed a HVAC (Aires acondicionados y calefacci\u00f3n). Al inicio no pensaba que eso era lo que quer\u00eda ser&#8230; pero me encant\u00f3. Aprendes de electricidad, electr\u00f3nica, soldadura, reparaci\u00f3n. Los profesores son muy dedicados y te animan a seguir creciendo. En ese video yo estaba conectando unos aires chiquititos, de pr\u00e1ctica. Me gradu\u00e9 y el 1 de julio empiezo a trabajar en una compa\u00f1\u00eda&#8230;<\/span><\/p><h4><span style=\"color: var( --e-global-color-text );\">Es que en EE.UU. el aire acondicionado pr\u00e1cticamente no puede faltar&#8230;<\/span><\/h4><p>&#8220;S\u00ed, por eso es para m\u00ed muy alegre ver las caras de las personas cuando les compongo su aire. Se miran bien felices y si puedes hacer eso con una empresa es un buen negocio. Aqu\u00ed en Estados Unidos cuando se pone caliente, se pone caliente o much\u00edsimo fr\u00edo en el invierno. Es un trabajo en el que se puede crecer.<\/p><h4><span style=\"color: var( --e-global-color-text );\">\u00bfY c\u00f3mo le hac\u00edas con las clases?<\/span><\/h4><p>Iba a la escuela de 8 de la ma\u00f1ana a 3 de la tarde. Sal\u00eda y conduc\u00eda hacia la otra escuela. Ya ten\u00eda auto, ja ja ja. Ahora el problema era tener para la gas. A las 4 entraba a MetroTec y sal\u00eda a las 7 u 8 de la noche. Depend\u00eda de cu\u00e1nto trabajo pendiente hab\u00eda. Al regresar a la casa a estudiar y hacer alguna tarea. Un ba\u00f1o y a dormir, hasta temprano el d\u00eda siguiente.<\/p><p>Fue tan buen estudiante que lo nombraron embajador estudiantil de <a href=\"https:\/\/www.youtube.com\/watch?v=yT0Y1oFHCck\">Metro Tech<\/a><\/p>\t\t\t\t\t\t\t\t<\/div>\n\t\t\t\t\t<\/div>\n\t\t<\/div>\n\t\t\t\t\t<\/div>\n\t\t<\/section>\n\t\t\t\t<section data-particle_enable=\"false\" data-particle-mobile-disabled=\"false\" class=\"elementor-section elementor-top-section elementor-element elementor-element-db41a04 elementor-section-boxed elementor-section-height-default elementor-section-height-default\" data-id=\"db41a04\" data-element_type=\"section\" data-e-type=\"section\">\n\t\t\t\t\t\t<div class=\"elementor-container elementor-column-gap-default\">\n\t\t\t\t\t<div class=\"elementor-column elementor-col-100 elementor-top-column elementor-element elementor-element-1d1379c\" data-id=\"1d1379c\" data-element_type=\"column\" data-e-type=\"column\">\n\t\t\t<div class=\"elementor-widget-wrap elementor-element-populated\">\n\t\t\t\t\t\t<div class=\"elementor-element elementor-element-4292010 elementor-widget elementor-widget-facebook-embed\" data-id=\"4292010\" data-element_type=\"widget\" data-e-type=\"widget\" data-widget_type=\"facebook-embed.default\">\n\t\t\t\t\t<div style=\"min-height: 1px\" class=\"elementor-facebook-widget fb-video\" data-href=\"https:\/\/www.facebook.com\/reel\/2208475066155489\" data-show-text=\"false\" data-allowfullscreen=\"false\" data-autoplay=\"false\" data-show-captions=\"false\"><\/div>\t\t\t\t<\/div>\n\t\t\t\t\t<\/div>\n\t\t<\/div>\n\t\t\t\t\t<\/div>\n\t\t<\/section>\n\t\t\t\t<section data-particle_enable=\"false\" data-particle-mobile-disabled=\"false\" class=\"elementor-section elementor-top-section elementor-element elementor-element-5b8f6df elementor-section-boxed elementor-section-height-default elementor-section-height-default\" data-id=\"5b8f6df\" data-element_type=\"section\" data-e-type=\"section\">\n\t\t\t\t\t\t<div class=\"elementor-container elementor-column-gap-default\">\n\t\t\t\t\t<div class=\"elementor-column elementor-col-100 elementor-top-column elementor-element elementor-element-69021b2\" data-id=\"69021b2\" data-element_type=\"column\" data-e-type=\"column\">\n\t\t\t<div class=\"elementor-widget-wrap elementor-element-populated\">\n\t\t\t\t\t\t<div class=\"elementor-element elementor-element-7f711f9 elementor-widget elementor-widget-heading\" data-id=\"7f711f9\" data-element_type=\"widget\" data-e-type=\"widget\" data-widget_type=\"heading.default\">\n\t\t\t\t\t<h3 class=\"elementor-heading-title elementor-size-default\">Esp\u00edritu de hermandad migrante <\/h3>\t\t\t\t<\/div>\n\t\t\t\t\t<\/div>\n\t\t<\/div>\n\t\t\t\t\t<\/div>\n\t\t<\/section>\n\t\t\t\t<section data-particle_enable=\"false\" data-particle-mobile-disabled=\"false\" class=\"elementor-section elementor-top-section elementor-element elementor-element-226665b elementor-section-boxed elementor-section-height-default elementor-section-height-default\" data-id=\"226665b\" data-element_type=\"section\" data-e-type=\"section\">\n\t\t\t\t\t\t<div class=\"elementor-container elementor-column-gap-default\">\n\t\t\t\t\t<div class=\"elementor-column elementor-col-100 elementor-top-column elementor-element elementor-element-3cd0c96\" data-id=\"3cd0c96\" data-element_type=\"column\" data-e-type=\"column\">\n\t\t\t<div class=\"elementor-widget-wrap elementor-element-populated\">\n\t\t\t\t\t\t<div class=\"elementor-element elementor-element-de33730 elementor-widget elementor-widget-text-editor\" data-id=\"de33730\" data-element_type=\"widget\" data-e-type=\"widget\" data-widget_type=\"text-editor.default\">\n\t\t\t\t\t\t\t\t\t<p><span style=\"color: var( --e-global-color-text );\">&#8220;En Northwest Classen hay un alto porcentaje de j\u00f3venes hispanos.\u00a0<\/span><span style=\"color: var( --e-global-color-text );\">Guatemaltecos, centroamericanos, sudamericanos. Yo nac\u00ed aqu\u00ed en EE.UU. y de ni\u00f1o aprend\u00ed solo espa\u00f1ol en casa&#8221;.\u00a0<\/span><\/p><p><span style=\"color: var( --e-global-color-text );\">&#8220;En la escuela comenc\u00e9 con el ingl\u00e9s desde peque\u00f1o.\u00a0<\/span><span style=\"color: var( --e-global-color-text );\">Muchos compa\u00f1eros llevaban poco tiempo en\u00a0 Estados Unidos y les costaba much\u00edsimo el ingl\u00e9s. Yo me sent\u00eda mal al ver su dificultad y les ayudaba en lo que pod\u00eda para que aprendieran y estudiaran&#8221;.<\/span><\/p><p><span style=\"color: var( --e-global-color-text );\">&#8220;A la vez animo a que m\u00e1s j\u00f3venes entren a Oklahoma Metro Tech, que soliciten y se esfuercen en las carreras que imparten. Hay profesores muy buenos&#8221;, agrega.\u00a0<\/span><\/p>\t\t\t\t\t\t\t\t<\/div>\n\t\t\t\t\t<\/div>\n\t\t<\/div>\n\t\t\t\t\t<\/div>\n\t\t<\/section>\n\t\t\t\t<section data-particle_enable=\"false\" data-particle-mobile-disabled=\"false\" class=\"elementor-section elementor-top-section elementor-element elementor-element-85845a3 elementor-section-boxed elementor-section-height-default elementor-section-height-default\" data-id=\"85845a3\" data-element_type=\"section\" data-e-type=\"section\">\n\t\t\t\t\t\t<div class=\"elementor-container elementor-column-gap-default\">\n\t\t\t\t\t<div class=\"elementor-column elementor-col-100 elementor-top-column elementor-element elementor-element-fe7a79a\" data-id=\"fe7a79a\" data-element_type=\"column\" data-e-type=\"column\">\n\t\t\t<div class=\"elementor-widget-wrap elementor-element-populated\">\n\t\t\t\t\t\t<div class=\"elementor-element elementor-element-8218dc3 elementor-widget elementor-widget-heading\" data-id=\"8218dc3\" data-element_type=\"widget\" data-e-type=\"widget\" data-widget_type=\"heading.default\">\n\t\t\t\t\t<h3 class=\"elementor-heading-title elementor-size-default\">Nuevos aires para un quetzal en vuelo<\/h3>\t\t\t\t<\/div>\n\t\t\t\t\t<\/div>\n\t\t<\/div>\n\t\t\t\t\t<\/div>\n\t\t<\/section>\n\t\t\t\t<section data-particle_enable=\"false\" data-particle-mobile-disabled=\"false\" class=\"elementor-section elementor-top-section elementor-element elementor-element-4dc8de1 elementor-section-boxed elementor-section-height-default elementor-section-height-default\" data-id=\"4dc8de1\" data-element_type=\"section\" data-e-type=\"section\">\n\t\t\t\t\t\t<div class=\"elementor-container elementor-column-gap-default\">\n\t\t\t\t\t<div class=\"elementor-column elementor-col-100 elementor-top-column elementor-element elementor-element-fb16f6d\" data-id=\"fb16f6d\" data-element_type=\"column\" data-e-type=\"column\">\n\t\t\t<div class=\"elementor-widget-wrap elementor-element-populated\">\n\t\t\t\t\t\t<div class=\"elementor-element elementor-element-4c95279 elementor-widget elementor-widget-text-editor\" data-id=\"4c95279\" data-element_type=\"widget\" data-e-type=\"widget\" data-widget_type=\"text-editor.default\">\n\t\t\t\t\t\t\t\t\t<p>Frankie reconoce el aporte de la identidad guatemalteca de sus padres y por eso quiere hacerlos sentir orgullosos de haberlo apoyado y de haber enfrentado tantas dificultades para sacarlo adelante.\u00a0\u00a0<span style=\"font-family: Roboto, sans-serif; font-size: 16px; font-style: normal; font-variant-ligatures: normal; font-variant-caps: normal; font-weight: 400; color: var( --e-global-color-text );\">Agradecido, dedica sus logros a ellos:\u00a0<\/span><\/p><p><span style=\"font-family: Roboto, sans-serif; font-size: 16px; font-style: normal; font-variant-ligatures: normal; font-variant-caps: normal; font-weight: 400; color: var( --e-global-color-text );\">&#8220;Nunca me falt\u00f3 comida, ropa, estudio. S\u00e9 que hubo tiempos dif\u00edciles en que trabajaban mucho y les pagaban muy poco&#8230; pero nunca me falt\u00f3 nada y por eso tengo metas m\u00e1s altas&#8221;.<\/span><\/p><p>&#8220;V<span style=\"color: var( --e-global-color-text );\">oy a estudiar una carrera de Bussiness and Administration para poder crear mi propia compa\u00f1\u00eda. Ser un empresario de los aires acondicionados: instalaci\u00f3n, mantenimiento, reparaci\u00f3n. La Universidad es cara, pero Hay becas a las que tengo acceso as\u00ed que espero poder lograrlo.&#8221;<\/span><\/p><p>\u00a0<\/p><p>\u00a0<\/p>\t\t\t\t\t\t\t\t<\/div>\n\t\t\t\t\t<\/div>\n\t\t<\/div>\n\t\t\t\t\t<\/div>\n\t\t<\/section>\n\t\t\t\t<section data-particle_enable=\"false\" data-particle-mobile-disabled=\"false\" class=\"elementor-section elementor-top-section elementor-element elementor-element-9fde446 elementor-section-boxed elementor-section-height-default elementor-section-height-default\" data-id=\"9fde446\" data-element_type=\"section\" data-e-type=\"section\">\n\t\t\t\t\t\t<div class=\"elementor-container elementor-column-gap-default\">\n\t\t\t\t\t<div class=\"elementor-column elementor-col-100 elementor-top-column elementor-element elementor-element-d2efcfb\" data-id=\"d2efcfb\" data-element_type=\"column\" data-e-type=\"column\">\n\t\t\t<div class=\"elementor-widget-wrap elementor-element-populated\">\n\t\t\t\t\t\t<div class=\"elementor-element elementor-element-9a90366 elementor-widget elementor-widget-video\" data-id=\"9a90366\" data-element_type=\"widget\" data-e-type=\"widget\" data-settings=\"{&quot;youtube_url&quot;:&quot;https:\\\/\\\/www.youtube.com\\\/watch?v=yT0Y1oFHCck&quot;,&quot;video_type&quot;:&quot;youtube&quot;,&quot;controls&quot;:&quot;yes&quot;}\" data-widget_type=\"video.default\">\n\t\t\t\t\t\t\t<div class=\"elementor-wrapper elementor-open-inline\">\n\t\t\t<div class=\"elementor-video\"><\/div>\t\t<\/div>\n\t\t\t\t\t\t<\/div>\n\t\t\t\t\t<\/div>\n\t\t<\/div>\n\t\t\t\t\t<\/div>\n\t\t<\/section>\n\t\t\t\t<section data-particle_enable=\"false\" data-particle-mobile-disabled=\"false\" class=\"elementor-section elementor-top-section elementor-element elementor-element-85b0e23 elementor-section-boxed elementor-section-height-default elementor-section-height-default\" data-id=\"85b0e23\" data-element_type=\"section\" data-e-type=\"section\">\n\t\t\t\t\t\t<div class=\"elementor-container elementor-column-gap-default\">\n\t\t\t\t\t<div class=\"elementor-column elementor-col-100 elementor-top-column elementor-element elementor-element-edba4e4\" data-id=\"edba4e4\" data-element_type=\"column\" data-e-type=\"column\">\n\t\t\t<div class=\"elementor-widget-wrap elementor-element-populated\">\n\t\t\t\t\t\t<div class=\"elementor-element elementor-element-7c5e3d6 elementor-widget elementor-widget-heading\" data-id=\"7c5e3d6\" data-element_type=\"widget\" data-e-type=\"widget\" data-widget_type=\"heading.default\">\n\t\t\t\t\t<h2 class=\"elementor-heading-title elementor-size-default\">Los guatemaltecos siempre seguimos adelante <\/h2>\t\t\t\t<\/div>\n\t\t\t\t\t<\/div>\n\t\t<\/div>\n\t\t\t\t\t<\/div>\n\t\t<\/section>\n\t\t\t\t<section data-particle_enable=\"false\" data-particle-mobile-disabled=\"false\" class=\"elementor-section elementor-top-section elementor-element elementor-element-c8550e5 elementor-section-boxed elementor-section-height-default elementor-section-height-default\" data-id=\"c8550e5\" data-element_type=\"section\" data-e-type=\"section\">\n\t\t\t\t\t\t<div class=\"elementor-container elementor-column-gap-default\">\n\t\t\t\t\t<div class=\"elementor-column elementor-col-100 elementor-top-column elementor-element elementor-element-58b68c4\" data-id=\"58b68c4\" data-element_type=\"column\" data-e-type=\"column\">\n\t\t\t<div class=\"elementor-widget-wrap elementor-element-populated\">\n\t\t\t\t\t\t<div class=\"elementor-element elementor-element-a00fc47 elementor-widget elementor-widget-blfe-post-grid\" data-id=\"a00fc47\" data-element_type=\"widget\" data-e-type=\"widget\" data-settings=\"{&quot;columns&quot;:&quot;3&quot;,&quot;columns_tablet&quot;:&quot;6&quot;,&quot;columns_mobile&quot;:&quot;12&quot;,&quot;classic1_layout_column_gap&quot;:{&quot;unit&quot;:&quot;px&quot;,&quot;size&quot;:30,&quot;sizes&quot;:[]},&quot;classic1_layout_column_gap_tablet&quot;:{&quot;unit&quot;:&quot;px&quot;,&quot;size&quot;:&quot;&quot;,&quot;sizes&quot;:[]},&quot;classic1_layout_column_gap_mobile&quot;:{&quot;unit&quot;:&quot;px&quot;,&quot;size&quot;:&quot;&quot;,&quot;sizes&quot;:[]},&quot;classic1_layout_row_gap&quot;:{&quot;unit&quot;:&quot;px&quot;,&quot;size&quot;:30,&quot;sizes&quot;:[]},&quot;classic1_layout_row_gap_tablet&quot;:{&quot;unit&quot;:&quot;px&quot;,&quot;size&quot;:&quot;&quot;,&quot;sizes&quot;:[]},&quot;classic1_layout_row_gap_mobile&quot;:{&quot;unit&quot;:&quot;px&quot;,&quot;size&quot;:&quot;&quot;,&quot;sizes&quot;:[]}}\" data-widget_type=\"blfe-post-grid.classic1\">\n\t\t\t\t<div class=\"elementor-widget-container\">\n\t\t\t\t\t\n                        <div class=\"blfe-post-grid-container \">\n            \n                <div data-skin=\"classic1\" class=\"blfe-row blfe-posts-inner blfe-classic1 blfe-posts-inner blfe-col-3 blfe-col-tab-6 blfe-col-mob-12     \">\n                            <div class=\"blfe-post-grid-item \">\n            <div class=\"blfe-post-grid-item-inner blfe-modern-zoom\">\n                <a class=\"blfe-post-grid-image\" href=\"https:\/\/soymigrante.com\/revista\/miss-gualan-usa-coronacion-imprevisto-guatemaltecos-en-estados-unidos-union-abril-2026\/\" title=\"Un imprevisto en la coronaci\u00f3n de Miss Gualan U.S.A. 2026 en Los Angeles hizo brillar la uni\u00f3n guatemalteca\" rel=\"nofollow\" target=\"_blank\"><img decoding=\"async\" src=\"https:\/\/soymigrante.com\/revista\/wp-content\/uploads\/2026\/04\/guatemaltecos-en-Estados-Unidos-miss-gualan-USA-coronacion-5.jpg\" alt=\"Un imprevisto en la coronaci\u00f3n de Miss Gualan U.S.A. 2026 en Los Angeles hizo brillar la uni\u00f3n guatemalteca\"\/><\/a>                <span class=\"blfe-post-category\"><a href=\"https:\/\/soymigrante.com\/revista\/category\/estamos-unidos\/\">Estamos Unidos<\/a><\/span>                <div class=\"blfe-post-grid-details\">\n                    <div class=\"blfe-post-grid-details-inner\">\n                        <h3 class=\"blfe-post-grid-title\">\n            <a href=\"https:\/\/soymigrante.com\/revista\/miss-gualan-usa-coronacion-imprevisto-guatemaltecos-en-estados-unidos-union-abril-2026\/\" title=\"Un imprevisto en la coronaci\u00f3n de Miss Gualan U.S.A. 2026 en Los Angeles hizo brillar la uni\u00f3n guatemalteca\" rel=\"nofollow\" target=\"_blank\">Un imprevisto en la coronaci\u00f3n de Miss Gualan U.S.A. 2026 en Los Angeles hizo brillar la uni\u00f3n guatemalteca<\/a>\n            <\/h3>                        <p class=\"blfe-post-grid-excerpt\">A poco de haber comenzado la esperada coronaci\u00f3n de Christal Ivette Cabrera, Miss Gual\u00e1n U.S.A. 2026-2027, el s\u00e1bado 25 de...<\/p>                                    <div class=\"blfe-post-grid-meta\">\n                <span class=\"blfe-post-grid-author\"><i class=\"fa fa-user far fa-user\"><\/i>by <a href=\"https:\/\/soymigrante.com\/revista\/author\/soymigrante\/\">SoyMigrante.com REVISTA<\/a><\/span><span class=\"blfe-post-grid-date\"><i class=\"fa fa-calendar-alt far fa-calendar-alt\"><\/i>27\/04\/2026<\/span>            <\/div>\n                                                        <\/div>\n                <\/div>\n\n            <\/div>\n        <\/div>\n                <div class=\"blfe-post-grid-item \">\n            <div class=\"blfe-post-grid-item-inner blfe-modern-zoom\">\n                <a class=\"blfe-post-grid-image\" href=\"https:\/\/soymigrante.com\/revista\/cantautora-migrante-guatemalteca-wendy-dgi-crea-cancion-desafiante-la-envidia\/\" title=\"&#8220;La Envidia&#8221;: cantautora migrante guatemalteca Wendy DGi crea una canci\u00f3n desafiante\" rel=\"nofollow\" target=\"_blank\"><img decoding=\"async\" src=\"https:\/\/soymigrante.com\/revista\/wp-content\/uploads\/2026\/04\/wendy-DGi-cantautora-migrante-guatemalteca-en-nueva-york-copia.jpg\" alt=\"&#8220;La Envidia&#8221;: cantautora migrante guatemalteca Wendy DGi crea una canci\u00f3n desafiante\"\/><\/a>                <span class=\"blfe-post-category\"><a href=\"https:\/\/soymigrante.com\/revista\/category\/estamos-unidos\/lugar-de-voces\/\">Lugar de Voces<\/a><\/span>                <div class=\"blfe-post-grid-details\">\n                    <div class=\"blfe-post-grid-details-inner\">\n                        <h3 class=\"blfe-post-grid-title\">\n            <a href=\"https:\/\/soymigrante.com\/revista\/cantautora-migrante-guatemalteca-wendy-dgi-crea-cancion-desafiante-la-envidia\/\" title=\"&#8220;La Envidia&#8221;: cantautora migrante guatemalteca Wendy DGi crea una canci\u00f3n desafiante\" rel=\"nofollow\" target=\"_blank\">&#8220;La Envidia&#8221;: cantautora migrante guatemalteca Wendy DGi crea una canci\u00f3n desafiante<\/a>\n            <\/h3>                        <p class=\"blfe-post-grid-excerpt\">Cantautora migrante guatemalteca Wendy DGi cuenta el origen de su m\u00e1s reciente canci\u00f3n La Envidia. Radicada en Nueva York, posee...<\/p>                                    <div class=\"blfe-post-grid-meta\">\n                <span class=\"blfe-post-grid-author\"><i class=\"fa fa-user far fa-user\"><\/i>by <a href=\"https:\/\/soymigrante.com\/revista\/author\/soymigrante\/\">SoyMigrante.com REVISTA<\/a><\/span><span class=\"blfe-post-grid-date\"><i class=\"fa fa-calendar-alt far fa-calendar-alt\"><\/i>24\/04\/2026<\/span>            <\/div>\n                                                        <\/div>\n                <\/div>\n\n            <\/div>\n        <\/div>\n                <div class=\"blfe-post-grid-item \">\n            <div class=\"blfe-post-grid-item-inner blfe-modern-zoom\">\n                <a class=\"blfe-post-grid-image\" href=\"https:\/\/soymigrante.com\/revista\/donacion-migrante-de-equipo-y-capacitacion-desde-nueva-york-fortalece-a-bomberos-de-quetzaltenango\/\" title=\"Donaci\u00f3n migrante de equipo y capacitaci\u00f3n desde Nueva York fortalece a bomberos de Quetzaltenango\" rel=\"nofollow\" target=\"_blank\"><img decoding=\"async\" src=\"https:\/\/soymigrante.com\/revista\/wp-content\/uploads\/2026\/04\/guatemaltecos-en-estados-unidos-migrantes-donacion-a-bomberos-quezaltenango-fundacion-911-ddf.png\" alt=\"Donaci\u00f3n migrante de equipo y capacitaci\u00f3n desde Nueva York fortalece a bomberos de Quetzaltenango\"\/><\/a>                <span class=\"blfe-post-category\"><a href=\"https:\/\/soymigrante.com\/revista\/category\/estamos-unidos\/\">Estamos Unidos<\/a><\/span>                <div class=\"blfe-post-grid-details\">\n                    <div class=\"blfe-post-grid-details-inner\">\n                        <h3 class=\"blfe-post-grid-title\">\n            <a href=\"https:\/\/soymigrante.com\/revista\/donacion-migrante-de-equipo-y-capacitacion-desde-nueva-york-fortalece-a-bomberos-de-quetzaltenango\/\" title=\"Donaci\u00f3n migrante de equipo y capacitaci\u00f3n desde Nueva York fortalece a bomberos de Quetzaltenango\" rel=\"nofollow\" target=\"_blank\">Donaci\u00f3n migrante de equipo y capacitaci\u00f3n desde Nueva York fortalece a bomberos de Quetzaltenango<\/a>\n            <\/h3>                        <p class=\"blfe-post-grid-excerpt\">La emprendedora migrante Ana Prince, residente en Nueva York impulsa el apoyo t\u00e9cnico y equipamiento de bomberos departamentales de su...<\/p>                                    <div class=\"blfe-post-grid-meta\">\n                <span class=\"blfe-post-grid-author\"><i class=\"fa fa-user far fa-user\"><\/i>by <a href=\"https:\/\/soymigrante.com\/revista\/author\/gustavo\/\">Gustavo Montenegro<\/a><\/span><span class=\"blfe-post-grid-date\"><i class=\"fa fa-calendar-alt far fa-calendar-alt\"><\/i>24\/04\/2026<\/span>            <\/div>\n                                                        <\/div>\n                <\/div>\n\n            <\/div>\n        <\/div>\n                <div class=\"blfe-post-grid-item \">\n            <div class=\"blfe-post-grid-item-inner blfe-modern-zoom\">\n                <a class=\"blfe-post-grid-image\" href=\"https:\/\/soymigrante.com\/revista\/coronaran-a-miss-gualan-usa-2026-27-en-los-angeles-la-belleza-de-la-solidaridad-migrante\/\" title=\"Coronar\u00e1n a Miss Gual\u00e1n USA 2026-27 en Los Angeles: la belleza de la solidaridad migrante\" rel=\"nofollow\" target=\"_blank\"><img decoding=\"async\" src=\"https:\/\/soymigrante.com\/revista\/wp-content\/uploads\/2026\/04\/miss-gualan-usa-2026-2027-krystal-ivette-cabrera-cordon-de-texas.png\" alt=\"Coronar\u00e1n a Miss Gual\u00e1n USA 2026-27 en Los Angeles: la belleza de la solidaridad migrante\"\/><\/a>                <span class=\"blfe-post-category\"><a href=\"https:\/\/soymigrante.com\/revista\/category\/estamos-unidos\/\">Estamos Unidos<\/a><\/span>                <div class=\"blfe-post-grid-details\">\n                    <div class=\"blfe-post-grid-details-inner\">\n                        <h3 class=\"blfe-post-grid-title\">\n            <a href=\"https:\/\/soymigrante.com\/revista\/coronaran-a-miss-gualan-usa-2026-27-en-los-angeles-la-belleza-de-la-solidaridad-migrante\/\" title=\"Coronar\u00e1n a Miss Gual\u00e1n USA 2026-27 en Los Angeles: la belleza de la solidaridad migrante\" rel=\"nofollow\" target=\"_blank\">Coronar\u00e1n a Miss Gual\u00e1n USA 2026-27 en Los Angeles: la belleza de la solidaridad migrante<\/a>\n            <\/h3>                        <p class=\"blfe-post-grid-excerpt\">La uni\u00f3n de los guatemaltecos en Estados Unidos se expresa de muchas formas y la comunidad migrante de Gual\u00e1n nunca...<\/p>                                    <div class=\"blfe-post-grid-meta\">\n                <span class=\"blfe-post-grid-author\"><i class=\"fa fa-user far fa-user\"><\/i>by <a href=\"https:\/\/soymigrante.com\/revista\/author\/gustavo\/\">Gustavo Montenegro<\/a><\/span><span class=\"blfe-post-grid-date\"><i class=\"fa fa-calendar-alt far fa-calendar-alt\"><\/i>20\/04\/2026<\/span>            <\/div>\n                                                        <\/div>\n                <\/div>\n\n            <\/div>\n        <\/div>\n                <div class=\"blfe-post-grid-item \">\n            <div class=\"blfe-post-grid-item-inner blfe-modern-zoom\">\n                <a class=\"blfe-post-grid-image\" href=\"https:\/\/soymigrante.com\/revista\/solicitan-ayuda-para-repatriacion-de-dos-migrantes-guatemaltecos-desde-oklahoma-e-illinois\/\" title=\"Solicitan ayuda para repatriaci\u00f3n de dos migrantes guatemaltecos desde Oklahoma e Illinois\" rel=\"nofollow\" target=\"_blank\"><img decoding=\"async\" src=\"https:\/\/soymigrante.com\/revista\/wp-content\/uploads\/2026\/04\/solidaridad-migrante-ayuda-para-repatriar-a-guatemaltecos-desde-oklahoma-e-illinois.png\" alt=\"Solicitan ayuda para repatriaci\u00f3n de dos migrantes guatemaltecos desde Oklahoma e Illinois\"\/><\/a>                <span class=\"blfe-post-category\"><a href=\"https:\/\/soymigrante.com\/revista\/category\/estamos-unidos\/solidaridad\/\">Solidaridad<\/a><\/span>                <div class=\"blfe-post-grid-details\">\n                    <div class=\"blfe-post-grid-details-inner\">\n                        <h3 class=\"blfe-post-grid-title\">\n            <a href=\"https:\/\/soymigrante.com\/revista\/solicitan-ayuda-para-repatriacion-de-dos-migrantes-guatemaltecos-desde-oklahoma-e-illinois\/\" title=\"Solicitan ayuda para repatriaci\u00f3n de dos migrantes guatemaltecos desde Oklahoma e Illinois\" rel=\"nofollow\" target=\"_blank\">Solicitan ayuda para repatriaci\u00f3n de dos migrantes guatemaltecos desde Oklahoma e Illinois<\/a>\n            <\/h3>                        <p class=\"blfe-post-grid-excerpt\">Dos casos totalmente distintos y distantes entre s\u00ed, pero unidos por el afecto de familiares y amigos que quieren cumplir...<\/p>                                    <div class=\"blfe-post-grid-meta\">\n                <span class=\"blfe-post-grid-author\"><i class=\"fa fa-user far fa-user\"><\/i>by <a href=\"https:\/\/soymigrante.com\/revista\/author\/soymigrante\/\">SoyMigrante.com REVISTA<\/a><\/span><span class=\"blfe-post-grid-date\"><i class=\"fa fa-calendar-alt far fa-calendar-alt\"><\/i>15\/04\/2026<\/span>            <\/div>\n                                                        <\/div>\n                <\/div>\n\n            <\/div>\n        <\/div>\n                <div class=\"blfe-post-grid-item \">\n            <div class=\"blfe-post-grid-item-inner blfe-modern-zoom\">\n                <a class=\"blfe-post-grid-image\" href=\"https:\/\/soymigrante.com\/revista\/reconocen-talentos-y-aportes-de-guatemaltecos-e-hispanos-en-premios-20-under-40-oklahoma\/\" title=\"Reconocen talentos y aportes de guatemaltecos e hispanos en premios 20 under 40 Oklahoma\" rel=\"nofollow\" target=\"_blank\"><img decoding=\"async\" src=\"https:\/\/soymigrante.com\/revista\/wp-content\/uploads\/2026\/04\/reconocen-talentos-en-oklahoma-2026.png\" alt=\"Reconocen talentos y aportes de guatemaltecos e hispanos en premios 20 under 40 Oklahoma\"\/><\/a>                <span class=\"blfe-post-category\"><a href=\"https:\/\/soymigrante.com\/revista\/category\/estamos-unidos\/\">Estamos Unidos<\/a><\/span>                <div class=\"blfe-post-grid-details\">\n                    <div class=\"blfe-post-grid-details-inner\">\n                        <h3 class=\"blfe-post-grid-title\">\n            <a href=\"https:\/\/soymigrante.com\/revista\/reconocen-talentos-y-aportes-de-guatemaltecos-e-hispanos-en-premios-20-under-40-oklahoma\/\" title=\"Reconocen talentos y aportes de guatemaltecos e hispanos en premios 20 under 40 Oklahoma\" rel=\"nofollow\" target=\"_blank\">Reconocen talentos y aportes de guatemaltecos e hispanos en premios 20 under 40 Oklahoma<\/a>\n            <\/h3>                        <p class=\"blfe-post-grid-excerpt\">En su tercer a\u00f1o consecutivo, premios 20 under 40 reconoce a guatemaltecos e hispanos cuyos emprendimientos, negocios y servicio profesional...<\/p>                                    <div class=\"blfe-post-grid-meta\">\n                <span class=\"blfe-post-grid-author\"><i class=\"fa fa-user far fa-user\"><\/i>by <a href=\"https:\/\/soymigrante.com\/revista\/author\/gustavo\/\">Gustavo Montenegro<\/a><\/span><span class=\"blfe-post-grid-date\"><i class=\"fa fa-calendar-alt far fa-calendar-alt\"><\/i>14\/04\/2026<\/span>            <\/div>\n                                                        <\/div>\n                <\/div>\n\n            <\/div>\n        <\/div>\n                        <\/div>\n\n                        <\/div>\n            \n                        <div class=\"blfe-post-footer\">\n                        <\/div>\n            \t\t\t\t<\/div>\n\t\t\t\t<\/div>\n\t\t\t\t\t<\/div>\n\t\t<\/div>\n\t\t\t\t\t<\/div>\n\t\t<\/section>\n\t\t\t\t<\/div>\n\t\t","protected":false},"excerpt":{"rendered":"<p>Nacido en EE.UU. de padres guatemaltecos, Francisco &#8220;Frankie&#8221; Maldonado se gradu\u00f3 de High School pero tambi\u00e9n como t\u00e9cnico de HVAC (aires acondicionados) en Metro Tech de Oklahoma. Ir\u00e1 a la Universidad porque su nueva meta es tener su propia compa\u00f1\u00eda. Caminando en la nieve y el fr\u00edo, o a veces bajo la lluvia, pregunt\u00e1ndose \u00bfPor [&hellip;]<\/p>\n","protected":false},"author":7,"featured_media":6635,"comment_status":"open","ping_status":"open","sticky":false,"template":"","format":"standard","meta":{"_acf_changed":true,"_eb_attr":"","footnotes":""},"categories":[54],"tags":[],"class_list":["post-6634","post","type-post","status-publish","format-standard","has-post-thumbnail","hentry","category-estamos-unidos"],"acf":[],"aioseo_notices":[],"aioseo_head":"\n\t\t<!-- All in One SEO Pro 4.9.6.2 - aioseo.com -->\n\t<meta name=\"description\" content=\"Guatemaltecos aportan, sirven y construyen una mejor comunidad en Oklahoma; premio 20 under 40 los reconoce junto a emprendedores y profesionales hispanos.\" \/>\n\t<meta name=\"robots\" content=\"max-snippet:-1, max-image-preview:large, max-video-preview:-1\" \/>\n\t<meta name=\"author\" content=\"Gustavo Montenegro\"\/>\n\t<link rel=\"canonical\" href=\"https:\/\/soymigrante.com\/revista\/reconocen-talentos-y-aportes-de-guatemaltecos-e-hispanos-en-premios-20-under-40-oklahoma\/\" \/>\n\t<meta name=\"generator\" content=\"All in One SEO Pro (AIOSEO) 4.9.6.2\" \/>\n\n\t\t<link rel=\"preconnect\" href=\"https:\/\/fonts.googleapis.com\" crossorigin>\n<link rel=\"preconnect\" href=\"https:\/\/fonts.gstatic.com\" crossorigin>\n\t\t<meta property=\"og:locale\" content=\"es_ES\" \/>\n\t\t<meta property=\"og:site_name\" content=\"SoyMigrante.com REVISTA \u2013 Nuestra misi\u00f3n es reconocer y dignificar al migrante.\" \/>\n\t\t<meta property=\"og:type\" content=\"article\" \/>\n\t\t<meta property=\"og:title\" content=\"Reconocen talento guatemalteco e hispano en Oklahoma\" \/>\n\t\t<meta property=\"og:description\" content=\"Guatemaltecos aportan, sirven y construyen una mejor comunidad en Oklahoma; premio 20 under 40 los reconoce junto a emprendedores y profesionales hispanos.\" \/>\n\t\t<meta property=\"og:url\" content=\"https:\/\/soymigrante.com\/revista\/reconocen-talentos-y-aportes-de-guatemaltecos-e-hispanos-en-premios-20-under-40-oklahoma\/\" \/>\n\t\t<meta property=\"og:image\" content=\"https:\/\/soymigrante.com\/revista\/wp-content\/uploads\/2026\/04\/reconocen-talentos-en-oklahoma-2026.png\" \/>\n\t\t<meta property=\"og:image:secure_url\" content=\"https:\/\/soymigrante.com\/revista\/wp-content\/uploads\/2026\/04\/reconocen-talentos-en-oklahoma-2026.png\" \/>\n\t\t<meta property=\"og:image:width\" content=\"1200\" \/>\n\t\t<meta property=\"og:image:height\" content=\"1200\" \/>\n\t\t<meta property=\"article:published_time\" content=\"2026-04-14T16:25:47+00:00\" \/>\n\t\t<meta property=\"article:modified_time\" content=\"2026-04-14T17:37:29+00:00\" \/>\n\t\t<meta property=\"article:publisher\" content=\"https:\/\/www.facebook.com\/soymigrantecom\" \/>\n\t\t<meta name=\"twitter:card\" content=\"summary_large_image\" \/>\n\t\t<meta name=\"twitter:site\" content=\"@SoyMigrante_com\" \/>\n\t\t<meta name=\"twitter:title\" content=\"Reconocen talento guatemalteco e hispano en Oklahoma\" \/>\n\t\t<meta name=\"twitter:description\" content=\"Guatemaltecos aportan, sirven y construyen una mejor comunidad en Oklahoma; premio 20 under 40 los reconoce junto a emprendedores y profesionales hispanos.\" \/>\n\t\t<meta name=\"twitter:creator\" content=\"@SoyMigrante_com\" \/>\n\t\t<meta name=\"twitter:image\" content=\"https:\/\/soymigrante.com\/revista\/wp-content\/uploads\/2026\/04\/reconocen-talentos-en-oklahoma-2026.png\" \/>\n\t\t<!-- All in One SEO Pro -->\r\n\t\t<title>Reconocen talento guatemalteco e hispano en Oklahoma<\/title>\n\n","aioseo_head_json":{"title":"Reconocen talento guatemalteco e hispano en Oklahoma","description":"Guatemaltecos aportan, sirven y construyen una mejor comunidad en Oklahoma; premio 20 under 40 los reconoce junto a emprendedores y profesionales hispanos.","canonical_url":"https:\/\/soymigrante.com\/revista\/reconocen-talentos-y-aportes-de-guatemaltecos-e-hispanos-en-premios-20-under-40-oklahoma\/","robots":"max-snippet:-1, max-image-preview:large, max-video-preview:-1","keywords":"","webmasterTools":{"miscellaneous":"&lt;link rel=\"preconnect\" href=\"https:\/\/fonts.googleapis.com\" crossorigin&gt;\n&lt;link rel=\"preconnect\" href=\"https:\/\/fonts.gstatic.com\" crossorigin&gt;"},"schema":null,"og:locale":"es_ES","og:site_name":"SoyMigrante.com REVISTA \u2013 Nuestra misi\u00f3n es reconocer y dignificar al migrante.","og:type":"article","og:title":"Reconocen talento guatemalteco e hispano en Oklahoma","og:description":"Guatemaltecos aportan, sirven y construyen una mejor comunidad en Oklahoma; premio 20 under 40 los reconoce junto a emprendedores y profesionales hispanos.","og:url":"https:\/\/soymigrante.com\/revista\/reconocen-talentos-y-aportes-de-guatemaltecos-e-hispanos-en-premios-20-under-40-oklahoma\/","og:image":"https:\/\/soymigrante.com\/revista\/wp-content\/uploads\/2026\/04\/reconocen-talentos-en-oklahoma-2026.png","og:image:secure_url":"https:\/\/soymigrante.com\/revista\/wp-content\/uploads\/2026\/04\/reconocen-talentos-en-oklahoma-2026.png","og:image:width":1200,"og:image:height":1200,"article:published_time":"2026-04-14T16:25:47+00:00","article:modified_time":"2026-04-14T17:37:29+00:00","article:publisher":"https:\/\/www.facebook.com\/soymigrantecom","twitter:card":"summary_large_image","twitter:site":"@SoyMigrante_com","twitter:title":"Reconocen talento guatemalteco e hispano en Oklahoma","twitter:description":"Guatemaltecos aportan, sirven y construyen una mejor comunidad en Oklahoma; premio 20 under 40 los reconoce junto a emprendedores y profesionales hispanos.","twitter:creator":"@SoyMigrante_com","twitter:image":"https:\/\/soymigrante.com\/revista\/wp-content\/uploads\/2026\/04\/reconocen-talentos-en-oklahoma-2026.png"},"aioseo_meta_data":{"post_id":"6634","title":"Quetzal en vuelo: Nuevos aires para Frankie Maldonado","description":"Hijo de migrantes guatemaltecos en USA, Frankie se gradu\u00f3 de High School y curs\u00f3 una carreta t\u00e9cnica. Su meta es tener su propia empresa de aire acondicionado.","keywords":null,"keyphrases":{"focus":{"keyphrase":"Migrante","score":65,"analysis":{"keyphraseInTitle":{"score":3,"maxScore":9,"error":1},"keyphraseInDescription":{"score":3,"maxScore":9,"error":1},"keyphraseLength":{"score":9,"maxScore":9,"error":0,"length":1},"keyphraseInURL":{"score":5,"maxScore":5,"error":0},"keyphraseInIntroduction":{"score":3,"maxScore":9,"error":1},"keyphraseInSubHeadings":{"score":3,"maxScore":9,"error":1},"keyphraseInImageAlt":{"score":9,"maxScore":9,"error":0},"keywordDensity":{"type":"best","score":9,"maxScore":9,"error":0}}},"additional":[{"keyphrase":"Quetzal","score":53,"analysis":{"keyphraseInDescription":{"score":3,"maxScore":9,"error":1},"keyphraseLength":{"score":9,"maxScore":9,"error":0,"length":1},"keyphraseInIntroduction":{"score":3,"maxScore":9,"error":1},"keyphraseInImageAlt":{"score":9,"maxScore":9,"error":0},"keywordDensity":{"score":0,"type":"low","maxScore":9,"error":1}}}]},"primary_term":null,"canonical_url":null,"og_title":null,"og_description":null,"og_object_type":"default","og_image_type":"default","og_image_url":null,"og_image_width":null,"og_image_height":null,"og_image_custom_url":null,"og_image_custom_fields":null,"og_video":"","og_custom_url":null,"og_article_section":null,"og_article_tags":null,"twitter_use_og":false,"twitter_card":"default","twitter_image_type":"default","twitter_image_url":null,"twitter_image_custom_url":null,"twitter_image_custom_fields":null,"twitter_title":null,"twitter_description":null,"schema":{"blockGraphs":[],"customGraphs":[],"default":{"data":{"Article":[],"Course":[],"Dataset":[],"FAQPage":[],"Movie":[],"Person":[],"Product":[],"ProductReview":[],"Car":[],"Recipe":[],"Service":[],"SoftwareApplication":[],"WebPage":[]},"graphName":"Article","isEnabled":true},"graphs":[]},"schema_type":"default","schema_type_options":null,"pillar_content":false,"robots_default":true,"robots_noindex":false,"robots_noarchive":false,"robots_nosnippet":false,"robots_nofollow":false,"robots_noimageindex":false,"robots_noodp":false,"robots_notranslate":false,"robots_max_snippet":"-1","robots_max_videopreview":"-1","robots_max_imagepreview":"large","priority":null,"frequency":"default","local_seo":null,"seo_analyzer_scan_date":"2025-10-08 21:55:16","breadcrumb_settings":null,"limit_modified_date":false,"reviewed_by":null,"open_ai":"{\"title\":{\"suggestions\":[],\"usage\":0},\"description\":{\"suggestions\":[],\"usage\":0}}","ai":null,"created":"2024-05-25 18:34:34","updated":"2026-02-04 11:55:00"},"aioseo_breadcrumb":"<div class=\"aioseo-breadcrumbs\"><span class=\"aioseo-breadcrumb\">\n\t<a href=\"https:\/\/soymigrante.com\/revista\" title=\"Home\">Home<\/a>\n<\/span><span class=\"aioseo-breadcrumb-separator\">\u00bb<\/span><span class=\"aioseo-breadcrumb\">\n\t<a href=\"https:\/\/soymigrante.com\/revista\/category\/estamos-unidos\/\" title=\"Estamos Unidos\">Estamos Unidos<\/a>\n<\/span><span class=\"aioseo-breadcrumb-separator\">\u00bb<\/span><span class=\"aioseo-breadcrumb\">\n\tQuetzal vuela alto: Nuevos aires para Frankie Maldonado, 2 veces graduado\n<\/span><\/div>","aioseo_breadcrumb_json":[{"label":"Home","link":"https:\/\/soymigrante.com\/revista"},{"label":"Estamos Unidos","link":"https:\/\/soymigrante.com\/revista\/category\/estamos-unidos\/"},{"label":"Quetzal vuela alto: Nuevos aires para Frankie Maldonado, 2 veces graduado","link":"https:\/\/soymigrante.com\/revista\/quetzal-en-vuelo-nuevos-aires-para-frankie-maldonado-con-doble-graduacion\/"}],"_links":{"self":[{"href":"https:\/\/soymigrante.com\/revista\/wp-json\/wp\/v2\/posts\/6634","targetHints":{"allow":["GET"]}}],"collection":[{"href":"https:\/\/soymigrante.com\/revista\/wp-json\/wp\/v2\/posts"}],"about":[{"href":"https:\/\/soymigrante.com\/revista\/wp-json\/wp\/v2\/types\/post"}],"author":[{"embeddable":true,"href":"https:\/\/soymigrante.com\/revista\/wp-json\/wp\/v2\/users\/7"}],"replies":[{"embeddable":true,"href":"https:\/\/soymigrante.com\/revista\/wp-json\/wp\/v2\/comments?post=6634"}],"version-history":[{"count":0,"href":"https:\/\/soymigrante.com\/revista\/wp-json\/wp\/v2\/posts\/6634\/revisions"}],"wp:featuredmedia":[{"embeddable":true,"href":"https:\/\/soymigrante.com\/revista\/wp-json\/wp\/v2\/media\/6635"}],"wp:attachment":[{"href":"https:\/\/soymigrante.com\/revista\/wp-json\/wp\/v2\/media?parent=6634"}],"wp:term":[{"taxonomy":"category","embeddable":true,"href":"https:\/\/soymigrante.com\/revista\/wp-json\/wp\/v2\/categories?post=6634"},{"taxonomy":"post_tag","embeddable":true,"href":"https:\/\/soymigrante.com\/revista\/wp-json\/wp\/v2\/tags?post=6634"}],"curies":[{"name":"wp","href":"https:\/\/api.w.org\/{rel}","templated":true}]}}