{"id":6619,"date":"2024-05-24T14:02:55","date_gmt":"2024-05-24T20:02:55","guid":{"rendered":"https:\/\/soymigrante.com\/revista\/?p=6619"},"modified":"2024-07-27T15:00:12","modified_gmt":"2024-07-27T21:00:12","slug":"quetzal-vuela-alto-fredy-lopez-gana-beca-al-salir-de-high-school-en-oklahoma","status":"publish","type":"post","link":"https:\/\/soymigrante.com\/revista\/quetzal-vuela-alto-fredy-lopez-gana-beca-al-salir-de-high-school-en-oklahoma\/","title":{"rendered":"Quetzal vuela alto: Fredy L\u00f3pez gana beca al salir de High School en Oklahoma"},"content":{"rendered":"\t\t<div data-elementor-type=\"wp-post\" data-elementor-id=\"6619\" class=\"elementor elementor-6619\" data-elementor-post-type=\"post\">\n\t\t\t\t\t\t<section data-particle_enable=\"false\" data-particle-mobile-disabled=\"false\" class=\"elementor-section elementor-top-section elementor-element elementor-element-ff5fdae elementor-section-boxed elementor-section-height-default elementor-section-height-default\" data-id=\"ff5fdae\" data-element_type=\"section\" data-e-type=\"section\">\n\t\t\t\t\t\t<div class=\"elementor-container elementor-column-gap-default\">\n\t\t\t\t\t<div class=\"elementor-column elementor-col-100 elementor-top-column elementor-element elementor-element-f0ba3b7\" data-id=\"f0ba3b7\" data-element_type=\"column\" data-e-type=\"column\">\n\t\t\t<div class=\"elementor-widget-wrap elementor-element-populated\">\n\t\t\t\t\t\t<div class=\"elementor-element elementor-element-8031b5e elementor-widget elementor-widget-heading\" data-id=\"8031b5e\" data-element_type=\"widget\" data-e-type=\"widget\" data-widget_type=\"heading.default\">\n\t\t\t\t\t<h2 class=\"elementor-heading-title elementor-size-default\">Hijo de migrantes guatemaltecos, fue alumno destacado de la High School Northern Classen y fue electo superintendente escolar de Oklahoma, en representaci\u00f3n de m\u00e1s de 30 mil estudiantes.  Su pr\u00f3xima meta: su t\u00edtulo universitario para ser maestro.<\/h2>\t\t\t\t<\/div>\n\t\t\t\t\t<\/div>\n\t\t<\/div>\n\t\t\t\t\t<\/div>\n\t\t<\/section>\n\t\t\t\t<section data-particle_enable=\"false\" data-particle-mobile-disabled=\"false\" class=\"elementor-section elementor-top-section elementor-element elementor-element-923cdf9 elementor-section-boxed elementor-section-height-default elementor-section-height-default\" data-id=\"923cdf9\" data-element_type=\"section\" data-e-type=\"section\">\n\t\t\t\t\t\t<div class=\"elementor-container elementor-column-gap-default\">\n\t\t\t\t\t<div class=\"elementor-column elementor-col-100 elementor-top-column elementor-element elementor-element-8ac4bb8\" data-id=\"8ac4bb8\" data-element_type=\"column\" data-e-type=\"column\">\n\t\t\t<div class=\"elementor-widget-wrap elementor-element-populated\">\n\t\t\t\t\t\t<div class=\"elementor-element elementor-element-348611d elementor-widget elementor-widget-text-editor\" data-id=\"348611d\" data-element_type=\"widget\" data-e-type=\"widget\" data-widget_type=\"text-editor.default\">\n\t\t\t\t\t\t\t\t\t<p>&#8220;Guatemala y la identidad guatemalteca tienen un lugar muy especial en mi vida. La cultura, las tradiciones y la educaci\u00f3n que me ense\u00f1aron mis padres. Viene de Guatemala y son una parte fundamental de qui\u00e9n soy&#8221;, dice Fredy L\u00f3pez, quien\u00a0 se gradu\u00f3 este mes de High School en la escuela Northern Classen de Oklahoma.<\/p><p>Durante sus a\u00f1os estudiantiles colabor\u00f3 con la mejora y mantenimiento de su escuela, tuvo buena conexi\u00f3n con maestros, pero no solo del plantel sino de todo el Sistema Escolar del Estado de Oklahoma.<\/p><p>Por su liderazgo y compromiso con la educaci\u00f3n, recibi\u00f3 una beca inicial de US$50 mil d\u00f3lares por parte de la Fundaci\u00f3n del Sistema Escolar de Oklahoma, para continuar sus estudios universitarios. &#8220;Tengo planes de ser maestro para las escuelas p\u00fablicas de Oklahoma y as\u00ed seguir sirviendo a los j\u00f3venes&#8221;, expresa.\u00a0<\/p>\t\t\t\t\t\t\t\t<\/div>\n\t\t\t\t\t<\/div>\n\t\t<\/div>\n\t\t\t\t\t<\/div>\n\t\t<\/section>\n\t\t\t\t<section data-particle_enable=\"false\" data-particle-mobile-disabled=\"false\" class=\"elementor-section elementor-top-section elementor-element elementor-element-86e9ec1 elementor-section-boxed elementor-section-height-default elementor-section-height-default\" data-id=\"86e9ec1\" data-element_type=\"section\" data-e-type=\"section\">\n\t\t\t\t\t\t<div class=\"elementor-container elementor-column-gap-default\">\n\t\t\t\t\t<div class=\"elementor-column elementor-col-100 elementor-top-column elementor-element elementor-element-45f4e2f\" data-id=\"45f4e2f\" data-element_type=\"column\" data-e-type=\"column\">\n\t\t\t<div class=\"elementor-widget-wrap elementor-element-populated\">\n\t\t\t\t\t\t<div class=\"elementor-element elementor-element-75e4c39 elementor-widget elementor-widget-image\" data-id=\"75e4c39\" data-element_type=\"widget\" data-e-type=\"widget\" data-widget_type=\"image.default\">\n\t\t\t\t\t\t\t\t\t\t\t\t<figure class=\"wp-caption\">\n\t\t\t\t\t\t\t\t\t\t<img fetchpriority=\"high\" decoding=\"async\" width=\"768\" height=\"512\" src=\"https:\/\/soymigrante.com\/revista\/wp-content\/uploads\/2024\/05\/441165541_835074025332983_1185742740836723035_n-1024x683.jpg\" class=\"attachment-large size-large wp-image-6622\" alt=\"Joven graduado con toga y birrete morado en ceremonia acad\u00e9mica, sonriendo y mostrando satisfacci\u00f3n por su logro educativo.\" srcset=\"https:\/\/soymigrante.com\/revista\/wp-content\/uploads\/2024\/05\/441165541_835074025332983_1185742740836723035_n-1024x683.jpg 1024w, https:\/\/soymigrante.com\/revista\/wp-content\/uploads\/2024\/05\/441165541_835074025332983_1185742740836723035_n-300x200.webp 300w, https:\/\/soymigrante.com\/revista\/wp-content\/uploads\/2024\/05\/441165541_835074025332983_1185742740836723035_n-768x512.jpg 768w, https:\/\/soymigrante.com\/revista\/wp-content\/uploads\/2024\/05\/441165541_835074025332983_1185742740836723035_n-1536x1024.jpg 1536w, https:\/\/soymigrante.com\/revista\/wp-content\/uploads\/2024\/05\/441165541_835074025332983_1185742740836723035_n-750x500.jpg 750w, https:\/\/soymigrante.com\/revista\/wp-content\/uploads\/2024\/05\/441165541_835074025332983_1185742740836723035_n-1140x760.jpg 1140w, https:\/\/soymigrante.com\/revista\/wp-content\/uploads\/2024\/05\/441165541_835074025332983_1185742740836723035_n.webp 1920w\" sizes=\"(max-width: 768px) 100vw, 768px\" title=\"El  d\u00eda de su graduaci\u00f3n fue de grandes emociones, despedidas y punto de partida de nuevas metas par Fredy L\u00f3pez,,  estudiante de padres guatemaltecos migrantes en Oklahoma. \u2013 SoyMigrante.com REVISTA\" \/>\t\t\t\t\t\t\t\t\t\t\t<figcaption class=\"widget-image-caption wp-caption-text\">Estudiante graduado en ceremonia acad\u00e9mica, vestido con toga y birrete morado, celebrando su logro educativo con alegr\u00eda y orgullo.<\/figcaption>\n\t\t\t\t\t\t\t\t\t\t<\/figure>\n\t\t\t\t\t\t\t\t\t<\/div>\n\t\t\t\t\t<\/div>\n\t\t<\/div>\n\t\t\t\t\t<\/div>\n\t\t<\/section>\n\t\t\t\t<section data-particle_enable=\"false\" data-particle-mobile-disabled=\"false\" class=\"elementor-section elementor-top-section elementor-element elementor-element-fd26c00 elementor-section-boxed elementor-section-height-default elementor-section-height-default\" data-id=\"fd26c00\" data-element_type=\"section\" data-e-type=\"section\">\n\t\t\t\t\t\t<div class=\"elementor-container elementor-column-gap-default\">\n\t\t\t\t\t<div class=\"elementor-column elementor-col-100 elementor-top-column elementor-element elementor-element-3eabdda\" data-id=\"3eabdda\" data-element_type=\"column\" data-e-type=\"column\">\n\t\t\t<div class=\"elementor-widget-wrap elementor-element-populated\">\n\t\t\t\t\t\t<div class=\"elementor-element elementor-element-791064d elementor-widget elementor-widget-heading\" data-id=\"791064d\" data-element_type=\"widget\" data-e-type=\"widget\" data-widget_type=\"heading.default\">\n\t\t\t\t\t<h3 class=\"elementor-heading-title elementor-size-default\">Un d\u00eda so\u00f1ado <\/h3>\t\t\t\t<\/div>\n\t\t\t\t\t<\/div>\n\t\t<\/div>\n\t\t\t\t\t<\/div>\n\t\t<\/section>\n\t\t\t\t<section data-particle_enable=\"false\" data-particle-mobile-disabled=\"false\" class=\"elementor-section elementor-top-section elementor-element elementor-element-9073aa3 elementor-section-boxed elementor-section-height-default elementor-section-height-default\" data-id=\"9073aa3\" data-element_type=\"section\" data-e-type=\"section\">\n\t\t\t\t\t\t<div class=\"elementor-container elementor-column-gap-default\">\n\t\t\t\t\t<div class=\"elementor-column elementor-col-100 elementor-top-column elementor-element elementor-element-3be34cb\" data-id=\"3be34cb\" data-element_type=\"column\" data-e-type=\"column\">\n\t\t\t<div class=\"elementor-widget-wrap elementor-element-populated\">\n\t\t\t\t\t\t<div class=\"elementor-element elementor-element-f1111c0 elementor-widget elementor-widget-text-editor\" data-id=\"f1111c0\" data-element_type=\"widget\" data-e-type=\"widget\" data-widget_type=\"text-editor.default\">\n\t\t\t\t\t\t\t\t\t<p><span style=\"color: var( --e-global-color-text );\">&#8220;En el momento de la ceremonia de mi graduaci\u00f3n, me sent\u00eda una mezcla de orgullo, alivio y bastante felicidad.\u00a0<\/span><\/p><p><span style=\"color: var( --e-global-color-text );\">El orgullo de haber alcanzado una meta importante, el alivio de haber terminado una etapa acad\u00e9mica y la incertidumbre de lo que vendr\u00eda despu\u00e9s&#8221;, relata Fredy, quien pensaba en compa\u00f1eros, maestros, autoridades escolares que le apoyaron, pero &#8220;m\u00e1s en mis pap\u00e1s por siempre tener el apoyo para seguir&#8221;.<\/span><\/p>\t\t\t\t\t\t\t\t<\/div>\n\t\t\t\t\t<\/div>\n\t\t<\/div>\n\t\t\t\t\t<\/div>\n\t\t<\/section>\n\t\t\t\t<section data-particle_enable=\"false\" data-particle-mobile-disabled=\"false\" class=\"elementor-section elementor-top-section elementor-element elementor-element-ce8097a elementor-section-boxed elementor-section-height-default elementor-section-height-default\" data-id=\"ce8097a\" data-element_type=\"section\" data-e-type=\"section\">\n\t\t\t\t\t\t<div class=\"elementor-container elementor-column-gap-default\">\n\t\t\t\t\t<div class=\"elementor-column elementor-col-100 elementor-top-column elementor-element elementor-element-c8ccb9d\" data-id=\"c8ccb9d\" data-element_type=\"column\" data-e-type=\"column\">\n\t\t\t<div class=\"elementor-widget-wrap elementor-element-populated\">\n\t\t\t\t\t\t<div class=\"elementor-element elementor-element-8dbc752 elementor-widget elementor-widget-image\" data-id=\"8dbc752\" data-element_type=\"widget\" data-e-type=\"widget\" data-widget_type=\"image.default\">\n\t\t\t\t\t\t\t\t\t\t\t\t<figure class=\"wp-caption\">\n\t\t\t\t\t\t\t\t\t\t<img decoding=\"async\" width=\"768\" height=\"902\" src=\"https:\/\/soymigrante.com\/revista\/wp-content\/uploads\/2024\/05\/274554899_1108707846358293_5370615380180442202_n-872x1024.webp\" class=\"attachment-large size-large wp-image-6623\" alt=\"Joven con vestimenta tradicional guatemalteca, promoviendo la cultura y la migraci\u00f3n desde Guatemala, en un entorno que refleja diversidad cultural en la revista SoyMigrante.com.\" srcset=\"https:\/\/soymigrante.com\/revista\/wp-content\/uploads\/2024\/05\/274554899_1108707846358293_5370615380180442202_n-872x1024.webp 872w, https:\/\/soymigrante.com\/revista\/wp-content\/uploads\/2024\/05\/274554899_1108707846358293_5370615380180442202_n-256x300.webp 256w, https:\/\/soymigrante.com\/revista\/wp-content\/uploads\/2024\/05\/274554899_1108707846358293_5370615380180442202_n-768x901.webp 768w, https:\/\/soymigrante.com\/revista\/wp-content\/uploads\/2024\/05\/274554899_1108707846358293_5370615380180442202_n-750x880.jpg 750w, https:\/\/soymigrante.com\/revista\/wp-content\/uploads\/2024\/05\/274554899_1108707846358293_5370615380180442202_n-1140x1338.jpg 1140w, https:\/\/soymigrante.com\/revista\/wp-content\/uploads\/2024\/05\/274554899_1108707846358293_5370615380180442202_n.webp 1168w\" sizes=\"(max-width: 768px) 100vw, 768px\" title=\"Fredy naci\u00f3 en Estados Unidos pero la identidad guatemalteca heredada de sus padres constituye un gran motivo de orgullo para \u00e9l. \u2013 SoyMigrante.com REVISTA\" \/>\t\t\t\t\t\t\t\t\t\t\t<figcaption class=\"widget-image-caption wp-caption-text\">Joven con vestido tradicional guatemalteco, reflejando identidad cultural e historia en la revista SoyMigrante.com, s\u00edmbolo de orgullo y diversidad cultural.<\/figcaption>\n\t\t\t\t\t\t\t\t\t\t<\/figure>\n\t\t\t\t\t\t\t\t\t<\/div>\n\t\t\t\t\t<\/div>\n\t\t<\/div>\n\t\t\t\t\t<\/div>\n\t\t<\/section>\n\t\t\t\t<section data-particle_enable=\"false\" data-particle-mobile-disabled=\"false\" class=\"elementor-section elementor-top-section elementor-element elementor-element-0bb8eec elementor-section-boxed elementor-section-height-default elementor-section-height-default\" data-id=\"0bb8eec\" data-element_type=\"section\" data-e-type=\"section\">\n\t\t\t\t\t\t<div class=\"elementor-container elementor-column-gap-default\">\n\t\t\t\t\t<div class=\"elementor-column elementor-col-100 elementor-top-column elementor-element elementor-element-3740cc0\" data-id=\"3740cc0\" data-element_type=\"column\" data-e-type=\"column\">\n\t\t\t<div class=\"elementor-widget-wrap elementor-element-populated\">\n\t\t\t\t\t\t<div class=\"elementor-element elementor-element-b22b0b6 elementor-widget elementor-widget-heading\" data-id=\"b22b0b6\" data-element_type=\"widget\" data-e-type=\"widget\" data-widget_type=\"heading.default\">\n\t\t\t\t\t<h3 class=\"elementor-heading-title elementor-size-default\">Recibe elogios por su esfuerzo y ejemplo<\/h3>\t\t\t\t<\/div>\n\t\t\t\t\t<\/div>\n\t\t<\/div>\n\t\t\t\t\t<\/div>\n\t\t<\/section>\n\t\t\t\t<section data-particle_enable=\"false\" data-particle-mobile-disabled=\"false\" class=\"elementor-section elementor-top-section elementor-element elementor-element-4fb9cbd elementor-section-boxed elementor-section-height-default elementor-section-height-default\" data-id=\"4fb9cbd\" data-element_type=\"section\" data-e-type=\"section\">\n\t\t\t\t\t\t<div class=\"elementor-container elementor-column-gap-default\">\n\t\t\t\t\t<div class=\"elementor-column elementor-col-100 elementor-top-column elementor-element elementor-element-081bcea\" data-id=\"081bcea\" data-element_type=\"column\" data-e-type=\"column\">\n\t\t\t<div class=\"elementor-widget-wrap elementor-element-populated\">\n\t\t\t\t\t\t<div class=\"elementor-element elementor-element-6a744bf elementor-widget elementor-widget-text-editor\" data-id=\"6a744bf\" data-element_type=\"widget\" data-e-type=\"widget\" data-widget_type=\"text-editor.default\">\n\t\t\t\t\t\t\t\t\t<p><span style=\"color: var( --e-global-color-text );\">La presidenta de la Fundaci\u00f3n de Escuelas P\u00fablicas de la Ciudad de Oklahoma, Mary Melon-Tully describi\u00f3 a Fredy L\u00f3pez como un modelo a seguir, en la p\u00e1gina de dicha instituci\u00f3n:&nbsp;<\/span><\/p>\n<p><span style=\"color: var( --e-global-color-text );\">&#8220;La historia de Fredy es importante porque es una ventana a las vidas de nuestros 33 mil estudiantes. Fredy se levanta temprano cada ma\u00f1ana para llevar a su hermana peque\u00f1a a la escuela. El espera en la fila de ingreso hasta que la deja dentro, por seguridad y para que ella no pase fr\u00edo&#8221;, relat\u00f3 en una cr\u00f3nica publicada en la p\u00e1gina de la fundaci\u00f3n.<\/span><\/p>\n<p><span style=\"color: var( --e-global-color-text );\">&#8220;Eso a veces causa que llegue despu\u00e9s de la hora de entrada de su escuela. Pero \u00e9l hace cuanto puede para ponerse al d\u00eda con lo explicado en clase y con tareas, as\u00ed como actividades extracurriculares&#8230; Despu\u00e9s de la escuela, se va a trabajar, en una compa\u00f1\u00eda de jardiner\u00eda. Debe trabajar para ayudar a su familia. Pero a pesar de toda esta carga, \u00e9l siempre est\u00e1 feliz y entusiasmado&#8221;, agrega Melon-Tully.<\/span><\/p><p><span style=\"color: var( --e-global-color-text );\">Dicha fundaci\u00f3n fue la que le otorg\u00f3 la beca para que ingrese a la universidad en septiembre pr\u00f3ximo. &#8220;Le dije que quer\u00eda llegar a ser director de una escuela y al ver esa meta, me apoyaron&#8221;, cuenta Fredy.<\/span><\/p>\n<div>&nbsp;<\/div>\t\t\t\t\t\t\t\t<\/div>\n\t\t\t\t\t<\/div>\n\t\t<\/div>\n\t\t\t\t\t<\/div>\n\t\t<\/section>\n\t\t\t\t<section data-particle_enable=\"false\" data-particle-mobile-disabled=\"false\" class=\"elementor-section elementor-top-section elementor-element elementor-element-1a2a86c elementor-section-boxed elementor-section-height-default elementor-section-height-default\" data-id=\"1a2a86c\" data-element_type=\"section\" data-e-type=\"section\">\n\t\t\t\t\t\t<div class=\"elementor-container elementor-column-gap-default\">\n\t\t\t\t\t<div class=\"elementor-column elementor-col-100 elementor-top-column elementor-element elementor-element-350d2f0\" data-id=\"350d2f0\" data-element_type=\"column\" data-e-type=\"column\">\n\t\t\t<div class=\"elementor-widget-wrap elementor-element-populated\">\n\t\t\t\t\t\t<div class=\"elementor-element elementor-element-5e2b021 elementor-widget elementor-widget-facebook-embed\" data-id=\"5e2b021\" data-element_type=\"widget\" data-e-type=\"widget\" data-widget_type=\"facebook-embed.default\">\n\t\t\t\t\t<div style=\"min-height: 1px\" class=\"elementor-facebook-widget fb-video\" data-href=\"https:\/\/www.facebook.com\/reel\/766928188817057\" data-show-text=\"false\" data-allowfullscreen=\"false\" data-autoplay=\"false\" data-show-captions=\"false\"><\/div>\t\t\t\t<\/div>\n\t\t\t\t\t<\/div>\n\t\t<\/div>\n\t\t\t\t\t<\/div>\n\t\t<\/section>\n\t\t\t\t<section data-particle_enable=\"false\" data-particle-mobile-disabled=\"false\" class=\"elementor-section elementor-top-section elementor-element elementor-element-2c5bf7a elementor-section-boxed elementor-section-height-default elementor-section-height-default\" data-id=\"2c5bf7a\" data-element_type=\"section\" data-e-type=\"section\">\n\t\t\t\t\t\t<div class=\"elementor-container elementor-column-gap-default\">\n\t\t\t\t\t<div class=\"elementor-column elementor-col-100 elementor-top-column elementor-element elementor-element-f76e7cf\" data-id=\"f76e7cf\" data-element_type=\"column\" data-e-type=\"column\">\n\t\t\t<div class=\"elementor-widget-wrap elementor-element-populated\">\n\t\t\t\t\t\t<div class=\"elementor-element elementor-element-4ea2753 elementor-widget elementor-widget-heading\" data-id=\"4ea2753\" data-element_type=\"widget\" data-e-type=\"widget\" data-widget_type=\"heading.default\">\n\t\t\t\t\t<h3 class=\"elementor-heading-title elementor-size-default\">Af\u00e1n de servicio contin\u00faa <\/h3>\t\t\t\t<\/div>\n\t\t\t\t\t<\/div>\n\t\t<\/div>\n\t\t\t\t\t<\/div>\n\t\t<\/section>\n\t\t\t\t<section data-particle_enable=\"false\" data-particle-mobile-disabled=\"false\" class=\"elementor-section elementor-top-section elementor-element elementor-element-1be44f1 elementor-section-boxed elementor-section-height-default elementor-section-height-default\" data-id=\"1be44f1\" data-element_type=\"section\" data-e-type=\"section\">\n\t\t\t\t\t\t<div class=\"elementor-container elementor-column-gap-default\">\n\t\t\t\t\t<div class=\"elementor-column elementor-col-100 elementor-top-column elementor-element elementor-element-f833d47\" data-id=\"f833d47\" data-element_type=\"column\" data-e-type=\"column\">\n\t\t\t<div class=\"elementor-widget-wrap elementor-element-populated\">\n\t\t\t\t\t\t<div class=\"elementor-element elementor-element-9d0170d elementor-widget elementor-widget-text-editor\" data-id=\"9d0170d\" data-element_type=\"widget\" data-e-type=\"widget\" data-widget_type=\"text-editor.default\">\n\t\t\t\t\t\t\t\t\t<p>Fredy fue electo por los propios estudiantes como Superintendente Adolescente del Sistema Escolar de Oklahoma, un puesto que le permite conocer y reportar los aspectos de mejora en las instalaciones escolares de Oklahoma. Esto a su vez le abri\u00f3 puertas en el cuerpo docente, lo cual le inspir\u00f3 para emprender ahora el camino a estudiar en la universidad para ser profesor escolar.<\/p><p>Por su calidad humana y rendimiento acad\u00e9mico el Sistema Escolar de Oklahoma le otorg\u00f3 una beca de US$50 mil d\u00f3lares, con los cuales comenzar\u00e1 este nuevo gran objetivo.<\/p><p>Fredy es un aut\u00e9ntico quetzal que vuela alto hacia un horizonte promisorio de servicio y excelencia.<\/p>\t\t\t\t\t\t\t\t<\/div>\n\t\t\t\t\t<\/div>\n\t\t<\/div>\n\t\t\t\t\t<\/div>\n\t\t<\/section>\n\t\t\t\t<section data-particle_enable=\"false\" data-particle-mobile-disabled=\"false\" class=\"elementor-section elementor-top-section elementor-element elementor-element-81f56bb elementor-section-boxed elementor-section-height-default elementor-section-height-default\" data-id=\"81f56bb\" data-element_type=\"section\" data-e-type=\"section\">\n\t\t\t\t\t\t<div class=\"elementor-container elementor-column-gap-default\">\n\t\t\t\t\t<div class=\"elementor-column elementor-col-100 elementor-top-column elementor-element elementor-element-278570c\" data-id=\"278570c\" data-element_type=\"column\" data-e-type=\"column\">\n\t\t\t<div class=\"elementor-widget-wrap elementor-element-populated\">\n\t\t\t\t\t\t<div class=\"elementor-element elementor-element-a890954 elementor-widget elementor-widget-image\" data-id=\"a890954\" data-element_type=\"widget\" data-e-type=\"widget\" data-widget_type=\"image.default\">\n\t\t\t\t\t\t\t\t\t\t\t\t<figure class=\"wp-caption\">\n\t\t\t\t\t\t\t\t\t\t<img decoding=\"async\" width=\"768\" height=\"708\" src=\"https:\/\/soymigrante.com\/revista\/wp-content\/uploads\/2024\/05\/Captura-de-pantalla-2024-05-24-090640.webp\" class=\"attachment-large size-large wp-image-6624\" alt=\"Dinero de beca escolar entregado a estudiante en el auditorio de la Ciudad de Oklahoma, con banderas de EE. UU. y Oklahoma, en reconocimiento a apoyo a padres hispanos y estudiantes migrantes en educaci\u00f3n.\" srcset=\"https:\/\/soymigrante.com\/revista\/wp-content\/uploads\/2024\/05\/Captura-de-pantalla-2024-05-24-090640.webp 858w, https:\/\/soymigrante.com\/revista\/wp-content\/uploads\/2024\/05\/Captura-de-pantalla-2024-05-24-090640-300x277.webp 300w, https:\/\/soymigrante.com\/revista\/wp-content\/uploads\/2024\/05\/Captura-de-pantalla-2024-05-24-090640-768x708.webp 768w, https:\/\/soymigrante.com\/revista\/wp-content\/uploads\/2024\/05\/Captura-de-pantalla-2024-05-24-090640-750x691.jpg 750w\" sizes=\"(max-width: 768px) 100vw, 768px\" title=\"Fredy L\u00f3pez posa con el cheque simb\u00f3lico de la beca para continuar sus estudios universitarios, otorgada por el Sistema Escolar de Oklahoma. \u2013 SoyMigrante.com REVISTA\" \/>\t\t\t\t\t\t\t\t\t\t\t<figcaption class=\"widget-image-caption wp-caption-text\">Fredy L\u00f3pez posa con el cheque simb\u00f3lico de la beca para continuar sus estudios universitarios, otorgada por el Sistema Escolar de Oklahoma.<\/figcaption>\n\t\t\t\t\t\t\t\t\t\t<\/figure>\n\t\t\t\t\t\t\t\t\t<\/div>\n\t\t\t\t\t<\/div>\n\t\t<\/div>\n\t\t\t\t\t<\/div>\n\t\t<\/section>\n\t\t\t\t<section data-particle_enable=\"false\" data-particle-mobile-disabled=\"false\" class=\"elementor-section elementor-top-section elementor-element elementor-element-0514b93 elementor-section-boxed elementor-section-height-default elementor-section-height-default\" data-id=\"0514b93\" data-element_type=\"section\" data-e-type=\"section\">\n\t\t\t\t\t\t<div class=\"elementor-container elementor-column-gap-default\">\n\t\t\t\t\t<div class=\"elementor-column elementor-col-100 elementor-top-column elementor-element elementor-element-74797ca\" data-id=\"74797ca\" data-element_type=\"column\" data-e-type=\"column\">\n\t\t\t<div class=\"elementor-widget-wrap elementor-element-populated\">\n\t\t\t\t\t\t<div class=\"elementor-element elementor-element-9648496 elementor-widget elementor-widget-heading\" data-id=\"9648496\" data-element_type=\"widget\" data-e-type=\"widget\" data-widget_type=\"heading.default\">\n\t\t\t\t\t<h2 class=\"elementor-heading-title elementor-size-default\">M\u00e1s triunfos de quetzales guatemaltecos <\/h2>\t\t\t\t<\/div>\n\t\t\t\t\t<\/div>\n\t\t<\/div>\n\t\t\t\t\t<\/div>\n\t\t<\/section>\n\t\t\t\t<section data-particle_enable=\"false\" data-particle-mobile-disabled=\"false\" class=\"elementor-section elementor-top-section elementor-element elementor-element-d4605c0 elementor-section-boxed elementor-section-height-default elementor-section-height-default\" data-id=\"d4605c0\" data-element_type=\"section\" data-e-type=\"section\">\n\t\t\t\t\t\t<div class=\"elementor-container elementor-column-gap-default\">\n\t\t\t\t\t<div class=\"elementor-column elementor-col-100 elementor-top-column elementor-element elementor-element-1c0c759\" data-id=\"1c0c759\" data-element_type=\"column\" data-e-type=\"column\">\n\t\t\t<div class=\"elementor-widget-wrap elementor-element-populated\">\n\t\t\t\t\t\t<div class=\"elementor-element elementor-element-ea9b41d elementor-widget elementor-widget-blfe-post-grid\" data-id=\"ea9b41d\" data-element_type=\"widget\" data-e-type=\"widget\" data-settings=\"{&quot;columns&quot;:&quot;3&quot;,&quot;columns_tablet&quot;:&quot;6&quot;,&quot;columns_mobile&quot;:&quot;12&quot;,&quot;hero1_layout_column_gap&quot;:{&quot;unit&quot;:&quot;px&quot;,&quot;size&quot;:30,&quot;sizes&quot;:[]},&quot;hero1_layout_column_gap_tablet&quot;:{&quot;unit&quot;:&quot;px&quot;,&quot;size&quot;:&quot;&quot;,&quot;sizes&quot;:[]},&quot;hero1_layout_column_gap_mobile&quot;:{&quot;unit&quot;:&quot;px&quot;,&quot;size&quot;:&quot;&quot;,&quot;sizes&quot;:[]},&quot;hero1_layout_row_gap&quot;:{&quot;unit&quot;:&quot;px&quot;,&quot;size&quot;:30,&quot;sizes&quot;:[]},&quot;hero1_layout_row_gap_tablet&quot;:{&quot;unit&quot;:&quot;px&quot;,&quot;size&quot;:&quot;&quot;,&quot;sizes&quot;:[]},&quot;hero1_layout_row_gap_mobile&quot;:{&quot;unit&quot;:&quot;px&quot;,&quot;size&quot;:&quot;&quot;,&quot;sizes&quot;:[]}}\" data-widget_type=\"blfe-post-grid.hero1\">\n\t\t\t\t<div class=\"elementor-widget-container\">\n\t\t\t\t\t\n                        <div class=\"blfe-post-grid-container \">\n            \n                <div data-skin=\"hero1\" class=\"blfe-row blfe-posts-inner blfe-hero1 blfe-posts-inner blfe-col-3 blfe-col-tab-6 blfe-col-mob-12     \">\n                            <div class=\"blfe-post-grid-item\">\n            <div class=\"blfe-post-grid-item-inner blfe-modern-zoom\">\n                        <div class=\"blfe-post-grid-bg-image\">\n            <a class=\"blfe-post-grid-image-inner\" href=\"https:\/\/soymigrante.com\/revista\/santos-poroj-escritor-migrante-de-san-andres-xecul-publica-su-segundo-libro-en-california-y-con-dos-portadas\/\" title=\"Santos Poroj, escritor migrante de San Andr\u00e9s Xecul, publica su segundo libro en California (y con dos portadas)\" rel=\"nofollow\" target=\"_blank\"><img decoding=\"async\" src=\"https:\/\/soymigrante.com\/revista\/wp-content\/uploads\/2026\/04\/migrante-guatemalteco-santos-poroj-en-san-rafael-california-originario-de-san-andres-xecul.png\" alt=\"Santos Poroj, escritor migrante de San Andr\u00e9s Xecul, publica su segundo libro en California (y con dos portadas)\"\/><\/a>        <\/div>\n                        <div class=\"blfe-post-grid-details\">\n                    <div class=\"blfe-post-grid-details-inner\">\n                        <span class=\"blfe-post-category\"><a href=\"https:\/\/soymigrante.com\/revista\/category\/exitos\/\">\u00c9xitos<\/a><\/span>                        <h3 class=\"blfe-post-grid-title\">\n            <a href=\"https:\/\/soymigrante.com\/revista\/santos-poroj-escritor-migrante-de-san-andres-xecul-publica-su-segundo-libro-en-california-y-con-dos-portadas\/\" title=\"Santos Poroj, escritor migrante de San Andr\u00e9s Xecul, publica su segundo libro en California (y con dos portadas)\" rel=\"nofollow\" target=\"_blank\">Santos Poroj, escritor migrante de San Andr\u00e9s Xecul, publica su segundo libro en California (y con dos portadas)<\/a>\n            <\/h3>                                                            <div class=\"blfe-post-grid-meta\">\n                <span class=\"blfe-post-grid-author\"><i class=\"fa fa-user far fa-user\"><\/i>by <a href=\"https:\/\/soymigrante.com\/revista\/author\/gustavo\/\">Gustavo Montenegro<\/a><\/span>                    <div class=\"blfe-post-meta-dot\"><\/div>\n                    <span class=\"blfe-post-grid-date\"><i class=\"fa fa-calendar-alt far fa-calendar-alt\"><\/i>27\/04\/2026<\/span>                    <div class=\"blfe-post-meta-dot\"><\/div>\n                                <\/div>\n                                                        <\/div>\n                <\/div>\n\n            <\/div>\n        <\/div>\n                <div class=\"blfe-post-grid-item\">\n            <div class=\"blfe-post-grid-item-inner blfe-modern-zoom\">\n                        <div class=\"blfe-post-grid-bg-image\">\n            <a class=\"blfe-post-grid-image-inner\" href=\"https:\/\/soymigrante.com\/revista\/migrantes-guatemaltecos-en-estados-unidos-libros-historias-dia-del-libro\/\" title=\"D\u00eda del Libro &#8211; Creatividad de escritores migrantes guatemaltecos vuela sin fronteras\" rel=\"nofollow\" target=\"_blank\"><img decoding=\"async\" src=\"https:\/\/soymigrante.com\/revista\/wp-content\/uploads\/2026\/04\/dia-del-libro-guatemala-libros-de-migrantes-guatemaltecos.png\" alt=\"D\u00eda del Libro &#8211; Creatividad de escritores migrantes guatemaltecos vuela sin fronteras\"\/><\/a>        <\/div>\n                        <div class=\"blfe-post-grid-details\">\n                    <div class=\"blfe-post-grid-details-inner\">\n                        <span class=\"blfe-post-category\"><a href=\"https:\/\/soymigrante.com\/revista\/category\/exitos\/guatemala\/\">Guatemala<\/a><\/span>                        <h3 class=\"blfe-post-grid-title\">\n            <a href=\"https:\/\/soymigrante.com\/revista\/migrantes-guatemaltecos-en-estados-unidos-libros-historias-dia-del-libro\/\" title=\"D\u00eda del Libro &#8211; Creatividad de escritores migrantes guatemaltecos vuela sin fronteras\" rel=\"nofollow\" target=\"_blank\">D\u00eda del Libro &#8211; Creatividad de escritores migrantes guatemaltecos vuela sin fronteras<\/a>\n            <\/h3>                                                            <div class=\"blfe-post-grid-meta\">\n                <span class=\"blfe-post-grid-author\"><i class=\"fa fa-user far fa-user\"><\/i>by <a href=\"https:\/\/soymigrante.com\/revista\/author\/soymigrante\/\">SoyMigrante.com REVISTA<\/a><\/span>                    <div class=\"blfe-post-meta-dot\"><\/div>\n                    <span class=\"blfe-post-grid-date\"><i class=\"fa fa-calendar-alt far fa-calendar-alt\"><\/i>23\/04\/2026<\/span>                    <div class=\"blfe-post-meta-dot\"><\/div>\n                                <\/div>\n                                                        <\/div>\n                <\/div>\n\n            <\/div>\n        <\/div>\n                <div class=\"blfe-post-grid-item\">\n            <div class=\"blfe-post-grid-item-inner blfe-modern-zoom\">\n                        <div class=\"blfe-post-grid-bg-image\">\n            <a class=\"blfe-post-grid-image-inner\" href=\"https:\/\/soymigrante.com\/revista\/luis-von-ahn-national-geographic-33-guatemalteco-duolingo\/\" title=\"\u00bfC\u00f3mo lleg\u00f3 el  guatemalteco Luis von Ahn a la lista Global 33 de L\u00edderes Innovadores de National Geographic?\" rel=\"nofollow\" target=\"_blank\"><img decoding=\"async\" src=\"https:\/\/soymigrante.com\/revista\/wp-content\/uploads\/2026\/04\/Luis-von-Ahn-33-changemakers-National-Geographic-guatemalteco-migrante-lista.png\" alt=\"\u00bfC\u00f3mo lleg\u00f3 el  guatemalteco Luis von Ahn a la lista Global 33 de L\u00edderes Innovadores de National Geographic?\"\/><\/a>        <\/div>\n                        <div class=\"blfe-post-grid-details\">\n                    <div class=\"blfe-post-grid-details-inner\">\n                        <span class=\"blfe-post-category\"><a href=\"https:\/\/soymigrante.com\/revista\/category\/exitos\/\">\u00c9xitos<\/a><\/span>                        <h3 class=\"blfe-post-grid-title\">\n            <a href=\"https:\/\/soymigrante.com\/revista\/luis-von-ahn-national-geographic-33-guatemalteco-duolingo\/\" title=\"\u00bfC\u00f3mo lleg\u00f3 el  guatemalteco Luis von Ahn a la lista Global 33 de L\u00edderes Innovadores de National Geographic?\" rel=\"nofollow\" target=\"_blank\">\u00bfC\u00f3mo lleg\u00f3 el  guatemalteco Luis von Ahn a la lista Global 33 de L\u00edderes Innovadores de National Geographic?<\/a>\n            <\/h3>                                                            <div class=\"blfe-post-grid-meta\">\n                <span class=\"blfe-post-grid-author\"><i class=\"fa fa-user far fa-user\"><\/i>by <a href=\"https:\/\/soymigrante.com\/revista\/author\/soymigrante\/\">SoyMigrante.com REVISTA<\/a><\/span>                    <div class=\"blfe-post-meta-dot\"><\/div>\n                    <span class=\"blfe-post-grid-date\"><i class=\"fa fa-calendar-alt far fa-calendar-alt\"><\/i>23\/04\/2026<\/span>                    <div class=\"blfe-post-meta-dot\"><\/div>\n                                <\/div>\n                                                        <\/div>\n                <\/div>\n\n            <\/div>\n        <\/div>\n                        <\/div>\n\n                        <\/div>\n            \n                        <div class=\"blfe-post-footer\">\n                        <\/div>\n            \t\t\t\t<\/div>\n\t\t\t\t<\/div>\n\t\t\t\t\t<\/div>\n\t\t<\/div>\n\t\t\t\t\t<\/div>\n\t\t<\/section>\n\t\t\t\t<\/div>\n\t\t","protected":false},"excerpt":{"rendered":"<p>Hijo de migrantes guatemaltecos, fue alumno destacado de la High School Northern Classen y fue electo superintendente escolar de Oklahoma, en representaci\u00f3n de m\u00e1s de 30 mil estudiantes. Su pr\u00f3xima meta: su t\u00edtulo universitario para ser maestro. &#8220;Guatemala y la identidad guatemalteca tienen un lugar muy especial en mi vida. La cultura, las tradiciones y [&hellip;]<\/p>\n","protected":false},"author":7,"featured_media":6620,"comment_status":"open","ping_status":"open","sticky":false,"template":"","format":"standard","meta":{"_acf_changed":true,"_eb_attr":"","footnotes":""},"categories":[54],"tags":[],"class_list":["post-6619","post","type-post","status-publish","format-standard","has-post-thumbnail","hentry","category-estamos-unidos"],"acf":[],"aioseo_notices":[],"aioseo_head":"\n\t\t<!-- All in One SEO Pro 4.9.6.2 - aioseo.com -->\n\t<meta name=\"description\" content=\"Luis von Ahn, creador de Duolingo, fue incluido en National Geographic 33 por su impacto global en la educaci\u00f3n de migrantes y refugiados. Conoce su historia.\" \/>\n\t<meta name=\"robots\" content=\"max-snippet:-1, max-image-preview:large, max-video-preview:-1\" \/>\n\t<meta name=\"author\" content=\"SoyMigrante.com REVISTA\"\/>\n\t<link rel=\"canonical\" href=\"https:\/\/soymigrante.com\/revista\/luis-von-ahn-national-geographic-33-guatemalteco-duolingo\/\" \/>\n\t<meta name=\"generator\" content=\"All in One SEO Pro (AIOSEO) 4.9.6.2\" \/>\n\n\t\t<link rel=\"preconnect\" href=\"https:\/\/fonts.googleapis.com\" crossorigin>\n<link rel=\"preconnect\" href=\"https:\/\/fonts.gstatic.com\" crossorigin>\n\t\t<meta property=\"og:locale\" content=\"es_ES\" \/>\n\t\t<meta property=\"og:site_name\" content=\"SoyMigrante.com REVISTA \u2013 Nuestra misi\u00f3n es reconocer y dignificar al migrante.\" \/>\n\t\t<meta property=\"og:type\" content=\"article\" \/>\n\t\t<meta property=\"og:title\" content=\"\u00bfC\u00f3mo lleg\u00f3 Luis von Ahn a la lista 33 de National Geographic?\" \/>\n\t\t<meta property=\"og:description\" content=\"Luis von Ahn, creador de Duolingo, fue incluido en National Geographic 33 por su impacto global en la educaci\u00f3n de migrantes y refugiados. Conoce su historia.\" \/>\n\t\t<meta property=\"og:url\" content=\"https:\/\/soymigrante.com\/revista\/luis-von-ahn-national-geographic-33-guatemalteco-duolingo\/\" \/>\n\t\t<meta property=\"og:image\" content=\"https:\/\/soymigrante.com\/revista\/wp-content\/uploads\/2026\/04\/Luis-von-Ahn-33-changemakers-National-Geographic-guatemalteco-migrante-lista.png\" \/>\n\t\t<meta property=\"og:image:secure_url\" content=\"https:\/\/soymigrante.com\/revista\/wp-content\/uploads\/2026\/04\/Luis-von-Ahn-33-changemakers-National-Geographic-guatemalteco-migrante-lista.png\" \/>\n\t\t<meta property=\"og:image:width\" content=\"1200\" \/>\n\t\t<meta property=\"og:image:height\" content=\"1200\" \/>\n\t\t<meta property=\"article:published_time\" content=\"2026-04-23T14:55:32+00:00\" \/>\n\t\t<meta property=\"article:modified_time\" content=\"2026-04-23T14:58:06+00:00\" \/>\n\t\t<meta property=\"article:publisher\" content=\"https:\/\/www.facebook.com\/soymigrantecom\" \/>\n\t\t<meta name=\"twitter:card\" content=\"summary_large_image\" \/>\n\t\t<meta name=\"twitter:site\" content=\"@SoyMigrante_com\" \/>\n\t\t<meta name=\"twitter:title\" content=\"\u00bfC\u00f3mo lleg\u00f3 Luis von Ahn a la lista 33 de National Geographic?\" \/>\n\t\t<meta name=\"twitter:description\" content=\"Luis von Ahn, creador de Duolingo, fue incluido en National Geographic 33 por su impacto global en la educaci\u00f3n de migrantes y refugiados. Conoce su historia.\" \/>\n\t\t<meta name=\"twitter:creator\" content=\"@SoyMigrante_com\" \/>\n\t\t<meta name=\"twitter:image\" content=\"https:\/\/soymigrante.com\/revista\/wp-content\/uploads\/2026\/04\/Luis-von-Ahn-33-changemakers-National-Geographic-guatemalteco-migrante-lista.png\" \/>\n\t\t<!-- All in One SEO Pro -->\r\n\t\t<title>\u00bfC\u00f3mo lleg\u00f3 Luis von Ahn a la lista 33 de National Geographic?<\/title>\n\n","aioseo_head_json":{"title":"\u00bfC\u00f3mo lleg\u00f3 Luis von Ahn a la lista 33 de National Geographic?","description":"Luis von Ahn, creador de Duolingo, fue incluido en National Geographic 33 por su impacto global en la educaci\u00f3n de migrantes y refugiados. Conoce su historia.","canonical_url":"https:\/\/soymigrante.com\/revista\/luis-von-ahn-national-geographic-33-guatemalteco-duolingo\/","robots":"max-snippet:-1, max-image-preview:large, max-video-preview:-1","keywords":"","webmasterTools":{"miscellaneous":"&lt;link rel=\"preconnect\" href=\"https:\/\/fonts.googleapis.com\" crossorigin&gt;\n&lt;link rel=\"preconnect\" href=\"https:\/\/fonts.gstatic.com\" crossorigin&gt;"},"schema":null,"og:locale":"es_ES","og:site_name":"SoyMigrante.com REVISTA \u2013 Nuestra misi\u00f3n es reconocer y dignificar al migrante.","og:type":"article","og:title":"\u00bfC\u00f3mo lleg\u00f3 Luis von Ahn a la lista 33 de National Geographic?","og:description":"Luis von Ahn, creador de Duolingo, fue incluido en National Geographic 33 por su impacto global en la educaci\u00f3n de migrantes y refugiados. Conoce su historia.","og:url":"https:\/\/soymigrante.com\/revista\/luis-von-ahn-national-geographic-33-guatemalteco-duolingo\/","og:image":"https:\/\/soymigrante.com\/revista\/wp-content\/uploads\/2026\/04\/Luis-von-Ahn-33-changemakers-National-Geographic-guatemalteco-migrante-lista.png","og:image:secure_url":"https:\/\/soymigrante.com\/revista\/wp-content\/uploads\/2026\/04\/Luis-von-Ahn-33-changemakers-National-Geographic-guatemalteco-migrante-lista.png","og:image:width":1200,"og:image:height":1200,"article:published_time":"2026-04-23T14:55:32+00:00","article:modified_time":"2026-04-23T14:58:06+00:00","article:publisher":"https:\/\/www.facebook.com\/soymigrantecom","twitter:card":"summary_large_image","twitter:site":"@SoyMigrante_com","twitter:title":"\u00bfC\u00f3mo lleg\u00f3 Luis von Ahn a la lista 33 de National Geographic?","twitter:description":"Luis von Ahn, creador de Duolingo, fue incluido en National Geographic 33 por su impacto global en la educaci\u00f3n de migrantes y refugiados. Conoce su historia.","twitter:creator":"@SoyMigrante_com","twitter:image":"https:\/\/soymigrante.com\/revista\/wp-content\/uploads\/2026\/04\/Luis-von-Ahn-33-changemakers-National-Geographic-guatemalteco-migrante-lista.png"},"aioseo_meta_data":{"post_id":"6619","title":"Fredy, de padres migrantes, egresa de High School y gana beca","description":"Fredy L\u00f3pez trabaja y estudia; fue superintendente estudiantil de Oklahoma. Su meta es ser maestro y apoyar a m\u00e1s jovenes.","keywords":null,"keyphrases":{"focus":{"keyphrase":"Oklahoma","score":82,"analysis":{"keyphraseInTitle":{"score":3,"maxScore":9,"error":1},"keyphraseInDescription":{"score":9,"maxScore":9,"error":0},"keyphraseLength":{"score":9,"maxScore":9,"error":0,"length":1},"keyphraseInURL":{"score":5,"maxScore":5,"error":0},"keyphraseInIntroduction":{"score":9,"maxScore":9,"error":0},"keyphraseInSubHeadings":{"score":3,"maxScore":9,"error":1},"keyphraseInImageAlt":{"score":9,"maxScore":9,"error":0},"keywordDensity":{"type":"best","score":9,"maxScore":9,"error":0}}},"additional":[]},"primary_term":null,"canonical_url":null,"og_title":null,"og_description":null,"og_object_type":"default","og_image_type":"default","og_image_url":null,"og_image_width":null,"og_image_height":null,"og_image_custom_url":null,"og_image_custom_fields":null,"og_video":"","og_custom_url":null,"og_article_section":null,"og_article_tags":null,"twitter_use_og":false,"twitter_card":"default","twitter_image_type":"default","twitter_image_url":null,"twitter_image_custom_url":null,"twitter_image_custom_fields":null,"twitter_title":null,"twitter_description":null,"schema":{"blockGraphs":[],"customGraphs":[],"default":{"data":{"Article":[],"Course":[],"Dataset":[],"FAQPage":[],"Movie":[],"Person":[],"Product":[],"ProductReview":[],"Car":[],"Recipe":[],"Service":[],"SoftwareApplication":[],"WebPage":[]},"graphName":"Article","isEnabled":true},"graphs":[]},"schema_type":"default","schema_type_options":null,"pillar_content":false,"robots_default":true,"robots_noindex":false,"robots_noarchive":false,"robots_nosnippet":false,"robots_nofollow":false,"robots_noimageindex":false,"robots_noodp":false,"robots_notranslate":false,"robots_max_snippet":"-1","robots_max_videopreview":"-1","robots_max_imagepreview":"large","priority":null,"frequency":"default","local_seo":null,"seo_analyzer_scan_date":"2025-10-08 21:55:14","breadcrumb_settings":null,"limit_modified_date":false,"reviewed_by":null,"open_ai":"{\"title\":{\"suggestions\":[],\"usage\":0},\"description\":{\"suggestions\":[],\"usage\":0}}","ai":null,"created":"2024-05-24 15:55:29","updated":"2026-02-04 11:53:47"},"aioseo_breadcrumb":"<div class=\"aioseo-breadcrumbs\"><span class=\"aioseo-breadcrumb\">\n\t<a href=\"https:\/\/soymigrante.com\/revista\" title=\"Home\">Home<\/a>\n<\/span><span class=\"aioseo-breadcrumb-separator\">\u00bb<\/span><span class=\"aioseo-breadcrumb\">\n\t<a href=\"https:\/\/soymigrante.com\/revista\/category\/estamos-unidos\/\" title=\"Estamos Unidos\">Estamos Unidos<\/a>\n<\/span><span class=\"aioseo-breadcrumb-separator\">\u00bb<\/span><span class=\"aioseo-breadcrumb\">\n\tQuetzal vuela alto: Fredy L\u00f3pez gana beca al salir de High School en Oklahoma\n<\/span><\/div>","aioseo_breadcrumb_json":[{"label":"Home","link":"https:\/\/soymigrante.com\/revista"},{"label":"Estamos Unidos","link":"https:\/\/soymigrante.com\/revista\/category\/estamos-unidos\/"},{"label":"Quetzal vuela alto: Fredy L\u00f3pez gana beca al salir de High School en Oklahoma","link":"https:\/\/soymigrante.com\/revista\/quetzal-vuela-alto-fredy-lopez-gana-beca-al-salir-de-high-school-en-oklahoma\/"}],"_links":{"self":[{"href":"https:\/\/soymigrante.com\/revista\/wp-json\/wp\/v2\/posts\/6619","targetHints":{"allow":["GET"]}}],"collection":[{"href":"https:\/\/soymigrante.com\/revista\/wp-json\/wp\/v2\/posts"}],"about":[{"href":"https:\/\/soymigrante.com\/revista\/wp-json\/wp\/v2\/types\/post"}],"author":[{"embeddable":true,"href":"https:\/\/soymigrante.com\/revista\/wp-json\/wp\/v2\/users\/7"}],"replies":[{"embeddable":true,"href":"https:\/\/soymigrante.com\/revista\/wp-json\/wp\/v2\/comments?post=6619"}],"version-history":[{"count":0,"href":"https:\/\/soymigrante.com\/revista\/wp-json\/wp\/v2\/posts\/6619\/revisions"}],"wp:featuredmedia":[{"embeddable":true,"href":"https:\/\/soymigrante.com\/revista\/wp-json\/wp\/v2\/media\/6620"}],"wp:attachment":[{"href":"https:\/\/soymigrante.com\/revista\/wp-json\/wp\/v2\/media?parent=6619"}],"wp:term":[{"taxonomy":"category","embeddable":true,"href":"https:\/\/soymigrante.com\/revista\/wp-json\/wp\/v2\/categories?post=6619"},{"taxonomy":"post_tag","embeddable":true,"href":"https:\/\/soymigrante.com\/revista\/wp-json\/wp\/v2\/tags?post=6619"}],"curies":[{"name":"wp","href":"https:\/\/api.w.org\/{rel}","templated":true}]}}