{"id":6590,"date":"2024-05-23T11:42:15","date_gmt":"2024-05-23T17:42:15","guid":{"rendered":"https:\/\/soymigrante.com\/revista\/?p=6590"},"modified":"2024-07-27T17:42:27","modified_gmt":"2024-07-27T23:42:27","slug":"arte-de-quetzaltenango-atraviesa-fronteras-y-tambien-el-oceano","status":"publish","type":"post","link":"https:\/\/soymigrante.com\/revista\/arte-de-quetzaltenango-atraviesa-fronteras-y-tambien-el-oceano\/","title":{"rendered":"Arte de Quetzaltenango atraviesa fronteras y tambi\u00e9n el oc\u00e9ano"},"content":{"rendered":"\t\t<div data-elementor-type=\"wp-post\" data-elementor-id=\"6590\" class=\"elementor elementor-6590\" data-elementor-post-type=\"post\">\n\t\t\t\t\t\t<section data-particle_enable=\"false\" data-particle-mobile-disabled=\"false\" class=\"elementor-section elementor-top-section elementor-element elementor-element-a851223 elementor-section-boxed elementor-section-height-default elementor-section-height-default\" data-id=\"a851223\" data-element_type=\"section\" data-e-type=\"section\">\n\t\t\t\t\t\t<div class=\"elementor-container elementor-column-gap-default\">\n\t\t\t\t\t<div class=\"elementor-column elementor-col-100 elementor-top-column elementor-element elementor-element-1841c51\" data-id=\"1841c51\" data-element_type=\"column\" data-e-type=\"column\">\n\t\t\t<div class=\"elementor-widget-wrap elementor-element-populated\">\n\t\t\t\t\t\t<div class=\"elementor-element elementor-element-dd83422 elementor-widget elementor-widget-heading\" data-id=\"dd83422\" data-element_type=\"widget\" data-e-type=\"widget\" data-widget_type=\"heading.default\">\n\t\t\t\t\t<h2 class=\"elementor-heading-title elementor-size-default\">La tradici\u00f3n oral de San Juan Ostuncalco y la vida agr\u00edcola cotidiana de Concepci\u00f3n Chiquirichapa, Quetzaltenango, son la inspiraci\u00f3n de dos artistas que exponen su obra en Francia.<\/h2>\t\t\t\t<\/div>\n\t\t\t\t\t<\/div>\n\t\t<\/div>\n\t\t\t\t\t<\/div>\n\t\t<\/section>\n\t\t\t\t<section data-particle_enable=\"false\" data-particle-mobile-disabled=\"false\" class=\"elementor-section elementor-top-section elementor-element elementor-element-00b0218 elementor-section-boxed elementor-section-height-default elementor-section-height-default\" data-id=\"00b0218\" data-element_type=\"section\" data-e-type=\"section\">\n\t\t\t\t\t\t<div class=\"elementor-container elementor-column-gap-default\">\n\t\t\t\t\t<div class=\"elementor-column elementor-col-100 elementor-top-column elementor-element elementor-element-bb03854\" data-id=\"bb03854\" data-element_type=\"column\" data-e-type=\"column\">\n\t\t\t<div class=\"elementor-widget-wrap elementor-element-populated\">\n\t\t\t\t\t\t<div class=\"elementor-element elementor-element-b990939 elementor-widget elementor-widget-text-editor\" data-id=\"b990939\" data-element_type=\"widget\" data-e-type=\"widget\" data-widget_type=\"text-editor.default\">\n\t\t\t\t\t\t\t\t\t<p>Las obras de los guatemaltecos Eddy V\u00e1squez de San Juan Ostuncalco y Nehem\u00edas Escalante de Concepci\u00f3n Chiquirichapa, Quetzaltenango, se exhiben en el Instituto Cervantes de la capital de Francia.<\/p><p>V\u00e1squez y Escalante llegaron Par\u00eds por invitaci\u00f3n de la Embajada de Guatemala en ese pa\u00eds para participar en la und\u00e9cima edici\u00f3n de las Semanas de Am\u00e9rica Latina y el Caribe (#SALC2024). Conversamos con ellos acerca de su exposici\u00f3n.<\/p><p>fEn la exposici\u00f3n denominada Diversit\u00e9s \u2013 Diversidades \u2013 participan artistas de Argentina, Chile, Costa Rica, Ecuador, Paraguay, Per\u00fa, Uruguay, Venezuela y Francia.<\/p><p><span style=\"color: var( --e-global-color-text );\">Las actividades por las Semanas de Am\u00e9rica Latina y el Caribe comenzaron el 16 de mayo y finalizar\u00e1n el 2 de junio del presente a\u00f1o.\u00a0 \u00a0<\/span><\/p>\t\t\t\t\t\t\t\t<\/div>\n\t\t\t\t\t<\/div>\n\t\t<\/div>\n\t\t\t\t\t<\/div>\n\t\t<\/section>\n\t\t\t\t<section data-particle_enable=\"false\" data-particle-mobile-disabled=\"false\" class=\"elementor-section elementor-top-section elementor-element elementor-element-a41fff2 elementor-section-boxed elementor-section-height-default elementor-section-height-default\" data-id=\"a41fff2\" data-element_type=\"section\" data-e-type=\"section\">\n\t\t\t\t\t\t<div class=\"elementor-container elementor-column-gap-default\">\n\t\t\t\t\t<div class=\"elementor-column elementor-col-100 elementor-top-column elementor-element elementor-element-3fe3f61\" data-id=\"3fe3f61\" data-element_type=\"column\" data-e-type=\"column\">\n\t\t\t<div class=\"elementor-widget-wrap elementor-element-populated\">\n\t\t\t\t\t\t<div class=\"elementor-element elementor-element-81c86c9 elementor-widget elementor-widget-image\" data-id=\"81c86c9\" data-element_type=\"widget\" data-e-type=\"widget\" data-widget_type=\"image.default\">\n\t\t\t\t\t\t\t\t\t\t\t\t<figure class=\"wp-caption\">\n\t\t\t\t\t\t\t\t\t\t<img fetchpriority=\"high\" decoding=\"async\" width=\"768\" height=\"768\" src=\"https:\/\/soymigrante.com\/revista\/wp-content\/uploads\/2024\/05\/Artistas-de-Quetzaltenango-en-el-Instituto-Cervantes-Francia-1024x1024.webp\" class=\"attachment-large size-large wp-image-6594\" alt=\"Cervantes Instituto Caravantes, evento cultural y exposici\u00f3n de arte con diplom\u00e1ticos latinoamericanos en Madrid, destacando la diversidad cultural y la promoci\u00f3n de la cultura latinoamericana en Spain.\" srcset=\"https:\/\/soymigrante.com\/revista\/wp-content\/uploads\/2024\/05\/Artistas-de-Quetzaltenango-en-el-Instituto-Cervantes-Francia-1024x1024.webp 1024w, https:\/\/soymigrante.com\/revista\/wp-content\/uploads\/2024\/05\/Artistas-de-Quetzaltenango-en-el-Instituto-Cervantes-Francia-300x300.webp 300w, https:\/\/soymigrante.com\/revista\/wp-content\/uploads\/2024\/05\/Artistas-de-Quetzaltenango-en-el-Instituto-Cervantes-Francia-150x150.webp 150w, https:\/\/soymigrante.com\/revista\/wp-content\/uploads\/2024\/05\/Artistas-de-Quetzaltenango-en-el-Instituto-Cervantes-Francia-768x768.webp 768w, https:\/\/soymigrante.com\/revista\/wp-content\/uploads\/2024\/05\/Artistas-de-Quetzaltenango-en-el-Instituto-Cervantes-Francia-75x75.webp 75w, https:\/\/soymigrante.com\/revista\/wp-content\/uploads\/2024\/05\/Artistas-de-Quetzaltenango-en-el-Instituto-Cervantes-Francia-750x750.webp 750w, https:\/\/soymigrante.com\/revista\/wp-content\/uploads\/2024\/05\/Artistas-de-Quetzaltenango-en-el-Instituto-Cervantes-Francia-1140x1140.webp 1140w, https:\/\/soymigrante.com\/revista\/wp-content\/uploads\/2024\/05\/Artistas-de-Quetzaltenango-en-el-Instituto-Cervantes-Francia.webp 1280w\" sizes=\"(max-width: 768px) 100vw, 768px\" title=\"Artistas de Quetzaltenango en el Instituto Cervantes Francia \u2013 SoyMigrante.com REVISTA\" \/>\t\t\t\t\t\t\t\t\t\t\t<figcaption class=\"widget-image-caption wp-caption-text\"> Las obras de los artistas Eddy V\u00e1sques y Nehem\u00edas Escalante fueron presentadas durante la und\u00e9cima edici\u00f3n de las Semanas de Am\u00e9rica Latina y el Caribe Semanas en Francia. (Foto: Embajadad de Guatemala en Francia) <\/figcaption>\n\t\t\t\t\t\t\t\t\t\t<\/figure>\n\t\t\t\t\t\t\t\t\t<\/div>\n\t\t\t\t\t<\/div>\n\t\t<\/div>\n\t\t\t\t\t<\/div>\n\t\t<\/section>\n\t\t\t\t<section data-particle_enable=\"false\" data-particle-mobile-disabled=\"false\" class=\"elementor-section elementor-top-section elementor-element elementor-element-96cdefc elementor-section-boxed elementor-section-height-default elementor-section-height-default\" data-id=\"96cdefc\" data-element_type=\"section\" data-e-type=\"section\">\n\t\t\t\t\t\t<div class=\"elementor-container elementor-column-gap-default\">\n\t\t\t\t\t<div class=\"elementor-column elementor-col-100 elementor-top-column elementor-element elementor-element-1b56508\" data-id=\"1b56508\" data-element_type=\"column\" data-e-type=\"column\">\n\t\t\t<div class=\"elementor-widget-wrap elementor-element-populated\">\n\t\t\t\t\t\t<div class=\"elementor-element elementor-element-0b52e3a elementor-widget elementor-widget-heading\" data-id=\"0b52e3a\" data-element_type=\"widget\" data-e-type=\"widget\" data-widget_type=\"heading.default\">\n\t\t\t\t\t<h3 class=\"elementor-heading-title elementor-size-default\">Eddy V\u00e1squez: tributo a la tradici\u00f3n oral<\/h3>\t\t\t\t<\/div>\n\t\t\t\t\t<\/div>\n\t\t<\/div>\n\t\t\t\t\t<\/div>\n\t\t<\/section>\n\t\t\t\t<section data-particle_enable=\"false\" data-particle-mobile-disabled=\"false\" class=\"elementor-section elementor-top-section elementor-element elementor-element-486600f elementor-section-boxed elementor-section-height-default elementor-section-height-default\" data-id=\"486600f\" data-element_type=\"section\" data-e-type=\"section\">\n\t\t\t\t\t\t<div class=\"elementor-container elementor-column-gap-default\">\n\t\t\t\t\t<div class=\"elementor-column elementor-col-100 elementor-top-column elementor-element elementor-element-b658218\" data-id=\"b658218\" data-element_type=\"column\" data-e-type=\"column\">\n\t\t\t<div class=\"elementor-widget-wrap elementor-element-populated\">\n\t\t\t\t\t\t<div class=\"elementor-element elementor-element-9ef27e5 elementor-widget elementor-widget-text-editor\" data-id=\"9ef27e5\" data-element_type=\"widget\" data-e-type=\"widget\" data-widget_type=\"text-editor.default\">\n\t\t\t\t\t\t\t\t\t<p><strong>\u00bfQu\u00e9 significado tienen participar en la und\u00e9cima edici\u00f3n de las Semanas de Am\u00e9rica Latina?<\/strong><\/p><p>Paris es la cuna del arte y esta experiencia ha sido de mucha inspiraci\u00f3n y motivaci\u00f3n para mi carrera. El a\u00f1o pasado tuve la oportunidad de exhibir una colecci\u00f3n en la universidad de la Sorbona y este a\u00f1o que nos invita la embajada de Guatemala y el Instituto Cervantes.<\/p><p><strong>\u00bfC\u00f3mo se inici\u00f3 en la pintura?<\/strong><\/p><p>La inquietud por el arte la descubr\u00ed de ni\u00f1o, siempre vi formas y figuras en manchas, piedras, madera, siempre encontraba una forma; juguetes desechados tambi\u00e9n sirvieron de inspiraci\u00f3n.<\/p><p>Vengo de una familia de artistas. Mi abuelo era m\u00fasico y mi abuela tejedora.<\/p><p><strong>\u00bfLa obra que exhibe en Francia en qu\u00e9 est\u00e1 inspirada?<\/strong><\/p><p>En la tradici\u00f3n oral de San Juan Ostuncalco y en los relatos de mis abuelos. Seg\u00fan la tradici\u00f3n oral el agua del lago de Atitl\u00e1n hace miles de a\u00f1os reposaba en el valle de Quetzaltenango crenado un lago gigante y San Juan Ostuncalco era un pueblo que estaba a la orilla del manto de agua.<\/p><p><strong>\u00bf<\/strong><b>En qu\u00e9 otros lugares se han expuesto sus obras?<\/b><\/p><p>En M\u00e9xico y Argentina.<\/p>\t\t\t\t\t\t\t\t<\/div>\n\t\t\t\t\t<\/div>\n\t\t<\/div>\n\t\t\t\t\t<\/div>\n\t\t<\/section>\n\t\t\t\t<section data-particle_enable=\"false\" data-particle-mobile-disabled=\"false\" class=\"elementor-section elementor-top-section elementor-element elementor-element-1456317 elementor-section-boxed elementor-section-height-default elementor-section-height-default\" data-id=\"1456317\" data-element_type=\"section\" data-e-type=\"section\">\n\t\t\t\t\t\t<div class=\"elementor-container elementor-column-gap-default\">\n\t\t\t\t\t<div class=\"elementor-column elementor-col-100 elementor-top-column elementor-element elementor-element-71150a0\" data-id=\"71150a0\" data-element_type=\"column\" data-e-type=\"column\">\n\t\t\t<div class=\"elementor-widget-wrap elementor-element-populated\">\n\t\t\t\t\t\t<div class=\"elementor-element elementor-element-264ad22 elementor-widget elementor-widget-image\" data-id=\"264ad22\" data-element_type=\"widget\" data-e-type=\"widget\" data-widget_type=\"image.default\">\n\t\t\t\t\t\t\t\t\t\t\t\t\t\t\t<img decoding=\"async\" width=\"768\" height=\"992\" src=\"https:\/\/soymigrante.com\/revista\/wp-content\/uploads\/2024\/05\/Eddy-Vasquez-publico-esta-foto-en-sus-redes-sociales-793x1024.webp\" class=\"attachment-large size-large wp-image-6599\" alt=\"France, Torre Eiffel, bandera y ofrenda por la independencia en Par\u00eds, conmemorando la lucha y la libertad, s\u00edmbolo de la historia y cultura mexicana, en un d\u00eda especial para recordar fechas patrias.\" srcset=\"https:\/\/soymigrante.com\/revista\/wp-content\/uploads\/2024\/05\/Eddy-Vasquez-publico-esta-foto-en-sus-redes-sociales-793x1024.webp 793w, https:\/\/soymigrante.com\/revista\/wp-content\/uploads\/2024\/05\/Eddy-Vasquez-publico-esta-foto-en-sus-redes-sociales-232x300.webp 232w, https:\/\/soymigrante.com\/revista\/wp-content\/uploads\/2024\/05\/Eddy-Vasquez-publico-esta-foto-en-sus-redes-sociales-768x992.webp 768w, https:\/\/soymigrante.com\/revista\/wp-content\/uploads\/2024\/05\/Eddy-Vasquez-publico-esta-foto-en-sus-redes-sociales-750x969.webp 750w, https:\/\/soymigrante.com\/revista\/wp-content\/uploads\/2024\/05\/Eddy-Vasquez-publico-esta-foto-en-sus-redes-sociales.webp 960w\" sizes=\"(max-width: 768px) 100vw, 768px\" title=\"Eddy V\u00e1squez publico esta foto en sus redes sociales \u2013 SoyMigrante.com REVISTA\" \/>\t\t\t\t\t\t\t\t\t\t\t\t\t\t\t<\/div>\n\t\t\t\t\t<\/div>\n\t\t<\/div>\n\t\t\t\t\t<\/div>\n\t\t<\/section>\n\t\t\t\t<section data-particle_enable=\"false\" data-particle-mobile-disabled=\"false\" class=\"elementor-section elementor-top-section elementor-element elementor-element-290a1c6 elementor-section-boxed elementor-section-height-default elementor-section-height-default\" data-id=\"290a1c6\" data-element_type=\"section\" data-e-type=\"section\">\n\t\t\t\t\t\t<div class=\"elementor-container elementor-column-gap-default\">\n\t\t\t\t\t<div class=\"elementor-column elementor-col-100 elementor-top-column elementor-element elementor-element-9c0d981\" data-id=\"9c0d981\" data-element_type=\"column\" data-e-type=\"column\">\n\t\t\t<div class=\"elementor-widget-wrap elementor-element-populated\">\n\t\t\t\t\t\t<div class=\"elementor-element elementor-element-e4a8ae0 elementor-widget elementor-widget-image\" data-id=\"e4a8ae0\" data-element_type=\"widget\" data-e-type=\"widget\" data-widget_type=\"image.default\">\n\t\t\t\t\t\t\t\t\t\t\t\t<figure class=\"wp-caption\">\n\t\t\t\t\t\t\t\t\t\t<img decoding=\"async\" width=\"768\" height=\"768\" src=\"https:\/\/soymigrante.com\/revista\/wp-content\/uploads\/2024\/05\/Eddy-Vasquez-posa-frente-a-la-coleccion-de-pinturas-que-exhibe-en-Francia-1024x1024.webp\" class=\"attachment-large size-large wp-image-6595\" alt=\"Frontal de un joven en una exposici\u00f3n de arte con pinturas coloridas y abstractas en el fondo.\" srcset=\"https:\/\/soymigrante.com\/revista\/wp-content\/uploads\/2024\/05\/Eddy-Vasquez-posa-frente-a-la-coleccion-de-pinturas-que-exhibe-en-Francia-1024x1024.webp 1024w, https:\/\/soymigrante.com\/revista\/wp-content\/uploads\/2024\/05\/Eddy-Vasquez-posa-frente-a-la-coleccion-de-pinturas-que-exhibe-en-Francia-300x300.webp 300w, https:\/\/soymigrante.com\/revista\/wp-content\/uploads\/2024\/05\/Eddy-Vasquez-posa-frente-a-la-coleccion-de-pinturas-que-exhibe-en-Francia-150x150.webp 150w, https:\/\/soymigrante.com\/revista\/wp-content\/uploads\/2024\/05\/Eddy-Vasquez-posa-frente-a-la-coleccion-de-pinturas-que-exhibe-en-Francia-768x768.webp 768w, https:\/\/soymigrante.com\/revista\/wp-content\/uploads\/2024\/05\/Eddy-Vasquez-posa-frente-a-la-coleccion-de-pinturas-que-exhibe-en-Francia-1536x1536.webp 1536w, https:\/\/soymigrante.com\/revista\/wp-content\/uploads\/2024\/05\/Eddy-Vasquez-posa-frente-a-la-coleccion-de-pinturas-que-exhibe-en-Francia-75x75.webp 75w, https:\/\/soymigrante.com\/revista\/wp-content\/uploads\/2024\/05\/Eddy-Vasquez-posa-frente-a-la-coleccion-de-pinturas-que-exhibe-en-Francia-750x750.webp 750w, https:\/\/soymigrante.com\/revista\/wp-content\/uploads\/2024\/05\/Eddy-Vasquez-posa-frente-a-la-coleccion-de-pinturas-que-exhibe-en-Francia-1140x1140.webp 1140w, https:\/\/soymigrante.com\/revista\/wp-content\/uploads\/2024\/05\/Eddy-Vasquez-posa-frente-a-la-coleccion-de-pinturas-que-exhibe-en-Francia.webp 1920w\" sizes=\"(max-width: 768px) 100vw, 768px\" title=\"Eddy V\u00e1squez posa frente a la colecci\u00f3n de pinturas que exhibe en Francia \u2013 SoyMigrante.com REVISTA\" \/>\t\t\t\t\t\t\t\t\t\t\t<figcaption class=\"widget-image-caption wp-caption-text\">Eddy V\u00e1squez captado junto a la colecci\u00f3n de pinturas que se exhiben en Francia. las pinturas las cre\u00f3 en su taller en San Juan Ostuncalco, Quetzaltenango. (Foto: Eddy V\u00e1squez) <\/figcaption>\n\t\t\t\t\t\t\t\t\t\t<\/figure>\n\t\t\t\t\t\t\t\t\t<\/div>\n\t\t\t\t\t<\/div>\n\t\t<\/div>\n\t\t\t\t\t<\/div>\n\t\t<\/section>\n\t\t\t\t<section data-particle_enable=\"false\" data-particle-mobile-disabled=\"false\" class=\"elementor-section elementor-top-section elementor-element elementor-element-4081a19 elementor-section-boxed elementor-section-height-default elementor-section-height-default\" data-id=\"4081a19\" data-element_type=\"section\" data-e-type=\"section\">\n\t\t\t\t\t\t<div class=\"elementor-container elementor-column-gap-default\">\n\t\t\t\t\t<div class=\"elementor-column elementor-col-100 elementor-top-column elementor-element elementor-element-506f90a\" data-id=\"506f90a\" data-element_type=\"column\" data-e-type=\"column\">\n\t\t\t<div class=\"elementor-widget-wrap elementor-element-populated\">\n\t\t\t\t\t\t<div class=\"elementor-element elementor-element-439f730 elementor-widget elementor-widget-facebook-page\" data-id=\"439f730\" data-element_type=\"widget\" data-e-type=\"widget\" data-widget_type=\"facebook-page.default\">\n\t\t\t\t\t<div class=\"elementor-facebook-widget fb-page\" data-href=\"https:\/\/www.facebook.com\/profile.php?id=100088785743730\" data-tabs=\"timeline\" data-height=\"500px\" data-width=\"500px\" data-small-header=\"false\" data-hide-cover=\"false\" data-show-facepile=\"true\" data-hide-cta=\"false\" style=\"min-height: 1px;height:500px\"><\/div>\t\t\t\t<\/div>\n\t\t\t\t\t<\/div>\n\t\t<\/div>\n\t\t\t\t\t<\/div>\n\t\t<\/section>\n\t\t\t\t<section data-particle_enable=\"false\" data-particle-mobile-disabled=\"false\" class=\"elementor-section elementor-top-section elementor-element elementor-element-8e8c938 elementor-section-boxed elementor-section-height-default elementor-section-height-default\" data-id=\"8e8c938\" data-element_type=\"section\" data-e-type=\"section\">\n\t\t\t\t\t\t<div class=\"elementor-container elementor-column-gap-default\">\n\t\t\t\t\t<div class=\"elementor-column elementor-col-100 elementor-top-column elementor-element elementor-element-b76ab1e\" data-id=\"b76ab1e\" data-element_type=\"column\" data-e-type=\"column\">\n\t\t\t<div class=\"elementor-widget-wrap elementor-element-populated\">\n\t\t\t\t\t\t<div class=\"elementor-element elementor-element-77e184d elementor-widget-divider--view-line elementor-widget elementor-widget-divider\" data-id=\"77e184d\" data-element_type=\"widget\" data-e-type=\"widget\" data-widget_type=\"divider.default\">\n\t\t\t\t\t\t\t<div class=\"elementor-divider\">\n\t\t\t<span class=\"elementor-divider-separator\">\n\t\t\t\t\t\t<\/span>\n\t\t<\/div>\n\t\t\t\t\t\t<\/div>\n\t\t\t\t\t<\/div>\n\t\t<\/div>\n\t\t\t\t\t<\/div>\n\t\t<\/section>\n\t\t\t\t<section data-particle_enable=\"false\" data-particle-mobile-disabled=\"false\" class=\"elementor-section elementor-top-section elementor-element elementor-element-ab07573 elementor-section-boxed elementor-section-height-default elementor-section-height-default\" data-id=\"ab07573\" data-element_type=\"section\" data-e-type=\"section\">\n\t\t\t\t\t\t<div class=\"elementor-container elementor-column-gap-default\">\n\t\t\t\t\t<div class=\"elementor-column elementor-col-100 elementor-top-column elementor-element elementor-element-414db3c\" data-id=\"414db3c\" data-element_type=\"column\" data-e-type=\"column\">\n\t\t\t<div class=\"elementor-widget-wrap elementor-element-populated\">\n\t\t\t\t\t\t<div class=\"elementor-element elementor-element-bd78ab5 elementor-widget elementor-widget-heading\" data-id=\"bd78ab5\" data-element_type=\"widget\" data-e-type=\"widget\" data-widget_type=\"heading.default\">\n\t\t\t\t\t<h2 class=\"elementor-heading-title elementor-size-default\">Nehem\u00edas Escalante: s\u00e9 trabajar la tierra<\/h2>\t\t\t\t<\/div>\n\t\t\t\t\t<\/div>\n\t\t<\/div>\n\t\t\t\t\t<\/div>\n\t\t<\/section>\n\t\t\t\t<section data-particle_enable=\"false\" data-particle-mobile-disabled=\"false\" class=\"elementor-section elementor-top-section elementor-element elementor-element-3a06510 elementor-section-boxed elementor-section-height-default elementor-section-height-default\" data-id=\"3a06510\" data-element_type=\"section\" data-e-type=\"section\">\n\t\t\t\t\t\t<div class=\"elementor-container elementor-column-gap-default\">\n\t\t\t\t\t<div class=\"elementor-column elementor-col-100 elementor-top-column elementor-element elementor-element-3473441\" data-id=\"3473441\" data-element_type=\"column\" data-e-type=\"column\">\n\t\t\t<div class=\"elementor-widget-wrap elementor-element-populated\">\n\t\t\t\t\t\t<div class=\"elementor-element elementor-element-a77cea0 elementor-widget elementor-widget-text-editor\" data-id=\"a77cea0\" data-element_type=\"widget\" data-e-type=\"widget\" data-widget_type=\"text-editor.default\">\n\t\t\t\t\t\t\t\t\t<p><strong>\u00bfNehem\u00edas, su obra en qu\u00e9 est\u00e1 inspirada?<\/strong><\/p><p>En la agricultura de la papa de donde soy originario y en la cotidianidad de la vida. Mis trazos evocan un lenguaje \u00fanico porque conozco qu\u00e9 es trabajar el campo y ahora lo hago a trav\u00e9s del arte. \u00a0<\/p><p><strong>\u00bfTiene alguna obra dedicada a los migrante de Concepci\u00f3n Chiquirichapa?<\/strong><\/p><p>El arte es complejo y llegar\u00e1 la fuente de inspiraci\u00f3n para plasmarlo en uno o varias obras.<\/p><p><strong>\u00bfEn qu\u00e9 pa\u00eds hay una exhibici\u00f3n permanente de su autor\u00eda?<\/strong><\/p><p>En la Pinacoteca de la Universidad Roque Dalton \u2013 El Salvador \u2013 est\u00e1 una colecci\u00f3n que se llama Chuj \u2013 temascal \u2013.<\/p>\t\t\t\t\t\t\t\t<\/div>\n\t\t\t\t\t<\/div>\n\t\t<\/div>\n\t\t\t\t\t<\/div>\n\t\t<\/section>\n\t\t\t\t<section data-particle_enable=\"false\" data-particle-mobile-disabled=\"false\" class=\"elementor-section elementor-top-section elementor-element elementor-element-a03335c elementor-section-boxed elementor-section-height-default elementor-section-height-default\" data-id=\"a03335c\" data-element_type=\"section\" data-e-type=\"section\">\n\t\t\t\t\t\t<div class=\"elementor-container elementor-column-gap-default\">\n\t\t\t\t\t<div class=\"elementor-column elementor-col-100 elementor-top-column elementor-element elementor-element-2466f9a\" data-id=\"2466f9a\" data-element_type=\"column\" data-e-type=\"column\">\n\t\t\t<div class=\"elementor-widget-wrap elementor-element-populated\">\n\t\t\t\t\t\t<div class=\"elementor-element elementor-element-4409e47 elementor-widget elementor-widget-image\" data-id=\"4409e47\" data-element_type=\"widget\" data-e-type=\"widget\" data-widget_type=\"image.default\">\n\t\t\t\t\t\t\t\t\t\t\t\t\t\t\t<img loading=\"lazy\" decoding=\"async\" width=\"768\" height=\"1013\" src=\"https:\/\/soymigrante.com\/revista\/wp-content\/uploads\/2024\/05\/Obras-de-dos-guatemaltecos-se-exhiben-en-Francia-776x1024.webp\" class=\"attachment-large size-large wp-image-6601\" alt=\"T\u00cdTULO: SoyMigrante.com REVISTA.\" srcset=\"https:\/\/soymigrante.com\/revista\/wp-content\/uploads\/2024\/05\/Obras-de-dos-guatemaltecos-se-exhiben-en-Francia-776x1024.webp 776w, https:\/\/soymigrante.com\/revista\/wp-content\/uploads\/2024\/05\/Obras-de-dos-guatemaltecos-se-exhiben-en-Francia-227x300.webp 227w, https:\/\/soymigrante.com\/revista\/wp-content\/uploads\/2024\/05\/Obras-de-dos-guatemaltecos-se-exhiben-en-Francia-768x1013.webp 768w, https:\/\/soymigrante.com\/revista\/wp-content\/uploads\/2024\/05\/Obras-de-dos-guatemaltecos-se-exhiben-en-Francia-1164x1536.webp 1164w, https:\/\/soymigrante.com\/revista\/wp-content\/uploads\/2024\/05\/Obras-de-dos-guatemaltecos-se-exhiben-en-Francia-750x990.webp 750w, https:\/\/soymigrante.com\/revista\/wp-content\/uploads\/2024\/05\/Obras-de-dos-guatemaltecos-se-exhiben-en-Francia-1140x1504.webp 1140w, https:\/\/soymigrante.com\/revista\/wp-content\/uploads\/2024\/05\/Obras-de-dos-guatemaltecos-se-exhiben-en-Francia.webp 1455w\" sizes=\"(max-width: 768px) 100vw, 768px\" title=\"Obras de dos guatemaltecos se exhiben en Francia \u2013 SoyMigrante.com REVISTA\" \/>\t\t\t\t\t\t\t\t\t\t\t\t\t\t\t<\/div>\n\t\t\t\t\t<\/div>\n\t\t<\/div>\n\t\t\t\t\t<\/div>\n\t\t<\/section>\n\t\t\t\t<section data-particle_enable=\"false\" data-particle-mobile-disabled=\"false\" class=\"elementor-section elementor-top-section elementor-element elementor-element-826469e elementor-section-boxed elementor-section-height-default elementor-section-height-default\" data-id=\"826469e\" data-element_type=\"section\" data-e-type=\"section\">\n\t\t\t\t\t\t<div class=\"elementor-container elementor-column-gap-default\">\n\t\t\t\t\t<div class=\"elementor-column elementor-col-100 elementor-top-column elementor-element elementor-element-825c496\" data-id=\"825c496\" data-element_type=\"column\" data-e-type=\"column\">\n\t\t\t<div class=\"elementor-widget-wrap elementor-element-populated\">\n\t\t\t\t\t\t<div class=\"elementor-element elementor-element-37e3a26 elementor-widget elementor-widget-image\" data-id=\"37e3a26\" data-element_type=\"widget\" data-e-type=\"widget\" data-widget_type=\"image.default\">\n\t\t\t\t\t\t\t\t\t\t\t\t<figure class=\"wp-caption\">\n\t\t\t\t\t\t\t\t\t\t<img loading=\"lazy\" decoding=\"async\" width=\"768\" height=\"512\" src=\"https:\/\/soymigrante.com\/revista\/wp-content\/uploads\/2024\/05\/Nehemias-Escalante-fue-captado-al-momento-de-pintar-una-de-sus-obras-en-su-natal-Concepcion-Chiquirichapa-Foto-Nehemias-Escalante-2-1024x683.webp\" class=\"attachment-large size-large wp-image-6605\" alt=\"Joven artista pintando un mural de arte abstracto en un espacio cultural.\" srcset=\"https:\/\/soymigrante.com\/revista\/wp-content\/uploads\/2024\/05\/Nehemias-Escalante-fue-captado-al-momento-de-pintar-una-de-sus-obras-en-su-natal-Concepcion-Chiquirichapa-Foto-Nehemias-Escalante-2-1024x683.webp 1024w, https:\/\/soymigrante.com\/revista\/wp-content\/uploads\/2024\/05\/Nehemias-Escalante-fue-captado-al-momento-de-pintar-una-de-sus-obras-en-su-natal-Concepcion-Chiquirichapa-Foto-Nehemias-Escalante-2-300x200.webp 300w, https:\/\/soymigrante.com\/revista\/wp-content\/uploads\/2024\/05\/Nehemias-Escalante-fue-captado-al-momento-de-pintar-una-de-sus-obras-en-su-natal-Concepcion-Chiquirichapa-Foto-Nehemias-Escalante-2-768x512.webp 768w, https:\/\/soymigrante.com\/revista\/wp-content\/uploads\/2024\/05\/Nehemias-Escalante-fue-captado-al-momento-de-pintar-una-de-sus-obras-en-su-natal-Concepcion-Chiquirichapa-Foto-Nehemias-Escalante-2-750x500.webp 750w, https:\/\/soymigrante.com\/revista\/wp-content\/uploads\/2024\/05\/Nehemias-Escalante-fue-captado-al-momento-de-pintar-una-de-sus-obras-en-su-natal-Concepcion-Chiquirichapa-Foto-Nehemias-Escalante-2.webp 1065w\" sizes=\"(max-width: 768px) 100vw, 768px\" title=\"Nehem\u00edas Escalante fue captado al momento de pintar una de sus obras en su natal Concepci\u00f3n Chiquirichapa Foto Nehem\u00edas Escalante 2 \u2013 SoyMigrante.com REVISTA\" \/>\t\t\t\t\t\t\t\t\t\t\t<figcaption class=\"widget-image-caption wp-caption-text\">Nehem\u00edas Escalante captado al momento de pintar una de sus obras en su estudio en Concepci\u00f3n Chiquirichapa, Quetzaltenango. (Foto: Nehem\u00edas Escalante)<\/figcaption>\n\t\t\t\t\t\t\t\t\t\t<\/figure>\n\t\t\t\t\t\t\t\t\t<\/div>\n\t\t\t\t\t<\/div>\n\t\t<\/div>\n\t\t\t\t\t<\/div>\n\t\t<\/section>\n\t\t\t\t<section data-particle_enable=\"false\" data-particle-mobile-disabled=\"false\" class=\"elementor-section elementor-top-section elementor-element elementor-element-7ba20e5 elementor-section-boxed elementor-section-height-default elementor-section-height-default\" data-id=\"7ba20e5\" data-element_type=\"section\" data-e-type=\"section\">\n\t\t\t\t\t\t<div class=\"elementor-container elementor-column-gap-default\">\n\t\t\t\t\t<div class=\"elementor-column elementor-col-100 elementor-top-column elementor-element elementor-element-a966485\" data-id=\"a966485\" data-element_type=\"column\" data-e-type=\"column\">\n\t\t\t<div class=\"elementor-widget-wrap elementor-element-populated\">\n\t\t\t\t\t\t<div class=\"elementor-element elementor-element-991a1d1 elementor-widget elementor-widget-facebook-page\" data-id=\"991a1d1\" data-element_type=\"widget\" data-e-type=\"widget\" data-widget_type=\"facebook-page.default\">\n\t\t\t\t\t<div class=\"elementor-facebook-widget fb-page\" data-href=\"https:\/\/www.facebook.com\/nehemias.lopez.7543\" data-tabs=\"timeline\" data-height=\"500px\" data-width=\"500px\" data-small-header=\"false\" data-hide-cover=\"false\" data-show-facepile=\"true\" data-hide-cta=\"false\" style=\"min-height: 1px;height:500px\"><\/div>\t\t\t\t<\/div>\n\t\t\t\t\t<\/div>\n\t\t<\/div>\n\t\t\t\t\t<\/div>\n\t\t<\/section>\n\t\t\t\t<section data-particle_enable=\"false\" data-particle-mobile-disabled=\"false\" class=\"elementor-section elementor-top-section elementor-element elementor-element-4a0f06d elementor-section-boxed elementor-section-height-default elementor-section-height-default\" data-id=\"4a0f06d\" data-element_type=\"section\" data-e-type=\"section\">\n\t\t\t\t\t\t<div class=\"elementor-container elementor-column-gap-default\">\n\t\t\t\t\t<div class=\"elementor-column elementor-col-100 elementor-top-column elementor-element elementor-element-51a7884\" data-id=\"51a7884\" data-element_type=\"column\" data-e-type=\"column\">\n\t\t\t<div class=\"elementor-widget-wrap elementor-element-populated\">\n\t\t\t\t\t\t<div class=\"elementor-element elementor-element-daa1ca3 elementor-widget elementor-widget-facebook-page\" data-id=\"daa1ca3\" data-element_type=\"widget\" data-e-type=\"widget\" data-widget_type=\"facebook-page.default\">\n\t\t\t\t\t<div class=\"elementor-facebook-widget fb-page\" data-href=\"https:\/\/www.facebook.com\/elemntor\/\" data-tabs=\"timeline\" data-height=\"500px\" data-width=\"500px\" data-small-header=\"false\" data-hide-cover=\"false\" data-show-facepile=\"true\" data-hide-cta=\"false\" style=\"min-height: 1px;height:500px\"><\/div>\t\t\t\t<\/div>\n\t\t\t\t\t<\/div>\n\t\t<\/div>\n\t\t\t\t\t<\/div>\n\t\t<\/section>\n\t\t\t\t<section data-particle_enable=\"false\" data-particle-mobile-disabled=\"false\" class=\"elementor-section elementor-top-section elementor-element elementor-element-523fcc3 elementor-section-boxed elementor-section-height-default elementor-section-height-default\" data-id=\"523fcc3\" data-element_type=\"section\" data-e-type=\"section\">\n\t\t\t\t\t\t<div class=\"elementor-container elementor-column-gap-default\">\n\t\t\t\t\t<div class=\"elementor-column elementor-col-100 elementor-top-column elementor-element elementor-element-1902df4\" data-id=\"1902df4\" data-element_type=\"column\" data-e-type=\"column\">\n\t\t\t<div class=\"elementor-widget-wrap elementor-element-populated\">\n\t\t\t\t\t\t<div class=\"elementor-element elementor-element-df4eeed elementor-widget-divider--view-line elementor-widget elementor-widget-divider\" data-id=\"df4eeed\" data-element_type=\"widget\" data-e-type=\"widget\" data-widget_type=\"divider.default\">\n\t\t\t\t\t\t\t<div class=\"elementor-divider\">\n\t\t\t<span class=\"elementor-divider-separator\">\n\t\t\t\t\t\t<\/span>\n\t\t<\/div>\n\t\t\t\t\t\t<\/div>\n\t\t\t\t\t<\/div>\n\t\t<\/div>\n\t\t\t\t\t<\/div>\n\t\t<\/section>\n\t\t\t\t<section data-particle_enable=\"false\" data-particle-mobile-disabled=\"false\" class=\"elementor-section elementor-top-section elementor-element elementor-element-33f106a elementor-section-boxed elementor-section-height-default elementor-section-height-default\" data-id=\"33f106a\" data-element_type=\"section\" data-e-type=\"section\">\n\t\t\t\t\t\t<div class=\"elementor-container elementor-column-gap-default\">\n\t\t\t\t\t<div class=\"elementor-column elementor-col-100 elementor-top-column elementor-element elementor-element-40f1de9\" data-id=\"40f1de9\" data-element_type=\"column\" data-e-type=\"column\">\n\t\t\t<div class=\"elementor-widget-wrap elementor-element-populated\">\n\t\t\t\t\t\t<div class=\"elementor-element elementor-element-b0484eb elementor-widget elementor-widget-heading\" data-id=\"b0484eb\" data-element_type=\"widget\" data-e-type=\"widget\" data-widget_type=\"heading.default\">\n\t\t\t\t\t<h2 class=\"elementor-heading-title elementor-size-default\">Ama a Guatemala a donde quiera que vayas<\/h2>\t\t\t\t<\/div>\n\t\t\t\t\t<\/div>\n\t\t<\/div>\n\t\t\t\t\t<\/div>\n\t\t<\/section>\n\t\t\t\t<section data-particle_enable=\"false\" data-particle-mobile-disabled=\"false\" class=\"elementor-section elementor-top-section elementor-element elementor-element-81fff50 elementor-section-boxed elementor-section-height-default elementor-section-height-default\" data-id=\"81fff50\" data-element_type=\"section\" data-e-type=\"section\">\n\t\t\t\t\t\t<div class=\"elementor-container elementor-column-gap-default\">\n\t\t\t\t\t<div class=\"elementor-column elementor-col-100 elementor-top-column elementor-element elementor-element-b700af2\" data-id=\"b700af2\" data-element_type=\"column\" data-e-type=\"column\">\n\t\t\t<div class=\"elementor-widget-wrap elementor-element-populated\">\n\t\t\t\t\t\t<div class=\"elementor-element elementor-element-61edd06 elementor-widget elementor-widget-blfe-post-grid\" data-id=\"61edd06\" data-element_type=\"widget\" data-e-type=\"widget\" data-settings=\"{&quot;columns&quot;:&quot;3&quot;,&quot;columns_tablet&quot;:&quot;6&quot;,&quot;columns_mobile&quot;:&quot;12&quot;,&quot;hero1_layout_column_gap&quot;:{&quot;unit&quot;:&quot;px&quot;,&quot;size&quot;:30,&quot;sizes&quot;:[]},&quot;hero1_layout_column_gap_tablet&quot;:{&quot;unit&quot;:&quot;px&quot;,&quot;size&quot;:&quot;&quot;,&quot;sizes&quot;:[]},&quot;hero1_layout_column_gap_mobile&quot;:{&quot;unit&quot;:&quot;px&quot;,&quot;size&quot;:&quot;&quot;,&quot;sizes&quot;:[]},&quot;hero1_layout_row_gap&quot;:{&quot;unit&quot;:&quot;px&quot;,&quot;size&quot;:30,&quot;sizes&quot;:[]},&quot;hero1_layout_row_gap_tablet&quot;:{&quot;unit&quot;:&quot;px&quot;,&quot;size&quot;:&quot;&quot;,&quot;sizes&quot;:[]},&quot;hero1_layout_row_gap_mobile&quot;:{&quot;unit&quot;:&quot;px&quot;,&quot;size&quot;:&quot;&quot;,&quot;sizes&quot;:[]}}\" data-widget_type=\"blfe-post-grid.hero1\">\n\t\t\t\t<div class=\"elementor-widget-container\">\n\t\t\t\t\t\n                        <div class=\"blfe-post-grid-container \">\n            \n                <div data-skin=\"hero1\" class=\"blfe-row blfe-posts-inner blfe-hero1 blfe-posts-inner blfe-col-3 blfe-col-tab-6 blfe-col-mob-12     \">\n                            <div class=\"blfe-post-grid-item\">\n            <div class=\"blfe-post-grid-item-inner blfe-modern-zoom\">\n                        <div class=\"blfe-post-grid-bg-image\">\n            <a class=\"blfe-post-grid-image-inner\" href=\"https:\/\/soymigrante.com\/revista\/dia-de-la-tierra-todos-los-dias-productos-guatemaltecos-naturales-y-autenticos-en-mercado\/\" title=\"D\u00eda de la Tierra todos los d\u00edas: productos guatemaltecos naturales y aut\u00e9nticos en MERCADO\" rel=\"nofollow\" target=\"_blank\"><img decoding=\"async\" src=\"https:\/\/soymigrante.com\/revista\/wp-content\/uploads\/2026\/04\/DIA-DE-LA-TIERRA-PRODUCTOS-ECOLOGICOS-GUATEMALA-SOYMIGRANTE-MERCADO.png\" alt=\"D\u00eda de la Tierra todos los d\u00edas: productos guatemaltecos naturales y aut\u00e9nticos en MERCADO\"\/><\/a>        <\/div>\n                        <div class=\"blfe-post-grid-details\">\n                    <div class=\"blfe-post-grid-details-inner\">\n                        <span class=\"blfe-post-category\"><a href=\"https:\/\/soymigrante.com\/revista\/category\/guate-nuestra\/\">Guate Nuestra<\/a><\/span>                        <h3 class=\"blfe-post-grid-title\">\n            <a href=\"https:\/\/soymigrante.com\/revista\/dia-de-la-tierra-todos-los-dias-productos-guatemaltecos-naturales-y-autenticos-en-mercado\/\" title=\"D\u00eda de la Tierra todos los d\u00edas: productos guatemaltecos naturales y aut\u00e9nticos en MERCADO\" rel=\"nofollow\" target=\"_blank\">D\u00eda de la Tierra todos los d\u00edas: productos guatemaltecos naturales y aut\u00e9nticos en MERCADO<\/a>\n            <\/h3>                                                            <div class=\"blfe-post-grid-meta\">\n                <span class=\"blfe-post-grid-author\"><i class=\"fa fa-user far fa-user\"><\/i>by <a href=\"https:\/\/soymigrante.com\/revista\/author\/soymigrante\/\">SoyMigrante.com REVISTA<\/a><\/span>                    <div class=\"blfe-post-meta-dot\"><\/div>\n                    <span class=\"blfe-post-grid-date\"><i class=\"fa fa-calendar-alt far fa-calendar-alt\"><\/i>22\/04\/2026<\/span>                    <div class=\"blfe-post-meta-dot\"><\/div>\n                                <\/div>\n                                                        <\/div>\n                <\/div>\n\n            <\/div>\n        <\/div>\n                <div class=\"blfe-post-grid-item\">\n            <div class=\"blfe-post-grid-item-inner blfe-modern-zoom\">\n                        <div class=\"blfe-post-grid-bg-image\">\n            <a class=\"blfe-post-grid-image-inner\" href=\"https:\/\/soymigrante.com\/revista\/refugio-natural-cerca-de-la-capital-la-reserva-ecologica-senderos-de-alux-en-sacatepequez\/\" title=\"Refugio natural cerca de la capital: La reserva ecol\u00f3gica Senderos de Alux en Sacatep\u00e9quez\" rel=\"nofollow\" target=\"_blank\"><img decoding=\"async\" src=\"https:\/\/soymigrante.com\/revista\/wp-content\/uploads\/2026\/04\/parque-ecologico-senderos-de-alux-5.jpg\" alt=\"Refugio natural cerca de la capital: La reserva ecol\u00f3gica Senderos de Alux en Sacatep\u00e9quez\"\/><\/a>        <\/div>\n                        <div class=\"blfe-post-grid-details\">\n                    <div class=\"blfe-post-grid-details-inner\">\n                        <span class=\"blfe-post-category\"><a href=\"https:\/\/soymigrante.com\/revista\/category\/guate-nuestra\/\">Guate Nuestra<\/a><\/span>                        <h3 class=\"blfe-post-grid-title\">\n            <a href=\"https:\/\/soymigrante.com\/revista\/refugio-natural-cerca-de-la-capital-la-reserva-ecologica-senderos-de-alux-en-sacatepequez\/\" title=\"Refugio natural cerca de la capital: La reserva ecol\u00f3gica Senderos de Alux en Sacatep\u00e9quez\" rel=\"nofollow\" target=\"_blank\">Refugio natural cerca de la capital: La reserva ecol\u00f3gica Senderos de Alux en Sacatep\u00e9quez<\/a>\n            <\/h3>                                                            <div class=\"blfe-post-grid-meta\">\n                <span class=\"blfe-post-grid-author\"><i class=\"fa fa-user far fa-user\"><\/i>by <a href=\"https:\/\/soymigrante.com\/revista\/author\/mariangel-alvarez\/\">Mari\u00e1ngel \u00c1lvarez<\/a><\/span>                    <div class=\"blfe-post-meta-dot\"><\/div>\n                    <span class=\"blfe-post-grid-date\"><i class=\"fa fa-calendar-alt far fa-calendar-alt\"><\/i>22\/04\/2026<\/span>                    <div class=\"blfe-post-meta-dot\"><\/div>\n                                <\/div>\n                                                        <\/div>\n                <\/div>\n\n            <\/div>\n        <\/div>\n                <div class=\"blfe-post-grid-item\">\n            <div class=\"blfe-post-grid-item-inner blfe-modern-zoom\">\n                        <div class=\"blfe-post-grid-bg-image\">\n            <a class=\"blfe-post-grid-image-inner\" href=\"https:\/\/soymigrante.com\/revista\/libros-guatemaltecos-dia-internacional-del-libro-festeja-inspirate-mercado\/\" title=\"Celebra el D\u00eda del Libro con inspiraci\u00f3n 100% guatemalteca: adquiere, disfruta u obsequia en MERCADO\" rel=\"nofollow\" target=\"_blank\"><img decoding=\"async\" src=\"https:\/\/soymigrante.com\/revista\/wp-content\/uploads\/2026\/04\/DIA-DEL-LIBRO-SOYMIGRANTE-MERCADO.png\" alt=\"Celebra el D\u00eda del Libro con inspiraci\u00f3n 100% guatemalteca: adquiere, disfruta u obsequia en MERCADO\"\/><\/a>        <\/div>\n                        <div class=\"blfe-post-grid-details\">\n                    <div class=\"blfe-post-grid-details-inner\">\n                        <span class=\"blfe-post-category\"><a href=\"https:\/\/soymigrante.com\/revista\/category\/guate-nuestra\/\">Guate Nuestra<\/a><\/span>                        <h3 class=\"blfe-post-grid-title\">\n            <a href=\"https:\/\/soymigrante.com\/revista\/libros-guatemaltecos-dia-internacional-del-libro-festeja-inspirate-mercado\/\" title=\"Celebra el D\u00eda del Libro con inspiraci\u00f3n 100% guatemalteca: adquiere, disfruta u obsequia en MERCADO\" rel=\"nofollow\" target=\"_blank\">Celebra el D\u00eda del Libro con inspiraci\u00f3n 100% guatemalteca: adquiere, disfruta u obsequia en MERCADO<\/a>\n            <\/h3>                                                            <div class=\"blfe-post-grid-meta\">\n                <span class=\"blfe-post-grid-author\"><i class=\"fa fa-user far fa-user\"><\/i>by <a href=\"https:\/\/soymigrante.com\/revista\/author\/soymigrante\/\">SoyMigrante.com REVISTA<\/a><\/span>                    <div class=\"blfe-post-meta-dot\"><\/div>\n                    <span class=\"blfe-post-grid-date\"><i class=\"fa fa-calendar-alt far fa-calendar-alt\"><\/i>20\/04\/2026<\/span>                    <div class=\"blfe-post-meta-dot\"><\/div>\n                                <\/div>\n                                                        <\/div>\n                <\/div>\n\n            <\/div>\n        <\/div>\n                        <\/div>\n\n                        <\/div>\n            \n                        <div class=\"blfe-post-footer\">\n                        <\/div>\n            \t\t\t\t<\/div>\n\t\t\t\t<\/div>\n\t\t\t\t\t<\/div>\n\t\t<\/div>\n\t\t\t\t\t<\/div>\n\t\t<\/section>\n\t\t\t\t<\/div>\n\t\t","protected":false},"excerpt":{"rendered":"<p>La tradici\u00f3n oral de San Juan Ostuncalco y la vida agr\u00edcola cotidiana de Concepci\u00f3n Chiquirichapa, Quetzaltenango, son la inspiraci\u00f3n de dos artistas que exponen su obra en Francia. Las obras de los guatemaltecos Eddy V\u00e1squez de San Juan Ostuncalco y Nehem\u00edas Escalante de Concepci\u00f3n Chiquirichapa, Quetzaltenango, se exhiben en el Instituto Cervantes de la capital [&hellip;]<\/p>\n","protected":false},"author":14,"featured_media":6609,"comment_status":"open","ping_status":"open","sticky":false,"template":"","format":"standard","meta":{"_acf_changed":true,"_eb_attr":"","footnotes":""},"categories":[58],"tags":[],"class_list":["post-6590","post","type-post","status-publish","format-standard","has-post-thumbnail","hentry","category-guate-nuestra"],"acf":[],"aioseo_notices":[],"aioseo_head":"\n\t\t<!-- All in One SEO Pro 4.9.6.2 - aioseo.com -->\n\t<meta name=\"description\" content=\"Libros guatemaltecos est\u00e1n listos para elevar su vuelo y llegar hasta t\u00ed a trav\u00e9s de SoyMigrante.com MERCADO. En este D\u00eda del Libro adquiere y apoya el talento.\" \/>\n\t<meta name=\"robots\" content=\"max-snippet:-1, max-image-preview:large, max-video-preview:-1\" \/>\n\t<meta name=\"author\" content=\"SoyMigrante.com REVISTA\"\/>\n\t<link rel=\"canonical\" href=\"https:\/\/soymigrante.com\/revista\/libros-guatemaltecos-dia-internacional-del-libro-festeja-inspirate-mercado\/\" \/>\n\t<meta name=\"generator\" content=\"All in One SEO Pro (AIOSEO) 4.9.6.2\" \/>\n\n\t\t<link rel=\"preconnect\" href=\"https:\/\/fonts.googleapis.com\" crossorigin>\n<link rel=\"preconnect\" href=\"https:\/\/fonts.gstatic.com\" crossorigin>\n\t\t<meta property=\"og:locale\" content=\"es_ES\" \/>\n\t\t<meta property=\"og:site_name\" content=\"SoyMigrante.com REVISTA \u2013 Nuestra misi\u00f3n es reconocer y dignificar al migrante.\" \/>\n\t\t<meta property=\"og:type\" content=\"article\" \/>\n\t\t<meta property=\"og:title\" content=\"Celebra el D\u00eda del Libro con inspiraci\u00f3n 100% guatemalteca\" \/>\n\t\t<meta property=\"og:description\" content=\"Libros guatemaltecos est\u00e1n listos para elevar su vuelo y llegar hasta t\u00ed a trav\u00e9s de SoyMigrante.com MERCADO. En este D\u00eda del Libro adquiere y apoya el talento.\" \/>\n\t\t<meta property=\"og:url\" content=\"https:\/\/soymigrante.com\/revista\/libros-guatemaltecos-dia-internacional-del-libro-festeja-inspirate-mercado\/\" \/>\n\t\t<meta property=\"og:image\" content=\"https:\/\/soymigrante.com\/revista\/wp-content\/uploads\/2026\/04\/DIA-DEL-LIBRO-SOYMIGRANTE-MERCADO.png\" \/>\n\t\t<meta property=\"og:image:secure_url\" content=\"https:\/\/soymigrante.com\/revista\/wp-content\/uploads\/2026\/04\/DIA-DEL-LIBRO-SOYMIGRANTE-MERCADO.png\" \/>\n\t\t<meta property=\"og:image:width\" content=\"1200\" \/>\n\t\t<meta property=\"og:image:height\" content=\"1200\" \/>\n\t\t<meta property=\"article:published_time\" content=\"2026-04-20T15:39:23+00:00\" \/>\n\t\t<meta property=\"article:modified_time\" content=\"2026-04-20T15:47:41+00:00\" \/>\n\t\t<meta property=\"article:publisher\" content=\"https:\/\/www.facebook.com\/soymigrantecom\" \/>\n\t\t<meta name=\"twitter:card\" content=\"summary_large_image\" \/>\n\t\t<meta name=\"twitter:site\" content=\"@SoyMigrante_com\" \/>\n\t\t<meta name=\"twitter:title\" content=\"Celebra el D\u00eda del Libro con inspiraci\u00f3n 100% guatemalteca\" \/>\n\t\t<meta name=\"twitter:description\" content=\"Libros guatemaltecos est\u00e1n listos para elevar su vuelo y llegar hasta t\u00ed a trav\u00e9s de SoyMigrante.com MERCADO. En este D\u00eda del Libro adquiere y apoya el talento.\" \/>\n\t\t<meta name=\"twitter:creator\" content=\"@SoyMigrante_com\" \/>\n\t\t<meta name=\"twitter:image\" content=\"https:\/\/soymigrante.com\/revista\/wp-content\/uploads\/2026\/04\/DIA-DEL-LIBRO-SOYMIGRANTE-MERCADO.png\" \/>\n\t\t<!-- All in One SEO Pro -->\r\n\t\t<title>Celebra el D\u00eda del Libro con inspiraci\u00f3n 100% guatemalteca<\/title>\n\n","aioseo_head_json":{"title":"Celebra el D\u00eda del Libro con inspiraci\u00f3n 100% guatemalteca","description":"Libros guatemaltecos est\u00e1n listos para elevar su vuelo y llegar hasta t\u00ed a trav\u00e9s de SoyMigrante.com MERCADO. En este D\u00eda del Libro adquiere y apoya el talento.","canonical_url":"https:\/\/soymigrante.com\/revista\/libros-guatemaltecos-dia-internacional-del-libro-festeja-inspirate-mercado\/","robots":"max-snippet:-1, max-image-preview:large, max-video-preview:-1","keywords":"","webmasterTools":{"miscellaneous":"&lt;link rel=\"preconnect\" href=\"https:\/\/fonts.googleapis.com\" crossorigin&gt;\n&lt;link rel=\"preconnect\" href=\"https:\/\/fonts.gstatic.com\" crossorigin&gt;"},"schema":null,"og:locale":"es_ES","og:site_name":"SoyMigrante.com REVISTA \u2013 Nuestra misi\u00f3n es reconocer y dignificar al migrante.","og:type":"article","og:title":"Celebra el D\u00eda del Libro con inspiraci\u00f3n 100% guatemalteca","og:description":"Libros guatemaltecos est\u00e1n listos para elevar su vuelo y llegar hasta t\u00ed a trav\u00e9s de SoyMigrante.com MERCADO. En este D\u00eda del Libro adquiere y apoya el talento.","og:url":"https:\/\/soymigrante.com\/revista\/libros-guatemaltecos-dia-internacional-del-libro-festeja-inspirate-mercado\/","og:image":"https:\/\/soymigrante.com\/revista\/wp-content\/uploads\/2026\/04\/DIA-DEL-LIBRO-SOYMIGRANTE-MERCADO.png","og:image:secure_url":"https:\/\/soymigrante.com\/revista\/wp-content\/uploads\/2026\/04\/DIA-DEL-LIBRO-SOYMIGRANTE-MERCADO.png","og:image:width":1200,"og:image:height":1200,"article:published_time":"2026-04-20T15:39:23+00:00","article:modified_time":"2026-04-20T15:47:41+00:00","article:publisher":"https:\/\/www.facebook.com\/soymigrantecom","twitter:card":"summary_large_image","twitter:site":"@SoyMigrante_com","twitter:title":"Celebra el D\u00eda del Libro con inspiraci\u00f3n 100% guatemalteca","twitter:description":"Libros guatemaltecos est\u00e1n listos para elevar su vuelo y llegar hasta t\u00ed a trav\u00e9s de SoyMigrante.com MERCADO. En este D\u00eda del Libro adquiere y apoya el talento.","twitter:creator":"@SoyMigrante_com","twitter:image":"https:\/\/soymigrante.com\/revista\/wp-content\/uploads\/2026\/04\/DIA-DEL-LIBRO-SOYMIGRANTE-MERCADO.png"},"aioseo_meta_data":{"post_id":"6590","title":null,"description":"La exposici\u00f3n de dos artistas de Quetzaltenango en Francia pone en la mira del mundo la cosmovisi\u00f3n maya guatemalteca. Esta es la historia.","keywords":null,"keyphrases":{"focus":{"keyphrase":"Quetzaltenango","score":91,"analysis":{"keyphraseInTitle":{"score":9,"maxScore":9,"error":0},"keyphraseInDescription":{"score":9,"maxScore":9,"error":0},"keyphraseLength":{"score":9,"maxScore":9,"error":0,"length":1},"keyphraseInURL":{"score":5,"maxScore":5,"error":0},"keyphraseInIntroduction":{"score":9,"maxScore":9,"error":0},"keyphraseInSubHeadings":{"score":3,"maxScore":9,"error":1},"keyphraseInImageAlt":{"score":9,"maxScore":9,"error":0},"keywordDensity":{"type":"best","score":9,"maxScore":9,"error":0}}},"additional":[]},"primary_term":null,"canonical_url":null,"og_title":null,"og_description":null,"og_object_type":"default","og_image_type":"default","og_image_url":null,"og_image_width":null,"og_image_height":null,"og_image_custom_url":null,"og_image_custom_fields":null,"og_video":"","og_custom_url":null,"og_article_section":null,"og_article_tags":null,"twitter_use_og":false,"twitter_card":"default","twitter_image_type":"default","twitter_image_url":null,"twitter_image_custom_url":null,"twitter_image_custom_fields":null,"twitter_title":null,"twitter_description":null,"schema":{"blockGraphs":[],"customGraphs":[],"default":{"data":{"Article":[],"Course":[],"Dataset":[],"FAQPage":[],"Movie":[],"Person":[],"Product":[],"ProductReview":[],"Car":[],"Recipe":[],"Service":[],"SoftwareApplication":[],"WebPage":[]},"graphName":"Article","isEnabled":true},"graphs":[]},"schema_type":"default","schema_type_options":null,"pillar_content":false,"robots_default":true,"robots_noindex":false,"robots_noarchive":false,"robots_nosnippet":false,"robots_nofollow":false,"robots_noimageindex":false,"robots_noodp":false,"robots_notranslate":false,"robots_max_snippet":"-1","robots_max_videopreview":"-1","robots_max_imagepreview":"large","priority":null,"frequency":"default","local_seo":null,"seo_analyzer_scan_date":"2025-10-08 21:53:11","breadcrumb_settings":null,"limit_modified_date":false,"reviewed_by":null,"open_ai":"{\"title\":{\"suggestions\":[],\"usage\":0},\"description\":{\"suggestions\":[],\"usage\":0}}","ai":null,"created":"2024-05-23 06:07:19","updated":"2026-02-04 11:53:47"},"aioseo_breadcrumb":"<div class=\"aioseo-breadcrumbs\"><span class=\"aioseo-breadcrumb\">\n\t<a href=\"https:\/\/soymigrante.com\/revista\" title=\"Home\">Home<\/a>\n<\/span><span class=\"aioseo-breadcrumb-separator\">\u00bb<\/span><span class=\"aioseo-breadcrumb\">\n\t<a href=\"https:\/\/soymigrante.com\/revista\/category\/guate-nuestra\/\" title=\"Guate Nuestra\">Guate Nuestra<\/a>\n<\/span><span class=\"aioseo-breadcrumb-separator\">\u00bb<\/span><span class=\"aioseo-breadcrumb\">\n\tArte de Quetzaltenango atraviesa fronteras y tambi\u00e9n el oc\u00e9ano\n<\/span><\/div>","aioseo_breadcrumb_json":[{"label":"Home","link":"https:\/\/soymigrante.com\/revista"},{"label":"Guate Nuestra","link":"https:\/\/soymigrante.com\/revista\/category\/guate-nuestra\/"},{"label":"Arte de Quetzaltenango atraviesa fronteras y tambi\u00e9n el oc\u00e9ano","link":"https:\/\/soymigrante.com\/revista\/arte-de-quetzaltenango-atraviesa-fronteras-y-tambien-el-oceano\/"}],"_links":{"self":[{"href":"https:\/\/soymigrante.com\/revista\/wp-json\/wp\/v2\/posts\/6590","targetHints":{"allow":["GET"]}}],"collection":[{"href":"https:\/\/soymigrante.com\/revista\/wp-json\/wp\/v2\/posts"}],"about":[{"href":"https:\/\/soymigrante.com\/revista\/wp-json\/wp\/v2\/types\/post"}],"author":[{"embeddable":true,"href":"https:\/\/soymigrante.com\/revista\/wp-json\/wp\/v2\/users\/14"}],"replies":[{"embeddable":true,"href":"https:\/\/soymigrante.com\/revista\/wp-json\/wp\/v2\/comments?post=6590"}],"version-history":[{"count":0,"href":"https:\/\/soymigrante.com\/revista\/wp-json\/wp\/v2\/posts\/6590\/revisions"}],"wp:featuredmedia":[{"embeddable":true,"href":"https:\/\/soymigrante.com\/revista\/wp-json\/wp\/v2\/media\/6609"}],"wp:attachment":[{"href":"https:\/\/soymigrante.com\/revista\/wp-json\/wp\/v2\/media?parent=6590"}],"wp:term":[{"taxonomy":"category","embeddable":true,"href":"https:\/\/soymigrante.com\/revista\/wp-json\/wp\/v2\/categories?post=6590"},{"taxonomy":"post_tag","embeddable":true,"href":"https:\/\/soymigrante.com\/revista\/wp-json\/wp\/v2\/tags?post=6590"}],"curies":[{"name":"wp","href":"https:\/\/api.w.org\/{rel}","templated":true}]}}