{"id":6562,"date":"2025-05-17T08:49:41","date_gmt":"2025-05-17T14:49:41","guid":{"rendered":"https:\/\/soymigrante.com\/revista\/?p=6562"},"modified":"2025-05-17T08:49:45","modified_gmt":"2025-05-17T14:49:45","slug":"quetzaltenango-500-15-datos-que-quiza-ya-sabias-o-tal-vez-no","status":"publish","type":"post","link":"https:\/\/soymigrante.com\/revista\/quetzaltenango-500-15-datos-que-quiza-ya-sabias-o-tal-vez-no\/","title":{"rendered":"15 datos que quiz\u00e1 ya sab\u00edas o tal vez no acerca de la ciudad de Quetzaltenango"},"content":{"rendered":"\t\t<div data-elementor-type=\"wp-post\" data-elementor-id=\"6562\" class=\"elementor elementor-6562\" data-elementor-post-type=\"post\">\n\t\t\t\t\t\t<section data-particle_enable=\"false\" data-particle-mobile-disabled=\"false\" class=\"elementor-section elementor-top-section elementor-element elementor-element-21d5c7e elementor-section-boxed elementor-section-height-default elementor-section-height-default\" data-id=\"21d5c7e\" data-element_type=\"section\" data-e-type=\"section\">\n\t\t\t\t\t\t<div class=\"elementor-container elementor-column-gap-default\">\n\t\t\t\t\t<div class=\"elementor-column elementor-col-100 elementor-top-column elementor-element elementor-element-d9e08f2\" data-id=\"d9e08f2\" data-element_type=\"column\" data-e-type=\"column\">\n\t\t\t<div class=\"elementor-widget-wrap elementor-element-populated\">\n\t\t\t\t\t\t<div class=\"elementor-element elementor-element-e4ff356 elementor-widget elementor-widget-heading\" data-id=\"e4ff356\" data-element_type=\"widget\" data-e-type=\"widget\" data-widget_type=\"heading.default\">\n\t\t\t\t\t<h2 class=\"elementor-heading-title elementor-size-default\">Quetzaltenango es pentacentenario. Su nombre significa \u201cBajo la muralla del quetzal\u201d en idioma mexica. Su nombre quich\u00e9 era Xelajuj-Noj, tierra de gente laboriosa, amable y creativa, muchos de los cuales hoy son migrantes pero nunca olvidan su ra\u00edz.<\/h2>\t\t\t\t<\/div>\n\t\t\t\t\t<\/div>\n\t\t<\/div>\n\t\t\t\t\t<\/div>\n\t\t<\/section>\n\t\t\t\t<section data-particle_enable=\"false\" data-particle-mobile-disabled=\"false\" class=\"elementor-section elementor-top-section elementor-element elementor-element-2c9c26e elementor-section-boxed elementor-section-height-default elementor-section-height-default\" data-id=\"2c9c26e\" data-element_type=\"section\" data-e-type=\"section\">\n\t\t\t\t\t\t<div class=\"elementor-container elementor-column-gap-default\">\n\t\t\t\t\t<div class=\"elementor-column elementor-col-100 elementor-top-column elementor-element elementor-element-a94af27\" data-id=\"a94af27\" data-element_type=\"column\" data-e-type=\"column\">\n\t\t\t<div class=\"elementor-widget-wrap elementor-element-populated\">\n\t\t\t\t\t\t<div class=\"elementor-element elementor-element-72376d3 elementor-widget elementor-widget-text-editor\" data-id=\"72376d3\" data-element_type=\"widget\" data-e-type=\"widget\" data-widget_type=\"text-editor.default\">\n\t\t\t\t\t\t\t\t\t<p>El nombre oficial de fundaci\u00f3n de esta ciudad es <a href=\"https:\/\/soymigrante.com\/revista\/xela-fest-festejaran-los-500-anos-de-quetzaltenango-en-washington-d-c\/\">Quetzaltenango de la Real Corona<\/a>.&nbsp;Con ese nombre fuie inscrita por el conquistador Pedro de Alvarado el 15 mayo de 1524, en la v\u00edspera de la fiesta cat\u00f3lica de Pentecost\u00e9s. La primera capital de Guatemala en Iximch\u00e9 fue fundada dos meses despu\u00e9s, el 25 de julio de 1524.&nbsp;<\/p>\n<p>En la actualidad Quetzaltenango es considera la segunda ciudad en importancia del pa\u00eds debido a su historia pol\u00edtica, comercial, industrial y educativa que ha sido forjada a lo largo de 500 a\u00f1os por familias ind\u00edgenas k\u2019iche\u2019s y mestizas. Sin embargo es una historia que sobrepasa los 500 a\u00f1os, porque tambi\u00e9n hay una ra\u00edz prehisp\u00e1nica.&nbsp;<\/p>\n<p>Por ello te presentamos algunos datos e im\u00e1genes de la <a href=\"https:\/\/soymigrante.com\/revista\/10-datos-del-quetzal-que-tal-vez-ya-conocias-o-quiza-no\/\">ciudad de Quetzaltenango<\/a>&nbsp;que quiz\u00e1 ya conoc\u00edas o tal vez no.<\/p>\t\t\t\t\t\t\t\t<\/div>\n\t\t\t\t\t<\/div>\n\t\t<\/div>\n\t\t\t\t\t<\/div>\n\t\t<\/section>\n\t\t\t\t<section data-particle_enable=\"false\" data-particle-mobile-disabled=\"false\" class=\"elementor-section elementor-top-section elementor-element elementor-element-115f837 elementor-section-boxed elementor-section-height-default elementor-section-height-default\" data-id=\"115f837\" data-element_type=\"section\" data-e-type=\"section\">\n\t\t\t\t\t\t<div class=\"elementor-container elementor-column-gap-default\">\n\t\t\t\t\t<div class=\"elementor-column elementor-col-100 elementor-top-column elementor-element elementor-element-2733ad6\" data-id=\"2733ad6\" data-element_type=\"column\" data-e-type=\"column\">\n\t\t\t<div class=\"elementor-widget-wrap elementor-element-populated\">\n\t\t\t\t\t\t<div class=\"elementor-element elementor-element-09a7c8b elementor-widget elementor-widget-video\" data-id=\"09a7c8b\" data-element_type=\"widget\" data-e-type=\"widget\" data-settings=\"{&quot;youtube_url&quot;:&quot;https:\\\/\\\/www.youtube.com\\\/watch?v=NheQkjDJNlI&quot;,&quot;video_type&quot;:&quot;youtube&quot;,&quot;controls&quot;:&quot;yes&quot;}\" data-widget_type=\"video.default\">\n\t\t\t\t\t\t\t<div class=\"elementor-wrapper elementor-open-inline\">\n\t\t\t<div class=\"elementor-video\"><\/div>\t\t<\/div>\n\t\t\t\t\t\t<\/div>\n\t\t\t\t\t<\/div>\n\t\t<\/div>\n\t\t\t\t\t<\/div>\n\t\t<\/section>\n\t\t\t\t<section data-particle_enable=\"false\" data-particle-mobile-disabled=\"false\" class=\"elementor-section elementor-top-section elementor-element elementor-element-56f5035 elementor-section-boxed elementor-section-height-default elementor-section-height-default\" data-id=\"56f5035\" data-element_type=\"section\" data-e-type=\"section\">\n\t\t\t\t\t\t<div class=\"elementor-container elementor-column-gap-default\">\n\t\t\t\t\t<div class=\"elementor-column elementor-col-100 elementor-top-column elementor-element elementor-element-9174bb3\" data-id=\"9174bb3\" data-element_type=\"column\" data-e-type=\"column\">\n\t\t\t<div class=\"elementor-widget-wrap elementor-element-populated\">\n\t\t\t\t\t\t<div class=\"elementor-element elementor-element-2940dc9 elementor-widget elementor-widget-heading\" data-id=\"2940dc9\" data-element_type=\"widget\" data-e-type=\"widget\" data-widget_type=\"heading.default\">\n\t\t\t\t\t<h3 class=\"elementor-heading-title elementor-size-default\">1. Era un pueblo donde se vend\u00edan plumas de quetzal<\/h3>\t\t\t\t<\/div>\n\t\t\t\t\t<\/div>\n\t\t<\/div>\n\t\t\t\t\t<\/div>\n\t\t<\/section>\n\t\t\t\t<section data-particle_enable=\"false\" data-particle-mobile-disabled=\"false\" class=\"elementor-section elementor-top-section elementor-element elementor-element-e744bea elementor-section-boxed elementor-section-height-default elementor-section-height-default\" data-id=\"e744bea\" data-element_type=\"section\" data-e-type=\"section\">\n\t\t\t\t\t\t<div class=\"elementor-container elementor-column-gap-default\">\n\t\t\t\t\t<div class=\"elementor-column elementor-col-100 elementor-top-column elementor-element elementor-element-254582b\" data-id=\"254582b\" data-element_type=\"column\" data-e-type=\"column\">\n\t\t\t<div class=\"elementor-widget-wrap elementor-element-populated\">\n\t\t\t\t\t\t<div class=\"elementor-element elementor-element-0f39fbd elementor-widget elementor-widget-text-editor\" data-id=\"0f39fbd\" data-element_type=\"widget\" data-e-type=\"widget\" data-widget_type=\"text-editor.default\">\n\t\t\t\t\t\t\t\t\t<p>Por estar cerca de un volc\u00e1n llamado Lajuj Noj (Diez Ideas o Diez autoridades), los maya k&#8217;iche&#8217; llamaron a un pueblo cercano XeLajuj Noj (debajo de las diez ideas o las diez autoridades) y con ese nombre era conocido antes de 1524 cuando ocurre la conquista espa\u00f1ola.<\/p><p>En el Lienzo de Quahuquechollan, elaborado por ind\u00edgenas tlaxcaltecas que acompa\u00f1aban a los espa\u00f1oles, ellos plasmaron, en un cuadro pictogr\u00e1fico, el recorrido de la expedici\u00f3n al mando de Pedro de Alvarado. Representaron con dibujos simb\u00f3licos ciertos lugares. Pero por hablar otro idioma, ellos llamaron al lugar Quetzaltenango, por ser conocido como un mercado de plumas de quetzal. Y as\u00ed se represent\u00f3. Debido a que ese fue el nombre referido a Alvarado, por ello se asent\u00f3 como el top\u00f3nimo que sigui\u00f3 en uso hasta la fecha.\u00a0<\/p>\t\t\t\t\t\t\t\t<\/div>\n\t\t\t\t\t<\/div>\n\t\t<\/div>\n\t\t\t\t\t<\/div>\n\t\t<\/section>\n\t\t\t\t<section data-particle_enable=\"false\" data-particle-mobile-disabled=\"false\" class=\"elementor-section elementor-top-section elementor-element elementor-element-ec3b393 elementor-section-boxed elementor-section-height-default elementor-section-height-default\" data-id=\"ec3b393\" data-element_type=\"section\" data-e-type=\"section\">\n\t\t\t\t\t\t<div class=\"elementor-container elementor-column-gap-default\">\n\t\t\t\t\t<div class=\"elementor-column elementor-col-100 elementor-top-column elementor-element elementor-element-c72f72a\" data-id=\"c72f72a\" data-element_type=\"column\" data-e-type=\"column\">\n\t\t\t<div class=\"elementor-widget-wrap elementor-element-populated\">\n\t\t\t\t\t\t<div class=\"elementor-element elementor-element-b5d4cee elementor-widget elementor-widget-image\" data-id=\"b5d4cee\" data-element_type=\"widget\" data-e-type=\"widget\" data-widget_type=\"image.default\">\n\t\t\t\t\t\t\t\t\t\t\t\t<figure class=\"wp-caption\">\n\t\t\t\t\t\t\t\t\t\t<img fetchpriority=\"high\" decoding=\"async\" width=\"913\" height=\"650\" src=\"https:\/\/soymigrante.com\/revista\/wp-content\/uploads\/2024\/05\/Captura-de-pantalla-2024-05-22-171113.webp\" class=\"attachment-large size-large wp-image-6584\" alt=\"Caballito de batalla medieval en una ilustraci\u00f3n hist\u00f3rica, representando la resistencia y cultura en Am\u00e9rica, en el contexto de la migraci\u00f3n y la historia de los pueblos originarios.\" srcset=\"https:\/\/soymigrante.com\/revista\/wp-content\/uploads\/2024\/05\/Captura-de-pantalla-2024-05-22-171113.webp 913w, https:\/\/soymigrante.com\/revista\/wp-content\/uploads\/2024\/05\/Captura-de-pantalla-2024-05-22-171113-300x214.webp 300w, https:\/\/soymigrante.com\/revista\/wp-content\/uploads\/2024\/05\/Captura-de-pantalla-2024-05-22-171113-768x547.webp 768w, https:\/\/soymigrante.com\/revista\/wp-content\/uploads\/2024\/05\/Captura-de-pantalla-2024-05-22-171113-120x86.webp 120w, https:\/\/soymigrante.com\/revista\/wp-content\/uploads\/2024\/05\/Captura-de-pantalla-2024-05-22-171113-350x250.webp 350w, https:\/\/soymigrante.com\/revista\/wp-content\/uploads\/2024\/05\/Captura-de-pantalla-2024-05-22-171113-750x534.webp 750w\" sizes=\"(max-width: 913px) 100vw, 913px\" \/>\t\t\t\t\t\t\t\t\t\t\t<figcaption class=\"widget-image-caption wp-caption-text\">Ilustraci\u00f3n de estilo hist\u00f3rico que muestra un caballo con armadura medieval en un mapa antiguo, simbolizando la historia y cultura ancestral en temas de migraci\u00f3n y resistencia, destacando la identidad cultural.<\/figcaption>\n\t\t\t\t\t\t\t\t\t\t<\/figure>\n\t\t\t\t\t\t\t\t\t<\/div>\n\t\t\t\t\t<\/div>\n\t\t<\/div>\n\t\t\t\t\t<\/div>\n\t\t<\/section>\n\t\t\t\t<section data-particle_enable=\"false\" data-particle-mobile-disabled=\"false\" class=\"elementor-section elementor-top-section elementor-element elementor-element-1800f3b elementor-section-boxed elementor-section-height-default elementor-section-height-default\" data-id=\"1800f3b\" data-element_type=\"section\" data-e-type=\"section\">\n\t\t\t\t\t\t<div class=\"elementor-container elementor-column-gap-default\">\n\t\t\t\t\t<div class=\"elementor-column elementor-col-100 elementor-top-column elementor-element elementor-element-8092585\" data-id=\"8092585\" data-element_type=\"column\" data-e-type=\"column\">\n\t\t\t<div class=\"elementor-widget-wrap elementor-element-populated\">\n\t\t\t\t\t\t<div class=\"elementor-element elementor-element-88f364f elementor-widget elementor-widget-heading\" data-id=\"88f364f\" data-element_type=\"widget\" data-e-type=\"widget\" data-widget_type=\"heading.default\">\n\t\t\t\t\t<h3 class=\"elementor-heading-title elementor-size-default\">2. Capital del \"Sexto Estado de Los Altos\"<\/h3>\t\t\t\t<\/div>\n\t\t\t\t\t<\/div>\n\t\t<\/div>\n\t\t\t\t\t<\/div>\n\t\t<\/section>\n\t\t\t\t<section data-particle_enable=\"false\" data-particle-mobile-disabled=\"false\" class=\"elementor-section elementor-top-section elementor-element elementor-element-af80a4a elementor-section-boxed elementor-section-height-default elementor-section-height-default\" data-id=\"af80a4a\" data-element_type=\"section\" data-e-type=\"section\">\n\t\t\t\t\t\t<div class=\"elementor-container elementor-column-gap-default\">\n\t\t\t\t\t<div class=\"elementor-column elementor-col-100 elementor-top-column elementor-element elementor-element-f195725\" data-id=\"f195725\" data-element_type=\"column\" data-e-type=\"column\">\n\t\t\t<div class=\"elementor-widget-wrap elementor-element-populated\">\n\t\t\t\t\t\t<div class=\"elementor-element elementor-element-c6b6b96 elementor-widget elementor-widget-text-editor\" data-id=\"c6b6b96\" data-element_type=\"widget\" data-e-type=\"widget\" data-widget_type=\"text-editor.default\">\n\t\t\t\t\t\t\t\t\t<p>El 2 de febrero de 1838, <a href=\"https:\/\/soymigrante.com\/revista\/receta-de-paches-quezaltecos-de-papa-que-delicia\/\">Quetzaltenango,<\/a> <a href=\"https:\/\/soymigrante.com\/revista\/silla-de-atanasio-tzul-es-simbolo-de-dignidad-y-libertad\/\">Totonicap\u00e1n<\/a> y<a href=\"https:\/\/soymigrante.com\/revista\/el-chef-yovany-quisquina-fusiona-sabor-y-exito-en-brooklyn-ny\/\"> Solol\u00e1,<\/a> conformaron el sexto Estado de la Rep\u00fablica Federal de Centroam\u00e9rica, dentro de una pugna entre liberales y conservadores.\u00a0 El nuevo Estado fue reconocido por el Congreso centroamericano el 5 de junio del mismo a\u00f1o.<\/p><p>En Sexto Estado fue disuelto por el presidente de Guatemala Rafael Carrera el 8 de mayo de 1849,\u00a0 Carrera tom\u00f3 la ciudad de Quetzaltenango y fusil\u00f3 a la mayor\u00eda de los integrantes de la Municipalidad que impulsaban su permanencia.<\/p>\t\t\t\t\t\t\t\t<\/div>\n\t\t\t\t\t<\/div>\n\t\t<\/div>\n\t\t\t\t\t<\/div>\n\t\t<\/section>\n\t\t\t\t<section data-particle_enable=\"false\" data-particle-mobile-disabled=\"false\" class=\"elementor-section elementor-top-section elementor-element elementor-element-0ba0c2e elementor-section-boxed elementor-section-height-default elementor-section-height-default\" data-id=\"0ba0c2e\" data-element_type=\"section\" data-e-type=\"section\">\n\t\t\t\t\t\t<div class=\"elementor-container elementor-column-gap-default\">\n\t\t\t\t\t<div class=\"elementor-column elementor-col-100 elementor-top-column elementor-element elementor-element-32126ad\" data-id=\"32126ad\" data-element_type=\"column\" data-e-type=\"column\">\n\t\t\t<div class=\"elementor-widget-wrap elementor-element-populated\">\n\t\t\t\t\t\t<div class=\"elementor-element elementor-element-0553f26 elementor-widget elementor-widget-image\" data-id=\"0553f26\" data-element_type=\"widget\" data-e-type=\"widget\" data-widget_type=\"image.default\">\n\t\t\t\t\t\t\t\t\t\t\t\t\t\t\t<img decoding=\"async\" width=\"1024\" height=\"731\" src=\"https:\/\/soymigrante.com\/revista\/wp-content\/uploads\/2024\/05\/Arco-del-Sexto-Estado-de-Los-Altos-1935-1024x731.webp\" class=\"attachment-large size-large wp-image-6566\" alt=\"Puerta de Alcal\u00e1 con s\u00edmbolos de libertad y justicia marcando la historia de M\u00e9xico, s\u00edmbolo emblem\u00e1tico en la cultura migrante y temas de derechos en la revista SoyMigrante.com REVISTA.\" srcset=\"https:\/\/soymigrante.com\/revista\/wp-content\/uploads\/2024\/05\/Arco-del-Sexto-Estado-de-Los-Altos-1935-1024x731.webp 1024w, https:\/\/soymigrante.com\/revista\/wp-content\/uploads\/2024\/05\/Arco-del-Sexto-Estado-de-Los-Altos-1935-300x214.webp 300w, https:\/\/soymigrante.com\/revista\/wp-content\/uploads\/2024\/05\/Arco-del-Sexto-Estado-de-Los-Altos-1935-768x549.webp 768w, https:\/\/soymigrante.com\/revista\/wp-content\/uploads\/2024\/05\/Arco-del-Sexto-Estado-de-Los-Altos-1935-120x86.webp 120w, https:\/\/soymigrante.com\/revista\/wp-content\/uploads\/2024\/05\/Arco-del-Sexto-Estado-de-Los-Altos-1935-350x250.webp 350w, https:\/\/soymigrante.com\/revista\/wp-content\/uploads\/2024\/05\/Arco-del-Sexto-Estado-de-Los-Altos-1935-750x536.webp 750w, https:\/\/soymigrante.com\/revista\/wp-content\/uploads\/2024\/05\/Arco-del-Sexto-Estado-de-Los-Altos-1935-1140x814.webp 1140w, https:\/\/soymigrante.com\/revista\/wp-content\/uploads\/2024\/05\/Arco-del-Sexto-Estado-de-Los-Altos-1935.webp 1400w\" sizes=\"(max-width: 1024px) 100vw, 1024px\" \/>\t\t\t\t\t\t\t\t\t\t\t\t\t\t\t<\/div>\n\t\t\t\t\t<\/div>\n\t\t<\/div>\n\t\t\t\t\t<\/div>\n\t\t<\/section>\n\t\t\t\t<section data-particle_enable=\"false\" data-particle-mobile-disabled=\"false\" class=\"elementor-section elementor-top-section elementor-element elementor-element-39d9ed5 elementor-section-boxed elementor-section-height-default elementor-section-height-default\" data-id=\"39d9ed5\" data-element_type=\"section\" data-e-type=\"section\">\n\t\t\t\t\t\t<div class=\"elementor-container elementor-column-gap-default\">\n\t\t\t\t\t<div class=\"elementor-column elementor-col-100 elementor-top-column elementor-element elementor-element-6ba0f80\" data-id=\"6ba0f80\" data-element_type=\"column\" data-e-type=\"column\">\n\t\t\t<div class=\"elementor-widget-wrap elementor-element-populated\">\n\t\t\t\t\t\t<div class=\"elementor-element elementor-element-b1afd7b elementor-widget elementor-widget-heading\" data-id=\"b1afd7b\" data-element_type=\"widget\" data-e-type=\"widget\" data-widget_type=\"heading.default\">\n\t\t\t\t\t<h3 class=\"elementor-heading-title elementor-size-default\">3. Hubo una Torre del Sexto Estado <\/h3>\t\t\t\t<\/div>\n\t\t\t\t\t<\/div>\n\t\t<\/div>\n\t\t\t\t\t<\/div>\n\t\t<\/section>\n\t\t\t\t<section data-particle_enable=\"false\" data-particle-mobile-disabled=\"false\" class=\"elementor-section elementor-top-section elementor-element elementor-element-4e50ea8 elementor-section-boxed elementor-section-height-default elementor-section-height-default\" data-id=\"4e50ea8\" data-element_type=\"section\" data-e-type=\"section\">\n\t\t\t\t\t\t<div class=\"elementor-container elementor-column-gap-default\">\n\t\t\t\t\t<div class=\"elementor-column elementor-col-100 elementor-top-column elementor-element elementor-element-f82c961\" data-id=\"f82c961\" data-element_type=\"column\" data-e-type=\"column\">\n\t\t\t<div class=\"elementor-widget-wrap elementor-element-populated\">\n\t\t\t\t\t\t<div class=\"elementor-element elementor-element-ef6876b elementor-widget elementor-widget-text-editor\" data-id=\"ef6876b\" data-element_type=\"widget\" data-e-type=\"widget\" data-widget_type=\"text-editor.default\">\n\t\t\t\t\t\t\t\t\t<p>La Torre a Centroam\u00e9rica, s\u00edmbolo del Sexto Estado de Los Altos fue un monumento en el que se representaba a la libertad. Ten\u00eda un reloj. Fue dinamitada en 1935 por \u00f3rdenes del presidente Jorge Ubico para borrar de la memoria de la poblaci\u00f3n quetzalteca cualquier intento por separarse de <a href=\"https:\/\/soymigrante.com\/revista\/simbolos-patrios-de-guatemala-el-escudo-nacional\/\">Guatemala.<\/a><\/p>\t\t\t\t\t\t\t\t<\/div>\n\t\t\t\t\t<\/div>\n\t\t<\/div>\n\t\t\t\t\t<\/div>\n\t\t<\/section>\n\t\t\t\t<section data-particle_enable=\"false\" data-particle-mobile-disabled=\"false\" class=\"elementor-section elementor-top-section elementor-element elementor-element-a65ace5 elementor-section-boxed elementor-section-height-default elementor-section-height-default\" data-id=\"a65ace5\" data-element_type=\"section\" data-e-type=\"section\">\n\t\t\t\t\t\t<div class=\"elementor-container elementor-column-gap-default\">\n\t\t\t\t\t<div class=\"elementor-column elementor-col-100 elementor-top-column elementor-element elementor-element-767904f\" data-id=\"767904f\" data-element_type=\"column\" data-e-type=\"column\">\n\t\t\t<div class=\"elementor-widget-wrap elementor-element-populated\">\n\t\t\t\t\t\t<div class=\"elementor-element elementor-element-b35a826 elementor-widget elementor-widget-image\" data-id=\"b35a826\" data-element_type=\"widget\" data-e-type=\"widget\" data-widget_type=\"image.default\">\n\t\t\t\t\t\t\t\t\t\t\t\t<figure class=\"wp-caption\">\n\t\t\t\t\t\t\t\t\t\t<img decoding=\"async\" width=\"707\" height=\"1024\" src=\"https:\/\/soymigrante.com\/revista\/wp-content\/uploads\/2024\/05\/Torre-Centroamericana-707x1024.webp\" class=\"attachment-large size-large wp-image-6580\" alt=\"Torre del Reloj de la Ciudad de M\u00e9xico, monumento hist\u00f3rico y s\u00edmbolo emblem\u00e1tico en el centro de la ciudad. Representa la historia y cultura mexicana, rodeada de actividad urbana y gente.\" srcset=\"https:\/\/soymigrante.com\/revista\/wp-content\/uploads\/2024\/05\/Torre-Centroamericana-707x1024.webp 707w, https:\/\/soymigrante.com\/revista\/wp-content\/uploads\/2024\/05\/Torre-Centroamericana-207x300.webp 207w, https:\/\/soymigrante.com\/revista\/wp-content\/uploads\/2024\/05\/Torre-Centroamericana.webp 750w\" sizes=\"(max-width: 707px) 100vw, 707px\" \/>\t\t\t\t\t\t\t\t\t\t\t<figcaption class=\"widget-image-caption wp-caption-text\">La Torre Centroamericana se encontraba en la plaza central de Xela. En las esquinas ten\u00eda los escudos de El Salvador, Honduras, Nicaragua y Costa Rica, en la cima estaba la imagen de una mujer que sosten\u00eda un quetzal. (Foto colecci\u00f3n Ra\u00fal Izas Ch\u00e1vez) <\/figcaption>\n\t\t\t\t\t\t\t\t\t\t<\/figure>\n\t\t\t\t\t\t\t\t\t<\/div>\n\t\t\t\t\t<\/div>\n\t\t<\/div>\n\t\t\t\t\t<\/div>\n\t\t<\/section>\n\t\t\t\t<section data-particle_enable=\"false\" data-particle-mobile-disabled=\"false\" class=\"elementor-section elementor-top-section elementor-element elementor-element-d7c7726 elementor-section-boxed elementor-section-height-default elementor-section-height-default\" data-id=\"d7c7726\" data-element_type=\"section\" data-e-type=\"section\">\n\t\t\t\t\t\t<div class=\"elementor-container elementor-column-gap-default\">\n\t\t\t\t\t<div class=\"elementor-column elementor-col-100 elementor-top-column elementor-element elementor-element-a581f21\" data-id=\"a581f21\" data-element_type=\"column\" data-e-type=\"column\">\n\t\t\t<div class=\"elementor-widget-wrap elementor-element-populated\">\n\t\t\t\t\t\t<div class=\"elementor-element elementor-element-cee4303 elementor-widget elementor-widget-heading\" data-id=\"cee4303\" data-element_type=\"widget\" data-e-type=\"widget\" data-widget_type=\"heading.default\">\n\t\t\t\t\t<h3 class=\"elementor-heading-title elementor-size-default\">4. Quetzaltecos han sido presidentes de la Rep\u00fablica de Guatemala<\/h3>\t\t\t\t<\/div>\n\t\t\t\t\t<\/div>\n\t\t<\/div>\n\t\t\t\t\t<\/div>\n\t\t<\/section>\n\t\t\t\t<section data-particle_enable=\"false\" data-particle-mobile-disabled=\"false\" class=\"elementor-section elementor-top-section elementor-element elementor-element-ff4cf00 elementor-section-boxed elementor-section-height-default elementor-section-height-default\" data-id=\"ff4cf00\" data-element_type=\"section\" data-e-type=\"section\">\n\t\t\t\t\t\t<div class=\"elementor-container elementor-column-gap-default\">\n\t\t\t\t\t<div class=\"elementor-column elementor-col-100 elementor-top-column elementor-element elementor-element-80c55e9\" data-id=\"80c55e9\" data-element_type=\"column\" data-e-type=\"column\">\n\t\t\t<div class=\"elementor-widget-wrap elementor-element-populated\">\n\t\t\t\t\t\t<div class=\"elementor-element elementor-element-3cf5414 elementor-widget elementor-widget-text-editor\" data-id=\"3cf5414\" data-element_type=\"widget\" data-e-type=\"widget\" data-widget_type=\"text-editor.default\">\n\t\t\t\t\t\t\t\t\t<p><span style=\"color: var( --e-global-color-text );\">La historia pol\u00edtica de Quetzaltenango se entrelaza con la de Guatemala y en los registros de la Presidencia de la Rep\u00fablica consta que tres quetzaltecos fueron presidentes del pa\u00eds.\u00a0\u00a0<\/span><\/p><p>Manuel Lisandro Barillas, 1886 \u2013 1892<\/p><p>Manuel Estrada Cabrera, 1898 \u2013 1920<\/p><p>Jacobo Arbenz Guzm\u00e1n, 1951\u00a0<span style=\"font-family: Roboto, sans-serif; font-size: 16px; font-style: normal; font-variant-ligatures: normal; font-variant-caps: normal; font-weight: 400; color: var( --e-global-color-text );\">\u2013 1954<\/span><\/p>\t\t\t\t\t\t\t\t<\/div>\n\t\t\t\t\t<\/div>\n\t\t<\/div>\n\t\t\t\t\t<\/div>\n\t\t<\/section>\n\t\t\t\t<section data-particle_enable=\"false\" data-particle-mobile-disabled=\"false\" class=\"elementor-section elementor-top-section elementor-element elementor-element-4efb070 elementor-section-boxed elementor-section-height-default elementor-section-height-default\" data-id=\"4efb070\" data-element_type=\"section\" data-e-type=\"section\">\n\t\t\t\t\t\t<div class=\"elementor-container elementor-column-gap-default\">\n\t\t\t\t\t<div class=\"elementor-column elementor-col-100 elementor-top-column elementor-element elementor-element-a9e1bdc\" data-id=\"a9e1bdc\" data-element_type=\"column\" data-e-type=\"column\">\n\t\t\t<div class=\"elementor-widget-wrap elementor-element-populated\">\n\t\t\t\t\t\t<div class=\"elementor-element elementor-element-b901152 elementor-widget elementor-widget-image\" data-id=\"b901152\" data-element_type=\"widget\" data-e-type=\"widget\" data-widget_type=\"image.default\">\n\t\t\t\t\t\t\t\t\t\t\t\t<figure class=\"wp-caption\">\n\t\t\t\t\t\t\t\t\t\t<img loading=\"lazy\" decoding=\"async\" width=\"526\" height=\"701\" src=\"https:\/\/soymigrante.com\/revista\/wp-content\/uploads\/2024\/05\/Manuel-Lisandro-Barrillas-fue-alcalde-de-Xela-y-posteriormente-presidente-de-Guatemala-Foto-Coleccion-Raul-Izas-Chavez.webp\" class=\"attachment-large size-large wp-image-6581\" alt=\"Vestimenta antigua en una familia en un retrato de \u00e9poca, en un entorno cl\u00e1sico con decoraci\u00f3n interior detallada y un perro grande al frente, reflejando historia y tradici\u00f3n familiar.\" srcset=\"https:\/\/soymigrante.com\/revista\/wp-content\/uploads\/2024\/05\/Manuel-Lisandro-Barrillas-fue-alcalde-de-Xela-y-posteriormente-presidente-de-Guatemala-Foto-Coleccion-Raul-Izas-Chavez.webp 526w, https:\/\/soymigrante.com\/revista\/wp-content\/uploads\/2024\/05\/Manuel-Lisandro-Barrillas-fue-alcalde-de-Xela-y-posteriormente-presidente-de-Guatemala-Foto-Coleccion-Raul-Izas-Chavez-225x300.webp 225w\" sizes=\"(max-width: 526px) 100vw, 526px\" \/>\t\t\t\t\t\t\t\t\t\t\t<figcaption class=\"widget-image-caption wp-caption-text\">Manuel Lisandro Barrillas junto a su familia. Barrillas fue alcalde de Xela y posteriormente presidente de Guatemala (Foto Museo de Historia de Quetzaltenango)<\/figcaption>\n\t\t\t\t\t\t\t\t\t\t<\/figure>\n\t\t\t\t\t\t\t\t\t<\/div>\n\t\t\t\t\t<\/div>\n\t\t<\/div>\n\t\t\t\t\t<\/div>\n\t\t<\/section>\n\t\t\t\t<section data-particle_enable=\"false\" data-particle-mobile-disabled=\"false\" class=\"elementor-section elementor-top-section elementor-element elementor-element-42fbc1c elementor-section-boxed elementor-section-height-default elementor-section-height-default\" data-id=\"42fbc1c\" data-element_type=\"section\" data-e-type=\"section\">\n\t\t\t\t\t\t<div class=\"elementor-container elementor-column-gap-default\">\n\t\t\t\t\t<div class=\"elementor-column elementor-col-100 elementor-top-column elementor-element elementor-element-93e477e\" data-id=\"93e477e\" data-element_type=\"column\" data-e-type=\"column\">\n\t\t\t<div class=\"elementor-widget-wrap elementor-element-populated\">\n\t\t\t\t\t\t<div class=\"elementor-element elementor-element-6a64ccd elementor-widget elementor-widget-heading\" data-id=\"6a64ccd\" data-element_type=\"widget\" data-e-type=\"widget\" data-widget_type=\"heading.default\">\n\t\t\t\t\t<h3 class=\"elementor-heading-title elementor-size-default\">5. Una c\u00e1rcel que hoy es Casa de la Cultura <\/h3>\t\t\t\t<\/div>\n\t\t\t\t\t<\/div>\n\t\t<\/div>\n\t\t\t\t\t<\/div>\n\t\t<\/section>\n\t\t\t\t<section data-particle_enable=\"false\" data-particle-mobile-disabled=\"false\" class=\"elementor-section elementor-top-section elementor-element elementor-element-aa789aa elementor-section-boxed elementor-section-height-default elementor-section-height-default\" data-id=\"aa789aa\" data-element_type=\"section\" data-e-type=\"section\">\n\t\t\t\t\t\t<div class=\"elementor-container elementor-column-gap-default\">\n\t\t\t\t\t<div class=\"elementor-column elementor-col-100 elementor-top-column elementor-element elementor-element-588648c\" data-id=\"588648c\" data-element_type=\"column\" data-e-type=\"column\">\n\t\t\t<div class=\"elementor-widget-wrap elementor-element-populated\">\n\t\t\t\t\t\t<div class=\"elementor-element elementor-element-f2355d9 elementor-widget elementor-widget-text-editor\" data-id=\"f2355d9\" data-element_type=\"widget\" data-e-type=\"widget\" data-widget_type=\"text-editor.default\">\n\t\t\t\t\t\t\t\t\t<p>El edificio que ocupa Casa de la Cultura y Biblioteca Municipal de Quetzaltenango fue hasta 1960 del siglo pasado la penitenciaria de la ciudad.<\/p><p>Durante la \u00e9poca de la colonia este terreno pertenec\u00eda a la orden franciscana que ten\u00eda a su cargo la iglesia del Esp\u00edritu Santo; era el cementerio general.<\/p><p>El presidente Miguel Garc\u00eda Granados expropi\u00f3 a los franciscanos las tierras y traslado el cementerio al barrio El Calvario donde actualmente se encuentra.\u00a0<span style=\"color: var( --e-global-color-text );\">En los terrenos expropiados Garc\u00eda Granados orden\u00f3 al arquitecto Domingo Goicolea construir una c\u00e1rcel y una alh\u00f3ndiga (casa para la compraventa de trigo).<\/span><\/p><p>En 1960 el alcalde Alberto Fuentes Castillo solicit\u00f3 el traslado de la penitenciaria a otro lugar y pidi\u00f3 que el edificio quedara en poder de la comuna para instalar la primera Casa de la Cultura del pa\u00eds. \u00a0\u00a0<\/p>\t\t\t\t\t\t\t\t<\/div>\n\t\t\t\t\t<\/div>\n\t\t<\/div>\n\t\t\t\t\t<\/div>\n\t\t<\/section>\n\t\t\t\t<section data-particle_enable=\"false\" data-particle-mobile-disabled=\"false\" class=\"elementor-section elementor-top-section elementor-element elementor-element-e74dcae elementor-section-boxed elementor-section-height-default elementor-section-height-default\" data-id=\"e74dcae\" data-element_type=\"section\" data-e-type=\"section\">\n\t\t\t\t\t\t<div class=\"elementor-container elementor-column-gap-default\">\n\t\t\t\t\t<div class=\"elementor-column elementor-col-100 elementor-top-column elementor-element elementor-element-a538ba5\" data-id=\"a538ba5\" data-element_type=\"column\" data-e-type=\"column\">\n\t\t\t<div class=\"elementor-widget-wrap elementor-element-populated\">\n\t\t\t\t\t\t<div class=\"elementor-element elementor-element-064e582 elementor-widget elementor-widget-image\" data-id=\"064e582\" data-element_type=\"widget\" data-e-type=\"widget\" data-widget_type=\"image.default\">\n\t\t\t\t\t\t\t\t\t\t\t\t<figure class=\"wp-caption\">\n\t\t\t\t\t\t\t\t\t\t<img loading=\"lazy\" decoding=\"async\" width=\"491\" height=\"301\" src=\"https:\/\/soymigrante.com\/revista\/wp-content\/uploads\/2024\/05\/Casa-de-la-Cultura-Quetzaltenango.webp\" class=\"attachment-large size-large wp-image-6568\" alt=\"Edificio hist\u00f3rico de estilo cl\u00e1sico en la portada de la revista SoyMigrante.com REVISTA, s\u00edmbolo de migraci\u00f3n y cultura.\" srcset=\"https:\/\/soymigrante.com\/revista\/wp-content\/uploads\/2024\/05\/Casa-de-la-Cultura-Quetzaltenango.webp 491w, https:\/\/soymigrante.com\/revista\/wp-content\/uploads\/2024\/05\/Casa-de-la-Cultura-Quetzaltenango-300x184.webp 300w\" sizes=\"(max-width: 491px) 100vw, 491px\" \/>\t\t\t\t\t\t\t\t\t\t\t<figcaption class=\"widget-image-caption wp-caption-text\">El edificio donde funciona la Casa de la Cultura de Quetzaltenango fue edificado en 1872. Fue la primera casa de cultura abierta fue de la capital en el pa\u00eds. (Foto Colecci\u00f3n Ra\u00fal Izas Ch\u00e1vez) <\/figcaption>\n\t\t\t\t\t\t\t\t\t\t<\/figure>\n\t\t\t\t\t\t\t\t\t<\/div>\n\t\t\t\t\t<\/div>\n\t\t<\/div>\n\t\t\t\t\t<\/div>\n\t\t<\/section>\n\t\t\t\t<section data-particle_enable=\"false\" data-particle-mobile-disabled=\"false\" class=\"elementor-section elementor-top-section elementor-element elementor-element-bd04f32 elementor-section-boxed elementor-section-height-default elementor-section-height-default\" data-id=\"bd04f32\" data-element_type=\"section\" data-e-type=\"section\">\n\t\t\t\t\t\t<div class=\"elementor-container elementor-column-gap-default\">\n\t\t\t\t\t<div class=\"elementor-column elementor-col-100 elementor-top-column elementor-element elementor-element-70bd35e\" data-id=\"70bd35e\" data-element_type=\"column\" data-e-type=\"column\">\n\t\t\t<div class=\"elementor-widget-wrap elementor-element-populated\">\n\t\t\t\t\t\t<div class=\"elementor-element elementor-element-f22375f elementor-widget elementor-widget-heading\" data-id=\"f22375f\" data-element_type=\"widget\" data-e-type=\"widget\" data-widget_type=\"heading.default\">\n\t\t\t\t\t<h3 class=\"elementor-heading-title elementor-size-default\">6. Palacio Municipal centenario pero inconcluso<\/h3>\t\t\t\t<\/div>\n\t\t\t\t\t<\/div>\n\t\t<\/div>\n\t\t\t\t\t<\/div>\n\t\t<\/section>\n\t\t\t\t<section data-particle_enable=\"false\" data-particle-mobile-disabled=\"false\" class=\"elementor-section elementor-top-section elementor-element elementor-element-5cf48a7 elementor-section-boxed elementor-section-height-default elementor-section-height-default\" data-id=\"5cf48a7\" data-element_type=\"section\" data-e-type=\"section\">\n\t\t\t\t\t\t<div class=\"elementor-container elementor-column-gap-default\">\n\t\t\t\t\t<div class=\"elementor-column elementor-col-100 elementor-top-column elementor-element elementor-element-52ace33\" data-id=\"52ace33\" data-element_type=\"column\" data-e-type=\"column\">\n\t\t\t<div class=\"elementor-widget-wrap elementor-element-populated\">\n\t\t\t\t\t\t<div class=\"elementor-element elementor-element-2a0e230 elementor-widget elementor-widget-text-editor\" data-id=\"2a0e230\" data-element_type=\"widget\" data-e-type=\"widget\" data-widget_type=\"text-editor.default\">\n\t\t\t\t\t\t\t\t\t<p>El edificio de la Municipalidad de <a href=\"https:\/\/soymigrante.com\/revista\/arte-de-guatemala-artista-rodolfo-galeotti-quetzalteco-historia\/\">Quetzaltenango<\/a> comenz\u00f3 a edificarse en octubre de 1881. La obra fue encargada al arquitecto espa\u00f1ol Domingo Goicolea\u00a0y Urr\u00e9jola. Los trabajos quedaron suspendidos en 1897. A la fecha el edificio no est\u00e1 concluido, seg\u00fan cuentan historiadores quetzaltecos.<\/p><p>Agat\u00f3n Boj fue contratado por Goicolea para tallar decenas piezas de piedra para la construcci\u00f3n. Se trata de una verdadera obra maestra de aire neocl\u00e1sico a pesar de que oficialmente nunca fue terminado.<\/p>\t\t\t\t\t\t\t\t<\/div>\n\t\t\t\t\t<\/div>\n\t\t<\/div>\n\t\t\t\t\t<\/div>\n\t\t<\/section>\n\t\t\t\t<section data-particle_enable=\"false\" data-particle-mobile-disabled=\"false\" class=\"elementor-section elementor-top-section elementor-element elementor-element-a9cf000 elementor-section-boxed elementor-section-height-default elementor-section-height-default\" data-id=\"a9cf000\" data-element_type=\"section\" data-e-type=\"section\">\n\t\t\t\t\t\t<div class=\"elementor-container elementor-column-gap-default\">\n\t\t\t\t\t<div class=\"elementor-column elementor-col-100 elementor-top-column elementor-element elementor-element-654ea6d\" data-id=\"654ea6d\" data-element_type=\"column\" data-e-type=\"column\">\n\t\t\t<div class=\"elementor-widget-wrap elementor-element-populated\">\n\t\t\t\t\t\t<div class=\"elementor-element elementor-element-4b725cf elementor-widget elementor-widget-image\" data-id=\"4b725cf\" data-element_type=\"widget\" data-e-type=\"widget\" data-widget_type=\"image.default\">\n\t\t\t\t\t\t\t\t\t\t\t\t<figure class=\"wp-caption\">\n\t\t\t\t\t\t\t\t\t\t<img loading=\"lazy\" decoding=\"async\" width=\"1024\" height=\"794\" src=\"https:\/\/soymigrante.com\/revista\/wp-content\/uploads\/2024\/05\/Palacio-de-la-Municipalidad-de-Quetzaltenango-Foto-Byron-Idigoras-1024x794.webp\" class=\"attachment-large size-large wp-image-6570\" alt=\"Impresionante edificio hist\u00f3rico con arquitectura cl\u00e1sica en la ciudad, capturado en una fotograf\u00eda en blanco y negro que resalta su majestuosidad y detalles arquitect\u00f3nicos.\" srcset=\"https:\/\/soymigrante.com\/revista\/wp-content\/uploads\/2024\/05\/Palacio-de-la-Municipalidad-de-Quetzaltenango-Foto-Byron-Idigoras-1024x794.webp 1024w, https:\/\/soymigrante.com\/revista\/wp-content\/uploads\/2024\/05\/Palacio-de-la-Municipalidad-de-Quetzaltenango-Foto-Byron-Idigoras-300x233.webp 300w, https:\/\/soymigrante.com\/revista\/wp-content\/uploads\/2024\/05\/Palacio-de-la-Municipalidad-de-Quetzaltenango-Foto-Byron-Idigoras-768x595.webp 768w, https:\/\/soymigrante.com\/revista\/wp-content\/uploads\/2024\/05\/Palacio-de-la-Municipalidad-de-Quetzaltenango-Foto-Byron-Idigoras-750x581.webp 750w, https:\/\/soymigrante.com\/revista\/wp-content\/uploads\/2024\/05\/Palacio-de-la-Municipalidad-de-Quetzaltenango-Foto-Byron-Idigoras-1140x884.webp 1140w, https:\/\/soymigrante.com\/revista\/wp-content\/uploads\/2024\/05\/Palacio-de-la-Municipalidad-de-Quetzaltenango-Foto-Byron-Idigoras.webp 1400w\" sizes=\"(max-width: 1024px) 100vw, 1024px\" \/>\t\t\t\t\t\t\t\t\t\t\t<figcaption class=\"widget-image-caption wp-caption-text\">El edificio Municipal de Quetzaltenango es de arquitectura neocl\u00e1sica que se caracteriza tener columnas, formas geom\u00e9tricas que evocan a Grecia y Roma. (Foto Byron Idigoras \/ Colecci\u00f3n Ra\u00fal Izas Ch\u00e1vez)  <\/figcaption>\n\t\t\t\t\t\t\t\t\t\t<\/figure>\n\t\t\t\t\t\t\t\t\t<\/div>\n\t\t\t\t\t<\/div>\n\t\t<\/div>\n\t\t\t\t\t<\/div>\n\t\t<\/section>\n\t\t\t\t<section data-particle_enable=\"false\" data-particle-mobile-disabled=\"false\" class=\"elementor-section elementor-top-section elementor-element elementor-element-10c160a elementor-section-boxed elementor-section-height-default elementor-section-height-default\" data-id=\"10c160a\" data-element_type=\"section\" data-e-type=\"section\">\n\t\t\t\t\t\t<div class=\"elementor-container elementor-column-gap-default\">\n\t\t\t\t\t<div class=\"elementor-column elementor-col-100 elementor-top-column elementor-element elementor-element-871e796\" data-id=\"871e796\" data-element_type=\"column\" data-e-type=\"column\">\n\t\t\t<div class=\"elementor-widget-wrap elementor-element-populated\">\n\t\t\t\t\t\t<div class=\"elementor-element elementor-element-663f8fb elementor-widget elementor-widget-heading\" data-id=\"663f8fb\" data-element_type=\"widget\" data-e-type=\"widget\" data-widget_type=\"heading.default\">\n\t\t\t\t\t<h3 class=\"elementor-heading-title elementor-size-default\">7. Un pasaje por el tiempo <\/h3>\t\t\t\t<\/div>\n\t\t\t\t\t<\/div>\n\t\t<\/div>\n\t\t\t\t\t<\/div>\n\t\t<\/section>\n\t\t\t\t<section data-particle_enable=\"false\" data-particle-mobile-disabled=\"false\" class=\"elementor-section elementor-top-section elementor-element elementor-element-aba330e elementor-section-boxed elementor-section-height-default elementor-section-height-default\" data-id=\"aba330e\" data-element_type=\"section\" data-e-type=\"section\">\n\t\t\t\t\t\t<div class=\"elementor-container elementor-column-gap-default\">\n\t\t\t\t\t<div class=\"elementor-column elementor-col-100 elementor-top-column elementor-element elementor-element-36f6044\" data-id=\"36f6044\" data-element_type=\"column\" data-e-type=\"column\">\n\t\t\t<div class=\"elementor-widget-wrap elementor-element-populated\">\n\t\t\t\t\t\t<div class=\"elementor-element elementor-element-745bd3a elementor-widget elementor-widget-text-editor\" data-id=\"745bd3a\" data-element_type=\"widget\" data-e-type=\"widget\" data-widget_type=\"text-editor.default\">\n\t\t\t\t\t\t\t\t\t<p>En1899, Juan B. Enr\u00edquez informa al ayuntamiento de Quetzaltenango que demoler\u00e1 su vivienda donde antiguamente estuvo la Casa Real de los Corregidores y la Comandancia de Armas de la ciudad para edificar su nueva casa que tendr\u00e1 tiendas para el comercio.<\/p><p>La construcci\u00f3n de la vivienda de Juan Enr\u00edquez estuvo a cargo del arquitecto espa\u00f1ol Alberto Porta y del artista Luis Liutti.\u00a0 Actualmente es un sitio de visita obligada y emblem\u00e1tica fotograf\u00eda para los turistas. Capta la escencia se\u00f1orial y el amor al arte de los Quetzaltecos.<\/p>\t\t\t\t\t\t\t\t<\/div>\n\t\t\t\t\t<\/div>\n\t\t<\/div>\n\t\t\t\t\t<\/div>\n\t\t<\/section>\n\t\t\t\t<section data-particle_enable=\"false\" data-particle-mobile-disabled=\"false\" class=\"elementor-section elementor-top-section elementor-element elementor-element-fe2ae59 elementor-section-boxed elementor-section-height-default elementor-section-height-default\" data-id=\"fe2ae59\" data-element_type=\"section\" data-e-type=\"section\">\n\t\t\t\t\t\t<div class=\"elementor-container elementor-column-gap-default\">\n\t\t\t\t\t<div class=\"elementor-column elementor-col-100 elementor-top-column elementor-element elementor-element-17cff97\" data-id=\"17cff97\" data-element_type=\"column\" data-e-type=\"column\">\n\t\t\t<div class=\"elementor-widget-wrap elementor-element-populated\">\n\t\t\t\t\t\t<div class=\"elementor-element elementor-element-2115558 elementor-widget elementor-widget-image\" data-id=\"2115558\" data-element_type=\"widget\" data-e-type=\"widget\" data-widget_type=\"image.default\">\n\t\t\t\t\t\t\t\t\t\t\t\t<figure class=\"wp-caption\">\n\t\t\t\t\t\t\t\t\t\t<img loading=\"lazy\" decoding=\"async\" width=\"689\" height=\"462\" src=\"https:\/\/soymigrante.com\/revista\/wp-content\/uploads\/2024\/05\/Pasaje-Enriquez-Xela-1.webp\" class=\"attachment-large size-large wp-image-6571\" alt=\"Parten\u00f3n de estilo cl\u00e1sico en un edificio hist\u00f3rico con fuente en primer plano y jardines, en un entorno que refleja arquitectura antigua. Imagen en blanco y negro que captura la esencia de \u00e9pocas pasadas en un escenario cultural.\" srcset=\"https:\/\/soymigrante.com\/revista\/wp-content\/uploads\/2024\/05\/Pasaje-Enriquez-Xela-1.webp 689w, https:\/\/soymigrante.com\/revista\/wp-content\/uploads\/2024\/05\/Pasaje-Enriquez-Xela-1-300x201.webp 300w\" sizes=\"(max-width: 689px) 100vw, 689px\" \/>\t\t\t\t\t\t\t\t\t\t\t<figcaption class=\"widget-image-caption wp-caption-text\">El Pasaje Enr\u00edquez forma parte del Centro Hist\u00f3rico de Xela, El Ministerio de Cultura y Deportes se\u00f1ala que este edificio es un monumento de mucha importancia para los quetzaltecos. (Foto colecci\u00f3n Ra\u00fal Izas Ch\u00e1vez)<\/figcaption>\n\t\t\t\t\t\t\t\t\t\t<\/figure>\n\t\t\t\t\t\t\t\t\t<\/div>\n\t\t\t\t\t<\/div>\n\t\t<\/div>\n\t\t\t\t\t<\/div>\n\t\t<\/section>\n\t\t\t\t<section data-particle_enable=\"false\" data-particle-mobile-disabled=\"false\" class=\"elementor-section elementor-top-section elementor-element elementor-element-c1b105e elementor-section-boxed elementor-section-height-default elementor-section-height-default\" data-id=\"c1b105e\" data-element_type=\"section\" data-e-type=\"section\">\n\t\t\t\t\t\t<div class=\"elementor-container elementor-column-gap-default\">\n\t\t\t\t\t<div class=\"elementor-column elementor-col-100 elementor-top-column elementor-element elementor-element-8f72169\" data-id=\"8f72169\" data-element_type=\"column\" data-e-type=\"column\">\n\t\t\t<div class=\"elementor-widget-wrap elementor-element-populated\">\n\t\t\t\t\t\t<div class=\"elementor-element elementor-element-aea82bb elementor-widget elementor-widget-heading\" data-id=\"aea82bb\" data-element_type=\"widget\" data-e-type=\"widget\" data-widget_type=\"heading.default\">\n\t\t\t\t\t<h3 class=\"elementor-heading-title elementor-size-default\">8. Un ic\u00f3nico Teatro Municipal<\/h3>\t\t\t\t<\/div>\n\t\t\t\t\t<\/div>\n\t\t<\/div>\n\t\t\t\t\t<\/div>\n\t\t<\/section>\n\t\t\t\t<section data-particle_enable=\"false\" data-particle-mobile-disabled=\"false\" class=\"elementor-section elementor-top-section elementor-element elementor-element-f03c30c elementor-section-boxed elementor-section-height-default elementor-section-height-default\" data-id=\"f03c30c\" data-element_type=\"section\" data-e-type=\"section\">\n\t\t\t\t\t\t<div class=\"elementor-container elementor-column-gap-default\">\n\t\t\t\t\t<div class=\"elementor-column elementor-col-100 elementor-top-column elementor-element elementor-element-67369ca\" data-id=\"67369ca\" data-element_type=\"column\" data-e-type=\"column\">\n\t\t\t<div class=\"elementor-widget-wrap elementor-element-populated\">\n\t\t\t\t\t\t<div class=\"elementor-element elementor-element-35fa07f elementor-widget elementor-widget-text-editor\" data-id=\"35fa07f\" data-element_type=\"widget\" data-e-type=\"widget\" data-widget_type=\"text-editor.default\">\n\t\t\t\t\t\t\t\t\t<p>La iniciativa de la construcci\u00f3n del teatro fue del alcalde quetzalteco Manuel Lisandro Barrillas, en 1889 el presidente Manuel Estrada Cabrera, tambi\u00e9n quetzalteco, ordena la edificar la obra.<\/p><p>El Teatro Municipal de Xela es Patrimonio Cultural y Natural de la Naci\u00f3n. Su construcci\u00f3n dur\u00f3 cinco a\u00f1os de 1891 a 1895.<\/p><p>Tiene un aforo de 1050 personas, en su interior hay un \u00e1rea de luneta, palcos, altos y bajos y una galer\u00eda. Posee un Foyer \u2013 zona de recepciones \u2013 debajo del escenario hay una piscina con agua que sirve para la ac\u00fastica del teatro.<\/p><p>Las columnas j\u00f3nicas del frente del edificio fueron talladas por el artista quezalteco Agat\u00f3n Boj en 1908.<\/p>\t\t\t\t\t\t\t\t<\/div>\n\t\t\t\t\t<\/div>\n\t\t<\/div>\n\t\t\t\t\t<\/div>\n\t\t<\/section>\n\t\t\t\t<section data-particle_enable=\"false\" data-particle-mobile-disabled=\"false\" class=\"elementor-section elementor-top-section elementor-element elementor-element-d7f25d1 elementor-section-boxed elementor-section-height-default elementor-section-height-default\" data-id=\"d7f25d1\" data-element_type=\"section\" data-e-type=\"section\">\n\t\t\t\t\t\t<div class=\"elementor-container elementor-column-gap-default\">\n\t\t\t\t\t<div class=\"elementor-column elementor-col-100 elementor-top-column elementor-element elementor-element-85b91ac\" data-id=\"85b91ac\" data-element_type=\"column\" data-e-type=\"column\">\n\t\t\t<div class=\"elementor-widget-wrap elementor-element-populated\">\n\t\t\t\t\t\t<div class=\"elementor-element elementor-element-ed5f4c6 elementor-widget elementor-widget-image\" data-id=\"ed5f4c6\" data-element_type=\"widget\" data-e-type=\"widget\" data-widget_type=\"image.default\">\n\t\t\t\t\t\t\t\t\t\t\t\t<figure class=\"wp-caption\">\n\t\t\t\t\t\t\t\t\t\t<img loading=\"lazy\" decoding=\"async\" width=\"960\" height=\"757\" src=\"https:\/\/soymigrante.com\/revista\/wp-content\/uploads\/2024\/05\/Teatro-Municipal-de-Quetzaltenango.webp\" class=\"attachment-large size-large wp-image-6573\" alt=\"Inauguraci\u00f3n fachada Teatro Municipal 1908, historia del patrimonio cultural de la ciudad en Revista SoyMigrante.\" srcset=\"https:\/\/soymigrante.com\/revista\/wp-content\/uploads\/2024\/05\/Teatro-Municipal-de-Quetzaltenango.webp 960w, https:\/\/soymigrante.com\/revista\/wp-content\/uploads\/2024\/05\/Teatro-Municipal-de-Quetzaltenango-300x237.webp 300w, https:\/\/soymigrante.com\/revista\/wp-content\/uploads\/2024\/05\/Teatro-Municipal-de-Quetzaltenango-768x606.webp 768w, https:\/\/soymigrante.com\/revista\/wp-content\/uploads\/2024\/05\/Teatro-Municipal-de-Quetzaltenango-750x591.jpg 750w\" sizes=\"(max-width: 960px) 100vw, 960px\" \/>\t\t\t\t\t\t\t\t\t\t\t<figcaption class=\"widget-image-caption wp-caption-text\">La construcci\u00f3n del Teatro Municipal de Xela estuvo a cargo de la constructora italiana Durini &amp; Felice y Joaqu\u00edn Rigalt. (Foto Mario R.Sa\u00e9nz \/ Museo de Historia de Quetzaltenango)<\/figcaption>\n\t\t\t\t\t\t\t\t\t\t<\/figure>\n\t\t\t\t\t\t\t\t\t<\/div>\n\t\t\t\t\t<\/div>\n\t\t<\/div>\n\t\t\t\t\t<\/div>\n\t\t<\/section>\n\t\t\t\t<section data-particle_enable=\"false\" data-particle-mobile-disabled=\"false\" class=\"elementor-section elementor-top-section elementor-element elementor-element-7e211ef elementor-section-boxed elementor-section-height-default elementor-section-height-default\" data-id=\"7e211ef\" data-element_type=\"section\" data-e-type=\"section\">\n\t\t\t\t\t\t<div class=\"elementor-container elementor-column-gap-default\">\n\t\t\t\t\t<div class=\"elementor-column elementor-col-100 elementor-top-column elementor-element elementor-element-25b8deb\" data-id=\"25b8deb\" data-element_type=\"column\" data-e-type=\"column\">\n\t\t\t<div class=\"elementor-widget-wrap elementor-element-populated\">\n\t\t\t\t\t\t<div class=\"elementor-element elementor-element-ea64147 elementor-widget elementor-widget-heading\" data-id=\"ea64147\" data-element_type=\"widget\" data-e-type=\"widget\" data-widget_type=\"heading.default\">\n\t\t\t\t\t<h3 class=\"elementor-heading-title elementor-size-default\">9. Templo a Minerva es sobreviviente<\/h3>\t\t\t\t<\/div>\n\t\t\t\t\t<\/div>\n\t\t<\/div>\n\t\t\t\t\t<\/div>\n\t\t<\/section>\n\t\t\t\t<section data-particle_enable=\"false\" data-particle-mobile-disabled=\"false\" class=\"elementor-section elementor-top-section elementor-element elementor-element-a4dfe6a elementor-section-boxed elementor-section-height-default elementor-section-height-default\" data-id=\"a4dfe6a\" data-element_type=\"section\" data-e-type=\"section\">\n\t\t\t\t\t\t<div class=\"elementor-container elementor-column-gap-default\">\n\t\t\t\t\t<div class=\"elementor-column elementor-col-100 elementor-top-column elementor-element elementor-element-a4d4f1d\" data-id=\"a4d4f1d\" data-element_type=\"column\" data-e-type=\"column\">\n\t\t\t<div class=\"elementor-widget-wrap elementor-element-populated\">\n\t\t\t\t\t\t<div class=\"elementor-element elementor-element-52a1416 elementor-widget elementor-widget-text-editor\" data-id=\"52a1416\" data-element_type=\"widget\" data-e-type=\"widget\" data-widget_type=\"text-editor.default\">\n\t\t\t\t\t\t\t\t\t<p>El presidente Manuel Estrada Cabrera mand\u00f3 a edificar un Templo Minerva en su natal Quetzaltenango. La obra comenz\u00f3 a edificarse en 1917, pero fue concluida en 1920 en el gobierno de Carlos Castillo Armas. A la fecha la obra est\u00e1 inconclusa seg\u00fan el historiador Ra\u00fal Izas.<\/p>\t\t\t\t\t\t\t\t<\/div>\n\t\t\t\t\t<\/div>\n\t\t<\/div>\n\t\t\t\t\t<\/div>\n\t\t<\/section>\n\t\t\t\t<section data-particle_enable=\"false\" data-particle-mobile-disabled=\"false\" class=\"elementor-section elementor-top-section elementor-element elementor-element-ee0248b elementor-section-boxed elementor-section-height-default elementor-section-height-default\" data-id=\"ee0248b\" data-element_type=\"section\" data-e-type=\"section\">\n\t\t\t\t\t\t<div class=\"elementor-container elementor-column-gap-default\">\n\t\t\t\t\t<div class=\"elementor-column elementor-col-100 elementor-top-column elementor-element elementor-element-fd78b83\" data-id=\"fd78b83\" data-element_type=\"column\" data-e-type=\"column\">\n\t\t\t<div class=\"elementor-widget-wrap elementor-element-populated\">\n\t\t\t\t\t\t<div class=\"elementor-element elementor-element-2f942a2 elementor-widget elementor-widget-image\" data-id=\"2f942a2\" data-element_type=\"widget\" data-e-type=\"widget\" data-widget_type=\"image.default\">\n\t\t\t\t\t\t\t\t\t\t\t\t<figure class=\"wp-caption\">\n\t\t\t\t\t\t\t\t\t\t<img loading=\"lazy\" decoding=\"async\" width=\"954\" height=\"540\" src=\"https:\/\/soymigrante.com\/revista\/wp-content\/uploads\/2024\/05\/Templo-a-Minerva-Xela-1.webp\" class=\"attachment-large size-large wp-image-6575\" alt=\"Cemento en construcci\u00f3n en el templo a Minerva en 1920, con numerosos obreros y vendedores en el sitio.\" srcset=\"https:\/\/soymigrante.com\/revista\/wp-content\/uploads\/2024\/05\/Templo-a-Minerva-Xela-1.webp 954w, https:\/\/soymigrante.com\/revista\/wp-content\/uploads\/2024\/05\/Templo-a-Minerva-Xela-1-300x170.webp 300w, https:\/\/soymigrante.com\/revista\/wp-content\/uploads\/2024\/05\/Templo-a-Minerva-Xela-1-768x435.webp 768w, https:\/\/soymigrante.com\/revista\/wp-content\/uploads\/2024\/05\/Templo-a-Minerva-Xela-1-750x425.webp 750w\" sizes=\"(max-width: 954px) 100vw, 954px\" \/>\t\t\t\t\t\t\t\t\t\t\t<figcaption class=\"widget-image-caption wp-caption-text\"> En Guatemala existen seis templos dedicados a la diosa Minerva, la diosa griega del saber. Fueron edificados por orden del presidente Manuel Estrada Cabrera, entre los a\u00f1os 1898 y 1920 para llevar a cabo las minervalias para promover el arte, cultura y las ciencias. (Foto colecci\u00f3n Ra\u00fal Izas Ch\u00e1vez)<\/figcaption>\n\t\t\t\t\t\t\t\t\t\t<\/figure>\n\t\t\t\t\t\t\t\t\t<\/div>\n\t\t\t\t\t<\/div>\n\t\t<\/div>\n\t\t\t\t\t<\/div>\n\t\t<\/section>\n\t\t\t\t<section data-particle_enable=\"false\" data-particle-mobile-disabled=\"false\" class=\"elementor-section elementor-top-section elementor-element elementor-element-a00d874 elementor-section-boxed elementor-section-height-default elementor-section-height-default\" data-id=\"a00d874\" data-element_type=\"section\" data-e-type=\"section\">\n\t\t\t\t\t\t<div class=\"elementor-container elementor-column-gap-default\">\n\t\t\t\t\t<div class=\"elementor-column elementor-col-100 elementor-top-column elementor-element elementor-element-8cd2b7e\" data-id=\"8cd2b7e\" data-element_type=\"column\" data-e-type=\"column\">\n\t\t\t<div class=\"elementor-widget-wrap elementor-element-populated\">\n\t\t\t\t\t\t<div class=\"elementor-element elementor-element-cb2c2aa elementor-widget elementor-widget-heading\" data-id=\"cb2c2aa\" data-element_type=\"widget\" data-e-type=\"widget\" data-widget_type=\"heading.default\">\n\t\t\t\t\t<h3 class=\"elementor-heading-title elementor-size-default\">10. Una elecci\u00f3n de reina que lleva 90 a\u00f1os<\/h3>\t\t\t\t<\/div>\n\t\t\t\t\t<\/div>\n\t\t<\/div>\n\t\t\t\t\t<\/div>\n\t\t<\/section>\n\t\t\t\t<section data-particle_enable=\"false\" data-particle-mobile-disabled=\"false\" class=\"elementor-section elementor-top-section elementor-element elementor-element-789abbd elementor-section-boxed elementor-section-height-default elementor-section-height-default\" data-id=\"789abbd\" data-element_type=\"section\" data-e-type=\"section\">\n\t\t\t\t\t\t<div class=\"elementor-container elementor-column-gap-default\">\n\t\t\t\t\t<div class=\"elementor-column elementor-col-100 elementor-top-column elementor-element elementor-element-c6ca09c\" data-id=\"c6ca09c\" data-element_type=\"column\" data-e-type=\"column\">\n\t\t\t<div class=\"elementor-widget-wrap elementor-element-populated\">\n\t\t\t\t\t\t<div class=\"elementor-element elementor-element-505bd65 elementor-widget elementor-widget-text-editor\" data-id=\"505bd65\" data-element_type=\"widget\" data-e-type=\"widget\" data-widget_type=\"text-editor.default\">\n\t\t\t\t\t\t\t\t\t<p>Antes de 1934 en Quetzaltenango se eleg\u00eda a la India Bonita actividad que formaba parte de las celebraciones de la Feria Centroamericana de la Independencia. En septiembre de 1934 la actividad cambia por el certamen Umial Tinimit Re Shelajuj No\u2019j, es espa\u00f1ol significa la Hija del Pueblo de Xelaj\u00fa, Rosa Charchalac fue la primera Umial Tinimit.<\/p>\t\t\t\t\t\t\t\t<\/div>\n\t\t\t\t\t<\/div>\n\t\t<\/div>\n\t\t\t\t\t<\/div>\n\t\t<\/section>\n\t\t\t\t<section data-particle_enable=\"false\" data-particle-mobile-disabled=\"false\" class=\"elementor-section elementor-top-section elementor-element elementor-element-6aa4396 elementor-section-boxed elementor-section-height-default elementor-section-height-default\" data-id=\"6aa4396\" data-element_type=\"section\" data-e-type=\"section\">\n\t\t\t\t\t\t<div class=\"elementor-container elementor-column-gap-default\">\n\t\t\t\t\t<div class=\"elementor-column elementor-col-100 elementor-top-column elementor-element elementor-element-cf4d940\" data-id=\"cf4d940\" data-element_type=\"column\" data-e-type=\"column\">\n\t\t\t<div class=\"elementor-widget-wrap elementor-element-populated\">\n\t\t\t\t\t\t<div class=\"elementor-element elementor-element-e1d6eaf elementor-widget elementor-widget-image\" data-id=\"e1d6eaf\" data-element_type=\"widget\" data-e-type=\"widget\" data-widget_type=\"image.default\">\n\t\t\t\t\t\t\t\t\t\t\t\t<figure class=\"wp-caption\">\n\t\t\t\t\t\t\t\t\t\t<img loading=\"lazy\" decoding=\"async\" width=\"720\" height=\"509\" src=\"https:\/\/soymigrante.com\/revista\/wp-content\/uploads\/2024\/05\/Carroza-de-la-reina-indigena-de-Xela-1930.webp\" class=\"attachment-large size-large wp-image-6576\" alt=\"Cami\u00f3n decorado con flores y s\u00edmbolos culturales en desfile callejero en una ciudad hist\u00f3rica en Am\u00e9rica Latina.\" srcset=\"https:\/\/soymigrante.com\/revista\/wp-content\/uploads\/2024\/05\/Carroza-de-la-reina-indigena-de-Xela-1930.webp 720w, https:\/\/soymigrante.com\/revista\/wp-content\/uploads\/2024\/05\/Carroza-de-la-reina-indigena-de-Xela-1930-300x212.webp 300w, https:\/\/soymigrante.com\/revista\/wp-content\/uploads\/2024\/05\/Carroza-de-la-reina-indigena-de-Xela-1930-120x86.webp 120w\" sizes=\"(max-width: 720px) 100vw, 720px\" \/>\t\t\t\t\t\t\t\t\t\t\t<figcaption class=\"widget-image-caption wp-caption-text\">En 1934 Rosa Charchalac fue electa la primera Reina Ind\u00edgena de Xelaj\u00fa. Sali\u00f3 en Carroza para las fiestas de independencia de ese a\u00f1o. (Foto colecci\u00f3n Ra\u00fal Izas Ch\u00e1vez)<\/figcaption>\n\t\t\t\t\t\t\t\t\t\t<\/figure>\n\t\t\t\t\t\t\t\t\t<\/div>\n\t\t\t\t\t<\/div>\n\t\t<\/div>\n\t\t\t\t\t<\/div>\n\t\t<\/section>\n\t\t\t\t<section data-particle_enable=\"false\" data-particle-mobile-disabled=\"false\" class=\"elementor-section elementor-top-section elementor-element elementor-element-5f78c43 elementor-section-boxed elementor-section-height-default elementor-section-height-default\" data-id=\"5f78c43\" data-element_type=\"section\" data-e-type=\"section\">\n\t\t\t\t\t\t<div class=\"elementor-container elementor-column-gap-default\">\n\t\t\t\t\t<div class=\"elementor-column elementor-col-100 elementor-top-column elementor-element elementor-element-8575102\" data-id=\"8575102\" data-element_type=\"column\" data-e-type=\"column\">\n\t\t\t<div class=\"elementor-widget-wrap elementor-element-populated\">\n\t\t\t\t\t\t<div class=\"elementor-element elementor-element-7e6c9eb elementor-widget elementor-widget-heading\" data-id=\"7e6c9eb\" data-element_type=\"widget\" data-e-type=\"widget\" data-widget_type=\"heading.default\">\n\t\t\t\t\t<h3 class=\"elementor-heading-title elementor-size-default\">11. Copante de Piedra<\/h3>\t\t\t\t<\/div>\n\t\t\t\t\t<\/div>\n\t\t<\/div>\n\t\t\t\t\t<\/div>\n\t\t<\/section>\n\t\t\t\t<section data-particle_enable=\"false\" data-particle-mobile-disabled=\"false\" class=\"elementor-section elementor-top-section elementor-element elementor-element-e09cc69 elementor-section-boxed elementor-section-height-default elementor-section-height-default\" data-id=\"e09cc69\" data-element_type=\"section\" data-e-type=\"section\">\n\t\t\t\t\t\t<div class=\"elementor-container elementor-column-gap-default\">\n\t\t\t\t\t<div class=\"elementor-column elementor-col-100 elementor-top-column elementor-element elementor-element-7b2b7e9\" data-id=\"7b2b7e9\" data-element_type=\"column\" data-e-type=\"column\">\n\t\t\t<div class=\"elementor-widget-wrap elementor-element-populated\">\n\t\t\t\t\t\t<div class=\"elementor-element elementor-element-dc651ed elementor-widget elementor-widget-text-editor\" data-id=\"dc651ed\" data-element_type=\"widget\" data-e-type=\"widget\" data-widget_type=\"text-editor.default\">\n\t\t\t\t\t\t\t\t\t<p>Constituyen un aut\u00e9ntico \u00edcono de Quetzaltenango. En 1872 fue construido el Copante de Piedra para que los vecinos de los cantones San Bartolom\u00e9, La Transfiguraci\u00f3n y Am\u00e9rica se trasladar\u00e1n durante el invierno al centro de la ciudad. La piedra que utilizaron para la edificaci\u00f3n fue extra\u00edda de la pedrera.<\/p><p>\u201cDesde el legendario copante de piedra, se pod\u00eda apreciar, la famosa cantina \u201cLos Pepinitos\u201d, se\u00f1ala el historiador Ra\u00fal Izas Ch\u00e1vez.<\/p>\t\t\t\t\t\t\t\t<\/div>\n\t\t\t\t\t<\/div>\n\t\t<\/div>\n\t\t\t\t\t<\/div>\n\t\t<\/section>\n\t\t\t\t<section data-particle_enable=\"false\" data-particle-mobile-disabled=\"false\" class=\"elementor-section elementor-top-section elementor-element elementor-element-3051f2f elementor-section-boxed elementor-section-height-default elementor-section-height-default\" data-id=\"3051f2f\" data-element_type=\"section\" data-e-type=\"section\">\n\t\t\t\t\t\t<div class=\"elementor-container elementor-column-gap-default\">\n\t\t\t\t\t<div class=\"elementor-column elementor-col-100 elementor-top-column elementor-element elementor-element-7269f6e\" data-id=\"7269f6e\" data-element_type=\"column\" data-e-type=\"column\">\n\t\t\t<div class=\"elementor-widget-wrap elementor-element-populated\">\n\t\t\t\t\t\t<div class=\"elementor-element elementor-element-7d4b679 elementor-widget elementor-widget-image\" data-id=\"7d4b679\" data-element_type=\"widget\" data-e-type=\"widget\" data-widget_type=\"image.default\">\n\t\t\t\t\t\t\t\t\t\t\t\t<figure class=\"wp-caption\">\n\t\t\t\t\t\t\t\t\t\t<img loading=\"lazy\" decoding=\"async\" width=\"960\" height=\"677\" src=\"https:\/\/soymigrante.com\/revista\/wp-content\/uploads\/2024\/05\/Puente-de-Piedra-en-la-zona-1-de-Xela.webp\" class=\"attachment-large size-large wp-image-6577\" alt=\"Puente de piedra en 1978 con calles inundadas en 7\u00aa Avenida y 6\u00aa Calle Z-1, situaci\u00f3n de emergencia, contaminaci\u00f3n y afectaci\u00f3n urbana en Guatemala.\" srcset=\"https:\/\/soymigrante.com\/revista\/wp-content\/uploads\/2024\/05\/Puente-de-Piedra-en-la-zona-1-de-Xela.webp 960w, https:\/\/soymigrante.com\/revista\/wp-content\/uploads\/2024\/05\/Puente-de-Piedra-en-la-zona-1-de-Xela-300x212.webp 300w, https:\/\/soymigrante.com\/revista\/wp-content\/uploads\/2024\/05\/Puente-de-Piedra-en-la-zona-1-de-Xela-768x542.webp 768w, https:\/\/soymigrante.com\/revista\/wp-content\/uploads\/2024\/05\/Puente-de-Piedra-en-la-zona-1-de-Xela-120x86.webp 120w, https:\/\/soymigrante.com\/revista\/wp-content\/uploads\/2024\/05\/Puente-de-Piedra-en-la-zona-1-de-Xela-750x529.webp 750w\" sizes=\"(max-width: 960px) 100vw, 960px\" \/>\t\t\t\t\t\t\t\t\t\t\t<figcaption class=\"widget-image-caption wp-caption-text\">El Puente de Piedra sigue en pie y a la fecha sirve de paso a los quetzaltecos para evitar cruzar las correntadas que se forman durante el invierno. (foto Museo de Historia de Quetzaltenango) <\/figcaption>\n\t\t\t\t\t\t\t\t\t\t<\/figure>\n\t\t\t\t\t\t\t\t\t<\/div>\n\t\t\t\t\t<\/div>\n\t\t<\/div>\n\t\t\t\t\t<\/div>\n\t\t<\/section>\n\t\t\t\t<section data-particle_enable=\"false\" data-particle-mobile-disabled=\"false\" class=\"elementor-section elementor-top-section elementor-element elementor-element-275236c elementor-section-boxed elementor-section-height-default elementor-section-height-default\" data-id=\"275236c\" data-element_type=\"section\" data-e-type=\"section\">\n\t\t\t\t\t\t<div class=\"elementor-container elementor-column-gap-default\">\n\t\t\t\t\t<div class=\"elementor-column elementor-col-100 elementor-top-column elementor-element elementor-element-503a111\" data-id=\"503a111\" data-element_type=\"column\" data-e-type=\"column\">\n\t\t\t<div class=\"elementor-widget-wrap elementor-element-populated\">\n\t\t\t\t\t\t<div class=\"elementor-element elementor-element-528225c elementor-widget elementor-widget-heading\" data-id=\"528225c\" data-element_type=\"widget\" data-e-type=\"widget\" data-widget_type=\"heading.default\">\n\t\t\t\t\t<h3 class=\"elementor-heading-title elementor-size-default\">13. Puente Los Chocoyos<\/h3>\t\t\t\t<\/div>\n\t\t\t\t\t<\/div>\n\t\t<\/div>\n\t\t\t\t\t<\/div>\n\t\t<\/section>\n\t\t\t\t<section data-particle_enable=\"false\" data-particle-mobile-disabled=\"false\" class=\"elementor-section elementor-top-section elementor-element elementor-element-cfe3805 elementor-section-boxed elementor-section-height-default elementor-section-height-default\" data-id=\"cfe3805\" data-element_type=\"section\" data-e-type=\"section\">\n\t\t\t\t\t\t<div class=\"elementor-container elementor-column-gap-default\">\n\t\t\t\t\t<div class=\"elementor-column elementor-col-100 elementor-top-column elementor-element elementor-element-3c91348\" data-id=\"3c91348\" data-element_type=\"column\" data-e-type=\"column\">\n\t\t\t<div class=\"elementor-widget-wrap elementor-element-populated\">\n\t\t\t\t\t\t<div class=\"elementor-element elementor-element-adbd6a4 elementor-widget elementor-widget-text-editor\" data-id=\"adbd6a4\" data-element_type=\"widget\" data-e-type=\"widget\" data-widget_type=\"text-editor.default\">\n\t\t\t\t\t\t\t\t\t<p>Su construcci\u00f3n sirvi\u00f3 para evitar las correntadas que inundaban el centro de la ciudad.\u00a0\u00a0<span style=\"color: var( --e-global-color-text );\">Est\u00e1 ubicado sobre la 7a. calle y 15 avenida de la zona 1 a una cuadra del parque a Paco P\u00e9rez. Fue edificado en 1928, con piedra extra\u00edda de la cantera municipal La Pedrera, durante los primeros a\u00f1os se construyeron las bases y el paso en la parte superior era de piedra, a\u00f1os despu\u00e9s la comuna termin\u00f3 de edificarlo en su totalidad con piedra.<\/span><\/p><p>El nombre del puente se debe a que las aves de esa especie llegaban en bandadas a ese lugar.<\/p>\t\t\t\t\t\t\t\t<\/div>\n\t\t\t\t\t<\/div>\n\t\t<\/div>\n\t\t\t\t\t<\/div>\n\t\t<\/section>\n\t\t\t\t<section data-particle_enable=\"false\" data-particle-mobile-disabled=\"false\" class=\"elementor-section elementor-top-section elementor-element elementor-element-7c0ece5 elementor-section-boxed elementor-section-height-default elementor-section-height-default\" data-id=\"7c0ece5\" data-element_type=\"section\" data-e-type=\"section\">\n\t\t\t\t\t\t<div class=\"elementor-container elementor-column-gap-default\">\n\t\t\t\t\t<div class=\"elementor-column elementor-col-100 elementor-top-column elementor-element elementor-element-fa56cbb\" data-id=\"fa56cbb\" data-element_type=\"column\" data-e-type=\"column\">\n\t\t\t<div class=\"elementor-widget-wrap elementor-element-populated\">\n\t\t\t\t\t\t<div class=\"elementor-element elementor-element-fb10cc2 elementor-widget elementor-widget-image\" data-id=\"fb10cc2\" data-element_type=\"widget\" data-e-type=\"widget\" data-widget_type=\"image.default\">\n\t\t\t\t\t\t\t\t\t\t\t\t<figure class=\"wp-caption\">\n\t\t\t\t\t\t\t\t\t\t<img loading=\"lazy\" decoding=\"async\" width=\"512\" height=\"640\" src=\"https:\/\/soymigrante.com\/revista\/wp-content\/uploads\/2024\/05\/7a-calle-de-la-zona-1-de-Xela-en-ese-lugar-se-contruyo-el-puente-Los-Chocoyos.webp\" class=\"attachment-large size-large wp-image-6578\" alt=\"Inundaciones urbanas en calles residenciales, problema de gesti\u00f3n h\u00eddrica y cambio clim\u00e1tico, afectando comunidades locales y infraestructura.\" srcset=\"https:\/\/soymigrante.com\/revista\/wp-content\/uploads\/2024\/05\/7a-calle-de-la-zona-1-de-Xela-en-ese-lugar-se-contruyo-el-puente-Los-Chocoyos.webp 512w, https:\/\/soymigrante.com\/revista\/wp-content\/uploads\/2024\/05\/7a-calle-de-la-zona-1-de-Xela-en-ese-lugar-se-contruyo-el-puente-Los-Chocoyos-240x300.webp 240w\" sizes=\"(max-width: 512px) 100vw, 512px\" \/>\t\t\t\t\t\t\t\t\t\t\t<figcaption class=\"widget-image-caption wp-caption-text\">La foto fue tomada en el a\u00f1o 1900 y muestra parte de la inundaci\u00f3n de un sector del barrio El Calvario donde la comuna quetzalteca construy\u00f3 el ahora famoso puente de los chocoyos. (Museo de Historia de Quetzaltenango) <\/figcaption>\n\t\t\t\t\t\t\t\t\t\t<\/figure>\n\t\t\t\t\t\t\t\t\t<\/div>\n\t\t\t\t\t<\/div>\n\t\t<\/div>\n\t\t\t\t\t<\/div>\n\t\t<\/section>\n\t\t\t\t<section data-particle_enable=\"false\" data-particle-mobile-disabled=\"false\" class=\"elementor-section elementor-top-section elementor-element elementor-element-d7ccf4a elementor-section-boxed elementor-section-height-default elementor-section-height-default\" data-id=\"d7ccf4a\" data-element_type=\"section\" data-e-type=\"section\">\n\t\t\t\t\t\t<div class=\"elementor-container elementor-column-gap-default\">\n\t\t\t\t\t<div class=\"elementor-column elementor-col-100 elementor-top-column elementor-element elementor-element-70a2813\" data-id=\"70a2813\" data-element_type=\"column\" data-e-type=\"column\">\n\t\t\t<div class=\"elementor-widget-wrap elementor-element-populated\">\n\t\t\t\t\t\t<div class=\"elementor-element elementor-element-e9af6f3 elementor-widget elementor-widget-heading\" data-id=\"e9af6f3\" data-element_type=\"widget\" data-e-type=\"widget\" data-widget_type=\"heading.default\">\n\t\t\t\t\t<h2 class=\"elementor-heading-title elementor-size-default\">14. El Ferrocarril de los Altos <\/h2>\t\t\t\t<\/div>\n\t\t\t\t\t<\/div>\n\t\t<\/div>\n\t\t\t\t\t<\/div>\n\t\t<\/section>\n\t\t\t\t<section data-particle_enable=\"false\" data-particle-mobile-disabled=\"false\" class=\"elementor-section elementor-top-section elementor-element elementor-element-a4af6d7 elementor-section-boxed elementor-section-height-default elementor-section-height-default\" data-id=\"a4af6d7\" data-element_type=\"section\" data-e-type=\"section\">\n\t\t\t\t\t\t<div class=\"elementor-container elementor-column-gap-default\">\n\t\t\t\t\t<div class=\"elementor-column elementor-col-100 elementor-top-column elementor-element elementor-element-82de7ba\" data-id=\"82de7ba\" data-element_type=\"column\" data-e-type=\"column\">\n\t\t\t<div class=\"elementor-widget-wrap elementor-element-populated\">\n\t\t\t\t\t\t<div class=\"elementor-element elementor-element-39e83a3 elementor-widget elementor-widget-text-editor\" data-id=\"39e83a3\" data-element_type=\"widget\" data-e-type=\"widget\" data-widget_type=\"text-editor.default\">\n\t\t\t\t\t\t\t\t\t<p>Durante la presidencia de L\u00e1zaro Chac\u00f3n el Gobierno de Guatemala impuls\u00f3 el proyecto del primer tren el\u00e9ctrico del pa\u00eds que unir\u00eda a Quetzaltenango con el sistema ferroviario de la \u00e9poca.<\/p><p>La energ\u00eda que mov\u00eda los seis lujos vagones del tren era producida en la hidroel\u00e9ctrica Santa Mar\u00eda ubicada en Zunil. La v\u00eda f\u00e9rrea cubr\u00eda 50 kil\u00f3metros, desde Xela a San Felipe Retalhuleu.<\/p><p>El ferrocarril deja de funcionar en septiembre de 1933 a causa de un temporal que da\u00f1\u00f3 la v\u00eda f\u00e9rrea. \u00a0<\/p>\t\t\t\t\t\t\t\t<\/div>\n\t\t\t\t\t<\/div>\n\t\t<\/div>\n\t\t\t\t\t<\/div>\n\t\t<\/section>\n\t\t\t\t<section data-particle_enable=\"false\" data-particle-mobile-disabled=\"false\" class=\"elementor-section elementor-top-section elementor-element elementor-element-e96dc33 elementor-section-boxed elementor-section-height-default elementor-section-height-default\" data-id=\"e96dc33\" data-element_type=\"section\" data-e-type=\"section\">\n\t\t\t\t\t\t<div class=\"elementor-container elementor-column-gap-default\">\n\t\t\t\t\t<div class=\"elementor-column elementor-col-100 elementor-top-column elementor-element elementor-element-b202fed\" data-id=\"b202fed\" data-element_type=\"column\" data-e-type=\"column\">\n\t\t\t<div class=\"elementor-widget-wrap elementor-element-populated\">\n\t\t\t\t\t\t<div class=\"elementor-element elementor-element-404dd37 elementor-widget elementor-widget-image\" data-id=\"404dd37\" data-element_type=\"widget\" data-e-type=\"widget\" data-widget_type=\"image.default\">\n\t\t\t\t\t\t\t\t\t\t\t\t<figure class=\"wp-caption\">\n\t\t\t\t\t\t\t\t\t\t<img loading=\"lazy\" decoding=\"async\" width=\"1024\" height=\"740\" src=\"https:\/\/soymigrante.com\/revista\/wp-content\/uploads\/2024\/05\/434321724_18331215031143773_3468160327880099639_n-1024x740.webp\" class=\"attachment-large size-large wp-image-6579\" alt=\"Antiguo cartel de servicios ferroviarios en Quetzaltenango, Guatemala, promocionando trenes diarios y ferrocarriles internacionales de Centroam\u00e9rica, reflejando historia del transporte y migraci\u00f3n.\" srcset=\"https:\/\/soymigrante.com\/revista\/wp-content\/uploads\/2024\/05\/434321724_18331215031143773_3468160327880099639_n-1024x740.webp 1024w, https:\/\/soymigrante.com\/revista\/wp-content\/uploads\/2024\/05\/434321724_18331215031143773_3468160327880099639_n-300x217.webp 300w, https:\/\/soymigrante.com\/revista\/wp-content\/uploads\/2024\/05\/434321724_18331215031143773_3468160327880099639_n-768x555.webp 768w, https:\/\/soymigrante.com\/revista\/wp-content\/uploads\/2024\/05\/434321724_18331215031143773_3468160327880099639_n-120x86.webp 120w, https:\/\/soymigrante.com\/revista\/wp-content\/uploads\/2024\/05\/434321724_18331215031143773_3468160327880099639_n-750x542.webp 750w, https:\/\/soymigrante.com\/revista\/wp-content\/uploads\/2024\/05\/434321724_18331215031143773_3468160327880099639_n-1140x824.webp 1140w, https:\/\/soymigrante.com\/revista\/wp-content\/uploads\/2024\/05\/434321724_18331215031143773_3468160327880099639_n.webp 1440w\" sizes=\"(max-width: 1024px) 100vw, 1024px\" \/>\t\t\t\t\t\t\t\t\t\t\t<figcaption class=\"widget-image-caption wp-caption-text\"> El Ferrocarril el\u00e9ctrico de Los Altos fue considerado en su momento un avance industrial para la regi\u00f3n del occidente debido a que era amigable con el medio ambiente porque no usaba carb\u00f3n para funcionar. (Foto Ra\u00fal Izas Ch\u00e1vez) <\/figcaption>\n\t\t\t\t\t\t\t\t\t\t<\/figure>\n\t\t\t\t\t\t\t\t\t<\/div>\n\t\t\t\t\t<\/div>\n\t\t<\/div>\n\t\t\t\t\t<\/div>\n\t\t<\/section>\n\t\t\t\t<section data-particle_enable=\"false\" data-particle-mobile-disabled=\"false\" class=\"elementor-section elementor-top-section elementor-element elementor-element-573cc88 elementor-section-boxed elementor-section-height-default elementor-section-height-default\" data-id=\"573cc88\" data-element_type=\"section\" data-e-type=\"section\">\n\t\t\t\t\t\t<div class=\"elementor-container elementor-column-gap-default\">\n\t\t\t\t\t<div class=\"elementor-column elementor-col-100 elementor-top-column elementor-element elementor-element-8a3f8db\" data-id=\"8a3f8db\" data-element_type=\"column\" data-e-type=\"column\">\n\t\t\t<div class=\"elementor-widget-wrap elementor-element-populated\">\n\t\t\t\t\t\t<div class=\"elementor-element elementor-element-b385983 elementor-widget elementor-widget-heading\" data-id=\"b385983\" data-element_type=\"widget\" data-e-type=\"widget\" data-widget_type=\"heading.default\">\n\t\t\t\t\t<h3 class=\"elementor-heading-title elementor-size-default\">15. En Quetzaltenango naci\u00f3 la marimba crom\u00e1tica <\/h3>\t\t\t\t<\/div>\n\t\t\t\t\t<\/div>\n\t\t<\/div>\n\t\t\t\t\t<\/div>\n\t\t<\/section>\n\t\t\t\t<section data-particle_enable=\"false\" data-particle-mobile-disabled=\"false\" class=\"elementor-section elementor-top-section elementor-element elementor-element-c1bc676 elementor-section-boxed elementor-section-height-default elementor-section-height-default\" data-id=\"c1bc676\" data-element_type=\"section\" data-e-type=\"section\">\n\t\t\t\t\t\t<div class=\"elementor-container elementor-column-gap-default\">\n\t\t\t\t\t<div class=\"elementor-column elementor-col-100 elementor-top-column elementor-element elementor-element-94106d2\" data-id=\"94106d2\" data-element_type=\"column\" data-e-type=\"column\">\n\t\t\t<div class=\"elementor-widget-wrap elementor-element-populated\">\n\t\t\t\t\t\t<div class=\"elementor-element elementor-element-de45ee2 elementor-widget elementor-widget-text-editor\" data-id=\"de45ee2\" data-element_type=\"widget\" data-e-type=\"widget\" data-widget_type=\"text-editor.default\">\n\t\t\t\t\t\t\t\t\t<p>En el taller del maestro marimbista Sebasti\u00e1n Hurtado, se desarroll\u00f3 en el a\u00f1o 1894,\u00a0 <a href=\"https:\/\/soymigrante.com\/revista\/marimba-guatemalteca-simbolo-patrio-datos-quiza-no-sabias-o-tal-vez-si\/\">la primera marimba de doble teclado o crom\u00e1tica.<\/a> Fue un paso decisivo para que el\u00a0<\/p><p>\u00a0se convirtiera en todo un universo de posibiliddes sonoras, y que hoy permite interpretar todo tipo de m\u00fasica.<\/p><p>Hurtado le hered\u00f3 la marimba a sus descendientes y as\u00ed surgi\u00f3 la Marimba Royal de los Hermanos Hurtado, quienes en 1908 efectuaron una gira a Nueva York, con lo cual el instrumento nacional de Guatemala cobr\u00f3 notoriedad internacional y desde entonces no ha parado de sonar.\u00a0<\/p>\t\t\t\t\t\t\t\t<\/div>\n\t\t\t\t\t<\/div>\n\t\t<\/div>\n\t\t\t\t\t<\/div>\n\t\t<\/section>\n\t\t\t\t<section data-particle_enable=\"false\" data-particle-mobile-disabled=\"false\" class=\"elementor-section elementor-top-section elementor-element elementor-element-672a762 elementor-section-boxed elementor-section-height-default elementor-section-height-default\" data-id=\"672a762\" data-element_type=\"section\" data-e-type=\"section\">\n\t\t\t\t\t\t<div class=\"elementor-container elementor-column-gap-default\">\n\t\t\t\t\t<div class=\"elementor-column elementor-col-100 elementor-top-column elementor-element elementor-element-eef1375\" data-id=\"eef1375\" data-element_type=\"column\" data-e-type=\"column\">\n\t\t\t<div class=\"elementor-widget-wrap elementor-element-populated\">\n\t\t\t\t\t\t<div class=\"elementor-element elementor-element-07b619c elementor-widget elementor-widget-video\" data-id=\"07b619c\" data-element_type=\"widget\" data-e-type=\"widget\" data-settings=\"{&quot;youtube_url&quot;:&quot;https:\\\/\\\/www.youtube.com\\\/watch?v=Miy9ICvdGyI&quot;,&quot;video_type&quot;:&quot;youtube&quot;,&quot;controls&quot;:&quot;yes&quot;}\" data-widget_type=\"video.default\">\n\t\t\t\t\t\t\t<div class=\"elementor-wrapper elementor-open-inline\">\n\t\t\t<div class=\"elementor-video\"><\/div>\t\t<\/div>\n\t\t\t\t\t\t<\/div>\n\t\t\t\t\t<\/div>\n\t\t<\/div>\n\t\t\t\t\t<\/div>\n\t\t<\/section>\n\t\t\t\t<section data-particle_enable=\"false\" data-particle-mobile-disabled=\"false\" class=\"elementor-section elementor-top-section elementor-element elementor-element-6c7326d elementor-section-boxed elementor-section-height-default elementor-section-height-default\" data-id=\"6c7326d\" data-element_type=\"section\" data-e-type=\"section\">\n\t\t\t\t\t\t<div class=\"elementor-container elementor-column-gap-default\">\n\t\t\t\t\t<div class=\"elementor-column elementor-col-100 elementor-top-column elementor-element elementor-element-d63b864\" data-id=\"d63b864\" data-element_type=\"column\" data-e-type=\"column\">\n\t\t\t<div class=\"elementor-widget-wrap elementor-element-populated\">\n\t\t\t\t\t\t<div class=\"elementor-element elementor-element-89e1f7e elementor-widget-divider--view-line elementor-widget elementor-widget-divider\" data-id=\"89e1f7e\" data-element_type=\"widget\" data-e-type=\"widget\" data-widget_type=\"divider.default\">\n\t\t\t\t\t\t\t<div class=\"elementor-divider\">\n\t\t\t<span class=\"elementor-divider-separator\">\n\t\t\t\t\t\t<\/span>\n\t\t<\/div>\n\t\t\t\t\t\t<\/div>\n\t\t\t\t\t<\/div>\n\t\t<\/div>\n\t\t\t\t\t<\/div>\n\t\t<\/section>\n\t\t\t\t<section data-particle_enable=\"false\" data-particle-mobile-disabled=\"false\" class=\"elementor-section elementor-top-section elementor-element elementor-element-02e3f24 elementor-section-boxed elementor-section-height-default elementor-section-height-default\" data-id=\"02e3f24\" data-element_type=\"section\" data-e-type=\"section\">\n\t\t\t\t\t\t<div class=\"elementor-container elementor-column-gap-default\">\n\t\t\t\t\t<div class=\"elementor-column elementor-col-100 elementor-top-column elementor-element elementor-element-fe4ec6a\" data-id=\"fe4ec6a\" data-element_type=\"column\" data-e-type=\"column\">\n\t\t\t<div class=\"elementor-widget-wrap elementor-element-populated\">\n\t\t\t\t\t\t<div class=\"elementor-element elementor-element-df32689 elementor-widget elementor-widget-heading\" data-id=\"df32689\" data-element_type=\"widget\" data-e-type=\"widget\" data-widget_type=\"heading.default\">\n\t\t\t\t\t<h2 class=\"elementor-heading-title elementor-size-default\">Llevamos a Guatemala en el coraz\u00f3n <\/h2>\t\t\t\t<\/div>\n\t\t\t\t\t<\/div>\n\t\t<\/div>\n\t\t\t\t\t<\/div>\n\t\t<\/section>\n\t\t\t\t<section data-particle_enable=\"false\" data-particle-mobile-disabled=\"false\" class=\"elementor-section elementor-top-section elementor-element elementor-element-b14cd4f elementor-section-boxed elementor-section-height-default elementor-section-height-default\" data-id=\"b14cd4f\" data-element_type=\"section\" data-e-type=\"section\">\n\t\t\t\t\t\t<div class=\"elementor-container elementor-column-gap-default\">\n\t\t\t\t\t<div class=\"elementor-column elementor-col-100 elementor-top-column elementor-element elementor-element-440a3d8\" data-id=\"440a3d8\" data-element_type=\"column\" data-e-type=\"column\">\n\t\t\t<div class=\"elementor-widget-wrap elementor-element-populated\">\n\t\t\t\t\t\t<div class=\"elementor-element elementor-element-1343caf elementor-widget elementor-widget-blfe-post-grid\" data-id=\"1343caf\" data-element_type=\"widget\" data-e-type=\"widget\" data-settings=\"{&quot;columns&quot;:&quot;3&quot;,&quot;columns_tablet&quot;:&quot;6&quot;,&quot;columns_mobile&quot;:&quot;12&quot;,&quot;hero1_layout_column_gap&quot;:{&quot;unit&quot;:&quot;px&quot;,&quot;size&quot;:30,&quot;sizes&quot;:[]},&quot;hero1_layout_column_gap_tablet&quot;:{&quot;unit&quot;:&quot;px&quot;,&quot;size&quot;:&quot;&quot;,&quot;sizes&quot;:[]},&quot;hero1_layout_column_gap_mobile&quot;:{&quot;unit&quot;:&quot;px&quot;,&quot;size&quot;:&quot;&quot;,&quot;sizes&quot;:[]},&quot;hero1_layout_row_gap&quot;:{&quot;unit&quot;:&quot;px&quot;,&quot;size&quot;:30,&quot;sizes&quot;:[]},&quot;hero1_layout_row_gap_tablet&quot;:{&quot;unit&quot;:&quot;px&quot;,&quot;size&quot;:&quot;&quot;,&quot;sizes&quot;:[]},&quot;hero1_layout_row_gap_mobile&quot;:{&quot;unit&quot;:&quot;px&quot;,&quot;size&quot;:&quot;&quot;,&quot;sizes&quot;:[]}}\" data-widget_type=\"blfe-post-grid.hero1\">\n\t\t\t\t<div class=\"elementor-widget-container\">\n\t\t\t\t\t\n                        <div class=\"blfe-post-grid-container \">\n            \n                <div data-skin=\"hero1\" class=\"blfe-row blfe-posts-inner blfe-hero1 blfe-posts-inner blfe-col-3 blfe-col-tab-6 blfe-col-mob-12     \">\n                            <div class=\"blfe-post-grid-item\">\n            <div class=\"blfe-post-grid-item-inner blfe-modern-zoom\">\n                        <div class=\"blfe-post-grid-bg-image\">\n            <a class=\"blfe-post-grid-image-inner\" href=\"https:\/\/soymigrante.com\/revista\/dia-de-la-tierra-todos-los-dias-productos-guatemaltecos-naturales-y-autenticos-en-mercado\/\" title=\"D\u00eda de la Tierra todos los d\u00edas: productos guatemaltecos naturales y aut\u00e9nticos en MERCADO\" rel=\"nofollow\" target=\"_blank\"><img decoding=\"async\" src=\"https:\/\/soymigrante.com\/revista\/wp-content\/uploads\/2026\/04\/DIA-DE-LA-TIERRA-PRODUCTOS-ECOLOGICOS-GUATEMALA-SOYMIGRANTE-MERCADO.png\" alt=\"D\u00eda de la Tierra todos los d\u00edas: productos guatemaltecos naturales y aut\u00e9nticos en MERCADO\"\/><\/a>        <\/div>\n                        <div class=\"blfe-post-grid-details\">\n                    <div class=\"blfe-post-grid-details-inner\">\n                        <span class=\"blfe-post-category\"><a href=\"https:\/\/soymigrante.com\/revista\/category\/guate-nuestra\/\">Guate Nuestra<\/a><\/span>                        <h3 class=\"blfe-post-grid-title\">\n            <a href=\"https:\/\/soymigrante.com\/revista\/dia-de-la-tierra-todos-los-dias-productos-guatemaltecos-naturales-y-autenticos-en-mercado\/\" title=\"D\u00eda de la Tierra todos los d\u00edas: productos guatemaltecos naturales y aut\u00e9nticos en MERCADO\" rel=\"nofollow\" target=\"_blank\">D\u00eda de la Tierra todos los d\u00edas: productos guatemaltecos naturales y aut\u00e9nticos en MERCADO<\/a>\n            <\/h3>                                                            <div class=\"blfe-post-grid-meta\">\n                <span class=\"blfe-post-grid-author\"><i class=\"fa fa-user far fa-user\"><\/i>by <a href=\"https:\/\/soymigrante.com\/revista\/author\/soymigrante\/\">SoyMigrante.com REVISTA<\/a><\/span>                    <div class=\"blfe-post-meta-dot\"><\/div>\n                    <span class=\"blfe-post-grid-date\"><i class=\"fa fa-calendar-alt far fa-calendar-alt\"><\/i>22\/04\/2026<\/span>                    <div class=\"blfe-post-meta-dot\"><\/div>\n                                <\/div>\n                                                        <\/div>\n                <\/div>\n\n            <\/div>\n        <\/div>\n                <div class=\"blfe-post-grid-item\">\n            <div class=\"blfe-post-grid-item-inner blfe-modern-zoom\">\n                        <div class=\"blfe-post-grid-bg-image\">\n            <a class=\"blfe-post-grid-image-inner\" href=\"https:\/\/soymigrante.com\/revista\/refugio-natural-cerca-de-la-capital-la-reserva-ecologica-senderos-de-alux-en-sacatepequez\/\" title=\"Refugio natural cerca de la capital: La reserva ecol\u00f3gica Senderos de Alux en Sacatep\u00e9quez\" rel=\"nofollow\" target=\"_blank\"><img decoding=\"async\" src=\"https:\/\/soymigrante.com\/revista\/wp-content\/uploads\/2026\/04\/parque-ecologico-senderos-de-alux-5.jpg\" alt=\"Refugio natural cerca de la capital: La reserva ecol\u00f3gica Senderos de Alux en Sacatep\u00e9quez\"\/><\/a>        <\/div>\n                        <div class=\"blfe-post-grid-details\">\n                    <div class=\"blfe-post-grid-details-inner\">\n                        <span class=\"blfe-post-category\"><a href=\"https:\/\/soymigrante.com\/revista\/category\/guate-nuestra\/\">Guate Nuestra<\/a><\/span>                        <h3 class=\"blfe-post-grid-title\">\n            <a href=\"https:\/\/soymigrante.com\/revista\/refugio-natural-cerca-de-la-capital-la-reserva-ecologica-senderos-de-alux-en-sacatepequez\/\" title=\"Refugio natural cerca de la capital: La reserva ecol\u00f3gica Senderos de Alux en Sacatep\u00e9quez\" rel=\"nofollow\" target=\"_blank\">Refugio natural cerca de la capital: La reserva ecol\u00f3gica Senderos de Alux en Sacatep\u00e9quez<\/a>\n            <\/h3>                                                            <div class=\"blfe-post-grid-meta\">\n                <span class=\"blfe-post-grid-author\"><i class=\"fa fa-user far fa-user\"><\/i>by <a href=\"https:\/\/soymigrante.com\/revista\/author\/mariangel-alvarez\/\">Mari\u00e1ngel \u00c1lvarez<\/a><\/span>                    <div class=\"blfe-post-meta-dot\"><\/div>\n                    <span class=\"blfe-post-grid-date\"><i class=\"fa fa-calendar-alt far fa-calendar-alt\"><\/i>22\/04\/2026<\/span>                    <div class=\"blfe-post-meta-dot\"><\/div>\n                                <\/div>\n                                                        <\/div>\n                <\/div>\n\n            <\/div>\n        <\/div>\n                <div class=\"blfe-post-grid-item\">\n            <div class=\"blfe-post-grid-item-inner blfe-modern-zoom\">\n                        <div class=\"blfe-post-grid-bg-image\">\n            <a class=\"blfe-post-grid-image-inner\" href=\"https:\/\/soymigrante.com\/revista\/libros-guatemaltecos-dia-internacional-del-libro-festeja-inspirate-mercado\/\" title=\"Celebra el D\u00eda del Libro con inspiraci\u00f3n 100% guatemalteca: adquiere, disfruta u obsequia en MERCADO\" rel=\"nofollow\" target=\"_blank\"><img decoding=\"async\" src=\"https:\/\/soymigrante.com\/revista\/wp-content\/uploads\/2026\/04\/DIA-DEL-LIBRO-SOYMIGRANTE-MERCADO.png\" alt=\"Celebra el D\u00eda del Libro con inspiraci\u00f3n 100% guatemalteca: adquiere, disfruta u obsequia en MERCADO\"\/><\/a>        <\/div>\n                        <div class=\"blfe-post-grid-details\">\n                    <div class=\"blfe-post-grid-details-inner\">\n                        <span class=\"blfe-post-category\"><a href=\"https:\/\/soymigrante.com\/revista\/category\/guate-nuestra\/\">Guate Nuestra<\/a><\/span>                        <h3 class=\"blfe-post-grid-title\">\n            <a href=\"https:\/\/soymigrante.com\/revista\/libros-guatemaltecos-dia-internacional-del-libro-festeja-inspirate-mercado\/\" title=\"Celebra el D\u00eda del Libro con inspiraci\u00f3n 100% guatemalteca: adquiere, disfruta u obsequia en MERCADO\" rel=\"nofollow\" target=\"_blank\">Celebra el D\u00eda del Libro con inspiraci\u00f3n 100% guatemalteca: adquiere, disfruta u obsequia en MERCADO<\/a>\n            <\/h3>                                                            <div class=\"blfe-post-grid-meta\">\n                <span class=\"blfe-post-grid-author\"><i class=\"fa fa-user far fa-user\"><\/i>by <a href=\"https:\/\/soymigrante.com\/revista\/author\/soymigrante\/\">SoyMigrante.com REVISTA<\/a><\/span>                    <div class=\"blfe-post-meta-dot\"><\/div>\n                    <span class=\"blfe-post-grid-date\"><i class=\"fa fa-calendar-alt far fa-calendar-alt\"><\/i>20\/04\/2026<\/span>                    <div class=\"blfe-post-meta-dot\"><\/div>\n                                <\/div>\n                                                        <\/div>\n                <\/div>\n\n            <\/div>\n        <\/div>\n                        <\/div>\n\n                        <\/div>\n            \n                        <div class=\"blfe-post-footer\">\n                        <\/div>\n            \t\t\t\t<\/div>\n\t\t\t\t<\/div>\n\t\t\t\t\t<\/div>\n\t\t<\/div>\n\t\t\t\t\t<\/div>\n\t\t<\/section>\n\t\t\t\t<\/div>\n\t\t","protected":false},"excerpt":{"rendered":"<p>Quetzaltenango es pentacentenario. Su nombre significa \u201cBajo la muralla del quetzal\u201d en idioma mexica. Su nombre quich\u00e9 era Xelajuj-Noj, tierra de gente laboriosa, amable y creativa, muchos de los cuales hoy son migrantes pero nunca olvidan su ra\u00edz. El nombre oficial de fundaci\u00f3n de esta ciudad es Quetzaltenango de la Real Corona.&nbsp;Con ese nombre fuie [&hellip;]<\/p>\n","protected":false},"author":14,"featured_media":6587,"comment_status":"open","ping_status":"open","sticky":false,"template":"","format":"standard","meta":{"_acf_changed":false,"_eb_attr":"","footnotes":""},"categories":[58],"tags":[],"class_list":["post-6562","post","type-post","status-publish","format-standard","has-post-thumbnail","hentry","category-guate-nuestra"],"acf":[],"aioseo_notices":[],"aioseo_head":"\n\t\t<!-- All in One SEO Pro 4.9.6.2 - aioseo.com -->\n\t<meta name=\"description\" content=\"Libros guatemaltecos est\u00e1n listos para elevar su vuelo y llegar hasta t\u00ed a trav\u00e9s de SoyMigrante.com MERCADO. En este D\u00eda del Libro adquiere y apoya el talento.\" \/>\n\t<meta name=\"robots\" content=\"max-snippet:-1, max-image-preview:large, max-video-preview:-1\" \/>\n\t<meta name=\"author\" content=\"SoyMigrante.com REVISTA\"\/>\n\t<link rel=\"canonical\" href=\"https:\/\/soymigrante.com\/revista\/libros-guatemaltecos-dia-internacional-del-libro-festeja-inspirate-mercado\/\" \/>\n\t<meta name=\"generator\" content=\"All in One SEO Pro (AIOSEO) 4.9.6.2\" \/>\n\n\t\t<link rel=\"preconnect\" href=\"https:\/\/fonts.googleapis.com\" crossorigin>\n<link rel=\"preconnect\" href=\"https:\/\/fonts.gstatic.com\" crossorigin>\n\t\t<meta property=\"og:locale\" content=\"es_ES\" \/>\n\t\t<meta property=\"og:site_name\" content=\"SoyMigrante.com REVISTA \u2013 Nuestra misi\u00f3n es reconocer y dignificar al migrante.\" \/>\n\t\t<meta property=\"og:type\" content=\"article\" \/>\n\t\t<meta property=\"og:title\" content=\"Celebra el D\u00eda del Libro con inspiraci\u00f3n 100% guatemalteca\" \/>\n\t\t<meta property=\"og:description\" content=\"Libros guatemaltecos est\u00e1n listos para elevar su vuelo y llegar hasta t\u00ed a trav\u00e9s de SoyMigrante.com MERCADO. En este D\u00eda del Libro adquiere y apoya el talento.\" \/>\n\t\t<meta property=\"og:url\" content=\"https:\/\/soymigrante.com\/revista\/libros-guatemaltecos-dia-internacional-del-libro-festeja-inspirate-mercado\/\" \/>\n\t\t<meta property=\"og:image\" content=\"https:\/\/soymigrante.com\/revista\/wp-content\/uploads\/2026\/04\/DIA-DEL-LIBRO-SOYMIGRANTE-MERCADO.png\" \/>\n\t\t<meta property=\"og:image:secure_url\" content=\"https:\/\/soymigrante.com\/revista\/wp-content\/uploads\/2026\/04\/DIA-DEL-LIBRO-SOYMIGRANTE-MERCADO.png\" \/>\n\t\t<meta property=\"og:image:width\" content=\"1200\" \/>\n\t\t<meta property=\"og:image:height\" content=\"1200\" \/>\n\t\t<meta property=\"article:published_time\" content=\"2026-04-20T15:39:23+00:00\" \/>\n\t\t<meta property=\"article:modified_time\" content=\"2026-04-20T15:47:41+00:00\" \/>\n\t\t<meta property=\"article:publisher\" content=\"https:\/\/www.facebook.com\/soymigrantecom\" \/>\n\t\t<meta name=\"twitter:card\" content=\"summary_large_image\" \/>\n\t\t<meta name=\"twitter:site\" content=\"@SoyMigrante_com\" \/>\n\t\t<meta name=\"twitter:title\" content=\"Celebra el D\u00eda del Libro con inspiraci\u00f3n 100% guatemalteca\" \/>\n\t\t<meta name=\"twitter:description\" content=\"Libros guatemaltecos est\u00e1n listos para elevar su vuelo y llegar hasta t\u00ed a trav\u00e9s de SoyMigrante.com MERCADO. En este D\u00eda del Libro adquiere y apoya el talento.\" \/>\n\t\t<meta name=\"twitter:creator\" content=\"@SoyMigrante_com\" \/>\n\t\t<meta name=\"twitter:image\" content=\"https:\/\/soymigrante.com\/revista\/wp-content\/uploads\/2026\/04\/DIA-DEL-LIBRO-SOYMIGRANTE-MERCADO.png\" \/>\n\t\t<!-- All in One SEO Pro -->\r\n\t\t<title>Celebra el D\u00eda del Libro con inspiraci\u00f3n 100% guatemalteca<\/title>\n\n","aioseo_head_json":{"title":"Celebra el D\u00eda del Libro con inspiraci\u00f3n 100% guatemalteca","description":"Libros guatemaltecos est\u00e1n listos para elevar su vuelo y llegar hasta t\u00ed a trav\u00e9s de SoyMigrante.com MERCADO. En este D\u00eda del Libro adquiere y apoya el talento.","canonical_url":"https:\/\/soymigrante.com\/revista\/libros-guatemaltecos-dia-internacional-del-libro-festeja-inspirate-mercado\/","robots":"max-snippet:-1, max-image-preview:large, max-video-preview:-1","keywords":"","webmasterTools":{"miscellaneous":"&lt;link rel=\"preconnect\" href=\"https:\/\/fonts.googleapis.com\" crossorigin&gt;\n&lt;link rel=\"preconnect\" href=\"https:\/\/fonts.gstatic.com\" crossorigin&gt;"},"schema":null,"og:locale":"es_ES","og:site_name":"SoyMigrante.com REVISTA \u2013 Nuestra misi\u00f3n es reconocer y dignificar al migrante.","og:type":"article","og:title":"Celebra el D\u00eda del Libro con inspiraci\u00f3n 100% guatemalteca","og:description":"Libros guatemaltecos est\u00e1n listos para elevar su vuelo y llegar hasta t\u00ed a trav\u00e9s de SoyMigrante.com MERCADO. En este D\u00eda del Libro adquiere y apoya el talento.","og:url":"https:\/\/soymigrante.com\/revista\/libros-guatemaltecos-dia-internacional-del-libro-festeja-inspirate-mercado\/","og:image":"https:\/\/soymigrante.com\/revista\/wp-content\/uploads\/2026\/04\/DIA-DEL-LIBRO-SOYMIGRANTE-MERCADO.png","og:image:secure_url":"https:\/\/soymigrante.com\/revista\/wp-content\/uploads\/2026\/04\/DIA-DEL-LIBRO-SOYMIGRANTE-MERCADO.png","og:image:width":1200,"og:image:height":1200,"article:published_time":"2026-04-20T15:39:23+00:00","article:modified_time":"2026-04-20T15:47:41+00:00","article:publisher":"https:\/\/www.facebook.com\/soymigrantecom","twitter:card":"summary_large_image","twitter:site":"@SoyMigrante_com","twitter:title":"Celebra el D\u00eda del Libro con inspiraci\u00f3n 100% guatemalteca","twitter:description":"Libros guatemaltecos est\u00e1n listos para elevar su vuelo y llegar hasta t\u00ed a trav\u00e9s de SoyMigrante.com MERCADO. En este D\u00eda del Libro adquiere y apoya el talento.","twitter:creator":"@SoyMigrante_com","twitter:image":"https:\/\/soymigrante.com\/revista\/wp-content\/uploads\/2026\/04\/DIA-DEL-LIBRO-SOYMIGRANTE-MERCADO.png"},"aioseo_meta_data":{"post_id":"6562","title":"Quetzaltenango: 15 datos que quiz\u00e1 ya sab\u00edas... o tal vez no","description":"Es la segunda mayor ciudad de Guatemala, pero fue fundada antes que la primera capital. Tiene ra\u00edces prehisp\u00e1nicas pero su historia oficial arranc\u00f3 en 1524.","keywords":null,"keyphrases":{"focus":{"keyphrase":"Quetzaltenango","score":82,"analysis":{"keyphraseInTitle":{"score":9,"maxScore":9,"error":0},"keyphraseInDescription":{"score":3,"maxScore":9,"error":1},"keyphraseLength":{"score":9,"maxScore":9,"error":0,"length":1},"keyphraseInURL":{"score":5,"maxScore":5,"error":0},"keyphraseInIntroduction":{"score":9,"maxScore":9,"error":0},"keyphraseInSubHeadings":{"score":3,"maxScore":9,"error":1},"keyphraseInImageAlt":{"score":9,"maxScore":9,"error":0},"keywordDensity":{"type":"best","score":9,"maxScore":9,"error":0}}},"additional":[]},"primary_term":null,"canonical_url":null,"og_title":null,"og_description":null,"og_object_type":"default","og_image_type":"default","og_image_url":null,"og_image_width":null,"og_image_height":null,"og_image_custom_url":null,"og_image_custom_fields":null,"og_video":"","og_custom_url":null,"og_article_section":null,"og_article_tags":null,"twitter_use_og":false,"twitter_card":"default","twitter_image_type":"default","twitter_image_url":null,"twitter_image_custom_url":null,"twitter_image_custom_fields":null,"twitter_title":null,"twitter_description":null,"schema":{"blockGraphs":[],"customGraphs":[],"default":{"data":{"Article":[],"Course":[],"Dataset":[],"FAQPage":[],"Movie":[],"Person":[],"Product":[],"ProductReview":[],"Car":[],"Recipe":[],"Service":[],"SoftwareApplication":[],"WebPage":[]},"graphName":"none","isEnabled":true},"graphs":[]},"schema_type":"default","schema_type_options":null,"pillar_content":false,"robots_default":true,"robots_noindex":false,"robots_noarchive":false,"robots_nosnippet":false,"robots_nofollow":false,"robots_noimageindex":false,"robots_noodp":false,"robots_notranslate":false,"robots_max_snippet":"-1","robots_max_videopreview":"-1","robots_max_imagepreview":"large","priority":null,"frequency":"default","local_seo":null,"seo_analyzer_scan_date":"2025-10-09 05:16:21","breadcrumb_settings":null,"limit_modified_date":false,"reviewed_by":null,"open_ai":"{\"title\":{\"suggestions\":[],\"usage\":0},\"description\":{\"suggestions\":[],\"usage\":0}}","ai":null,"created":"2024-05-22 15:44:29","updated":"2026-02-04 23:43:54"},"aioseo_breadcrumb":"<div class=\"aioseo-breadcrumbs\"><span class=\"aioseo-breadcrumb\">\n\t<a href=\"https:\/\/soymigrante.com\/revista\" title=\"Home\">Home<\/a>\n<\/span><span class=\"aioseo-breadcrumb-separator\">\u00bb<\/span><span class=\"aioseo-breadcrumb\">\n\t<a href=\"https:\/\/soymigrante.com\/revista\/category\/guate-nuestra\/\" title=\"Guate Nuestra\">Guate Nuestra<\/a>\n<\/span><span class=\"aioseo-breadcrumb-separator\">\u00bb<\/span><span class=\"aioseo-breadcrumb\">\n\t15 datos que quiz\u00e1 ya sab\u00edas o tal vez no acerca de la ciudad de Quetzaltenango\n<\/span><\/div>","aioseo_breadcrumb_json":[{"label":"Home","link":"https:\/\/soymigrante.com\/revista"},{"label":"Guate Nuestra","link":"https:\/\/soymigrante.com\/revista\/category\/guate-nuestra\/"},{"label":"15 datos que quiz\u00e1 ya sab\u00edas o tal vez no acerca de la ciudad de Quetzaltenango","link":"https:\/\/soymigrante.com\/revista\/quetzaltenango-500-15-datos-que-quiza-ya-sabias-o-tal-vez-no\/"}],"_links":{"self":[{"href":"https:\/\/soymigrante.com\/revista\/wp-json\/wp\/v2\/posts\/6562","targetHints":{"allow":["GET"]}}],"collection":[{"href":"https:\/\/soymigrante.com\/revista\/wp-json\/wp\/v2\/posts"}],"about":[{"href":"https:\/\/soymigrante.com\/revista\/wp-json\/wp\/v2\/types\/post"}],"author":[{"embeddable":true,"href":"https:\/\/soymigrante.com\/revista\/wp-json\/wp\/v2\/users\/14"}],"replies":[{"embeddable":true,"href":"https:\/\/soymigrante.com\/revista\/wp-json\/wp\/v2\/comments?post=6562"}],"version-history":[{"count":1,"href":"https:\/\/soymigrante.com\/revista\/wp-json\/wp\/v2\/posts\/6562\/revisions"}],"predecessor-version":[{"id":33847,"href":"https:\/\/soymigrante.com\/revista\/wp-json\/wp\/v2\/posts\/6562\/revisions\/33847"}],"wp:featuredmedia":[{"embeddable":true,"href":"https:\/\/soymigrante.com\/revista\/wp-json\/wp\/v2\/media\/6587"}],"wp:attachment":[{"href":"https:\/\/soymigrante.com\/revista\/wp-json\/wp\/v2\/media?parent=6562"}],"wp:term":[{"taxonomy":"category","embeddable":true,"href":"https:\/\/soymigrante.com\/revista\/wp-json\/wp\/v2\/categories?post=6562"},{"taxonomy":"post_tag","embeddable":true,"href":"https:\/\/soymigrante.com\/revista\/wp-json\/wp\/v2\/tags?post=6562"}],"curies":[{"name":"wp","href":"https:\/\/api.w.org\/{rel}","templated":true}]}}