{"id":6544,"date":"2024-05-21T13:39:46","date_gmt":"2024-05-21T19:39:46","guid":{"rendered":"https:\/\/soymigrante.com\/revista\/?p=6544"},"modified":"2024-07-31T16:39:40","modified_gmt":"2024-07-31T22:39:40","slug":"recien-graduado-el-guatemalteco-brandon-lopez-se-va-a-microsoft","status":"publish","type":"post","link":"https:\/\/soymigrante.com\/revista\/recien-graduado-el-guatemalteco-brandon-lopez-se-va-a-microsoft\/","title":{"rendered":"El guatemalteco Brandon L\u00f3pez se grad\u00faa y se va a Microsoft"},"content":{"rendered":"\t\t<div data-elementor-type=\"wp-post\" data-elementor-id=\"6544\" class=\"elementor elementor-6544\" data-elementor-post-type=\"post\">\n\t\t\t\t\t\t<section data-particle_enable=\"false\" data-particle-mobile-disabled=\"false\" class=\"elementor-section elementor-top-section elementor-element elementor-element-c7743cb elementor-section-boxed elementor-section-height-default elementor-section-height-default\" data-id=\"c7743cb\" data-element_type=\"section\" data-e-type=\"section\">\n\t\t\t\t\t\t<div class=\"elementor-container elementor-column-gap-default\">\n\t\t\t\t\t<div class=\"elementor-column elementor-col-100 elementor-top-column elementor-element elementor-element-e03fe6d\" data-id=\"e03fe6d\" data-element_type=\"column\" data-e-type=\"column\">\n\t\t\t<div class=\"elementor-widget-wrap elementor-element-populated\">\n\t\t\t\t\t\t<div class=\"elementor-element elementor-element-261913a elementor-widget elementor-widget-heading\" data-id=\"261913a\" data-element_type=\"widget\" data-e-type=\"widget\" data-widget_type=\"heading.default\">\n\t\t\t\t\t<h2 class=\"elementor-heading-title elementor-size-default\">Brandon L\u00f3pez tiene 22 a\u00f1os y el 15 de mayo se gradu\u00f3  de \u00a1dos! carreras: Ciencias de la Computaci\u00f3n y Psicologia en Duke University. Su mam\u00e1, la migrante guatemalteca Ingrid L\u00f3pez, empez\u00f3 a llorar de alegr\u00eda, dos d\u00edas antes de la ceremonia. <\/h2>\t\t\t\t<\/div>\n\t\t\t\t\t<\/div>\n\t\t<\/div>\n\t\t\t\t\t<\/div>\n\t\t<\/section>\n\t\t\t\t<section data-particle_enable=\"false\" data-particle-mobile-disabled=\"false\" class=\"elementor-section elementor-top-section elementor-element elementor-element-9cd30ed elementor-section-boxed elementor-section-height-default elementor-section-height-default\" data-id=\"9cd30ed\" data-element_type=\"section\" data-e-type=\"section\">\n\t\t\t\t\t\t<div class=\"elementor-container elementor-column-gap-default\">\n\t\t\t\t\t<div class=\"elementor-column elementor-col-100 elementor-top-column elementor-element elementor-element-1af1baa\" data-id=\"1af1baa\" data-element_type=\"column\" data-e-type=\"column\">\n\t\t\t<div class=\"elementor-widget-wrap elementor-element-populated\">\n\t\t\t\t\t\t<div class=\"elementor-element elementor-element-c01ec17 elementor-widget elementor-widget-text-editor\" data-id=\"c01ec17\" data-element_type=\"widget\" data-e-type=\"widget\" data-widget_type=\"text-editor.default\">\n\t\t\t\t\t\t\t\t\t<p><span style=\"color: var( --e-global-color-text );\">-\u00bfY por qu\u00e9 lloraba?&nbsp;&nbsp;<br><\/span><span style=\"color: var( --e-global-color-text );\">&#8220;\u00a1De alegr\u00eda!&#8230; De recordar las dificultades que pasamos cuando Brandon era ni\u00f1o (es madre sola) y sobre todo al verlo con la bandera de Guatemala sobre sus hombros, luci\u00e9ndola. Me sent\u00ed orgullosa de \u00e9l y tambi\u00e9n de mi pa\u00eds&#8221;, dice la migrante guatemalteca Ingrid L\u00f3pez, quien lleg\u00f3 a Estados Unidos en 1998, proveniente de Nent\u00f3n, Huehuetenango.<\/span><\/p>\n<p>Aceptan la entrevista juntos, ella y su hijo Brandon L\u00f3pez, quien apenas el 10 de mayo se gradu\u00f3 doble, es decir, obtuvo dos t\u00edtulos universitarios: Ciencias de la Computaci\u00f3n y Psicolog\u00eda, en la prestigiosa universidad de Duke, Carolina del Norte (catalogada como una de las 10 mejores Universidades de Estados Unidos). Estudio becado.&nbsp;<\/p>\n<p>&#8220;\u00a1Nunca pagamos nada!, exclama Ingrid, lo cual le parec\u00eda un milagro pues durante la adolescencia de Brandon ella so\u00f1aba con que continuara estudios universitarios pero no sab\u00eda c\u00f3mo iba a pagar la colegiatura o los gastos asociados.<\/p>\t\t\t\t\t\t\t\t<\/div>\n\t\t\t\t\t<\/div>\n\t\t<\/div>\n\t\t\t\t\t<\/div>\n\t\t<\/section>\n\t\t\t\t<section data-particle_enable=\"false\" data-particle-mobile-disabled=\"false\" class=\"elementor-section elementor-top-section elementor-element elementor-element-976a28e elementor-section-boxed elementor-section-height-default elementor-section-height-default\" data-id=\"976a28e\" data-element_type=\"section\" data-e-type=\"section\">\n\t\t\t\t\t\t<div class=\"elementor-container elementor-column-gap-default\">\n\t\t\t\t\t<div class=\"elementor-column elementor-col-100 elementor-top-column elementor-element elementor-element-737d858\" data-id=\"737d858\" data-element_type=\"column\" data-e-type=\"column\">\n\t\t\t<div class=\"elementor-widget-wrap elementor-element-populated\">\n\t\t\t\t\t\t<div class=\"elementor-element elementor-element-a0ce80b elementor-widget elementor-widget-image\" data-id=\"a0ce80b\" data-element_type=\"widget\" data-e-type=\"widget\" data-widget_type=\"image.default\">\n\t\t\t\t\t\t\t\t\t\t\t\t<figure class=\"wp-caption\">\n\t\t\t\t\t\t\t\t\t\t<img fetchpriority=\"high\" decoding=\"async\" width=\"768\" height=\"764\" src=\"https:\/\/soymigrante.com\/revista\/wp-content\/uploads\/2024\/05\/duke-1024x1019.webp\" class=\"attachment-large size-large wp-image-6547\" alt=\"Estudiante con toga y birrete en campus universitario, posando junto a la gigante figura de &quot;Duke&quot; en un d\u00eda soleado y con cielo despejado, en un entorno acad\u00e9mico y multicultural.\" srcset=\"https:\/\/soymigrante.com\/revista\/wp-content\/uploads\/2024\/05\/duke-1024x1019.webp 1024w, https:\/\/soymigrante.com\/revista\/wp-content\/uploads\/2024\/05\/duke-300x298.webp 300w, https:\/\/soymigrante.com\/revista\/wp-content\/uploads\/2024\/05\/duke-150x150.webp 150w, https:\/\/soymigrante.com\/revista\/wp-content\/uploads\/2024\/05\/duke-768x764.webp 768w, https:\/\/soymigrante.com\/revista\/wp-content\/uploads\/2024\/05\/duke-75x75.webp 75w, https:\/\/soymigrante.com\/revista\/wp-content\/uploads\/2024\/05\/duke-750x746.webp 750w, https:\/\/soymigrante.com\/revista\/wp-content\/uploads\/2024\/05\/duke-1140x1134.webp 1140w, https:\/\/soymigrante.com\/revista\/wp-content\/uploads\/2024\/05\/duke.webp 1191w\" sizes=\"(max-width: 768px) 100vw, 768px\" title=\"Brandon L\u00f3p\u00e9z estudi\u00f3 dos carreras juntas: Ciencias de la Computaci\u00f3n y Psicolog\u00eda en la Universidad de Duke, Carolina del Norte, una de las 10 mejores de Estados Unidos. Aqu\u00ed posa, previo a la graduaci\u00f3n junto a su mam\u00e1, \u00cdngrid y su t\u00edo Neto (Fotograf\u00eda cortes\u00eda \u00cdngrid L\u00f3pez) \u2013 SoyMigrante.com REVISTA\" \/>\t\t\t\t\t\t\t\t\t\t\t<figcaption class=\"widget-image-caption wp-caption-text\">Joven en graduaci\u00f3n con s\u00edmbolo de la universidad Duke en un d\u00eda soleado, mostrando \u00e9xito acad\u00e9mico y oportunidades para migrantes en educaci\u00f3n internacional.<\/figcaption>\n\t\t\t\t\t\t\t\t\t\t<\/figure>\n\t\t\t\t\t\t\t\t\t<\/div>\n\t\t\t\t\t<\/div>\n\t\t<\/div>\n\t\t\t\t\t<\/div>\n\t\t<\/section>\n\t\t\t\t<section data-particle_enable=\"false\" data-particle-mobile-disabled=\"false\" class=\"elementor-section elementor-top-section elementor-element elementor-element-b8a933c elementor-section-boxed elementor-section-height-default elementor-section-height-default\" data-id=\"b8a933c\" data-element_type=\"section\" data-e-type=\"section\">\n\t\t\t\t\t\t<div class=\"elementor-container elementor-column-gap-default\">\n\t\t\t\t\t<div class=\"elementor-column elementor-col-100 elementor-top-column elementor-element elementor-element-a1ab830\" data-id=\"a1ab830\" data-element_type=\"column\" data-e-type=\"column\">\n\t\t\t<div class=\"elementor-widget-wrap elementor-element-populated\">\n\t\t\t\t\t\t<div class=\"elementor-element elementor-element-2ae3fd6 elementor-widget elementor-widget-heading\" data-id=\"2ae3fd6\" data-element_type=\"widget\" data-e-type=\"widget\" data-widget_type=\"heading.default\">\n\t\t\t\t\t<h3 class=\"elementor-heading-title elementor-size-default\">-\u00bfY es cierto que te vas a Microsoft, Brandon? <\/h3>\t\t\t\t<\/div>\n\t\t\t\t\t<\/div>\n\t\t<\/div>\n\t\t\t\t\t<\/div>\n\t\t<\/section>\n\t\t\t\t<section data-particle_enable=\"false\" data-particle-mobile-disabled=\"false\" class=\"elementor-section elementor-top-section elementor-element elementor-element-cc94afe elementor-section-boxed elementor-section-height-default elementor-section-height-default\" data-id=\"cc94afe\" data-element_type=\"section\" data-e-type=\"section\">\n\t\t\t\t\t\t<div class=\"elementor-container elementor-column-gap-default\">\n\t\t\t\t\t<div class=\"elementor-column elementor-col-100 elementor-top-column elementor-element elementor-element-38a617c\" data-id=\"38a617c\" data-element_type=\"column\" data-e-type=\"column\">\n\t\t\t<div class=\"elementor-widget-wrap elementor-element-populated\">\n\t\t\t\t\t\t<div class=\"elementor-element elementor-element-5f40eab elementor-widget elementor-widget-text-editor\" data-id=\"5f40eab\" data-element_type=\"widget\" data-e-type=\"widget\" data-widget_type=\"text-editor.default\">\n\t\t\t\t\t\t\t\t\t<p><span style=\"color: var( --e-global-color-text );\">&#8220;\u00a1Si\u00ed! Desde el a\u00f1o pasado estaba aplicando para diferentes lugares para tener un internship (interinato o pr\u00e1ctica)&nbsp; y apliqu\u00e9 para Microsoft, un gigante de la computaci\u00f3n. Pas\u00e9 dos rondas de entrevistas. Me aceptaron y estuve ah\u00ed tres meses&#8221;.&nbsp;<\/span><\/p>\n<p><span style=\"color: var( --e-global-color-text );\">&#8220;Ahora que ya estoy graduado en Computer Science me dan la oportunidad de trabajar all\u00ed full time en software engeneering (ingenier\u00eda de programaci\u00f3n). Mucha gente aplica y tiene que esperar mucho tiempo para entrar, entonces para m\u00ed es una emoci\u00f3n poder trabajar all\u00ed justo despu\u00e9s de graduarme&#8221;<\/span><\/p><h3><br><\/h3>\t\t\t\t\t\t\t\t<\/div>\n\t\t\t\t\t<\/div>\n\t\t<\/div>\n\t\t\t\t\t<\/div>\n\t\t<\/section>\n\t\t\t\t<section data-particle_enable=\"false\" data-particle-mobile-disabled=\"false\" class=\"elementor-section elementor-top-section elementor-element elementor-element-8128b77 elementor-section-boxed elementor-section-height-default elementor-section-height-default\" data-id=\"8128b77\" data-element_type=\"section\" data-e-type=\"section\">\n\t\t\t\t\t\t<div class=\"elementor-container elementor-column-gap-default\">\n\t\t\t\t\t<div class=\"elementor-column elementor-col-100 elementor-top-column elementor-element elementor-element-8b34c6d\" data-id=\"8b34c6d\" data-element_type=\"column\" data-e-type=\"column\">\n\t\t\t<div class=\"elementor-widget-wrap elementor-element-populated\">\n\t\t\t\t\t\t<div class=\"elementor-element elementor-element-395e494 elementor-widget elementor-widget-image\" data-id=\"395e494\" data-element_type=\"widget\" data-e-type=\"widget\" data-widget_type=\"image.default\">\n\t\t\t\t\t\t\t\t\t\t\t\t\t\t\t<img decoding=\"async\" width=\"768\" height=\"403\" src=\"https:\/\/soymigrante.com\/revista\/wp-content\/uploads\/2024\/05\/4-agosto-2023-microsoft-1024x537.webp\" class=\"attachment-large size-large wp-image-6548\" alt=\"Microsoft logo en un entorno al aire libre con personas disfrutando, en una imagen que refleja innovaci\u00f3n y tecnolog\u00eda en el \u00e1mbito laboral.\" srcset=\"https:\/\/soymigrante.com\/revista\/wp-content\/uploads\/2024\/05\/4-agosto-2023-microsoft-1024x537.webp 1024w, https:\/\/soymigrante.com\/revista\/wp-content\/uploads\/2024\/05\/4-agosto-2023-microsoft-300x157.webp 300w, https:\/\/soymigrante.com\/revista\/wp-content\/uploads\/2024\/05\/4-agosto-2023-microsoft-768x403.webp 768w, https:\/\/soymigrante.com\/revista\/wp-content\/uploads\/2024\/05\/4-agosto-2023-microsoft-750x393.webp 750w, https:\/\/soymigrante.com\/revista\/wp-content\/uploads\/2024\/05\/4-agosto-2023-microsoft.webp 1121w\" sizes=\"(max-width: 768px) 100vw, 768px\" title=\"Fotograf\u00eda de agosto de 2023 cuando Brandon L\u00f3pez hizo el interinato de verano en la central de Microsoft, en Seattle, Washington. (Fotograf\u00eda Ingrid L\u00f3pez) \u2013 SoyMigrante.com REVISTA\" \/>\t\t\t\t\t\t\t\t\t\t\t\t\t\t\t<\/div>\n\t\t\t\t\t<\/div>\n\t\t<\/div>\n\t\t\t\t\t<\/div>\n\t\t<\/section>\n\t\t\t\t<section data-particle_enable=\"false\" data-particle-mobile-disabled=\"false\" class=\"elementor-section elementor-top-section elementor-element elementor-element-46a256a elementor-section-boxed elementor-section-height-default elementor-section-height-default\" data-id=\"46a256a\" data-element_type=\"section\" data-e-type=\"section\">\n\t\t\t\t\t\t<div class=\"elementor-container elementor-column-gap-default\">\n\t\t\t\t\t<div class=\"elementor-column elementor-col-100 elementor-top-column elementor-element elementor-element-f38b48c\" data-id=\"f38b48c\" data-element_type=\"column\" data-e-type=\"column\">\n\t\t\t<div class=\"elementor-widget-wrap elementor-element-populated\">\n\t\t\t\t\t\t<div class=\"elementor-element elementor-element-d27ef58 elementor-widget elementor-widget-heading\" data-id=\"d27ef58\" data-element_type=\"widget\" data-e-type=\"widget\" data-widget_type=\"heading.default\">\n\t\t\t\t\t<h3 class=\"elementor-heading-title elementor-size-default\">\u00bfY por qu\u00e9 estudiaste Psicolog\u00eda?<\/h3>\t\t\t\t<\/div>\n\t\t\t\t\t<\/div>\n\t\t<\/div>\n\t\t\t\t\t<\/div>\n\t\t<\/section>\n\t\t\t\t<section data-particle_enable=\"false\" data-particle-mobile-disabled=\"false\" class=\"elementor-section elementor-top-section elementor-element elementor-element-ccb4e44 elementor-section-boxed elementor-section-height-default elementor-section-height-default\" data-id=\"ccb4e44\" data-element_type=\"section\" data-e-type=\"section\">\n\t\t\t\t\t\t<div class=\"elementor-container elementor-column-gap-default\">\n\t\t\t\t\t<div class=\"elementor-column elementor-col-100 elementor-top-column elementor-element elementor-element-6eb8993\" data-id=\"6eb8993\" data-element_type=\"column\" data-e-type=\"column\">\n\t\t\t<div class=\"elementor-widget-wrap elementor-element-populated\">\n\t\t\t\t\t\t<div class=\"elementor-element elementor-element-29a9d26 elementor-widget elementor-widget-text-editor\" data-id=\"29a9d26\" data-element_type=\"widget\" data-e-type=\"widget\" data-widget_type=\"text-editor.default\">\n\t\t\t\t\t\t\t\t\t<p><span style=\"color: var( --e-global-color-text );\">Mi primera intenci\u00f3n fue esa carrera. En realidad quer\u00eda ser psiquiatra. Pero hab\u00eda que llevar la carrera de Medicina. Entonces empec\u00e9 por Psicolog\u00eda. Siempre me ha fascinado el cerebro humano, sus funciones, la conducta&#8230;<\/span><\/p><p>La computaci\u00f3n era otra inquietud. Desde que me compraron mi primera computadora, esta a veces no funcionaba o fallaba y ten\u00eda que ponerme a repararla. Y la reparaba. Luego en el college recib\u00ed un curso de Programaci\u00f3n y me fascin\u00f3. Me encant\u00f3. Era un lenguaje universal abierto a las posibilidades. Y ahora con toda la investigaci\u00f3n en inteligencia artificial como que se dan la mano las dos cosas.<\/p>\t\t\t\t\t\t\t\t<\/div>\n\t\t\t\t\t<\/div>\n\t\t<\/div>\n\t\t\t\t\t<\/div>\n\t\t<\/section>\n\t\t\t\t<section data-particle_enable=\"false\" data-particle-mobile-disabled=\"false\" class=\"elementor-section elementor-top-section elementor-element elementor-element-5e8ca0b elementor-section-boxed elementor-section-height-default elementor-section-height-default\" data-id=\"5e8ca0b\" data-element_type=\"section\" data-e-type=\"section\">\n\t\t\t\t\t\t<div class=\"elementor-container elementor-column-gap-default\">\n\t\t\t\t\t<div class=\"elementor-column elementor-col-100 elementor-top-column elementor-element elementor-element-f068019\" data-id=\"f068019\" data-element_type=\"column\" data-e-type=\"column\">\n\t\t\t<div class=\"elementor-widget-wrap elementor-element-populated\">\n\t\t\t\t\t\t<div class=\"elementor-element elementor-element-74588a6 elementor-widget elementor-widget-heading\" data-id=\"74588a6\" data-element_type=\"widget\" data-e-type=\"widget\" data-widget_type=\"heading.default\">\n\t\t\t\t\t<h3 class=\"elementor-heading-title elementor-size-default\">Creci\u00f3 en Meza, Arizona<\/h3>\t\t\t\t<\/div>\n\t\t\t\t\t<\/div>\n\t\t<\/div>\n\t\t\t\t\t<\/div>\n\t\t<\/section>\n\t\t\t\t<section data-particle_enable=\"false\" data-particle-mobile-disabled=\"false\" class=\"elementor-section elementor-top-section elementor-element elementor-element-0c99b30 elementor-section-boxed elementor-section-height-default elementor-section-height-default\" data-id=\"0c99b30\" data-element_type=\"section\" data-e-type=\"section\">\n\t\t\t\t\t\t<div class=\"elementor-container elementor-column-gap-default\">\n\t\t\t\t\t<div class=\"elementor-column elementor-col-100 elementor-top-column elementor-element elementor-element-df90ef9\" data-id=\"df90ef9\" data-element_type=\"column\" data-e-type=\"column\">\n\t\t\t<div class=\"elementor-widget-wrap elementor-element-populated\">\n\t\t\t\t\t\t<div class=\"elementor-element elementor-element-4866494 elementor-widget elementor-widget-text-editor\" data-id=\"4866494\" data-element_type=\"widget\" data-e-type=\"widget\" data-widget_type=\"text-editor.default\">\n\t\t\t\t\t\t\t\t\t<p>\u00a0 Brandon naci\u00f3 en 2002 y tiene la doble nacionalidad: es guatemalteco y estadounidense. Ingrid trabaj\u00f3 como babysitter, luego en lavander\u00eda y restaurantes. Por ser madre sola, a veces no ten\u00eda con qui\u00e9n dejarlo y se lo llevaba al trabajo.<\/p><p>&#8220;Trabajaba en una lavander\u00eda y le dec\u00eda: cuando mires que viene el due\u00f1o, ac\u00e9rcate a alguna familia que est\u00e9 por all\u00ed para que no te note. Y as\u00ed lo hac\u00eda. Nos funcion\u00f3 muchas veces&#8230; hasta que una vez nos descubrieron. Brandon ten\u00eda 4 a\u00f1os. A m\u00ed se me part\u00eda el alma de que tuviera que pasar esos momentos&#8230; pero ganaba muy poco y si pagaba babysitter (ni\u00f1era) no me quedaba para pagar el apartamento y la comida.\u00a0<\/p><p>-\u00bfTe acuerdas Brandon?<br \/><span style=\"color: var( --e-global-color-text );\">-S\u00ed, me acuerdo que ten\u00eda un Gameboy y me manten\u00eda jugando por all\u00ed, casi para que no me vieran. Despu\u00e9s fue en un restaurante. Me dejabas coloreando mi cuaderno en una mesa y me encargabas que me estuviera solo all\u00ed, que no me moviera. Y as\u00ed lo hac\u00eda. (\u00cdngrid se sorprende de que \u00e9l se recuerde)<\/span><\/p><div>\u00a0<\/div>\t\t\t\t\t\t\t\t<\/div>\n\t\t\t\t\t<\/div>\n\t\t<\/div>\n\t\t\t\t\t<\/div>\n\t\t<\/section>\n\t\t\t\t<section data-particle_enable=\"false\" data-particle-mobile-disabled=\"false\" class=\"elementor-section elementor-top-section elementor-element elementor-element-afe63e3 elementor-section-boxed elementor-section-height-default elementor-section-height-default\" data-id=\"afe63e3\" data-element_type=\"section\" data-e-type=\"section\">\n\t\t\t\t\t\t<div class=\"elementor-container elementor-column-gap-default\">\n\t\t\t\t\t<div class=\"elementor-column elementor-col-100 elementor-top-column elementor-element elementor-element-962ee67\" data-id=\"962ee67\" data-element_type=\"column\" data-e-type=\"column\">\n\t\t\t<div class=\"elementor-widget-wrap elementor-element-populated\">\n\t\t\t\t\t\t<div class=\"elementor-element elementor-element-6028b6e elementor-widget elementor-widget-image\" data-id=\"6028b6e\" data-element_type=\"widget\" data-e-type=\"widget\" data-widget_type=\"image.default\">\n\t\t\t\t\t\t\t\t\t\t\t\t<figure class=\"wp-caption\">\n\t\t\t\t\t\t\t\t\t\t<img decoding=\"async\" width=\"768\" height=\"450\" src=\"https:\/\/soymigrante.com\/revista\/wp-content\/uploads\/2024\/05\/brandon-2010-1024x600.webp\" class=\"attachment-large size-large wp-image-6549\" alt=\"Joven ni\u00f1o sentado en el c\u00e9sped con un perro de raza cocker spaniel, disfrutando del aire libre y la compa\u00f1\u00eda canina en un parque.\" srcset=\"https:\/\/soymigrante.com\/revista\/wp-content\/uploads\/2024\/05\/brandon-2010-1024x600.webp 1024w, https:\/\/soymigrante.com\/revista\/wp-content\/uploads\/2024\/05\/brandon-2010-300x176.webp 300w, https:\/\/soymigrante.com\/revista\/wp-content\/uploads\/2024\/05\/brandon-2010-768x450.webp 768w, https:\/\/soymigrante.com\/revista\/wp-content\/uploads\/2024\/05\/brandon-2010-750x439.webp 750w, https:\/\/soymigrante.com\/revista\/wp-content\/uploads\/2024\/05\/brandon-2010-1140x668.webp 1140w, https:\/\/soymigrante.com\/revista\/wp-content\/uploads\/2024\/05\/brandon-2010.webp 1190w\" sizes=\"(max-width: 768px) 100vw, 768px\" title=\"Memorias de infancia. Fotograf\u00eda de Brandon con su mascota en 2010. En aquel tiempo la escuela inform\u00f3 a su mam\u00e1 que \u00e9l ten\u00eda una inteligencia superior. (Fotograf\u00eda Ingrid L\u00f3pez) \u2013 SoyMigrante.com REVISTA\" \/>\t\t\t\t\t\t\t\t\t\t\t<figcaption class=\"widget-image-caption wp-caption-text\">Ni\u00f1o y perro en el parque disfrutando del tiempo juntos en un ambiente familiar y relajado.<\/figcaption>\n\t\t\t\t\t\t\t\t\t\t<\/figure>\n\t\t\t\t\t\t\t\t\t<\/div>\n\t\t\t\t\t<\/div>\n\t\t<\/div>\n\t\t\t\t\t<\/div>\n\t\t<\/section>\n\t\t\t\t<section data-particle_enable=\"false\" data-particle-mobile-disabled=\"false\" class=\"elementor-section elementor-top-section elementor-element elementor-element-662c8ab elementor-section-boxed elementor-section-height-default elementor-section-height-default\" data-id=\"662c8ab\" data-element_type=\"section\" data-e-type=\"section\">\n\t\t\t\t\t\t<div class=\"elementor-container elementor-column-gap-default\">\n\t\t\t\t\t<div class=\"elementor-column elementor-col-100 elementor-top-column elementor-element elementor-element-6acf8db\" data-id=\"6acf8db\" data-element_type=\"column\" data-e-type=\"column\">\n\t\t\t<div class=\"elementor-widget-wrap elementor-element-populated\">\n\t\t\t\t\t\t<div class=\"elementor-element elementor-element-b12faf7 elementor-widget elementor-widget-heading\" data-id=\"b12faf7\" data-element_type=\"widget\" data-e-type=\"widget\" data-widget_type=\"heading.default\">\n\t\t\t\t\t<h3 class=\"elementor-heading-title elementor-size-default\">\"Your son is a gifted boy\" <\/h3>\t\t\t\t<\/div>\n\t\t\t\t\t<\/div>\n\t\t<\/div>\n\t\t\t\t\t<\/div>\n\t\t<\/section>\n\t\t\t\t<section data-particle_enable=\"false\" data-particle-mobile-disabled=\"false\" class=\"elementor-section elementor-top-section elementor-element elementor-element-3ffc70e elementor-section-boxed elementor-section-height-default elementor-section-height-default\" data-id=\"3ffc70e\" data-element_type=\"section\" data-e-type=\"section\">\n\t\t\t\t\t\t<div class=\"elementor-container elementor-column-gap-default\">\n\t\t\t\t\t<div class=\"elementor-column elementor-col-100 elementor-top-column elementor-element elementor-element-9010338\" data-id=\"9010338\" data-element_type=\"column\" data-e-type=\"column\">\n\t\t\t<div class=\"elementor-widget-wrap elementor-element-populated\">\n\t\t\t\t\t\t<div class=\"elementor-element elementor-element-a1a09cd elementor-widget elementor-widget-text-editor\" data-id=\"a1a09cd\" data-element_type=\"widget\" data-e-type=\"widget\" data-widget_type=\"text-editor.default\">\n\t\t\t\t\t\t\t\t\t<p><span style=\"color: var( --e-global-color-text );\">Cuando Brandon ten\u00eda unos 10 a\u00f1os, a Ingrid le avisaron de la Escuela que su hijo esa un &#8220;gifted boy&#8221;, es decir un ni\u00f1o superdotado para el aprendizaje. &#8220;Me sugirieron que hici\u00e9ramos skip level (saltarse de grados), pero yo no quise. Les dije: d\u00e9jenlo que sea ni\u00f1o, que disfrute con compa\u00f1eritos de su edad&#8221;. Siempre contaron con el apoyo de T\u00edo Neto, hermano de Ingrid, quien les apoy\u00f3 con transporte, recursos y es con quien actualmente tienen un emprendimiento de pintura de casas.<\/span><\/p><p>Mientras tanto, en la secundaria Brandon descubri\u00f3 las matem\u00e1ticas y la programaci\u00f3n. Se convirti\u00f3 en una pasi\u00f3n. &#8220;cuando mi computadora marcaba error, era un reto para m\u00ed resolver qu\u00e9 hab\u00eda pasado. Al empezar la carrera de Programaci\u00f3n se sinti\u00f3 como pez en el agua. Pod\u00eda dedicarme a trabajar un problema matem\u00e1tico por seis o siete horas sin parar, con total focus&#8221;.<\/p><p>\u00a0<\/p>\t\t\t\t\t\t\t\t<\/div>\n\t\t\t\t\t<\/div>\n\t\t<\/div>\n\t\t\t\t\t<\/div>\n\t\t<\/section>\n\t\t\t\t<section data-particle_enable=\"false\" data-particle-mobile-disabled=\"false\" class=\"elementor-section elementor-top-section elementor-element elementor-element-f43848d elementor-section-boxed elementor-section-height-default elementor-section-height-default\" data-id=\"f43848d\" data-element_type=\"section\" data-e-type=\"section\">\n\t\t\t\t\t\t<div class=\"elementor-container elementor-column-gap-default\">\n\t\t\t\t\t<div class=\"elementor-column elementor-col-100 elementor-top-column elementor-element elementor-element-323309a\" data-id=\"323309a\" data-element_type=\"column\" data-e-type=\"column\">\n\t\t\t<div class=\"elementor-widget-wrap elementor-element-populated\">\n\t\t\t\t\t\t<div class=\"elementor-element elementor-element-c5be0e3 elementor-widget elementor-widget-image\" data-id=\"c5be0e3\" data-element_type=\"widget\" data-e-type=\"widget\" data-widget_type=\"image.default\">\n\t\t\t\t\t\t\t\t\t\t\t\t<figure class=\"wp-caption\">\n\t\t\t\t\t\t\t\t\t\t<img loading=\"lazy\" decoding=\"async\" width=\"768\" height=\"746\" src=\"https:\/\/soymigrante.com\/revista\/wp-content\/uploads\/2024\/05\/dueks-1024x994.webp\" class=\"attachment-large size-large wp-image-6550\" alt=\"Guatemalteca, celebraci\u00f3n, graduaci\u00f3n, orgullo, migrantes, comunidad, logro acad\u00e9mico, alegr\u00eda, sombrero tradicional, amistad, identidad cultural, cultura guatemalteca, festejo, \u00e9xito acad\u00e9mico, reconocimiento, orgullo nacional.\" srcset=\"https:\/\/soymigrante.com\/revista\/wp-content\/uploads\/2024\/05\/dueks-1024x994.webp 1024w, https:\/\/soymigrante.com\/revista\/wp-content\/uploads\/2024\/05\/dueks-300x291.webp 300w, https:\/\/soymigrante.com\/revista\/wp-content\/uploads\/2024\/05\/dueks-768x745.webp 768w, https:\/\/soymigrante.com\/revista\/wp-content\/uploads\/2024\/05\/dueks-750x728.jpg 750w, https:\/\/soymigrante.com\/revista\/wp-content\/uploads\/2024\/05\/dueks-1140x1106.jpg 1140w, https:\/\/soymigrante.com\/revista\/wp-content\/uploads\/2024\/05\/dueks.webp 1393w\" sizes=\"(max-width: 768px) 100vw, 768px\" title=\"&quot;Mi verdadero diploma es ver la felicidad de mi mam\u00e1, pues ella ha luchado por m\u00ed toda la vida. Un diploma es un papel, pero el amor de ella es un tesoro&quot;, dice Brandon L\u00f3pez. Escena de la graduaci\u00f3n el 12 de mayo en Duke Universitty. &quot;Y me sent\u00ed orgulloso de llevar la bandera de Guatemala en mi graduaci\u00f3n&quot;, agrega. \u2013 SoyMigrante.com REVISTA\" \/>\t\t\t\t\t\t\t\t\t\t\t<figcaption class=\"widget-image-caption wp-caption-text\">\"Mi verdadero diploma es ver la felicidad de mi mam\u00e1, pues ella ha luchado por m\u00ed toda la vida. Un diploma es un papel, pero el amor de ella es un tesoro\", dice Brandon L\u00f3pez. Escena de la graduaci\u00f3n el 12 de mayo en Duke Universitty. \"Y me sent\u00ed orgulloso de llevar la bandera de Guatemala en mi graduaci\u00f3n\", agrega.<\/figcaption>\n\t\t\t\t\t\t\t\t\t\t<\/figure>\n\t\t\t\t\t\t\t\t\t<\/div>\n\t\t\t\t\t<\/div>\n\t\t<\/div>\n\t\t\t\t\t<\/div>\n\t\t<\/section>\n\t\t\t\t<section data-particle_enable=\"false\" data-particle-mobile-disabled=\"false\" class=\"elementor-section elementor-top-section elementor-element elementor-element-bdd7bf7 elementor-section-boxed elementor-section-height-default elementor-section-height-default\" data-id=\"bdd7bf7\" data-element_type=\"section\" data-e-type=\"section\">\n\t\t\t\t\t\t<div class=\"elementor-container elementor-column-gap-default\">\n\t\t\t\t\t<div class=\"elementor-column elementor-col-100 elementor-top-column elementor-element elementor-element-d9f2016\" data-id=\"d9f2016\" data-element_type=\"column\" data-e-type=\"column\">\n\t\t\t<div class=\"elementor-widget-wrap elementor-element-populated\">\n\t\t\t\t\t\t<div class=\"elementor-element elementor-element-a97c975 elementor-widget elementor-widget-heading\" data-id=\"a97c975\" data-element_type=\"widget\" data-e-type=\"widget\" data-widget_type=\"heading.default\">\n\t\t\t\t\t<h3 class=\"elementor-heading-title elementor-size-default\">Esfuerzo y plegarias de una madre<\/h3>\t\t\t\t<\/div>\n\t\t\t\t\t<\/div>\n\t\t<\/div>\n\t\t\t\t\t<\/div>\n\t\t<\/section>\n\t\t\t\t<section data-particle_enable=\"false\" data-particle-mobile-disabled=\"false\" class=\"elementor-section elementor-top-section elementor-element elementor-element-7d6815d elementor-section-boxed elementor-section-height-default elementor-section-height-default\" data-id=\"7d6815d\" data-element_type=\"section\" data-e-type=\"section\">\n\t\t\t\t\t\t<div class=\"elementor-container elementor-column-gap-default\">\n\t\t\t\t\t<div class=\"elementor-column elementor-col-100 elementor-top-column elementor-element elementor-element-2341b4c\" data-id=\"2341b4c\" data-element_type=\"column\" data-e-type=\"column\">\n\t\t\t<div class=\"elementor-widget-wrap elementor-element-populated\">\n\t\t\t\t\t\t<div class=\"elementor-element elementor-element-5ca67d4 elementor-widget elementor-widget-text-editor\" data-id=\"5ca67d4\" data-element_type=\"widget\" data-e-type=\"widget\" data-widget_type=\"text-editor.default\">\n\t\t\t\t\t\t\t\t\t<p><span style=\"color: var( --e-global-color-text );\">A Ingrid le preocupaba c\u00f3mo iba a pagar la universidad. Eran m\u00e1s de 80 mil d\u00f3lares al a\u00f1o. Ella le compart\u00eda su angustia a T\u00edo Neto, pero este siempre le dec\u00eda: Dios nos ayudar\u00e1. Y ella entonces oraba: &#8220;Se\u00f1or, t\u00fa hiciste a Brandon inteligente, entonces ahora me echas la mano para que pueda cultivar esa inteligencia&#8221;.<\/span><\/p><p>Brandon entr\u00f3 a un concurso de becas patrocinadas por Bill Gates. &#8220;Reciben m\u00e1s de 36 mil aplicaciones&#8221;, cuenta \u00e9l mismo. &#8220;De all\u00ed seleccionaron solo 200 y yo segu\u00eda en la lista. Y finalmente me dieron una beca completa&#8221;. (Gracias, gracias, gracias a Dios, exclama Ingrid)<\/p><p>Pero no solo eso. Al solicitar admisi\u00f3n en universidades, Brandon recibi\u00f3 la invitaci\u00f3n de 19 universidades y de ellas se decidi\u00f3 por la Universidad de Duke, catalogada como la n\u00famero 7 de Estados Unidos.\u00a0<\/p>\t\t\t\t\t\t\t\t<\/div>\n\t\t\t\t\t<\/div>\n\t\t<\/div>\n\t\t\t\t\t<\/div>\n\t\t<\/section>\n\t\t\t\t<section data-particle_enable=\"false\" data-particle-mobile-disabled=\"false\" class=\"elementor-section elementor-top-section elementor-element elementor-element-64e377a elementor-section-boxed elementor-section-height-default elementor-section-height-default\" data-id=\"64e377a\" data-element_type=\"section\" data-e-type=\"section\">\n\t\t\t\t\t\t<div class=\"elementor-container elementor-column-gap-default\">\n\t\t\t\t\t<div class=\"elementor-column elementor-col-100 elementor-top-column elementor-element elementor-element-580b11a\" data-id=\"580b11a\" data-element_type=\"column\" data-e-type=\"column\">\n\t\t\t<div class=\"elementor-widget-wrap elementor-element-populated\">\n\t\t\t\t\t\t<div class=\"elementor-element elementor-element-28d63cf elementor-widget elementor-widget-heading\" data-id=\"28d63cf\" data-element_type=\"widget\" data-e-type=\"widget\" data-widget_type=\"heading.default\">\n\t\t\t\t\t<h3 class=\"elementor-heading-title elementor-size-default\">\"Mi verdadero diploma es que ella est\u00e9 feliz\" <\/h3>\t\t\t\t<\/div>\n\t\t\t\t\t<\/div>\n\t\t<\/div>\n\t\t\t\t\t<\/div>\n\t\t<\/section>\n\t\t\t\t<section data-particle_enable=\"false\" data-particle-mobile-disabled=\"false\" class=\"elementor-section elementor-top-section elementor-element elementor-element-5f4296d elementor-section-boxed elementor-section-height-default elementor-section-height-default\" data-id=\"5f4296d\" data-element_type=\"section\" data-e-type=\"section\">\n\t\t\t\t\t\t<div class=\"elementor-container elementor-column-gap-default\">\n\t\t\t\t\t<div class=\"elementor-column elementor-col-100 elementor-top-column elementor-element elementor-element-ae24cbf\" data-id=\"ae24cbf\" data-element_type=\"column\" data-e-type=\"column\">\n\t\t\t<div class=\"elementor-widget-wrap elementor-element-populated\">\n\t\t\t\t\t\t<div class=\"elementor-element elementor-element-3ec156a elementor-widget elementor-widget-text-editor\" data-id=\"3ec156a\" data-element_type=\"widget\" data-e-type=\"widget\" data-widget_type=\"text-editor.default\">\n\t\t\t\t\t\t\t\t\t<p><span style=\"color: var( --e-global-color-text );\">Los a\u00f1os universitarios volaron entre libros, pantallas, laboratorios, largos ex\u00e1menes bien superados y de pronto era el d\u00eda de la graduaci\u00f3n.\u00a0<\/span><\/p><p>&#8220;Yo llore tanto desde dos d\u00edas antes&#8230; pero tambi\u00e9n desde semanas antes. Trat\u00e9 de mantener la calma, pero el d\u00eda que me mand\u00f3 las fotos que se hab\u00eda tomado con la bandera de Guatemala y eso a m\u00ed me derriti\u00f3. Yo me puse a llorar largamente&#8221;, relata Ingrid quien asisti\u00f3 a las dos graduaciones: la de Psicolog\u00eda y la de Computaci\u00f3n.<\/p><p>Brandon:\u00a0<span style=\"color: var( --e-global-color-text );\">&#8220;YO le hago broma a Mam\u00e1 porque ella lloraba cada vez que volv\u00eda de vacaciones y cuando me iba. Siempre llora. Y le dije, para la graduaci\u00f3n c\u00f3mprate maquillaje waterproof (a prueba de agua) por si lloras&#8221; (r\u00ede)&#8221;<\/span><\/p><p>&#8220;Pero yo al tener el diploma en la mano, pens\u00e9 que el verdadero orgullo para m\u00ed es ver a mi madre feliz. Un diploma es solo un pedazo de papel, pero el amor, el esfuerzo y el sacrificio de ella por m\u00ed eso es algo \u00fanico&#8221;.<\/p><p>&#8220;Adem\u00e1s, en esas fotos con mi bandera de Guatemala: yo soy guatemalteco, quiero mostrar que lo soy. Y por eso en las fotos me veo orgulloso porque me siento orgulloso. Me encanta decir que soy guatemalteco, porque es parte de mi ser&#8221;.<\/p><div>\u00a0<\/div>\t\t\t\t\t\t\t\t<\/div>\n\t\t\t\t\t<\/div>\n\t\t<\/div>\n\t\t\t\t\t<\/div>\n\t\t<\/section>\n\t\t\t\t<section data-particle_enable=\"false\" data-particle-mobile-disabled=\"false\" class=\"elementor-section elementor-top-section elementor-element elementor-element-1275ec7 elementor-section-boxed elementor-section-height-default elementor-section-height-default\" data-id=\"1275ec7\" data-element_type=\"section\" data-e-type=\"section\">\n\t\t\t\t\t\t<div class=\"elementor-container elementor-column-gap-default\">\n\t\t\t\t\t<div class=\"elementor-column elementor-col-100 elementor-top-column elementor-element elementor-element-00cf058\" data-id=\"00cf058\" data-element_type=\"column\" data-e-type=\"column\">\n\t\t\t<div class=\"elementor-widget-wrap elementor-element-populated\">\n\t\t\t\t\t\t<div class=\"elementor-element elementor-element-851b691 elementor-widget elementor-widget-heading\" data-id=\"851b691\" data-element_type=\"widget\" data-e-type=\"widget\" data-widget_type=\"heading.default\">\n\t\t\t\t\t<h3 class=\"elementor-heading-title elementor-size-default\">Im\u00e1genes que hablan por s\u00ed solas...<\/h3>\t\t\t\t<\/div>\n\t\t\t\t\t<\/div>\n\t\t<\/div>\n\t\t\t\t\t<\/div>\n\t\t<\/section>\n\t\t\t\t<section data-particle_enable=\"false\" data-particle-mobile-disabled=\"false\" class=\"elementor-section elementor-top-section elementor-element elementor-element-8a25b85 elementor-section-boxed elementor-section-height-default elementor-section-height-default\" data-id=\"8a25b85\" data-element_type=\"section\" data-e-type=\"section\">\n\t\t\t\t\t\t<div class=\"elementor-container elementor-column-gap-default\">\n\t\t\t\t\t<div class=\"elementor-column elementor-col-100 elementor-top-column elementor-element elementor-element-395c29b\" data-id=\"395c29b\" data-element_type=\"column\" data-e-type=\"column\">\n\t\t\t<div class=\"elementor-widget-wrap elementor-element-populated\">\n\t\t\t\t\t\t<div class=\"elementor-element elementor-element-fe590b1 elementor-arrows-position-inside elementor-pagination-position-outside elementor-widget elementor-widget-image-carousel\" data-id=\"fe590b1\" data-element_type=\"widget\" data-e-type=\"widget\" data-settings=\"{&quot;slides_to_show&quot;:&quot;1&quot;,&quot;autoplay_speed&quot;:1000,&quot;navigation&quot;:&quot;both&quot;,&quot;autoplay&quot;:&quot;yes&quot;,&quot;pause_on_hover&quot;:&quot;yes&quot;,&quot;pause_on_interaction&quot;:&quot;yes&quot;,&quot;infinite&quot;:&quot;yes&quot;,&quot;effect&quot;:&quot;slide&quot;,&quot;speed&quot;:500}\" data-widget_type=\"image-carousel.default\">\n\t\t\t\t\t\t\t<div class=\"elementor-image-carousel-wrapper swiper\" role=\"region\" aria-roledescription=\"carousel\" aria-label=\"Carrusel de im\u00e1genes\" dir=\"ltr\">\n\t\t\t<div class=\"elementor-image-carousel swiper-wrapper swiper-image-stretch\" aria-live=\"off\">\n\t\t\t\t\t\t\t\t<div class=\"swiper-slide\" role=\"group\" aria-roledescription=\"slide\" aria-label=\"1 de 4\"><figure class=\"swiper-slide-inner\"><img decoding=\"async\" class=\"swiper-slide-image\" src=\"https:\/\/soymigrante.com\/revista\/wp-content\/uploads\/2024\/05\/436410426_963116439148989_1638490204665142166_n-e1716320117407-768x1024.webp\" alt=\"Migrante con bandera de Guatemala en una calle, s\u00edmbolo de identidad y orgullo de la comunidad migrante guatemalteca en movimiento.\" \/><\/figure><\/div><div class=\"swiper-slide\" role=\"group\" aria-roledescription=\"slide\" aria-label=\"2 de 4\"><figure class=\"swiper-slide-inner\"><img decoding=\"async\" class=\"swiper-slide-image\" src=\"https:\/\/soymigrante.com\/revista\/wp-content\/uploads\/2024\/05\/441604733_963116575815642_8325424252198978543_n-e1716320309446-715x1024.webp\" alt=\"Estudiante graduado en capucha con t\u00edtulo en mano en un campus universitario con catedral en el fondo, s\u00edmbolo de \u00e9xito acad\u00e9mico y oportunidades para inmigrantes y estudiantes internacionales.\" \/><\/figure><\/div><div class=\"swiper-slide\" role=\"group\" aria-roledescription=\"slide\" aria-label=\"3 de 4\"><figure class=\"swiper-slide-inner\"><img decoding=\"async\" class=\"swiper-slide-image\" src=\"https:\/\/soymigrante.com\/revista\/wp-content\/uploads\/2024\/05\/436342870_963116242482342_1295427208029860851_n-e1716320220783-753x1024.webp\" alt=\"Estudiante con toga y gafas sosteniendo la bandera de Guatemala en un parque, simbolizando orgullo y \u00e9xito en el \u00e1mbito estudiantil y migratorio.\" \/><\/figure><\/div><div class=\"swiper-slide\" role=\"group\" aria-roledescription=\"slide\" aria-label=\"4 de 4\"><figure class=\"swiper-slide-inner\"><img decoding=\"async\" class=\"swiper-slide-image\" src=\"https:\/\/soymigrante.com\/revista\/wp-content\/uploads\/2024\/05\/442463982_963116502482316_6226930921436546150_n-1-665x1024.webp\" alt=\"Estudiante graduado en ceremonia de graduaci\u00f3n, intercambiando sonrisas con una figura femenina, en un entorno al aire libre con \u00e1rboles verdes.\" \/><\/figure><\/div>\t\t\t<\/div>\n\t\t\t\t\t\t\t\t\t\t\t\t<div class=\"elementor-swiper-button elementor-swiper-button-prev\" role=\"button\" tabindex=\"0\">\n\t\t\t\t\t\t<i aria-hidden=\"true\" class=\"eicon-chevron-left\"><\/i>\t\t\t\t\t<\/div>\n\t\t\t\t\t<div class=\"elementor-swiper-button elementor-swiper-button-next\" role=\"button\" tabindex=\"0\">\n\t\t\t\t\t\t<i aria-hidden=\"true\" class=\"eicon-chevron-right\"><\/i>\t\t\t\t\t<\/div>\n\t\t\t\t\n\t\t\t\t\t\t\t\t\t<div class=\"swiper-pagination\"><\/div>\n\t\t\t\t\t\t\t\t\t<\/div>\n\t\t\t\t\t\t<\/div>\n\t\t\t\t\t<\/div>\n\t\t<\/div>\n\t\t\t\t\t<\/div>\n\t\t<\/section>\n\t\t\t\t<section data-particle_enable=\"false\" data-particle-mobile-disabled=\"false\" class=\"elementor-section elementor-top-section elementor-element elementor-element-1980c44 elementor-section-boxed elementor-section-height-default elementor-section-height-default\" data-id=\"1980c44\" data-element_type=\"section\" data-e-type=\"section\">\n\t\t\t\t\t\t<div class=\"elementor-container elementor-column-gap-default\">\n\t\t\t\t\t<div class=\"elementor-column elementor-col-100 elementor-top-column elementor-element elementor-element-0e6bb08\" data-id=\"0e6bb08\" data-element_type=\"column\" data-e-type=\"column\">\n\t\t\t<div class=\"elementor-widget-wrap elementor-element-populated\">\n\t\t\t\t\t\t<div class=\"elementor-element elementor-element-4ca6def elementor-widget elementor-widget-heading\" data-id=\"4ca6def\" data-element_type=\"widget\" data-e-type=\"widget\" data-widget_type=\"heading.default\">\n\t\t\t\t\t<h3 class=\"elementor-heading-title elementor-size-default\">El consejo de Brandon <\/h3>\t\t\t\t<\/div>\n\t\t\t\t\t<\/div>\n\t\t<\/div>\n\t\t\t\t\t<\/div>\n\t\t<\/section>\n\t\t\t\t<section data-particle_enable=\"false\" data-particle-mobile-disabled=\"false\" class=\"elementor-section elementor-top-section elementor-element elementor-element-868a4d0 elementor-section-boxed elementor-section-height-default elementor-section-height-default\" data-id=\"868a4d0\" data-element_type=\"section\" data-e-type=\"section\">\n\t\t\t\t\t\t<div class=\"elementor-container elementor-column-gap-default\">\n\t\t\t\t\t<div class=\"elementor-column elementor-col-100 elementor-top-column elementor-element elementor-element-bb8998e\" data-id=\"bb8998e\" data-element_type=\"column\" data-e-type=\"column\">\n\t\t\t<div class=\"elementor-widget-wrap elementor-element-populated\">\n\t\t\t\t\t\t<div class=\"elementor-element elementor-element-5b57fe8 elementor-widget elementor-widget-text-editor\" data-id=\"5b57fe8\" data-element_type=\"widget\" data-e-type=\"widget\" data-widget_type=\"text-editor.default\">\n\t\t\t\t\t\t\t\t\t<p><span style=\"color: var( --e-global-color-text );\">Finalmente, Brandon aconseja a los j\u00f3venes que a\u00fan no se deciden si estudiar o no una carrera:<i> &#8220;<b>An\u00edmense, entren al College aunque no sepan a\u00fan bien lo que quieren. All\u00ed se les aclara la mente y descubrir\u00e1n un mundo de posibilidades. No se pongan barreras ni miedos imaginarios. Avancen y crezcan porque es el mejor premio para el esfuerzo de sus padres&#8221;.<\/b><\/i><\/span><\/p><p><span style=\"color: var( --e-global-color-text );\">Y al excucharlo pienso: <br \/>&#8220;En verdad Brandon es un genio y no solo para las matem\u00e1ticas&#8221;.<\/span><\/p>\t\t\t\t\t\t\t\t<\/div>\n\t\t\t\t\t<\/div>\n\t\t<\/div>\n\t\t\t\t\t<\/div>\n\t\t<\/section>\n\t\t\t\t<section data-particle_enable=\"false\" data-particle-mobile-disabled=\"false\" class=\"elementor-section elementor-top-section elementor-element elementor-element-d83c45a elementor-section-boxed elementor-section-height-default elementor-section-height-default\" data-id=\"d83c45a\" data-element_type=\"section\" data-e-type=\"section\">\n\t\t\t\t\t\t<div class=\"elementor-container elementor-column-gap-default\">\n\t\t\t\t\t<div class=\"elementor-column elementor-col-100 elementor-top-column elementor-element elementor-element-1f263c9\" data-id=\"1f263c9\" data-element_type=\"column\" data-e-type=\"column\">\n\t\t\t<div class=\"elementor-widget-wrap elementor-element-populated\">\n\t\t\t\t\t\t<div class=\"elementor-element elementor-element-79d3edf elementor-widget elementor-widget-heading\" data-id=\"79d3edf\" data-element_type=\"widget\" data-e-type=\"widget\" data-widget_type=\"heading.default\">\n\t\t\t\t\t<h2 class=\"elementor-heading-title elementor-size-default\">Los migrantes son inspiraci\u00f3n<\/h2>\t\t\t\t<\/div>\n\t\t\t\t\t<\/div>\n\t\t<\/div>\n\t\t\t\t\t<\/div>\n\t\t<\/section>\n\t\t\t\t<section data-particle_enable=\"false\" data-particle-mobile-disabled=\"false\" class=\"elementor-section elementor-top-section elementor-element elementor-element-5d3b9b3 elementor-section-boxed elementor-section-height-default elementor-section-height-default\" data-id=\"5d3b9b3\" data-element_type=\"section\" data-e-type=\"section\">\n\t\t\t\t\t\t<div class=\"elementor-container elementor-column-gap-default\">\n\t\t\t\t\t<div class=\"elementor-column elementor-col-100 elementor-top-column elementor-element elementor-element-ee0ab05\" data-id=\"ee0ab05\" data-element_type=\"column\" data-e-type=\"column\">\n\t\t\t<div class=\"elementor-widget-wrap elementor-element-populated\">\n\t\t\t\t\t\t<div class=\"elementor-element elementor-element-37ba19a elementor-grid-eael-col-4 elementor-grid-tablet-eael-col-2 elementor-grid-mobile-eael-col-1 elementor-widget elementor-widget-eael-post-grid\" data-id=\"37ba19a\" data-element_type=\"widget\" data-e-type=\"widget\" data-settings=\"{&quot;eael_post_grid_columns&quot;:&quot;eael-col-4&quot;,&quot;eael_post_grid_columns_tablet&quot;:&quot;eael-col-2&quot;,&quot;eael_post_grid_columns_mobile&quot;:&quot;eael-col-1&quot;}\" data-widget_type=\"eael-post-grid.default\">\n\t\t\t\t\t<div id=\"eael-post-grid-37ba19a\" class=\"eael-post-grid-container\">\n            <div class=\"eael-post-grid eael-post-appender eael-post-appender-37ba19a eael-post-grid-style-one\" data-layout-mode=\"masonry\"><article class=\"eael-grid-post  eael-post-grid-column eael-pg-post-6481 category-exitos\" data-id=\"6481\">\n        <div class=\"eael-grid-post-holder\">\n            <div class=\"eael-grid-post-holder-inner\"><div class=\"eael-entry-media\"><div class=\"eael-entry-overlay fade-in\"><i class=\"fas fa-long-arrow-alt-right\" aria-hidden=\"true\"><\/i><a href=\"https:\/\/soymigrante.com\/revista\/se-gradua-de-medica-hija-de-migrantes-guatemaltecos-en-oklahoma\/\"><\/a><\/div><div class=\"eael-entry-thumbnail \">\n                <img loading=\"lazy\" decoding=\"async\" width=\"715\" height=\"688\" src=\"https:\/\/soymigrante.com\/revista\/wp-content\/uploads\/2024\/05\/Captura-de-pantalla-2024-05-17-112020.webp\" class=\"attachment-large size-large wp-image-6482\" alt=\"Graduaci\u00f3n de inmigrantes en evento cultural con tradici\u00f3n, orgullo y diversidad en la comunidad migrante.\" srcset=\"https:\/\/soymigrante.com\/revista\/wp-content\/uploads\/2024\/05\/Captura-de-pantalla-2024-05-17-112020.webp 715w, https:\/\/soymigrante.com\/revista\/wp-content\/uploads\/2024\/05\/Captura-de-pantalla-2024-05-17-112020-300x289.webp 300w\" sizes=\"(max-width: 715px) 100vw, 715px\" \/>\n            <\/div>\n        <\/div><div class=\"eael-entry-wrapper\"><header class=\"eael-entry-header\"><h2 class=\"eael-entry-title\"><a class=\"eael-grid-post-link\" href=\"https:\/\/soymigrante.com\/revista\/se-gradua-de-medica-hija-de-migrantes-guatemaltecos-en-oklahoma\/\" title=\"Se grad\u00faa de m\u00e9dica hija de migrantes guatemaltecos en Oklahoma\">Se grad\u00faa de m\u00e9dica hija de migrantes guatemaltecos en Oklahoma<\/a><\/h2><\/header><\/div><\/div>\n        <\/div>\n    <\/article><article class=\"eael-grid-post  eael-post-grid-column eael-pg-post-5160 category-exitos\" data-id=\"5160\">\n        <div class=\"eael-grid-post-holder\">\n            <div class=\"eael-grid-post-holder-inner\"><div class=\"eael-entry-media\"><div class=\"eael-entry-overlay fade-in\"><i class=\"fas fa-long-arrow-alt-right\" aria-hidden=\"true\"><\/i><a href=\"https:\/\/soymigrante.com\/revista\/willy-barreno-ayuda-migrantes-quetzaltenango-proyecto\/\"><\/a><\/div><div class=\"eael-entry-thumbnail \">\n                <img loading=\"lazy\" decoding=\"async\" width=\"1024\" height=\"768\" src=\"https:\/\/soymigrante.com\/revista\/wp-content\/uploads\/2024\/03\/Chef-Willy-Barreno-3-1024x768.webp\" class=\"attachment-large size-large wp-image-5186\" alt=\"\" srcset=\"https:\/\/soymigrante.com\/revista\/wp-content\/uploads\/2024\/03\/Chef-Willy-Barreno-3-1024x768.webp 1024w, https:\/\/soymigrante.com\/revista\/wp-content\/uploads\/2024\/03\/Chef-Willy-Barreno-3-300x225.webp 300w, https:\/\/soymigrante.com\/revista\/wp-content\/uploads\/2024\/03\/Chef-Willy-Barreno-3-768x576.webp 768w, https:\/\/soymigrante.com\/revista\/wp-content\/uploads\/2024\/03\/Chef-Willy-Barreno-3-750x563.webp 750w, https:\/\/soymigrante.com\/revista\/wp-content\/uploads\/2024\/03\/Chef-Willy-Barreno-3-1140x855.webp 1140w, https:\/\/soymigrante.com\/revista\/wp-content\/uploads\/2024\/03\/Chef-Willy-Barreno-3.webp 1440w\" sizes=\"(max-width: 1024px) 100vw, 1024px\" \/>\n            <\/div>\n        <\/div><div class=\"eael-entry-wrapper\"><header class=\"eael-entry-header\"><h2 class=\"eael-entry-title\"><a class=\"eael-grid-post-link\" href=\"https:\/\/soymigrante.com\/revista\/willy-barreno-ayuda-migrantes-quetzaltenango-proyecto\/\" title=\"Willy Barreno: chef migrante ayuda a migrantes en su propia tierra\">Willy Barreno: chef migrante ayuda a migrantes en su propia tierra<\/a><\/h2><\/header><\/div><\/div>\n        <\/div>\n    <\/article><article class=\"eael-grid-post  eael-post-grid-column eael-pg-post-1427 category-exitos-guatemala tags-montana\" data-id=\"1427\">\n        <div class=\"eael-grid-post-holder\">\n            <div class=\"eael-grid-post-holder-inner\"><div class=\"eael-entry-media\"><div class=\"eael-entry-overlay fade-in\"><i class=\"fas fa-long-arrow-alt-right\" aria-hidden=\"true\"><\/i><a href=\"https:\/\/soymigrante.com\/revista\/walter-lopez-migrante-guatemalteco-en-montana\/\"><\/a><\/div><div class=\"eael-entry-thumbnail \">\n                <img loading=\"lazy\" decoding=\"async\" width=\"769\" height=\"1024\" src=\"https:\/\/soymigrante.com\/revista\/wp-content\/uploads\/2023\/06\/walter-lopez-instalador-de-aires-acondicionados-16.webp\" class=\"attachment-large size-large wp-image-1444\" alt=\"Walter Lopez, migrante guatemalteco radicado en Montana, instala aires acondicionados en varios Estados.\" srcset=\"https:\/\/soymigrante.com\/revista\/wp-content\/uploads\/2023\/06\/walter-lopez-instalador-de-aires-acondicionados-16.webp 769w, https:\/\/soymigrante.com\/revista\/wp-content\/uploads\/2023\/06\/walter-lopez-instalador-de-aires-acondicionados-16-225x300.webp 225w, https:\/\/soymigrante.com\/revista\/wp-content\/uploads\/2023\/06\/walter-lopez-instalador-de-aires-acondicionados-16-750x999.webp 750w\" sizes=\"(max-width: 769px) 100vw, 769px\" \/>\n            <\/div>\n        <\/div><div class=\"eael-entry-wrapper\"><header class=\"eael-entry-header\"><h2 class=\"eael-entry-title\"><a class=\"eael-grid-post-link\" href=\"https:\/\/soymigrante.com\/revista\/walter-lopez-migrante-guatemalteco-en-montana\/\" title=\"&#8220;Todo lo hago por mis hijas&#8221;: Walter L\u00f3pez, migrante guatemalteco en Montana\">&#8220;Todo lo hago por mis hijas&#8221;: Walter L\u00f3pez, migrante guatemalteco en Montana<\/a><\/h2><\/header><\/div><\/div>\n        <\/div>\n    <\/article><\/div>\n            <div class=\"clearfix\"><\/div>\n        <\/div>\t\t\t\t<\/div>\n\t\t\t\t\t<\/div>\n\t\t<\/div>\n\t\t\t\t\t<\/div>\n\t\t<\/section>\n\t\t\t\t<\/div>\n\t\t","protected":false},"excerpt":{"rendered":"<p>Brandon L\u00f3pez tiene 22 a\u00f1os y el 15 de mayo se gradu\u00f3 de \u00a1dos! carreras: Ciencias de la Computaci\u00f3n y Psicologia en Duke University. Su mam\u00e1, la migrante guatemalteca Ingrid L\u00f3pez, empez\u00f3 a llorar de alegr\u00eda, dos d\u00edas antes de la ceremonia. -\u00bfY por qu\u00e9 lloraba?&nbsp;&nbsp;&#8220;\u00a1De alegr\u00eda!&#8230; De recordar las dificultades que pasamos cuando Brandon [&hellip;]<\/p>\n","protected":false},"author":7,"featured_media":6545,"comment_status":"open","ping_status":"open","sticky":false,"template":"","format":"standard","meta":{"_acf_changed":false,"_eb_attr":"","footnotes":""},"categories":[50],"tags":[],"class_list":["post-6544","post","type-post","status-publish","format-standard","has-post-thumbnail","hentry","category-exitos"],"acf":[],"aioseo_notices":[],"aioseo_head":"\n\t\t<!-- All in One SEO Pro 4.9.6.2 - aioseo.com -->\n\t<meta name=\"description\" content=\"Su trabajo lo ha llevado a cruzar Estados Unidos: en 5 a\u00f1os ha hecho de todo, desde lavaplatos hasta colocar paredes y techos, pero un accidente le hizo dedicarse a los ductos de aire acondicionado. Walter L\u00f3pez recuerda casi con precisi\u00f3n cronom\u00e9trica el instante en el cual perdi\u00f3 el equilibrio. Se ve a s\u00ed mismo,\" \/>\n\t<meta name=\"robots\" content=\"max-snippet:-1, max-image-preview:large, max-video-preview:-1\" \/>\n\t<meta name=\"author\" content=\"Gustavo Montenegro\"\/>\n\t<link rel=\"canonical\" href=\"https:\/\/soymigrante.com\/revista\/walter-lopez-migrante-guatemalteco-en-montana\/\" \/>\n\t<meta name=\"generator\" content=\"All in One SEO Pro (AIOSEO) 4.9.6.2\" \/>\n\n\t\t<link rel=\"preconnect\" href=\"https:\/\/fonts.googleapis.com\" crossorigin>\n<link rel=\"preconnect\" href=\"https:\/\/fonts.gstatic.com\" crossorigin>\n\t\t<meta property=\"og:locale\" content=\"es_ES\" \/>\n\t\t<meta property=\"og:site_name\" content=\"SoyMigrante.com REVISTA \u2013 Nuestra misi\u00f3n es reconocer y dignificar al migrante.\" \/>\n\t\t<meta property=\"og:type\" content=\"article\" \/>\n\t\t<meta property=\"og:title\" content=\"\u201cTodo lo hago por mis hijas\u201d: Walter L\u00f3pez, migrante guatemalteco en Montana\" \/>\n\t\t<meta property=\"og:description\" content=\"Su trabajo lo ha llevado a cruzar Estados Unidos: en 5 a\u00f1os ha hecho de todo, desde lavaplatos hasta colocar paredes y techos, pero un accidente le hizo dedicarse a los ductos de aire acondicionado. Walter L\u00f3pez recuerda casi con precisi\u00f3n cronom\u00e9trica el instante en el cual perdi\u00f3 el equilibrio. Se ve a s\u00ed mismo,\" \/>\n\t\t<meta property=\"og:url\" content=\"https:\/\/soymigrante.com\/revista\/walter-lopez-migrante-guatemalteco-en-montana\/\" \/>\n\t\t<meta property=\"og:image\" content=\"https:\/\/soymigrante.com\/revista\/wp-content\/uploads\/2023\/06\/walter-lopez-instalador-de-aires-acondicionados-16.webp\" \/>\n\t\t<meta property=\"og:image:secure_url\" content=\"https:\/\/soymigrante.com\/revista\/wp-content\/uploads\/2023\/06\/walter-lopez-instalador-de-aires-acondicionados-16.webp\" \/>\n\t\t<meta property=\"og:image:width\" content=\"769\" \/>\n\t\t<meta property=\"og:image:height\" content=\"1024\" \/>\n\t\t<meta property=\"article:published_time\" content=\"2023-06-17T02:41:31+00:00\" \/>\n\t\t<meta property=\"article:modified_time\" content=\"2026-03-11T22:38:15+00:00\" \/>\n\t\t<meta property=\"article:publisher\" content=\"https:\/\/www.facebook.com\/soymigrantecom\" \/>\n\t\t<meta name=\"twitter:card\" content=\"summary_large_image\" \/>\n\t\t<meta name=\"twitter:site\" content=\"@SoyMigrante_com\" \/>\n\t\t<meta name=\"twitter:title\" content=\"\u201cTodo lo hago por mis hijas\u201d: Walter L\u00f3pez, migrante guatemalteco en Montana\" \/>\n\t\t<meta name=\"twitter:description\" content=\"Su trabajo lo ha llevado a cruzar Estados Unidos: en 5 a\u00f1os ha hecho de todo, desde lavaplatos hasta colocar paredes y techos, pero un accidente le hizo dedicarse a los ductos de aire acondicionado. Walter L\u00f3pez recuerda casi con precisi\u00f3n cronom\u00e9trica el instante en el cual perdi\u00f3 el equilibrio. Se ve a s\u00ed mismo,\" \/>\n\t\t<meta name=\"twitter:creator\" content=\"@SoyMigrante_com\" \/>\n\t\t<meta name=\"twitter:image\" content=\"https:\/\/soymigrante.com\/revista\/wp-content\/uploads\/2023\/06\/walter-lopez-instalador-de-aires-acondicionados-16.webp\" \/>\n\t\t<!-- All in One SEO Pro -->\r\n\t\t<title>\u201cTodo lo hago por mis hijas\u201d: Walter L\u00f3pez, migrante guatemalteco en Montana<\/title>\n\n","aioseo_head_json":{"title":"\u201cTodo lo hago por mis hijas\u201d: Walter L\u00f3pez, migrante guatemalteco en Montana","description":"Su trabajo lo ha llevado a cruzar Estados Unidos: en 5 a\u00f1os ha hecho de todo, desde lavaplatos hasta colocar paredes y techos, pero un accidente le hizo dedicarse a los ductos de aire acondicionado. Walter L\u00f3pez recuerda casi con precisi\u00f3n cronom\u00e9trica el instante en el cual perdi\u00f3 el equilibrio. Se ve a s\u00ed mismo,","canonical_url":"https:\/\/soymigrante.com\/revista\/walter-lopez-migrante-guatemalteco-en-montana\/","robots":"max-snippet:-1, max-image-preview:large, max-video-preview:-1","keywords":"","webmasterTools":{"miscellaneous":"&lt;link rel=\"preconnect\" href=\"https:\/\/fonts.googleapis.com\" crossorigin&gt;\n&lt;link rel=\"preconnect\" href=\"https:\/\/fonts.gstatic.com\" crossorigin&gt;"},"schema":null,"og:locale":"es_ES","og:site_name":"SoyMigrante.com REVISTA \u2013 Nuestra misi\u00f3n es reconocer y dignificar al migrante.","og:type":"article","og:title":"\u201cTodo lo hago por mis hijas\u201d: Walter L\u00f3pez, migrante guatemalteco en Montana","og:description":"Su trabajo lo ha llevado a cruzar Estados Unidos: en 5 a\u00f1os ha hecho de todo, desde lavaplatos hasta colocar paredes y techos, pero un accidente le hizo dedicarse a los ductos de aire acondicionado. Walter L\u00f3pez recuerda casi con precisi\u00f3n cronom\u00e9trica el instante en el cual perdi\u00f3 el equilibrio. Se ve a s\u00ed mismo,","og:url":"https:\/\/soymigrante.com\/revista\/walter-lopez-migrante-guatemalteco-en-montana\/","og:image":"https:\/\/soymigrante.com\/revista\/wp-content\/uploads\/2023\/06\/walter-lopez-instalador-de-aires-acondicionados-16.webp","og:image:secure_url":"https:\/\/soymigrante.com\/revista\/wp-content\/uploads\/2023\/06\/walter-lopez-instalador-de-aires-acondicionados-16.webp","og:image:width":769,"og:image:height":1024,"article:published_time":"2023-06-17T02:41:31+00:00","article:modified_time":"2026-03-11T22:38:15+00:00","article:publisher":"https:\/\/www.facebook.com\/soymigrantecom","twitter:card":"summary_large_image","twitter:site":"@SoyMigrante_com","twitter:title":"\u201cTodo lo hago por mis hijas\u201d: Walter L\u00f3pez, migrante guatemalteco en Montana","twitter:description":"Su trabajo lo ha llevado a cruzar Estados Unidos: en 5 a\u00f1os ha hecho de todo, desde lavaplatos hasta colocar paredes y techos, pero un accidente le hizo dedicarse a los ductos de aire acondicionado. Walter L\u00f3pez recuerda casi con precisi\u00f3n cronom\u00e9trica el instante en el cual perdi\u00f3 el equilibrio. Se ve a s\u00ed mismo,","twitter:creator":"@SoyMigrante_com","twitter:image":"https:\/\/soymigrante.com\/revista\/wp-content\/uploads\/2023\/06\/walter-lopez-instalador-de-aires-acondicionados-16.webp"},"aioseo_meta_data":{"post_id":"6544","title":null,"description":"A los 22 a\u00f1os se grad\u00faa en Duke University. de dos carreras: Computaci\u00f3n y Psicologia. Tras interinato en MIcrosoft es contratado como ingeniero de software.","keywords":null,"keyphrases":{"focus":{"keyphrase":"Guatemalteco","score":60,"analysis":{"keyphraseInTitle":{"score":9,"maxScore":9,"error":0},"keyphraseInDescription":{"score":3,"maxScore":9,"error":1},"keyphraseLength":{"score":9,"maxScore":9,"error":0,"length":1},"keyphraseInURL":{"score":5,"maxScore":5,"error":0},"keyphraseInIntroduction":{"score":3,"maxScore":9,"error":1},"keyphraseInSubHeadings":{"score":3,"maxScore":9,"error":1},"keyphraseInImageAlt":{"score":9,"maxScore":9,"error":0},"keywordDensity":{"score":0,"type":"low","maxScore":9,"error":1}}},"additional":[{"keyphrase":"Migrante","score":67,"analysis":{"keyphraseInDescription":{"score":3,"maxScore":9,"error":1},"keyphraseLength":{"score":9,"maxScore":9,"error":0,"length":1},"keyphraseInIntroduction":{"score":9,"maxScore":9,"error":0},"keyphraseInImageAlt":{"score":9,"maxScore":9,"error":0},"keywordDensity":{"score":0,"type":"low","maxScore":9,"error":1}}}]},"primary_term":null,"canonical_url":null,"og_title":null,"og_description":null,"og_object_type":"default","og_image_type":"default","og_image_url":null,"og_image_width":null,"og_image_height":null,"og_image_custom_url":null,"og_image_custom_fields":null,"og_video":"","og_custom_url":null,"og_article_section":null,"og_article_tags":null,"twitter_use_og":false,"twitter_card":"default","twitter_image_type":"default","twitter_image_url":null,"twitter_image_custom_url":null,"twitter_image_custom_fields":null,"twitter_title":null,"twitter_description":null,"schema":{"blockGraphs":[],"customGraphs":[],"default":{"data":{"Article":[],"Course":[],"Dataset":[],"FAQPage":[],"Movie":[],"Person":[],"Product":[],"ProductReview":[],"Car":[],"Recipe":[],"Service":[],"SoftwareApplication":[],"WebPage":[]},"graphName":"BlogPosting","isEnabled":true},"graphs":[]},"schema_type":"default","schema_type_options":null,"pillar_content":false,"robots_default":true,"robots_noindex":false,"robots_noarchive":false,"robots_nosnippet":false,"robots_nofollow":false,"robots_noimageindex":false,"robots_noodp":false,"robots_notranslate":false,"robots_max_snippet":"-1","robots_max_videopreview":"-1","robots_max_imagepreview":"large","priority":null,"frequency":"default","local_seo":null,"seo_analyzer_scan_date":"2025-10-08 21:53:11","breadcrumb_settings":null,"limit_modified_date":false,"reviewed_by":null,"open_ai":"{\"title\":{\"suggestions\":[],\"usage\":0},\"description\":{\"suggestions\":[],\"usage\":0}}","ai":null,"created":"2024-05-21 18:49:36","updated":"2026-02-04 11:53:47"},"aioseo_breadcrumb":"<div class=\"aioseo-breadcrumbs\"><span class=\"aioseo-breadcrumb\">\n\t<a href=\"https:\/\/soymigrante.com\/revista\" title=\"Home\">Home<\/a>\n<\/span><span class=\"aioseo-breadcrumb-separator\">\u00bb<\/span><span class=\"aioseo-breadcrumb\">\n\t<a href=\"https:\/\/soymigrante.com\/revista\/category\/exitos\/\" title=\"\u00c9xitos\">\u00c9xitos<\/a>\n<\/span><span class=\"aioseo-breadcrumb-separator\">\u00bb<\/span><span class=\"aioseo-breadcrumb\">\n\tEl guatemalteco Brandon L\u00f3pez se grad\u00faa y se va a Microsoft\n<\/span><\/div>","aioseo_breadcrumb_json":[{"label":"Home","link":"https:\/\/soymigrante.com\/revista"},{"label":"\u00c9xitos","link":"https:\/\/soymigrante.com\/revista\/category\/exitos\/"},{"label":"El guatemalteco Brandon L\u00f3pez se grad\u00faa y se va a Microsoft","link":"https:\/\/soymigrante.com\/revista\/recien-graduado-el-guatemalteco-brandon-lopez-se-va-a-microsoft\/"}],"_links":{"self":[{"href":"https:\/\/soymigrante.com\/revista\/wp-json\/wp\/v2\/posts\/6544","targetHints":{"allow":["GET"]}}],"collection":[{"href":"https:\/\/soymigrante.com\/revista\/wp-json\/wp\/v2\/posts"}],"about":[{"href":"https:\/\/soymigrante.com\/revista\/wp-json\/wp\/v2\/types\/post"}],"author":[{"embeddable":true,"href":"https:\/\/soymigrante.com\/revista\/wp-json\/wp\/v2\/users\/7"}],"replies":[{"embeddable":true,"href":"https:\/\/soymigrante.com\/revista\/wp-json\/wp\/v2\/comments?post=6544"}],"version-history":[{"count":0,"href":"https:\/\/soymigrante.com\/revista\/wp-json\/wp\/v2\/posts\/6544\/revisions"}],"wp:featuredmedia":[{"embeddable":true,"href":"https:\/\/soymigrante.com\/revista\/wp-json\/wp\/v2\/media\/6545"}],"wp:attachment":[{"href":"https:\/\/soymigrante.com\/revista\/wp-json\/wp\/v2\/media?parent=6544"}],"wp:term":[{"taxonomy":"category","embeddable":true,"href":"https:\/\/soymigrante.com\/revista\/wp-json\/wp\/v2\/categories?post=6544"},{"taxonomy":"post_tag","embeddable":true,"href":"https:\/\/soymigrante.com\/revista\/wp-json\/wp\/v2\/tags?post=6544"}],"curies":[{"name":"wp","href":"https:\/\/api.w.org\/{rel}","templated":true}]}}