{"id":6506,"date":"2024-05-19T10:18:50","date_gmt":"2024-05-19T16:18:50","guid":{"rendered":"https:\/\/soymigrante.com\/revista\/?p=6506"},"modified":"2024-07-27T16:13:16","modified_gmt":"2024-07-27T22:13:16","slug":"la-mision-es-servir-a-los-compatriotas-migrantes-irene-munoz","status":"publish","type":"post","link":"https:\/\/soymigrante.com\/revista\/la-mision-es-servir-a-los-compatriotas-migrantes-irene-munoz\/","title":{"rendered":"La misi\u00f3n es servir a los compatriotas migrantes: Irene Mu\u00f1oz"},"content":{"rendered":"\t\t<div data-elementor-type=\"wp-post\" data-elementor-id=\"6506\" class=\"elementor elementor-6506\" data-elementor-post-type=\"post\">\n\t\t\t\t\t\t<section data-particle_enable=\"false\" data-particle-mobile-disabled=\"false\" class=\"elementor-section elementor-top-section elementor-element elementor-element-526c1ae elementor-section-boxed elementor-section-height-default elementor-section-height-default\" data-id=\"526c1ae\" data-element_type=\"section\" data-e-type=\"section\">\n\t\t\t\t\t\t<div class=\"elementor-container elementor-column-gap-default\">\n\t\t\t\t\t<div class=\"elementor-column elementor-col-100 elementor-top-column elementor-element elementor-element-0ba1281\" data-id=\"0ba1281\" data-element_type=\"column\" data-e-type=\"column\">\n\t\t\t<div class=\"elementor-widget-wrap elementor-element-populated\">\n\t\t\t\t\t\t<div class=\"elementor-element elementor-element-8c4306d elementor-widget elementor-widget-heading\" data-id=\"8c4306d\" data-element_type=\"widget\" data-e-type=\"widget\" data-widget_type=\"heading.default\">\n\t\t\t\t\t<h2 class=\"elementor-heading-title elementor-size-default\">Es internacionalista, diplom\u00e1tica de carrera, int\u00e9rprete, pero sobre todo Guatemalteca: Irene Mu\u00f1oz es cofundadora de la Asociaci\u00f3n para la Creatividad y el Desarrollo, como aporte a su tierra natal.<\/h2>\t\t\t\t<\/div>\n\t\t\t\t\t<\/div>\n\t\t<\/div>\n\t\t\t\t\t<\/div>\n\t\t<\/section>\n\t\t\t\t<section data-particle_enable=\"false\" data-particle-mobile-disabled=\"false\" class=\"elementor-section elementor-top-section elementor-element elementor-element-3f28642 elementor-section-boxed elementor-section-height-default elementor-section-height-default\" data-id=\"3f28642\" data-element_type=\"section\" data-e-type=\"section\">\n\t\t\t\t\t\t<div class=\"elementor-container elementor-column-gap-default\">\n\t\t\t\t\t<div class=\"elementor-column elementor-col-100 elementor-top-column elementor-element elementor-element-a96b586\" data-id=\"a96b586\" data-element_type=\"column\" data-e-type=\"column\">\n\t\t\t<div class=\"elementor-widget-wrap elementor-element-populated\">\n\t\t\t\t\t\t<div class=\"elementor-element elementor-element-f723389 elementor-widget elementor-widget-text-editor\" data-id=\"f723389\" data-element_type=\"widget\" data-e-type=\"widget\" data-widget_type=\"text-editor.default\">\n\t\t\t\t\t\t\t\t\t<p>\u201cSoy Internacionalista, diplom\u00e1tica de carrera, traductora jurada (espa\u00f1ol-ingl\u00e9s), tengo estudios en ciencia pol\u00edtica e interpretaci\u00f3n m\u00e9dica. Mi gusto por los idiomas y las letras, corren por mis venas. Durante a\u00f1os me desempe\u00f1\u00e9 en el campo de la asistencia y protecci\u00f3n consular trabajando para el Ministerio de Relaciones Exteriores, con la comunidad migrante tanto en mi tierra natal Quetzaltenango, como en una de las misiones consulares que representan a Guatemala en el sur de California de los Estados Unidos de Am\u00e9rica&#8221;, cuenta Irene Mu\u00f1oz Argueta de Smith, migrante guatemalteca.<\/p><p>&#8220;Colaboro v\u00eda remota con la Asociaci\u00f3n para la Creatividad y el Desarrollo -ACD Guatemala- con sede en Guatemala, fundada por mi padre y hermana, y de la cual tengo el honor de ser cofundadora\u201d, agrega la experta en relaciones internacionales,, graduada de la Universidad Rafael Land\u00edvar que a trav\u00e9s del trabajo en el Ministerio de Relaciones Exteriores entr\u00f3 en contacto con las realidades, desaf\u00edos y vivencias de los migrantes guatemaltecos en Estados Unidos.<\/p><p>\u00a0El drama migratorio\u00a0 de miles de connacionales en Estados Unidos lo conoci\u00f3 y vivi\u00f3 de cerca en San Bernardino, California, a donde fue trasladada en el 2015 debido a su constante af\u00e1n de servicio. Esta es su historia.\u00a0<\/p>\t\t\t\t\t\t\t\t<\/div>\n\t\t\t\t\t<\/div>\n\t\t<\/div>\n\t\t\t\t\t<\/div>\n\t\t<\/section>\n\t\t\t\t<section data-particle_enable=\"false\" data-particle-mobile-disabled=\"false\" class=\"elementor-section elementor-top-section elementor-element elementor-element-b53fce4 elementor-section-boxed elementor-section-height-default elementor-section-height-default\" data-id=\"b53fce4\" data-element_type=\"section\" data-e-type=\"section\">\n\t\t\t\t\t\t<div class=\"elementor-container elementor-column-gap-default\">\n\t\t\t\t\t<div class=\"elementor-column elementor-col-100 elementor-top-column elementor-element elementor-element-0a4cb90\" data-id=\"0a4cb90\" data-element_type=\"column\" data-e-type=\"column\">\n\t\t\t<div class=\"elementor-widget-wrap elementor-element-populated\">\n\t\t\t\t\t\t<div class=\"elementor-element elementor-element-b759623 elementor-widget elementor-widget-image\" data-id=\"b759623\" data-element_type=\"widget\" data-e-type=\"widget\" data-widget_type=\"image.default\">\n\t\t\t\t\t\t\t\t\t\t\t\t<figure class=\"wp-caption\">\n\t\t\t\t\t\t\t\t\t\t<img fetchpriority=\"high\" decoding=\"async\" width=\"768\" height=\"576\" src=\"https:\/\/soymigrante.com\/revista\/wp-content\/uploads\/2024\/05\/MIGRANTE-IRENE-MUNOZ-1.webp\" class=\"attachment-large size-large wp-image-6508\" alt=\"AALT_TEXT: Mujer frente a cartel del Centro de Procesamiento ICE Adelanto Geo con tem\u00e1tica migrante y migraci\u00f3n internacional.\" srcset=\"https:\/\/soymigrante.com\/revista\/wp-content\/uploads\/2024\/05\/MIGRANTE-IRENE-MUNOZ-1.webp 960w, https:\/\/soymigrante.com\/revista\/wp-content\/uploads\/2024\/05\/MIGRANTE-IRENE-MUNOZ-1-300x225.webp 300w, https:\/\/soymigrante.com\/revista\/wp-content\/uploads\/2024\/05\/MIGRANTE-IRENE-MUNOZ-1-768x576.webp 768w, https:\/\/soymigrante.com\/revista\/wp-content\/uploads\/2024\/05\/MIGRANTE-IRENE-MUNOZ-1-750x563.webp 750w\" sizes=\"(max-width: 768px) 100vw, 768px\" title=\"Irene Mu\u00f1oz migrante e internacionalista, trabajo para el Minex en San Bernardino, California. \u2013 SoyMigrante.com REVISTA\" \/>\t\t\t\t\t\t\t\t\t\t\t<figcaption class=\"widget-image-caption wp-caption-text\">Irene Mu\u00f1oz como parte de su trabajo en el Consulado General de Guatemala en San Bernardino, California, dio asistencia a migrantes guatemaltecos detenidos en la c\u00e1rcel de ese condado bajo vigilancia del  Servicio de Inmigraci\u00f3n y Control de Aduanas de Estados Unidos (ICE, por sus siglas en ingl\u00e9s). (Foto Irene Mu\u00f1oz) <\/figcaption>\n\t\t\t\t\t\t\t\t\t\t<\/figure>\n\t\t\t\t\t\t\t\t\t<\/div>\n\t\t\t\t\t<\/div>\n\t\t<\/div>\n\t\t\t\t\t<\/div>\n\t\t<\/section>\n\t\t\t\t<section data-particle_enable=\"false\" data-particle-mobile-disabled=\"false\" class=\"elementor-section elementor-top-section elementor-element elementor-element-d71aaee elementor-section-boxed elementor-section-height-default elementor-section-height-default\" data-id=\"d71aaee\" data-element_type=\"section\" data-e-type=\"section\">\n\t\t\t\t\t\t<div class=\"elementor-container elementor-column-gap-default\">\n\t\t\t\t\t<div class=\"elementor-column elementor-col-100 elementor-top-column elementor-element elementor-element-bb3a5c7\" data-id=\"bb3a5c7\" data-element_type=\"column\" data-e-type=\"column\">\n\t\t\t<div class=\"elementor-widget-wrap elementor-element-populated\">\n\t\t\t\t\t\t<div class=\"elementor-element elementor-element-5de0974 elementor-widget elementor-widget-heading\" data-id=\"5de0974\" data-element_type=\"widget\" data-e-type=\"widget\" data-widget_type=\"heading.default\">\n\t\t\t\t\t<h3 class=\"elementor-heading-title elementor-size-default\">Migr\u00f3 para ayudar<\/h3>\t\t\t\t<\/div>\n\t\t\t\t\t<\/div>\n\t\t<\/div>\n\t\t\t\t\t<\/div>\n\t\t<\/section>\n\t\t\t\t<section data-particle_enable=\"false\" data-particle-mobile-disabled=\"false\" class=\"elementor-section elementor-top-section elementor-element elementor-element-3c41406 elementor-section-boxed elementor-section-height-default elementor-section-height-default\" data-id=\"3c41406\" data-element_type=\"section\" data-e-type=\"section\">\n\t\t\t\t\t\t<div class=\"elementor-container elementor-column-gap-default\">\n\t\t\t\t\t<div class=\"elementor-column elementor-col-100 elementor-top-column elementor-element elementor-element-cafec74\" data-id=\"cafec74\" data-element_type=\"column\" data-e-type=\"column\">\n\t\t\t<div class=\"elementor-widget-wrap elementor-element-populated\">\n\t\t\t\t\t\t<div class=\"elementor-element elementor-element-63eb6c0 elementor-widget elementor-widget-text-editor\" data-id=\"63eb6c0\" data-element_type=\"widget\" data-e-type=\"widget\" data-widget_type=\"text-editor.default\">\n\t\t\t\t\t\t\t\t\t<p>He cumplido nueve a\u00f1os de residir en el Estado de California de manera permanente. \u00bfC\u00f3mo llego a Estados Unidos? En Guatemala trabajaba el Ministerio de Relaciones Exteriores y fui trasladada al rango diplom\u00e1tico para servir en el servicio exterior a un nuevo consulado que, en San Bernardino, California\u201d.<span style=\"color: var( --e-global-color-text );\">\u00a0<\/span><\/p><p>Ten\u00eda el cargo de tercer secretario del Consuladoo. \u201cTrabajar en el servicio exterior es una experiencia enriquecedora de todo tipo, es el hecho de conocer de cerca qu\u00e9 viven, sienten y qu\u00e9 necesidades tienen nuestros hermanos guatemaltecos en otro pa\u00eds donde la mayor\u00eda no tiene documentos \u201c.<\/p><p>Sabe que su circunstancia es distinta, pero eso no reduce su empat\u00eda: \u201cLlegu\u00e9 a este pa\u00eds con el privilegio de una visa diplom\u00e1tica, pero eso no significa que no haya afrontado desaf\u00edos y tenga la responsabilidad de poner en alto en nombre de Guatemala\u201d.<span style=\"color: var( --e-global-color-text );\">\u00a0<\/span><\/p><p>Como parte del Minex Irene Mu\u00f1oz conoci\u00f3 el Centro de Procesamiento y detenci\u00f3n de migrantes del Servicio de Inmigraci\u00f3n y Control de Aduanas de Estados Unidos (ICE, por sus siglas en ingl\u00e9s) en el condado de San Bernardino donde asisti\u00f3 a de decenas de chapines detenidos, familiares de migrantes que deb\u00edan tramitar la repatriaci\u00f3n de un cuerpo o velar porque se respetaran los derechos de detenidos. Fue una experiencia fuerte.<\/p>\t\t\t\t\t\t\t\t<\/div>\n\t\t\t\t\t<\/div>\n\t\t<\/div>\n\t\t\t\t\t<\/div>\n\t\t<\/section>\n\t\t\t\t<section data-particle_enable=\"false\" data-particle-mobile-disabled=\"false\" class=\"elementor-section elementor-top-section elementor-element elementor-element-9fd7944 elementor-section-boxed elementor-section-height-default elementor-section-height-default\" data-id=\"9fd7944\" data-element_type=\"section\" data-e-type=\"section\">\n\t\t\t\t\t\t<div class=\"elementor-container elementor-column-gap-default\">\n\t\t\t\t\t<div class=\"elementor-column elementor-col-100 elementor-top-column elementor-element elementor-element-11caffb\" data-id=\"11caffb\" data-element_type=\"column\" data-e-type=\"column\">\n\t\t\t<div class=\"elementor-widget-wrap elementor-element-populated\">\n\t\t\t\t\t\t<div class=\"elementor-element elementor-element-28ab541 elementor-widget elementor-widget-heading\" data-id=\"28ab541\" data-element_type=\"widget\" data-e-type=\"widget\" data-widget_type=\"heading.default\">\n\t\t\t\t\t<h3 class=\"elementor-heading-title elementor-size-default\">Aprendizaje para la vida<\/h3>\t\t\t\t<\/div>\n\t\t\t\t\t<\/div>\n\t\t<\/div>\n\t\t\t\t\t<\/div>\n\t\t<\/section>\n\t\t\t\t<section data-particle_enable=\"false\" data-particle-mobile-disabled=\"false\" class=\"elementor-section elementor-top-section elementor-element elementor-element-3a4d5b9 elementor-section-boxed elementor-section-height-default elementor-section-height-default\" data-id=\"3a4d5b9\" data-element_type=\"section\" data-e-type=\"section\">\n\t\t\t\t\t\t<div class=\"elementor-container elementor-column-gap-default\">\n\t\t\t\t\t<div class=\"elementor-column elementor-col-100 elementor-top-column elementor-element elementor-element-6443fbf\" data-id=\"6443fbf\" data-element_type=\"column\" data-e-type=\"column\">\n\t\t\t<div class=\"elementor-widget-wrap elementor-element-populated\">\n\t\t\t\t\t\t<div class=\"elementor-element elementor-element-339b1bc elementor-widget elementor-widget-text-editor\" data-id=\"339b1bc\" data-element_type=\"widget\" data-e-type=\"widget\" data-widget_type=\"text-editor.default\">\n\t\t\t\t\t\t\t\t\t<p>La primera vez que la migrante llega a Estados Unidos como parte de su formaci\u00f3n acad\u00e9mica fue en el 2003. Esa experiencia marc\u00f3 su vida porque vivi\u00f3 en carne propia una situaci\u00f3n que a su criterio viven los guatemaltecos que llegan a cualquier Estado de este pa\u00eds.<\/p><p>\u201cFue dif\u00edcil porque me fui sola. Fui asignada a una excelente familia donde materialmente no me hac\u00eda falta nada y me hac\u00edan sentir parte de esa familia. Sin embargo, estaba en otro pa\u00eds, con costumbres diferentes. Yo no me adaptaba, quer\u00eda \u00fanicamente regresar, miraba los aviones y dec\u00eda dentro m\u00ed: &#8220;quiero irme&#8221;.<\/p><p>\u201cSuper\u00e9 esta crisis motivada por alcanzar mis objetivos regresar a Guatemala y terminar la universidad para seguir. Ahora puedo decir que eso que sent\u00ed en mi coraz\u00f3n ese anhelo por regresar lo viven los migrantes que llegan a este pa\u00eds y repito que soy privilegiada por llegar con una visa, pero cada persona tiene luchas internas\u201d.<\/p>\t\t\t\t\t\t\t\t<\/div>\n\t\t\t\t\t<\/div>\n\t\t<\/div>\n\t\t\t\t\t<\/div>\n\t\t<\/section>\n\t\t\t\t<section data-particle_enable=\"false\" data-particle-mobile-disabled=\"false\" class=\"elementor-section elementor-top-section elementor-element elementor-element-5d33984 elementor-section-boxed elementor-section-height-default elementor-section-height-default\" data-id=\"5d33984\" data-element_type=\"section\" data-e-type=\"section\">\n\t\t\t\t\t\t<div class=\"elementor-container elementor-column-gap-default\">\n\t\t\t\t\t<div class=\"elementor-column elementor-col-100 elementor-top-column elementor-element elementor-element-a62797a\" data-id=\"a62797a\" data-element_type=\"column\" data-e-type=\"column\">\n\t\t\t<div class=\"elementor-widget-wrap elementor-element-populated\">\n\t\t\t\t\t\t<div class=\"elementor-element elementor-element-1dc17f1 elementor-widget elementor-widget-image\" data-id=\"1dc17f1\" data-element_type=\"widget\" data-e-type=\"widget\" data-widget_type=\"image.default\">\n\t\t\t\t\t\t\t\t\t\t\t\t<figure class=\"wp-caption\">\n\t\t\t\t\t\t\t\t\t\t<img decoding=\"async\" width=\"768\" height=\"512\" src=\"https:\/\/soymigrante.com\/revista\/wp-content\/uploads\/2024\/05\/MIGRANTE-IRENE-MUNOZ-2.webp\" class=\"attachment-large size-large wp-image-6509\" alt=\"Funcionarios de SoyMigrante.com en una reuni\u00f3n navide\u00f1a con decoraci\u00f3n festiva y \u00e1rbol de Navidad, celebrando la Navidad y promoviendo la comunidad migrante en un entorno oficial y festivo.\" srcset=\"https:\/\/soymigrante.com\/revista\/wp-content\/uploads\/2024\/05\/MIGRANTE-IRENE-MUNOZ-2.webp 960w, https:\/\/soymigrante.com\/revista\/wp-content\/uploads\/2024\/05\/MIGRANTE-IRENE-MUNOZ-2-300x200.webp 300w, https:\/\/soymigrante.com\/revista\/wp-content\/uploads\/2024\/05\/MIGRANTE-IRENE-MUNOZ-2-768x512.webp 768w, https:\/\/soymigrante.com\/revista\/wp-content\/uploads\/2024\/05\/MIGRANTE-IRENE-MUNOZ-2-750x500.webp 750w\" sizes=\"(max-width: 768px) 100vw, 768px\" title=\"migrante Irene Mu\u00f1oz trabaj\u00f3 en el Consulado de Guatemala en San Bernardino, California. \u2013 SoyMigrante.com REVISTA\" \/>\t\t\t\t\t\t\t\t\t\t\t<figcaption class=\"widget-image-caption wp-caption-text\">En el 2015, Irene Mu\u00f1oz fue trasladada de Guatemala a California como tercer secretario en el Consulado de Guatemala en San Bernardino. (Foto Irene Mu\u00f1oz)<\/figcaption>\n\t\t\t\t\t\t\t\t\t\t<\/figure>\n\t\t\t\t\t\t\t\t\t<\/div>\n\t\t\t\t\t<\/div>\n\t\t<\/div>\n\t\t\t\t\t<\/div>\n\t\t<\/section>\n\t\t\t\t<section data-particle_enable=\"false\" data-particle-mobile-disabled=\"false\" class=\"elementor-section elementor-top-section elementor-element elementor-element-b905c1d elementor-section-boxed elementor-section-height-default elementor-section-height-default\" data-id=\"b905c1d\" data-element_type=\"section\" data-e-type=\"section\">\n\t\t\t\t\t\t<div class=\"elementor-container elementor-column-gap-default\">\n\t\t\t\t\t<div class=\"elementor-column elementor-col-100 elementor-top-column elementor-element elementor-element-d3ac683\" data-id=\"d3ac683\" data-element_type=\"column\" data-e-type=\"column\">\n\t\t\t<div class=\"elementor-widget-wrap elementor-element-populated\">\n\t\t\t\t\t\t<div class=\"elementor-element elementor-element-f11b06c elementor-widget elementor-widget-heading\" data-id=\"f11b06c\" data-element_type=\"widget\" data-e-type=\"widget\" data-widget_type=\"heading.default\">\n\t\t\t\t\t<h3 class=\"elementor-heading-title elementor-size-default\">Con o sin \"papeles\" la vida es dif\u00edcil en USA<\/h3>\t\t\t\t<\/div>\n\t\t\t\t\t<\/div>\n\t\t<\/div>\n\t\t\t\t\t<\/div>\n\t\t<\/section>\n\t\t\t\t<section data-particle_enable=\"false\" data-particle-mobile-disabled=\"false\" class=\"elementor-section elementor-top-section elementor-element elementor-element-3180b61 elementor-section-boxed elementor-section-height-default elementor-section-height-default\" data-id=\"3180b61\" data-element_type=\"section\" data-e-type=\"section\">\n\t\t\t\t\t\t<div class=\"elementor-container elementor-column-gap-default\">\n\t\t\t\t\t<div class=\"elementor-column elementor-col-100 elementor-top-column elementor-element elementor-element-6223cb3\" data-id=\"6223cb3\" data-element_type=\"column\" data-e-type=\"column\">\n\t\t\t<div class=\"elementor-widget-wrap elementor-element-populated\">\n\t\t\t\t\t\t<div class=\"elementor-element elementor-element-dbd3ea0 elementor-widget elementor-widget-text-editor\" data-id=\"dbd3ea0\" data-element_type=\"widget\" data-e-type=\"widget\" data-widget_type=\"text-editor.default\">\n\t\t\t\t\t\t\t\t\t<p>\u201cEn Estados Unidos no hay diferencias. Aqu\u00ed para atenci\u00f3n m\u00e9dica es necesario contar con seguro m\u00e9dico. Incluso muchos estadounidenses se quejan tambi\u00e9n de su sistema de salud y es aqu\u00ed cuando uno analiza lo que se vive en EE. UU. y el sistema de salud de Guatemala, por ejemplo\u201d.<\/p><p>\u201cEntonces \u00bfqu\u00e9 pasa con los migrantes? En California est\u00e1 el seguro Medical que se ofrece a los ni\u00f1os menores de 18 a\u00f1os.<\/p><p>\u00bfQu\u00e9 otras diferencias existen? El temor de ir en la calle de ir manejando. Aqu\u00ed en California hay una ley que permite que cualquier persona obtenga un permiso para conducir. Sin embargo, hay que cumplir con las leyes porque aqu\u00ed si se cumplen.<\/p>\t\t\t\t\t\t\t\t<\/div>\n\t\t\t\t\t<\/div>\n\t\t<\/div>\n\t\t\t\t\t<\/div>\n\t\t<\/section>\n\t\t\t\t<section data-particle_enable=\"false\" data-particle-mobile-disabled=\"false\" class=\"elementor-section elementor-top-section elementor-element elementor-element-c532288 elementor-section-boxed elementor-section-height-default elementor-section-height-default\" data-id=\"c532288\" data-element_type=\"section\" data-e-type=\"section\">\n\t\t\t\t\t\t<div class=\"elementor-container elementor-column-gap-default\">\n\t\t\t\t\t<div class=\"elementor-column elementor-col-100 elementor-top-column elementor-element elementor-element-0f4ee72\" data-id=\"0f4ee72\" data-element_type=\"column\" data-e-type=\"column\">\n\t\t\t<div class=\"elementor-widget-wrap elementor-element-populated\">\n\t\t\t\t\t\t<div class=\"elementor-element elementor-element-238c3ee elementor-widget elementor-widget-heading\" data-id=\"238c3ee\" data-element_type=\"widget\" data-e-type=\"widget\" data-widget_type=\"heading.default\">\n\t\t\t\t\t<h2 class=\"elementor-heading-title elementor-size-default\">Amor transforma su vida<\/h2>\t\t\t\t<\/div>\n\t\t\t\t\t<\/div>\n\t\t<\/div>\n\t\t\t\t\t<\/div>\n\t\t<\/section>\n\t\t\t\t<section data-particle_enable=\"false\" data-particle-mobile-disabled=\"false\" class=\"elementor-section elementor-top-section elementor-element elementor-element-abfb69d elementor-section-boxed elementor-section-height-default elementor-section-height-default\" data-id=\"abfb69d\" data-element_type=\"section\" data-e-type=\"section\">\n\t\t\t\t\t\t<div class=\"elementor-container elementor-column-gap-default\">\n\t\t\t\t\t<div class=\"elementor-column elementor-col-100 elementor-top-column elementor-element elementor-element-1df3e3a\" data-id=\"1df3e3a\" data-element_type=\"column\" data-e-type=\"column\">\n\t\t\t<div class=\"elementor-widget-wrap elementor-element-populated\">\n\t\t\t\t\t\t<div class=\"elementor-element elementor-element-a88791b elementor-widget elementor-widget-text-editor\" data-id=\"a88791b\" data-element_type=\"widget\" data-e-type=\"widget\" data-widget_type=\"text-editor.default\">\n\t\t\t\t\t\t\t\t\t<p>Cuatro meses despu\u00e9s que Irene Mu\u00f1oz llega a San Bernardino (2015), Aaron Smith, su novio de nacionalidad estadounidense le propone matrimonio. \u201cConozco a mi esposo en un viaje que \u00e9l tuvo a Guatemala. Dios va dise\u00f1ando los planes de vida y sab\u00eda que al comprometerme deb\u00eda tomar una decisi\u00f3n, dejar mi pa\u00eds y muy posiblemente mi carrera, pero ah\u00ed es donde Dios intervino, as\u00ed lo siento\u201d.<\/p><p>La pareja se casa en el 2020 y la vida de la migrante toma un nuevo camino. Mu\u00f1oz deja el servicio consular en el 2022 para trabajar con una organizaci\u00f3n que asiste a migrantes. El nuevo trabajo lleva a Mu\u00f1oz a conocer m\u00e1s de cerca la dura vida de un migrante. \u201cMuchos dir\u00e1n que la vida del migrante es f\u00e1cil o se ve f\u00e1cil, pero la realidad es otra, la vida es sufrida, dura y eso no depende del estatus\u201d.<\/p>\t\t\t\t\t\t\t\t<\/div>\n\t\t\t\t\t<\/div>\n\t\t<\/div>\n\t\t\t\t\t<\/div>\n\t\t<\/section>\n\t\t\t\t<section data-particle_enable=\"false\" data-particle-mobile-disabled=\"false\" class=\"elementor-section elementor-top-section elementor-element elementor-element-918819e elementor-section-boxed elementor-section-height-default elementor-section-height-default\" data-id=\"918819e\" data-element_type=\"section\" data-e-type=\"section\">\n\t\t\t\t\t\t<div class=\"elementor-container elementor-column-gap-default\">\n\t\t\t\t\t<div class=\"elementor-column elementor-col-100 elementor-top-column elementor-element elementor-element-87555c9\" data-id=\"87555c9\" data-element_type=\"column\" data-e-type=\"column\">\n\t\t\t<div class=\"elementor-widget-wrap elementor-element-populated\">\n\t\t\t\t\t\t<div class=\"elementor-element elementor-element-956071a elementor-widget elementor-widget-image\" data-id=\"956071a\" data-element_type=\"widget\" data-e-type=\"widget\" data-widget_type=\"image.default\">\n\t\t\t\t\t\t\t\t\t\t\t\t<figure class=\"wp-caption\">\n\t\t\t\t\t\t\t\t\t\t<img decoding=\"async\" width=\"720\" height=\"960\" src=\"https:\/\/soymigrante.com\/revista\/wp-content\/uploads\/2024\/05\/MIGRANTE-IRENE-MUNOZ-11.webp\" class=\"attachment-large size-large wp-image-6511\" alt=\"Disfrutando de la naturaleza en un paisaje monta\u00f1oso con lago y \u00e1rboles en el fondo, en un viaje de migrantes.\" srcset=\"https:\/\/soymigrante.com\/revista\/wp-content\/uploads\/2024\/05\/MIGRANTE-IRENE-MUNOZ-11.webp 720w, https:\/\/soymigrante.com\/revista\/wp-content\/uploads\/2024\/05\/MIGRANTE-IRENE-MUNOZ-11-225x300.webp 225w\" sizes=\"(max-width: 720px) 100vw, 720px\" title=\"MIGRANTE IRENE MU\u00d1OZ (11) \u2013 SoyMigrante.com REVISTA\" \/>\t\t\t\t\t\t\t\t\t\t\t<figcaption class=\"widget-image-caption wp-caption-text\">Irene Mu\u00f1oz conoci\u00f3 a su esposo Aaron Smith de nacionalidad estadounidense durante un viaje que \u00e9l llev\u00f3 a cabo a Guatemala. Se comprometieron en el 2015 y en el 2020 se casaron; viven en USA. (Foto Irene Mu\u00f1oz)<\/figcaption>\n\t\t\t\t\t\t\t\t\t\t<\/figure>\n\t\t\t\t\t\t\t\t\t<\/div>\n\t\t\t\t\t<\/div>\n\t\t<\/div>\n\t\t\t\t\t<\/div>\n\t\t<\/section>\n\t\t\t\t<section data-particle_enable=\"false\" data-particle-mobile-disabled=\"false\" class=\"elementor-section elementor-top-section elementor-element elementor-element-88aabbd elementor-section-boxed elementor-section-height-default elementor-section-height-default\" data-id=\"88aabbd\" data-element_type=\"section\" data-e-type=\"section\">\n\t\t\t\t\t\t<div class=\"elementor-container elementor-column-gap-default\">\n\t\t\t\t\t<div class=\"elementor-column elementor-col-100 elementor-top-column elementor-element elementor-element-a01c11f\" data-id=\"a01c11f\" data-element_type=\"column\" data-e-type=\"column\">\n\t\t\t<div class=\"elementor-widget-wrap elementor-element-populated\">\n\t\t\t\t\t\t<div class=\"elementor-element elementor-element-4f41edc elementor-widget elementor-widget-heading\" data-id=\"4f41edc\" data-element_type=\"widget\" data-e-type=\"widget\" data-widget_type=\"heading.default\">\n\t\t\t\t\t<h3 class=\"elementor-heading-title elementor-size-default\">Dif\u00edcil momento para un migrante <\/h3>\t\t\t\t<\/div>\n\t\t\t\t\t<\/div>\n\t\t<\/div>\n\t\t\t\t\t<\/div>\n\t\t<\/section>\n\t\t\t\t<section data-particle_enable=\"false\" data-particle-mobile-disabled=\"false\" class=\"elementor-section elementor-top-section elementor-element elementor-element-f0627c3 elementor-section-boxed elementor-section-height-default elementor-section-height-default\" data-id=\"f0627c3\" data-element_type=\"section\" data-e-type=\"section\">\n\t\t\t\t\t\t<div class=\"elementor-container elementor-column-gap-default\">\n\t\t\t\t\t<div class=\"elementor-column elementor-col-100 elementor-top-column elementor-element elementor-element-0a079df\" data-id=\"0a079df\" data-element_type=\"column\" data-e-type=\"column\">\n\t\t\t<div class=\"elementor-widget-wrap elementor-element-populated\">\n\t\t\t\t\t\t<div class=\"elementor-element elementor-element-4c16925 elementor-widget elementor-widget-text-editor\" data-id=\"4c16925\" data-element_type=\"widget\" data-e-type=\"widget\" data-widget_type=\"text-editor.default\">\n\t\t\t\t\t\t\t\t\t<p>Al hablar de momentos dif\u00edciles Irene Mu\u00f1oz explica que su estatus en Estados Unidos es privilegiado. \u201cLo dijo sin ego y lo explico\u201d: Mi estatus migratorio me permiti\u00f3 en dos ocasiones dif\u00edciles para m\u00ed tomar un avi\u00f3n y viajar a Guatemala, primero para despedirme de mi abuela, la segunda (\u2026) y la m\u00e1s dura fue el fallecimiento de mi pap\u00e1 \u2013 2021 \u2013\u201d.<\/p><p>\u201cConoc\u00ed el caso de un migrante que particip\u00f3 del funeral de su padre a trav\u00e9s de Facebook o casos donde los migrantes que perdieron a su c\u00f3nyuge o hijos y expresaron su deseo de viajar a Guatemala y retornar como indocumentado una decisi\u00f3n arriesgada porque algunos no pueden salir, otros se van, pero podr\u00e1n regresar\u201d.<\/p>\t\t\t\t\t\t\t\t<\/div>\n\t\t\t\t\t<\/div>\n\t\t<\/div>\n\t\t\t\t\t<\/div>\n\t\t<\/section>\n\t\t\t\t<section data-particle_enable=\"false\" data-particle-mobile-disabled=\"false\" class=\"elementor-section elementor-top-section elementor-element elementor-element-e0364bc elementor-section-boxed elementor-section-height-default elementor-section-height-default\" data-id=\"e0364bc\" data-element_type=\"section\" data-e-type=\"section\">\n\t\t\t\t\t\t<div class=\"elementor-container elementor-column-gap-default\">\n\t\t\t\t\t<div class=\"elementor-column elementor-col-100 elementor-top-column elementor-element elementor-element-4ed08f8\" data-id=\"4ed08f8\" data-element_type=\"column\" data-e-type=\"column\">\n\t\t\t<div class=\"elementor-widget-wrap elementor-element-populated\">\n\t\t\t\t\t\t<div class=\"elementor-element elementor-element-da92335 elementor-widget elementor-widget-image\" data-id=\"da92335\" data-element_type=\"widget\" data-e-type=\"widget\" data-widget_type=\"image.default\">\n\t\t\t\t\t\t\t\t\t\t\t\t<figure class=\"wp-caption\">\n\t\t\t\t\t\t\t\t\t\t<img loading=\"lazy\" decoding=\"async\" width=\"720\" height=\"960\" src=\"https:\/\/soymigrante.com\/revista\/wp-content\/uploads\/2024\/05\/MIGRANTE-IRENE-MUNOZ-6.webp\" class=\"attachment-large size-large wp-image-6510\" alt=\"Disfrutando de un momento al aire libre con familia en un entorno tropical exuberante en la revista SoyMigrante.com REVISTA.\" srcset=\"https:\/\/soymigrante.com\/revista\/wp-content\/uploads\/2024\/05\/MIGRANTE-IRENE-MUNOZ-6.webp 720w, https:\/\/soymigrante.com\/revista\/wp-content\/uploads\/2024\/05\/MIGRANTE-IRENE-MUNOZ-6-225x300.webp 225w\" sizes=\"(max-width: 720px) 100vw, 720px\" title=\"MIGRANTE IRENE MU\u00d1OZ (6) \u2013 SoyMigrante.com REVISTA\" \/>\t\t\t\t\t\t\t\t\t\t\t<figcaption class=\"widget-image-caption wp-caption-text\">Irene Mu\u00f1oz junto a su padre C\u00e9sar Mu\u00f1oz quien falleci\u00f3 en el 2021 fundador de ACD Guatemala entidad que ayuda a comunidades necesitadas en Guatemala. (Foto Irene Mu\u00f1oz) <\/figcaption>\n\t\t\t\t\t\t\t\t\t\t<\/figure>\n\t\t\t\t\t\t\t\t\t<\/div>\n\t\t\t\t\t<\/div>\n\t\t<\/div>\n\t\t\t\t\t<\/div>\n\t\t<\/section>\n\t\t\t\t<section data-particle_enable=\"false\" data-particle-mobile-disabled=\"false\" class=\"elementor-section elementor-top-section elementor-element elementor-element-7760f97 elementor-section-boxed elementor-section-height-default elementor-section-height-default\" data-id=\"7760f97\" data-element_type=\"section\" data-e-type=\"section\">\n\t\t\t\t\t\t<div class=\"elementor-container elementor-column-gap-default\">\n\t\t\t\t\t<div class=\"elementor-column elementor-col-100 elementor-top-column elementor-element elementor-element-00805ff\" data-id=\"00805ff\" data-element_type=\"column\" data-e-type=\"column\">\n\t\t\t<div class=\"elementor-widget-wrap elementor-element-populated\">\n\t\t\t\t\t\t<div class=\"elementor-element elementor-element-3aea76f elementor-widget elementor-widget-heading\" data-id=\"3aea76f\" data-element_type=\"widget\" data-e-type=\"widget\" data-widget_type=\"heading.default\">\n\t\t\t\t\t<h3 class=\"elementor-heading-title elementor-size-default\">Altruismo desde su fundaci\u00f3n<\/h3>\t\t\t\t<\/div>\n\t\t\t\t\t<\/div>\n\t\t<\/div>\n\t\t\t\t\t<\/div>\n\t\t<\/section>\n\t\t\t\t<section data-particle_enable=\"false\" data-particle-mobile-disabled=\"false\" class=\"elementor-section elementor-top-section elementor-element elementor-element-a7b41a0 elementor-section-boxed elementor-section-height-default elementor-section-height-default\" data-id=\"a7b41a0\" data-element_type=\"section\" data-e-type=\"section\">\n\t\t\t\t\t\t<div class=\"elementor-container elementor-column-gap-default\">\n\t\t\t\t\t<div class=\"elementor-column elementor-col-100 elementor-top-column elementor-element elementor-element-dd568bc\" data-id=\"dd568bc\" data-element_type=\"column\" data-e-type=\"column\">\n\t\t\t<div class=\"elementor-widget-wrap elementor-element-populated\">\n\t\t\t\t\t\t<div class=\"elementor-element elementor-element-e8bf22a elementor-widget elementor-widget-text-editor\" data-id=\"e8bf22a\" data-element_type=\"widget\" data-e-type=\"widget\" data-widget_type=\"text-editor.default\">\n\t\t\t\t\t\t\t\t\t<p>Desde la Asociaci\u00f3n para la Creatividad y el Desarrollo de los guatemaltecos (ACD Guatemala), Irene Mu\u00f1oz junto a su hermana Luc\u00eda Mu\u00f1oz, dirigen un programa enfocado al tema migratorio.<\/p><p>\u00a0\u201cSabemos que migrar es un derecho, lo que hacemos en ACD es dar respuesta al problema de la desigualdad, pobreza, violencia con base en derechos humanos\u201d.<\/p><p>\u201cACD lleva informaci\u00f3n a escuelas, comunidades y se re\u00fane con l\u00edderes comunitarios para informar y educar sobre los riesgos de migrar\u201d, concluye Mu\u00f1oz.<\/p>\t\t\t\t\t\t\t\t<\/div>\n\t\t\t\t\t<\/div>\n\t\t<\/div>\n\t\t\t\t\t<\/div>\n\t\t<\/section>\n\t\t\t\t<section data-particle_enable=\"false\" data-particle-mobile-disabled=\"false\" class=\"elementor-section elementor-top-section elementor-element elementor-element-439fcd3 elementor-section-boxed elementor-section-height-default elementor-section-height-default\" data-id=\"439fcd3\" data-element_type=\"section\" data-e-type=\"section\">\n\t\t\t\t\t\t<div class=\"elementor-container elementor-column-gap-default\">\n\t\t\t\t\t<div class=\"elementor-column elementor-col-100 elementor-top-column elementor-element elementor-element-96dad44\" data-id=\"96dad44\" data-element_type=\"column\" data-e-type=\"column\">\n\t\t\t<div class=\"elementor-widget-wrap elementor-element-populated\">\n\t\t\t\t\t\t<div class=\"elementor-element elementor-element-d98f832 elementor-widget elementor-widget-facebook-embed\" data-id=\"d98f832\" data-element_type=\"widget\" data-e-type=\"widget\" data-widget_type=\"facebook-embed.default\">\n\t\t\t\t\t<div style=\"min-height: 1px\" class=\"elementor-facebook-widget fb-post\" data-href=\"https:\/\/www.facebook.com\/acdguatemalaorg\/posts\/pfbid0234HiKfCD6GZftY73kxtFtH6workdphjWPk3LqNnUQHbg5zydmgh5jMHuAUTAyTwml\" data-show-text=\"false\"><\/div>\t\t\t\t<\/div>\n\t\t\t\t\t<\/div>\n\t\t<\/div>\n\t\t\t\t\t<\/div>\n\t\t<\/section>\n\t\t\t\t<section data-particle_enable=\"false\" data-particle-mobile-disabled=\"false\" class=\"elementor-section elementor-top-section elementor-element elementor-element-50da82f elementor-section-boxed elementor-section-height-default elementor-section-height-default\" data-id=\"50da82f\" data-element_type=\"section\" data-e-type=\"section\">\n\t\t\t\t\t\t<div class=\"elementor-container elementor-column-gap-default\">\n\t\t\t\t\t<div class=\"elementor-column elementor-col-100 elementor-top-column elementor-element elementor-element-cedf3cb\" data-id=\"cedf3cb\" data-element_type=\"column\" data-e-type=\"column\">\n\t\t\t<div class=\"elementor-widget-wrap elementor-element-populated\">\n\t\t\t\t\t\t<div class=\"elementor-element elementor-element-a4d3526 elementor-widget-divider--view-line elementor-widget elementor-widget-divider\" data-id=\"a4d3526\" data-element_type=\"widget\" data-e-type=\"widget\" data-widget_type=\"divider.default\">\n\t\t\t\t\t\t\t<div class=\"elementor-divider\">\n\t\t\t<span class=\"elementor-divider-separator\">\n\t\t\t\t\t\t<\/span>\n\t\t<\/div>\n\t\t\t\t\t\t<\/div>\n\t\t\t\t\t<\/div>\n\t\t<\/div>\n\t\t\t\t\t<\/div>\n\t\t<\/section>\n\t\t\t\t<section data-particle_enable=\"false\" data-particle-mobile-disabled=\"false\" class=\"elementor-section elementor-top-section elementor-element elementor-element-0b855ca elementor-section-boxed elementor-section-height-default elementor-section-height-default\" data-id=\"0b855ca\" data-element_type=\"section\" data-e-type=\"section\">\n\t\t\t\t\t\t<div class=\"elementor-container elementor-column-gap-default\">\n\t\t\t\t\t<div class=\"elementor-column elementor-col-100 elementor-top-column elementor-element elementor-element-3f02213\" data-id=\"3f02213\" data-element_type=\"column\" data-e-type=\"column\">\n\t\t\t<div class=\"elementor-widget-wrap elementor-element-populated\">\n\t\t\t\t\t\t<div class=\"elementor-element elementor-element-2caa47e elementor-widget elementor-widget-heading\" data-id=\"2caa47e\" data-element_type=\"widget\" data-e-type=\"widget\" data-widget_type=\"heading.default\">\n\t\t\t\t\t<h2 class=\"elementor-heading-title elementor-size-default\">Historias de \u00e9xito en la vida de migrantes en Estados Unidos<\/h2>\t\t\t\t<\/div>\n\t\t\t\t\t<\/div>\n\t\t<\/div>\n\t\t\t\t\t<\/div>\n\t\t<\/section>\n\t\t\t\t<section data-particle_enable=\"false\" data-particle-mobile-disabled=\"false\" class=\"elementor-section elementor-top-section elementor-element elementor-element-daf6fef elementor-section-boxed elementor-section-height-default elementor-section-height-default\" data-id=\"daf6fef\" data-element_type=\"section\" data-e-type=\"section\">\n\t\t\t\t\t\t<div class=\"elementor-container elementor-column-gap-default\">\n\t\t\t\t\t<div class=\"elementor-column elementor-col-100 elementor-top-column elementor-element elementor-element-c231160\" data-id=\"c231160\" data-element_type=\"column\" data-e-type=\"column\">\n\t\t\t<div class=\"elementor-widget-wrap elementor-element-populated\">\n\t\t\t\t\t\t<div class=\"elementor-element elementor-element-403c302 elementor-widget elementor-widget-blfe-post-grid\" data-id=\"403c302\" data-element_type=\"widget\" data-e-type=\"widget\" data-settings=\"{&quot;columns&quot;:&quot;3&quot;,&quot;columns_tablet&quot;:&quot;6&quot;,&quot;columns_mobile&quot;:&quot;12&quot;,&quot;hero1_layout_column_gap&quot;:{&quot;unit&quot;:&quot;px&quot;,&quot;size&quot;:30,&quot;sizes&quot;:[]},&quot;hero1_layout_column_gap_tablet&quot;:{&quot;unit&quot;:&quot;px&quot;,&quot;size&quot;:&quot;&quot;,&quot;sizes&quot;:[]},&quot;hero1_layout_column_gap_mobile&quot;:{&quot;unit&quot;:&quot;px&quot;,&quot;size&quot;:&quot;&quot;,&quot;sizes&quot;:[]},&quot;hero1_layout_row_gap&quot;:{&quot;unit&quot;:&quot;px&quot;,&quot;size&quot;:30,&quot;sizes&quot;:[]},&quot;hero1_layout_row_gap_tablet&quot;:{&quot;unit&quot;:&quot;px&quot;,&quot;size&quot;:&quot;&quot;,&quot;sizes&quot;:[]},&quot;hero1_layout_row_gap_mobile&quot;:{&quot;unit&quot;:&quot;px&quot;,&quot;size&quot;:&quot;&quot;,&quot;sizes&quot;:[]}}\" data-widget_type=\"blfe-post-grid.hero1\">\n\t\t\t\t<div class=\"elementor-widget-container\">\n\t\t\t\t\t\n                        <div class=\"blfe-post-grid-container \">\n            \n                <div data-skin=\"hero1\" class=\"blfe-row blfe-posts-inner blfe-hero1 blfe-posts-inner blfe-col-3 blfe-col-tab-6 blfe-col-mob-12     \">\n                            <div class=\"blfe-post-grid-item\">\n            <div class=\"blfe-post-grid-item-inner blfe-modern-zoom\">\n                        <div class=\"blfe-post-grid-bg-image\">\n            <a class=\"blfe-post-grid-image-inner\" href=\"https:\/\/soymigrante.com\/revista\/santos-poroj-escritor-migrante-de-san-andres-xecul-publica-su-segundo-libro-en-california-y-con-dos-portadas\/\" title=\"Santos Poroj, escritor migrante de San Andr\u00e9s Xecul, publica su segundo libro en California (y con dos portadas)\" rel=\"nofollow\" target=\"_blank\"><img decoding=\"async\" src=\"https:\/\/soymigrante.com\/revista\/wp-content\/uploads\/2026\/04\/migrante-guatemalteco-santos-poroj-en-san-rafael-california-originario-de-san-andres-xecul.png\" alt=\"Santos Poroj, escritor migrante de San Andr\u00e9s Xecul, publica su segundo libro en California (y con dos portadas)\"\/><\/a>        <\/div>\n                        <div class=\"blfe-post-grid-details\">\n                    <div class=\"blfe-post-grid-details-inner\">\n                        <span class=\"blfe-post-category\"><a href=\"https:\/\/soymigrante.com\/revista\/category\/exitos\/\">\u00c9xitos<\/a><\/span>                        <h3 class=\"blfe-post-grid-title\">\n            <a href=\"https:\/\/soymigrante.com\/revista\/santos-poroj-escritor-migrante-de-san-andres-xecul-publica-su-segundo-libro-en-california-y-con-dos-portadas\/\" title=\"Santos Poroj, escritor migrante de San Andr\u00e9s Xecul, publica su segundo libro en California (y con dos portadas)\" rel=\"nofollow\" target=\"_blank\">Santos Poroj, escritor migrante de San Andr\u00e9s Xecul, publica su segundo libro en California (y con dos portadas)<\/a>\n            <\/h3>                                                                                            <\/div>\n                <\/div>\n\n            <\/div>\n        <\/div>\n                <div class=\"blfe-post-grid-item\">\n            <div class=\"blfe-post-grid-item-inner blfe-modern-zoom\">\n                        <div class=\"blfe-post-grid-bg-image\">\n            <a class=\"blfe-post-grid-image-inner\" href=\"https:\/\/soymigrante.com\/revista\/migrantes-guatemaltecos-en-estados-unidos-libros-historias-dia-del-libro\/\" title=\"D\u00eda del Libro &#8211; Creatividad de escritores migrantes guatemaltecos vuela sin fronteras\" rel=\"nofollow\" target=\"_blank\"><img decoding=\"async\" src=\"https:\/\/soymigrante.com\/revista\/wp-content\/uploads\/2026\/04\/dia-del-libro-guatemala-libros-de-migrantes-guatemaltecos.png\" alt=\"D\u00eda del Libro &#8211; Creatividad de escritores migrantes guatemaltecos vuela sin fronteras\"\/><\/a>        <\/div>\n                        <div class=\"blfe-post-grid-details\">\n                    <div class=\"blfe-post-grid-details-inner\">\n                        <span class=\"blfe-post-category\"><a href=\"https:\/\/soymigrante.com\/revista\/category\/exitos\/guatemala\/\">Guatemala<\/a><\/span>                        <h3 class=\"blfe-post-grid-title\">\n            <a href=\"https:\/\/soymigrante.com\/revista\/migrantes-guatemaltecos-en-estados-unidos-libros-historias-dia-del-libro\/\" title=\"D\u00eda del Libro &#8211; Creatividad de escritores migrantes guatemaltecos vuela sin fronteras\" rel=\"nofollow\" target=\"_blank\">D\u00eda del Libro &#8211; Creatividad de escritores migrantes guatemaltecos vuela sin fronteras<\/a>\n            <\/h3>                                                                                            <\/div>\n                <\/div>\n\n            <\/div>\n        <\/div>\n                <div class=\"blfe-post-grid-item\">\n            <div class=\"blfe-post-grid-item-inner blfe-modern-zoom\">\n                        <div class=\"blfe-post-grid-bg-image\">\n            <a class=\"blfe-post-grid-image-inner\" href=\"https:\/\/soymigrante.com\/revista\/luis-von-ahn-national-geographic-33-guatemalteco-duolingo\/\" title=\"\u00bfC\u00f3mo lleg\u00f3 el  guatemalteco Luis von Ahn a la lista Global 33 de L\u00edderes Innovadores de National Geographic?\" rel=\"nofollow\" target=\"_blank\"><img decoding=\"async\" src=\"https:\/\/soymigrante.com\/revista\/wp-content\/uploads\/2026\/04\/Luis-von-Ahn-33-changemakers-National-Geographic-guatemalteco-migrante-lista.png\" alt=\"\u00bfC\u00f3mo lleg\u00f3 el  guatemalteco Luis von Ahn a la lista Global 33 de L\u00edderes Innovadores de National Geographic?\"\/><\/a>        <\/div>\n                        <div class=\"blfe-post-grid-details\">\n                    <div class=\"blfe-post-grid-details-inner\">\n                        <span class=\"blfe-post-category\"><a href=\"https:\/\/soymigrante.com\/revista\/category\/exitos\/\">\u00c9xitos<\/a><\/span>                        <h3 class=\"blfe-post-grid-title\">\n            <a href=\"https:\/\/soymigrante.com\/revista\/luis-von-ahn-national-geographic-33-guatemalteco-duolingo\/\" title=\"\u00bfC\u00f3mo lleg\u00f3 el  guatemalteco Luis von Ahn a la lista Global 33 de L\u00edderes Innovadores de National Geographic?\" rel=\"nofollow\" target=\"_blank\">\u00bfC\u00f3mo lleg\u00f3 el  guatemalteco Luis von Ahn a la lista Global 33 de L\u00edderes Innovadores de National Geographic?<\/a>\n            <\/h3>                                                                                            <\/div>\n                <\/div>\n\n            <\/div>\n        <\/div>\n                        <\/div>\n\n                        <\/div>\n            \n                        <div class=\"blfe-post-footer\">\n                        <\/div>\n            \t\t\t\t<\/div>\n\t\t\t\t<\/div>\n\t\t\t\t\t<\/div>\n\t\t<\/div>\n\t\t\t\t\t<\/div>\n\t\t<\/section>\n\t\t\t\t<\/div>\n\t\t","protected":false},"excerpt":{"rendered":"<p>Es internacionalista, diplom\u00e1tica de carrera, int\u00e9rprete, pero sobre todo Guatemalteca: Irene Mu\u00f1oz es cofundadora de la Asociaci\u00f3n para la Creatividad y el Desarrollo, como aporte a su tierra natal. \u201cSoy Internacionalista, diplom\u00e1tica de carrera, traductora jurada (espa\u00f1ol-ingl\u00e9s), tengo estudios en ciencia pol\u00edtica e interpretaci\u00f3n m\u00e9dica. Mi gusto por los idiomas y las letras, corren por [&hellip;]<\/p>\n","protected":false},"author":14,"featured_media":6514,"comment_status":"open","ping_status":"open","sticky":false,"template":"","format":"standard","meta":{"_acf_changed":true,"_eb_attr":"","footnotes":""},"categories":[50],"tags":[],"class_list":["post-6506","post","type-post","status-publish","format-standard","has-post-thumbnail","hentry","category-exitos"],"acf":[],"aioseo_notices":[],"aioseo_head":"\n\t\t<!-- All in One SEO Pro 4.9.6.2 - aioseo.com -->\n\t<meta name=\"description\" content=\"Luis von Ahn, creador de Duolingo, fue incluido en National Geographic 33 por su impacto global en la educaci\u00f3n de migrantes y refugiados. Conoce su historia.\" \/>\n\t<meta name=\"robots\" content=\"max-snippet:-1, max-image-preview:large, max-video-preview:-1\" \/>\n\t<meta name=\"author\" content=\"SoyMigrante.com REVISTA\"\/>\n\t<link rel=\"canonical\" href=\"https:\/\/soymigrante.com\/revista\/luis-von-ahn-national-geographic-33-guatemalteco-duolingo\/\" \/>\n\t<meta name=\"generator\" content=\"All in One SEO Pro (AIOSEO) 4.9.6.2\" \/>\n\n\t\t<link rel=\"preconnect\" href=\"https:\/\/fonts.googleapis.com\" crossorigin>\n<link rel=\"preconnect\" href=\"https:\/\/fonts.gstatic.com\" crossorigin>\n\t\t<meta property=\"og:locale\" content=\"es_ES\" \/>\n\t\t<meta property=\"og:site_name\" content=\"SoyMigrante.com REVISTA \u2013 Nuestra misi\u00f3n es reconocer y dignificar al migrante.\" \/>\n\t\t<meta property=\"og:type\" content=\"article\" \/>\n\t\t<meta property=\"og:title\" content=\"\u00bfC\u00f3mo lleg\u00f3 Luis von Ahn a la lista 33 de National Geographic?\" \/>\n\t\t<meta property=\"og:description\" content=\"Luis von Ahn, creador de Duolingo, fue incluido en National Geographic 33 por su impacto global en la educaci\u00f3n de migrantes y refugiados. Conoce su historia.\" \/>\n\t\t<meta property=\"og:url\" content=\"https:\/\/soymigrante.com\/revista\/luis-von-ahn-national-geographic-33-guatemalteco-duolingo\/\" \/>\n\t\t<meta property=\"og:image\" content=\"https:\/\/soymigrante.com\/revista\/wp-content\/uploads\/2026\/04\/Luis-von-Ahn-33-changemakers-National-Geographic-guatemalteco-migrante-lista.png\" \/>\n\t\t<meta property=\"og:image:secure_url\" content=\"https:\/\/soymigrante.com\/revista\/wp-content\/uploads\/2026\/04\/Luis-von-Ahn-33-changemakers-National-Geographic-guatemalteco-migrante-lista.png\" \/>\n\t\t<meta property=\"og:image:width\" content=\"1200\" \/>\n\t\t<meta property=\"og:image:height\" content=\"1200\" \/>\n\t\t<meta property=\"article:published_time\" content=\"2026-04-23T14:55:32+00:00\" \/>\n\t\t<meta property=\"article:modified_time\" content=\"2026-04-23T14:58:06+00:00\" \/>\n\t\t<meta property=\"article:publisher\" content=\"https:\/\/www.facebook.com\/soymigrantecom\" \/>\n\t\t<meta name=\"twitter:card\" content=\"summary_large_image\" \/>\n\t\t<meta name=\"twitter:site\" content=\"@SoyMigrante_com\" \/>\n\t\t<meta name=\"twitter:title\" content=\"\u00bfC\u00f3mo lleg\u00f3 Luis von Ahn a la lista 33 de National Geographic?\" \/>\n\t\t<meta name=\"twitter:description\" content=\"Luis von Ahn, creador de Duolingo, fue incluido en National Geographic 33 por su impacto global en la educaci\u00f3n de migrantes y refugiados. Conoce su historia.\" \/>\n\t\t<meta name=\"twitter:creator\" content=\"@SoyMigrante_com\" \/>\n\t\t<meta name=\"twitter:image\" content=\"https:\/\/soymigrante.com\/revista\/wp-content\/uploads\/2026\/04\/Luis-von-Ahn-33-changemakers-National-Geographic-guatemalteco-migrante-lista.png\" \/>\n\t\t<!-- All in One SEO Pro -->\r\n\t\t<title>\u00bfC\u00f3mo lleg\u00f3 Luis von Ahn a la lista 33 de National Geographic?<\/title>\n\n","aioseo_head_json":{"title":"\u00bfC\u00f3mo lleg\u00f3 Luis von Ahn a la lista 33 de National Geographic?","description":"Luis von Ahn, creador de Duolingo, fue incluido en National Geographic 33 por su impacto global en la educaci\u00f3n de migrantes y refugiados. Conoce su historia.","canonical_url":"https:\/\/soymigrante.com\/revista\/luis-von-ahn-national-geographic-33-guatemalteco-duolingo\/","robots":"max-snippet:-1, max-image-preview:large, max-video-preview:-1","keywords":"","webmasterTools":{"miscellaneous":"&lt;link rel=\"preconnect\" href=\"https:\/\/fonts.googleapis.com\" crossorigin&gt;\n&lt;link rel=\"preconnect\" href=\"https:\/\/fonts.gstatic.com\" crossorigin&gt;"},"schema":null,"og:locale":"es_ES","og:site_name":"SoyMigrante.com REVISTA \u2013 Nuestra misi\u00f3n es reconocer y dignificar al migrante.","og:type":"article","og:title":"\u00bfC\u00f3mo lleg\u00f3 Luis von Ahn a la lista 33 de National Geographic?","og:description":"Luis von Ahn, creador de Duolingo, fue incluido en National Geographic 33 por su impacto global en la educaci\u00f3n de migrantes y refugiados. Conoce su historia.","og:url":"https:\/\/soymigrante.com\/revista\/luis-von-ahn-national-geographic-33-guatemalteco-duolingo\/","og:image":"https:\/\/soymigrante.com\/revista\/wp-content\/uploads\/2026\/04\/Luis-von-Ahn-33-changemakers-National-Geographic-guatemalteco-migrante-lista.png","og:image:secure_url":"https:\/\/soymigrante.com\/revista\/wp-content\/uploads\/2026\/04\/Luis-von-Ahn-33-changemakers-National-Geographic-guatemalteco-migrante-lista.png","og:image:width":1200,"og:image:height":1200,"article:published_time":"2026-04-23T14:55:32+00:00","article:modified_time":"2026-04-23T14:58:06+00:00","article:publisher":"https:\/\/www.facebook.com\/soymigrantecom","twitter:card":"summary_large_image","twitter:site":"@SoyMigrante_com","twitter:title":"\u00bfC\u00f3mo lleg\u00f3 Luis von Ahn a la lista 33 de National Geographic?","twitter:description":"Luis von Ahn, creador de Duolingo, fue incluido en National Geographic 33 por su impacto global en la educaci\u00f3n de migrantes y refugiados. Conoce su historia.","twitter:creator":"@SoyMigrante_com","twitter:image":"https:\/\/soymigrante.com\/revista\/wp-content\/uploads\/2026\/04\/Luis-von-Ahn-33-changemakers-National-Geographic-guatemalteco-migrante-lista.png"},"aioseo_meta_data":{"post_id":"6506","title":null,"description":"Internacionalista de profesi\u00f3n, Irene Mu\u00f1oz vivi\u00f3 de cerca el drama y esfuerzo de los migrantes guatemaltecos en EE.UU y hoy ella misma tambi\u00e9n es migrante.","keywords":null,"keyphrases":{"focus":{"keyphrase":"Migrantes","score":82,"analysis":{"keyphraseInTitle":{"score":9,"maxScore":9,"error":0},"keyphraseInDescription":{"score":9,"maxScore":9,"error":0},"keyphraseLength":{"score":9,"maxScore":9,"error":0,"length":1},"keyphraseInURL":{"score":5,"maxScore":5,"error":0},"keyphraseInIntroduction":{"score":3,"maxScore":9,"error":1},"keyphraseInSubHeadings":{"score":3,"maxScore":9,"error":1},"keyphraseInImageAlt":{"score":9,"maxScore":9,"error":0},"keywordDensity":{"type":"best","score":9,"maxScore":9,"error":0}}},"additional":[]},"primary_term":null,"canonical_url":null,"og_title":null,"og_description":null,"og_object_type":"default","og_image_type":"default","og_image_url":null,"og_image_width":null,"og_image_height":null,"og_image_custom_url":null,"og_image_custom_fields":null,"og_video":"","og_custom_url":null,"og_article_section":null,"og_article_tags":null,"twitter_use_og":false,"twitter_card":"default","twitter_image_type":"default","twitter_image_url":null,"twitter_image_custom_url":null,"twitter_image_custom_fields":null,"twitter_title":null,"twitter_description":null,"schema":{"blockGraphs":[],"customGraphs":[],"default":{"data":{"Article":[],"Course":[],"Dataset":[],"FAQPage":[],"Movie":[],"Person":[],"Product":[],"ProductReview":[],"Car":[],"Recipe":[],"Service":[],"SoftwareApplication":[],"WebPage":[]},"graphName":"Article","isEnabled":true},"graphs":[]},"schema_type":"default","schema_type_options":null,"pillar_content":false,"robots_default":true,"robots_noindex":false,"robots_noarchive":false,"robots_nosnippet":false,"robots_nofollow":false,"robots_noimageindex":false,"robots_noodp":false,"robots_notranslate":false,"robots_max_snippet":"-1","robots_max_videopreview":"-1","robots_max_imagepreview":"large","priority":null,"frequency":"default","local_seo":null,"seo_analyzer_scan_date":"2025-10-08 21:51:00","breadcrumb_settings":null,"limit_modified_date":false,"reviewed_by":null,"open_ai":"{\"title\":{\"suggestions\":[],\"usage\":0},\"description\":{\"suggestions\":[],\"usage\":0}}","ai":null,"created":"2024-05-20 12:59:32","updated":"2026-02-04 11:53:46"},"aioseo_breadcrumb":"<div class=\"aioseo-breadcrumbs\"><span class=\"aioseo-breadcrumb\">\n\t<a href=\"https:\/\/soymigrante.com\/revista\" title=\"Home\">Home<\/a>\n<\/span><span class=\"aioseo-breadcrumb-separator\">\u00bb<\/span><span class=\"aioseo-breadcrumb\">\n\t<a href=\"https:\/\/soymigrante.com\/revista\/category\/exitos\/\" title=\"\u00c9xitos\">\u00c9xitos<\/a>\n<\/span><span class=\"aioseo-breadcrumb-separator\">\u00bb<\/span><span class=\"aioseo-breadcrumb\">\n\tLa misi\u00f3n es servir a los compatriotas migrantes: Irene Mu\u00f1oz\n<\/span><\/div>","aioseo_breadcrumb_json":[{"label":"Home","link":"https:\/\/soymigrante.com\/revista"},{"label":"\u00c9xitos","link":"https:\/\/soymigrante.com\/revista\/category\/exitos\/"},{"label":"La misi\u00f3n es servir a los compatriotas migrantes: Irene Mu\u00f1oz","link":"https:\/\/soymigrante.com\/revista\/la-mision-es-servir-a-los-compatriotas-migrantes-irene-munoz\/"}],"_links":{"self":[{"href":"https:\/\/soymigrante.com\/revista\/wp-json\/wp\/v2\/posts\/6506","targetHints":{"allow":["GET"]}}],"collection":[{"href":"https:\/\/soymigrante.com\/revista\/wp-json\/wp\/v2\/posts"}],"about":[{"href":"https:\/\/soymigrante.com\/revista\/wp-json\/wp\/v2\/types\/post"}],"author":[{"embeddable":true,"href":"https:\/\/soymigrante.com\/revista\/wp-json\/wp\/v2\/users\/14"}],"replies":[{"embeddable":true,"href":"https:\/\/soymigrante.com\/revista\/wp-json\/wp\/v2\/comments?post=6506"}],"version-history":[{"count":0,"href":"https:\/\/soymigrante.com\/revista\/wp-json\/wp\/v2\/posts\/6506\/revisions"}],"wp:featuredmedia":[{"embeddable":true,"href":"https:\/\/soymigrante.com\/revista\/wp-json\/wp\/v2\/media\/6514"}],"wp:attachment":[{"href":"https:\/\/soymigrante.com\/revista\/wp-json\/wp\/v2\/media?parent=6506"}],"wp:term":[{"taxonomy":"category","embeddable":true,"href":"https:\/\/soymigrante.com\/revista\/wp-json\/wp\/v2\/categories?post=6506"},{"taxonomy":"post_tag","embeddable":true,"href":"https:\/\/soymigrante.com\/revista\/wp-json\/wp\/v2\/tags?post=6506"}],"curies":[{"name":"wp","href":"https:\/\/api.w.org\/{rel}","templated":true}]}}