{"id":6443,"date":"2024-05-16T09:25:32","date_gmt":"2024-05-16T15:25:32","guid":{"rendered":"https:\/\/soymigrante.com\/revista\/?p=6443"},"modified":"2024-07-27T15:04:06","modified_gmt":"2024-07-27T21:04:06","slug":"ley-antimigrante-oklahoma-sb4156-rechazo-manifestacion-pacifica","status":"publish","type":"post","link":"https:\/\/soymigrante.com\/revista\/ley-antimigrante-oklahoma-sb4156-rechazo-manifestacion-pacifica\/","title":{"rendered":"Guatemaltecos se suman a acciones pac\u00edficas contra ley antimigrantes de Oklahoma"},"content":{"rendered":"\t\t<div data-elementor-type=\"wp-post\" data-elementor-id=\"6443\" class=\"elementor elementor-6443\" data-elementor-post-type=\"post\">\n\t\t\t\t\t\t<section data-particle_enable=\"false\" data-particle-mobile-disabled=\"false\" class=\"elementor-section elementor-top-section elementor-element elementor-element-f59b815 elementor-section-boxed elementor-section-height-default elementor-section-height-default\" data-id=\"f59b815\" data-element_type=\"section\" data-e-type=\"section\">\n\t\t\t\t\t\t<div class=\"elementor-container elementor-column-gap-default\">\n\t\t\t\t\t<div class=\"elementor-column elementor-col-100 elementor-top-column elementor-element elementor-element-3750753\" data-id=\"3750753\" data-element_type=\"column\" data-e-type=\"column\">\n\t\t\t<div class=\"elementor-widget-wrap elementor-element-populated\">\n\t\t\t\t\t\t<div class=\"elementor-element elementor-element-09c2208 elementor-widget elementor-widget-heading\" data-id=\"09c2208\" data-element_type=\"widget\" data-e-type=\"widget\" data-widget_type=\"heading.default\">\n\t\t\t\t\t<h2 class=\"elementor-heading-title elementor-size-default\">Rechazo a ley SB 4156 aprobada por la c\u00e1mara, senado y gobernador del Estado de Oklahoma fue el motivo de acci\u00f3n pac\u00edfica. D\u00eda en honor de los hispanos se convirti\u00f3 en ocasi\u00f3n de exaltar el aporte y trabajo de los migrantes.<\/h2>\t\t\t\t<\/div>\n\t\t\t\t\t<\/div>\n\t\t<\/div>\n\t\t\t\t\t<\/div>\n\t\t<\/section>\n\t\t\t\t<section data-particle_enable=\"false\" data-particle-mobile-disabled=\"false\" class=\"elementor-section elementor-top-section elementor-element elementor-element-3e8cf2e elementor-section-boxed elementor-section-height-default elementor-section-height-default\" data-id=\"3e8cf2e\" data-element_type=\"section\" data-e-type=\"section\">\n\t\t\t\t\t\t<div class=\"elementor-container elementor-column-gap-default\">\n\t\t\t\t\t<div class=\"elementor-column elementor-col-100 elementor-top-column elementor-element elementor-element-ed1a920\" data-id=\"ed1a920\" data-element_type=\"column\" data-e-type=\"column\">\n\t\t\t<div class=\"elementor-widget-wrap elementor-element-populated\">\n\t\t\t\t\t\t<div class=\"elementor-element elementor-element-61fe7a9 elementor-widget elementor-widget-text-editor\" data-id=\"61fe7a9\" data-element_type=\"widget\" data-e-type=\"widget\" data-widget_type=\"text-editor.default\">\n\t\t\t\t\t\t\t\t\t<p>&#8220;Todos somos migrantes&#8221;&#8230;&#8221;Solo queremos trabajar en paz&#8221;&#8230; &#8220;Los migrantes hispanos trabajamos y aportamos&#8221; fueron algunas de las consignas que se leyeron en carteles o se escucharon en la concentraci\u00f3n pac\u00edfica frente al Legislativo de Oklahoma, en rechazo a <a href=\"https:\/\/soymigrante.com\/revista\/temor-y-rechazo-genera-proyecto-de-ley-antimigrantes-de-oklahoma\/\">la ley HB 4156 antimigrantes<\/a>, que fue aprobada por el gobernador Kevin Stitt inicios de mayo a pesar del rechazo.<\/p>\n<p>&#8220;Estuvimos en el Capitolio de Oklahoma haciendo escuchar nuestra voz y nos enfocamos en el descontento que como comunidad hispana tenemos sobre la ley <a href=\"https:\/\/soymigrante.com\/revista\/temor-y-rechazo-genera-proyecto-de-ley-antimigrantes-de-oklahoma\/\">HB 4156.<\/a> Se plantearon las contribuciones positivas que los hispanos hacemos&#8221;, explic\u00f3 C\u00e9sar Reyes, secretario general de la Asociaci\u00f3n Guatemaltecos en Oklahoma.<\/p>\t\t\t\t\t\t\t\t<\/div>\n\t\t\t\t\t<\/div>\n\t\t<\/div>\n\t\t\t\t\t<\/div>\n\t\t<\/section>\n\t\t\t\t<section data-particle_enable=\"false\" data-particle-mobile-disabled=\"false\" class=\"elementor-section elementor-top-section elementor-element elementor-element-1dde3da elementor-section-boxed elementor-section-height-default elementor-section-height-default\" data-id=\"1dde3da\" data-element_type=\"section\" data-e-type=\"section\">\n\t\t\t\t\t\t<div class=\"elementor-container elementor-column-gap-default\">\n\t\t\t\t\t<div class=\"elementor-column elementor-col-100 elementor-top-column elementor-element elementor-element-76cc296\" data-id=\"76cc296\" data-element_type=\"column\" data-e-type=\"column\">\n\t\t\t<div class=\"elementor-widget-wrap elementor-element-populated\">\n\t\t\t\t\t\t<div class=\"elementor-element elementor-element-f81119f elementor-widget elementor-widget-image\" data-id=\"f81119f\" data-element_type=\"widget\" data-e-type=\"widget\" data-widget_type=\"image.default\">\n\t\t\t\t\t\t\t\t\t\t\t\t<figure class=\"wp-caption\">\n\t\t\t\t\t\t\t\t\t\t<img fetchpriority=\"high\" decoding=\"async\" width=\"768\" height=\"392\" src=\"https:\/\/soymigrante.com\/revista\/wp-content\/uploads\/2024\/05\/441409709_8599632540053615_6009891200212175786_n-1024x523.webp\" class=\"attachment-large size-large wp-image-6471\" alt=\"Manifestaci\u00f3n por derechos migrantes en Washington DC, marcha por justicia y reformas migratorias, foto de una protesta masiva frente al Capitolio.\" srcset=\"https:\/\/soymigrante.com\/revista\/wp-content\/uploads\/2024\/05\/441409709_8599632540053615_6009891200212175786_n-1024x523.webp 1024w, https:\/\/soymigrante.com\/revista\/wp-content\/uploads\/2024\/05\/441409709_8599632540053615_6009891200212175786_n-300x153.webp 300w, https:\/\/soymigrante.com\/revista\/wp-content\/uploads\/2024\/05\/441409709_8599632540053615_6009891200212175786_n-768x392.webp 768w, https:\/\/soymigrante.com\/revista\/wp-content\/uploads\/2024\/05\/441409709_8599632540053615_6009891200212175786_n-1536x784.webp 1536w, https:\/\/soymigrante.com\/revista\/wp-content\/uploads\/2024\/05\/441409709_8599632540053615_6009891200212175786_n-750x383.webp 750w, https:\/\/soymigrante.com\/revista\/wp-content\/uploads\/2024\/05\/441409709_8599632540053615_6009891200212175786_n-1140x582.webp 1140w, https:\/\/soymigrante.com\/revista\/wp-content\/uploads\/2024\/05\/441409709_8599632540053615_6009891200212175786_n.webp 1920w\" sizes=\"(max-width: 768px) 100vw, 768px\" title=\"Unas 2 mil personas se reunieron frente al Capitolio de Oklahoma para expresar de manera pac\u00edfica pero un\u00e1nime su rechazo a ley antimigrantes aprobada recientemente por autoridades estatales. (Fotograf\u00eda cortes\u00eda C\u00e9sar Reyes, l\u00edder migrante guatemalteco en dicho Estado. \u2013 SoyMigrante.com REVISTA\" \/>\t\t\t\t\t\t\t\t\t\t\t<figcaption class=\"widget-image-caption wp-caption-text\">Multitud de migrantes y aliados participan en una manifestaci\u00f3n en Washington para exigir derechos y una reforma migratoria integral.<\/figcaption>\n\t\t\t\t\t\t\t\t\t\t<\/figure>\n\t\t\t\t\t\t\t\t\t<\/div>\n\t\t\t\t\t<\/div>\n\t\t<\/div>\n\t\t\t\t\t<\/div>\n\t\t<\/section>\n\t\t\t\t<section data-particle_enable=\"false\" data-particle-mobile-disabled=\"false\" class=\"elementor-section elementor-top-section elementor-element elementor-element-abc4cbc elementor-section-boxed elementor-section-height-default elementor-section-height-default\" data-id=\"abc4cbc\" data-element_type=\"section\" data-e-type=\"section\">\n\t\t\t\t\t\t<div class=\"elementor-container elementor-column-gap-default\">\n\t\t\t\t\t<div class=\"elementor-column elementor-col-100 elementor-top-column elementor-element elementor-element-98b2771\" data-id=\"98b2771\" data-element_type=\"column\" data-e-type=\"column\">\n\t\t\t<div class=\"elementor-widget-wrap elementor-element-populated\">\n\t\t\t\t\t\t<div class=\"elementor-element elementor-element-fe9e22d elementor-widget elementor-widget-heading\" data-id=\"fe9e22d\" data-element_type=\"widget\" data-e-type=\"widget\" data-widget_type=\"heading.default\">\n\t\t\t\t\t<h3 class=\"elementor-heading-title elementor-size-default\">De varios pa\u00edses, con un solo coraz\u00f3n <\/h3>\t\t\t\t<\/div>\n\t\t\t\t\t<\/div>\n\t\t<\/div>\n\t\t\t\t\t<\/div>\n\t\t<\/section>\n\t\t\t\t<section data-particle_enable=\"false\" data-particle-mobile-disabled=\"false\" class=\"elementor-section elementor-top-section elementor-element elementor-element-3ded6e8 elementor-section-boxed elementor-section-height-default elementor-section-height-default\" data-id=\"3ded6e8\" data-element_type=\"section\" data-e-type=\"section\">\n\t\t\t\t\t\t<div class=\"elementor-container elementor-column-gap-default\">\n\t\t\t\t\t<div class=\"elementor-column elementor-col-100 elementor-top-column elementor-element elementor-element-809e427\" data-id=\"809e427\" data-element_type=\"column\" data-e-type=\"column\">\n\t\t\t<div class=\"elementor-widget-wrap elementor-element-populated\">\n\t\t\t\t\t\t<div class=\"elementor-element elementor-element-5ca874b elementor-widget elementor-widget-text-editor\" data-id=\"5ca874b\" data-element_type=\"widget\" data-e-type=\"widget\" data-widget_type=\"text-editor.default\">\n\t\t\t\t\t\t\t\t\t<p>Asistieron a la concentraci\u00f3n pac\u00edfica cerca de 2 mil personas originarias de diversos pa\u00edses latinoamericanos, incluyendo Guatemala. Muchos no pudieron llegar debido a sus trabajos, sin embargo tambi\u00e9n hubo varios restaurantes y comercios que cerraron sus puertas en apoyo a la manifestaci\u00f3n pac\u00edfica de los migrantes.\u00a0<\/p><p>Muchos de los manifestantes e impulsores de la marcha pac\u00edfica ya son ciudadanos de Estados Unidos pero son solidarios conquienes a\u00fan no tienen un estatus legal de estad\u00eda. Conocen lo que es vivir en esa situaci\u00f3n. Por ello se sienten involucrados y responsables, porque la ley va dirigida contra indocumentados, a quienes se capturar\u00eda bajo el delito llamado de &#8220;ocupaci\u00f3n ilegal&#8221;.<\/p><p>La actividad se efectu\u00f3 en 15 de mayo, porque en esa fecha, el Estado<span style=\"color: var( --e-global-color-text );\">de Oklahoma exalta el aporte de los hispanos a la econom\u00eda y la sociedad. Sin embargo en esta ocasi\u00f3nla comunidad, considera que no hay nada que celebrar, sino m\u00e1s bien lamentar, debido a los riesgos de perfilaci\u00f3n racista que tiene la<a href=\"https:\/\/soymigrante.com\/revista\/temor-y-rechazo-genera-proyecto-de-ley-antimigrantes-de-oklahoma\/\"> ley antimigrante HB 4156.<\/a><\/span><\/p><div>\u00a0<\/div>\t\t\t\t\t\t\t\t<\/div>\n\t\t\t\t\t<\/div>\n\t\t<\/div>\n\t\t\t\t\t<\/div>\n\t\t<\/section>\n\t\t\t\t<section data-particle_enable=\"false\" data-particle-mobile-disabled=\"false\" class=\"elementor-section elementor-top-section elementor-element elementor-element-aa2fbf7 elementor-section-boxed elementor-section-height-default elementor-section-height-default\" data-id=\"aa2fbf7\" data-element_type=\"section\" data-e-type=\"section\">\n\t\t\t\t\t\t<div class=\"elementor-container elementor-column-gap-default\">\n\t\t\t\t\t<div class=\"elementor-column elementor-col-100 elementor-top-column elementor-element elementor-element-d0ae826\" data-id=\"d0ae826\" data-element_type=\"column\" data-e-type=\"column\">\n\t\t\t<div class=\"elementor-widget-wrap elementor-element-populated\">\n\t\t\t\t\t\t<div class=\"elementor-element elementor-element-612f833 elementor-widget elementor-widget-video\" data-id=\"612f833\" data-element_type=\"widget\" data-e-type=\"widget\" data-settings=\"{&quot;youtube_url&quot;:&quot;https:\\\/\\\/www.youtube.com\\\/watch?v=FFk_ILfzo9U&quot;,&quot;video_type&quot;:&quot;youtube&quot;,&quot;controls&quot;:&quot;yes&quot;}\" data-widget_type=\"video.default\">\n\t\t\t\t\t\t\t<div class=\"elementor-wrapper elementor-open-inline\">\n\t\t\t<div class=\"elementor-video\"><\/div>\t\t<\/div>\n\t\t\t\t\t\t<\/div>\n\t\t\t\t\t<\/div>\n\t\t<\/div>\n\t\t\t\t\t<\/div>\n\t\t<\/section>\n\t\t\t\t<section data-particle_enable=\"false\" data-particle-mobile-disabled=\"false\" class=\"elementor-section elementor-top-section elementor-element elementor-element-5fe1c50 elementor-section-boxed elementor-section-height-default elementor-section-height-default\" data-id=\"5fe1c50\" data-element_type=\"section\" data-e-type=\"section\">\n\t\t\t\t\t\t<div class=\"elementor-container elementor-column-gap-default\">\n\t\t\t\t\t<div class=\"elementor-column elementor-col-100 elementor-top-column elementor-element elementor-element-68b3351\" data-id=\"68b3351\" data-element_type=\"column\" data-e-type=\"column\">\n\t\t\t<div class=\"elementor-widget-wrap elementor-element-populated\">\n\t\t\t\t\t\t<div class=\"elementor-element elementor-element-112a04f elementor-widget elementor-widget-heading\" data-id=\"112a04f\" data-element_type=\"widget\" data-e-type=\"widget\" data-widget_type=\"heading.default\">\n\t\t\t\t\t<h3 class=\"elementor-heading-title elementor-size-default\">M\u00e1s que una sola acci\u00f3n: una ruta de cambio  <\/h3>\t\t\t\t<\/div>\n\t\t\t\t\t<\/div>\n\t\t<\/div>\n\t\t\t\t\t<\/div>\n\t\t<\/section>\n\t\t\t\t<section data-particle_enable=\"false\" data-particle-mobile-disabled=\"false\" class=\"elementor-section elementor-top-section elementor-element elementor-element-95f8b33 elementor-section-boxed elementor-section-height-default elementor-section-height-default\" data-id=\"95f8b33\" data-element_type=\"section\" data-e-type=\"section\">\n\t\t\t\t\t\t<div class=\"elementor-container elementor-column-gap-default\">\n\t\t\t\t\t<div class=\"elementor-column elementor-col-100 elementor-top-column elementor-element elementor-element-e24e057\" data-id=\"e24e057\" data-element_type=\"column\" data-e-type=\"column\">\n\t\t\t<div class=\"elementor-widget-wrap elementor-element-populated\">\n\t\t\t\t\t\t<div class=\"elementor-element elementor-element-c366449 elementor-widget elementor-widget-text-editor\" data-id=\"c366449\" data-element_type=\"widget\" data-e-type=\"widget\" data-widget_type=\"text-editor.default\">\n\t\t\t\t\t\t\t\t\t<p><span style=\"color: var( --e-global-color-text );\">Este 2024 es a\u00f1o electoral en Estados Unidos y por supuesto en Oklahoma. Por eso la manifestaci\u00f3n pac\u00edfica es solo es el inicio de una acci\u00f3n m\u00e1s grande:\u00a0<\/span><\/p><p><span style=\"color: var( --e-global-color-text );\">&#8220;Nuestro plan es motivar que m\u00e1s votantes se registren, para que en noviembre puedan puedan apoyar a l\u00edderes con ideales y que representen a los hispanos&#8221;, agrega C\u00e9sar Reyes, en referencia a que<a href=\"https:\/\/soymigrante.com\/revista\/temor-y-rechazo-genera-proyecto-de-ley-antimigrantes-de-oklahoma\/\"> la HB 4156 fue apoyada por la C\u00e1mara Estatal, el Senado Estatal y el Gobernador.<\/a><\/span><\/p><p><span style=\"color: var( --e-global-color-text );\">&#8220;Ya d\u00e9jennos en paz, solo queremos trabajar&#8221; fue otra de las consignas expresadas en la manifestaci\u00f3n, seg\u00fan relata <a href=\"https:\/\/soymigrante.com\/revista\/maestra-guatemalteca-orienta-a-migrantes-en-oklahoma-e-e-u-u\/\">la migrante guatemalteca Saidy Orellana, radicada en Oklahoma.\u00a0<\/a><\/span><\/p>\t\t\t\t\t\t\t\t<\/div>\n\t\t\t\t\t<\/div>\n\t\t<\/div>\n\t\t\t\t\t<\/div>\n\t\t<\/section>\n\t\t\t\t<section data-particle_enable=\"false\" data-particle-mobile-disabled=\"false\" class=\"elementor-section elementor-top-section elementor-element elementor-element-6dc02b1 elementor-section-boxed elementor-section-height-default elementor-section-height-default\" data-id=\"6dc02b1\" data-element_type=\"section\" data-e-type=\"section\">\n\t\t\t\t\t\t<div class=\"elementor-container elementor-column-gap-default\">\n\t\t\t\t\t<div class=\"elementor-column elementor-col-100 elementor-top-column elementor-element elementor-element-e23c075\" data-id=\"e23c075\" data-element_type=\"column\" data-e-type=\"column\">\n\t\t\t<div class=\"elementor-widget-wrap elementor-element-populated\">\n\t\t\t\t\t\t<div class=\"elementor-element elementor-element-b584a15 elementor-widget elementor-widget-image\" data-id=\"b584a15\" data-element_type=\"widget\" data-e-type=\"widget\" data-widget_type=\"image.default\">\n\t\t\t\t\t\t\t\t\t\t\t\t<figure class=\"wp-caption\">\n\t\t\t\t\t\t\t\t\t\t<img decoding=\"async\" width=\"768\" height=\"539\" src=\"https:\/\/soymigrante.com\/revista\/wp-content\/uploads\/2024\/05\/441903571_8599630863387116_6805912555024245834_n-1024x718.webp\" class=\"attachment-large size-large wp-image-6472\" alt=\"Guatemaltecos en manifestaci\u00f3n con bandera en una marcha por derechos y representaci\u00f3n de migrantes en Estados Unidos, mostrando orgullo y solidaridad con su comunidad.\" srcset=\"https:\/\/soymigrante.com\/revista\/wp-content\/uploads\/2024\/05\/441903571_8599630863387116_6805912555024245834_n-1024x718.webp 1024w, https:\/\/soymigrante.com\/revista\/wp-content\/uploads\/2024\/05\/441903571_8599630863387116_6805912555024245834_n-300x210.webp 300w, https:\/\/soymigrante.com\/revista\/wp-content\/uploads\/2024\/05\/441903571_8599630863387116_6805912555024245834_n-768x538.webp 768w, https:\/\/soymigrante.com\/revista\/wp-content\/uploads\/2024\/05\/441903571_8599630863387116_6805912555024245834_n-750x526.webp 750w, https:\/\/soymigrante.com\/revista\/wp-content\/uploads\/2024\/05\/441903571_8599630863387116_6805912555024245834_n-1140x799.webp 1140w, https:\/\/soymigrante.com\/revista\/wp-content\/uploads\/2024\/05\/441903571_8599630863387116_6805912555024245834_n.webp 1498w\" sizes=\"(max-width: 768px) 100vw, 768px\" title=\"Migrantes guatemaltecos radicados en Oklahoma participaron con entusiasmo y esperanza (Fotograf\u00eda \u2013 SoyMigrante.com REVISTA\" \/>\t\t\t\t\t\t\t\t\t\t\t<figcaption class=\"widget-image-caption wp-caption-text\">Grupo de guatemaltecos en una manifestaci\u00f3n o evento c\u00edvico, portando la bandera nacional en un espacio abierto con muchas personas.<\/figcaption>\n\t\t\t\t\t\t\t\t\t\t<\/figure>\n\t\t\t\t\t\t\t\t\t<\/div>\n\t\t\t\t\t<\/div>\n\t\t<\/div>\n\t\t\t\t\t<\/div>\n\t\t<\/section>\n\t\t\t\t<section data-particle_enable=\"false\" data-particle-mobile-disabled=\"false\" class=\"elementor-section elementor-top-section elementor-element elementor-element-83fa2b3 elementor-section-boxed elementor-section-height-default elementor-section-height-default\" data-id=\"83fa2b3\" data-element_type=\"section\" data-e-type=\"section\">\n\t\t\t\t\t\t<div class=\"elementor-container elementor-column-gap-default\">\n\t\t\t\t\t<div class=\"elementor-column elementor-col-100 elementor-top-column elementor-element elementor-element-b2e5946\" data-id=\"b2e5946\" data-element_type=\"column\" data-e-type=\"column\">\n\t\t\t<div class=\"elementor-widget-wrap elementor-element-populated\">\n\t\t\t\t\t\t<div class=\"elementor-element elementor-element-f75f405 elementor-widget elementor-widget-heading\" data-id=\"f75f405\" data-element_type=\"widget\" data-e-type=\"widget\" data-widget_type=\"heading.default\">\n\t\t\t\t\t<h3 class=\"elementor-heading-title elementor-size-default\">\"Todos somos Oklahoma\" <\/h3>\t\t\t\t<\/div>\n\t\t\t\t\t<\/div>\n\t\t<\/div>\n\t\t\t\t\t<\/div>\n\t\t<\/section>\n\t\t\t\t<section data-particle_enable=\"false\" data-particle-mobile-disabled=\"false\" class=\"elementor-section elementor-top-section elementor-element elementor-element-a7ed8ed elementor-section-boxed elementor-section-height-default elementor-section-height-default\" data-id=\"a7ed8ed\" data-element_type=\"section\" data-e-type=\"section\">\n\t\t\t\t\t\t<div class=\"elementor-container elementor-column-gap-default\">\n\t\t\t\t\t<div class=\"elementor-column elementor-col-100 elementor-top-column elementor-element elementor-element-54a1999\" data-id=\"54a1999\" data-element_type=\"column\" data-e-type=\"column\">\n\t\t\t<div class=\"elementor-widget-wrap elementor-element-populated\">\n\t\t\t\t\t\t<div class=\"elementor-element elementor-element-6080eac elementor-widget elementor-widget-text-editor\" data-id=\"6080eac\" data-element_type=\"widget\" data-e-type=\"widget\" data-widget_type=\"text-editor.default\">\n\t\t\t\t\t\t\t\t\t<p>&#8220;Pongan esto en los libros de historia. Miles de latinos o hispanos residentes en Oklahoma se manifiestan contra el racismo, la intolerancia y la opresi\u00f3n. Este es solo el comienzo y el paso m\u00e1s importante es involucrarse c\u00edvicamente en las alecciones primarias y generales de 2024&#8221;, expresa Jos\u00e9 Jes\u00fas Rodr\u00edguez, integrante de la Liga de Ciudadanos Americanos Hispanos, que tambi\u00e9n particip\u00f3 en la expresi\u00f3n colectiva de rechazo a la ley antimigrantes.<\/p><p>&#8220;Varios negocios cerraron sus puertas para mostrar el apoyo a la actividad y tambi\u00e9n para hacer ver c\u00f3mo los latinos aportamos a la econom\u00eda con nuestros impuestos&#8221;, <a href=\"https:\/\/soymigrante.com\/revista\/williamel-chapincillo-migrante-en-busca-de-un-mejor-destino\/\">dijo William Vel\u00e1squez Soto, emprendedor guatemalteco<\/a> radicado en Oklahoma City quien recientemente particip\u00f3 en una campa\u00f1a de ayuda a damnificados por tornados en dicho Estado.<\/p>\t\t\t\t\t\t\t\t<\/div>\n\t\t\t\t\t<\/div>\n\t\t<\/div>\n\t\t\t\t\t<\/div>\n\t\t<\/section>\n\t\t\t\t<section data-particle_enable=\"false\" data-particle-mobile-disabled=\"false\" class=\"elementor-section elementor-top-section elementor-element elementor-element-9edea66 elementor-section-boxed elementor-section-height-default elementor-section-height-default\" data-id=\"9edea66\" data-element_type=\"section\" data-e-type=\"section\">\n\t\t\t\t\t\t<div class=\"elementor-container elementor-column-gap-default\">\n\t\t\t\t\t<div class=\"elementor-column elementor-col-100 elementor-top-column elementor-element elementor-element-a62695e\" data-id=\"a62695e\" data-element_type=\"column\" data-e-type=\"column\">\n\t\t\t<div class=\"elementor-widget-wrap elementor-element-populated\">\n\t\t\t\t\t\t<div class=\"elementor-element elementor-element-3406495 elementor-widget elementor-widget-html\" data-id=\"3406495\" data-element_type=\"widget\" data-e-type=\"widget\" data-widget_type=\"html.default\">\n\t\t\t\t\t<iframe src=\"https:\/\/www.facebook.com\/plugins\/post.php?href=https%3A%2F%2Fwww.facebook.com%2Fjose.rodriguez.9421%2Fposts%2Fpfbid023uyeKhQAJRY2voWQbvDcTWSk83TUDrsQ4qj77ZRvSevD1RJTWQRKQXHpthSzyes9l&show_text=true&width=500&is_preview=true\" width=\"500\" height=\"767\" style=\"border:none;overflow:hidden\" scrolling=\"no\" frameborder=\"0\" allowfullscreen=\"true\" allow=\"autoplay; clipboard-write; encrypted-media; picture-in-picture; web-share\"><\/iframe>\t\t\t\t<\/div>\n\t\t\t\t\t<\/div>\n\t\t<\/div>\n\t\t\t\t\t<\/div>\n\t\t<\/section>\n\t\t\t\t<section data-particle_enable=\"false\" data-particle-mobile-disabled=\"false\" class=\"elementor-section elementor-top-section elementor-element elementor-element-61d4c57 elementor-section-boxed elementor-section-height-default elementor-section-height-default\" data-id=\"61d4c57\" data-element_type=\"section\" data-e-type=\"section\">\n\t\t\t\t\t\t<div class=\"elementor-container elementor-column-gap-default\">\n\t\t\t\t\t<div class=\"elementor-column elementor-col-100 elementor-top-column elementor-element elementor-element-8c1f0ac\" data-id=\"8c1f0ac\" data-element_type=\"column\" data-e-type=\"column\">\n\t\t\t<div class=\"elementor-widget-wrap elementor-element-populated\">\n\t\t\t\t\t\t<div class=\"elementor-element elementor-element-e5de667 elementor-widget elementor-widget-image\" data-id=\"e5de667\" data-element_type=\"widget\" data-e-type=\"widget\" data-widget_type=\"image.default\">\n\t\t\t\t\t\t\t\t\t\t\t\t<figure class=\"wp-caption\">\n\t\t\t\t\t\t\t\t\t\t<img decoding=\"async\" width=\"768\" height=\"541\" src=\"https:\/\/soymigrante.com\/revista\/wp-content\/uploads\/2024\/05\/441533407_8599637123386490_2569083395614590902_n-1024x721.webp\" class=\"attachment-large size-large wp-image-6473\" alt=\"Relevancia: No relevante para la tem\u00e1tica de SoyMigrante.com REVISTA.\" srcset=\"https:\/\/soymigrante.com\/revista\/wp-content\/uploads\/2024\/05\/441533407_8599637123386490_2569083395614590902_n-1024x721.webp 1024w, https:\/\/soymigrante.com\/revista\/wp-content\/uploads\/2024\/05\/441533407_8599637123386490_2569083395614590902_n-300x211.webp 300w, https:\/\/soymigrante.com\/revista\/wp-content\/uploads\/2024\/05\/441533407_8599637123386490_2569083395614590902_n-768x541.webp 768w, https:\/\/soymigrante.com\/revista\/wp-content\/uploads\/2024\/05\/441533407_8599637123386490_2569083395614590902_n-1536x1082.webp 1536w, https:\/\/soymigrante.com\/revista\/wp-content\/uploads\/2024\/05\/441533407_8599637123386490_2569083395614590902_n-120x86.webp 120w, https:\/\/soymigrante.com\/revista\/wp-content\/uploads\/2024\/05\/441533407_8599637123386490_2569083395614590902_n-750x528.webp 750w, https:\/\/soymigrante.com\/revista\/wp-content\/uploads\/2024\/05\/441533407_8599637123386490_2569083395614590902_n-1140x803.webp 1140w, https:\/\/soymigrante.com\/revista\/wp-content\/uploads\/2024\/05\/441533407_8599637123386490_2569083395614590902_n.webp 1542w\" sizes=\"(max-width: 768px) 100vw, 768px\" title=\"L\u00edderes migrantes hicieron o\u00edr sus voces en favor de mayor tolerancia y apertura al aporte hispano en Oklahoma. En el podio instalado frente al Capitolio estatal, llamaron a que se derogue la Ley Antimigrantes. \u2013 SoyMigrante.com REVISTA\" \/>\t\t\t\t\t\t\t\t\t\t\t<figcaption class=\"widget-image-caption wp-caption-text\">Soldados con banderas, un orador hablando en un podio, en una manifestaci\u00f3n con banderas de EE. UU. y Guatemala, en un entorno al aire libre, en un evento p\u00fablico o manifestaci\u00f3n.<\/figcaption>\n\t\t\t\t\t\t\t\t\t\t<\/figure>\n\t\t\t\t\t\t\t\t\t<\/div>\n\t\t\t\t\t<\/div>\n\t\t<\/div>\n\t\t\t\t\t<\/div>\n\t\t<\/section>\n\t\t\t\t<section data-particle_enable=\"false\" data-particle-mobile-disabled=\"false\" class=\"elementor-section elementor-top-section elementor-element elementor-element-293d2a4 elementor-section-boxed elementor-section-height-default elementor-section-height-default\" data-id=\"293d2a4\" data-element_type=\"section\" data-e-type=\"section\">\n\t\t\t\t\t\t<div class=\"elementor-container elementor-column-gap-default\">\n\t\t\t\t\t<div class=\"elementor-column elementor-col-100 elementor-top-column elementor-element elementor-element-20e1866\" data-id=\"20e1866\" data-element_type=\"column\" data-e-type=\"column\">\n\t\t\t<div class=\"elementor-widget-wrap elementor-element-populated\">\n\t\t\t\t\t\t<div class=\"elementor-element elementor-element-c413519 elementor-grid-eael-col-3 elementor-grid-tablet-eael-col-2 elementor-grid-mobile-eael-col-1 elementor-widget elementor-widget-eael-post-grid\" data-id=\"c413519\" data-element_type=\"widget\" data-e-type=\"widget\" data-settings=\"{&quot;eael_post_grid_columns&quot;:&quot;eael-col-3&quot;,&quot;eael_post_grid_columns_tablet&quot;:&quot;eael-col-2&quot;,&quot;eael_post_grid_columns_mobile&quot;:&quot;eael-col-1&quot;}\" data-widget_type=\"eael-post-grid.default\">\n\t\t\t\t\t<div id=\"eael-post-grid-c413519\" class=\"eael-post-grid-container\">\n            <div class=\"eael-post-grid eael-post-appender eael-post-appender-c413519 eael-post-grid-style-one\" data-layout-mode=\"masonry\"><article class=\"eael-grid-post  eael-post-grid-column eael-pg-post-6247 category-estamos-unidos\" data-id=\"6247\">\n        <div class=\"eael-grid-post-holder\">\n            <div class=\"eael-grid-post-holder-inner\"><div class=\"eael-entry-media\"><div class=\"eael-entry-overlay fade-in\"><i class=\"fas fa-long-arrow-alt-right\" aria-hidden=\"true\"><\/i><a href=\"https:\/\/soymigrante.com\/revista\/solidaridad-migrantes-hispanos-oklahoma-victimas-tornado-sulphur\/\"><\/a><\/div><div class=\"eael-entry-thumbnail \">\n                <img loading=\"lazy\" decoding=\"async\" width=\"269\" height=\"300\" src=\"https:\/\/soymigrante.com\/revista\/wp-content\/uploads\/2024\/04\/Captura-de-pantalla-2024-04-30-234934-269x300.webp\" class=\"attachment-medium size-medium wp-image-6248\" alt=\"Manos con aud\u00edfonos y gafas de sol en evento de migrantes en exteriores, sonriendo y mostrando actitud positiva.\" srcset=\"https:\/\/soymigrante.com\/revista\/wp-content\/uploads\/2024\/04\/Captura-de-pantalla-2024-04-30-234934-269x300.webp 269w, https:\/\/soymigrante.com\/revista\/wp-content\/uploads\/2024\/04\/Captura-de-pantalla-2024-04-30-234934.webp 533w\" sizes=\"(max-width: 269px) 100vw, 269px\" \/>\n            <\/div>\n        <\/div><div class=\"eael-entry-wrapper\"><header class=\"eael-entry-header\"><h2 class=\"eael-entry-title\"><a class=\"eael-grid-post-link\" href=\"https:\/\/soymigrante.com\/revista\/solidaridad-migrantes-hispanos-oklahoma-victimas-tornado-sulphur\/\" title=\"Migrantes ayudan a damnificados por tornado en Sulphur, Oklahoma\">Migrantes ayudan a damnificados por tornado en Sulphur, Oklahoma<\/a><\/h2><\/header><div class=\"eael-entry-content\">\n                        <div class=\"eael-grid-post-excerpt\"><a href=\"https:\/\/soymigrante.com\/revista\/solidaridad-migrantes-hispanos-oklahoma-victimas-tornado-sulphur\/\" class=\"eael-post-elements-readmore-btn\">Leer m\u00e1s<\/a><\/div>\n                    <\/div><\/div><\/div>\n        <\/div>\n    <\/article><article class=\"eael-grid-post  eael-post-grid-column eael-pg-post-6058 category-lugar-de-voces\" data-id=\"6058\">\n        <div class=\"eael-grid-post-holder\">\n            <div class=\"eael-grid-post-holder-inner\"><div class=\"eael-entry-media\"><div class=\"eael-entry-overlay fade-in\"><i class=\"fas fa-long-arrow-alt-right\" aria-hidden=\"true\"><\/i><a href=\"https:\/\/soymigrante.com\/revista\/ley-antimigrantes-en-florida-no-solo-es-una-vienen-tres-mas\/\"><\/a><\/div><div class=\"eael-entry-thumbnail \">\n                <img loading=\"lazy\" decoding=\"async\" width=\"300\" height=\"219\" src=\"https:\/\/soymigrante.com\/revista\/wp-content\/uploads\/2024\/04\/carros-300x219.webp\" class=\"attachment-medium size-medium wp-image-6060\" alt=\"Accidente de tr\u00e1fico con sirenas policiales en la noche en una ciudad. Veh\u00edculos de emergencia con luces azules y rojas activadas en una escena de accidente vial.\" srcset=\"https:\/\/soymigrante.com\/revista\/wp-content\/uploads\/2024\/04\/carros-300x219.webp 300w, https:\/\/soymigrante.com\/revista\/wp-content\/uploads\/2024\/04\/carros-1024x746.webp 1024w, https:\/\/soymigrante.com\/revista\/wp-content\/uploads\/2024\/04\/carros-768x560.webp 768w, https:\/\/soymigrante.com\/revista\/wp-content\/uploads\/2024\/04\/carros-750x547.webp 750w, https:\/\/soymigrante.com\/revista\/wp-content\/uploads\/2024\/04\/carros-1140x831.webp 1140w, https:\/\/soymigrante.com\/revista\/wp-content\/uploads\/2024\/04\/carros.webp 1147w\" sizes=\"(max-width: 300px) 100vw, 300px\" \/>\n            <\/div>\n        <\/div><div class=\"eael-entry-wrapper\"><header class=\"eael-entry-header\"><h2 class=\"eael-entry-title\"><a class=\"eael-grid-post-link\" href=\"https:\/\/soymigrante.com\/revista\/ley-antimigrantes-en-florida-no-solo-es-una-vienen-tres-mas\/\" title=\"Ley antimigrantes en Florida: no solo es una, vienen tres m\u00e1s\">Ley antimigrantes en Florida: no solo es una, vienen tres m\u00e1s<\/a><\/h2><\/header><div class=\"eael-entry-content\">\n                        <div class=\"eael-grid-post-excerpt\"><a href=\"https:\/\/soymigrante.com\/revista\/ley-antimigrantes-en-florida-no-solo-es-una-vienen-tres-mas\/\" class=\"eael-post-elements-readmore-btn\">Leer m\u00e1s<\/a><\/div>\n                    <\/div><\/div><\/div>\n        <\/div>\n    <\/article><article class=\"eael-grid-post  eael-post-grid-column eael-pg-post-5883 category-estamos-unidos\" data-id=\"5883\">\n        <div class=\"eael-grid-post-holder\">\n            <div class=\"eael-grid-post-holder-inner\"><div class=\"eael-entry-media\"><div class=\"eael-entry-overlay fade-in\"><i class=\"fas fa-long-arrow-alt-right\" aria-hidden=\"true\"><\/i><a href=\"https:\/\/soymigrante.com\/revista\/tps-para-guatemala-que-es-y-que-falta-para-que-sea-otorgado\/\"><\/a><\/div><div class=\"eael-entry-thumbnail \">\n                <img loading=\"lazy\" decoding=\"async\" width=\"300\" height=\"200\" src=\"https:\/\/soymigrante.com\/revista\/wp-content\/uploads\/2024\/04\/tps-300x200.webp\" class=\"attachment-medium size-medium wp-image-5916\" alt=\"M\u00e9xico y Estados Unidos en una protesta comunitaria en Los \u00c1ngeles promoviendo derechos de migrantes y justicia social.\" srcset=\"https:\/\/soymigrante.com\/revista\/wp-content\/uploads\/2024\/04\/tps-300x200.webp 300w, https:\/\/soymigrante.com\/revista\/wp-content\/uploads\/2024\/04\/tps-600x400.webp 600w, https:\/\/soymigrante.com\/revista\/wp-content\/uploads\/2024\/04\/tps.webp 749w\" sizes=\"(max-width: 300px) 100vw, 300px\" \/>\n            <\/div>\n        <\/div><div class=\"eael-entry-wrapper\"><header class=\"eael-entry-header\"><h2 class=\"eael-entry-title\"><a class=\"eael-grid-post-link\" href=\"https:\/\/soymigrante.com\/revista\/tps-para-guatemala-que-es-y-que-falta-para-que-sea-otorgado\/\" title=\"TPS para Guatemala:  \u00bfQu\u00e9 es y c\u00f3mo me puedo sumar para solicitarlo?\">TPS para Guatemala:  \u00bfQu\u00e9 es y c\u00f3mo me puedo sumar para solicitarlo?<\/a><\/h2><\/header><div class=\"eael-entry-content\">\n                        <div class=\"eael-grid-post-excerpt\"><a href=\"https:\/\/soymigrante.com\/revista\/tps-para-guatemala-que-es-y-que-falta-para-que-sea-otorgado\/\" class=\"eael-post-elements-readmore-btn\">Leer m\u00e1s<\/a><\/div>\n                    <\/div><\/div><\/div>\n        <\/div>\n    <\/article><\/div>\n            <div class=\"clearfix\"><\/div>\n        <\/div>\t\t\t\t<\/div>\n\t\t\t\t\t<\/div>\n\t\t<\/div>\n\t\t\t\t\t<\/div>\n\t\t<\/section>\n\t\t\t\t<\/div>\n\t\t","protected":false},"excerpt":{"rendered":"<p>Rechazo a ley SB 4156 aprobada por la c\u00e1mara, senado y gobernador del Estado de Oklahoma fue el motivo de acci\u00f3n pac\u00edfica. D\u00eda en honor de los hispanos se convirti\u00f3 en ocasi\u00f3n de exaltar el aporte y trabajo de los migrantes. &#8220;Todos somos migrantes&#8221;&#8230;&#8221;Solo queremos trabajar en paz&#8221;&#8230; &#8220;Los migrantes hispanos trabajamos y aportamos&#8221; fueron [&hellip;]<\/p>\n","protected":false},"author":7,"featured_media":6444,"comment_status":"open","ping_status":"open","sticky":false,"template":"","format":"standard","meta":{"_acf_changed":true,"_eb_attr":"","footnotes":""},"categories":[54],"tags":[],"class_list":["post-6443","post","type-post","status-publish","format-standard","has-post-thumbnail","hentry","category-estamos-unidos"],"acf":[],"aioseo_notices":[],"aioseo_head":"\n\t\t<!-- All in One SEO Pro 4.9.6.2 - aioseo.com -->\n\t<meta name=\"description\" content=\"El TPS (Estatus de Protecci\u00f3n Temporal, por sus siglas en ingl\u00e9s), es un amparo migratorio temporal creado por EE.UU., para que personas, bajo peligros en su pa\u00eds de origen, puedan trabajar y vivir en Estados Unidos. La petici\u00f3n de un TPS para Guatemala se ha reavivado en las semanas recientes ante la administraci\u00f3n de Joe\" \/>\n\t<meta name=\"robots\" content=\"max-snippet:-1, max-image-preview:large, max-video-preview:-1\" \/>\n\t<meta name=\"author\" content=\"Gustavo Montenegro\"\/>\n\t<link rel=\"canonical\" href=\"https:\/\/soymigrante.com\/revista\/ley-antimigrante-oklahoma-sb4156-rechazo-manifestacion-pacifica\/\" \/>\n\t<meta name=\"generator\" content=\"All in One SEO Pro (AIOSEO) 4.9.6.2\" \/>\n\n\t\t<link rel=\"preconnect\" href=\"https:\/\/fonts.googleapis.com\" crossorigin>\n<link rel=\"preconnect\" href=\"https:\/\/fonts.gstatic.com\" crossorigin>\n\t\t<meta property=\"og:locale\" content=\"es_ES\" \/>\n\t\t<meta property=\"og:site_name\" content=\"SoyMigrante.com REVISTA \u2013 Nuestra misi\u00f3n es reconocer y dignificar al migrante.\" \/>\n\t\t<meta property=\"og:type\" content=\"article\" \/>\n\t\t<meta property=\"og:title\" content=\"#Oklahoma: prosiguen acciones pac\u00edficas contra ley antimigrantes\" \/>\n\t\t<meta property=\"og:description\" content=\"Comunidad migrante hispana de Oklahoma unida manifiesta pac\u00edficamente frente al Capitolio local su rechazo a ley SB-5140 y buscan v\u00edas pol\u00edticas para eliminarla\" \/>\n\t\t<meta property=\"og:url\" content=\"https:\/\/soymigrante.com\/revista\/ley-antimigrante-oklahoma-sb4156-rechazo-manifestacion-pacifica\/\" \/>\n\t\t<meta property=\"og:image\" content=\"https:\/\/soymigrante.com\/revista\/wp-content\/uploads\/2024\/05\/441544678_8599634190053450_2001109849089705680_n.jpg\" \/>\n\t\t<meta property=\"og:image:secure_url\" content=\"https:\/\/soymigrante.com\/revista\/wp-content\/uploads\/2024\/05\/441544678_8599634190053450_2001109849089705680_n.jpg\" \/>\n\t\t<meta property=\"og:image:width\" content=\"1542\" \/>\n\t\t<meta property=\"og:image:height\" content=\"1497\" \/>\n\t\t<meta property=\"article:published_time\" content=\"2024-05-16T15:25:32+00:00\" \/>\n\t\t<meta property=\"article:modified_time\" content=\"2024-07-27T21:04:06+00:00\" \/>\n\t\t<meta property=\"article:publisher\" content=\"https:\/\/www.facebook.com\/soymigrantecom\" \/>\n\t\t<meta name=\"twitter:card\" content=\"summary_large_image\" \/>\n\t\t<meta name=\"twitter:site\" content=\"@SoyMigrante_com\" \/>\n\t\t<meta name=\"twitter:title\" content=\"#Oklahoma: prosiguen acciones pac\u00edficas contra ley antimigrantes\" \/>\n\t\t<meta name=\"twitter:description\" content=\"Comunidad migrante hispana de Oklahoma unida manifiesta pac\u00edficamente frente al Capitolio local su rechazo a ley SB-5140 y buscan v\u00edas pol\u00edticas para eliminarla\" \/>\n\t\t<meta name=\"twitter:creator\" content=\"@SoyMigrante_com\" \/>\n\t\t<meta name=\"twitter:image\" content=\"https:\/\/soymigrante.com\/revista\/wp-content\/uploads\/2024\/05\/441544678_8599634190053450_2001109849089705680_n.webp\" \/>\n\t\t<!-- All in One SEO Pro -->\r\n\t\t<title>#Oklahoma: prosiguen acciones pac\u00edficas contra ley antimigrantes<\/title>\n\n","aioseo_head_json":{"title":"#Oklahoma: prosiguen acciones pac\u00edficas contra ley antimigrantes","description":"Comunidad migrante hispana de Oklahoma unida manifiesta pac\u00edficamente frente al Capitolio local su rechazo a ley SB-5140 y buscan v\u00edas pol\u00edticas para eliminarla","canonical_url":"https:\/\/soymigrante.com\/revista\/ley-antimigrante-oklahoma-sb4156-rechazo-manifestacion-pacifica\/","robots":"max-snippet:-1, max-image-preview:large, max-video-preview:-1","keywords":"","webmasterTools":{"miscellaneous":"&lt;link rel=\"preconnect\" href=\"https:\/\/fonts.googleapis.com\" crossorigin&gt;\n&lt;link rel=\"preconnect\" href=\"https:\/\/fonts.gstatic.com\" crossorigin&gt;"},"schema":null,"og:locale":"es_ES","og:site_name":"SoyMigrante.com REVISTA \u2013 Nuestra misi\u00f3n es reconocer y dignificar al migrante.","og:type":"article","og:title":"#Oklahoma: prosiguen acciones pac\u00edficas contra ley antimigrantes","og:description":"Comunidad migrante hispana de Oklahoma unida manifiesta pac\u00edficamente frente al Capitolio local su rechazo a ley SB-5140 y buscan v\u00edas pol\u00edticas para eliminarla","og:url":"https:\/\/soymigrante.com\/revista\/ley-antimigrante-oklahoma-sb4156-rechazo-manifestacion-pacifica\/","og:image":"https:\/\/soymigrante.com\/revista\/wp-content\/uploads\/2024\/05\/441544678_8599634190053450_2001109849089705680_n.jpg","og:image:secure_url":"https:\/\/soymigrante.com\/revista\/wp-content\/uploads\/2024\/05\/441544678_8599634190053450_2001109849089705680_n.jpg","og:image:width":"1542","og:image:height":"1497","article:published_time":"2024-05-16T15:25:32+00:00","article:modified_time":"2024-07-27T21:04:06+00:00","article:publisher":"https:\/\/www.facebook.com\/soymigrantecom","twitter:card":"summary_large_image","twitter:site":"@SoyMigrante_com","twitter:title":"#Oklahoma: prosiguen acciones pac\u00edficas contra ley antimigrantes","twitter:description":"Comunidad migrante hispana de Oklahoma unida manifiesta pac\u00edficamente frente al Capitolio local su rechazo a ley SB-5140 y buscan v\u00edas pol\u00edticas para eliminarla","twitter:creator":"@SoyMigrante_com","twitter:image":"https:\/\/soymigrante.com\/revista\/wp-content\/uploads\/2024\/05\/441544678_8599634190053450_2001109849089705680_n.webp"},"aioseo_meta_data":{"post_id":"6443","title":"#Oklahoma: prosiguen acciones pac\u00edficas contra ley antimigrantes","description":"Comunidad migrante hispana de Oklahoma unida manifiesta pac\u00edficamente frente al Capitolio local su rechazo a ley SB-5140 y buscan v\u00edas pol\u00edticas para eliminarla","keywords":null,"keyphrases":{"focus":{"keyphrase":"Ley Antimigrantes","score":68,"analysis":{"keyphraseInTitle":{"score":9,"maxScore":9,"error":0},"keyphraseInDescription":{"score":3,"maxScore":9,"error":1},"keyphraseLength":{"score":9,"maxScore":9,"error":0,"length":2},"keyphraseInURL":{"score":1,"maxScore":5,"error":1},"keyphraseInIntroduction":{"score":3,"maxScore":9,"error":1},"keyphraseInSubHeadings":{"score":3,"maxScore":9,"error":1},"keyphraseInImageAlt":{"score":9,"maxScore":9,"error":0},"keywordDensity":{"type":"best","score":9,"maxScore":9,"error":0}}},"additional":[]},"primary_term":null,"canonical_url":null,"og_title":null,"og_description":null,"og_object_type":"default","og_image_type":"featured","og_image_url":"https:\/\/soymigrante.com\/revista\/wp-content\/uploads\/2024\/05\/441544678_8599634190053450_2001109849089705680_n.jpg","og_image_width":"1542","og_image_height":"1497","og_image_custom_url":null,"og_image_custom_fields":null,"og_video":"","og_custom_url":null,"og_article_section":null,"og_article_tags":null,"twitter_use_og":false,"twitter_card":"default","twitter_image_type":"default","twitter_image_url":null,"twitter_image_custom_url":null,"twitter_image_custom_fields":null,"twitter_title":null,"twitter_description":null,"schema":{"blockGraphs":[],"customGraphs":[],"default":{"data":{"Article":[],"Course":[],"Dataset":[],"FAQPage":[],"Movie":[],"Person":[],"Product":[],"ProductReview":[],"Car":[],"Recipe":[],"Service":[],"SoftwareApplication":[],"WebPage":[]},"graphName":"BlogPosting","isEnabled":true},"graphs":[]},"schema_type":"default","schema_type_options":null,"pillar_content":false,"robots_default":true,"robots_noindex":false,"robots_noarchive":false,"robots_nosnippet":false,"robots_nofollow":false,"robots_noimageindex":false,"robots_noodp":false,"robots_notranslate":false,"robots_max_snippet":"-1","robots_max_videopreview":"-1","robots_max_imagepreview":"large","priority":null,"frequency":"default","local_seo":null,"seo_analyzer_scan_date":"2025-10-08 21:50:56","breadcrumb_settings":null,"limit_modified_date":false,"reviewed_by":null,"open_ai":"{\"title\":{\"suggestions\":[],\"usage\":0},\"description\":{\"suggestions\":[],\"usage\":0}}","ai":null,"created":"2024-05-16 14:16:44","updated":"2026-02-04 11:50:06"},"aioseo_breadcrumb":"<div class=\"aioseo-breadcrumbs\"><span class=\"aioseo-breadcrumb\">\n\t<a href=\"https:\/\/soymigrante.com\/revista\" title=\"Home\">Home<\/a>\n<\/span><span class=\"aioseo-breadcrumb-separator\">\u00bb<\/span><span class=\"aioseo-breadcrumb\">\n\t<a href=\"https:\/\/soymigrante.com\/revista\/category\/estamos-unidos\/\" title=\"Estamos Unidos\">Estamos Unidos<\/a>\n<\/span><span class=\"aioseo-breadcrumb-separator\">\u00bb<\/span><span class=\"aioseo-breadcrumb\">\n\tGuatemaltecos se suman a acciones pac\u00edficas contra ley antimigrantes de Oklahoma\n<\/span><\/div>","aioseo_breadcrumb_json":[{"label":"Home","link":"https:\/\/soymigrante.com\/revista"},{"label":"Estamos Unidos","link":"https:\/\/soymigrante.com\/revista\/category\/estamos-unidos\/"},{"label":"Guatemaltecos se suman a acciones pac\u00edficas contra ley antimigrantes de Oklahoma","link":"https:\/\/soymigrante.com\/revista\/ley-antimigrante-oklahoma-sb4156-rechazo-manifestacion-pacifica\/"}],"_links":{"self":[{"href":"https:\/\/soymigrante.com\/revista\/wp-json\/wp\/v2\/posts\/6443","targetHints":{"allow":["GET"]}}],"collection":[{"href":"https:\/\/soymigrante.com\/revista\/wp-json\/wp\/v2\/posts"}],"about":[{"href":"https:\/\/soymigrante.com\/revista\/wp-json\/wp\/v2\/types\/post"}],"author":[{"embeddable":true,"href":"https:\/\/soymigrante.com\/revista\/wp-json\/wp\/v2\/users\/7"}],"replies":[{"embeddable":true,"href":"https:\/\/soymigrante.com\/revista\/wp-json\/wp\/v2\/comments?post=6443"}],"version-history":[{"count":0,"href":"https:\/\/soymigrante.com\/revista\/wp-json\/wp\/v2\/posts\/6443\/revisions"}],"wp:featuredmedia":[{"embeddable":true,"href":"https:\/\/soymigrante.com\/revista\/wp-json\/wp\/v2\/media\/6444"}],"wp:attachment":[{"href":"https:\/\/soymigrante.com\/revista\/wp-json\/wp\/v2\/media?parent=6443"}],"wp:term":[{"taxonomy":"category","embeddable":true,"href":"https:\/\/soymigrante.com\/revista\/wp-json\/wp\/v2\/categories?post=6443"},{"taxonomy":"post_tag","embeddable":true,"href":"https:\/\/soymigrante.com\/revista\/wp-json\/wp\/v2\/tags?post=6443"}],"curies":[{"name":"wp","href":"https:\/\/api.w.org\/{rel}","templated":true}]}}