{"id":6429,"date":"2024-05-15T17:41:07","date_gmt":"2024-05-15T23:41:07","guid":{"rendered":"https:\/\/soymigrante.com\/revista\/?p=6429"},"modified":"2025-04-15T10:01:19","modified_gmt":"2025-04-15T16:01:19","slug":"donativo-migrantes-guatemaltecos-escuela-palencia-quetzi","status":"publish","type":"post","link":"https:\/\/soymigrante.com\/revista\/donativo-migrantes-guatemaltecos-escuela-palencia-quetzi\/","title":{"rendered":"Proyecto Quetzi: donaci\u00f3n migrante para ni\u00f1os y j\u00f3venes de una escuela en Guatemala"},"content":{"rendered":"\t\t<div data-elementor-type=\"wp-post\" data-elementor-id=\"6429\" class=\"elementor elementor-6429\" data-elementor-post-type=\"post\">\n\t\t\t\t\t\t<section data-particle_enable=\"false\" data-particle-mobile-disabled=\"false\" class=\"elementor-section elementor-top-section elementor-element elementor-element-3a0fdaa elementor-section-boxed elementor-section-height-default elementor-section-height-default\" data-id=\"3a0fdaa\" data-element_type=\"section\" data-e-type=\"section\">\n\t\t\t\t\t\t<div class=\"elementor-container elementor-column-gap-default\">\n\t\t\t\t\t<div class=\"elementor-column elementor-col-100 elementor-top-column elementor-element elementor-element-a3176f5\" data-id=\"a3176f5\" data-element_type=\"column\" data-e-type=\"column\">\n\t\t\t<div class=\"elementor-widget-wrap elementor-element-populated\">\n\t\t\t\t\t\t<div class=\"elementor-element elementor-element-48cd4d8 elementor-widget elementor-widget-heading\" data-id=\"48cd4d8\" data-element_type=\"widget\" data-e-type=\"widget\" data-widget_type=\"heading.default\">\n\t\t\t\t\t<h2 class=\"elementor-heading-title elementor-size-default\">En la escuela oficial de Palencia, Guatemala se efectu\u00f3 la entrega de \u00fatiles escolares y art\u00edculos de arte para estudiantes, para contribuir con la educaci\u00f3n. Sabemos que es poco, pero es de todo coraz\u00f3n.<\/h2>\t\t\t\t<\/div>\n\t\t\t\t\t<\/div>\n\t\t<\/div>\n\t\t\t\t\t<\/div>\n\t\t<\/section>\n\t\t\t\t<section data-particle_enable=\"false\" data-particle-mobile-disabled=\"false\" class=\"elementor-section elementor-top-section elementor-element elementor-element-d1f3c8d elementor-section-boxed elementor-section-height-default elementor-section-height-default\" data-id=\"d1f3c8d\" data-element_type=\"section\" data-e-type=\"section\">\n\t\t\t\t\t\t<div class=\"elementor-container elementor-column-gap-default\">\n\t\t\t\t\t<div class=\"elementor-column elementor-col-100 elementor-top-column elementor-element elementor-element-c48bb3c\" data-id=\"c48bb3c\" data-element_type=\"column\" data-e-type=\"column\">\n\t\t\t<div class=\"elementor-widget-wrap elementor-element-populated\">\n\t\t\t\t\t\t<div class=\"elementor-element elementor-element-afb4bca elementor-widget elementor-widget-text-editor\" data-id=\"afb4bca\" data-element_type=\"widget\" data-e-type=\"widget\" data-widget_type=\"text-editor.default\">\n\t\t\t\t\t\t\t\t\t<p><b>Por Rosario Rodr\u00edguez, <a href=\"https:\/\/soymigrante.com\/revista\/rosario-rodriguez-cineasta-guatemalteca-nueva-york\/\">migrante guatemalteca y realizadora audiovisual en Nueva York.<\/a><\/b><\/p>\t\t\t\t\t\t\t\t<\/div>\n\t\t\t\t\t<\/div>\n\t\t<\/div>\n\t\t\t\t\t<\/div>\n\t\t<\/section>\n\t\t\t\t<section data-particle_enable=\"false\" data-particle-mobile-disabled=\"false\" class=\"elementor-section elementor-top-section elementor-element elementor-element-9efc80d elementor-section-boxed elementor-section-height-default elementor-section-height-default\" data-id=\"9efc80d\" data-element_type=\"section\" data-e-type=\"section\">\n\t\t\t\t\t\t<div class=\"elementor-container elementor-column-gap-default\">\n\t\t\t\t\t<div class=\"elementor-column elementor-col-100 elementor-top-column elementor-element elementor-element-8a293a9\" data-id=\"8a293a9\" data-element_type=\"column\" data-e-type=\"column\">\n\t\t\t<div class=\"elementor-widget-wrap elementor-element-populated\">\n\t\t\t\t\t\t<div class=\"elementor-element elementor-element-cecbe38 elementor-widget elementor-widget-text-editor\" data-id=\"cecbe38\" data-element_type=\"widget\" data-e-type=\"widget\" data-widget_type=\"text-editor.default\">\n\t\t\t\t\t\t\t\t\t<p>El concepto de Quetzi, el Quetzal surgi\u00f3 de la mente art\u00edstica de la dise\u00f1adora gr\u00e1fica\u00a0 Trisha Mart\u00ednez, de ascendencia mexicana, para poder darle una imagen positiva a nuestra iniciativa de ayuda a la educaci\u00f3n guatemalteca.\u00a0<\/p><p>Ella quer\u00eda crear un quetzal, ave sagrada de los mayas de Guatemala el pa\u00eds donde nac\u00ed y me siento orgullosa de ser. Pero tambi\u00e9n era un ave de gran simbolismo para los aztecas. La llamamos Quetzi porque era una linda forma abreviada y conectarlo con nuestro s\u00edmbolo patrio.<\/p><p>Antes de que ella hiciera su ilustraci\u00f3n creativa de Quetzi, ten\u00edamos planeado de visitar Guatemala desde hace alg\u00fan tiempo y quer\u00edamos contribuir a la comunidad. Pero no est\u00e1bamos seguros de c\u00f3mo ni d\u00f3nde. Literalmente, el d\u00eda que creamos un GoFundMe fue cuando decidimos que ayudar\u00edamos a mi pueblo natal, Palencia, Guatemala.\u00a0<\/p>\t\t\t\t\t\t\t\t<\/div>\n\t\t\t\t\t<\/div>\n\t\t<\/div>\n\t\t\t\t\t<\/div>\n\t\t<\/section>\n\t\t\t\t<section data-particle_enable=\"false\" data-particle-mobile-disabled=\"false\" class=\"elementor-section elementor-top-section elementor-element elementor-element-2cff16d elementor-section-boxed elementor-section-height-default elementor-section-height-default\" data-id=\"2cff16d\" data-element_type=\"section\" data-e-type=\"section\">\n\t\t\t\t\t\t<div class=\"elementor-container elementor-column-gap-default\">\n\t\t\t\t\t<div class=\"elementor-column elementor-col-100 elementor-top-column elementor-element elementor-element-4374fa4\" data-id=\"4374fa4\" data-element_type=\"column\" data-e-type=\"column\">\n\t\t\t<div class=\"elementor-widget-wrap elementor-element-populated\">\n\t\t\t\t\t\t<div class=\"elementor-element elementor-element-639ef65 elementor-widget elementor-widget-image\" data-id=\"639ef65\" data-element_type=\"widget\" data-e-type=\"widget\" data-widget_type=\"image.default\">\n\t\t\t\t\t\t\t\t\t\t\t\t\t\t\t<img fetchpriority=\"high\" decoding=\"async\" width=\"722\" height=\"730\" src=\"https:\/\/soymigrante.com\/revista\/wp-content\/uploads\/2024\/05\/Captura-de-pantalla-2024-05-14-224619-1.webp\" class=\"attachment-large size-large wp-image-6437\" alt=\"Zorzal Quetzal, Project Palencia, Revista SoyMigrante, conservaci\u00f3n de aves, arte infantil, educaci\u00f3n ambiental, naturaleza, sur de M\u00e9xico, biodiversidad, creatividad, sensibilizaci\u00f3n ecol\u00f3gica, ilustraci\u00f3n de ave ex\u00f3tica.\" srcset=\"https:\/\/soymigrante.com\/revista\/wp-content\/uploads\/2024\/05\/Captura-de-pantalla-2024-05-14-224619-1.webp 722w, https:\/\/soymigrante.com\/revista\/wp-content\/uploads\/2024\/05\/Captura-de-pantalla-2024-05-14-224619-1-297x300.webp 297w, https:\/\/soymigrante.com\/revista\/wp-content\/uploads\/2024\/05\/Captura-de-pantalla-2024-05-14-224619-1-75x75.webp 75w\" sizes=\"(max-width: 722px) 100vw, 722px\" title=\"Quetzi representa todo un anhelo de hermandad, libertad, aprendizaje y superaci\u00f3n a trav\u00e9s de la educaci\u00f3n en Guatemala. (Ilustraci\u00f3n de Trisha Mart\u00ednez) \u2013 SoyMigrante.com REVISTA\" \/>\t\t\t\t\t\t\t\t\t\t\t\t\t\t\t<\/div>\n\t\t\t\t\t<\/div>\n\t\t<\/div>\n\t\t\t\t\t<\/div>\n\t\t<\/section>\n\t\t\t\t<section data-particle_enable=\"false\" data-particle-mobile-disabled=\"false\" class=\"elementor-section elementor-top-section elementor-element elementor-element-c85061e elementor-section-boxed elementor-section-height-default elementor-section-height-default\" data-id=\"c85061e\" data-element_type=\"section\" data-e-type=\"section\">\n\t\t\t\t\t\t<div class=\"elementor-container elementor-column-gap-default\">\n\t\t\t\t\t<div class=\"elementor-column elementor-col-100 elementor-top-column elementor-element elementor-element-5ad15a6\" data-id=\"5ad15a6\" data-element_type=\"column\" data-e-type=\"column\">\n\t\t\t<div class=\"elementor-widget-wrap elementor-element-populated\">\n\t\t\t\t\t\t<div class=\"elementor-element elementor-element-4daf2e3 elementor-widget elementor-widget-heading\" data-id=\"4daf2e3\" data-element_type=\"widget\" data-e-type=\"widget\" data-widget_type=\"heading.default\">\n\t\t\t\t\t<h3 class=\"elementor-heading-title elementor-size-default\">Nadie te puede quitar tu educaci\u00f3n, jam\u00e1s <\/h3>\t\t\t\t<\/div>\n\t\t\t\t\t<\/div>\n\t\t<\/div>\n\t\t\t\t\t<\/div>\n\t\t<\/section>\n\t\t\t\t<section data-particle_enable=\"false\" data-particle-mobile-disabled=\"false\" class=\"elementor-section elementor-top-section elementor-element elementor-element-7af81d8 elementor-section-boxed elementor-section-height-default elementor-section-height-default\" data-id=\"7af81d8\" data-element_type=\"section\" data-e-type=\"section\">\n\t\t\t\t\t\t<div class=\"elementor-container elementor-column-gap-default\">\n\t\t\t\t\t<div class=\"elementor-column elementor-col-100 elementor-top-column elementor-element elementor-element-a61ff05\" data-id=\"a61ff05\" data-element_type=\"column\" data-e-type=\"column\">\n\t\t\t<div class=\"elementor-widget-wrap elementor-element-populated\">\n\t\t\t\t\t\t<div class=\"elementor-element elementor-element-1b9b7fe elementor-widget elementor-widget-text-editor\" data-id=\"1b9b7fe\" data-element_type=\"widget\" data-e-type=\"widget\" data-widget_type=\"text-editor.default\">\n\t\t\t\t\t\t\t\t\t<p>Desafortunadamente, el 57% de mi pueblo vive en la pobreza y el 42% vive en la pobreza extrema. Mi pap\u00e1 solo lleg\u00f3 al tercer grado y mi mam\u00e1 al noveno grado, pero desde que migramos, Marvin, mi hermano y yo hemos sido los primeros en nuestra familia en graduarnos de la escuela secundaria en Greenport y de la universidad de SUNY Oneonta (2015 y 2019).\u00a0<\/p><p>Por eso nuestro GoFundMe ten\u00eda el objetivo de comprar material escolar para los estudiantes de Palencia que m\u00e1s lo necesitan.\u00a0<span style=\"color: var( --e-global-color-text );\">Este proyecto tiene tanta importancia para m\u00ed porque si estuviera en Centroam\u00e9rica, podr\u00eda haber tenido dificultades de acceso escolar y acad\u00e9mico, lo que luego me habr\u00eda limitado a nivel personal, social y profesional.\u00a0<\/span><\/p><p><span style=\"color: var( --e-global-color-text );\">Poder obtener una educaci\u00f3n superior me ayud\u00f3 a romper maldiciones generacionales y abrir muchas m\u00e1s puertas de posibilidades, pero lo m\u00e1s importante es que me dio fe y esperanza de que alg\u00fan d\u00eda tendr\u00eda una vida mejor. Una educaci\u00f3n acad\u00e9mica, nadie podr\u00e1 quit\u00e1rtela jam\u00e1s. Le permite a uno poder navegar por la vida y realmente es un paso m\u00e1s para seguir sus sue\u00f1os.<\/span><\/p><div>\u00a0<\/div>\t\t\t\t\t\t\t\t<\/div>\n\t\t\t\t\t<\/div>\n\t\t<\/div>\n\t\t\t\t\t<\/div>\n\t\t<\/section>\n\t\t\t\t<section data-particle_enable=\"false\" data-particle-mobile-disabled=\"false\" class=\"elementor-section elementor-top-section elementor-element elementor-element-051458d elementor-section-boxed elementor-section-height-default elementor-section-height-default\" data-id=\"051458d\" data-element_type=\"section\" data-e-type=\"section\">\n\t\t\t\t\t\t<div class=\"elementor-container elementor-column-gap-default\">\n\t\t\t\t\t<div class=\"elementor-column elementor-col-100 elementor-top-column elementor-element elementor-element-ffb4431\" data-id=\"ffb4431\" data-element_type=\"column\" data-e-type=\"column\">\n\t\t\t<div class=\"elementor-widget-wrap elementor-element-populated\">\n\t\t\t\t\t\t<div class=\"elementor-element elementor-element-e6caa14 elementor-widget elementor-widget-image\" data-id=\"e6caa14\" data-element_type=\"widget\" data-e-type=\"widget\" data-widget_type=\"image.default\">\n\t\t\t\t\t\t\t\t\t\t\t\t<figure class=\"wp-caption\">\n\t\t\t\t\t\t\t\t\t\t<img decoding=\"async\" width=\"768\" height=\"440\" src=\"https:\/\/soymigrante.com\/revista\/wp-content\/uploads\/2024\/05\/IMG-20240513-WA0014-1024x587.webp\" class=\"attachment-large size-large wp-image-6432\" alt=\"Diversas ni\u00f1as y ni\u00f1os en una escuela reciben libros y \u00fatiles escolares en una jornada solidaria en M\u00e9xico, promoviendo la educaci\u00f3n y el apoyo comunitario.\" srcset=\"https:\/\/soymigrante.com\/revista\/wp-content\/uploads\/2024\/05\/IMG-20240513-WA0014-1024x587.webp 1024w, https:\/\/soymigrante.com\/revista\/wp-content\/uploads\/2024\/05\/IMG-20240513-WA0014-300x172.webp 300w, https:\/\/soymigrante.com\/revista\/wp-content\/uploads\/2024\/05\/IMG-20240513-WA0014-768x440.webp 768w, https:\/\/soymigrante.com\/revista\/wp-content\/uploads\/2024\/05\/IMG-20240513-WA0014-750x430.webp 750w, https:\/\/soymigrante.com\/revista\/wp-content\/uploads\/2024\/05\/IMG-20240513-WA0014-1140x654.webp 1140w, https:\/\/soymigrante.com\/revista\/wp-content\/uploads\/2024\/05\/IMG-20240513-WA0014.webp 1414w\" sizes=\"(max-width: 768px) 100vw, 768px\" title=\"Proyecto Quetzi, de apoyo con utiles escolares y de arte para la escuela oficial de Palencia Guatemala, organizado por la migrante guatemalteca Rosario Rodr\u00edguez \u2013 SoyMigrante.com REVISTA\" \/>\t\t\t\t\t\t\t\t\t\t\t<figcaption class=\"widget-image-caption wp-caption-text\">Reparto de \u00fatiles escolares a estudiantes en jornada solidaria en escuela mexicana, fomentando la educaci\u00f3n infantil y el apoyo a las comunidades educativas.<\/figcaption>\n\t\t\t\t\t\t\t\t\t\t<\/figure>\n\t\t\t\t\t\t\t\t\t<\/div>\n\t\t\t\t\t<\/div>\n\t\t<\/div>\n\t\t\t\t\t<\/div>\n\t\t<\/section>\n\t\t\t\t<section data-particle_enable=\"false\" data-particle-mobile-disabled=\"false\" class=\"elementor-section elementor-top-section elementor-element elementor-element-860cdfa elementor-section-boxed elementor-section-height-default elementor-section-height-default\" data-id=\"860cdfa\" data-element_type=\"section\" data-e-type=\"section\">\n\t\t\t\t\t\t<div class=\"elementor-container elementor-column-gap-default\">\n\t\t\t\t\t<div class=\"elementor-column elementor-col-100 elementor-top-column elementor-element elementor-element-d5d9205\" data-id=\"d5d9205\" data-element_type=\"column\" data-e-type=\"column\">\n\t\t\t<div class=\"elementor-widget-wrap elementor-element-populated\">\n\t\t\t\t\t\t<div class=\"elementor-element elementor-element-8322499 elementor-widget elementor-widget-heading\" data-id=\"8322499\" data-element_type=\"widget\" data-e-type=\"widget\" data-widget_type=\"heading.default\">\n\t\t\t\t\t<h3 class=\"elementor-heading-title elementor-size-default\">Sigan adelante, \u00a1no est\u00e1n solos!<\/h3>\t\t\t\t<\/div>\n\t\t\t\t\t<\/div>\n\t\t<\/div>\n\t\t\t\t\t<\/div>\n\t\t<\/section>\n\t\t\t\t<section data-particle_enable=\"false\" data-particle-mobile-disabled=\"false\" class=\"elementor-section elementor-top-section elementor-element elementor-element-d1407bb elementor-section-boxed elementor-section-height-default elementor-section-height-default\" data-id=\"d1407bb\" data-element_type=\"section\" data-e-type=\"section\">\n\t\t\t\t\t\t<div class=\"elementor-container elementor-column-gap-default\">\n\t\t\t\t\t<div class=\"elementor-column elementor-col-100 elementor-top-column elementor-element elementor-element-68c3726\" data-id=\"68c3726\" data-element_type=\"column\" data-e-type=\"column\">\n\t\t\t<div class=\"elementor-widget-wrap elementor-element-populated\">\n\t\t\t\t\t\t<div class=\"elementor-element elementor-element-6c3a0bf elementor-widget elementor-widget-text-editor\" data-id=\"6c3a0bf\" data-element_type=\"widget\" data-e-type=\"widget\" data-widget_type=\"text-editor.default\">\n\t\t\t\t\t\t\t\t\t<p>\u00a0Al crecer en North Fork, Nueva York, he sido muy afortunada y por eso quer\u00eda hacer este aporte a la juventud, los ni\u00f1os y la comunidad palenciana.\u00a0\u00a0<span style=\"color: var( --e-global-color-text );\">\u00a1Quiero que sepan que no est\u00e1n solos!\u00a0<\/span><\/p><p><span style=\"color: var( --e-global-color-text );\">Aunque desear\u00eda poder hacer mucho m\u00e1s s\u00e9 que este es un paso en la direcci\u00f3n correcta. Entonces, incluso si solo se trata de bol\u00edgrafos y papel, \u00a1es de coraz\u00f3n! Agradezco a mi familia por siempre imprimirnos la importancia del hogar y las ra\u00edces a mi hermano y a m\u00ed.\u00a0<\/span><\/p><p>Nos ha inculcado la importancia de ayudar activamente a nuestros palencianos a trav\u00e9s de\u00a0<a href=\"https:\/\/soymigrante.com\/revista\/yuntos-impulsa-un-camino-a-la-generosidad\/\"> la fundaci\u00f3n Yuntos, de mi hermano donde recolectamos zapatos nuevos o poco usados para Palencia<\/a> o a trav\u00e9s de peque\u00f1os proyectos como Quetzi el Quetzal.\u00a0<\/p><p>Un saludo enorme a mi t\u00eda Esperanza Monz\u00f3n, ya que ella siempre nos ha ayudado a coordinarnos y conectarnos con el municipio de Palencia para hacer realidad estos su<\/p>\t\t\t\t\t\t\t\t<\/div>\n\t\t\t\t\t<\/div>\n\t\t<\/div>\n\t\t\t\t\t<\/div>\n\t\t<\/section>\n\t\t\t\t<section data-particle_enable=\"false\" data-particle-mobile-disabled=\"false\" class=\"elementor-section elementor-top-section elementor-element elementor-element-ef1f1ce elementor-section-boxed elementor-section-height-default elementor-section-height-default\" data-id=\"ef1f1ce\" data-element_type=\"section\" data-e-type=\"section\">\n\t\t\t\t\t\t<div class=\"elementor-container elementor-column-gap-default\">\n\t\t\t\t\t<div class=\"elementor-column elementor-col-100 elementor-top-column elementor-element elementor-element-547942d\" data-id=\"547942d\" data-element_type=\"column\" data-e-type=\"column\">\n\t\t\t<div class=\"elementor-widget-wrap elementor-element-populated\">\n\t\t\t\t\t\t<div class=\"elementor-element elementor-element-0ab6c48 elementor-widget elementor-widget-image\" data-id=\"0ab6c48\" data-element_type=\"widget\" data-e-type=\"widget\" data-widget_type=\"image.default\">\n\t\t\t\t\t\t\t\t\t\t\t\t\t\t\t<img decoding=\"async\" width=\"768\" height=\"521\" src=\"https:\/\/soymigrante.com\/revista\/wp-content\/uploads\/2024\/05\/IMG-20240513-WA0061-1-1024x694.webp\" class=\"attachment-large size-large wp-image-6438\" alt=\"Premio a estudiante en ceremonia escolar, reconocimiento de logros educativos, participaci\u00f3n en actividades escolares, evento comunitario en la escuela, celebraci\u00f3n de logros acad\u00e9micos.\" srcset=\"https:\/\/soymigrante.com\/revista\/wp-content\/uploads\/2024\/05\/IMG-20240513-WA0061-1-1024x694.webp 1024w, https:\/\/soymigrante.com\/revista\/wp-content\/uploads\/2024\/05\/IMG-20240513-WA0061-1-300x203.webp 300w, https:\/\/soymigrante.com\/revista\/wp-content\/uploads\/2024\/05\/IMG-20240513-WA0061-1-768x521.webp 768w, https:\/\/soymigrante.com\/revista\/wp-content\/uploads\/2024\/05\/IMG-20240513-WA0061-1-750x509.webp 750w, https:\/\/soymigrante.com\/revista\/wp-content\/uploads\/2024\/05\/IMG-20240513-WA0061-1-1140x773.webp 1140w, https:\/\/soymigrante.com\/revista\/wp-content\/uploads\/2024\/05\/IMG-20240513-WA0061-1.webp 1513w\" sizes=\"(max-width: 768px) 100vw, 768px\" title=\"Trisha Mart\u00ednez, voluntaria de Quetzi, entrega algunos de los \u00fatiles escolares a los ni\u00f1os. Su alegr\u00eda fue conmovedora y nos anima a seguir adelante con el esfuerzo de donar recursos educativos. \u2013 SoyMigrante.com REVISTA\" \/>\t\t\t\t\t\t\t\t\t\t\t\t\t\t\t<\/div>\n\t\t\t\t\t<\/div>\n\t\t<\/div>\n\t\t\t\t\t<\/div>\n\t\t<\/section>\n\t\t\t\t<section data-particle_enable=\"false\" data-particle-mobile-disabled=\"false\" class=\"elementor-section elementor-top-section elementor-element elementor-element-0914b4c elementor-section-boxed elementor-section-height-default elementor-section-height-default\" data-id=\"0914b4c\" data-element_type=\"section\" data-e-type=\"section\">\n\t\t\t\t\t\t<div class=\"elementor-container elementor-column-gap-default\">\n\t\t\t\t\t<div class=\"elementor-column elementor-col-100 elementor-top-column elementor-element elementor-element-a18de7d\" data-id=\"a18de7d\" data-element_type=\"column\" data-e-type=\"column\">\n\t\t\t<div class=\"elementor-widget-wrap elementor-element-populated\">\n\t\t\t\t\t\t<div class=\"elementor-element elementor-element-0d51926 elementor-widget elementor-widget-heading\" data-id=\"0d51926\" data-element_type=\"widget\" data-e-type=\"widget\" data-widget_type=\"heading.default\">\n\t\t\t\t\t<h3 class=\"elementor-heading-title elementor-size-default\">Un ideal compartido<br><\/h3>\t\t\t\t<\/div>\n\t\t\t\t\t<\/div>\n\t\t<\/div>\n\t\t\t\t\t<\/div>\n\t\t<\/section>\n\t\t\t\t<section data-particle_enable=\"false\" data-particle-mobile-disabled=\"false\" class=\"elementor-section elementor-top-section elementor-element elementor-element-ec5858c elementor-section-boxed elementor-section-height-default elementor-section-height-default\" data-id=\"ec5858c\" data-element_type=\"section\" data-e-type=\"section\">\n\t\t\t\t\t\t<div class=\"elementor-container elementor-column-gap-default\">\n\t\t\t\t\t<div class=\"elementor-column elementor-col-100 elementor-top-column elementor-element elementor-element-4c73304\" data-id=\"4c73304\" data-element_type=\"column\" data-e-type=\"column\">\n\t\t\t<div class=\"elementor-widget-wrap elementor-element-populated\">\n\t\t\t\t\t\t<div class=\"elementor-element elementor-element-41648a5 elementor-widget elementor-widget-text-editor\" data-id=\"41648a5\" data-element_type=\"widget\" data-e-type=\"widget\" data-widget_type=\"text-editor.default\">\n\t\t\t\t\t\t\t\t\t<p>Trisha Mart\u00ednez, copart\u00edcipe de esta iniciativa, piensa lo siguiente: &#8220;En muchas zonas de Am\u00e9rica Latina las instituciones escolares est\u00e1n subdesarrolladas. Lo que aumenta el estr\u00e9s financiero de tener que proporcionar a los ni\u00f1os \u00fatiles escolares b\u00e1sicos. Lo que lleva a que algunas familias saquen a sus hijos de la escuela para poder trabajar y sobrevivir&#8221;.<\/p><p>&#8220;Si podemos hacer una peque\u00f1a huella para aliviar parte de esa presi\u00f3n mediante la recaudaci\u00f3n de fondos para que algunos estudiantes de una escuela en Guatemala obtengan los \u00fatiles que necesitan, entonces tal vez podamos alentar a esos ni\u00f1os a permanecer en la escuela. Al poder tener las herramientas que necesitan en su sal\u00f3n de clases, tal vez puedan mantenerse motivados para continuar su educaci\u00f3n&#8221;.\u00a0<\/p>\t\t\t\t\t\t\t\t<\/div>\n\t\t\t\t\t<\/div>\n\t\t<\/div>\n\t\t\t\t\t<\/div>\n\t\t<\/section>\n\t\t\t\t<section data-particle_enable=\"false\" data-particle-mobile-disabled=\"false\" class=\"elementor-section elementor-top-section elementor-element elementor-element-5475d36 elementor-section-boxed elementor-section-height-default elementor-section-height-default\" data-id=\"5475d36\" data-element_type=\"section\" data-e-type=\"section\">\n\t\t\t\t\t\t<div class=\"elementor-container elementor-column-gap-default\">\n\t\t\t\t\t<div class=\"elementor-column elementor-col-100 elementor-top-column elementor-element elementor-element-ae34f6b\" data-id=\"ae34f6b\" data-element_type=\"column\" data-e-type=\"column\">\n\t\t\t<div class=\"elementor-widget-wrap elementor-element-populated\">\n\t\t\t\t\t\t<div class=\"elementor-element elementor-element-5256373 elementor-widget elementor-widget-image\" data-id=\"5256373\" data-element_type=\"widget\" data-e-type=\"widget\" data-widget_type=\"image.default\">\n\t\t\t\t\t\t\t\t\t\t\t\t<figure class=\"wp-caption\">\n\t\t\t\t\t\t\t\t\t\t<img loading=\"lazy\" decoding=\"async\" width=\"768\" height=\"509\" src=\"https:\/\/soymigrante.com\/revista\/wp-content\/uploads\/2024\/05\/IMG-20240513-WA0019-1-1024x679.webp\" class=\"attachment-large size-large wp-image-6439\" alt=\"Ni\u00f1os en un colegio sosteniendo carteles y agradeciendo, con palabras clave: inmigrantes, ni\u00f1os, agradecimiento, colegio, comunidad, solidaridad.\" srcset=\"https:\/\/soymigrante.com\/revista\/wp-content\/uploads\/2024\/05\/IMG-20240513-WA0019-1-1024x679.webp 1024w, https:\/\/soymigrante.com\/revista\/wp-content\/uploads\/2024\/05\/IMG-20240513-WA0019-1-300x199.webp 300w, https:\/\/soymigrante.com\/revista\/wp-content\/uploads\/2024\/05\/IMG-20240513-WA0019-1-768x509.webp 768w, https:\/\/soymigrante.com\/revista\/wp-content\/uploads\/2024\/05\/IMG-20240513-WA0019-1-1536x1018.webp 1536w, https:\/\/soymigrante.com\/revista\/wp-content\/uploads\/2024\/05\/IMG-20240513-WA0019-1-750x497.webp 750w, https:\/\/soymigrante.com\/revista\/wp-content\/uploads\/2024\/05\/IMG-20240513-WA0019-1-1140x756.webp 1140w, https:\/\/soymigrante.com\/revista\/wp-content\/uploads\/2024\/05\/IMG-20240513-WA0019-1.webp 1558w\" sizes=\"(max-width: 768px) 100vw, 768px\" title=\"La respuesta de maestros y alumnos de Palencia fue muy entusiasta y alegre. \u2013 SoyMigrante.com REVISTA\" \/>\t\t\t\t\t\t\t\t\t\t\t<figcaption class=\"widget-image-caption wp-caption-text\">50 palabras, por favor.<\/figcaption>\n\t\t\t\t\t\t\t\t\t\t<\/figure>\n\t\t\t\t\t\t\t\t\t<\/div>\n\t\t\t\t\t<\/div>\n\t\t<\/div>\n\t\t\t\t\t<\/div>\n\t\t<\/section>\n\t\t\t\t<section data-particle_enable=\"false\" data-particle-mobile-disabled=\"false\" class=\"elementor-section elementor-top-section elementor-element elementor-element-fc2b836 elementor-section-boxed elementor-section-height-default elementor-section-height-default\" data-id=\"fc2b836\" data-element_type=\"section\" data-e-type=\"section\">\n\t\t\t\t\t\t<div class=\"elementor-container elementor-column-gap-default\">\n\t\t\t\t\t<div class=\"elementor-column elementor-col-100 elementor-top-column elementor-element elementor-element-5a0bd78\" data-id=\"5a0bd78\" data-element_type=\"column\" data-e-type=\"column\">\n\t\t\t<div class=\"elementor-widget-wrap elementor-element-populated\">\n\t\t\t\t\t\t<div class=\"elementor-element elementor-element-a20dcfa elementor-widget elementor-widget-heading\" data-id=\"a20dcfa\" data-element_type=\"widget\" data-e-type=\"widget\" data-widget_type=\"heading.default\">\n\t\t\t\t\t<h3 class=\"elementor-heading-title elementor-size-default\">Una inspiraci\u00f3n para el futuro<\/h3>\t\t\t\t<\/div>\n\t\t\t\t\t<\/div>\n\t\t<\/div>\n\t\t\t\t\t<\/div>\n\t\t<\/section>\n\t\t\t\t<section data-particle_enable=\"false\" data-particle-mobile-disabled=\"false\" class=\"elementor-section elementor-top-section elementor-element elementor-element-eca7bd4 elementor-section-boxed elementor-section-height-default elementor-section-height-default\" data-id=\"eca7bd4\" data-element_type=\"section\" data-e-type=\"section\">\n\t\t\t\t\t\t<div class=\"elementor-container elementor-column-gap-default\">\n\t\t\t\t\t<div class=\"elementor-column elementor-col-100 elementor-top-column elementor-element elementor-element-1241b82\" data-id=\"1241b82\" data-element_type=\"column\" data-e-type=\"column\">\n\t\t\t<div class=\"elementor-widget-wrap elementor-element-populated\">\n\t\t\t\t\t\t<div class=\"elementor-element elementor-element-31db6db elementor-widget elementor-widget-text-editor\" data-id=\"31db6db\" data-element_type=\"widget\" data-e-type=\"widget\" data-widget_type=\"text-editor.default\">\n\t\t\t\t\t\t\t\t\t<p>&#8220;Una de las personas m\u00e1s influyentes en mi vida, mi T\u00eda Norma Xochilth, lamentablemente ya no est\u00e1 con nosotros, pero afortunadamente s\u00ed dej\u00f3 su legado&#8221;, agrega Trisha Mart\u00ednez.&nbsp;<\/p>\n<p>&#8220;A medida que fue creciendo, con mucho trabajo y sacrificios, se convirti\u00f3 en educadora en M\u00e9xico. Se especializ\u00f3 en fortalecer el desarrollo docente. Ella conoc\u00eda y comprend\u00eda la importancia de la educaci\u00f3n superior en Am\u00e9rica Latina, por lo que incluso quer\u00eda construir una escuela a su nombre para ayudar a estudiantes como ella a crecer. El c\u00e1ncer no le permiti\u00f3 cumplir su \u00faltimo deseo, pero por eso este proyecto significa tanto para nosotras, porque en cierto sentido ambos estamos ayudando a los necesitados en Guatemala a trav\u00e9s de<a href=\"https:\/\/tuprensalocal.com\/quetzi-quetzal-la-campana-creada-por-dos-jovenes-latinas-locales-para-llevar-utiles-escolares-a-los-ninos-mas-necesitados-de-guatemala\/\"> Quetzi el Quetzal: Proyecto Palencia<\/a>&#8220;.<\/p>\t\t\t\t\t\t\t\t<\/div>\n\t\t\t\t\t<\/div>\n\t\t<\/div>\n\t\t\t\t\t<\/div>\n\t\t<\/section>\n\t\t\t\t<section data-particle_enable=\"false\" data-particle-mobile-disabled=\"false\" class=\"elementor-section elementor-top-section elementor-element elementor-element-4c78d25 elementor-section-boxed elementor-section-height-default elementor-section-height-default\" data-id=\"4c78d25\" data-element_type=\"section\" data-e-type=\"section\">\n\t\t\t\t\t\t<div class=\"elementor-container elementor-column-gap-default\">\n\t\t\t\t\t<div class=\"elementor-column elementor-col-100 elementor-top-column elementor-element elementor-element-07cfce3\" data-id=\"07cfce3\" data-element_type=\"column\" data-e-type=\"column\">\n\t\t\t<div class=\"elementor-widget-wrap elementor-element-populated\">\n\t\t\t\t\t\t<div class=\"elementor-element elementor-element-4b2a70b elementor-widget elementor-widget-image\" data-id=\"4b2a70b\" data-element_type=\"widget\" data-e-type=\"widget\" data-widget_type=\"image.default\">\n\t\t\t\t\t\t\t\t\t\t\t\t<figure class=\"wp-caption\">\n\t\t\t\t\t\t\t\t\t\t<img loading=\"lazy\" decoding=\"async\" width=\"768\" height=\"504\" src=\"https:\/\/soymigrante.com\/revista\/wp-content\/uploads\/2024\/05\/IMG-20240513-WA0055-1024x672.webp\" class=\"attachment-large size-large wp-image-6440\" alt=\"Migrantes y comunidad latina en M\u00e9xico, participaci\u00f3n en revista SoyMigrante.com REVISTA, personas sonriendo en evento comunitario.\" srcset=\"https:\/\/soymigrante.com\/revista\/wp-content\/uploads\/2024\/05\/IMG-20240513-WA0055-1024x672.webp 1024w, https:\/\/soymigrante.com\/revista\/wp-content\/uploads\/2024\/05\/IMG-20240513-WA0055-300x197.webp 300w, https:\/\/soymigrante.com\/revista\/wp-content\/uploads\/2024\/05\/IMG-20240513-WA0055-768x504.webp 768w, https:\/\/soymigrante.com\/revista\/wp-content\/uploads\/2024\/05\/IMG-20240513-WA0055-750x492.webp 750w, https:\/\/soymigrante.com\/revista\/wp-content\/uploads\/2024\/05\/IMG-20240513-WA0055-1140x749.webp 1140w, https:\/\/soymigrante.com\/revista\/wp-content\/uploads\/2024\/05\/IMG-20240513-WA0055.webp 1526w\" sizes=\"(max-width: 768px) 100vw, 768px\" title=\"Esta primera experiencia de donaci\u00f3n de \u00fatiles con Quetzi, el Quetzal, ha sido enriquecedora para las fundadoras del proyecto Rosario Rodr\u00edguez, originaria de Palencia, Guatemala, y Trisha Mart\u00ednez, de ascendencia mexicana, residentes en  Nueva York, Estados Unidos. \u2013 SoyMigrante.com REVISTA\" \/>\t\t\t\t\t\t\t\t\t\t\t<figcaption class=\"widget-image-caption wp-caption-text\">Personas en evento comunitario, destacando integraci\u00f3n y apoyo a migrantes en M\u00e9xico en la revista SoyMigrante.com.<\/figcaption>\n\t\t\t\t\t\t\t\t\t\t<\/figure>\n\t\t\t\t\t\t\t\t\t<\/div>\n\t\t\t\t\t<\/div>\n\t\t<\/div>\n\t\t\t\t\t<\/div>\n\t\t<\/section>\n\t\t\t\t<section data-particle_enable=\"false\" data-particle-mobile-disabled=\"false\" class=\"elementor-section elementor-top-section elementor-element elementor-element-1d88315 elementor-section-boxed elementor-section-height-default elementor-section-height-default\" data-id=\"1d88315\" data-element_type=\"section\" data-e-type=\"section\">\n\t\t\t\t\t\t<div class=\"elementor-container elementor-column-gap-default\">\n\t\t\t\t\t<div class=\"elementor-column elementor-col-100 elementor-top-column elementor-element elementor-element-dfcc5fe\" data-id=\"dfcc5fe\" data-element_type=\"column\" data-e-type=\"column\">\n\t\t\t<div class=\"elementor-widget-wrap elementor-element-populated\">\n\t\t\t\t\t\t<div class=\"elementor-element elementor-element-77085ab elementor-widget elementor-widget-heading\" data-id=\"77085ab\" data-element_type=\"widget\" data-e-type=\"widget\" data-widget_type=\"heading.default\">\n\t\t\t\t\t<h2 class=\"elementor-heading-title elementor-size-default\">Aportes migrantes en Guatemala<\/h2>\t\t\t\t<\/div>\n\t\t\t\t\t<\/div>\n\t\t<\/div>\n\t\t\t\t\t<\/div>\n\t\t<\/section>\n\t\t\t\t<section data-particle_enable=\"false\" data-particle-mobile-disabled=\"false\" class=\"elementor-section elementor-top-section elementor-element elementor-element-f6ca07f elementor-section-boxed elementor-section-height-default elementor-section-height-default\" data-id=\"f6ca07f\" data-element_type=\"section\" data-e-type=\"section\">\n\t\t\t\t\t\t<div class=\"elementor-container elementor-column-gap-default\">\n\t\t\t\t\t<div class=\"elementor-column elementor-col-100 elementor-top-column elementor-element elementor-element-fc0c553\" data-id=\"fc0c553\" data-element_type=\"column\" data-e-type=\"column\">\n\t\t\t<div class=\"elementor-widget-wrap elementor-element-populated\">\n\t\t\t\t\t\t<div class=\"elementor-element elementor-element-61204c4 elementor-grid-eael-col-3 elementor-grid-tablet-eael-col-2 elementor-grid-mobile-eael-col-1 elementor-widget elementor-widget-eael-post-grid\" data-id=\"61204c4\" data-element_type=\"widget\" data-e-type=\"widget\" data-settings=\"{&quot;eael_post_grid_columns&quot;:&quot;eael-col-3&quot;,&quot;eael_post_grid_columns_tablet&quot;:&quot;eael-col-2&quot;,&quot;eael_post_grid_columns_mobile&quot;:&quot;eael-col-1&quot;}\" data-widget_type=\"eael-post-grid.default\">\n\t\t\t\t\t<div id=\"eael-post-grid-61204c4\" class=\"eael-post-grid-container\">\n            <div class=\"eael-post-grid eael-post-appender eael-post-appender-61204c4 eael-post-grid-style-one\" data-layout-mode=\"masonry\"><article class=\"eael-grid-post  eael-post-grid-column eael-pg-post-5160 category-exitos\" data-id=\"5160\">\n        <div class=\"eael-grid-post-holder\">\n            <div class=\"eael-grid-post-holder-inner\"><div class=\"eael-entry-media\"><div class=\"eael-entry-overlay fade-in\"><i class=\"fas fa-long-arrow-alt-right\" aria-hidden=\"true\"><\/i><a href=\"https:\/\/soymigrante.com\/revista\/willy-barreno-ayuda-migrantes-quetzaltenango-proyecto\/\"><\/a><\/div><div class=\"eael-entry-thumbnail \">\n                <img loading=\"lazy\" decoding=\"async\" width=\"300\" height=\"225\" src=\"https:\/\/soymigrante.com\/revista\/wp-content\/uploads\/2024\/03\/Chef-Willy-Barreno-3-300x225.webp\" class=\"attachment-medium size-medium wp-image-5186\" alt=\"\" srcset=\"https:\/\/soymigrante.com\/revista\/wp-content\/uploads\/2024\/03\/Chef-Willy-Barreno-3-300x225.webp 300w, https:\/\/soymigrante.com\/revista\/wp-content\/uploads\/2024\/03\/Chef-Willy-Barreno-3-1024x768.webp 1024w, https:\/\/soymigrante.com\/revista\/wp-content\/uploads\/2024\/03\/Chef-Willy-Barreno-3-768x576.webp 768w, https:\/\/soymigrante.com\/revista\/wp-content\/uploads\/2024\/03\/Chef-Willy-Barreno-3-750x563.webp 750w, https:\/\/soymigrante.com\/revista\/wp-content\/uploads\/2024\/03\/Chef-Willy-Barreno-3-1140x855.webp 1140w, https:\/\/soymigrante.com\/revista\/wp-content\/uploads\/2024\/03\/Chef-Willy-Barreno-3.webp 1440w\" sizes=\"(max-width: 300px) 100vw, 300px\" \/>\n            <\/div>\n        <\/div><div class=\"eael-entry-wrapper\"><header class=\"eael-entry-header\"><h2 class=\"eael-entry-title\"><a class=\"eael-grid-post-link\" href=\"https:\/\/soymigrante.com\/revista\/willy-barreno-ayuda-migrantes-quetzaltenango-proyecto\/\" title=\"Willy Barreno: chef migrante ayuda a migrantes en su propia tierra\">Willy Barreno: chef migrante ayuda a migrantes en su propia tierra<\/a><\/h2><\/header><div class=\"eael-entry-content\">\n                        <div class=\"eael-grid-post-excerpt\"><a href=\"https:\/\/soymigrante.com\/revista\/willy-barreno-ayuda-migrantes-quetzaltenango-proyecto\/\" class=\"eael-post-elements-readmore-btn\">Leer m\u00e1s<\/a><\/div>\n                    <\/div><\/div><\/div>\n        <\/div>\n    <\/article><article class=\"eael-grid-post  eael-post-grid-column eael-pg-post-4809 category-exitos\" data-id=\"4809\">\n        <div class=\"eael-grid-post-holder\">\n            <div class=\"eael-grid-post-holder-inner\"><div class=\"eael-entry-media\"><div class=\"eael-entry-overlay fade-in\"><i class=\"fas fa-long-arrow-alt-right\" aria-hidden=\"true\"><\/i><a href=\"https:\/\/soymigrante.com\/revista\/migrante-mister-oklahoma-donativo-utiles-escolares-guatemala\/\"><\/a><\/div><div class=\"eael-entry-thumbnail \">\n                <img loading=\"lazy\" decoding=\"async\" width=\"300\" height=\"272\" src=\"https:\/\/soymigrante.com\/revista\/wp-content\/uploads\/2024\/02\/mr-300x272.webp\" class=\"attachment-medium size-medium wp-image-4815\" alt=\"Migrante Brian de Leon recaud\u00f3 donativos en Oklahoma y los vino a entregar en utiles escolares a Guatemala. Brian de Leon Mister Oklahoma\" srcset=\"https:\/\/soymigrante.com\/revista\/wp-content\/uploads\/2024\/02\/mr-300x272.webp 300w, https:\/\/soymigrante.com\/revista\/wp-content\/uploads\/2024\/02\/mr.webp 501w\" sizes=\"(max-width: 300px) 100vw, 300px\" \/>\n            <\/div>\n        <\/div><div class=\"eael-entry-wrapper\"><header class=\"eael-entry-header\"><h2 class=\"eael-entry-title\"><a class=\"eael-grid-post-link\" href=\"https:\/\/soymigrante.com\/revista\/migrante-mister-oklahoma-donativo-utiles-escolares-guatemala\/\" title=\"M\u00edster Oklahoma Brian de Le\u00f3n entrega donativo migrante en Guatemala\">M\u00edster Oklahoma Brian de Le\u00f3n entrega donativo migrante en Guatemala<\/a><\/h2><\/header><div class=\"eael-entry-content\">\n                        <div class=\"eael-grid-post-excerpt\"><a href=\"https:\/\/soymigrante.com\/revista\/migrante-mister-oklahoma-donativo-utiles-escolares-guatemala\/\" class=\"eael-post-elements-readmore-btn\">Leer m\u00e1s<\/a><\/div>\n                    <\/div><\/div><\/div>\n        <\/div>\n    <\/article><article class=\"eael-grid-post  eael-post-grid-column eael-pg-post-859 category-exitos tags-nueva-york\" data-id=\"859\">\n        <div class=\"eael-grid-post-holder\">\n            <div class=\"eael-grid-post-holder-inner\"><div class=\"eael-entry-media\"><div class=\"eael-entry-overlay fade-in\"><i class=\"fas fa-long-arrow-alt-right\" aria-hidden=\"true\"><\/i><a href=\"https:\/\/soymigrante.com\/revista\/yuntos-impulsa-un-camino-a-la-generosidad\/\"><\/a><\/div><div class=\"eael-entry-thumbnail \">\n                <img loading=\"lazy\" decoding=\"async\" width=\"300\" height=\"260\" src=\"https:\/\/soymigrante.com\/revista\/wp-content\/uploads\/2023\/04\/MARVIN-RODRIGUEZ-EN-ANTIGUA-GUATEMALA-300x260.webp\" class=\"attachment-medium size-medium wp-image-868\" alt=\"\" srcset=\"https:\/\/soymigrante.com\/revista\/wp-content\/uploads\/2023\/04\/MARVIN-RODRIGUEZ-EN-ANTIGUA-GUATEMALA-300x260.webp 300w, https:\/\/soymigrante.com\/revista\/wp-content\/uploads\/2023\/04\/MARVIN-RODRIGUEZ-EN-ANTIGUA-GUATEMALA-768x666.jpeg 768w, https:\/\/soymigrante.com\/revista\/wp-content\/uploads\/2023\/04\/MARVIN-RODRIGUEZ-EN-ANTIGUA-GUATEMALA-750x651.webp 750w, https:\/\/soymigrante.com\/revista\/wp-content\/uploads\/2023\/04\/MARVIN-RODRIGUEZ-EN-ANTIGUA-GUATEMALA.webp 960w\" sizes=\"(max-width: 300px) 100vw, 300px\" \/>\n            <\/div>\n        <\/div><div class=\"eael-entry-wrapper\"><header class=\"eael-entry-header\"><h2 class=\"eael-entry-title\"><a class=\"eael-grid-post-link\" href=\"https:\/\/soymigrante.com\/revista\/yuntos-impulsa-un-camino-a-la-generosidad\/\" title=\"Generosidad impulsa la iniciativa Yuntos, de Marvin Rodr\u00edguez\">Generosidad impulsa la iniciativa Yuntos, de Marvin Rodr\u00edguez<\/a><\/h2><\/header><div class=\"eael-entry-content\">\n                        <div class=\"eael-grid-post-excerpt\"><a href=\"https:\/\/soymigrante.com\/revista\/yuntos-impulsa-un-camino-a-la-generosidad\/\" class=\"eael-post-elements-readmore-btn\">Leer m\u00e1s<\/a><\/div>\n                    <\/div><\/div><\/div>\n        <\/div>\n    <\/article><\/div>\n            <div class=\"clearfix\"><\/div>\n        <\/div>\t\t\t\t<\/div>\n\t\t\t\t\t<\/div>\n\t\t<\/div>\n\t\t\t\t\t<\/div>\n\t\t<\/section>\n\t\t\t\t<\/div>\n\t\t","protected":false},"excerpt":{"rendered":"<p>En la escuela oficial de Palencia, Guatemala se efectu\u00f3 la entrega de \u00fatiles escolares y art\u00edculos de arte para estudiantes, para contribuir con la educaci\u00f3n. Sabemos que es poco, pero es de todo coraz\u00f3n. Por Rosario Rodr\u00edguez, migrante guatemalteca y realizadora audiovisual en Nueva York. El concepto de Quetzi, el Quetzal surgi\u00f3 de la mente [&hellip;]<\/p>\n","protected":false},"author":1,"featured_media":6435,"comment_status":"open","ping_status":"open","sticky":false,"template":"","format":"standard","meta":{"_acf_changed":false,"_eb_attr":"","footnotes":""},"categories":[56],"tags":[],"class_list":["post-6429","post","type-post","status-publish","format-standard","has-post-thumbnail","hentry","category-lugar-de-voces"],"acf":[],"aioseo_notices":[],"aioseo_head":"\n\t\t<!-- All in One SEO Pro 4.9.6.2 - aioseo.com -->\n\t<meta name=\"description\" content=\"Marvin Rodr\u00edguez es profesional de la programaci\u00f3n, trabaja en Boston, Massachussets. Resuelve intrincados desaf\u00edos tecnol\u00f3gicos pero tambi\u00e9n aporta nuevos pasos en su Palencia, natal. Nunca debemos olvidar de donde venimos\u201d, declara Marvin Rodr\u00edguez, analista de programaci\u00f3n guatemalteco radicado en Boston, Massachussets, fundador de la iniciativa Yuntos: cuyo objetivo es recaudar zapatos de medio uso los\" \/>\n\t<meta name=\"robots\" content=\"max-snippet:-1, max-image-preview:large, max-video-preview:-1\" \/>\n\t<meta name=\"author\" content=\"Gustavo Montenegro\"\/>\n\t<link rel=\"canonical\" href=\"https:\/\/soymigrante.com\/revista\/yuntos-impulsa-un-camino-a-la-generosidad\/\" \/>\n\t<meta name=\"generator\" content=\"All in One SEO Pro (AIOSEO) 4.9.6.2\" \/>\n\n\t\t<link rel=\"preconnect\" href=\"https:\/\/fonts.googleapis.com\" crossorigin>\n<link rel=\"preconnect\" href=\"https:\/\/fonts.gstatic.com\" crossorigin>\n\t\t<meta property=\"og:locale\" content=\"es_ES\" \/>\n\t\t<meta property=\"og:site_name\" content=\"SoyMigrante.com REVISTA \u2013 Nuestra misi\u00f3n es reconocer y dignificar al migrante.\" \/>\n\t\t<meta property=\"og:type\" content=\"article\" \/>\n\t\t<meta property=\"og:title\" content=\"Generosidad impulsa la iniciativa Yuntos, de Marvin Rodr\u00edguez\" \/>\n\t\t<meta property=\"og:description\" content=\"Marvin Rodr\u00edguez es profesional de la programaci\u00f3n, trabaja en Boston, Massachussets. Resuelve intrincados desaf\u00edos tecnol\u00f3gicos pero tambi\u00e9n aporta nuevos pasos en su Palencia, natal. Nunca debemos olvidar de donde venimos\u201d, declara Marvin Rodr\u00edguez, analista de programaci\u00f3n guatemalteco radicado en Boston, Massachussets, fundador de la iniciativa Yuntos: cuyo objetivo es recaudar zapatos de medio uso los\" \/>\n\t\t<meta property=\"og:url\" content=\"https:\/\/soymigrante.com\/revista\/yuntos-impulsa-un-camino-a-la-generosidad\/\" \/>\n\t\t<meta property=\"og:image\" content=\"https:\/\/soymigrante.com\/revista\/wp-content\/uploads\/2023\/04\/MARVIN-RODRIGUEZ-EN-ANTIGUA-GUATEMALA.webp\" \/>\n\t\t<meta property=\"og:image:secure_url\" content=\"https:\/\/soymigrante.com\/revista\/wp-content\/uploads\/2023\/04\/MARVIN-RODRIGUEZ-EN-ANTIGUA-GUATEMALA.webp\" \/>\n\t\t<meta property=\"og:image:width\" content=\"960\" \/>\n\t\t<meta property=\"og:image:height\" content=\"833\" \/>\n\t\t<meta property=\"article:published_time\" content=\"2023-05-26T00:07:24+00:00\" \/>\n\t\t<meta property=\"article:modified_time\" content=\"2026-03-11T20:36:34+00:00\" \/>\n\t\t<meta property=\"article:publisher\" content=\"https:\/\/www.facebook.com\/soymigrantecom\" \/>\n\t\t<meta name=\"twitter:card\" content=\"summary_large_image\" \/>\n\t\t<meta name=\"twitter:site\" content=\"@SoyMigrante_com\" \/>\n\t\t<meta name=\"twitter:title\" content=\"Generosidad impulsa la iniciativa Yuntos, de Marvin Rodr\u00edguez\" \/>\n\t\t<meta name=\"twitter:description\" content=\"Marvin Rodr\u00edguez es profesional de la programaci\u00f3n, trabaja en Boston, Massachussets. Resuelve intrincados desaf\u00edos tecnol\u00f3gicos pero tambi\u00e9n aporta nuevos pasos en su Palencia, natal. Nunca debemos olvidar de donde venimos\u201d, declara Marvin Rodr\u00edguez, analista de programaci\u00f3n guatemalteco radicado en Boston, Massachussets, fundador de la iniciativa Yuntos: cuyo objetivo es recaudar zapatos de medio uso los\" \/>\n\t\t<meta name=\"twitter:creator\" content=\"@SoyMigrante_com\" \/>\n\t\t<meta name=\"twitter:image\" content=\"https:\/\/soymigrante.com\/revista\/wp-content\/uploads\/2023\/04\/MARVIN-RODRIGUEZ-EN-ANTIGUA-GUATEMALA.webp\" \/>\n\t\t<!-- All in One SEO Pro -->\r\n\t\t<title>Generosidad impulsa la iniciativa Yuntos, de Marvin Rodr\u00edguez<\/title>\n\n","aioseo_head_json":{"title":"Generosidad impulsa la iniciativa Yuntos, de Marvin Rodr\u00edguez","description":"Marvin Rodr\u00edguez es profesional de la programaci\u00f3n, trabaja en Boston, Massachussets. Resuelve intrincados desaf\u00edos tecnol\u00f3gicos pero tambi\u00e9n aporta nuevos pasos en su Palencia, natal. Nunca debemos olvidar de donde venimos\u201d, declara Marvin Rodr\u00edguez, analista de programaci\u00f3n guatemalteco radicado en Boston, Massachussets, fundador de la iniciativa Yuntos: cuyo objetivo es recaudar zapatos de medio uso los","canonical_url":"https:\/\/soymigrante.com\/revista\/yuntos-impulsa-un-camino-a-la-generosidad\/","robots":"max-snippet:-1, max-image-preview:large, max-video-preview:-1","keywords":"","webmasterTools":{"miscellaneous":"&lt;link rel=\"preconnect\" href=\"https:\/\/fonts.googleapis.com\" crossorigin&gt;\n&lt;link rel=\"preconnect\" href=\"https:\/\/fonts.gstatic.com\" crossorigin&gt;"},"schema":null,"og:locale":"es_ES","og:site_name":"SoyMigrante.com REVISTA \u2013 Nuestra misi\u00f3n es reconocer y dignificar al migrante.","og:type":"article","og:title":"Generosidad impulsa la iniciativa Yuntos, de Marvin Rodr\u00edguez","og:description":"Marvin Rodr\u00edguez es profesional de la programaci\u00f3n, trabaja en Boston, Massachussets. Resuelve intrincados desaf\u00edos tecnol\u00f3gicos pero tambi\u00e9n aporta nuevos pasos en su Palencia, natal. Nunca debemos olvidar de donde venimos\u201d, declara Marvin Rodr\u00edguez, analista de programaci\u00f3n guatemalteco radicado en Boston, Massachussets, fundador de la iniciativa Yuntos: cuyo objetivo es recaudar zapatos de medio uso los","og:url":"https:\/\/soymigrante.com\/revista\/yuntos-impulsa-un-camino-a-la-generosidad\/","og:image":"https:\/\/soymigrante.com\/revista\/wp-content\/uploads\/2023\/04\/MARVIN-RODRIGUEZ-EN-ANTIGUA-GUATEMALA.webp","og:image:secure_url":"https:\/\/soymigrante.com\/revista\/wp-content\/uploads\/2023\/04\/MARVIN-RODRIGUEZ-EN-ANTIGUA-GUATEMALA.webp","og:image:width":960,"og:image:height":833,"article:published_time":"2023-05-26T00:07:24+00:00","article:modified_time":"2026-03-11T20:36:34+00:00","article:publisher":"https:\/\/www.facebook.com\/soymigrantecom","twitter:card":"summary_large_image","twitter:site":"@SoyMigrante_com","twitter:title":"Generosidad impulsa la iniciativa Yuntos, de Marvin Rodr\u00edguez","twitter:description":"Marvin Rodr\u00edguez es profesional de la programaci\u00f3n, trabaja en Boston, Massachussets. Resuelve intrincados desaf\u00edos tecnol\u00f3gicos pero tambi\u00e9n aporta nuevos pasos en su Palencia, natal. Nunca debemos olvidar de donde venimos\u201d, declara Marvin Rodr\u00edguez, analista de programaci\u00f3n guatemalteco radicado en Boston, Massachussets, fundador de la iniciativa Yuntos: cuyo objetivo es recaudar zapatos de medio uso los","twitter:creator":"@SoyMigrante_com","twitter:image":"https:\/\/soymigrante.com\/revista\/wp-content\/uploads\/2023\/04\/MARVIN-RODRIGUEZ-EN-ANTIGUA-GUATEMALA.webp"},"aioseo_meta_data":{"post_id":"6429","title":null,"description":"En la escuela oficial de Palencia, Guatemala se efectu\u00f3 la entrega de \u00fatiles escolares y art\u00edculos de arte para estudiantes, para contribuir con la educaci\u00f3n.","keywords":null,"keyphrases":{"focus":{"keyphrase":"migrante","score":82,"analysis":{"keyphraseInTitle":{"score":9,"maxScore":9,"error":0},"keyphraseInDescription":{"score":3,"maxScore":9,"error":1},"keyphraseLength":{"score":9,"maxScore":9,"error":0,"length":1},"keyphraseInURL":{"score":5,"maxScore":5,"error":0},"keyphraseInIntroduction":{"score":9,"maxScore":9,"error":0},"keyphraseInSubHeadings":{"score":3,"maxScore":9,"error":1},"keyphraseInImageAlt":{"score":9,"maxScore":9,"error":0},"keywordDensity":{"type":"best","score":9,"maxScore":9,"error":0}}},"additional":[]},"primary_term":null,"canonical_url":null,"og_title":null,"og_description":null,"og_object_type":"default","og_image_type":"default","og_image_url":null,"og_image_width":null,"og_image_height":null,"og_image_custom_url":null,"og_image_custom_fields":null,"og_video":"","og_custom_url":null,"og_article_section":null,"og_article_tags":null,"twitter_use_og":false,"twitter_card":"default","twitter_image_type":"default","twitter_image_url":null,"twitter_image_custom_url":null,"twitter_image_custom_fields":null,"twitter_title":null,"twitter_description":null,"schema":{"blockGraphs":[],"customGraphs":[],"default":{"data":{"Article":[],"Course":[],"Dataset":[],"FAQPage":[],"Movie":[],"Person":[],"Product":[],"ProductReview":[],"Car":[],"Recipe":[],"Service":[],"SoftwareApplication":[],"WebPage":[]},"graphName":"none","isEnabled":true},"graphs":[]},"schema_type":"default","schema_type_options":null,"pillar_content":false,"robots_default":true,"robots_noindex":false,"robots_noarchive":false,"robots_nosnippet":false,"robots_nofollow":false,"robots_noimageindex":false,"robots_noodp":false,"robots_notranslate":false,"robots_max_snippet":"-1","robots_max_videopreview":"-1","robots_max_imagepreview":"large","priority":null,"frequency":"default","local_seo":null,"seo_analyzer_scan_date":"2025-10-08 21:49:11","breadcrumb_settings":null,"limit_modified_date":false,"reviewed_by":null,"open_ai":"{\"title\":{\"suggestions\":[],\"usage\":0},\"description\":{\"suggestions\":[],\"usage\":0}}","ai":null,"created":"2024-05-16 13:53:26","updated":"2026-02-04 11:50:06"},"aioseo_breadcrumb":"<div class=\"aioseo-breadcrumbs\"><span class=\"aioseo-breadcrumb\">\n\t<a href=\"https:\/\/soymigrante.com\/revista\" title=\"Home\">Home<\/a>\n<\/span><span class=\"aioseo-breadcrumb-separator\">\u00bb<\/span><span class=\"aioseo-breadcrumb\">\n\t<a href=\"https:\/\/soymigrante.com\/revista\/category\/estamos-unidos\/\" title=\"Estamos Unidos\">Estamos Unidos<\/a>\n<\/span><span class=\"aioseo-breadcrumb-separator\">\u00bb<\/span><span class=\"aioseo-breadcrumb\">\n\t<a href=\"https:\/\/soymigrante.com\/revista\/category\/estamos-unidos\/lugar-de-voces\/\" title=\"Lugar de Voces\">Lugar de Voces<\/a>\n<\/span><span class=\"aioseo-breadcrumb-separator\">\u00bb<\/span><span class=\"aioseo-breadcrumb\">\n\tProyecto Quetzi: donaci\u00f3n migrante para ni\u00f1os y j\u00f3venes de una escuela en Guatemala\n<\/span><\/div>","aioseo_breadcrumb_json":[{"label":"Home","link":"https:\/\/soymigrante.com\/revista"},{"label":"Estamos Unidos","link":"https:\/\/soymigrante.com\/revista\/category\/estamos-unidos\/"},{"label":"Lugar de Voces","link":"https:\/\/soymigrante.com\/revista\/category\/estamos-unidos\/lugar-de-voces\/"},{"label":"Proyecto Quetzi: donaci\u00f3n migrante para ni\u00f1os y j\u00f3venes de una escuela en Guatemala","link":"https:\/\/soymigrante.com\/revista\/donativo-migrantes-guatemaltecos-escuela-palencia-quetzi\/"}],"_links":{"self":[{"href":"https:\/\/soymigrante.com\/revista\/wp-json\/wp\/v2\/posts\/6429","targetHints":{"allow":["GET"]}}],"collection":[{"href":"https:\/\/soymigrante.com\/revista\/wp-json\/wp\/v2\/posts"}],"about":[{"href":"https:\/\/soymigrante.com\/revista\/wp-json\/wp\/v2\/types\/post"}],"author":[{"embeddable":true,"href":"https:\/\/soymigrante.com\/revista\/wp-json\/wp\/v2\/users\/1"}],"replies":[{"embeddable":true,"href":"https:\/\/soymigrante.com\/revista\/wp-json\/wp\/v2\/comments?post=6429"}],"version-history":[{"count":1,"href":"https:\/\/soymigrante.com\/revista\/wp-json\/wp\/v2\/posts\/6429\/revisions"}],"predecessor-version":[{"id":31084,"href":"https:\/\/soymigrante.com\/revista\/wp-json\/wp\/v2\/posts\/6429\/revisions\/31084"}],"wp:featuredmedia":[{"embeddable":true,"href":"https:\/\/soymigrante.com\/revista\/wp-json\/wp\/v2\/media\/6435"}],"wp:attachment":[{"href":"https:\/\/soymigrante.com\/revista\/wp-json\/wp\/v2\/media?parent=6429"}],"wp:term":[{"taxonomy":"category","embeddable":true,"href":"https:\/\/soymigrante.com\/revista\/wp-json\/wp\/v2\/categories?post=6429"},{"taxonomy":"post_tag","embeddable":true,"href":"https:\/\/soymigrante.com\/revista\/wp-json\/wp\/v2\/tags?post=6429"}],"curies":[{"name":"wp","href":"https:\/\/api.w.org\/{rel}","templated":true}]}}