{"id":6399,"date":"2024-05-16T09:39:12","date_gmt":"2024-05-16T15:39:12","guid":{"rendered":"https:\/\/soymigrante.com\/revista\/?p=6399"},"modified":"2024-07-27T16:05:08","modified_gmt":"2024-07-27T22:05:08","slug":"el-chef-yovany-quisquina-fusiona-sabor-y-exito-en-brooklyn-ny","status":"publish","type":"post","link":"https:\/\/soymigrante.com\/revista\/el-chef-yovany-quisquina-fusiona-sabor-y-exito-en-brooklyn-ny\/","title":{"rendered":"El chef Yovany Quisquin\u00e1 fusiona sabor y \u00e9xito en Brooklyn, NY"},"content":{"rendered":"\t\t<div data-elementor-type=\"wp-post\" data-elementor-id=\"6399\" class=\"elementor elementor-6399\" data-elementor-post-type=\"post\">\n\t\t\t\t\t\t<section data-particle_enable=\"false\" data-particle-mobile-disabled=\"false\" class=\"elementor-section elementor-top-section elementor-element elementor-element-0972e88 elementor-section-boxed elementor-section-height-default elementor-section-height-default\" data-id=\"0972e88\" data-element_type=\"section\" data-e-type=\"section\">\n\t\t\t\t\t\t<div class=\"elementor-container elementor-column-gap-default\">\n\t\t\t\t\t<div class=\"elementor-column elementor-col-100 elementor-top-column elementor-element elementor-element-6bd8aa8\" data-id=\"6bd8aa8\" data-element_type=\"column\" data-e-type=\"column\">\n\t\t\t<div class=\"elementor-widget-wrap elementor-element-populated\">\n\t\t\t\t\t\t<div class=\"elementor-element elementor-element-62c789c elementor-widget elementor-widget-heading\" data-id=\"62c789c\" data-element_type=\"widget\" data-e-type=\"widget\" data-widget_type=\"heading.default\">\n\t\t\t\t\t<h2 class=\"elementor-heading-title elementor-size-default\">En Brooklyn, Nueva York, Yovany Quisquin\u00e1 Julajuj, migrante guatemalteco, es propietario de dos restaurantes de comida fusi\u00f3n. Para alcanzar sus objetivos Quisquin\u00e1 migr\u00f3 a los nueve a\u00f1os de Pixabaj, una aldea de Solol\u00e1, Guatemala. Una historia de trabajo y sacrificio.<\/h2>\t\t\t\t<\/div>\n\t\t\t\t\t<\/div>\n\t\t<\/div>\n\t\t\t\t\t<\/div>\n\t\t<\/section>\n\t\t\t\t<section data-particle_enable=\"false\" data-particle-mobile-disabled=\"false\" class=\"elementor-section elementor-top-section elementor-element elementor-element-55c7c12 elementor-section-boxed elementor-section-height-default elementor-section-height-default\" data-id=\"55c7c12\" data-element_type=\"section\" data-e-type=\"section\">\n\t\t\t\t\t\t<div class=\"elementor-container elementor-column-gap-default\">\n\t\t\t\t\t<div class=\"elementor-column elementor-col-100 elementor-top-column elementor-element elementor-element-f902921\" data-id=\"f902921\" data-element_type=\"column\" data-e-type=\"column\">\n\t\t\t<div class=\"elementor-widget-wrap elementor-element-populated\">\n\t\t\t\t\t\t<div class=\"elementor-element elementor-element-feec34c elementor-widget elementor-widget-text-editor\" data-id=\"feec34c\" data-element_type=\"widget\" data-e-type=\"widget\" data-widget_type=\"text-editor.default\">\n\t\t\t\t\t\t\t\t\t<p>\u201cNac\u00ed en una aldea peque\u00f1a con pobreza extrema l\u00edmite entre Solol\u00e1 y Quich\u00e9, espec\u00edficamente en Pixabaj. All\u00e1 aprend\u00ed de mis padres que pese a la adversidad hay que trabajar para salir adelante\u201d, dice el migrante Quisquin\u00e1.<\/p><p>Detr\u00e1s del \u00e9xito del ahora chef hay an\u00e9cdotas tristes y alegres que han dejado huella en la vida del migrante. \u201cDebido a la situaci\u00f3n del pa\u00eds <a href=\"https:\/\/soymigrante.com\/revista\/nombre-guatemala-cumple-500-anos-escrito-carta-conquistador-pedro-de-alvrado\/\">\u2013 Guatemala \u2013<\/a> nos refugiamos en esta gran naci\u00f3n \u2013 Estados Unidos \u2013 que la verdad nos ha abrazado de una manera grande y c\u00f3mo no estar agradecido por lo que he logrado\u201d. Menciona.<\/p><p>Para Yovany el \u00e9xito se planifica no se encuentra ni es suerte: \u201cLlegu\u00e9 a <a href=\"https:\/\/soymigrante.com\/revista\/guatemalteca-ejercito-estados-unidos-garifuna-prueba\/\">Puerto Barrios \u2013 Izabal \u2013<\/a> vendiendo en los buses desde Solol\u00e1, all\u00e1 me realic\u00e9 como persona me gradu\u00e9 de profesor y comenc\u00e9 a ense\u00f1ar. No pod\u00eda quedarme en el confort de la casa, las cosechas y el campo, fue necesario salir para aprender y crecer.<\/p>\t\t\t\t\t\t\t\t<\/div>\n\t\t\t\t\t<\/div>\n\t\t<\/div>\n\t\t\t\t\t<\/div>\n\t\t<\/section>\n\t\t\t\t<section data-particle_enable=\"false\" data-particle-mobile-disabled=\"false\" class=\"elementor-section elementor-top-section elementor-element elementor-element-c318cfc elementor-section-boxed elementor-section-height-default elementor-section-height-default\" data-id=\"c318cfc\" data-element_type=\"section\" data-e-type=\"section\">\n\t\t\t\t\t\t<div class=\"elementor-container elementor-column-gap-default\">\n\t\t\t\t\t<div class=\"elementor-column elementor-col-100 elementor-top-column elementor-element elementor-element-96347f0\" data-id=\"96347f0\" data-element_type=\"column\" data-e-type=\"column\">\n\t\t\t<div class=\"elementor-widget-wrap elementor-element-populated\">\n\t\t\t\t\t\t<div class=\"elementor-element elementor-element-b4254c6 elementor-widget elementor-widget-image\" data-id=\"b4254c6\" data-element_type=\"widget\" data-e-type=\"widget\" data-widget_type=\"image.default\">\n\t\t\t\t\t\t\t\t\t\t\t\t<figure class=\"wp-caption\">\n\t\t\t\t\t\t\t\t\t\t<img fetchpriority=\"high\" decoding=\"async\" width=\"768\" height=\"512\" src=\"https:\/\/soymigrante.com\/revista\/wp-content\/uploads\/2024\/05\/Chef-guatemalteco-Yovany-Quisquina-alcanza-exito-en-Estados-Unidos-2-1024x683.webp\" class=\"attachment-large size-large wp-image-6404\" alt=\"Joven inmigrante en la ciudad de Nueva York, reflejando experiencias de migrantes y comunidad latina, en un entorno urbano que destaca por su arquitectura moderna y diversidad cultural.\" srcset=\"https:\/\/soymigrante.com\/revista\/wp-content\/uploads\/2024\/05\/Chef-guatemalteco-Yovany-Quisquina-alcanza-exito-en-Estados-Unidos-2-1024x683.webp 1024w, https:\/\/soymigrante.com\/revista\/wp-content\/uploads\/2024\/05\/Chef-guatemalteco-Yovany-Quisquina-alcanza-exito-en-Estados-Unidos-2-300x200.webp 300w, https:\/\/soymigrante.com\/revista\/wp-content\/uploads\/2024\/05\/Chef-guatemalteco-Yovany-Quisquina-alcanza-exito-en-Estados-Unidos-2-768x512.webp 768w, https:\/\/soymigrante.com\/revista\/wp-content\/uploads\/2024\/05\/Chef-guatemalteco-Yovany-Quisquina-alcanza-exito-en-Estados-Unidos-2-1536x1024.webp 1536w, https:\/\/soymigrante.com\/revista\/wp-content\/uploads\/2024\/05\/Chef-guatemalteco-Yovany-Quisquina-alcanza-exito-en-Estados-Unidos-2-750x500.webp 750w, https:\/\/soymigrante.com\/revista\/wp-content\/uploads\/2024\/05\/Chef-guatemalteco-Yovany-Quisquina-alcanza-exito-en-Estados-Unidos-2-1140x760.webp 1140w, https:\/\/soymigrante.com\/revista\/wp-content\/uploads\/2024\/05\/Chef-guatemalteco-Yovany-Quisquina-alcanza-exito-en-Estados-Unidos-2.webp 1920w\" sizes=\"(max-width: 768px) 100vw, 768px\" title=\"Chef guatemalteco Yovany Quisquin\u00e1 alcanza \u00e9xito en Estados Unidos (2) \u2013 SoyMigrante.com REVISTA\" \/>\t\t\t\t\t\t\t\t\t\t\t<figcaption class=\"widget-image-caption wp-caption-text\"> Giovanni Quisquin\u00e1 migr\u00f3 a Estados Unidos en el a\u00f1o 2001. Fue la segunda vez que el guatemalteco buscaba trabajar para ayudar a sus padres. (Foto Yovany Quisquin\u00e1)<\/figcaption>\n\t\t\t\t\t\t\t\t\t\t<\/figure>\n\t\t\t\t\t\t\t\t\t<\/div>\n\t\t\t\t\t<\/div>\n\t\t<\/div>\n\t\t\t\t\t<\/div>\n\t\t<\/section>\n\t\t\t\t<section data-particle_enable=\"false\" data-particle-mobile-disabled=\"false\" class=\"elementor-section elementor-top-section elementor-element elementor-element-c471fc4 elementor-section-boxed elementor-section-height-default elementor-section-height-default\" data-id=\"c471fc4\" data-element_type=\"section\" data-e-type=\"section\">\n\t\t\t\t\t\t<div class=\"elementor-container elementor-column-gap-default\">\n\t\t\t\t\t<div class=\"elementor-column elementor-col-100 elementor-top-column elementor-element elementor-element-bd618cc\" data-id=\"bd618cc\" data-element_type=\"column\" data-e-type=\"column\">\n\t\t\t<div class=\"elementor-widget-wrap elementor-element-populated\">\n\t\t\t\t\t\t<div class=\"elementor-element elementor-element-8e87d24 elementor-widget elementor-widget-heading\" data-id=\"8e87d24\" data-element_type=\"widget\" data-e-type=\"widget\" data-widget_type=\"heading.default\">\n\t\t\t\t\t<h2 class=\"elementor-heading-title elementor-size-default\">Migrar y la ilusi\u00f3n de nuevos horizontes<\/h2>\t\t\t\t<\/div>\n\t\t\t\t\t<\/div>\n\t\t<\/div>\n\t\t\t\t\t<\/div>\n\t\t<\/section>\n\t\t\t\t<section data-particle_enable=\"false\" data-particle-mobile-disabled=\"false\" class=\"elementor-section elementor-top-section elementor-element elementor-element-d604f5f elementor-section-boxed elementor-section-height-default elementor-section-height-default\" data-id=\"d604f5f\" data-element_type=\"section\" data-e-type=\"section\">\n\t\t\t\t\t\t<div class=\"elementor-container elementor-column-gap-default\">\n\t\t\t\t\t<div class=\"elementor-column elementor-col-100 elementor-top-column elementor-element elementor-element-888787f\" data-id=\"888787f\" data-element_type=\"column\" data-e-type=\"column\">\n\t\t\t<div class=\"elementor-widget-wrap elementor-element-populated\">\n\t\t\t\t\t\t<div class=\"elementor-element elementor-element-ec9a33e elementor-widget elementor-widget-text-editor\" data-id=\"ec9a33e\" data-element_type=\"widget\" data-e-type=\"widget\" data-widget_type=\"text-editor.default\">\n\t\t\t\t\t\t\t\t\t<p>La pobreza que agobiaba a la familia Quiquin\u00e1 en Pixabaj oblig\u00f3 a Yovan\u00fd a salir para ayudar a sus padres y seis hermanos. \u201cSal\u00ed de mi aldea a los diez o nueve a\u00f1os, era necesario, fui a Izabal con unos familiares que nos invitaron ir a trabajar all\u00e1 comenz\u00f3 mi primera aventura\u201d.<\/p><p>Aquel ni\u00f1o migrante no lleg\u00f3 solo a trabajar para ayudar su familia. Firme en sus objetivos termin\u00f3 la escuela primaria, el b\u00e1sico y finalmente se gradu\u00f3 de maestro en el 2001 en el<a href=\"https:\/\/www.facebook.com\/InstitutoDrPedroMolina\/?locale=es_LA\"> Instituto Pedro Molina,<\/a> su formaci\u00f3n la combin\u00f3 todo el tiempo con el negocio: \u201cEstudiaba de lunes a viernes y el fin de semana sal\u00eda a vender por las calles de Puerto Barrios y Morales; vend\u00eda productos de la temporada\u201d.<\/p><p>Reci\u00e9n graduado Quisquin\u00e1 comenz\u00f3 a dar clases era feliz y quer\u00eda abrazar el mundo, pero el \u00e9xito y el dinero que necesitaba para ayudar a sus padres no estaba en la calurosa ciudad de Morales. \u201cEnse\u00f1ar es una pasi\u00f3n que tengo. Siempre me gustado sobresalir intent\u00e9 seguir en la universidad, pero no pude, tuve en mente llegar a la pol\u00edtica para gobernar quer\u00eda tener m\u00e1s conocimiento porque en realidad de donde nosotros venimos es un pueblo muy humilde y la pobreza te obliga hacer algo y si no te mueves te mata\u201d.<\/p>\t\t\t\t\t\t\t\t<\/div>\n\t\t\t\t\t<\/div>\n\t\t<\/div>\n\t\t\t\t\t<\/div>\n\t\t<\/section>\n\t\t\t\t<section data-particle_enable=\"false\" data-particle-mobile-disabled=\"false\" class=\"elementor-section elementor-top-section elementor-element elementor-element-ad51c7a elementor-section-boxed elementor-section-height-default elementor-section-height-default\" data-id=\"ad51c7a\" data-element_type=\"section\" data-e-type=\"section\">\n\t\t\t\t\t\t<div class=\"elementor-container elementor-column-gap-default\">\n\t\t\t\t\t<div class=\"elementor-column elementor-col-100 elementor-top-column elementor-element elementor-element-76cb689\" data-id=\"76cb689\" data-element_type=\"column\" data-e-type=\"column\">\n\t\t\t<div class=\"elementor-widget-wrap elementor-element-populated\">\n\t\t\t\t\t\t<div class=\"elementor-element elementor-element-bf049b5 elementor-widget elementor-widget-heading\" data-id=\"bf049b5\" data-element_type=\"widget\" data-e-type=\"widget\" data-widget_type=\"heading.default\">\n\t\t\t\t\t<h2 class=\"elementor-heading-title elementor-size-default\">Migrar: una decisi\u00f3n muy complicada<\/h2>\t\t\t\t<\/div>\n\t\t\t\t\t<\/div>\n\t\t<\/div>\n\t\t\t\t\t<\/div>\n\t\t<\/section>\n\t\t\t\t<section data-particle_enable=\"false\" data-particle-mobile-disabled=\"false\" class=\"elementor-section elementor-top-section elementor-element elementor-element-2ff9feb elementor-section-boxed elementor-section-height-default elementor-section-height-default\" data-id=\"2ff9feb\" data-element_type=\"section\" data-e-type=\"section\">\n\t\t\t\t\t\t<div class=\"elementor-container elementor-column-gap-default\">\n\t\t\t\t\t<div class=\"elementor-column elementor-col-100 elementor-top-column elementor-element elementor-element-78e06f3\" data-id=\"78e06f3\" data-element_type=\"column\" data-e-type=\"column\">\n\t\t\t<div class=\"elementor-widget-wrap elementor-element-populated\">\n\t\t\t\t\t\t<div class=\"elementor-element elementor-element-83bae1c elementor-widget elementor-widget-text-editor\" data-id=\"83bae1c\" data-element_type=\"widget\" data-e-type=\"widget\" data-widget_type=\"text-editor.default\">\n\t\t\t\t\t\t\t\t\t<p>A los nueve a\u00f1os migrar fue una decisi\u00f3n que el peque\u00f1o Yovany tom\u00f3 con sus padres y su salida fue necesaria para ayudar en la manutenci\u00f3n de sus hermanos. \u201cMis padres y mis hermanos siempre est\u00e1n presentes y siempre he tenido el apoyo de ellos y han sido felices con mis logros, pero el dinero es indispensable\u201d, explica el migrante.<\/p><p>En el 2001 Yovany nuevamente busc\u00f3 el consejo de sus padres, el c\u00f3nclave familiar esta vez deb\u00eda respaldar la trascendental decisi\u00f3n del hijo mayor de migrar a Estados Unidos. \u201cAqu\u00ed en Guatemala no pod\u00eda m\u00e1s y visualic\u00e9 el futuro, vi la necesidad de cambiar m\u00e1s pensando en mi familia en<a href=\"https:\/\/soymigrante.com\/revista\/remesas-migrantes-guatemaltecoso-estados-unidos-abril-2024\/\"> a<\/a><a href=\"https:\/\/soymigrante.com\/revista\/remesas-migrantes-guatemaltecoso-estados-unidos-abril-2024\/\">yudarlos en las necesidades <\/a>que ten\u00edan.<span style=\"color: var( --e-global-color-text );\">\u00a0<\/span><\/p><p>\u201cLa verdad que no fue f\u00e1cil tomar esa decisi\u00f3n por mis padres dej\u00e1ndolos y ahora s\u00ed que est\u00e1 entre volverlos a ver o que Dios nos acompa\u00f1e (\u2026). Mi ilusi\u00f3n es volverlos a ver y abrazarlos\u201d, dice Quisquin\u00e1.<\/p>\t\t\t\t\t\t\t\t<\/div>\n\t\t\t\t\t<\/div>\n\t\t<\/div>\n\t\t\t\t\t<\/div>\n\t\t<\/section>\n\t\t\t\t<section data-particle_enable=\"false\" data-particle-mobile-disabled=\"false\" class=\"elementor-section elementor-top-section elementor-element elementor-element-9a11da3 elementor-section-boxed elementor-section-height-default elementor-section-height-default\" data-id=\"9a11da3\" data-element_type=\"section\" data-e-type=\"section\">\n\t\t\t\t\t\t<div class=\"elementor-container elementor-column-gap-default\">\n\t\t\t\t\t<div class=\"elementor-column elementor-col-100 elementor-top-column elementor-element elementor-element-a67c623\" data-id=\"a67c623\" data-element_type=\"column\" data-e-type=\"column\">\n\t\t\t<div class=\"elementor-widget-wrap elementor-element-populated\">\n\t\t\t\t\t\t<div class=\"elementor-element elementor-element-0e8f4c9 elementor-widget elementor-widget-image\" data-id=\"0e8f4c9\" data-element_type=\"widget\" data-e-type=\"widget\" data-widget_type=\"image.default\">\n\t\t\t\t\t\t\t\t\t\t\t\t\t\t\t<img decoding=\"async\" width=\"768\" height=\"576\" src=\"https:\/\/soymigrante.com\/revista\/wp-content\/uploads\/2024\/05\/Chef-guatemalteco-Yovany-Quisquina-alcanza-exito-en-Estados-Unidos-9-1-1024x768.webp\" class=\"attachment-large size-large wp-image-6406\" alt=\"Joven durante evento cultural en restaurante con decoraci\u00f3n colorida y cartel de &quot;good vibes&quot; en ne\u00f3n.\" srcset=\"https:\/\/soymigrante.com\/revista\/wp-content\/uploads\/2024\/05\/Chef-guatemalteco-Yovany-Quisquina-alcanza-exito-en-Estados-Unidos-9-1-1024x768.webp 1024w, https:\/\/soymigrante.com\/revista\/wp-content\/uploads\/2024\/05\/Chef-guatemalteco-Yovany-Quisquina-alcanza-exito-en-Estados-Unidos-9-1-300x225.webp 300w, https:\/\/soymigrante.com\/revista\/wp-content\/uploads\/2024\/05\/Chef-guatemalteco-Yovany-Quisquina-alcanza-exito-en-Estados-Unidos-9-1-768x576.webp 768w, https:\/\/soymigrante.com\/revista\/wp-content\/uploads\/2024\/05\/Chef-guatemalteco-Yovany-Quisquina-alcanza-exito-en-Estados-Unidos-9-1-1536x1152.webp 1536w, https:\/\/soymigrante.com\/revista\/wp-content\/uploads\/2024\/05\/Chef-guatemalteco-Yovany-Quisquina-alcanza-exito-en-Estados-Unidos-9-1-750x563.webp 750w, https:\/\/soymigrante.com\/revista\/wp-content\/uploads\/2024\/05\/Chef-guatemalteco-Yovany-Quisquina-alcanza-exito-en-Estados-Unidos-9-1-1140x855.webp 1140w, https:\/\/soymigrante.com\/revista\/wp-content\/uploads\/2024\/05\/Chef-guatemalteco-Yovany-Quisquina-alcanza-exito-en-Estados-Unidos-9-1.webp 1920w\" sizes=\"(max-width: 768px) 100vw, 768px\" title=\"Chef guatemalteco Yovany Quisquin\u00e1 alcanza \u00e9xito en Estados Unidos (9) \u2013 SoyMigrante.com REVISTA\" \/>\t\t\t\t\t\t\t\t\t\t\t\t\t\t\t<\/div>\n\t\t\t\t\t<\/div>\n\t\t<\/div>\n\t\t\t\t\t<\/div>\n\t\t<\/section>\n\t\t\t\t<section data-particle_enable=\"false\" data-particle-mobile-disabled=\"false\" class=\"elementor-section elementor-top-section elementor-element elementor-element-a77e34e elementor-section-boxed elementor-section-height-default elementor-section-height-default\" data-id=\"a77e34e\" data-element_type=\"section\" data-e-type=\"section\">\n\t\t\t\t\t\t<div class=\"elementor-container elementor-column-gap-default\">\n\t\t\t\t\t<div class=\"elementor-column elementor-col-100 elementor-top-column elementor-element elementor-element-d5c2c64\" data-id=\"d5c2c64\" data-element_type=\"column\" data-e-type=\"column\">\n\t\t\t<div class=\"elementor-widget-wrap elementor-element-populated\">\n\t\t\t\t\t\t<div class=\"elementor-element elementor-element-40eedd8 elementor-widget elementor-widget-heading\" data-id=\"40eedd8\" data-element_type=\"widget\" data-e-type=\"widget\" data-widget_type=\"heading.default\">\n\t\t\t\t\t<h2 class=\"elementor-heading-title elementor-size-default\">Yovany: \u201cI love NY\u201d<\/h2>\t\t\t\t<\/div>\n\t\t\t\t\t<\/div>\n\t\t<\/div>\n\t\t\t\t\t<\/div>\n\t\t<\/section>\n\t\t\t\t<section data-particle_enable=\"false\" data-particle-mobile-disabled=\"false\" class=\"elementor-section elementor-top-section elementor-element elementor-element-9ef7ada elementor-section-boxed elementor-section-height-default elementor-section-height-default\" data-id=\"9ef7ada\" data-element_type=\"section\" data-e-type=\"section\">\n\t\t\t\t\t\t<div class=\"elementor-container elementor-column-gap-default\">\n\t\t\t\t\t<div class=\"elementor-column elementor-col-100 elementor-top-column elementor-element elementor-element-97a1c68\" data-id=\"97a1c68\" data-element_type=\"column\" data-e-type=\"column\">\n\t\t\t<div class=\"elementor-widget-wrap elementor-element-populated\">\n\t\t\t\t\t\t<div class=\"elementor-element elementor-element-c9af31b elementor-widget elementor-widget-text-editor\" data-id=\"c9af31b\" data-element_type=\"widget\" data-e-type=\"widget\" data-widget_type=\"text-editor.default\">\n\t\t\t\t\t\t\t\t\t<p>La llegada de Yovany Quisquin\u00e1 a Nueva York coincidi\u00f3 con una <a href=\"https:\/\/soymigrante.com\/revista\/derechos-de-los-migrantes-silencio-indocumentados-defensa\/\">\u00e9poca de redadas por parte de agentes del ICE <\/a>(Servicio de Control de Inmigraci\u00f3n y Aduanas) que buscaban a migrantes indocumentados en las salidas de empresas o en las empresas para pedirles el permiso para trabajar. \u201c\u00edbamos a trabajar con el miedo de regresar fueron tiempos dif\u00edciles, pero ah\u00ed es donde le puse empe\u00f1o al trabajo y me propuse no rendirme\u201d, cuenta el migrante.<\/p><p>\u201cLlegar a Nueva York fue otro comienzo para m\u00ed, lo complicado y m\u00e1s dif\u00edcil fue el idioma porque casi nadie hablaba espa\u00f1ol poca gente hispana. Aprend\u00ed algo nuevo algo que se convirti\u00f3 en una necesidad. Mi primer trabajo fue de lavaplatos, ah\u00ed comenz\u00f3 esta historia que hoy cuento y que me ha dado muchas satisfacciones\u201d.<\/p><p>\u201cDe lavaplatos pon\u00eda atenci\u00f3n a todo lo que ocurr\u00eda en la cocina y siempre que pod\u00eda ayudaba en algo y preguntaba a los cocineros \u00bfc\u00f3mo se hace esto o aquello? y esa actitud le gust\u00f3 muchos chefs que me dec\u00edan: \u201cNosotros vemos algo en ti; te queremos impulsar\u201d.<\/p><p>Y la recompensa al empe\u00f1o, esfuerzo, dedicaci\u00f3n y humildad lleg\u00f3. \u201cEra el a\u00f1o 2004 o 2005. Me acuerdo de ese momento. Uno de ellos \u2014 chef \u2014 falt\u00f3 por una enfermedad; hab\u00eda tomado un curso de cocina de tres d\u00edas m\u00e1s o menos y pues los momentos llegan (\u2026) uno de los chefs me dice: \u201cTe vamos a poner en este sitio ahora para que lo cubras y cuando venga \u00e9l pues te regresas a tu puesto\u201d. Y en ese entonces provech\u00e9 la oportunidad al m\u00e1ximo lo disfrut\u00e9 y me gustaba lo que hac\u00eda. Ellos dijeron: \u201cahora no te regreses all\u00e1 ahora te quedas en este puesto y \u00e9chale ganas y con unos cuantos rega\u00f1os uno aprende.<\/p><p>El restaurante que le abri\u00f3 la puerta por el gusto a la cocina a Quisquin\u00e1 se llama \u00a1Viva M\u00e9xico!, donde el chef \u00b4siempre es bienvenido.<\/p>\t\t\t\t\t\t\t\t<\/div>\n\t\t\t\t\t<\/div>\n\t\t<\/div>\n\t\t\t\t\t<\/div>\n\t\t<\/section>\n\t\t\t\t<section data-particle_enable=\"false\" data-particle-mobile-disabled=\"false\" class=\"elementor-section elementor-top-section elementor-element elementor-element-1e2e348 elementor-section-boxed elementor-section-height-default elementor-section-height-default\" data-id=\"1e2e348\" data-element_type=\"section\" data-e-type=\"section\">\n\t\t\t\t\t\t<div class=\"elementor-container elementor-column-gap-default\">\n\t\t\t\t\t<div class=\"elementor-column elementor-col-100 elementor-top-column elementor-element elementor-element-07d0ed0\" data-id=\"07d0ed0\" data-element_type=\"column\" data-e-type=\"column\">\n\t\t\t<div class=\"elementor-widget-wrap elementor-element-populated\">\n\t\t\t\t\t\t<div class=\"elementor-element elementor-element-f227e18 elementor-widget elementor-widget-video\" data-id=\"f227e18\" data-element_type=\"widget\" data-e-type=\"widget\" data-settings=\"{&quot;youtube_url&quot;:&quot;https:\\\/\\\/www.youtube.com\\\/watch?v=ZZex5f8-OHc&quot;,&quot;video_type&quot;:&quot;youtube&quot;,&quot;controls&quot;:&quot;yes&quot;}\" data-widget_type=\"video.default\">\n\t\t\t\t\t\t\t<div class=\"elementor-wrapper elementor-open-inline\">\n\t\t\t<div class=\"elementor-video\"><\/div>\t\t<\/div>\n\t\t\t\t\t\t<\/div>\n\t\t\t\t\t<\/div>\n\t\t<\/div>\n\t\t\t\t\t<\/div>\n\t\t<\/section>\n\t\t\t\t<section data-particle_enable=\"false\" data-particle-mobile-disabled=\"false\" class=\"elementor-section elementor-top-section elementor-element elementor-element-d95e33f elementor-section-boxed elementor-section-height-default elementor-section-height-default\" data-id=\"d95e33f\" data-element_type=\"section\" data-e-type=\"section\">\n\t\t\t\t\t\t<div class=\"elementor-container elementor-column-gap-default\">\n\t\t\t\t\t<div class=\"elementor-column elementor-col-100 elementor-top-column elementor-element elementor-element-5fea935\" data-id=\"5fea935\" data-element_type=\"column\" data-e-type=\"column\">\n\t\t\t<div class=\"elementor-widget-wrap elementor-element-populated\">\n\t\t\t\t\t\t<div class=\"elementor-element elementor-element-5323574 elementor-widget elementor-widget-heading\" data-id=\"5323574\" data-element_type=\"widget\" data-e-type=\"widget\" data-widget_type=\"heading.default\">\n\t\t\t\t\t<h2 class=\"elementor-heading-title elementor-size-default\">Estudi\u00f3 en la mejor escuela de cocina<\/h2>\t\t\t\t<\/div>\n\t\t\t\t\t<\/div>\n\t\t<\/div>\n\t\t\t\t\t<\/div>\n\t\t<\/section>\n\t\t\t\t<section data-particle_enable=\"false\" data-particle-mobile-disabled=\"false\" class=\"elementor-section elementor-top-section elementor-element elementor-element-5d2e0f8 elementor-section-boxed elementor-section-height-default elementor-section-height-default\" data-id=\"5d2e0f8\" data-element_type=\"section\" data-e-type=\"section\">\n\t\t\t\t\t\t<div class=\"elementor-container elementor-column-gap-default\">\n\t\t\t\t\t<div class=\"elementor-column elementor-col-100 elementor-top-column elementor-element elementor-element-9aca3c1\" data-id=\"9aca3c1\" data-element_type=\"column\" data-e-type=\"column\">\n\t\t\t<div class=\"elementor-widget-wrap elementor-element-populated\">\n\t\t\t\t\t\t<div class=\"elementor-element elementor-element-c4af215 elementor-widget elementor-widget-text-editor\" data-id=\"c4af215\" data-element_type=\"widget\" data-e-type=\"widget\" data-widget_type=\"text-editor.default\">\n\t\t\t\t\t\t\t\t\t<p>Quisquin\u00e1 mejor\u00f3 su t\u00e9cnica culinaria al graduarse como chef en el <a href=\"https:\/\/www.ciachef.edu\/?fbclid=IwZXh0bgNhZW0CMTAAAR1RHw969bvjjNCaiBObN7Lg1_zkvjdcjJgKu5OlOM3G8tODwlR8Syt8CbQ_aem_AftZWaR3RjHDc78djSHaR9iiMyjZhMKT72LwvE2RbowuPbf4kfyNdHe3cdbnZ7GzlcypVfj3Kql6NjCxK_pzMy9t\">Culinary Institute of America<\/a> (CIA, en ingl\u00e9s) conocida como la principal universidad culinaria del mundo. \u201cEse tambi\u00e9n fue otro comienzo. Hab\u00eda chefs de varias nacionalidades, incluso de Guatemala, de mi grupo fui el \u00fanico que se gradu\u00f3, el resto iba por pasar el tiempo\u201d.<\/p><p>\u201cDe mi pas\u00f3 por el CIA recuerdo que me dec\u00edan que mis fusiones de comida deb\u00edan ser \u00fanica porque en comida todo el tiempo se inventa y eso hice y sigo haciendo con la comida crear nuevos platillos.<\/p><p>En el 2011, el chef dej\u00f3 \u00a1Viva M\u00e9xico!, con la intensi\u00f3n de tener su propio restaurante. En ese tiempo un amigo le llam\u00f3 para que creara el men\u00fa de un nuevo restaurante, Quisquin\u00e1 acept\u00f3 con gusto y puso en pr\u00e1ctica su estilo creativo que gust\u00f3 a su amigo y al p\u00fablico.<\/p>\t\t\t\t\t\t\t\t<\/div>\n\t\t\t\t\t<\/div>\n\t\t<\/div>\n\t\t\t\t\t<\/div>\n\t\t<\/section>\n\t\t\t\t<section data-particle_enable=\"false\" data-particle-mobile-disabled=\"false\" class=\"elementor-section elementor-top-section elementor-element elementor-element-8ba6ef2 elementor-section-boxed elementor-section-height-default elementor-section-height-default\" data-id=\"8ba6ef2\" data-element_type=\"section\" data-e-type=\"section\">\n\t\t\t\t\t\t<div class=\"elementor-container elementor-column-gap-default\">\n\t\t\t\t\t<div class=\"elementor-column elementor-col-100 elementor-top-column elementor-element elementor-element-204b4f2\" data-id=\"204b4f2\" data-element_type=\"column\" data-e-type=\"column\">\n\t\t\t<div class=\"elementor-widget-wrap elementor-element-populated\">\n\t\t\t\t\t\t<div class=\"elementor-element elementor-element-524b0a1 elementor-widget elementor-widget-image\" data-id=\"524b0a1\" data-element_type=\"widget\" data-e-type=\"widget\" data-widget_type=\"image.default\">\n\t\t\t\t\t\t\t\t\t\t\t\t<figure class=\"wp-caption\">\n\t\t\t\t\t\t\t\t\t\t<img decoding=\"async\" width=\"768\" height=\"576\" src=\"https:\/\/soymigrante.com\/revista\/wp-content\/uploads\/2024\/05\/Chef-guatemalteco-Yovany-Quisquina-alcanza-exito-en-Estados-Unidos-10-1024x768.webp\" class=\"attachment-large size-large wp-image-6407\" alt=\"Sabores de la gastronom\u00eda mexicana: camarones gratinados y tacos de pescado con ingredientes frescos, salsa y microverdes, en presentaci\u00f3n vibrante y colorida.\" srcset=\"https:\/\/soymigrante.com\/revista\/wp-content\/uploads\/2024\/05\/Chef-guatemalteco-Yovany-Quisquina-alcanza-exito-en-Estados-Unidos-10-1024x768.webp 1024w, https:\/\/soymigrante.com\/revista\/wp-content\/uploads\/2024\/05\/Chef-guatemalteco-Yovany-Quisquina-alcanza-exito-en-Estados-Unidos-10-300x225.webp 300w, https:\/\/soymigrante.com\/revista\/wp-content\/uploads\/2024\/05\/Chef-guatemalteco-Yovany-Quisquina-alcanza-exito-en-Estados-Unidos-10-768x576.webp 768w, https:\/\/soymigrante.com\/revista\/wp-content\/uploads\/2024\/05\/Chef-guatemalteco-Yovany-Quisquina-alcanza-exito-en-Estados-Unidos-10-1536x1152.webp 1536w, https:\/\/soymigrante.com\/revista\/wp-content\/uploads\/2024\/05\/Chef-guatemalteco-Yovany-Quisquina-alcanza-exito-en-Estados-Unidos-10-750x563.webp 750w, https:\/\/soymigrante.com\/revista\/wp-content\/uploads\/2024\/05\/Chef-guatemalteco-Yovany-Quisquina-alcanza-exito-en-Estados-Unidos-10-1140x855.webp 1140w, https:\/\/soymigrante.com\/revista\/wp-content\/uploads\/2024\/05\/Chef-guatemalteco-Yovany-Quisquina-alcanza-exito-en-Estados-Unidos-10.webp 1920w\" sizes=\"(max-width: 768px) 100vw, 768px\" title=\"Chef guatemalteco Yovany Quisquin\u00e1 alcanza \u00e9xito en Estados Unidos (10) \u2013 SoyMigrante.com REVISTA\" \/>\t\t\t\t\t\t\t\t\t\t\t<figcaption class=\"widget-image-caption wp-caption-text\">La especialidad del chef Quisquin\u00e1 es la comida fusi\u00f3n;  ha creado platillos con recetas de Guatemala y M\u00e9xico. (Foto Yovany Quisquin\u00e1) <\/figcaption>\n\t\t\t\t\t\t\t\t\t\t<\/figure>\n\t\t\t\t\t\t\t\t\t<\/div>\n\t\t\t\t\t<\/div>\n\t\t<\/div>\n\t\t\t\t\t<\/div>\n\t\t<\/section>\n\t\t\t\t<section data-particle_enable=\"false\" data-particle-mobile-disabled=\"false\" class=\"elementor-section elementor-top-section elementor-element elementor-element-131168a elementor-section-boxed elementor-section-height-default elementor-section-height-default\" data-id=\"131168a\" data-element_type=\"section\" data-e-type=\"section\">\n\t\t\t\t\t\t<div class=\"elementor-container elementor-column-gap-default\">\n\t\t\t\t\t<div class=\"elementor-column elementor-col-100 elementor-top-column elementor-element elementor-element-35dafc1\" data-id=\"35dafc1\" data-element_type=\"column\" data-e-type=\"column\">\n\t\t\t<div class=\"elementor-widget-wrap elementor-element-populated\">\n\t\t\t\t\t\t<div class=\"elementor-element elementor-element-3a9fbe6 elementor-widget elementor-widget-heading\" data-id=\"3a9fbe6\" data-element_type=\"widget\" data-e-type=\"widget\" data-widget_type=\"heading.default\">\n\t\t\t\t\t<h2 class=\"elementor-heading-title elementor-size-default\">Deseo se hace realidad<\/h2>\t\t\t\t<\/div>\n\t\t\t\t\t<\/div>\n\t\t<\/div>\n\t\t\t\t\t<\/div>\n\t\t<\/section>\n\t\t\t\t<section data-particle_enable=\"false\" data-particle-mobile-disabled=\"false\" class=\"elementor-section elementor-top-section elementor-element elementor-element-b862280 elementor-section-boxed elementor-section-height-default elementor-section-height-default\" data-id=\"b862280\" data-element_type=\"section\" data-e-type=\"section\">\n\t\t\t\t\t\t<div class=\"elementor-container elementor-column-gap-default\">\n\t\t\t\t\t<div class=\"elementor-column elementor-col-100 elementor-top-column elementor-element elementor-element-ceb86be\" data-id=\"ceb86be\" data-element_type=\"column\" data-e-type=\"column\">\n\t\t\t<div class=\"elementor-widget-wrap elementor-element-populated\">\n\t\t\t\t\t\t<div class=\"elementor-element elementor-element-37f3499 elementor-widget elementor-widget-text-editor\" data-id=\"37f3499\" data-element_type=\"widget\" data-e-type=\"widget\" data-widget_type=\"text-editor.default\">\n\t\t\t\t\t\t\t\t\t<p>Con la experiencia obtenida en los restaurantes donde labor\u00f3 y haber egresado de una escuela de alta cocina. En 2019 Quisquin\u00e1 junto a Efy Palacios su esposa de nacionalidad mexicana y con el apoyo de la familia de su c\u00f3nyuge abren en Brooklyn, Nueva York, su restaurante <em><a href=\"https:\/\/laschelitas.com\/\">Las Chelitas, mexican urban cuisine<\/a><\/em> (cocina urbana mexicana, en espa\u00f1ol).<\/p><p>En Las Chelitas Quisquin\u00e1 desborda todo su talento y fiel a su estilo crea nuevos platillos teniendo como punto de partida la rica gastronom\u00eda guatemalteca y mexicana. El \u00e9xito que tuvo Las Chelitas motiv\u00f3 a la pareja a planear abrir un segundo negocio.<\/p><p>En plena pandemia del coronavirus a\u00f1o 2020 Quisquin\u00e1 abre su nuevo restaurante, <a href=\"https:\/\/fondagaribaldi.com\/\">Fonda Garibaldi,<\/a> siempre en Brooklyn, NY. La especialidad es la comida mexicana moderna y el chef es el encargado de innovar platillos a lo largo del a\u00f1o.<\/p><p>Para Quisquin\u00e1 alcanzar el \u00e9xito en Estados Unidos es una bendici\u00f3n luego del largo camino que ha recorrido. \u201cNo ten\u00eda en mente llegar hasta donde estoy. Lo logrado tiene mucho sacrificio, pasi\u00f3n y para mi es una gran bendici\u00f3n, muchos paisanos nos preguntan: \u00bfC\u00f3mo es tener un negocio en Estados Unidos?, \u00bfQu\u00e9 se necesita?, y les hablamos con la verdad porque muchas veces se ve f\u00e1cil y cuando se tiran al agua \u2013 emprenden \u2013 el paisano se decepciona porque es mucho trabajo, pero siempre se puede\u201d.<\/p>\t\t\t\t\t\t\t\t<\/div>\n\t\t\t\t\t<\/div>\n\t\t<\/div>\n\t\t\t\t\t<\/div>\n\t\t<\/section>\n\t\t\t\t<section data-particle_enable=\"false\" data-particle-mobile-disabled=\"false\" class=\"elementor-section elementor-top-section elementor-element elementor-element-b76493a elementor-section-boxed elementor-section-height-default elementor-section-height-default\" data-id=\"b76493a\" data-element_type=\"section\" data-e-type=\"section\">\n\t\t\t\t\t\t<div class=\"elementor-container elementor-column-gap-default\">\n\t\t\t\t\t<div class=\"elementor-column elementor-col-100 elementor-top-column elementor-element elementor-element-5e6468f\" data-id=\"5e6468f\" data-element_type=\"column\" data-e-type=\"column\">\n\t\t\t<div class=\"elementor-widget-wrap elementor-element-populated\">\n\t\t\t\t\t\t<div class=\"elementor-element elementor-element-fd23508 elementor-widget elementor-widget-image\" data-id=\"fd23508\" data-element_type=\"widget\" data-e-type=\"widget\" data-widget_type=\"image.default\">\n\t\t\t\t\t\t\t\t\t\t\t\t<figure class=\"wp-caption\">\n\t\t\t\t\t\t\t\t\t\t\t<a href=\"https:\/\/www.instagram.com\/las_chelitas_restaurant\/\">\n\t\t\t\t\t\t\t<img loading=\"lazy\" decoding=\"async\" width=\"768\" height=\"647\" src=\"https:\/\/soymigrante.com\/revista\/wp-content\/uploads\/2024\/05\/Las-chelitas-restaurante-de-migrante-guatemalteco-1024x862.webp\" class=\"attachment-large size-large wp-image-6412\" alt=\"Casualidad de restaurante mexicano con terraza al aire libre y se\u00f1alizaci\u00f3n sobre apertura y capacidad de asientos, en una avenida urbana.\" srcset=\"https:\/\/soymigrante.com\/revista\/wp-content\/uploads\/2024\/05\/Las-chelitas-restaurante-de-migrante-guatemalteco-1024x862.webp 1024w, https:\/\/soymigrante.com\/revista\/wp-content\/uploads\/2024\/05\/Las-chelitas-restaurante-de-migrante-guatemalteco-300x253.webp 300w, https:\/\/soymigrante.com\/revista\/wp-content\/uploads\/2024\/05\/Las-chelitas-restaurante-de-migrante-guatemalteco-768x646.webp 768w, https:\/\/soymigrante.com\/revista\/wp-content\/uploads\/2024\/05\/Las-chelitas-restaurante-de-migrante-guatemalteco-750x631.webp 750w, https:\/\/soymigrante.com\/revista\/wp-content\/uploads\/2024\/05\/Las-chelitas-restaurante-de-migrante-guatemalteco.webp 1080w\" sizes=\"(max-width: 768px) 100vw, 768px\" title=\"Las chelitas restaurante de migrante guatemalteco \u2013 SoyMigrante.com REVISTA\" \/>\t\t\t\t\t\t\t\t<\/a>\n\t\t\t\t\t\t\t\t\t\t\t<figcaption class=\"widget-image-caption wp-caption-text\">Las Chelitas est\u00e1 ubicado en el 7312, 13th Avenue Dyker Heights, Brooklyn, NY 11228; tel\u00e9fono (347) 909-7110.<\/figcaption>\n\t\t\t\t\t\t\t\t\t\t<\/figure>\n\t\t\t\t\t\t\t\t\t<\/div>\n\t\t\t\t\t<\/div>\n\t\t<\/div>\n\t\t\t\t\t<\/div>\n\t\t<\/section>\n\t\t\t\t<section data-particle_enable=\"false\" data-particle-mobile-disabled=\"false\" class=\"elementor-section elementor-top-section elementor-element elementor-element-f651d45 elementor-section-boxed elementor-section-height-default elementor-section-height-default\" data-id=\"f651d45\" data-element_type=\"section\" data-e-type=\"section\">\n\t\t\t\t\t\t<div class=\"elementor-container elementor-column-gap-default\">\n\t\t\t\t\t<div class=\"elementor-column elementor-col-100 elementor-top-column elementor-element elementor-element-8e961ec\" data-id=\"8e961ec\" data-element_type=\"column\" data-e-type=\"column\">\n\t\t\t<div class=\"elementor-widget-wrap elementor-element-populated\">\n\t\t\t\t\t\t<div class=\"elementor-element elementor-element-2b7c336 elementor-widget elementor-widget-heading\" data-id=\"2b7c336\" data-element_type=\"widget\" data-e-type=\"widget\" data-widget_type=\"heading.default\">\n\t\t\t\t\t<h2 class=\"elementor-heading-title elementor-size-default\">A\u00f1orado regreso a Guatemala<\/h2>\t\t\t\t<\/div>\n\t\t\t\t\t<\/div>\n\t\t<\/div>\n\t\t\t\t\t<\/div>\n\t\t<\/section>\n\t\t\t\t<section data-particle_enable=\"false\" data-particle-mobile-disabled=\"false\" class=\"elementor-section elementor-top-section elementor-element elementor-element-9ea8e80 elementor-section-boxed elementor-section-height-default elementor-section-height-default\" data-id=\"9ea8e80\" data-element_type=\"section\" data-e-type=\"section\">\n\t\t\t\t\t\t<div class=\"elementor-container elementor-column-gap-default\">\n\t\t\t\t\t<div class=\"elementor-column elementor-col-100 elementor-top-column elementor-element elementor-element-1808a26\" data-id=\"1808a26\" data-element_type=\"column\" data-e-type=\"column\">\n\t\t\t<div class=\"elementor-widget-wrap elementor-element-populated\">\n\t\t\t\t\t\t<div class=\"elementor-element elementor-element-206131d elementor-widget elementor-widget-text-editor\" data-id=\"206131d\" data-element_type=\"widget\" data-e-type=\"widget\" data-widget_type=\"text-editor.default\">\n\t\t\t\t\t\t\t\t\t<p>Yovany sali\u00f3 de Guatemala hace 23 a\u00f1os y durante ese tiempo no ha regresado a su natal Pixabaj para reencontrarse con sus padres y hermanos, abrazarlos y contarles cada an\u00e9cdota, \u00e9xitos y fracasos en una tierra muy lejana de Solol\u00e1 donde ha forjado \u00e9xitos.<\/p><p>\u201cLa familia a sido lo m\u00e1s dif\u00edcil, el poder regresar y abrazarlos. Estamos en tr\u00e1mites para viajar a Guatemala, Dios primero y se logr\u00e9. Mis padres nunca han salido de Pixabaj, el \u00fanico que sali\u00f3 a Izabal fui yo\u201d, comenta el migrante.<\/p>\t\t\t\t\t\t\t\t<\/div>\n\t\t\t\t\t<\/div>\n\t\t<\/div>\n\t\t\t\t\t<\/div>\n\t\t<\/section>\n\t\t\t\t<section data-particle_enable=\"false\" data-particle-mobile-disabled=\"false\" class=\"elementor-section elementor-top-section elementor-element elementor-element-0782a5f elementor-section-boxed elementor-section-height-default elementor-section-height-default\" data-id=\"0782a5f\" data-element_type=\"section\" data-e-type=\"section\">\n\t\t\t\t\t\t<div class=\"elementor-container elementor-column-gap-default\">\n\t\t\t\t\t<div class=\"elementor-column elementor-col-100 elementor-top-column elementor-element elementor-element-fc7ee1e\" data-id=\"fc7ee1e\" data-element_type=\"column\" data-e-type=\"column\">\n\t\t\t<div class=\"elementor-widget-wrap elementor-element-populated\">\n\t\t\t\t\t\t<div class=\"elementor-element elementor-element-dea4a1c elementor-widget elementor-widget-heading\" data-id=\"dea4a1c\" data-element_type=\"widget\" data-e-type=\"widget\" data-widget_type=\"heading.default\">\n\t\t\t\t\t<h2 class=\"elementor-heading-title elementor-size-default\">\u201cEl pa\u00eds de uno\u201d<\/h2>\t\t\t\t<\/div>\n\t\t\t\t\t<\/div>\n\t\t<\/div>\n\t\t\t\t\t<\/div>\n\t\t<\/section>\n\t\t\t\t<section data-particle_enable=\"false\" data-particle-mobile-disabled=\"false\" class=\"elementor-section elementor-top-section elementor-element elementor-element-0ec2427 elementor-section-boxed elementor-section-height-default elementor-section-height-default\" data-id=\"0ec2427\" data-element_type=\"section\" data-e-type=\"section\">\n\t\t\t\t\t\t<div class=\"elementor-container elementor-column-gap-default\">\n\t\t\t\t\t<div class=\"elementor-column elementor-col-100 elementor-top-column elementor-element elementor-element-7c9c233\" data-id=\"7c9c233\" data-element_type=\"column\" data-e-type=\"column\">\n\t\t\t<div class=\"elementor-widget-wrap elementor-element-populated\">\n\t\t\t\t\t\t<div class=\"elementor-element elementor-element-9093bec elementor-widget elementor-widget-text-editor\" data-id=\"9093bec\" data-element_type=\"widget\" data-e-type=\"widget\" data-widget_type=\"text-editor.default\">\n\t\t\t\t\t\t\t\t\t<p>Desde Brooklyn, Nueva York, el chef ayuda a ni\u00f1os en Izabal, Guatemala, a alcanzar sus objetivos. Con un grupo de amigos y amistades coordinan capacitaciones a ni\u00f1os para motivarlos a comenzar en la cocina.<\/p><p>El futuro de Yovany est\u00e1 fortalecido en Estados Unidos. Sin embargo, el chef tiene un sue\u00f1o: \u201cFalta mucho por recorrer, pero quiero ver una Guatemala pr\u00f3spera con muchas oportunidades para que nuestra gente no tenga que pasar por esto, es mejor estar en el pa\u00eds de uno que en otro lado\u201d.<\/p>\t\t\t\t\t\t\t\t<\/div>\n\t\t\t\t\t<\/div>\n\t\t<\/div>\n\t\t\t\t\t<\/div>\n\t\t<\/section>\n\t\t\t\t<section data-particle_enable=\"false\" data-particle-mobile-disabled=\"false\" class=\"elementor-section elementor-top-section elementor-element elementor-element-a25c50d elementor-section-boxed elementor-section-height-default elementor-section-height-default\" data-id=\"a25c50d\" data-element_type=\"section\" data-e-type=\"section\">\n\t\t\t\t\t\t<div class=\"elementor-container elementor-column-gap-default\">\n\t\t\t\t\t<div class=\"elementor-column elementor-col-100 elementor-top-column elementor-element elementor-element-df511b4\" data-id=\"df511b4\" data-element_type=\"column\" data-e-type=\"column\">\n\t\t\t<div class=\"elementor-widget-wrap elementor-element-populated\">\n\t\t\t\t\t\t<div class=\"elementor-element elementor-element-d60eb9d elementor-widget elementor-widget-image\" data-id=\"d60eb9d\" data-element_type=\"widget\" data-e-type=\"widget\" data-widget_type=\"image.default\">\n\t\t\t\t\t\t\t\t\t\t\t\t<figure class=\"wp-caption\">\n\t\t\t\t\t\t\t\t\t\t<img loading=\"lazy\" decoding=\"async\" width=\"768\" height=\"679\" src=\"https:\/\/soymigrante.com\/revista\/wp-content\/uploads\/2024\/05\/Chef-guatemalteco-Yovany-Quisquina-alcanza-exito-en-Estados-Unidos-5-e1715727518173-1024x905.webp\" class=\"attachment-large size-large wp-image-6410\" alt=\"Estudiantes migrantes celebrando su graduaci\u00f3n, mostrando integraci\u00f3n y \u00e9xito educativo en comunidad emigrante.\" srcset=\"https:\/\/soymigrante.com\/revista\/wp-content\/uploads\/2024\/05\/Chef-guatemalteco-Yovany-Quisquina-alcanza-exito-en-Estados-Unidos-5-e1715727518173-1024x905.webp 1024w, https:\/\/soymigrante.com\/revista\/wp-content\/uploads\/2024\/05\/Chef-guatemalteco-Yovany-Quisquina-alcanza-exito-en-Estados-Unidos-5-e1715727518173-300x265.webp 300w, https:\/\/soymigrante.com\/revista\/wp-content\/uploads\/2024\/05\/Chef-guatemalteco-Yovany-Quisquina-alcanza-exito-en-Estados-Unidos-5-e1715727518173-768x679.webp 768w, https:\/\/soymigrante.com\/revista\/wp-content\/uploads\/2024\/05\/Chef-guatemalteco-Yovany-Quisquina-alcanza-exito-en-Estados-Unidos-5-e1715727518173-750x663.webp 750w, https:\/\/soymigrante.com\/revista\/wp-content\/uploads\/2024\/05\/Chef-guatemalteco-Yovany-Quisquina-alcanza-exito-en-Estados-Unidos-5-e1715727518173-1140x1008.webp 1140w, https:\/\/soymigrante.com\/revista\/wp-content\/uploads\/2024\/05\/Chef-guatemalteco-Yovany-Quisquina-alcanza-exito-en-Estados-Unidos-5-e1715727518173.webp 1162w\" sizes=\"(max-width: 768px) 100vw, 768px\" title=\"Chef guatemalteco Yovany Quisquin\u00e1 alcanza \u00e9xito en Estados Unidos (5) \u2013 SoyMigrante.com REVISTA\" \/>\t\t\t\t\t\t\t\t\t\t\t<figcaption class=\"widget-image-caption wp-caption-text\">El chef Quisquin\u00e1 junto a su hijo mayor de 14 a\u00f1os (i) y su esposa, Efy Palacios (d) en la graduaci\u00f3n escolar. (Foto Yovany Quisquin\u00e1) <\/figcaption>\n\t\t\t\t\t\t\t\t\t\t<\/figure>\n\t\t\t\t\t\t\t\t\t<\/div>\n\t\t\t\t\t<\/div>\n\t\t<\/div>\n\t\t\t\t\t<\/div>\n\t\t<\/section>\n\t\t\t\t<section data-particle_enable=\"false\" data-particle-mobile-disabled=\"false\" class=\"elementor-section elementor-top-section elementor-element elementor-element-e6a76e1 elementor-section-boxed elementor-section-height-default elementor-section-height-default\" data-id=\"e6a76e1\" data-element_type=\"section\" data-e-type=\"section\">\n\t\t\t\t\t\t<div class=\"elementor-container elementor-column-gap-default\">\n\t\t\t\t\t<div class=\"elementor-column elementor-col-100 elementor-top-column elementor-element elementor-element-372b200\" data-id=\"372b200\" data-element_type=\"column\" data-e-type=\"column\">\n\t\t\t<div class=\"elementor-widget-wrap elementor-element-populated\">\n\t\t\t\t\t\t<div class=\"elementor-element elementor-element-c5d1b99 elementor-widget-divider--view-line elementor-widget elementor-widget-divider\" data-id=\"c5d1b99\" data-element_type=\"widget\" data-e-type=\"widget\" data-widget_type=\"divider.default\">\n\t\t\t\t\t\t\t<div class=\"elementor-divider\">\n\t\t\t<span class=\"elementor-divider-separator\">\n\t\t\t\t\t\t<\/span>\n\t\t<\/div>\n\t\t\t\t\t\t<\/div>\n\t\t\t\t\t<\/div>\n\t\t<\/div>\n\t\t\t\t\t<\/div>\n\t\t<\/section>\n\t\t\t\t<section data-particle_enable=\"false\" data-particle-mobile-disabled=\"false\" class=\"elementor-section elementor-top-section elementor-element elementor-element-1095087 elementor-section-boxed elementor-section-height-default elementor-section-height-default\" data-id=\"1095087\" data-element_type=\"section\" data-e-type=\"section\">\n\t\t\t\t\t\t<div class=\"elementor-container elementor-column-gap-default\">\n\t\t\t\t\t<div class=\"elementor-column elementor-col-100 elementor-top-column elementor-element elementor-element-4fab5b3\" data-id=\"4fab5b3\" data-element_type=\"column\" data-e-type=\"column\">\n\t\t\t<div class=\"elementor-widget-wrap elementor-element-populated\">\n\t\t\t\t\t\t<div class=\"elementor-element elementor-element-6c08534 elementor-widget elementor-widget-heading\" data-id=\"6c08534\" data-element_type=\"widget\" data-e-type=\"widget\" data-widget_type=\"heading.default\">\n\t\t\t\t\t<h2 class=\"elementor-heading-title elementor-size-default\">Chapines ponen en alto el nombre de Guatemala<\/h2>\t\t\t\t<\/div>\n\t\t\t\t\t<\/div>\n\t\t<\/div>\n\t\t\t\t\t<\/div>\n\t\t<\/section>\n\t\t\t\t<section data-particle_enable=\"false\" data-particle-mobile-disabled=\"false\" class=\"elementor-section elementor-top-section elementor-element elementor-element-b1753ac elementor-section-boxed elementor-section-height-default elementor-section-height-default\" data-id=\"b1753ac\" data-element_type=\"section\" data-e-type=\"section\">\n\t\t\t\t\t\t<div class=\"elementor-container elementor-column-gap-default\">\n\t\t\t\t\t<div class=\"elementor-column elementor-col-100 elementor-top-column elementor-element elementor-element-b8be041\" data-id=\"b8be041\" data-element_type=\"column\" data-e-type=\"column\">\n\t\t\t<div class=\"elementor-widget-wrap elementor-element-populated\">\n\t\t\t\t\t\t<div class=\"elementor-element elementor-element-a1d41b4 elementor-grid-eael-col-3 elementor-grid-tablet-eael-col-2 elementor-grid-mobile-eael-col-1 elementor-widget elementor-widget-eael-post-grid\" data-id=\"a1d41b4\" data-element_type=\"widget\" data-e-type=\"widget\" data-settings=\"{&quot;eael_post_grid_columns&quot;:&quot;eael-col-3&quot;,&quot;eael_post_grid_columns_tablet&quot;:&quot;eael-col-2&quot;,&quot;eael_post_grid_columns_mobile&quot;:&quot;eael-col-1&quot;}\" data-widget_type=\"eael-post-grid.default\">\n\t\t\t\t\t<div id=\"eael-post-grid-a1d41b4\" class=\"eael-post-grid-container\">\n            <div class=\"eael-post-grid eael-post-appender eael-post-appender-a1d41b4 eael-post-grid-style-one\" data-layout-mode=\"masonry\"><article class=\"eael-grid-post  eael-post-grid-column eael-pg-post-5709 category-exitos\" data-id=\"5709\">\n        <div class=\"eael-grid-post-holder\">\n            <div class=\"eael-grid-post-holder-inner\"><div class=\"eael-entry-media\"><div class=\"eael-entry-overlay fade-in\"><i class=\"fas fa-long-arrow-alt-right\" aria-hidden=\"true\"><\/i><a href=\"https:\/\/soymigrante.com\/revista\/antigua-guatemala-emprendimiento-juice-bar-frutas-turismo\/\"><\/a><\/div><div class=\"eael-entry-thumbnail eael-image-ratio\">\n                <img loading=\"lazy\" decoding=\"async\" width=\"1097\" height=\"897\" src=\"https:\/\/soymigrante.com\/revista\/wp-content\/uploads\/2024\/03\/Captura-de-pantalla-2024-03-30-142328.webp\" class=\"attachment-2048x2048 size-2048x2048 wp-image-5711\" alt=\"Personaje sonriente en ambiente colorido y tropical con mural que dice &quot;Everyday is a fresh start&quot;, promoviendo bienestar y positivismo para migrantes.\" srcset=\"https:\/\/soymigrante.com\/revista\/wp-content\/uploads\/2024\/03\/Captura-de-pantalla-2024-03-30-142328.webp 1097w, https:\/\/soymigrante.com\/revista\/wp-content\/uploads\/2024\/03\/Captura-de-pantalla-2024-03-30-142328-300x245.webp 300w, https:\/\/soymigrante.com\/revista\/wp-content\/uploads\/2024\/03\/Captura-de-pantalla-2024-03-30-142328-1024x837.webp 1024w, https:\/\/soymigrante.com\/revista\/wp-content\/uploads\/2024\/03\/Captura-de-pantalla-2024-03-30-142328-768x628.webp 768w, https:\/\/soymigrante.com\/revista\/wp-content\/uploads\/2024\/03\/Captura-de-pantalla-2024-03-30-142328-750x613.webp 750w\" sizes=\"(max-width: 1097px) 100vw, 1097px\" \/>\n            <\/div>\n        <\/div><div class=\"eael-entry-wrapper\"><header class=\"eael-entry-header\"><h2 class=\"eael-entry-title\"><a class=\"eael-grid-post-link\" href=\"https:\/\/soymigrante.com\/revista\/antigua-guatemala-emprendimiento-juice-bar-frutas-turismo\/\" title=\"Guatemala es &#8220;la pura fruta&#8221; para el migrante y emprendedor Esteban Chicol\">Guatemala es &#8220;la pura fruta&#8221; para el migrante y emprendedor Esteban Chicol<\/a><\/h2><\/header><div class=\"eael-entry-content\">\n                        <div class=\"eael-grid-post-excerpt\"><a href=\"https:\/\/soymigrante.com\/revista\/antigua-guatemala-emprendimiento-juice-bar-frutas-turismo\/\" class=\"eael-post-elements-readmore-btn\">Leer m\u00e1s<\/a><\/div>\n                    <\/div><\/div><\/div>\n        <\/div>\n    <\/article><article class=\"eael-grid-post  eael-post-grid-column eael-pg-post-5526 category-exitos\" data-id=\"5526\">\n        <div class=\"eael-grid-post-holder\">\n            <div class=\"eael-grid-post-holder-inner\"><div class=\"eael-entry-media\"><div class=\"eael-entry-overlay fade-in\"><i class=\"fas fa-long-arrow-alt-right\" aria-hidden=\"true\"><\/i><a href=\"https:\/\/soymigrante.com\/revista\/historia-exito-guatemalteco-emprendedor-darwin-perez-new-york\/\"><\/a><\/div><div class=\"eael-entry-thumbnail eael-image-ratio\">\n                <img loading=\"lazy\" decoding=\"async\" width=\"670\" height=\"369\" src=\"https:\/\/soymigrante.com\/revista\/wp-content\/uploads\/2024\/03\/DARWEN-PEREZ-GT-MIGRANTE_.webp\" class=\"attachment-2048x2048 size-2048x2048 wp-image-5533\" alt=\"Darwin P\u00e9rez chef migrante guatemalteco y emprendedor\" srcset=\"https:\/\/soymigrante.com\/revista\/wp-content\/uploads\/2024\/03\/DARWEN-PEREZ-GT-MIGRANTE_.webp 670w, https:\/\/soymigrante.com\/revista\/wp-content\/uploads\/2024\/03\/DARWEN-PEREZ-GT-MIGRANTE_-300x165.webp 300w\" sizes=\"(max-width: 670px) 100vw, 670px\" \/>\n            <\/div>\n        <\/div><div class=\"eael-entry-wrapper\"><header class=\"eael-entry-header\"><h2 class=\"eael-entry-title\"><a class=\"eael-grid-post-link\" href=\"https:\/\/soymigrante.com\/revista\/historia-exito-guatemalteco-emprendedor-darwin-perez-new-york\/\" title=\"Guatemalteco Darwin P\u00e9rez prepar\u00f3 su \u00e9xito en cocinas de Brooklyn\">Guatemalteco Darwin P\u00e9rez prepar\u00f3 su \u00e9xito en cocinas de Brooklyn<\/a><\/h2><\/header><div class=\"eael-entry-content\">\n                        <div class=\"eael-grid-post-excerpt\"><a href=\"https:\/\/soymigrante.com\/revista\/historia-exito-guatemalteco-emprendedor-darwin-perez-new-york\/\" class=\"eael-post-elements-readmore-btn\">Leer m\u00e1s<\/a><\/div>\n                    <\/div><\/div><\/div>\n        <\/div>\n    <\/article><article class=\"eael-grid-post  eael-post-grid-column eael-pg-post-5392 category-exitos\" data-id=\"5392\">\n        <div class=\"eael-grid-post-holder\">\n            <div class=\"eael-grid-post-holder-inner\"><div class=\"eael-entry-media\"><div class=\"eael-entry-overlay fade-in\"><i class=\"fas fa-long-arrow-alt-right\" aria-hidden=\"true\"><\/i><a href=\"https:\/\/soymigrante.com\/revista\/historia-migrante-juan-guarcas-quiche-chef-exitoso-restaurant-texas\/\"><\/a><\/div><div class=\"eael-entry-thumbnail eael-image-ratio\">\n                <img loading=\"lazy\" decoding=\"async\" width=\"617\" height=\"546\" src=\"https:\/\/soymigrante.com\/revista\/wp-content\/uploads\/2024\/03\/juancho.webp\" class=\"attachment-2048x2048 size-2048x2048 wp-image-5395\" alt=\"Migrante Juan Guarcax, originario de Joyabaj, Quich\u00e9, es chef graduado en Estados Unidos y su especialidad es la comida italiana. Su restaurante Bella M\u00eda es un \u00e9xito en McAllen, Texas.\" srcset=\"https:\/\/soymigrante.com\/revista\/wp-content\/uploads\/2024\/03\/juancho.webp 617w, https:\/\/soymigrante.com\/revista\/wp-content\/uploads\/2024\/03\/juancho-300x265.webp 300w\" sizes=\"(max-width: 617px) 100vw, 617px\" \/>\n            <\/div>\n        <\/div><div class=\"eael-entry-wrapper\"><header class=\"eael-entry-header\"><h2 class=\"eael-entry-title\"><a class=\"eael-grid-post-link\" href=\"https:\/\/soymigrante.com\/revista\/historia-migrante-juan-guarcas-quiche-chef-exitoso-restaurant-texas\/\" title=\"Migrante Juan Guarcas, de Joyabaj, es exitoso chef italiano en Texas\">Migrante Juan Guarcas, de Joyabaj, es exitoso chef italiano en Texas<\/a><\/h2><\/header><div class=\"eael-entry-content\">\n                        <div class=\"eael-grid-post-excerpt\"><a href=\"https:\/\/soymigrante.com\/revista\/historia-migrante-juan-guarcas-quiche-chef-exitoso-restaurant-texas\/\" class=\"eael-post-elements-readmore-btn\">Leer m\u00e1s<\/a><\/div>\n                    <\/div><\/div><\/div>\n        <\/div>\n    <\/article><\/div>\n            <div class=\"clearfix\"><\/div>\n        <\/div>\t\t\t\t<\/div>\n\t\t\t\t\t<\/div>\n\t\t<\/div>\n\t\t\t\t\t<\/div>\n\t\t<\/section>\n\t\t\t\t<\/div>\n\t\t","protected":false},"excerpt":{"rendered":"<p>En Brooklyn, Nueva York, Yovany Quisquin\u00e1 Julajuj, migrante guatemalteco, es propietario de dos restaurantes de comida fusi\u00f3n. Para alcanzar sus objetivos Quisquin\u00e1 migr\u00f3 a los nueve a\u00f1os de Pixabaj, una aldea de Solol\u00e1, Guatemala. Una historia de trabajo y sacrificio. \u201cNac\u00ed en una aldea peque\u00f1a con pobreza extrema l\u00edmite entre Solol\u00e1 y Quich\u00e9, espec\u00edficamente en [&hellip;]<\/p>\n","protected":false},"author":14,"featured_media":6400,"comment_status":"open","ping_status":"open","sticky":false,"template":"","format":"standard","meta":{"_acf_changed":true,"_eb_attr":"","footnotes":""},"categories":[50],"tags":[],"class_list":["post-6399","post","type-post","status-publish","format-standard","has-post-thumbnail","hentry","category-exitos"],"acf":[],"aioseo_notices":[],"aioseo_head":"\n\t\t<!-- All in One SEO Pro 4.9.6.2 - aioseo.com -->\n\t<meta name=\"description\" content=\"El migrante guatemalteco Juan Guarcax, graduado de chef en EE.UU., fund\u00f3 en 2017 su exitoso restaurante italiano Bella M\u00eda, en Texas: esta es la historia del duro camino a un sue\u00f1o. Un desesperado d\u00eda de 2012, Juan Guarcas, migrante guatemalteco en EE.UU.desde 1997, le dijo a Dios: \u201cSi esta vida vale, si t\u00fa crees que\" \/>\n\t<meta name=\"robots\" content=\"max-snippet:-1, max-image-preview:large, max-video-preview:-1\" \/>\n\t<meta name=\"author\" content=\"Mynor Toc\"\/>\n\t<link rel=\"canonical\" href=\"https:\/\/soymigrante.com\/revista\/el-chef-yovany-quisquina-fusiona-sabor-y-exito-en-brooklyn-ny\/\" \/>\n\t<meta name=\"generator\" content=\"All in One SEO Pro (AIOSEO) 4.9.6.2\" \/>\n\n\t\t<link rel=\"preconnect\" href=\"https:\/\/fonts.googleapis.com\" crossorigin>\n<link rel=\"preconnect\" href=\"https:\/\/fonts.gstatic.com\" crossorigin>\n\t\t<meta property=\"og:locale\" content=\"es_ES\" \/>\n\t\t<meta property=\"og:site_name\" content=\"SoyMigrante.com REVISTA \u2013 Nuestra misi\u00f3n es reconocer y dignificar al migrante.\" \/>\n\t\t<meta property=\"og:type\" content=\"article\" \/>\n\t\t<meta property=\"og:title\" content=\"El chef Yovany Quisquin\u00e1 fusiona sabor y \u00e9xito en Brooklyn, NY\" \/>\n\t\t<meta property=\"og:description\" content=\"#Migrante guatemalteco tiene dos restaurantes de cocina fusi\u00f3n en Nueva York. Esta es su historia de esfuerzo, autenticidad y amor por Guatemala.\" \/>\n\t\t<meta property=\"og:url\" content=\"https:\/\/soymigrante.com\/revista\/el-chef-yovany-quisquina-fusiona-sabor-y-exito-en-brooklyn-ny\/\" \/>\n\t\t<meta property=\"og:image\" content=\"https:\/\/soymigrante.com\/revista\/wp-content\/uploads\/2024\/05\/Chef-guatemalteco-Yovany-Quisquina-alcanza-exito-en-Estados-Unidos-6-e1715874690942.jpg\" \/>\n\t\t<meta property=\"og:image:secure_url\" content=\"https:\/\/soymigrante.com\/revista\/wp-content\/uploads\/2024\/05\/Chef-guatemalteco-Yovany-Quisquina-alcanza-exito-en-Estados-Unidos-6-e1715874690942.jpg\" \/>\n\t\t<meta property=\"og:image:width\" content=\"1450\" \/>\n\t\t<meta property=\"og:image:height\" content=\"1361\" \/>\n\t\t<meta property=\"article:published_time\" content=\"2024-05-16T15:39:12+00:00\" \/>\n\t\t<meta property=\"article:modified_time\" content=\"2024-07-27T22:05:08+00:00\" \/>\n\t\t<meta property=\"article:publisher\" content=\"https:\/\/www.facebook.com\/soymigrantecom\" \/>\n\t\t<meta name=\"twitter:card\" content=\"summary_large_image\" \/>\n\t\t<meta name=\"twitter:site\" content=\"@SoyMigrante_com\" \/>\n\t\t<meta name=\"twitter:title\" content=\"El chef Yovany Quisquin\u00e1 fusiona sabor y \u00e9xito en Brooklyn, NY\" \/>\n\t\t<meta name=\"twitter:description\" content=\"#Migrante guatemalteco tiene dos restaurantes de cocina fusi\u00f3n en Nueva York. Esta es su historia de esfuerzo, autenticidad y amor por Guatemala.\" \/>\n\t\t<meta name=\"twitter:creator\" content=\"@SoyMigrante_com\" \/>\n\t\t<meta name=\"twitter:image\" content=\"https:\/\/soymigrante.com\/revista\/wp-content\/uploads\/2024\/05\/Chef-guatemalteco-Yovany-Quisquina-alcanza-exito-en-Estados-Unidos-6-e1715874690942.webp\" \/>\n\t\t<!-- All in One SEO Pro -->\r\n\t\t<title>El chef Yovany Quisquin\u00e1 fusiona sabor y \u00e9xito en Brooklyn, NY<\/title>\n\n","aioseo_head_json":{"title":"El chef Yovany Quisquin\u00e1 fusiona sabor y \u00e9xito en Brooklyn, NY","description":"#Migrante guatemalteco tiene dos restaurantes de cocina fusi\u00f3n en Nueva York. Esta es su historia de esfuerzo, autenticidad y amor por Guatemala.","canonical_url":"https:\/\/soymigrante.com\/revista\/el-chef-yovany-quisquina-fusiona-sabor-y-exito-en-brooklyn-ny\/","robots":"max-snippet:-1, max-image-preview:large, max-video-preview:-1","keywords":"","webmasterTools":{"miscellaneous":"&lt;link rel=\"preconnect\" href=\"https:\/\/fonts.googleapis.com\" crossorigin&gt;\n&lt;link rel=\"preconnect\" href=\"https:\/\/fonts.gstatic.com\" crossorigin&gt;"},"schema":null,"og:locale":"es_ES","og:site_name":"SoyMigrante.com REVISTA \u2013 Nuestra misi\u00f3n es reconocer y dignificar al migrante.","og:type":"article","og:title":"El chef Yovany Quisquin\u00e1 fusiona sabor y \u00e9xito en Brooklyn, NY","og:description":"#Migrante guatemalteco tiene dos restaurantes de cocina fusi\u00f3n en Nueva York. Esta es su historia de esfuerzo, autenticidad y amor por Guatemala.","og:url":"https:\/\/soymigrante.com\/revista\/el-chef-yovany-quisquina-fusiona-sabor-y-exito-en-brooklyn-ny\/","og:image":"https:\/\/soymigrante.com\/revista\/wp-content\/uploads\/2024\/05\/Chef-guatemalteco-Yovany-Quisquina-alcanza-exito-en-Estados-Unidos-6-e1715874690942.jpg","og:image:secure_url":"https:\/\/soymigrante.com\/revista\/wp-content\/uploads\/2024\/05\/Chef-guatemalteco-Yovany-Quisquina-alcanza-exito-en-Estados-Unidos-6-e1715874690942.jpg","og:image:width":"1450","og:image:height":"1361","article:published_time":"2024-05-16T15:39:12+00:00","article:modified_time":"2024-07-27T22:05:08+00:00","article:publisher":"https:\/\/www.facebook.com\/soymigrantecom","twitter:card":"summary_large_image","twitter:site":"@SoyMigrante_com","twitter:title":"El chef Yovany Quisquin\u00e1 fusiona sabor y \u00e9xito en Brooklyn, NY","twitter:description":"#Migrante guatemalteco tiene dos restaurantes de cocina fusi\u00f3n en Nueva York. Esta es su historia de esfuerzo, autenticidad y amor por Guatemala.","twitter:creator":"@SoyMigrante_com","twitter:image":"https:\/\/soymigrante.com\/revista\/wp-content\/uploads\/2024\/05\/Chef-guatemalteco-Yovany-Quisquina-alcanza-exito-en-Estados-Unidos-6-e1715874690942.webp"},"aioseo_meta_data":{"post_id":"6399","title":null,"description":"#Migrante guatemalteco tiene dos restaurantes de cocina fusi\u00f3n en Nueva York. Esta es su historia de esfuerzo, autenticidad y amor por Guatemala.","keywords":null,"keyphrases":{"focus":{"keyphrase":"Migrante","score":74,"analysis":{"keyphraseInTitle":{"score":3,"maxScore":9,"error":1},"keyphraseInDescription":{"score":3,"maxScore":9,"error":1},"keyphraseLength":{"score":9,"maxScore":9,"error":0,"length":1},"keyphraseInURL":{"score":5,"maxScore":5,"error":0},"keyphraseInIntroduction":{"score":9,"maxScore":9,"error":0},"keyphraseInSubHeadings":{"score":3,"maxScore":9,"error":1},"keyphraseInImageAlt":{"score":9,"maxScore":9,"error":0},"keywordDensity":{"type":"best","score":9,"maxScore":9,"error":0}}},"additional":[]},"primary_term":null,"canonical_url":null,"og_title":null,"og_description":null,"og_object_type":"default","og_image_type":"featured","og_image_url":"https:\/\/soymigrante.com\/revista\/wp-content\/uploads\/2024\/05\/Chef-guatemalteco-Yovany-Quisquina-alcanza-exito-en-Estados-Unidos-6-e1715874690942.jpg","og_image_width":"1450","og_image_height":"1361","og_image_custom_url":null,"og_image_custom_fields":null,"og_video":"","og_custom_url":null,"og_article_section":null,"og_article_tags":null,"twitter_use_og":false,"twitter_card":"default","twitter_image_type":"default","twitter_image_url":null,"twitter_image_custom_url":null,"twitter_image_custom_fields":null,"twitter_title":null,"twitter_description":null,"schema":{"blockGraphs":[],"customGraphs":[],"default":{"data":{"Article":[],"Course":[],"Dataset":[],"FAQPage":[],"Movie":[],"Person":[],"Product":[],"ProductReview":[],"Car":[],"Recipe":[],"Service":[],"SoftwareApplication":[],"WebPage":[]},"graphName":"BlogPosting","isEnabled":true},"graphs":[]},"schema_type":"default","schema_type_options":null,"pillar_content":false,"robots_default":true,"robots_noindex":false,"robots_noarchive":false,"robots_nosnippet":false,"robots_nofollow":false,"robots_noimageindex":false,"robots_noodp":false,"robots_notranslate":false,"robots_max_snippet":"-1","robots_max_videopreview":"-1","robots_max_imagepreview":"large","priority":null,"frequency":"default","local_seo":null,"seo_analyzer_scan_date":"2025-10-08 21:50:57","breadcrumb_settings":null,"limit_modified_date":false,"reviewed_by":null,"open_ai":"{\"title\":{\"suggestions\":[],\"usage\":0},\"description\":{\"suggestions\":[],\"usage\":0}}","ai":null,"created":"2024-05-16 14:16:44","updated":"2026-02-04 11:50:06"},"aioseo_breadcrumb":"<div class=\"aioseo-breadcrumbs\"><span class=\"aioseo-breadcrumb\">\n\t<a href=\"https:\/\/soymigrante.com\/revista\" title=\"Home\">Home<\/a>\n<\/span><span class=\"aioseo-breadcrumb-separator\">\u00bb<\/span><span class=\"aioseo-breadcrumb\">\n\t<a href=\"https:\/\/soymigrante.com\/revista\/category\/exitos\/\" title=\"\u00c9xitos\">\u00c9xitos<\/a>\n<\/span><span class=\"aioseo-breadcrumb-separator\">\u00bb<\/span><span class=\"aioseo-breadcrumb\">\n\tEl chef Yovany Quisquin\u00e1 fusiona sabor y \u00e9xito en Brooklyn, NY\n<\/span><\/div>","aioseo_breadcrumb_json":[{"label":"Home","link":"https:\/\/soymigrante.com\/revista"},{"label":"\u00c9xitos","link":"https:\/\/soymigrante.com\/revista\/category\/exitos\/"},{"label":"El chef Yovany Quisquin\u00e1 fusiona sabor y \u00e9xito en Brooklyn, NY","link":"https:\/\/soymigrante.com\/revista\/el-chef-yovany-quisquina-fusiona-sabor-y-exito-en-brooklyn-ny\/"}],"_links":{"self":[{"href":"https:\/\/soymigrante.com\/revista\/wp-json\/wp\/v2\/posts\/6399","targetHints":{"allow":["GET"]}}],"collection":[{"href":"https:\/\/soymigrante.com\/revista\/wp-json\/wp\/v2\/posts"}],"about":[{"href":"https:\/\/soymigrante.com\/revista\/wp-json\/wp\/v2\/types\/post"}],"author":[{"embeddable":true,"href":"https:\/\/soymigrante.com\/revista\/wp-json\/wp\/v2\/users\/14"}],"replies":[{"embeddable":true,"href":"https:\/\/soymigrante.com\/revista\/wp-json\/wp\/v2\/comments?post=6399"}],"version-history":[{"count":0,"href":"https:\/\/soymigrante.com\/revista\/wp-json\/wp\/v2\/posts\/6399\/revisions"}],"wp:featuredmedia":[{"embeddable":true,"href":"https:\/\/soymigrante.com\/revista\/wp-json\/wp\/v2\/media\/6400"}],"wp:attachment":[{"href":"https:\/\/soymigrante.com\/revista\/wp-json\/wp\/v2\/media?parent=6399"}],"wp:term":[{"taxonomy":"category","embeddable":true,"href":"https:\/\/soymigrante.com\/revista\/wp-json\/wp\/v2\/categories?post=6399"},{"taxonomy":"post_tag","embeddable":true,"href":"https:\/\/soymigrante.com\/revista\/wp-json\/wp\/v2\/tags?post=6399"}],"curies":[{"name":"wp","href":"https:\/\/api.w.org\/{rel}","templated":true}]}}