{"id":63935,"date":"2026-09-04T15:52:57","date_gmt":"2026-09-04T21:52:57","guid":{"rendered":"https:\/\/soymigrante.com\/revista\/?p=63935"},"modified":"2026-09-04T16:15:40","modified_gmt":"2026-09-04T22:15:40","slug":"la-guatemalteca-tiana-ochoa-destacada-entre-las-25-hispanas-mas-influyentes-de-rhode-island","status":"publish","type":"post","link":"https:\/\/soymigrante.com\/revista\/la-guatemalteca-tiana-ochoa-destacada-entre-las-25-hispanas-mas-influyentes-de-rhode-island\/","title":{"rendered":"La guatemalteca Tiana Ochoa destacada entre las 25 hispanas m\u00e1s influyentes de Rhode Island"},"content":{"rendered":"\t\t<div data-elementor-type=\"wp-post\" data-elementor-id=\"63935\" class=\"elementor elementor-63935\" data-elementor-post-type=\"post\">\n\t\t\t\t<div data-particle_enable=\"false\" data-particle-mobile-disabled=\"false\" class=\"elementor-element elementor-element-85859a9 e-flex e-con-boxed e-con e-parent\" data-id=\"85859a9\" data-element_type=\"container\" data-e-type=\"container\">\n\t\t\t\t\t<div class=\"e-con-inner\">\n\t\t\t\t<div class=\"elementor-element elementor-element-8cf73cb elementor-widget elementor-widget-heading\" data-id=\"8cf73cb\" data-element_type=\"widget\" data-e-type=\"widget\" data-widget_type=\"heading.default\">\n\t\t\t\t\t<h3 class=\"elementor-heading-title elementor-size-default\">Promotora cultural con maestr\u00eda en Trabajo Social, Tiana Ochoa impulsa expresiones art\u00edsticas de la comunidad migrante guatemalteca en Guatemalan Center of New England: ese aporte fue valorado para estar entre las hispanas m\u00e1s influyentes.<\/h3>\t\t\t\t<\/div>\n\t\t\t\t\t<\/div>\n\t\t\t\t<\/div>\n\t\t<div data-particle_enable=\"false\" data-particle-mobile-disabled=\"false\" class=\"elementor-element elementor-element-6b87f50 e-flex e-con-boxed e-con e-parent\" data-id=\"6b87f50\" data-element_type=\"container\" data-e-type=\"container\">\n\t\t\t\t\t<div class=\"e-con-inner\">\n\t\t\t\t<div class=\"elementor-element elementor-element-35f4e40 elementor-widget elementor-widget-text-editor\" data-id=\"35f4e40\" data-element_type=\"widget\" data-e-type=\"widget\" data-widget_type=\"text-editor.default\">\n\t\t\t\t\t\t\t\t\t<p>&#8220;Me tom\u00f3 totalmente por sorpresa esta designaci\u00f3n, cuando mi avisaron no lo esperaba, porque uno realiza el servicio a la comunidad como una convicci\u00f3n, pero es un honor formar parte de tan selecto grupo de mujeres tan brillantes y destacadas&#8221;, expresa\u00a0Tiana Ochoa, promotora cultural guatemalteca y directora del Guatemalan Center of New England, quien est\u00e1 incluida en la lista de las 25 Mujeres Hispanas m\u00e1s influyentes 2026, destacadas por <em>Hispanic Image Magazine<\/em>, un reconocimiento a <a href=\"https:\/\/soymigrante.com\/revista\/retratos-de-libertad-21-testimonios-inspiradores-de-hispanas-en-usa-presentacion-oficial\/\">mujeres <\/a>cuya trayectoria y liderazgo han dejado una huella en sus comunidades.\u00a0<\/p><p><a href=\"https:\/\/soymigrante.com\/revista\/cada-guatemalteco-que-pueda-votar-en-usa-cuenta-tiana-ochoa-lider-migrante-en-rhode-island\/\">La historia de Tiana, a quien SoyMigrante.com\/revista entrevist\u00f3 por primera vez en 2024<\/a>, re\u00fane cultura, educaci\u00f3n, trabajo comunitario y un esfuerzo constante por mantener viva la identidad guatemalteca en Nueva Inglaterra.<\/p><p>Ochoa lleg\u00f3 a Estados Unidos desde Guatemala cuando ten\u00eda 15 a\u00f1os. Con el paso del tiempo construy\u00f3 una trayectoria profesional de m\u00e1s de dos d\u00e9cadas vinculada con la <a href=\"https:\/\/soymigrante.com\/revista\/dia-del-nino-migrantes-cuentan-recuerdos-de-infancia-en-guatemala\/\">ni\u00f1ez<\/a>, las familias, la educaci\u00f3n y la equidad. Es licenciada en Psicolog\u00eda y obtuvo una maestr\u00eda en Trabajo Social de Rhode Island College.<\/p>\t\t\t\t\t\t\t\t<\/div>\n\t\t\t\t\t<\/div>\n\t\t\t\t<\/div>\n\t\t<div data-particle_enable=\"false\" data-particle-mobile-disabled=\"false\" class=\"elementor-element elementor-element-7369dfb e-flex e-con-boxed e-con e-parent\" data-id=\"7369dfb\" data-element_type=\"container\" data-e-type=\"container\">\n\t\t\t\t\t<div class=\"e-con-inner\">\n\t\t\t\t<div class=\"elementor-element elementor-element-9500ff0 elementor-widget elementor-widget-image\" data-id=\"9500ff0\" data-element_type=\"widget\" data-e-type=\"widget\" data-widget_type=\"image.default\">\n\t\t\t\t\t\t\t\t\t\t\t\t<figure class=\"wp-caption\">\n\t\t\t\t\t\t\t\t\t\t<img fetchpriority=\"high\" decoding=\"async\" width=\"768\" height=\"965\" src=\"https:\/\/soymigrante.com\/revista\/wp-content\/uploads\/2026\/09\/tiana-ochoa-guatemalteca-destacada-25-mujeres-hispanas-mas-influyentes-rhode-island-7-815x1024.jpg\" class=\"attachment-large size-large wp-image-63939\" alt=\"Tiana asisti\u00f3 a la gala de entrega del reconocimiento a las 25 mujeres hispanas m\u00e1s influyentes en Rhode Island, el 1 de septiembre de 2026.\" srcset=\"https:\/\/soymigrante.com\/revista\/wp-content\/uploads\/2026\/09\/tiana-ochoa-guatemalteca-destacada-25-mujeres-hispanas-mas-influyentes-rhode-island-7-815x1024.jpg 815w, https:\/\/soymigrante.com\/revista\/wp-content\/uploads\/2026\/09\/tiana-ochoa-guatemalteca-destacada-25-mujeres-hispanas-mas-influyentes-rhode-island-7-239x300.jpg 239w, https:\/\/soymigrante.com\/revista\/wp-content\/uploads\/2026\/09\/tiana-ochoa-guatemalteca-destacada-25-mujeres-hispanas-mas-influyentes-rhode-island-7-768x965.jpg 768w, https:\/\/soymigrante.com\/revista\/wp-content\/uploads\/2026\/09\/tiana-ochoa-guatemalteca-destacada-25-mujeres-hispanas-mas-influyentes-rhode-island-7-1223x1536.jpg 1223w, https:\/\/soymigrante.com\/revista\/wp-content\/uploads\/2026\/09\/tiana-ochoa-guatemalteca-destacada-25-mujeres-hispanas-mas-influyentes-rhode-island-7-1631x2048.jpg 1631w, https:\/\/soymigrante.com\/revista\/wp-content\/uploads\/2026\/09\/tiana-ochoa-guatemalteca-destacada-25-mujeres-hispanas-mas-influyentes-rhode-island-7-750x942.jpg 750w, https:\/\/soymigrante.com\/revista\/wp-content\/uploads\/2026\/09\/tiana-ochoa-guatemalteca-destacada-25-mujeres-hispanas-mas-influyentes-rhode-island-7-1140x1432.jpg 1140w, https:\/\/soymigrante.com\/revista\/wp-content\/uploads\/2026\/09\/tiana-ochoa-guatemalteca-destacada-25-mujeres-hispanas-mas-influyentes-rhode-island-7-scaled.jpg 2038w\" sizes=\"(max-width: 768px) 100vw, 768px\" title=\"Tiana asisti\u00f3 a la gala de entrega del reconocimiento a las 25 mujeres hispanas m\u00e1s influyentes en Rhode Island, el 1 de septiembre de 2026. \u2013 SoyMigrante.com REVISTA\" \/>\t\t\t\t\t\t\t\t\t\t\t<figcaption class=\"widget-image-caption wp-caption-text\">Tiana asisti\u00f3 a la gala de entrega del reconocimiento a las 25 mujeres hispanas m\u00e1s influyentes en Rhode Island, el 1 de septiembre de 2026.<\/figcaption>\n\t\t\t\t\t\t\t\t\t\t<\/figure>\n\t\t\t\t\t\t\t\t\t<\/div>\n\t\t\t\t\t<\/div>\n\t\t\t\t<\/div>\n\t\t<div data-particle_enable=\"false\" data-particle-mobile-disabled=\"false\" class=\"elementor-element elementor-element-b3b6bbe e-flex e-con-boxed e-con e-parent\" data-id=\"b3b6bbe\" data-element_type=\"container\" data-e-type=\"container\">\n\t\t\t\t\t<div class=\"e-con-inner\">\n\t\t\t\t<div class=\"elementor-element elementor-element-cb0e3b8 elementor-widget elementor-widget-text-editor\" data-id=\"cb0e3b8\" data-element_type=\"widget\" data-e-type=\"widget\" data-widget_type=\"text-editor.default\">\n\t\t\t\t\t\t\t\t\t<p><span style=\"color: #000000; font-family: Mulish, sans-serif; font-size: 29px; font-weight: bold;\">Una promotora de la cultura guatemalteca<\/span><\/p><p>El liderazgo y servicio de Tiana se expresa mucho en el \u00e1mbito cultural. Como presidenta del <strong>Guatemalan Center of New England<\/strong>, Ochoa ha impulsado actividades destinadas a preservar y difundir la cultura guatemalteca en Nueva Inglaterra, mediante festivales, exposiciones, m\u00fasica y encuentros comunitarios.<\/p><p>El trabajo del centro ha permitido presentar expresiones art\u00edsticas guatemaltecas ante las comunidades de la regi\u00f3n y crear espacios para que los hijos y nietos de migrantes conozcan sus ra\u00edces. Su labor se extiende m\u00e1s all\u00e1 de Rhode Island y alcanza a la comunidad guatemalteca de Nueva Inglaterra, incluida Connecticut.\u00a0<\/p>\t\t\t\t\t\t\t\t<\/div>\n\t\t\t\t\t<\/div>\n\t\t\t\t<\/div>\n\t\t<div data-particle_enable=\"false\" data-particle-mobile-disabled=\"false\" class=\"elementor-element elementor-element-9bcc4f2 e-flex e-con-boxed e-con e-parent\" data-id=\"9bcc4f2\" data-element_type=\"container\" data-e-type=\"container\">\n\t\t\t\t\t<div class=\"e-con-inner\">\n\t\t\t\t<div class=\"elementor-element elementor-element-1f91f2f elementor-widget elementor-widget-image\" data-id=\"1f91f2f\" data-element_type=\"widget\" data-e-type=\"widget\" data-widget_type=\"image.default\">\n\t\t\t\t\t\t\t\t\t\t\t\t<figure class=\"wp-caption\">\n\t\t\t\t\t\t\t\t\t\t<img decoding=\"async\" width=\"768\" height=\"567\" src=\"https:\/\/soymigrante.com\/revista\/wp-content\/uploads\/2025\/11\/dominick-cocozza-y-tiana-ochoa-2.png\" class=\"attachment-large size-large wp-image-48183\" alt=\"El pintor Dominick Cocozza durante la exposici\u00f3n Me Acuerdo, junto a la directora del Guatemalan Center of New England, Tiana Ochoa. (Foto Nacho M\u00e9ndez)\" srcset=\"https:\/\/soymigrante.com\/revista\/wp-content\/uploads\/2025\/11\/dominick-cocozza-y-tiana-ochoa-2.png 1136w, https:\/\/soymigrante.com\/revista\/wp-content\/uploads\/2025\/11\/dominick-cocozza-y-tiana-ochoa-2-300x222.png 300w, https:\/\/soymigrante.com\/revista\/wp-content\/uploads\/2025\/11\/dominick-cocozza-y-tiana-ochoa-2-768x567.png 768w, https:\/\/soymigrante.com\/revista\/wp-content\/uploads\/2025\/11\/dominick-cocozza-y-tiana-ochoa-2-750x554.png 750w\" sizes=\"(max-width: 768px) 100vw, 768px\" title=\"El pintor Dominick Cocozza durante la exposici\u00f3n Me Acuerdo, junto a la directora del Guatemalan Center of New England, Tiana Ochoa. (Foto Nacho M\u00e9ndez) \u2013 SoyMigrante.com REVISTA\" \/>\t\t\t\t\t\t\t\t\t\t\t<figcaption class=\"widget-image-caption wp-caption-text\">Tiana Ochoa ha promovido m\u00faltiplese expresiones de arte a trav\u00e9s del Guatemalan Center, as\u00ed como talleres artesanales, para conectar a los migrantes guatemaltecos, especialmente los j\u00f3venes, con sus ra\u00edces.<\/figcaption>\n\t\t\t\t\t\t\t\t\t\t<\/figure>\n\t\t\t\t\t\t\t\t\t<\/div>\n\t\t\t\t\t<\/div>\n\t\t\t\t<\/div>\n\t\t<div data-particle_enable=\"false\" data-particle-mobile-disabled=\"false\" class=\"elementor-element elementor-element-b294c28 e-flex e-con-boxed e-con e-parent\" data-id=\"b294c28\" data-element_type=\"container\" data-e-type=\"container\">\n\t\t\t\t\t<div class=\"e-con-inner\">\n\t\t\t\t<div class=\"elementor-element elementor-element-6900360 elementor-widget elementor-widget-text-editor\" data-id=\"6900360\" data-element_type=\"widget\" data-e-type=\"widget\" data-widget_type=\"text-editor.default\">\n\t\t\t\t\t\t\t\t\t<p><span style=\"color: #000000; font-family: Mulish, sans-serif; font-size: 29px; font-weight: bold;\">Cultura, educaci\u00f3n y comunidad<\/span><\/p><p>Ochoa tambi\u00e9n ha participado en iniciativas para llevar artistas guatemaltecos a Estados Unidos y en la presentaci\u00f3n de la Marimba Femenina de Concierto de Guatemala en Rhode Island. Y se encuentra en plenos preparativos del Guatemalan Festival 2026, que ser\u00e1 el 13 de septiembre, con participaci\u00f3n de grupos musicales, restaurantes guatemaltecos y la comunidad hispana en general.<\/p><p>&#8220;Las mujeres hispanas aportamos mucho a Rhode Island, desde diversos campos. Agradezco haber sido distinguida en nombre de muchas migrantes guatemaltecas que se esfuerzan, luchan y crean para seguir creciendo&#8221;, a\u00f1ade Tiana.\u00a0<\/p>\t\t\t\t\t\t\t\t<\/div>\n\t\t\t\t\t<\/div>\n\t\t\t\t<\/div>\n\t\t<div data-particle_enable=\"false\" data-particle-mobile-disabled=\"false\" class=\"elementor-element elementor-element-d5b4e0c e-flex e-con-boxed e-con e-parent\" data-id=\"d5b4e0c\" data-element_type=\"container\" data-e-type=\"container\">\n\t\t\t\t\t<div class=\"e-con-inner\">\n\t\t\t\t<div class=\"elementor-element elementor-element-7c2d9e8 elementor-widget elementor-widget-image\" data-id=\"7c2d9e8\" data-element_type=\"widget\" data-e-type=\"widget\" data-widget_type=\"image.default\">\n\t\t\t\t\t\t\t\t\t\t\t\t<figure class=\"wp-caption\">\n\t\t\t\t\t\t\t\t\t\t<img decoding=\"async\" width=\"768\" height=\"965\" src=\"https:\/\/soymigrante.com\/revista\/wp-content\/uploads\/2026\/09\/tiana-ochoa-guatemalteca-destacada-25-mujeres-hispanas-mas-influyentes-rhode-island-4-815x1024.jpg\" class=\"attachment-large size-large wp-image-63944\" alt=\"Entre las 25 hispanas m\u00e1s influyentes de Rhode Island, nominadas por la revista Hispanic Image hay empresarias, profesionales, comunicadoras y promotoras de la cultura y el talento. La guatemalteca Tiana Ochoa, figura entre ellas.\" srcset=\"https:\/\/soymigrante.com\/revista\/wp-content\/uploads\/2026\/09\/tiana-ochoa-guatemalteca-destacada-25-mujeres-hispanas-mas-influyentes-rhode-island-4-815x1024.jpg 815w, https:\/\/soymigrante.com\/revista\/wp-content\/uploads\/2026\/09\/tiana-ochoa-guatemalteca-destacada-25-mujeres-hispanas-mas-influyentes-rhode-island-4-239x300.jpg 239w, https:\/\/soymigrante.com\/revista\/wp-content\/uploads\/2026\/09\/tiana-ochoa-guatemalteca-destacada-25-mujeres-hispanas-mas-influyentes-rhode-island-4-768x965.jpg 768w, https:\/\/soymigrante.com\/revista\/wp-content\/uploads\/2026\/09\/tiana-ochoa-guatemalteca-destacada-25-mujeres-hispanas-mas-influyentes-rhode-island-4-1223x1536.jpg 1223w, https:\/\/soymigrante.com\/revista\/wp-content\/uploads\/2026\/09\/tiana-ochoa-guatemalteca-destacada-25-mujeres-hispanas-mas-influyentes-rhode-island-4-1630x2048.jpg 1630w, https:\/\/soymigrante.com\/revista\/wp-content\/uploads\/2026\/09\/tiana-ochoa-guatemalteca-destacada-25-mujeres-hispanas-mas-influyentes-rhode-island-4-750x942.jpg 750w, https:\/\/soymigrante.com\/revista\/wp-content\/uploads\/2026\/09\/tiana-ochoa-guatemalteca-destacada-25-mujeres-hispanas-mas-influyentes-rhode-island-4-1140x1432.jpg 1140w, https:\/\/soymigrante.com\/revista\/wp-content\/uploads\/2026\/09\/tiana-ochoa-guatemalteca-destacada-25-mujeres-hispanas-mas-influyentes-rhode-island-4-scaled.jpg 2038w\" sizes=\"(max-width: 768px) 100vw, 768px\" title=\"Entre las 25 hispanas m\u00e1s influyentes de Rhode Island, nominadas por la revista Hispanic Image hay empresarias, profesionales, comunicadoras y promotoras de la cultura y el talento. La guatemalteca Tiana Ochoa, figura entre ellas. \u2013 SoyMigrante.com REVISTA\" \/>\t\t\t\t\t\t\t\t\t\t\t<figcaption class=\"widget-image-caption wp-caption-text\">Entre las 25 hispanas m\u00e1s influyentes de Rhode Island, nominadas por la revista Hispanic Image hay empresarias, profesionales, comunicadoras y promotoras de la cultura y el talento. La guatemalteca Tiana Ochoa, figura entre ellas.<\/figcaption>\n\t\t\t\t\t\t\t\t\t\t<\/figure>\n\t\t\t\t\t\t\t\t\t<\/div>\n\t\t\t\t\t<\/div>\n\t\t\t\t<\/div>\n\t\t<div data-particle_enable=\"false\" data-particle-mobile-disabled=\"false\" class=\"elementor-element elementor-element-01cdbdb e-flex e-con-boxed e-con e-parent\" data-id=\"01cdbdb\" data-element_type=\"container\" data-e-type=\"container\">\n\t\t\t\t\t<div class=\"e-con-inner\">\n\t\t\t\t<div class=\"elementor-element elementor-element-41e34d2 elementor-widget elementor-widget-text-editor\" data-id=\"41e34d2\" data-element_type=\"widget\" data-e-type=\"widget\" data-widget_type=\"text-editor.default\">\n\t\t\t\t\t\t\t\t\t<p>Para ella estar entre las <strong>25 Women of Legacy<\/strong> refleja precisamente esa combinaci\u00f3n de liderazgo profesional, servicio comunitario y compromiso con sus ra\u00edces. Ochoa representa a una generaci\u00f3n de guatemaltecos que ha construido su vida en Estados Unidos sin romper el v\u00ednculo con Guatemala.<\/p><p>Su legado se encuentra en esa conexi\u00f3n: preservar la cultura, abrir espacios para las nuevas generaciones y convertir la identidad guatemalteca en un puente para unir a las comunidades.<\/p>\t\t\t\t\t\t\t\t<\/div>\n\t\t\t\t\t<\/div>\n\t\t\t\t<\/div>\n\t\t<div data-particle_enable=\"false\" data-particle-mobile-disabled=\"false\" class=\"elementor-element elementor-element-2449727 e-flex e-con-boxed e-con e-parent\" data-id=\"2449727\" data-element_type=\"container\" data-e-type=\"container\">\n\t\t\t\t\t<div class=\"e-con-inner\">\n\t\t\t\t<div class=\"elementor-element elementor-element-71cf21e elementor-invisible elementor-widget elementor-widget-testimonial\" data-id=\"71cf21e\" data-element_type=\"widget\" data-e-type=\"widget\" data-settings=\"{&quot;_animation&quot;:&quot;rotateInUpRight&quot;}\" data-widget_type=\"testimonial.default\">\n\t\t\t\t\t\t\t<div class=\"elementor-testimonial-wrapper\">\n\t\t\t\t\t\t\t<div class=\"elementor-testimonial-content\">\"Todo el equipo del Guatemalan Center of New England estamos enfocados en proyectar lo mejor de la cultura guatemalteca a la comunidad multicultural de Estados Unidos, porque se tienden puentes de entendimiento y damos a conocer nuestros valores\"<\/div>\n\t\t\t\n\t\t\t\t\t\t<div class=\"elementor-testimonial-meta elementor-has-image elementor-testimonial-image-position-aside\">\n\t\t\t\t<div class=\"elementor-testimonial-meta-inner\">\n\t\t\t\t\t\t\t\t\t\t\t<div class=\"elementor-testimonial-image\">\n\t\t\t\t\t\t\t<img loading=\"lazy\" decoding=\"async\" width=\"1365\" height=\"2048\" src=\"https:\/\/soymigrante.com\/revista\/wp-content\/uploads\/2026\/09\/tiana-ochoa-guatemalteca-destacada-25-mujeres-hispanas-mas-influyentes-rhode-island-5.jpg\" class=\"attachment-full size-full wp-image-63945\" alt=\"tiana ochoa guatemalteca destacada 25 mujeres hispanas mas influyentes rhode island 5\" title=\"tiana ochoa guatemalteca destacada 25 mujeres hispanas mas influyentes rhode island 5 \u2013 SoyMigrante.com REVISTA\" srcset=\"https:\/\/soymigrante.com\/revista\/wp-content\/uploads\/2026\/09\/tiana-ochoa-guatemalteca-destacada-25-mujeres-hispanas-mas-influyentes-rhode-island-5.jpg 1365w, https:\/\/soymigrante.com\/revista\/wp-content\/uploads\/2026\/09\/tiana-ochoa-guatemalteca-destacada-25-mujeres-hispanas-mas-influyentes-rhode-island-5-200x300.jpg 200w, https:\/\/soymigrante.com\/revista\/wp-content\/uploads\/2026\/09\/tiana-ochoa-guatemalteca-destacada-25-mujeres-hispanas-mas-influyentes-rhode-island-5-683x1024.jpg 683w, https:\/\/soymigrante.com\/revista\/wp-content\/uploads\/2026\/09\/tiana-ochoa-guatemalteca-destacada-25-mujeres-hispanas-mas-influyentes-rhode-island-5-768x1152.jpg 768w, https:\/\/soymigrante.com\/revista\/wp-content\/uploads\/2026\/09\/tiana-ochoa-guatemalteca-destacada-25-mujeres-hispanas-mas-influyentes-rhode-island-5-1024x1536.jpg 1024w, https:\/\/soymigrante.com\/revista\/wp-content\/uploads\/2026\/09\/tiana-ochoa-guatemalteca-destacada-25-mujeres-hispanas-mas-influyentes-rhode-island-5-750x1125.jpg 750w, https:\/\/soymigrante.com\/revista\/wp-content\/uploads\/2026\/09\/tiana-ochoa-guatemalteca-destacada-25-mujeres-hispanas-mas-influyentes-rhode-island-5-1140x1710.jpg 1140w\" sizes=\"(max-width: 1365px) 100vw, 1365px\" \/>\t\t\t\t\t\t<\/div>\n\t\t\t\t\t\n\t\t\t\t\t\t\t\t\t\t<div class=\"elementor-testimonial-details\">\n\t\t\t\t\t\t\t\t\t\t\t\t\t\t<div class=\"elementor-testimonial-name\">Tiana Ochoa<\/div>\n\t\t\t\t\t\t\t\t\t\t\t\t\t\t\t\t\t\t\t\t\t\t<div class=\"elementor-testimonial-job\">Guatemalteca experta en Trabajo Social\ny promotora de la identidad guatemalteca,\ndirectora del Guatemalan Center of\nNew England<\/div>\n\t\t\t\t\t\t\t\t\t\t\t\t\t<\/div>\n\t\t\t\t\t\t\t\t\t<\/div>\n\t\t\t<\/div>\n\t\t\t\t\t<\/div>\n\t\t\t\t\t\t<\/div>\n\t\t\t\t\t<\/div>\n\t\t\t\t<\/div>\n\t\t<div data-particle_enable=\"false\" data-particle-mobile-disabled=\"false\" class=\"elementor-element elementor-element-8d59839 e-flex e-con-boxed e-con e-parent\" data-id=\"8d59839\" data-element_type=\"container\" data-e-type=\"container\">\n\t\t\t\t\t<div class=\"e-con-inner\">\n\t\t\t\t<div class=\"elementor-element elementor-element-bc70099 elementor-widget elementor-widget-global elementor-global-52097 elementor-widget-heading\" data-id=\"bc70099\" data-element_type=\"widget\" data-e-type=\"widget\" data-widget_type=\"heading.default\">\n\t\t\t\t\t<h2 class=\"elementor-heading-title elementor-size-default\">Quiz\u00e1 tambi\u00e9n te podr\u00eda interesar<\/h2>\t\t\t\t<\/div>\n\t\t\t\t\t<\/div>\n\t\t\t\t<\/div>\n\t\t<div data-particle_enable=\"false\" data-particle-mobile-disabled=\"false\" class=\"elementor-element elementor-element-ebe89d4 e-flex e-con-boxed e-con e-parent\" data-id=\"ebe89d4\" data-element_type=\"container\" data-e-type=\"container\">\n\t\t\t\t\t<div class=\"e-con-inner\">\n\t\t\t\t<div class=\"elementor-element elementor-element-5a4cd2c elementor-grid-eael-col-3 elementor-grid-tablet-eael-col-2 elementor-grid-mobile-eael-col-1 elementor-widget elementor-widget-eael-post-grid\" data-id=\"5a4cd2c\" data-element_type=\"widget\" data-e-type=\"widget\" data-settings=\"{&quot;eael_post_grid_columns&quot;:&quot;eael-col-3&quot;,&quot;eael_post_grid_columns_tablet&quot;:&quot;eael-col-2&quot;,&quot;eael_post_grid_columns_mobile&quot;:&quot;eael-col-1&quot;}\" data-widget_type=\"eael-post-grid.default\">\n\t\t\t\t\t<div id=\"eael-post-grid-5a4cd2c\" class=\"eael-post-grid-container\">\n            <div class=\"eael-post-grid eael-post-appender eael-post-appender-5a4cd2c eael-post-grid-style-one\" data-layout-mode=\"masonry\"><article class=\"eael-grid-post  eael-post-grid-column eael-pg-post-19798 category-estamos-unidos\" data-id=\"19798\">\n        <div class=\"eael-grid-post-holder\">\n            <div class=\"eael-grid-post-holder-inner\"><div class=\"eael-entry-media\"><div class=\"eael-entry-overlay fade-in\"><i class=\"far fa-hand-pointer\" aria-hidden=\"true\"><\/i><a href=\"https:\/\/soymigrante.com\/revista\/viajero-guatemalteco-leonel-ponce-presentara-su-libro-el-camino-de-las-estrellas-en-rhode-island\/\"><\/a><\/div><div class=\"eael-entry-thumbnail eael-image-ratio\">\n                <img loading=\"lazy\" decoding=\"async\" width=\"823\" height=\"823\" src=\"https:\/\/soymigrante.com\/revista\/wp-content\/uploads\/2025\/01\/leonel-ponce.webp\" class=\"attachment-large size-large wp-image-19799\" alt=\"Bicicleta de monta\u00f1a levantada en el aire frente a una iglesia hist\u00f3rica, ciclista sonriente con gafas deportivas y bandera, grupo de ciclistas en la plaza, deporte y aventura en espacios urbanos y culturales.\" srcset=\"https:\/\/soymigrante.com\/revista\/wp-content\/uploads\/2025\/01\/leonel-ponce.webp 823w, https:\/\/soymigrante.com\/revista\/wp-content\/uploads\/2025\/01\/leonel-ponce-300x300.jpg 300w, https:\/\/soymigrante.com\/revista\/wp-content\/uploads\/2025\/01\/leonel-ponce-150x150.jpg 150w, https:\/\/soymigrante.com\/revista\/wp-content\/uploads\/2025\/01\/leonel-ponce-768x768.jpg 768w, https:\/\/soymigrante.com\/revista\/wp-content\/uploads\/2025\/01\/leonel-ponce-75x75.webp 75w, https:\/\/soymigrante.com\/revista\/wp-content\/uploads\/2025\/01\/leonel-ponce-750x750.webp 750w\" sizes=\"(max-width: 823px) 100vw, 823px\" \/>\n            <\/div>\n        <\/div><div class=\"eael-entry-wrapper\"><header class=\"eael-entry-header\"><h2 class=\"eael-entry-title\"><a class=\"eael-grid-post-link\" href=\"https:\/\/soymigrante.com\/revista\/viajero-guatemalteco-leonel-ponce-presentara-su-libro-el-camino-de-las-estrellas-en-rhode-island\/\" title=\"Escritor guatemalteco Leonel Ponce presenta su libro El Camino de las Estrellas en Rhode Island\">Escritor guatemalteco Leonel Ponce presenta su libro El Camino de las Estrellas en Rhode Island<\/a><\/h2><\/header><div class=\"eael-entry-content\">\n                        <div class=\"eael-grid-post-excerpt\"><a href=\"https:\/\/soymigrante.com\/revista\/viajero-guatemalteco-leonel-ponce-presentara-su-libro-el-camino-de-las-estrellas-en-rhode-island\/\" class=\"eael-post-elements-readmore-btn\">CONOCE SU HISTORIA <\/a><\/div>\n                    <\/div><\/div><\/div>\n        <\/div>\n    <\/article><article class=\"eael-grid-post  eael-post-grid-column eael-pg-post-48522 category-estamos-unidos\" data-id=\"48522\">\n        <div class=\"eael-grid-post-holder\">\n            <div class=\"eael-grid-post-holder-inner\"><div class=\"eael-entry-media\"><div class=\"eael-entry-overlay fade-in\"><i class=\"far fa-hand-pointer\" aria-hidden=\"true\"><\/i><a href=\"https:\/\/soymigrante.com\/revista\/retratos-de-libertad-21-testimonios-inspiradores-de-hispanas-en-usa-presentacion-oficial\/\"><\/a><\/div><div class=\"eael-entry-thumbnail eael-image-ratio\">\n                <img loading=\"lazy\" decoding=\"async\" width=\"1024\" height=\"1024\" src=\"https:\/\/soymigrante.com\/revista\/wp-content\/uploads\/2025\/11\/retratos-de-libertad-mujeres-hispanas-valia-zipfel-guatemalteca-2-1024x1024.jpg\" class=\"attachment-large size-large wp-image-48523\" alt=\"retratos de libertad mujeres hispanas valia zipfel guatemalteca 2\" srcset=\"https:\/\/soymigrante.com\/revista\/wp-content\/uploads\/2025\/11\/retratos-de-libertad-mujeres-hispanas-valia-zipfel-guatemalteca-2-1024x1024.jpg 1024w, https:\/\/soymigrante.com\/revista\/wp-content\/uploads\/2025\/11\/retratos-de-libertad-mujeres-hispanas-valia-zipfel-guatemalteca-2-300x300.jpg 300w, https:\/\/soymigrante.com\/revista\/wp-content\/uploads\/2025\/11\/retratos-de-libertad-mujeres-hispanas-valia-zipfel-guatemalteca-2-150x150.jpg 150w, https:\/\/soymigrante.com\/revista\/wp-content\/uploads\/2025\/11\/retratos-de-libertad-mujeres-hispanas-valia-zipfel-guatemalteca-2-768x768.jpg 768w, https:\/\/soymigrante.com\/revista\/wp-content\/uploads\/2025\/11\/retratos-de-libertad-mujeres-hispanas-valia-zipfel-guatemalteca-2-75x75.jpg 75w, https:\/\/soymigrante.com\/revista\/wp-content\/uploads\/2025\/11\/retratos-de-libertad-mujeres-hispanas-valia-zipfel-guatemalteca-2-750x750.jpg 750w, https:\/\/soymigrante.com\/revista\/wp-content\/uploads\/2025\/11\/retratos-de-libertad-mujeres-hispanas-valia-zipfel-guatemalteca-2.jpg 1101w\" sizes=\"(max-width: 1024px) 100vw, 1024px\" \/>\n            <\/div>\n        <\/div><div class=\"eael-entry-wrapper\"><header class=\"eael-entry-header\"><h2 class=\"eael-entry-title\"><a class=\"eael-grid-post-link\" href=\"https:\/\/soymigrante.com\/revista\/retratos-de-libertad-21-testimonios-inspiradores-de-hispanas-en-usa-presentacion-oficial\/\" title=\"Retratos de Libertad: 21 testimonios inspiradores de hispanas en USA: presentaci\u00f3n oficial\">Retratos de Libertad: 21 testimonios inspiradores de hispanas en USA: presentaci\u00f3n oficial<\/a><\/h2><\/header><div class=\"eael-entry-content\">\n                        <div class=\"eael-grid-post-excerpt\"><a href=\"https:\/\/soymigrante.com\/revista\/retratos-de-libertad-21-testimonios-inspiradores-de-hispanas-en-usa-presentacion-oficial\/\" class=\"eael-post-elements-readmore-btn\">CONOCE SU HISTORIA <\/a><\/div>\n                    <\/div><\/div><\/div>\n        <\/div>\n    <\/article><article class=\"eael-grid-post  eael-post-grid-column eael-pg-post-26587 category-exitos\" data-id=\"26587\">\n        <div class=\"eael-grid-post-holder\">\n            <div class=\"eael-grid-post-holder-inner\"><div class=\"eael-entry-media\"><div class=\"eael-entry-overlay fade-in\"><i class=\"far fa-hand-pointer\" aria-hidden=\"true\"><\/i><a href=\"https:\/\/soymigrante.com\/revista\/carla-esquivel-guatemalteca-defiende-la-dignidad-de-las-trabajadoras-de-casa-en-connecticut\/\"><\/a><\/div><div class=\"eael-entry-thumbnail eael-image-ratio\">\n                <img loading=\"lazy\" decoding=\"async\" width=\"1024\" height=\"1022\" src=\"https:\/\/soymigrante.com\/revista\/wp-content\/uploads\/2025\/02\/carla-esquivel-1-e1740765756368-1024x1022.jpg\" class=\"attachment-large size-large wp-image-26603\" alt=\"Vendedora con alas de mariposa en protesta frente a la Casa Blanca, representando la comunidad migrante en Estados Unidos. Imagen de activismo y derechos migratorios.\" srcset=\"https:\/\/soymigrante.com\/revista\/wp-content\/uploads\/2025\/02\/carla-esquivel-1-e1740765756368-1024x1022.jpg 1024w, https:\/\/soymigrante.com\/revista\/wp-content\/uploads\/2025\/02\/carla-esquivel-1-e1740765756368-300x300.jpg 300w, https:\/\/soymigrante.com\/revista\/wp-content\/uploads\/2025\/02\/carla-esquivel-1-e1740765756368-150x150.jpg 150w, https:\/\/soymigrante.com\/revista\/wp-content\/uploads\/2025\/02\/carla-esquivel-1-e1740765756368-768x766.jpg 768w, https:\/\/soymigrante.com\/revista\/wp-content\/uploads\/2025\/02\/carla-esquivel-1-e1740765756368-75x75.webp 75w, https:\/\/soymigrante.com\/revista\/wp-content\/uploads\/2025\/02\/carla-esquivel-1-e1740765756368-750x748.webp 750w, https:\/\/soymigrante.com\/revista\/wp-content\/uploads\/2025\/02\/carla-esquivel-1-e1740765756368-1140x1137.webp 1140w, https:\/\/soymigrante.com\/revista\/wp-content\/uploads\/2025\/02\/carla-esquivel-1-e1740765756368.webp 1316w\" sizes=\"(max-width: 1024px) 100vw, 1024px\" \/>\n            <\/div>\n        <\/div><div class=\"eael-entry-wrapper\"><header class=\"eael-entry-header\"><h2 class=\"eael-entry-title\"><a class=\"eael-grid-post-link\" href=\"https:\/\/soymigrante.com\/revista\/carla-esquivel-guatemalteca-defiende-la-dignidad-de-las-trabajadoras-de-casa-en-connecticut\/\" title=\"Carla Esquivel, guatemalteca, defiende la dignidad de las trabajadoras de casa en Connecticut\">Carla Esquivel, guatemalteca, defiende la dignidad de las trabajadoras de casa en Connecticut<\/a><\/h2><\/header><div class=\"eael-entry-content\">\n                        <div class=\"eael-grid-post-excerpt\"><a href=\"https:\/\/soymigrante.com\/revista\/carla-esquivel-guatemalteca-defiende-la-dignidad-de-las-trabajadoras-de-casa-en-connecticut\/\" class=\"eael-post-elements-readmore-btn\">CONOCE SU HISTORIA <\/a><\/div>\n                    <\/div><\/div><\/div>\n        <\/div>\n    <\/article><\/div>\n            <div class=\"clearfix\"><\/div>\n        <\/div>\t\t\t\t<\/div>\n\t\t\t\t\t<\/div>\n\t\t\t\t<\/div>\n\t\t\t\t<\/div>\n\t\t","protected":false},"excerpt":{"rendered":"<p>Promotora cultural con maestr\u00eda en Trabajo Social, Tiana Ochoa impulsa expresiones art\u00edsticas de la comunidad migrante guatemalteca en Guatemalan Center of New England: ese aporte fue valorado para estar entre las hispanas m\u00e1s influyentes. &#8220;Me tom\u00f3 totalmente por sorpresa esta designaci\u00f3n, cuando mi avisaron no lo esperaba, porque uno realiza el servicio a la comunidad [&hellip;]<\/p>\n","protected":false},"author":7,"featured_media":63936,"comment_status":"open","ping_status":"open","sticky":false,"template":"","format":"standard","meta":{"_acf_changed":false,"_eb_attr":"","footnotes":""},"categories":[54],"tags":[],"class_list":["post-63935","post","type-post","status-publish","format-standard","has-post-thumbnail","hentry","category-estamos-unidos"],"acf":[],"aioseo_notices":[],"aioseo_head":"\n\t\t<!-- All in One SEO Pro 5.0.1.1 - aioseo.com -->\n\t<meta name=\"description\" content=\"Carla Esquivel lleva 25 a\u00f1os laborando en oficios de casa en Connecticut. A trav\u00e9s de la organizaci\u00f3n Nosotras defiende y capacita a las trabajadoras migrantes.\" \/>\n\t<meta name=\"robots\" content=\"max-snippet:-1, max-image-preview:large, max-video-preview:-1\" \/>\n\t<meta name=\"author\" content=\"Gustavo Montenegro\"\/>\n\t<link rel=\"canonical\" href=\"https:\/\/soymigrante.com\/revista\/carla-esquivel-guatemalteca-defiende-la-dignidad-de-las-trabajadoras-de-casa-en-connecticut\/\" \/>\n\t<meta name=\"generator\" content=\"All in One SEO Pro (AIOSEO) 5.0.1.1\" \/>\n\n\t\t<link rel=\"preconnect\" href=\"https:\/\/fonts.googleapis.com\" crossorigin>\n<link rel=\"preconnect\" href=\"https:\/\/fonts.gstatic.com\" crossorigin>\n\t\t<meta property=\"og:locale\" content=\"es_ES\" \/>\n\t\t<meta property=\"og:site_name\" content=\"SoyMigrante.com REVISTA \u2013 Nuestra misi\u00f3n es reconocer y dignificar al migrante.\" \/>\n\t\t<meta property=\"og:type\" content=\"article\" \/>\n\t\t<meta property=\"og:title\" content=\"Carla Esquivel dignifica a trabajadoras de casa en Connecticut\" \/>\n\t\t<meta property=\"og:description\" content=\"Carla Esquivel lleva 25 a\u00f1os laborando en oficios de casa en Connecticut. A trav\u00e9s de la organizaci\u00f3n Nosotras defiende y capacita a las trabajadoras migrantes.\" \/>\n\t\t<meta property=\"og:url\" content=\"https:\/\/soymigrante.com\/revista\/carla-esquivel-guatemalteca-defiende-la-dignidad-de-las-trabajadoras-de-casa-en-connecticut\/\" \/>\n\t\t<meta property=\"og:image\" content=\"https:\/\/soymigrante.com\/revista\/wp-content\/uploads\/2025\/02\/carla-esquivel-1-e1740765756368.webp\" \/>\n\t\t<meta property=\"og:image:secure_url\" content=\"https:\/\/soymigrante.com\/revista\/wp-content\/uploads\/2025\/02\/carla-esquivel-1-e1740765756368.webp\" \/>\n\t\t<meta property=\"og:image:width\" content=\"1316\" \/>\n\t\t<meta property=\"og:image:height\" content=\"1313\" \/>\n\t\t<meta property=\"article:published_time\" content=\"2025-02-28T17:17:44+00:00\" \/>\n\t\t<meta property=\"article:modified_time\" content=\"2025-03-10T17:52:03+00:00\" \/>\n\t\t<meta property=\"article:publisher\" content=\"https:\/\/www.facebook.com\/soymigrantecom\" \/>\n\t\t<meta name=\"twitter:card\" content=\"summary_large_image\" \/>\n\t\t<meta name=\"twitter:site\" content=\"@SoyMigrante_com\" \/>\n\t\t<meta name=\"twitter:title\" content=\"Carla Esquivel dignifica a trabajadoras de casa en Connecticut\" \/>\n\t\t<meta name=\"twitter:description\" content=\"Carla Esquivel lleva 25 a\u00f1os laborando en oficios de casa en Connecticut. A trav\u00e9s de la organizaci\u00f3n Nosotras defiende y capacita a las trabajadoras migrantes.\" \/>\n\t\t<meta name=\"twitter:creator\" content=\"@SoyMigrante_com\" \/>\n\t\t<meta name=\"twitter:image\" content=\"https:\/\/soymigrante.com\/revista\/wp-content\/uploads\/2025\/02\/carla-esquivel-1-e1740765756368.webp\" \/>\n\t\t<!-- All in One SEO Pro -->\r\n\t\t<title>Carla Esquivel dignifica a trabajadoras de casa en Connecticut<\/title>\n\n","aioseo_head_json":{"title":"Carla Esquivel dignifica a trabajadoras de casa en Connecticut","description":"Carla Esquivel lleva 25 a\u00f1os laborando en oficios de casa en Connecticut. A trav\u00e9s de la organizaci\u00f3n Nosotras defiende y capacita a las trabajadoras migrantes.","canonical_url":"https:\/\/soymigrante.com\/revista\/carla-esquivel-guatemalteca-defiende-la-dignidad-de-las-trabajadoras-de-casa-en-connecticut\/","robots":"max-snippet:-1, max-image-preview:large, max-video-preview:-1","keywords":"","webmasterTools":{"miscellaneous":"&lt;link rel=\"preconnect\" href=\"https:\/\/fonts.googleapis.com\" crossorigin&gt;\n&lt;link rel=\"preconnect\" href=\"https:\/\/fonts.gstatic.com\" crossorigin&gt;"},"schema":null,"og:locale":"es_ES","og:site_name":"SoyMigrante.com REVISTA \u2013 Nuestra misi\u00f3n es reconocer y dignificar al migrante.","og:type":"article","og:title":"Carla Esquivel dignifica a trabajadoras de casa en Connecticut","og:description":"Carla Esquivel lleva 25 a\u00f1os laborando en oficios de casa en Connecticut. A trav\u00e9s de la organizaci\u00f3n Nosotras defiende y capacita a las trabajadoras migrantes.","og:url":"https:\/\/soymigrante.com\/revista\/carla-esquivel-guatemalteca-defiende-la-dignidad-de-las-trabajadoras-de-casa-en-connecticut\/","og:image":"https:\/\/soymigrante.com\/revista\/wp-content\/uploads\/2025\/02\/carla-esquivel-1-e1740765756368.webp","og:image:secure_url":"https:\/\/soymigrante.com\/revista\/wp-content\/uploads\/2025\/02\/carla-esquivel-1-e1740765756368.webp","og:image:width":1316,"og:image:height":1313,"article:published_time":"2025-02-28T17:17:44+00:00","article:modified_time":"2025-03-10T17:52:03+00:00","article:publisher":"https:\/\/www.facebook.com\/soymigrantecom","twitter:card":"summary_large_image","twitter:site":"@SoyMigrante_com","twitter:title":"Carla Esquivel dignifica a trabajadoras de casa en Connecticut","twitter:description":"Carla Esquivel lleva 25 a\u00f1os laborando en oficios de casa en Connecticut. A trav\u00e9s de la organizaci\u00f3n Nosotras defiende y capacita a las trabajadoras migrantes.","twitter:creator":"@SoyMigrante_com","twitter:image":"https:\/\/soymigrante.com\/revista\/wp-content\/uploads\/2025\/02\/carla-esquivel-1-e1740765756368.webp"},"aioseo_meta_data":{"post_id":"63935","title":null,"description":null,"keywords":null,"keyphrases":{"focus":{"keyphrase":"Guatemalteca","score":0,"analysis":[]},"additional":[{"keyphrase":"Rhode Island","score":0},{"keyphrase":"influyentes","score":0},{"keyphrase":"hispanas","score":0}]},"primary_term":null,"canonical_url":null,"og_title":"Guatemalteca en Top 25 de latinas destacadas en Rhode Island","og_description":"Tiana Ochoa, directora del Guatemalan Center of New England fue elegida entre las 25 Latinas m\u00e1s influyentes en Rhode Island por revista Hispanic Image.","og_object_type":"default","og_image_type":"default","og_image_url":null,"og_image_width":null,"og_image_height":null,"og_image_custom_url":null,"og_image_custom_fields":null,"og_video":"","og_custom_url":null,"og_article_section":null,"og_article_tags":null,"twitter_use_og":false,"twitter_card":"default","twitter_image_type":"default","twitter_image_url":null,"twitter_image_custom_url":null,"twitter_image_custom_fields":null,"twitter_title":null,"twitter_description":null,"schema":{"blockGraphs":[],"customGraphs":[],"default":{"data":{"Article":[],"Course":[],"Dataset":[],"FAQPage":[],"Movie":[],"Person":[],"Product":[],"ProductReview":[],"Car":[],"Recipe":[],"Service":[],"SoftwareApplication":[],"WebPage":[]},"graphName":"NewsArticle","isEnabled":true},"graphs":[]},"schema_type":"default","schema_type_options":null,"pillar_content":false,"robots_default":true,"robots_noindex":false,"robots_noarchive":false,"robots_nosnippet":false,"robots_nofollow":false,"robots_noimageindex":false,"robots_noodp":false,"robots_notranslate":false,"robots_max_snippet":"-1","robots_max_videopreview":"-1","robots_max_imagepreview":"large","priority":null,"frequency":"default","local_seo":null,"seo_analyzer_scan_date":"2026-09-04 22:17:40","breadcrumb_settings":null,"limit_modified_date":false,"reviewed_by":"0","open_ai":null,"ai":{"faqs":[],"keyPoints":[],"schemas":[],"titles":[],"descriptions":[],"socialPosts":{"email":{"subject":"","preview":"","content":""},"linkedin":[],"twitter":[],"facebook":[],"instagram":[]}},"created":"2026-09-04 21:37:06","updated":"2026-09-04 22:59:13","focus_keyword":"Guatemalteca","additional_keywords":[{"word":"Rhode Island","score":0},{"word":"influyentes","score":0},{"word":"hispanas","score":0}],"truseo_locale":null},"aioseo_breadcrumb":"<div class=\"aioseo-breadcrumbs\"><span class=\"aioseo-breadcrumb\">\n\t<a href=\"https:\/\/soymigrante.com\/revista\" title=\"Home\">Home<\/a>\n<\/span><span class=\"aioseo-breadcrumb-separator\">\u00bb<\/span><span class=\"aioseo-breadcrumb\">\n\t<a href=\"https:\/\/soymigrante.com\/revista\/category\/estamos-unidos\/\" title=\"Estamos Unidos\">Estamos Unidos<\/a>\n<\/span><span class=\"aioseo-breadcrumb-separator\">\u00bb<\/span><span class=\"aioseo-breadcrumb\">\n\tLa guatemalteca Tiana Ochoa destacada entre las 25 hispanas m\u00e1s influyentes de Rhode Island\n<\/span><\/div>","aioseo_breadcrumb_json":[{"label":"Home","link":"https:\/\/soymigrante.com\/revista"},{"label":"Estamos Unidos","link":"https:\/\/soymigrante.com\/revista\/category\/estamos-unidos\/"},{"label":"La guatemalteca Tiana Ochoa destacada entre las 25 hispanas m\u00e1s influyentes de Rhode Island","link":"https:\/\/soymigrante.com\/revista\/la-guatemalteca-tiana-ochoa-destacada-entre-las-25-hispanas-mas-influyentes-de-rhode-island\/"}],"_links":{"self":[{"href":"https:\/\/soymigrante.com\/revista\/wp-json\/wp\/v2\/posts\/63935","targetHints":{"allow":["GET"]}}],"collection":[{"href":"https:\/\/soymigrante.com\/revista\/wp-json\/wp\/v2\/posts"}],"about":[{"href":"https:\/\/soymigrante.com\/revista\/wp-json\/wp\/v2\/types\/post"}],"author":[{"embeddable":true,"href":"https:\/\/soymigrante.com\/revista\/wp-json\/wp\/v2\/users\/7"}],"replies":[{"embeddable":true,"href":"https:\/\/soymigrante.com\/revista\/wp-json\/wp\/v2\/comments?post=63935"}],"version-history":[{"count":7,"href":"https:\/\/soymigrante.com\/revista\/wp-json\/wp\/v2\/posts\/63935\/revisions"}],"predecessor-version":[{"id":63949,"href":"https:\/\/soymigrante.com\/revista\/wp-json\/wp\/v2\/posts\/63935\/revisions\/63949"}],"wp:featuredmedia":[{"embeddable":true,"href":"https:\/\/soymigrante.com\/revista\/wp-json\/wp\/v2\/media\/63936"}],"wp:attachment":[{"href":"https:\/\/soymigrante.com\/revista\/wp-json\/wp\/v2\/media?parent=63935"}],"wp:term":[{"taxonomy":"category","embeddable":true,"href":"https:\/\/soymigrante.com\/revista\/wp-json\/wp\/v2\/categories?post=63935"},{"taxonomy":"post_tag","embeddable":true,"href":"https:\/\/soymigrante.com\/revista\/wp-json\/wp\/v2\/tags?post=63935"}],"curies":[{"name":"wp","href":"https:\/\/api.w.org\/{rel}","templated":true}]}}