{"id":63918,"date":"2026-09-04T14:53:14","date_gmt":"2026-09-04T20:53:14","guid":{"rendered":"https:\/\/soymigrante.com\/revista\/?p=63918"},"modified":"2026-09-04T14:57:55","modified_gmt":"2026-09-04T20:57:55","slug":"alux-nahual-rock-guatemalteco-banda-guatemalteca-suena-sin-fronteras","status":"publish","type":"post","link":"https:\/\/soymigrante.com\/revista\/alux-nahual-rock-guatemalteco-banda-guatemalteca-suena-sin-fronteras\/","title":{"rendered":"Alux Nahual sigue sonando con la fuerza del duende dentro y fuera de Guatemala"},"content":{"rendered":"\t\t<div data-elementor-type=\"wp-post\" data-elementor-id=\"63918\" class=\"elementor elementor-63918\" data-elementor-post-type=\"post\">\n\t\t\t\t<div data-particle_enable=\"false\" data-particle-mobile-disabled=\"false\" class=\"elementor-element elementor-element-6fb547a e-flex e-con-boxed e-con e-parent\" data-id=\"6fb547a\" data-element_type=\"container\" data-e-type=\"container\">\n\t\t\t\t\t<div class=\"e-con-inner\">\n\t\t\t\t<div class=\"elementor-element elementor-element-b5607cd elementor-widget elementor-widget-heading\" data-id=\"b5607cd\" data-element_type=\"widget\" data-e-type=\"widget\" data-widget_type=\"heading.default\">\n\t\t\t\t\t<h3 class=\"elementor-heading-title elementor-size-default\">Con 47 a\u00f1os de historia en el rock  Alux Nahual sigue vigente y sonando fuerte, sin fronteras, en escenarios de Guatemala, Centro Am\u00e9rica y tambi\u00e9n Estados Unidos, con temas inmortales como Alto al Fuego, El Duende, Mujer y Hombres de Ma\u00edz, entre muchos otros.<\/h3>\t\t\t\t<\/div>\n\t\t\t\t\t<\/div>\n\t\t\t\t<\/div>\n\t\t<div data-particle_enable=\"false\" data-particle-mobile-disabled=\"false\" class=\"elementor-element elementor-element-61e7615 e-flex e-con-boxed e-con e-parent\" data-id=\"61e7615\" data-element_type=\"container\" data-e-type=\"container\">\n\t\t\t\t\t<div class=\"e-con-inner\">\n\t\t\t\t<div class=\"elementor-element elementor-element-d748507 elementor-widget elementor-widget-text-editor\" data-id=\"d748507\" data-element_type=\"widget\" data-e-type=\"widget\" data-widget_type=\"text-editor.default\">\n\t\t\t\t\t\t\t\t\t<p>En 1979, cuando el rock en espa\u00f1ol todav\u00eda buscaba hacerse un espacio en Centroam\u00e9rica, un grupo de m\u00fasicos comenz\u00f3 a tocar en caf\u00e9s y peque\u00f1os espacios de la ciudad de Guatemala. No lo parec\u00eda, pero era el comienzo de un camino de m\u00e1s de cuatro d\u00e9cadas de historia: aquella banda se llamaba Alux Nahual, que con 47 a\u00f1os de historia es uno de los nombres m\u00e1s importantes de la m\u00fasica guatemalteca y centroamericana.\u00a0\u00a0<\/p><p>El p\u00fablico de varias generaciones sigue vibrando y coreando temas como El Duende, Alto al Fuego, Mujer, Hombres de Ma\u00edz o la F\u00e1bula del Grillo y el Mar. Guatemaltecos migrantes radicados en Estados Unidos disfrutan de sus conciertos, porque aquella m\u00fasica tiene alma, fuerza y tambi\u00e9n recuerdos.<\/p>\t\t\t\t\t\t\t\t<\/div>\n\t\t\t\t\t<\/div>\n\t\t\t\t<\/div>\n\t\t<div data-particle_enable=\"false\" data-particle-mobile-disabled=\"false\" class=\"elementor-element elementor-element-ce72ad2 e-flex e-con-boxed e-con e-parent\" data-id=\"ce72ad2\" data-element_type=\"container\" data-e-type=\"container\">\n\t\t\t\t\t<div class=\"e-con-inner\">\n\t\t\t\t<div class=\"elementor-element elementor-element-93f4e4f elementor-widget elementor-widget-html\" data-id=\"93f4e4f\" data-element_type=\"widget\" data-e-type=\"widget\" data-widget_type=\"html.default\">\n\t\t\t\t\t<iframe width=\"560\" height=\"415\" src=\"https:\/\/www.youtube.com\/embed\/4MZjlKj2faY?si=4C5FEAg7MKWhEQWM\" title=\"YouTube video player\" frameborder=\"0\" allow=\"accelerometer; autoplay; clipboard-write; encrypted-media; gyroscope; picture-in-picture; web-share\" referrerpolicy=\"strict-origin-when-cross-origin\" allowfullscreen><\/iframe>\t\t\t\t<\/div>\n\t\t\t\t\t<\/div>\n\t\t\t\t<\/div>\n\t\t<div data-particle_enable=\"false\" data-particle-mobile-disabled=\"false\" class=\"elementor-element elementor-element-a970d92 e-flex e-con-boxed e-con e-parent\" data-id=\"a970d92\" data-element_type=\"container\" data-e-type=\"container\">\n\t\t\t\t\t<div class=\"e-con-inner\">\n\t\t\t\t<div class=\"elementor-element elementor-element-3481318 elementor-widget elementor-widget-text-editor\" data-id=\"3481318\" data-element_type=\"widget\" data-e-type=\"widget\" data-widget_type=\"text-editor.default\">\n\t\t\t\t\t\t\t\t\t<p><span style=\"color: #000000; font-family: Mulish, sans-serif; font-size: 29px; font-weight: bold;\">Los primeros pasos de Alux Nahual<\/span><\/p>\n<p>El grupo fue fundado por <strong>\u00c1lvaro Aguilar<\/strong>, quien se reuni\u00f3 inicialmente con su hermano <strong>Plubio Aguilar<\/strong> y su primo <strong>Ranfer\u00ed Aguilar<\/strong>. Los tres comenzaron a presentarse en un peque\u00f1o caf\u00e9-bar y pronto la formaci\u00f3n se ampli\u00f3 con m\u00fasicos que le dieron a la banda una personalidad muy particular: <strong>Javier Flores<\/strong>, en la bater\u00eda; <strong>Paulo Alvarado<\/strong>, en el violonchelo; y <strong>Jack Schuster<\/strong>, en el viol\u00edn. Esa fue la formaci\u00f3n original de seis m\u00fasicos.<\/p>\n<p>El nombre tampoco era casual. <strong>Alux Nahual<\/strong> alude al esp\u00edritu o duende de la tradici\u00f3n maya. Desde el comienzo, aquella identidad iba a convivir con una m\u00fasica que no pretend\u00eda encerrarse en un solo g\u00e9nero. Hab\u00eda rock progresivo, rock sinf\u00f3nico, elementos de m\u00fasica popular y, poco a poco, sonidos e instrumentos vinculados con Guatemala.<\/p>\n<p>En sus primeras presentaciones presentaban sus propias composiciones, que a\u00fan no eran muy conocidas, pero fueron ganando o\u00eddos y corazones. La banda estaba buscando un sonido propio y, sobre todo, una manera de hacer rock desde Guatemala sin tener que copiar exactamente lo que ocurr\u00eda en Estados Unidos o Europa.<\/p>\t\t\t\t\t\t\t\t<\/div>\n\t\t\t\t\t<\/div>\n\t\t\t\t<\/div>\n\t\t<div data-particle_enable=\"false\" data-particle-mobile-disabled=\"false\" class=\"elementor-element elementor-element-4a791be e-flex e-con-boxed e-con e-parent\" data-id=\"4a791be\" data-element_type=\"container\" data-e-type=\"container\">\n\t\t\t\t\t<div class=\"e-con-inner\">\n\t\t\t\t<div class=\"elementor-element elementor-element-68b6bba elementor-widget elementor-widget-html\" data-id=\"68b6bba\" data-element_type=\"widget\" data-e-type=\"widget\" data-widget_type=\"html.default\">\n\t\t\t\t\t<iframe width=\"560\" height=\"415\" src=\"https:\/\/www.youtube.com\/embed\/0Mrc5Yzuego?si=kpk7eWBAbfenms2G\" title=\"YouTube video player\" frameborder=\"0\" allow=\"accelerometer; autoplay; clipboard-write; encrypted-media; gyroscope; picture-in-picture; web-share\" referrerpolicy=\"strict-origin-when-cross-origin\" allowfullscreen><\/iframe>\t\t\t\t<\/div>\n\t\t\t\t\t<\/div>\n\t\t\t\t<\/div>\n\t\t<div data-particle_enable=\"false\" data-particle-mobile-disabled=\"false\" class=\"elementor-element elementor-element-ab2d2fb e-flex e-con-boxed e-con e-parent\" data-id=\"ab2d2fb\" data-element_type=\"container\" data-e-type=\"container\">\n\t\t\t\t\t<div class=\"e-con-inner\">\n\t\t\t\t<div class=\"elementor-element elementor-element-f05f23a elementor-widget elementor-widget-text-editor\" data-id=\"f05f23a\" data-element_type=\"widget\" data-e-type=\"widget\" data-widget_type=\"text-editor.default\">\n\t\t\t\t\t\t\t\t\t<p><span style=\"color: #000000; font-family: Mulish, sans-serif; font-size: 29px; font-weight: bold;\">El primer disco y el comienzo de una historia<\/span><\/p><p>La primera gran prueba lleg\u00f3 cuando decidieron grabar un disco. En <strong>1981<\/strong>, Alux Nahual lanz\u00f3 su primera producci\u00f3n bajo el sello guatemalteco DIDECA. Al principio las radios no sab\u00edan muy bien d\u00f3nde colocar aquella m\u00fasica: no era el pop convencional y algunas canciones eran considerablemente m\u00e1s largas que los formatos acostumbrados.<\/p><p>Pero ocurri\u00f3 algo que las estrategias de promoci\u00f3n no siempre consiguen: la gente comenz\u00f3 a recomendar la m\u00fasica de boca en boca. <strong>\u201cHombres de ma\u00edz\u201d<\/strong> y <strong>\u201cLa f\u00e1bula del grillo y el mar\u201d<\/strong> comenzaron a llegar a las emisoras de Guatemala y El Salvador.<\/p><p>El \u00e9xito de aquellas primeras canciones demostr\u00f3 que hab\u00eda p\u00fablico para una propuesta diferente. Alux Nahual pod\u00eda hacer canciones extensas, incorporar instrumentos poco habituales dentro del rock y hablar de temas relacionados con la identidad centroamericana sin dejar de conectar con los j\u00f3venes.<\/p>\t\t\t\t\t\t\t\t<\/div>\n\t\t\t\t\t<\/div>\n\t\t\t\t<\/div>\n\t\t<div data-particle_enable=\"false\" data-particle-mobile-disabled=\"false\" class=\"elementor-element elementor-element-2ec4754 e-flex e-con-boxed e-con e-parent\" data-id=\"2ec4754\" data-element_type=\"container\" data-e-type=\"container\">\n\t\t\t\t\t<div class=\"e-con-inner\">\n\t\t\t\t<div class=\"elementor-element elementor-element-ca33099 elementor-widget elementor-widget-html\" data-id=\"ca33099\" data-element_type=\"widget\" data-e-type=\"widget\" data-widget_type=\"html.default\">\n\t\t\t\t\t<iframe width=\"560\" height=\"415\" src=\"https:\/\/www.youtube.com\/embed\/lJbcon0giXI?si=s5F6Ni9SKvIkAMoR\" title=\"YouTube video player\" frameborder=\"0\" allow=\"accelerometer; autoplay; clipboard-write; encrypted-media; gyroscope; picture-in-picture; web-share\" referrerpolicy=\"strict-origin-when-cross-origin\" allowfullscreen><\/iframe>\t\t\t\t<\/div>\n\t\t\t\t\t<\/div>\n\t\t\t\t<\/div>\n\t\t<div data-particle_enable=\"false\" data-particle-mobile-disabled=\"false\" class=\"elementor-element elementor-element-6f484e2 e-flex e-con-boxed e-con e-parent\" data-id=\"6f484e2\" data-element_type=\"container\" data-e-type=\"container\">\n\t\t\t\t\t<div class=\"e-con-inner\">\n\t\t\t\t<div class=\"elementor-element elementor-element-7021804 elementor-widget elementor-widget-text-editor\" data-id=\"7021804\" data-element_type=\"widget\" data-e-type=\"widget\" data-widget_type=\"text-editor.default\">\n\t\t\t\t\t\t\t\t\t<p><span style=\"color: #000000; font-family: Mulish, sans-serif; font-size: 29px; font-weight: bold;\">Un sonido que se consolida con inspiraci\u00f3n<\/span><\/p><p>En <strong>1982<\/strong>, durante la producci\u00f3n de <em>Conquista<\/em>, se incorpor\u00f3 <strong>\u00d3scar Conde<\/strong>, quien aport\u00f3 flauta, saxof\u00f3n, teclados y otros recursos sonoros que ayudaron a definir el car\u00e1cter de Alux Nahual.<\/p><p>La bater\u00eda tambi\u00e9n tuvo una historia particular. Javier Flores dej\u00f3 la agrupaci\u00f3n y llegaron <strong>Pablo Mayorga<\/strong> y <strong>Orlando Aguilar<\/strong>, hermano de Ranfer\u00ed. Durante un per\u00edodo llegaron a coincidir dos bateristas, una formaci\u00f3n poco habitual para una banda de rock. Mayorga se retir\u00f3 posteriormente y Orlando continu\u00f3 hasta 1986.<\/p><p>Despu\u00e9s ingresar\u00eda <strong>Rodolfo Len\u00edn Fern\u00e1ndez (ya fallecido)<\/strong>, quien se convertir\u00eda en uno de los m\u00fasicos m\u00e1s importantes de la historia de la banda y permaneci\u00f3 hasta 2012. Estos cambios no significaron que Alux Nahual perdiera su identidad. Al contrario, cada m\u00fasico fue dejando una huella en una agrupaci\u00f3n que siempre estuvo dispuesta a evolucionar.<\/p>\t\t\t\t\t\t\t\t<\/div>\n\t\t\t\t\t<\/div>\n\t\t\t\t<\/div>\n\t\t<div data-particle_enable=\"false\" data-particle-mobile-disabled=\"false\" class=\"elementor-element elementor-element-6f8e1b2 e-flex e-con-boxed e-con e-parent\" data-id=\"6f8e1b2\" data-element_type=\"container\" data-e-type=\"container\">\n\t\t\t\t\t<div class=\"e-con-inner\">\n\t\t\t\t<div class=\"elementor-element elementor-element-100aee5 elementor-widget elementor-widget-html\" data-id=\"100aee5\" data-element_type=\"widget\" data-e-type=\"widget\" data-widget_type=\"html.default\">\n\t\t\t\t\t<iframe width=\"560\" height=\"415\" src=\"https:\/\/www.youtube.com\/embed\/Y4uYa-1ovTc?si=98RX4jbzsLANX2fN\" title=\"YouTube video player\" frameborder=\"0\" allow=\"accelerometer; autoplay; clipboard-write; encrypted-media; gyroscope; picture-in-picture; web-share\" referrerpolicy=\"strict-origin-when-cross-origin\" allowfullscreen><\/iframe>\t\t\t\t<\/div>\n\t\t\t\t\t<\/div>\n\t\t\t\t<\/div>\n\t\t<div data-particle_enable=\"false\" data-particle-mobile-disabled=\"false\" class=\"elementor-element elementor-element-e58adb9 e-flex e-con-boxed e-con e-parent\" data-id=\"e58adb9\" data-element_type=\"container\" data-e-type=\"container\">\n\t\t\t\t\t<div class=\"e-con-inner\">\n\t\t\t\t<div class=\"elementor-element elementor-element-28399e6 elementor-widget elementor-widget-text-editor\" data-id=\"28399e6\" data-element_type=\"widget\" data-e-type=\"widget\" data-widget_type=\"text-editor.default\">\n\t\t\t\t\t\t\t\t\t<p><span style=\"color: #000000; font-family: Mulish, sans-serif; font-size: 29px; font-weight: bold;\">Un himno en\u00e9rgico a favor de la paz<\/span><\/p><p>El gran salto lleg\u00f3 en la segunda mitad de los a\u00f1os ochenta. El \u00e1lbum <em>Alto al fuego<\/em>, publicado en <strong>1987<\/strong>, encontr\u00f3 a Alux Nahual en un momento particularmente importante de la historia de Centroam\u00e9rica.<\/p><p>La regi\u00f3n estaba marcada por guerras, conflictos pol\u00edticos y violencia, y la banda convirti\u00f3 parte de esa realidad en canciones. El tema que daba nombre al disco termin\u00f3 convirti\u00e9ndose en mucho m\u00e1s que una canci\u00f3n. <strong>\u201cAlto al fuego\u201d<\/strong> era una petici\u00f3n de paz y lleg\u00f3 a convertirse en una especie de himno centroamericano contra la guerra.<\/p><p>El \u00e9xito permiti\u00f3 que Alux Nahual trascendiera las fronteras de Guatemala. La agrupaci\u00f3n comenz\u00f3 a presentarse por Centroam\u00e9rica y posteriormente lleg\u00f3 a M\u00e9xico y Estados Unidos. La banda hab\u00eda encontrado una f\u00f3rmula que no depend\u00eda de una moda pasajera: rock con identidad, canciones con contenido y una relaci\u00f3n cada vez m\u00e1s fuerte con su p\u00fablico.<\/p>\t\t\t\t\t\t\t\t<\/div>\n\t\t\t\t\t<\/div>\n\t\t\t\t<\/div>\n\t\t<div data-particle_enable=\"false\" data-particle-mobile-disabled=\"false\" class=\"elementor-element elementor-element-b2fd264 e-flex e-con-boxed e-con e-parent\" data-id=\"b2fd264\" data-element_type=\"container\" data-e-type=\"container\">\n\t\t\t\t\t<div class=\"e-con-inner\">\n\t\t\t\t<div class=\"elementor-element elementor-element-43015ff elementor-widget elementor-widget-html\" data-id=\"43015ff\" data-element_type=\"widget\" data-e-type=\"widget\" data-widget_type=\"html.default\">\n\t\t\t\t\t<iframe width=\"560\" height=\"415\" src=\"https:\/\/www.youtube.com\/embed\/1gM8m9zj1Hw?si=mYyDB_ZrFrsZ5L5x\" title=\"YouTube video player\" frameborder=\"0\" allow=\"accelerometer; autoplay; clipboard-write; encrypted-media; gyroscope; picture-in-picture; web-share\" referrerpolicy=\"strict-origin-when-cross-origin\" allowfullscreen><\/iframe>\t\t\t\t<\/div>\n\t\t\t\t\t<\/div>\n\t\t\t\t<\/div>\n\t\t<div data-particle_enable=\"false\" data-particle-mobile-disabled=\"false\" class=\"elementor-element elementor-element-d141986 e-flex e-con-boxed e-con e-parent\" data-id=\"d141986\" data-element_type=\"container\" data-e-type=\"container\">\n\t\t\t\t\t<div class=\"e-con-inner\">\n\t\t\t\t<div class=\"elementor-element elementor-element-7731383 elementor-widget elementor-widget-text-editor\" data-id=\"7731383\" data-element_type=\"widget\" data-e-type=\"widget\" data-widget_type=\"text-editor.default\">\n\t\t\t\t\t\t\t\t\t<p><span style=\"color: #000000; font-family: Mulish, sans-serif; font-size: 29px; font-weight: bold;\">El salto internacional<\/span><\/p><p>En <strong>1991<\/strong> apareci\u00f3 <em>Leyenda<\/em>, una recopilaci\u00f3n que reun\u00eda algunos de los principales \u00e9xitos de la agrupaci\u00f3n. El \u00e1lbum alcanz\u00f3 disco de platino por sus ventas en M\u00e9xico y Centroam\u00e9rica.<\/p><p>Dos a\u00f1os despu\u00e9s, en <strong>1993<\/strong>, lleg\u00f3 <em>Americamorfosis<\/em>, una producci\u00f3n que ampli\u00f3 todav\u00eda m\u00e1s el alcance de la banda y que obtuvo disco de oro en Centroam\u00e9rica.<\/p><p>Para entonces Alux Nahual hab\u00eda conseguido algo particularmente dif\u00edcil: <strong>convertir la identidad centroamericana en parte de su lenguaje de rock sin convertirla en un simple adorno folcl\u00f3rico<\/strong>. Esta es una caracter\u00edstica poderosa que sigue vigente.<\/p>\t\t\t\t\t\t\t\t<\/div>\n\t\t\t\t\t<\/div>\n\t\t\t\t<\/div>\n\t\t<div data-particle_enable=\"false\" data-particle-mobile-disabled=\"false\" class=\"elementor-element elementor-element-99a1b94 e-flex e-con-boxed e-con e-parent\" data-id=\"99a1b94\" data-element_type=\"container\" data-e-type=\"container\">\n\t\t\t\t\t<div class=\"e-con-inner\">\n\t\t\t\t<div class=\"elementor-element elementor-element-4efb3e7 elementor-widget elementor-widget-html\" data-id=\"4efb3e7\" data-element_type=\"widget\" data-e-type=\"widget\" data-widget_type=\"html.default\">\n\t\t\t\t\t<iframe width=\"560\" height=\"415\" src=\"https:\/\/www.youtube.com\/embed\/PRcncd43HJ8?si=Skjml0X_wQ4L_nOM&amp;start=12\" title=\"YouTube video player\" frameborder=\"0\" allow=\"accelerometer; autoplay; clipboard-write; encrypted-media; gyroscope; picture-in-picture; web-share\" referrerpolicy=\"strict-origin-when-cross-origin\" allowfullscreen><\/iframe>\t\t\t\t<\/div>\n\t\t\t\t\t<\/div>\n\t\t\t\t<\/div>\n\t\t<div data-particle_enable=\"false\" data-particle-mobile-disabled=\"false\" class=\"elementor-element elementor-element-7aaaf76 e-flex e-con-boxed e-con e-parent\" data-id=\"7aaaf76\" data-element_type=\"container\" data-e-type=\"container\">\n\t\t\t\t\t<div class=\"e-con-inner\">\n\t\t\t\t<div class=\"elementor-element elementor-element-2f3282f elementor-widget elementor-widget-text-editor\" data-id=\"2f3282f\" data-element_type=\"widget\" data-e-type=\"widget\" data-widget_type=\"text-editor.default\">\n\t\t\t\t\t\t\t\t\t<p><span style=\"color: #000000; font-family: Mulish, sans-serif; font-size: 29px; font-weight: bold;\">El final que traer\u00eda un nuevo principio<\/span><\/p><p>Despu\u00e9s de dos d\u00e9cadas de actividad, Alux Nahual anunci\u00f3 su separaci\u00f3n y su primera etapa termin\u00f3 en <strong>1999<\/strong>. Para una banda que hab\u00eda construido una carrera tan larga en una \u00e9poca particularmente dif\u00edcil para el rock centroamericano, parec\u00eda el final natural de una historia.<\/p><p>Pero la historia ten\u00eda otra vuelta.\u00a0La agrupaci\u00f3n volvi\u00f3 a reunirse posteriormente y retom\u00f3 su actividad. Esa segunda vida no fue simplemente una gira de nostalgia. Llegaron nuevas grabaciones, conciertos y p\u00fablicos j\u00f3venes que conoc\u00edan las canciones de sus padres y, en algunos casos, de sus abuelos.<\/p><p>Entre sus trabajos posteriores aparecen <em>Murci\u00e9lago Danzante<\/em>, publicado en <strong>2012<\/strong>; <em>Sue\u00f1os de Jade<\/em>, de <strong>2016<\/strong>; y <em>Once<\/em>, de <strong>2023<\/strong>.<\/p>\t\t\t\t\t\t\t\t<\/div>\n\t\t\t\t\t<\/div>\n\t\t\t\t<\/div>\n\t\t<div data-particle_enable=\"false\" data-particle-mobile-disabled=\"false\" class=\"elementor-element elementor-element-2e1149d e-flex e-con-boxed e-con e-parent\" data-id=\"2e1149d\" data-element_type=\"container\" data-e-type=\"container\">\n\t\t\t\t\t<div class=\"e-con-inner\">\n\t\t\t\t<div class=\"elementor-element elementor-element-2cfaa39 elementor-widget elementor-widget-html\" data-id=\"2cfaa39\" data-element_type=\"widget\" data-e-type=\"widget\" data-widget_type=\"html.default\">\n\t\t\t\t\t<iframe width=\"560\" height=\"415\" src=\"https:\/\/www.youtube.com\/embed\/gCm5R-G_acA?si=9eF9tmB-NbSHlxvF&amp;start=12\" title=\"YouTube video player\" frameborder=\"0\" allow=\"accelerometer; autoplay; clipboard-write; encrypted-media; gyroscope; picture-in-picture; web-share\" referrerpolicy=\"strict-origin-when-cross-origin\" allowfullscreen><\/iframe>\t\t\t\t<\/div>\n\t\t\t\t\t<\/div>\n\t\t\t\t<\/div>\n\t\t<div data-particle_enable=\"false\" data-particle-mobile-disabled=\"false\" class=\"elementor-element elementor-element-c27e8e1 e-flex e-con-boxed e-con e-parent\" data-id=\"c27e8e1\" data-element_type=\"container\" data-e-type=\"container\">\n\t\t\t\t\t<div class=\"e-con-inner\">\n\t\t\t\t<div class=\"elementor-element elementor-element-156b2d1 elementor-widget elementor-widget-text-editor\" data-id=\"156b2d1\" data-element_type=\"widget\" data-e-type=\"widget\" data-widget_type=\"text-editor.default\">\n\t\t\t\t\t\t\t\t\t<p><span style=\"color: #000000; font-family: Mulish, sans-serif; font-size: 29px; font-weight: bold;\">\u00bfQui\u00e9nes forman actualmente Alux Nahual?<\/span><\/p><p>La alineaci\u00f3n actual est\u00e1 integrada por <strong>\u00c1lvaro Aguilar<\/strong>, en voz y guitarra ac\u00fastica; <strong>Ranfer\u00ed Aguilar<\/strong>, en guitarra el\u00e9ctrica y voz; <strong>Plubio Aguilar<\/strong>, en bajo y voz; <strong>\u00d3scar Conde<\/strong>, en flauta, teclados y saxof\u00f3n; <strong>Mirza Clara Lam<\/strong>, en bater\u00eda; y <strong>Rosario V\u00e1squez<\/strong>, en viol\u00edn.<\/p><p>Esta formaci\u00f3n representa tambi\u00e9n la continuidad de distintas etapas de la historia de la banda. \u00c1lvaro, Ranfer\u00ed, Plubio y \u00d3scar han formado parte de diferentes momentos de la trayectoria de Alux Nahual, mientras que la incorporaci\u00f3n de nuevos m\u00fasicos permite que el proyecto contin\u00fae como una agrupaci\u00f3n viva y no solamente como una reproducci\u00f3n de sus discos antiguos.<\/p><p>Uno de los cambios recientes m\u00e1s importantes ocurri\u00f3 en <strong>2025<\/strong>, cuando <strong>Vinicio Molina<\/strong> dej\u00f3 la bater\u00eda y fue sustituido por <strong>Mirza Lam<\/strong>. Molina hab\u00eda ocupado ese puesto desde 2012. Antes de \u00e9l, el lugar hab\u00eda sido ocupado durante d\u00e9cadas por Len\u00edn Fern\u00e1ndez.<\/p>\t\t\t\t\t\t\t\t<\/div>\n\t\t\t\t\t<\/div>\n\t\t\t\t<\/div>\n\t\t<div data-particle_enable=\"false\" data-particle-mobile-disabled=\"false\" class=\"elementor-element elementor-element-9820207 e-flex e-con-boxed e-con e-parent\" data-id=\"9820207\" data-element_type=\"container\" data-e-type=\"container\">\n\t\t\t\t\t<div class=\"e-con-inner\">\n\t\t\t\t<div class=\"elementor-element elementor-element-0be59bc elementor-widget elementor-widget-html\" data-id=\"0be59bc\" data-element_type=\"widget\" data-e-type=\"widget\" data-widget_type=\"html.default\">\n\t\t\t\t\t<iframe width=\"560\" height=\"415\" src=\"https:\/\/www.youtube.com\/embed\/4hrigH3KddQ?si=8HGMSgR8isxKo8RQ&amp;start=12\" title=\"YouTube video player\" frameborder=\"0\" allow=\"accelerometer; autoplay; clipboard-write; encrypted-media; gyroscope; picture-in-picture; web-share\" referrerpolicy=\"strict-origin-when-cross-origin\" allowfullscreen><\/iframe>\t\t\t\t<\/div>\n\t\t\t\t\t<\/div>\n\t\t\t\t<\/div>\n\t\t<div data-particle_enable=\"false\" data-particle-mobile-disabled=\"false\" class=\"elementor-element elementor-element-d296db4 e-flex e-con-boxed e-con e-parent\" data-id=\"d296db4\" data-element_type=\"container\" data-e-type=\"container\">\n\t\t\t\t\t<div class=\"e-con-inner\">\n\t\t\t\t<div class=\"elementor-element elementor-element-6a50af8 elementor-widget elementor-widget-text-editor\" data-id=\"6a50af8\" data-element_type=\"widget\" data-e-type=\"widget\" data-widget_type=\"text-editor.default\">\n\t\t\t\t\t\t\t\t\t<p><span style=\"color: #000000; font-family: Mulish, sans-serif; font-size: 29px; font-weight: bold;\">\u00bfLa clave para durar casi medio siglo?<\/span><\/p><p>Quiz\u00e1 la respuesta est\u00e9 precisamente en que <strong>Alux Nahual nunca dependi\u00f3 de una sola f\u00f3rmula<\/strong>.\u00a0La banda supo cambiar de m\u00fasicos sin perder su identidad. Cambi\u00f3 de sonido sin abandonar sus ra\u00edces. Pas\u00f3 del rock progresivo de sus primeros a\u00f1os a canciones de contenido social, despu\u00e9s incorpor\u00f3 nuevas influencias y finalmente logr\u00f3 regresar cuando muchas de las bandas de su generaci\u00f3n ya hab\u00edan desaparecido.<\/p><p>Pero hay algo todav\u00eda m\u00e1s importante: <strong>sus canciones envejecieron mejor que las modas que las rodeaban<\/strong>.<\/p><p>\u201cAlto al fuego\u201d sigue hablando de paz. \u201cHombres de ma\u00edz\u201d conserva su identidad. \u201cComo un duende\u201d contin\u00faa abordando una realidad social. \u201cMujer\u201d mantiene su dimensi\u00f3n sentimental. Y \u201cLa f\u00e1bula del grillo y el mar\u201d recuerda aquella \u00e9poca en que una banda guatemalteca pod\u00eda poner en la radio una canci\u00f3n extensa y demostrar que el p\u00fablico estaba dispuesto a escucharla.<\/p><p>Por eso, hablar de Alux Nahual no es solamente hablar de una banda que lleva <strong>47 a\u00f1os desde aquel 1979<\/strong>. Es hablar de una agrupaci\u00f3n que sobrevivi\u00f3 a cambios pol\u00edticos, tecnol\u00f3gicos, discogr\u00e1ficos y generacionales; que tuvo una pausa, regres\u00f3 y consigui\u00f3 que sus canciones pasaran de padres a hijos e incluso nietos.<\/p><p><strong>La verdadera clave de su longevidad quiz\u00e1 sea esa: Alux Nahual dej\u00f3 de ser solamente una banda y se convirti\u00f3 en parte de la memoria musical de Guatemala y de Centroam\u00e9rica, incluyendo a los migrantes.<\/strong><\/p>\t\t\t\t\t\t\t\t<\/div>\n\t\t\t\t\t<\/div>\n\t\t\t\t<\/div>\n\t\t<div data-particle_enable=\"false\" data-particle-mobile-disabled=\"false\" class=\"elementor-element elementor-element-8f4fd9c e-flex e-con-boxed e-con e-parent\" data-id=\"8f4fd9c\" data-element_type=\"container\" data-e-type=\"container\">\n\t\t\t\t\t<div class=\"e-con-inner\">\n\t\t\t\t<div class=\"elementor-element elementor-element-c37c293 elementor-widget elementor-widget-html\" data-id=\"c37c293\" data-element_type=\"widget\" data-e-type=\"widget\" data-widget_type=\"html.default\">\n\t\t\t\t\t<iframe width=\"560\" height=\"415\" src=\"https:\/\/www.youtube.com\/embed\/PWSuPrJvVOg?si=s2C3Xdld4ZUwiRP5&amp;start=12\" title=\"YouTube video player\" frameborder=\"0\" allow=\"accelerometer; autoplay; clipboard-write; encrypted-media; gyroscope; picture-in-picture; web-share\" referrerpolicy=\"strict-origin-when-cross-origin\" allowfullscreen><\/iframe>\t\t\t\t<\/div>\n\t\t\t\t\t<\/div>\n\t\t\t\t<\/div>\n\t\t\t\t<\/div>\n\t\t","protected":false},"excerpt":{"rendered":"<p>Con 47 a\u00f1os de historia en el rock Alux Nahual sigue vigente y sonando fuerte, sin fronteras, en escenarios de Guatemala, Centro Am\u00e9rica y tambi\u00e9n Estados Unidos, con temas inmortales como Alto al Fuego, El Duende, Mujer y Hombres de Ma\u00edz, entre muchos otros. En 1979, cuando el rock en espa\u00f1ol todav\u00eda buscaba hacerse un [&hellip;]<\/p>\n","protected":false},"author":1,"featured_media":63919,"comment_status":"open","ping_status":"open","sticky":false,"template":"","format":"standard","meta":{"_acf_changed":false,"_eb_attr":"","footnotes":""},"categories":[91],"tags":[],"class_list":["post-63918","post","type-post","status-publish","format-standard","has-post-thumbnail","hentry","category-arte-cultura"],"acf":[],"aioseo_notices":[],"aioseo_head":"\n\t\t<!-- All in One SEO Pro 5.0.1.1 - aioseo.com -->\n\t<meta name=\"description\" content=\"Con 47 a\u00f1os de historia en el rock Alux Nahual sigue vigente y sonando fuerte, sin fronteras, en escenarios de Guatemala, Centro Am\u00e9rica y tambi\u00e9n Estados Unidos, con temas inmortales como Alto al Fuego, El Duende, Mujer y Hombres de Ma\u00edz, entre muchos otros. En 1979, cuando el rock en espa\u00f1ol todav\u00eda buscaba hacerse un\" \/>\n\t<meta name=\"robots\" content=\"max-snippet:-1, max-image-preview:large, max-video-preview:-1\" \/>\n\t<meta name=\"author\" content=\"SoyMigrante.com REVISTA\"\/>\n\t<link rel=\"canonical\" href=\"https:\/\/soymigrante.com\/revista\/alux-nahual-rock-guatemalteco-banda-guatemalteca-suena-sin-fronteras\/\" \/>\n\t<meta name=\"generator\" content=\"All in One SEO Pro (AIOSEO) 5.0.1.1\" \/>\n\n\t\t<link rel=\"preconnect\" href=\"https:\/\/fonts.googleapis.com\" crossorigin>\n<link rel=\"preconnect\" href=\"https:\/\/fonts.gstatic.com\" crossorigin>\n\t\t<meta property=\"og:locale\" content=\"es_ES\" \/>\n\t\t<meta property=\"og:site_name\" content=\"SoyMigrante.com REVISTA \u2013 Nuestra misi\u00f3n es reconocer y dignificar al migrante.\" \/>\n\t\t<meta property=\"og:type\" content=\"article\" \/>\n\t\t<meta property=\"og:title\" content=\"Alux Nahual sigue llevando rock guatemalteco sin fronteras\" \/>\n\t\t<meta property=\"og:description\" content=\"Alux Nahual lleva 47 a\u00f1os de historia y es la banda de rock m\u00e1s longeva de Guatemala, con canciones emblem\u00e1ticas que vibran dentro y fuera de Guatemala. As\u00ed surgi\u00f3.\" \/>\n\t\t<meta property=\"og:url\" content=\"https:\/\/soymigrante.com\/revista\/alux-nahual-rock-guatemalteco-banda-guatemalteca-suena-sin-fronteras\/\" \/>\n\t\t<meta property=\"og:image\" content=\"https:\/\/soymigrante.com\/revista\/wp-content\/uploads\/2026\/09\/alux-nahual-banda-guatemalteca-rock-musica-historia-7.jpg\" \/>\n\t\t<meta property=\"og:image:secure_url\" content=\"https:\/\/soymigrante.com\/revista\/wp-content\/uploads\/2026\/09\/alux-nahual-banda-guatemalteca-rock-musica-historia-7.jpg\" \/>\n\t\t<meta property=\"og:image:width\" content=\"1264\" \/>\n\t\t<meta property=\"og:image:height\" content=\"1264\" \/>\n\t\t<meta property=\"article:published_time\" content=\"2026-09-04T20:53:14+00:00\" \/>\n\t\t<meta property=\"article:modified_time\" content=\"2026-09-04T20:57:55+00:00\" \/>\n\t\t<meta property=\"article:publisher\" content=\"https:\/\/www.facebook.com\/soymigrantecom\" \/>\n\t\t<meta name=\"twitter:card\" content=\"summary_large_image\" \/>\n\t\t<meta name=\"twitter:site\" content=\"@SoyMigrante_com\" \/>\n\t\t<meta name=\"twitter:title\" content=\"Alux Nahual sigue llevando rock guatemalteco sin fronteras\" \/>\n\t\t<meta name=\"twitter:description\" content=\"Alux Nahual lleva 47 a\u00f1os de historia y es la banda de rock m\u00e1s longeva de Guatemala, con canciones emblem\u00e1ticas que vibran dentro y fuera de Guatemala. As\u00ed surgi\u00f3.\" \/>\n\t\t<meta name=\"twitter:creator\" content=\"@SoyMigrante_com\" \/>\n\t\t<meta name=\"twitter:image\" content=\"https:\/\/soymigrante.com\/revista\/wp-content\/uploads\/2026\/09\/alux-nahual-banda-guatemalteca-rock-musica-historia-7.jpg\" \/>\n\t\t<!-- All in One SEO Pro -->\r\n\t\t<title>Alux Nahual sigue sonando con la fuerza del duende dentro y fuera de Guatemala<\/title>\n\n","aioseo_head_json":{"title":"Alux Nahual sigue sonando con la fuerza del duende dentro y fuera de Guatemala","description":"Con 47 a\u00f1os de historia en el rock Alux Nahual sigue vigente y sonando fuerte, sin fronteras, en escenarios de Guatemala, Centro Am\u00e9rica y tambi\u00e9n Estados Unidos, con temas inmortales como Alto al Fuego, El Duende, Mujer y Hombres de Ma\u00edz, entre muchos otros. En 1979, cuando el rock en espa\u00f1ol todav\u00eda buscaba hacerse un","canonical_url":"https:\/\/soymigrante.com\/revista\/alux-nahual-rock-guatemalteco-banda-guatemalteca-suena-sin-fronteras\/","robots":"max-snippet:-1, max-image-preview:large, max-video-preview:-1","keywords":"","webmasterTools":{"miscellaneous":"&lt;link rel=\"preconnect\" href=\"https:\/\/fonts.googleapis.com\" crossorigin&gt;\n&lt;link rel=\"preconnect\" href=\"https:\/\/fonts.gstatic.com\" crossorigin&gt;"},"schema":null,"og:locale":"es_ES","og:site_name":"SoyMigrante.com REVISTA \u2013 Nuestra misi\u00f3n es reconocer y dignificar al migrante.","og:type":"article","og:title":"Alux Nahual sigue llevando rock guatemalteco sin fronteras","og:description":"Alux Nahual lleva 47 a\u00f1os de historia y es la banda de rock m\u00e1s longeva de Guatemala, con canciones emblem\u00e1ticas que vibran dentro y fuera de Guatemala. As\u00ed surgi\u00f3.","og:url":"https:\/\/soymigrante.com\/revista\/alux-nahual-rock-guatemalteco-banda-guatemalteca-suena-sin-fronteras\/","og:image":"https:\/\/soymigrante.com\/revista\/wp-content\/uploads\/2026\/09\/alux-nahual-banda-guatemalteca-rock-musica-historia-7.jpg","og:image:secure_url":"https:\/\/soymigrante.com\/revista\/wp-content\/uploads\/2026\/09\/alux-nahual-banda-guatemalteca-rock-musica-historia-7.jpg","og:image:width":1264,"og:image:height":1264,"article:published_time":"2026-09-04T20:53:14+00:00","article:modified_time":"2026-09-04T20:57:55+00:00","article:publisher":"https:\/\/www.facebook.com\/soymigrantecom","twitter:card":"summary_large_image","twitter:site":"@SoyMigrante_com","twitter:title":"Alux Nahual sigue llevando rock guatemalteco sin fronteras","twitter:description":"Alux Nahual lleva 47 a\u00f1os de historia y es la banda de rock m\u00e1s longeva de Guatemala, con canciones emblem\u00e1ticas que vibran dentro y fuera de Guatemala. As\u00ed surgi\u00f3.","twitter:creator":"@SoyMigrante_com","twitter:image":"https:\/\/soymigrante.com\/revista\/wp-content\/uploads\/2026\/09\/alux-nahual-banda-guatemalteca-rock-musica-historia-7.jpg"},"aioseo_meta_data":{"post_id":"63918","title":null,"description":null,"keywords":null,"keyphrases":{"focus":[],"additional":[]},"primary_term":null,"canonical_url":null,"og_title":"Alux Nahual sigue llevando rock guatemalteco sin fronteras","og_description":"Alux Nahual lleva 47 a\u00f1os de historia y es la banda de rock m\u00e1s longeva de Guatemala, con canciones emblem\u00e1ticas que vibran dentro y fuera de Guatemala. As\u00ed surgi\u00f3.","og_object_type":"default","og_image_type":"default","og_image_url":null,"og_image_width":null,"og_image_height":null,"og_image_custom_url":null,"og_image_custom_fields":null,"og_video":"","og_custom_url":null,"og_article_section":null,"og_article_tags":null,"twitter_use_og":false,"twitter_card":"default","twitter_image_type":"default","twitter_image_url":null,"twitter_image_custom_url":null,"twitter_image_custom_fields":null,"twitter_title":null,"twitter_description":null,"schema":{"blockGraphs":[],"customGraphs":[],"default":{"data":{"Article":[],"Course":[],"Dataset":[],"FAQPage":[],"Movie":[],"Person":[],"Product":[],"ProductReview":[],"Car":[],"Recipe":[],"Service":[],"SoftwareApplication":[],"WebPage":[]},"graphName":"NewsArticle","isEnabled":true},"graphs":[]},"schema_type":"default","schema_type_options":null,"pillar_content":false,"robots_default":true,"robots_noindex":false,"robots_noarchive":false,"robots_nosnippet":false,"robots_nofollow":false,"robots_noimageindex":false,"robots_noodp":false,"robots_notranslate":false,"robots_max_snippet":"-1","robots_max_videopreview":"-1","robots_max_imagepreview":"large","priority":null,"frequency":"default","local_seo":null,"seo_analyzer_scan_date":"2026-09-04 20:58:14","breadcrumb_settings":null,"limit_modified_date":false,"reviewed_by":"0","open_ai":null,"ai":{"faqs":[],"keyPoints":[],"schemas":[],"titles":[],"descriptions":[],"socialPosts":{"email":{"subject":"","preview":"","content":""},"linkedin":[],"twitter":[],"facebook":[],"instagram":[]}},"created":"2026-09-04 20:05:49","updated":"2026-09-04 22:35:36","focus_keyword":null,"additional_keywords":null,"truseo_locale":null},"aioseo_breadcrumb":"<div class=\"aioseo-breadcrumbs\"><span class=\"aioseo-breadcrumb\">\n\t<a href=\"https:\/\/soymigrante.com\/revista\" title=\"Home\">Home<\/a>\n<\/span><span class=\"aioseo-breadcrumb-separator\">\u00bb<\/span><span class=\"aioseo-breadcrumb\">\n\t<a href=\"https:\/\/soymigrante.com\/revista\/category\/guate-nuestra\/\" title=\"Guate Nuestra\">Guate Nuestra<\/a>\n<\/span><span class=\"aioseo-breadcrumb-separator\">\u00bb<\/span><span class=\"aioseo-breadcrumb\">\n\t<a href=\"https:\/\/soymigrante.com\/revista\/category\/guate-nuestra\/arte-cultura\/\" title=\"Cultura de Guatemala\">Cultura de Guatemala<\/a>\n<\/span><span class=\"aioseo-breadcrumb-separator\">\u00bb<\/span><span class=\"aioseo-breadcrumb\">\n\tAlux Nahual sigue sonando con la fuerza del duende dentro y fuera de Guatemala\n<\/span><\/div>","aioseo_breadcrumb_json":[{"label":"Home","link":"https:\/\/soymigrante.com\/revista"},{"label":"Guate Nuestra","link":"https:\/\/soymigrante.com\/revista\/category\/guate-nuestra\/"},{"label":"Cultura de Guatemala","link":"https:\/\/soymigrante.com\/revista\/category\/guate-nuestra\/arte-cultura\/"},{"label":"Alux Nahual sigue sonando con la fuerza del duende dentro y fuera de Guatemala","link":"https:\/\/soymigrante.com\/revista\/alux-nahual-rock-guatemalteco-banda-guatemalteca-suena-sin-fronteras\/"}],"_links":{"self":[{"href":"https:\/\/soymigrante.com\/revista\/wp-json\/wp\/v2\/posts\/63918","targetHints":{"allow":["GET"]}}],"collection":[{"href":"https:\/\/soymigrante.com\/revista\/wp-json\/wp\/v2\/posts"}],"about":[{"href":"https:\/\/soymigrante.com\/revista\/wp-json\/wp\/v2\/types\/post"}],"author":[{"embeddable":true,"href":"https:\/\/soymigrante.com\/revista\/wp-json\/wp\/v2\/users\/1"}],"replies":[{"embeddable":true,"href":"https:\/\/soymigrante.com\/revista\/wp-json\/wp\/v2\/comments?post=63918"}],"version-history":[{"count":7,"href":"https:\/\/soymigrante.com\/revista\/wp-json\/wp\/v2\/posts\/63918\/revisions"}],"predecessor-version":[{"id":63928,"href":"https:\/\/soymigrante.com\/revista\/wp-json\/wp\/v2\/posts\/63918\/revisions\/63928"}],"wp:featuredmedia":[{"embeddable":true,"href":"https:\/\/soymigrante.com\/revista\/wp-json\/wp\/v2\/media\/63919"}],"wp:attachment":[{"href":"https:\/\/soymigrante.com\/revista\/wp-json\/wp\/v2\/media?parent=63918"}],"wp:term":[{"taxonomy":"category","embeddable":true,"href":"https:\/\/soymigrante.com\/revista\/wp-json\/wp\/v2\/categories?post=63918"},{"taxonomy":"post_tag","embeddable":true,"href":"https:\/\/soymigrante.com\/revista\/wp-json\/wp\/v2\/tags?post=63918"}],"curies":[{"name":"wp","href":"https:\/\/api.w.org\/{rel}","templated":true}]}}