{"id":63888,"date":"2026-09-04T12:25:04","date_gmt":"2026-09-04T18:25:04","guid":{"rendered":"https:\/\/soymigrante.com\/revista\/?p=63888"},"modified":"2026-09-04T13:47:56","modified_gmt":"2026-09-04T19:47:56","slug":"presidentes-de-guatemala-32-jose-maria-reina-andrade-tercer-interino-goberno-43-dias-1931","status":"publish","type":"post","link":"https:\/\/soymigrante.com\/revista\/presidentes-de-guatemala-32-jose-maria-reina-andrade-tercer-interino-goberno-43-dias-1931\/","title":{"rendered":"Presidentes de Guatemala (32) Jos\u00e9 Mar\u00eda Reina Andrade, tercer interino, gobern\u00f3 43 d\u00edas (1931)"},"content":{"rendered":"\t\t<div data-elementor-type=\"wp-post\" data-elementor-id=\"63888\" class=\"elementor elementor-63888\" data-elementor-post-type=\"post\">\n\t\t\t\t<div data-particle_enable=\"false\" data-particle-mobile-disabled=\"false\" class=\"elementor-element elementor-element-d61a602 e-flex e-con-boxed e-con e-parent\" data-id=\"d61a602\" data-element_type=\"container\" data-e-type=\"container\">\n\t\t\t\t\t<div class=\"e-con-inner\">\n\t\t\t\t<div class=\"elementor-element elementor-element-2833736 elementor-widget elementor-widget-heading\" data-id=\"2833736\" data-element_type=\"widget\" data-e-type=\"widget\" data-widget_type=\"heading.default\">\n\t\t\t\t\t<h3 class=\"elementor-heading-title elementor-size-default\">Es el \u00fanico guatemalteco que ha sido presidente del Legislativo, el Ejecutivo y el Judicial, en distintos momentos. Fue funcionario de la dictadura de Estrada Cabrera y en 1931 fue designado presidente provisional, cargo en el cual estuvo 43 d\u00edas.<\/h3>\t\t\t\t<\/div>\n\t\t\t\t\t<\/div>\n\t\t\t\t<\/div>\n\t\t<div data-particle_enable=\"false\" data-particle-mobile-disabled=\"false\" class=\"elementor-element elementor-element-2f1c24c e-flex e-con-boxed e-con e-parent\" data-id=\"2f1c24c\" data-element_type=\"container\" data-e-type=\"container\">\n\t\t\t\t\t<div class=\"e-con-inner\">\n\t\t\t\t<div class=\"elementor-element elementor-element-a60f463 elementor-widget elementor-widget-text-editor\" data-id=\"a60f463\" data-element_type=\"widget\" data-e-type=\"widget\" data-widget_type=\"text-editor.default\">\n\t\t\t\t\t\t\t\t\t<p>Jos\u00e9 Mar\u00eda Reina Andrade lleg\u00f3 a la Presidencia de Guatemala despu\u00e9s de dos presidentes provisionales designados fallidos: fr\u00e1giles gobiernos surgidos tras la crisis provocada por la enfermedad de L\u00e1zaro Chac\u00f3n, quien sufri\u00f3 un derrame cerebral, fue suspendido en la presidencia; en su lugar se nombr\u00f3 a Baudilio Flores, quien a su vez fue forzado a renunciar por Manuel Orellana.<\/p><p>El 2 de enero de 1931, Jos\u00e9 Mar\u00eda Reina Andrade, que hab\u00eda sido presidente del Congreso, fue juramentado Presidente de la Rep\u00fablica, provisiona: pero su llegada tuvo una diferencia importante: el 31 de diciembre, Chac\u00f3n present\u00f3 su renuncia por escrito, aunque firmada por su esposa, pues no pod\u00eda firmar.<strong>\u00a0<\/strong><\/p><p>El 31 de diciembre de 1930, la Asamblea acept\u00f3 tambi\u00e9n la renuncia del general\u00a0 Manuel Orellana y design\u00f3 a Reina Andrade como primer designado a la Presidencia. Su gobierno dur\u00f3 apenas <strong>43 d\u00edas, del 2 de enero al 14 de febrero de 1931<\/strong>. Su principal misi\u00f3n fue concreta: convocar a elecciones y entregar el poder al ganador. Ese ganador ser\u00eda Jorge Ubico, quien se present\u00f3 pr\u00e1cticamente sin oposici\u00f3n.<\/p>\t\t\t\t\t\t\t\t<\/div>\n\t\t\t\t\t<\/div>\n\t\t\t\t<\/div>\n\t\t<div data-particle_enable=\"false\" data-particle-mobile-disabled=\"false\" class=\"elementor-element elementor-element-1d74905 e-flex e-con-boxed e-con e-parent\" data-id=\"1d74905\" data-element_type=\"container\" data-e-type=\"container\">\n\t\t\t\t\t<div class=\"e-con-inner\">\n\t\t\t\t<div class=\"elementor-element elementor-element-a83617a elementor-widget elementor-widget-image\" data-id=\"a83617a\" data-element_type=\"widget\" data-e-type=\"widget\" data-widget_type=\"image.default\">\n\t\t\t\t\t\t\t\t\t\t\t\t<figure class=\"wp-caption\">\n\t\t\t\t\t\t\t\t\t\t<img fetchpriority=\"high\" decoding=\"async\" width=\"678\" height=\"1024\" src=\"https:\/\/soymigrante.com\/revista\/wp-content\/uploads\/2026\/09\/Jose_Maria_Reyna_Andrade-678x1024.jpg\" class=\"attachment-large size-large wp-image-63892\" alt=\"Retrato hist\u00f3rico del presidente Jos\u00e9 Mar\u00eda Reina Andrade, nacido en San Marcos en 1860 y fallecido en Cuba en 1947\" srcset=\"https:\/\/soymigrante.com\/revista\/wp-content\/uploads\/2026\/09\/Jose_Maria_Reyna_Andrade-678x1024.jpg 678w, https:\/\/soymigrante.com\/revista\/wp-content\/uploads\/2026\/09\/Jose_Maria_Reyna_Andrade-199x300.jpg 199w, https:\/\/soymigrante.com\/revista\/wp-content\/uploads\/2026\/09\/Jose_Maria_Reyna_Andrade-768x1160.jpg 768w, https:\/\/soymigrante.com\/revista\/wp-content\/uploads\/2026\/09\/Jose_Maria_Reyna_Andrade-750x1133.jpg 750w, https:\/\/soymigrante.com\/revista\/wp-content\/uploads\/2026\/09\/Jose_Maria_Reyna_Andrade.jpg 960w\" sizes=\"(max-width: 678px) 100vw, 678px\" title=\"Retrato hist\u00f3rico del presidente Jos\u00e9 Mar\u00eda Reina Andrade, nacido en San Marcos en 1860 y fallecido en Cuba en 1947 \u2013 SoyMigrante.com REVISTA\" \/>\t\t\t\t\t\t\t\t\t\t\t<figcaption class=\"widget-image-caption wp-caption-text\">Retrato hist\u00f3rico del presidente Jos\u00e9 Mar\u00eda Reina Andrade, nacido en San Marcos en 1860 y fallecido en Cuba en 1947<\/figcaption>\n\t\t\t\t\t\t\t\t\t\t<\/figure>\n\t\t\t\t\t\t\t\t\t<\/div>\n\t\t\t\t\t<\/div>\n\t\t\t\t<\/div>\n\t\t<div data-particle_enable=\"false\" data-particle-mobile-disabled=\"false\" class=\"elementor-element elementor-element-57a8025 e-flex e-con-boxed e-con e-parent\" data-id=\"57a8025\" data-element_type=\"container\" data-e-type=\"container\">\n\t\t\t\t\t<div class=\"e-con-inner\">\n\t\t\t\t<div class=\"elementor-element elementor-element-9da84d7 elementor-widget elementor-widget-text-editor\" data-id=\"9da84d7\" data-element_type=\"widget\" data-e-type=\"widget\" data-widget_type=\"text-editor.default\">\n\t\t\t\t\t\t\t\t\t<p><span style=\"color: #000000; font-family: Mulish, sans-serif; font-size: 29px; font-weight: bold;\">De San Marcos a los tres poderes del Estado<\/span><\/p><p>Jos\u00e9 Mar\u00eda Reina Andrade naci\u00f3 en <strong>San Marcos el 1 de noviembre de 1860<\/strong> y se gradu\u00f3 de abogado y notario en la Universidad de San Carlos.<\/p><p>Antes de llegar a la Presidencia hab\u00eda construido una larga carrera p\u00fablica y pol\u00edtica. Fue presidente del Congreso y tambi\u00e9n lleg\u00f3 a presidir el Organismo Judicial y la Corte Suprema de Justicia. De esa trayectoria naci\u00f3 el sobrenombre de <strong>\u201cPresidente de los tres poderes\u201d<\/strong>, pues lleg\u00f3 a ocupar las m\u00e1ximas posiciones de los poderes Ejecutivo, Legislativo y Judicial.<\/p><p>Su carrera, sin embargo, estuvo profundamente vinculada al r\u00e9gimen de <strong>Manuel Estrada Cabrera<\/strong>, la dictadura que gobern\u00f3 Guatemala entre 1898 y 1920.<\/p>\t\t\t\t\t\t\t\t<\/div>\n\t\t\t\t\t<\/div>\n\t\t\t\t<\/div>\n\t\t<div data-particle_enable=\"false\" data-particle-mobile-disabled=\"false\" class=\"elementor-element elementor-element-46d1c9b e-flex e-con-boxed e-con e-parent\" data-id=\"46d1c9b\" data-element_type=\"container\" data-e-type=\"container\">\n\t\t\t\t\t<div class=\"e-con-inner\">\n\t\t\t\t<div class=\"elementor-element elementor-element-62a3921 elementor-widget elementor-widget-image\" data-id=\"62a3921\" data-element_type=\"widget\" data-e-type=\"widget\" data-widget_type=\"image.default\">\n\t\t\t\t\t\t\t\t\t\t\t\t<figure class=\"wp-caption\">\n\t\t\t\t\t\t\t\t\t\t<img decoding=\"async\" width=\"768\" height=\"534\" src=\"https:\/\/soymigrante.com\/revista\/wp-content\/uploads\/2026\/09\/jose-maria-reina-andrade-fue-ministro-de-seguridad-del-dictador-manuel-estrada-cabrera-por-casi-15-anos-1140x793.png\" class=\"attachment-large size-large wp-image-63893\" alt=\"Jos\u00e9 Mar\u00eda Reina Andrade hab\u00eda sido ministro de seguridad por casi 15 a\u00f1os, en la dictadura de Manuel Estrada Cabrera, que dur\u00f3 de 1898 a 1920. Sin embargo Reina Andrade logr\u00f3 salirse del gabinete antes de la ca\u00edda del tirano. Despu\u00e9s logr\u00f3 ser electo diputado y Presidi\u00f3 la Asamblea\" srcset=\"https:\/\/soymigrante.com\/revista\/wp-content\/uploads\/2026\/09\/jose-maria-reina-andrade-fue-ministro-de-seguridad-del-dictador-manuel-estrada-cabrera-por-casi-15-anos-1140x793.png 1140w, https:\/\/soymigrante.com\/revista\/wp-content\/uploads\/2026\/09\/jose-maria-reina-andrade-fue-ministro-de-seguridad-del-dictador-manuel-estrada-cabrera-por-casi-15-anos-300x209.png 300w, https:\/\/soymigrante.com\/revista\/wp-content\/uploads\/2026\/09\/jose-maria-reina-andrade-fue-ministro-de-seguridad-del-dictador-manuel-estrada-cabrera-por-casi-15-anos-768x534.png 768w, https:\/\/soymigrante.com\/revista\/wp-content\/uploads\/2026\/09\/jose-maria-reina-andrade-fue-ministro-de-seguridad-del-dictador-manuel-estrada-cabrera-por-casi-15-anos-750x522.png 750w, https:\/\/soymigrante.com\/revista\/wp-content\/uploads\/2026\/09\/jose-maria-reina-andrade-fue-ministro-de-seguridad-del-dictador-manuel-estrada-cabrera-por-casi-15-anos.png 1504w\" sizes=\"(max-width: 768px) 100vw, 768px\" title=\"Jos\u00e9 Mar\u00eda Reina Andrade hab\u00eda sido ministro de seguridad por casi 15 a\u00f1os, en la dictadura de Manuel Estrada Cabrera, que dur\u00f3 de 1898 a 1920. Sin embargo Reina Andrade logr\u00f3 salirse del gabinete antes de la ca\u00edda del tirano. Despu\u00e9s logr\u00f3 ser electo diputado y Presidi\u00f3 la Asamblea \u2013 SoyMigrante.com REVISTA\" \/>\t\t\t\t\t\t\t\t\t\t\t<figcaption class=\"widget-image-caption wp-caption-text\">Jos\u00e9 Mar\u00eda Reina Andrade hab\u00eda sido ministro de seguridad por casi 15 a\u00f1os, en la dictadura de Manuel Estrada Cabrera, que dur\u00f3 de 1898 a 1920. Sin embargo Reina Andrade logr\u00f3 salirse del gabinete antes de la ca\u00edda del tirano. Despu\u00e9s logr\u00f3 ser electo diputado y Presidi\u00f3 la Asamblea<\/figcaption>\n\t\t\t\t\t\t\t\t\t\t<\/figure>\n\t\t\t\t\t\t\t\t\t<\/div>\n\t\t\t\t\t<\/div>\n\t\t\t\t<\/div>\n\t\t<div data-particle_enable=\"false\" data-particle-mobile-disabled=\"false\" class=\"elementor-element elementor-element-83d4614 e-flex e-con-boxed e-con e-parent\" data-id=\"83d4614\" data-element_type=\"container\" data-e-type=\"container\">\n\t\t\t\t\t<div class=\"e-con-inner\">\n\t\t\t\t<div class=\"elementor-element elementor-element-2f8b422 elementor-widget elementor-widget-text-editor\" data-id=\"2f8b422\" data-element_type=\"widget\" data-e-type=\"widget\" data-widget_type=\"text-editor.default\">\n\t\t\t\t\t\t\t\t\t<p><span style=\"color: #000000; font-family: Mulish, sans-serif; font-size: 29px; font-weight: bold;\">Funcionario de seguridad de Estrada Cabrera<\/span><\/p><p>Reina Andrade pas\u00f3 a formar parte del c\u00edrculo del dictador Manuel Estrada Cabrera en los primeros a\u00f1os del siglo XX.\u00a0 Viv\u00eda en su finca de San Marcos, pero fue llamado en 1905 a asumir como <strong>secretario de Gobernaci\u00f3n y Justicia<\/strong>, una de las carteras m\u00e1s sensibles del r\u00e9gimen, desde la cual tuvo bajo su \u00e1mbito asuntos de seguridad interna, justicia y control pol\u00edtico, durante una dictadura represiva, que encarcel\u00f3, tortur\u00f3 y acall\u00f3 toda disidencia.\u00a0<\/p><p>Su permanencia en aquel aparato de poder lo coloc\u00f3 en una posici\u00f3n particularmente delicada. Durante su gesti\u00f3n estuvieron\u00a0 las investigaciones de los atentados contra Estrada Cabrera conocidos como <strong>La Bomba<\/strong>, en 1907, y <strong>Los Cadetes<\/strong>, en 1908.<\/p><p>La historiograf\u00eda sobre aquellos a\u00f1os lo sit\u00faa, por tanto, dentro de la estructura pol\u00edtica de una de las dictaduras m\u00e1s prolongadas de la historia guatemalteca. Una cr\u00f3nica del periodista Federico Hern\u00e1ndez de Le\u00f3n ofrece una mirada particularmente reveladora: describe c\u00f3mo las esperanzas iniciales depositadas en el nuevo ministro pronto quedaron opacadas por los a\u00f1os de asesinatos, persecuciones, atropellos y abusos que caracterizaron al r\u00e9gimen.<\/p><p>Esa trayectoria ayuda a entender su particular posici\u00f3n en 1930, cuando presid\u00eda el Congreso: no era un reci\u00e9n llegado a la pol\u00edtica, sino un veterano funcionario del antiguo r\u00e9gimen liberal que hab\u00eda sobrevivido a la ca\u00edda de Estrada Cabrera y continuaba ocupando posiciones de relevancia, pero era proclive a la represi\u00f3n.<\/p>\t\t\t\t\t\t\t\t<\/div>\n\t\t\t\t\t<\/div>\n\t\t\t\t<\/div>\n\t\t<div data-particle_enable=\"false\" data-particle-mobile-disabled=\"false\" class=\"elementor-element elementor-element-bd20616 e-flex e-con-boxed e-con e-parent\" data-id=\"bd20616\" data-element_type=\"container\" data-e-type=\"container\">\n\t\t\t\t\t<div class=\"e-con-inner\">\n\t\t\t\t<div class=\"elementor-element elementor-element-952229f elementor-widget elementor-widget-image\" data-id=\"952229f\" data-element_type=\"widget\" data-e-type=\"widget\" data-widget_type=\"image.default\">\n\t\t\t\t\t\t\t\t\t\t\t\t<figure class=\"wp-caption\">\n\t\t\t\t\t\t\t\t\t\t<img decoding=\"async\" width=\"768\" height=\"320\" src=\"https:\/\/soymigrante.com\/revista\/wp-content\/uploads\/2026\/09\/jose-maria-reina-andrade-presidentes-de-guatemala-32-1931-1140x475.jpg\" class=\"attachment-large size-large wp-image-63901\" alt=\"Jos\u00e9 Mar\u00eda Reina Andrade, originario de San Marcos, era presidente del Congreso en diciembre de 1930 cuando el presidente L\u00e1zaro Chac\u00f3n sufri\u00f3 un derrame que le oblig\u00f3 a dejar la presidencia temporalmente; el 2 de enero de 1931 fue designado Presidente Provisional de la Rep\u00fablica y convoc\u00f3 a las elecciones en donde solo particip\u00f3 el general Jorge Ubico como candidato; ya cuando Ubico era presidente, Reina Andrade presidi\u00f3 la Corte Suprema de Justicia. Es el \u00fanico guatemalteco que ha presidido los tres poderes del Estado en distintos momentos.\" srcset=\"https:\/\/soymigrante.com\/revista\/wp-content\/uploads\/2026\/09\/jose-maria-reina-andrade-presidentes-de-guatemala-32-1931-1140x475.jpg 1140w, https:\/\/soymigrante.com\/revista\/wp-content\/uploads\/2026\/09\/jose-maria-reina-andrade-presidentes-de-guatemala-32-1931-300x125.jpg 300w, https:\/\/soymigrante.com\/revista\/wp-content\/uploads\/2026\/09\/jose-maria-reina-andrade-presidentes-de-guatemala-32-1931-768x320.jpg 768w, https:\/\/soymigrante.com\/revista\/wp-content\/uploads\/2026\/09\/jose-maria-reina-andrade-presidentes-de-guatemala-32-1931-1536x640.jpg 1536w, https:\/\/soymigrante.com\/revista\/wp-content\/uploads\/2026\/09\/jose-maria-reina-andrade-presidentes-de-guatemala-32-1931-750x312.jpg 750w, https:\/\/soymigrante.com\/revista\/wp-content\/uploads\/2026\/09\/jose-maria-reina-andrade-presidentes-de-guatemala-32-1931.jpg 1942w\" sizes=\"(max-width: 768px) 100vw, 768px\" title=\"Jos\u00e9 Mar\u00eda Reina Andrade, originario de San Marcos, era presidente del Congreso en diciembre de 1930 cuando el presidente L\u00e1zaro  Chac\u00f3n sufri\u00f3 un derrame que le oblig\u00f3 a dejar la presidencia temporalmente; el 2 de enero de 1931 fue designado Presidente Provisional de la Rep\u00fablica y convoc\u00f3 a las elecciones en donde solo particip\u00f3 el general Jorge Ubico como candidato; ya cuando Ubico era presidente, Reina Andrade presidi\u00f3 la Corte Suprema de Justicia. Es el \u00fanico guatemalteco que ha presidido los tres poderes del Estado en distintos momentos. \u2013 SoyMigrante.com REVISTA\" \/>\t\t\t\t\t\t\t\t\t\t\t<figcaption class=\"widget-image-caption wp-caption-text\">Jos\u00e9 Mar\u00eda Reina Andrade, originario de San Marcos, era presidente del Congreso en diciembre de 1930 cuando el presidente L\u00e1zaro  Chac\u00f3n sufri\u00f3 un derrame que le oblig\u00f3 a dejar la presidencia temporalmente; el 2 de enero de 1931 fue designado Presidente Provisional de la Rep\u00fablica y convoc\u00f3 a las elecciones en donde solo particip\u00f3 el general Jorge Ubico como candidato; ya cuando Ubico era presidente, Reina Andrade presidi\u00f3 la Corte Suprema de Justicia. Es el \u00fanico guatemalteco que ha presidido los tres poderes del Estado en distintos momentos.<\/figcaption>\n\t\t\t\t\t\t\t\t\t\t<\/figure>\n\t\t\t\t\t\t\t\t\t<\/div>\n\t\t\t\t\t<\/div>\n\t\t\t\t<\/div>\n\t\t<div data-particle_enable=\"false\" data-particle-mobile-disabled=\"false\" class=\"elementor-element elementor-element-ffa61bd e-flex e-con-boxed e-con e-parent\" data-id=\"ffa61bd\" data-element_type=\"container\" data-e-type=\"container\">\n\t\t\t\t\t<div class=\"e-con-inner\">\n\t\t\t\t<div class=\"elementor-element elementor-element-4a497a4 elementor-widget elementor-widget-text-editor\" data-id=\"4a497a4\" data-element_type=\"widget\" data-e-type=\"widget\" data-widget_type=\"text-editor.default\">\n\t\t\t\t\t\t\t\t\t<p><span style=\"color: #000000; font-family: Mulish, sans-serif; font-size: 29px; font-weight: bold;\">El presidente que lleg\u00f3 para irse<\/span><\/p><p>En 1929 Reina Andrade presid\u00eda la Asamblea Legislativa. Desde all\u00ed observ\u00f3 la creciente inestabilidad que terminar\u00eda con el gobierno de L\u00e1zaro Chac\u00f3n.<\/p><p>Cuando Chac\u00f3n qued\u00f3 incapacitado por su grave enfermedad y la crisis pol\u00edtica desemboc\u00f3 en el breve gobierno de Manuel Orellana, Estados Unidos presion\u00f3 para que se estableciera un gobierno que permitiera convocar a elecciones. La Asamblea acept\u00f3 la renuncia de Chac\u00f3n y la de Orellana el <strong>31 de diciembre de 1930<\/strong> y design\u00f3 a Reina Andrade como primer designado, seguido por el general Jos\u00e9 Reyes y el general Rodrigo Sol\u00f3rzano.<\/p><p>El <strong>2 de enero de 1931<\/strong>, Reina Andrade asumi\u00f3 formalmente la Presidencia.\u00a0No lleg\u00f3 con un programa de gobierno propio ni con intenci\u00f3n de construir una administraci\u00f3n duradera. Su papel era el de un <strong>presidente puente<\/strong>. La tarea fundamental consist\u00eda en convocar a elecciones.\u00a0Y lo hizo r\u00e1pidamente.\u00a0Reina Andrade convoc\u00f3 a elecciones presidenciales, proceso en el que el general <strong>Jorge Ubico<\/strong> se present\u00f3 como candidato pr\u00e1cticamente sin oposici\u00f3n.\u00a0 Otros partidos se rehusaron a participar argumentando la injerencia de Estados Unidos al no aceptar al general Manuel Orellana, y tambi\u00e9n al suponer que apoyaron a Ubico.<\/p><p>La propia llegada de Reina Andrade a la Presidencia estuvo relacionada con la necesidad de crear un <strong>gobierno &#8220;puente&#8221; que hiciera posible la elecci\u00f3n de Ubico<\/strong>. Federico Hern\u00e1ndez de Le\u00f3n relata que el general Ubico termin\u00f3 aceptando la candidatura de Reina Andrade como presidente provisional y que este le entreg\u00f3 el decreto de convocatoria a elecciones ya firmado.<\/p>\t\t\t\t\t\t\t\t<\/div>\n\t\t\t\t\t<\/div>\n\t\t\t\t<\/div>\n\t\t<div data-particle_enable=\"false\" data-particle-mobile-disabled=\"false\" class=\"elementor-element elementor-element-945715a e-flex e-con-boxed e-con e-parent\" data-id=\"945715a\" data-element_type=\"container\" data-e-type=\"container\">\n\t\t\t\t\t<div class=\"e-con-inner\">\n\t\t\t\t<div class=\"elementor-element elementor-element-cc32b6c elementor-widget elementor-widget-image\" data-id=\"cc32b6c\" data-element_type=\"widget\" data-e-type=\"widget\" data-widget_type=\"image.default\">\n\t\t\t\t\t\t\t\t\t\t\t\t<figure class=\"wp-caption\">\n\t\t\t\t\t\t\t\t\t\t<img loading=\"lazy\" decoding=\"async\" width=\"768\" height=\"967\" src=\"https:\/\/soymigrante.com\/revista\/wp-content\/uploads\/2026\/09\/jose-maria-reina-andrade-presidente-de-guatemala-1931-por-43-dias-1.jpg\" class=\"attachment-large size-large wp-image-63903\" alt=\"Jos\u00e9 Mar\u00eda Reina Andrade convoc\u00f3 a las elecciones en las que solo hubo un candidato: el general Jorge Ubico (quien hab\u00eda perdido en las elecciones de 1926 contra L\u00e1zaro Chac\u00f3n). Ubico deb\u00eda asumir el 15 de marzo, pero no esper\u00f3: el 14 de febrero de 1931 fue investido presidente.\" srcset=\"https:\/\/soymigrante.com\/revista\/wp-content\/uploads\/2026\/09\/jose-maria-reina-andrade-presidente-de-guatemala-1931-por-43-dias-1.jpg 813w, https:\/\/soymigrante.com\/revista\/wp-content\/uploads\/2026\/09\/jose-maria-reina-andrade-presidente-de-guatemala-1931-por-43-dias-1-238x300.jpg 238w, https:\/\/soymigrante.com\/revista\/wp-content\/uploads\/2026\/09\/jose-maria-reina-andrade-presidente-de-guatemala-1931-por-43-dias-1-768x967.jpg 768w, https:\/\/soymigrante.com\/revista\/wp-content\/uploads\/2026\/09\/jose-maria-reina-andrade-presidente-de-guatemala-1931-por-43-dias-1-750x945.jpg 750w\" sizes=\"(max-width: 768px) 100vw, 768px\" title=\"Jos\u00e9 Mar\u00eda Reina Andrade convoc\u00f3 a las elecciones en las que solo hubo un candidato: el general Jorge Ubico (quien hab\u00eda perdido en las elecciones de 1926 contra L\u00e1zaro Chac\u00f3n). Ubico deb\u00eda asumir el 15 de marzo, pero no esper\u00f3: el 14 de febrero de 1931 fue investido presidente. \u2013 SoyMigrante.com REVISTA\" \/>\t\t\t\t\t\t\t\t\t\t\t<figcaption class=\"widget-image-caption wp-caption-text\">Jos\u00e9 Mar\u00eda Reina Andrade convoc\u00f3 a las elecciones en las que solo hubo un candidato: el general Jorge Ubico (quien hab\u00eda perdido en las elecciones de 1926 contra L\u00e1zaro Chac\u00f3n). Ubico deb\u00eda asumir el 15 de marzo, pero no esper\u00f3: el 14 de febrero de 1931 fue investido presidente.<\/figcaption>\n\t\t\t\t\t\t\t\t\t\t<\/figure>\n\t\t\t\t\t\t\t\t\t<\/div>\n\t\t\t\t\t<\/div>\n\t\t\t\t<\/div>\n\t\t<div data-particle_enable=\"false\" data-particle-mobile-disabled=\"false\" class=\"elementor-element elementor-element-66abc41 e-flex e-con-boxed e-con e-parent\" data-id=\"66abc41\" data-element_type=\"container\" data-e-type=\"container\">\n\t\t\t\t\t<div class=\"e-con-inner\">\n\t\t\t\t<div class=\"elementor-element elementor-element-1ac3d5c elementor-widget elementor-widget-text-editor\" data-id=\"1ac3d5c\" data-element_type=\"widget\" data-e-type=\"widget\" data-widget_type=\"text-editor.default\">\n\t\t\t\t\t\t\t\t\t<p><span style=\"color: #000000; font-family: Mulish, sans-serif; font-size: 29px; font-weight: bold;\">Una presidencia breve hacia la dictadura<\/span><\/p>\n<p>Los 43 d\u00edas de Reina Andrade en el poder estuvieron marcados m\u00e1s por la transici\u00f3n que por una obra propia de gobierno. Algunas fuentes le atribuyen medidas relacionadas con la disciplina militar y la Escuela Polit\u00e9cnica, tambi\u00e9n por algunas medidas represivas, en las cuales ten\u00eda bastante pr\u00e1ctica.<\/p>\n<p>Guatemala, adem\u00e1s, enfrentaba las consecuencias de la crisis econ\u00f3mica internacional iniciada con el desplome de 1929. El pa\u00eds llegaba a 1931 despu\u00e9s de a\u00f1os de golpes, gobiernos provisionales, pugnas entre liberales y militares y una institucionalidad debilitada. Ubico fue declarado ganador y el <strong>14 de febrero de 1931<\/strong>, apenas seis semanas despu\u00e9s de haber asumido, Reina Andrade entreg\u00f3 el poder a Jorge Ubico.<\/p>\n<p><span style=\"color: #000000; font-family: Mulish, sans-serif; font-size: 29px; font-weight: bold;\">El \u00faltimo cap\u00edtulo<\/span><\/p>\n<p>Despu\u00e9s de abandonar la Presidencia, Reina Andrade todav\u00eda ocupar\u00eda otra de las posiciones fundamentales del Estado: la presidencia del Organismo Judicial.&nbsp;Muri\u00f3 el <strong>25 de abril de 1947 en Santiago de Cuba<\/strong>, a los 86 a\u00f1os.<\/p>\n<p>Su paso por la Presidencia fue brev\u00edsimo y, a primera vista, parece apenas una nota de transici\u00f3n entre la crisis de Chac\u00f3n y los 13 a\u00f1os de gobierno de Ubico. Pero su biograf\u00eda cuenta algo m\u00e1s complejo: <strong>Reina Andrade fue un sobreviviente pol\u00edtico del tir\u00e1nico r\u00e9gimen de Estrada Cabrera, que aprovech\u00f3 las conveniencias e intereses de grupos de poder, pas\u00f3 por el Congreso y lleg\u00f3 a la Presidencia en medio de una crisis institucional para terminar entregando el poder al hombre que dominar\u00eda Guatemala durante la siguiente etapa de su historia<\/strong>.<\/p>\n<p>Su gobierno dur\u00f3 43 d\u00edas. Su importancia hist\u00f3rica, sin embargo, est\u00e1 precisamente en lo que ocurri\u00f3 durante esos 43 d\u00edas: <strong>fue el puente entre la inestabilidad de 1930 y el largo gobierno de Jorge Ubico<\/strong>.<\/p>\t\t\t\t\t\t\t\t<\/div>\n\t\t\t\t\t<\/div>\n\t\t\t\t<\/div>\n\t\t\t\t<\/div>\n\t\t","protected":false},"excerpt":{"rendered":"<p>Es el \u00fanico guatemalteco que ha sido presidente del Legislativo, el Ejecutivo y el Judicial, en distintos momentos. Fue funcionario de la dictadura de Estrada Cabrera y en 1931 fue designado presidente provisional, cargo en el cual estuvo 43 d\u00edas. Jos\u00e9 Mar\u00eda Reina Andrade lleg\u00f3 a la Presidencia de Guatemala despu\u00e9s de dos presidentes provisionales [&hellip;]<\/p>\n","protected":false},"author":7,"featured_media":63890,"comment_status":"open","ping_status":"open","sticky":false,"template":"","format":"standard","meta":{"_acf_changed":false,"_eb_attr":"","footnotes":""},"categories":[317],"tags":[],"class_list":["post-63888","post","type-post","status-publish","format-standard","has-post-thumbnail","hentry","category-presidentes-de-guatemala"],"acf":[],"aioseo_notices":[],"aioseo_head":"\n\t\t<!-- All in One SEO Pro 5.0.1.1 - aioseo.com -->\n\t<meta name=\"description\" content=\"Es el \u00fanico guatemalteco que ha sido presidente del Legislativo, el Ejecutivo y el Judicial, en distintos momentos. Fue funcionario de la dictadura de Estrada Cabrera y en 1931 fue designado presidente provisional, cargo en el cual estuvo 43 d\u00edas. Jos\u00e9 Mar\u00eda Reina Andrade lleg\u00f3 a la Presidencia de Guatemala despu\u00e9s de dos presidentes provisionales\" \/>\n\t<meta name=\"robots\" content=\"max-snippet:-1, max-image-preview:large, max-video-preview:-1\" \/>\n\t<meta name=\"author\" content=\"Gustavo Montenegro\"\/>\n\t<link rel=\"canonical\" href=\"https:\/\/soymigrante.com\/revista\/presidentes-de-guatemala-32-jose-maria-reina-andrade-tercer-interino-goberno-43-dias-1931\/\" \/>\n\t<meta name=\"generator\" content=\"All in One SEO Pro (AIOSEO) 5.0.1.1\" \/>\n\n\t\t<link rel=\"preconnect\" href=\"https:\/\/fonts.googleapis.com\" crossorigin>\n<link rel=\"preconnect\" href=\"https:\/\/fonts.gstatic.com\" crossorigin>\n\t\t<meta property=\"og:locale\" content=\"es_ES\" \/>\n\t\t<meta property=\"og:site_name\" content=\"SoyMigrante.com REVISTA \u2013 Nuestra misi\u00f3n es reconocer y dignificar al migrante.\" \/>\n\t\t<meta property=\"og:type\" content=\"article\" \/>\n\t\t<meta property=\"og:title\" content=\"Presidentes de Guatemala (32) Jos\u00e9 Mar\u00eda Reina Andrade 1931\" \/>\n\t\t<meta property=\"og:description\" content=\"Fue el tercer presidente provisional tras la crisis de salud del mandatario L\u00e1zaro Chac\u00f3n. Se le considera un &quot;puente&quot; que dio paso a la dictadura de Jorge Ubico.\" \/>\n\t\t<meta property=\"og:url\" content=\"https:\/\/soymigrante.com\/revista\/presidentes-de-guatemala-32-jose-maria-reina-andrade-tercer-interino-goberno-43-dias-1931\/\" \/>\n\t\t<meta property=\"og:image\" content=\"https:\/\/soymigrante.com\/revista\/wp-content\/uploads\/2026\/09\/jose-maria-reina-andrade-presidentes-de-guatemala-1931-1.jpg\" \/>\n\t\t<meta property=\"og:image:secure_url\" content=\"https:\/\/soymigrante.com\/revista\/wp-content\/uploads\/2026\/09\/jose-maria-reina-andrade-presidentes-de-guatemala-1931-1.jpg\" \/>\n\t\t<meta property=\"og:image:width\" content=\"478\" \/>\n\t\t<meta property=\"og:image:height\" content=\"478\" \/>\n\t\t<meta property=\"article:published_time\" content=\"2026-09-04T18:25:04+00:00\" \/>\n\t\t<meta property=\"article:modified_time\" content=\"2026-09-04T19:47:56+00:00\" \/>\n\t\t<meta property=\"article:publisher\" content=\"https:\/\/www.facebook.com\/soymigrantecom\" \/>\n\t\t<meta name=\"twitter:card\" content=\"summary_large_image\" \/>\n\t\t<meta name=\"twitter:site\" content=\"@SoyMigrante_com\" \/>\n\t\t<meta name=\"twitter:title\" content=\"Presidentes de Guatemala (32) Jos\u00e9 Mar\u00eda Reina Andrade 1931\" \/>\n\t\t<meta name=\"twitter:description\" content=\"Fue el tercer presidente provisional tras la crisis de salud del mandatario L\u00e1zaro Chac\u00f3n. Se le considera un &quot;puente&quot; que dio paso a la dictadura de Jorge Ubico.\" \/>\n\t\t<meta name=\"twitter:creator\" content=\"@SoyMigrante_com\" \/>\n\t\t<meta name=\"twitter:image\" content=\"https:\/\/soymigrante.com\/revista\/wp-content\/uploads\/2026\/09\/jose-maria-reina-andrade-presidentes-de-guatemala-1931-1.jpg\" \/>\n\t\t<!-- All in One SEO Pro -->\r\n\t\t<title>Presidentes de Guatemala (32) Jos\u00e9 Mar\u00eda Reina Andrade, tercer interino, gobern\u00f3 43 d\u00edas (1931)<\/title>\n\n","aioseo_head_json":{"title":"Presidentes de Guatemala (32) Jos\u00e9 Mar\u00eda Reina Andrade, tercer interino, gobern\u00f3 43 d\u00edas (1931)","description":"Es el \u00fanico guatemalteco que ha sido presidente del Legislativo, el Ejecutivo y el Judicial, en distintos momentos. Fue funcionario de la dictadura de Estrada Cabrera y en 1931 fue designado presidente provisional, cargo en el cual estuvo 43 d\u00edas. Jos\u00e9 Mar\u00eda Reina Andrade lleg\u00f3 a la Presidencia de Guatemala despu\u00e9s de dos presidentes provisionales","canonical_url":"https:\/\/soymigrante.com\/revista\/presidentes-de-guatemala-32-jose-maria-reina-andrade-tercer-interino-goberno-43-dias-1931\/","robots":"max-snippet:-1, max-image-preview:large, max-video-preview:-1","keywords":"","webmasterTools":{"miscellaneous":"&lt;link rel=\"preconnect\" href=\"https:\/\/fonts.googleapis.com\" crossorigin&gt;\n&lt;link rel=\"preconnect\" href=\"https:\/\/fonts.gstatic.com\" crossorigin&gt;"},"schema":null,"og:locale":"es_ES","og:site_name":"SoyMigrante.com REVISTA \u2013 Nuestra misi\u00f3n es reconocer y dignificar al migrante.","og:type":"article","og:title":"Presidentes de Guatemala (32) Jos\u00e9 Mar\u00eda Reina Andrade 1931","og:description":"Fue el tercer presidente provisional tras la crisis de salud del mandatario L\u00e1zaro Chac\u00f3n. Se le considera un &quot;puente&quot; que dio paso a la dictadura de Jorge Ubico.","og:url":"https:\/\/soymigrante.com\/revista\/presidentes-de-guatemala-32-jose-maria-reina-andrade-tercer-interino-goberno-43-dias-1931\/","og:image":"https:\/\/soymigrante.com\/revista\/wp-content\/uploads\/2026\/09\/jose-maria-reina-andrade-presidentes-de-guatemala-1931-1.jpg","og:image:secure_url":"https:\/\/soymigrante.com\/revista\/wp-content\/uploads\/2026\/09\/jose-maria-reina-andrade-presidentes-de-guatemala-1931-1.jpg","og:image:width":478,"og:image:height":478,"article:published_time":"2026-09-04T18:25:04+00:00","article:modified_time":"2026-09-04T19:47:56+00:00","article:publisher":"https:\/\/www.facebook.com\/soymigrantecom","twitter:card":"summary_large_image","twitter:site":"@SoyMigrante_com","twitter:title":"Presidentes de Guatemala (32) Jos\u00e9 Mar\u00eda Reina Andrade 1931","twitter:description":"Fue el tercer presidente provisional tras la crisis de salud del mandatario L\u00e1zaro Chac\u00f3n. Se le considera un &quot;puente&quot; que dio paso a la dictadura de Jorge Ubico.","twitter:creator":"@SoyMigrante_com","twitter:image":"https:\/\/soymigrante.com\/revista\/wp-content\/uploads\/2026\/09\/jose-maria-reina-andrade-presidentes-de-guatemala-1931-1.jpg"},"aioseo_meta_data":{"post_id":"63888","title":null,"description":null,"keywords":null,"keyphrases":{"focus":[],"additional":[]},"primary_term":null,"canonical_url":null,"og_title":"Presidentes de Guatemala (32) Jos\u00e9 Mar\u00eda Reina Andrade 1931","og_description":"Fue el tercer presidente provisional tras la crisis de salud del mandatario L\u00e1zaro Chac\u00f3n. Se le considera un \"puente\" que dio paso a la dictadura de Jorge Ubico.","og_object_type":"default","og_image_type":"default","og_image_url":null,"og_image_width":null,"og_image_height":null,"og_image_custom_url":null,"og_image_custom_fields":null,"og_video":"","og_custom_url":null,"og_article_section":null,"og_article_tags":null,"twitter_use_og":false,"twitter_card":"default","twitter_image_type":"default","twitter_image_url":null,"twitter_image_custom_url":null,"twitter_image_custom_fields":null,"twitter_title":null,"twitter_description":null,"schema":{"blockGraphs":[],"customGraphs":[],"default":{"data":{"Article":[],"Course":[],"Dataset":[],"FAQPage":[],"Movie":[],"Person":[],"Product":[],"ProductReview":[],"Car":[],"Recipe":[],"Service":[],"SoftwareApplication":[],"WebPage":[]},"graphName":"NewsArticle","isEnabled":true},"graphs":[]},"schema_type":"default","schema_type_options":null,"pillar_content":false,"robots_default":true,"robots_noindex":false,"robots_noarchive":false,"robots_nosnippet":false,"robots_nofollow":false,"robots_noimageindex":false,"robots_noodp":false,"robots_notranslate":false,"robots_max_snippet":"-1","robots_max_videopreview":"-1","robots_max_imagepreview":"large","priority":null,"frequency":"default","local_seo":null,"seo_analyzer_scan_date":"2026-09-04 19:50:24","breadcrumb_settings":null,"limit_modified_date":false,"reviewed_by":"0","open_ai":null,"ai":{"faqs":[],"keyPoints":[],"schemas":[],"titles":[],"descriptions":[],"socialPosts":{"email":{"subject":"","preview":"","content":""},"linkedin":[],"twitter":[],"facebook":[],"instagram":[]}},"created":"2026-09-04 18:03:35","updated":"2026-09-04 22:35:36","focus_keyword":null,"additional_keywords":null,"truseo_locale":null},"aioseo_breadcrumb":"<div class=\"aioseo-breadcrumbs\"><span class=\"aioseo-breadcrumb\">\n\t<a href=\"https:\/\/soymigrante.com\/revista\" title=\"Home\">Home<\/a>\n<\/span><span class=\"aioseo-breadcrumb-separator\">\u00bb<\/span><span class=\"aioseo-breadcrumb\">\n\t<a href=\"https:\/\/soymigrante.com\/revista\/category\/guate-nuestra\/\" title=\"Guate Nuestra\">Guate Nuestra<\/a>\n<\/span><span class=\"aioseo-breadcrumb-separator\">\u00bb<\/span><span class=\"aioseo-breadcrumb\">\n\t<a href=\"https:\/\/soymigrante.com\/revista\/category\/guate-nuestra\/presidentes-de-guatemala\/\" title=\"Presidentes de Guatemala\">Presidentes de Guatemala<\/a>\n<\/span><span class=\"aioseo-breadcrumb-separator\">\u00bb<\/span><span class=\"aioseo-breadcrumb\">\n\tPresidentes de Guatemala (32) Jos\u00e9 Mar\u00eda Reina Andrade, tercer interino, gobern\u00f3 43 d\u00edas (1931)\n<\/span><\/div>","aioseo_breadcrumb_json":[{"label":"Home","link":"https:\/\/soymigrante.com\/revista"},{"label":"Guate Nuestra","link":"https:\/\/soymigrante.com\/revista\/category\/guate-nuestra\/"},{"label":"Presidentes de Guatemala","link":"https:\/\/soymigrante.com\/revista\/category\/guate-nuestra\/presidentes-de-guatemala\/"},{"label":"Presidentes de Guatemala (32) Jos\u00e9 Mar\u00eda Reina Andrade, tercer interino, gobern\u00f3 43 d\u00edas (1931)","link":"https:\/\/soymigrante.com\/revista\/presidentes-de-guatemala-32-jose-maria-reina-andrade-tercer-interino-goberno-43-dias-1931\/"}],"_links":{"self":[{"href":"https:\/\/soymigrante.com\/revista\/wp-json\/wp\/v2\/posts\/63888","targetHints":{"allow":["GET"]}}],"collection":[{"href":"https:\/\/soymigrante.com\/revista\/wp-json\/wp\/v2\/posts"}],"about":[{"href":"https:\/\/soymigrante.com\/revista\/wp-json\/wp\/v2\/types\/post"}],"author":[{"embeddable":true,"href":"https:\/\/soymigrante.com\/revista\/wp-json\/wp\/v2\/users\/7"}],"replies":[{"embeddable":true,"href":"https:\/\/soymigrante.com\/revista\/wp-json\/wp\/v2\/comments?post=63888"}],"version-history":[{"count":13,"href":"https:\/\/soymigrante.com\/revista\/wp-json\/wp\/v2\/posts\/63888\/revisions"}],"predecessor-version":[{"id":63915,"href":"https:\/\/soymigrante.com\/revista\/wp-json\/wp\/v2\/posts\/63888\/revisions\/63915"}],"wp:featuredmedia":[{"embeddable":true,"href":"https:\/\/soymigrante.com\/revista\/wp-json\/wp\/v2\/media\/63890"}],"wp:attachment":[{"href":"https:\/\/soymigrante.com\/revista\/wp-json\/wp\/v2\/media?parent=63888"}],"wp:term":[{"taxonomy":"category","embeddable":true,"href":"https:\/\/soymigrante.com\/revista\/wp-json\/wp\/v2\/categories?post=63888"},{"taxonomy":"post_tag","embeddable":true,"href":"https:\/\/soymigrante.com\/revista\/wp-json\/wp\/v2\/tags?post=63888"}],"curies":[{"name":"wp","href":"https:\/\/api.w.org\/{rel}","templated":true}]}}