{"id":63863,"date":"2026-09-03T16:23:04","date_gmt":"2026-09-03T22:23:04","guid":{"rendered":"https:\/\/soymigrante.com\/revista\/?p=63863"},"modified":"2026-09-03T16:30:00","modified_gmt":"2026-09-03T22:30:00","slug":"canciones-de-guatemala-inspiradas-en-el-departamento-de-zacapa","status":"publish","type":"post","link":"https:\/\/soymigrante.com\/revista\/canciones-de-guatemala-inspiradas-en-el-departamento-de-zacapa\/","title":{"rendered":"Canciones de Guatemala inspiradas en el departamento de Zacapa"},"content":{"rendered":"\t\t<div data-elementor-type=\"wp-post\" data-elementor-id=\"63863\" class=\"elementor elementor-63863\" data-elementor-post-type=\"post\">\n\t\t\t\t<div data-particle_enable=\"false\" data-particle-mobile-disabled=\"false\" class=\"elementor-element elementor-element-a2442f6 e-flex e-con-boxed e-con e-parent\" data-id=\"a2442f6\" data-element_type=\"container\" data-e-type=\"container\">\n\t\t\t\t\t<div class=\"e-con-inner\">\n\t\t\t\t<div class=\"elementor-element elementor-element-ea0e64e elementor-widget elementor-widget-heading\" data-id=\"ea0e64e\" data-element_type=\"widget\" data-e-type=\"widget\" data-widget_type=\"heading.default\">\n\t\t\t\t\t<h3 class=\"elementor-heading-title elementor-size-default\">Emblem\u00e1tico departamento del oriente guatemalteco, caracterizado por su clima caluroso: Zacapa tiene cultura, gente amistosa y trabajadora, tambi\u00e9n paisaje incomparable. <\/h3>\t\t\t\t<\/div>\n\t\t\t\t\t<\/div>\n\t\t\t\t<\/div>\n\t\t<div data-particle_enable=\"false\" data-particle-mobile-disabled=\"false\" class=\"elementor-element elementor-element-d51c82b e-flex e-con-boxed e-con e-parent\" data-id=\"d51c82b\" data-element_type=\"container\" data-e-type=\"container\">\n\t\t\t\t\t<div class=\"e-con-inner\">\n\t\t\t\t<div class=\"elementor-element elementor-element-da88fb1 elementor-widget elementor-widget-text-editor\" data-id=\"da88fb1\" data-element_type=\"widget\" data-e-type=\"widget\" data-widget_type=\"text-editor.default\">\n\t\t\t\t\t\t\t\t\t<h3>Soy de Zacapa<\/h3><p>Zacapa posee uno de los temas musicales m\u00e1s conocidos, creaci\u00f3n del maestro Jos\u00e9 Ernesto Monz\u00f3n, el cantor del paisaje, &#8220;Soy de Zacapa&#8221; es un verdadero himno popular. Tiene m\u00faltiples versiones, con ritmo norte\u00f1o, mariachi, instrumental e incluso tropical.\u00a0<\/p>\t\t\t\t\t\t\t\t<\/div>\n\t\t\t\t\t<\/div>\n\t\t\t\t<\/div>\n\t\t<div data-particle_enable=\"false\" data-particle-mobile-disabled=\"false\" class=\"elementor-element elementor-element-d03ffb5 e-flex e-con-boxed e-con e-parent\" data-id=\"d03ffb5\" data-element_type=\"container\" data-e-type=\"container\">\n\t\t\t\t\t<div class=\"e-con-inner\">\n\t\t\t\t<div class=\"elementor-element elementor-element-a8e0d90 elementor-widget elementor-widget-html\" data-id=\"a8e0d90\" data-element_type=\"widget\" data-e-type=\"widget\" data-widget_type=\"html.default\">\n\t\t\t\t\t<iframe width=\"560\" height=\"415\" src=\"https:\/\/www.youtube.com\/embed\/TH5V79yFheg?si=HaABwyccke2-NfgS\" title=\"YouTube video player\" frameborder=\"0\" allow=\"accelerometer; autoplay; clipboard-write; encrypted-media; gyroscope; picture-in-picture; web-share\" referrerpolicy=\"strict-origin-when-cross-origin\" allowfullscreen><\/iframe>\t\t\t\t<\/div>\n\t\t\t\t\t<\/div>\n\t\t\t\t<\/div>\n\t\t<div data-particle_enable=\"false\" data-particle-mobile-disabled=\"false\" class=\"elementor-element elementor-element-6620f16 e-flex e-con-boxed e-con e-parent\" data-id=\"6620f16\" data-element_type=\"container\" data-e-type=\"container\">\n\t\t\t\t\t<div class=\"e-con-inner\">\n\t\t\t\t<div class=\"elementor-element elementor-element-8884690 elementor-widget elementor-widget-text-editor\" data-id=\"8884690\" data-element_type=\"widget\" data-e-type=\"widget\" data-widget_type=\"text-editor.default\">\n\t\t\t\t\t\t\t\t\t<h3>Nostalgia gualanteca<\/h3><p>El compositor Ricardo Miyares Jord\u00e1n expresa la nostalgia de los nacidos en el municipio de Gual\u00e1n, Zacapa, cuyo gentilicio es Gualantecos. Con sentimiento y expresividad esta canci\u00f3n refleja el sentir de los migrantes. Existe en Los Angeles una fuerte colonia de originarios de este municipio, que nunca se olvidan de su terru\u00f1o.<\/p>\t\t\t\t\t\t\t\t<\/div>\n\t\t\t\t\t<\/div>\n\t\t\t\t<\/div>\n\t\t<div data-particle_enable=\"false\" data-particle-mobile-disabled=\"false\" class=\"elementor-element elementor-element-f9d2236 e-flex e-con-boxed e-con e-parent\" data-id=\"f9d2236\" data-element_type=\"container\" data-e-type=\"container\">\n\t\t\t\t\t<div class=\"e-con-inner\">\n\t\t\t\t<div class=\"elementor-element elementor-element-54be57f elementor-widget elementor-widget-html\" data-id=\"54be57f\" data-element_type=\"widget\" data-e-type=\"widget\" data-widget_type=\"html.default\">\n\t\t\t\t\t<iframe width=\"560\" height=\"415\" src=\"https:\/\/www.youtube.com\/embed\/4MjnQj-YO88?si=Ly6JA2FooUo-2f-N\" title=\"YouTube video player\" frameborder=\"0\" allow=\"accelerometer; autoplay; clipboard-write; encrypted-media; gyroscope; picture-in-picture; web-share\" referrerpolicy=\"strict-origin-when-cross-origin\" allowfullscreen><\/iframe>\t\t\t\t<\/div>\n\t\t\t\t\t<\/div>\n\t\t\t\t<\/div>\n\t\t<div data-particle_enable=\"false\" data-particle-mobile-disabled=\"false\" class=\"elementor-element elementor-element-62bd63a e-flex e-con-boxed e-con e-parent\" data-id=\"62bd63a\" data-element_type=\"container\" data-e-type=\"container\">\n\t\t\t\t\t<div class=\"e-con-inner\">\n\t\t\t\t<div class=\"elementor-element elementor-element-a263aea elementor-widget elementor-widget-text-editor\" data-id=\"a263aea\" data-element_type=\"widget\" data-e-type=\"widget\" data-widget_type=\"text-editor.default\">\n\t\t\t\t\t\t\t\t\t<h3>Huit\u00e9, as\u00ed te quiero<\/h3><p>Con m\u00fasica y letra de Mario \u00c1lvarez V\u00e1squez e interpretada por Mario \u00c1lvarez Porta, la melod\u00eda de Huit\u00e9, as\u00ed te quiero es un canto de homenaje a los tiempos en que este era un apacible pueblo, en el medio de la llanura zacapaneca. Cantos como este ayudan a mantener la identidad.<\/p>\t\t\t\t\t\t\t\t<\/div>\n\t\t\t\t\t<\/div>\n\t\t\t\t<\/div>\n\t\t<div data-particle_enable=\"false\" data-particle-mobile-disabled=\"false\" class=\"elementor-element elementor-element-fd1fc71 e-flex e-con-boxed e-con e-parent\" data-id=\"fd1fc71\" data-element_type=\"container\" data-e-type=\"container\">\n\t\t\t\t\t<div class=\"e-con-inner\">\n\t\t\t\t<div class=\"elementor-element elementor-element-1a045ed elementor-widget elementor-widget-html\" data-id=\"1a045ed\" data-element_type=\"widget\" data-e-type=\"widget\" data-widget_type=\"html.default\">\n\t\t\t\t\t<iframe width=\"560\" height=\"415\" src=\"https:\/\/www.youtube.com\/embed\/LVv6Eedd7WM?si=7m2mssXV1DhvZvZk\" title=\"YouTube video player\" frameborder=\"0\" allow=\"accelerometer; autoplay; clipboard-write; encrypted-media; gyroscope; picture-in-picture; web-share\" referrerpolicy=\"strict-origin-when-cross-origin\" allowfullscreen><\/iframe>\t\t\t\t<\/div>\n\t\t\t\t\t<\/div>\n\t\t\t\t<\/div>\n\t\t<div data-particle_enable=\"false\" data-particle-mobile-disabled=\"false\" class=\"elementor-element elementor-element-b2e8abc e-flex e-con-boxed e-con e-parent\" data-id=\"b2e8abc\" data-element_type=\"container\" data-e-type=\"container\">\n\t\t\t\t\t<div class=\"e-con-inner\">\n\t\t\t\t<div class=\"elementor-element elementor-element-6aa668c elementor-widget elementor-widget-text-editor\" data-id=\"6aa668c\" data-element_type=\"widget\" data-e-type=\"widget\" data-widget_type=\"text-editor.default\">\n\t\t\t\t\t\t\t\t\t<h3>Orgulloso de ser r\u00edohondano<\/h3><p>Un verdadero homenaje a la memoria de los habitantes de R\u00edo Hondo Zacapa es la canci\u00f3n interpretada por Rolando Zetino, cuya letra evoca las vivencias populares, de campo y trabajo.\u00a0<\/p>\t\t\t\t\t\t\t\t<\/div>\n\t\t\t\t\t<\/div>\n\t\t\t\t<\/div>\n\t\t<div data-particle_enable=\"false\" data-particle-mobile-disabled=\"false\" class=\"elementor-element elementor-element-9a9fefe e-flex e-con-boxed e-con e-parent\" data-id=\"9a9fefe\" data-element_type=\"container\" data-e-type=\"container\">\n\t\t\t\t\t<div class=\"e-con-inner\">\n\t\t\t\t<div class=\"elementor-element elementor-element-2240b05 elementor-widget elementor-widget-html\" data-id=\"2240b05\" data-element_type=\"widget\" data-e-type=\"widget\" data-widget_type=\"html.default\">\n\t\t\t\t\t<iframe width=\"560\" height=\"415\" src=\"https:\/\/www.youtube.com\/embed\/_CyPHEIqkUg?si=YE2DT613_og3HVil\" title=\"YouTube video player\" frameborder=\"0\" allow=\"accelerometer; autoplay; clipboard-write; encrypted-media; gyroscope; picture-in-picture; web-share\" referrerpolicy=\"strict-origin-when-cross-origin\" allowfullscreen><\/iframe>\t\t\t\t<\/div>\n\t\t\t\t\t<\/div>\n\t\t\t\t<\/div>\n\t\t<div data-particle_enable=\"false\" data-particle-mobile-disabled=\"false\" class=\"elementor-element elementor-element-49262ed e-flex e-con-boxed e-con e-parent\" data-id=\"49262ed\" data-element_type=\"container\" data-e-type=\"container\">\n\t\t\t\t\t<div class=\"e-con-inner\">\n\t\t\t\t<div class=\"elementor-element elementor-element-2d543a2 elementor-widget elementor-widget-text-editor\" data-id=\"2d543a2\" data-element_type=\"widget\" data-e-type=\"widget\" data-widget_type=\"text-editor.default\">\n\t\t\t\t\t\t\t\t\t<h3>El Corrido a San Jorge<\/h3><p>&#8220;Tierra de gente muy amiga, nunca lo olvido, aqui vivieron mis padres, aqu\u00ed est\u00e1 enterrado mi ombligo&#8221;, canta Mario Hern\u00e1ndez, autor de esta canci\u00f3n dedicada al emblem\u00e1tico municipio que por muchos a\u00f1os fue una aldea de la cabecera de Zacapa.\u00a0<\/p>\t\t\t\t\t\t\t\t<\/div>\n\t\t\t\t\t<\/div>\n\t\t\t\t<\/div>\n\t\t<div data-particle_enable=\"false\" data-particle-mobile-disabled=\"false\" class=\"elementor-element elementor-element-0bce863 e-flex e-con-boxed e-con e-parent\" data-id=\"0bce863\" data-element_type=\"container\" data-e-type=\"container\">\n\t\t\t\t\t<div class=\"e-con-inner\">\n\t\t\t\t<div class=\"elementor-element elementor-element-f584abe elementor-widget elementor-widget-html\" data-id=\"f584abe\" data-element_type=\"widget\" data-e-type=\"widget\" data-widget_type=\"html.default\">\n\t\t\t\t\t<iframe width=\"560\" height=\"415\" src=\"https:\/\/www.youtube.com\/embed\/ajnF7iHHDEI?si=EQuQxQq9u2so3a3a\" title=\"YouTube video player\" frameborder=\"0\" allow=\"accelerometer; autoplay; clipboard-write; encrypted-media; gyroscope; picture-in-picture; web-share\" referrerpolicy=\"strict-origin-when-cross-origin\" allowfullscreen><\/iframe>\t\t\t\t<\/div>\n\t\t\t\t\t<\/div>\n\t\t\t\t<\/div>\n\t\t\t\t<\/div>\n\t\t","protected":false},"excerpt":{"rendered":"<p>Emblem\u00e1tico departamento del oriente guatemalteco, caracterizado por su clima caluroso: Zacapa tiene cultura, gente amistosa y trabajadora, tambi\u00e9n paisaje incomparable. Soy de Zacapa Zacapa posee uno de los temas musicales m\u00e1s conocidos, creaci\u00f3n del maestro Jos\u00e9 Ernesto Monz\u00f3n, el cantor del paisaje, &#8220;Soy de Zacapa&#8221; es un verdadero himno popular. Tiene m\u00faltiples versiones, con ritmo [&hellip;]<\/p>\n","protected":false},"author":7,"featured_media":63864,"comment_status":"open","ping_status":"open","sticky":false,"template":"","format":"standard","meta":{"_acf_changed":false,"_eb_attr":"","footnotes":""},"categories":[58],"tags":[331],"class_list":["post-63863","post","type-post","status-publish","format-standard","has-post-thumbnail","hentry","category-guate-nuestra","tag-canciones-de-guatemala"],"acf":[],"aioseo_notices":[],"aioseo_head":"\n\t\t<!-- All in One SEO Pro 5.0.1.1 - aioseo.com -->\n\t<meta name=\"description\" content=\"Emblem\u00e1tico departamento del oriente guatemalteco, caracterizado por su clima caluroso: Zacapa tiene cultura, gente amistosa y trabajadora, tambi\u00e9n paisaje incomparable. Soy de Zacapa Zacapa posee uno de los temas musicales m\u00e1s conocidos, creaci\u00f3n del maestro Jos\u00e9 Ernesto Monz\u00f3n, el cantor del paisaje, \u201cSoy de Zacapa\u201d es un verdadero himno popular. Tiene m\u00faltiples versiones, con ritmo\" \/>\n\t<meta name=\"robots\" content=\"max-snippet:-1, max-image-preview:large, max-video-preview:-1\" \/>\n\t<meta name=\"author\" content=\"Gustavo Montenegro\"\/>\n\t<link rel=\"canonical\" href=\"https:\/\/soymigrante.com\/revista\/canciones-de-guatemala-inspiradas-en-el-departamento-de-zacapa\/\" \/>\n\t<meta name=\"generator\" content=\"All in One SEO Pro (AIOSEO) 5.0.1.1\" \/>\n\n\t\t<link rel=\"preconnect\" href=\"https:\/\/fonts.googleapis.com\" crossorigin>\n<link rel=\"preconnect\" href=\"https:\/\/fonts.gstatic.com\" crossorigin>\n\t\t<meta property=\"og:locale\" content=\"es_ES\" \/>\n\t\t<meta property=\"og:site_name\" content=\"SoyMigrante.com REVISTA \u2013 Nuestra misi\u00f3n es reconocer y dignificar al migrante.\" \/>\n\t\t<meta property=\"og:type\" content=\"article\" \/>\n\t\t<meta property=\"og:title\" content=\"Canciones de Guatemala inspiradas en el departamento de Zacapa\" \/>\n\t\t<meta property=\"og:description\" content=\"Sin duda alguna la composici\u00f3n de Jos\u00e9 Ernesto Monz\u00f3n es la m\u00e1s famosa canci\u00f3n de Zacapa, pero existen otras que tambien traen nostalgia y recuerdos.\" \/>\n\t\t<meta property=\"og:url\" content=\"https:\/\/soymigrante.com\/revista\/canciones-de-guatemala-inspiradas-en-el-departamento-de-zacapa\/\" \/>\n\t\t<meta property=\"og:image\" content=\"https:\/\/soymigrante.com\/revista\/wp-content\/uploads\/2026\/09\/canciones-de-guatemala-inspiradas-en-zacapa.jpg\" \/>\n\t\t<meta property=\"og:image:secure_url\" content=\"https:\/\/soymigrante.com\/revista\/wp-content\/uploads\/2026\/09\/canciones-de-guatemala-inspiradas-en-zacapa.jpg\" \/>\n\t\t<meta property=\"og:image:width\" content=\"1264\" \/>\n\t\t<meta property=\"og:image:height\" content=\"1264\" \/>\n\t\t<meta property=\"article:published_time\" content=\"2026-09-03T22:23:04+00:00\" \/>\n\t\t<meta property=\"article:modified_time\" content=\"2026-09-03T22:30:00+00:00\" \/>\n\t\t<meta property=\"article:publisher\" content=\"https:\/\/www.facebook.com\/soymigrantecom\" \/>\n\t\t<meta name=\"twitter:card\" content=\"summary_large_image\" \/>\n\t\t<meta name=\"twitter:site\" content=\"@SoyMigrante_com\" \/>\n\t\t<meta name=\"twitter:title\" content=\"Canciones de Guatemala inspiradas en el departamento de Zacapa\" \/>\n\t\t<meta name=\"twitter:description\" content=\"Sin duda alguna la composici\u00f3n de Jos\u00e9 Ernesto Monz\u00f3n es la m\u00e1s famosa canci\u00f3n de Zacapa, pero existen otras que tambien traen nostalgia y recuerdos.\" \/>\n\t\t<meta name=\"twitter:creator\" content=\"@SoyMigrante_com\" \/>\n\t\t<meta name=\"twitter:image\" content=\"https:\/\/soymigrante.com\/revista\/wp-content\/uploads\/2026\/09\/canciones-de-guatemala-inspiradas-en-zacapa.jpg\" \/>\n\t\t<!-- All in One SEO Pro -->\r\n\t\t<title>Canciones de Guatemala inspiradas en el departamento de Zacapa<\/title>\n\n","aioseo_head_json":{"title":"Canciones de Guatemala inspiradas en el departamento de Zacapa","description":"Emblem\u00e1tico departamento del oriente guatemalteco, caracterizado por su clima caluroso: Zacapa tiene cultura, gente amistosa y trabajadora, tambi\u00e9n paisaje incomparable. Soy de Zacapa Zacapa posee uno de los temas musicales m\u00e1s conocidos, creaci\u00f3n del maestro Jos\u00e9 Ernesto Monz\u00f3n, el cantor del paisaje, \u201cSoy de Zacapa\u201d es un verdadero himno popular. Tiene m\u00faltiples versiones, con ritmo","canonical_url":"https:\/\/soymigrante.com\/revista\/canciones-de-guatemala-inspiradas-en-el-departamento-de-zacapa\/","robots":"max-snippet:-1, max-image-preview:large, max-video-preview:-1","keywords":"","webmasterTools":{"miscellaneous":"&lt;link rel=\"preconnect\" href=\"https:\/\/fonts.googleapis.com\" crossorigin&gt;\n&lt;link rel=\"preconnect\" href=\"https:\/\/fonts.gstatic.com\" crossorigin&gt;"},"schema":null,"og:locale":"es_ES","og:site_name":"SoyMigrante.com REVISTA \u2013 Nuestra misi\u00f3n es reconocer y dignificar al migrante.","og:type":"article","og:title":"Canciones de Guatemala inspiradas en el departamento de Zacapa","og:description":"Sin duda alguna la composici\u00f3n de Jos\u00e9 Ernesto Monz\u00f3n es la m\u00e1s famosa canci\u00f3n de Zacapa, pero existen otras que tambien traen nostalgia y recuerdos.","og:url":"https:\/\/soymigrante.com\/revista\/canciones-de-guatemala-inspiradas-en-el-departamento-de-zacapa\/","og:image":"https:\/\/soymigrante.com\/revista\/wp-content\/uploads\/2026\/09\/canciones-de-guatemala-inspiradas-en-zacapa.jpg","og:image:secure_url":"https:\/\/soymigrante.com\/revista\/wp-content\/uploads\/2026\/09\/canciones-de-guatemala-inspiradas-en-zacapa.jpg","og:image:width":1264,"og:image:height":1264,"article:published_time":"2026-09-03T22:23:04+00:00","article:modified_time":"2026-09-03T22:30:00+00:00","article:publisher":"https:\/\/www.facebook.com\/soymigrantecom","twitter:card":"summary_large_image","twitter:site":"@SoyMigrante_com","twitter:title":"Canciones de Guatemala inspiradas en el departamento de Zacapa","twitter:description":"Sin duda alguna la composici\u00f3n de Jos\u00e9 Ernesto Monz\u00f3n es la m\u00e1s famosa canci\u00f3n de Zacapa, pero existen otras que tambien traen nostalgia y recuerdos.","twitter:creator":"@SoyMigrante_com","twitter:image":"https:\/\/soymigrante.com\/revista\/wp-content\/uploads\/2026\/09\/canciones-de-guatemala-inspiradas-en-zacapa.jpg"},"aioseo_meta_data":{"post_id":"63863","title":null,"description":null,"keywords":null,"keyphrases":{"focus":[],"additional":[]},"primary_term":null,"canonical_url":null,"og_title":"Canciones de Guatemala inspiradas en el departamento de Zacapa","og_description":"Sin duda alguna la composici\u00f3n de Jos\u00e9 Ernesto Monz\u00f3n es la m\u00e1s famosa canci\u00f3n de Zacapa, pero existen otras que tambien traen nostalgia y recuerdos.","og_object_type":"default","og_image_type":"default","og_image_url":null,"og_image_width":null,"og_image_height":null,"og_image_custom_url":null,"og_image_custom_fields":null,"og_video":"","og_custom_url":null,"og_article_section":null,"og_article_tags":null,"twitter_use_og":false,"twitter_card":"default","twitter_image_type":"default","twitter_image_url":null,"twitter_image_custom_url":null,"twitter_image_custom_fields":null,"twitter_title":null,"twitter_description":null,"schema":{"blockGraphs":[],"customGraphs":[],"default":{"data":{"Article":[],"Course":[],"Dataset":[],"FAQPage":[],"Movie":[],"Person":[],"Product":[],"ProductReview":[],"Car":[],"Recipe":[],"Service":[],"SoftwareApplication":[],"WebPage":[]},"graphName":"NewsArticle","isEnabled":true},"graphs":[]},"schema_type":"default","schema_type_options":null,"pillar_content":false,"robots_default":true,"robots_noindex":false,"robots_noarchive":false,"robots_nosnippet":false,"robots_nofollow":false,"robots_noimageindex":false,"robots_noodp":false,"robots_notranslate":false,"robots_max_snippet":"-1","robots_max_videopreview":"-1","robots_max_imagepreview":"large","priority":null,"frequency":"default","local_seo":null,"seo_analyzer_scan_date":"2026-09-03 22:30:02","breadcrumb_settings":null,"limit_modified_date":false,"reviewed_by":"0","open_ai":null,"ai":{"faqs":[],"keyPoints":[],"schemas":[],"titles":[],"descriptions":[],"socialPosts":{"email":{"subject":"","preview":"","content":""},"linkedin":[],"twitter":[],"facebook":[],"instagram":[]}},"created":"2026-09-03 21:54:29","updated":"2026-09-04 02:47:01","focus_keyword":null,"additional_keywords":null,"truseo_locale":null},"aioseo_breadcrumb":"<div class=\"aioseo-breadcrumbs\"><span class=\"aioseo-breadcrumb\">\n\t<a href=\"https:\/\/soymigrante.com\/revista\" title=\"Home\">Home<\/a>\n<\/span><span class=\"aioseo-breadcrumb-separator\">\u00bb<\/span><span class=\"aioseo-breadcrumb\">\n\t<a href=\"https:\/\/soymigrante.com\/revista\/category\/guate-nuestra\/\" title=\"Guate Nuestra\">Guate Nuestra<\/a>\n<\/span><span class=\"aioseo-breadcrumb-separator\">\u00bb<\/span><span class=\"aioseo-breadcrumb\">\n\tCanciones de Guatemala inspiradas en el departamento de Zacapa\n<\/span><\/div>","aioseo_breadcrumb_json":[{"label":"Home","link":"https:\/\/soymigrante.com\/revista"},{"label":"Guate Nuestra","link":"https:\/\/soymigrante.com\/revista\/category\/guate-nuestra\/"},{"label":"Canciones de Guatemala inspiradas en el departamento de Zacapa","link":"https:\/\/soymigrante.com\/revista\/canciones-de-guatemala-inspiradas-en-el-departamento-de-zacapa\/"}],"_links":{"self":[{"href":"https:\/\/soymigrante.com\/revista\/wp-json\/wp\/v2\/posts\/63863","targetHints":{"allow":["GET"]}}],"collection":[{"href":"https:\/\/soymigrante.com\/revista\/wp-json\/wp\/v2\/posts"}],"about":[{"href":"https:\/\/soymigrante.com\/revista\/wp-json\/wp\/v2\/types\/post"}],"author":[{"embeddable":true,"href":"https:\/\/soymigrante.com\/revista\/wp-json\/wp\/v2\/users\/7"}],"replies":[{"embeddable":true,"href":"https:\/\/soymigrante.com\/revista\/wp-json\/wp\/v2\/comments?post=63863"}],"version-history":[{"count":7,"href":"https:\/\/soymigrante.com\/revista\/wp-json\/wp\/v2\/posts\/63863\/revisions"}],"predecessor-version":[{"id":63873,"href":"https:\/\/soymigrante.com\/revista\/wp-json\/wp\/v2\/posts\/63863\/revisions\/63873"}],"wp:featuredmedia":[{"embeddable":true,"href":"https:\/\/soymigrante.com\/revista\/wp-json\/wp\/v2\/media\/63864"}],"wp:attachment":[{"href":"https:\/\/soymigrante.com\/revista\/wp-json\/wp\/v2\/media?parent=63863"}],"wp:term":[{"taxonomy":"category","embeddable":true,"href":"https:\/\/soymigrante.com\/revista\/wp-json\/wp\/v2\/categories?post=63863"},{"taxonomy":"post_tag","embeddable":true,"href":"https:\/\/soymigrante.com\/revista\/wp-json\/wp\/v2\/tags?post=63863"}],"curies":[{"name":"wp","href":"https:\/\/api.w.org\/{rel}","templated":true}]}}