{"id":63825,"date":"2026-09-03T13:38:35","date_gmt":"2026-09-03T19:38:35","guid":{"rendered":"https:\/\/soymigrante.com\/revista\/?p=63825"},"modified":"2026-09-03T20:59:31","modified_gmt":"2026-09-04T02:59:31","slug":"ahora-soymigrante-com-revista-en-pdf-para-smarphone-recibela-gratis-lee-y-comparte","status":"publish","type":"post","link":"https:\/\/soymigrante.com\/revista\/ahora-soymigrante-com-revista-en-pdf-para-smarphone-recibela-gratis-lee-y-comparte\/","title":{"rendered":"Ahora SoyMigrante.com REVISTA en PDF para smarphone: rec\u00edbela gratis, lee y comparte"},"content":{"rendered":"\t\t<div data-elementor-type=\"wp-post\" data-elementor-id=\"63825\" class=\"elementor elementor-63825\" data-elementor-post-type=\"post\">\n\t\t\t\t<div data-particle_enable=\"false\" data-particle-mobile-disabled=\"false\" class=\"elementor-element elementor-element-fc7892b e-flex e-con-boxed e-con e-parent\" data-id=\"fc7892b\" data-element_type=\"container\" data-e-type=\"container\">\n\t\t\t\t\t<div class=\"e-con-inner\">\n\t\t\t\t<div class=\"elementor-element elementor-element-a6a7613 elementor-widget elementor-widget-heading\" data-id=\"a6a7613\" data-element_type=\"widget\" data-e-type=\"widget\" data-widget_type=\"heading.default\">\n\t\t\t\t\t<h3 class=\"elementor-heading-title elementor-size-default\">Siempre en busca de servir mejor cada vez a m\u00e1s lectores, sin fronteras y con innovaci\u00f3n lanzamos el n\u00famero cero de SoyMigrante.com REVISTA en formado PDF especial para m\u00f3vil.  Recibe gratis, lee, comparte y dinos qu\u00e9 te parece.<\/h3>\t\t\t\t<\/div>\n\t\t\t\t\t<\/div>\n\t\t\t\t<\/div>\n\t\t<div data-particle_enable=\"false\" data-particle-mobile-disabled=\"false\" class=\"elementor-element elementor-element-6deb370 e-flex e-con-boxed e-con e-parent\" data-id=\"6deb370\" data-element_type=\"container\" data-e-type=\"container\">\n\t\t\t\t\t<div class=\"e-con-inner\">\n\t\t\t\t<div class=\"elementor-element elementor-element-a3b4f3a elementor-widget elementor-widget-text-editor\" data-id=\"a3b4f3a\" data-element_type=\"widget\" data-e-type=\"widget\" data-widget_type=\"text-editor.default\">\n\t\t\t\t\t\t\t\t\t<p>Estamos en Septiembre, mes de <a href=\"https:\/\/soymigrante.com\/revista\/22-departamentos-de-guatemala-un-corazon-multicultural-compartido\/\">Guatemala<\/a>. Pensando en qu\u00e9 hacer para llevar m\u00e1s alto y m\u00e1s lejos el reconocimiento y valoraci\u00f3n a los guatemaltecos, desarrollamos un concepto novedoso y <a href=\"https:\/\/soymigrante.com\/revista\/wp-content\/uploads\/2026\/09\/SoyMigrante-REVISTA-00-Septiembre-2026.pdf?fbclid=IwY2xjawUGsExwZG9mBWV4dG4DYWVtAjEwAGJyaWQRMWdFcmRoR3hOdVJRTGN4clFzcnRjBmFwcF9pZBAyMjIwMzkxNzg4MjAwODkyAAEey5DlCrCk2aYASXaKUJkf-xzOr3BuPXp8vuCUJvJDGGsksFxnC7fIEP-d1hE_aem_veCrprGXpY88EDEglcxZTg\">te presentamos\u00a0el n\u00famero 0 de la edici\u00f3n m\u00f3vil PDF de SoyMigrante.com REVISTA. Puedes descargarla aqu\u00ed.<\/a><\/p><p>Trae historias, art\u00edculos y temas con un abordaje novedoso: formato especial para tel\u00e9fono, con dise\u00f1o vertical, textos breves, claros, legibles, para no tener que hacer zoom para leerlos. Las im\u00e1genes son protagonistas pero tambi\u00e9n el lector que <a href=\"https:\/\/l.facebook.com\/l.php?u=https%3A%2F%2Fwhatsapp.com%2Fchannel%2F0029VbDmvCk1noz5jyfkeM0b%3Ffbclid%3DIwcGRvZgVleHRuA2FlbQIxMABicmlkETFva3dwUTVJcnB0c2Vjbkozc3J0YwZhcHBfaWQQMjIyMDM5MTc4ODIwMDg5MgABHib5voORqnbIbh0VipwYSe4NLfig7CKv0Kx0MhjgoG6hqIuvbENzYE5gJPmp_aem_JiXqNbWGpFlzvOI_8Jj7WQ&amp;h=AUBzUOf4J8YRag0FGNycfKgUfaIh7WpnkzfsWYEmd0mhWG5bLygGiNdp39VUylHDP2EULPE8t1LTTdZjOcEWafOglqImn933l5CFwATB3h_0S3dj69pg7b6Ve-w3jYqGhl65QsZ27p_H4ssM6fDmabqNhkv66Q&amp;__tn__=-UK-R&amp;c[0]=AUC1ssKLIW54OTkeCKGN4Jn_hYqi--gp-YJd8IwjMwbxvqYRv-d_Cr1l8Y9QQJB_RIrHByucZA4j4eZNlSmz5w5sj7-v_3JgmpwA8_GjMDxS3VhnPNM2YGKFEEP9jAENcNmTH9lxd1LIVG4s2mXSF9DgIWiiQeW1R8xpxcOzc3zBcEXmyq3JXHRCQxEvYZi2bYOG5zLg2eDl88pQn9k2TUfQIw\">nos recibe por Whatsapp a trav\u00e9s del canal de SoyMigrante.com<\/a>. Contenido positivo y propositivo, f\u00e1cil de leer, f\u00e1cil de compartir.<\/p><p>\u00a0<\/p>\t\t\t\t\t\t\t\t<\/div>\n\t\t\t\t\t<\/div>\n\t\t\t\t<\/div>\n\t\t<div data-particle_enable=\"false\" data-particle-mobile-disabled=\"false\" class=\"elementor-element elementor-element-e231bab e-flex e-con-boxed e-con e-parent\" data-id=\"e231bab\" data-element_type=\"container\" data-e-type=\"container\">\n\t\t\t\t\t<div class=\"e-con-inner\">\n\t\t\t\t<div class=\"elementor-element elementor-element-d501eb7 elementor-widget elementor-widget-image\" data-id=\"d501eb7\" data-element_type=\"widget\" data-e-type=\"widget\" data-widget_type=\"image.default\">\n\t\t\t\t\t\t\t\t\t\t\t\t<figure class=\"wp-caption\">\n\t\t\t\t\t\t\t\t\t\t\t<a href=\"https:\/\/soymigrante.com\/revista\/wp-content\/uploads\/2026\/09\/SoyMigrante-REVISTA-00-Septiembre-2026.pdf?fbclid=IwY2xjawUGsExwZG9mBWV4dG4DYWVtAjEwAGJyaWQRMWdFcmRoR3hOdVJRTGN4clFzcnRjBmFwcF9pZBAyMjIwMzkxNzg4MjAwODkyAAEey5DlCrCk2aYASXaKUJkf-xzOr3BuPXp8vuCUJvJDGGsksFxnC7fIEP-d1hE_aem_veCrprGXpY88EDEglcxZTg\">\n\t\t\t\t\t\t\t<img fetchpriority=\"high\" decoding=\"async\" width=\"1140\" height=\"641\" src=\"https:\/\/soymigrante.com\/revista\/wp-content\/uploads\/2026\/09\/x-post-1140x641.png\" class=\"attachment-large size-large wp-image-63717\" alt=\"Promotional banner for SoyMigrante magazine with bold Spanish slogan and a smartphone showing the Guatemala edition cover.\" srcset=\"https:\/\/soymigrante.com\/revista\/wp-content\/uploads\/2026\/09\/x-post-1140x641.png 1140w, https:\/\/soymigrante.com\/revista\/wp-content\/uploads\/2026\/09\/x-post-300x169.png 300w, https:\/\/soymigrante.com\/revista\/wp-content\/uploads\/2026\/09\/x-post-768x432.png 768w, https:\/\/soymigrante.com\/revista\/wp-content\/uploads\/2026\/09\/x-post-1536x864.png 1536w, https:\/\/soymigrante.com\/revista\/wp-content\/uploads\/2026\/09\/x-post-750x422.png 750w, https:\/\/soymigrante.com\/revista\/wp-content\/uploads\/2026\/09\/x-post.png 1600w\" sizes=\"(max-width: 1140px) 100vw, 1140px\" \/>\t\t\t\t\t\t\t\t<\/a>\n\t\t\t\t\t\t\t\t\t\t\t<figcaption class=\"widget-image-caption wp-caption-text\">HAZ CLIC EN LA IMAGEN, DESCARGA EL N\u00daMERO O DE SOYMIGRANTE.COM REVISTA EN PDF, DISFRUTA Y COMPARTE<\/figcaption>\n\t\t\t\t\t\t\t\t\t\t<\/figure>\n\t\t\t\t\t\t\t\t\t<\/div>\n\t\t\t\t\t<\/div>\n\t\t\t\t<\/div>\n\t\t<div data-particle_enable=\"false\" data-particle-mobile-disabled=\"false\" class=\"elementor-element elementor-element-9a48a85 e-flex e-con-boxed e-con e-parent\" data-id=\"9a48a85\" data-element_type=\"container\" data-e-type=\"container\">\n\t\t\t\t\t<div class=\"e-con-inner\">\n\t\t\t\t<div class=\"elementor-element elementor-element-b0dfaf3 elementor-widget elementor-widget-text-editor\" data-id=\"b0dfaf3\" data-element_type=\"widget\" data-e-type=\"widget\" data-widget_type=\"text-editor.default\">\n\t\t\t\t\t\t\t\t\t<p>No quer\u00edamos una revista reducida a una pantalla: sino una pantalla ampliada a tu conveniencia, tiempo e inter\u00e9s. Si alg\u00fan tema te atrae, puedes abrir el enlace y continuar conociendo el art\u00edculo completo.<\/p>\t\t\t\t\t\t\t\t<\/div>\n\t\t\t\t\t<\/div>\n\t\t\t\t<\/div>\n\t\t<div data-particle_enable=\"false\" data-particle-mobile-disabled=\"false\" class=\"elementor-element elementor-element-7770bb0 e-flex e-con-boxed e-con e-parent\" data-id=\"7770bb0\" data-element_type=\"container\" data-e-type=\"container\">\n\t\t\t\t\t<div class=\"e-con-inner\">\n\t\t\t\t<div class=\"elementor-element elementor-element-9ceb6d8 elementor-widget elementor-widget-image\" data-id=\"9ceb6d8\" data-element_type=\"widget\" data-e-type=\"widget\" data-widget_type=\"image.default\">\n\t\t\t\t\t\t\t\t\t\t\t\t\t\t\t\t<a href=\"https:\/\/soymigrante.com\/revista\/wp-content\/uploads\/2026\/09\/SoyMigrante-REVISTA-00-Septiembre-2026.pdf?fbclid=IwY2xjawUGsExwZG9mBWV4dG4DYWVtAjEwAGJyaWQRMWdFcmRoR3hOdVJRTGN4clFzcnRjBmFwcF9pZBAyMjIwMzkxNzg4MjAwODkyAAEey5DlCrCk2aYASXaKUJkf-xzOr3BuPXp8vuCUJvJDGGsksFxnC7fIEP-d1hE_aem_veCrprGXpY88EDEglcxZTg\">\n\t\t\t\t\t\t\t<img decoding=\"async\" width=\"1024\" height=\"1024\" src=\"https:\/\/soymigrante.com\/revista\/wp-content\/uploads\/2026\/09\/exec-d1e6e575-3748-4d30-a026-ef07e4883c11-1024x1024.png\" class=\"attachment-large size-large wp-image-63783\" alt=\"Ediciones m\u00f3viles de SoyMigrante.com REVISTA presentadas en tres tel\u00e9fonos\" srcset=\"https:\/\/soymigrante.com\/revista\/wp-content\/uploads\/2026\/09\/exec-d1e6e575-3748-4d30-a026-ef07e4883c11-1024x1024.png 1024w, https:\/\/soymigrante.com\/revista\/wp-content\/uploads\/2026\/09\/exec-d1e6e575-3748-4d30-a026-ef07e4883c11-300x300.png 300w, https:\/\/soymigrante.com\/revista\/wp-content\/uploads\/2026\/09\/exec-d1e6e575-3748-4d30-a026-ef07e4883c11-150x150.png 150w, https:\/\/soymigrante.com\/revista\/wp-content\/uploads\/2026\/09\/exec-d1e6e575-3748-4d30-a026-ef07e4883c11-768x768.png 768w, https:\/\/soymigrante.com\/revista\/wp-content\/uploads\/2026\/09\/exec-d1e6e575-3748-4d30-a026-ef07e4883c11-75x75.png 75w, https:\/\/soymigrante.com\/revista\/wp-content\/uploads\/2026\/09\/exec-d1e6e575-3748-4d30-a026-ef07e4883c11-750x750.png 750w, https:\/\/soymigrante.com\/revista\/wp-content\/uploads\/2026\/09\/exec-d1e6e575-3748-4d30-a026-ef07e4883c11-1140x1140.png 1140w, https:\/\/soymigrante.com\/revista\/wp-content\/uploads\/2026\/09\/exec-d1e6e575-3748-4d30-a026-ef07e4883c11.png 1254w\" sizes=\"(max-width: 1024px) 100vw, 1024px\" \/>\t\t\t\t\t\t\t\t<\/a>\n\t\t\t\t\t\t\t\t\t\t\t\t\t\t\t<\/div>\n\t\t\t\t\t<\/div>\n\t\t\t\t<\/div>\n\t\t<div data-particle_enable=\"false\" data-particle-mobile-disabled=\"false\" class=\"elementor-element elementor-element-b5bbdfd e-flex e-con-boxed e-con e-parent\" data-id=\"b5bbdfd\" data-element_type=\"container\" data-e-type=\"container\">\n\t\t\t\t\t<div class=\"e-con-inner\">\n\t\t\t\t<div class=\"elementor-element elementor-element-c33704a elementor-widget elementor-widget-text-editor\" data-id=\"c33704a\" data-element_type=\"widget\" data-e-type=\"widget\" data-widget_type=\"text-editor.default\">\n\t\t\t\t\t\t\t\t\t<p>Para este ejemplar inaugural, al cual hemos numerado como &#8220;cero&#8221;, en honor a la civilizaci\u00f3n maya de Guatemala, seleccionamos los contenidos m\u00e1s vistos desde el nacimiento de SoyMigrante.com REVISTA.\u00a0<\/p><p>Pero tambi\u00e9n complementamos con historias contempor\u00e1neas y motivadoras como las del campe\u00f3n L\u00e9ster Mart\u00ednez o el actor Tony Revolori, para conectar las ra\u00edces de Guatemala con lo que est\u00e1 sucediendo hoy.<\/p>\t\t\t\t\t\t\t\t<\/div>\n\t\t\t\t\t<\/div>\n\t\t\t\t<\/div>\n\t\t<div data-particle_enable=\"false\" data-particle-mobile-disabled=\"false\" class=\"elementor-element elementor-element-1dac7c1 e-flex e-con-boxed e-con e-parent\" data-id=\"1dac7c1\" data-element_type=\"container\" data-e-type=\"container\">\n\t\t\t\t\t<div class=\"e-con-inner\">\n\t\t\t\t<div class=\"elementor-element elementor-element-3cb4fe6 elementor-widget elementor-widget-image\" data-id=\"3cb4fe6\" data-element_type=\"widget\" data-e-type=\"widget\" data-widget_type=\"image.default\">\n\t\t\t\t\t\t\t\t\t\t\t\t\t\t\t\t<a href=\"https:\/\/soymigrante.com\/revista\/wp-content\/uploads\/2026\/09\/SoyMigrante-REVISTA-00-Septiembre-2026.pdf?fbclid=IwY2xjawUGsExwZG9mBWV4dG4DYWVtAjEwAGJyaWQRMWdFcmRoR3hOdVJRTGN4clFzcnRjBmFwcF9pZBAyMjIwMzkxNzg4MjAwODkyAAEey5DlCrCk2aYASXaKUJkf-xzOr3BuPXp8vuCUJvJDGGsksFxnC7fIEP-d1hE_aem_veCrprGXpY88EDEglcxZTg\">\n\t\t\t\t\t\t\t<img decoding=\"async\" width=\"1024\" height=\"1024\" src=\"https:\/\/soymigrante.com\/revista\/wp-content\/uploads\/2026\/09\/ig-carousel-02-1024x1024.png\" class=\"attachment-large size-large wp-image-63720\" alt=\"Publicidad: tel\u00e9fono mostrando una portada de revista con tema de Guatemala y el lema &apos;GUATEMALA QUE LLEVAMOS CON NOSOTROS&apos; sobre fondo azul, junto al texto grande &apos;SIN ZOOM. SIN LETRA PEQUE\u00d1A.&apos;\" srcset=\"https:\/\/soymigrante.com\/revista\/wp-content\/uploads\/2026\/09\/ig-carousel-02-1024x1024.png 1024w, https:\/\/soymigrante.com\/revista\/wp-content\/uploads\/2026\/09\/ig-carousel-02-300x300.png 300w, https:\/\/soymigrante.com\/revista\/wp-content\/uploads\/2026\/09\/ig-carousel-02-150x150.png 150w, https:\/\/soymigrante.com\/revista\/wp-content\/uploads\/2026\/09\/ig-carousel-02-768x768.png 768w, https:\/\/soymigrante.com\/revista\/wp-content\/uploads\/2026\/09\/ig-carousel-02-75x75.png 75w, https:\/\/soymigrante.com\/revista\/wp-content\/uploads\/2026\/09\/ig-carousel-02-750x750.png 750w, https:\/\/soymigrante.com\/revista\/wp-content\/uploads\/2026\/09\/ig-carousel-02.png 1080w\" sizes=\"(max-width: 1024px) 100vw, 1024px\" \/>\t\t\t\t\t\t\t\t<\/a>\n\t\t\t\t\t\t\t\t\t\t\t\t\t\t\t<\/div>\n\t\t\t\t\t<\/div>\n\t\t\t\t<\/div>\n\t\t<div data-particle_enable=\"false\" data-particle-mobile-disabled=\"false\" class=\"elementor-element elementor-element-1cb0bed e-flex e-con-boxed e-con e-parent\" data-id=\"1cb0bed\" data-element_type=\"container\" data-e-type=\"container\">\n\t\t\t\t\t<div class=\"e-con-inner\">\n\t\t\t\t<div class=\"elementor-element elementor-element-a6105f7 elementor-widget elementor-widget-eael-creative-button\" data-id=\"a6105f7\" data-element_type=\"widget\" data-e-type=\"widget\" data-widget_type=\"eael-creative-button.default\">\n\t\t\t\t\t        <div class=\"eael-creative-button-wrapper\">\n\n            <a class=\"eael-creative-button eael-creative-button--default eael-cb-icon-position-left\" href=\"https:\/\/l.facebook.com\/l.php?u=https%3A%2F%2Fwhatsapp.com%2Fchannel%2F0029VbDmvCk1noz5jyfkeM0b%3Ffbclid%3DIwcGRvZgVleHRuA2FlbQIxMABicmlkETFva3dwUTVJcnB0c2Vjbkozc3J0YwZhcHBfaWQQMjIyMDM5MTc4ODIwMDg5MgABHib5voORqnbIbh0VipwYSe4NLfig7CKv0Kx0MhjgoG6hqIuvbENzYE5gJPmp_aem_JiXqNbWGpFlzvOI_8Jj7WQ&#038;h=AUBzUOf4J8YRag0FGNycfKgUfaIh7WpnkzfsWYEmd0mhWG5bLygGiNdp39VUylHDP2EULPE8t1LTTdZjOcEWafOglqImn933l5CFwATB3h_0S3dj69pg7b6Ve-w3jYqGhl65QsZ27p_H4ssM6fDmabqNhkv66Q&#038;__tn__=-UK-R&#038;c%5B0%5D=AUC1ssKLIW54OTkeCKGN4Jn_hYqi--gp-YJd8IwjMwbxvqYRv-d_Cr1l8Y9QQJB_RIrHByucZA4j4eZNlSmz5w5sj7-v_3JgmpwA8_GjMDxS3VhnPNM2YGKFEEP9jAENcNmTH9lxd1LIVG4s2mXSF9DgIWiiQeW1R8xpxcOzc3zBcEXmyq3JXHRCQxEvYZi2bYOG5zLg2eDl88pQn9k2TUfQIw\" data-text=\" \">\n            \t    \n                <div class=\"creative-button-inner\">\n\n                                            <span class=\"eael-creative-button-icon-left\"><i aria-hidden=\"true\" class=\"fab fa-whatsapp\"><\/i><\/span>                    \n                    <span class=\"cretive-button-text\">S\u00daMATE AQU\u00cd AL CANAL DE SOYMIGRANTE.COM REVISTA Y RECIBE GRATIS EL PDF<\/span>\n\n                                    <\/div>\n\t                        <\/a>\n        <\/div>\n        \t\t\t\t<\/div>\n\t\t\t\t\t<\/div>\n\t\t\t\t<\/div>\n\t\t<div data-particle_enable=\"false\" data-particle-mobile-disabled=\"false\" class=\"elementor-element elementor-element-ed719fa e-flex e-con-boxed e-con e-parent\" data-id=\"ed719fa\" data-element_type=\"container\" data-e-type=\"container\">\n\t\t\t\t\t<div class=\"e-con-inner\">\n\t\t\t\t<div class=\"elementor-element elementor-element-7a7ad1d elementor-widget elementor-widget-text-editor\" data-id=\"7a7ad1d\" data-element_type=\"widget\" data-e-type=\"widget\" data-widget_type=\"text-editor.default\">\n\t\t\t\t\t\t\t\t\t<p>Lanzamos a volar esta idea en Septiembre porque&nbsp; integra identidad guatemalteca, tradiciones, s\u00edmbolos patrios, m\u00fasica, cultura popular, pasado y presente, pueblos danzas, talento, emprendimiento y m\u00e1s.&nbsp; Esperamos sea de tu agrado.<\/p>\n<p>El PDF permite guardar la revista para disfrutarla en un momento libre y tambi\u00e9n compartirla f\u00e1cilmente con familiares y amigos, en Guatemala o en cualquier lugar del mundo.&nbsp;&nbsp;Es all\u00ed donde te decimos que eres part\u00edcipe del <a href=\"https:\/\/soymigrante.com\/revista\/tag\/con-sana-actitud\/\">crecimiento<\/a>.&nbsp;<\/p>\n<p>Si te gusta el contenido, nos puedes ayudar reenviando el mensaje <a href=\"https:\/\/soymigrante.com\/revista\/tag\/con-sana-actitud\/\">positivo <\/a>y propositivo a m\u00e1s guatemaltecos. Tambi\u00e9n nos puedes comentar qu\u00e9 te parece y c\u00f3mo podemos mejorar.<\/p>\t\t\t\t\t\t\t\t<\/div>\n\t\t\t\t\t<\/div>\n\t\t\t\t<\/div>\n\t\t<div data-particle_enable=\"false\" data-particle-mobile-disabled=\"false\" class=\"elementor-element elementor-element-86a4188 e-flex e-con-boxed e-con e-parent\" data-id=\"86a4188\" data-element_type=\"container\" data-e-type=\"container\">\n\t\t\t\t\t<div class=\"e-con-inner\">\n\t\t\t\t<div class=\"elementor-element elementor-element-7158476 elementor-widget elementor-widget-image\" data-id=\"7158476\" data-element_type=\"widget\" data-e-type=\"widget\" data-widget_type=\"image.default\">\n\t\t\t\t\t\t\t\t\t\t\t\t\t\t\t<img loading=\"lazy\" decoding=\"async\" width=\"1140\" height=\"599\" src=\"https:\/\/soymigrante.com\/revista\/wp-content\/uploads\/2026\/09\/facebook-post-1140x599.png\" class=\"attachment-large size-large wp-image-63714\" alt=\"Smartphone displaying a colorful magazine cover &apos;Guatemala que llevamos con nosotros&apos; against a gradient background. Title: &apos;Historias de Guatemala, directo a tu tel\u00e9fono&apos;.\" srcset=\"https:\/\/soymigrante.com\/revista\/wp-content\/uploads\/2026\/09\/facebook-post-1140x599.png 1140w, https:\/\/soymigrante.com\/revista\/wp-content\/uploads\/2026\/09\/facebook-post-300x158.png 300w, https:\/\/soymigrante.com\/revista\/wp-content\/uploads\/2026\/09\/facebook-post-768x403.png 768w, https:\/\/soymigrante.com\/revista\/wp-content\/uploads\/2026\/09\/facebook-post-750x394.png 750w, https:\/\/soymigrante.com\/revista\/wp-content\/uploads\/2026\/09\/facebook-post.png 1200w\" sizes=\"(max-width: 1140px) 100vw, 1140px\" \/>\t\t\t\t\t\t\t\t\t\t\t\t\t\t\t<\/div>\n\t\t\t\t\t<\/div>\n\t\t\t\t<\/div>\n\t\t<div data-particle_enable=\"false\" data-particle-mobile-disabled=\"false\" class=\"elementor-element elementor-element-57edd72 e-flex e-con-boxed e-con e-parent\" data-id=\"57edd72\" data-element_type=\"container\" data-e-type=\"container\">\n\t\t\t\t\t<div class=\"e-con-inner\">\n\t\t\t\t<div class=\"elementor-element elementor-element-57df038 elementor-widget elementor-widget-text-editor\" data-id=\"57df038\" data-element_type=\"widget\" data-e-type=\"widget\" data-widget_type=\"text-editor.default\">\n\t\t\t\t\t\t\t\t\t<p>Aqu\u00ed en SoyMigrante.com estamos para servirte. Esta edici\u00f3n cero es un nuevo comienzo, con una forma innovadora de contar, de hacer viajar las historias de Guatemala y mostrar el alto vuelo de los guatemaltecos, <a href=\"https:\/\/soymigrante.com\/revista\/tag\/mercado-emprendedores\/\">dentro <\/a>o <a href=\"https:\/\/soymigrante.com\/revista\/category\/exitos\/guatemala\/\">fuera <\/a>de sus fronteras.<\/p><p><a href=\"https:\/\/www.whatsapp.com\/channel\/0029VbDmvCk1noz5jyfkeM0b?fbclid=IwY2xjawUGqaxwZG9mBWV4dG4DYWVtAjEwAGJyaWQRMW9rd3BRNUlycHRzZWNuSjNzcnRjBmFwcF9pZBAyMjIwMzkxNzg4MjAwODkyAAEeJvm-g5GqdshuHRWKnBhJ7g0t-KDsIq_QrHQyGOCgbqGoi69sQ3NgTmAk-ak_aem_JiXqNbWGpFlzvOI_8Jj7WQ\">S\u00famate aqu\u00ed al canal Whatsapp de SoyMigrante REVISTA<\/a><\/p>\t\t\t\t\t\t\t\t<\/div>\n\t\t\t\t\t<\/div>\n\t\t\t\t<\/div>\n\t\t\t\t<\/div>\n\t\t","protected":false},"excerpt":{"rendered":"<p>Siempre en busca de servir mejor cada vez a m\u00e1s lectores, sin fronteras y con innovaci\u00f3n lanzamos el n\u00famero cero de SoyMigrante.com REVISTA en formado PDF especial para m\u00f3vil. Recibe gratis, lee, comparte y dinos qu\u00e9 te parece. Estamos en Septiembre, mes de Guatemala. Pensando en qu\u00e9 hacer para llevar m\u00e1s alto y m\u00e1s lejos [&hellip;]<\/p>\n","protected":false},"author":1,"featured_media":63715,"comment_status":"open","ping_status":"open","sticky":false,"template":"","format":"standard","meta":{"_acf_changed":false,"_eb_attr":"","footnotes":""},"categories":[126],"tags":[333],"class_list":["post-63825","post","type-post","status-publish","format-standard","has-post-thumbnail","hentry","category-editorial","tag-ediciones-moviles"],"acf":[],"aioseo_notices":[],"aioseo_head":"\n\t\t<!-- All in One SEO Pro 5.0.1.1 - aioseo.com -->\n\t<meta name=\"description\" content=\"Siempre en busca de servir mejor cada vez a m\u00e1s lectores, sin fronteras y con innovaci\u00f3n lanzamos el n\u00famero cero de SoyMigrante.com REVISTA en formado PDF especial para m\u00f3vil. Recibe gratis, lee, comparte y dinos qu\u00e9 te parece. Estamos en Septiembre, mes de Guatemala. Pensando en qu\u00e9 hacer para llevar m\u00e1s alto y m\u00e1s lejos\" \/>\n\t<meta name=\"robots\" content=\"max-snippet:-1, max-image-preview:large, max-video-preview:-1\" \/>\n\t<meta name=\"author\" content=\"SoyMigrante.com REVISTA\"\/>\n\t<link rel=\"canonical\" href=\"https:\/\/soymigrante.com\/revista\/ahora-soymigrante-com-revista-en-pdf-para-smarphone-recibela-gratis-lee-y-comparte\/\" \/>\n\t<meta name=\"generator\" content=\"All in One SEO Pro (AIOSEO) 5.0.1.1\" \/>\n\n\t\t<link rel=\"preconnect\" href=\"https:\/\/fonts.googleapis.com\" crossorigin>\n<link rel=\"preconnect\" href=\"https:\/\/fonts.gstatic.com\" crossorigin>\n\t\t<meta property=\"og:locale\" content=\"es_ES\" \/>\n\t\t<meta property=\"og:site_name\" content=\"SoyMigrante.com REVISTA \u2013 Nuestra misi\u00f3n es reconocer y dignificar al migrante.\" \/>\n\t\t<meta property=\"og:type\" content=\"article\" \/>\n\t\t<meta property=\"og:title\" content=\"Ahora SoyMigrante.com REVISTA en formato PDF para smarphone\" \/>\n\t\t<meta property=\"og:description\" content=\"Recibe, disfruta y comparte m\u00e1s de Guatemala sin fronteras a trav\u00e9s de Whatsapp en un formato amigable para celular. Una edici\u00f3n distinta para servirte mejor.\" \/>\n\t\t<meta property=\"og:url\" content=\"https:\/\/soymigrante.com\/revista\/ahora-soymigrante-com-revista-en-pdf-para-smarphone-recibela-gratis-lee-y-comparte\/\" \/>\n\t\t<meta property=\"og:image\" content=\"https:\/\/soymigrante.com\/revista\/wp-content\/uploads\/2026\/09\/ig-carousel-05.png\" \/>\n\t\t<meta property=\"og:image:secure_url\" content=\"https:\/\/soymigrante.com\/revista\/wp-content\/uploads\/2026\/09\/ig-carousel-05.png\" \/>\n\t\t<meta property=\"og:image:width\" content=\"1080\" \/>\n\t\t<meta property=\"og:image:height\" content=\"1080\" \/>\n\t\t<meta property=\"article:published_time\" content=\"2026-09-03T19:38:35+00:00\" \/>\n\t\t<meta property=\"article:modified_time\" content=\"2026-09-04T02:59:31+00:00\" \/>\n\t\t<meta property=\"article:publisher\" content=\"https:\/\/www.facebook.com\/soymigrantecom\" \/>\n\t\t<meta name=\"twitter:card\" content=\"summary_large_image\" \/>\n\t\t<meta name=\"twitter:site\" content=\"@SoyMigrante_com\" \/>\n\t\t<meta name=\"twitter:title\" content=\"Ahora SoyMigrante.com REVISTA en formato PDF para smarphone\" \/>\n\t\t<meta name=\"twitter:description\" content=\"Recibe, disfruta y comparte m\u00e1s de Guatemala sin fronteras a trav\u00e9s de Whatsapp en un formato amigable para celular. Una edici\u00f3n distinta para servirte mejor.\" \/>\n\t\t<meta name=\"twitter:creator\" content=\"@SoyMigrante_com\" \/>\n\t\t<meta name=\"twitter:image\" content=\"https:\/\/soymigrante.com\/revista\/wp-content\/uploads\/2026\/09\/ig-carousel-05.png\" \/>\n\t\t<!-- All in One SEO Pro -->\r\n\t\t<title>Ahora SoyMigrante.com REVISTA en PDF para smarphone: rec\u00edbela gratis, lee y comparte<\/title>\n\n","aioseo_head_json":{"title":"Ahora SoyMigrante.com REVISTA en PDF para smarphone: rec\u00edbela gratis, lee y comparte","description":"Siempre en busca de servir mejor cada vez a m\u00e1s lectores, sin fronteras y con innovaci\u00f3n lanzamos el n\u00famero cero de SoyMigrante.com REVISTA en formado PDF especial para m\u00f3vil. Recibe gratis, lee, comparte y dinos qu\u00e9 te parece. Estamos en Septiembre, mes de Guatemala. Pensando en qu\u00e9 hacer para llevar m\u00e1s alto y m\u00e1s lejos","canonical_url":"https:\/\/soymigrante.com\/revista\/ahora-soymigrante-com-revista-en-pdf-para-smarphone-recibela-gratis-lee-y-comparte\/","robots":"max-snippet:-1, max-image-preview:large, max-video-preview:-1","keywords":"","webmasterTools":{"miscellaneous":"&lt;link rel=\"preconnect\" href=\"https:\/\/fonts.googleapis.com\" crossorigin&gt;\n&lt;link rel=\"preconnect\" href=\"https:\/\/fonts.gstatic.com\" crossorigin&gt;"},"schema":null,"og:locale":"es_ES","og:site_name":"SoyMigrante.com REVISTA \u2013 Nuestra misi\u00f3n es reconocer y dignificar al migrante.","og:type":"article","og:title":"Ahora SoyMigrante.com REVISTA en formato PDF para smarphone","og:description":"Recibe, disfruta y comparte m\u00e1s de Guatemala sin fronteras a trav\u00e9s de Whatsapp en un formato amigable para celular. Una edici\u00f3n distinta para servirte mejor.","og:url":"https:\/\/soymigrante.com\/revista\/ahora-soymigrante-com-revista-en-pdf-para-smarphone-recibela-gratis-lee-y-comparte\/","og:image":"https:\/\/soymigrante.com\/revista\/wp-content\/uploads\/2026\/09\/ig-carousel-05.png","og:image:secure_url":"https:\/\/soymigrante.com\/revista\/wp-content\/uploads\/2026\/09\/ig-carousel-05.png","og:image:width":1080,"og:image:height":1080,"article:published_time":"2026-09-03T19:38:35+00:00","article:modified_time":"2026-09-04T02:59:31+00:00","article:publisher":"https:\/\/www.facebook.com\/soymigrantecom","twitter:card":"summary_large_image","twitter:site":"@SoyMigrante_com","twitter:title":"Ahora SoyMigrante.com REVISTA en formato PDF para smarphone","twitter:description":"Recibe, disfruta y comparte m\u00e1s de Guatemala sin fronteras a trav\u00e9s de Whatsapp en un formato amigable para celular. Una edici\u00f3n distinta para servirte mejor.","twitter:creator":"@SoyMigrante_com","twitter:image":"https:\/\/soymigrante.com\/revista\/wp-content\/uploads\/2026\/09\/ig-carousel-05.png"},"aioseo_meta_data":{"post_id":"63825","title":null,"description":null,"keywords":null,"keyphrases":{"focus":{"keyphrase":"","score":0,"analysis":{"keyphraseInTitle":{"score":0,"maxScore":9,"error":1}}},"additional":[]},"primary_term":null,"canonical_url":null,"og_title":"Ahora SoyMigrante.com REVISTA en formato PDF para smarphone","og_description":"Recibe, disfruta y comparte m\u00e1s de Guatemala sin fronteras a trav\u00e9s de Whatsapp en un formato amigable para celular. Una edici\u00f3n distinta para servirte mejor.","og_object_type":"default","og_image_type":"default","og_image_url":null,"og_image_width":null,"og_image_height":null,"og_image_custom_url":null,"og_image_custom_fields":null,"og_video":"","og_custom_url":null,"og_article_section":null,"og_article_tags":null,"twitter_use_og":false,"twitter_card":"default","twitter_image_type":"default","twitter_image_url":null,"twitter_image_custom_url":null,"twitter_image_custom_fields":null,"twitter_title":null,"twitter_description":null,"schema":{"blockGraphs":[],"customGraphs":[],"default":{"data":{"Article":[],"Course":[],"Dataset":[],"FAQPage":[],"Movie":[],"Person":[],"Product":[],"ProductReview":[],"Car":[],"Recipe":[],"Service":[],"SoftwareApplication":[],"WebPage":[]},"graphName":"NewsArticle","isEnabled":true},"graphs":[]},"schema_type":"default","schema_type_options":null,"pillar_content":false,"robots_default":true,"robots_noindex":false,"robots_noarchive":false,"robots_nosnippet":false,"robots_nofollow":false,"robots_noimageindex":false,"robots_noodp":false,"robots_notranslate":false,"robots_max_snippet":"-1","robots_max_videopreview":"-1","robots_max_imagepreview":"large","priority":null,"frequency":"default","local_seo":null,"seo_analyzer_scan_date":"2026-09-04 02:59:39","breadcrumb_settings":null,"limit_modified_date":false,"reviewed_by":"0","open_ai":null,"ai":{"faqs":[],"keyPoints":[],"schemas":[],"titles":[],"descriptions":[],"socialPosts":{"email":{"subject":"","preview":"","content":""},"linkedin":[],"twitter":[],"facebook":[],"instagram":[]}},"created":"2026-09-03 18:40:36","updated":"2026-09-04 03:02:39","focus_keyword":null,"additional_keywords":null,"truseo_locale":null},"aioseo_breadcrumb":"<div class=\"aioseo-breadcrumbs\"><span class=\"aioseo-breadcrumb\">\n\t<a href=\"https:\/\/soymigrante.com\/revista\" title=\"Home\">Home<\/a>\n<\/span><span class=\"aioseo-breadcrumb-separator\">\u00bb<\/span><span class=\"aioseo-breadcrumb\">\n\t<a href=\"https:\/\/soymigrante.com\/revista\/category\/estamos-unidos\/\" title=\"Estamos Unidos\">Estamos Unidos<\/a>\n<\/span><span class=\"aioseo-breadcrumb-separator\">\u00bb<\/span><span class=\"aioseo-breadcrumb\">\n\t<a href=\"https:\/\/soymigrante.com\/revista\/category\/estamos-unidos\/editorial\/\" title=\"Editorial\">Editorial<\/a>\n<\/span><span class=\"aioseo-breadcrumb-separator\">\u00bb<\/span><span class=\"aioseo-breadcrumb\">\n\tAhora SoyMigrante.com REVISTA en PDF para smarphone: rec\u00edbela gratis, lee y comparte\n<\/span><\/div>","aioseo_breadcrumb_json":[{"label":"Home","link":"https:\/\/soymigrante.com\/revista"},{"label":"Estamos Unidos","link":"https:\/\/soymigrante.com\/revista\/category\/estamos-unidos\/"},{"label":"Editorial","link":"https:\/\/soymigrante.com\/revista\/category\/estamos-unidos\/editorial\/"},{"label":"Ahora SoyMigrante.com REVISTA en PDF para smarphone: rec\u00edbela gratis, lee y comparte","link":"https:\/\/soymigrante.com\/revista\/ahora-soymigrante-com-revista-en-pdf-para-smarphone-recibela-gratis-lee-y-comparte\/"}],"_links":{"self":[{"href":"https:\/\/soymigrante.com\/revista\/wp-json\/wp\/v2\/posts\/63825","targetHints":{"allow":["GET"]}}],"collection":[{"href":"https:\/\/soymigrante.com\/revista\/wp-json\/wp\/v2\/posts"}],"about":[{"href":"https:\/\/soymigrante.com\/revista\/wp-json\/wp\/v2\/types\/post"}],"author":[{"embeddable":true,"href":"https:\/\/soymigrante.com\/revista\/wp-json\/wp\/v2\/users\/1"}],"replies":[{"embeddable":true,"href":"https:\/\/soymigrante.com\/revista\/wp-json\/wp\/v2\/comments?post=63825"}],"version-history":[{"count":27,"href":"https:\/\/soymigrante.com\/revista\/wp-json\/wp\/v2\/posts\/63825\/revisions"}],"predecessor-version":[{"id":63862,"href":"https:\/\/soymigrante.com\/revista\/wp-json\/wp\/v2\/posts\/63825\/revisions\/63862"}],"wp:featuredmedia":[{"embeddable":true,"href":"https:\/\/soymigrante.com\/revista\/wp-json\/wp\/v2\/media\/63715"}],"wp:attachment":[{"href":"https:\/\/soymigrante.com\/revista\/wp-json\/wp\/v2\/media?parent=63825"}],"wp:term":[{"taxonomy":"category","embeddable":true,"href":"https:\/\/soymigrante.com\/revista\/wp-json\/wp\/v2\/categories?post=63825"},{"taxonomy":"post_tag","embeddable":true,"href":"https:\/\/soymigrante.com\/revista\/wp-json\/wp\/v2\/tags?post=63825"}],"curies":[{"name":"wp","href":"https:\/\/api.w.org\/{rel}","templated":true}]}}