{"id":63738,"date":"2026-09-03T20:53:07","date_gmt":"2026-09-04T02:53:07","guid":{"rendered":"https:\/\/soymigrante.com\/revista\/?p=63738"},"modified":"2026-09-03T20:58:46","modified_gmt":"2026-09-04T02:58:46","slug":"edicion-movil-00-septiembre-2026","status":"publish","type":"post","link":"https:\/\/soymigrante.com\/revista\/edicion-movil-00-septiembre-2026\/","title":{"rendered":"Guatemala para llevar: primera edici\u00f3n m\u00f3vil de REVISTA"},"content":{"rendered":"\t\t<div data-elementor-type=\"wp-post\" data-elementor-id=\"63738\" class=\"elementor elementor-63738\" data-elementor-post-type=\"post\">\n\t\t\t\t<div data-particle_enable=\"false\" data-particle-mobile-disabled=\"false\" class=\"elementor-element elementor-element-32228f4 e-flex e-con-boxed e-con e-parent\" data-id=\"32228f4\" data-element_type=\"container\" data-e-type=\"container\">\n\t\t\t\t\t<div class=\"e-con-inner\">\n\t\t\t\t<div class=\"elementor-element elementor-element-7d6e6f7 elementor-widget elementor-widget-heading\" data-id=\"7d6e6f7\" data-element_type=\"widget\" data-e-type=\"widget\" data-widget_type=\"heading.default\">\n\t\t\t\t\t<h3 class=\"elementor-heading-title elementor-size-default\">REVISTA estrena una edici\u00f3n creada especialmente para leer y compartir desde el tel\u00e9fono.<\/h3>\t\t\t\t<\/div>\n\t\t\t\t<div class=\"elementor-element elementor-element-ad28278 elementor-widget elementor-widget-text-editor\" data-id=\"ad28278\" data-element_type=\"widget\" data-e-type=\"widget\" data-widget_type=\"text-editor.default\">\n\t\t\t\t\t\t\t\t\t<p><em>Guatemala que llevamos con nosotros<\/em>, N.\u00ba 00, re\u00fane historias sobre identidad, m\u00fasica, tradici\u00f3n y talento guatemalteco en un formato breve, visual y f\u00e1cil de compartir.<\/p><p>24 p\u00e1ginas \u00b7 PDF gratuito \u00b7 Dise\u00f1ado para tel\u00e9fonos<\/p>\t\t\t\t\t\t\t\t<\/div>\n\t\t\t\t\t<\/div>\n\t\t\t\t<\/div>\n\t\t<div data-particle_enable=\"false\" data-particle-mobile-disabled=\"false\" class=\"elementor-element elementor-element-b3804cf e-flex e-con-boxed e-con e-parent\" data-id=\"b3804cf\" data-element_type=\"container\" data-e-type=\"container\">\n\t\t\t\t\t<div class=\"e-con-inner\">\n\t\t\t\t<div class=\"elementor-element elementor-element-5a661e0 elementor-align-center elementor-widget elementor-widget-button\" data-id=\"5a661e0\" data-element_type=\"widget\" data-e-type=\"widget\" data-widget_type=\"button.default\">\n\t\t\t\t\t\t\t\t\t\t<a class=\"elementor-button elementor-button-link elementor-size-sm\" href=\"https:\/\/soymigrante.com\/revista\/wp-content\/uploads\/2026\/09\/SoyMigrante-REVISTA-00-Septiembre-2026.pdf\" id=\"revista-open\">\n\t\t\t\t\t\t<span class=\"elementor-button-content-wrapper\">\n\t\t\t\t\t\t<span class=\"elementor-button-icon\">\n\t\t\t\t<i aria-hidden=\"true\" class=\"fas fa-cloud-download-alt\"><\/i>\t\t\t<\/span>\n\t\t\t\t\t\t\t\t\t<span class=\"elementor-button-text\">Descargar la edici\u00f3n m\u00f3vil<\/span>\n\t\t\t\t\t<\/span>\n\t\t\t\t\t<\/a>\n\t\t\t\t\t\t\t\t<\/div>\n\t\t\t\t<div class=\"elementor-element elementor-element-3104727 elementor-widget elementor-widget-text-editor\" data-id=\"3104727\" data-element_type=\"widget\" data-e-type=\"widget\" data-widget_type=\"text-editor.default\">\n\t\t\t\t\t\t\t\t\t<p>Comp\u00e1rtela con alguien que tambi\u00e9n lleva a Guatemala consigo.<\/p>\t\t\t\t\t\t\t\t<\/div>\n\t\t\t\t<div class=\"elementor-element elementor-element-266e45e elementor-align-center elementor-widget elementor-widget-button\" data-id=\"266e45e\" data-element_type=\"widget\" data-e-type=\"widget\" data-widget_type=\"button.default\">\n\t\t\t\t\t\t\t\t\t\t<a class=\"elementor-button elementor-button-link elementor-size-sm\" href=\"https:\/\/www.whatsapp.com\/channel\/0029VbDmvCk1noz5jyfkeM0b\" id=\"revista-open\">\n\t\t\t\t\t\t<span class=\"elementor-button-content-wrapper\">\n\t\t\t\t\t\t<span class=\"elementor-button-icon\">\n\t\t\t\t<i aria-hidden=\"true\" class=\"fab fa-whatsapp\"><\/i>\t\t\t<\/span>\n\t\t\t\t\t\t\t\t\t<span class=\"elementor-button-text\">\u00danete y recibe el pdf gratis<\/span>\n\t\t\t\t\t<\/span>\n\t\t\t\t\t<\/a>\n\t\t\t\t\t\t\t\t<\/div>\n\t\t\t\t\t<\/div>\n\t\t\t\t<\/div>\n\t\t\t\t<\/div>\n\t\t","protected":false},"excerpt":{"rendered":"<p>REVISTA estrena una edici\u00f3n creada especialmente para leer y compartir desde el tel\u00e9fono. Guatemala que llevamos con nosotros, N.\u00ba 00, re\u00fane historias sobre identidad, m\u00fasica, tradici\u00f3n y talento guatemalteco en un formato breve, visual y f\u00e1cil de compartir. 24 p\u00e1ginas \u00b7 PDF gratuito \u00b7 Dise\u00f1ado para tel\u00e9fonos Descargar la edici\u00f3n m\u00f3vil Comp\u00e1rtela con alguien que [&hellip;]<\/p>\n","protected":false},"author":1,"featured_media":63772,"comment_status":"open","ping_status":"open","sticky":false,"template":"","format":"standard","meta":{"_acf_changed":false,"_eb_attr":"","footnotes":""},"categories":[54],"tags":[333],"class_list":["post-63738","post","type-post","status-publish","format-standard","has-post-thumbnail","hentry","category-estamos-unidos","tag-ediciones-moviles"],"acf":[],"aioseo_notices":[],"aioseo_head":"\n\t\t<!-- All in One SEO Pro 5.0.1.1 - aioseo.com -->\n\t<meta name=\"description\" content=\"Descubre la primera edici\u00f3n m\u00f3vil de REVISTA: historias de cultura, identidad y talento guatemalteco para leer y compartir desde el tel\u00e9fono.\" \/>\n\t<meta name=\"robots\" content=\"max-snippet:-1, max-image-preview:large, max-video-preview:-1\" \/>\n\t<meta name=\"author\" content=\"SoyMigrante.com REVISTA\"\/>\n\t<link rel=\"canonical\" href=\"https:\/\/soymigrante.com\/revista\/edicion-movil-00-septiembre-2026\/\" \/>\n\t<meta name=\"generator\" content=\"All in One SEO Pro (AIOSEO) 5.0.1.1\" \/>\n\n\t\t<link rel=\"preconnect\" href=\"https:\/\/fonts.googleapis.com\" crossorigin>\n<link rel=\"preconnect\" href=\"https:\/\/fonts.gstatic.com\" crossorigin>\n\t\t<meta property=\"og:locale\" content=\"es_ES\" \/>\n\t\t<meta property=\"og:site_name\" content=\"SoyMigrante.com REVISTA \u2013 Nuestra misi\u00f3n es reconocer y dignificar al migrante.\" \/>\n\t\t<meta property=\"og:type\" content=\"article\" \/>\n\t\t<meta property=\"og:title\" content=\"Guatemala para llevar: primera edici\u00f3n m\u00f3vil de REVISTA\" \/>\n\t\t<meta property=\"og:description\" content=\"Descubre la primera edici\u00f3n m\u00f3vil de REVISTA: historias de cultura, identidad y talento guatemalteco para leer y compartir desde el tel\u00e9fono.\" \/>\n\t\t<meta property=\"og:url\" content=\"https:\/\/soymigrante.com\/revista\/edicion-movil-00-septiembre-2026\/\" \/>\n\t\t<meta property=\"og:image\" content=\"https:\/\/soymigrante.com\/revista\/wp-content\/uploads\/2026\/09\/exec-0094132e-20c7-416b-bd4f-ba7dad16e951.png\" \/>\n\t\t<meta property=\"og:image:secure_url\" content=\"https:\/\/soymigrante.com\/revista\/wp-content\/uploads\/2026\/09\/exec-0094132e-20c7-416b-bd4f-ba7dad16e951.png\" \/>\n\t\t<meta property=\"og:image:width\" content=\"1254\" \/>\n\t\t<meta property=\"og:image:height\" content=\"1254\" \/>\n\t\t<meta property=\"article:published_time\" content=\"2026-09-04T02:53:07+00:00\" \/>\n\t\t<meta property=\"article:modified_time\" content=\"2026-09-04T02:58:46+00:00\" \/>\n\t\t<meta property=\"article:publisher\" content=\"https:\/\/www.facebook.com\/soymigrantecom\" \/>\n\t\t<meta name=\"twitter:card\" content=\"summary_large_image\" \/>\n\t\t<meta name=\"twitter:site\" content=\"@SoyMigrante_com\" \/>\n\t\t<meta name=\"twitter:title\" content=\"Guatemala para llevar: primera edici\u00f3n m\u00f3vil de REVISTA\" \/>\n\t\t<meta name=\"twitter:description\" content=\"Descubre la primera edici\u00f3n m\u00f3vil de REVISTA: historias de cultura, identidad y talento guatemalteco para leer y compartir desde el tel\u00e9fono.\" \/>\n\t\t<meta name=\"twitter:creator\" content=\"@SoyMigrante_com\" \/>\n\t\t<meta name=\"twitter:image\" content=\"https:\/\/soymigrante.com\/revista\/wp-content\/uploads\/2026\/09\/exec-0094132e-20c7-416b-bd4f-ba7dad16e951.png\" \/>\n\t\t<!-- All in One SEO Pro -->\r\n\t\t<title>Guatemala para llevar: primera edici\u00f3n m\u00f3vil de REVISTA<\/title>\n\n","aioseo_head_json":{"title":"Guatemala para llevar: primera edici\u00f3n m\u00f3vil de REVISTA","description":"Descubre la primera edici\u00f3n m\u00f3vil de REVISTA: historias de cultura, identidad y talento guatemalteco para leer y compartir desde el tel\u00e9fono.","canonical_url":"https:\/\/soymigrante.com\/revista\/edicion-movil-00-septiembre-2026\/","robots":"max-snippet:-1, max-image-preview:large, max-video-preview:-1","keywords":"","webmasterTools":{"miscellaneous":"&lt;link rel=\"preconnect\" href=\"https:\/\/fonts.googleapis.com\" crossorigin&gt;\n&lt;link rel=\"preconnect\" href=\"https:\/\/fonts.gstatic.com\" crossorigin&gt;"},"schema":null,"og:locale":"es_ES","og:site_name":"SoyMigrante.com REVISTA \u2013 Nuestra misi\u00f3n es reconocer y dignificar al migrante.","og:type":"article","og:title":"Guatemala para llevar: primera edici\u00f3n m\u00f3vil de REVISTA","og:description":"Descubre la primera edici\u00f3n m\u00f3vil de REVISTA: historias de cultura, identidad y talento guatemalteco para leer y compartir desde el tel\u00e9fono.","og:url":"https:\/\/soymigrante.com\/revista\/edicion-movil-00-septiembre-2026\/","og:image":"https:\/\/soymigrante.com\/revista\/wp-content\/uploads\/2026\/09\/exec-0094132e-20c7-416b-bd4f-ba7dad16e951.png","og:image:secure_url":"https:\/\/soymigrante.com\/revista\/wp-content\/uploads\/2026\/09\/exec-0094132e-20c7-416b-bd4f-ba7dad16e951.png","og:image:width":1254,"og:image:height":1254,"article:published_time":"2026-09-04T02:53:07+00:00","article:modified_time":"2026-09-04T02:58:46+00:00","article:publisher":"https:\/\/www.facebook.com\/soymigrantecom","twitter:card":"summary_large_image","twitter:site":"@SoyMigrante_com","twitter:title":"Guatemala para llevar: primera edici\u00f3n m\u00f3vil de REVISTA","twitter:description":"Descubre la primera edici\u00f3n m\u00f3vil de REVISTA: historias de cultura, identidad y talento guatemalteco para leer y compartir desde el tel\u00e9fono.","twitter:creator":"@SoyMigrante_com","twitter:image":"https:\/\/soymigrante.com\/revista\/wp-content\/uploads\/2026\/09\/exec-0094132e-20c7-416b-bd4f-ba7dad16e951.png"},"aioseo_meta_data":{"post_id":"63738","title":null,"description":"Descubre la primera edici\u00f3n m\u00f3vil de REVISTA: historias de cultura, identidad y talento guatemalteco para leer y compartir desde el tel\u00e9fono.","keywords":null,"keyphrases":{"focus":{"keyphrase":"","score":0,"analysis":{"keyphraseInTitle":{"score":0,"maxScore":9,"error":1}}},"additional":[]},"primary_term":null,"canonical_url":null,"og_title":null,"og_description":null,"og_object_type":"default","og_image_type":"default","og_image_url":null,"og_image_width":null,"og_image_height":null,"og_image_custom_url":null,"og_image_custom_fields":null,"og_video":"","og_custom_url":null,"og_article_section":null,"og_article_tags":null,"twitter_use_og":false,"twitter_card":"default","twitter_image_type":"default","twitter_image_url":null,"twitter_image_custom_url":null,"twitter_image_custom_fields":null,"twitter_title":null,"twitter_description":null,"schema":{"blockGraphs":[],"customGraphs":[],"default":{"data":{"Article":[],"Course":[],"Dataset":[],"FAQPage":[],"Movie":[],"Person":[],"Product":[],"ProductReview":[],"Car":[],"Recipe":[],"Service":[],"SoftwareApplication":[],"WebPage":[]},"graphName":"NewsArticle","isEnabled":true},"graphs":[]},"schema_type":"default","schema_type_options":null,"pillar_content":false,"robots_default":true,"robots_noindex":false,"robots_noarchive":false,"robots_nosnippet":false,"robots_nofollow":false,"robots_noimageindex":false,"robots_noodp":false,"robots_notranslate":false,"robots_max_snippet":"-1","robots_max_videopreview":"-1","robots_max_imagepreview":"large","priority":null,"frequency":"default","local_seo":null,"seo_analyzer_scan_date":"2026-09-04 02:59:38","breadcrumb_settings":null,"limit_modified_date":false,"reviewed_by":"0","open_ai":null,"ai":{"faqs":[],"keyPoints":[],"schemas":[],"titles":[],"descriptions":[],"socialPosts":{"email":{"subject":"","preview":"","content":""},"linkedin":[],"twitter":[],"facebook":[],"instagram":[]}},"created":"2026-09-03 03:13:09","updated":"2026-09-04 03:02:39","focus_keyword":null,"additional_keywords":null,"truseo_locale":null},"aioseo_breadcrumb":"<div class=\"aioseo-breadcrumbs\"><span class=\"aioseo-breadcrumb\">\n\t<a href=\"https:\/\/soymigrante.com\/revista\" title=\"Home\">Home<\/a>\n<\/span><span class=\"aioseo-breadcrumb-separator\">\u00bb<\/span><span class=\"aioseo-breadcrumb\">\n\t<a href=\"https:\/\/soymigrante.com\/revista\/category\/estamos-unidos\/\" title=\"Estamos Unidos\">Estamos Unidos<\/a>\n<\/span><span class=\"aioseo-breadcrumb-separator\">\u00bb<\/span><span class=\"aioseo-breadcrumb\">\n\tGuatemala para llevar: primera edici\u00f3n m\u00f3vil de REVISTA\n<\/span><\/div>","aioseo_breadcrumb_json":[{"label":"Home","link":"https:\/\/soymigrante.com\/revista"},{"label":"Estamos Unidos","link":"https:\/\/soymigrante.com\/revista\/category\/estamos-unidos\/"},{"label":"Guatemala para llevar: primera edici\u00f3n m\u00f3vil de REVISTA","link":"https:\/\/soymigrante.com\/revista\/edicion-movil-00-septiembre-2026\/"}],"_links":{"self":[{"href":"https:\/\/soymigrante.com\/revista\/wp-json\/wp\/v2\/posts\/63738","targetHints":{"allow":["GET"]}}],"collection":[{"href":"https:\/\/soymigrante.com\/revista\/wp-json\/wp\/v2\/posts"}],"about":[{"href":"https:\/\/soymigrante.com\/revista\/wp-json\/wp\/v2\/types\/post"}],"author":[{"embeddable":true,"href":"https:\/\/soymigrante.com\/revista\/wp-json\/wp\/v2\/users\/1"}],"replies":[{"embeddable":true,"href":"https:\/\/soymigrante.com\/revista\/wp-json\/wp\/v2\/comments?post=63738"}],"version-history":[{"count":40,"href":"https:\/\/soymigrante.com\/revista\/wp-json\/wp\/v2\/posts\/63738\/revisions"}],"predecessor-version":[{"id":63883,"href":"https:\/\/soymigrante.com\/revista\/wp-json\/wp\/v2\/posts\/63738\/revisions\/63883"}],"wp:featuredmedia":[{"embeddable":true,"href":"https:\/\/soymigrante.com\/revista\/wp-json\/wp\/v2\/media\/63772"}],"wp:attachment":[{"href":"https:\/\/soymigrante.com\/revista\/wp-json\/wp\/v2\/media?parent=63738"}],"wp:term":[{"taxonomy":"category","embeddable":true,"href":"https:\/\/soymigrante.com\/revista\/wp-json\/wp\/v2\/categories?post=63738"},{"taxonomy":"post_tag","embeddable":true,"href":"https:\/\/soymigrante.com\/revista\/wp-json\/wp\/v2\/tags?post=63738"}],"curies":[{"name":"wp","href":"https:\/\/api.w.org\/{rel}","templated":true}]}}