{"id":63706,"date":"2026-09-02T18:29:21","date_gmt":"2026-09-03T00:29:21","guid":{"rendered":"https:\/\/soymigrante.com\/revista\/?p=63706"},"modified":"2026-09-02T18:32:38","modified_gmt":"2026-09-03T00:32:38","slug":"canciones-de-guatemala-inspiradas-en-el-departamento-de-baja-verapaz","status":"publish","type":"post","link":"https:\/\/soymigrante.com\/revista\/canciones-de-guatemala-inspiradas-en-el-departamento-de-baja-verapaz\/","title":{"rendered":"Canciones de Guatemala inspiradas en el departamento de Baja Verapaz"},"content":{"rendered":"\t\t<div data-elementor-type=\"wp-post\" data-elementor-id=\"63706\" class=\"elementor elementor-63706\" data-elementor-post-type=\"post\">\n\t\t\t\t<div data-particle_enable=\"false\" data-particle-mobile-disabled=\"false\" class=\"elementor-element elementor-element-da45690 e-flex e-con-boxed e-con e-parent\" data-id=\"da45690\" data-element_type=\"container\" data-e-type=\"container\">\n\t\t\t\t\t<div class=\"e-con-inner\">\n\t\t\t\t<div class=\"elementor-element elementor-element-7271e08 elementor-widget elementor-widget-heading\" data-id=\"7271e08\" data-element_type=\"widget\" data-e-type=\"widget\" data-widget_type=\"heading.default\">\n\t\t\t\t\t<h3 class=\"elementor-heading-title elementor-size-default\">Baja Verapaz se puede recorrer en sus paisajes y sus tradiciones, pero tambi\u00e9n a trav\u00e9s de las canciones que se han dedicado a sus lugares emblem\u00e1ticos. Algunas son poco conocidas pero est\u00e1n all\u00ed con inspiraci\u00f3n y valores.<\/h3>\t\t\t\t<\/div>\n\t\t\t\t\t<\/div>\n\t\t\t\t<\/div>\n\t\t<div data-particle_enable=\"false\" data-particle-mobile-disabled=\"false\" class=\"elementor-element elementor-element-4159f1b e-flex e-con-boxed e-con e-parent\" data-id=\"4159f1b\" data-element_type=\"container\" data-e-type=\"container\">\n\t\t\t\t\t<div class=\"e-con-inner\">\n\t\t\t\t<div class=\"elementor-element elementor-element-a22a5c1 elementor-widget elementor-widget-text-editor\" data-id=\"a22a5c1\" data-element_type=\"widget\" data-e-type=\"widget\" data-widget_type=\"text-editor.default\">\n\t\t\t\t\t\t\t\t\t<p>Como todo terru\u00f1o, <a href=\"https:\/\/soymigrante.com\/revista\/baja-verapaz-tierra-de-trabajo-del-gran-rabinal-achi-y-el-salto-de-chilasco\/\">Baja Verapaz<\/a> y sus municipios inspiran composiciones que evocan nostalgia, cari\u00f1o, emoci\u00f3n y alegr\u00eda. Son piezas de poes\u00eda musicalizada que a menudo hace sonre\u00edr pero tambi\u00e9n llorar a quiene est\u00e1 ausente.<\/p><p>Estas canciones son algunas de las que reflejan el paisaje, la multiculturalidad y la nobleza de la gente.<\/p>\t\t\t\t\t\t\t\t<\/div>\n\t\t\t\t\t<\/div>\n\t\t\t\t<\/div>\n\t\t<div data-particle_enable=\"false\" data-particle-mobile-disabled=\"false\" class=\"elementor-element elementor-element-ad8b098 e-flex e-con-boxed e-con e-parent\" data-id=\"ad8b098\" data-element_type=\"container\" data-e-type=\"container\">\n\t\t\t\t\t<div class=\"e-con-inner\">\n\t\t\t\t<div class=\"elementor-element elementor-element-14f8977 elementor-widget elementor-widget-text-editor\" data-id=\"14f8977\" data-element_type=\"widget\" data-e-type=\"widget\" data-widget_type=\"text-editor.default\">\n\t\t\t\t\t\t\t\t\t<h3>Mi valle de las rosas<\/h3><p>Con esta tradicional denominaci\u00f3n, Star Channel dedica esta canci\u00f3n a la cabecera de Baja Verap\u00e1z, Salam\u00e1. Canta el artista Rogelio Turcios. Con un arreglo de orquesta que realmente invita a recordar y sentirse orgulloso de este lugar.<\/p>\t\t\t\t\t\t\t\t<\/div>\n\t\t\t\t\t<\/div>\n\t\t\t\t<\/div>\n\t\t<div data-particle_enable=\"false\" data-particle-mobile-disabled=\"false\" class=\"elementor-element elementor-element-55b7f12 e-flex e-con-boxed e-con e-parent\" data-id=\"55b7f12\" data-element_type=\"container\" data-e-type=\"container\">\n\t\t\t\t\t<div class=\"e-con-inner\">\n\t\t\t\t<div class=\"elementor-element elementor-element-5271c03 elementor-widget elementor-widget-html\" data-id=\"5271c03\" data-element_type=\"widget\" data-e-type=\"widget\" data-widget_type=\"html.default\">\n\t\t\t\t\t <iframe width=\"560\" height=\"415\" src=\"https:\/\/www.youtube.com\/embed\/MTkF51ikC1U?si=u0iqHKxv2E8a7K9M\" title=\"YouTube video player\" frameborder=\"0\" allow=\"accelerometer; autoplay; clipboard-write; encrypted-media; gyroscope; picture-in-picture; web-share\" referrerpolicy=\"strict-origin-when-cross-origin\" allowfullscreen><\/iframe>\t\t\t\t<\/div>\n\t\t\t\t\t<\/div>\n\t\t\t\t<\/div>\n\t\t<div data-particle_enable=\"false\" data-particle-mobile-disabled=\"false\" class=\"elementor-element elementor-element-9cf69f8 e-flex e-con-boxed e-con e-parent\" data-id=\"9cf69f8\" data-element_type=\"container\" data-e-type=\"container\">\n\t\t\t\t\t<div class=\"e-con-inner\">\n\t\t\t\t<div class=\"elementor-element elementor-element-9ee9e1f elementor-widget elementor-widget-text-editor\" data-id=\"9ee9e1f\" data-element_type=\"widget\" data-e-type=\"widget\" data-widget_type=\"text-editor.default\">\n\t\t\t\t\t\t\t\t\t<h3>Mi lindo Rabinal<\/h3><p>Una composici\u00f3n del artista Orlando Orozco, interpretada por Los Jacarandosos de la Costa. Un lugar de tanta tradici\u00f3n ancestral como San Pablo Rabinal, Baja Verapaz tambien puede tener un lado festivo y tropical.\u00a0<\/p>\t\t\t\t\t\t\t\t<\/div>\n\t\t\t\t\t<\/div>\n\t\t\t\t<\/div>\n\t\t<div data-particle_enable=\"false\" data-particle-mobile-disabled=\"false\" class=\"elementor-element elementor-element-5c84866 e-flex e-con-boxed e-con e-parent\" data-id=\"5c84866\" data-element_type=\"container\" data-e-type=\"container\">\n\t\t\t\t\t<div class=\"e-con-inner\">\n\t\t\t\t<div class=\"elementor-element elementor-element-335d07b elementor-widget elementor-widget-html\" data-id=\"335d07b\" data-element_type=\"widget\" data-e-type=\"widget\" data-widget_type=\"html.default\">\n\t\t\t\t\t<iframe width=\"560\" height=\"415\" src=\"https:\/\/www.youtube.com\/embed\/RlUNNatS-x4?si=de__lYA3DrkeBuDk\" title=\"YouTube video player\" frameborder=\"0\" allow=\"accelerometer; autoplay; clipboard-write; encrypted-media; gyroscope; picture-in-picture; web-share\" referrerpolicy=\"strict-origin-when-cross-origin\" allowfullscreen><\/iframe>\t\t\t\t<\/div>\n\t\t\t\t\t<\/div>\n\t\t\t\t<\/div>\n\t\t<div data-particle_enable=\"false\" data-particle-mobile-disabled=\"false\" class=\"elementor-element elementor-element-338662c e-flex e-con-boxed e-con e-parent\" data-id=\"338662c\" data-element_type=\"container\" data-e-type=\"container\">\n\t\t\t\t\t<div class=\"e-con-inner\">\n\t\t\t\t<div class=\"elementor-element elementor-element-f167620 elementor-widget elementor-widget-text-editor\" data-id=\"f167620\" data-element_type=\"widget\" data-e-type=\"widget\" data-widget_type=\"text-editor.default\">\n\t\t\t\t\t\t\t\t\t<h3>All\u00e1 en El Chol<\/h3><p>Un municipio enclavado en un valle, rodeado de monta\u00f1as, de gente trabajadora y alegre. &#8220;Me trajo nostalgia hasta las l\u00e1grimas&#8221;, expresa un comentario de esta canci\u00f3n de Ren\u00e9 Mili\u00e1n.<\/p>\t\t\t\t\t\t\t\t<\/div>\n\t\t\t\t\t<\/div>\n\t\t\t\t<\/div>\n\t\t<div data-particle_enable=\"false\" data-particle-mobile-disabled=\"false\" class=\"elementor-element elementor-element-e51061f e-flex e-con-boxed e-con e-parent\" data-id=\"e51061f\" data-element_type=\"container\" data-e-type=\"container\">\n\t\t\t\t\t<div class=\"e-con-inner\">\n\t\t\t\t<div class=\"elementor-element elementor-element-0db9932 elementor-widget elementor-widget-html\" data-id=\"0db9932\" data-element_type=\"widget\" data-e-type=\"widget\" data-widget_type=\"html.default\">\n\t\t\t\t\t<iframe width=\"560\" height=\"415\" src=\"https:\/\/www.youtube.com\/embed\/5Wb0DctK9FA?si=Rxqk9OJymqTsrKUi\" title=\"YouTube video player\" frameborder=\"0\" allow=\"accelerometer; autoplay; clipboard-write; encrypted-media; gyroscope; picture-in-picture; web-share\" referrerpolicy=\"strict-origin-when-cross-origin\" allowfullscreen><\/iframe>\t\t\t\t<\/div>\n\t\t\t\t\t<\/div>\n\t\t\t\t<\/div>\n\t\t<div data-particle_enable=\"false\" data-particle-mobile-disabled=\"false\" class=\"elementor-element elementor-element-7f5e551 e-flex e-con-boxed e-con e-parent\" data-id=\"7f5e551\" data-element_type=\"container\" data-e-type=\"container\">\n\t\t\t\t\t<div class=\"e-con-inner\">\n\t\t\t\t<div class=\"elementor-element elementor-element-4b17088 elementor-widget elementor-widget-text-editor\" data-id=\"4b17088\" data-element_type=\"widget\" data-e-type=\"widget\" data-widget_type=\"text-editor.default\">\n\t\t\t\t\t\t\t\t\t<h3>El refugio del Quetzal: Purulh\u00e1<\/h3><p>Tierra de altas monta\u00f1as en donde se localiza el Biotopo del Quetzal Mario Dary, en el municipio de Purulh\u00e1, Baja Verapaz.\u00a0 Letra y m\u00fasica son creaci\u00f3n de Esteban Iv\u00e1n Pacay C\u00fa.<br \/><i>&#8220;Purulh\u00e1 querido rinc\u00f3n celestial,<br \/>entre nubes danza el ave nacional.<br \/>El cerro La Cruz, guardi\u00e1n ancestral<br \/>vigila en silencio tu sue\u00f1o vital&#8221;:<\/i> dice la primera estrofa.<\/p>\t\t\t\t\t\t\t\t<\/div>\n\t\t\t\t\t<\/div>\n\t\t\t\t<\/div>\n\t\t<div data-particle_enable=\"false\" data-particle-mobile-disabled=\"false\" class=\"elementor-element elementor-element-8d9d78a e-flex e-con-boxed e-con e-parent\" data-id=\"8d9d78a\" data-element_type=\"container\" data-e-type=\"container\">\n\t\t\t\t\t<div class=\"e-con-inner\">\n\t\t\t\t<div class=\"elementor-element elementor-element-0e9b45b elementor-widget elementor-widget-html\" data-id=\"0e9b45b\" data-element_type=\"widget\" data-e-type=\"widget\" data-widget_type=\"html.default\">\n\t\t\t\t\t<iframe width=\"560\" height=\"415\" src=\"https:\/\/www.youtube.com\/embed\/BgnKmRZQGa8?si=I5dK1r9ca71A0-Bo\" title=\"YouTube video player\" frameborder=\"0\" allow=\"accelerometer; autoplay; clipboard-write; encrypted-media; gyroscope; picture-in-picture; web-share\" referrerpolicy=\"strict-origin-when-cross-origin\" allowfullscreen><\/iframe>\t\t\t\t<\/div>\n\t\t\t\t\t<\/div>\n\t\t\t\t<\/div>\n\t\t<div data-particle_enable=\"false\" data-particle-mobile-disabled=\"false\" class=\"elementor-element elementor-element-30f6358 e-flex e-con-boxed e-con e-parent\" data-id=\"30f6358\" data-element_type=\"container\" data-e-type=\"container\">\n\t\t\t\t\t<div class=\"e-con-inner\">\n\t\t\t\t<div class=\"elementor-element elementor-element-1609b36 elementor-widget elementor-widget-text-editor\" data-id=\"1609b36\" data-element_type=\"widget\" data-e-type=\"widget\" data-widget_type=\"text-editor.default\">\n\t\t\t\t\t\t\t\t\t<h3>Hermosos municipios de Baja Verapaz<\/h3><p>El compositor Angel Daniel de los Santos hace un recorrido virtual por varios municipios de Baja Verapaz, con especial cari\u00f1o a Salam\u00e1, de donde es originario. Una simp\u00e1tica melod\u00eda con marimba tradicional.<\/p>\t\t\t\t\t\t\t\t<\/div>\n\t\t\t\t\t<\/div>\n\t\t\t\t<\/div>\n\t\t<div data-particle_enable=\"false\" data-particle-mobile-disabled=\"false\" class=\"elementor-element elementor-element-6971d7b e-flex e-con-boxed e-con e-parent\" data-id=\"6971d7b\" data-element_type=\"container\" data-e-type=\"container\">\n\t\t\t\t\t<div class=\"e-con-inner\">\n\t\t\t\t<div class=\"elementor-element elementor-element-ebc029e elementor-widget elementor-widget-html\" data-id=\"ebc029e\" data-element_type=\"widget\" data-e-type=\"widget\" data-widget_type=\"html.default\">\n\t\t\t\t\t<iframe width=\"560\" height=\"415\" src=\"https:\/\/www.youtube.com\/embed\/bDmCTmeTkpc?si=-0ukillTOwptvGoV\" title=\"YouTube video player\" frameborder=\"0\" allow=\"accelerometer; autoplay; clipboard-write; encrypted-media; gyroscope; picture-in-picture; web-share\" referrerpolicy=\"strict-origin-when-cross-origin\" allowfullscreen><\/iframe>\t\t\t\t<\/div>\n\t\t\t\t\t<\/div>\n\t\t\t\t<\/div>\n\t\t\t\t<\/div>\n\t\t","protected":false},"excerpt":{"rendered":"<p>Baja Verapaz se puede recorrer en sus paisajes y sus tradiciones, pero tambi\u00e9n a trav\u00e9s de las canciones que se han dedicado a sus lugares emblem\u00e1ticos. Algunas son poco conocidas pero est\u00e1n all\u00ed con inspiraci\u00f3n y valores. Como todo terru\u00f1o, Baja Verapaz y sus municipios inspiran composiciones que evocan nostalgia, cari\u00f1o, emoci\u00f3n y alegr\u00eda. Son [&hellip;]<\/p>\n","protected":false},"author":1,"featured_media":63724,"comment_status":"open","ping_status":"open","sticky":false,"template":"","format":"standard","meta":{"_acf_changed":false,"_eb_attr":"","footnotes":""},"categories":[58],"tags":[331],"class_list":["post-63706","post","type-post","status-publish","format-standard","has-post-thumbnail","hentry","category-guate-nuestra","tag-canciones-de-guatemala"],"acf":[],"aioseo_notices":[],"aioseo_head":"\n\t\t<!-- All in One SEO Pro 5.0.1.1 - aioseo.com -->\n\t<meta name=\"description\" content=\"Baja Verapaz se puede recorrer en sus paisajes y sus tradiciones, pero tambi\u00e9n a trav\u00e9s de las canciones que se han dedicado a sus lugares emblem\u00e1ticos. Algunas son poco conocidas pero est\u00e1n all\u00ed con inspiraci\u00f3n y valores. Como todo terru\u00f1o, Baja Verapaz y sus municipios inspiran composiciones que evocan nostalgia, cari\u00f1o, emoci\u00f3n y alegr\u00eda. Son\" \/>\n\t<meta name=\"robots\" content=\"max-snippet:-1, max-image-preview:large, max-video-preview:-1\" \/>\n\t<meta name=\"author\" content=\"SoyMigrante.com REVISTA\"\/>\n\t<link rel=\"canonical\" href=\"https:\/\/soymigrante.com\/revista\/canciones-de-guatemala-inspiradas-en-el-departamento-de-baja-verapaz\/\" \/>\n\t<meta name=\"generator\" content=\"All in One SEO Pro (AIOSEO) 5.0.1.1\" \/>\n\n\t\t<link rel=\"preconnect\" href=\"https:\/\/fonts.googleapis.com\" crossorigin>\n<link rel=\"preconnect\" href=\"https:\/\/fonts.gstatic.com\" crossorigin>\n\t\t<meta property=\"og:locale\" content=\"es_ES\" \/>\n\t\t<meta property=\"og:site_name\" content=\"SoyMigrante.com REVISTA \u2013 Nuestra misi\u00f3n es reconocer y dignificar al migrante.\" \/>\n\t\t<meta property=\"og:type\" content=\"article\" \/>\n\t\t<meta property=\"og:title\" content=\"Canciones de Guatemala inspiradas en Baja Verapaz\" \/>\n\t\t<meta property=\"og:description\" content=\"Lugares y cultura de Baja Verapaz se ven reflejados en temas musicales que resaltan la belleza del paisaje, expresiones de identidad y valores.\" \/>\n\t\t<meta property=\"og:url\" content=\"https:\/\/soymigrante.com\/revista\/canciones-de-guatemala-inspiradas-en-el-departamento-de-baja-verapaz\/\" \/>\n\t\t<meta property=\"og:image\" content=\"https:\/\/soymigrante.com\/revista\/wp-content\/uploads\/2026\/09\/canciones-de-Guatemala-Baja-Verapaz-1.jpg\" \/>\n\t\t<meta property=\"og:image:secure_url\" content=\"https:\/\/soymigrante.com\/revista\/wp-content\/uploads\/2026\/09\/canciones-de-Guatemala-Baja-Verapaz-1.jpg\" \/>\n\t\t<meta property=\"og:image:width\" content=\"1264\" \/>\n\t\t<meta property=\"og:image:height\" content=\"1264\" \/>\n\t\t<meta property=\"article:published_time\" content=\"2026-09-03T00:29:21+00:00\" \/>\n\t\t<meta property=\"article:modified_time\" content=\"2026-09-03T00:32:38+00:00\" \/>\n\t\t<meta property=\"article:publisher\" content=\"https:\/\/www.facebook.com\/soymigrantecom\" \/>\n\t\t<meta name=\"twitter:card\" content=\"summary_large_image\" \/>\n\t\t<meta name=\"twitter:site\" content=\"@SoyMigrante_com\" \/>\n\t\t<meta name=\"twitter:title\" content=\"Canciones de Guatemala inspiradas en Baja Verapaz\" \/>\n\t\t<meta name=\"twitter:description\" content=\"Lugares y cultura de Baja Verapaz se ven reflejados en temas musicales que resaltan la belleza del paisaje, expresiones de identidad y valores.\" \/>\n\t\t<meta name=\"twitter:creator\" content=\"@SoyMigrante_com\" \/>\n\t\t<meta name=\"twitter:image\" content=\"https:\/\/soymigrante.com\/revista\/wp-content\/uploads\/2026\/09\/canciones-de-Guatemala-Baja-Verapaz-1.jpg\" \/>\n\t\t<!-- All in One SEO Pro -->\r\n\t\t<title>Canciones de Guatemala inspiradas en el departamento de Baja Verapaz<\/title>\n\n","aioseo_head_json":{"title":"Canciones de Guatemala inspiradas en el departamento de Baja Verapaz","description":"Baja Verapaz se puede recorrer en sus paisajes y sus tradiciones, pero tambi\u00e9n a trav\u00e9s de las canciones que se han dedicado a sus lugares emblem\u00e1ticos. Algunas son poco conocidas pero est\u00e1n all\u00ed con inspiraci\u00f3n y valores. Como todo terru\u00f1o, Baja Verapaz y sus municipios inspiran composiciones que evocan nostalgia, cari\u00f1o, emoci\u00f3n y alegr\u00eda. Son","canonical_url":"https:\/\/soymigrante.com\/revista\/canciones-de-guatemala-inspiradas-en-el-departamento-de-baja-verapaz\/","robots":"max-snippet:-1, max-image-preview:large, max-video-preview:-1","keywords":"","webmasterTools":{"miscellaneous":"&lt;link rel=\"preconnect\" href=\"https:\/\/fonts.googleapis.com\" crossorigin&gt;\n&lt;link rel=\"preconnect\" href=\"https:\/\/fonts.gstatic.com\" crossorigin&gt;"},"schema":null,"og:locale":"es_ES","og:site_name":"SoyMigrante.com REVISTA \u2013 Nuestra misi\u00f3n es reconocer y dignificar al migrante.","og:type":"article","og:title":"Canciones de Guatemala inspiradas en Baja Verapaz","og:description":"Lugares y cultura de Baja Verapaz se ven reflejados en temas musicales que resaltan la belleza del paisaje, expresiones de identidad y valores.","og:url":"https:\/\/soymigrante.com\/revista\/canciones-de-guatemala-inspiradas-en-el-departamento-de-baja-verapaz\/","og:image":"https:\/\/soymigrante.com\/revista\/wp-content\/uploads\/2026\/09\/canciones-de-Guatemala-Baja-Verapaz-1.jpg","og:image:secure_url":"https:\/\/soymigrante.com\/revista\/wp-content\/uploads\/2026\/09\/canciones-de-Guatemala-Baja-Verapaz-1.jpg","og:image:width":1264,"og:image:height":1264,"article:published_time":"2026-09-03T00:29:21+00:00","article:modified_time":"2026-09-03T00:32:38+00:00","article:publisher":"https:\/\/www.facebook.com\/soymigrantecom","twitter:card":"summary_large_image","twitter:site":"@SoyMigrante_com","twitter:title":"Canciones de Guatemala inspiradas en Baja Verapaz","twitter:description":"Lugares y cultura de Baja Verapaz se ven reflejados en temas musicales que resaltan la belleza del paisaje, expresiones de identidad y valores.","twitter:creator":"@SoyMigrante_com","twitter:image":"https:\/\/soymigrante.com\/revista\/wp-content\/uploads\/2026\/09\/canciones-de-Guatemala-Baja-Verapaz-1.jpg"},"aioseo_meta_data":{"post_id":"63706","title":null,"description":null,"keywords":null,"keyphrases":{"focus":{"keyphrase":"","score":0,"analysis":{"keyphraseInTitle":{"score":0,"maxScore":9,"error":1}}},"additional":[]},"primary_term":null,"canonical_url":null,"og_title":"Canciones de Guatemala inspiradas en Baja Verapaz","og_description":"Lugares y cultura de Baja Verapaz se ven reflejados en temas musicales que resaltan la belleza del paisaje, expresiones de identidad y valores.","og_object_type":"default","og_image_type":"default","og_image_url":null,"og_image_width":null,"og_image_height":null,"og_image_custom_url":null,"og_image_custom_fields":null,"og_video":"","og_custom_url":null,"og_article_section":null,"og_article_tags":null,"twitter_use_og":false,"twitter_card":"default","twitter_image_type":"default","twitter_image_url":null,"twitter_image_custom_url":null,"twitter_image_custom_fields":null,"twitter_title":null,"twitter_description":null,"schema":{"blockGraphs":[],"customGraphs":[],"default":{"data":{"Article":[],"Course":[],"Dataset":[],"FAQPage":[],"Movie":[],"Person":[],"Product":[],"ProductReview":[],"Car":[],"Recipe":[],"Service":[],"SoftwareApplication":[],"WebPage":[]},"graphName":"NewsArticle","isEnabled":true},"graphs":[]},"schema_type":"default","schema_type_options":null,"pillar_content":false,"robots_default":true,"robots_noindex":false,"robots_noarchive":false,"robots_nosnippet":false,"robots_nofollow":false,"robots_noimageindex":false,"robots_noodp":false,"robots_notranslate":false,"robots_max_snippet":"-1","robots_max_videopreview":"-1","robots_max_imagepreview":"large","priority":null,"frequency":"default","local_seo":null,"seo_analyzer_scan_date":"2026-09-03 00:34:19","breadcrumb_settings":null,"limit_modified_date":false,"reviewed_by":"0","open_ai":null,"ai":{"faqs":[],"keyPoints":[],"schemas":[],"titles":[],"descriptions":[],"socialPosts":{"email":{"subject":"","preview":"","content":""},"linkedin":[],"twitter":[],"facebook":[],"instagram":[]}},"created":"2026-09-02 23:18:15","updated":"2026-09-03 01:27:02","focus_keyword":null,"additional_keywords":null,"truseo_locale":null},"aioseo_breadcrumb":"<div class=\"aioseo-breadcrumbs\"><span class=\"aioseo-breadcrumb\">\n\t<a href=\"https:\/\/soymigrante.com\/revista\" title=\"Home\">Home<\/a>\n<\/span><span class=\"aioseo-breadcrumb-separator\">\u00bb<\/span><span class=\"aioseo-breadcrumb\">\n\t<a href=\"https:\/\/soymigrante.com\/revista\/category\/guate-nuestra\/\" title=\"Guate Nuestra\">Guate Nuestra<\/a>\n<\/span><span class=\"aioseo-breadcrumb-separator\">\u00bb<\/span><span class=\"aioseo-breadcrumb\">\n\tCanciones de Guatemala inspiradas en el departamento de Baja Verapaz\n<\/span><\/div>","aioseo_breadcrumb_json":[{"label":"Home","link":"https:\/\/soymigrante.com\/revista"},{"label":"Guate Nuestra","link":"https:\/\/soymigrante.com\/revista\/category\/guate-nuestra\/"},{"label":"Canciones de Guatemala inspiradas en el departamento de Baja Verapaz","link":"https:\/\/soymigrante.com\/revista\/canciones-de-guatemala-inspiradas-en-el-departamento-de-baja-verapaz\/"}],"_links":{"self":[{"href":"https:\/\/soymigrante.com\/revista\/wp-json\/wp\/v2\/posts\/63706","targetHints":{"allow":["GET"]}}],"collection":[{"href":"https:\/\/soymigrante.com\/revista\/wp-json\/wp\/v2\/posts"}],"about":[{"href":"https:\/\/soymigrante.com\/revista\/wp-json\/wp\/v2\/types\/post"}],"author":[{"embeddable":true,"href":"https:\/\/soymigrante.com\/revista\/wp-json\/wp\/v2\/users\/1"}],"replies":[{"embeddable":true,"href":"https:\/\/soymigrante.com\/revista\/wp-json\/wp\/v2\/comments?post=63706"}],"version-history":[{"count":12,"href":"https:\/\/soymigrante.com\/revista\/wp-json\/wp\/v2\/posts\/63706\/revisions"}],"predecessor-version":[{"id":63749,"href":"https:\/\/soymigrante.com\/revista\/wp-json\/wp\/v2\/posts\/63706\/revisions\/63749"}],"wp:featuredmedia":[{"embeddable":true,"href":"https:\/\/soymigrante.com\/revista\/wp-json\/wp\/v2\/media\/63724"}],"wp:attachment":[{"href":"https:\/\/soymigrante.com\/revista\/wp-json\/wp\/v2\/media?parent=63706"}],"wp:term":[{"taxonomy":"category","embeddable":true,"href":"https:\/\/soymigrante.com\/revista\/wp-json\/wp\/v2\/categories?post=63706"},{"taxonomy":"post_tag","embeddable":true,"href":"https:\/\/soymigrante.com\/revista\/wp-json\/wp\/v2\/tags?post=63706"}],"curies":[{"name":"wp","href":"https:\/\/api.w.org\/{rel}","templated":true}]}}