{"id":63666,"date":"2026-09-02T11:52:14","date_gmt":"2026-09-02T17:52:14","guid":{"rendered":"https:\/\/soymigrante.com\/revista\/?p=63666"},"modified":"2026-09-02T11:52:35","modified_gmt":"2026-09-02T17:52:35","slug":"eleanor-menchu-premio-von-ahn-ingeniera-guatemalteca-austria-wesolve-aporte-solucion-guatemala","status":"publish","type":"post","link":"https:\/\/soymigrante.com\/revista\/eleanor-menchu-premio-von-ahn-ingeniera-guatemalteca-austria-wesolve-aporte-solucion-guatemala\/","title":{"rendered":"Ingeniera Eleanor Mench\u00fa plantea &#8220;hacer pedazos&#8221; los retos de Guatemala para trabajar en equipo"},"content":{"rendered":"\t\t<div data-elementor-type=\"wp-post\" data-elementor-id=\"63666\" class=\"elementor elementor-63666\" data-elementor-post-type=\"post\">\n\t\t\t\t<div data-particle_enable=\"false\" data-particle-mobile-disabled=\"false\" class=\"elementor-element elementor-element-6ba146f e-flex e-con-boxed e-con e-parent\" data-id=\"6ba146f\" data-element_type=\"container\" data-e-type=\"container\">\n\t\t\t\t\t<div class=\"e-con-inner\">\n\t\t\t\t<div class=\"elementor-element elementor-element-9a39cff elementor-widget elementor-widget-heading\" data-id=\"9a39cff\" data-element_type=\"widget\" data-e-type=\"widget\" data-widget_type=\"heading.default\">\n\t\t\t\t\t<h3 class=\"elementor-heading-title elementor-size-default\">A trav\u00e9s de la iniciativa We Solve, la ingeniera guatemalteca Eleanor Mench\u00fa (actualmente en Austria) busca alternativas de  soluci\u00f3n a problemas guatemaltecos mediante networking e innovaci\u00f3n: por ello gan\u00f3 el premio de la fundaci\u00f3n Luis von Ahn.<\/h3>\t\t\t\t<\/div>\n\t\t\t\t\t<\/div>\n\t\t\t\t<\/div>\n\t\t<div data-particle_enable=\"false\" data-particle-mobile-disabled=\"false\" class=\"elementor-element elementor-element-bf1b1aa e-flex e-con-boxed e-con e-parent\" data-id=\"bf1b1aa\" data-element_type=\"container\" data-e-type=\"container\">\n\t\t\t\t\t<div class=\"e-con-inner\">\n\t\t\t\t<div class=\"elementor-element elementor-element-2c9a390 elementor-widget elementor-widget-text-editor\" data-id=\"2c9a390\" data-element_type=\"widget\" data-e-type=\"widget\" data-widget_type=\"text-editor.default\">\n\t\t\t\t\t\t\t\t\t<p>A sus 23 a\u00f1os, Eleanor Mench\u00fa est\u00e1 en Viena, Austria, pero su mirada ha estado y sigue puesta en Guatemala y en los grandes desaf\u00edos que afectan al pa\u00eds, pero que tambi\u00e9n se pueden identificar en otras naciones. Desde all\u00ed surgi\u00f3 la idea e impulso de\u00a0 WeSolve, una iniciativa que busca conectar a j\u00f3venes, empresas, gobiernos y organizaciones para construir soluciones colaborativas.\u00a0<\/p><p>Su trabajo acaba de recibir el Premio Visionario de la Fundaci\u00f3n Luis von Ahn, un reconocimiento que, lejos de considerar como una meta cumplida, ella interpreta como una invitaci\u00f3n a seguir so\u00f1ando en grande.\u00a0\u201cEstamos empezando, pero es una gran se\u00f1al de esperanza\u201d, dice Eleanor al hablar del premio. Y esa frase resume buena parte de su historia.\u00a0<\/p><p>Porque antes de estar en Austria, recorrer ecosistemas de innovaci\u00f3n en Europa y trabajar en una red internacional de j\u00f3venes, vivi\u00f3, creci\u00f3 y trabaj\u00f3 en Villa Nueva, Guatemala, donde comenz\u00f3 a descubrir que los problemas sociales pod\u00edan abordarse desde \u00e1ngulos innovadores, pero que nadie tiene todas las respuestas en lo individual. &#8220;Debemos hacer pedazos los problemas, para dividirlos y encontrar soluciones a trav\u00e9s de la colaboraci\u00f3n y la inteligencia colectiva&#8221;, dice.<\/p>\t\t\t\t\t\t\t\t<\/div>\n\t\t\t\t\t<\/div>\n\t\t\t\t<\/div>\n\t\t<div data-particle_enable=\"false\" data-particle-mobile-disabled=\"false\" class=\"elementor-element elementor-element-171fc11 e-flex e-con-boxed e-con e-parent\" data-id=\"171fc11\" data-element_type=\"container\" data-e-type=\"container\">\n\t\t\t\t\t<div class=\"e-con-inner\">\n\t\t\t\t<div class=\"elementor-element elementor-element-b8922b9 elementor-widget elementor-widget-image\" data-id=\"b8922b9\" data-element_type=\"widget\" data-e-type=\"widget\" data-widget_type=\"image.default\">\n\t\t\t\t\t\t\t\t\t\t\t\t<figure class=\"wp-caption\">\n\t\t\t\t\t\t\t\t\t\t<img fetchpriority=\"high\" decoding=\"async\" width=\"1041\" height=\"1024\" src=\"https:\/\/soymigrante.com\/revista\/wp-content\/uploads\/2026\/09\/eleanor-menchu-ingeniera-guatemalteca-1-1041x1024.jpg\" class=\"attachment-large size-large wp-image-63686\" alt=\"Eleanor Mench\u00fa se encuentra actualmente en Viena, Austria, pero se mueve por varios pa\u00edses, en busca de nuevas colaboraciones para ampliar la red de trabajo de We Solve, la iniciativa que busca romper problemas en pedazos peque\u00f1os para darles propuestas de soluci\u00f3n aplicables a Guatemala pero tambi\u00e9n en otras naciones y contextos.\" srcset=\"https:\/\/soymigrante.com\/revista\/wp-content\/uploads\/2026\/09\/eleanor-menchu-ingeniera-guatemalteca-1-1041x1024.jpg 1041w, https:\/\/soymigrante.com\/revista\/wp-content\/uploads\/2026\/09\/eleanor-menchu-ingeniera-guatemalteca-1-300x295.jpg 300w, https:\/\/soymigrante.com\/revista\/wp-content\/uploads\/2026\/09\/eleanor-menchu-ingeniera-guatemalteca-1-768x756.jpg 768w, https:\/\/soymigrante.com\/revista\/wp-content\/uploads\/2026\/09\/eleanor-menchu-ingeniera-guatemalteca-1-75x75.jpg 75w, https:\/\/soymigrante.com\/revista\/wp-content\/uploads\/2026\/09\/eleanor-menchu-ingeniera-guatemalteca-1-750x738.jpg 750w, https:\/\/soymigrante.com\/revista\/wp-content\/uploads\/2026\/09\/eleanor-menchu-ingeniera-guatemalteca-1-1140x1122.jpg 1140w, https:\/\/soymigrante.com\/revista\/wp-content\/uploads\/2026\/09\/eleanor-menchu-ingeniera-guatemalteca-1.jpg 1440w\" sizes=\"(max-width: 1041px) 100vw, 1041px\" \/>\t\t\t\t\t\t\t\t\t\t\t<figcaption class=\"widget-image-caption wp-caption-text\">Eleanor Mench\u00fa se encuentra actualmente en Viena, Austria, pero se mueve por varios pa\u00edses, en busca de nuevas colaboraciones para ampliar la red de trabajo de We Solve, la iniciativa que busca romper problemas en pedazos peque\u00f1os para darles propuestas de soluci\u00f3n aplicables a Guatemala pero tambi\u00e9n en otras naciones y contextos. <\/figcaption>\n\t\t\t\t\t\t\t\t\t\t<\/figure>\n\t\t\t\t\t\t\t\t\t<\/div>\n\t\t\t\t\t<\/div>\n\t\t\t\t<\/div>\n\t\t<div data-particle_enable=\"false\" data-particle-mobile-disabled=\"false\" class=\"elementor-element elementor-element-6362921 e-flex e-con-boxed e-con e-parent\" data-id=\"6362921\" data-element_type=\"container\" data-e-type=\"container\">\n\t\t\t\t\t<div class=\"e-con-inner\">\n\t\t\t\t<div class=\"elementor-element elementor-element-868d2a4 elementor-widget elementor-widget-text-editor\" data-id=\"868d2a4\" data-element_type=\"widget\" data-e-type=\"widget\" data-widget_type=\"text-editor.default\">\n\t\t\t\t\t\t\t\t\t<p><span style=\"color: #000000; font-family: Mulish, sans-serif; font-size: 29px; font-weight: bold;\">Una curiosidad que no cab\u00eda en una sola carrera<\/span><\/p><p>Eleanor naci\u00f3 en Escuintla, donde sus padres resid\u00edan entonces, pero creci\u00f3 en Villa Nueva. Tambi\u00e9n estudi\u00f3 en Sacatep\u00e9quez y en la ciudad de Guatemala.\u00a0Desde peque\u00f1a se describe como una persona curiosa, interesada por cosas diferentes entre s\u00ed: Matem\u00e1ticas, literatura, ciencias, historia. Por eso, cuando lleg\u00f3 el momento de escoger una carrera, encontr\u00f3 una dificultad que fue ventaja.<\/p><p>\u201cMe gustaban muchas cosas, por lo que el sistema educativo te dice: enf\u00f3cate en una sola&#8230; pero no pude hacerlo\u201d.\u00a0En el diversificado lleg\u00f3 a estudiar dos formaciones: agricultura en la Escuela Nacional Central de Agricultura, en B\u00e1rcenas, y tambi\u00e9n un bachillerato en computaci\u00f3n. Despu\u00e9s comenz\u00f3 la carrera universitaria de Relaciones Internacionales y, casi inmediatamente, descubri\u00f3 que necesitaba otra.<\/p><p>\u201cDije: Quiero realmente tener m\u00e1s matem\u00e1ticas en mi vida, quiero tener m\u00e1s cosas f\u00edsicas, quiero saber c\u00f3mo se construyen las cosas y c\u00f3mo funcionan.\u201d\u00a0Entonces entr\u00f3 a Ingenier\u00eda Industrial y llev\u00f3 las dos carreras simult\u00e1neamente por tres a\u00f1os. Finalmente solo sigui\u00f3 la Ingenier\u00eda Industrial. &#8220;Fueron muchas noches y madrugadas de desvelo, estudiando ambas. Y a\u00fan me sirve lo que aprend\u00ed en Relaciones Internacionales, pero deb\u00eda avanzar y segu\u00ed Ingenier\u00eda. Me gradu\u00e9&#8221;.\u00a0No era, por tanto, una renuncia a su inter\u00e9s por el mundo. Era otra manera de acercarse a \u00e9l.<\/p>\t\t\t\t\t\t\t\t<\/div>\n\t\t\t\t\t<\/div>\n\t\t\t\t<\/div>\n\t\t<div data-particle_enable=\"false\" data-particle-mobile-disabled=\"false\" class=\"elementor-element elementor-element-0fabb6b e-flex e-con-boxed e-con e-parent\" data-id=\"0fabb6b\" data-element_type=\"container\" data-e-type=\"container\">\n\t\t\t\t\t<div class=\"e-con-inner\">\n\t\t\t\t<div class=\"elementor-element elementor-element-b18bbcd elementor-grid-eael-col-1 elementor-grid-tablet-eael-col-2 elementor-grid-mobile-eael-col-1 elementor-widget elementor-widget-eael-post-grid\" data-id=\"b18bbcd\" data-element_type=\"widget\" data-e-type=\"widget\" data-settings=\"{&quot;eael_post_grid_columns&quot;:&quot;eael-col-1&quot;,&quot;eael_post_grid_columns_tablet&quot;:&quot;eael-col-2&quot;,&quot;eael_post_grid_columns_mobile&quot;:&quot;eael-col-1&quot;}\" data-widget_type=\"eael-post-grid.default\">\n\t\t\t\t\t<div id=\"eael-post-grid-b18bbcd\" class=\"eael-post-grid-container\">\n            <div class=\"eael-post-grid eael-post-appender eael-post-appender-b18bbcd eael-post-grid-style-one\" data-layout-mode=\"masonry\"><article class=\"eael-grid-post  eael-post-grid-column eael-pg-post-62787 category-estamos-unidos\" data-id=\"62787\">\n        <div class=\"eael-grid-post-holder\">\n            <div class=\"eael-grid-post-holder-inner\"><div class=\"eael-entry-media\"><div class=\"eael-entry-overlay fade-in\"><i class=\"far fa-hand-pointer\" aria-hidden=\"true\"><\/i><a href=\"https:\/\/soymigrante.com\/revista\/quienes-son-las-cuatro-guatemaltecas-ganadoras-del-premio-luis-von-ahn-2026\/\"><\/a><\/div><div class=\"eael-entry-thumbnail eael-image-ratio\">\n                <img decoding=\"async\" width=\"1024\" height=\"1024\" src=\"https:\/\/soymigrante.com\/revista\/wp-content\/uploads\/2026\/08\/visionarias-guatemaltecas-premiadas-fundacion-luis-von-ahn-1024x1024.jpg\" class=\"attachment-large size-large wp-image-62788\" alt=\"visionarias guatemaltecas premiadas fundacion luis von ahn\" srcset=\"https:\/\/soymigrante.com\/revista\/wp-content\/uploads\/2026\/08\/visionarias-guatemaltecas-premiadas-fundacion-luis-von-ahn-1024x1024.jpg 1024w, https:\/\/soymigrante.com\/revista\/wp-content\/uploads\/2026\/08\/visionarias-guatemaltecas-premiadas-fundacion-luis-von-ahn-300x300.jpg 300w, https:\/\/soymigrante.com\/revista\/wp-content\/uploads\/2026\/08\/visionarias-guatemaltecas-premiadas-fundacion-luis-von-ahn-150x150.jpg 150w, https:\/\/soymigrante.com\/revista\/wp-content\/uploads\/2026\/08\/visionarias-guatemaltecas-premiadas-fundacion-luis-von-ahn-768x768.jpg 768w, https:\/\/soymigrante.com\/revista\/wp-content\/uploads\/2026\/08\/visionarias-guatemaltecas-premiadas-fundacion-luis-von-ahn-1536x1536.jpg 1536w, https:\/\/soymigrante.com\/revista\/wp-content\/uploads\/2026\/08\/visionarias-guatemaltecas-premiadas-fundacion-luis-von-ahn-2048x2048.jpg 2048w, https:\/\/soymigrante.com\/revista\/wp-content\/uploads\/2026\/08\/visionarias-guatemaltecas-premiadas-fundacion-luis-von-ahn-75x75.jpg 75w, https:\/\/soymigrante.com\/revista\/wp-content\/uploads\/2026\/08\/visionarias-guatemaltecas-premiadas-fundacion-luis-von-ahn-750x750.jpg 750w, https:\/\/soymigrante.com\/revista\/wp-content\/uploads\/2026\/08\/visionarias-guatemaltecas-premiadas-fundacion-luis-von-ahn-1140x1140.jpg 1140w\" sizes=\"(max-width: 1024px) 100vw, 1024px\" \/>\n            <\/div>\n        <\/div><div class=\"eael-entry-wrapper\"><header class=\"eael-entry-header\"><h2 class=\"eael-entry-title\"><a class=\"eael-grid-post-link\" href=\"https:\/\/soymigrante.com\/revista\/quienes-son-las-cuatro-guatemaltecas-ganadoras-del-premio-luis-von-ahn-2026\/\" title=\"\u00bfQui\u00e9nes son las cuatro guatemaltecas   ganadoras del premio Luis Von Ahn 2026?\">\u00bfQui\u00e9nes son las cuatro guatemaltecas   ganadoras del premio Luis Von Ahn 2026?<\/a><\/h2><\/header><div class=\"eael-entry-content\">\n                        <div class=\"eael-grid-post-excerpt\"><a href=\"https:\/\/soymigrante.com\/revista\/quienes-son-las-cuatro-guatemaltecas-ganadoras-del-premio-luis-von-ahn-2026\/\" class=\"eael-post-elements-readmore-btn\">CONOCE SU HISTORIA <\/a><\/div>\n                    <\/div><\/div><\/div>\n        <\/div>\n    <\/article><\/div>\n            <div class=\"clearfix\"><\/div>\n        <\/div>\t\t\t\t<\/div>\n\t\t\t\t\t<\/div>\n\t\t\t\t<\/div>\n\t\t<div data-particle_enable=\"false\" data-particle-mobile-disabled=\"false\" class=\"elementor-element elementor-element-0b0f7b6 e-flex e-con-boxed e-con e-parent\" data-id=\"0b0f7b6\" data-element_type=\"container\" data-e-type=\"container\">\n\t\t\t\t\t<div class=\"e-con-inner\">\n\t\t\t\t<div class=\"elementor-element elementor-element-d6c7e16 elementor-widget elementor-widget-text-editor\" data-id=\"d6c7e16\" data-element_type=\"widget\" data-e-type=\"widget\" data-widget_type=\"text-editor.default\">\n\t\t\t\t\t\t\t\t\t<p><span style=\"color: #000000; font-family: Mulish, sans-serif; font-size: 29px; font-weight: bold;\">&#8220;\u00bfPor qu\u00e9 no est\u00e1n trabajando juntas?&#8221;\u00a0<\/span><\/p><p>Su experiencia profesional comenz\u00f3 en Cimera y posteriormente se incorpor\u00f3 al proyecto CoreCode, donde trabaj\u00f3 bajo la mentor\u00eda de Sof\u00eda Castillo.\u00a0El objetivo era llevar educaci\u00f3n tecnol\u00f3gica gratuita a personas de zonas vulnerables. Eleanor particip\u00f3 y despu\u00e9s dirigi\u00f3 programas que involucraron alianzas entre empresas, fundaciones, municipalidades y otras instituciones.<\/p><p>\u201cLlegamos a dar a 10.000 becas para j\u00f3venes\u201d, recuerda.\u00a0La cifra, sin embargo, cuenta solamente una parte de la experiencia. Al entrar en contacto con los estudiantes descubrieron que la brecha tecnol\u00f3gica pod\u00eda comenzar mucho antes de aprender programaci\u00f3n.<\/p><p>\u201cAlgunos no sab\u00edan usar una computadora. Ni siquiera encenderla. Ese era uno de los primeros desaf\u00edos.\u201d\u00a0Por eso, en programas desarrollados junto con la Municipalidad de Guatemala, comenzaron desde lo b\u00e1sico: c\u00f3mo encender una computadora, c\u00f3mo buscar algo en Google y, paso a paso, llegar hasta crear una p\u00e1gina web con c\u00f3digo.<\/p><p>Participaron j\u00f3venes, madres y personas de 65 o 70 a\u00f1os. La edad no era el l\u00edmite.\u00a0\u201cEstas personas nunca paran de aprender y no quieren parar de aprender. As\u00ed hay muchos guatemaltecos, que necesitan la oportunidad de desarrollar sus aptitudes y de aportar\u201d, dice.\u00a0<\/p><p>Aquella experiencia dej\u00f3 en Eleanor una pregunta decisiva: si existen personas que quieren ayudar, instituciones que tienen recursos y comunidades que necesitan oportunidades, <b>\u00bfpor qu\u00e9 no est\u00e1n trabajando juntas con mayor frecuencia?<\/b><\/p>\t\t\t\t\t\t\t\t<\/div>\n\t\t\t\t\t<\/div>\n\t\t\t\t<\/div>\n\t\t<div data-particle_enable=\"false\" data-particle-mobile-disabled=\"false\" class=\"elementor-element elementor-element-74cb3ee e-flex e-con-boxed e-con e-parent\" data-id=\"74cb3ee\" data-element_type=\"container\" data-e-type=\"container\">\n\t\t\t\t\t<div class=\"e-con-inner\">\n\t\t\t\t<div class=\"elementor-element elementor-element-0b5e2ba elementor-widget elementor-widget-image\" data-id=\"0b5e2ba\" data-element_type=\"widget\" data-e-type=\"widget\" data-widget_type=\"image.default\">\n\t\t\t\t\t\t\t\t\t\t\t\t<figure class=\"wp-caption\">\n\t\t\t\t\t\t\t\t\t\t<img decoding=\"async\" width=\"1024\" height=\"1024\" src=\"https:\/\/soymigrante.com\/revista\/wp-content\/uploads\/2026\/09\/eleanor-menchu-ingeniera-guatemalteca-ganadora-del-premio-luis-von-ahn-3-1024x1024.webp\" class=\"attachment-large size-large wp-image-63687\" alt=\"La ingeniera Eleanor Mench\u00fa considera que los j\u00f3venes tienen la capacidad de plantear soluciones innovadoras, pero que no siempre son escuchados debido a que se les tacha de no tener &quot;experiencia&quot; o bien porque simplemente no cuentan con canales para tener una mejor expresi\u00f3n de sus planteamientos. Actualmente se encuentra en Austria en busca de ampliar la red de colaboraciones.\" srcset=\"https:\/\/soymigrante.com\/revista\/wp-content\/uploads\/2026\/09\/eleanor-menchu-ingeniera-guatemalteca-ganadora-del-premio-luis-von-ahn-3-1024x1024.webp 1024w, https:\/\/soymigrante.com\/revista\/wp-content\/uploads\/2026\/09\/eleanor-menchu-ingeniera-guatemalteca-ganadora-del-premio-luis-von-ahn-3-300x300.webp 300w, https:\/\/soymigrante.com\/revista\/wp-content\/uploads\/2026\/09\/eleanor-menchu-ingeniera-guatemalteca-ganadora-del-premio-luis-von-ahn-3-150x150.webp 150w, https:\/\/soymigrante.com\/revista\/wp-content\/uploads\/2026\/09\/eleanor-menchu-ingeniera-guatemalteca-ganadora-del-premio-luis-von-ahn-3-768x768.webp 768w, https:\/\/soymigrante.com\/revista\/wp-content\/uploads\/2026\/09\/eleanor-menchu-ingeniera-guatemalteca-ganadora-del-premio-luis-von-ahn-3-75x75.webp 75w, https:\/\/soymigrante.com\/revista\/wp-content\/uploads\/2026\/09\/eleanor-menchu-ingeniera-guatemalteca-ganadora-del-premio-luis-von-ahn-3-750x750.webp 750w, https:\/\/soymigrante.com\/revista\/wp-content\/uploads\/2026\/09\/eleanor-menchu-ingeniera-guatemalteca-ganadora-del-premio-luis-von-ahn-3-1140x1140.webp 1140w, https:\/\/soymigrante.com\/revista\/wp-content\/uploads\/2026\/09\/eleanor-menchu-ingeniera-guatemalteca-ganadora-del-premio-luis-von-ahn-3.webp 1440w\" sizes=\"(max-width: 1024px) 100vw, 1024px\" \/>\t\t\t\t\t\t\t\t\t\t\t<figcaption class=\"widget-image-caption wp-caption-text\">La ingeniera Eleanor Mench\u00fa considera que los j\u00f3venes tienen la capacidad de plantear soluciones innovadoras, pero que no siempre son escuchados debido a que se les tacha de no tener \"experiencia\" o bien porque simplemente no cuentan con canales para tener una mejor expresi\u00f3n de sus planteamientos. Actualmente se encuentra en Austria en busca de ampliar la red de colaboraciones.<\/figcaption>\n\t\t\t\t\t\t\t\t\t\t<\/figure>\n\t\t\t\t\t\t\t\t\t<\/div>\n\t\t\t\t\t<\/div>\n\t\t\t\t<\/div>\n\t\t<div data-particle_enable=\"false\" data-particle-mobile-disabled=\"false\" class=\"elementor-element elementor-element-2ca36e7 e-flex e-con-boxed e-con e-parent\" data-id=\"2ca36e7\" data-element_type=\"container\" data-e-type=\"container\">\n\t\t\t\t\t<div class=\"e-con-inner\">\n\t\t\t\t<div class=\"elementor-element elementor-element-7f2eec1 elementor-widget elementor-widget-text-editor\" data-id=\"7f2eec1\" data-element_type=\"widget\" data-e-type=\"widget\" data-widget_type=\"text-editor.default\">\n\t\t\t\t\t\t\t\t\t<p><span style=\"color: #000000; font-family: Mulish, sans-serif; font-size: 29px; font-weight: bold;\">\u201cLas opciones est\u00e1n, pero no hay iniciativas\u201d<\/span><\/p><p>La respuesta que encontr\u00f3 fue una de las razones por las que hoy impulsa WeSolve.\u00a0\u201cAh\u00ed me di cuenta que realmente las entidades tanto p\u00fablicas, del gobierno como privadas, como fondos, fundaciones, est\u00e1n realmente queriendo m\u00e1s oportunidades en donde colaborar y eso falta mucho en Guatemala y en otras regiones. Quieren realmente colaborar pero no hay iniciativas para hacerlo.\u201d<\/p><p>Para Eleanor, el problema no siempre es la falta de recursos, instituciones o personas dispuestas a ayudar. Pero con frecuencia faltan los mecanismos y las iniciativas que permitan conectarlos.\u00a0\u201cLas opciones est\u00e1n, solo se deben concretar, coordinar y priorizar las iniciativas. Hay muy pocas.\u201d<\/p><p>Para ella, adem\u00e1s, los j\u00f3venes enfrentan otra barrera: la idea de que por su edad todav\u00eda no tienen suficiente experiencia para proponer o liderar.\u00a0\u201cPor el mismo sistema, los j\u00f3venes en Guatemala no tienen acceso a tener experiencia laboral, cargamos con ese miedo, ese estigma y esa exclusi\u00f3n. Resulta que tenemos que llegar experimentados a los trabajos, pero nadie brinda los espacios para ello. Sin embargo eso no quiere decir que nuestras propuestas de innovaci\u00f3n no funcionen.\u201d<\/p><p>Su experiencia le ha demostrado que tambi\u00e9n puede ocurrir lo contrario: &#8220;Una persona puede tener una idea sin saber exactamente c\u00f3mo ejecutarla y necesita encontrar instituciones dispuestas a acompa\u00f1arla en construir un nuevo m\u00e9todo&#8221;.<\/p>\t\t\t\t\t\t\t\t<\/div>\n\t\t\t\t\t<\/div>\n\t\t\t\t<\/div>\n\t\t<div data-particle_enable=\"false\" data-particle-mobile-disabled=\"false\" class=\"elementor-element elementor-element-223a143 e-flex e-con-boxed e-con e-parent\" data-id=\"223a143\" data-element_type=\"container\" data-e-type=\"container\">\n\t\t\t\t\t<div class=\"e-con-inner\">\n\t\t\t\t<div class=\"elementor-element elementor-element-aa65d8a elementor-widget elementor-widget-image\" data-id=\"aa65d8a\" data-element_type=\"widget\" data-e-type=\"widget\" data-widget_type=\"image.default\">\n\t\t\t\t\t\t\t\t\t\t\t\t<figure class=\"wp-caption\">\n\t\t\t\t\t\t\t\t\t\t<img loading=\"lazy\" decoding=\"async\" width=\"1140\" height=\"678\" src=\"https:\/\/soymigrante.com\/revista\/wp-content\/uploads\/2026\/09\/eleanor-menchu-1140x678.jpg\" class=\"attachment-large size-large wp-image-63688\" alt=\"A trav\u00e9s de WeSolve, unas 300 personas, especialmente j\u00f3venes profesionales, de diversas ramas, analizan desaf\u00edos de pa\u00edses como Guatemala para plantear soluciones a los problemas de desnutrici\u00f3n, salud y educaci\u00f3n: esos son los tres temas en que se est\u00e1n enfocando por ahora. Eleanor expone ante estudiantes en Austria.\" srcset=\"https:\/\/soymigrante.com\/revista\/wp-content\/uploads\/2026\/09\/eleanor-menchu-1140x678.jpg 1140w, https:\/\/soymigrante.com\/revista\/wp-content\/uploads\/2026\/09\/eleanor-menchu-300x178.jpg 300w, https:\/\/soymigrante.com\/revista\/wp-content\/uploads\/2026\/09\/eleanor-menchu-768x457.jpg 768w, https:\/\/soymigrante.com\/revista\/wp-content\/uploads\/2026\/09\/eleanor-menchu-1536x913.jpg 1536w, https:\/\/soymigrante.com\/revista\/wp-content\/uploads\/2026\/09\/eleanor-menchu-2048x1218.jpg 2048w, https:\/\/soymigrante.com\/revista\/wp-content\/uploads\/2026\/09\/eleanor-menchu-750x446.jpg 750w\" sizes=\"(max-width: 1140px) 100vw, 1140px\" \/>\t\t\t\t\t\t\t\t\t\t\t<figcaption class=\"widget-image-caption wp-caption-text\">A trav\u00e9s de WeSolve, unas 300 personas, especialmente j\u00f3venes profesionales, de diversas ramas, analizan desaf\u00edos de pa\u00edses como Guatemala para plantear soluciones a los problemas de desnutrici\u00f3n, salud y educaci\u00f3n: esos son los tres temas en que se est\u00e1n enfocando por ahora. Eleanor expone ante estudiantes en Austria.<\/figcaption>\n\t\t\t\t\t\t\t\t\t\t<\/figure>\n\t\t\t\t\t\t\t\t\t<\/div>\n\t\t\t\t\t<\/div>\n\t\t\t\t<\/div>\n\t\t<div data-particle_enable=\"false\" data-particle-mobile-disabled=\"false\" class=\"elementor-element elementor-element-3315726 e-flex e-con-boxed e-con e-parent\" data-id=\"3315726\" data-element_type=\"container\" data-e-type=\"container\">\n\t\t\t\t\t<div class=\"e-con-inner\">\n\t\t\t\t<div class=\"elementor-element elementor-element-b2e31c7 elementor-widget elementor-widget-text-editor\" data-id=\"b2e31c7\" data-element_type=\"widget\" data-e-type=\"widget\" data-widget_type=\"text-editor.default\">\n\t\t\t\t\t\t\t\t\t<p><span style=\"color: #000000; font-family: Mulish, sans-serif; font-size: 29px; font-weight: bold;\">WeSolve: romper los problemas en pedazos<\/span><\/p><p>La idea de WeSolve surgi\u00f3 despu\u00e9s de un viaje a San Francisco, donde fue invitada a conocer el ecosistema de innovaci\u00f3n.\u00a0All\u00ed encontr\u00f3 empresas, inversionistas y nuevas tecnolog\u00edas, pero tambi\u00e9n sinti\u00f3 que buena parte de la innovaci\u00f3n estaba concentrada en generar productos y dinero.<\/p><p>\u201cMe di cuenta que todas estas soluciones siempre iban hacia algo m\u00e1s tecnol\u00f3gico\u201d, explica. &#8220;Algunas estaban orientadas, por ejemplo, a generar m\u00e1s publicidad.\u00a0Como que siempre se centraban un poco m\u00e1s en c\u00f3mo desenfocar a la persona para generar m\u00e1s dinero. Y eso a m\u00ed lo que realmente me choc\u00f3 y dije: pero hay m\u00e1s objetivos, m\u00e1s grandes: hallar soluciones a problemas de las comunidades&#8221;<\/p><p>Entonces, junto con tres amigos, decidi\u00f3 intentar otra ruta.\u00a0WeSolve re\u00fane a personas menores de 30 a\u00f1os para buscar soluciones a desaf\u00edos globales. &#8220;El m\u00e9todo parte de los llamados <em>First Principles<\/em>: tomar un problema, dividirlo en problemas cada vez m\u00e1s peque\u00f1os y preguntarse qu\u00e9 se puede hacer concretamente para avanzar&#8221;.<\/p><p>\u201cNosotros agarramos ciertos problemas, por ejemplo el problema de nutrici\u00f3n, y nosotros lo quebramos en distintos problemas. Hay que hacer pedazos los problemas para ver sus componentes y ver soluciones\u201d<\/p><p>&#8220;Despu\u00e9s vienen las preguntas pr\u00e1cticas: \u00bfhay una organizaci\u00f3n con la que se pueda hacer una alianza?, \u00bfexiste financiamiento?, \u00bfqui\u00e9n puede aportar?, \u00bfqu\u00e9 empresa puede involucrarse?, \u00bfqu\u00e9 puede hacer el gobierno?, \u00bfqu\u00e9 papel puede asumir la sociedad civil?\u00a0La meta es integrar esos esfuerzos y empoderar a j\u00f3venes para abordar problemas urgentes&#8221;.<\/p><p>Actualmente participan aproximadamente 300 personas alrededor del mundo.<\/p>\t\t\t\t\t\t\t\t<\/div>\n\t\t\t\t\t<\/div>\n\t\t\t\t<\/div>\n\t\t<div data-particle_enable=\"false\" data-particle-mobile-disabled=\"false\" class=\"elementor-element elementor-element-e01d4c1 e-flex e-con-boxed e-con e-parent\" data-id=\"e01d4c1\" data-element_type=\"container\" data-e-type=\"container\">\n\t\t\t\t\t<div class=\"e-con-inner\">\n\t\t\t\t<div class=\"elementor-element elementor-element-5029ff3 elementor-widget elementor-widget-image\" data-id=\"5029ff3\" data-element_type=\"widget\" data-e-type=\"widget\" data-widget_type=\"image.default\">\n\t\t\t\t\t\t\t\t\t\t\t\t<figure class=\"wp-caption\">\n\t\t\t\t\t\t\t\t\t\t<img loading=\"lazy\" decoding=\"async\" width=\"1140\" height=\"838\" src=\"https:\/\/soymigrante.com\/revista\/wp-content\/uploads\/2026\/09\/eleanor-menchu-en-austria-1140x838.jpg\" class=\"attachment-large size-large wp-image-63689\" alt=\"El premio de la fundaci\u00f3n Luis von Ahn es un &quot;gran comienzo&quot; dice Eleanor Mench\u00fa, quien agradece la distinci\u00f3n y se compromete a seguir buscando soluciones y la integraci\u00f3n de inteligencias para plantear alternativas de desarrollo en Guatemala.\" srcset=\"https:\/\/soymigrante.com\/revista\/wp-content\/uploads\/2026\/09\/eleanor-menchu-en-austria-1140x838.jpg 1140w, https:\/\/soymigrante.com\/revista\/wp-content\/uploads\/2026\/09\/eleanor-menchu-en-austria-300x220.jpg 300w, https:\/\/soymigrante.com\/revista\/wp-content\/uploads\/2026\/09\/eleanor-menchu-en-austria-768x564.jpg 768w, https:\/\/soymigrante.com\/revista\/wp-content\/uploads\/2026\/09\/eleanor-menchu-en-austria-750x551.jpg 750w, https:\/\/soymigrante.com\/revista\/wp-content\/uploads\/2026\/09\/eleanor-menchu-en-austria.jpg 1440w\" sizes=\"(max-width: 1140px) 100vw, 1140px\" \/>\t\t\t\t\t\t\t\t\t\t\t<figcaption class=\"widget-image-caption wp-caption-text\">El premio de la fundaci\u00f3n Luis von Ahn es un \"gran comienzo\" dice Eleanor Mench\u00fa, quien agradece la distinci\u00f3n y se compromete a seguir buscando soluciones y la integraci\u00f3n de inteligencias para plantear alternativas de desarrollo en Guatemala.<\/figcaption>\n\t\t\t\t\t\t\t\t\t\t<\/figure>\n\t\t\t\t\t\t\t\t\t<\/div>\n\t\t\t\t\t<\/div>\n\t\t\t\t<\/div>\n\t\t<div data-particle_enable=\"false\" data-particle-mobile-disabled=\"false\" class=\"elementor-element elementor-element-bec84f3 e-flex e-con-boxed e-con e-parent\" data-id=\"bec84f3\" data-element_type=\"container\" data-e-type=\"container\">\n\t\t\t\t\t<div class=\"e-con-inner\">\n\t\t\t\t<div class=\"elementor-element elementor-element-21f19a8 elementor-widget elementor-widget-text-editor\" data-id=\"21f19a8\" data-element_type=\"widget\" data-e-type=\"widget\" data-widget_type=\"text-editor.default\">\n\t\t\t\t\t\t\t\t\t<p><span style=\"color: #000000; font-family: Mulish, sans-serif; font-size: 29px; font-weight: bold;\">Un ideal sin fronteras pero s\u00ed con innovaci\u00f3n<\/span><\/p><p>Viena, Austria es su base temporal, pero tambi\u00e9n se mueve entre Berl\u00edn y Praga y pr\u00f3ximamente espera llegar a Finlandia, siguiendo los ecosistemas de innovaci\u00f3n tecnol\u00f3gica, rob\u00f3tica, software y hardware.\u00a0\u00a0Es su primera estad\u00eda prolongada fuera de Guatemala.<\/p><p>\u201cMe gusta mucho explorar nuevas culturas, nuevas personas, nuevos ambientes. Obviamente extra\u00f1o mucho Guatemala, pero me emociona mucho poder aportar&#8221;. Por supuesto\u00a0 extra\u00f1a a su familia y tambi\u00e9n la comida.<\/p><p>\u201cLas comidas guatemaltecas tienen mucho sabor\u201d, dice. Intenta recrear el desayuno chap\u00edn, aunque admite que \u201cno es igual\u201d, pero a los compa\u00f1eros de otros pa\u00edses, les encanta.\u00a0<\/p><p>El Premio Visionario lleg\u00f3 como una sorpresa. Recibi\u00f3 un correo para conversar con el emprendedor digital guatemalteco Luis von Ahn y fue \u00e9l mismo quien le comunic\u00f3 que hab\u00eda ganado. No sabe qui\u00e9n la nomin\u00f3, porque las nominaciones son an\u00f3nimas.\u00a0Lo que s\u00ed sabe es qu\u00e9 har\u00e1 con el reconocimiento:<\/p><p>\u201cSeguir so\u00f1ando en grande y seguir siendo curiosa y tambi\u00e9n colaborar con m\u00e1s personas.\u201d\u00a0Y quiz\u00e1 esa \u00faltima palabra sea la que mejor define su propuesta: <strong>colaborar<\/strong>.<\/p>\t\t\t\t\t\t\t\t<\/div>\n\t\t\t\t\t<\/div>\n\t\t\t\t<\/div>\n\t\t\t\t<\/div>\n\t\t","protected":false},"excerpt":{"rendered":"<p>A trav\u00e9s de la iniciativa We Solve, la ingeniera guatemalteca Eleanor Mench\u00fa (actualmente en Austria) busca alternativas de soluci\u00f3n a problemas guatemaltecos mediante networking e innovaci\u00f3n: por ello gan\u00f3 el premio de la fundaci\u00f3n Luis von Ahn. A sus 23 a\u00f1os, Eleanor Mench\u00fa est\u00e1 en Viena, Austria, pero su mirada ha estado y sigue puesta [&hellip;]<\/p>\n","protected":false},"author":7,"featured_media":63675,"comment_status":"open","ping_status":"open","sticky":false,"template":"","format":"standard","meta":{"_acf_changed":false,"_eb_attr":"","footnotes":""},"categories":[274],"tags":[],"class_list":["post-63666","post","type-post","status-publish","format-standard","has-post-thumbnail","hentry","category-guatemala"],"acf":[],"aioseo_notices":[],"aioseo_head":"\n\t\t<!-- All in One SEO Pro 5.0.1.1 - aioseo.com -->\n\t<meta name=\"description\" content=\"Acciones y aportes muy reales, con gran impacto positivo son reconocidos por el premio Visionario de la fundaci\u00f3n Luis von Ahn 2026: esta vez son cuatro grandes guatemaltecas las galardonadas. Te presentamos sus brillantes perfiles. Gabriela Asturias, Magdalena Cholot\u00edo, Pilar Ram\u00edrez y Eleanor Mench\u00fa fueron reconocidas con el Premio Visionario de la fundaci\u00f3n Luis von\" \/>\n\t<meta name=\"robots\" content=\"max-snippet:-1, max-image-preview:large, max-video-preview:-1\" \/>\n\t<meta name=\"author\" content=\"Gustavo Montenegro\"\/>\n\t<link rel=\"canonical\" href=\"https:\/\/soymigrante.com\/revista\/eleanor-menchu-premio-von-ahn-ingeniera-guatemalteca-austria-wesolve-aporte-solucion-guatemala\/\" \/>\n\t<meta name=\"generator\" content=\"All in One SEO Pro (AIOSEO) 5.0.1.1\" \/>\n\n\t\t<link rel=\"preconnect\" href=\"https:\/\/fonts.googleapis.com\" crossorigin>\n<link rel=\"preconnect\" href=\"https:\/\/fonts.gstatic.com\" crossorigin>\n\t\t<meta property=\"og:locale\" content=\"es_ES\" \/>\n\t\t<meta property=\"og:site_name\" content=\"SoyMigrante.com REVISTA \u2013 Nuestra misi\u00f3n es reconocer y dignificar al migrante.\" \/>\n\t\t<meta property=\"og:type\" content=\"article\" \/>\n\t\t<meta property=\"og:title\" content=\"Ingeniera Eleanor Mench\u00fa impulsa soluciones desde Austria\" \/>\n\t\t<meta property=\"og:description\" content=\"Guatemalteca, galardonada con premio de Fundaci\u00f3n Luis von Ahn, por su iniciativa We Solve, impulsa &quot;hacer pedazos&quot; los problemas de Guatemala y trabajar en red.\" \/>\n\t\t<meta property=\"og:url\" content=\"https:\/\/soymigrante.com\/revista\/eleanor-menchu-premio-von-ahn-ingeniera-guatemalteca-austria-wesolve-aporte-solucion-guatemala\/\" \/>\n\t\t<meta property=\"og:image\" content=\"https:\/\/soymigrante.com\/revista\/wp-content\/uploads\/2026\/09\/eleanor-menchu-ingeniera-guatemalteca-ganadora-del-premio-luis-von-ahn-2.jpg\" \/>\n\t\t<meta property=\"og:image:secure_url\" content=\"https:\/\/soymigrante.com\/revista\/wp-content\/uploads\/2026\/09\/eleanor-menchu-ingeniera-guatemalteca-ganadora-del-premio-luis-von-ahn-2.jpg\" \/>\n\t\t<meta property=\"og:image:width\" content=\"1950\" \/>\n\t\t<meta property=\"og:image:height\" content=\"1950\" \/>\n\t\t<meta property=\"article:published_time\" content=\"2026-09-02T17:52:14+00:00\" \/>\n\t\t<meta property=\"article:modified_time\" content=\"2026-09-02T17:52:35+00:00\" \/>\n\t\t<meta property=\"article:publisher\" content=\"https:\/\/www.facebook.com\/soymigrantecom\" \/>\n\t\t<meta name=\"twitter:card\" content=\"summary_large_image\" \/>\n\t\t<meta name=\"twitter:site\" content=\"@SoyMigrante_com\" \/>\n\t\t<meta name=\"twitter:title\" content=\"Ingeniera Eleanor Mench\u00fa impulsa soluciones desde Austria\" \/>\n\t\t<meta name=\"twitter:description\" content=\"Guatemalteca, galardonada con premio de Fundaci\u00f3n Luis von Ahn, por su iniciativa We Solve, impulsa &quot;hacer pedazos&quot; los problemas de Guatemala y trabajar en red.\" \/>\n\t\t<meta name=\"twitter:creator\" content=\"@SoyMigrante_com\" \/>\n\t\t<meta name=\"twitter:image\" content=\"https:\/\/soymigrante.com\/revista\/wp-content\/uploads\/2026\/09\/eleanor-menchu-ingeniera-guatemalteca-ganadora-del-premio-luis-von-ahn-2.jpg\" \/>\n\t\t<!-- All in One SEO Pro -->\r\n\t\t<title>Ingeniera Eleanor Mench\u00fa plantea \u201chacer pedazos\u201d los retos de Guatemala para trabajar en equipo<\/title>\n\n","aioseo_head_json":{"title":"Ingeniera Eleanor Mench\u00fa plantea \u201chacer pedazos\u201d los retos de Guatemala para trabajar en equipo","description":"A trav\u00e9s de la iniciativa We Solve, la ingeniera guatemalteca Eleanor Mench\u00fa (actualmente en Austria) busca alternativas de soluci\u00f3n a problemas guatemaltecos mediante networking e innovaci\u00f3n: por ello gan\u00f3 el premio de la fundaci\u00f3n Luis von Ahn. A sus 23 a\u00f1os, Eleanor Mench\u00fa est\u00e1 en Viena, Austria, pero su mirada ha estado y sigue puesta","canonical_url":"https:\/\/soymigrante.com\/revista\/eleanor-menchu-premio-von-ahn-ingeniera-guatemalteca-austria-wesolve-aporte-solucion-guatemala\/","robots":"max-snippet:-1, max-image-preview:large, max-video-preview:-1","keywords":"","webmasterTools":{"miscellaneous":"&lt;link rel=\"preconnect\" href=\"https:\/\/fonts.googleapis.com\" crossorigin&gt;\n&lt;link rel=\"preconnect\" href=\"https:\/\/fonts.gstatic.com\" crossorigin&gt;"},"schema":null,"og:locale":"es_ES","og:site_name":"SoyMigrante.com REVISTA \u2013 Nuestra misi\u00f3n es reconocer y dignificar al migrante.","og:type":"article","og:title":"Ingeniera Eleanor Mench\u00fa impulsa soluciones desde Austria","og:description":"Guatemalteca, galardonada con premio de Fundaci\u00f3n Luis von Ahn, por su iniciativa We Solve, impulsa &quot;hacer pedazos&quot; los problemas de Guatemala y trabajar en red.","og:url":"https:\/\/soymigrante.com\/revista\/eleanor-menchu-premio-von-ahn-ingeniera-guatemalteca-austria-wesolve-aporte-solucion-guatemala\/","og:image":"https:\/\/soymigrante.com\/revista\/wp-content\/uploads\/2026\/09\/eleanor-menchu-ingeniera-guatemalteca-ganadora-del-premio-luis-von-ahn-2.jpg","og:image:secure_url":"https:\/\/soymigrante.com\/revista\/wp-content\/uploads\/2026\/09\/eleanor-menchu-ingeniera-guatemalteca-ganadora-del-premio-luis-von-ahn-2.jpg","og:image:width":1950,"og:image:height":1950,"article:published_time":"2026-09-02T17:52:14+00:00","article:modified_time":"2026-09-02T17:52:35+00:00","article:publisher":"https:\/\/www.facebook.com\/soymigrantecom","twitter:card":"summary_large_image","twitter:site":"@SoyMigrante_com","twitter:title":"Ingeniera Eleanor Mench\u00fa impulsa soluciones desde Austria","twitter:description":"Guatemalteca, galardonada con premio de Fundaci\u00f3n Luis von Ahn, por su iniciativa We Solve, impulsa &quot;hacer pedazos&quot; los problemas de Guatemala y trabajar en red.","twitter:creator":"@SoyMigrante_com","twitter:image":"https:\/\/soymigrante.com\/revista\/wp-content\/uploads\/2026\/09\/eleanor-menchu-ingeniera-guatemalteca-ganadora-del-premio-luis-von-ahn-2.jpg"},"aioseo_meta_data":{"post_id":"63666","title":null,"description":null,"keywords":null,"keyphrases":{"focus":{"keyphrase":"eleanor menchu","score":0,"analysis":[]},"additional":[{"keyphrase":"Guatemala","score":0},{"keyphrase":"Eleanor","score":0},{"keyphrase":"Eleanor Menchu","score":0}]},"primary_term":null,"canonical_url":null,"og_title":"Ingeniera Eleanor Mench\u00fa impulsa soluciones desde Austria","og_description":"Guatemalteca, galardonada con premio de Fundaci\u00f3n Luis von Ahn, por su iniciativa We Solve, impulsa \"hacer pedazos\" los problemas de Guatemala y trabajar en red.","og_object_type":"default","og_image_type":"default","og_image_url":null,"og_image_width":null,"og_image_height":null,"og_image_custom_url":null,"og_image_custom_fields":null,"og_video":"","og_custom_url":null,"og_article_section":null,"og_article_tags":null,"twitter_use_og":false,"twitter_card":"default","twitter_image_type":"default","twitter_image_url":null,"twitter_image_custom_url":null,"twitter_image_custom_fields":null,"twitter_title":null,"twitter_description":null,"schema":{"blockGraphs":[],"customGraphs":[],"default":{"data":{"Article":[],"Course":[],"Dataset":[],"FAQPage":[],"Movie":[],"Person":[],"Product":[],"ProductReview":[],"Car":[],"Recipe":[],"Service":[],"SoftwareApplication":[],"WebPage":[]},"graphName":"NewsArticle","isEnabled":true},"graphs":[]},"schema_type":"default","schema_type_options":null,"pillar_content":false,"robots_default":true,"robots_noindex":false,"robots_noarchive":false,"robots_nosnippet":false,"robots_nofollow":false,"robots_noimageindex":false,"robots_noodp":false,"robots_notranslate":false,"robots_max_snippet":"-1","robots_max_videopreview":"-1","robots_max_imagepreview":"large","priority":null,"frequency":"default","local_seo":null,"seo_analyzer_scan_date":"2026-09-02 17:53:07","breadcrumb_settings":null,"limit_modified_date":false,"reviewed_by":"0","open_ai":null,"ai":{"faqs":[],"keyPoints":[],"schemas":[],"titles":[],"descriptions":[],"socialPosts":{"email":{"subject":"","preview":"","content":""},"linkedin":[],"twitter":[],"facebook":[],"instagram":[]}},"created":"2026-09-02 16:52:35","updated":"2026-09-02 18:17:52","focus_keyword":"eleanor menchu","additional_keywords":[{"word":"Guatemala","score":100,"items":{"introductionKeyword":{"score":9},"keyphraseLength":{"score":9},"keyphraseDensity":{"score":9},"functionWordsInKeyphrase":{"score":9},"textCompetingLinks":{"score":9},"imageKeyphrase":{"score":9}}},{"word":"Eleanor","score":100,"items":{"introductionKeyword":{"score":9},"keyphraseLength":{"score":9},"keyphraseDensity":{"score":9},"functionWordsInKeyphrase":{"score":9},"textCompetingLinks":{"score":9},"imageKeyphrase":{"score":9}}},{"word":"Eleanor Menchu","score":80,"items":{"introductionKeyword":{"score":3},"keyphraseLength":{"score":9},"keyphraseDensity":{"score":4},"functionWordsInKeyphrase":{"score":9},"textCompetingLinks":{"score":9},"imageKeyphrase":{"score":9}}}],"truseo_locale":null},"aioseo_breadcrumb":"<div class=\"aioseo-breadcrumbs\"><span class=\"aioseo-breadcrumb\">\n\t<a href=\"https:\/\/soymigrante.com\/revista\" title=\"Home\">Home<\/a>\n<\/span><span class=\"aioseo-breadcrumb-separator\">\u00bb<\/span><span class=\"aioseo-breadcrumb\">\n\t<a href=\"https:\/\/soymigrante.com\/revista\/category\/exitos\/\" title=\"\u00c9xitos\">\u00c9xitos<\/a>\n<\/span><span class=\"aioseo-breadcrumb-separator\">\u00bb<\/span><span class=\"aioseo-breadcrumb\">\n\t<a href=\"https:\/\/soymigrante.com\/revista\/category\/exitos\/guatemala\/\" title=\"Guatemala\">Guatemala<\/a>\n<\/span><span class=\"aioseo-breadcrumb-separator\">\u00bb<\/span><span class=\"aioseo-breadcrumb\">\n\tIngeniera Eleanor Mench\u00fa plantea \u201chacer pedazos\u201d los retos de Guatemala para trabajar en equipo\n<\/span><\/div>","aioseo_breadcrumb_json":[{"label":"Home","link":"https:\/\/soymigrante.com\/revista"},{"label":"\u00c9xitos","link":"https:\/\/soymigrante.com\/revista\/category\/exitos\/"},{"label":"Guatemala","link":"https:\/\/soymigrante.com\/revista\/category\/exitos\/guatemala\/"},{"label":"Ingeniera Eleanor Mench\u00fa plantea &#8220;hacer pedazos&#8221; los retos de Guatemala para trabajar en equipo","link":"https:\/\/soymigrante.com\/revista\/eleanor-menchu-premio-von-ahn-ingeniera-guatemalteca-austria-wesolve-aporte-solucion-guatemala\/"}],"_links":{"self":[{"href":"https:\/\/soymigrante.com\/revista\/wp-json\/wp\/v2\/posts\/63666","targetHints":{"allow":["GET"]}}],"collection":[{"href":"https:\/\/soymigrante.com\/revista\/wp-json\/wp\/v2\/posts"}],"about":[{"href":"https:\/\/soymigrante.com\/revista\/wp-json\/wp\/v2\/types\/post"}],"author":[{"embeddable":true,"href":"https:\/\/soymigrante.com\/revista\/wp-json\/wp\/v2\/users\/7"}],"replies":[{"embeddable":true,"href":"https:\/\/soymigrante.com\/revista\/wp-json\/wp\/v2\/comments?post=63666"}],"version-history":[{"count":4,"href":"https:\/\/soymigrante.com\/revista\/wp-json\/wp\/v2\/posts\/63666\/revisions"}],"predecessor-version":[{"id":63690,"href":"https:\/\/soymigrante.com\/revista\/wp-json\/wp\/v2\/posts\/63666\/revisions\/63690"}],"wp:featuredmedia":[{"embeddable":true,"href":"https:\/\/soymigrante.com\/revista\/wp-json\/wp\/v2\/media\/63675"}],"wp:attachment":[{"href":"https:\/\/soymigrante.com\/revista\/wp-json\/wp\/v2\/media?parent=63666"}],"wp:term":[{"taxonomy":"category","embeddable":true,"href":"https:\/\/soymigrante.com\/revista\/wp-json\/wp\/v2\/categories?post=63666"},{"taxonomy":"post_tag","embeddable":true,"href":"https:\/\/soymigrante.com\/revista\/wp-json\/wp\/v2\/tags?post=63666"}],"curies":[{"name":"wp","href":"https:\/\/api.w.org\/{rel}","templated":true}]}}