{"id":63610,"date":"2026-09-01T16:22:52","date_gmt":"2026-09-01T22:22:52","guid":{"rendered":"https:\/\/soymigrante.com\/revista\/?p=63610"},"modified":"2026-09-01T17:00:47","modified_gmt":"2026-09-01T23:00:47","slug":"canciones-de-guatemala-inspiradas-en-el-departamento-de-alta-verapaz","status":"publish","type":"post","link":"https:\/\/soymigrante.com\/revista\/canciones-de-guatemala-inspiradas-en-el-departamento-de-alta-verapaz\/","title":{"rendered":"Canciones de Guatemala inspiradas en el departamento de Alta Verapaz"},"content":{"rendered":"\t\t<div data-elementor-type=\"wp-post\" data-elementor-id=\"63610\" class=\"elementor elementor-63610\" data-elementor-post-type=\"post\">\n\t\t\t\t<div data-particle_enable=\"false\" data-particle-mobile-disabled=\"false\" class=\"elementor-element elementor-element-0fb6112 e-flex e-con-boxed e-con e-parent\" data-id=\"0fb6112\" data-element_type=\"container\" data-e-type=\"container\">\n\t\t\t\t\t<div class=\"e-con-inner\">\n\t\t\t\t<div class=\"elementor-element elementor-element-39d22c0 elementor-widget elementor-widget-heading\" data-id=\"39d22c0\" data-element_type=\"widget\" data-e-type=\"widget\" data-widget_type=\"heading.default\">\n\t\t\t\t\t<h3 class=\"elementor-heading-title elementor-size-default\">Sin duda alguna, Cob\u00e1n, canci\u00f3n dedicada a la cabecera departamental de Alta Verapaz es una de las piezas m\u00e1s conocidas entre estas canciones de Guatemala. Pero existen otras. Conoce y escucha.<\/h3>\t\t\t\t<\/div>\n\t\t\t\t\t<\/div>\n\t\t\t\t<\/div>\n\t\t<div data-particle_enable=\"false\" data-particle-mobile-disabled=\"false\" class=\"elementor-element elementor-element-a56c7c9 e-flex e-con-boxed e-con e-parent\" data-id=\"a56c7c9\" data-element_type=\"container\" data-e-type=\"container\">\n\t\t\t\t\t<div class=\"e-con-inner\">\n\t\t\t\t<div class=\"elementor-element elementor-element-6112115 elementor-widget elementor-widget-text-editor\" data-id=\"6112115\" data-element_type=\"widget\" data-e-type=\"widget\" data-widget_type=\"text-editor.default\">\n\t\t\t\t\t\t\t\t\t<p data-path-to-node=\"0\">Alta Verapaz, tierra de la<a href=\"https:\/\/soymigrante.com\/revista\/simbolos-patrios-8-datos-de-la-monja-blanca-que-tal-vez-ya-conocias-o-quiza-no\/\"> Monja Blanca<\/a> y tambi\u00e9n donde se abre la puerta de Xibalb\u00e1 en las <a href=\"https:\/\/soymigrante.com\/revista\/cuevas-de-candelaria-o-mucbila-son-otra-impresionante-puerta-al-inframundo-maya-en-alta-verapaz\/\">cuevas de Candelaria<\/a>; lugar donde emerge el r\u00edo Cahab\u00f3n en <a href=\"https:\/\/soymigrante.com\/revista\/semuc-champey-una-joya-natural-escondida-en-lanquin-alta-verapaz\/\">Semuc Champey<\/a>, territorio del pueblo k&#8217;ekchi&#8217;. Tiene canciones y composiciones que merecen ser m\u00e1s conocidas, por los altaverapaceneses y por todos los guatemaltecos.\u00a0<\/p><p data-path-to-node=\"0\"><i>En Cob\u00e1n yo disfrut\u00e9, del encanto de su suelo<br \/>las bellezas que admir\u00e9 motivaron esta canci\u00f3n<br \/>En Cob\u00e1n me quedar\u00e9 disfrutando del paisaje y<br \/>admirando su verdor, se adivina el motivo de la orqu\u00eddea,<br \/>Monja Blanca Primorosa que en su suelo floreci\u00f3&#8230;<\/i><\/p><p data-path-to-node=\"0\">As\u00ed comienza la canci\u00f3n Cob\u00e1n, compuesta por gran m\u00fasico quetzalteco Domingo Betancourth (1906-1980), quien se vio cautivado por la belleza natural de la cabecera de <a href=\"https:\/\/soymigrante.com\/revista\/departamentos-de-guatemala-alta-verapaz-mosaico-cultural-y-natural\/\">Alta Verapaz. <\/a>Es uno de esos temas infaltables al hablar de canciones de Guatemala y espec\u00edficamente dedicadas a este departamento. Quiz\u00e1 la has escuchado en melod\u00eda de marimba, pero posiblemente no con su letra.<\/p>\t\t\t\t\t\t\t\t<\/div>\n\t\t\t\t\t<\/div>\n\t\t\t\t<\/div>\n\t\t<div data-particle_enable=\"false\" data-particle-mobile-disabled=\"false\" class=\"elementor-element elementor-element-0cb59eb e-flex e-con-boxed e-con e-parent\" data-id=\"0cb59eb\" data-element_type=\"container\" data-e-type=\"container\">\n\t\t\t\t\t<div class=\"e-con-inner\">\n\t\t\t\t<div class=\"elementor-element elementor-element-98e0bcd elementor-widget elementor-widget-html\" data-id=\"98e0bcd\" data-element_type=\"widget\" data-e-type=\"widget\" data-widget_type=\"html.default\">\n\t\t\t\t\t<iframe width=\"560\" height=\"415\" src=\"https:\/\/www.youtube.com\/embed\/xG3CxzByYMs?si=1j4nsHjFYLrI5QP7\" title=\"YouTube video player\" frameborder=\"0\" allow=\"accelerometer; autoplay; clipboard-write; encrypted-media; gyroscope; picture-in-picture; web-share\" referrerpolicy=\"strict-origin-when-cross-origin\" allowfullscreen><\/iframe>\t\t\t\t<\/div>\n\t\t\t\t\t<\/div>\n\t\t\t\t<\/div>\n\t\t<div data-particle_enable=\"false\" data-particle-mobile-disabled=\"false\" class=\"elementor-element elementor-element-b4795f4 e-flex e-con-boxed e-con e-parent\" data-id=\"b4795f4\" data-element_type=\"container\" data-e-type=\"container\">\n\t\t\t\t\t<div class=\"e-con-inner\">\n\t\t\t\t<div class=\"elementor-element elementor-element-fa09e53 elementor-widget elementor-widget-soymigrante_mercado_editorial\" data-id=\"fa09e53\" data-element_type=\"widget\" data-e-type=\"widget\" data-widget_type=\"soymigrante_mercado_editorial.default\">\n\t\t\t\t<div class=\"elementor-widget-container\">\n\t\t\t\t\t        <section class=\"smw-market smw-market--post smw-market--source-product smw-market--presentation-editorial smw-market--image-cover smw-market--align-full\" style=\"--smw-columns: 1; --smw-tablet-columns: 1; --smw-mobile-columns: 1;\">\n                            <h2 class=\"smw-market__title\">\n                                            Victoria Textil, emprendedoras de Cob\u00e1n, Alta Verapaz                                    <\/h2>\n                        \n                            <div class=\"smw-market__grid\">\n                                                                    <article class=\"smw-product\">\n                            <a class=\"smw-product__media\" href=\"https:\/\/soymigrante.com\/mercado\/set-de-collar-y-aretes-esencia-mestiza-2?utm_source=revista&#038;utm_medium=mercado_widget&#038;utm_campaign=revista_context&#038;utm_content=set-de-collar-y-aretes-esencia-mestiza-2\" target=\"_blank\" rel=\"noopener\">\n                                                                    <img decoding=\"async\" src=\"https:\/\/soymigrante.com\/mercado\/storage\/product\/5546\/PMcB8wVpDSiSFEGD1TxPBphM19pdOKlFfaU8nPu4.webp\" alt=\"Set de collar y aretes Esencia Mestiza 2\" loading=\"lazy\">\n                                                            <\/a>\n                            <div class=\"smw-product__body\">\n                                <h3 class=\"smw-product__title\">\n                                    <a href=\"https:\/\/soymigrante.com\/mercado\/set-de-collar-y-aretes-esencia-mestiza-2?utm_source=revista&#038;utm_medium=mercado_widget&#038;utm_campaign=revista_context&#038;utm_content=set-de-collar-y-aretes-esencia-mestiza-2\" target=\"_blank\" rel=\"noopener\">Set de collar y aretes Esencia Mestiza 2<\/a>\n                                <\/h3>\n                                                                    <p class=\"smw-product__description\">Una joya que une historia, tradici\u00f3n y elegancia. El hilo de la herencia Maya se entrelaza con el brillo sutil del n\u00e1car de las perlas, creando una pieza \u00fanica y llena de significado. Esencia Mestiza...<\/p>\n                                                                                                                                    <p class=\"smw-product__price\">Q195.00<\/p>\n                                                                <a class=\"smw-product__button\" href=\"https:\/\/soymigrante.com\/mercado\/set-de-collar-y-aretes-esencia-mestiza-2?utm_source=revista&#038;utm_medium=mercado_widget&#038;utm_campaign=revista_context&#038;utm_content=set-de-collar-y-aretes-esencia-mestiza-2\" target=\"_blank\" rel=\"noopener\">\n                                    Ver en MERCADO                                <\/a>\n                            <\/div>\n                        <\/article>\n                                    <\/div>\n                    <\/section>\n        \t\t\t\t<\/div>\n\t\t\t\t<\/div>\n\t\t\t\t\t<\/div>\n\t\t\t\t<\/div>\n\t\t<div data-particle_enable=\"false\" data-particle-mobile-disabled=\"false\" class=\"elementor-element elementor-element-07948b3 e-flex e-con-boxed e-con e-parent\" data-id=\"07948b3\" data-element_type=\"container\" data-e-type=\"container\">\n\t\t\t\t\t<div class=\"e-con-inner\">\n\t\t\t\t<div class=\"elementor-element elementor-element-1abddce elementor-widget elementor-widget-heading\" data-id=\"1abddce\" data-element_type=\"widget\" data-e-type=\"widget\" data-widget_type=\"heading.default\">\n\t\t\t\t\t<h3 class=\"elementor-heading-title elementor-size-default\">A Santa Mar\u00eda Cahab\u00f3n (te fascinar\u00e1 este tema)<\/h3>\t\t\t\t<\/div>\n\t\t\t\t\t<\/div>\n\t\t\t\t<\/div>\n\t\t<div data-particle_enable=\"false\" data-particle-mobile-disabled=\"false\" class=\"elementor-element elementor-element-75a8ffb e-flex e-con-boxed e-con e-parent\" data-id=\"75a8ffb\" data-element_type=\"container\" data-e-type=\"container\">\n\t\t\t\t\t<div class=\"e-con-inner\">\n\t\t\t\t<div class=\"elementor-element elementor-element-3a322d5 elementor-widget elementor-widget-text-editor\" data-id=\"3a322d5\" data-element_type=\"widget\" data-e-type=\"widget\" data-widget_type=\"text-editor.default\">\n\t\t\t\t\t\t\t\t\t<p><b>Cahab\u00f3n de mi coraz\u00f3n<\/b> es una canci\u00f3n lanzada en 2026, con sonidos aut\u00f3ctonas y una letra muy inspiradora, dedicada sobre todo a los cahaboneros ausentes, es decir los migrantes originarios de este terru\u00f1o. El autor es Edgar Sebasti\u00e1n Barrientos Chom y canta Gloria Franco. Arreglo Jos\u00e9 Luis Tzib.<\/p>\t\t\t\t\t\t\t\t<\/div>\n\t\t\t\t\t<\/div>\n\t\t\t\t<\/div>\n\t\t<div data-particle_enable=\"false\" data-particle-mobile-disabled=\"false\" class=\"elementor-element elementor-element-67bf9a6 e-flex e-con-boxed e-con e-parent\" data-id=\"67bf9a6\" data-element_type=\"container\" data-e-type=\"container\">\n\t\t\t\t\t<div class=\"e-con-inner\">\n\t\t\t\t<div class=\"elementor-element elementor-element-18193d1 elementor-widget elementor-widget-html\" data-id=\"18193d1\" data-element_type=\"widget\" data-e-type=\"widget\" data-widget_type=\"html.default\">\n\t\t\t\t\t<iframe width=\"560\" height=\"415\" src=\"https:\/\/www.youtube.com\/embed\/HarcewPG9i8?si=mUhsviWyV5gfaZH6\" title=\"YouTube video player\" frameborder=\"0\" allow=\"accelerometer; autoplay; clipboard-write; encrypted-media; gyroscope; picture-in-picture; web-share\" referrerpolicy=\"strict-origin-when-cross-origin\" allowfullscreen><\/iframe>\t\t\t\t<\/div>\n\t\t\t\t\t<\/div>\n\t\t\t\t<\/div>\n\t\t<div data-particle_enable=\"false\" data-particle-mobile-disabled=\"false\" class=\"elementor-element elementor-element-fc9d23a e-flex e-con-boxed e-con e-parent\" data-id=\"fc9d23a\" data-element_type=\"container\" data-e-type=\"container\">\n\t\t\t\t\t<div class=\"e-con-inner\">\n\t\t\t\t<div class=\"elementor-element elementor-element-4909429 elementor-widget elementor-widget-heading\" data-id=\"4909429\" data-element_type=\"widget\" data-e-type=\"widget\" data-widget_type=\"heading.default\">\n\t\t\t\t\t<h3 class=\"elementor-heading-title elementor-size-default\">San Pedro Carch\u00e1<\/h3>\t\t\t\t<\/div>\n\t\t\t\t\t<\/div>\n\t\t\t\t<\/div>\n\t\t<div data-particle_enable=\"false\" data-particle-mobile-disabled=\"false\" class=\"elementor-element elementor-element-ed5407d e-flex e-con-boxed e-con e-parent\" data-id=\"ed5407d\" data-element_type=\"container\" data-e-type=\"container\">\n\t\t\t\t\t<div class=\"e-con-inner\">\n\t\t\t\t<div class=\"elementor-element elementor-element-e1f0762 elementor-widget elementor-widget-text-editor\" data-id=\"e1f0762\" data-element_type=\"widget\" data-e-type=\"widget\" data-widget_type=\"text-editor.default\">\n\t\t\t\t\t\t\t\t\t<p>A mi lindo Carch\u00e1, es una composici\u00f3n de Carlos Humberto Cucul Cholom, que resalta la belleza de la gente, el paisaje y el patrimonio cultural de este municipio, localizado a 230 kil\u00f3metros de la capital.<\/p>\t\t\t\t\t\t\t\t<\/div>\n\t\t\t\t\t<\/div>\n\t\t\t\t<\/div>\n\t\t<div data-particle_enable=\"false\" data-particle-mobile-disabled=\"false\" class=\"elementor-element elementor-element-e2a18a3 e-flex e-con-boxed e-con e-parent\" data-id=\"e2a18a3\" data-element_type=\"container\" data-e-type=\"container\">\n\t\t\t\t\t<div class=\"e-con-inner\">\n\t\t\t\t<div class=\"elementor-element elementor-element-fc1e6ec elementor-widget elementor-widget-html\" data-id=\"fc1e6ec\" data-element_type=\"widget\" data-e-type=\"widget\" data-widget_type=\"html.default\">\n\t\t\t\t\t<iframe width=\"560\" height=\"415\" src=\"https:\/\/www.youtube.com\/embed\/JHSlUic7B-Q?si=ni_eg-OBsCFmlrYg\" title=\"YouTube video player\" frameborder=\"0\" allow=\"accelerometer; autoplay; clipboard-write; encrypted-media; gyroscope; picture-in-picture; web-share\" referrerpolicy=\"strict-origin-when-cross-origin\" allowfullscreen><\/iframe>\t\t\t\t<\/div>\n\t\t\t\t\t<\/div>\n\t\t\t\t<\/div>\n\t\t<div data-particle_enable=\"false\" data-particle-mobile-disabled=\"false\" class=\"elementor-element elementor-element-93089ce e-flex e-con-boxed e-con e-parent\" data-id=\"93089ce\" data-element_type=\"container\" data-e-type=\"container\">\n\t\t\t\t\t<div class=\"e-con-inner\">\n\t\t\t\t<div class=\"elementor-element elementor-element-3f97739 elementor-widget elementor-widget-heading\" data-id=\"3f97739\" data-element_type=\"widget\" data-e-type=\"widget\" data-widget_type=\"heading.default\">\n\t\t\t\t\t<h3 class=\"elementor-heading-title elementor-size-default\">San Juan Chamelco<\/h3>\t\t\t\t<\/div>\n\t\t\t\t\t<\/div>\n\t\t\t\t<\/div>\n\t\t<div data-particle_enable=\"false\" data-particle-mobile-disabled=\"false\" class=\"elementor-element elementor-element-e5ee0a7 e-flex e-con-boxed e-con e-parent\" data-id=\"e5ee0a7\" data-element_type=\"container\" data-e-type=\"container\">\n\t\t\t\t\t<div class=\"e-con-inner\">\n\t\t\t\t<div class=\"elementor-element elementor-element-9ecef65 elementor-widget elementor-widget-text-editor\" data-id=\"9ecef65\" data-element_type=\"widget\" data-e-type=\"widget\" data-widget_type=\"text-editor.default\">\n\t\t\t\t\t\t\t\t\t<p>Con letra de Arnoldo Cab Ico, el tema Mi Chamelco, resalta los lugares tur\u00edsticos y tambi\u00e9n momentos de gran simbolismo hist\u00f3rico de San Juan Chamelco, a 232 kil\u00f3metros de la capital. Este pueblo es llamado Jard\u00edn de la Verapaz, y fue denominada Ciudad Real por el Rey Carlos V. Canta Meygli Paau Valdez. Grabaci\u00f3n Jose Luiz Tzib.<\/p>\t\t\t\t\t\t\t\t<\/div>\n\t\t\t\t\t<\/div>\n\t\t\t\t<\/div>\n\t\t<div data-particle_enable=\"false\" data-particle-mobile-disabled=\"false\" class=\"elementor-element elementor-element-ea713b3 e-flex e-con-boxed e-con e-parent\" data-id=\"ea713b3\" data-element_type=\"container\" data-e-type=\"container\">\n\t\t\t\t\t<div class=\"e-con-inner\">\n\t\t\t\t<div class=\"elementor-element elementor-element-b554b0d elementor-widget elementor-widget-html\" data-id=\"b554b0d\" data-element_type=\"widget\" data-e-type=\"widget\" data-widget_type=\"html.default\">\n\t\t\t\t\t<iframe width=\"560\" height=\"415\" src=\"https:\/\/www.youtube.com\/embed\/sOXvgLPUarA?si=vJmQVKoHd5wIoWBw\" title=\"YouTube video player\" frameborder=\"0\" allow=\"accelerometer; autoplay; clipboard-write; encrypted-media; gyroscope; picture-in-picture; web-share\" referrerpolicy=\"strict-origin-when-cross-origin\" allowfullscreen><\/iframe>\t\t\t\t<\/div>\n\t\t\t\t\t<\/div>\n\t\t\t\t<\/div>\n\t\t<div data-particle_enable=\"false\" data-particle-mobile-disabled=\"false\" class=\"elementor-element elementor-element-e9e1aff e-flex e-con-boxed e-con e-parent\" data-id=\"e9e1aff\" data-element_type=\"container\" data-e-type=\"container\">\n\t\t\t\t\t<div class=\"e-con-inner\">\n\t\t\t\t<div class=\"elementor-element elementor-element-9bec453 elementor-widget elementor-widget-heading\" data-id=\"9bec453\" data-element_type=\"widget\" data-e-type=\"widget\" data-widget_type=\"heading.default\">\n\t\t\t\t\t<h3 class=\"elementor-heading-title elementor-size-default\">Mi Lindo Senah\u00fa<\/h3>\t\t\t\t<\/div>\n\t\t\t\t\t<\/div>\n\t\t\t\t<\/div>\n\t\t<div data-particle_enable=\"false\" data-particle-mobile-disabled=\"false\" class=\"elementor-element elementor-element-b12d98a e-flex e-con-boxed e-con e-parent\" data-id=\"b12d98a\" data-element_type=\"container\" data-e-type=\"container\">\n\t\t\t\t\t<div class=\"e-con-inner\">\n\t\t\t\t<div class=\"elementor-element elementor-element-aa1228f elementor-widget elementor-widget-text-editor\" data-id=\"aa1228f\" data-element_type=\"widget\" data-e-type=\"widget\" data-widget_type=\"text-editor.default\">\n\t\t\t\t\t\t\t\t\t<p>A unos 328 kil\u00f3metros de la capital y aproximadamente 100 de la cabecera departamental, el municipio de Senah\u00fa, Alta Verapaz conserva naturaleza, monta\u00f1as y cultura. Mi lindo Senah\u00fa es una composici\u00f3n original de Germ\u00e1n Ovidio Molina.\u00a0 Hay versiones en marimba, pero en este caso es cantada con sentimiento por el Tr\u00edo Amistad.<\/p>\t\t\t\t\t\t\t\t<\/div>\n\t\t\t\t\t<\/div>\n\t\t\t\t<\/div>\n\t\t<div data-particle_enable=\"false\" data-particle-mobile-disabled=\"false\" class=\"elementor-element elementor-element-e5b3240 e-flex e-con-boxed e-con e-parent\" data-id=\"e5b3240\" data-element_type=\"container\" data-e-type=\"container\">\n\t\t\t\t\t<div class=\"e-con-inner\">\n\t\t\t\t<div class=\"elementor-element elementor-element-8e51f74 elementor-widget elementor-widget-html\" data-id=\"8e51f74\" data-element_type=\"widget\" data-e-type=\"widget\" data-widget_type=\"html.default\">\n\t\t\t\t\t<iframe width=\"560\" height=\"315\" src=\"https:\/\/www.youtube.com\/embed\/17C18wWAhUQ?si=HJnyVn_6IxvXsa82\" title=\"YouTube video player\" frameborder=\"0\" allow=\"accelerometer; autoplay; clipboard-write; encrypted-media; gyroscope; picture-in-picture; web-share\" referrerpolicy=\"strict-origin-when-cross-origin\" allowfullscreen><\/iframe>\t\t\t\t<\/div>\n\t\t\t\t\t<\/div>\n\t\t\t\t<\/div>\n\t\t<div data-particle_enable=\"false\" data-particle-mobile-disabled=\"false\" class=\"elementor-element elementor-element-9a5828a e-flex e-con-boxed e-con e-parent\" data-id=\"9a5828a\" data-element_type=\"container\" data-e-type=\"container\">\n\t\t\t\t\t<div class=\"e-con-inner\">\n\t\t\t\t<div class=\"elementor-element elementor-element-d829b05 elementor-widget elementor-widget-heading\" data-id=\"d829b05\" data-element_type=\"widget\" data-e-type=\"widget\" data-widget_type=\"heading.default\">\n\t\t\t\t\t<h3 class=\"elementor-heading-title elementor-size-default\">Son baile del pavo (no tiene letra, pero s\u00ed coraz\u00f3n)<\/h3>\t\t\t\t<\/div>\n\t\t\t\t\t<\/div>\n\t\t\t\t<\/div>\n\t\t<div data-particle_enable=\"false\" data-particle-mobile-disabled=\"false\" class=\"elementor-element elementor-element-1b2a5ff e-flex e-con-boxed e-con e-parent\" data-id=\"1b2a5ff\" data-element_type=\"container\" data-e-type=\"container\">\n\t\t\t\t\t<div class=\"e-con-inner\">\n\t\t\t\t<div class=\"elementor-element elementor-element-47799ef elementor-widget elementor-widget-text-editor\" data-id=\"47799ef\" data-element_type=\"widget\" data-e-type=\"widget\" data-widget_type=\"text-editor.default\">\n\t\t\t\t\t\t\t\t\t<p>Este son tradicional se interpreta con arpa altaverapacense: su ritmo es pausado, pero su melod\u00eda llega al coraz\u00f3n. Suele ser el fondo musical para el baile ceremonial, popularmente llamado &#8220;del pavo&#8221; en alusi\u00f3n a su elegancia ancestral.\u00a0 No es una canci\u00f3n propiamente dicha, pero s\u00ed una melod\u00eda fascinante y emblem\u00e1tica de todo Alta Verapaz.\u00a0<\/p>\t\t\t\t\t\t\t\t<\/div>\n\t\t\t\t\t<\/div>\n\t\t\t\t<\/div>\n\t\t<div data-particle_enable=\"false\" data-particle-mobile-disabled=\"false\" class=\"elementor-element elementor-element-c55feb1 e-flex e-con-boxed e-con e-parent\" data-id=\"c55feb1\" data-element_type=\"container\" data-e-type=\"container\">\n\t\t\t\t\t<div class=\"e-con-inner\">\n\t\t\t\t<div class=\"elementor-element elementor-element-9638d3b elementor-widget elementor-widget-html\" data-id=\"9638d3b\" data-element_type=\"widget\" data-e-type=\"widget\" data-widget_type=\"html.default\">\n\t\t\t\t\t<iframe width=\"560\" height=\"415\" src=\"https:\/\/www.youtube.com\/embed\/wA4pYTqcI-8?si=jlij67aZlr1NJOvL\" title=\"YouTube video player\" frameborder=\"0\" allow=\"accelerometer; autoplay; clipboard-write; encrypted-media; gyroscope; picture-in-picture; web-share\" referrerpolicy=\"strict-origin-when-cross-origin\" allowfullscreen><\/iframe>\t\t\t\t<\/div>\n\t\t\t\t\t<\/div>\n\t\t\t\t<\/div>\n\t\t<div data-particle_enable=\"false\" data-particle-mobile-disabled=\"false\" class=\"elementor-element elementor-element-b15c253 e-flex e-con-boxed e-con e-parent\" data-id=\"b15c253\" data-element_type=\"container\" data-e-type=\"container\">\n\t\t\t\t\t<div class=\"e-con-inner\">\n\t\t\t\t<div class=\"elementor-element elementor-element-30cb3b2 elementor-widget elementor-widget-soymigrante_mercado_editorial\" data-id=\"30cb3b2\" data-element_type=\"widget\" data-e-type=\"widget\" data-widget_type=\"soymigrante_mercado_editorial.default\">\n\t\t\t\t<div class=\"elementor-widget-container\">\n\t\t\t\t\t        <section class=\"smw-market smw-market--post smw-market--source-product smw-market--presentation-editorial smw-market--image-cover smw-market--align-full\" style=\"--smw-columns: 1; --smw-tablet-columns: 1; --smw-mobile-columns: 1;\">\n                            <h2 class=\"smw-market__title\">\n                                            CAF\u00c9 CLARITA DE ALTA VERAPAZ                                    <\/h2>\n                                        <p class=\"smw-market__description\">Un exquisito producto con proceso natural, de gran aroma y sabor<\/p>\n            \n                            <div class=\"smw-market__grid\">\n                                                                    <article class=\"smw-product\">\n                            <a class=\"smw-product__media\" href=\"https:\/\/soymigrante.com\/mercado\/cafe-proceso-lavado?utm_source=revista&#038;utm_medium=mercado_widget&#038;utm_campaign=revista_context&#038;utm_content=cafe-proceso-lavado\" target=\"_blank\" rel=\"noopener\">\n                                                                    <img decoding=\"async\" src=\"https:\/\/soymigrante.com\/mercado\/storage\/product\/4667\/jOIxGoorcADyJEyT43ESSqtbK5xj8p2NgOi76OlU.webp\" alt=\"Caf\u00e9 Proceso Lavado\" loading=\"lazy\">\n                                                            <\/a>\n                            <div class=\"smw-product__body\">\n                                <h3 class=\"smw-product__title\">\n                                    <a href=\"https:\/\/soymigrante.com\/mercado\/cafe-proceso-lavado?utm_source=revista&#038;utm_medium=mercado_widget&#038;utm_campaign=revista_context&#038;utm_content=cafe-proceso-lavado\" target=\"_blank\" rel=\"noopener\">Caf\u00e9 Proceso Lavado<\/a>\n                                <\/h3>\n                                                                    <p class=\"smw-product__description\">El proceso lavado realza la acidez brillante, \u00a0presenta una acidez c\u00edtrica o m\u00e1lica, que aporta vivacidad y frescura. Tiende a tener un cuerpo m\u00e1s ligero y sedoso en comparaci\u00f3n con otros procesos.En resumen, si buscas...<\/p>\n                                                                                                                                    <p class=\"smw-product__price\">Q60.00<\/p>\n                                                                <a class=\"smw-product__button\" href=\"https:\/\/soymigrante.com\/mercado\/cafe-proceso-lavado?utm_source=revista&#038;utm_medium=mercado_widget&#038;utm_campaign=revista_context&#038;utm_content=cafe-proceso-lavado\" target=\"_blank\" rel=\"noopener\">\n                                    Ver en MERCADO                                <\/a>\n                            <\/div>\n                        <\/article>\n                                    <\/div>\n                    <\/section>\n        \t\t\t\t<\/div>\n\t\t\t\t<\/div>\n\t\t\t\t\t<\/div>\n\t\t\t\t<\/div>\n\t\t<div data-particle_enable=\"false\" data-particle-mobile-disabled=\"false\" class=\"elementor-element elementor-element-5ed5a8e e-flex e-con-boxed e-con e-parent\" data-id=\"5ed5a8e\" data-element_type=\"container\" data-e-type=\"container\">\n\t\t\t\t\t<div class=\"e-con-inner\">\n\t\t\t\t<div class=\"elementor-element elementor-element-c57c48a elementor-widget elementor-widget-heading\" data-id=\"c57c48a\" data-element_type=\"widget\" data-e-type=\"widget\" data-widget_type=\"heading.default\">\n\t\t\t\t\t<h3 class=\"elementor-heading-title elementor-size-default\">Llanto del r\u00edo Cahab\u00f3n<\/h3>\t\t\t\t<\/div>\n\t\t\t\t\t<\/div>\n\t\t\t\t<\/div>\n\t\t<div data-particle_enable=\"false\" data-particle-mobile-disabled=\"false\" class=\"elementor-element elementor-element-126361d e-flex e-con-boxed e-con e-parent\" data-id=\"126361d\" data-element_type=\"container\" data-e-type=\"container\">\n\t\t\t\t\t<div class=\"e-con-inner\">\n\t\t\t\t<div class=\"elementor-element elementor-element-fb92660 elementor-widget elementor-widget-text-editor\" data-id=\"fb92660\" data-element_type=\"widget\" data-e-type=\"widget\" data-widget_type=\"text-editor.default\">\n\t\t\t\t\t\t\t\t\t<p>Esta es una canci\u00f3n muy emotiva, con un inicio fascinante de guitarra y marimba, pero cuya letra plantea una conmovedora y fuerte denuncia contra el represamiento del r\u00edo Cahab\u00f3n.\u00a0 Fue creada por Edgar Caal, como parte de su \u00e1lbum Warom, lanzado en 2025. Muestra el lado de la historia de la gente, que sufre, lamenta\u00a0 y padece la disminuci\u00f3n del r\u00edo.<\/p>\t\t\t\t\t\t\t\t<\/div>\n\t\t\t\t\t<\/div>\n\t\t\t\t<\/div>\n\t\t<div data-particle_enable=\"false\" data-particle-mobile-disabled=\"false\" class=\"elementor-element elementor-element-c49fdcb e-flex e-con-boxed e-con e-parent\" data-id=\"c49fdcb\" data-element_type=\"container\" data-e-type=\"container\">\n\t\t\t\t\t<div class=\"e-con-inner\">\n\t\t\t\t<div class=\"elementor-element elementor-element-addc568 elementor-widget elementor-widget-html\" data-id=\"addc568\" data-element_type=\"widget\" data-e-type=\"widget\" data-widget_type=\"html.default\">\n\t\t\t\t\t<iframe width=\"560\" height=\"415\" src=\"https:\/\/www.youtube.com\/embed\/Vze_-Elo68o?si=NjXemhygQD5Mhhih\" title=\"YouTube video player\" frameborder=\"0\" allow=\"accelerometer; autoplay; clipboard-write; encrypted-media; gyroscope; picture-in-picture; web-share\" referrerpolicy=\"strict-origin-when-cross-origin\" allowfullscreen><\/iframe>\t\t\t\t<\/div>\n\t\t\t\t\t<\/div>\n\t\t\t\t<\/div>\n\t\t<div data-particle_enable=\"false\" data-particle-mobile-disabled=\"false\" class=\"elementor-element elementor-element-b55eb4e e-flex e-con-boxed e-con e-parent\" data-id=\"b55eb4e\" data-element_type=\"container\" data-e-type=\"container\">\n\t\t\t\t\t<div class=\"e-con-inner\">\n\t\t\t\t<div class=\"elementor-element elementor-element-197a691 elementor-widget elementor-widget-heading\" data-id=\"197a691\" data-element_type=\"widget\" data-e-type=\"widget\" data-widget_type=\"heading.default\">\n\t\t\t\t\t<h3 class=\"elementor-heading-title elementor-size-default\">Monja Blanca bella flor<\/h3>\t\t\t\t<\/div>\n\t\t\t\t\t<\/div>\n\t\t\t\t<\/div>\n\t\t<div data-particle_enable=\"false\" data-particle-mobile-disabled=\"false\" class=\"elementor-element elementor-element-02a4d33 e-flex e-con-boxed e-con e-parent\" data-id=\"02a4d33\" data-element_type=\"container\" data-e-type=\"container\">\n\t\t\t\t\t<div class=\"e-con-inner\">\n\t\t\t\t<div class=\"elementor-element elementor-element-e59c97b elementor-widget elementor-widget-text-editor\" data-id=\"e59c97b\" data-element_type=\"widget\" data-e-type=\"widget\" data-widget_type=\"text-editor.default\">\n\t\t\t\t\t\t\t\t\t<p>Una simp\u00e1tica melod\u00eda con elocuente composici\u00f3n para exaltar a la Flor Nacional, originaria de los bosques de Alta Verapaz y que poco a poco ha sido recuperada <a href=\"https:\/\/soymigrante.com\/revista\/monja-blanca-simbolo-patrio-guatemala-smithsonian-washington-exposicion\/\">gracias a los esfuerzos del bi\u00f3logo Freddy Archila<\/a> y su familia. El tema aparece bajo la autor\u00eda de Miss Cristy, y tiene una animaci\u00f3n muy vistosa.\u00a0<\/p>\t\t\t\t\t\t\t\t<\/div>\n\t\t\t\t\t<\/div>\n\t\t\t\t<\/div>\n\t\t<div data-particle_enable=\"false\" data-particle-mobile-disabled=\"false\" class=\"elementor-element elementor-element-385dee5 e-flex e-con-boxed e-con e-parent\" data-id=\"385dee5\" data-element_type=\"container\" data-e-type=\"container\">\n\t\t\t\t\t<div class=\"e-con-inner\">\n\t\t\t\t<div class=\"elementor-element elementor-element-79168d9 elementor-widget elementor-widget-html\" data-id=\"79168d9\" data-element_type=\"widget\" data-e-type=\"widget\" data-widget_type=\"html.default\">\n\t\t\t\t\t<iframe width=\"560\" height=\"415\" src=\"https:\/\/www.youtube.com\/embed\/zIKnzp5207c?si=vyrUN5z4DmyEyo4z\" title=\"YouTube video player\" frameborder=\"0\" allow=\"accelerometer; autoplay; clipboard-write; encrypted-media; gyroscope; picture-in-picture; web-share\" referrerpolicy=\"strict-origin-when-cross-origin\" allowfullscreen><\/iframe>\t\t\t\t<\/div>\n\t\t\t\t\t<\/div>\n\t\t\t\t<\/div>\n\t\t<div data-particle_enable=\"false\" data-particle-mobile-disabled=\"false\" class=\"elementor-element elementor-element-b7e2ba6 e-flex e-con-boxed e-con e-parent\" data-id=\"b7e2ba6\" data-element_type=\"container\" data-e-type=\"container\">\n\t\t\t\t\t<div class=\"e-con-inner\">\n\t\t\t\t<div class=\"elementor-element elementor-element-8ff8952 elementor-widget elementor-widget-heading\" data-id=\"8ff8952\" data-element_type=\"widget\" data-e-type=\"widget\" data-widget_type=\"heading.default\">\n\t\t\t\t\t<h3 class=\"elementor-heading-title elementor-size-default\">Semuc Champey seduce al viento...<\/h3>\t\t\t\t<\/div>\n\t\t\t\t\t<\/div>\n\t\t\t\t<\/div>\n\t\t<div data-particle_enable=\"false\" data-particle-mobile-disabled=\"false\" class=\"elementor-element elementor-element-adec6ff e-flex e-con-boxed e-con e-parent\" data-id=\"adec6ff\" data-element_type=\"container\" data-e-type=\"container\">\n\t\t\t\t\t<div class=\"e-con-inner\">\n\t\t\t\t<div class=\"elementor-element elementor-element-ca30ac9 elementor-widget elementor-widget-text-editor\" data-id=\"ca30ac9\" data-element_type=\"widget\" data-e-type=\"widget\" data-widget_type=\"text-editor.default\">\n\t\t\t\t\t\t\t\t\t<p>Esta hermosa canci\u00f3n, compuesta por el cantautor guatemalteco Fernando L\u00f3pez, como parte de su disco Rebelde Primavera de 1992, retrata de forma po\u00e9tica <a href=\"https:\/\/soymigrante.com\/revista\/semuc-champey-una-joya-natural-escondida-en-lanquin-alta-verapaz\/\">uno de los parajes naturales m\u00e1s emblem\u00e1ticos de Guatemala: Semuc Champey,<\/a> el lugar donde nace el r\u00edo Cahab\u00f3n, en el municipio de Lanqu\u00edn, Alta Verapaz. No lo menciona sino hasta casi la mitad de la canci\u00f3n&#8230; pero desde el inicio lo describe con primor.<\/p>\t\t\t\t\t\t\t\t<\/div>\n\t\t\t\t\t<\/div>\n\t\t\t\t<\/div>\n\t\t<div data-particle_enable=\"false\" data-particle-mobile-disabled=\"false\" class=\"elementor-element elementor-element-a3f9149 e-flex e-con-boxed e-con e-parent\" data-id=\"a3f9149\" data-element_type=\"container\" data-e-type=\"container\">\n\t\t\t\t\t<div class=\"e-con-inner\">\n\t\t\t\t<div class=\"elementor-element elementor-element-caadd54 elementor-widget elementor-widget-html\" data-id=\"caadd54\" data-element_type=\"widget\" data-e-type=\"widget\" data-widget_type=\"html.default\">\n\t\t\t\t\t<iframe width=\"560\" height=\"415\" src=\"https:\/\/www.youtube.com\/embed\/QWhWLOgdV9o?si=5yfxv0g1OHb-ALai\" title=\"YouTube video player\" frameborder=\"0\" allow=\"accelerometer; autoplay; clipboard-write; encrypted-media; gyroscope; picture-in-picture; web-share\" referrerpolicy=\"strict-origin-when-cross-origin\" allowfullscreen><\/iframe>\t\t\t\t<\/div>\n\t\t\t\t\t<\/div>\n\t\t\t\t<\/div>\n\t\t<div data-particle_enable=\"false\" data-particle-mobile-disabled=\"false\" class=\"elementor-element elementor-element-4909c90 e-flex e-con-boxed e-con e-parent\" data-id=\"4909c90\" data-element_type=\"container\" data-e-type=\"container\">\n\t\t\t\t\t<div class=\"e-con-inner\">\n\t\t\t\t<div class=\"elementor-element elementor-element-008e350 elementor-widget elementor-widget-global elementor-global-52097 elementor-widget-heading\" data-id=\"008e350\" data-element_type=\"widget\" data-e-type=\"widget\" data-widget_type=\"heading.default\">\n\t\t\t\t\t<h2 class=\"elementor-heading-title elementor-size-default\">Quiz\u00e1 tambi\u00e9n te podr\u00eda interesar<\/h2>\t\t\t\t<\/div>\n\t\t\t\t\t<\/div>\n\t\t\t\t<\/div>\n\t\t<div data-particle_enable=\"false\" data-particle-mobile-disabled=\"false\" class=\"elementor-element elementor-element-9ebbc32 e-flex e-con-boxed e-con e-parent\" data-id=\"9ebbc32\" data-element_type=\"container\" data-e-type=\"container\">\n\t\t\t\t\t<div class=\"e-con-inner\">\n\t\t\t\t<div class=\"elementor-element elementor-element-c22ed6f elementor-grid-eael-col-3 elementor-grid-tablet-eael-col-2 elementor-grid-mobile-eael-col-1 elementor-widget elementor-widget-eael-post-grid\" data-id=\"c22ed6f\" data-element_type=\"widget\" data-e-type=\"widget\" data-settings=\"{&quot;eael_post_grid_columns&quot;:&quot;eael-col-3&quot;,&quot;eael_post_grid_columns_tablet&quot;:&quot;eael-col-2&quot;,&quot;eael_post_grid_columns_mobile&quot;:&quot;eael-col-1&quot;}\" data-widget_type=\"eael-post-grid.default\">\n\t\t\t\t\t<div id=\"eael-post-grid-c22ed6f\" class=\"eael-post-grid-container\">\n            <div class=\"eael-post-grid eael-post-appender eael-post-appender-c22ed6f eael-post-grid-style-one\" data-layout-mode=\"masonry\"><article class=\"eael-grid-post  eael-post-grid-column eael-pg-post-4661 category-guate-nuestra-simbolos-patrios-guate-nuestra\" data-id=\"4661\">\n        <div class=\"eael-grid-post-holder\">\n            <div class=\"eael-grid-post-holder-inner\"><div class=\"eael-entry-media\"><div class=\"eael-entry-overlay fade-in\"><i class=\"far fa-hand-pointer\" aria-hidden=\"true\"><\/i><a href=\"https:\/\/soymigrante.com\/revista\/monja-blanca-simbolo-patrio-guatemala-smithsonian-washington-exposicion\/\"><\/a><\/div><div class=\"eael-entry-thumbnail eael-image-ratio\">\n                <img fetchpriority=\"high\" decoding=\"async\" width=\"753\" height=\"578\" src=\"https:\/\/soymigrante.com\/revista\/wp-content\/uploads\/2024\/01\/Captura-de-pantalla-2024-01-29-164708.webp\" class=\"attachment-large size-large wp-image-4662\" alt=\"Ejemplar de Monja Blanca de la colecci\u00f3n bot\u00e1nica del Jard\u00edn Bot\u00e1nico del Smithsonian Insitute. (Fotograf\u00eda archivo Smithsonian Institute)\" srcset=\"https:\/\/soymigrante.com\/revista\/wp-content\/uploads\/2024\/01\/Captura-de-pantalla-2024-01-29-164708.webp 753w, https:\/\/soymigrante.com\/revista\/wp-content\/uploads\/2024\/01\/Captura-de-pantalla-2024-01-29-164708-300x230.webp 300w, https:\/\/soymigrante.com\/revista\/wp-content\/uploads\/2024\/01\/Captura-de-pantalla-2024-01-29-164708-750x576.webp 750w\" sizes=\"(max-width: 753px) 100vw, 753px\" \/>\n            <\/div>\n        <\/div><div class=\"eael-entry-wrapper\"><header class=\"eael-entry-header\"><h2 class=\"eael-entry-title\"><a class=\"eael-grid-post-link\" href=\"https:\/\/soymigrante.com\/revista\/monja-blanca-simbolo-patrio-guatemala-smithsonian-washington-exposicion\/\" title=\"La Monja Blanca, s\u00edmbolo de Guatemala, puede ser admirada en Washington D.C.\">La Monja Blanca, s\u00edmbolo de Guatemala, puede ser admirada en Washington D.C.<\/a><\/h2><\/header><div class=\"eael-entry-content\">\n                        <div class=\"eael-grid-post-excerpt\"><a href=\"https:\/\/soymigrante.com\/revista\/monja-blanca-simbolo-patrio-guatemala-smithsonian-washington-exposicion\/\" class=\"eael-post-elements-readmore-btn\">CONOCE SU HISTORIA <\/a><\/div>\n                    <\/div><\/div><\/div>\n        <\/div>\n    <\/article><article class=\"eael-grid-post  eael-post-grid-column eael-pg-post-827 category-guate-nuestra-simbolos-patrios-guate-nuestra\" data-id=\"827\">\n        <div class=\"eael-grid-post-holder\">\n            <div class=\"eael-grid-post-holder-inner\"><div class=\"eael-entry-media\"><div class=\"eael-entry-overlay fade-in\"><i class=\"far fa-hand-pointer\" aria-hidden=\"true\"><\/i><a href=\"https:\/\/soymigrante.com\/revista\/10-datos-del-quetzal-que-tal-vez-ya-conocias-o-quiza-no\/\"><\/a><\/div><div class=\"eael-entry-thumbnail eael-image-ratio\">\n                <img decoding=\"async\" width=\"1024\" height=\"745\" src=\"https:\/\/soymigrante.com\/revista\/wp-content\/uploads\/2023\/03\/soy-migrante-quetzal-alimenta-se-ve-pichon-credito-ottoniel-cojulun-1024x745.jpg\" class=\"attachment-large size-large wp-image-625\" alt=\"Foto: Ottoniel Cojul\u00fan\" srcset=\"https:\/\/soymigrante.com\/revista\/wp-content\/uploads\/2023\/03\/soy-migrante-quetzal-alimenta-se-ve-pichon-credito-ottoniel-cojulun-1024x745.jpg 1024w, https:\/\/soymigrante.com\/revista\/wp-content\/uploads\/2023\/03\/soy-migrante-quetzal-alimenta-se-ve-pichon-credito-ottoniel-cojulun-300x218.webp 300w, https:\/\/soymigrante.com\/revista\/wp-content\/uploads\/2023\/03\/soy-migrante-quetzal-alimenta-se-ve-pichon-credito-ottoniel-cojulun-768x558.jpg 768w, https:\/\/soymigrante.com\/revista\/wp-content\/uploads\/2023\/03\/soy-migrante-quetzal-alimenta-se-ve-pichon-credito-ottoniel-cojulun-1536x1117.jpg 1536w, https:\/\/soymigrante.com\/revista\/wp-content\/uploads\/2023\/03\/soy-migrante-quetzal-alimenta-se-ve-pichon-credito-ottoniel-cojulun-120x86.webp 120w, https:\/\/soymigrante.com\/revista\/wp-content\/uploads\/2023\/03\/soy-migrante-quetzal-alimenta-se-ve-pichon-credito-ottoniel-cojulun-750x545.webp 750w, https:\/\/soymigrante.com\/revista\/wp-content\/uploads\/2023\/03\/soy-migrante-quetzal-alimenta-se-ve-pichon-credito-ottoniel-cojulun-1140x829.jpg 1140w, https:\/\/soymigrante.com\/revista\/wp-content\/uploads\/2023\/03\/soy-migrante-quetzal-alimenta-se-ve-pichon-credito-ottoniel-cojulun.webp 1920w\" sizes=\"(max-width: 1024px) 100vw, 1024px\" \/>\n            <\/div>\n        <\/div><div class=\"eael-entry-wrapper\"><header class=\"eael-entry-header\"><h2 class=\"eael-entry-title\"><a class=\"eael-grid-post-link\" href=\"https:\/\/soymigrante.com\/revista\/10-datos-del-quetzal-que-tal-vez-ya-conocias-o-quiza-no\/\" title=\"\u00bfEn d\u00f3nde habita el Quetzal?&#8230; y otras 10 preguntas sobre el ave s\u00edmbolo de Guatemala\">\u00bfEn d\u00f3nde habita el Quetzal?&#8230; y otras 10 preguntas sobre el ave s\u00edmbolo de Guatemala<\/a><\/h2><\/header><div class=\"eael-entry-content\">\n                        <div class=\"eael-grid-post-excerpt\"><a href=\"https:\/\/soymigrante.com\/revista\/10-datos-del-quetzal-que-tal-vez-ya-conocias-o-quiza-no\/\" class=\"eael-post-elements-readmore-btn\">CONOCE SU HISTORIA <\/a><\/div>\n                    <\/div><\/div><\/div>\n        <\/div>\n    <\/article><article class=\"eael-grid-post  eael-post-grid-column eael-pg-post-43238 category-simbolos-patrios-guate-nuestra\" data-id=\"43238\">\n        <div class=\"eael-grid-post-holder\">\n            <div class=\"eael-grid-post-holder-inner\"><div class=\"eael-entry-media\"><div class=\"eael-entry-overlay fade-in\"><i class=\"far fa-hand-pointer\" aria-hidden=\"true\"><\/i><a href=\"https:\/\/soymigrante.com\/revista\/guia-de-los-7-simbolos-patrios-de-guatemala-origen-fechas-y-mas\/\"><\/a><\/div><div class=\"eael-entry-thumbnail eael-image-ratio\">\n                <img decoding=\"async\" width=\"1000\" height=\"1000\" src=\"https:\/\/soymigrante.com\/revista\/wp-content\/uploads\/2025\/08\/migrantes-guatemaltecos-quetzal-fotografia-marcos-zarate.webp\" class=\"attachment-large size-large wp-image-43239\" alt=\"Colorido loro de la selva tropical con un pez en el pico, en medio de la naturaleza exuberante, representando biodiversidad y conservaci\u00f3n de especies en Am\u00e9rica Latina.\" srcset=\"https:\/\/soymigrante.com\/revista\/wp-content\/uploads\/2025\/08\/migrantes-guatemaltecos-quetzal-fotografia-marcos-zarate.webp 1000w, https:\/\/soymigrante.com\/revista\/wp-content\/uploads\/2025\/08\/migrantes-guatemaltecos-quetzal-fotografia-marcos-zarate-300x300.png 300w, https:\/\/soymigrante.com\/revista\/wp-content\/uploads\/2025\/08\/migrantes-guatemaltecos-quetzal-fotografia-marcos-zarate-150x150.png 150w, https:\/\/soymigrante.com\/revista\/wp-content\/uploads\/2025\/08\/migrantes-guatemaltecos-quetzal-fotografia-marcos-zarate-768x768.png 768w, https:\/\/soymigrante.com\/revista\/wp-content\/uploads\/2025\/08\/migrantes-guatemaltecos-quetzal-fotografia-marcos-zarate-75x75.webp 75w, https:\/\/soymigrante.com\/revista\/wp-content\/uploads\/2025\/08\/migrantes-guatemaltecos-quetzal-fotografia-marcos-zarate-750x750.webp 750w\" sizes=\"(max-width: 1000px) 100vw, 1000px\" \/>\n            <\/div>\n        <\/div><div class=\"eael-entry-wrapper\"><header class=\"eael-entry-header\"><h2 class=\"eael-entry-title\"><a class=\"eael-grid-post-link\" href=\"https:\/\/soymigrante.com\/revista\/guia-de-los-7-simbolos-patrios-de-guatemala-origen-fechas-y-mas\/\" title=\"Gu\u00eda de los 7 S\u00edmbolos Patrios de Guatemala: origen, fechas y m\u00e1s\">Gu\u00eda de los 7 S\u00edmbolos Patrios de Guatemala: origen, fechas y m\u00e1s<\/a><\/h2><\/header><div class=\"eael-entry-content\">\n                        <div class=\"eael-grid-post-excerpt\"><a href=\"https:\/\/soymigrante.com\/revista\/guia-de-los-7-simbolos-patrios-de-guatemala-origen-fechas-y-mas\/\" class=\"eael-post-elements-readmore-btn\">CONOCE SU HISTORIA <\/a><\/div>\n                    <\/div><\/div><\/div>\n        <\/div>\n    <\/article><\/div>\n            <div class=\"clearfix\"><\/div>\n        <\/div>            <div class=\"eael-load-more-button-wrap eael-force-hide\">\n                <button class=\"eael-load-more-button\" id=\"eael-load-more-btn-c22ed6f\" data-widget-id=\"c22ed6f\" data-widget=\"c22ed6f\" data-page-id=\"63610\" data-template=\"{&quot;dir&quot;:&quot;lite&quot;,&quot;file_name&quot;:&quot;one.php&quot;,&quot;name&quot;:&quot;Post-Grid&quot;}\" data-class=\"Essential_Addons_Elementor\\Elements\\Post_Grid\" data-layout=\"masonry\" data-page=\"1\" data-args=\"orderby=rand&amp;order=desc&amp;ignore_sticky_posts=1&amp;post_status=publish&amp;posts_per_page=3&amp;offset=0&amp;post_type=post&amp;tax_query%5B0%5D%5Btaxonomy%5D=category&amp;tax_query%5B0%5D%5Bfield%5D=term_id&amp;tax_query%5B0%5D%5Bterms%5D%5B0%5D=96&amp;tax_query%5Brelation%5D=AND\" data-max-page=\"5\">\n                    <span class=\"eael-btn-loader button__loader\"><\/span>\n                    <span class=\"eael_load_more_text\">Load More<\/span>\n                <\/button>\n            <\/div>\n            \t\t\t\t<\/div>\n\t\t\t\t\t<\/div>\n\t\t\t\t<\/div>\n\t\t\t\t<\/div>\n\t\t","protected":false},"excerpt":{"rendered":"<p>Sin duda alguna, Cob\u00e1n, canci\u00f3n dedicada a la cabecera departamental de Alta Verapaz es una de las piezas m\u00e1s conocidas entre estas canciones de Guatemala. Pero existen otras. Conoce y escucha. Alta Verapaz, tierra de la Monja Blanca y tambi\u00e9n donde se abre la puerta de Xibalb\u00e1 en las cuevas de Candelaria; lugar donde emerge [&hellip;]<\/p>\n","protected":false},"author":1,"featured_media":63616,"comment_status":"open","ping_status":"open","sticky":false,"template":"","format":"standard","meta":{"_acf_changed":false,"_eb_attr":"","footnotes":""},"categories":[91,58],"tags":[331,330],"class_list":["post-63610","post","type-post","status-publish","format-standard","has-post-thumbnail","hentry","category-arte-cultura","category-guate-nuestra","tag-canciones-de-guatemala","tag-especial-del-mes-patrio"],"acf":[],"aioseo_notices":[],"aioseo_head":"\n\t\t<!-- All in One SEO Pro 5.0.1.1 - aioseo.com -->\n\t<meta name=\"description\" content=\"Informaci\u00f3n de historia, fechas, significados y detalles clave de siete s\u00edmbolos: La bandera, el escudo, la Flor, el \u00c1rbol, el Ave, H\u00e9roe e Himno Nacionales.\" \/>\n\t<meta name=\"robots\" content=\"max-snippet:-1, max-image-preview:large, max-video-preview:-1\" \/>\n\t<meta name=\"author\" content=\"Gustavo Montenegro\"\/>\n\t<link rel=\"canonical\" href=\"https:\/\/soymigrante.com\/revista\/guia-de-los-7-simbolos-patrios-de-guatemala-origen-fechas-y-mas\/\" \/>\n\t<meta name=\"generator\" content=\"All in One SEO Pro (AIOSEO) 5.0.1.1\" \/>\n\n\t\t<link rel=\"preconnect\" href=\"https:\/\/fonts.googleapis.com\" crossorigin>\n<link rel=\"preconnect\" href=\"https:\/\/fonts.gstatic.com\" crossorigin>\n\t\t<meta property=\"og:locale\" content=\"es_ES\" \/>\n\t\t<meta property=\"og:site_name\" content=\"SoyMigrante.com REVISTA \u2013 Nuestra misi\u00f3n es reconocer y dignificar al migrante.\" \/>\n\t\t<meta property=\"og:type\" content=\"article\" \/>\n\t\t<meta property=\"og:title\" content=\"Los 7 S\u00edmbolos Patrios de Guatemala: una gu\u00eda completa\" \/>\n\t\t<meta property=\"og:description\" content=\"Informaci\u00f3n de historia, fechas, significados y detalles clave de siete s\u00edmbolos: La bandera, el escudo, la Flor, el \u00c1rbol, el Ave, H\u00e9roe e Himno Nacionales.\" \/>\n\t\t<meta property=\"og:url\" content=\"https:\/\/soymigrante.com\/revista\/guia-de-los-7-simbolos-patrios-de-guatemala-origen-fechas-y-mas\/\" \/>\n\t\t<meta property=\"og:image\" content=\"https:\/\/soymigrante.com\/revista\/wp-content\/uploads\/2025\/08\/migrantes-guatemaltecos-quetzal-fotografia-marcos-zarate.webp\" \/>\n\t\t<meta property=\"og:image:secure_url\" content=\"https:\/\/soymigrante.com\/revista\/wp-content\/uploads\/2025\/08\/migrantes-guatemaltecos-quetzal-fotografia-marcos-zarate.webp\" \/>\n\t\t<meta property=\"og:image:width\" content=\"1000\" \/>\n\t\t<meta property=\"og:image:height\" content=\"1000\" \/>\n\t\t<meta property=\"article:published_time\" content=\"2026-03-14T21:57:53+00:00\" \/>\n\t\t<meta property=\"article:modified_time\" content=\"2026-03-14T21:58:01+00:00\" \/>\n\t\t<meta property=\"article:publisher\" content=\"https:\/\/www.facebook.com\/soymigrantecom\" \/>\n\t\t<meta name=\"twitter:card\" content=\"summary_large_image\" \/>\n\t\t<meta name=\"twitter:site\" content=\"@SoyMigrante_com\" \/>\n\t\t<meta name=\"twitter:title\" content=\"Los 7 S\u00edmbolos Patrios de Guatemala: una gu\u00eda completa\" \/>\n\t\t<meta name=\"twitter:description\" content=\"Informaci\u00f3n de historia, fechas, significados y detalles clave de siete s\u00edmbolos: La bandera, el escudo, la Flor, el \u00c1rbol, el Ave, H\u00e9roe e Himno Nacionales.\" \/>\n\t\t<meta name=\"twitter:creator\" content=\"@SoyMigrante_com\" \/>\n\t\t<meta name=\"twitter:image\" content=\"https:\/\/soymigrante.com\/revista\/wp-content\/uploads\/2025\/08\/migrantes-guatemaltecos-quetzal-fotografia-marcos-zarate.webp\" \/>\n\t\t<!-- All in One SEO Pro -->\r\n\t\t<title>Los 7 S\u00edmbolos Patrios de Guatemala: una gu\u00eda completa<\/title>\n\n","aioseo_head_json":{"title":"Los 7 S\u00edmbolos Patrios de Guatemala: una gu\u00eda completa","description":"Informaci\u00f3n de historia, fechas, significados y detalles clave de siete s\u00edmbolos: La bandera, el escudo, la Flor, el \u00c1rbol, el Ave, H\u00e9roe e Himno Nacionales.","canonical_url":"https:\/\/soymigrante.com\/revista\/guia-de-los-7-simbolos-patrios-de-guatemala-origen-fechas-y-mas\/","robots":"max-snippet:-1, max-image-preview:large, max-video-preview:-1","keywords":"","webmasterTools":{"miscellaneous":"&lt;link rel=\"preconnect\" href=\"https:\/\/fonts.googleapis.com\" crossorigin&gt;\n&lt;link rel=\"preconnect\" href=\"https:\/\/fonts.gstatic.com\" crossorigin&gt;"},"schema":null,"og:locale":"es_ES","og:site_name":"SoyMigrante.com REVISTA \u2013 Nuestra misi\u00f3n es reconocer y dignificar al migrante.","og:type":"article","og:title":"Los 7 S\u00edmbolos Patrios de Guatemala: una gu\u00eda completa","og:description":"Informaci\u00f3n de historia, fechas, significados y detalles clave de siete s\u00edmbolos: La bandera, el escudo, la Flor, el \u00c1rbol, el Ave, H\u00e9roe e Himno Nacionales.","og:url":"https:\/\/soymigrante.com\/revista\/guia-de-los-7-simbolos-patrios-de-guatemala-origen-fechas-y-mas\/","og:image":"https:\/\/soymigrante.com\/revista\/wp-content\/uploads\/2025\/08\/migrantes-guatemaltecos-quetzal-fotografia-marcos-zarate.webp","og:image:secure_url":"https:\/\/soymigrante.com\/revista\/wp-content\/uploads\/2025\/08\/migrantes-guatemaltecos-quetzal-fotografia-marcos-zarate.webp","og:image:width":1000,"og:image:height":1000,"article:published_time":"2026-03-14T21:57:53+00:00","article:modified_time":"2026-03-14T21:58:01+00:00","article:publisher":"https:\/\/www.facebook.com\/soymigrantecom","twitter:card":"summary_large_image","twitter:site":"@SoyMigrante_com","twitter:title":"Los 7 S\u00edmbolos Patrios de Guatemala: una gu\u00eda completa","twitter:description":"Informaci\u00f3n de historia, fechas, significados y detalles clave de siete s\u00edmbolos: La bandera, el escudo, la Flor, el \u00c1rbol, el Ave, H\u00e9roe e Himno Nacionales.","twitter:creator":"@SoyMigrante_com","twitter:image":"https:\/\/soymigrante.com\/revista\/wp-content\/uploads\/2025\/08\/migrantes-guatemaltecos-quetzal-fotografia-marcos-zarate.webp"},"aioseo_meta_data":{"post_id":"63610","title":null,"description":null,"keywords":null,"keyphrases":{"focus":{"keyphrase":"Canciones de Guatemala","score":0,"analysis":[]},"additional":[{"keyphrase":"Guatemala","score":0},{"keyphrase":"Alta Verapaz","score":0}]},"primary_term":null,"canonical_url":null,"og_title":"Canciones de Guatemala inspiradas en Alta Verapaz \u00a1Esc\u00fachalas!","og_description":"La cabecera, Cob\u00e1n es motivo de inspiraci\u00f3n de canciones de Guatemala, pero tambi\u00e9n lugares emblem\u00e1ticos como Carch\u00e1, Senah\u00fa o Chamelco. Escucha y conoce.","og_object_type":"default","og_image_type":"default","og_image_url":null,"og_image_width":null,"og_image_height":null,"og_image_custom_url":null,"og_image_custom_fields":null,"og_video":"","og_custom_url":null,"og_article_section":null,"og_article_tags":null,"twitter_use_og":false,"twitter_card":"default","twitter_image_type":"default","twitter_image_url":null,"twitter_image_custom_url":null,"twitter_image_custom_fields":null,"twitter_title":null,"twitter_description":null,"schema":{"blockGraphs":[],"customGraphs":[],"default":{"data":{"Article":[],"Course":[],"Dataset":[],"FAQPage":[],"Movie":[],"Person":[],"Product":[],"ProductReview":[],"Car":[],"Recipe":[],"Service":[],"SoftwareApplication":[],"WebPage":[]},"graphName":"NewsArticle","isEnabled":true},"graphs":[]},"schema_type":"default","schema_type_options":null,"pillar_content":false,"robots_default":true,"robots_noindex":false,"robots_noarchive":false,"robots_nosnippet":false,"robots_nofollow":false,"robots_noimageindex":false,"robots_noodp":false,"robots_notranslate":false,"robots_max_snippet":"-1","robots_max_videopreview":"-1","robots_max_imagepreview":"large","priority":null,"frequency":"default","local_seo":null,"seo_analyzer_scan_date":"2026-09-01 23:01:41","breadcrumb_settings":null,"limit_modified_date":false,"reviewed_by":"0","open_ai":null,"ai":{"faqs":[],"keyPoints":[],"schemas":[],"titles":[],"descriptions":[],"socialPosts":{"email":{"subject":"","preview":"","content":""},"linkedin":[],"twitter":[],"facebook":[],"instagram":[]}},"created":"2026-09-01 21:43:35","updated":"2026-09-01 23:22:23","focus_keyword":"Canciones de Guatemala","additional_keywords":[{"word":"Guatemala","score":83,"items":{"introductionKeyword":{"score":3},"keyphraseLength":{"score":9},"keyphraseDensity":{"score":9},"functionWordsInKeyphrase":{"score":9},"textCompetingLinks":{"score":9},"imageKeyphrase":{"score":6}}},{"word":"Alta Verapaz","score":81,"items":{"introductionKeyword":{"score":9},"keyphraseLength":{"score":9},"keyphraseDensity":{"score":9},"functionWordsInKeyphrase":{"score":9},"textCompetingLinks":{"score":2},"imageKeyphrase":{"score":6}}}],"truseo_locale":null},"aioseo_breadcrumb":"<div class=\"aioseo-breadcrumbs\"><span class=\"aioseo-breadcrumb\">\n\t<a href=\"https:\/\/soymigrante.com\/revista\" title=\"Home\">Home<\/a>\n<\/span><span class=\"aioseo-breadcrumb-separator\">\u00bb<\/span><span class=\"aioseo-breadcrumb\">\n\t<a href=\"https:\/\/soymigrante.com\/revista\/category\/guate-nuestra\/\" title=\"Guate Nuestra\">Guate Nuestra<\/a>\n<\/span><span class=\"aioseo-breadcrumb-separator\">\u00bb<\/span><span class=\"aioseo-breadcrumb\">\n\t<a href=\"https:\/\/soymigrante.com\/revista\/category\/guate-nuestra\/arte-cultura\/\" title=\"Cultura de Guatemala\">Cultura de Guatemala<\/a>\n<\/span><span class=\"aioseo-breadcrumb-separator\">\u00bb<\/span><span class=\"aioseo-breadcrumb\">\n\tCanciones de Guatemala inspiradas en el departamento de Alta Verapaz\n<\/span><\/div>","aioseo_breadcrumb_json":[{"label":"Home","link":"https:\/\/soymigrante.com\/revista"},{"label":"Guate Nuestra","link":"https:\/\/soymigrante.com\/revista\/category\/guate-nuestra\/"},{"label":"Cultura de Guatemala","link":"https:\/\/soymigrante.com\/revista\/category\/guate-nuestra\/arte-cultura\/"},{"label":"Canciones de Guatemala inspiradas en el departamento de Alta Verapaz","link":"https:\/\/soymigrante.com\/revista\/canciones-de-guatemala-inspiradas-en-el-departamento-de-alta-verapaz\/"}],"_links":{"self":[{"href":"https:\/\/soymigrante.com\/revista\/wp-json\/wp\/v2\/posts\/63610","targetHints":{"allow":["GET"]}}],"collection":[{"href":"https:\/\/soymigrante.com\/revista\/wp-json\/wp\/v2\/posts"}],"about":[{"href":"https:\/\/soymigrante.com\/revista\/wp-json\/wp\/v2\/types\/post"}],"author":[{"embeddable":true,"href":"https:\/\/soymigrante.com\/revista\/wp-json\/wp\/v2\/users\/1"}],"replies":[{"embeddable":true,"href":"https:\/\/soymigrante.com\/revista\/wp-json\/wp\/v2\/comments?post=63610"}],"version-history":[{"count":23,"href":"https:\/\/soymigrante.com\/revista\/wp-json\/wp\/v2\/posts\/63610\/revisions"}],"predecessor-version":[{"id":63642,"href":"https:\/\/soymigrante.com\/revista\/wp-json\/wp\/v2\/posts\/63610\/revisions\/63642"}],"wp:featuredmedia":[{"embeddable":true,"href":"https:\/\/soymigrante.com\/revista\/wp-json\/wp\/v2\/media\/63616"}],"wp:attachment":[{"href":"https:\/\/soymigrante.com\/revista\/wp-json\/wp\/v2\/media?parent=63610"}],"wp:term":[{"taxonomy":"category","embeddable":true,"href":"https:\/\/soymigrante.com\/revista\/wp-json\/wp\/v2\/categories?post=63610"},{"taxonomy":"post_tag","embeddable":true,"href":"https:\/\/soymigrante.com\/revista\/wp-json\/wp\/v2\/tags?post=63610"}],"curies":[{"name":"wp","href":"https:\/\/api.w.org\/{rel}","templated":true}]}}