{"id":63594,"date":"2026-09-01T11:12:27","date_gmt":"2026-09-01T17:12:27","guid":{"rendered":"https:\/\/soymigrante.com\/revista\/?p=63594"},"modified":"2026-09-01T11:36:53","modified_gmt":"2026-09-01T17:36:53","slug":"boxeador-amador-mendez-21-anos-nacio-en-austin-texas-pero-eligio-pelear-por-guatemala","status":"publish","type":"post","link":"https:\/\/soymigrante.com\/revista\/boxeador-amador-mendez-21-anos-nacio-en-austin-texas-pero-eligio-pelear-por-guatemala\/","title":{"rendered":"Boxeador Amador M\u00e9ndez (21 a\u00f1os) naci\u00f3 en Austin, Texas pero eligi\u00f3 pelear por Guatemala"},"content":{"rendered":"\t\t<div data-elementor-type=\"wp-post\" data-elementor-id=\"63594\" class=\"elementor elementor-63594\" data-elementor-post-type=\"post\">\n\t\t\t\t<div data-particle_enable=\"false\" data-particle-mobile-disabled=\"false\" class=\"elementor-element elementor-element-eec0728 e-flex e-con-boxed e-con e-parent\" data-id=\"eec0728\" data-element_type=\"container\" data-e-type=\"container\">\n\t\t\t\t\t<div class=\"e-con-inner\">\n\t\t\t\t<div class=\"elementor-element elementor-element-0975c31 elementor-widget elementor-widget-heading\" data-id=\"0975c31\" data-element_type=\"widget\" data-e-type=\"widget\" data-widget_type=\"heading.default\">\n\t\t\t\t\t<h3 class=\"elementor-heading-title elementor-size-default\">En su m\u00e1s reciente pelea, el 29 de agosto de 2026, Amador M\u00e9ndez, iba acompa\u00f1ado por el campe\u00f3n supermediano, el guatemalteco Lester Mart\u00ednez, quien portaba la bandera. Amador naci\u00f3 en USA pero boxea por la azul y blanco, inspirado por su padre migrante.<\/h3>\t\t\t\t<\/div>\n\t\t\t\t\t<\/div>\n\t\t\t\t<\/div>\n\t\t<div data-particle_enable=\"false\" data-particle-mobile-disabled=\"false\" class=\"elementor-element elementor-element-0ea95c4 e-flex e-con-boxed e-con e-parent\" data-id=\"0ea95c4\" data-element_type=\"container\" data-e-type=\"container\">\n\t\t\t\t\t<div class=\"e-con-inner\">\n\t\t\t\t<div class=\"elementor-element elementor-element-8a693cc elementor-widget elementor-widget-text-editor\" data-id=\"8a693cc\" data-element_type=\"widget\" data-e-type=\"widget\" data-widget_type=\"text-editor.default\">\n\t\t\t\t\t\t\t\t\t<p>\u201cQuiero convertirme en campe\u00f3n mundial. Esto es todo lo que siempre he pensado hacer y es todo lo que quiero\u201d: eso dijo a\u00a0los 17 a\u00f1os, Amador M\u00e9ndez quien ya ten\u00eda claro el destino que quer\u00eda para su carrera. Hoy, a los 21, el boxeador nacido en Austin, Texas, mantiene ese sue\u00f1o mientras construye un r\u00e9cord profesional invicto y lleva consigo las ra\u00edces guatemaltecas de su padre, originario de Nueva Concepci\u00f3n, Escuintla.<\/p><p>Amador M\u00e9ndez volvi\u00f3 a subir al cuadril\u00e1tero el 29 de agosto de 2026 en Los \u00c1ngeles y volvi\u00f3 a ganar. El boxeador de ra\u00edces guatemaltecas derrot\u00f3 por nocaut al mexicano Jonathan Martin Morales Mendez en el primer asalto y extendi\u00f3 a nueve su n\u00famero de victorias como profesional, sin conocer\u00a0 \u00a0la derrota. Esa pelea fue una de las preliminares antes del combate de otro guatemalteco, Lester Mart\u00ednez, quien defendi\u00f3 su t\u00edtulo y port\u00f3 la bandera azul y blanco para M\u00e9ndez.<\/p>\t\t\t\t\t\t\t\t<\/div>\n\t\t\t\t\t<\/div>\n\t\t\t\t<\/div>\n\t\t<div data-particle_enable=\"false\" data-particle-mobile-disabled=\"false\" class=\"elementor-element elementor-element-fa11109 e-flex e-con-boxed e-con e-parent\" data-id=\"fa11109\" data-element_type=\"container\" data-e-type=\"container\">\n\t\t\t\t\t<div class=\"e-con-inner\">\n\t\t\t\t<div class=\"elementor-element elementor-element-dc68393 elementor-widget elementor-widget-image\" data-id=\"dc68393\" data-element_type=\"widget\" data-e-type=\"widget\" data-widget_type=\"image.default\">\n\t\t\t\t\t\t\t\t\t\t\t\t<figure class=\"wp-caption\">\n\t\t\t\t\t\t\t\t\t\t<img fetchpriority=\"high\" decoding=\"async\" width=\"936\" height=\"936\" src=\"https:\/\/soymigrante.com\/revista\/wp-content\/uploads\/2026\/09\/boxeador-guatemalteco-amador-mendez-nacio-en-texas-2.jpg\" class=\"attachment-large size-large wp-image-63599\" alt=\"Amador Mendez levanta la bandera de Guatemala tras el triunfo del 29 de agosto de 2026 en Los Angeles: su s\u00e9ptima victoria al hilo.\" srcset=\"https:\/\/soymigrante.com\/revista\/wp-content\/uploads\/2026\/09\/boxeador-guatemalteco-amador-mendez-nacio-en-texas-2.jpg 936w, https:\/\/soymigrante.com\/revista\/wp-content\/uploads\/2026\/09\/boxeador-guatemalteco-amador-mendez-nacio-en-texas-2-300x300.jpg 300w, https:\/\/soymigrante.com\/revista\/wp-content\/uploads\/2026\/09\/boxeador-guatemalteco-amador-mendez-nacio-en-texas-2-150x150.jpg 150w, https:\/\/soymigrante.com\/revista\/wp-content\/uploads\/2026\/09\/boxeador-guatemalteco-amador-mendez-nacio-en-texas-2-768x768.jpg 768w, https:\/\/soymigrante.com\/revista\/wp-content\/uploads\/2026\/09\/boxeador-guatemalteco-amador-mendez-nacio-en-texas-2-75x75.jpg 75w, https:\/\/soymigrante.com\/revista\/wp-content\/uploads\/2026\/09\/boxeador-guatemalteco-amador-mendez-nacio-en-texas-2-750x750.jpg 750w\" sizes=\"(max-width: 936px) 100vw, 936px\" title=\"Amador Mendez levanta la bandera de Guatemala tras el triunfo del 29 de agosto de 2026 en Los Angeles: su s\u00e9ptima victoria al hilo. \u2013 SoyMigrante.com REVISTA\" \/>\t\t\t\t\t\t\t\t\t\t\t<figcaption class=\"widget-image-caption wp-caption-text\">Amador Mendez levanta la bandera de Guatemala tras el triunfo del 29 de agosto de 2026 en Los Angeles: su s\u00e9ptima victoria al hilo.<\/figcaption>\n\t\t\t\t\t\t\t\t\t\t<\/figure>\n\t\t\t\t\t\t\t\t\t<\/div>\n\t\t\t\t\t<\/div>\n\t\t\t\t<\/div>\n\t\t<div data-particle_enable=\"false\" data-particle-mobile-disabled=\"false\" class=\"elementor-element elementor-element-f69cfe3 e-flex e-con-boxed e-con e-parent\" data-id=\"f69cfe3\" data-element_type=\"container\" data-e-type=\"container\">\n\t\t\t\t\t<div class=\"e-con-inner\">\n\t\t\t\t<div class=\"elementor-element elementor-element-af3487a elementor-widget elementor-widget-text-editor\" data-id=\"af3487a\" data-element_type=\"widget\" data-e-type=\"widget\" data-widget_type=\"text-editor.default\">\n\t\t\t\t\t\t\t\t\t<h1><span style=\"font-family: Mulish, sans-serif; font-size: 29px; font-weight: bold;\">Naci\u00f3 en Austin, pero sus ra\u00edces est\u00e1n en Escuintla<\/span><\/h1><p>Amador M\u00e9ndez naci\u00f3 y creci\u00f3 en Austin, Texas. Su padre, Hugo M\u00e9ndez, es originario de La Nueva Concepci\u00f3n, Escuintla, mientras que su mam\u00e1 es mexicoamericana. Esa combinaci\u00f3n familiar forma parte de la identidad con la que el joven boxeador se presenta dentro y fuera del cuadril\u00e1tero.<\/p><p>Su conexi\u00f3n con Guatemala no se qued\u00f3 \u00fanicamente en el apellido o en la historia familiar. Durante su etapa amateur tuvo la oportunidad de representar al pa\u00eds a trav\u00e9s de la Federaci\u00f3n Nacional de Boxeo. En 2022, cuando ten\u00eda 17 a\u00f1os, integr\u00f3 el equipo guatemalteco que particip\u00f3 en el Campeonato Mundial Juvenil de la Asociaci\u00f3n Internacional de Boxeo (IBA) en Espa\u00f1a.<\/p><p>En aquella competencia gan\u00f3 su segundo combate por decisi\u00f3n un\u00e1nime frente al h\u00fangaro Kruzito Kovacs y avanz\u00f3 en la categor\u00eda de 57 kilogramos. Pero aquella participaci\u00f3n tambi\u00e9n dej\u00f3 algo m\u00e1s importante: la definici\u00f3n de un sue\u00f1o que M\u00e9ndez ya ten\u00eda claro desde adolescente.<\/p><h5>Mira la pelea del 29 de agosto de 2026 aqu\u00ed:<\/h5>\t\t\t\t\t\t\t\t<\/div>\n\t\t\t\t\t<\/div>\n\t\t\t\t<\/div>\n\t\t<div data-particle_enable=\"false\" data-particle-mobile-disabled=\"false\" class=\"elementor-element elementor-element-05ce080 e-flex e-con-boxed e-con e-parent\" data-id=\"05ce080\" data-element_type=\"container\" data-e-type=\"container\">\n\t\t\t\t\t<div class=\"e-con-inner\">\n\t\t\t\t<div class=\"elementor-element elementor-element-e5ab1ae elementor-widget elementor-widget-html\" data-id=\"e5ab1ae\" data-element_type=\"widget\" data-e-type=\"widget\" data-widget_type=\"html.default\">\n\t\t\t\t\t<iframe width=\"560\" height=\"415\" src=\"https:\/\/www.youtube.com\/embed\/Rp_4gICBnP4?si=Lv3AKUhbrYhU7YX-&amp;start=3135\" title=\"YouTube video player\" frameborder=\"0\" allow=\"accelerometer; autoplay; clipboard-write; encrypted-media; gyroscope; picture-in-picture; web-share\" referrerpolicy=\"strict-origin-when-cross-origin\" allowfullscreen><\/iframe>\t\t\t\t<\/div>\n\t\t\t\t\t<\/div>\n\t\t\t\t<\/div>\n\t\t<div data-particle_enable=\"false\" data-particle-mobile-disabled=\"false\" class=\"elementor-element elementor-element-118daa4 e-flex e-con-boxed e-con e-parent\" data-id=\"118daa4\" data-element_type=\"container\" data-e-type=\"container\">\n\t\t\t\t\t<div class=\"e-con-inner\">\n\t\t\t\t<div class=\"elementor-element elementor-element-c79f71b elementor-widget elementor-widget-text-editor\" data-id=\"c79f71b\" data-element_type=\"widget\" data-e-type=\"widget\" data-widget_type=\"text-editor.default\">\n\t\t\t\t\t\t\t\t\t<h1><span style=\"font-family: Mulish, sans-serif; font-size: 29px; font-weight: bold;\">\u201cQuiero convertirme en campe\u00f3n mundial\u201d<\/span><\/h1><p>En una entrevista durante aquel Mundial Juvenil, M\u00e9ndez habl\u00f3 con la seguridad de alguien que ya hab\u00eda decidido hacia d\u00f3nde quer\u00eda llevar su vida.\u00a0<em>\u201cI want to become a world champion when I grow up. This is all I have ever thought about doing, and this is all I want.\u201d<\/em>, dijo entonces.<\/p><p>En espa\u00f1ol: <strong>\u201cQuiero convertirme en campe\u00f3n mundial cuando crezca. Esto es todo lo que siempre he pensado hacer y es todo lo que quiero\u201d.<\/strong><\/p><p>Cuatro a\u00f1os despu\u00e9s, aquella declaraci\u00f3n ya no pertenece \u00fanicamente a un adolescente que so\u00f1aba con el boxeo. M\u00e9ndez es ahora un profesional invicto que avanza en la divisi\u00f3n de peso ligero y que busca convertir aquella ambici\u00f3n juvenil en una carrera hacia los grandes escenarios.<\/p>\t\t\t\t\t\t\t\t<\/div>\n\t\t\t\t\t<\/div>\n\t\t\t\t<\/div>\n\t\t<div data-particle_enable=\"false\" data-particle-mobile-disabled=\"false\" class=\"elementor-element elementor-element-1499aec e-flex e-con-boxed e-con e-parent\" data-id=\"1499aec\" data-element_type=\"container\" data-e-type=\"container\">\n\t\t\t\t\t<div class=\"e-con-inner\">\n\t\t\t\t<div class=\"elementor-element elementor-element-36e7d54 elementor-widget elementor-widget-image\" data-id=\"36e7d54\" data-element_type=\"widget\" data-e-type=\"widget\" data-widget_type=\"image.default\">\n\t\t\t\t\t\t\t\t\t\t\t\t<figure class=\"wp-caption\">\n\t\t\t\t\t\t\t\t\t\t\t<a href=\"https:\/\/www.youtube.com\/shorts\/FwyMoZNWopg\">\n\t\t\t\t\t\t\t<img decoding=\"async\" width=\"415\" height=\"467\" src=\"https:\/\/soymigrante.com\/revista\/wp-content\/uploads\/2026\/09\/amador-mendez-boxeador-estadounidense-hijo-de-migrante-guatemalteco.png\" class=\"attachment-large size-large wp-image-63600\" alt=\"Amador entra a la pelea con un traje que lleva los colores y el escudo de Guatemala. Detr\u00e1s de \u00e9l, con la bandera azul y blanco, el campe\u00f3n supermediano interino, el guatemalteco Lester Mart\u00ednez. Si quieres ver el video del ingreso, clic en la imagen.\" srcset=\"https:\/\/soymigrante.com\/revista\/wp-content\/uploads\/2026\/09\/amador-mendez-boxeador-estadounidense-hijo-de-migrante-guatemalteco.png 415w, https:\/\/soymigrante.com\/revista\/wp-content\/uploads\/2026\/09\/amador-mendez-boxeador-estadounidense-hijo-de-migrante-guatemalteco-267x300.png 267w\" sizes=\"(max-width: 415px) 100vw, 415px\" title=\"Amador entra a la pelea con un traje que lleva los colores y el escudo de Guatemala. Detr\u00e1s de \u00e9l, con la bandera azul y blanco, el campe\u00f3n supermediano interino, el guatemalteco Lester Mart\u00ednez. Si quieres ver el video del ingreso, clic en la imagen. \u2013 SoyMigrante.com REVISTA\" \/>\t\t\t\t\t\t\t\t<\/a>\n\t\t\t\t\t\t\t\t\t\t\t<figcaption class=\"widget-image-caption wp-caption-text\">Amador entra a la pelea con un traje que lleva los colores y el escudo de Guatemala. Detr\u00e1s de \u00e9l, con la bandera azul y blanco, el campe\u00f3n supermediano interino, el guatemalteco Lester Mart\u00ednez. Si quieres ver el video del ingreso, clic en la imagen.<\/figcaption>\n\t\t\t\t\t\t\t\t\t\t<\/figure>\n\t\t\t\t\t\t\t\t\t<\/div>\n\t\t\t\t\t<\/div>\n\t\t\t\t<\/div>\n\t\t<div data-particle_enable=\"false\" data-particle-mobile-disabled=\"false\" class=\"elementor-element elementor-element-f60bd40 e-flex e-con-boxed e-con e-parent\" data-id=\"f60bd40\" data-element_type=\"container\" data-e-type=\"container\">\n\t\t\t\t\t<div class=\"e-con-inner\">\n\t\t\t\t<div class=\"elementor-element elementor-element-5338931 elementor-widget elementor-widget-text-editor\" data-id=\"5338931\" data-element_type=\"widget\" data-e-type=\"widget\" data-widget_type=\"text-editor.default\">\n\t\t\t\t\t\t\t\t\t<h1><span style=\"font-family: Mulish, sans-serif; font-size: 29px; font-weight: bold;\">El boxeo comenz\u00f3 cuando ten\u00eda seis a\u00f1os<\/span><\/h1><p>La relaci\u00f3n de M\u00e9ndez con el boxeo comenz\u00f3 mucho antes de pensar en convertirse en profesional. Ten\u00eda apenas seis a\u00f1os cuando su padre busc\u00f3 una actividad que pudiera ayudarlo a canalizar su energ\u00eda y a concentrarse durante su etapa escolar.<\/p><p>El propio Amador cont\u00f3 a la IBA que ten\u00eda dificultades para permanecer quieto y que el deporte termin\u00f3 ayud\u00e1ndolo. Tambi\u00e9n record\u00f3 que una pel\u00edcula de <em>Rocky<\/em> que vio junto a su padre despert\u00f3 su inter\u00e9s por el boxeo.<\/p><p><em>\u201cI am ADHD, and I couldn\u2019t stop moving around, so this sport helped me a lot\u201d<\/em>, explic\u00f3 en aquella entrevista. (Yo tuve s\u00edndrome de d\u00e9ficit de atenci\u00f3n y no pod\u00eda parar de moverme, as\u00ed que el deporte me ayud\u00f3 much\u00edsimo&#8221;)<\/p><p>Su historia muestra c\u00f3mo una actividad que comenz\u00f3 en la infancia termin\u00f3 convirti\u00e9ndose en una vocaci\u00f3n. Con los a\u00f1os llegaron los torneos, los viajes, la experiencia internacional y finalmente el salto al profesionalismo.<\/p>\t\t\t\t\t\t\t\t<\/div>\n\t\t\t\t\t<\/div>\n\t\t\t\t<\/div>\n\t\t<div data-particle_enable=\"false\" data-particle-mobile-disabled=\"false\" class=\"elementor-element elementor-element-e38175a e-flex e-con-boxed e-con e-parent\" data-id=\"e38175a\" data-element_type=\"container\" data-e-type=\"container\">\n\t\t\t\t\t<div class=\"e-con-inner\">\n\t\t\t\t<div class=\"elementor-element elementor-element-d4066ba elementor-widget elementor-widget-image\" data-id=\"d4066ba\" data-element_type=\"widget\" data-e-type=\"widget\" data-widget_type=\"image.default\">\n\t\t\t\t\t\t\t\t\t\t\t\t<figure class=\"wp-caption\">\n\t\t\t\t\t\t\t\t\t\t\t<a href=\"https:\/\/amadormendezboxing.com\/\">\n\t\t\t\t\t\t\t<img decoding=\"async\" width=\"1140\" height=\"623\" src=\"https:\/\/soymigrante.com\/revista\/wp-content\/uploads\/2026\/09\/amador-mendez-boxeador-hijo-de-migrante-guatemalteco-pelea-por-guatemala-1140x623.png\" class=\"attachment-large size-large wp-image-63601\" alt=\"\" srcset=\"https:\/\/soymigrante.com\/revista\/wp-content\/uploads\/2026\/09\/amador-mendez-boxeador-hijo-de-migrante-guatemalteco-pelea-por-guatemala-1140x623.png 1140w, https:\/\/soymigrante.com\/revista\/wp-content\/uploads\/2026\/09\/amador-mendez-boxeador-hijo-de-migrante-guatemalteco-pelea-por-guatemala-300x164.png 300w, https:\/\/soymigrante.com\/revista\/wp-content\/uploads\/2026\/09\/amador-mendez-boxeador-hijo-de-migrante-guatemalteco-pelea-por-guatemala-768x420.png 768w, https:\/\/soymigrante.com\/revista\/wp-content\/uploads\/2026\/09\/amador-mendez-boxeador-hijo-de-migrante-guatemalteco-pelea-por-guatemala-750x410.png 750w, https:\/\/soymigrante.com\/revista\/wp-content\/uploads\/2026\/09\/amador-mendez-boxeador-hijo-de-migrante-guatemalteco-pelea-por-guatemala.png 1381w\" sizes=\"(max-width: 1140px) 100vw, 1140px\" title=\"Amador Mendez tiene su sitio web, en el cual presenta sus peleas, su historia y tambi\u00e9n productos como playeras o guantes con su sello. Se hace llamar &quot;Blindsider&quot; que puede traducirse como el que te toma por sorpresa.  Para ir al sitio, clic en la imagen \u2013 SoyMigrante.com REVISTA\" \/>\t\t\t\t\t\t\t\t<\/a>\n\t\t\t\t\t\t\t\t\t\t\t<figcaption class=\"widget-image-caption wp-caption-text\">Amador Mendez tiene su sitio web, en el cual presenta sus peleas, su historia y tambi\u00e9n productos como playeras o guantes con su sello. Se hace llamar \"Blindsider\" que puede traducirse como el que te toma por sorpresa.  Para ir al sitio, clic en la imagen<\/figcaption>\n\t\t\t\t\t\t\t\t\t\t<\/figure>\n\t\t\t\t\t\t\t\t\t<\/div>\n\t\t\t\t\t<\/div>\n\t\t\t\t<\/div>\n\t\t<div data-particle_enable=\"false\" data-particle-mobile-disabled=\"false\" class=\"elementor-element elementor-element-b5feb19 e-flex e-con-boxed e-con e-parent\" data-id=\"b5feb19\" data-element_type=\"container\" data-e-type=\"container\">\n\t\t\t\t\t<div class=\"e-con-inner\">\n\t\t\t\t<div class=\"elementor-element elementor-element-3d822e0 elementor-widget elementor-widget-text-editor\" data-id=\"3d822e0\" data-element_type=\"widget\" data-e-type=\"widget\" data-widget_type=\"text-editor.default\">\n\t\t\t\t\t\t\t\t\t<h1><span style=\"font-family: Mulish, sans-serif; font-size: 29px; font-weight: bold;\">El paso a lo profesional\u00a0<\/span><\/h1><p>Amador pas\u00f3 al ring profesional\u00a0 en septiembre de 2024. Su primera pelea termin\u00f3 con una victoria por nocaut t\u00e9cnico en el cuarto asalto frente a Clay Burns. Desde entonces, M\u00e9ndez ha mantenido un paso perfecto.<\/p><p>Despu\u00e9s llegaron triunfos frente a Edwin Tercero, Edgar Uvalle, Alejandro Medina de la Rosa, Andr\u00e9s \u201cEl Flaco\u201d Caraballo, Nelson \u201cHot Hands\u201d Hampton, Christian \u201cEl Sinverg\u00fcenza\u201d Luna y William \u201cEl Gallo Negro\u201d King, hasta alcanzar las ocho victorias con las que lleg\u00f3 a su combate de agosto de 2026.<\/p><p>Su registro profesional qued\u00f3 en nueve triunfos y ninguna derrota despu\u00e9s de vencer a Jonathan Martin Morales Mendez en Los \u00c1ngeles. Las fuentes que reportaron la pelea difieren en el tiempo exacto del nocaut \u201434 y 46 segundos\u2014, pero coinciden en que el combate termin\u00f3 durante el primer asalto.<\/p>\t\t\t\t\t\t\t\t<\/div>\n\t\t\t\t\t<\/div>\n\t\t\t\t<\/div>\n\t\t<div data-particle_enable=\"false\" data-particle-mobile-disabled=\"false\" class=\"elementor-element elementor-element-e4d17ff e-flex e-con-boxed e-con e-parent\" data-id=\"e4d17ff\" data-element_type=\"container\" data-e-type=\"container\">\n\t\t\t\t\t<div class=\"e-con-inner\">\n\t\t\t\t<div class=\"elementor-element elementor-element-79ac76a elementor-widget elementor-widget-html\" data-id=\"79ac76a\" data-element_type=\"widget\" data-e-type=\"widget\" data-widget_type=\"html.default\">\n\t\t\t\t\t<iframe width=\"560\" height=\"415\" src=\"https:\/\/www.youtube.com\/embed\/JbMA0eqt9Zs?si=AXRP4PxGF3A4ES2V&amp;start=3135\" title=\"YouTube video player\" frameborder=\"0\" allow=\"accelerometer; autoplay; clipboard-write; encrypted-media; gyroscope; picture-in-picture; web-share\" referrerpolicy=\"strict-origin-when-cross-origin\" allowfullscreen><\/iframe>\t\t\t\t<\/div>\n\t\t\t\t\t<\/div>\n\t\t\t\t<\/div>\n\t\t<div data-particle_enable=\"false\" data-particle-mobile-disabled=\"false\" class=\"elementor-element elementor-element-4940941 e-flex e-con-boxed e-con e-parent\" data-id=\"4940941\" data-element_type=\"container\" data-e-type=\"container\">\n\t\t\t\t\t<div class=\"e-con-inner\">\n\t\t\t\t<div class=\"elementor-element elementor-element-b3cb4a3 elementor-widget elementor-widget-text-editor\" data-id=\"b3cb4a3\" data-element_type=\"widget\" data-e-type=\"widget\" data-widget_type=\"text-editor.default\">\n\t\t\t\t\t\t\t\t\t<h1><span style=\"font-family: Mulish, sans-serif; font-size: 29px; font-weight: bold;\">\u201cQuiero ir contra los mejores\u201d<\/span><\/h1><p>La mentalidad de M\u00e9ndez tampoco parece haber cambiado desde sus primeros a\u00f1os. En el Mundial Juvenil de 2022, despu\u00e9s de ganar su segundo combate, dijo que quer\u00eda enfrentarse a los mejores para probarse a s\u00ed mismo.<\/p><p><em>\u201cI want to go against the best of the best and test myself\u201d<\/em>, declar\u00f3 entonces. (&#8220;Quiero pelear contra lo mejor de lo mejor y ponerme a prueba a m\u00ed mismo&#8221;)<\/p><p>Ese deseo es el que ahora gu\u00eda su carrera profesional. Su objetivo no es simplemente acumular victorias, sino subir progresivamente el nivel de sus rivales y acercarse a las oportunidades que podr\u00edan llevarlo a disputar un campeonato mundial.<\/p><p>Con 21 a\u00f1os y un r\u00e9cord de 9-0, M\u00e9ndez todav\u00eda est\u00e1 en una etapa temprana de su carrera. Pero hay algo que permanece igual desde aquella entrevista que concedi\u00f3 a los 17 a\u00f1os: el objetivo de ser campe\u00f3n y de representar a Guatemala, cuya bandera luci\u00f3 y onde\u00f3 despu\u00e9s de la victoria del 29 de agosto. Ahora va por m\u00e1s.\u00a0<\/p>\t\t\t\t\t\t\t\t<\/div>\n\t\t\t\t\t<\/div>\n\t\t\t\t<\/div>\n\t\t<div data-particle_enable=\"false\" data-particle-mobile-disabled=\"false\" class=\"elementor-element elementor-element-0eac353 e-flex e-con-boxed e-con e-parent\" data-id=\"0eac353\" data-element_type=\"container\" data-e-type=\"container\">\n\t\t\t\t\t<div class=\"e-con-inner\">\n\t\t\t\t<div class=\"elementor-element elementor-element-fd69a72 elementor-widget elementor-widget-global elementor-global-52097 elementor-widget-heading\" data-id=\"fd69a72\" data-element_type=\"widget\" data-e-type=\"widget\" data-widget_type=\"heading.default\">\n\t\t\t\t\t<h2 class=\"elementor-heading-title elementor-size-default\">Quiz\u00e1 tambi\u00e9n te podr\u00eda interesar<\/h2>\t\t\t\t<\/div>\n\t\t\t\t\t<\/div>\n\t\t\t\t<\/div>\n\t\t<div data-particle_enable=\"false\" data-particle-mobile-disabled=\"false\" class=\"elementor-element elementor-element-722a584 e-flex e-con-boxed e-con e-parent\" data-id=\"722a584\" data-element_type=\"container\" data-e-type=\"container\">\n\t\t\t\t\t<div class=\"e-con-inner\">\n\t\t\t\t<div class=\"elementor-element elementor-element-e9aadb2 elementor-grid-eael-col-3 elementor-grid-tablet-eael-col-2 elementor-grid-mobile-eael-col-1 elementor-widget elementor-widget-eael-post-grid\" data-id=\"e9aadb2\" data-element_type=\"widget\" data-e-type=\"widget\" data-settings=\"{&quot;eael_post_grid_columns&quot;:&quot;eael-col-3&quot;,&quot;eael_post_grid_columns_tablet&quot;:&quot;eael-col-2&quot;,&quot;eael_post_grid_columns_mobile&quot;:&quot;eael-col-1&quot;}\" data-widget_type=\"eael-post-grid.default\">\n\t\t\t\t\t<div id=\"eael-post-grid-e9aadb2\" class=\"eael-post-grid-container\">\n            <div class=\"eael-post-grid eael-post-appender eael-post-appender-e9aadb2 eael-post-grid-style-one\" data-layout-mode=\"masonry\"><article class=\"eael-grid-post  eael-post-grid-column eael-pg-post-56996 category-exitos-guatemala tags-california\" data-id=\"56996\">\n        <div class=\"eael-grid-post-holder\">\n            <div class=\"eael-grid-post-holder-inner\"><div class=\"eael-entry-media\"><div class=\"eael-entry-overlay fade-in\"><i class=\"far fa-hand-pointer\" aria-hidden=\"true\"><\/i><a href=\"https:\/\/soymigrante.com\/revista\/convertir-golpes-en-fortalezas-impulsa-a-la-boxeadora-migrante-guatemalteca-maria-micheo\/\"><\/a><\/div><div class=\"eael-entry-thumbnail eael-image-ratio\">\n                <img loading=\"lazy\" decoding=\"async\" width=\"1024\" height=\"1024\" src=\"https:\/\/soymigrante.com\/revista\/wp-content\/uploads\/2026\/05\/maria-micheo-boxeadora-migrante-guatemalteca-guatemaltecos-en-estados-unidos-california-1024x1024.png\" class=\"attachment-large size-large wp-image-57015\" alt=\"maria micheo boxeadora migrante guatemalteca guatemaltecos en estados unidos california\" srcset=\"https:\/\/soymigrante.com\/revista\/wp-content\/uploads\/2026\/05\/maria-micheo-boxeadora-migrante-guatemalteca-guatemaltecos-en-estados-unidos-california-1024x1024.png 1024w, https:\/\/soymigrante.com\/revista\/wp-content\/uploads\/2026\/05\/maria-micheo-boxeadora-migrante-guatemalteca-guatemaltecos-en-estados-unidos-california-300x300.png 300w, https:\/\/soymigrante.com\/revista\/wp-content\/uploads\/2026\/05\/maria-micheo-boxeadora-migrante-guatemalteca-guatemaltecos-en-estados-unidos-california-150x150.png 150w, https:\/\/soymigrante.com\/revista\/wp-content\/uploads\/2026\/05\/maria-micheo-boxeadora-migrante-guatemalteca-guatemaltecos-en-estados-unidos-california-768x768.png 768w, https:\/\/soymigrante.com\/revista\/wp-content\/uploads\/2026\/05\/maria-micheo-boxeadora-migrante-guatemalteca-guatemaltecos-en-estados-unidos-california-75x75.png 75w, https:\/\/soymigrante.com\/revista\/wp-content\/uploads\/2026\/05\/maria-micheo-boxeadora-migrante-guatemalteca-guatemaltecos-en-estados-unidos-california-750x750.png 750w, https:\/\/soymigrante.com\/revista\/wp-content\/uploads\/2026\/05\/maria-micheo-boxeadora-migrante-guatemalteca-guatemaltecos-en-estados-unidos-california-1140x1140.png 1140w, https:\/\/soymigrante.com\/revista\/wp-content\/uploads\/2026\/05\/maria-micheo-boxeadora-migrante-guatemalteca-guatemaltecos-en-estados-unidos-california.png 1200w\" sizes=\"(max-width: 1024px) 100vw, 1024px\" \/>\n            <\/div>\n        <\/div><div class=\"eael-entry-wrapper\"><header class=\"eael-entry-header\"><h2 class=\"eael-entry-title\"><a class=\"eael-grid-post-link\" href=\"https:\/\/soymigrante.com\/revista\/convertir-golpes-en-fortalezas-impulsa-a-la-boxeadora-migrante-guatemalteca-maria-micheo\/\" title=\"Boxeadora migrante guatemalteca Mar\u00eda Micheo es #3 del ranking mundial gracias a su perseverancia\">Boxeadora migrante guatemalteca Mar\u00eda Micheo es #3 del ranking mundial gracias a su perseverancia<\/a><\/h2><\/header><div class=\"eael-entry-content\">\n                        <div class=\"eael-grid-post-excerpt\"><a href=\"https:\/\/soymigrante.com\/revista\/convertir-golpes-en-fortalezas-impulsa-a-la-boxeadora-migrante-guatemalteca-maria-micheo\/\" class=\"eael-post-elements-readmore-btn\">CONOCE SU HISTORIA <\/a><\/div>\n                    <\/div><\/div><\/div>\n        <\/div>\n    <\/article><article class=\"eael-grid-post  eael-post-grid-column eael-pg-post-51181 category-exitos-guatemala\" data-id=\"51181\">\n        <div class=\"eael-grid-post-holder\">\n            <div class=\"eael-grid-post-holder-inner\"><div class=\"eael-entry-media\"><div class=\"eael-entry-overlay fade-in\"><i class=\"far fa-hand-pointer\" aria-hidden=\"true\"><\/i><a href=\"https:\/\/soymigrante.com\/revista\/esau-dieguez-entrenador-boxeo-guatemalteco-omaha-nebraska-historia-sueno-lester\/\"><\/a><\/div><div class=\"eael-entry-thumbnail eael-image-ratio\">\n                <img loading=\"lazy\" decoding=\"async\" width=\"842\" height=\"832\" src=\"https:\/\/soymigrante.com\/revista\/wp-content\/uploads\/2026\/01\/esau-dieguez-guatemalteco-en-omaha-nebraska-entrenador-de-boxeo.png\" class=\"attachment-large size-large wp-image-51185\" alt=\"esau dieguez guatemalteco en omaha nebraska entrenador de boxeo\" srcset=\"https:\/\/soymigrante.com\/revista\/wp-content\/uploads\/2026\/01\/esau-dieguez-guatemalteco-en-omaha-nebraska-entrenador-de-boxeo.png 842w, https:\/\/soymigrante.com\/revista\/wp-content\/uploads\/2026\/01\/esau-dieguez-guatemalteco-en-omaha-nebraska-entrenador-de-boxeo-300x296.png 300w, https:\/\/soymigrante.com\/revista\/wp-content\/uploads\/2026\/01\/esau-dieguez-guatemalteco-en-omaha-nebraska-entrenador-de-boxeo-768x759.png 768w, https:\/\/soymigrante.com\/revista\/wp-content\/uploads\/2026\/01\/esau-dieguez-guatemalteco-en-omaha-nebraska-entrenador-de-boxeo-75x75.png 75w, https:\/\/soymigrante.com\/revista\/wp-content\/uploads\/2026\/01\/esau-dieguez-guatemalteco-en-omaha-nebraska-entrenador-de-boxeo-750x741.png 750w\" sizes=\"(max-width: 842px) 100vw, 842px\" \/>\n            <\/div>\n        <\/div><div class=\"eael-entry-wrapper\"><header class=\"eael-entry-header\"><h2 class=\"eael-entry-title\"><a class=\"eael-grid-post-link\" href=\"https:\/\/soymigrante.com\/revista\/esau-dieguez-entrenador-boxeo-guatemalteco-omaha-nebraska-historia-sueno-lester\/\" title=\"&#8220;Mi sue\u00f1o es un campe\u00f3n mundial guatemalteco&#8221;: Esa\u00fa Di\u00e9guez, entrenador de boxeo en Omaha, Nebraska\">&#8220;Mi sue\u00f1o es un campe\u00f3n mundial guatemalteco&#8221;: Esa\u00fa Di\u00e9guez, entrenador de boxeo en Omaha, Nebraska<\/a><\/h2><\/header><div class=\"eael-entry-content\">\n                        <div class=\"eael-grid-post-excerpt\"><a href=\"https:\/\/soymigrante.com\/revista\/esau-dieguez-entrenador-boxeo-guatemalteco-omaha-nebraska-historia-sueno-lester\/\" class=\"eael-post-elements-readmore-btn\">CONOCE SU HISTORIA <\/a><\/div>\n                    <\/div><\/div><\/div>\n        <\/div>\n    <\/article><article class=\"eael-grid-post  eael-post-grid-column eael-pg-post-63130 category-estamos-unidos\" data-id=\"63130\">\n        <div class=\"eael-grid-post-holder\">\n            <div class=\"eael-grid-post-holder-inner\"><div class=\"eael-entry-media\"><div class=\"eael-entry-overlay fade-in\"><i class=\"far fa-hand-pointer\" aria-hidden=\"true\"><\/i><a href=\"https:\/\/soymigrante.com\/revista\/porque-el-triunfo-del-boxeador-guatemalteco-lester-martinez-en-los-angeles-es-tan-especial-hay-7-razones\/\"><\/a><\/div><div class=\"eael-entry-thumbnail eael-image-ratio\">\n                <img loading=\"lazy\" decoding=\"async\" width=\"1024\" height=\"1024\" src=\"https:\/\/soymigrante.com\/revista\/wp-content\/uploads\/2026\/08\/lester-martinez-boxeador-guatemalteco-triunfo-en-los-angeles-1024x1024.jpg\" class=\"attachment-large size-large wp-image-63131\" alt=\"lester martinez boxeador guatemalteco triunfo en los angeles\" srcset=\"https:\/\/soymigrante.com\/revista\/wp-content\/uploads\/2026\/08\/lester-martinez-boxeador-guatemalteco-triunfo-en-los-angeles-1024x1024.jpg 1024w, https:\/\/soymigrante.com\/revista\/wp-content\/uploads\/2026\/08\/lester-martinez-boxeador-guatemalteco-triunfo-en-los-angeles-300x300.jpg 300w, https:\/\/soymigrante.com\/revista\/wp-content\/uploads\/2026\/08\/lester-martinez-boxeador-guatemalteco-triunfo-en-los-angeles-150x150.jpg 150w, https:\/\/soymigrante.com\/revista\/wp-content\/uploads\/2026\/08\/lester-martinez-boxeador-guatemalteco-triunfo-en-los-angeles-768x768.jpg 768w, https:\/\/soymigrante.com\/revista\/wp-content\/uploads\/2026\/08\/lester-martinez-boxeador-guatemalteco-triunfo-en-los-angeles-75x75.jpg 75w, https:\/\/soymigrante.com\/revista\/wp-content\/uploads\/2026\/08\/lester-martinez-boxeador-guatemalteco-triunfo-en-los-angeles-750x750.jpg 750w, https:\/\/soymigrante.com\/revista\/wp-content\/uploads\/2026\/08\/lester-martinez-boxeador-guatemalteco-triunfo-en-los-angeles-1140x1140.jpg 1140w, https:\/\/soymigrante.com\/revista\/wp-content\/uploads\/2026\/08\/lester-martinez-boxeador-guatemalteco-triunfo-en-los-angeles.jpg 1224w\" sizes=\"(max-width: 1024px) 100vw, 1024px\" \/>\n            <\/div>\n        <\/div><div class=\"eael-entry-wrapper\"><header class=\"eael-entry-header\"><h2 class=\"eael-entry-title\"><a class=\"eael-grid-post-link\" href=\"https:\/\/soymigrante.com\/revista\/porque-el-triunfo-del-boxeador-guatemalteco-lester-martinez-en-los-angeles-es-tan-especial-hay-7-razones\/\" title=\"\u00bfPorqu\u00e9 el triunfo del boxeador guatemalteco Lester Mart\u00ednez en Los Angeles es tan especial? Hay 7 razones\">\u00bfPorqu\u00e9 el triunfo del boxeador guatemalteco Lester Mart\u00ednez en Los Angeles es tan especial? Hay 7 razones<\/a><\/h2><\/header><div class=\"eael-entry-content\">\n                        <div class=\"eael-grid-post-excerpt\"><a href=\"https:\/\/soymigrante.com\/revista\/porque-el-triunfo-del-boxeador-guatemalteco-lester-martinez-en-los-angeles-es-tan-especial-hay-7-razones\/\" class=\"eael-post-elements-readmore-btn\">CONOCE SU HISTORIA <\/a><\/div>\n                    <\/div><\/div><\/div>\n        <\/div>\n    <\/article><\/div>\n            <div class=\"clearfix\"><\/div>\n        <\/div>\t\t\t\t<\/div>\n\t\t\t\t\t<\/div>\n\t\t\t\t<\/div>\n\t\t\t\t<\/div>\n\t\t","protected":false},"excerpt":{"rendered":"<p>En su m\u00e1s reciente pelea, el 29 de agosto de 2026, Amador M\u00e9ndez, iba acompa\u00f1ado por el campe\u00f3n supermediano, el guatemalteco Lester Mart\u00ednez, quien portaba la bandera. Amador naci\u00f3 en USA pero boxea por la azul y blanco, inspirado por su padre migrante. \u201cQuiero convertirme en campe\u00f3n mundial. Esto es todo lo que siempre he [&hellip;]<\/p>\n","protected":false},"author":1,"featured_media":63595,"comment_status":"open","ping_status":"open","sticky":false,"template":"","format":"standard","meta":{"_acf_changed":false,"_eb_attr":"","footnotes":""},"categories":[274],"tags":[],"class_list":["post-63594","post","type-post","status-publish","format-standard","has-post-thumbnail","hentry","category-guatemala"],"acf":[],"aioseo_notices":[],"aioseo_head":"\n\t\t<!-- All in One SEO Pro 5.0.1.1 - aioseo.com -->\n\t<meta name=\"description\" content=\"Derrotar a Luca Plantic en la pelea del 29 de agosto en Los Angeles, es la 21 victoria del boxeador guatemalteco Lester Mart\u00ednez. Eso en s\u00ed ya es hist\u00f3rico, pero hay otras razones que hacen tan especial este triunfo. \u00a1Felicitaciones L\u00e9ster! Miles de guatemaltecos celebraron en vivo en Los Angeles y millones m\u00e1s vibraron con\" \/>\n\t<meta name=\"robots\" content=\"max-snippet:-1, max-image-preview:large, max-video-preview:-1\" \/>\n\t<meta name=\"author\" content=\"SoyMigrante.com REVISTA\"\/>\n\t<link rel=\"canonical\" href=\"https:\/\/soymigrante.com\/revista\/boxeador-amador-mendez-21-anos-nacio-en-austin-texas-pero-eligio-pelear-por-guatemala\/\" \/>\n\t<meta name=\"generator\" content=\"All in One SEO Pro (AIOSEO) 5.0.1.1\" \/>\n\n\t\t<link rel=\"preconnect\" href=\"https:\/\/fonts.googleapis.com\" crossorigin>\n<link rel=\"preconnect\" href=\"https:\/\/fonts.gstatic.com\" crossorigin>\n\t\t<meta property=\"og:locale\" content=\"es_ES\" \/>\n\t\t<meta property=\"og:site_name\" content=\"SoyMigrante.com REVISTA \u2013 Nuestra misi\u00f3n es reconocer y dignificar al migrante.\" \/>\n\t\t<meta property=\"og:type\" content=\"article\" \/>\n\t\t<meta property=\"og:title\" content=\"Amador M\u00e9ndez naci\u00f3 en Austin pero eligi\u00f3 boxear por Guatemala\" \/>\n\t\t<meta property=\"og:description\" content=\"Naci\u00f3 en Austin Texas, de padre guatemalteco y madre mexicoamericana:. Su meta es ser campe\u00f3n. El 29 de agosto, lo acompa\u00f1\u00f3 con la azul y blanco Lester Martinez\" \/>\n\t\t<meta property=\"og:url\" content=\"https:\/\/soymigrante.com\/revista\/boxeador-amador-mendez-21-anos-nacio-en-austin-texas-pero-eligio-pelear-por-guatemala\/\" \/>\n\t\t<meta property=\"og:image\" content=\"https:\/\/soymigrante.com\/revista\/wp-content\/uploads\/2026\/09\/amador-mendez-boxeador-hijo-de-migrantes-y-lester-martinez-boxeador-guatemalteco.jpg\" \/>\n\t\t<meta property=\"og:image:secure_url\" content=\"https:\/\/soymigrante.com\/revista\/wp-content\/uploads\/2026\/09\/amador-mendez-boxeador-hijo-de-migrantes-y-lester-martinez-boxeador-guatemalteco.jpg\" \/>\n\t\t<meta property=\"og:image:width\" content=\"1264\" \/>\n\t\t<meta property=\"og:image:height\" content=\"1264\" \/>\n\t\t<meta property=\"article:published_time\" content=\"2026-09-01T17:12:27+00:00\" \/>\n\t\t<meta property=\"article:modified_time\" content=\"2026-09-01T17:36:53+00:00\" \/>\n\t\t<meta property=\"article:publisher\" content=\"https:\/\/www.facebook.com\/soymigrantecom\" \/>\n\t\t<meta name=\"twitter:card\" content=\"summary_large_image\" \/>\n\t\t<meta name=\"twitter:site\" content=\"@SoyMigrante_com\" \/>\n\t\t<meta name=\"twitter:title\" content=\"Amador M\u00e9ndez naci\u00f3 en Austin pero eligi\u00f3 boxear por Guatemala\" \/>\n\t\t<meta name=\"twitter:description\" content=\"Naci\u00f3 en Austin Texas, de padre guatemalteco y madre mexicoamericana:. Su meta es ser campe\u00f3n. El 29 de agosto, lo acompa\u00f1\u00f3 con la azul y blanco Lester Martinez\" \/>\n\t\t<meta name=\"twitter:creator\" content=\"@SoyMigrante_com\" \/>\n\t\t<meta name=\"twitter:image\" content=\"https:\/\/soymigrante.com\/revista\/wp-content\/uploads\/2026\/09\/amador-mendez-boxeador-hijo-de-migrantes-y-lester-martinez-boxeador-guatemalteco.jpg\" \/>\n\t\t<!-- All in One SEO Pro -->\r\n\t\t<title>Boxeador Amador M\u00e9ndez (21 a\u00f1os) naci\u00f3 en Austin, Texas pero eligi\u00f3 pelear por Guatemala<\/title>\n\n","aioseo_head_json":{"title":"Boxeador Amador M\u00e9ndez (21 a\u00f1os) naci\u00f3 en Austin, Texas pero eligi\u00f3 pelear por Guatemala","description":"En su m\u00e1s reciente pelea, el 29 de agosto de 2026, Amador M\u00e9ndez, iba acompa\u00f1ado por el campe\u00f3n supermediano, el guatemalteco Lester Mart\u00ednez, quien portaba la bandera. Amador naci\u00f3 en USA pero boxea por la azul y blanco, inspirado por su padre migrante. \u201cQuiero convertirme en campe\u00f3n mundial. Esto es todo lo que siempre he","canonical_url":"https:\/\/soymigrante.com\/revista\/boxeador-amador-mendez-21-anos-nacio-en-austin-texas-pero-eligio-pelear-por-guatemala\/","robots":"max-snippet:-1, max-image-preview:large, max-video-preview:-1","keywords":"","webmasterTools":{"miscellaneous":"&lt;link rel=\"preconnect\" href=\"https:\/\/fonts.googleapis.com\" crossorigin&gt;\n&lt;link rel=\"preconnect\" href=\"https:\/\/fonts.gstatic.com\" crossorigin&gt;"},"schema":null,"og:locale":"es_ES","og:site_name":"SoyMigrante.com REVISTA \u2013 Nuestra misi\u00f3n es reconocer y dignificar al migrante.","og:type":"article","og:title":"Amador M\u00e9ndez naci\u00f3 en Austin pero eligi\u00f3 boxear por Guatemala","og:description":"Naci\u00f3 en Austin Texas, de padre guatemalteco y madre mexicoamericana:. Su meta es ser campe\u00f3n. El 29 de agosto, lo acompa\u00f1\u00f3 con la azul y blanco Lester Martinez","og:url":"https:\/\/soymigrante.com\/revista\/boxeador-amador-mendez-21-anos-nacio-en-austin-texas-pero-eligio-pelear-por-guatemala\/","og:image":"https:\/\/soymigrante.com\/revista\/wp-content\/uploads\/2026\/09\/amador-mendez-boxeador-hijo-de-migrantes-y-lester-martinez-boxeador-guatemalteco.jpg","og:image:secure_url":"https:\/\/soymigrante.com\/revista\/wp-content\/uploads\/2026\/09\/amador-mendez-boxeador-hijo-de-migrantes-y-lester-martinez-boxeador-guatemalteco.jpg","og:image:width":1264,"og:image:height":1264,"article:published_time":"2026-09-01T17:12:27+00:00","article:modified_time":"2026-09-01T17:36:53+00:00","article:publisher":"https:\/\/www.facebook.com\/soymigrantecom","twitter:card":"summary_large_image","twitter:site":"@SoyMigrante_com","twitter:title":"Amador M\u00e9ndez naci\u00f3 en Austin pero eligi\u00f3 boxear por Guatemala","twitter:description":"Naci\u00f3 en Austin Texas, de padre guatemalteco y madre mexicoamericana:. Su meta es ser campe\u00f3n. El 29 de agosto, lo acompa\u00f1\u00f3 con la azul y blanco Lester Martinez","twitter:creator":"@SoyMigrante_com","twitter:image":"https:\/\/soymigrante.com\/revista\/wp-content\/uploads\/2026\/09\/amador-mendez-boxeador-hijo-de-migrantes-y-lester-martinez-boxeador-guatemalteco.jpg"},"aioseo_meta_data":{"post_id":"63594","title":null,"description":null,"keywords":null,"keyphrases":{"focus":{"keyphrase":"Guatemala","score":0,"analysis":[]},"additional":[{"keyphrase":"Amador Mendez","score":0},{"keyphrase":"boxeador","score":0}]},"primary_term":null,"canonical_url":null,"og_title":"Amador M\u00e9ndez naci\u00f3 en Austin pero eligi\u00f3 boxear por Guatemala","og_description":"Naci\u00f3 en Austin Texas, de padre guatemalteco y madre mexicoamericana:. Su meta es ser campe\u00f3n. El 29 de agosto, lo acompa\u00f1\u00f3 con la azul y blanco Lester Martinez","og_object_type":"default","og_image_type":"default","og_image_url":null,"og_image_width":null,"og_image_height":null,"og_image_custom_url":null,"og_image_custom_fields":null,"og_video":"","og_custom_url":null,"og_article_section":null,"og_article_tags":null,"twitter_use_og":false,"twitter_card":"default","twitter_image_type":"default","twitter_image_url":null,"twitter_image_custom_url":null,"twitter_image_custom_fields":null,"twitter_title":null,"twitter_description":null,"schema":{"blockGraphs":[],"customGraphs":[],"default":{"data":{"Article":[],"Course":[],"Dataset":[],"FAQPage":[],"Movie":[],"Person":[],"Product":[],"ProductReview":[],"Car":[],"Recipe":[],"Service":[],"SoftwareApplication":[],"WebPage":[]},"graphName":"NewsArticle","isEnabled":true},"graphs":[]},"schema_type":"default","schema_type_options":null,"pillar_content":false,"robots_default":true,"robots_noindex":false,"robots_noarchive":false,"robots_nosnippet":false,"robots_nofollow":false,"robots_noimageindex":false,"robots_noodp":false,"robots_notranslate":false,"robots_max_snippet":"-1","robots_max_videopreview":"-1","robots_max_imagepreview":"large","priority":null,"frequency":"default","local_seo":null,"seo_analyzer_scan_date":"2026-09-01 17:37:03","breadcrumb_settings":null,"limit_modified_date":false,"reviewed_by":"0","open_ai":null,"ai":{"faqs":[],"keyPoints":[],"schemas":[],"titles":[],"descriptions":[],"socialPosts":{"email":{"subject":"","preview":"","content":""},"linkedin":[],"twitter":[],"facebook":[],"instagram":[]}},"created":"2026-09-01 15:42:44","updated":"2026-09-01 18:11:13","focus_keyword":"Guatemala","additional_keywords":[{"word":"Amador Mendez","score":80,"items":{"introductionKeyword":{"score":3},"keyphraseLength":{"score":9},"keyphraseDensity":{"score":4},"functionWordsInKeyphrase":{"score":9},"textCompetingLinks":{"score":9},"imageKeyphrase":{"score":9}}},{"word":"boxeador","score":85,"items":{"introductionKeyword":{"score":9},"keyphraseLength":{"score":9},"keyphraseDensity":{"score":4},"functionWordsInKeyphrase":{"score":9},"textCompetingLinks":{"score":9},"imageKeyphrase":{"score":6}}}],"truseo_locale":null},"aioseo_breadcrumb":"<div class=\"aioseo-breadcrumbs\"><span class=\"aioseo-breadcrumb\">\n\t<a href=\"https:\/\/soymigrante.com\/revista\" title=\"Home\">Home<\/a>\n<\/span><span class=\"aioseo-breadcrumb-separator\">\u00bb<\/span><span class=\"aioseo-breadcrumb\">\n\t<a href=\"https:\/\/soymigrante.com\/revista\/category\/exitos\/\" title=\"\u00c9xitos\">\u00c9xitos<\/a>\n<\/span><span class=\"aioseo-breadcrumb-separator\">\u00bb<\/span><span class=\"aioseo-breadcrumb\">\n\t<a href=\"https:\/\/soymigrante.com\/revista\/category\/exitos\/guatemala\/\" title=\"Guatemala\">Guatemala<\/a>\n<\/span><span class=\"aioseo-breadcrumb-separator\">\u00bb<\/span><span class=\"aioseo-breadcrumb\">\n\tBoxeador Amador M\u00e9ndez (21 a\u00f1os) naci\u00f3 en Austin, Texas pero eligi\u00f3 pelear por Guatemala\n<\/span><\/div>","aioseo_breadcrumb_json":[{"label":"Home","link":"https:\/\/soymigrante.com\/revista"},{"label":"\u00c9xitos","link":"https:\/\/soymigrante.com\/revista\/category\/exitos\/"},{"label":"Guatemala","link":"https:\/\/soymigrante.com\/revista\/category\/exitos\/guatemala\/"},{"label":"Boxeador Amador M\u00e9ndez (21 a\u00f1os) naci\u00f3 en Austin, Texas pero eligi\u00f3 pelear por Guatemala","link":"https:\/\/soymigrante.com\/revista\/boxeador-amador-mendez-21-anos-nacio-en-austin-texas-pero-eligio-pelear-por-guatemala\/"}],"_links":{"self":[{"href":"https:\/\/soymigrante.com\/revista\/wp-json\/wp\/v2\/posts\/63594","targetHints":{"allow":["GET"]}}],"collection":[{"href":"https:\/\/soymigrante.com\/revista\/wp-json\/wp\/v2\/posts"}],"about":[{"href":"https:\/\/soymigrante.com\/revista\/wp-json\/wp\/v2\/types\/post"}],"author":[{"embeddable":true,"href":"https:\/\/soymigrante.com\/revista\/wp-json\/wp\/v2\/users\/1"}],"replies":[{"embeddable":true,"href":"https:\/\/soymigrante.com\/revista\/wp-json\/wp\/v2\/comments?post=63594"}],"version-history":[{"count":9,"href":"https:\/\/soymigrante.com\/revista\/wp-json\/wp\/v2\/posts\/63594\/revisions"}],"predecessor-version":[{"id":63609,"href":"https:\/\/soymigrante.com\/revista\/wp-json\/wp\/v2\/posts\/63594\/revisions\/63609"}],"wp:featuredmedia":[{"embeddable":true,"href":"https:\/\/soymigrante.com\/revista\/wp-json\/wp\/v2\/media\/63595"}],"wp:attachment":[{"href":"https:\/\/soymigrante.com\/revista\/wp-json\/wp\/v2\/media?parent=63594"}],"wp:term":[{"taxonomy":"category","embeddable":true,"href":"https:\/\/soymigrante.com\/revista\/wp-json\/wp\/v2\/categories?post=63594"},{"taxonomy":"post_tag","embeddable":true,"href":"https:\/\/soymigrante.com\/revista\/wp-json\/wp\/v2\/tags?post=63594"}],"curies":[{"name":"wp","href":"https:\/\/api.w.org\/{rel}","templated":true}]}}