{"id":6358,"date":"2024-05-10T09:31:23","date_gmt":"2024-05-10T15:31:23","guid":{"rendered":"https:\/\/soymigrante.com\/revista\/?p=6358"},"modified":"2024-07-27T17:00:16","modified_gmt":"2024-07-27T23:00:16","slug":"poema-dia-de-la-madre-migrante-ausente-poeta-momosteco","status":"publish","type":"post","link":"https:\/\/soymigrante.com\/revista\/poema-dia-de-la-madre-migrante-ausente-poeta-momosteco\/","title":{"rendered":"Ausente,  poema del D\u00eda de la Madre    de un hijo migrante a la distancia"},"content":{"rendered":"\t\t<div data-elementor-type=\"wp-post\" data-elementor-id=\"6358\" class=\"elementor elementor-6358\" data-elementor-post-type=\"post\">\n\t\t\t\t\t\t<section data-particle_enable=\"false\" data-particle-mobile-disabled=\"false\" class=\"elementor-section elementor-top-section elementor-element elementor-element-11f6558 elementor-section-boxed elementor-section-height-default elementor-section-height-default\" data-id=\"11f6558\" data-element_type=\"section\" data-e-type=\"section\">\n\t\t\t\t\t\t<div class=\"elementor-container elementor-column-gap-default\">\n\t\t\t\t\t<div class=\"elementor-column elementor-col-100 elementor-top-column elementor-element elementor-element-a007a02\" data-id=\"a007a02\" data-element_type=\"column\" data-e-type=\"column\">\n\t\t\t<div class=\"elementor-widget-wrap elementor-element-populated\">\n\t\t\t\t\t\t<div class=\"elementor-element elementor-element-9ea3584 elementor-widget elementor-widget-heading\" data-id=\"9ea3584\" data-element_type=\"widget\" data-e-type=\"widget\" data-widget_type=\"heading.default\">\n\t\t\t\t\t<h2 class=\"elementor-heading-title elementor-size-default\">\"Yo cargaba una mochila llena de sue\u00f1os,  y a ti te quedaba el peso de mi despedida.... imaginabas el camino tortuoso que ten\u00eda que andar\", dice una de las l\u00edneas del poema de German Ajanel, poeta de Momostenango.<\/h2>\t\t\t\t<\/div>\n\t\t\t\t\t<\/div>\n\t\t<\/div>\n\t\t\t\t\t<\/div>\n\t\t<\/section>\n\t\t\t\t<section data-particle_enable=\"false\" data-particle-mobile-disabled=\"false\" class=\"elementor-section elementor-top-section elementor-element elementor-element-4c09165 elementor-section-boxed elementor-section-height-default elementor-section-height-default\" data-id=\"4c09165\" data-element_type=\"section\" data-e-type=\"section\">\n\t\t\t\t\t\t<div class=\"elementor-container elementor-column-gap-default\">\n\t\t\t\t\t<div class=\"elementor-column elementor-col-100 elementor-top-column elementor-element elementor-element-ed3e6eb\" data-id=\"ed3e6eb\" data-element_type=\"column\" data-e-type=\"column\">\n\t\t\t<div class=\"elementor-widget-wrap elementor-element-populated\">\n\t\t\t\t\t\t<div class=\"elementor-element elementor-element-9702065 elementor-widget elementor-widget-text-editor\" data-id=\"9702065\" data-element_type=\"widget\" data-e-type=\"widget\" data-widget_type=\"text-editor.default\">\n\t\t\t\t\t\t\t\t\t<p>Hoy no es un d\u00eda cualquiera, es EL DIA DE LAS MADRES:<br \/><span style=\"color: var( --e-global-color-text );\">El d\u00eda en qu\u00e9 florecen llenan\u00a0 los campos, <br \/>y suenan las melod\u00edas m\u00e1s hermosas dedicadas a ti, madrecita.<br \/><\/span><span style=\"color: var( --e-global-color-text );\">D\u00eda en que te recuerdo con mucho cari\u00f1o, y quisiera abrazarte.<br \/><\/span><span style=\"color: var( --e-global-color-text );\">Solo una foto tuya, y oir tu voz a trav\u00e9s del tel\u00e9fono anima mi esp\u00edritu.<\/span><\/p><p>Llegan a\u00a0 mi mente recuerdos: <br \/>aquel abrazo, el d\u00eda en que me desped\u00ed de ti.\u00a0<\/p><p>A\u00fan recuerdo y me duelen tus l\u00e1grimas, <br \/>tus palabras de despedida, <br \/>tus pasos acompa\u00f1andome a la puerta de casa,\u00a0<br \/><span style=\"color: var( --e-global-color-text );\">tu mirada serena que escond\u00eda dolor y tristeza por mi despedida, <br \/>todo ello en aquel d\u00eda cuando tuvimos que decirnos adi\u00f3s.<\/span><\/p>\t\t\t\t\t\t\t\t<\/div>\n\t\t\t\t\t<\/div>\n\t\t<\/div>\n\t\t\t\t\t<\/div>\n\t\t<\/section>\n\t\t\t\t<section data-particle_enable=\"false\" data-particle-mobile-disabled=\"false\" class=\"elementor-section elementor-top-section elementor-element elementor-element-6c2175f elementor-section-boxed elementor-section-height-default elementor-section-height-default\" data-id=\"6c2175f\" data-element_type=\"section\" data-e-type=\"section\">\n\t\t\t\t\t\t<div class=\"elementor-container elementor-column-gap-default\">\n\t\t\t\t\t<div class=\"elementor-column elementor-col-100 elementor-top-column elementor-element elementor-element-946739f\" data-id=\"946739f\" data-element_type=\"column\" data-e-type=\"column\">\n\t\t\t<div class=\"elementor-widget-wrap elementor-element-populated\">\n\t\t\t\t\t\t<div class=\"elementor-element elementor-element-6070893 elementor-widget elementor-widget-image\" data-id=\"6070893\" data-element_type=\"widget\" data-e-type=\"widget\" data-widget_type=\"image.default\">\n\t\t\t\t\t\t\t\t\t\t\t\t<figure class=\"wp-caption\">\n\t\t\t\t\t\t\t\t\t\t<img fetchpriority=\"high\" decoding=\"async\" width=\"300\" height=\"170\" src=\"https:\/\/soymigrante.com\/revista\/wp-content\/uploads\/2024\/05\/Captura-de-pantalla-2024-05-10-093330-300x170.webp\" class=\"attachment-medium size-medium wp-image-6363\" alt=\"Paisaje rural con casas tradicionales, campos de cultivo y personas trabajando en un entorno agr\u00edcola colorido y pintoresco en M\u00e9xico.\" srcset=\"https:\/\/soymigrante.com\/revista\/wp-content\/uploads\/2024\/05\/Captura-de-pantalla-2024-05-10-093330-300x170.webp 300w, https:\/\/soymigrante.com\/revista\/wp-content\/uploads\/2024\/05\/Captura-de-pantalla-2024-05-10-093330-1024x581.webp 1024w, https:\/\/soymigrante.com\/revista\/wp-content\/uploads\/2024\/05\/Captura-de-pantalla-2024-05-10-093330-768x436.webp 768w, https:\/\/soymigrante.com\/revista\/wp-content\/uploads\/2024\/05\/Captura-de-pantalla-2024-05-10-093330-750x425.webp 750w, https:\/\/soymigrante.com\/revista\/wp-content\/uploads\/2024\/05\/Captura-de-pantalla-2024-05-10-093330-1140x646.webp 1140w, https:\/\/soymigrante.com\/revista\/wp-content\/uploads\/2024\/05\/Captura-de-pantalla-2024-05-10-093330.webp 1342w\" sizes=\"(max-width: 300px) 100vw, 300px\" title=\"Tantos recuerdos de ni\u00f1ez cuando me tomabas de la mano, cuando me llevabas cargado, \u00a1Gracias mam\u00e1! (Pintura del artista momosteco Alex\u00e1nder Ambrocio) \u2013 SoyMigrante.com REVISTA\" \/>\t\t\t\t\t\t\t\t\t\t\t<figcaption class=\"widget-image-caption wp-caption-text\">Paisaje rural con casas tradicionales, campos de cultivo y personas trabajando en un entorno agr\u00edcola colorido y pintoresco en M\u00e9xico.<\/figcaption>\n\t\t\t\t\t\t\t\t\t\t<\/figure>\n\t\t\t\t\t\t\t\t\t<\/div>\n\t\t\t\t\t<\/div>\n\t\t<\/div>\n\t\t\t\t\t<\/div>\n\t\t<\/section>\n\t\t\t\t<section data-particle_enable=\"false\" data-particle-mobile-disabled=\"false\" class=\"elementor-section elementor-top-section elementor-element elementor-element-96999c1 elementor-section-boxed elementor-section-height-default elementor-section-height-default\" data-id=\"96999c1\" data-element_type=\"section\" data-e-type=\"section\">\n\t\t\t\t\t\t<div class=\"elementor-container elementor-column-gap-default\">\n\t\t\t\t\t<div class=\"elementor-column elementor-col-100 elementor-top-column elementor-element elementor-element-c1e5e33\" data-id=\"c1e5e33\" data-element_type=\"column\" data-e-type=\"column\">\n\t\t\t<div class=\"elementor-widget-wrap elementor-element-populated\">\n\t\t\t\t\t\t<div class=\"elementor-element elementor-element-6aceaf7 elementor-widget elementor-widget-heading\" data-id=\"6aceaf7\" data-element_type=\"widget\" data-e-type=\"widget\" data-widget_type=\"heading.default\">\n\t\t\t\t\t<h3 class=\"elementor-heading-title elementor-size-default\">Llegada esta fecha mi coraz\u00f3n se parte<\/h3>\t\t\t\t<\/div>\n\t\t\t\t\t<\/div>\n\t\t<\/div>\n\t\t\t\t\t<\/div>\n\t\t<\/section>\n\t\t\t\t<section data-particle_enable=\"false\" data-particle-mobile-disabled=\"false\" class=\"elementor-section elementor-top-section elementor-element elementor-element-9c1b3cf elementor-section-boxed elementor-section-height-default elementor-section-height-default\" data-id=\"9c1b3cf\" data-element_type=\"section\" data-e-type=\"section\">\n\t\t\t\t\t\t<div class=\"elementor-container elementor-column-gap-default\">\n\t\t\t\t\t<div class=\"elementor-column elementor-col-100 elementor-top-column elementor-element elementor-element-0b608bb\" data-id=\"0b608bb\" data-element_type=\"column\" data-e-type=\"column\">\n\t\t\t<div class=\"elementor-widget-wrap elementor-element-populated\">\n\t\t\t\t\t\t<div class=\"elementor-element elementor-element-570bcb4 elementor-widget elementor-widget-text-editor\" data-id=\"570bcb4\" data-element_type=\"widget\" data-e-type=\"widget\" data-widget_type=\"text-editor.default\">\n\t\t\t\t\t\t\t\t\t<p>Pero llegada esta fecha mi coraz\u00f3n se parte, <br>pues tus recuerdos laceran mis sentimientos.<br><span style=\"color: var( --e-global-color-text );\">Tantas risas juntos, tantas historias, <br>recuerdos de mi infancia y juventud, <br>recuerdos de tus palabras, <br>el saz\u00f3n y el cari\u00f1o con que siempre preparabas la comida, <br>tus detalles y gestos a la hora de recibirme, <br>tus cuidados cuando estaba enfermo, <br>tus consejos para la vida, tus rega\u00f1os&nbsp;<br>tus exigencias en \u00e9poca de estudios.&nbsp;<\/span><\/p>\n<p>Tu ejemplo, tu valent\u00eda, tu forma desinteresada de amar, <br>entregando todo a cambio de nada.<br>Celebraste cada cumplea\u00f1os m\u00edo, <br>cada logro, cada meta alcanzada. <br>Tu manera tan peculiar de mostrarme el camino de f\u00e9, <br>el temor a Dios, el seguimiento a Jesus, <br>el esperar al Esp\u00edritu Santo, <br>el amor a la Eucarist\u00eda, a Nuestra Madre la Virgen Mar\u00eda, <br>cuando decias: &#8220;Lee la biblia, ah\u00ed encontrar\u00e1s tu luz&#8221;.&nbsp;<\/p>\n<p>Madrecita Santa, como olvidar esa hermosa sonrisa,&nbsp;<br><span style=\"color: var( --e-global-color-text );\">esas manos delicadas, con que amaste y corregiste, <br>esa voz que decia mi nombre cuando enojada estabas <br>aunque casi siempre me llamabas hijo.<\/span><\/p>\n<p>Estos versos solo son una dedicaci\u00f3n a T\u00ed, <br>Mujer valiente, guerrera y ejemplar<br>Porque aunque hoy sea yo el que est\u00e9 ausente, <br>mi cari\u00f1o est\u00e1 presente para decirte<br>TE AMO MAM\u00c1.&nbsp;<\/p>\n<p>Por German Ajanel<\/p>\t\t\t\t\t\t\t\t<\/div>\n\t\t\t\t\t<\/div>\n\t\t<\/div>\n\t\t\t\t\t<\/div>\n\t\t<\/section>\n\t\t\t\t<section data-particle_enable=\"false\" data-particle-mobile-disabled=\"false\" class=\"elementor-section elementor-top-section elementor-element elementor-element-0985112 elementor-section-boxed elementor-section-height-default elementor-section-height-default\" data-id=\"0985112\" data-element_type=\"section\" data-e-type=\"section\">\n\t\t\t\t\t\t<div class=\"elementor-container elementor-column-gap-default\">\n\t\t\t\t\t<div class=\"elementor-column elementor-col-100 elementor-top-column elementor-element elementor-element-9ed0fe2\" data-id=\"9ed0fe2\" data-element_type=\"column\" data-e-type=\"column\">\n\t\t\t<div class=\"elementor-widget-wrap elementor-element-populated\">\n\t\t\t\t\t\t<div class=\"elementor-element elementor-element-8ad4be4 elementor-widget elementor-widget-image\" data-id=\"8ad4be4\" data-element_type=\"widget\" data-e-type=\"widget\" data-widget_type=\"image.default\">\n\t\t\t\t\t\t\t\t\t\t\t\t<figure class=\"wp-caption\">\n\t\t\t\t\t\t\t\t\t\t<img decoding=\"async\" width=\"747\" height=\"451\" src=\"https:\/\/soymigrante.com\/revista\/wp-content\/uploads\/2024\/05\/Captura-de-pantalla-2024-05-10-090255.webp\" class=\"attachment-large size-large wp-image-6361\" alt=\"Colorida ilustraci\u00f3n de una mujer ind\u00edgena con vestimenta tradicional, sosteniendo velas encendidas, representando cultura y patrimonio en Latinoam\u00e9rica.\" srcset=\"https:\/\/soymigrante.com\/revista\/wp-content\/uploads\/2024\/05\/Captura-de-pantalla-2024-05-10-090255.webp 747w, https:\/\/soymigrante.com\/revista\/wp-content\/uploads\/2024\/05\/Captura-de-pantalla-2024-05-10-090255-300x181.webp 300w\" sizes=\"(max-width: 747px) 100vw, 747px\" title=\"La luz del amor maternal siempre est\u00e1 encendida enla memoria y el recuerdo. (Pintura del artista momosteco Alexander Ambrocio) \u2013 SoyMigrante.com REVISTA\" \/>\t\t\t\t\t\t\t\t\t\t\t<figcaption class=\"widget-image-caption wp-caption-text\">Mujer ind\u00edgena tradicional con velas en una ilustraci\u00f3n colorida, s\u00edmbolo de cultura y patrimonio latinoamericano.<\/figcaption>\n\t\t\t\t\t\t\t\t\t\t<\/figure>\n\t\t\t\t\t\t\t\t\t<\/div>\n\t\t\t\t\t<\/div>\n\t\t<\/div>\n\t\t\t\t\t<\/div>\n\t\t<\/section>\n\t\t\t\t<section data-particle_enable=\"false\" data-particle-mobile-disabled=\"false\" class=\"elementor-section elementor-top-section elementor-element elementor-element-d257ae5 elementor-section-boxed elementor-section-height-default elementor-section-height-default\" data-id=\"d257ae5\" data-element_type=\"section\" data-e-type=\"section\">\n\t\t\t\t\t\t<div class=\"elementor-container elementor-column-gap-default\">\n\t\t\t\t\t<div class=\"elementor-column elementor-col-100 elementor-top-column elementor-element elementor-element-3928e1e\" data-id=\"3928e1e\" data-element_type=\"column\" data-e-type=\"column\">\n\t\t\t<div class=\"elementor-widget-wrap elementor-element-populated\">\n\t\t\t\t\t\t<div class=\"elementor-element elementor-element-206a632 elementor-widget elementor-widget-heading\" data-id=\"206a632\" data-element_type=\"widget\" data-e-type=\"widget\" data-widget_type=\"heading.default\">\n\t\t\t\t\t<h2 class=\"elementor-heading-title elementor-size-default\">Guatemala es nuestra amada tierra <\/h2>\t\t\t\t<\/div>\n\t\t\t\t\t<\/div>\n\t\t<\/div>\n\t\t\t\t\t<\/div>\n\t\t<\/section>\n\t\t\t\t<section data-particle_enable=\"false\" data-particle-mobile-disabled=\"false\" class=\"elementor-section elementor-top-section elementor-element elementor-element-067ec82 elementor-section-boxed elementor-section-height-default elementor-section-height-default\" data-id=\"067ec82\" data-element_type=\"section\" data-e-type=\"section\">\n\t\t\t\t\t\t<div class=\"elementor-container elementor-column-gap-default\">\n\t\t\t\t\t<div class=\"elementor-column elementor-col-100 elementor-top-column elementor-element elementor-element-1069d04\" data-id=\"1069d04\" data-element_type=\"column\" data-e-type=\"column\">\n\t\t\t<div class=\"elementor-widget-wrap elementor-element-populated\">\n\t\t\t\t\t\t<div class=\"elementor-element elementor-element-1ba638d elementor-widget elementor-widget-blfe-post-grid\" data-id=\"1ba638d\" data-element_type=\"widget\" data-e-type=\"widget\" data-settings=\"{&quot;columns&quot;:&quot;3&quot;,&quot;columns_tablet&quot;:&quot;6&quot;,&quot;columns_mobile&quot;:&quot;12&quot;,&quot;hero1_layout_column_gap&quot;:{&quot;unit&quot;:&quot;px&quot;,&quot;size&quot;:30,&quot;sizes&quot;:[]},&quot;hero1_layout_column_gap_tablet&quot;:{&quot;unit&quot;:&quot;px&quot;,&quot;size&quot;:&quot;&quot;,&quot;sizes&quot;:[]},&quot;hero1_layout_column_gap_mobile&quot;:{&quot;unit&quot;:&quot;px&quot;,&quot;size&quot;:&quot;&quot;,&quot;sizes&quot;:[]},&quot;hero1_layout_row_gap&quot;:{&quot;unit&quot;:&quot;px&quot;,&quot;size&quot;:30,&quot;sizes&quot;:[]},&quot;hero1_layout_row_gap_tablet&quot;:{&quot;unit&quot;:&quot;px&quot;,&quot;size&quot;:&quot;&quot;,&quot;sizes&quot;:[]},&quot;hero1_layout_row_gap_mobile&quot;:{&quot;unit&quot;:&quot;px&quot;,&quot;size&quot;:&quot;&quot;,&quot;sizes&quot;:[]}}\" data-widget_type=\"blfe-post-grid.hero1\">\n\t\t\t\t<div class=\"elementor-widget-container\">\n\t\t\t\t\t\n                        <div class=\"blfe-post-grid-container \">\n            \n                <div data-skin=\"hero1\" class=\"blfe-row blfe-posts-inner blfe-hero1 blfe-posts-inner blfe-col-3 blfe-col-tab-6 blfe-col-mob-12     \">\n                            <div class=\"blfe-post-grid-item\">\n            <div class=\"blfe-post-grid-item-inner blfe-modern-zoom\">\n                        <div class=\"blfe-post-grid-bg-image\">\n            <a class=\"blfe-post-grid-image-inner\" href=\"https:\/\/soymigrante.com\/revista\/mes-de-octubre-dedicado-a-la-patrona-del-rosario-es-una-devocion-muy-guatemalteca\/\" title=\"Mes de Octubre dedicado a la Patrona del Rosario es una devoci\u00f3n muy guatemalteca\" rel=\"nofollow\" target=\"_blank\"><img decoding=\"async\" src=\"https:\/\/soymigrante.com\/revista\/wp-content\/uploads\/2025\/09\/mes-del-rosario-5-e1758312473240.jpg\" alt=\"Mes de Octubre dedicado a la Patrona del Rosario es una devoci\u00f3n muy guatemalteca\"\/><\/a>        <\/div>\n                        <div class=\"blfe-post-grid-details\">\n                    <div class=\"blfe-post-grid-details-inner\">\n                        <span class=\"blfe-post-category\"><a href=\"https:\/\/soymigrante.com\/revista\/category\/guate-nuestra\/\">Guate Nuestra<\/a><\/span>                        <h3 class=\"blfe-post-grid-title\">\n            <a href=\"https:\/\/soymigrante.com\/revista\/mes-de-octubre-dedicado-a-la-patrona-del-rosario-es-una-devocion-muy-guatemalteca\/\" title=\"Mes de Octubre dedicado a la Patrona del Rosario es una devoci\u00f3n muy guatemalteca\" rel=\"nofollow\" target=\"_blank\">Mes de Octubre dedicado a la Patrona del Rosario es una devoci\u00f3n muy guatemalteca<\/a>\n            <\/h3>                                                                                            <\/div>\n                <\/div>\n\n            <\/div>\n        <\/div>\n                <div class=\"blfe-post-grid-item\">\n            <div class=\"blfe-post-grid-item-inner blfe-modern-zoom\">\n                        <div class=\"blfe-post-grid-bg-image\">\n            <a class=\"blfe-post-grid-image-inner\" href=\"https:\/\/soymigrante.com\/revista\/migrantes-pueden-vivir-las-fiestas-de-fin-de-ano-en-usa-sin-perder-identidad-claves-para-lograrlo\/\" title=\"Migrantes pueden vivir las fiestas de fin de a\u00f1o en USA sin perder identidad: claves para lograrlo\" rel=\"nofollow\" target=\"_blank\"><img decoding=\"async\" src=\"https:\/\/soymigrante.com\/revista\/wp-content\/uploads\/2024\/09\/Los-migrantes-guatemaltecos-pueden-vivir-las-festividades-asi-5-e1727459503711.webp\" alt=\"Migrantes pueden vivir las fiestas de fin de a\u00f1o en USA sin perder identidad: claves para lograrlo\"\/><\/a>        <\/div>\n                        <div class=\"blfe-post-grid-details\">\n                    <div class=\"blfe-post-grid-details-inner\">\n                        <span class=\"blfe-post-category\"><a href=\"https:\/\/soymigrante.com\/revista\/category\/guate-nuestra\/\">Guate Nuestra<\/a><\/span>                        <h3 class=\"blfe-post-grid-title\">\n            <a href=\"https:\/\/soymigrante.com\/revista\/migrantes-pueden-vivir-las-fiestas-de-fin-de-ano-en-usa-sin-perder-identidad-claves-para-lograrlo\/\" title=\"Migrantes pueden vivir las fiestas de fin de a\u00f1o en USA sin perder identidad: claves para lograrlo\" rel=\"nofollow\" target=\"_blank\">Migrantes pueden vivir las fiestas de fin de a\u00f1o en USA sin perder identidad: claves para lograrlo<\/a>\n            <\/h3>                                                                                            <\/div>\n                <\/div>\n\n            <\/div>\n        <\/div>\n                <div class=\"blfe-post-grid-item\">\n            <div class=\"blfe-post-grid-item-inner blfe-modern-zoom\">\n                        <div class=\"blfe-post-grid-bg-image\">\n            <a class=\"blfe-post-grid-image-inner\" href=\"https:\/\/soymigrante.com\/revista\/fotografa-guatemalteca-quinceanera-alaska-glaciar-rocio-chavarria\/\" title=\"Incre\u00edble sesi\u00f3n fotogr\u00e1fica de quincea\u00f1era guatemalteca en glaciar de Alaska\" rel=\"nofollow\" target=\"_blank\"><img decoding=\"async\" src=\"https:\/\/soymigrante.com\/revista\/wp-content\/uploads\/2025\/07\/fotografa-guatemalteca-rocio-chavarria-sesion-alaska-9.webp\" alt=\"Incre\u00edble sesi\u00f3n fotogr\u00e1fica de quincea\u00f1era guatemalteca en glaciar de Alaska\"\/><\/a>        <\/div>\n                        <div class=\"blfe-post-grid-details\">\n                    <div class=\"blfe-post-grid-details-inner\">\n                        <span class=\"blfe-post-category\"><a href=\"https:\/\/soymigrante.com\/revista\/category\/guate-nuestra\/\">Guate Nuestra<\/a><\/span>                        <h3 class=\"blfe-post-grid-title\">\n            <a href=\"https:\/\/soymigrante.com\/revista\/fotografa-guatemalteca-quinceanera-alaska-glaciar-rocio-chavarria\/\" title=\"Incre\u00edble sesi\u00f3n fotogr\u00e1fica de quincea\u00f1era guatemalteca en glaciar de Alaska\" rel=\"nofollow\" target=\"_blank\">Incre\u00edble sesi\u00f3n fotogr\u00e1fica de quincea\u00f1era guatemalteca en glaciar de Alaska<\/a>\n            <\/h3>                                                                                            <\/div>\n                <\/div>\n\n            <\/div>\n        <\/div>\n                        <\/div>\n\n                        <\/div>\n            \n                        <div class=\"blfe-post-footer\">\n                        <\/div>\n            \t\t\t\t<\/div>\n\t\t\t\t<\/div>\n\t\t\t\t\t<\/div>\n\t\t<\/div>\n\t\t\t\t\t<\/div>\n\t\t<\/section>\n\t\t\t\t<\/div>\n\t\t","protected":false},"excerpt":{"rendered":"<p>&#8220;Yo cargaba una mochila llena de sue\u00f1os, y a ti te quedaba el peso de mi despedida&#8230;. imaginabas el camino tortuoso que ten\u00eda que andar&#8221;, dice una de las l\u00edneas del poema de German Ajanel, poeta de Momostenango. Hoy no es un d\u00eda cualquiera, es EL DIA DE LAS MADRES:El d\u00eda en qu\u00e9 florecen llenan\u00a0 [&hellip;]<\/p>\n","protected":false},"author":7,"featured_media":6359,"comment_status":"open","ping_status":"open","sticky":false,"template":"","format":"standard","meta":{"_acf_changed":true,"_eb_attr":"","footnotes":""},"categories":[56],"tags":[],"class_list":["post-6358","post","type-post","status-publish","format-standard","has-post-thumbnail","hentry","category-lugar-de-voces"],"acf":[],"aioseo_notices":[],"aioseo_head":"\n\t\t<!-- All in One SEO Pro 4.9.6.2 - aioseo.com -->\n\t<meta name=\"description\" content=\"Fot\u00f3grafa guatemalteca Roc\u00edo Chavarr\u00eda hizo realidad el sue\u00f1o de su hija: fotografiarla con su vestido de quincea\u00f1era en un glaciar de Alaska.\" \/>\n\t<meta name=\"robots\" content=\"max-snippet:-1, max-image-preview:large, max-video-preview:-1\" \/>\n\t<meta name=\"author\" content=\"Marysabel Aldana\"\/>\n\t<link rel=\"canonical\" href=\"https:\/\/soymigrante.com\/revista\/fotografa-guatemalteca-quinceanera-alaska-glaciar-rocio-chavarria\/\" \/>\n\t<meta name=\"generator\" content=\"All in One SEO Pro (AIOSEO) 4.9.6.2\" \/>\n\n\t\t<link rel=\"preconnect\" href=\"https:\/\/fonts.googleapis.com\" crossorigin>\n<link rel=\"preconnect\" href=\"https:\/\/fonts.gstatic.com\" crossorigin>\n\t\t<meta property=\"og:locale\" content=\"es_ES\" \/>\n\t\t<meta property=\"og:site_name\" content=\"SoyMigrante.com REVISTA \u2013 Nuestra misi\u00f3n es reconocer y dignificar al migrante.\" \/>\n\t\t<meta property=\"og:type\" content=\"article\" \/>\n\t\t<meta property=\"og:title\" content=\"Fot\u00f3grafa realiza Sue\u00f1o fotogr\u00e1fico de 15 a\u00f1os en Alaska\" \/>\n\t\t<meta property=\"og:description\" content=\"Fot\u00f3grafa guatemalteca Roc\u00edo Chavarr\u00eda hizo realidad el sue\u00f1o de su hija: fotografiarla con su vestido de quincea\u00f1era en un glaciar de Alaska.\" \/>\n\t\t<meta property=\"og:url\" content=\"https:\/\/soymigrante.com\/revista\/fotografa-guatemalteca-quinceanera-alaska-glaciar-rocio-chavarria\/\" \/>\n\t\t<meta property=\"og:image\" content=\"https:\/\/soymigrante.com\/revista\/wp-content\/uploads\/2025\/07\/fotografa-guatemalteca-rocio-chavarria-sesion-alaska-9.webp\" \/>\n\t\t<meta property=\"og:image:secure_url\" content=\"https:\/\/soymigrante.com\/revista\/wp-content\/uploads\/2025\/07\/fotografa-guatemalteca-rocio-chavarria-sesion-alaska-9.webp\" \/>\n\t\t<meta property=\"og:image:width\" content=\"1248\" \/>\n\t\t<meta property=\"og:image:height\" content=\"1248\" \/>\n\t\t<meta property=\"article:published_time\" content=\"2025-07-15T10:03:00+00:00\" \/>\n\t\t<meta property=\"article:modified_time\" content=\"2025-07-15T05:06:27+00:00\" \/>\n\t\t<meta property=\"article:publisher\" content=\"https:\/\/www.facebook.com\/soymigrantecom\" \/>\n\t\t<meta name=\"twitter:card\" content=\"summary_large_image\" \/>\n\t\t<meta name=\"twitter:site\" content=\"@SoyMigrante_com\" \/>\n\t\t<meta name=\"twitter:title\" content=\"Fot\u00f3grafa realiza Sue\u00f1o fotogr\u00e1fico de 15 a\u00f1os en Alaska\" \/>\n\t\t<meta name=\"twitter:description\" content=\"Fot\u00f3grafa guatemalteca Roc\u00edo Chavarr\u00eda hizo realidad el sue\u00f1o de su hija: fotografiarla con su vestido de quincea\u00f1era en un glaciar de Alaska.\" \/>\n\t\t<meta name=\"twitter:creator\" content=\"@SoyMigrante_com\" \/>\n\t\t<meta name=\"twitter:image\" content=\"https:\/\/soymigrante.com\/revista\/wp-content\/uploads\/2025\/07\/fotografa-guatemalteca-rocio-chavarria-sesion-alaska-9.webp\" \/>\n\t\t<!-- All in One SEO Pro -->\r\n\t\t<title>Fot\u00f3grafa realiza Sue\u00f1o fotogr\u00e1fico de 15 a\u00f1os en Alaska<\/title>\n\n","aioseo_head_json":{"title":"Fot\u00f3grafa realiza Sue\u00f1o fotogr\u00e1fico de 15 a\u00f1os en Alaska","description":"Fot\u00f3grafa guatemalteca Roc\u00edo Chavarr\u00eda hizo realidad el sue\u00f1o de su hija: fotografiarla con su vestido de quincea\u00f1era en un glaciar de Alaska.","canonical_url":"https:\/\/soymigrante.com\/revista\/fotografa-guatemalteca-quinceanera-alaska-glaciar-rocio-chavarria\/","robots":"max-snippet:-1, max-image-preview:large, max-video-preview:-1","keywords":"","webmasterTools":{"miscellaneous":"&lt;link rel=\"preconnect\" href=\"https:\/\/fonts.googleapis.com\" crossorigin&gt;\n&lt;link rel=\"preconnect\" href=\"https:\/\/fonts.gstatic.com\" crossorigin&gt;"},"schema":null,"og:locale":"es_ES","og:site_name":"SoyMigrante.com REVISTA \u2013 Nuestra misi\u00f3n es reconocer y dignificar al migrante.","og:type":"article","og:title":"Fot\u00f3grafa realiza Sue\u00f1o fotogr\u00e1fico de 15 a\u00f1os en Alaska","og:description":"Fot\u00f3grafa guatemalteca Roc\u00edo Chavarr\u00eda hizo realidad el sue\u00f1o de su hija: fotografiarla con su vestido de quincea\u00f1era en un glaciar de Alaska.","og:url":"https:\/\/soymigrante.com\/revista\/fotografa-guatemalteca-quinceanera-alaska-glaciar-rocio-chavarria\/","og:image":"https:\/\/soymigrante.com\/revista\/wp-content\/uploads\/2025\/07\/fotografa-guatemalteca-rocio-chavarria-sesion-alaska-9.webp","og:image:secure_url":"https:\/\/soymigrante.com\/revista\/wp-content\/uploads\/2025\/07\/fotografa-guatemalteca-rocio-chavarria-sesion-alaska-9.webp","og:image:width":1248,"og:image:height":1248,"article:published_time":"2025-07-15T10:03:00+00:00","article:modified_time":"2025-07-15T05:06:27+00:00","article:publisher":"https:\/\/www.facebook.com\/soymigrantecom","twitter:card":"summary_large_image","twitter:site":"@SoyMigrante_com","twitter:title":"Fot\u00f3grafa realiza Sue\u00f1o fotogr\u00e1fico de 15 a\u00f1os en Alaska","twitter:description":"Fot\u00f3grafa guatemalteca Roc\u00edo Chavarr\u00eda hizo realidad el sue\u00f1o de su hija: fotografiarla con su vestido de quincea\u00f1era en un glaciar de Alaska.","twitter:creator":"@SoyMigrante_com","twitter:image":"https:\/\/soymigrante.com\/revista\/wp-content\/uploads\/2025\/07\/fotografa-guatemalteca-rocio-chavarria-sesion-alaska-9.webp"},"aioseo_meta_data":{"post_id":"6358","title":null,"description":"Yo cargaba una mochila llena de sue\u00f1os, y a ti te quedaba el peso de mi despedida","keywords":null,"keyphrases":{"focus":{"keyphrase":"Madre","score":65,"analysis":{"keyphraseInTitle":{"score":9,"maxScore":9,"error":0},"keyphraseInDescription":{"score":3,"maxScore":9,"error":1},"keyphraseLength":{"score":9,"maxScore":9,"error":0,"length":1},"keyphraseInURL":{"score":5,"maxScore":5,"error":0},"keyphraseInIntroduction":{"score":3,"maxScore":9,"error":1},"keyphraseInSubHeadings":{"score":3,"maxScore":9,"error":1},"keyphraseInImageAlt":{"score":3,"maxScore":9,"error":1},"keywordDensity":{"type":"best","score":9,"maxScore":9,"error":0}}},"additional":[]},"primary_term":null,"canonical_url":null,"og_title":null,"og_description":null,"og_object_type":"default","og_image_type":"default","og_image_url":null,"og_image_width":null,"og_image_height":null,"og_image_custom_url":null,"og_image_custom_fields":null,"og_video":"","og_custom_url":null,"og_article_section":null,"og_article_tags":null,"twitter_use_og":false,"twitter_card":"default","twitter_image_type":"default","twitter_image_url":null,"twitter_image_custom_url":null,"twitter_image_custom_fields":null,"twitter_title":null,"twitter_description":null,"schema":{"blockGraphs":[],"customGraphs":[],"default":{"data":{"Article":[],"Course":[],"Dataset":[],"FAQPage":[],"Movie":[],"Person":[],"Product":[],"ProductReview":[],"Car":[],"Recipe":[],"Service":[],"SoftwareApplication":[],"WebPage":[]},"graphName":"BlogPosting","isEnabled":true},"graphs":[]},"schema_type":"default","schema_type_options":null,"pillar_content":false,"robots_default":true,"robots_noindex":false,"robots_noarchive":false,"robots_nosnippet":false,"robots_nofollow":false,"robots_noimageindex":false,"robots_noodp":false,"robots_notranslate":false,"robots_max_snippet":"-1","robots_max_videopreview":"-1","robots_max_imagepreview":"large","priority":null,"frequency":"default","local_seo":null,"seo_analyzer_scan_date":"2025-10-08 21:47:07","breadcrumb_settings":null,"limit_modified_date":false,"reviewed_by":null,"open_ai":"{\"title\":{\"suggestions\":[],\"usage\":0},\"description\":{\"suggestions\":[],\"usage\":0}}","ai":null,"created":"2024-05-16 13:52:25","updated":"2026-02-04 11:21:08"},"aioseo_breadcrumb":"<div class=\"aioseo-breadcrumbs\"><span class=\"aioseo-breadcrumb\">\n\t<a href=\"https:\/\/soymigrante.com\/revista\" title=\"Home\">Home<\/a>\n<\/span><span class=\"aioseo-breadcrumb-separator\">\u00bb<\/span><span class=\"aioseo-breadcrumb\">\n\t<a href=\"https:\/\/soymigrante.com\/revista\/category\/estamos-unidos\/\" title=\"Estamos Unidos\">Estamos Unidos<\/a>\n<\/span><span class=\"aioseo-breadcrumb-separator\">\u00bb<\/span><span class=\"aioseo-breadcrumb\">\n\t<a href=\"https:\/\/soymigrante.com\/revista\/category\/estamos-unidos\/lugar-de-voces\/\" title=\"Lugar de Voces\">Lugar de Voces<\/a>\n<\/span><span class=\"aioseo-breadcrumb-separator\">\u00bb<\/span><span class=\"aioseo-breadcrumb\">\n\tAusente,  poema del D\u00eda de la Madre    de un hijo migrante a la distancia\n<\/span><\/div>","aioseo_breadcrumb_json":[{"label":"Home","link":"https:\/\/soymigrante.com\/revista"},{"label":"Estamos Unidos","link":"https:\/\/soymigrante.com\/revista\/category\/estamos-unidos\/"},{"label":"Lugar de Voces","link":"https:\/\/soymigrante.com\/revista\/category\/estamos-unidos\/lugar-de-voces\/"},{"label":"Ausente,  poema del D\u00eda de la Madre    de un hijo migrante a la distancia","link":"https:\/\/soymigrante.com\/revista\/poema-dia-de-la-madre-migrante-ausente-poeta-momosteco\/"}],"_links":{"self":[{"href":"https:\/\/soymigrante.com\/revista\/wp-json\/wp\/v2\/posts\/6358","targetHints":{"allow":["GET"]}}],"collection":[{"href":"https:\/\/soymigrante.com\/revista\/wp-json\/wp\/v2\/posts"}],"about":[{"href":"https:\/\/soymigrante.com\/revista\/wp-json\/wp\/v2\/types\/post"}],"author":[{"embeddable":true,"href":"https:\/\/soymigrante.com\/revista\/wp-json\/wp\/v2\/users\/7"}],"replies":[{"embeddable":true,"href":"https:\/\/soymigrante.com\/revista\/wp-json\/wp\/v2\/comments?post=6358"}],"version-history":[{"count":0,"href":"https:\/\/soymigrante.com\/revista\/wp-json\/wp\/v2\/posts\/6358\/revisions"}],"wp:featuredmedia":[{"embeddable":true,"href":"https:\/\/soymigrante.com\/revista\/wp-json\/wp\/v2\/media\/6359"}],"wp:attachment":[{"href":"https:\/\/soymigrante.com\/revista\/wp-json\/wp\/v2\/media?parent=6358"}],"wp:term":[{"taxonomy":"category","embeddable":true,"href":"https:\/\/soymigrante.com\/revista\/wp-json\/wp\/v2\/categories?post=6358"},{"taxonomy":"post_tag","embeddable":true,"href":"https:\/\/soymigrante.com\/revista\/wp-json\/wp\/v2\/tags?post=6358"}],"curies":[{"name":"wp","href":"https:\/\/api.w.org\/{rel}","templated":true}]}}