{"id":63572,"date":"2026-09-01T08:32:14","date_gmt":"2026-09-01T14:32:14","guid":{"rendered":"https:\/\/soymigrante.com\/revista\/?p=63572"},"modified":"2026-09-01T08:38:37","modified_gmt":"2026-09-01T14:38:37","slug":"diego-cifuentes-politologo-de-raiz-guatemalteca-y-salvadorena-es-reconocido-en-oklahoma","status":"publish","type":"post","link":"https:\/\/soymigrante.com\/revista\/diego-cifuentes-politologo-de-raiz-guatemalteca-y-salvadorena-es-reconocido-en-oklahoma\/","title":{"rendered":"Diego Cifuentes, polit\u00f3logo de ra\u00edz guatemalteca y salvadore\u00f1a, es reconocido en Oklahoma"},"content":{"rendered":"\t\t<div data-elementor-type=\"wp-post\" data-elementor-id=\"63572\" class=\"elementor elementor-63572\" data-elementor-post-type=\"post\">\n\t\t\t\t<div data-particle_enable=\"false\" data-particle-mobile-disabled=\"false\" class=\"elementor-element elementor-element-52b4c96 e-flex e-con-boxed e-con e-parent\" data-id=\"52b4c96\" data-element_type=\"container\" data-e-type=\"container\">\n\t\t\t\t\t<div class=\"e-con-inner\">\n\t\t\t\t<div class=\"elementor-element elementor-element-f4d844d elementor-widget elementor-widget-heading\" data-id=\"f4d844d\" data-element_type=\"widget\" data-e-type=\"widget\" data-widget_type=\"heading.default\">\n\t\t\t\t\t<h3 class=\"elementor-heading-title elementor-size-default\">Diego Armando Cifuentes trabaja en el Comit\u00e9 Multicultural de la ciudad de Ada, Oklahoma y por su labor recibe el premio NextGen Under 30 (Pr\u00f3xima generaci\u00f3n menor de 30): naci\u00f3 en Florida, de padre guatemalteco y madre salvadore\u00f1a. Y esta es su historia.<\/h3>\t\t\t\t<\/div>\n\t\t\t\t\t<\/div>\n\t\t\t\t<\/div>\n\t\t<div data-particle_enable=\"false\" data-particle-mobile-disabled=\"false\" class=\"elementor-element elementor-element-1448e06 e-flex e-con-boxed e-con e-parent\" data-id=\"1448e06\" data-element_type=\"container\" data-e-type=\"container\">\n\t\t\t\t\t<div class=\"e-con-inner\">\n\t\t\t\t<div class=\"elementor-element elementor-element-2fa1195 elementor-widget elementor-widget-text-editor\" data-id=\"2fa1195\" data-element_type=\"widget\" data-e-type=\"widget\" data-widget_type=\"text-editor.default\">\n\t\t\t\t\t\t\t\t\t<p>\u201cMi objetivo en todo lo que hago, en todo lo que estoy haciendo, es apoyar e inspirar a los j\u00f3venes hispanos\u201d, expresa\u00a0Diego Armando Cifuentes, quien habla del servicio como un prop\u00f3sito que comenz\u00f3 mucho antes de tener un cargo p\u00fablico o de recibir reconocimientos. Tiene 28 a\u00f1os, vive en Ada, <a href=\"https:\/\/soymigrante.com\/revista\/tag\/oklahoma\/\">Oklahoma<\/a>, y acaba de ser reconocido entre la nueva generaci\u00f3n <strong>Under 30<\/strong>, en la categor\u00eda de servicio p\u00fablico y pol\u00edtica.<\/p><p>Diego se gradu\u00f3 de Ciencias Pol\u00edticas en East Central University en 2025, con un minor en Comunicaciones. Actualmente forma parte del Comit\u00e9 Multicultural de la ciudad de Ada. Y justo\u00a0o para entender por qu\u00e9 eligi\u00f3 trabajar con comunidades y culturas distintas hay que ir a sus comienzos.<\/p><p>Diego naci\u00f3 en Miami, Florida, en un hogar centroamericano: hijo de un guatemalteco y una salvadore\u00f1a. En Miami, la convivencia con otros hispanos fueron parte natural de su formaci\u00f3n.\u00a0\u201cCrecimos con el centro de familia, siempre ayud\u00e1ndonos, siempre teniendo cenas juntos\u201d, recuerda.<\/p>\t\t\t\t\t\t\t\t<\/div>\n\t\t\t\t\t<\/div>\n\t\t\t\t<\/div>\n\t\t<div data-particle_enable=\"false\" data-particle-mobile-disabled=\"false\" class=\"elementor-element elementor-element-ac9433d e-flex e-con-boxed e-con e-parent\" data-id=\"ac9433d\" data-element_type=\"container\" data-e-type=\"container\">\n\t\t\t\t\t<div class=\"e-con-inner\">\n\t\t\t\t<div class=\"elementor-element elementor-element-bebe8ad elementor-widget elementor-widget-image\" data-id=\"bebe8ad\" data-element_type=\"widget\" data-e-type=\"widget\" data-widget_type=\"image.default\">\n\t\t\t\t\t\t\t\t\t\t\t\t<figure class=\"wp-caption\">\n\t\t\t\t\t\t\t\t\t\t<img fetchpriority=\"high\" decoding=\"async\" width=\"683\" height=\"1024\" src=\"https:\/\/soymigrante.com\/revista\/wp-content\/uploads\/2026\/09\/diego-cifuentes-en-el-congreso-683x1024.jpg\" class=\"attachment-large size-large wp-image-63579\" alt=\"Cuando estudiaba Ciencias Pol\u00edticas, carrera de la cual se gradu\u00f3, Diego Cifuentes tuvo oportunidad de trabajar con la excongresista Ileana Ros-Lehtinen, de origen cubano y que fue la primera mujer hispana en ser electa al Congreso de Estados Unidos.\" srcset=\"https:\/\/soymigrante.com\/revista\/wp-content\/uploads\/2026\/09\/diego-cifuentes-en-el-congreso-683x1024.jpg 683w, https:\/\/soymigrante.com\/revista\/wp-content\/uploads\/2026\/09\/diego-cifuentes-en-el-congreso-200x300.jpg 200w, https:\/\/soymigrante.com\/revista\/wp-content\/uploads\/2026\/09\/diego-cifuentes-en-el-congreso-768x1152.jpg 768w, https:\/\/soymigrante.com\/revista\/wp-content\/uploads\/2026\/09\/diego-cifuentes-en-el-congreso-1024x1536.jpg 1024w, https:\/\/soymigrante.com\/revista\/wp-content\/uploads\/2026\/09\/diego-cifuentes-en-el-congreso-750x1125.jpg 750w, https:\/\/soymigrante.com\/revista\/wp-content\/uploads\/2026\/09\/diego-cifuentes-en-el-congreso.jpg 1067w\" sizes=\"(max-width: 683px) 100vw, 683px\" title=\"Cuando estudiaba Ciencias Pol\u00edticas, carrera de la cual se gradu\u00f3, Diego Cifuentes tuvo oportunidad de trabajar con la excongresista Ileana Ros-Lehtinen, de origen cubano y que fue la primera mujer hispana en ser electa al Congreso de Estados Unidos. \u2013 SoyMigrante.com REVISTA\" \/>\t\t\t\t\t\t\t\t\t\t\t<figcaption class=\"widget-image-caption wp-caption-text\">En 2018, Diego Cifuentes tuvo oportunidad de trabajar con la excongresista Ileana Ros-Lehtinen, de origen cubano y que fue la primera mujer hispana en ser electa al Congreso de Estados Unidos.<\/figcaption>\n\t\t\t\t\t\t\t\t\t\t<\/figure>\n\t\t\t\t\t\t\t\t\t<\/div>\n\t\t\t\t\t<\/div>\n\t\t\t\t<\/div>\n\t\t<div data-particle_enable=\"false\" data-particle-mobile-disabled=\"false\" class=\"elementor-element elementor-element-fef352d e-flex e-con-boxed e-con e-parent\" data-id=\"fef352d\" data-element_type=\"container\" data-e-type=\"container\">\n\t\t\t\t\t<div class=\"e-con-inner\">\n\t\t\t\t<div class=\"elementor-element elementor-element-2bd7503 elementor-widget elementor-widget-text-editor\" data-id=\"2bd7503\" data-element_type=\"widget\" data-e-type=\"widget\" data-widget_type=\"text-editor.default\">\n\t\t\t\t\t\t\t\t\t<p><span style=\"color: #000000; font-family: Mulish, sans-serif; font-size: 29px; font-weight: bold;\">El sabor de una infancia centroamericana<\/span><\/p><p style=\"font-style: normal; font-variant-ligatures: normal; font-variant-caps: normal; font-weight: 400; font-size: 22px; font-family: Roboto, sans-serif;\">&#8220;Ten\u00eda un &#8220;t\u00edo&#8221; de Per\u00fa y otro de Costa Rica. En realidad eran amigos de la familia, pero la &#8220;familia&#8221; era la comunidad&#8221;, expresa Diego. Las nacionalidades sse encontraban alrededor de la mesa y en la vida cotidiana. Pero aquello no era simplemente una memoria de infancia. All\u00ed aprendi\u00f3 una manera de entender la comunidad. \u201cCrec\u00ed con la mentalidad que en la familia y en la escuela es\u00a0 donde la comunidad y la cultura se fortalecen y los valores tambi\u00e9n\u201d.<\/p><p style=\"font-style: normal; font-variant-ligatures: normal; font-variant-caps: normal; font-weight: 400; font-size: 22px; font-family: Roboto, sans-serif;\">Por supuesto, el sabor de la mesa familiar fue fundamental:\u00a0\u00a0<a href=\"https:\/\/soymigrante.com\/revista\/como-es-el-desayuno-guatemalteco-tipico-perfecto\/\">Tortillas, frijoles, tamales, caf\u00e9, <\/a>huevos, arroz, carne y pollo aparecen en su relato como parte de una infancia marcada por la cocina familiar.<\/p><p>\u201cM\u00e1s que nada la tortilla, la tortilla con arroz, con carne, con pollo, con frijoles\u201d, cuenta. Recuerda tambi\u00e9n los desayunos con \u201chuevo con tortillas, con frijoles\u201d y los tamales acompa\u00f1ados de caf\u00e9 guatemalteco o salvadore\u00f1o.\u00a0 \u00a0\u201cEso siempre me llena, del amor con el recuerdo mi infancia, pero tambi\u00e9n con la certeza de saber que <a href=\"https:\/\/soymigrante.com\/revista\/acuerdos-entre-padres-e-hijos-son-lo-mas-inteligente-para-fortalecer-la-familia\/}\">hay una familia <\/a>que me quiere y que est\u00e1 all\u00ed siempre apoy\u00e1ndome&#8221;.<\/p>\t\t\t\t\t\t\t\t<\/div>\n\t\t\t\t\t<\/div>\n\t\t\t\t<\/div>\n\t\t<div data-particle_enable=\"false\" data-particle-mobile-disabled=\"false\" class=\"elementor-element elementor-element-473ccef e-flex e-con-boxed e-con e-parent\" data-id=\"473ccef\" data-element_type=\"container\" data-e-type=\"container\">\n\t\t\t\t\t<div class=\"e-con-inner\">\n\t\t\t\t<div class=\"elementor-element elementor-element-949d97d elementor-widget elementor-widget-image\" data-id=\"949d97d\" data-element_type=\"widget\" data-e-type=\"widget\" data-widget_type=\"image.default\">\n\t\t\t\t\t\t\t\t\t\t\t\t<figure class=\"wp-caption\">\n\t\t\t\t\t\t\t\t\t\t<img decoding=\"async\" width=\"768\" height=\"708\" src=\"https:\/\/soymigrante.com\/revista\/wp-content\/uploads\/2026\/09\/diego-armando-cifuentes-hijo-de-migrantes-1111x1024.jpg\" class=\"attachment-large size-large wp-image-63577\" alt=\"Desde diversos espacios, municipales y legislativos, Diego Armando Cifuentes impulsa sus ideales de mayor di\u00e1logo multicultural y valoraci\u00f3n de las identidades. (Foto cortes\u00eda Diego Armando Cifuentes)\" srcset=\"https:\/\/soymigrante.com\/revista\/wp-content\/uploads\/2026\/09\/diego-armando-cifuentes-hijo-de-migrantes-1111x1024.jpg 1111w, https:\/\/soymigrante.com\/revista\/wp-content\/uploads\/2026\/09\/diego-armando-cifuentes-hijo-de-migrantes-300x277.jpg 300w, https:\/\/soymigrante.com\/revista\/wp-content\/uploads\/2026\/09\/diego-armando-cifuentes-hijo-de-migrantes-768x708.jpg 768w, https:\/\/soymigrante.com\/revista\/wp-content\/uploads\/2026\/09\/diego-armando-cifuentes-hijo-de-migrantes-1536x1416.jpg 1536w, https:\/\/soymigrante.com\/revista\/wp-content\/uploads\/2026\/09\/diego-armando-cifuentes-hijo-de-migrantes-750x691.jpg 750w, https:\/\/soymigrante.com\/revista\/wp-content\/uploads\/2026\/09\/diego-armando-cifuentes-hijo-de-migrantes-1140x1051.jpg 1140w, https:\/\/soymigrante.com\/revista\/wp-content\/uploads\/2026\/09\/diego-armando-cifuentes-hijo-de-migrantes.jpg 2048w\" sizes=\"(max-width: 768px) 100vw, 768px\" title=\"Desde diversos espacios, municipales y legislativos, Diego Armando Cifuentes impulsa sus ideales de mayor di\u00e1logo multicultural y valoraci\u00f3n de las identidades. (Foto cortes\u00eda Diego Armando Cifuentes) \u2013 SoyMigrante.com REVISTA\" \/>\t\t\t\t\t\t\t\t\t\t\t<figcaption class=\"widget-image-caption wp-caption-text\">Desde diversos espacios, municipales y legislativos, Diego Armando Cifuentes impulsa sus ideales de mayor di\u00e1logo multicultural y valoraci\u00f3n de las identidades. (Foto cortes\u00eda Diego Armando Cifuentes)<\/figcaption>\n\t\t\t\t\t\t\t\t\t\t<\/figure>\n\t\t\t\t\t\t\t\t\t<\/div>\n\t\t\t\t\t<\/div>\n\t\t\t\t<\/div>\n\t\t<div data-particle_enable=\"false\" data-particle-mobile-disabled=\"false\" class=\"elementor-element elementor-element-3925264 e-flex e-con-boxed e-con e-parent\" data-id=\"3925264\" data-element_type=\"container\" data-e-type=\"container\">\n\t\t\t\t\t<div class=\"e-con-inner\">\n\t\t\t\t<div class=\"elementor-element elementor-element-2dd1151 elementor-widget elementor-widget-text-editor\" data-id=\"2dd1151\" data-element_type=\"widget\" data-e-type=\"widget\" data-widget_type=\"text-editor.default\">\n\t\t\t\t\t\t\t\t\t<p><span style=\"color: #000000; font-family: Mulish, sans-serif; font-size: 29px; font-weight: bold;\">El liderazgo empez\u00f3 desde ni\u00f1o<\/span><\/p><p>La vocaci\u00f3n de servicio apareci\u00f3 desde sus a\u00f1os escolares. Diego recuerda que su primera experiencia formal fue en la escuela primaria, como miembro de la patrulla escolar. &#8220;El sentirme \u00fatil y de servicio a los dem\u00e1s, fue algo que me fascin\u00f3&#8221;.\u00a0<\/p><p>Con el tiempo, esa experiencia se convirti\u00f3 en una pasi\u00f3n por el liderazgo. Particip\u00f3 en<a href=\"https:\/\/soymigrante.com\/revista\/oportunidades-universitarias-para-migrantes-guatemaltecos\/\"> organizaciones estudiantiles <\/a>y asumi\u00f3 responsabilidades a nivel estatal en Oklahoma.\u00a0A trav\u00e9s de una organizaci\u00f3n juvenil, encontr\u00f3 la oportunidad para promover mejoras en escuelas y tambi\u00e9n en las familias.\u00a0<\/p><p>\u201cSi t\u00fa quieres cambiar el mundo, empieza con su familia\u201d, es una lecci\u00f3n\u00a0 que aprendi\u00f3.\u00a0\u00a0Para Diego, la transformaci\u00f3n pod\u00eda comenzar con acciones cotidianas: estar m\u00e1s presentes, escuchar y mejorar la manera de relacionarse con los dem\u00e1s. Pero esto a su vez se proyecta a la comunidad.<\/p><p>\u201cComo ciudadano representas algo. Representas un voto para empezar, pero tambi\u00e9n aspiraciones y capacidades; eso ses multiplica en la vez ya la comunidad organizada, que tiene una voz que necesita ser o\u00edda\u201d.<\/p>\t\t\t\t\t\t\t\t<\/div>\n\t\t\t\t\t<\/div>\n\t\t\t\t<\/div>\n\t\t<div data-particle_enable=\"false\" data-particle-mobile-disabled=\"false\" class=\"elementor-element elementor-element-ea1acbc e-flex e-con-boxed e-con e-parent\" data-id=\"ea1acbc\" data-element_type=\"container\" data-e-type=\"container\">\n\t\t\t\t\t<div class=\"e-con-inner\">\n\t\t\t\t<div class=\"elementor-element elementor-element-2899738 elementor-widget elementor-widget-image\" data-id=\"2899738\" data-element_type=\"widget\" data-e-type=\"widget\" data-widget_type=\"image.default\">\n\t\t\t\t\t\t\t\t\t\t\t\t<figure class=\"wp-caption\">\n\t\t\t\t\t\t\t\t\t\t<img decoding=\"async\" width=\"768\" height=\"424\" src=\"https:\/\/soymigrante.com\/revista\/wp-content\/uploads\/2026\/09\/diego-cifuentes-1140x630.jpg\" class=\"attachment-large size-large wp-image-63578\" alt=\"Diego Cifuentes participa en una sesi\u00f3n del consejo de la ciudad de Ada, Oklahoma, para reportar el trabajo del comit\u00e9 de multiculturalismo, que impulsa iniciativas para fortalecer las relaciones y la econom\u00eda de la comunidad hispana. (Foto Diego Armando Cifuentes)\" srcset=\"https:\/\/soymigrante.com\/revista\/wp-content\/uploads\/2026\/09\/diego-cifuentes-1140x630.jpg 1140w, https:\/\/soymigrante.com\/revista\/wp-content\/uploads\/2026\/09\/diego-cifuentes-300x166.jpg 300w, https:\/\/soymigrante.com\/revista\/wp-content\/uploads\/2026\/09\/diego-cifuentes-768x424.jpg 768w, https:\/\/soymigrante.com\/revista\/wp-content\/uploads\/2026\/09\/diego-cifuentes-1536x848.jpg 1536w, https:\/\/soymigrante.com\/revista\/wp-content\/uploads\/2026\/09\/diego-cifuentes-750x414.jpg 750w, https:\/\/soymigrante.com\/revista\/wp-content\/uploads\/2026\/09\/diego-cifuentes.jpg 1635w\" sizes=\"(max-width: 768px) 100vw, 768px\" title=\"Diego Cifuentes participa en una sesi\u00f3n del consejo de la ciudad de Ada, Oklahoma, para reportar el trabajo del comit\u00e9 de multiculturalismo, que impulsa iniciativas para fortalecer las relaciones y la econom\u00eda de la comunidad hispana. (Foto Diego Armando Cifuentes) \u2013 SoyMigrante.com REVISTA\" \/>\t\t\t\t\t\t\t\t\t\t\t<figcaption class=\"widget-image-caption wp-caption-text\">Diego Cifuentes participa en una sesi\u00f3n del consejo de la ciudad de Ada, Oklahoma, para reportar el trabajo del comit\u00e9 de multiculturalismo, que impulsa iniciativas para fortalecer las relaciones y la econom\u00eda de la comunidad hispana. (Foto Diego Armando Cifuentes)<\/figcaption>\n\t\t\t\t\t\t\t\t\t\t<\/figure>\n\t\t\t\t\t\t\t\t\t<\/div>\n\t\t\t\t\t<\/div>\n\t\t\t\t<\/div>\n\t\t<div data-particle_enable=\"false\" data-particle-mobile-disabled=\"false\" class=\"elementor-element elementor-element-a74e1df e-flex e-con-boxed e-con e-parent\" data-id=\"a74e1df\" data-element_type=\"container\" data-e-type=\"container\">\n\t\t\t\t\t<div class=\"e-con-inner\">\n\t\t\t\t<div class=\"elementor-element elementor-element-41711e6 elementor-widget elementor-widget-text-editor\" data-id=\"41711e6\" data-element_type=\"widget\" data-e-type=\"widget\" data-widget_type=\"text-editor.default\">\n\t\t\t\t\t\t\t\t\t<p><span style=\"color: #000000; font-family: Mulish, sans-serif; font-size: 29px; font-weight: bold;\">De la experiencia familiar al multiculturalismo<\/span><\/p><p>Hoy esa idea de conexi\u00f3n forma parte de su trabajo en\u00a0el Comit\u00e9 de Multiculturalismo de la ciudad, desde donde trabaja para conectar comunidades, promover la diversidad y crear oportunidades.<\/p><p>&#8220;Una de mis iniciativas consiste en crear un pasaporte para restaurantes hispanos y latinos de Ada durante el Mes de la Herencia Hispana. La comunidad podr\u00e1 recorrer los establecimientos participantes y conocer parte de la diversidad gastron\u00f3mica de la ciudad. Porque la comunidad necesita fortalecer su econom\u00eda y proyectar sus culturas&#8221;, dice. Durante sus a\u00f1os de estudios, Diego trabaj\u00f3 en restaurantes para poder sufragar sus gastos.<\/p><p>Durante su carrera universitaria tuvo oportunidades que ampliaron su experiencia de liderazgo. Particip\u00f3 en espacios vinculados al Congreso de Estados Unidos bajo la congresista Ileana Ros-Lehtinen, fue voluntario en la Casa Blanca y recientemente complet\u00f3 un programa de liderazgo del Congressional Hispanic Leadership Institute.\u00a0\u201cTodo eso ha fortalecido mi deseo de seguir sirviendo\u201d.<\/p><p>Tambi\u00e9n aprendi\u00f3 que las oportunidades muchas veces requieren pedir ayuda. Cuando tuvo la posibilidad de pasar un semestre en Washington D.C., los costos parec\u00edan una barrera. Solicit\u00f3 apoyo a su universidad y recibi\u00f3 una beca que hizo posible la experiencia. &#8220;Si necesitas ayuda, b\u00fascala, habla, averigua: siempre hay alguien dispuesto a apoyar&#8221;.<\/p>\t\t\t\t\t\t\t\t<\/div>\n\t\t\t\t\t<\/div>\n\t\t\t\t<\/div>\n\t\t<div data-particle_enable=\"false\" data-particle-mobile-disabled=\"false\" class=\"elementor-element elementor-element-c3cabe4 e-flex e-con-boxed e-con e-parent\" data-id=\"c3cabe4\" data-element_type=\"container\" data-e-type=\"container\">\n\t\t\t\t\t<div class=\"e-con-inner\">\n\t\t\t\t<div class=\"elementor-element elementor-element-514c082 elementor-widget elementor-widget-image\" data-id=\"514c082\" data-element_type=\"widget\" data-e-type=\"widget\" data-widget_type=\"image.default\">\n\t\t\t\t\t\t\t\t\t\t\t\t<figure class=\"wp-caption\">\n\t\t\t\t\t\t\t\t\t\t<img loading=\"lazy\" decoding=\"async\" width=\"768\" height=\"787\" src=\"https:\/\/soymigrante.com\/revista\/wp-content\/uploads\/2026\/09\/casa-blanca.jpg\" class=\"attachment-large size-large wp-image-63576\" alt=\"Durante su carrera en ciencias pol\u00edticas, Diego Cifuentes pudo participar en una actividad en la Casa Blanca. (Foto cortes\u00eda Diego Armando Cifuentes)\" srcset=\"https:\/\/soymigrante.com\/revista\/wp-content\/uploads\/2026\/09\/casa-blanca.jpg 900w, https:\/\/soymigrante.com\/revista\/wp-content\/uploads\/2026\/09\/casa-blanca-293x300.jpg 293w, https:\/\/soymigrante.com\/revista\/wp-content\/uploads\/2026\/09\/casa-blanca-768x787.jpg 768w, https:\/\/soymigrante.com\/revista\/wp-content\/uploads\/2026\/09\/casa-blanca-750x768.jpg 750w\" sizes=\"(max-width: 768px) 100vw, 768px\" title=\"Durante su carrera en ciencias pol\u00edticas, Diego Cifuentes pudo participar en una actividad en la Casa Blanca. (Foto cortes\u00eda Diego Armando Cifuentes) \u2013 SoyMigrante.com REVISTA\" \/>\t\t\t\t\t\t\t\t\t\t\t<figcaption class=\"widget-image-caption wp-caption-text\">Durante su carrera en ciencias pol\u00edticas, Diego Cifuentes pudo participar en una actividad en la Casa Blanca. (Foto cortes\u00eda Diego Armando Cifuentes)<\/figcaption>\n\t\t\t\t\t\t\t\t\t\t<\/figure>\n\t\t\t\t\t\t\t\t\t<\/div>\n\t\t\t\t\t<\/div>\n\t\t\t\t<\/div>\n\t\t<div data-particle_enable=\"false\" data-particle-mobile-disabled=\"false\" class=\"elementor-element elementor-element-4a45b00 e-flex e-con-boxed e-con e-parent\" data-id=\"4a45b00\" data-element_type=\"container\" data-e-type=\"container\">\n\t\t\t\t\t<div class=\"e-con-inner\">\n\t\t\t\t<div class=\"elementor-element elementor-element-679de92 elementor-widget elementor-widget-text-editor\" data-id=\"679de92\" data-element_type=\"widget\" data-e-type=\"widget\" data-widget_type=\"text-editor.default\">\n\t\t\t\t\t\t\t\t\t<p><span style=\"font-family: Mulish, sans-serif; font-size: 29px; font-weight: bold; color: #000000;\">Servir en tiempos dif\u00edciles<\/span><\/p><p>Diego reconoce que muchas familias migrantes atraviesan momentos complicados actualmente y considera que una de las claves est\u00e1 en identificar las necesidades concretas y buscar apoyo.\u00a0\u201cHay que seguir adelante, trabajando para fortalecar los valores bipartidarios que valoran la multiculturalidad&#8221;, expresa.\u00a0<\/p><p>Ha trabajado con personas que tienen formas de pensar muy distintas, pero con puntos comunes. &#8220;La capacidad de encontrar puntos de encuentro es esencial. Y es importante que las familias hispanas puedan trabajar, estudiar, emprender y construir condiciones estables para sus hijos&#8221;.<\/p>\t\t\t\t\t\t\t\t<\/div>\n\t\t\t\t\t<\/div>\n\t\t\t\t<\/div>\n\t\t<div data-particle_enable=\"false\" data-particle-mobile-disabled=\"false\" class=\"elementor-element elementor-element-e9e387c e-flex e-con-boxed e-con e-parent\" data-id=\"e9e387c\" data-element_type=\"container\" data-e-type=\"container\">\n\t\t\t\t\t<div class=\"e-con-inner\">\n\t\t\t\t<div class=\"elementor-element elementor-element-3ba7680 elementor-widget elementor-widget-image\" data-id=\"3ba7680\" data-element_type=\"widget\" data-e-type=\"widget\" data-widget_type=\"image.default\">\n\t\t\t\t\t\t\t\t\t\t\t\t<figure class=\"wp-caption\">\n\t\t\t\t\t\t\t\t\t\t<img loading=\"lazy\" decoding=\"async\" width=\"662\" height=\"480\" src=\"https:\/\/soymigrante.com\/revista\/wp-content\/uploads\/2026\/09\/diego-cifuentes.png\" class=\"attachment-large size-large wp-image-63580\" alt=\"Diego Armando Cifuentes, polit\u00f3logo de ra\u00edz guatemalteca y salvadore\u00f1a, nacido en Florida, impulsa la multiculturalidad, la educaci\u00f3n y la econom\u00eda hispana en la ciudad de Ada, Oklahoma. Por ello fue designado como el ganador, en la categor\u00eda Servicio P\u00fablico, del premio NextGen Under 30, que reconoce el talento joven.\" srcset=\"https:\/\/soymigrante.com\/revista\/wp-content\/uploads\/2026\/09\/diego-cifuentes.png 662w, https:\/\/soymigrante.com\/revista\/wp-content\/uploads\/2026\/09\/diego-cifuentes-300x218.png 300w, https:\/\/soymigrante.com\/revista\/wp-content\/uploads\/2026\/09\/diego-cifuentes-120x86.png 120w\" sizes=\"(max-width: 662px) 100vw, 662px\" title=\"Diego Armando Cifuentes, polit\u00f3logo de ra\u00edz guatemalteca y salvadore\u00f1a, nacido en Florida, impulsa la multiculturalidad, la educaci\u00f3n y la econom\u00eda hispana en la ciudad de Ada, Oklahoma. Por ello fue designado como el ganador, en la categor\u00eda Servicio P\u00fablico, del premio NextGen Under 30, que reconoce el talento joven. \u2013 SoyMigrante.com REVISTA\" \/>\t\t\t\t\t\t\t\t\t\t\t<figcaption class=\"widget-image-caption wp-caption-text\">Diego Armando Cifuentes, polit\u00f3logo de ra\u00edz guatemalteca y salvadore\u00f1a, nacido en Florida, impulsa la multiculturalidad, la educaci\u00f3n y la econom\u00eda hispana en la ciudad de Ada, Oklahoma. Por ello fue designado como el ganador, en la categor\u00eda Servicio P\u00fablico, del premio NextGen Under 30, que reconoce el talento joven. <\/figcaption>\n\t\t\t\t\t\t\t\t\t\t<\/figure>\n\t\t\t\t\t\t\t\t\t<\/div>\n\t\t\t\t\t<\/div>\n\t\t\t\t<\/div>\n\t\t<div data-particle_enable=\"false\" data-particle-mobile-disabled=\"false\" class=\"elementor-element elementor-element-899e0a9 e-flex e-con-boxed e-con e-parent\" data-id=\"899e0a9\" data-element_type=\"container\" data-e-type=\"container\">\n\t\t\t\t\t<div class=\"e-con-inner\">\n\t\t\t\t<div class=\"elementor-element elementor-element-f3d2a03 elementor-widget elementor-widget-text-editor\" data-id=\"f3d2a03\" data-element_type=\"widget\" data-e-type=\"widget\" data-widget_type=\"text-editor.default\">\n\t\t\t\t\t\t\t\t\t<p><span style=\"color: #000000; font-family: Mulish, sans-serif; font-size: 29px; font-weight: bold;\">Un Under 30 que quiere seguir sirviendo<\/span><\/p><p>A los 28 a\u00f1os, Diego acaba de recibir el reconocimiento <strong>Under 30<\/strong> en la categor\u00eda de servicio p\u00fablico y pol\u00edtica.\u00a0El reconocimiento llega mientras contin\u00faa pensando en el siguiente paso. Quiere seguir estudiando su Masxter y, sobre todo, mantener abierta la posibilidad de dedicar su vida profesional al servicio comunitario.<\/p><p>Pero su gran sue\u00f1o, dice, ya lo est\u00e1 recorriendo:\u00a0\u00a0\u201cMi gran sue\u00f1o, lo sigo so\u00f1ando todos los d\u00edas. Porque me siento honrado de servir y aportar a mi comunidad, desde mis propias ra\u00edces\u201d.\u00a0Ese es el coraz\u00f3n desde el que Diego Armando Cifuentes entiende el servicio.<\/p>\t\t\t\t\t\t\t\t<\/div>\n\t\t\t\t\t<\/div>\n\t\t\t\t<\/div>\n\t\t<div data-particle_enable=\"false\" data-particle-mobile-disabled=\"false\" class=\"elementor-element elementor-element-bcb05aa e-flex e-con-boxed e-con e-parent\" data-id=\"bcb05aa\" data-element_type=\"container\" data-e-type=\"container\">\n\t\t\t\t\t<div class=\"e-con-inner\">\n\t\t\t\t<div class=\"elementor-element elementor-element-f737aeb elementor-widget elementor-widget-global elementor-global-52097 elementor-widget-heading\" data-id=\"f737aeb\" data-element_type=\"widget\" data-e-type=\"widget\" data-widget_type=\"heading.default\">\n\t\t\t\t\t<h2 class=\"elementor-heading-title elementor-size-default\">Quiz\u00e1 tambi\u00e9n te podr\u00eda interesar<\/h2>\t\t\t\t<\/div>\n\t\t\t\t\t<\/div>\n\t\t\t\t<\/div>\n\t\t<div data-particle_enable=\"false\" data-particle-mobile-disabled=\"false\" class=\"elementor-element elementor-element-9067859 e-flex e-con-boxed e-con e-parent\" data-id=\"9067859\" data-element_type=\"container\" data-e-type=\"container\">\n\t\t\t\t\t<div class=\"e-con-inner\">\n\t\t\t\t<div class=\"elementor-element elementor-element-29ec692 elementor-grid-eael-col-3 elementor-grid-tablet-eael-col-2 elementor-grid-mobile-eael-col-1 elementor-widget elementor-widget-eael-post-grid\" data-id=\"29ec692\" data-element_type=\"widget\" data-e-type=\"widget\" data-settings=\"{&quot;eael_post_grid_columns&quot;:&quot;eael-col-3&quot;,&quot;eael_post_grid_columns_tablet&quot;:&quot;eael-col-2&quot;,&quot;eael_post_grid_columns_mobile&quot;:&quot;eael-col-1&quot;}\" data-widget_type=\"eael-post-grid.default\">\n\t\t\t\t\t<div id=\"eael-post-grid-29ec692\" class=\"eael-post-grid-container\">\n            <div class=\"eael-post-grid eael-post-appender eael-post-appender-29ec692 eael-post-grid-style-one\" data-layout-mode=\"masonry\"><article class=\"eael-grid-post  eael-post-grid-column eael-pg-post-6481 category-exitos\" data-id=\"6481\">\n        <div class=\"eael-grid-post-holder\">\n            <div class=\"eael-grid-post-holder-inner\"><div class=\"eael-entry-media\"><div class=\"eael-entry-overlay fade-in\"><i class=\"far fa-hand-pointer\" aria-hidden=\"true\"><\/i><a href=\"https:\/\/soymigrante.com\/revista\/se-gradua-de-medica-hija-de-migrantes-guatemaltecos-en-oklahoma\/\"><\/a><\/div><div class=\"eael-entry-thumbnail eael-image-ratio\">\n                <img loading=\"lazy\" decoding=\"async\" width=\"715\" height=\"688\" src=\"https:\/\/soymigrante.com\/revista\/wp-content\/uploads\/2024\/05\/Captura-de-pantalla-2024-05-17-112020.webp\" class=\"attachment-large size-large wp-image-6482\" alt=\"Graduaci\u00f3n de inmigrantes en evento cultural con tradici\u00f3n, orgullo y diversidad en la comunidad migrante.\" srcset=\"https:\/\/soymigrante.com\/revista\/wp-content\/uploads\/2024\/05\/Captura-de-pantalla-2024-05-17-112020.webp 715w, https:\/\/soymigrante.com\/revista\/wp-content\/uploads\/2024\/05\/Captura-de-pantalla-2024-05-17-112020-300x289.webp 300w\" sizes=\"(max-width: 715px) 100vw, 715px\" \/>\n            <\/div>\n        <\/div><div class=\"eael-entry-wrapper\"><header class=\"eael-entry-header\"><h2 class=\"eael-entry-title\"><a class=\"eael-grid-post-link\" href=\"https:\/\/soymigrante.com\/revista\/se-gradua-de-medica-hija-de-migrantes-guatemaltecos-en-oklahoma\/\" title=\"Se grad\u00faa de m\u00e9dica hija de migrantes guatemaltecos en Oklahoma\">Se grad\u00faa de m\u00e9dica hija de migrantes guatemaltecos en Oklahoma<\/a><\/h2><\/header><div class=\"eael-entry-content\">\n                        <div class=\"eael-grid-post-excerpt\"><a href=\"https:\/\/soymigrante.com\/revista\/se-gradua-de-medica-hija-de-migrantes-guatemaltecos-en-oklahoma\/\" class=\"eael-post-elements-readmore-btn\">CONOCE SU HISTORIA <\/a><\/div>\n                    <\/div><\/div><\/div>\n        <\/div>\n    <\/article><article class=\"eael-grid-post  eael-post-grid-column eael-pg-post-45611 category-exitos-guatemala\" data-id=\"45611\">\n        <div class=\"eael-grid-post-holder\">\n            <div class=\"eael-grid-post-holder-inner\"><div class=\"eael-entry-media\"><div class=\"eael-entry-overlay fade-in\"><i class=\"far fa-hand-pointer\" aria-hidden=\"true\"><\/i><a href=\"https:\/\/soymigrante.com\/revista\/un-puente-de-monjas-blancas-del-artista-guatemalteco-johnny-castillo-en-los-angeles\/\"><\/a><\/div><div class=\"eael-entry-thumbnail eael-image-ratio\">\n                <img loading=\"lazy\" decoding=\"async\" width=\"632\" height=\"624\" src=\"https:\/\/soymigrante.com\/revista\/wp-content\/uploads\/2025\/09\/johnny-castillo-1.png\" class=\"attachment-large size-large wp-image-45612\" alt=\"johnny castillo artista guatemalteco en california\" srcset=\"https:\/\/soymigrante.com\/revista\/wp-content\/uploads\/2025\/09\/johnny-castillo-1.png 632w, https:\/\/soymigrante.com\/revista\/wp-content\/uploads\/2025\/09\/johnny-castillo-1-300x296.png 300w, https:\/\/soymigrante.com\/revista\/wp-content\/uploads\/2025\/09\/johnny-castillo-1-75x75.png 75w\" sizes=\"(max-width: 632px) 100vw, 632px\" \/>\n            <\/div>\n        <\/div><div class=\"eael-entry-wrapper\"><header class=\"eael-entry-header\"><h2 class=\"eael-entry-title\"><a class=\"eael-grid-post-link\" href=\"https:\/\/soymigrante.com\/revista\/un-puente-de-monjas-blancas-del-artista-guatemalteco-johnny-castillo-en-los-angeles\/\" title=\"Un puente de Monjas Blancas del artista guatemalteco Johnny Castillo en Los Angeles\">Un puente de Monjas Blancas del artista guatemalteco Johnny Castillo en Los Angeles<\/a><\/h2><\/header><div class=\"eael-entry-content\">\n                        <div class=\"eael-grid-post-excerpt\"><a href=\"https:\/\/soymigrante.com\/revista\/un-puente-de-monjas-blancas-del-artista-guatemalteco-johnny-castillo-en-los-angeles\/\" class=\"eael-post-elements-readmore-btn\">CONOCE SU HISTORIA <\/a><\/div>\n                    <\/div><\/div><\/div>\n        <\/div>\n    <\/article><article class=\"eael-grid-post  eael-post-grid-column eael-pg-post-54031 category-exitos-guatemala\" data-id=\"54031\">\n        <div class=\"eael-grid-post-holder\">\n            <div class=\"eael-grid-post-holder-inner\"><div class=\"eael-entry-media\"><div class=\"eael-entry-overlay fade-in\"><i class=\"far fa-hand-pointer\" aria-hidden=\"true\"><\/i><a href=\"https:\/\/soymigrante.com\/revista\/dana-garcia-esquivel-de-familia-migrante-guatemalteca-en-conecticut-ingresa-a-programa-de-la-universidad-yale\/\"><\/a><\/div><div class=\"eael-entry-thumbnail eael-image-ratio\">\n                <img loading=\"lazy\" decoding=\"async\" width=\"1024\" height=\"1024\" src=\"https:\/\/soymigrante.com\/revista\/wp-content\/uploads\/2026\/03\/dana-garcia-esquivel-estudiante-familia-migrante-guatemalteca-connecticut-va-a-programa-universidad-de-yale-2-1024x1024.png\" class=\"attachment-large size-large wp-image-54032\" alt=\"dana garcia esquivel estudiante familia migrante guatemalteca connecticut va a programa universidad de yale 2\" srcset=\"https:\/\/soymigrante.com\/revista\/wp-content\/uploads\/2026\/03\/dana-garcia-esquivel-estudiante-familia-migrante-guatemalteca-connecticut-va-a-programa-universidad-de-yale-2-1024x1024.png 1024w, https:\/\/soymigrante.com\/revista\/wp-content\/uploads\/2026\/03\/dana-garcia-esquivel-estudiante-familia-migrante-guatemalteca-connecticut-va-a-programa-universidad-de-yale-2-300x300.png 300w, https:\/\/soymigrante.com\/revista\/wp-content\/uploads\/2026\/03\/dana-garcia-esquivel-estudiante-familia-migrante-guatemalteca-connecticut-va-a-programa-universidad-de-yale-2-150x150.png 150w, https:\/\/soymigrante.com\/revista\/wp-content\/uploads\/2026\/03\/dana-garcia-esquivel-estudiante-familia-migrante-guatemalteca-connecticut-va-a-programa-universidad-de-yale-2-768x768.png 768w, https:\/\/soymigrante.com\/revista\/wp-content\/uploads\/2026\/03\/dana-garcia-esquivel-estudiante-familia-migrante-guatemalteca-connecticut-va-a-programa-universidad-de-yale-2-75x75.png 75w, https:\/\/soymigrante.com\/revista\/wp-content\/uploads\/2026\/03\/dana-garcia-esquivel-estudiante-familia-migrante-guatemalteca-connecticut-va-a-programa-universidad-de-yale-2-750x750.png 750w, https:\/\/soymigrante.com\/revista\/wp-content\/uploads\/2026\/03\/dana-garcia-esquivel-estudiante-familia-migrante-guatemalteca-connecticut-va-a-programa-universidad-de-yale-2-1140x1140.png 1140w, https:\/\/soymigrante.com\/revista\/wp-content\/uploads\/2026\/03\/dana-garcia-esquivel-estudiante-familia-migrante-guatemalteca-connecticut-va-a-programa-universidad-de-yale-2.png 1200w\" sizes=\"(max-width: 1024px) 100vw, 1024px\" \/>\n            <\/div>\n        <\/div><div class=\"eael-entry-wrapper\"><header class=\"eael-entry-header\"><h2 class=\"eael-entry-title\"><a class=\"eael-grid-post-link\" href=\"https:\/\/soymigrante.com\/revista\/dana-garcia-esquivel-de-familia-migrante-guatemalteca-en-conecticut-ingresa-a-programa-de-la-universidad-yale\/\" title=\"Dana Garc\u00eda Esquivel, de familia migrante guatemalteca en Conecticut, ingresa a programa de la Universidad Yale\">Dana Garc\u00eda Esquivel, de familia migrante guatemalteca en Conecticut, ingresa a programa de la Universidad Yale<\/a><\/h2><\/header><div class=\"eael-entry-content\">\n                        <div class=\"eael-grid-post-excerpt\"><a href=\"https:\/\/soymigrante.com\/revista\/dana-garcia-esquivel-de-familia-migrante-guatemalteca-en-conecticut-ingresa-a-programa-de-la-universidad-yale\/\" class=\"eael-post-elements-readmore-btn\">CONOCE SU HISTORIA <\/a><\/div>\n                    <\/div><\/div><\/div>\n        <\/div>\n    <\/article><\/div>\n            <div class=\"clearfix\"><\/div>\n        <\/div>\t\t\t\t<\/div>\n\t\t\t\t\t<\/div>\n\t\t\t\t<\/div>\n\t\t\t\t<\/div>\n\t\t","protected":false},"excerpt":{"rendered":"<p>Diego Armando Cifuentes trabaja en el Comit\u00e9 Multicultural de la ciudad de Ada, Oklahoma y por su labor recibe el premio NextGen Under 30 (Pr\u00f3xima generaci\u00f3n menor de 30): naci\u00f3 en Florida, de padre guatemalteco y madre salvadore\u00f1a. Y esta es su historia. \u201cMi objetivo en todo lo que hago, en todo lo que estoy [&hellip;]<\/p>\n","protected":false},"author":7,"featured_media":63573,"comment_status":"open","ping_status":"open","sticky":false,"template":"","format":"standard","meta":{"_acf_changed":false,"_eb_attr":"","footnotes":""},"categories":[50,274],"tags":[],"class_list":["post-63572","post","type-post","status-publish","format-standard","has-post-thumbnail","hentry","category-exitos","category-guatemala"],"acf":[],"aioseo_notices":[],"aioseo_head":"\n\t\t<!-- All in One SEO Pro 5.0.1.1 - aioseo.com -->\n\t<meta name=\"description\" content=\"Dentro de miles de solicitudes, Dana Garc\u00eda Esquivel, de familia migrante guatemalteca fue seleccionada para el programa Yale Global Youth. Esta es la historia\" \/>\n\t<meta name=\"robots\" content=\"max-snippet:-1, max-image-preview:large, max-video-preview:-1\" \/>\n\t<meta name=\"author\" content=\"Gustavo Montenegro\"\/>\n\t<link rel=\"canonical\" href=\"https:\/\/soymigrante.com\/revista\/dana-garcia-esquivel-de-familia-migrante-guatemalteca-en-conecticut-ingresa-a-programa-de-la-universidad-yale\/\" \/>\n\t<meta name=\"generator\" content=\"All in One SEO Pro (AIOSEO) 5.0.1.1\" \/>\n\n\t\t<link rel=\"preconnect\" href=\"https:\/\/fonts.googleapis.com\" crossorigin>\n<link rel=\"preconnect\" href=\"https:\/\/fonts.gstatic.com\" crossorigin>\n\t\t<meta property=\"og:locale\" content=\"es_ES\" \/>\n\t\t<meta property=\"og:site_name\" content=\"SoyMigrante.com REVISTA \u2013 Nuestra misi\u00f3n es reconocer y dignificar al migrante.\" \/>\n\t\t<meta property=\"og:type\" content=\"article\" \/>\n\t\t<meta property=\"og:title\" content=\"Guatemalteca logra ingresar a programa en Universidad de Yale\" \/>\n\t\t<meta property=\"og:description\" content=\"Dentro de miles de solicitudes, Dana Garc\u00eda Esquivel, de familia migrante guatemalteca fue seleccionada para el programa Yale Global Youth. Esta es la historia\" \/>\n\t\t<meta property=\"og:url\" content=\"https:\/\/soymigrante.com\/revista\/dana-garcia-esquivel-de-familia-migrante-guatemalteca-en-conecticut-ingresa-a-programa-de-la-universidad-yale\/\" \/>\n\t\t<meta property=\"og:image\" content=\"https:\/\/soymigrante.com\/revista\/wp-content\/uploads\/2026\/03\/dana-garcia-esquivel-estudiante-familia-migrante-guatemalteca-connecticut-va-a-programa-universidad-de-yale-2.png\" \/>\n\t\t<meta property=\"og:image:secure_url\" content=\"https:\/\/soymigrante.com\/revista\/wp-content\/uploads\/2026\/03\/dana-garcia-esquivel-estudiante-familia-migrante-guatemalteca-connecticut-va-a-programa-universidad-de-yale-2.png\" \/>\n\t\t<meta property=\"og:image:width\" content=\"1200\" \/>\n\t\t<meta property=\"og:image:height\" content=\"1200\" \/>\n\t\t<meta property=\"article:published_time\" content=\"2026-03-24T17:17:59+00:00\" \/>\n\t\t<meta property=\"article:modified_time\" content=\"2026-03-24T17:21:34+00:00\" \/>\n\t\t<meta property=\"article:publisher\" content=\"https:\/\/www.facebook.com\/soymigrantecom\" \/>\n\t\t<meta name=\"twitter:card\" content=\"summary_large_image\" \/>\n\t\t<meta name=\"twitter:site\" content=\"@SoyMigrante_com\" \/>\n\t\t<meta name=\"twitter:title\" content=\"Guatemalteca logra ingresar a programa en Universidad de Yale\" \/>\n\t\t<meta name=\"twitter:description\" content=\"Dentro de miles de solicitudes, Dana Garc\u00eda Esquivel, de familia migrante guatemalteca fue seleccionada para el programa Yale Global Youth. Esta es la historia\" \/>\n\t\t<meta name=\"twitter:creator\" content=\"@SoyMigrante_com\" \/>\n\t\t<meta name=\"twitter:image\" content=\"https:\/\/soymigrante.com\/revista\/wp-content\/uploads\/2026\/03\/dana-garcia-esquivel-estudiante-familia-migrante-guatemalteca-connecticut-va-a-programa-universidad-de-yale-2.png\" \/>\n\t\t<!-- All in One SEO Pro -->\r\n\t\t<title>Guatemalteca logra ingresar a programa en Universidad de Yale<\/title>\n\n","aioseo_head_json":{"title":"Guatemalteca logra ingresar a programa en Universidad de Yale","description":"Dentro de miles de solicitudes, Dana Garc\u00eda Esquivel, de familia migrante guatemalteca fue seleccionada para el programa Yale Global Youth. Esta es la historia","canonical_url":"https:\/\/soymigrante.com\/revista\/dana-garcia-esquivel-de-familia-migrante-guatemalteca-en-conecticut-ingresa-a-programa-de-la-universidad-yale\/","robots":"max-snippet:-1, max-image-preview:large, max-video-preview:-1","keywords":"","webmasterTools":{"miscellaneous":"&lt;link rel=\"preconnect\" href=\"https:\/\/fonts.googleapis.com\" crossorigin&gt;\n&lt;link rel=\"preconnect\" href=\"https:\/\/fonts.gstatic.com\" crossorigin&gt;"},"schema":null,"og:locale":"es_ES","og:site_name":"SoyMigrante.com REVISTA \u2013 Nuestra misi\u00f3n es reconocer y dignificar al migrante.","og:type":"article","og:title":"Guatemalteca logra ingresar a programa en Universidad de Yale","og:description":"Dentro de miles de solicitudes, Dana Garc\u00eda Esquivel, de familia migrante guatemalteca fue seleccionada para el programa Yale Global Youth. Esta es la historia","og:url":"https:\/\/soymigrante.com\/revista\/dana-garcia-esquivel-de-familia-migrante-guatemalteca-en-conecticut-ingresa-a-programa-de-la-universidad-yale\/","og:image":"https:\/\/soymigrante.com\/revista\/wp-content\/uploads\/2026\/03\/dana-garcia-esquivel-estudiante-familia-migrante-guatemalteca-connecticut-va-a-programa-universidad-de-yale-2.png","og:image:secure_url":"https:\/\/soymigrante.com\/revista\/wp-content\/uploads\/2026\/03\/dana-garcia-esquivel-estudiante-familia-migrante-guatemalteca-connecticut-va-a-programa-universidad-de-yale-2.png","og:image:width":1200,"og:image:height":1200,"article:published_time":"2026-03-24T17:17:59+00:00","article:modified_time":"2026-03-24T17:21:34+00:00","article:publisher":"https:\/\/www.facebook.com\/soymigrantecom","twitter:card":"summary_large_image","twitter:site":"@SoyMigrante_com","twitter:title":"Guatemalteca logra ingresar a programa en Universidad de Yale","twitter:description":"Dentro de miles de solicitudes, Dana Garc\u00eda Esquivel, de familia migrante guatemalteca fue seleccionada para el programa Yale Global Youth. Esta es la historia","twitter:creator":"@SoyMigrante_com","twitter:image":"https:\/\/soymigrante.com\/revista\/wp-content\/uploads\/2026\/03\/dana-garcia-esquivel-estudiante-familia-migrante-guatemalteca-connecticut-va-a-programa-universidad-de-yale-2.png"},"aioseo_meta_data":{"post_id":"63572","title":null,"description":null,"keywords":null,"keyphrases":{"focus":[],"additional":[]},"primary_term":null,"canonical_url":null,"og_title":"Diego Cifuentes, hijo de migrantes, es reconocido en Oklahoma","og_description":"Polit\u00f3logo de familia guatemalteco-salvadore\u00f1a es reconocido en premios NextGen Under 30, al talento de j\u00f3venes en Oklahoma, por promover valores multiculturales","og_object_type":"default","og_image_type":"default","og_image_url":null,"og_image_width":null,"og_image_height":null,"og_image_custom_url":null,"og_image_custom_fields":null,"og_video":"","og_custom_url":null,"og_article_section":null,"og_article_tags":null,"twitter_use_og":false,"twitter_card":"default","twitter_image_type":"default","twitter_image_url":null,"twitter_image_custom_url":null,"twitter_image_custom_fields":null,"twitter_title":null,"twitter_description":null,"schema":{"blockGraphs":[],"customGraphs":[],"default":{"data":{"Article":[],"Course":[],"Dataset":[],"FAQPage":[],"Movie":[],"Person":[],"Product":[],"ProductReview":[],"Car":[],"Recipe":[],"Service":[],"SoftwareApplication":[],"WebPage":[]},"graphName":"NewsArticle","isEnabled":true},"graphs":[]},"schema_type":"default","schema_type_options":null,"pillar_content":false,"robots_default":true,"robots_noindex":false,"robots_noarchive":false,"robots_nosnippet":false,"robots_nofollow":false,"robots_noimageindex":false,"robots_noodp":false,"robots_notranslate":false,"robots_max_snippet":"-1","robots_max_videopreview":"-1","robots_max_imagepreview":"large","priority":null,"frequency":"default","local_seo":null,"seo_analyzer_scan_date":"2026-09-01 14:38:39","breadcrumb_settings":null,"limit_modified_date":false,"reviewed_by":"0","open_ai":null,"ai":{"faqs":[],"keyPoints":[],"schemas":[],"titles":[],"descriptions":[],"socialPosts":{"email":{"subject":"","preview":"","content":""},"linkedin":[],"twitter":[],"facebook":[],"instagram":[]}},"created":"2026-09-01 13:15:17","updated":"2026-09-01 21:43:00","focus_keyword":null,"additional_keywords":null,"truseo_locale":null},"aioseo_breadcrumb":"<div class=\"aioseo-breadcrumbs\"><span class=\"aioseo-breadcrumb\">\n\t<a href=\"https:\/\/soymigrante.com\/revista\" title=\"Home\">Home<\/a>\n<\/span><span class=\"aioseo-breadcrumb-separator\">\u00bb<\/span><span class=\"aioseo-breadcrumb\">\n\t<a href=\"https:\/\/soymigrante.com\/revista\/category\/exitos\/\" title=\"\u00c9xitos\">\u00c9xitos<\/a>\n<\/span><span class=\"aioseo-breadcrumb-separator\">\u00bb<\/span><span class=\"aioseo-breadcrumb\">\n\t<a href=\"https:\/\/soymigrante.com\/revista\/category\/exitos\/guatemala\/\" title=\"Guatemala\">Guatemala<\/a>\n<\/span><span class=\"aioseo-breadcrumb-separator\">\u00bb<\/span><span class=\"aioseo-breadcrumb\">\n\tDiego Cifuentes, polit\u00f3logo de ra\u00edz guatemalteca y salvadore\u00f1a, es reconocido en Oklahoma\n<\/span><\/div>","aioseo_breadcrumb_json":[{"label":"Home","link":"https:\/\/soymigrante.com\/revista"},{"label":"\u00c9xitos","link":"https:\/\/soymigrante.com\/revista\/category\/exitos\/"},{"label":"Guatemala","link":"https:\/\/soymigrante.com\/revista\/category\/exitos\/guatemala\/"},{"label":"Diego Cifuentes, polit\u00f3logo de ra\u00edz guatemalteca y salvadore\u00f1a, es reconocido en Oklahoma","link":"https:\/\/soymigrante.com\/revista\/diego-cifuentes-politologo-de-raiz-guatemalteca-y-salvadorena-es-reconocido-en-oklahoma\/"}],"_links":{"self":[{"href":"https:\/\/soymigrante.com\/revista\/wp-json\/wp\/v2\/posts\/63572","targetHints":{"allow":["GET"]}}],"collection":[{"href":"https:\/\/soymigrante.com\/revista\/wp-json\/wp\/v2\/posts"}],"about":[{"href":"https:\/\/soymigrante.com\/revista\/wp-json\/wp\/v2\/types\/post"}],"author":[{"embeddable":true,"href":"https:\/\/soymigrante.com\/revista\/wp-json\/wp\/v2\/users\/7"}],"replies":[{"embeddable":true,"href":"https:\/\/soymigrante.com\/revista\/wp-json\/wp\/v2\/comments?post=63572"}],"version-history":[{"count":11,"href":"https:\/\/soymigrante.com\/revista\/wp-json\/wp\/v2\/posts\/63572\/revisions"}],"predecessor-version":[{"id":63590,"href":"https:\/\/soymigrante.com\/revista\/wp-json\/wp\/v2\/posts\/63572\/revisions\/63590"}],"wp:featuredmedia":[{"embeddable":true,"href":"https:\/\/soymigrante.com\/revista\/wp-json\/wp\/v2\/media\/63573"}],"wp:attachment":[{"href":"https:\/\/soymigrante.com\/revista\/wp-json\/wp\/v2\/media?parent=63572"}],"wp:term":[{"taxonomy":"category","embeddable":true,"href":"https:\/\/soymigrante.com\/revista\/wp-json\/wp\/v2\/categories?post=63572"},{"taxonomy":"post_tag","embeddable":true,"href":"https:\/\/soymigrante.com\/revista\/wp-json\/wp\/v2\/tags?post=63572"}],"curies":[{"name":"wp","href":"https:\/\/api.w.org\/{rel}","templated":true}]}}