{"id":63403,"date":"2026-08-31T15:09:26","date_gmt":"2026-08-31T21:09:26","guid":{"rendered":"https:\/\/soymigrante.com\/revista\/?p=63403"},"modified":"2026-09-01T09:19:50","modified_gmt":"2026-09-01T15:19:50","slug":"ruta-de-victorias-del-campeon-de-box-lester-martinez-va-de-guatemala-a-mexico-y-usa","status":"publish","type":"post","link":"https:\/\/soymigrante.com\/revista\/ruta-de-victorias-del-campeon-de-box-lester-martinez-va-de-guatemala-a-mexico-y-usa\/","title":{"rendered":"Conoce la ruta de 21 victorias del campe\u00f3n de boxeo Lester Mart\u00ednez: de Guatemala a M\u00e9xico y USA"},"content":{"rendered":"\t\t<div data-elementor-type=\"wp-post\" data-elementor-id=\"63403\" class=\"elementor elementor-63403\" data-elementor-post-type=\"post\">\n\t\t\t\t<div data-particle_enable=\"false\" data-particle-mobile-disabled=\"false\" class=\"elementor-element elementor-element-2f24218 e-flex e-con-boxed e-con e-parent\" data-id=\"2f24218\" data-element_type=\"container\" data-e-type=\"container\">\n\t\t\t\t\t<div class=\"e-con-inner\">\n\t\t\t\t<div class=\"elementor-element elementor-element-310d5f5 elementor-widget elementor-widget-heading\" data-id=\"310d5f5\" data-element_type=\"widget\" data-e-type=\"widget\" data-widget_type=\"heading.default\">\n\t\t\t\t\t<h3 class=\"elementor-heading-title elementor-size-default\">Originario de Pet\u00e9n, Lester Mart\u00ednez empez\u00f3 como boxeador ol\u00edmpico y en 2019 empez\u00f3 su ruta profesional. En marzo de 2026 gan\u00f3 el campeonato interino de peso supermediano: esta es la cronolog\u00eda de sus 21 victorias, la mayor\u00eda por nocaut.<\/h3>\t\t\t\t<\/div>\n\t\t\t\t<div class=\"elementor-element elementor-element-df940e7 elementor-widget elementor-widget-html\" data-id=\"df940e7\" data-element_type=\"widget\" data-e-type=\"widget\" data-widget_type=\"html.default\">\n\t\t\t\t\t<div id=\"buzzsprout-player-19736796\"><\/div><script src=\"https:\/\/www.buzzsprout.com\/2444168\/episodes\/19736796-lester-martinez-conoce-la-ruta-de-21-victorias-con-mistica-fuerza-y-amor-a-guatemala.js?container_id=buzzsprout-player-19736796&player=small\" type=\"text\/javascript\" charset=\"utf-8\"><\/script>\t\t\t\t<\/div>\n\t\t\t\t\t<\/div>\n\t\t\t\t<\/div>\n\t\t<div data-particle_enable=\"false\" data-particle-mobile-disabled=\"false\" class=\"elementor-element elementor-element-6ff73aa e-flex e-con-boxed e-con e-parent\" data-id=\"6ff73aa\" data-element_type=\"container\" data-e-type=\"container\">\n\t\t\t\t\t<div class=\"e-con-inner\">\n\t\t\t\t<div class=\"elementor-element elementor-element-87e3138 elementor-widget elementor-widget-text-editor\" data-id=\"87e3138\" data-element_type=\"widget\" data-e-type=\"widget\" data-widget_type=\"text-editor.default\">\n\t\t\t\t\t\t\t\t\t<p><strong>Lester Normandy Mart\u00ednez Tut, actual campe\u00f3n mundial interino de la categor\u00eda supermediano de box, <\/strong>naci\u00f3 el 17 de octubre de 1995 en Melchor de Mencos, <a href=\"https:\/\/soymigrante.com\/revista\/departamentos-de-guatemala-peten-es-un-baul-de-tesoros-prehispanicos-y-ecologicos\/\">Pet\u00e9n <\/a>y creci\u00f3 en el barrio La Candelaria, en San Benito.&nbsp;&nbsp;De ni\u00f1o quer\u00eda jugar f\u00fatbol y so\u00f1aba con llegar a la selecci\u00f3n nacional.&nbsp;<\/p>\n<p>Ten\u00eda 12 a\u00f1os cuando un primo le cont\u00f3 que llegar\u00eda a <a href=\"https:\/\/soymigrante.com\/revista\/departamentos-de-guatemala-peten-es-un-baul-de-tesoros-prehispanicos-y-ecologicos\/\">Pet\u00e9n <\/a>un entrenador de boxeo y lo invit\u00f3 a probar. Aquello cambi\u00f3 su vida. Mart\u00ednez ha contado que<a href=\"https:\/\/soymigrante.com\/revista\/como-mantener-serenidad-en-la-adversidad-estrategias-clave\/\"> tuvo que elegir <\/a>entre el f\u00fatbol o tomar una oportunidad que implicaba migrar a la Ciudad de Guatemala para entrenar.&nbsp;<\/p>\n<p>En 2009 gan\u00f3 el Campeonato Nacional Infantil, categor\u00eda de 54 kilogramos. Despu\u00e9s&nbsp; medalla de oro en el Campeonato Centroamericano de 2011 y la medalla de plata en el Mundial Juvenil de 2012. Fue oro en los Juegos Centroamericanos y del Caribe de Barranquilla 2018, antes de dar el salto al profesionalismo en 2019.<\/p>\n<p>Desde entonces lleva&nbsp;un r\u00e9cord profesional de <strong>21 victorias, 16 por nocaut, un empate y ninguna derrota<\/strong>.<a href=\"https:\/\/soymigrante.com\/revista\/porque-el-triunfo-del-boxeador-guatemalteco-lester-martinez-en-los-angeles-es-tan-especial-hay-7-razones\/\"> El pasado 29 de agosto defendi\u00f3 por primera vez su cintur\u00f3n mundial supermediano del Consejo Mundial de Boxeo.&nbsp; Y esta es la ruta de las victorias.<\/a><\/p>\t\t\t\t\t\t\t\t<\/div>\n\t\t\t\t\t<\/div>\n\t\t\t\t<\/div>\n\t\t<div data-particle_enable=\"false\" data-particle-mobile-disabled=\"false\" class=\"elementor-element elementor-element-b9dbd9d e-flex e-con-boxed e-con e-parent\" data-id=\"b9dbd9d\" data-element_type=\"container\" data-e-type=\"container\">\n\t\t\t\t\t<div class=\"e-con-inner\">\n\t\t\t\t<div class=\"elementor-element elementor-element-70dba51 elementor-widget elementor-widget-html\" data-id=\"70dba51\" data-element_type=\"widget\" data-e-type=\"widget\" data-widget_type=\"html.default\">\n\t\t\t\t\t<iframe width=\"560\" height=\"415\" src=\"https:\/\/www.youtube.com\/embed\/gPhfoks7UM4?si=ThX6K8OPlOc6CBAO\" title=\"YouTube video player\" frameborder=\"0\" allow=\"accelerometer; autoplay; clipboard-write; encrypted-media; gyroscope; picture-in-picture; web-share\" referrerpolicy=\"strict-origin-when-cross-origin\" allowfullscreen><\/iframe>\t\t\t\t<\/div>\n\t\t\t\t\t<\/div>\n\t\t\t\t<\/div>\n\t\t<div data-particle_enable=\"false\" data-particle-mobile-disabled=\"false\" class=\"elementor-element elementor-element-8bc8ee7 e-flex e-con-boxed e-con e-parent\" data-id=\"8bc8ee7\" data-element_type=\"container\" data-e-type=\"container\">\n\t\t\t\t\t<div class=\"e-con-inner\">\n\t\t\t\t<div class=\"elementor-element elementor-element-2f68f9e elementor-widget elementor-widget-text-editor\" data-id=\"2f68f9e\" data-element_type=\"widget\" data-e-type=\"widget\" data-widget_type=\"text-editor.default\">\n\t\t\t\t\t\t\t\t\t<p><span style=\"color: #000000; font-family: Mulish, sans-serif; font-size: 29px; font-weight: bold;\">1. Ciudad de Guatemala, 6 de abril de 2019<\/span><\/p><p><strong>Rival: Ricardo Mayorga \u2014 Victoria por TKO.<\/strong> Lester Mart\u00ednez debut\u00f3 como profesional ante el experimentado nicarag\u00fcense Ricardo Mayorga, excampe\u00f3n mundial en dos divisiones. La pelea termin\u00f3 en el segundo asalto, cuando el \u00e1rbitro detuvo el combate a los 2:59.\u00a0 Fue la primera victoria ante un formidable rival de gran experiencia.\u00a0<\/p><h3>2. Tijuana, M\u00e9xico, 14 de junio de 2019<\/h3><p><strong>Rival: Daniel Montejo \u2014 Victoria por KO.<\/strong> Apenas dos meses despu\u00e9s de su debut, Mart\u00ednez volvi\u00f3 al ring, esta vez en la Big Punch Arena de Tijuana. Necesit\u00f3 solamente un asalto y 2:37 para noquear a Montejo. fue una primera se\u00f1al de la potencia de golpe que le caracteriza.<\/p><h3>3. Tijuana, M\u00e9xico, 28 de junio de 2019<\/h3><p><strong>Rival: Jes\u00fas Levis Jim\u00e9nez \u2014 Victoria por TKO.<\/strong> Mart\u00ednez volvi\u00f3 a pelear en Tijuana apenas dos semanas despu\u00e9s. El guatemalteco derrot\u00f3 a Jim\u00e9nez por nocaut t\u00e9cnico en el segundo asalto, a los 43 segundos. En sus primeras tres presentaciones profesionales ya acumulaba tres victorias por la v\u00eda r\u00e1pida. Comenzaba a construir una reputaci\u00f3n como un boxeador agresivo y contundente.<\/p><h3>4. Ciudad de Guatemala, 27 de julio de 2019<\/h3><p><strong>Rival: Roy Fern\u00e1ndez \u2014 Victoria por TKO.<\/strong>\u00a0Lester Mart\u00ednez regres\u00f3 a Guatemala para su cuarta pelea profesional y volvi\u00f3 a ganar antes del l\u00edmite. Detuvo a Fern\u00e1ndez en el tercer asalto, a 1:27. Cerr\u00f3 as\u00ed su primer a\u00f1o como profesional con cuatro victorias consecutivas, todas por nocaut o nocaut t\u00e9cnico.<\/p>\t\t\t\t\t\t\t\t<\/div>\n\t\t\t\t\t<\/div>\n\t\t\t\t<\/div>\n\t\t<div data-particle_enable=\"false\" data-particle-mobile-disabled=\"false\" class=\"elementor-element elementor-element-dc721b5 e-flex e-con-boxed e-con e-parent\" data-id=\"dc721b5\" data-element_type=\"container\" data-e-type=\"container\">\n\t\t\t\t\t<div class=\"e-con-inner\">\n\t\t\t\t<div class=\"elementor-element elementor-element-2be2ea3 elementor-widget elementor-widget-html\" data-id=\"2be2ea3\" data-element_type=\"widget\" data-e-type=\"widget\" data-widget_type=\"html.default\">\n\t\t\t\t\t<iframe width=\"560\" height=\"415\" src=\"https:\/\/www.youtube.com\/embed\/S9TOXbXb5Sc?si=e5LbFqh5wP_rpqAA\" title=\"YouTube video player\" frameborder=\"0\" allow=\"accelerometer; autoplay; clipboard-write; encrypted-media; gyroscope; picture-in-picture; web-share\" referrerpolicy=\"strict-origin-when-cross-origin\" allowfullscreen><\/iframe>\t\t\t\t<\/div>\n\t\t\t\t\t<\/div>\n\t\t\t\t<\/div>\n\t\t<div data-particle_enable=\"false\" data-particle-mobile-disabled=\"false\" class=\"elementor-element elementor-element-2165ab1 e-flex e-con-boxed e-con e-parent\" data-id=\"2165ab1\" data-element_type=\"container\" data-e-type=\"container\">\n\t\t\t\t\t<div class=\"e-con-inner\">\n\t\t\t\t<div class=\"elementor-element elementor-element-4545b05 elementor-widget elementor-widget-text-editor\" data-id=\"4545b05\" data-element_type=\"widget\" data-e-type=\"widget\" data-widget_type=\"text-editor.default\">\n\t\t\t\t\t\t\t\t\t<p><span style=\"color: #000000; font-family: Mulish, sans-serif; font-size: 29px; font-weight: bold;\">5. Guaymas, M\u00e9xico, 27 de agosto de 2020<\/span><\/p><p><strong>Rival: Abraham Hern\u00e1ndez \u2014 Victoria por TKO.<\/strong> Despu\u00e9s del largo par\u00e9ntesis provocado por la pandemia, Mart\u00ednez volvi\u00f3 al boxeo profesional en M\u00e9xico. En el Marinaterra Hotel Spa de Guaymas derrot\u00f3 a Hern\u00e1ndez por nocaut t\u00e9cnico en el segundo asalto, a 1:37. El regreso confirm\u00f3 que la interrupci\u00f3n no hab\u00eda detenido su progreso: al contrario, golpeaba m\u00e1s y m\u00e1s fuerte.<\/p><h3>6. Guaymas, M\u00e9xico, 22 de octubre de 2020<\/h3><p><strong>Rival: Michi Mu\u00f1oz \u2014 Victoria por KO.<\/strong> Mart\u00ednez volvi\u00f3 al mismo escenario y esta vez necesit\u00f3 menos de dos minutos para terminar la pelea. Noque\u00f3 a Mu\u00f1oz a 1:59 del primer asalto. Sexta victoria profesional y otra demostraci\u00f3n de una pegada que comenzaba a convertirse en su sello.<\/p><h3>7. Guaymas, M\u00e9xico, 9 de diciembre de 2020<\/h3><p><strong>Rival: Uriel Gonz\u00e1lez \u2014 Victoria por KO.<\/strong> Mart\u00ednez disput\u00f3 aqu\u00ed su primer t\u00edtulo profesional: el cintur\u00f3n latino supermediano vacante del CMB. No necesit\u00f3 una pelea larga. Noque\u00f3 a Gonz\u00e1lez a los 2:50 del primer asalto y se convirti\u00f3 en campe\u00f3n latino. Fue su s\u00e9ptima victoria consecutiva y el primer cintur\u00f3n profesional de su carrera.<\/p>\t\t\t\t\t\t\t\t<\/div>\n\t\t\t\t\t<\/div>\n\t\t\t\t<\/div>\n\t\t<div data-particle_enable=\"false\" data-particle-mobile-disabled=\"false\" class=\"elementor-element elementor-element-26e6382 e-flex e-con-boxed e-con e-parent\" data-id=\"26e6382\" data-element_type=\"container\" data-e-type=\"container\">\n\t\t\t\t\t<div class=\"e-con-inner\">\n\t\t\t\t<div class=\"elementor-element elementor-element-c6234bf elementor-widget elementor-widget-html\" data-id=\"c6234bf\" data-element_type=\"widget\" data-e-type=\"widget\" data-widget_type=\"html.default\">\n\t\t\t\t\t<iframe width=\"560\" height=\"415\" src=\"https:\/\/www.youtube.com\/embed\/7bDnjhMwNQI?si=UpFHxij6JYFLsDKp\" title=\"YouTube video player\" frameborder=\"0\" allow=\"accelerometer; autoplay; clipboard-write; encrypted-media; gyroscope; picture-in-picture; web-share\" referrerpolicy=\"strict-origin-when-cross-origin\" allowfullscreen><\/iframe>\t\t\t\t<\/div>\n\t\t\t\t\t<\/div>\n\t\t\t\t<\/div>\n\t\t<div data-particle_enable=\"false\" data-particle-mobile-disabled=\"false\" class=\"elementor-element elementor-element-309536a e-flex e-con-boxed e-con e-parent\" data-id=\"309536a\" data-element_type=\"container\" data-e-type=\"container\">\n\t\t\t\t\t<div class=\"e-con-inner\">\n\t\t\t\t<div class=\"elementor-element elementor-element-fd7a0fd elementor-widget elementor-widget-text-editor\" data-id=\"fd7a0fd\" data-element_type=\"widget\" data-e-type=\"widget\" data-widget_type=\"text-editor.default\">\n\t\t\t\t\t\t\t\t\t<p><span style=\"color: #000000; font-family: Mulish, sans-serif; font-size: 29px; font-weight: bold;\">8. Canc\u00fan, M\u00e9xico, 26 de febrero de 2021<\/span><\/p><p><strong>Rival: Juan Sergio Torres \u2014 Victoria por KO.<\/strong> El guatemalteco regres\u00f3 al ring en Canc\u00fan y volvi\u00f3 a terminar r\u00e1pidamente. Torres cay\u00f3 por nocaut a los 2:58 del primer asalto. Mart\u00ednez lleg\u00f3 as\u00ed a ocho victorias profesionales sin derrota y su nombre empezaba a sonar en el boxeo continental.<\/p><h3>9. Los Mochis, M\u00e9xico, 3 de abril de 2021<\/h3><p><strong>Rival: Gabriel L\u00f3pez \u2014 Victoria por KO.<\/strong> Mart\u00ednez enfrent\u00f3 a L\u00f3pez por el t\u00edtulo latino supermediano vacante de la Organizaci\u00f3n Mundial de Boxeo. La pelea lleg\u00f3 hasta el cuarto asalto, cuando el guatemalteco consigui\u00f3 el nocaut a los 2:43. Con nueve triunfos en nueve peleas y otro cintur\u00f3n regional en su poder, Mart\u00ednez segu\u00eda el ascenso.<\/p><h3>10. Los Mochis, M\u00e9xico, 14 de octubre de 2021<\/h3><p><strong>Rival: Raiko Santana \u2014 Victoria por decisi\u00f3n un\u00e1nime.<\/strong>\u00a0 Por primera vez tuvo que completar los diez asaltos de un combate profesional de defensa de t\u00edtulo. El guatemalteco derrot\u00f3 al cubano por decisi\u00f3n un\u00e1nime y retuvo su t\u00edtulo latino supermediano de la OMB. Despu\u00e9s de acumular varias victorias consecutivas antes del l\u00edmite, Mart\u00ednez demostr\u00f3 que tambi\u00e9n pod\u00eda administrar una pelea larga y ganarla mediante la disciplina t\u00e1ctica.<\/p>\t\t\t\t\t\t\t\t<\/div>\n\t\t\t\t\t<\/div>\n\t\t\t\t<\/div>\n\t\t<div data-particle_enable=\"false\" data-particle-mobile-disabled=\"false\" class=\"elementor-element elementor-element-6c96f54 e-flex e-con-boxed e-con e-parent\" data-id=\"6c96f54\" data-element_type=\"container\" data-e-type=\"container\">\n\t\t\t\t\t<div class=\"e-con-inner\">\n\t\t\t\t<div class=\"elementor-element elementor-element-6af0973 elementor-widget elementor-widget-html\" data-id=\"6af0973\" data-element_type=\"widget\" data-e-type=\"widget\" data-widget_type=\"html.default\">\n\t\t\t\t\t<iframe width=\"560\" height=\"415\" src=\"https:\/\/www.youtube.com\/embed\/-j9fun1k_Zw?si=Yud35TA22xMb7efT&amp;start=44\" title=\"YouTube video player\" frameborder=\"0\" allow=\"accelerometer; autoplay; clipboard-write; encrypted-media; gyroscope; picture-in-picture; web-share\" referrerpolicy=\"strict-origin-when-cross-origin\" allowfullscreen><\/iframe>\t\t\t\t<\/div>\n\t\t\t\t\t<\/div>\n\t\t\t\t<\/div>\n\t\t<div data-particle_enable=\"false\" data-particle-mobile-disabled=\"false\" class=\"elementor-element elementor-element-83194b8 e-flex e-con-boxed e-con e-parent\" data-id=\"83194b8\" data-element_type=\"container\" data-e-type=\"container\">\n\t\t\t\t\t<div class=\"e-con-inner\">\n\t\t\t\t<div class=\"elementor-element elementor-element-994398a elementor-widget elementor-widget-text-editor\" data-id=\"994398a\" data-element_type=\"widget\" data-e-type=\"widget\" data-widget_type=\"text-editor.default\">\n\t\t\t\t\t\t\t\t\t<p><span style=\"color: #000000; font-family: Mulish, sans-serif; font-size: 29px; font-weight: bold;\">11. Tepic, M\u00e9xico, 24 de marzo de 2022 (gana por retiro)<\/span><\/p><p><strong>Rival: Jaime Hern\u00e1ndez \u2014 Victoria por retiro.<\/strong>\u00a0Lester Mart\u00ednez regres\u00f3 a M\u00e9xico y volvi\u00f3 a encontrar la v\u00eda r\u00e1pida. Hern\u00e1ndez no sali\u00f3 para el quinto asalto despu\u00e9s de cuatro rounds, por lo que el combate termin\u00f3 oficialmente como una victoria por retiro. Fue su und\u00e9cimo triunfo profesional.<\/p><h3>12. Laredo, Texas, 30 de julio de 2022<\/h3><p><strong>Rival: Rodolfo G\u00f3mez Jr. \u2014 Victoria por decisi\u00f3n un\u00e1nime.<\/strong> Esta pelea marc\u00f3 otro paso importante: Mart\u00ednez lleg\u00f3 por primera vez a presentarse en Estados Unidos. En el Sames Auto Arena de Laredo enfrent\u00f3 a G\u00f3mez Jr. y gan\u00f3 por decisi\u00f3n un\u00e1nime despu\u00e9s de diez rounds. El triunfo le permiti\u00f3 conquistar el t\u00edtulo North American Boxing Association supermediano.<\/p><h3>13. Jackson, Mississippi, 8 de octubre de 2022<\/h3><p><strong>Rival: Jeremie Parks \u2014 Victoria por TKO.<\/strong> Apenas dos meses despu\u00e9s de su victoria en Laredo, Mart\u00ednez regres\u00f3 a Estados Unidos para enfrentar a Parks. El combate dur\u00f3 solamente dos asaltos: el \u00e1rbitro lo detuvo a los 31 segundos del segundo round. Fue una nueva demostraci\u00f3n de poder despu\u00e9s de haber recorrido diez rounds contra G\u00f3mez Jr. Mart\u00ednez mostraba que pod\u00eda cambiar entre una pelea larga y una definici\u00f3n r\u00e1pida.<\/p><h3>14. Acapulco, M\u00e9xico, 11 de noviembre de 2022<\/h3><p><strong>Rival: Fabi\u00e1n R\u00edos \u2014 Victoria por TKO.<\/strong> Mart\u00ednez cerr\u00f3 2022 en Acapulco con una victoria por nocaut t\u00e9cnico en el tercer asalto, a los 55 segundos. Lleg\u00f3 as\u00ed a 14 triunfos profesionales sin derrota. Para entonces, su r\u00e9cord mostraba una caracter\u00edstica notable: la mayor\u00eda de sus rivales hab\u00edan sido superados antes del tiempo reglamentario, pero a la vez Mart\u00ednez ya hab\u00eda demostrado que pod\u00eda recorrer diez asaltos cuando la pelea lo exig\u00eda.<\/p>\t\t\t\t\t\t\t\t<\/div>\n\t\t\t\t\t<\/div>\n\t\t\t\t<\/div>\n\t\t<div data-particle_enable=\"false\" data-particle-mobile-disabled=\"false\" class=\"elementor-element elementor-element-224fcca e-flex e-con-boxed e-con e-parent\" data-id=\"224fcca\" data-element_type=\"container\" data-e-type=\"container\">\n\t\t\t\t\t<div class=\"e-con-inner\">\n\t\t\t\t<div class=\"elementor-element elementor-element-68574ab elementor-widget elementor-widget-html\" data-id=\"68574ab\" data-element_type=\"widget\" data-e-type=\"widget\" data-widget_type=\"html.default\">\n\t\t\t\t\t<iframe width=\"560\" height=\"415\" src=\"https:\/\/www.youtube.com\/embed\/lntAGbNTHZY?si=bvZDJoMWI914Y15H&amp;start=26\" title=\"YouTube video player\" frameborder=\"0\" allow=\"accelerometer; autoplay; clipboard-write; encrypted-media; gyroscope; picture-in-picture; web-share\" referrerpolicy=\"strict-origin-when-cross-origin\" allowfullscreen><\/iframe>\t\t\t\t<\/div>\n\t\t\t\t\t<\/div>\n\t\t\t\t<\/div>\n\t\t<div data-particle_enable=\"false\" data-particle-mobile-disabled=\"false\" class=\"elementor-element elementor-element-3cf7be0 e-flex e-con-boxed e-con e-parent\" data-id=\"3cf7be0\" data-element_type=\"container\" data-e-type=\"container\">\n\t\t\t\t\t<div class=\"e-con-inner\">\n\t\t\t\t<div class=\"elementor-element elementor-element-846234e elementor-widget elementor-widget-text-editor\" data-id=\"846234e\" data-element_type=\"widget\" data-e-type=\"widget\" data-widget_type=\"text-editor.default\">\n\t\t\t\t\t\t\t\t\t<p><span style=\"color: #000000; font-family: Mulish, sans-serif; font-size: 29px; font-weight: bold;\">15. Paradise, Nevada, 10 de abril de 2023<\/span><\/p><p><strong>Rival: Isaiah Steen \u2014 Victoria por TKO.<\/strong> Mart\u00ednez enfrent\u00f3 a Steen en el Westgate Las Vegas Resort &amp; Casino, en una de sus pruebas m\u00e1s exigentes hasta ese momento. El combate estaba pactado a diez asaltos y lleg\u00f3 hasta el octavo, cuando Mart\u00ednez consigui\u00f3 el nocaut t\u00e9cnico a 1:18. La victoria fue importante porque ocurri\u00f3 en Las Vegas, uno de los grandes escenarios del boxeo mundial. Mart\u00ednez lleg\u00f3 a 15-0.<\/p><h3>16. Plant City, Florida, 12 de julio de 2023<\/h3><p><strong>Rival: Lucas de Abreu \u2014 Victoria por KO.<\/strong> Mart\u00ednez volvi\u00f3 a Estados Unidos tres meses despu\u00e9s y enfrent\u00f3 al brasile\u00f1o Lucas de Abreu en el Whitesands Event Center. Derrib\u00f3 a su rival dos veces en el tercer asalto y termin\u00f3 el combate a los 33 segundos del cuarto round. Con esta victoria lleg\u00f3 a 16-0 y confirm\u00f3 nuevamente su capacidad para cambiar una pelea mediante la potencia.\u00a0\u00a0<\/p><p><a href=\"https:\/\/soymigrante.com\/revista\/guatemalteco-lester-martinez-pelea-entrevista-con-entrenador-esau-dieguez-campeon-boxeo-california\/\">Es en este per\u00edodo cuando Lester Mart\u00ednez comienza a ser entrenado por el preparador guatemalteco Esa\u00fa Di\u00e9guez.<\/a><\/p>\t\t\t\t\t\t\t\t<\/div>\n\t\t\t\t\t<\/div>\n\t\t\t\t<\/div>\n\t\t<div data-particle_enable=\"false\" data-particle-mobile-disabled=\"false\" class=\"elementor-element elementor-element-30f9187 e-flex e-con-boxed e-con e-parent\" data-id=\"30f9187\" data-element_type=\"container\" data-e-type=\"container\">\n\t\t\t\t\t<div class=\"e-con-inner\">\n\t\t\t\t<div class=\"elementor-element elementor-element-f3e346f elementor-widget elementor-widget-html\" data-id=\"f3e346f\" data-element_type=\"widget\" data-e-type=\"widget\" data-widget_type=\"html.default\">\n\t\t\t\t\t<iframe width=\"560\" height=\"415\" src=\"https:\/\/www.youtube.com\/embed\/hmaG4llUHLg?si=-JBLPaqysOLSRFUt&amp;start=19\" title=\"YouTube video player\" frameborder=\"0\" allow=\"accelerometer; autoplay; clipboard-write; encrypted-media; gyroscope; picture-in-picture; web-share\" referrerpolicy=\"strict-origin-when-cross-origin\" allowfullscreen><\/iframe>\t\t\t\t<\/div>\n\t\t\t\t\t<\/div>\n\t\t\t\t<\/div>\n\t\t<div data-particle_enable=\"false\" data-particle-mobile-disabled=\"false\" class=\"elementor-element elementor-element-fc09024 e-flex e-con-boxed e-con e-parent\" data-id=\"fc09024\" data-element_type=\"container\" data-e-type=\"container\">\n\t\t\t\t\t<div class=\"e-con-inner\">\n\t\t\t\t<div class=\"elementor-element elementor-element-ecf7c3a elementor-widget elementor-widget-text-editor\" data-id=\"ecf7c3a\" data-element_type=\"widget\" data-e-type=\"widget\" data-widget_type=\"text-editor.default\">\n\t\t\t\t\t\t\t\t\t<p><span style=\"color: #000000; font-family: Mulish, sans-serif; font-size: 29px; font-weight: bold;\">17. Ciudad de Guatemala, 23 de febrero de 2024<\/span><\/p><p><strong>Rival: Rub\u00e9n Angulo \u2014 Victoria por KO.<\/strong> Mart\u00ednez regres\u00f3 a Guatemala para una pelea especialmente significativa. Despu\u00e9s de varios a\u00f1os desarrollando buena parte de su carrera fuera del pa\u00eds, volvi\u00f3 a combatir ante su p\u00fablico. En el Parque de la Industria enfrent\u00f3 al colombiano Rub\u00e9n Angulo por el t\u00edtulo latino supermediano vacante del CMB y lo noque\u00f3 a los 2:59 del segundo asalto. Fue su victoria n\u00famero 17 y le permiti\u00f3 conquistar nuevamente un cintur\u00f3n regional del organismo que posteriormente ser\u00eda clave en su camino hacia el campeonato mundial.<\/p><h3>18. Washington D.C., 28 de junio de 2024<\/h3><p><strong>Rival: Carlos G\u00f3ngora \u2014 Victoria por decisi\u00f3n un\u00e1nime.<\/strong> El ecuatoriano Carlos G\u00f3ngora represent\u00f3 un desaf\u00edo diferente: un rival experimentado y excampe\u00f3n mundial de la IBO. Mart\u00ednez gan\u00f3 por decisi\u00f3n un\u00e1nime despu\u00e9s de diez rounds. La pelea fue importante porque volvi\u00f3 a demostrar que pod\u00eda superar a un oponente deexperiencia sin depender del nocaut. Su r\u00e9cord pas\u00f3 a ser 18-0.<\/p><h3>19. San Bernardino, California, 22 de marzo de 2025<\/h3><p><strong>Rival: Joeshon James \u2014 Victoria por TKO.<\/strong> Mart\u00ednez regres\u00f3 al National Orange Show Events Center para enfrentar al estadounidense Joeshon James, quien llegaba invicto. El guatemalteco derrib\u00f3 a James en el tercer asalto y termin\u00f3 el combate en el cuarto, a 1:51, mediante nocaut t\u00e9cnico. La victoria tuvo un valor especial porque lleg\u00f3 despu\u00e9s de un per\u00edodo de aproximadamente nueve meses sin pelear y porque Mart\u00ednez consigui\u00f3 detener a un rival que tampoco conoc\u00eda la derrota.<\/p><p>En septiembre de 2025, L\u00e9ster Mart\u00ednez enfrent\u00f3 al franco canadiense Cristian Mbilli en el Allegiant Stadium de Las Vegas.\u00a0 Resisti\u00f3 los 10 asaltos, castig\u00f3 fuerte al rival, pero la pelea fue declarada EMPATE.<\/p><h3>20. San Bernardino, California, 21 de marzo de 2026-GANA EL CINTUR\u00d3N MUNDIAL CMB<\/h3><p><strong>Rival: Immanuwel Aleem \u2014 Victoria por decisi\u00f3n un\u00e1nime.<\/strong> Esta fue la pelea que convirti\u00f3 toda la trayectoria anterior en historia. Mart\u00ednez lleg\u00f3 con r\u00e9cord de 19-0-1 y 16 nocauts para disputar el t\u00edtulo interino supermediano del CMB frente al estadounidense Immanuwel Aleem. El combate fue pactado a 12 rounds y, por primera vez, Mart\u00ednez tuvo que recorrer toda la distancia de un campeonato mundial. Lo hizo con autoridad: gan\u00f3 por decisi\u00f3n un\u00e1nime con tarjetas de 120-108, 119-109 y 118-110. Con la victoria pas\u00f3 a 20-0-1 y se convirti\u00f3 en el primer boxeador guatemalteco en conquistar un t\u00edtulo mundial profesional interino.<\/p>\t\t\t\t\t\t\t\t<\/div>\n\t\t\t\t\t<\/div>\n\t\t\t\t<\/div>\n\t\t<div data-particle_enable=\"false\" data-particle-mobile-disabled=\"false\" class=\"elementor-element elementor-element-f8ecb49 e-flex e-con-boxed e-con e-parent\" data-id=\"f8ecb49\" data-element_type=\"container\" data-e-type=\"container\">\n\t\t\t\t\t<div class=\"e-con-inner\">\n\t\t\t\t<div class=\"elementor-element elementor-element-958676c elementor-widget elementor-widget-html\" data-id=\"958676c\" data-element_type=\"widget\" data-e-type=\"widget\" data-widget_type=\"html.default\">\n\t\t\t\t\t<iframe width=\"560\" height=\"415\" src=\"https:\/\/www.youtube.com\/embed\/wRW5NAW3XbM?si=-CsM-HYUP7E12Sn1&amp;start=19\" title=\"YouTube video player\" frameborder=\"0\" allow=\"accelerometer; autoplay; clipboard-write; encrypted-media; gyroscope; picture-in-picture; web-share\" referrerpolicy=\"strict-origin-when-cross-origin\" allowfullscreen><\/iframe>\t\t\t\t<\/div>\n\t\t\t\t\t<\/div>\n\t\t\t\t<\/div>\n\t\t<div data-particle_enable=\"false\" data-particle-mobile-disabled=\"false\" class=\"elementor-element elementor-element-28bad25 e-flex e-con-boxed e-con e-parent\" data-id=\"28bad25\" data-element_type=\"container\" data-e-type=\"container\">\n\t\t\t\t\t<div class=\"e-con-inner\">\n\t\t\t\t<div class=\"elementor-element elementor-element-f3e83d1 elementor-widget elementor-widget-text-editor\" data-id=\"f3e83d1\" data-element_type=\"widget\" data-e-type=\"widget\" data-widget_type=\"text-editor.default\">\n\t\t\t\t\t\t\t\t\t<p><span style=\"color: #000000; font-family: Mulish, sans-serif; font-size: 31px; font-weight: bold;\">21. Vence al retador Luka Plantic<\/span><\/p><p>Lester Mart\u00ednez defendi\u00f3 su t\u00edtulo por primera vez ante el croata Luca Plantic, en Los Angeles. con ello llega a 21 victorias.<\/p><p>En su carrera no conoce la derrota y solo hay un empate por decisi\u00f3n de los jueces: ante Christian Mbilli, en septiembre de 2025. No fue un triunfo, pero fue fundamental. Mart\u00ednez enfrent\u00f3 a un rival invicto, campe\u00f3n interino del CMB, y sali\u00f3 del combate todav\u00eda sin conocer la derrota. Seis meses despu\u00e9s tendr\u00eda la oportunidad de disputar el cintur\u00f3n que finalmente conquist\u00f3 frente a Aleem.<\/p><p>\u00a0<\/p>\t\t\t\t\t\t\t\t<\/div>\n\t\t\t\t\t<\/div>\n\t\t\t\t<\/div>\n\t\t<div data-particle_enable=\"false\" data-particle-mobile-disabled=\"false\" class=\"elementor-element elementor-element-4d7718d e-flex e-con-boxed e-con e-parent\" data-id=\"4d7718d\" data-element_type=\"container\" data-e-type=\"container\">\n\t\t\t\t\t<div class=\"e-con-inner\">\n\t\t\t\t<div class=\"elementor-element elementor-element-1a23744 elementor-grid-eael-col-1 elementor-grid-tablet-eael-col-2 elementor-grid-mobile-eael-col-1 elementor-widget elementor-widget-eael-post-grid\" data-id=\"1a23744\" data-element_type=\"widget\" data-e-type=\"widget\" data-settings=\"{&quot;eael_post_grid_columns&quot;:&quot;eael-col-1&quot;,&quot;eael_post_grid_columns_tablet&quot;:&quot;eael-col-2&quot;,&quot;eael_post_grid_columns_mobile&quot;:&quot;eael-col-1&quot;}\" data-widget_type=\"eael-post-grid.default\">\n\t\t\t\t\t<div id=\"eael-post-grid-1a23744\" class=\"eael-post-grid-container\">\n            <div class=\"eael-post-grid eael-post-appender eael-post-appender-1a23744 eael-post-grid-style-one\" data-layout-mode=\"masonry\"><article class=\"eael-grid-post  eael-post-grid-column eael-pg-post-63130 category-estamos-unidos\" data-id=\"63130\">\n        <div class=\"eael-grid-post-holder\">\n            <div class=\"eael-grid-post-holder-inner\"><div class=\"eael-entry-media\"><div class=\"eael-entry-overlay fade-in\"><i class=\"far fa-hand-pointer\" aria-hidden=\"true\"><\/i><a href=\"https:\/\/soymigrante.com\/revista\/porque-el-triunfo-del-boxeador-guatemalteco-lester-martinez-en-los-angeles-es-tan-especial-hay-7-razones\/\"><\/a><\/div><div class=\"eael-entry-thumbnail eael-image-ratio\">\n                <img fetchpriority=\"high\" decoding=\"async\" width=\"1024\" height=\"1024\" src=\"https:\/\/soymigrante.com\/revista\/wp-content\/uploads\/2026\/08\/lester-martinez-boxeador-guatemalteco-triunfo-en-los-angeles-1024x1024.jpg\" class=\"attachment-large size-large wp-image-63131\" alt=\"lester martinez boxeador guatemalteco triunfo en los angeles\" srcset=\"https:\/\/soymigrante.com\/revista\/wp-content\/uploads\/2026\/08\/lester-martinez-boxeador-guatemalteco-triunfo-en-los-angeles-1024x1024.jpg 1024w, https:\/\/soymigrante.com\/revista\/wp-content\/uploads\/2026\/08\/lester-martinez-boxeador-guatemalteco-triunfo-en-los-angeles-300x300.jpg 300w, https:\/\/soymigrante.com\/revista\/wp-content\/uploads\/2026\/08\/lester-martinez-boxeador-guatemalteco-triunfo-en-los-angeles-150x150.jpg 150w, https:\/\/soymigrante.com\/revista\/wp-content\/uploads\/2026\/08\/lester-martinez-boxeador-guatemalteco-triunfo-en-los-angeles-768x768.jpg 768w, https:\/\/soymigrante.com\/revista\/wp-content\/uploads\/2026\/08\/lester-martinez-boxeador-guatemalteco-triunfo-en-los-angeles-75x75.jpg 75w, https:\/\/soymigrante.com\/revista\/wp-content\/uploads\/2026\/08\/lester-martinez-boxeador-guatemalteco-triunfo-en-los-angeles-750x750.jpg 750w, https:\/\/soymigrante.com\/revista\/wp-content\/uploads\/2026\/08\/lester-martinez-boxeador-guatemalteco-triunfo-en-los-angeles-1140x1140.jpg 1140w, https:\/\/soymigrante.com\/revista\/wp-content\/uploads\/2026\/08\/lester-martinez-boxeador-guatemalteco-triunfo-en-los-angeles.jpg 1224w\" sizes=\"(max-width: 1024px) 100vw, 1024px\" \/>\n            <\/div>\n        <\/div><div class=\"eael-entry-wrapper\"><header class=\"eael-entry-header\"><h2 class=\"eael-entry-title\"><a class=\"eael-grid-post-link\" href=\"https:\/\/soymigrante.com\/revista\/porque-el-triunfo-del-boxeador-guatemalteco-lester-martinez-en-los-angeles-es-tan-especial-hay-7-razones\/\" title=\"\u00bfPorqu\u00e9 el triunfo del boxeador guatemalteco Lester Mart\u00ednez en Los Angeles es tan especial? Hay 7 razones\">\u00bfPorqu\u00e9 el triunfo del boxeador guatemalteco Lester Mart\u00ednez en Los Angeles es tan especial? Hay 7 razones<\/a><\/h2><\/header><div class=\"eael-entry-content\">\n                        <div class=\"eael-grid-post-excerpt\"><a href=\"https:\/\/soymigrante.com\/revista\/porque-el-triunfo-del-boxeador-guatemalteco-lester-martinez-en-los-angeles-es-tan-especial-hay-7-razones\/\" class=\"eael-post-elements-readmore-btn\">CONOCE SU HISTORIA <\/a><\/div>\n                    <\/div><\/div><\/div>\n        <\/div>\n    <\/article><\/div>\n            <div class=\"clearfix\"><\/div>\n        <\/div>\t\t\t\t<\/div>\n\t\t\t\t\t<\/div>\n\t\t\t\t<\/div>\n\t\t\t\t<\/div>\n\t\t","protected":false},"excerpt":{"rendered":"<p>Originario de Pet\u00e9n, Lester Mart\u00ednez empez\u00f3 como boxeador ol\u00edmpico y en 2019 empez\u00f3 su ruta profesional. En marzo de 2026 gan\u00f3 el campeonato interino de peso supermediano: esta es la cronolog\u00eda de sus 21 victorias, la mayor\u00eda por nocaut. Lester Normandy Mart\u00ednez Tut, actual campe\u00f3n mundial interino de la categor\u00eda supermediano de box, naci\u00f3 el [&hellip;]<\/p>\n","protected":false},"author":1,"featured_media":63404,"comment_status":"open","ping_status":"open","sticky":false,"template":"","format":"standard","meta":{"_acf_changed":false,"_eb_attr":"","footnotes":""},"categories":[54],"tags":[],"class_list":["post-63403","post","type-post","status-publish","format-standard","has-post-thumbnail","hentry","category-estamos-unidos"],"acf":[],"aioseo_notices":[],"aioseo_head":"\n\t\t<!-- All in One SEO Pro 5.0.1.1 - aioseo.com -->\n\t<meta name=\"description\" content=\"Derrotar a Luca Plantic en la pelea del 29 de agosto en Los Angeles, es la 21 victoria del boxeador guatemalteco Lester Mart\u00ednez. Eso en s\u00ed ya es hist\u00f3rico, pero hay otras razones que hacen tan especial este triunfo. \u00a1Felicitaciones L\u00e9ster! Miles de guatemaltecos celebraron en vivo en Los Angeles y millones m\u00e1s vibraron con\" \/>\n\t<meta name=\"robots\" content=\"max-snippet:-1, max-image-preview:large, max-video-preview:-1\" \/>\n\t<meta name=\"author\" content=\"SoyMigrante.com REVISTA\"\/>\n\t<link rel=\"canonical\" href=\"https:\/\/soymigrante.com\/revista\/ruta-de-victorias-del-campeon-de-box-lester-martinez-va-de-guatemala-a-mexico-y-usa\/\" \/>\n\t<meta name=\"generator\" content=\"All in One SEO Pro (AIOSEO) 5.0.1.1\" \/>\n\n\t\t<link rel=\"preconnect\" href=\"https:\/\/fonts.googleapis.com\" crossorigin>\n<link rel=\"preconnect\" href=\"https:\/\/fonts.gstatic.com\" crossorigin>\n\t\t<meta property=\"og:locale\" content=\"es_ES\" \/>\n\t\t<meta property=\"og:site_name\" content=\"SoyMigrante.com REVISTA \u2013 Nuestra misi\u00f3n es reconocer y dignificar al migrante.\" \/>\n\t\t<meta property=\"og:type\" content=\"article\" \/>\n\t\t<meta property=\"og:title\" content=\"Ruta de 21 victorias del boxeador guatemalteco Lester Mart\u00ednez\" \/>\n\t\t<meta property=\"og:description\" content=\"El boxeador guatemalteco Lester Mart\u00ednez, actual campe\u00f3n supermediano interino del Consejo Mundial de Boxeo lleva 21 victorias: D\u00f3nde, cu\u00e1nto y c\u00f3mo fueron.\" \/>\n\t\t<meta property=\"og:url\" content=\"https:\/\/soymigrante.com\/revista\/ruta-de-victorias-del-campeon-de-box-lester-martinez-va-de-guatemala-a-mexico-y-usa\/\" \/>\n\t\t<meta property=\"og:image\" content=\"https:\/\/soymigrante.com\/revista\/wp-content\/uploads\/2026\/08\/lester-martinez-campeon-mundial-supermediano-guatemalteco-ruta-de-triunfos.jpg\" \/>\n\t\t<meta property=\"og:image:secure_url\" content=\"https:\/\/soymigrante.com\/revista\/wp-content\/uploads\/2026\/08\/lester-martinez-campeon-mundial-supermediano-guatemalteco-ruta-de-triunfos.jpg\" \/>\n\t\t<meta property=\"og:image:width\" content=\"1264\" \/>\n\t\t<meta property=\"og:image:height\" content=\"1264\" \/>\n\t\t<meta property=\"article:published_time\" content=\"2026-08-31T21:09:26+00:00\" \/>\n\t\t<meta property=\"article:modified_time\" content=\"2026-09-01T15:19:50+00:00\" \/>\n\t\t<meta property=\"article:publisher\" content=\"https:\/\/www.facebook.com\/soymigrantecom\" \/>\n\t\t<meta name=\"twitter:card\" content=\"summary_large_image\" \/>\n\t\t<meta name=\"twitter:site\" content=\"@SoyMigrante_com\" \/>\n\t\t<meta name=\"twitter:title\" content=\"Ruta de 21 victorias del boxeador guatemalteco Lester Mart\u00ednez\" \/>\n\t\t<meta name=\"twitter:description\" content=\"El boxeador guatemalteco Lester Mart\u00ednez, actual campe\u00f3n supermediano interino del Consejo Mundial de Boxeo lleva 21 victorias: D\u00f3nde, cu\u00e1nto y c\u00f3mo fueron.\" \/>\n\t\t<meta name=\"twitter:creator\" content=\"@SoyMigrante_com\" \/>\n\t\t<meta name=\"twitter:image\" content=\"https:\/\/soymigrante.com\/revista\/wp-content\/uploads\/2026\/08\/lester-martinez-campeon-mundial-supermediano-guatemalteco-ruta-de-triunfos.jpg\" \/>\n\t\t<!-- All in One SEO Pro -->\r\n\t\t<title>Conoce la ruta de 21 victorias del campe\u00f3n de boxeo Lester Mart\u00ednez: de Guatemala a M\u00e9xico y USA<\/title>\n\n","aioseo_head_json":{"title":"Conoce la ruta de 21 victorias del campe\u00f3n de boxeo Lester Mart\u00ednez: de Guatemala a M\u00e9xico y USA","description":"Originario de Pet\u00e9n, Lester Mart\u00ednez empez\u00f3 como boxeador ol\u00edmpico y en 2019 empez\u00f3 su ruta profesional. En marzo de 2026 gan\u00f3 el campeonato interino de peso supermediano: esta es la cronolog\u00eda de sus 21 victorias, la mayor\u00eda por nocaut. Lester Normandy Mart\u00ednez Tut, actual campe\u00f3n mundial interino de la categor\u00eda supermediano de box, naci\u00f3 el","canonical_url":"https:\/\/soymigrante.com\/revista\/ruta-de-victorias-del-campeon-de-box-lester-martinez-va-de-guatemala-a-mexico-y-usa\/","robots":"max-snippet:-1, max-image-preview:large, max-video-preview:-1","keywords":"","webmasterTools":{"miscellaneous":"&lt;link rel=\"preconnect\" href=\"https:\/\/fonts.googleapis.com\" crossorigin&gt;\n&lt;link rel=\"preconnect\" href=\"https:\/\/fonts.gstatic.com\" crossorigin&gt;"},"schema":null,"og:locale":"es_ES","og:site_name":"SoyMigrante.com REVISTA \u2013 Nuestra misi\u00f3n es reconocer y dignificar al migrante.","og:type":"article","og:title":"Ruta de 21 victorias del boxeador guatemalteco Lester Mart\u00ednez","og:description":"El boxeador guatemalteco Lester Mart\u00ednez, actual campe\u00f3n supermediano interino del Consejo Mundial de Boxeo lleva 21 victorias: D\u00f3nde, cu\u00e1nto y c\u00f3mo fueron.","og:url":"https:\/\/soymigrante.com\/revista\/ruta-de-victorias-del-campeon-de-box-lester-martinez-va-de-guatemala-a-mexico-y-usa\/","og:image":"https:\/\/soymigrante.com\/revista\/wp-content\/uploads\/2026\/08\/lester-martinez-campeon-mundial-supermediano-guatemalteco-ruta-de-triunfos.jpg","og:image:secure_url":"https:\/\/soymigrante.com\/revista\/wp-content\/uploads\/2026\/08\/lester-martinez-campeon-mundial-supermediano-guatemalteco-ruta-de-triunfos.jpg","og:image:width":1264,"og:image:height":1264,"article:published_time":"2026-08-31T21:09:26+00:00","article:modified_time":"2026-09-01T15:19:50+00:00","article:publisher":"https:\/\/www.facebook.com\/soymigrantecom","twitter:card":"summary_large_image","twitter:site":"@SoyMigrante_com","twitter:title":"Ruta de 21 victorias del boxeador guatemalteco Lester Mart\u00ednez","twitter:description":"El boxeador guatemalteco Lester Mart\u00ednez, actual campe\u00f3n supermediano interino del Consejo Mundial de Boxeo lleva 21 victorias: D\u00f3nde, cu\u00e1nto y c\u00f3mo fueron.","twitter:creator":"@SoyMigrante_com","twitter:image":"https:\/\/soymigrante.com\/revista\/wp-content\/uploads\/2026\/08\/lester-martinez-campeon-mundial-supermediano-guatemalteco-ruta-de-triunfos.jpg"},"aioseo_meta_data":{"post_id":"63403","title":null,"description":null,"keywords":null,"keyphrases":{"focus":{"keyphrase":"Lester mart\u00ednez","score":0,"analysis":[]},"additional":[{"keyphrase":"guatemala","score":0},{"keyphrase":"Mexico","score":0},{"keyphrase":"box","score":0}]},"primary_term":null,"canonical_url":null,"og_title":"Ruta de 21 victorias del boxeador guatemalteco Lester Mart\u00ednez","og_description":"El boxeador guatemalteco Lester Mart\u00ednez, actual campe\u00f3n supermediano interino del Consejo Mundial de Boxeo lleva 21 victorias: D\u00f3nde, cu\u00e1nto y c\u00f3mo fueron.","og_object_type":"default","og_image_type":"default","og_image_url":null,"og_image_width":null,"og_image_height":null,"og_image_custom_url":null,"og_image_custom_fields":null,"og_video":"","og_custom_url":null,"og_article_section":null,"og_article_tags":null,"twitter_use_og":false,"twitter_card":"default","twitter_image_type":"default","twitter_image_url":null,"twitter_image_custom_url":null,"twitter_image_custom_fields":null,"twitter_title":null,"twitter_description":null,"schema":{"blockGraphs":[],"customGraphs":[],"default":{"data":{"Article":[],"Course":[],"Dataset":[],"FAQPage":[],"Movie":[],"Person":[],"Product":[],"ProductReview":[],"Car":[],"Recipe":[],"Service":[],"SoftwareApplication":[],"WebPage":[]},"graphName":"NewsArticle","isEnabled":true},"graphs":[]},"schema_type":"default","schema_type_options":null,"pillar_content":false,"robots_default":true,"robots_noindex":false,"robots_noarchive":false,"robots_nosnippet":false,"robots_nofollow":false,"robots_noimageindex":false,"robots_noodp":false,"robots_notranslate":false,"robots_max_snippet":"-1","robots_max_videopreview":"-1","robots_max_imagepreview":"large","priority":null,"frequency":"default","local_seo":null,"seo_analyzer_scan_date":"2026-09-01 15:21:57","breadcrumb_settings":null,"limit_modified_date":false,"reviewed_by":"0","open_ai":null,"ai":{"faqs":[],"keyPoints":[],"schemas":[],"titles":[],"descriptions":[],"socialPosts":{"email":{"subject":"","preview":"","content":""},"linkedin":[],"twitter":[],"facebook":[],"instagram":[]}},"created":"2026-08-31 20:05:08","updated":"2026-09-01 16:03:20","focus_keyword":"Lester mart\u00ednez","additional_keywords":[{"word":"guatemala","score":85,"items":{"introductionKeyword":{"score":9},"keyphraseLength":{"score":9},"keyphraseDensity":{"score":4},"functionWordsInKeyphrase":{"score":9},"textCompetingLinks":{"score":9},"imageKeyphrase":{"score":6}}},{"word":"Mexico","score":74,"items":{"introductionKeyword":{"score":3},"keyphraseLength":{"score":9},"keyphraseDensity":{"score":4},"functionWordsInKeyphrase":{"score":9},"textCompetingLinks":{"score":9},"imageKeyphrase":{"score":6}}},{"word":"box","score":85,"items":{"introductionKeyword":{"score":9},"keyphraseLength":{"score":9},"keyphraseDensity":{"score":4},"functionWordsInKeyphrase":{"score":9},"textCompetingLinks":{"score":9},"imageKeyphrase":{"score":6}}}],"truseo_locale":null},"aioseo_breadcrumb":"<div class=\"aioseo-breadcrumbs\"><span class=\"aioseo-breadcrumb\">\n\t<a href=\"https:\/\/soymigrante.com\/revista\" title=\"Home\">Home<\/a>\n<\/span><span class=\"aioseo-breadcrumb-separator\">\u00bb<\/span><span class=\"aioseo-breadcrumb\">\n\t<a href=\"https:\/\/soymigrante.com\/revista\/category\/estamos-unidos\/\" title=\"Estamos Unidos\">Estamos Unidos<\/a>\n<\/span><span class=\"aioseo-breadcrumb-separator\">\u00bb<\/span><span class=\"aioseo-breadcrumb\">\n\tConoce la ruta de 21 victorias del campe\u00f3n de boxeo Lester Mart\u00ednez: de Guatemala a M\u00e9xico y USA\n<\/span><\/div>","aioseo_breadcrumb_json":[{"label":"Home","link":"https:\/\/soymigrante.com\/revista"},{"label":"Estamos Unidos","link":"https:\/\/soymigrante.com\/revista\/category\/estamos-unidos\/"},{"label":"Conoce la ruta de 21 victorias del campe\u00f3n de boxeo Lester Mart\u00ednez: de Guatemala a M\u00e9xico y USA","link":"https:\/\/soymigrante.com\/revista\/ruta-de-victorias-del-campeon-de-box-lester-martinez-va-de-guatemala-a-mexico-y-usa\/"}],"_links":{"self":[{"href":"https:\/\/soymigrante.com\/revista\/wp-json\/wp\/v2\/posts\/63403","targetHints":{"allow":["GET"]}}],"collection":[{"href":"https:\/\/soymigrante.com\/revista\/wp-json\/wp\/v2\/posts"}],"about":[{"href":"https:\/\/soymigrante.com\/revista\/wp-json\/wp\/v2\/types\/post"}],"author":[{"embeddable":true,"href":"https:\/\/soymigrante.com\/revista\/wp-json\/wp\/v2\/users\/1"}],"replies":[{"embeddable":true,"href":"https:\/\/soymigrante.com\/revista\/wp-json\/wp\/v2\/comments?post=63403"}],"version-history":[{"count":30,"href":"https:\/\/soymigrante.com\/revista\/wp-json\/wp\/v2\/posts\/63403\/revisions"}],"predecessor-version":[{"id":63593,"href":"https:\/\/soymigrante.com\/revista\/wp-json\/wp\/v2\/posts\/63403\/revisions\/63593"}],"wp:featuredmedia":[{"embeddable":true,"href":"https:\/\/soymigrante.com\/revista\/wp-json\/wp\/v2\/media\/63404"}],"wp:attachment":[{"href":"https:\/\/soymigrante.com\/revista\/wp-json\/wp\/v2\/media?parent=63403"}],"wp:term":[{"taxonomy":"category","embeddable":true,"href":"https:\/\/soymigrante.com\/revista\/wp-json\/wp\/v2\/categories?post=63403"},{"taxonomy":"post_tag","embeddable":true,"href":"https:\/\/soymigrante.com\/revista\/wp-json\/wp\/v2\/tags?post=63403"}],"curies":[{"name":"wp","href":"https:\/\/api.w.org\/{rel}","templated":true}]}}