{"id":63383,"date":"2026-08-31T18:57:43","date_gmt":"2026-09-01T00:57:43","guid":{"rendered":"https:\/\/soymigrante.com\/revista\/?p=63383"},"modified":"2026-08-31T19:16:16","modified_gmt":"2026-09-01T01:16:16","slug":"presidentes-de-guatemala-31-asume-el-general-manuel-orellana-pero-usa-no-lo-acepto","status":"publish","type":"post","link":"https:\/\/soymigrante.com\/revista\/presidentes-de-guatemala-31-asume-el-general-manuel-orellana-pero-usa-no-lo-acepto\/","title":{"rendered":"Presidentes de Guatemala (31) asume el general Manuel Orellana pero USA no lo acept\u00f3"},"content":{"rendered":"\t\t<div data-elementor-type=\"wp-post\" data-elementor-id=\"63383\" class=\"elementor elementor-63383\" data-elementor-post-type=\"post\">\n\t\t\t\t<div data-particle_enable=\"false\" data-particle-mobile-disabled=\"false\" class=\"elementor-element elementor-element-dd116c9 e-flex e-con-boxed e-con e-parent\" data-id=\"dd116c9\" data-element_type=\"container\" data-e-type=\"container\">\n\t\t\t\t\t<div class=\"e-con-inner\">\n\t\t\t\t<div class=\"elementor-element elementor-element-2a0da65 elementor-widget elementor-widget-heading\" data-id=\"2a0da65\" data-element_type=\"widget\" data-e-type=\"widget\" data-widget_type=\"heading.default\">\n\t\t\t\t\t<h3 class=\"elementor-heading-title elementor-size-default\">El general Manuel Orellana era el jefe del fuerte de Matamoros e inici\u00f3 un movimiento militar contra el presidente Baudilio Palma, quien solo gobern\u00f3 4 d\u00edas. Orellana tom\u00f3 el mando, pero solo dur\u00f3 hasta el 31 de diciembre: USA no lo acept\u00f3 en el poder.<\/h3>\t\t\t\t<\/div>\n\t\t\t\t\t<\/div>\n\t\t\t\t<\/div>\n\t\t<div data-particle_enable=\"false\" data-particle-mobile-disabled=\"false\" class=\"elementor-element elementor-element-3cccec4 e-flex e-con-boxed e-con e-parent\" data-id=\"3cccec4\" data-element_type=\"container\" data-e-type=\"container\">\n\t\t\t\t\t<div class=\"e-con-inner\">\n\t\t\t\t<div class=\"elementor-element elementor-element-d9242fd elementor-widget elementor-widget-text-editor\" data-id=\"d9242fd\" data-element_type=\"widget\" data-e-type=\"widget\" data-widget_type=\"text-editor.default\">\n\t\t\t\t\t\t\t\t\t<p>Un enviado del gobierno de Estados Unidos lleg\u00f3 con un mensaje inequ\u00edvoco: el gobierno provisional del general Manuel Mar\u00eda Orellana, quien hab\u00eda derrocado al tambi\u00e9n presidente provisional Baudilio Palma, no tendr\u00eda reconocimiento oficial.\u00a0<\/p><p>Hab\u00eda pasado poco m\u00e1s de una semana desde que el general hab\u00eda tomado el poder mediante un levantamiento militar, pero la presi\u00f3n diplom\u00e1tica termin\u00f3 por dejarle claro que pod\u00eda controlar los cuarteles y la capital, pero no pod\u00eda sostener su gobierno sin reconocimiento internacional. Su presidencia dur\u00f3 del 17 de diciembre de 1930 al 31 de diciembre.<\/p><p>Manuel Mar\u00eda Orellana Contreras, general de brigada y comandante del Fuerte de San Rafael de Matamoros, era adem\u00e1s primo del fallecido expresidente, el tambi\u00e9n general <strong>Jos\u00e9 Mar\u00eda Orellana Pinto<\/strong>, quien hab\u00eda gobernado Guatemala entre 1921 y 1926 (cuando muri\u00f3 de un infarto). El general Manuel Orellana irrumpe en la pol\u00edtica nacional enmedio de la disputa por la sucesi\u00f3n del presidente L\u00e1zaro Chac\u00f3n, quien sufri\u00f3 un derrame el 12 de diciembre y no pod\u00eda ejercer el poder.<\/p>\t\t\t\t\t\t\t\t<\/div>\n\t\t\t\t\t<\/div>\n\t\t\t\t<\/div>\n\t\t<div data-particle_enable=\"false\" data-particle-mobile-disabled=\"false\" class=\"elementor-element elementor-element-fba26c1 e-flex e-con-boxed e-con e-parent\" data-id=\"fba26c1\" data-element_type=\"container\" data-e-type=\"container\">\n\t\t\t\t\t<div class=\"e-con-inner\">\n\t\t\t\t<div class=\"elementor-element elementor-element-0c75689 elementor-widget elementor-widget-image\" data-id=\"0c75689\" data-element_type=\"widget\" data-e-type=\"widget\" data-widget_type=\"image.default\">\n\t\t\t\t\t\t\t\t\t\t\t\t<figure class=\"wp-caption\">\n\t\t\t\t\t\t\t\t\t\t<img fetchpriority=\"high\" decoding=\"async\" width=\"760\" height=\"1024\" src=\"https:\/\/soymigrante.com\/revista\/wp-content\/uploads\/2026\/08\/general-manuel-orellana-presidentes-de-guatemala-diciembre-16-al-13-1930-760x1024.jpg\" class=\"attachment-large size-large wp-image-63490\" alt=\"Retrato hist\u00f3rico del general Manuel Mar\u00eda Orellana , nacido en El J\u00edcaro, El Progreso en 1870, primo del tambi\u00e9n general y expresidente Jos\u00e9 Mar\u00eda Orellana, fallecido en 1926. Manuel Orellana tom\u00f3 el poder el 16 de diciembre de 1930 y fue desconocido por el Congreso el 31 de diciembre de ese mismo a\u00f1o.\" srcset=\"https:\/\/soymigrante.com\/revista\/wp-content\/uploads\/2026\/08\/general-manuel-orellana-presidentes-de-guatemala-diciembre-16-al-13-1930-760x1024.jpg 760w, https:\/\/soymigrante.com\/revista\/wp-content\/uploads\/2026\/08\/general-manuel-orellana-presidentes-de-guatemala-diciembre-16-al-13-1930-223x300.jpg 223w, https:\/\/soymigrante.com\/revista\/wp-content\/uploads\/2026\/08\/general-manuel-orellana-presidentes-de-guatemala-diciembre-16-al-13-1930-768x1035.jpg 768w, https:\/\/soymigrante.com\/revista\/wp-content\/uploads\/2026\/08\/general-manuel-orellana-presidentes-de-guatemala-diciembre-16-al-13-1930-1140x1536.jpg 1140w, https:\/\/soymigrante.com\/revista\/wp-content\/uploads\/2026\/08\/general-manuel-orellana-presidentes-de-guatemala-diciembre-16-al-13-1930-1520x2048.jpg 1520w, https:\/\/soymigrante.com\/revista\/wp-content\/uploads\/2026\/08\/general-manuel-orellana-presidentes-de-guatemala-diciembre-16-al-13-1930-750x1011.jpg 750w, https:\/\/soymigrante.com\/revista\/wp-content\/uploads\/2026\/08\/general-manuel-orellana-presidentes-de-guatemala-diciembre-16-al-13-1930-scaled.jpg 1900w\" sizes=\"(max-width: 760px) 100vw, 760px\" \/>\t\t\t\t\t\t\t\t\t\t\t<figcaption class=\"widget-image-caption wp-caption-text\">Retrato hist\u00f3rico del general Manuel Mar\u00eda Orellana , nacido en El J\u00edcaro, El Progreso en 1870, primo del tambi\u00e9n general y expresidente Jos\u00e9 Mar\u00eda Orellana, fallecido en 1926.  Manuel Orellana tom\u00f3 el poder el 16 de diciembre de 1930 y fue desconocido por el Congreso el 31 de diciembre de ese mismo a\u00f1o.<\/figcaption>\n\t\t\t\t\t\t\t\t\t\t<\/figure>\n\t\t\t\t\t\t\t\t\t<\/div>\n\t\t\t\t\t<\/div>\n\t\t\t\t<\/div>\n\t\t<div data-particle_enable=\"false\" data-particle-mobile-disabled=\"false\" class=\"elementor-element elementor-element-80e2a35 e-flex e-con-boxed e-con e-parent\" data-id=\"80e2a35\" data-element_type=\"container\" data-e-type=\"container\">\n\t\t\t\t\t<div class=\"e-con-inner\">\n\t\t\t\t<div class=\"elementor-element elementor-element-72b712d elementor-widget elementor-widget-text-editor\" data-id=\"72b712d\" data-element_type=\"widget\" data-e-type=\"widget\" data-widget_type=\"text-editor.default\">\n\t\t\t\t\t\t\t\t\t<p><span style=\"color: #000000; font-family: Mulish, sans-serif; font-size: 29px; font-weight: bold;\">Recapitulemos: 12 de diciembre de 1930 cae enfermo L\u00e1zaro Chac\u00f3n<\/span><\/p><p>El 12 de diciembre de 1930, el presidente <strong>L\u00e1zaro Chac\u00f3n<\/strong> sufri\u00f3 un derrame cerebral que le impidi\u00f3 continuar al frente del Ejecutivo.\u00a0 Se abri\u00f3 una discusi\u00f3n sobre la sucesi\u00f3n.\u00a0Baudilio Palma, ministro de Hacienda y Segundo Designado a la Presidencia, qued\u00f3 encargado del despacho.\u00a0<\/p><p>Su designaci\u00f3n fue aprobada por la Asamblea Nacional Legislativa el 13 de diciembre. Sin embargo, sectores militares y pol\u00edticos cuestionaron que Palma asumiera el poder porque, correspond\u00eda primero al general <strong>Mauro de Le\u00f3n<\/strong>, ministro de la Guerra y Primer Designado.<\/p>\t\t\t\t\t\t\t\t<\/div>\n\t\t\t\t\t<\/div>\n\t\t\t\t<\/div>\n\t\t<div data-particle_enable=\"false\" data-particle-mobile-disabled=\"false\" class=\"elementor-element elementor-element-2d14463 e-flex e-con-boxed e-con e-parent\" data-id=\"2d14463\" data-element_type=\"container\" data-e-type=\"container\">\n\t\t\t\t\t<div class=\"e-con-inner\">\n\t\t\t\t<div class=\"elementor-element elementor-element-69e63f6 elementor-widget elementor-widget-image\" data-id=\"69e63f6\" data-element_type=\"widget\" data-e-type=\"widget\" data-widget_type=\"image.default\">\n\t\t\t\t\t\t\t\t\t\t\t\t<figure class=\"wp-caption\">\n\t\t\t\t\t\t\t\t\t\t<img decoding=\"async\" width=\"1140\" height=\"916\" src=\"https:\/\/soymigrante.com\/revista\/wp-content\/uploads\/2026\/08\/general-manuel-orellana-1930-presidentes-de-guatemala-goberno-del-16-al-31-de-diciembre-1930-1140x916.png\" class=\"attachment-large size-large wp-image-63491\" alt=\"El propio general Manuel Mar\u00eda Orellana (1870-1940) dirigi\u00f3 el movimiento militar que llev\u00f3 a la renuncia de Baudilio Palma a solo cuatro d\u00edas de haber asumido como presidente provisional de Guatemala. (Ilustracion IA basada en retrato hist\u00f3rico)\" srcset=\"https:\/\/soymigrante.com\/revista\/wp-content\/uploads\/2026\/08\/general-manuel-orellana-1930-presidentes-de-guatemala-goberno-del-16-al-31-de-diciembre-1930-1140x916.png 1140w, https:\/\/soymigrante.com\/revista\/wp-content\/uploads\/2026\/08\/general-manuel-orellana-1930-presidentes-de-guatemala-goberno-del-16-al-31-de-diciembre-1930-300x241.png 300w, https:\/\/soymigrante.com\/revista\/wp-content\/uploads\/2026\/08\/general-manuel-orellana-1930-presidentes-de-guatemala-goberno-del-16-al-31-de-diciembre-1930-768x617.png 768w, https:\/\/soymigrante.com\/revista\/wp-content\/uploads\/2026\/08\/general-manuel-orellana-1930-presidentes-de-guatemala-goberno-del-16-al-31-de-diciembre-1930-750x603.png 750w, https:\/\/soymigrante.com\/revista\/wp-content\/uploads\/2026\/08\/general-manuel-orellana-1930-presidentes-de-guatemala-goberno-del-16-al-31-de-diciembre-1930.png 1399w\" sizes=\"(max-width: 1140px) 100vw, 1140px\" \/>\t\t\t\t\t\t\t\t\t\t\t<figcaption class=\"widget-image-caption wp-caption-text\">El propio general Manuel Mar\u00eda Orellana (1870-1940) dirigi\u00f3 el movimiento militar que llev\u00f3 a la renuncia de Baudilio Palma a solo cuatro d\u00edas de haber asumido como presidente provisional de Guatemala. (Ilustracion IA basada en retrato hist\u00f3rico)<\/figcaption>\n\t\t\t\t\t\t\t\t\t\t<\/figure>\n\t\t\t\t\t\t\t\t\t<\/div>\n\t\t\t\t\t<\/div>\n\t\t\t\t<\/div>\n\t\t<div data-particle_enable=\"false\" data-particle-mobile-disabled=\"false\" class=\"elementor-element elementor-element-9d9004f e-flex e-con-boxed e-con e-parent\" data-id=\"9d9004f\" data-element_type=\"container\" data-e-type=\"container\">\n\t\t\t\t\t<div class=\"e-con-inner\">\n\t\t\t\t<div class=\"elementor-element elementor-element-31ae143 elementor-widget elementor-widget-text-editor\" data-id=\"31ae143\" data-element_type=\"widget\" data-e-type=\"widget\" data-widget_type=\"text-editor.default\">\n\t\t\t\t\t\t\t\t\t<p><span style=\"color: #000000; font-family: Mulish, sans-serif; font-size: 29px; font-weight: bold;\">16 de diciembre: Manuel Orellana mueve tropas<\/span><\/p><p>Cuatro d\u00edas despu\u00e9s de hacer asumido el abogado Baudilio Palma, el general Manuel Mar\u00eda Orellana orden\u00f3 movilizar hacia el centro de la capital a las tropas del Fuerte de San Rafael de Matamoros. Lo respald\u00f3 el general Luis Leonardo y el movimiento fue apoyado por los partidos Liberal, Progresista e Independiente, quienes consideraban &#8220;ileg\u00edtimo&#8221; a Palma (quien deseaba seguir las pol\u00edticas democr\u00e1ticas de Chac\u00f3n)<\/p><p>A las <strong>4:05 de la tarde<\/strong> comenz\u00f3 el enfrentamiento en los alrededores de la Plaza de Armas. Las fuerzas rebeldes se enfrentaron con los efectivos que todav\u00eda respaldaban a Palma. El combate dur\u00f3 aproximadamente una hora y dej\u00f3 alrededor de 50 muertos y heridos, seg\u00fan el relato publicado entonces por <em>Nuestro Diario<\/em>.<\/p><p>Entre los muertos estuvo el general Mauro de Le\u00f3n, precisamente el militar cuya condici\u00f3n de Primer Designado hab\u00eda sido utilizada como uno de los principales argumentos para justificar el levantamiento. Palma tambi\u00e9n fue visto disparando, pero al final termin\u00f3 refugi\u00e1ndose en la Legaci\u00f3n de Alemania.<\/p>\t\t\t\t\t\t\t\t<\/div>\n\t\t\t\t\t<\/div>\n\t\t\t\t<\/div>\n\t\t<div data-particle_enable=\"false\" data-particle-mobile-disabled=\"false\" class=\"elementor-element elementor-element-7f785c7 e-flex e-con-boxed e-con e-parent\" data-id=\"7f785c7\" data-element_type=\"container\" data-e-type=\"container\">\n\t\t\t\t\t<div class=\"e-con-inner\">\n\t\t\t\t<div class=\"elementor-element elementor-element-e1d6ec9 elementor-widget elementor-widget-image\" data-id=\"e1d6ec9\" data-element_type=\"widget\" data-e-type=\"widget\" data-widget_type=\"image.default\">\n\t\t\t\t\t\t\t\t\t\t\t\t<figure class=\"wp-caption\">\n\t\t\t\t\t\t\t\t\t\t<img decoding=\"async\" width=\"819\" height=\"1024\" src=\"https:\/\/soymigrante.com\/revista\/wp-content\/uploads\/2026\/08\/manuel-maria-orellana-general-asume-el-16-de-diciembre-de-1930-819x1024.png\" class=\"attachment-large size-large wp-image-63498\" alt=\"El movimiento militar liderado por el general Manuel Orellana habr\u00eda tenido como objetivo que se nombrara como presidente al Primer Designado, el general Mauro de Le\u00f3n, sin embargo este muri\u00f3 durante los enfrentamientos entre golpistas y fuerzas militares gubernamentales. As\u00ed que tras deliberar y votar entre tres aspirantes, la Asamblea nombr\u00f3 presidente provisional al general Manuel Orellana. (Ilustraci\u00f3n IA hecha con base en retratos hist\u00f3ricos)\" srcset=\"https:\/\/soymigrante.com\/revista\/wp-content\/uploads\/2026\/08\/manuel-maria-orellana-general-asume-el-16-de-diciembre-de-1930-819x1024.png 819w, https:\/\/soymigrante.com\/revista\/wp-content\/uploads\/2026\/08\/manuel-maria-orellana-general-asume-el-16-de-diciembre-de-1930-240x300.png 240w, https:\/\/soymigrante.com\/revista\/wp-content\/uploads\/2026\/08\/manuel-maria-orellana-general-asume-el-16-de-diciembre-de-1930-768x960.png 768w, https:\/\/soymigrante.com\/revista\/wp-content\/uploads\/2026\/08\/manuel-maria-orellana-general-asume-el-16-de-diciembre-de-1930-750x937.png 750w, https:\/\/soymigrante.com\/revista\/wp-content\/uploads\/2026\/08\/manuel-maria-orellana-general-asume-el-16-de-diciembre-de-1930.png 1122w\" sizes=\"(max-width: 819px) 100vw, 819px\" \/>\t\t\t\t\t\t\t\t\t\t\t<figcaption class=\"widget-image-caption wp-caption-text\">El movimiento militar liderado por el general Manuel Orellana habr\u00eda tenido como objetivo que se nombrara como presidente al Primer Designado, el general Mauro de Le\u00f3n, sin embargo este muri\u00f3 durante los enfrentamientos entre golpistas y fuerzas militares gubernamentales. As\u00ed que tras deliberar y votar entre tres aspirantes, la Asamblea nombr\u00f3 presidente provisional al general Manuel Orellana. (Ilustraci\u00f3n IA hecha con base en retratos hist\u00f3ricos)<\/figcaption>\n\t\t\t\t\t\t\t\t\t\t<\/figure>\n\t\t\t\t\t\t\t\t\t<\/div>\n\t\t\t\t\t<\/div>\n\t\t\t\t<\/div>\n\t\t<div data-particle_enable=\"false\" data-particle-mobile-disabled=\"false\" class=\"elementor-element elementor-element-b57cc09 e-flex e-con-boxed e-con e-parent\" data-id=\"b57cc09\" data-element_type=\"container\" data-e-type=\"container\">\n\t\t\t\t\t<div class=\"e-con-inner\">\n\t\t\t\t<div class=\"elementor-element elementor-element-5a2445f elementor-widget elementor-widget-text-editor\" data-id=\"5a2445f\" data-element_type=\"widget\" data-e-type=\"widget\" data-widget_type=\"text-editor.default\">\n\t\t\t\t\t\t\t\t\t<p><span style=\"color: #000000; font-family: Mulish, sans-serif; font-size: 29px; font-weight: bold;\">No fue golpe, dijo Orellana: fue \u201creivindicaci\u00f3n\u201d<\/span><\/p><p>En el bolet\u00edn oficial reproducido por <em>Nuestro Diario<\/em>, el movimiento armado fue presentado como un acto de <strong>\u201creivindicaci\u00f3n pol\u00edtica\u201d<\/strong>. La acusaci\u00f3n contra Palma era contundente: se le calificaba de <strong>\u201cusurpador de la Presidencia\u201d<\/strong>, porque, seg\u00fan los militares sublevados, se hab\u00eda violado la Constituci\u00f3n al no respetar la sucesi\u00f3n que correspond\u00eda al Primer Designado: el general Mauro de Le\u00f3n.<\/p><p>La versi\u00f3n de los vencedores sosten\u00eda que la Asamblea hab\u00eda sido obligada por la fuerza a aceptar el nombramiento de Palma y que, por tanto, el levantamiento ten\u00eda como prop\u00f3sito restaurar el orden constitucional. Sin embargo, Mauro ya no pod\u00eda asumir porque muri\u00f3 en la batalla.<\/p>\t\t\t\t\t\t\t\t<\/div>\n\t\t\t\t\t<\/div>\n\t\t\t\t<\/div>\n\t\t<div data-particle_enable=\"false\" data-particle-mobile-disabled=\"false\" class=\"elementor-element elementor-element-140bff3 e-flex e-con-boxed e-con e-parent\" data-id=\"140bff3\" data-element_type=\"container\" data-e-type=\"container\">\n\t\t\t\t\t<div class=\"e-con-inner\">\n\t\t\t\t<div class=\"elementor-element elementor-element-39ad49f elementor-widget elementor-widget-image\" data-id=\"39ad49f\" data-element_type=\"widget\" data-e-type=\"widget\" data-widget_type=\"image.default\">\n\t\t\t\t\t\t\t\t\t\t\t\t<figure class=\"wp-caption\">\n\t\t\t\t\t\t\t\t\t\t<img loading=\"lazy\" decoding=\"async\" width=\"768\" height=\"1024\" src=\"https:\/\/soymigrante.com\/revista\/wp-content\/uploads\/2026\/08\/noticia-del-golpe-de-Estado-en-Nuestro-Diario-768x1024.jpg\" class=\"attachment-large size-large wp-image-63503\" alt=\"En su edici\u00f3n del 17 de diciembre de 1930, el peri\u00f3dico Nuestro Diario public\u00f3 el relato del enfrentamiento entre fuerzas militares leales a Baudilio Palma y los comandados por el general Manuel Orellana, quien al final oblig\u00f3 al primero a renunciar y despu\u00e9s fue nombrado presidente provisional.\" srcset=\"https:\/\/soymigrante.com\/revista\/wp-content\/uploads\/2026\/08\/noticia-del-golpe-de-Estado-en-Nuestro-Diario-768x1024.jpg 768w, https:\/\/soymigrante.com\/revista\/wp-content\/uploads\/2026\/08\/noticia-del-golpe-de-Estado-en-Nuestro-Diario-225x300.jpg 225w, https:\/\/soymigrante.com\/revista\/wp-content\/uploads\/2026\/08\/noticia-del-golpe-de-Estado-en-Nuestro-Diario-750x1000.jpg 750w, https:\/\/soymigrante.com\/revista\/wp-content\/uploads\/2026\/08\/noticia-del-golpe-de-Estado-en-Nuestro-Diario.jpg 960w\" sizes=\"(max-width: 768px) 100vw, 768px\" \/>\t\t\t\t\t\t\t\t\t\t\t<figcaption class=\"widget-image-caption wp-caption-text\">En su edici\u00f3n del 17 de diciembre de 1930, el peri\u00f3dico Nuestro Diario public\u00f3 el relato del enfrentamiento entre fuerzas militares leales a Baudilio Palma y los comandados por el general Manuel Orellana, quien al final oblig\u00f3 al primero a renunciar y despu\u00e9s fue nombrado presidente provisional.<\/figcaption>\n\t\t\t\t\t\t\t\t\t\t<\/figure>\n\t\t\t\t\t\t\t\t\t<\/div>\n\t\t\t\t\t<\/div>\n\t\t\t\t<\/div>\n\t\t<div data-particle_enable=\"false\" data-particle-mobile-disabled=\"false\" class=\"elementor-element elementor-element-97b1af0 e-flex e-con-boxed e-con e-parent\" data-id=\"97b1af0\" data-element_type=\"container\" data-e-type=\"container\">\n\t\t\t\t\t<div class=\"e-con-inner\">\n\t\t\t\t<div class=\"elementor-element elementor-element-6b4a966 elementor-widget elementor-widget-text-editor\" data-id=\"6b4a966\" data-element_type=\"widget\" data-e-type=\"widget\" data-widget_type=\"text-editor.default\">\n\t\t\t\t\t\t\t\t\t<p><span style=\"color: #000000; font-family: Mulish, sans-serif; font-size: 29px; font-weight: bold;\">17 de diciembre: Orellana, presidente<\/span><\/p><p>Despu\u00e9s de la derrota de las fuerzas leales a Palma, Manuel Orellana le exigi\u00f3 su renuncia y se qued\u00f3 al frente del gobierno y se produjo una reorganizaci\u00f3n del gabinete.\u00a0La Asamblea Nacional Legislativa fue convocada para resolver la situaci\u00f3n creada por el levantamiento. Hab\u00eda tres aspirantes, pero finalmente\u00a0 Manuel Mar\u00eda Orellana fue designado por voto mayoritario en el Congreso para asumir la presidencia provisionalmente.<\/p><p>Desde el Ejecutivo, Orellana comenz\u00f3 a reorganizar el gabinete y los cuarteles militares. Pero su principal problema no estaba \u00fanicamente en los poderes internos de Guatemala.\u00a0\u00a0El cambio de gobierno hab\u00eda ocurrido en un momento especialmente delicado para las relaciones con Estados Unidos. Washington ten\u00eda importantes intereses econ\u00f3micos en Guatemala, entre ellos los vinculados con la <strong>United Fruit Company<\/strong> y sus empresas subsidiarias.\u00a0Y Estados Unidos ya hab\u00eda reconocido a Palma.<\/p>\t\t\t\t\t\t\t\t<\/div>\n\t\t\t\t\t<\/div>\n\t\t\t\t<\/div>\n\t\t<div data-particle_enable=\"false\" data-particle-mobile-disabled=\"false\" class=\"elementor-element elementor-element-9b26008 e-flex e-con-boxed e-con e-parent\" data-id=\"9b26008\" data-element_type=\"container\" data-e-type=\"container\">\n\t\t\t\t\t<div class=\"e-con-inner\">\n\t\t\t\t<div class=\"elementor-element elementor-element-3eba046 elementor-widget elementor-widget-text-editor\" data-id=\"3eba046\" data-element_type=\"widget\" data-e-type=\"widget\" data-widget_type=\"text-editor.default\">\n\t\t\t\t\t\t\t\t\t<p><span style=\"color: #000000; font-family: Mulish, sans-serif; font-size: 29px; font-weight: bold;\">La presi\u00f3n de Washington<\/span><\/p>\n<p>Cuando el gobierno estadounidense conoci\u00f3 el derrocamiento de Palma, dej\u00f3 claro que no reconocer\u00eda a Orellana. El ministro plenipotenciario estadounidense <strong>Sheltom Whitehouse<\/strong> fue enviado para comunicarle la posici\u00f3n de Washington. La presi\u00f3n estadounidense se traslad\u00f3 tambi\u00e9n a la Asamblea Nacional para conseguir la salida del militar.<\/p>\n<p>El problema para Orellana era que su gobierno pod\u00eda haber ganado la batalla militar, pero enfrentaba ahora una batalla diplom\u00e1tica que dif\u00edcilmente pod\u00eda ganar.<\/p>\n<p>La explicaci\u00f3n que recibi\u00f3 sobre la posici\u00f3n estadounidense era sencilla: Washington hab\u00eda reconocido a Palma y consideraba inaceptable que, pocos d\u00edas despu\u00e9s, Guatemala tuviera otro presidente como resultado de un levantamiento armado. La estabilidad pol\u00edtica tambi\u00e9n era importante para los intereses econ\u00f3micos estadounidenses en el pa\u00eds.<\/p>\n<p>Ante esa presi\u00f3n, Orellana termin\u00f3 aceptando abandonar el poder.<\/p>\n<h3>31 de diciembre: el final de Orellana<\/h3>\n<p>El 31 de diciembre de 1930, la Asamblea aprob\u00f3 la salida de Manuel Mar\u00eda Orellana, bas\u00e1ndose en un hecho previo: el presidente L\u00e1zaro Chac\u00f3n hab\u00eda estado suspendido en el cargo por su derrame cerebral, pero no hab\u00eda renunciado a\u00fan.&nbsp; As\u00ed que aquel 31 renunci\u00f3 Chac\u00f3n y con ello, al no estar los dos sucesores designados, se nombr\u00f3&nbsp;<span>a <\/span><strong>Jos\u00e9 Mar\u00eda Reina Andrade<\/strong><span> como su sucesor provisional.&nbsp;El <\/span><strong>2 de enero de 1931<\/strong><span>, Reina Andrade asumi\u00f3 formalmente la Presidencia.<\/span><\/p>\n<p><span>El episodio dej\u00f3 una consecuencia pol\u00edtica todav\u00eda mayor. La inestabilidad de diciembre de 1930 abri\u00f3 el camino para las elecciones de febrero de 1931, en las que <\/span><strong>Jorge Ubico<\/strong><span> result\u00f3 electo como candidato \u00fanico.<\/span><\/p>\n<h3>El v\u00ednculo de Orellana con Jorge Ubico<\/h3>\n<p>La historia del general Manuel Orellana tambi\u00e9n se cruza con la de Ubico de una manera particularmente significativa.<\/p>\n<p>Manuel Mar\u00eda Orellana era primo del general <strong>Jos\u00e9 Mar\u00eda Orellana Pinto<\/strong>, presidente entre 1921 y 1926. Durante aquel per\u00edodo, Orellana Pinto hab\u00eda nombrado a <strong>Jorge Ubico jefe de su polic\u00eda secreta<\/strong>.<\/p>\n<p>Cuando Ubico lleg\u00f3 a la Presidencia, reconoci\u00f3 la relaci\u00f3n de afinidad que exist\u00eda con ambos militares, as\u00ed que en honor a Jos\u00e9 Mar\u00eda Orellana ascendi\u00f3 a Manuel Orellana a <strong>general de divisi\u00f3n<\/strong> y lo destin\u00f3 como agregado militar de la Embajada de Guatemala en Espa\u00f1a.<\/p>\n<p>Orellana permaneci\u00f3 en Espa\u00f1a durante los a\u00f1os siguientes y muri\u00f3 en Barcelona el <strong>17 de junio de 1940<\/strong>.<\/p>\n<h3>Un presidente durante 16 d\u00edas<\/h3>\n<p>El paso de Manuel Mar\u00eda Orellana por la Presidencia fue fugaz, pero condens\u00f3 varios de los rasgos de la pol\u00edtica guatemalteca de aquella \u00e9poca: la influencia decisiva de los militares, las disputas sobre la sucesi\u00f3n constitucional, los gobiernos surgidos de levantamientos armados y el peso de Estados Unidos sobre la estabilidad pol\u00edtica del pa\u00eds.<\/p>\n<p>Orellana quiso presentar su llegada al poder como una reivindicaci\u00f3n del orden constitucional contra un <strong>\u201cusurpador\u201d<\/strong>. La historia, sin embargo, registr\u00f3 el episodio como un golpe de Estado.<\/p>\n<p>Y la paradoja final fue que el militar que hab\u00eda tomado la Presidencia para defender, seg\u00fan sus partidarios, la legalidad, termin\u00f3 abandon\u00e1ndola ante una presi\u00f3n diplom\u00e1tica que dej\u00f3 claro que en la Guatemala de 1930 la fuerza de las armas no era suficiente para garantizar la permanencia de un gobierno.<\/p>\t\t\t\t\t\t\t\t<\/div>\n\t\t\t\t\t<\/div>\n\t\t\t\t<\/div>\n\t\t\t\t<\/div>\n\t\t","protected":false},"excerpt":{"rendered":"<p>El general Manuel Orellana era el jefe del fuerte de Matamoros e inici\u00f3 un movimiento militar contra el presidente Baudilio Palma, quien solo gobern\u00f3 4 d\u00edas. Orellana tom\u00f3 el mando, pero solo dur\u00f3 hasta el 31 de diciembre: USA no lo acept\u00f3 en el poder. Un enviado del gobierno de Estados Unidos lleg\u00f3 con un [&hellip;]<\/p>\n","protected":false},"author":1,"featured_media":63488,"comment_status":"open","ping_status":"open","sticky":false,"template":"","format":"standard","meta":{"_acf_changed":false,"_eb_attr":"","footnotes":""},"categories":[317],"tags":[],"class_list":["post-63383","post","type-post","status-publish","format-standard","has-post-thumbnail","hentry","category-presidentes-de-guatemala"],"acf":[],"aioseo_notices":[],"aioseo_head":"\n\t\t<!-- All in One SEO Pro 5.0.1.1 - aioseo.com -->\n\t<meta name=\"description\" content=\"El general Manuel Orellana era el jefe del fuerte de Matamoros e inici\u00f3 un movimiento militar contra el presidente Baudilio Palma, quien solo gobern\u00f3 4 d\u00edas. Orellana tom\u00f3 el mando, pero solo dur\u00f3 hasta el 31 de diciembre: USA no lo acept\u00f3 en el poder. Un enviado del gobierno de Estados Unidos lleg\u00f3 con un\" \/>\n\t<meta name=\"robots\" content=\"max-snippet:-1, max-image-preview:large, max-video-preview:-1\" \/>\n\t<meta name=\"author\" content=\"SoyMigrante.com REVISTA\"\/>\n\t<link rel=\"canonical\" href=\"https:\/\/soymigrante.com\/revista\/presidentes-de-guatemala-31-asume-el-general-manuel-orellana-pero-usa-no-lo-acepto\/\" \/>\n\t<meta name=\"generator\" content=\"All in One SEO Pro (AIOSEO) 5.0.1.1\" \/>\n\n\t\t<link rel=\"preconnect\" href=\"https:\/\/fonts.googleapis.com\" crossorigin>\n<link rel=\"preconnect\" href=\"https:\/\/fonts.gstatic.com\" crossorigin>\n\t\t<meta property=\"og:locale\" content=\"es_ES\" \/>\n\t\t<meta property=\"og:site_name\" content=\"SoyMigrante.com REVISTA \u2013 Nuestra misi\u00f3n es reconocer y dignificar al migrante.\" \/>\n\t\t<meta property=\"og:type\" content=\"article\" \/>\n\t\t<meta property=\"og:title\" content=\"Presidentes de Guatemala (31) general Manuel Orellana (1930)\" \/>\n\t\t<meta property=\"og:description\" content=\"El general Manuel Orellana depuso a Baudilio Palma, el 16 de diciembre de 1930 por considerarlo &quot;usurpador&quot;. Orellana fue nombrado presidente pero renunci\u00f3 el 31.\" \/>\n\t\t<meta property=\"og:url\" content=\"https:\/\/soymigrante.com\/revista\/presidentes-de-guatemala-31-asume-el-general-manuel-orellana-pero-usa-no-lo-acepto\/\" \/>\n\t\t<meta property=\"og:image\" content=\"https:\/\/soymigrante.com\/revista\/wp-content\/uploads\/2026\/08\/general-manuel-orellana-presidentes-de-guatemala-1930-scaled.jpg\" \/>\n\t\t<meta property=\"og:image:secure_url\" content=\"https:\/\/soymigrante.com\/revista\/wp-content\/uploads\/2026\/08\/general-manuel-orellana-presidentes-de-guatemala-1930-scaled.jpg\" \/>\n\t\t<meta property=\"og:image:width\" content=\"2560\" \/>\n\t\t<meta property=\"og:image:height\" content=\"2560\" \/>\n\t\t<meta property=\"article:published_time\" content=\"2026-09-01T00:57:43+00:00\" \/>\n\t\t<meta property=\"article:modified_time\" content=\"2026-09-01T01:16:16+00:00\" \/>\n\t\t<meta property=\"article:publisher\" content=\"https:\/\/www.facebook.com\/soymigrantecom\" \/>\n\t\t<meta name=\"twitter:card\" content=\"summary_large_image\" \/>\n\t\t<meta name=\"twitter:site\" content=\"@SoyMigrante_com\" \/>\n\t\t<meta name=\"twitter:title\" content=\"Presidentes de Guatemala (31) general Manuel Orellana (1930)\" \/>\n\t\t<meta name=\"twitter:description\" content=\"El general Manuel Orellana depuso a Baudilio Palma, el 16 de diciembre de 1930 por considerarlo &quot;usurpador&quot;. Orellana fue nombrado presidente pero renunci\u00f3 el 31.\" \/>\n\t\t<meta name=\"twitter:creator\" content=\"@SoyMigrante_com\" \/>\n\t\t<meta name=\"twitter:image\" content=\"https:\/\/soymigrante.com\/revista\/wp-content\/uploads\/2026\/08\/general-manuel-orellana-presidentes-de-guatemala-1930-scaled.jpg\" \/>\n\t\t<!-- All in One SEO Pro -->\r\n\t\t<title>Presidentes de Guatemala (31) asume el general Manuel Orellana pero USA no lo acept\u00f3<\/title>\n\n","aioseo_head_json":{"title":"Presidentes de Guatemala (31) asume el general Manuel Orellana pero USA no lo acept\u00f3","description":"El general Manuel Orellana era el jefe del fuerte de Matamoros e inici\u00f3 un movimiento militar contra el presidente Baudilio Palma, quien solo gobern\u00f3 4 d\u00edas. Orellana tom\u00f3 el mando, pero solo dur\u00f3 hasta el 31 de diciembre: USA no lo acept\u00f3 en el poder. Un enviado del gobierno de Estados Unidos lleg\u00f3 con un","canonical_url":"https:\/\/soymigrante.com\/revista\/presidentes-de-guatemala-31-asume-el-general-manuel-orellana-pero-usa-no-lo-acepto\/","robots":"max-snippet:-1, max-image-preview:large, max-video-preview:-1","keywords":"","webmasterTools":{"miscellaneous":"&lt;link rel=\"preconnect\" href=\"https:\/\/fonts.googleapis.com\" crossorigin&gt;\n&lt;link rel=\"preconnect\" href=\"https:\/\/fonts.gstatic.com\" crossorigin&gt;"},"schema":null,"og:locale":"es_ES","og:site_name":"SoyMigrante.com REVISTA \u2013 Nuestra misi\u00f3n es reconocer y dignificar al migrante.","og:type":"article","og:title":"Presidentes de Guatemala (31) general Manuel Orellana (1930)","og:description":"El general Manuel Orellana depuso a Baudilio Palma, el 16 de diciembre de 1930 por considerarlo &quot;usurpador&quot;. Orellana fue nombrado presidente pero renunci\u00f3 el 31.","og:url":"https:\/\/soymigrante.com\/revista\/presidentes-de-guatemala-31-asume-el-general-manuel-orellana-pero-usa-no-lo-acepto\/","og:image":"https:\/\/soymigrante.com\/revista\/wp-content\/uploads\/2026\/08\/general-manuel-orellana-presidentes-de-guatemala-1930-scaled.jpg","og:image:secure_url":"https:\/\/soymigrante.com\/revista\/wp-content\/uploads\/2026\/08\/general-manuel-orellana-presidentes-de-guatemala-1930-scaled.jpg","og:image:width":2560,"og:image:height":2560,"article:published_time":"2026-09-01T00:57:43+00:00","article:modified_time":"2026-09-01T01:16:16+00:00","article:publisher":"https:\/\/www.facebook.com\/soymigrantecom","twitter:card":"summary_large_image","twitter:site":"@SoyMigrante_com","twitter:title":"Presidentes de Guatemala (31) general Manuel Orellana (1930)","twitter:description":"El general Manuel Orellana depuso a Baudilio Palma, el 16 de diciembre de 1930 por considerarlo &quot;usurpador&quot;. Orellana fue nombrado presidente pero renunci\u00f3 el 31.","twitter:creator":"@SoyMigrante_com","twitter:image":"https:\/\/soymigrante.com\/revista\/wp-content\/uploads\/2026\/08\/general-manuel-orellana-presidentes-de-guatemala-1930-scaled.jpg"},"aioseo_meta_data":{"post_id":"63383","title":null,"description":null,"keywords":null,"keyphrases":{"focus":{"keyphrase":"presidentes de guatemala","score":0,"analysis":[]},"additional":[{"keyphrase":"Guatemala","score":0},{"keyphrase":"historia","score":0}]},"primary_term":null,"canonical_url":null,"og_title":"Presidentes de Guatemala (31) general Manuel Orellana (1930)","og_description":"El general Manuel Orellana depuso a Baudilio Palma, el 16 de diciembre de 1930 por considerarlo \"usurpador\". Orellana fue nombrado presidente pero renunci\u00f3 el 31.","og_object_type":"default","og_image_type":"default","og_image_url":null,"og_image_width":null,"og_image_height":null,"og_image_custom_url":null,"og_image_custom_fields":null,"og_video":"","og_custom_url":null,"og_article_section":null,"og_article_tags":null,"twitter_use_og":false,"twitter_card":"default","twitter_image_type":"default","twitter_image_url":null,"twitter_image_custom_url":null,"twitter_image_custom_fields":null,"twitter_title":null,"twitter_description":null,"schema":{"blockGraphs":[],"customGraphs":[],"default":{"data":{"Article":[],"Course":[],"Dataset":[],"FAQPage":[],"Movie":[],"Person":[],"Product":[],"ProductReview":[],"Car":[],"Recipe":[],"Service":[],"SoftwareApplication":[],"WebPage":[]},"graphName":"NewsArticle","isEnabled":true},"graphs":[]},"schema_type":"default","schema_type_options":null,"pillar_content":false,"robots_default":true,"robots_noindex":false,"robots_noarchive":false,"robots_nosnippet":false,"robots_nofollow":false,"robots_noimageindex":false,"robots_noodp":false,"robots_notranslate":false,"robots_max_snippet":"-1","robots_max_videopreview":"-1","robots_max_imagepreview":"large","priority":null,"frequency":"default","local_seo":null,"seo_analyzer_scan_date":"2026-09-01 01:16:17","breadcrumb_settings":null,"limit_modified_date":false,"reviewed_by":"0","open_ai":null,"ai":{"faqs":[],"keyPoints":[],"schemas":[],"titles":[],"descriptions":[],"socialPosts":{"email":{"subject":"","preview":"","content":""},"linkedin":[],"twitter":[],"facebook":[],"instagram":[]}},"created":"2026-08-31 18:35:24","updated":"2026-09-01 01:31:24","focus_keyword":"presidentes de guatemala","additional_keywords":[{"word":"Guatemala","score":89,"items":{"introductionKeyword":{"score":3},"keyphraseLength":{"score":9},"keyphraseDensity":{"score":9},"functionWordsInKeyphrase":{"score":9},"textCompetingLinks":{"score":9},"imageKeyphrase":{"score":9}}},{"word":"historia","score":74,"items":{"introductionKeyword":{"score":3},"keyphraseLength":{"score":9},"keyphraseDensity":{"score":4},"functionWordsInKeyphrase":{"score":9},"textCompetingLinks":{"score":9},"imageKeyphrase":{"score":6}}}],"truseo_locale":null},"aioseo_breadcrumb":"<div class=\"aioseo-breadcrumbs\"><span class=\"aioseo-breadcrumb\">\n\t<a href=\"https:\/\/soymigrante.com\/revista\" title=\"Home\">Home<\/a>\n<\/span><span class=\"aioseo-breadcrumb-separator\">\u00bb<\/span><span class=\"aioseo-breadcrumb\">\n\t<a href=\"https:\/\/soymigrante.com\/revista\/category\/guate-nuestra\/\" title=\"Guate Nuestra\">Guate Nuestra<\/a>\n<\/span><span class=\"aioseo-breadcrumb-separator\">\u00bb<\/span><span class=\"aioseo-breadcrumb\">\n\t<a href=\"https:\/\/soymigrante.com\/revista\/category\/guate-nuestra\/presidentes-de-guatemala\/\" title=\"Presidentes de Guatemala\">Presidentes de Guatemala<\/a>\n<\/span><span class=\"aioseo-breadcrumb-separator\">\u00bb<\/span><span class=\"aioseo-breadcrumb\">\n\tPresidentes de Guatemala (31) asume el general Manuel Orellana pero USA no lo acept\u00f3\n<\/span><\/div>","aioseo_breadcrumb_json":[{"label":"Home","link":"https:\/\/soymigrante.com\/revista"},{"label":"Guate Nuestra","link":"https:\/\/soymigrante.com\/revista\/category\/guate-nuestra\/"},{"label":"Presidentes de Guatemala","link":"https:\/\/soymigrante.com\/revista\/category\/guate-nuestra\/presidentes-de-guatemala\/"},{"label":"Presidentes de Guatemala (31) asume el general Manuel Orellana pero USA no lo acept\u00f3","link":"https:\/\/soymigrante.com\/revista\/presidentes-de-guatemala-31-asume-el-general-manuel-orellana-pero-usa-no-lo-acepto\/"}],"_links":{"self":[{"href":"https:\/\/soymigrante.com\/revista\/wp-json\/wp\/v2\/posts\/63383","targetHints":{"allow":["GET"]}}],"collection":[{"href":"https:\/\/soymigrante.com\/revista\/wp-json\/wp\/v2\/posts"}],"about":[{"href":"https:\/\/soymigrante.com\/revista\/wp-json\/wp\/v2\/types\/post"}],"author":[{"embeddable":true,"href":"https:\/\/soymigrante.com\/revista\/wp-json\/wp\/v2\/users\/1"}],"replies":[{"embeddable":true,"href":"https:\/\/soymigrante.com\/revista\/wp-json\/wp\/v2\/comments?post=63383"}],"version-history":[{"count":19,"href":"https:\/\/soymigrante.com\/revista\/wp-json\/wp\/v2\/posts\/63383\/revisions"}],"predecessor-version":[{"id":63522,"href":"https:\/\/soymigrante.com\/revista\/wp-json\/wp\/v2\/posts\/63383\/revisions\/63522"}],"wp:featuredmedia":[{"embeddable":true,"href":"https:\/\/soymigrante.com\/revista\/wp-json\/wp\/v2\/media\/63488"}],"wp:attachment":[{"href":"https:\/\/soymigrante.com\/revista\/wp-json\/wp\/v2\/media?parent=63383"}],"wp:term":[{"taxonomy":"category","embeddable":true,"href":"https:\/\/soymigrante.com\/revista\/wp-json\/wp\/v2\/categories?post=63383"},{"taxonomy":"post_tag","embeddable":true,"href":"https:\/\/soymigrante.com\/revista\/wp-json\/wp\/v2\/tags?post=63383"}],"curies":[{"name":"wp","href":"https:\/\/api.w.org\/{rel}","templated":true}]}}