{"id":6331,"date":"2024-05-13T16:13:22","date_gmt":"2024-05-13T22:13:22","guid":{"rendered":"https:\/\/soymigrante.com\/revista\/?p=6331"},"modified":"2025-09-17T08:26:27","modified_gmt":"2025-09-17T14:26:27","slug":"cuantos-guatemaltecos-hay-en-estados-unidos-minex-2024-cifras-migrantes","status":"publish","type":"post","link":"https:\/\/soymigrante.com\/revista\/cuantos-guatemaltecos-hay-en-estados-unidos-minex-2024-cifras-migrantes\/","title":{"rendered":"Cifra actualizada de cuantos guatemaltecos hay en Estados Unidos en 2024"},"content":{"rendered":"\t\t<div data-elementor-type=\"wp-post\" data-elementor-id=\"6331\" class=\"elementor elementor-6331\" data-elementor-post-type=\"post\">\n\t\t\t\t\t\t<section data-particle_enable=\"false\" data-particle-mobile-disabled=\"false\" class=\"elementor-section elementor-top-section elementor-element elementor-element-639b986 elementor-section-boxed elementor-section-height-default elementor-section-height-default\" data-id=\"639b986\" data-element_type=\"section\" data-e-type=\"section\">\n\t\t\t\t\t\t<div class=\"elementor-container elementor-column-gap-default\">\n\t\t\t\t\t<div class=\"elementor-column elementor-col-100 elementor-top-column elementor-element elementor-element-f51a111\" data-id=\"f51a111\" data-element_type=\"column\" data-e-type=\"column\">\n\t\t\t<div class=\"elementor-widget-wrap elementor-element-populated\">\n\t\t\t\t\t\t<div class=\"elementor-element elementor-element-bca7422 elementor-widget elementor-widget-heading\" data-id=\"bca7422\" data-element_type=\"widget\" data-e-type=\"widget\" data-widget_type=\"heading.default\">\n\t\t\t\t\t<h2 class=\"elementor-heading-title elementor-size-default\">California sigue teniendo el primer lugar en n\u00famero de migrantes guatemaltecos, pero qu\u00e9 Estados le siguen: el Ministerio de Relaciones Exteriores revela las cifras 2024 y tambi\u00e9n presenta un mapa de presencia de etnias mayas en EE.UU.<\/h2>\t\t\t\t<\/div>\n\t\t\t\t\t<\/div>\n\t\t<\/div>\n\t\t\t\t\t<\/div>\n\t\t<\/section>\n\t\t\t\t<section data-particle_enable=\"false\" data-particle-mobile-disabled=\"false\" class=\"elementor-section elementor-top-section elementor-element elementor-element-abc43b3 elementor-section-boxed elementor-section-height-default elementor-section-height-default\" data-id=\"abc43b3\" data-element_type=\"section\" data-e-type=\"section\">\n\t\t\t\t\t\t<div class=\"elementor-container elementor-column-gap-default\">\n\t\t\t\t\t<div class=\"elementor-column elementor-col-100 elementor-top-column elementor-element elementor-element-febe630\" data-id=\"febe630\" data-element_type=\"column\" data-e-type=\"column\">\n\t\t\t<div class=\"elementor-widget-wrap elementor-element-populated\">\n\t\t\t\t\t\t<div class=\"elementor-element elementor-element-6628558 elementor-widget elementor-widget-text-editor\" data-id=\"6628558\" data-element_type=\"widget\" data-e-type=\"widget\" data-widget_type=\"text-editor.default\">\n\t\t\t\t\t\t\t\t\t<p>La<a href=\"https:\/\/soymigrante.com\/revista\/buscas-un-consulado-de-guatemala-en-us-contactos-ubicacion-y-citas-de-todos\/\"> Red Consular de Guatemala<\/a> presta servicios a los guatemaltecos radicados fuera del pa\u00eds. En Estados Unidos, donde se encuentra la mayor\u00eda de connacionales, hay <a href=\"https:\/\/soymigrante.com\/revista\/buscas-un-consulado-de-guatemala-en-us-contactos-ubicacion-y-citas-de-todos\/\">consulados guatemaltecos en 22 ciudades, <\/a>donde se prestan servicios de tr\u00e1mite de documentos, asesor\u00eda migratoria y apoyo para repatriaci\u00f3n de fallecidos.<\/p><p>Tambi\u00e9n se lleva un registro estad\u00edstico de los lugares de residencia de los migrantes que efect\u00faan tr\u00e1mites y gestiones, independientemente de su estatus legal.\u00a0 <a href=\"https:\/\/www.minex.gob.gt\/\">El Ministerio de Relaciones Exteriores public\u00f3 en su p\u00e1gina web<\/a> el m\u00e1s reciente dato consolidado de d\u00f3nde viven los guatemaltecos en Estados Unidos, en total y por ciudades.<\/p>\t\t\t\t\t\t\t\t<\/div>\n\t\t\t\t\t<\/div>\n\t\t<\/div>\n\t\t\t\t\t<\/div>\n\t\t<\/section>\n\t\t\t\t<section data-particle_enable=\"false\" data-particle-mobile-disabled=\"false\" class=\"elementor-section elementor-top-section elementor-element elementor-element-eb4095e elementor-section-boxed elementor-section-height-default elementor-section-height-default\" data-id=\"eb4095e\" data-element_type=\"section\" data-e-type=\"section\">\n\t\t\t\t\t\t<div class=\"elementor-container elementor-column-gap-default\">\n\t\t\t\t\t<div class=\"elementor-column elementor-col-100 elementor-top-column elementor-element elementor-element-8d5b353\" data-id=\"8d5b353\" data-element_type=\"column\" data-e-type=\"column\">\n\t\t\t<div class=\"elementor-widget-wrap elementor-element-populated\">\n\t\t\t\t\t\t<div class=\"elementor-element elementor-element-b669180 elementor-headline--style-highlight elementor-widget elementor-widget-animated-headline\" data-id=\"b669180\" data-element_type=\"widget\" data-e-type=\"widget\" data-settings=\"{&quot;highlighted_text&quot;:&quot; 3 millones 256 mil 47 migrantes guatemaltecos&quot;,&quot;headline_style&quot;:&quot;highlight&quot;,&quot;marker&quot;:&quot;circle&quot;,&quot;loop&quot;:&quot;yes&quot;,&quot;highlight_animation_duration&quot;:1200,&quot;highlight_iteration_delay&quot;:8000}\" data-widget_type=\"animated-headline.default\">\n\t\t\t\t\t\t\t<h3 class=\"elementor-headline\">\n\t\t\t\t\t<span class=\"elementor-headline-plain-text elementor-headline-text-wrapper\">Seg\u00fan la Red Consular del Ministerio de Relaciones Exteriores de Guatemala existen<\/span>\n\t\t\t\t<span class=\"elementor-headline-dynamic-wrapper elementor-headline-text-wrapper\">\n\t\t\t\t\t<span class=\"elementor-headline-dynamic-text elementor-headline-text-active\"> 3 millones 256 mil 47 migrantes guatemaltecos<\/span>\n\t\t\t\t<\/span>\n\t\t\t\t\t<span class=\"elementor-headline-plain-text elementor-headline-text-wrapper\">radicados en Estados Unidos<\/span>\n\t\t\t\t\t<\/h3>\n\t\t\t\t\t\t<\/div>\n\t\t\t\t<div class=\"elementor-element elementor-element-35dd2c0 elementor-widget elementor-widget-image\" data-id=\"35dd2c0\" data-element_type=\"widget\" data-e-type=\"widget\" data-widget_type=\"image.default\">\n\t\t\t\t\t\t\t\t\t\t\t\t\t\t\t<img fetchpriority=\"high\" decoding=\"async\" width=\"896\" height=\"646\" src=\"https:\/\/soymigrante.com\/revista\/wp-content\/uploads\/2024\/05\/mapa-red-consular-guatemalteca.webp\" class=\"attachment-large size-large wp-image-6334\" alt=\"Poblaci\u00f3n estimada de guatemaltecos en Estados Unidos, destacando comunidades inmigrantes, cifras clave, y mapas de distribuci\u00f3n para an\u00e1lisis migratorio y estudios demogr\u00e1ficos.\" srcset=\"https:\/\/soymigrante.com\/revista\/wp-content\/uploads\/2024\/05\/mapa-red-consular-guatemalteca.webp 896w, https:\/\/soymigrante.com\/revista\/wp-content\/uploads\/2024\/05\/mapa-red-consular-guatemalteca-300x216.webp 300w, https:\/\/soymigrante.com\/revista\/wp-content\/uploads\/2024\/05\/mapa-red-consular-guatemalteca-768x554.webp 768w, https:\/\/soymigrante.com\/revista\/wp-content\/uploads\/2024\/05\/mapa-red-consular-guatemalteca-120x86.webp 120w, https:\/\/soymigrante.com\/revista\/wp-content\/uploads\/2024\/05\/mapa-red-consular-guatemalteca-750x541.webp 750w\" sizes=\"(max-width: 896px) 100vw, 896px\" title=\"El mapa del Minex est\u00e1 actualizado hasta enero de 2024 y es la cifra m\u00e1s reciente as\u00ed como la m\u00e1s documentada debido a que es recopilada por la red de consulados. (Captura de pantalla de la p\u00e1gina web del Ministerio de Relaciones Exteriores) \u2013 SoyMigrante.com REVISTA\" \/>\t\t\t\t\t\t\t\t\t\t\t\t\t\t\t<\/div>\n\t\t\t\t\t<\/div>\n\t\t<\/div>\n\t\t\t\t\t<\/div>\n\t\t<\/section>\n\t\t\t\t<section data-particle_enable=\"false\" data-particle-mobile-disabled=\"false\" class=\"elementor-section elementor-top-section elementor-element elementor-element-89db745 elementor-section-boxed elementor-section-height-default elementor-section-height-default\" data-id=\"89db745\" data-element_type=\"section\" data-e-type=\"section\">\n\t\t\t\t\t\t<div class=\"elementor-container elementor-column-gap-default\">\n\t\t\t\t\t<div class=\"elementor-column elementor-col-100 elementor-top-column elementor-element elementor-element-2252e7a\" data-id=\"2252e7a\" data-element_type=\"column\" data-e-type=\"column\">\n\t\t\t<div class=\"elementor-widget-wrap elementor-element-populated\">\n\t\t\t\t\t\t<div class=\"elementor-element elementor-element-e9b3fb0 elementor-widget elementor-widget-heading\" data-id=\"e9b3fb0\" data-element_type=\"widget\" data-e-type=\"widget\" data-widget_type=\"heading.default\">\n\t\t\t\t\t<h3 class=\"elementor-heading-title elementor-size-default\">2.26 millones de guatemaltecos en solo 9 estados<\/h3>\t\t\t\t<\/div>\n\t\t\t\t\t<\/div>\n\t\t<\/div>\n\t\t\t\t\t<\/div>\n\t\t<\/section>\n\t\t\t\t<section data-particle_enable=\"false\" data-particle-mobile-disabled=\"false\" class=\"elementor-section elementor-top-section elementor-element elementor-element-4100bea elementor-section-boxed elementor-section-height-default elementor-section-height-default\" data-id=\"4100bea\" data-element_type=\"section\" data-e-type=\"section\">\n\t\t\t\t\t\t<div class=\"elementor-container elementor-column-gap-default\">\n\t\t\t\t\t<div class=\"elementor-column elementor-col-100 elementor-top-column elementor-element elementor-element-c5bb99c\" data-id=\"c5bb99c\" data-element_type=\"column\" data-e-type=\"column\">\n\t\t\t<div class=\"elementor-widget-wrap elementor-element-populated\">\n\t\t\t\t\t\t<div class=\"elementor-element elementor-element-e099117 elementor-widget elementor-widget-text-editor\" data-id=\"e099117\" data-element_type=\"widget\" data-e-type=\"widget\" data-widget_type=\"text-editor.default\">\n\t\t\t\t\t\t\t\t\t<p>Aunque Estados Unidos tiene 50 estados, la poblaci\u00f3n de guatemaltecos se concentra en nueve de ellos: <b>California, Texas, Florida, New York, New Jersey, Maryland, Virginia, Nevada y Georgia<\/b>. Todos tienen arriba de 100 mil conacionales y suman 2.26 millones. Solo en esos territorios.<\/p><p>California sigue siendo, por mucho, el mayor n\u00facleo de migrantes guatemaltecos con <b>1 mill\u00f3n 152 mil 699.\u00a0<\/b> Le sigue Texas, con <b>182 mil 665<\/b> guatemaltecos; a continuaci\u00f3n est\u00e1 Florida, con <b>165 mil.<\/b><\/p><p>En Nueva York radican <b>158 mil 461<\/b> guatemaltecos; New Jersey es hogar de 1<b>57 mil 029;<\/b> en Maryland residen <b>134 mil 300;<\/b> en Virginia viven <b>110 mil 100<\/b>; en Nevada hay <b>107 mil 577<\/b> y en Georgia, <b>101 mil 981.<\/b><\/p><p>Los Estados con menos de mil guatemaltecos reportados, son:<\/p><p>Islas V\u00edrgenes, con 50 guatemaltecos; Alaska con 360; Vermont, 396; Nuevo M\u00e9xico con solo 492; Montana con 500; Maine con 637 y New Hampshire 934. En el territorio asociado de Puerto Rico, que no es un Estado pero tiene v\u00ednculo directo con EE.UU. hay 800 guatemaltecos registrados por la red consular6\u00a0<\/p>\t\t\t\t\t\t\t\t<\/div>\n\t\t\t\t\t<\/div>\n\t\t<\/div>\n\t\t\t\t\t<\/div>\n\t\t<\/section>\n\t\t\t\t<section data-particle_enable=\"false\" data-particle-mobile-disabled=\"false\" class=\"elementor-section elementor-top-section elementor-element elementor-element-a7189fb elementor-section-boxed elementor-section-height-default elementor-section-height-default\" data-id=\"a7189fb\" data-element_type=\"section\" data-e-type=\"section\">\n\t\t\t\t\t\t<div class=\"elementor-container elementor-column-gap-default\">\n\t\t\t\t\t<div class=\"elementor-column elementor-col-100 elementor-top-column elementor-element elementor-element-6f0000b\" data-id=\"6f0000b\" data-element_type=\"column\" data-e-type=\"column\">\n\t\t\t<div class=\"elementor-widget-wrap elementor-element-populated\">\n\t\t\t\t\t\t<div class=\"elementor-element elementor-element-ac5cd3c elementor-widget elementor-widget-image\" data-id=\"ac5cd3c\" data-element_type=\"widget\" data-e-type=\"widget\" data-widget_type=\"image.default\">\n\t\t\t\t\t\t\t\t\t\t\t\t<figure class=\"wp-caption\">\n\t\t\t\t\t\t\t\t\t\t<img decoding=\"async\" width=\"825\" height=\"731\" src=\"https:\/\/soymigrante.com\/revista\/wp-content\/uploads\/2024\/05\/Captura-de-pantalla-2024-05-09-224824.webp\" class=\"attachment-large size-large wp-image-6342\" alt=\"Cada vez con mayor frecuencia y en m\u00e1s localidades de Estados Unidos, los guatemaltecos celebran las fiestas patrias y se congregan para expresar orgullo por su identidad multicultural. (Fotograf\u00eda de Chapines de Coraz\u00f3n Houston)\" srcset=\"https:\/\/soymigrante.com\/revista\/wp-content\/uploads\/2024\/05\/Captura-de-pantalla-2024-05-09-224824.webp 825w, https:\/\/soymigrante.com\/revista\/wp-content\/uploads\/2024\/05\/Captura-de-pantalla-2024-05-09-224824-300x266.webp 300w, https:\/\/soymigrante.com\/revista\/wp-content\/uploads\/2024\/05\/Captura-de-pantalla-2024-05-09-224824-768x680.webp 768w, https:\/\/soymigrante.com\/revista\/wp-content\/uploads\/2024\/05\/Captura-de-pantalla-2024-05-09-224824-750x665.jpg 750w\" sizes=\"(max-width: 825px) 100vw, 825px\" title=\"Cada vez con mayor frecuencia y en m\u00e1s localidades de Estados Unidos, los guatemaltecos celebran las fiestas patrias y se congregan para expresar orgullo por su identidad multicultural. (Fotograf\u00eda de Chapines de Coraz\u00f3n Houston) \u2013 SoyMigrante.com REVISTA\" \/>\t\t\t\t\t\t\t\t\t\t\t<figcaption class=\"widget-image-caption wp-caption-text\">Cada vez con mayor frecuencia y en m\u00e1s localidades de Estados Unidos, los guatemaltecos celebran las fiestas patrias y se congregan para expresar orgullo por su identidad multicultural. (Fotograf\u00eda de Chapines de Coraz\u00f3n Houston)<\/figcaption>\n\t\t\t\t\t\t\t\t\t\t<\/figure>\n\t\t\t\t\t\t\t\t\t<\/div>\n\t\t\t\t\t<\/div>\n\t\t<\/div>\n\t\t\t\t\t<\/div>\n\t\t<\/section>\n\t\t\t\t<section data-particle_enable=\"false\" data-particle-mobile-disabled=\"false\" class=\"elementor-section elementor-top-section elementor-element elementor-element-2801e5d elementor-section-boxed elementor-section-height-default elementor-section-height-default\" data-id=\"2801e5d\" data-element_type=\"section\" data-e-type=\"section\">\n\t\t\t\t\t\t<div class=\"elementor-container elementor-column-gap-default\">\n\t\t\t\t\t<div class=\"elementor-column elementor-col-100 elementor-top-column elementor-element elementor-element-ac1e3ef\" data-id=\"ac1e3ef\" data-element_type=\"column\" data-e-type=\"column\">\n\t\t\t<div class=\"elementor-widget-wrap elementor-element-populated\">\n\t\t\t\t\t\t<div class=\"elementor-element elementor-element-41983e2 elementor-widget elementor-widget-heading\" data-id=\"41983e2\" data-element_type=\"widget\" data-e-type=\"widget\" data-widget_type=\"heading.default\">\n\t\t\t\t\t<h3 class=\"elementor-heading-title elementor-size-default\">A continuaci\u00f3n todos los Estados y cifras seg\u00fan los n\u00fameros consignados en el  mapa del Minex <\/h3>\t\t\t\t<\/div>\n\t\t\t\t\t<\/div>\n\t\t<\/div>\n\t\t\t\t\t<\/div>\n\t\t<\/section>\n\t\t\t\t<section data-particle_enable=\"false\" data-particle-mobile-disabled=\"false\" class=\"elementor-section elementor-top-section elementor-element elementor-element-d93b924 elementor-section-boxed elementor-section-height-default elementor-section-height-default\" data-id=\"d93b924\" data-element_type=\"section\" data-e-type=\"section\">\n\t\t\t\t\t\t<div class=\"elementor-container elementor-column-gap-default\">\n\t\t\t\t\t<div class=\"elementor-column elementor-col-100 elementor-top-column elementor-element elementor-element-34325e8\" data-id=\"34325e8\" data-element_type=\"column\" data-e-type=\"column\">\n\t\t\t<div class=\"elementor-widget-wrap elementor-element-populated\">\n\t\t\t\t\t\t<div class=\"elementor-element elementor-element-f61b61f elementor-invisible elementor-widget elementor-widget-image\" data-id=\"f61b61f\" data-element_type=\"widget\" data-e-type=\"widget\" data-settings=\"{&quot;_animation&quot;:&quot;slideInLeft&quot;}\" data-widget_type=\"image.default\">\n\t\t\t\t\t\t\t\t\t\t\t\t\t\t\t<img decoding=\"async\" width=\"552\" height=\"726\" src=\"https:\/\/soymigrante.com\/revista\/wp-content\/uploads\/2024\/05\/1.webp\" class=\"attachment-large size-large wp-image-6353\" alt=\"Cuantos guatemaltecos hay en Estados Unidos. Datos 2024 por Estados de la Red Consular del Minex\" srcset=\"https:\/\/soymigrante.com\/revista\/wp-content\/uploads\/2024\/05\/1.webp 552w, https:\/\/soymigrante.com\/revista\/wp-content\/uploads\/2024\/05\/1-228x300.webp 228w\" sizes=\"(max-width: 552px) 100vw, 552px\" title=\"Cuantos guatemaltecos hay en Estados Unidos. Datos 2024 por Estados de la Red Consular del Minex \u2013 SoyMigrante.com REVISTA\" \/>\t\t\t\t\t\t\t\t\t\t\t\t\t\t\t<\/div>\n\t\t\t\t\t<\/div>\n\t\t<\/div>\n\t\t\t\t\t<\/div>\n\t\t<\/section>\n\t\t\t\t<section data-particle_enable=\"false\" data-particle-mobile-disabled=\"false\" class=\"elementor-section elementor-top-section elementor-element elementor-element-62b8e92 elementor-section-boxed elementor-section-height-default elementor-section-height-default\" data-id=\"62b8e92\" data-element_type=\"section\" data-e-type=\"section\">\n\t\t\t\t\t\t<div class=\"elementor-container elementor-column-gap-default\">\n\t\t\t\t\t<div class=\"elementor-column elementor-col-100 elementor-top-column elementor-element elementor-element-438cefe\" data-id=\"438cefe\" data-element_type=\"column\" data-e-type=\"column\">\n\t\t\t<div class=\"elementor-widget-wrap elementor-element-populated\">\n\t\t\t\t\t\t<div class=\"elementor-element elementor-element-da05fdc elementor-invisible elementor-widget elementor-widget-image\" data-id=\"da05fdc\" data-element_type=\"widget\" data-e-type=\"widget\" data-settings=\"{&quot;_animation&quot;:&quot;fadeInRight&quot;}\" data-widget_type=\"image.default\">\n\t\t\t\t\t\t\t\t\t\t\t\t\t\t\t<img loading=\"lazy\" decoding=\"async\" width=\"552\" height=\"767\" src=\"https:\/\/soymigrante.com\/revista\/wp-content\/uploads\/2024\/05\/Captura-de-pantalla-2024-05-10-011227.webp\" class=\"attachment-large size-large wp-image-6355\" alt=\"Cuantos guatemaltecos hay en Estados Unidos. Datos 2024 por Estados de la Red Consular del Minex\" srcset=\"https:\/\/soymigrante.com\/revista\/wp-content\/uploads\/2024\/05\/Captura-de-pantalla-2024-05-10-011227.webp 552w, https:\/\/soymigrante.com\/revista\/wp-content\/uploads\/2024\/05\/Captura-de-pantalla-2024-05-10-011227-216x300.webp 216w\" sizes=\"(max-width: 552px) 100vw, 552px\" title=\"Cuantos guatemaltecos hay en Estados Unidos. Datos 2024 por Estados de la Red Consular del Minex \u2013 SoyMigrante.com REVISTA\" \/>\t\t\t\t\t\t\t\t\t\t\t\t\t\t\t<\/div>\n\t\t\t\t\t<\/div>\n\t\t<\/div>\n\t\t\t\t\t<\/div>\n\t\t<\/section>\n\t\t\t\t<section data-particle_enable=\"false\" data-particle-mobile-disabled=\"false\" class=\"elementor-section elementor-top-section elementor-element elementor-element-25b8bd9 elementor-section-boxed elementor-section-height-default elementor-section-height-default\" data-id=\"25b8bd9\" data-element_type=\"section\" data-e-type=\"section\">\n\t\t\t\t\t\t<div class=\"elementor-container elementor-column-gap-default\">\n\t\t\t\t\t<div class=\"elementor-column elementor-col-100 elementor-top-column elementor-element elementor-element-0ee6bac\" data-id=\"0ee6bac\" data-element_type=\"column\" data-e-type=\"column\">\n\t\t\t<div class=\"elementor-widget-wrap elementor-element-populated\">\n\t\t\t\t\t\t<div class=\"elementor-element elementor-element-506cbae elementor-invisible elementor-widget elementor-widget-image\" data-id=\"506cbae\" data-element_type=\"widget\" data-e-type=\"widget\" data-settings=\"{&quot;_animation&quot;:&quot;fadeInUp&quot;}\" data-widget_type=\"image.default\">\n\t\t\t\t\t\t\t\t\t\t\t\t<figure class=\"wp-caption\">\n\t\t\t\t\t\t\t\t\t\t<img loading=\"lazy\" decoding=\"async\" width=\"490\" height=\"763\" src=\"https:\/\/soymigrante.com\/revista\/wp-content\/uploads\/2024\/05\/Captura-de-pantalla-2024-05-10-011637.webp\" class=\"attachment-large size-large wp-image-6357\" alt=\"Cuantos guatemaltecos hay en Estados Unidos. Datos 2024 por Estados de la Red Consular del Minex\" srcset=\"https:\/\/soymigrante.com\/revista\/wp-content\/uploads\/2024\/05\/Captura-de-pantalla-2024-05-10-011637.webp 490w, https:\/\/soymigrante.com\/revista\/wp-content\/uploads\/2024\/05\/Captura-de-pantalla-2024-05-10-011637-193x300.webp 193w\" sizes=\"(max-width: 490px) 100vw, 490px\" title=\"Cuantos guatemaltecos hay en Estados Unidos. Datos 2024 por Estados de la Red Consular del Minex \u2013 SoyMigrante.com REVISTA\" \/>\t\t\t\t\t\t\t\t\t\t\t<figcaption class=\"widget-image-caption wp-caption-text\">Cuantos guatemaltecos hay en Estados Unidos. Datos 2024 por Estados de la Red Consular del Minex<\/figcaption>\n\t\t\t\t\t\t\t\t\t\t<\/figure>\n\t\t\t\t\t\t\t\t\t<\/div>\n\t\t\t\t\t<\/div>\n\t\t<\/div>\n\t\t\t\t\t<\/div>\n\t\t<\/section>\n\t\t\t\t<section data-particle_enable=\"false\" data-particle-mobile-disabled=\"false\" class=\"elementor-section elementor-top-section elementor-element elementor-element-dc246ed elementor-section-boxed elementor-section-height-default elementor-section-height-default\" data-id=\"dc246ed\" data-element_type=\"section\" data-e-type=\"section\">\n\t\t\t\t\t\t<div class=\"elementor-container elementor-column-gap-default\">\n\t\t\t\t\t<div class=\"elementor-column elementor-col-100 elementor-top-column elementor-element elementor-element-eadc825\" data-id=\"eadc825\" data-element_type=\"column\" data-e-type=\"column\">\n\t\t\t<div class=\"elementor-widget-wrap elementor-element-populated\">\n\t\t\t\t\t\t<div class=\"elementor-element elementor-element-42064f5 elementor-widget elementor-widget-heading\" data-id=\"42064f5\" data-element_type=\"widget\" data-e-type=\"widget\" data-widget_type=\"heading.default\">\n\t\t\t\t\t<h3 class=\"elementor-heading-title elementor-size-default\">Guatemaltecos mayas en los Estados Unidos <\/h3>\t\t\t\t<\/div>\n\t\t\t\t\t<\/div>\n\t\t<\/div>\n\t\t\t\t\t<\/div>\n\t\t<\/section>\n\t\t\t\t<section data-particle_enable=\"false\" data-particle-mobile-disabled=\"false\" class=\"elementor-section elementor-top-section elementor-element elementor-element-39ef797 elementor-section-boxed elementor-section-height-default elementor-section-height-default\" data-id=\"39ef797\" data-element_type=\"section\" data-e-type=\"section\">\n\t\t\t\t\t\t<div class=\"elementor-container elementor-column-gap-default\">\n\t\t\t\t\t<div class=\"elementor-column elementor-col-100 elementor-top-column elementor-element elementor-element-0d9c05e\" data-id=\"0d9c05e\" data-element_type=\"column\" data-e-type=\"column\">\n\t\t\t<div class=\"elementor-widget-wrap elementor-element-populated\">\n\t\t\t\t\t\t<div class=\"elementor-element elementor-element-97f5274 elementor-widget elementor-widget-text-editor\" data-id=\"97f5274\" data-element_type=\"widget\" data-e-type=\"widget\" data-widget_type=\"text-editor.default\">\n\t\t\t\t\t\t\t\t\t<p>Una de las grandes novedades del mapa de migrantes guatemaltecos en Estados Unidos del <a href=\"https:\/\/www.minex.gob.gt\/\">Minex<\/a> es que tambi\u00e9n presenta la concentraci\u00f3n de guatemaltecos pertenecientes a una etnia maya.\u00a0<\/p><p>Se reflejan <a href=\"https:\/\/soymigrante.com\/revista\/migrantes-mayas-identidad-eeuu\/\">los guatemaltecos mayahablantes<\/a> que m\u00e1s acuden a los servicios de los consulados. No se dan cifras pero se tiene una visi\u00f3n m\u00e1s clara de la multiculturalidad guatemalteca presente en la Uni\u00f3n Americana. Las etnias mam, kiche, kaqchiq&#8217;el, q&#8217;anjob&#8217;al e ixil est\u00e1n entre las de mayor frecuencia en varios Estados.<\/p>\t\t\t\t\t\t\t\t<\/div>\n\t\t\t\t\t<\/div>\n\t\t<\/div>\n\t\t\t\t\t<\/div>\n\t\t<\/section>\n\t\t\t\t<section data-particle_enable=\"false\" data-particle-mobile-disabled=\"false\" class=\"elementor-section elementor-top-section elementor-element elementor-element-d8cf115 elementor-section-boxed elementor-section-height-default elementor-section-height-default\" data-id=\"d8cf115\" data-element_type=\"section\" data-e-type=\"section\">\n\t\t\t\t\t\t<div class=\"elementor-container elementor-column-gap-default\">\n\t\t\t\t\t<div class=\"elementor-column elementor-col-100 elementor-top-column elementor-element elementor-element-38357a0\" data-id=\"38357a0\" data-element_type=\"column\" data-e-type=\"column\">\n\t\t\t<div class=\"elementor-widget-wrap elementor-element-populated\">\n\t\t\t\t\t\t<div class=\"elementor-element elementor-element-de5db99 elementor-widget elementor-widget-image\" data-id=\"de5db99\" data-element_type=\"widget\" data-e-type=\"widget\" data-widget_type=\"image.default\">\n\t\t\t\t\t\t\t\t\t\t\t\t\t\t\t<img loading=\"lazy\" decoding=\"async\" width=\"917\" height=\"627\" src=\"https:\/\/soymigrante.com\/revista\/wp-content\/uploads\/2024\/05\/Captura-de-pantalla-2024-05-09-172200.webp\" class=\"attachment-large size-large wp-image-6341\" alt=\"Secci\u00f3n del mapa de EE.UU. con estados en diferentes colores, resaltando el contexto migratorio y comunitario en la revista SoyMigrante.com REVISTA.\" srcset=\"https:\/\/soymigrante.com\/revista\/wp-content\/uploads\/2024\/05\/Captura-de-pantalla-2024-05-09-172200.webp 917w, https:\/\/soymigrante.com\/revista\/wp-content\/uploads\/2024\/05\/Captura-de-pantalla-2024-05-09-172200-300x205.webp 300w, https:\/\/soymigrante.com\/revista\/wp-content\/uploads\/2024\/05\/Captura-de-pantalla-2024-05-09-172200-768x525.webp 768w, https:\/\/soymigrante.com\/revista\/wp-content\/uploads\/2024\/05\/Captura-de-pantalla-2024-05-09-172200-750x513.webp 750w\" sizes=\"(max-width: 917px) 100vw, 917px\" title=\"Captura de pantalla 2024-05-09 172200 \u2013 SoyMigrante.com REVISTA\" \/>\t\t\t\t\t\t\t\t\t\t\t\t\t\t\t<\/div>\n\t\t\t\t\t<\/div>\n\t\t<\/div>\n\t\t\t\t\t<\/div>\n\t\t<\/section>\n\t\t\t\t<section data-particle_enable=\"false\" data-particle-mobile-disabled=\"false\" class=\"elementor-section elementor-top-section elementor-element elementor-element-9e16f37 elementor-section-boxed elementor-section-height-default elementor-section-height-default\" data-id=\"9e16f37\" data-element_type=\"section\" data-e-type=\"section\">\n\t\t\t\t\t\t<div class=\"elementor-container elementor-column-gap-default\">\n\t\t\t\t\t<div class=\"elementor-column elementor-col-100 elementor-top-column elementor-element elementor-element-2dd7373\" data-id=\"2dd7373\" data-element_type=\"column\" data-e-type=\"column\">\n\t\t\t<div class=\"elementor-widget-wrap elementor-element-populated\">\n\t\t\t\t\t\t<div class=\"elementor-element elementor-element-b3d8a71 elementor-widget elementor-widget-heading\" data-id=\"b3d8a71\" data-element_type=\"widget\" data-e-type=\"widget\" data-widget_type=\"heading.default\">\n\t\t\t\t\t<h2 class=\"elementor-heading-title elementor-size-default\">El aporte de los guatemaltecos en Estados Unidos es enorme y creciente<\/h2>\t\t\t\t<\/div>\n\t\t\t\t\t<\/div>\n\t\t<\/div>\n\t\t\t\t\t<\/div>\n\t\t<\/section>\n\t\t\t\t<section data-particle_enable=\"false\" data-particle-mobile-disabled=\"false\" class=\"elementor-section elementor-top-section elementor-element elementor-element-7dec6d9 elementor-section-boxed elementor-section-height-default elementor-section-height-default\" data-id=\"7dec6d9\" data-element_type=\"section\" data-e-type=\"section\">\n\t\t\t\t\t\t<div class=\"elementor-container elementor-column-gap-default\">\n\t\t\t\t\t<div class=\"elementor-column elementor-col-100 elementor-top-column elementor-element elementor-element-ceb7796\" data-id=\"ceb7796\" data-element_type=\"column\" data-e-type=\"column\">\n\t\t\t<div class=\"elementor-widget-wrap elementor-element-populated\">\n\t\t\t\t\t\t<div class=\"elementor-element elementor-element-a766bfb elementor-grid-eael-col-3 elementor-grid-tablet-eael-col-2 elementor-grid-mobile-eael-col-1 elementor-widget elementor-widget-eael-post-grid\" data-id=\"a766bfb\" data-element_type=\"widget\" data-e-type=\"widget\" data-settings=\"{&quot;eael_post_grid_columns&quot;:&quot;eael-col-3&quot;,&quot;eael_post_grid_columns_tablet&quot;:&quot;eael-col-2&quot;,&quot;eael_post_grid_columns_mobile&quot;:&quot;eael-col-1&quot;}\" data-widget_type=\"eael-post-grid.default\">\n\t\t\t\t\t<div id=\"eael-post-grid-a766bfb\" class=\"eael-post-grid-container\">\n            <div class=\"eael-post-grid eael-post-appender eael-post-appender-a766bfb eael-post-grid-style-one\" data-layout-mode=\"masonry\"><article class=\"eael-grid-post  eael-post-grid-column eael-pg-post-6276 category-estamos-unidos tags-remesas-migrantes\" data-id=\"6276\">\n        <div class=\"eael-grid-post-holder\">\n            <div class=\"eael-grid-post-holder-inner\"><div class=\"eael-entry-media\"><div class=\"eael-entry-overlay fade-in\"><i class=\"fas fa-long-arrow-alt-right\" aria-hidden=\"true\"><\/i><a href=\"https:\/\/soymigrante.com\/revista\/remesas-migrantes-guatemaltecoso-estados-unidos-abril-2024\/\"><\/a><\/div><div class=\"eael-entry-thumbnail \">\n                <img loading=\"lazy\" decoding=\"async\" width=\"300\" height=\"225\" src=\"https:\/\/soymigrante.com\/revista\/wp-content\/uploads\/2024\/05\/WhatsApp-Image-2024-05-07-at-3.53.12-PM-300x225.webp\" class=\"attachment-medium size-medium wp-image-6281\" alt=\"Dinero en billete de cien d\u00f3lares entre hojas verdes de helecho, s\u00edmbolo de econom\u00eda y migraci\u00f3n en Am\u00e9rica, una imagen relevante para temas financieros y migrantes en SoyMigrante.com REVISTA.\" srcset=\"https:\/\/soymigrante.com\/revista\/wp-content\/uploads\/2024\/05\/WhatsApp-Image-2024-05-07-at-3.53.12-PM-300x225.webp 300w, https:\/\/soymigrante.com\/revista\/wp-content\/uploads\/2024\/05\/WhatsApp-Image-2024-05-07-at-3.53.12-PM-768x576.webp 768w, https:\/\/soymigrante.com\/revista\/wp-content\/uploads\/2024\/05\/WhatsApp-Image-2024-05-07-at-3.53.12-PM-750x563.webp 750w, https:\/\/soymigrante.com\/revista\/wp-content\/uploads\/2024\/05\/WhatsApp-Image-2024-05-07-at-3.53.12-PM.webp 942w\" sizes=\"(max-width: 300px) 100vw, 300px\" \/>\n            <\/div>\n        <\/div><div class=\"eael-entry-wrapper\"><header class=\"eael-entry-header\"><h2 class=\"eael-entry-title\"><a class=\"eael-grid-post-link\" href=\"https:\/\/soymigrante.com\/revista\/remesas-migrantes-guatemaltecoso-estados-unidos-abril-2024\/\" title=\"Sigue el ascenso:  US$6,530  millones en remesas enviadas a Guatemala en 4 meses de 2024\">Sigue el ascenso:  US$6,530  millones en remesas enviadas a Guatemala en 4 meses de 2024<\/a><\/h2><\/header><div class=\"eael-entry-content\">\n                        <div class=\"eael-grid-post-excerpt\"><p>Contin\u00faa el crecimiento en env\u00edo de remesas de migrantes guatemaltecos...<\/p><\/div>\n                    <\/div><\/div><\/div>\n        <\/div>\n    <\/article><article class=\"eael-grid-post  eael-post-grid-column eael-pg-post-4723 category-estamos-unidos tags-remesas-migrantes\" data-id=\"4723\">\n        <div class=\"eael-grid-post-holder\">\n            <div class=\"eael-grid-post-holder-inner\"><div class=\"eael-entry-media\"><div class=\"eael-entry-overlay fade-in\"><i class=\"fas fa-long-arrow-alt-right\" aria-hidden=\"true\"><\/i><a href=\"https:\/\/soymigrante.com\/revista\/con-us1468-millones-en-remesas-migrantes-arranca-el-2024\/\"><\/a><\/div><div class=\"eael-entry-thumbnail \">\n                <img loading=\"lazy\" decoding=\"async\" width=\"300\" height=\"261\" src=\"https:\/\/soymigrante.com\/revista\/wp-content\/uploads\/2024\/02\/Captura-de-pantalla-2024-02-05-144303-300x261.webp\" class=\"attachment-medium size-medium wp-image-4728\" alt=\"Ilustraci\u00f3n para remesas migrantes enero 2024\" srcset=\"https:\/\/soymigrante.com\/revista\/wp-content\/uploads\/2024\/02\/Captura-de-pantalla-2024-02-05-144303-300x261.webp 300w, https:\/\/soymigrante.com\/revista\/wp-content\/uploads\/2024\/02\/Captura-de-pantalla-2024-02-05-144303-768x667.webp 768w, https:\/\/soymigrante.com\/revista\/wp-content\/uploads\/2024\/02\/Captura-de-pantalla-2024-02-05-144303-750x651.webp 750w, https:\/\/soymigrante.com\/revista\/wp-content\/uploads\/2024\/02\/Captura-de-pantalla-2024-02-05-144303.webp 913w\" sizes=\"(max-width: 300px) 100vw, 300px\" \/>\n            <\/div>\n        <\/div><div class=\"eael-entry-wrapper\"><header class=\"eael-entry-header\"><h2 class=\"eael-entry-title\"><a class=\"eael-grid-post-link\" href=\"https:\/\/soymigrante.com\/revista\/con-us1468-millones-en-remesas-migrantes-arranca-el-2024\/\" title=\"Con US$1468 millones en remesas migrantes arranca el 2024\">Con US$1468 millones en remesas migrantes arranca el 2024<\/a><\/h2><\/header><div class=\"eael-entry-content\">\n                        <div class=\"eael-grid-post-excerpt\"><p>S\u00ed, enero de 2024 marca un nuevo pico hist\u00f3rico en...<\/p><\/div>\n                    <\/div><\/div><\/div>\n        <\/div>\n    <\/article><article class=\"eael-grid-post  eael-post-grid-column eael-pg-post-1756 category-estamos-unidos\" data-id=\"1756\">\n        <div class=\"eael-grid-post-holder\">\n            <div class=\"eael-grid-post-holder-inner\"><div class=\"eael-entry-media\"><div class=\"eael-entry-overlay fade-in\"><i class=\"fas fa-long-arrow-alt-right\" aria-hidden=\"true\"><\/i><a href=\"https:\/\/soymigrante.com\/revista\/aporte-economico-migrantes-guatemala\/\"><\/a><\/div><div class=\"eael-entry-thumbnail \">\n                <img loading=\"lazy\" decoding=\"async\" width=\"300\" height=\"200\" src=\"https:\/\/soymigrante.com\/revista\/wp-content\/uploads\/2023\/07\/mural-seb-300x200.webp\" class=\"attachment-medium size-medium wp-image-1760\" alt=\"Mural del artista huehueteco Armando Seb\" srcset=\"https:\/\/soymigrante.com\/revista\/wp-content\/uploads\/2023\/07\/mural-seb-300x200.webp 300w, https:\/\/soymigrante.com\/revista\/wp-content\/uploads\/2023\/07\/mural-seb-1024x684.webp 1024w, https:\/\/soymigrante.com\/revista\/wp-content\/uploads\/2023\/07\/mural-seb-768x513.webp 768w, https:\/\/soymigrante.com\/revista\/wp-content\/uploads\/2023\/07\/mural-seb-1536x1025.webp 1536w, https:\/\/soymigrante.com\/revista\/wp-content\/uploads\/2023\/07\/mural-seb-750x501.webp 750w, https:\/\/soymigrante.com\/revista\/wp-content\/uploads\/2023\/07\/mural-seb-1140x761.webp 1140w, https:\/\/soymigrante.com\/revista\/wp-content\/uploads\/2023\/07\/mural-seb-600x400.webp 600w, https:\/\/soymigrante.com\/revista\/wp-content\/uploads\/2023\/07\/mural-seb.webp 1920w\" sizes=\"(max-width: 300px) 100vw, 300px\" \/>\n            <\/div>\n        <\/div><div class=\"eael-entry-wrapper\"><header class=\"eael-entry-header\"><h2 class=\"eael-entry-title\"><a class=\"eael-grid-post-link\" href=\"https:\/\/soymigrante.com\/revista\/aporte-economico-migrantes-guatemala\/\" title=\"EDITORIAL: Noble gesto de amor migrante fortalece econom\u00eda de todo un pa\u00eds\">EDITORIAL: Noble gesto de amor migrante fortalece econom\u00eda de todo un pa\u00eds<\/a><\/h2><\/header><div class=\"eael-entry-content\">\n                        <div class=\"eael-grid-post-excerpt\"><p>Remesas de migrantes guatemaltecos superan los US$1,800 millones por segundo...<\/p><\/div>\n                    <\/div><\/div><\/div>\n        <\/div>\n    <\/article><\/div>\n            <div class=\"clearfix\"><\/div>\n        <\/div>\t\t\t\t<\/div>\n\t\t\t\t\t<\/div>\n\t\t<\/div>\n\t\t\t\t\t<\/div>\n\t\t<\/section>\n\t\t\t\t<\/div>\n\t\t","protected":false},"excerpt":{"rendered":"<p>California sigue teniendo el primer lugar en n\u00famero de migrantes guatemaltecos, pero qu\u00e9 Estados le siguen: el Ministerio de Relaciones Exteriores revela las cifras 2024 y tambi\u00e9n presenta un mapa de presencia de etnias mayas en EE.UU. La Red Consular de Guatemala presta servicios a los guatemaltecos radicados fuera del pa\u00eds. En Estados Unidos, donde [&hellip;]<\/p>\n","protected":false},"author":1,"featured_media":6332,"comment_status":"open","ping_status":"open","sticky":false,"template":"","format":"standard","meta":{"_acf_changed":false,"_eb_attr":"","footnotes":""},"categories":[54],"tags":[],"class_list":["post-6331","post","type-post","status-publish","format-standard","has-post-thumbnail","hentry","category-estamos-unidos"],"acf":[],"aioseo_notices":[],"aioseo_head":"\n\t\t<!-- All in One SEO Pro 4.9.6.2 - aioseo.com -->\n\t<meta name=\"description\" content=\"Remesas de migrantes guatemaltecos reflejan su esfuerzo y amor, siendo el principal pilar econ\u00f3mico de Guatemala y superando marcas mes tras mes\" \/>\n\t<meta name=\"robots\" content=\"max-snippet:-1, max-image-preview:large, max-video-preview:-1\" \/>\n\t<meta name=\"author\" content=\"Gustavo Montenegro\"\/>\n\t<link rel=\"canonical\" href=\"https:\/\/soymigrante.com\/revista\/aporte-economico-migrantes-guatemala\/\" \/>\n\t<meta name=\"generator\" content=\"All in One SEO Pro (AIOSEO) 4.9.6.2\" \/>\n\n\t\t<link rel=\"preconnect\" href=\"https:\/\/fonts.googleapis.com\" crossorigin>\n<link rel=\"preconnect\" href=\"https:\/\/fonts.gstatic.com\" crossorigin>\n\t\t<meta property=\"og:locale\" content=\"es_ES\" \/>\n\t\t<meta property=\"og:site_name\" content=\"SoyMigrante.com REVISTA \u2013 Nuestra misi\u00f3n es reconocer y dignificar al migrante.\" \/>\n\t\t<meta property=\"og:type\" content=\"article\" \/>\n\t\t<meta property=\"og:title\" content=\"EDITORIAL: Noble gesto de amor migrante fortalece econom\u00eda de todo un pa\u00eds\" \/>\n\t\t<meta property=\"og:description\" content=\"Remesas de migrantes guatemaltecos reflejan su esfuerzo y amor, siendo el principal pilar econ\u00f3mico de Guatemala y superando marcas mes tras mes\" \/>\n\t\t<meta property=\"og:url\" content=\"https:\/\/soymigrante.com\/revista\/aporte-economico-migrantes-guatemala\/\" \/>\n\t\t<meta property=\"og:image\" content=\"https:\/\/soymigrante.com\/revista\/wp-content\/uploads\/2023\/07\/mural-seb.webp\" \/>\n\t\t<meta property=\"og:image:secure_url\" content=\"https:\/\/soymigrante.com\/revista\/wp-content\/uploads\/2023\/07\/mural-seb.webp\" \/>\n\t\t<meta property=\"og:image:width\" content=\"1920\" \/>\n\t\t<meta property=\"og:image:height\" content=\"1282\" \/>\n\t\t<meta property=\"article:published_time\" content=\"2023-07-06T22:41:36+00:00\" \/>\n\t\t<meta property=\"article:modified_time\" content=\"2024-07-31T17:50:42+00:00\" \/>\n\t\t<meta property=\"article:publisher\" content=\"https:\/\/www.facebook.com\/soymigrantecom\" \/>\n\t\t<meta name=\"twitter:card\" content=\"summary_large_image\" \/>\n\t\t<meta name=\"twitter:site\" content=\"@SoyMigrante_com\" \/>\n\t\t<meta name=\"twitter:title\" content=\"EDITORIAL: Noble gesto de amor migrante fortalece econom\u00eda de todo un pa\u00eds\" \/>\n\t\t<meta name=\"twitter:description\" content=\"Remesas de migrantes guatemaltecos reflejan su esfuerzo y amor, siendo el principal pilar econ\u00f3mico de Guatemala y superando marcas mes tras mes\" \/>\n\t\t<meta name=\"twitter:creator\" content=\"@SoyMigrante_com\" \/>\n\t\t<meta name=\"twitter:image\" content=\"https:\/\/soymigrante.com\/revista\/wp-content\/uploads\/2023\/07\/mural-seb.webp\" \/>\n\t\t<!-- All in One SEO Pro -->\r\n\t\t<title>EDITORIAL: Noble gesto de amor migrante fortalece econom\u00eda de todo un pa\u00eds<\/title>\n\n","aioseo_head_json":{"title":"EDITORIAL: Noble gesto de amor migrante fortalece econom\u00eda de todo un pa\u00eds","description":"Remesas de migrantes guatemaltecos reflejan su esfuerzo y amor, siendo el principal pilar econ\u00f3mico de Guatemala y superando marcas mes tras mes","canonical_url":"https:\/\/soymigrante.com\/revista\/aporte-economico-migrantes-guatemala\/","robots":"max-snippet:-1, max-image-preview:large, max-video-preview:-1","keywords":"","webmasterTools":{"miscellaneous":"&lt;link rel=\"preconnect\" href=\"https:\/\/fonts.googleapis.com\" crossorigin&gt;\n&lt;link rel=\"preconnect\" href=\"https:\/\/fonts.gstatic.com\" crossorigin&gt;"},"schema":null,"og:locale":"es_ES","og:site_name":"SoyMigrante.com REVISTA \u2013 Nuestra misi\u00f3n es reconocer y dignificar al migrante.","og:type":"article","og:title":"EDITORIAL: Noble gesto de amor migrante fortalece econom\u00eda de todo un pa\u00eds","og:description":"Remesas de migrantes guatemaltecos reflejan su esfuerzo y amor, siendo el principal pilar econ\u00f3mico de Guatemala y superando marcas mes tras mes","og:url":"https:\/\/soymigrante.com\/revista\/aporte-economico-migrantes-guatemala\/","og:image":"https:\/\/soymigrante.com\/revista\/wp-content\/uploads\/2023\/07\/mural-seb.webp","og:image:secure_url":"https:\/\/soymigrante.com\/revista\/wp-content\/uploads\/2023\/07\/mural-seb.webp","og:image:width":1920,"og:image:height":1282,"article:published_time":"2023-07-06T22:41:36+00:00","article:modified_time":"2024-07-31T17:50:42+00:00","article:publisher":"https:\/\/www.facebook.com\/soymigrantecom","twitter:card":"summary_large_image","twitter:site":"@SoyMigrante_com","twitter:title":"EDITORIAL: Noble gesto de amor migrante fortalece econom\u00eda de todo un pa\u00eds","twitter:description":"Remesas de migrantes guatemaltecos reflejan su esfuerzo y amor, siendo el principal pilar econ\u00f3mico de Guatemala y superando marcas mes tras mes","twitter:creator":"@SoyMigrante_com","twitter:image":"https:\/\/soymigrante.com\/revista\/wp-content\/uploads\/2023\/07\/mural-seb.webp"},"aioseo_meta_data":{"post_id":"6331","title":null,"description":null,"keywords":null,"keyphrases":{"focus":{"keyphrase":"guatemaltecos","score":87,"analysis":{"keyphraseInTitle":{"score":9,"maxScore":9,"error":0},"keyphraseInDescription":{"score":9,"maxScore":9,"error":0},"keyphraseLength":{"score":9,"maxScore":9,"error":0,"length":1},"keyphraseInURL":{"score":5,"maxScore":5,"error":0},"keyphraseInIntroduction":{"score":9,"maxScore":9,"error":0},"keyphraseInSubHeadings":{"score":9,"maxScore":9,"error":0},"keyphraseInImageAlt":{"score":9,"maxScore":9,"error":0},"keywordDensity":{"type":"high","score":0,"maxScore":9,"error":1}}},"additional":[]},"primary_term":null,"canonical_url":null,"og_title":null,"og_description":null,"og_object_type":"default","og_image_type":"default","og_image_url":null,"og_image_width":null,"og_image_height":null,"og_image_custom_url":null,"og_image_custom_fields":null,"og_video":"","og_custom_url":null,"og_article_section":null,"og_article_tags":null,"twitter_use_og":false,"twitter_card":"default","twitter_image_type":"default","twitter_image_url":null,"twitter_image_custom_url":null,"twitter_image_custom_fields":null,"twitter_title":null,"twitter_description":null,"schema":{"blockGraphs":[],"customGraphs":[],"default":{"data":{"Article":[],"Course":[],"Dataset":[],"FAQPage":[],"Movie":[],"Person":[],"Product":[],"ProductReview":[],"Car":[],"Recipe":[],"Service":[],"SoftwareApplication":[],"WebPage":[]},"graphName":"none","isEnabled":true},"graphs":[]},"schema_type":"default","schema_type_options":null,"pillar_content":false,"robots_default":true,"robots_noindex":false,"robots_noarchive":false,"robots_nosnippet":false,"robots_nofollow":false,"robots_noimageindex":false,"robots_noodp":false,"robots_notranslate":false,"robots_max_snippet":"-1","robots_max_videopreview":"-1","robots_max_imagepreview":"large","priority":null,"frequency":"default","local_seo":null,"seo_analyzer_scan_date":"2025-10-08 21:49:09","breadcrumb_settings":null,"limit_modified_date":false,"reviewed_by":"0","open_ai":"{\"title\":{\"suggestions\":[],\"usage\":0},\"description\":{\"suggestions\":[],\"usage\":0}}","ai":{"faqs":[],"keyPoints":[],"titles":[],"descriptions":[],"socialPosts":{"email":[],"linkedin":[],"twitter":[],"facebook":[],"instagram":[]}},"created":"2024-05-16 13:52:26","updated":"2026-02-04 11:50:05"},"aioseo_breadcrumb":"<div class=\"aioseo-breadcrumbs\"><span class=\"aioseo-breadcrumb\">\n\t<a href=\"https:\/\/soymigrante.com\/revista\" title=\"Home\">Home<\/a>\n<\/span><span class=\"aioseo-breadcrumb-separator\">\u00bb<\/span><span class=\"aioseo-breadcrumb\">\n\t<a href=\"https:\/\/soymigrante.com\/revista\/category\/estamos-unidos\/\" title=\"Estamos Unidos\">Estamos Unidos<\/a>\n<\/span><span class=\"aioseo-breadcrumb-separator\">\u00bb<\/span><span class=\"aioseo-breadcrumb\">\n\tCifra actualizada de cuantos guatemaltecos hay en Estados Unidos en 2024\n<\/span><\/div>","aioseo_breadcrumb_json":[{"label":"Home","link":"https:\/\/soymigrante.com\/revista"},{"label":"Estamos Unidos","link":"https:\/\/soymigrante.com\/revista\/category\/estamos-unidos\/"},{"label":"Cifra actualizada de cuantos guatemaltecos hay en Estados Unidos en 2024","link":"https:\/\/soymigrante.com\/revista\/cuantos-guatemaltecos-hay-en-estados-unidos-minex-2024-cifras-migrantes\/"}],"_links":{"self":[{"href":"https:\/\/soymigrante.com\/revista\/wp-json\/wp\/v2\/posts\/6331","targetHints":{"allow":["GET"]}}],"collection":[{"href":"https:\/\/soymigrante.com\/revista\/wp-json\/wp\/v2\/posts"}],"about":[{"href":"https:\/\/soymigrante.com\/revista\/wp-json\/wp\/v2\/types\/post"}],"author":[{"embeddable":true,"href":"https:\/\/soymigrante.com\/revista\/wp-json\/wp\/v2\/users\/1"}],"replies":[{"embeddable":true,"href":"https:\/\/soymigrante.com\/revista\/wp-json\/wp\/v2\/comments?post=6331"}],"version-history":[{"count":4,"href":"https:\/\/soymigrante.com\/revista\/wp-json\/wp\/v2\/posts\/6331\/revisions"}],"predecessor-version":[{"id":45130,"href":"https:\/\/soymigrante.com\/revista\/wp-json\/wp\/v2\/posts\/6331\/revisions\/45130"}],"wp:featuredmedia":[{"embeddable":true,"href":"https:\/\/soymigrante.com\/revista\/wp-json\/wp\/v2\/media\/6332"}],"wp:attachment":[{"href":"https:\/\/soymigrante.com\/revista\/wp-json\/wp\/v2\/media?parent=6331"}],"wp:term":[{"taxonomy":"category","embeddable":true,"href":"https:\/\/soymigrante.com\/revista\/wp-json\/wp\/v2\/categories?post=6331"},{"taxonomy":"post_tag","embeddable":true,"href":"https:\/\/soymigrante.com\/revista\/wp-json\/wp\/v2\/tags?post=6331"}],"curies":[{"name":"wp","href":"https:\/\/api.w.org\/{rel}","templated":true}]}}