{"id":63233,"date":"2026-08-31T09:27:46","date_gmt":"2026-08-31T15:27:46","guid":{"rendered":"https:\/\/soymigrante.com\/revista\/?p=63233"},"modified":"2026-08-31T09:47:35","modified_gmt":"2026-08-31T15:47:35","slug":"guatemaltecos-elaboran-alfombras-de-semana-santa-en-oklahoma-city-por-primera-vez","status":"publish","type":"post","link":"https:\/\/soymigrante.com\/revista\/guatemaltecos-elaboran-alfombras-de-semana-santa-en-oklahoma-city-por-primera-vez\/","title":{"rendered":"Guatemaltecos elaboran alfombras de Semana Santa en Oklahoma City por primera vez"},"content":{"rendered":"\t\t<div data-elementor-type=\"wp-post\" data-elementor-id=\"63233\" class=\"elementor elementor-63233\" data-elementor-post-type=\"post\">\n\t\t\t\t<div data-particle_enable=\"false\" data-particle-mobile-disabled=\"false\" class=\"elementor-element elementor-element-aa350d4 e-flex e-con-boxed e-con e-parent\" data-id=\"aa350d4\" data-element_type=\"container\" data-e-type=\"container\">\n\t\t\t\t\t<div class=\"e-con-inner\">\n\t\t\t\t<div class=\"elementor-element elementor-element-9661429 elementor-widget elementor-widget-heading\" data-id=\"9661429\" data-element_type=\"widget\" data-e-type=\"widget\" data-widget_type=\"heading.default\">\n\t\t\t\t\t<h3 class=\"elementor-heading-title elementor-size-default\">Colorido guatemalteco brilla en la iglesia San Patricio de Oklahoma City, en donde la comunidad migrante chapina elabor\u00f3 dos alfombras de Semana Santa, con motivo de exposici\u00f3n impulsada por el Consulado de Guatemala.<\/h3>\t\t\t\t<\/div>\n\t\t\t\t\t<\/div>\n\t\t\t\t<\/div>\n\t\t<div data-particle_enable=\"false\" data-particle-mobile-disabled=\"false\" class=\"elementor-element elementor-element-2e47982 e-flex e-con-boxed e-con e-parent\" data-id=\"2e47982\" data-element_type=\"container\" data-e-type=\"container\">\n\t\t\t\t\t<div class=\"e-con-inner\">\n\t\t\t\t<div class=\"elementor-element elementor-element-3dff32a elementor-widget elementor-widget-text-editor\" data-id=\"3dff32a\" data-element_type=\"widget\" data-e-type=\"widget\" data-widget_type=\"text-editor.default\">\n\t\t\t\t\t\t\t\t\t<p><a href=\"https:\/\/soymigrante.com\/revista\/cuando-la-fe-se-encuentra-en-el-suelo-alfombras-de-semana-santa-en-guatemala-inspiran-el-alma\/\">La tradici\u00f3n de las alfombras de serr\u00edn, una de las expresiones m\u00e1s coloridas y simb\u00f3licas de la Semana Santa guatemalteca<\/a>, lleg\u00f3 por primera vez a Oklahoma. Manos de migrantes guatemaltecos elaboraron dos alfombras en la iglesia St. Patrick de Oklahoma City, el domingo 30 de agosto de 2026.<\/p>\n<p>La actividad se realiz\u00f3 con el auspicio del <strong>Consulado de Guatemala en Oklahoma<\/strong> y como parte de un encuentro cultural que incluy\u00f3 una conferencia <a href=\"https:\/\/soymigrante.com\/revista\/semana-santa-guatemalteca-llega-a-oklahoma-exposicion-fotografica-y-conferencias\/\">del historiador <\/a><strong><a href=\"https:\/\/soymigrante.com\/revista\/semana-santa-guatemalteca-llega-a-oklahoma-exposicion-fotografica-y-conferencias\/\">Miguel \u00c1lvarez Ar\u00e9valo,<\/a> cronista de la Ciudad de Guatemala<\/strong>, as\u00ed como una exposici\u00f3n fotogr\u00e1fica de 50 im\u00e1genes de Cuaresma y Semana Santa <a href=\"https:\/\/soymigrante.com\/revista\/semana-santa-guatemalteca-sin-fronteras-cruza-el-mar\/\">del fot\u00f3grafo guatemalteco <strong>Danny Gamboa<\/strong>.<\/a>&nbsp;<\/p>\n<p>\u201cEs la primera vez que se hace, pero no va a ser la \u00faltima\u201d, asegur\u00f3 <strong>Hilda de Le\u00f3n Xavier<\/strong>, educadora originaria de Quetzaltenango, quien particip\u00f3 en la elaboraci\u00f3n colectiva junto a otros compatriotas. &#8220;En la pr\u00f3xima Semana Santa haremos una alfombra&#8221;, anticipa.<\/p>\t\t\t\t\t\t\t\t<\/div>\n\t\t\t\t\t<\/div>\n\t\t\t\t<\/div>\n\t\t<div data-particle_enable=\"false\" data-particle-mobile-disabled=\"false\" class=\"elementor-element elementor-element-b469092 e-flex e-con-boxed e-con e-parent\" data-id=\"b469092\" data-element_type=\"container\" data-e-type=\"container\">\n\t\t\t\t\t<div class=\"e-con-inner\">\n\t\t\t\t<div class=\"elementor-element elementor-element-2f0bebc elementor-widget elementor-widget-image\" data-id=\"2f0bebc\" data-element_type=\"widget\" data-e-type=\"widget\" data-widget_type=\"image.default\">\n\t\t\t\t\t\t\t\t\t\t\t\t<figure class=\"wp-caption\">\n\t\t\t\t\t\t\t\t\t\t\t<a href=\"https:\/\/www.facebook.com\/share\/v\/1KE9ciG7CJ\/\">\n\t\t\t\t\t\t\t<img fetchpriority=\"high\" decoding=\"async\" width=\"768\" height=\"1024\" src=\"https:\/\/soymigrante.com\/revista\/wp-content\/uploads\/2026\/08\/alfombra-guatemalteca-en-oklahoma-elaborada-por-guatemaltecos-foto-st-patrick-church-768x1024.jpg\" class=\"attachment-large size-large wp-image-63252\" alt=\"Testimonio de identidad, devoci\u00f3n y tradici\u00f3n guatemalteca en la parroquia St. Patrick de Oklahoma. El fot\u00f3grafo guatemalteco Danny Gamboa, que present\u00f3 una muestra de 50 im\u00e1genes de la Semana Santa Guatemalteca y el historiador Miguel \u00c1lvarez Ar\u00e9valo contribuyeron a explicar el origen de esta tradici\u00f3n. (Foto St. Patrick Church)\" srcset=\"https:\/\/soymigrante.com\/revista\/wp-content\/uploads\/2026\/08\/alfombra-guatemalteca-en-oklahoma-elaborada-por-guatemaltecos-foto-st-patrick-church-768x1024.jpg 768w, https:\/\/soymigrante.com\/revista\/wp-content\/uploads\/2026\/08\/alfombra-guatemalteca-en-oklahoma-elaborada-por-guatemaltecos-foto-st-patrick-church-225x300.jpg 225w, https:\/\/soymigrante.com\/revista\/wp-content\/uploads\/2026\/08\/alfombra-guatemalteca-en-oklahoma-elaborada-por-guatemaltecos-foto-st-patrick-church-750x1000.jpg 750w, https:\/\/soymigrante.com\/revista\/wp-content\/uploads\/2026\/08\/alfombra-guatemalteca-en-oklahoma-elaborada-por-guatemaltecos-foto-st-patrick-church.jpg 960w\" sizes=\"(max-width: 768px) 100vw, 768px\" \/>\t\t\t\t\t\t\t\t<\/a>\n\t\t\t\t\t\t\t\t\t\t\t<figcaption class=\"widget-image-caption wp-caption-text\">Testimonio de identidad, devoci\u00f3n y tradici\u00f3n guatemalteca en la parroquia St. Patrick de Oklahoma. El fot\u00f3grafo guatemalteco  Danny Gamboa, que present\u00f3 una muestra de 50 im\u00e1genes de la Semana Santa Guatemalteca y el historiador Miguel \u00c1lvarez Ar\u00e9valo contribuyeron a explicar el origen de esta tradici\u00f3n. (Foto St. Patrick Church) PARA IR AL VIDEO DE LA EXPOSICI\u00d3N CLIC EN LA IMAGEN\n<\/figcaption>\n\t\t\t\t\t\t\t\t\t\t<\/figure>\n\t\t\t\t\t\t\t\t\t<\/div>\n\t\t\t\t\t<\/div>\n\t\t\t\t<\/div>\n\t\t<div data-particle_enable=\"false\" data-particle-mobile-disabled=\"false\" class=\"elementor-element elementor-element-e208f58 e-flex e-con-boxed e-con e-parent\" data-id=\"e208f58\" data-element_type=\"container\" data-e-type=\"container\">\n\t\t\t\t\t<div class=\"e-con-inner\">\n\t\t\t\t<div class=\"elementor-element elementor-element-b26610c elementor-widget elementor-widget-text-editor\" data-id=\"b26610c\" data-element_type=\"widget\" data-e-type=\"widget\" data-widget_type=\"text-editor.default\">\n\t\t\t\t\t\t\t\t\t<p><span style=\"color: #000000; font-family: Mulish, sans-serif; font-size: 29px; font-weight: bold;\">Aprendieron desde el te\u00f1ido mismo<\/span><\/p>\n<p>Para elaborar <a href=\"https:\/\/soymigrante.com\/revista\/antigua-guatemala-alfombras-serrin-semana-santa-fe-tradicion\/\">la alfombra guatemalteca de Semana Santa<\/a> fue necesario preparar y colorear el aserr\u00edn, adem\u00e1s de dise\u00f1ar y utilizar los moldes que permiten construir las diferentes figuras. &#8220;Eso form\u00f3 parte de lo que aprendimos y no vamos a olvidar nunca, porque lo vamos a seguir practicando&#8221;, agreg\u00f3 Hilda.<\/p>\n<p>En la comunidad guatemalteca que particip\u00f3 en la actividad, solamente uno de los migrantes ten\u00eda experiencia previa en la elaboraci\u00f3n de alfombras. &#8220;No ten\u00edamos esa experiencia, pero escuchando las explicaciones, viendo videos de Youtube y despu\u00e9s ayud\u00e1ndonos entre nosotros mismos, lo intentamos. Se hicieron dos alfombras&#8221;, agrega.<\/p>\n<p>El proceso incluy\u00f3 aprender c\u00f3mo colorear el serr\u00edn, c\u00f3mo preparar los moldes y c\u00f3mo trabajar cuidadosamente los dise\u00f1os para lograr el efecto de delicado mosaico. Una tradici\u00f3n que en Guatemala suele transmitirse entre generaciones comenz\u00f3 tambi\u00e9n a transmitirse entre migrantes guatemaltecos en Oklahoma.\u00a0<\/p>\t\t\t\t\t\t\t\t<\/div>\n\t\t\t\t\t<\/div>\n\t\t\t\t<\/div>\n\t\t<div data-particle_enable=\"false\" data-particle-mobile-disabled=\"false\" class=\"elementor-element elementor-element-bee99cc e-flex e-con-boxed e-con e-parent\" data-id=\"bee99cc\" data-element_type=\"container\" data-e-type=\"container\">\n\t\t\t\t\t<div class=\"e-con-inner\">\n\t\t\t\t<div class=\"elementor-element elementor-element-6fa0991 elementor-arrows-position-inside elementor-pagination-position-outside elementor-widget elementor-widget-image-carousel\" data-id=\"6fa0991\" data-element_type=\"widget\" data-e-type=\"widget\" data-settings=\"{&quot;slides_to_show&quot;:&quot;1&quot;,&quot;navigation&quot;:&quot;both&quot;,&quot;autoplay&quot;:&quot;yes&quot;,&quot;pause_on_hover&quot;:&quot;yes&quot;,&quot;pause_on_interaction&quot;:&quot;yes&quot;,&quot;autoplay_speed&quot;:5000,&quot;infinite&quot;:&quot;yes&quot;,&quot;effect&quot;:&quot;slide&quot;,&quot;speed&quot;:500}\" data-widget_type=\"image-carousel.default\">\n\t\t\t\t\t\t\t<div class=\"elementor-image-carousel-wrapper swiper\" role=\"region\" aria-roledescription=\"carousel\" aria-label=\"Carrusel de im\u00e1genes\" dir=\"ltr\">\n\t\t\t<div class=\"elementor-image-carousel swiper-wrapper\" aria-live=\"off\">\n\t\t\t\t\t\t\t\t<div class=\"swiper-slide\" role=\"group\" aria-roledescription=\"slide\" aria-label=\"1 de 5\"><a data-elementor-open-lightbox=\"yes\" data-elementor-lightbox-slideshow=\"6fa0991\" data-elementor-lightbox-title=\"Los migrantes guatemaltecos aprendieron todo el proceso: desde el te\u00f1ido del aserr\u00edn hasta la elaboraci\u00f3n de moldes y las t\u00e9cnicas de aplicaci\u00f3n del aserr\u00edn ya coloreado. Para muchos fue la primera vez que hac\u00edan una alfombra. El resultado fue esplendoroso. (Fotos Hilda de Le\u00f3n Xavier)\" data-elementor-lightbox-description=\"Los migrantes guatemaltecos aprendieron todo el proceso: desde el te\u00f1ido del aserr\u00edn hasta la elaboraci\u00f3n de moldes y las t\u00e9cnicas de aplicaci\u00f3n del aserr\u00edn ya coloreado. Para muchos fue la primera vez que hac\u00edan una alfombra. El resultado fue esplendoroso. (Fotos Hilda de Le\u00f3n Xavier)\" data-e-action-hash=\"#elementor-action%3Aaction%3Dlightbox%26settings%3DeyJpZCI6NjMyNTQsInVybCI6Imh0dHBzOlwvXC9zb3ltaWdyYW50ZS5jb21cL3JldmlzdGFcL3dwLWNvbnRlbnRcL3VwbG9hZHNcLzIwMjZcLzA4XC9hbGZvbWJyYS1kZS1zZW1hbmEtc2FudGEtZWxhYm9yYWRhLXBvci1wcmltZXJhLXZlei1lbi1va2xhaG9tYS0yMi5qcGciLCJzbGlkZXNob3ciOiI2ZmEwOTkxIn0%3D\" href=\"https:\/\/www.facebook.com\/hildax\/videos\/1735948797694068\"><figure class=\"swiper-slide-inner\"><img decoding=\"async\" class=\"swiper-slide-image\" src=\"https:\/\/soymigrante.com\/revista\/wp-content\/uploads\/2026\/08\/alfombra-de-semana-santa-elaborada-por-primera-vez-en-oklahoma-22-819x1024.jpg\" alt=\"Los migrantes guatemaltecos aprendieron todo el proceso: desde el te\u00f1ido del aserr\u00edn hasta la elaboraci\u00f3n de moldes y las t\u00e9cnicas de aplicaci\u00f3n del aserr\u00edn ya coloreado. Para muchos fue la primera vez que hac\u00edan una alfombra. El resultado fue esplendoroso. (Fotos Hilda de Le\u00f3n Xavier)\" \/><figcaption class=\"elementor-image-carousel-caption\">Los migrantes guatemaltecos aprendieron todo el proceso: desde el te\u00f1ido del aserr\u00edn hasta la elaboraci\u00f3n de moldes y las t\u00e9cnicas de aplicaci\u00f3n del aserr\u00edn ya coloreado. Para muchos fue la primera vez que hac\u00edan una alfombra. El resultado fue esplendoroso. (Fotos Hilda de Le\u00f3n Xavier)<\/figcaption><\/figure><\/a><\/div><div class=\"swiper-slide\" role=\"group\" aria-roledescription=\"slide\" aria-label=\"2 de 5\"><a data-elementor-open-lightbox=\"yes\" data-elementor-lightbox-slideshow=\"6fa0991\" data-elementor-lightbox-title=\"Los migrantes guatemaltecos aprendieron todo el proceso: desde el te\u00f1ido del aserr\u00edn hasta la elaboraci\u00f3n de moldes y las t\u00e9cnicas de aplicaci\u00f3n del aserr\u00edn ya coloreado. Para muchos fue la primera vez que hac\u00edan una alfombra. El resultado fue esplendoroso. (Fotos Hilda de Le\u00f3n Xavier)\" data-elementor-lightbox-description=\"Los migrantes guatemaltecos aprendieron todo el proceso: desde el te\u00f1ido del aserr\u00edn hasta la elaboraci\u00f3n de moldes y las t\u00e9cnicas de aplicaci\u00f3n del aserr\u00edn ya coloreado. Para muchos fue la primera vez que hac\u00edan una alfombra. El resultado fue esplendoroso. (Fotos Hilda de Le\u00f3n Xavier)\" data-e-action-hash=\"#elementor-action%3Aaction%3Dlightbox%26settings%3DeyJpZCI6NjMyNTMsInVybCI6Imh0dHBzOlwvXC9zb3ltaWdyYW50ZS5jb21cL3JldmlzdGFcL3dwLWNvbnRlbnRcL3VwbG9hZHNcLzIwMjZcLzA4XC9hbGZvbWJyYS1kZS1zZW1hbmEtc2FudGEtZWxhYm9yYWRhLXBvci1wcmltZXJhLXZlei1lbi1va2xhaG9tYS0xNi5qcGciLCJzbGlkZXNob3ciOiI2ZmEwOTkxIn0%3D\" href=\"https:\/\/www.facebook.com\/hildax\/videos\/1735948797694068\"><figure class=\"swiper-slide-inner\"><img decoding=\"async\" class=\"swiper-slide-image\" src=\"https:\/\/soymigrante.com\/revista\/wp-content\/uploads\/2026\/08\/alfombra-de-semana-santa-elaborada-por-primera-vez-en-oklahoma-16-819x1024.jpg\" alt=\"Los migrantes guatemaltecos aprendieron todo el proceso: desde el te\u00f1ido del aserr\u00edn hasta la elaboraci\u00f3n de moldes y las t\u00e9cnicas de aplicaci\u00f3n del aserr\u00edn ya coloreado. Para muchos fue la primera vez que hac\u00edan una alfombra. El resultado fue esplendoroso. (Fotos Hilda de Le\u00f3n Xavier)\" \/><figcaption class=\"elementor-image-carousel-caption\">Los migrantes guatemaltecos aprendieron todo el proceso: desde el te\u00f1ido del aserr\u00edn hasta la elaboraci\u00f3n de moldes y las t\u00e9cnicas de aplicaci\u00f3n del aserr\u00edn ya coloreado. Para muchos fue la primera vez que hac\u00edan una alfombra. El resultado fue esplendoroso. (Fotos Hilda de Le\u00f3n Xavier)<\/figcaption><\/figure><\/a><\/div><div class=\"swiper-slide\" role=\"group\" aria-roledescription=\"slide\" aria-label=\"3 de 5\"><a data-elementor-open-lightbox=\"yes\" data-elementor-lightbox-slideshow=\"6fa0991\" data-elementor-lightbox-title=\"Los migrantes guatemaltecos aprendieron todo el proceso: desde el te\u00f1ido del aserr\u00edn hasta la elaboraci\u00f3n de moldes y las t\u00e9cnicas de aplicaci\u00f3n del aserr\u00edn ya coloreado. Para muchos fue la primera vez que hac\u00edan una alfombra. El resultado fue esplendoroso. (Fotos Hilda de Le\u00f3n Xavier)\" data-elementor-lightbox-description=\"Los migrantes guatemaltecos aprendieron todo el proceso: desde el te\u00f1ido del aserr\u00edn hasta la elaboraci\u00f3n de moldes y las t\u00e9cnicas de aplicaci\u00f3n del aserr\u00edn ya coloreado. Para muchos fue la primera vez que hac\u00edan una alfombra. El resultado fue esplendoroso. (Fotos Hilda de Le\u00f3n Xavier)\" data-e-action-hash=\"#elementor-action%3Aaction%3Dlightbox%26settings%3DeyJpZCI6NjMyNTcsInVybCI6Imh0dHBzOlwvXC9zb3ltaWdyYW50ZS5jb21cL3JldmlzdGFcL3dwLWNvbnRlbnRcL3VwbG9hZHNcLzIwMjZcLzA4XC9hbGZvbWJyYS1kZS1zZW1hbmEtc2FudGEtZWxhYm9yYWRhLXBvci1wcmltZXJhLXZlei1lbi1va2xhaG9tYS01LmpwZyIsInNsaWRlc2hvdyI6IjZmYTA5OTEifQ%3D%3D\" href=\"https:\/\/www.facebook.com\/hildax\/videos\/1735948797694068\"><figure class=\"swiper-slide-inner\"><img decoding=\"async\" class=\"swiper-slide-image\" src=\"https:\/\/soymigrante.com\/revista\/wp-content\/uploads\/2026\/08\/alfombra-de-semana-santa-elaborada-por-primera-vez-en-oklahoma-5-819x1024.jpg\" alt=\"Los migrantes guatemaltecos aprendieron todo el proceso: desde el te\u00f1ido del aserr\u00edn hasta la elaboraci\u00f3n de moldes y las t\u00e9cnicas de aplicaci\u00f3n del aserr\u00edn ya coloreado. Para muchos fue la primera vez que hac\u00edan una alfombra. El resultado fue esplendoroso. (Fotos Hilda de Le\u00f3n Xavier)\" \/><figcaption class=\"elementor-image-carousel-caption\">Los migrantes guatemaltecos aprendieron todo el proceso: desde el te\u00f1ido del aserr\u00edn hasta la elaboraci\u00f3n de moldes y las t\u00e9cnicas de aplicaci\u00f3n del aserr\u00edn ya coloreado. Para muchos fue la primera vez que hac\u00edan una alfombra. El resultado fue esplendoroso. (Fotos Hilda de Le\u00f3n Xavier)<\/figcaption><\/figure><\/a><\/div><div class=\"swiper-slide\" role=\"group\" aria-roledescription=\"slide\" aria-label=\"4 de 5\"><a data-elementor-open-lightbox=\"yes\" data-elementor-lightbox-slideshow=\"6fa0991\" data-elementor-lightbox-title=\"Los migrantes guatemaltecos aprendieron todo el proceso: desde el te\u00f1ido del aserr\u00edn hasta la elaboraci\u00f3n de moldes y las t\u00e9cnicas de aplicaci\u00f3n del aserr\u00edn ya coloreado. Para muchos fue la primera vez que hac\u00edan una alfombra. El resultado fue esplendoroso. (Fotos Hilda de Le\u00f3n Xavier)\" data-elementor-lightbox-description=\"Los migrantes guatemaltecos aprendieron todo el proceso: desde el te\u00f1ido del aserr\u00edn hasta la elaboraci\u00f3n de moldes y las t\u00e9cnicas de aplicaci\u00f3n del aserr\u00edn ya coloreado. Para muchos fue la primera vez que hac\u00edan una alfombra. El resultado fue esplendoroso. (Fotos Hilda de Le\u00f3n Xavier)\" data-e-action-hash=\"#elementor-action%3Aaction%3Dlightbox%26settings%3DeyJpZCI6NjMyNTgsInVybCI6Imh0dHBzOlwvXC9zb3ltaWdyYW50ZS5jb21cL3JldmlzdGFcL3dwLWNvbnRlbnRcL3VwbG9hZHNcLzIwMjZcLzA4XC9hbGZvbWJyYS1kZS1zZW1hbmEtc2FudGEtZWxhYm9yYWRhLXBvci1wcmltZXJhLXZlei1lbi1va2xhaG9tYS02Mi5qcGciLCJzbGlkZXNob3ciOiI2ZmEwOTkxIn0%3D\" href=\"https:\/\/www.facebook.com\/hildax\/videos\/1735948797694068\"><figure class=\"swiper-slide-inner\"><img decoding=\"async\" class=\"swiper-slide-image\" src=\"https:\/\/soymigrante.com\/revista\/wp-content\/uploads\/2026\/08\/alfombra-de-semana-santa-elaborada-por-primera-vez-en-oklahoma-62-819x1024.jpg\" alt=\"Los migrantes guatemaltecos aprendieron todo el proceso: desde el te\u00f1ido del aserr\u00edn hasta la elaboraci\u00f3n de moldes y las t\u00e9cnicas de aplicaci\u00f3n del aserr\u00edn ya coloreado. Para muchos fue la primera vez que hac\u00edan una alfombra. El resultado fue esplendoroso. (Fotos Hilda de Le\u00f3n Xavier)\" \/><figcaption class=\"elementor-image-carousel-caption\">Los migrantes guatemaltecos aprendieron todo el proceso: desde el te\u00f1ido del aserr\u00edn hasta la elaboraci\u00f3n de moldes y las t\u00e9cnicas de aplicaci\u00f3n del aserr\u00edn ya coloreado. Para muchos fue la primera vez que hac\u00edan una alfombra. El resultado fue esplendoroso. (Fotos Hilda de Le\u00f3n Xavier)<\/figcaption><\/figure><\/a><\/div><div class=\"swiper-slide\" role=\"group\" aria-roledescription=\"slide\" aria-label=\"5 de 5\"><a data-elementor-open-lightbox=\"yes\" data-elementor-lightbox-slideshow=\"6fa0991\" data-elementor-lightbox-title=\"Los migrantes guatemaltecos aprendieron todo el proceso: desde el te\u00f1ido del aserr\u00edn hasta la elaboraci\u00f3n de moldes y las t\u00e9cnicas de aplicaci\u00f3n del aserr\u00edn ya coloreado. Para muchos fue la primera vez que hac\u00edan una alfombra. El resultado fue esplendoroso. (Fotos Hilda de Le\u00f3n Xavier)\" data-elementor-lightbox-description=\"Los migrantes guatemaltecos aprendieron todo el proceso: desde el te\u00f1ido del aserr\u00edn hasta la elaboraci\u00f3n de moldes y las t\u00e9cnicas de aplicaci\u00f3n del aserr\u00edn ya coloreado. Para muchos fue la primera vez que hac\u00edan una alfombra. El resultado fue esplendoroso. (Fotos Hilda de Le\u00f3n Xavier)\" data-e-action-hash=\"#elementor-action%3Aaction%3Dlightbox%26settings%3DeyJpZCI6NjMyNTYsInVybCI6Imh0dHBzOlwvXC9zb3ltaWdyYW50ZS5jb21cL3JldmlzdGFcL3dwLWNvbnRlbnRcL3VwbG9hZHNcLzIwMjZcLzA4XC9hbGZvbWJyYS1kZS1zZW1hbmEtc2FudGEtZWxhYm9yYWRhLXBvci1wcmltZXJhLXZlei1lbi1va2xhaG9tYS0yMC5qcGciLCJzbGlkZXNob3ciOiI2ZmEwOTkxIn0%3D\" href=\"https:\/\/www.facebook.com\/hildax\/videos\/1735948797694068\"><figure class=\"swiper-slide-inner\"><img decoding=\"async\" class=\"swiper-slide-image\" src=\"https:\/\/soymigrante.com\/revista\/wp-content\/uploads\/2026\/08\/alfombra-de-semana-santa-elaborada-por-primera-vez-en-oklahoma-20-771x1024.jpg\" alt=\"Los migrantes guatemaltecos aprendieron todo el proceso: desde el te\u00f1ido del aserr\u00edn hasta la elaboraci\u00f3n de moldes y las t\u00e9cnicas de aplicaci\u00f3n del aserr\u00edn ya coloreado. Para muchos fue la primera vez que hac\u00edan una alfombra. El resultado fue esplendoroso. (Fotos Hilda de Le\u00f3n Xavier)\" \/><figcaption class=\"elementor-image-carousel-caption\">Los migrantes guatemaltecos aprendieron todo el proceso: desde el te\u00f1ido del aserr\u00edn hasta la elaboraci\u00f3n de moldes y las t\u00e9cnicas de aplicaci\u00f3n del aserr\u00edn ya coloreado. Para muchos fue la primera vez que hac\u00edan una alfombra. El resultado fue esplendoroso. (Fotos Hilda de Le\u00f3n Xavier)<\/figcaption><\/figure><\/a><\/div>\t\t\t<\/div>\n\t\t\t\t\t\t\t\t\t\t\t\t<div class=\"elementor-swiper-button elementor-swiper-button-prev\" role=\"button\" tabindex=\"0\">\n\t\t\t\t\t\t<i aria-hidden=\"true\" class=\"eicon-chevron-left\"><\/i>\t\t\t\t\t<\/div>\n\t\t\t\t\t<div class=\"elementor-swiper-button elementor-swiper-button-next\" role=\"button\" tabindex=\"0\">\n\t\t\t\t\t\t<i aria-hidden=\"true\" class=\"eicon-chevron-right\"><\/i>\t\t\t\t\t<\/div>\n\t\t\t\t\n\t\t\t\t\t\t\t\t\t<div class=\"swiper-pagination\"><\/div>\n\t\t\t\t\t\t\t\t\t<\/div>\n\t\t\t\t\t\t<\/div>\n\t\t\t\t\t<\/div>\n\t\t\t\t<\/div>\n\t\t<div data-particle_enable=\"false\" data-particle-mobile-disabled=\"false\" class=\"elementor-element elementor-element-421955b e-flex e-con-boxed e-con e-parent\" data-id=\"421955b\" data-element_type=\"container\" data-e-type=\"container\">\n\t\t\t\t\t<div class=\"e-con-inner\">\n\t\t\t\t<div class=\"elementor-element elementor-element-24497cc elementor-widget elementor-widget-text-editor\" data-id=\"24497cc\" data-element_type=\"widget\" data-e-type=\"widget\" data-widget_type=\"text-editor.default\">\n\t\t\t\t\t\t\t\t\t<p><span style=\"color: #000000; font-family: Mulish, sans-serif; font-size: 29px; font-weight: bold;\">Sorpresa y admiraci\u00f3n\u00a0<\/span><\/p>\n<p style=\"font-style: normal; font-variant-ligatures: normal; font-variant-caps: normal; font-weight: 400; font-size: 22px; font-family: Roboto, sans-serif;\">Participaron guatemaltecos de todas edades. <a href=\"https:\/\/soymigrante.com\/revista\/una-familia-unida-es-la-mejor-corona-de-la-sra-guatemala-oklahoma\/\">Karla Salazar, Mrs. Guatemala-Oklahoma 2025,<\/a> junto a sus hijas nacidas en Estados Unidos estuvieron presentes participando. La experiencia adquiri\u00f3 as\u00ed un significado que va m\u00e1s all\u00e1 de la elaboraci\u00f3n de una pieza art\u00edstica.\u00a0<\/p>\n<p>Para la comunidad local, la elaboraci\u00f3n de la alfombra caus\u00f3 una agradable sorpresa.\u00a0Muchos pudieron acercarse a una expresi\u00f3n de la Semana Santa guatemalteca que probablemente no hab\u00edan visto antes: una superficie cubierta de aserr\u00edn te\u00f1ido, trabajada manualmente y convertida en un dise\u00f1o religioso y ornamental.\u00a0<\/p>\n<p>La alfombra funcion\u00f3 como una especie de lenguaje sin palabras de la devoci\u00f3n y la multiculturalidad guatemalteca.\u00a0<\/p>\t\t\t\t\t\t\t\t<\/div>\n\t\t\t\t\t<\/div>\n\t\t\t\t<\/div>\n\t\t<div data-particle_enable=\"false\" data-particle-mobile-disabled=\"false\" class=\"elementor-element elementor-element-388ddf1 e-flex e-con-boxed e-con e-parent\" data-id=\"388ddf1\" data-element_type=\"container\" data-e-type=\"container\">\n\t\t\t\t\t<div class=\"e-con-inner\">\n\t\t\t\t<div class=\"elementor-element elementor-element-3b07db1 elementor-widget elementor-widget-image\" data-id=\"3b07db1\" data-element_type=\"widget\" data-e-type=\"widget\" data-widget_type=\"image.default\">\n\t\t\t\t\t\t\t\t\t\t\t\t<figure class=\"wp-caption\">\n\t\t\t\t\t\t\t\t\t\t\t<a href=\"https:\/\/www.facebook.com\/hildax\/videos\/1735948797694068\">\n\t\t\t\t\t\t\t<img decoding=\"async\" width=\"899\" height=\"1024\" src=\"https:\/\/soymigrante.com\/revista\/wp-content\/uploads\/2026\/08\/alfombra-de-semana-santa-elaborada-por-primera-vez-en-oklahoma-14-899x1024.jpg\" class=\"attachment-large size-large wp-image-63262\" alt=\"Las alfombras terminadas motivaron admiraci\u00f3n entre todos los feligreses de la parroquia San Patricio, en Oklahoma y un profundo sentimiento de orgullo e identidad multicultural entre los guatemaltecos que participaron en su elaboraci\u00f3n.\" srcset=\"https:\/\/soymigrante.com\/revista\/wp-content\/uploads\/2026\/08\/alfombra-de-semana-santa-elaborada-por-primera-vez-en-oklahoma-14-899x1024.jpg 899w, https:\/\/soymigrante.com\/revista\/wp-content\/uploads\/2026\/08\/alfombra-de-semana-santa-elaborada-por-primera-vez-en-oklahoma-14-263x300.jpg 263w, https:\/\/soymigrante.com\/revista\/wp-content\/uploads\/2026\/08\/alfombra-de-semana-santa-elaborada-por-primera-vez-en-oklahoma-14-768x875.jpg 768w, https:\/\/soymigrante.com\/revista\/wp-content\/uploads\/2026\/08\/alfombra-de-semana-santa-elaborada-por-primera-vez-en-oklahoma-14-750x854.jpg 750w, https:\/\/soymigrante.com\/revista\/wp-content\/uploads\/2026\/08\/alfombra-de-semana-santa-elaborada-por-primera-vez-en-oklahoma-14.jpg 936w\" sizes=\"(max-width: 899px) 100vw, 899px\" \/>\t\t\t\t\t\t\t\t<\/a>\n\t\t\t\t\t\t\t\t\t\t\t<figcaption class=\"widget-image-caption wp-caption-text\">Las alfombras terminadas motivaron admiraci\u00f3n entre todos los feligreses de la parroquia San Patricio, en Oklahoma y un profundo sentimiento de orgullo e identidad multicultural entre los guatemaltecos que participaron en su elaboraci\u00f3n. <\/figcaption>\n\t\t\t\t\t\t\t\t\t\t<\/figure>\n\t\t\t\t\t\t\t\t\t<\/div>\n\t\t\t\t\t<\/div>\n\t\t\t\t<\/div>\n\t\t<div data-particle_enable=\"false\" data-particle-mobile-disabled=\"false\" class=\"elementor-element elementor-element-edd411f e-flex e-con-boxed e-con e-parent\" data-id=\"edd411f\" data-element_type=\"container\" data-e-type=\"container\">\n\t\t\t\t\t<div class=\"e-con-inner\">\n\t\t\t\t<div class=\"elementor-element elementor-element-af16b48 elementor-widget elementor-widget-text-editor\" data-id=\"af16b48\" data-element_type=\"widget\" data-e-type=\"widget\" data-widget_type=\"text-editor.default\">\n\t\t\t\t\t\t\t\t\t<p><span style=\"color: #000000; font-family: Mulish, sans-serif; font-size: 29px; font-weight: bold;\">Memoria que une a Guatemala y Oklahoma\u00a0\u00a0<\/span><\/p>\n<p style=\"font-style: normal; font-variant-ligatures: normal; font-variant-caps: normal; font-weight: 400; font-size: 22px; font-family: Roboto, sans-serif;\">Uno de los elementos centrales del dise\u00f1o fue la silueta del padre <strong>Stanley Rother<\/strong>, sacerdote nacido en Oklahoma que desarroll\u00f3 buena parte de su labor pastoral en Guatemala y muri\u00f3 asesinado durante el conflicto armado interno.<\/p>\n<p>Rother naci\u00f3 en 1935 en Okarche, Oklahoma, y fue ordenado sacerdote en 1963. Como misionero, lleg\u00f3 a <a href=\"https:\/\/soymigrante.com\/revista\/santiago-atitlan-es-otro-de-los-pueblos-alrededor-del-lago-mas-bello-del-mundo\/\">Santiago Atitl\u00e1n,<\/a> Solol\u00e1, donde trabaj\u00f3 durante a\u00f1os con la comunidad <a href=\"https:\/\/soymigrante.com\/revista\/pueblo-tzutujil-se-cobija-en-el-lago-atitlan-hace-mas-de-7-siglos\/\">tz&#8217;utujil<\/a>. Aprendi\u00f3 el idioma del pueblo y particip\u00f3 en la traducci\u00f3n del Nuevo Testamento, adem\u00e1s de impulsar proyectos educativos, de comunicaci\u00f3n y de atenci\u00f3n comunitaria.<\/p>\t\t\t\t\t\t\t\t<\/div>\n\t\t\t\t\t<\/div>\n\t\t\t\t<\/div>\n\t\t<div data-particle_enable=\"false\" data-particle-mobile-disabled=\"false\" class=\"elementor-element elementor-element-4e7cb02 e-flex e-con-boxed e-con e-parent\" data-id=\"4e7cb02\" data-element_type=\"container\" data-e-type=\"container\">\n\t\t\t\t\t<div class=\"e-con-inner\">\n\t\t\t\t<div class=\"elementor-element elementor-element-54138d1 gallery-spacing-custom elementor-widget elementor-widget-image-gallery\" data-id=\"54138d1\" data-element_type=\"widget\" data-e-type=\"widget\" data-widget_type=\"image-gallery.default\">\n\t\t\t\t\t\t\t<div class=\"elementor-image-gallery\">\n\t\t\t<div id='gallery-1' class='gallery galleryid-63233 gallery-columns-2 gallery-size-large'><figure class='gallery-item'>\n\t\t\t<div class='gallery-icon portrait'>\n\t\t\t\t<a data-elementor-open-lightbox=\"yes\" data-elementor-lightbox-slideshow=\"54138d1\" data-elementor-lightbox-title=\"El padre Stanley Rother, originario de Oklahoma, estuvo atendiendo la parroquia de Santiago Atitl\u00e1n, Solol\u00e1, Guatemala entre 1968 y 1981, cuando fue asesinado por defender los derechos de la poblaci\u00f3n ante la violencia del conflicto armado.\" data-elementor-lightbox-description=\"El padre Stanley Rother, originario de Oklahoma, estuvo atendiendo la parroquia de Santiago Atitl\u00e1n, Solol\u00e1, Guatemala entre 1968 y 1981, cuando fue asesinado por defender los derechos de la poblaci\u00f3n ante la violencia del conflicto armado.\" data-e-action-hash=\"#elementor-action%3Aaction%3Dlightbox%26settings%3DeyJpZCI6NjMyNjcsInVybCI6Imh0dHBzOlwvXC9zb3ltaWdyYW50ZS5jb21cL3JldmlzdGFcL3dwLWNvbnRlbnRcL3VwbG9hZHNcLzIwMjZcLzA4XC9wYWRyZS1zdGFubGV5LXJvdGhlci1tdXJpby1lbi1HdWF0ZW1hbGEteS1lc3RhLXNlcHVsdGFkby1lbi1Pa2xhaG9tYS5qcGciLCJzbGlkZXNob3ciOiI1NDEzOGQxIn0%3D\" href='https:\/\/soymigrante.com\/revista\/wp-content\/uploads\/2026\/08\/padre-stanley-rother-murio-en-Guatemala-y-esta-sepultado-en-Oklahoma.jpg'><img decoding=\"async\" width=\"494\" height=\"617\" src=\"https:\/\/soymigrante.com\/revista\/wp-content\/uploads\/2026\/08\/padre-stanley-rother-murio-en-Guatemala-y-esta-sepultado-en-Oklahoma.jpg\" class=\"attachment-large size-large\" alt=\"El padre Stanley Rother, originario de Oklahoma, estuvo atendiendo la parroquia de Santiago Atitl\u00e1n, Solol\u00e1, Guatemala entre 1968 y 1981, cuando fue asesinado por defender los derechos de la poblaci\u00f3n ante la violencia del conflicto armado.\" aria-describedby=\"gallery-1-63267\" srcset=\"https:\/\/soymigrante.com\/revista\/wp-content\/uploads\/2026\/08\/padre-stanley-rother-murio-en-Guatemala-y-esta-sepultado-en-Oklahoma.jpg 494w, https:\/\/soymigrante.com\/revista\/wp-content\/uploads\/2026\/08\/padre-stanley-rother-murio-en-Guatemala-y-esta-sepultado-en-Oklahoma-240x300.jpg 240w\" sizes=\"(max-width: 494px) 100vw, 494px\" \/><\/a>\n\t\t\t<\/div>\n\t\t\t\t<figcaption class='wp-caption-text gallery-caption' id='gallery-1-63267'>\n\t\t\t\tEl padre Stanley Rother, originario de Oklahoma, estuvo atendiendo la parroquia de Santiago Atitl\u00e1n, Solol\u00e1, Guatemala entre 1968 y 1981, cuando fue asesinado por defender los derechos de la poblaci\u00f3n ante la violencia del conflicto armado.\n\t\t\t\t<\/figcaption><\/figure><figure class='gallery-item'>\n\t\t\t<div class='gallery-icon portrait'>\n\t\t\t\t<a data-elementor-open-lightbox=\"yes\" data-elementor-lightbox-slideshow=\"54138d1\" data-elementor-lightbox-title=\"Una efigie alusiva al beatro padre Stanley Rother  estuvo en el centro de la alfombra elaborada por guatemaltecos en la parroquia San Patricio de Oklahoma.\" data-elementor-lightbox-description=\"Una efigie alusiva al beatro padre Stanley Rother  estuvo en el centro de la alfombra elaborada por guatemaltecos en la parroquia San Patricio de Oklahoma.\" data-e-action-hash=\"#elementor-action%3Aaction%3Dlightbox%26settings%3DeyJpZCI6NjMyNjYsInVybCI6Imh0dHBzOlwvXC9zb3ltaWdyYW50ZS5jb21cL3JldmlzdGFcL3dwLWNvbnRlbnRcL3VwbG9hZHNcLzIwMjZcLzA4XC9hbGZvbWJyYS1kZS1zZW1hbmEtc2FudGEtZWxhYm9yYWRhLXBvci1wcmltZXJhLXZlei1lbi1va2xhaG9tYS0yMC0xLmpwZyIsInNsaWRlc2hvdyI6IjU0MTM4ZDEifQ%3D%3D\" href='https:\/\/soymigrante.com\/revista\/wp-content\/uploads\/2026\/08\/alfombra-de-semana-santa-elaborada-por-primera-vez-en-oklahoma-20-1.jpg'><img loading=\"lazy\" decoding=\"async\" width=\"819\" height=\"1024\" src=\"https:\/\/soymigrante.com\/revista\/wp-content\/uploads\/2026\/08\/alfombra-de-semana-santa-elaborada-por-primera-vez-en-oklahoma-20-1-819x1024.jpg\" class=\"attachment-large size-large\" alt=\"Una efigie alusiva al beatro padre Stanley Rother estuvo en el centro de la alfombra elaborada por guatemaltecos en la parroquia San Patricio de Oklahoma.\" aria-describedby=\"gallery-1-63266\" srcset=\"https:\/\/soymigrante.com\/revista\/wp-content\/uploads\/2026\/08\/alfombra-de-semana-santa-elaborada-por-primera-vez-en-oklahoma-20-1-819x1024.jpg 819w, https:\/\/soymigrante.com\/revista\/wp-content\/uploads\/2026\/08\/alfombra-de-semana-santa-elaborada-por-primera-vez-en-oklahoma-20-1-240x300.jpg 240w, https:\/\/soymigrante.com\/revista\/wp-content\/uploads\/2026\/08\/alfombra-de-semana-santa-elaborada-por-primera-vez-en-oklahoma-20-1-768x960.jpg 768w, https:\/\/soymigrante.com\/revista\/wp-content\/uploads\/2026\/08\/alfombra-de-semana-santa-elaborada-por-primera-vez-en-oklahoma-20-1-1229x1536.jpg 1229w, https:\/\/soymigrante.com\/revista\/wp-content\/uploads\/2026\/08\/alfombra-de-semana-santa-elaborada-por-primera-vez-en-oklahoma-20-1-750x938.jpg 750w, https:\/\/soymigrante.com\/revista\/wp-content\/uploads\/2026\/08\/alfombra-de-semana-santa-elaborada-por-primera-vez-en-oklahoma-20-1-1140x1425.jpg 1140w, https:\/\/soymigrante.com\/revista\/wp-content\/uploads\/2026\/08\/alfombra-de-semana-santa-elaborada-por-primera-vez-en-oklahoma-20-1.jpg 1328w\" sizes=\"(max-width: 819px) 100vw, 819px\" \/><\/a>\n\t\t\t<\/div>\n\t\t\t\t<figcaption class='wp-caption-text gallery-caption' id='gallery-1-63266'>\n\t\t\t\tUna efigie alusiva al beatro padre Stanley Rother  estuvo en el centro de la alfombra elaborada por guatemaltecos en la parroquia San Patricio de Oklahoma.\n\t\t\t\t<\/figcaption><\/figure>\n\t\t<\/div>\n\t\t<\/div>\n\t\t\t\t\t\t<\/div>\n\t\t\t\t\t<\/div>\n\t\t\t\t<\/div>\n\t\t<div data-particle_enable=\"false\" data-particle-mobile-disabled=\"false\" class=\"elementor-element elementor-element-e2e3581 e-flex e-con-boxed e-con e-parent\" data-id=\"e2e3581\" data-element_type=\"container\" data-e-type=\"container\">\n\t\t\t\t\t<div class=\"e-con-inner\">\n\t\t\t\t<div class=\"elementor-element elementor-element-fd8f79b elementor-widget elementor-widget-text-editor\" data-id=\"fd8f79b\" data-element_type=\"widget\" data-e-type=\"widget\" data-widget_type=\"text-editor.default\">\n\t\t\t\t\t\t\t\t\t<p>La violencia del conflicto armado guatemalteco alcanz\u00f3 tambi\u00e9n a la comunidad donde ejerc\u00eda su ministerio. Rother recibi\u00f3 amenazas y regres\u00f3 temporalmente a Oklahoma, pero decidi\u00f3 volver a Guatemala. Denunci\u00f3 el reclutamiento forzoso y las agresiones contra pobladores ind\u00edgenas.\u00a0El 28 de julio de 1981 fue asesinado en la casa parroquial de Santiago Atitl\u00e1n. Ten\u00eda 46 a\u00f1os.<\/p>\n<p>Su historia, sin embargo, permaneci\u00f3 vinculada a ambos lugares. Sus restos fueron trasladados a Oklahoma.\u00a0En 2016 fue reconocido oficialmente como m\u00e1rtir por la Iglesia cat\u00f3lica y en 2017 fue beatificado en Oklahoma City. Es considerado el primer sacerdote nacido en Estados Unidos en ser reconocido como m\u00e1rtir por la Iglesia cat\u00f3lica, por haber padecido en Guatemala.<\/p>\t\t\t\t\t\t\t\t<\/div>\n\t\t\t\t\t<\/div>\n\t\t\t\t<\/div>\n\t\t<div data-particle_enable=\"false\" data-particle-mobile-disabled=\"false\" class=\"elementor-element elementor-element-0516c2b e-flex e-con-boxed e-con e-parent\" data-id=\"0516c2b\" data-element_type=\"container\" data-e-type=\"container\">\n\t\t\t\t\t<div class=\"e-con-inner\">\n\t\t\t\t<div class=\"elementor-element elementor-element-2fc38a9 elementor-widget elementor-widget-image\" data-id=\"2fc38a9\" data-element_type=\"widget\" data-e-type=\"widget\" data-widget_type=\"image.default\">\n\t\t\t\t\t\t\t\t\t\t\t\t<figure class=\"wp-caption\">\n\t\t\t\t\t\t\t\t\t\t\t<a href=\"https:\/\/www.facebook.com\/hildax\/videos\/1735948797694068\">\n\t\t\t\t\t\t\t<img loading=\"lazy\" decoding=\"async\" width=\"814\" height=\"1024\" src=\"https:\/\/soymigrante.com\/revista\/wp-content\/uploads\/2026\/08\/alfombra-de-semana-santa-guatemalteca-en-oklahoma-814x1024.jpg\" class=\"attachment-large size-large wp-image-63268\" alt=\"Esta fue la otra alfombra elaborada por manos guatemaltecas en la iglesia de San Patricio, en Oklahoma City\" srcset=\"https:\/\/soymigrante.com\/revista\/wp-content\/uploads\/2026\/08\/alfombra-de-semana-santa-guatemalteca-en-oklahoma-814x1024.jpg 814w, https:\/\/soymigrante.com\/revista\/wp-content\/uploads\/2026\/08\/alfombra-de-semana-santa-guatemalteca-en-oklahoma-238x300.jpg 238w, https:\/\/soymigrante.com\/revista\/wp-content\/uploads\/2026\/08\/alfombra-de-semana-santa-guatemalteca-en-oklahoma-768x967.jpg 768w, https:\/\/soymigrante.com\/revista\/wp-content\/uploads\/2026\/08\/alfombra-de-semana-santa-guatemalteca-en-oklahoma-1220x1536.jpg 1220w, https:\/\/soymigrante.com\/revista\/wp-content\/uploads\/2026\/08\/alfombra-de-semana-santa-guatemalteca-en-oklahoma-750x944.jpg 750w, https:\/\/soymigrante.com\/revista\/wp-content\/uploads\/2026\/08\/alfombra-de-semana-santa-guatemalteca-en-oklahoma-1140x1435.jpg 1140w, https:\/\/soymigrante.com\/revista\/wp-content\/uploads\/2026\/08\/alfombra-de-semana-santa-guatemalteca-en-oklahoma.jpg 1627w\" sizes=\"(max-width: 814px) 100vw, 814px\" \/>\t\t\t\t\t\t\t\t<\/a>\n\t\t\t\t\t\t\t\t\t\t\t<figcaption class=\"widget-image-caption wp-caption-text\">Esta fue la otra alfombra elaborada por manos guatemaltecas en la iglesia de San Patricio, en Oklahoma City. Tambi\u00e9n ten\u00eda la efigie alusiva al beato Stanley Rother. Al fondo, la exposici\u00f3n de fotograf\u00edas de Semana Santa guatemalteca del fot\u00f3grafo Danny Gamboa.<\/figcaption>\n\t\t\t\t\t\t\t\t\t\t<\/figure>\n\t\t\t\t\t\t\t\t\t<\/div>\n\t\t\t\t\t<\/div>\n\t\t\t\t<\/div>\n\t\t<div data-particle_enable=\"false\" data-particle-mobile-disabled=\"false\" class=\"elementor-element elementor-element-1284460 e-flex e-con-boxed e-con e-parent\" data-id=\"1284460\" data-element_type=\"container\" data-e-type=\"container\">\n\t\t\t\t\t<div class=\"e-con-inner\">\n\t\t\t\t<div class=\"elementor-element elementor-element-e2f5b8b elementor-widget elementor-widget-text-editor\" data-id=\"e2f5b8b\" data-element_type=\"widget\" data-e-type=\"widget\" data-widget_type=\"text-editor.default\">\n\t\t\t\t\t\t\t\t\t<p><span style=\"color: #000000; font-family: Mulish, sans-serif; font-size: 29px; font-weight: bold;\">La historia que tambi\u00e9n se conserva lejos de Guatemala<\/span><\/p>\n<p>La conferencia de <strong>Miguel \u00c1lvarez Ar\u00e9valo<\/strong> y las fotograf\u00edas de <strong>Danny Gamboa<\/strong> complementaron la jornada al mostrar distintos aspectos de la Cuaresma y la Semana Santa guatemaltecas.\u00a0<\/p>\n<p>Las 50 fotograf\u00edas permitieron acercar a Oklahoma los colores, las procesiones, los personajes y las escenas que cada a\u00f1o forman parte de esta celebraci\u00f3n en Guatemala.<\/p>\n<p>Todo este mensaje se integr\u00f3 y concret\u00f3 a trav\u00e9s de la alfombra elaborada por manos guatemaltecas.\u00a0Los guatemaltecos no solamente hablaron de su tradici\u00f3n: la construyeron con sus propias manos.<\/p>\t\t\t\t\t\t\t\t<\/div>\n\t\t\t\t\t<\/div>\n\t\t\t\t<\/div>\n\t\t<div data-particle_enable=\"false\" data-particle-mobile-disabled=\"false\" class=\"elementor-element elementor-element-b32b2dc e-flex e-con-boxed e-con e-parent\" data-id=\"b32b2dc\" data-element_type=\"container\" data-e-type=\"container\">\n\t\t\t\t\t<div class=\"e-con-inner\">\n\t\t\t\t<div class=\"elementor-element elementor-element-9ffafc6 elementor-widget elementor-widget-image\" data-id=\"9ffafc6\" data-element_type=\"widget\" data-e-type=\"widget\" data-widget_type=\"image.default\">\n\t\t\t\t\t\t\t\t\t\t\t\t<figure class=\"wp-caption\">\n\t\t\t\t\t\t\t\t\t\t<img loading=\"lazy\" decoding=\"async\" width=\"1140\" height=\"858\" src=\"https:\/\/soymigrante.com\/revista\/wp-content\/uploads\/2026\/08\/alfombra-de-semana-santa-elaborada-por-primera-vez-en-oklahoma-11-1140x858.jpg\" class=\"attachment-large size-large wp-image-63269\" alt=\"La uni\u00f3n entre hermanos guatemaltecos fue el principal ingrediente de un s\u00edmbolo de devoci\u00f3n: la alfombra tradicional de Semana Santa elaborada con serr\u00edn a miles de kil\u00f3metros de Guatemala, pero con Guatemala en el coraz\u00f3n.\" srcset=\"https:\/\/soymigrante.com\/revista\/wp-content\/uploads\/2026\/08\/alfombra-de-semana-santa-elaborada-por-primera-vez-en-oklahoma-11-1140x858.jpg 1140w, https:\/\/soymigrante.com\/revista\/wp-content\/uploads\/2026\/08\/alfombra-de-semana-santa-elaborada-por-primera-vez-en-oklahoma-11-300x226.jpg 300w, https:\/\/soymigrante.com\/revista\/wp-content\/uploads\/2026\/08\/alfombra-de-semana-santa-elaborada-por-primera-vez-en-oklahoma-11-768x578.jpg 768w, https:\/\/soymigrante.com\/revista\/wp-content\/uploads\/2026\/08\/alfombra-de-semana-santa-elaborada-por-primera-vez-en-oklahoma-11-1536x1157.jpg 1536w, https:\/\/soymigrante.com\/revista\/wp-content\/uploads\/2026\/08\/alfombra-de-semana-santa-elaborada-por-primera-vez-en-oklahoma-11-750x565.jpg 750w, https:\/\/soymigrante.com\/revista\/wp-content\/uploads\/2026\/08\/alfombra-de-semana-santa-elaborada-por-primera-vez-en-oklahoma-11.jpg 2048w\" sizes=\"(max-width: 1140px) 100vw, 1140px\" \/>\t\t\t\t\t\t\t\t\t\t\t<figcaption class=\"widget-image-caption wp-caption-text\">La uni\u00f3n entre hermanos guatemaltecos fue el principal ingrediente de un s\u00edmbolo de devoci\u00f3n: la alfombra tradicional de Semana Santa elaborada con serr\u00edn a miles de kil\u00f3metros de Guatemala, pero con Guatemala en el coraz\u00f3n.<\/figcaption>\n\t\t\t\t\t\t\t\t\t\t<\/figure>\n\t\t\t\t\t\t\t\t\t<\/div>\n\t\t\t\t\t<\/div>\n\t\t\t\t<\/div>\n\t\t\t\t<\/div>\n\t\t","protected":false},"excerpt":{"rendered":"<p>Colorido guatemalteco brilla en la iglesia San Patricio de Oklahoma City, en donde la comunidad migrante chapina elabor\u00f3 dos alfombras de Semana Santa, con motivo de exposici\u00f3n impulsada por el Consulado de Guatemala. La tradici\u00f3n de las alfombras de serr\u00edn, una de las expresiones m\u00e1s coloridas y simb\u00f3licas de la Semana Santa guatemalteca, lleg\u00f3 por [&hellip;]<\/p>\n","protected":false},"author":1,"featured_media":63241,"comment_status":"open","ping_status":"open","sticky":false,"template":"","format":"standard","meta":{"_acf_changed":false,"_eb_attr":"","footnotes":""},"categories":[54],"tags":[],"class_list":["post-63233","post","type-post","status-publish","format-standard","has-post-thumbnail","hentry","category-estamos-unidos"],"acf":[],"aioseo_notices":[],"aioseo_head":"\n\t\t<!-- All in One SEO Pro 5.0.1.1 - aioseo.com -->\n\t<meta name=\"description\" content=\"Colorido guatemalteco brilla en la iglesia San Patricio de Oklahoma City, en donde la comunidad migrante chapina elabor\u00f3 dos alfombras de Semana Santa, con motivo de exposici\u00f3n impulsada por el Consulado de Guatemala. La tradici\u00f3n de las alfombras de serr\u00edn, una de las expresiones m\u00e1s coloridas y simb\u00f3licas de la Semana Santa guatemalteca, lleg\u00f3 por\" \/>\n\t<meta name=\"robots\" content=\"max-snippet:-1, max-image-preview:large, max-video-preview:-1\" \/>\n\t<meta name=\"author\" content=\"SoyMigrante.com REVISTA\"\/>\n\t<link rel=\"canonical\" href=\"https:\/\/soymigrante.com\/revista\/guatemaltecos-elaboran-alfombras-de-semana-santa-en-oklahoma-city-por-primera-vez\/\" \/>\n\t<meta name=\"generator\" content=\"All in One SEO Pro (AIOSEO) 5.0.1.1\" \/>\n\n\t\t<link rel=\"preconnect\" href=\"https:\/\/fonts.googleapis.com\" crossorigin>\n<link rel=\"preconnect\" href=\"https:\/\/fonts.gstatic.com\" crossorigin>\n\t\t<meta property=\"og:locale\" content=\"es_ES\" \/>\n\t\t<meta property=\"og:site_name\" content=\"SoyMigrante.com REVISTA \u2013 Nuestra misi\u00f3n es reconocer y dignificar al migrante.\" \/>\n\t\t<meta property=\"og:type\" content=\"article\" \/>\n\t\t<meta property=\"og:title\" content=\"Guatemaltecos elaboran alfombra de Semana Santa en Oklahoma\" \/>\n\t\t<meta property=\"og:description\" content=\"En la iglesia San Patricio de Oklahoma, guatemaltecos elaboraron una tradicional alfombra de serr\u00edn con motivo de exposici\u00f3n fotogr\u00e1fica: sumaron arte, uni\u00f3n y fe\" \/>\n\t\t<meta property=\"og:url\" content=\"https:\/\/soymigrante.com\/revista\/guatemaltecos-elaboran-alfombras-de-semana-santa-en-oklahoma-city-por-primera-vez\/\" \/>\n\t\t<meta property=\"og:image\" content=\"https:\/\/soymigrante.com\/revista\/wp-content\/uploads\/2026\/08\/alfombra-de-semana-santa-elaborada-por-primera-vez-en-oklahoma-1-1.jpg\" \/>\n\t\t<meta property=\"og:image:secure_url\" content=\"https:\/\/soymigrante.com\/revista\/wp-content\/uploads\/2026\/08\/alfombra-de-semana-santa-elaborada-por-primera-vez-en-oklahoma-1-1.jpg\" \/>\n\t\t<meta property=\"og:image:width\" content=\"1536\" \/>\n\t\t<meta property=\"og:image:height\" content=\"1536\" \/>\n\t\t<meta property=\"article:published_time\" content=\"2026-08-31T15:27:46+00:00\" \/>\n\t\t<meta property=\"article:modified_time\" content=\"2026-08-31T15:47:35+00:00\" \/>\n\t\t<meta property=\"article:publisher\" content=\"https:\/\/www.facebook.com\/soymigrantecom\" \/>\n\t\t<meta name=\"twitter:card\" content=\"summary_large_image\" \/>\n\t\t<meta name=\"twitter:site\" content=\"@SoyMigrante_com\" \/>\n\t\t<meta name=\"twitter:title\" content=\"Guatemaltecos elaboran alfombra de Semana Santa en Oklahoma\" \/>\n\t\t<meta name=\"twitter:description\" content=\"En la iglesia San Patricio de Oklahoma, guatemaltecos elaboraron una tradicional alfombra de serr\u00edn con motivo de exposici\u00f3n fotogr\u00e1fica: sumaron arte, uni\u00f3n y fe\" \/>\n\t\t<meta name=\"twitter:creator\" content=\"@SoyMigrante_com\" \/>\n\t\t<meta name=\"twitter:image\" content=\"https:\/\/soymigrante.com\/revista\/wp-content\/uploads\/2026\/08\/alfombra-de-semana-santa-elaborada-por-primera-vez-en-oklahoma-1-1.jpg\" \/>\n\t\t<!-- All in One SEO Pro -->\r\n\t\t<title>Guatemaltecos elaboran alfombras de Semana Santa en Oklahoma City por primera vez<\/title>\n\n","aioseo_head_json":{"title":"Guatemaltecos elaboran alfombras de Semana Santa en Oklahoma City por primera vez","description":"Colorido guatemalteco brilla en la iglesia San Patricio de Oklahoma City, en donde la comunidad migrante chapina elabor\u00f3 dos alfombras de Semana Santa, con motivo de exposici\u00f3n impulsada por el Consulado de Guatemala. La tradici\u00f3n de las alfombras de serr\u00edn, una de las expresiones m\u00e1s coloridas y simb\u00f3licas de la Semana Santa guatemalteca, lleg\u00f3 por","canonical_url":"https:\/\/soymigrante.com\/revista\/guatemaltecos-elaboran-alfombras-de-semana-santa-en-oklahoma-city-por-primera-vez\/","robots":"max-snippet:-1, max-image-preview:large, max-video-preview:-1","keywords":"","webmasterTools":{"miscellaneous":"&lt;link rel=\"preconnect\" href=\"https:\/\/fonts.googleapis.com\" crossorigin&gt;\n&lt;link rel=\"preconnect\" href=\"https:\/\/fonts.gstatic.com\" crossorigin&gt;"},"schema":null,"og:locale":"es_ES","og:site_name":"SoyMigrante.com REVISTA \u2013 Nuestra misi\u00f3n es reconocer y dignificar al migrante.","og:type":"article","og:title":"Guatemaltecos elaboran alfombra de Semana Santa en Oklahoma","og:description":"En la iglesia San Patricio de Oklahoma, guatemaltecos elaboraron una tradicional alfombra de serr\u00edn con motivo de exposici\u00f3n fotogr\u00e1fica: sumaron arte, uni\u00f3n y fe","og:url":"https:\/\/soymigrante.com\/revista\/guatemaltecos-elaboran-alfombras-de-semana-santa-en-oklahoma-city-por-primera-vez\/","og:image":"https:\/\/soymigrante.com\/revista\/wp-content\/uploads\/2026\/08\/alfombra-de-semana-santa-elaborada-por-primera-vez-en-oklahoma-1-1.jpg","og:image:secure_url":"https:\/\/soymigrante.com\/revista\/wp-content\/uploads\/2026\/08\/alfombra-de-semana-santa-elaborada-por-primera-vez-en-oklahoma-1-1.jpg","og:image:width":1536,"og:image:height":1536,"article:published_time":"2026-08-31T15:27:46+00:00","article:modified_time":"2026-08-31T15:47:35+00:00","article:publisher":"https:\/\/www.facebook.com\/soymigrantecom","twitter:card":"summary_large_image","twitter:site":"@SoyMigrante_com","twitter:title":"Guatemaltecos elaboran alfombra de Semana Santa en Oklahoma","twitter:description":"En la iglesia San Patricio de Oklahoma, guatemaltecos elaboraron una tradicional alfombra de serr\u00edn con motivo de exposici\u00f3n fotogr\u00e1fica: sumaron arte, uni\u00f3n y fe","twitter:creator":"@SoyMigrante_com","twitter:image":"https:\/\/soymigrante.com\/revista\/wp-content\/uploads\/2026\/08\/alfombra-de-semana-santa-elaborada-por-primera-vez-en-oklahoma-1-1.jpg"},"aioseo_meta_data":{"post_id":"63233","title":null,"description":null,"keywords":null,"keyphrases":{"focus":{"keyphrase":"Semana Santa Guatemalteca","score":0,"analysis":[]},"additional":[{"keyphrase":"alfombra","score":0},{"keyphrase":"Oklahoma","score":0}]},"primary_term":null,"canonical_url":null,"og_title":"Guatemaltecos elaboran alfombra de Semana Santa en Oklahoma","og_description":"En la iglesia San Patricio de Oklahoma, guatemaltecos elaboraron una tradicional alfombra de serr\u00edn con motivo de exposici\u00f3n fotogr\u00e1fica: sumaron arte, uni\u00f3n y fe","og_object_type":"default","og_image_type":"default","og_image_url":null,"og_image_width":null,"og_image_height":null,"og_image_custom_url":null,"og_image_custom_fields":null,"og_video":"","og_custom_url":null,"og_article_section":null,"og_article_tags":null,"twitter_use_og":false,"twitter_card":"default","twitter_image_type":"default","twitter_image_url":null,"twitter_image_custom_url":null,"twitter_image_custom_fields":null,"twitter_title":null,"twitter_description":null,"schema":{"blockGraphs":[],"customGraphs":[],"default":{"data":{"Article":[],"Course":[],"Dataset":[],"FAQPage":[],"Movie":[],"Person":[],"Product":[],"ProductReview":[],"Car":[],"Recipe":[],"Service":[],"SoftwareApplication":[],"WebPage":[]},"graphName":"NewsArticle","isEnabled":true},"graphs":[]},"schema_type":"default","schema_type_options":null,"pillar_content":false,"robots_default":true,"robots_noindex":false,"robots_noarchive":false,"robots_nosnippet":false,"robots_nofollow":false,"robots_noimageindex":false,"robots_noodp":false,"robots_notranslate":false,"robots_max_snippet":"-1","robots_max_videopreview":"-1","robots_max_imagepreview":"large","priority":null,"frequency":"default","local_seo":null,"seo_analyzer_scan_date":"2026-08-31 15:48:18","breadcrumb_settings":null,"limit_modified_date":false,"reviewed_by":"0","open_ai":null,"ai":{"faqs":[],"keyPoints":[],"schemas":[],"titles":[],"descriptions":[],"socialPosts":{"email":{"subject":"","preview":"","content":""},"linkedin":[],"twitter":[],"facebook":[],"instagram":[]}},"created":"2026-08-31 14:28:25","updated":"2026-08-31 16:07:03","focus_keyword":"Semana Santa Guatemalteca","additional_keywords":[{"word":"alfombra","score":89,"items":{"introductionKeyword":{"score":3},"keyphraseLength":{"score":9},"keyphraseDensity":{"score":9},"functionWordsInKeyphrase":{"score":9},"textCompetingLinks":{"score":9},"imageKeyphrase":{"score":9}}},{"word":"Oklahoma","score":100,"items":{"introductionKeyword":{"score":9},"keyphraseLength":{"score":9},"keyphraseDensity":{"score":9},"functionWordsInKeyphrase":{"score":9},"textCompetingLinks":{"score":9},"imageKeyphrase":{"score":9}}}],"truseo_locale":null},"aioseo_breadcrumb":"<div class=\"aioseo-breadcrumbs\"><span class=\"aioseo-breadcrumb\">\n\t<a href=\"https:\/\/soymigrante.com\/revista\" title=\"Home\">Home<\/a>\n<\/span><span class=\"aioseo-breadcrumb-separator\">\u00bb<\/span><span class=\"aioseo-breadcrumb\">\n\t<a href=\"https:\/\/soymigrante.com\/revista\/category\/estamos-unidos\/\" title=\"Estamos Unidos\">Estamos Unidos<\/a>\n<\/span><span class=\"aioseo-breadcrumb-separator\">\u00bb<\/span><span class=\"aioseo-breadcrumb\">\n\tGuatemaltecos elaboran alfombras de Semana Santa en Oklahoma City por primera vez\n<\/span><\/div>","aioseo_breadcrumb_json":[{"label":"Home","link":"https:\/\/soymigrante.com\/revista"},{"label":"Estamos Unidos","link":"https:\/\/soymigrante.com\/revista\/category\/estamos-unidos\/"},{"label":"Guatemaltecos elaboran alfombras de Semana Santa en Oklahoma City por primera vez","link":"https:\/\/soymigrante.com\/revista\/guatemaltecos-elaboran-alfombras-de-semana-santa-en-oklahoma-city-por-primera-vez\/"}],"_links":{"self":[{"href":"https:\/\/soymigrante.com\/revista\/wp-json\/wp\/v2\/posts\/63233","targetHints":{"allow":["GET"]}}],"collection":[{"href":"https:\/\/soymigrante.com\/revista\/wp-json\/wp\/v2\/posts"}],"about":[{"href":"https:\/\/soymigrante.com\/revista\/wp-json\/wp\/v2\/types\/post"}],"author":[{"embeddable":true,"href":"https:\/\/soymigrante.com\/revista\/wp-json\/wp\/v2\/users\/1"}],"replies":[{"embeddable":true,"href":"https:\/\/soymigrante.com\/revista\/wp-json\/wp\/v2\/comments?post=63233"}],"version-history":[{"count":10,"href":"https:\/\/soymigrante.com\/revista\/wp-json\/wp\/v2\/posts\/63233\/revisions"}],"predecessor-version":[{"id":63284,"href":"https:\/\/soymigrante.com\/revista\/wp-json\/wp\/v2\/posts\/63233\/revisions\/63284"}],"wp:featuredmedia":[{"embeddable":true,"href":"https:\/\/soymigrante.com\/revista\/wp-json\/wp\/v2\/media\/63241"}],"wp:attachment":[{"href":"https:\/\/soymigrante.com\/revista\/wp-json\/wp\/v2\/media?parent=63233"}],"wp:term":[{"taxonomy":"category","embeddable":true,"href":"https:\/\/soymigrante.com\/revista\/wp-json\/wp\/v2\/categories?post=63233"},{"taxonomy":"post_tag","embeddable":true,"href":"https:\/\/soymigrante.com\/revista\/wp-json\/wp\/v2\/tags?post=63233"}],"curies":[{"name":"wp","href":"https:\/\/api.w.org\/{rel}","templated":true}]}}