{"id":63130,"date":"2026-08-30T11:51:49","date_gmt":"2026-08-30T17:51:49","guid":{"rendered":"https:\/\/soymigrante.com\/revista\/?p=63130"},"modified":"2026-08-30T12:25:59","modified_gmt":"2026-08-30T18:25:59","slug":"porque-el-triunfo-del-boxeador-guatemalteco-lester-martinez-en-los-angeles-es-tan-especial-hay-7-razones","status":"publish","type":"post","link":"https:\/\/soymigrante.com\/revista\/porque-el-triunfo-del-boxeador-guatemalteco-lester-martinez-en-los-angeles-es-tan-especial-hay-7-razones\/","title":{"rendered":"\u00bfPorqu\u00e9 el triunfo del boxeador guatemalteco Lester Mart\u00ednez en Los Angeles es tan especial? Hay 7 razones"},"content":{"rendered":"\t\t<div data-elementor-type=\"wp-post\" data-elementor-id=\"63130\" class=\"elementor elementor-63130\" data-elementor-post-type=\"post\">\n\t\t\t\t<div data-particle_enable=\"false\" data-particle-mobile-disabled=\"false\" class=\"elementor-element elementor-element-e461671 e-flex e-con-boxed e-con e-parent\" data-id=\"e461671\" data-element_type=\"container\" data-e-type=\"container\">\n\t\t\t\t\t<div class=\"e-con-inner\">\n\t\t\t\t<div class=\"elementor-element elementor-element-64193e2 elementor-widget elementor-widget-heading\" data-id=\"64193e2\" data-element_type=\"widget\" data-e-type=\"widget\" data-widget_type=\"heading.default\">\n\t\t\t\t\t<h3 class=\"elementor-heading-title elementor-size-default\">Derrotar a Luca Plantic en la pelea del 29 de agosto en Los Angeles, es la 21 victoria del boxeador guatemalteco Lester Mart\u00ednez. Eso en s\u00ed ya es hist\u00f3rico, pero hay otras razones que hacen tan especial este triunfo. \u00a1Felicitaciones L\u00e9ster!<\/h3>\t\t\t\t<\/div>\n\t\t\t\t\t<\/div>\n\t\t\t\t<\/div>\n\t\t<div data-particle_enable=\"false\" data-particle-mobile-disabled=\"false\" class=\"elementor-element elementor-element-4d35e57 e-flex e-con-boxed e-con e-parent\" data-id=\"4d35e57\" data-element_type=\"container\" data-e-type=\"container\">\n\t\t\t\t\t<div class=\"e-con-inner\">\n\t\t\t\t<div class=\"elementor-element elementor-element-fb8a486 elementor-widget elementor-widget-text-editor\" data-id=\"fb8a486\" data-element_type=\"widget\" data-e-type=\"widget\" data-widget_type=\"text-editor.default\">\n\t\t\t\t\t\t\t\t\t<p>Miles de guatemaltecos celebraron en vivo en Los Angeles y millones m\u00e1s vibraron con el triunfo del boxeador guatemalteco Lester Mart\u00ednez, campe\u00f3n interino supermediano del Consejo Mundial de Boxeo sobre el retador Luca Pl\u00e1ntic, la noche del 29 de agosto.<\/p><p>La victoria fue por noc\u00e1ut, decidido por el r\u00e9feri. Pero ocurre en una ocasi\u00f3n muy especial: en plena Semana del Guatemalteco de la ciudad de Los \u00c1ngeles. Lester Mart\u00ednez <a href=\"https:\/\/soymigrante.com\/revista\/guatemalteco-lester-martinez-pelea-entrevista-con-entrenador-esau-dieguez-campeon-boxeo-california\/\">convirti\u00f3 el ring en un escenario de orgullo nacional: defendi\u00f3 su t\u00edtulo mundial por nocaut y cumpli\u00f3 una promesa<\/a>.\u00a0 Por esas y otras razones, su 21 combate invicto es tan especial, simb\u00f3lico e hist\u00f3rico.<\/p>\t\t\t\t\t\t\t\t<\/div>\n\t\t\t\t\t<\/div>\n\t\t\t\t<\/div>\n\t\t<div data-particle_enable=\"false\" data-particle-mobile-disabled=\"false\" class=\"elementor-element elementor-element-4e1115e e-flex e-con-boxed e-con e-parent\" data-id=\"4e1115e\" data-element_type=\"container\" data-e-type=\"container\">\n\t\t\t\t\t<div class=\"e-con-inner\">\n\t\t\t\t<div class=\"elementor-element elementor-element-9e889a9 elementor-widget elementor-widget-html\" data-id=\"9e889a9\" data-element_type=\"widget\" data-e-type=\"widget\" data-widget_type=\"html.default\">\n\t\t\t\t\t<iframe width=\"560\" height=\"415\" src=\"https:\/\/www.youtube.com\/embed\/-aWtiiQVDBg?si=O5__URDzzA-mGgnn\" title=\"YouTube video player\" frameborder=\"0\" allow=\"accelerometer; autoplay; clipboard-write; encrypted-media; gyroscope; picture-in-picture; web-share\" referrerpolicy=\"strict-origin-when-cross-origin\" allowfullscreen><\/iframe>\t\t\t\t<\/div>\n\t\t\t\t\t<\/div>\n\t\t\t\t<\/div>\n\t\t<div data-particle_enable=\"false\" data-particle-mobile-disabled=\"false\" class=\"elementor-element elementor-element-f938f79 e-flex e-con-boxed e-con e-parent\" data-id=\"f938f79\" data-element_type=\"container\" data-e-type=\"container\">\n\t\t\t\t\t<div class=\"e-con-inner\">\n\t\t\t\t<div class=\"elementor-element elementor-element-219f016 elementor-widget elementor-widget-text-editor\" data-id=\"219f016\" data-element_type=\"widget\" data-e-type=\"widget\" data-widget_type=\"text-editor.default\">\n\t\t\t\t\t\t\t\t\t<p><span style=\"color: #000000; font-family: Mulish, sans-serif; font-size: 29px; font-weight: bold;\">1. Broche de oro para la Semana del Guatemalteco en Los \u00c1ngeles<\/span><\/p><p>La victoria de Lester lleg\u00f3 en una ocasi\u00f3n especialmente simb\u00f3lica para la comunidad guatemalteca en Estados Unidos: la semana del 25 al 30 de agosto, por decisi\u00f3n de la alcald\u00eda de Los Angeles est\u00e1 dedicada desde 2024 a celebrar los aportes, la cultura, el trabajo y la identidad de los migrantes guatemaltecos.<\/p><p>Fue una feliz coincidencia.\u00a0La pelea de Lester contra Plantic no formaba parte de los festejos, pero se convirti\u00f3 en broche de oro: que un\u00a0guatemalteco suba al cuadril\u00e1tero para defender un cintur\u00f3n mundial ya es en s\u00ed un evento destacado, pero que lo haga en una semana tan simb\u00f3lica y con un triunfo tan claro, se vuelve un verdadero motivo de alegr\u00eda sin fronteras. En Los Angeles y ciudades vecinas viven unos 300 mil guatemaltecos; y en todo el Estado de California hay alrededor de 1 mill\u00f3n.<\/p>\t\t\t\t\t\t\t\t<\/div>\n\t\t\t\t\t<\/div>\n\t\t\t\t<\/div>\n\t\t<div data-particle_enable=\"false\" data-particle-mobile-disabled=\"false\" class=\"elementor-element elementor-element-8244c73 e-flex e-con-boxed e-con e-parent\" data-id=\"8244c73\" data-element_type=\"container\" data-e-type=\"container\">\n\t\t\t\t\t<div class=\"e-con-inner\">\n\t\t\t\t<div class=\"elementor-element elementor-element-d2b538f elementor-widget elementor-widget-image\" data-id=\"d2b538f\" data-element_type=\"widget\" data-e-type=\"widget\" data-widget_type=\"image.default\">\n\t\t\t\t\t\t\t\t\t\t\t\t<figure class=\"wp-caption\">\n\t\t\t\t\t\t\t\t\t\t<img fetchpriority=\"high\" decoding=\"async\" width=\"848\" height=\"567\" src=\"https:\/\/soymigrante.com\/revista\/wp-content\/uploads\/2026\/08\/lester-martinez-victoria-del-29-de-agosto-2026.png\" class=\"attachment-large size-large wp-image-63145\" alt=\"Fueron gritos de j\u00fabilo y momentos de gran emoci\u00f3n, cuando el r\u00e9feri decidi\u00f3 detener la pelea y declarar ganador por noc\u00e1ut al guatemalteco Lester Mart\u00ednez, en Los Angeles, quien retiene as\u00ed el t\u00edtulo interino de campe\u00f3n de peso supermediano del Consejo Mundial de Boxeo.\" srcset=\"https:\/\/soymigrante.com\/revista\/wp-content\/uploads\/2026\/08\/lester-martinez-victoria-del-29-de-agosto-2026.png 848w, https:\/\/soymigrante.com\/revista\/wp-content\/uploads\/2026\/08\/lester-martinez-victoria-del-29-de-agosto-2026-300x201.png 300w, https:\/\/soymigrante.com\/revista\/wp-content\/uploads\/2026\/08\/lester-martinez-victoria-del-29-de-agosto-2026-768x514.png 768w, https:\/\/soymigrante.com\/revista\/wp-content\/uploads\/2026\/08\/lester-martinez-victoria-del-29-de-agosto-2026-750x501.png 750w\" sizes=\"(max-width: 848px) 100vw, 848px\" title=\"Fueron gritos de j\u00fabilo y momentos de gran emoci\u00f3n, cuando el r\u00e9feri decidi\u00f3 detener la pelea y declarar ganador por noc\u00e1ut al guatemalteco Lester Mart\u00ednez, en Los Angeles, quien retiene as\u00ed el t\u00edtulo interino de campe\u00f3n de peso supermediano del Consejo Mundial de Boxeo. \u2013 SoyMigrante.com REVISTA\" \/>\t\t\t\t\t\t\t\t\t\t\t<figcaption class=\"widget-image-caption wp-caption-text\">Fueron gritos de j\u00fabilo y momentos de gran emoci\u00f3n, cuando el r\u00e9feri decidi\u00f3 detener la pelea y declarar ganador por noc\u00e1ut al guatemalteco Lester Mart\u00ednez, en Los Angeles, quien retiene as\u00ed el t\u00edtulo interino de campe\u00f3n de peso supermediano del Consejo Mundial de Boxeo.<\/figcaption>\n\t\t\t\t\t\t\t\t\t\t<\/figure>\n\t\t\t\t\t\t\t\t\t<\/div>\n\t\t\t\t\t<\/div>\n\t\t\t\t<\/div>\n\t\t<div data-particle_enable=\"false\" data-particle-mobile-disabled=\"false\" class=\"elementor-element elementor-element-945a034 e-flex e-con-boxed e-con e-parent\" data-id=\"945a034\" data-element_type=\"container\" data-e-type=\"container\">\n\t\t\t\t\t<div class=\"e-con-inner\">\n\t\t\t\t<div class=\"elementor-element elementor-element-6e9beb9 elementor-widget elementor-widget-text-editor\" data-id=\"6e9beb9\" data-element_type=\"widget\" data-e-type=\"widget\" data-widget_type=\"text-editor.default\">\n\t\t\t\t\t\t\t\t\t<p><span style=\"color: #000000; font-family: Mulish, sans-serif; font-size: 29px; font-weight: bold;\">2. Compatriotas asistieron a la pelea o lo vieron en el Festival Chap\u00edn de Los Angeles\u00a0\u00a0<\/span><\/p><p>&#8220;Est\u00e1 sold out, mira cu\u00e1ntos guatemaltecos vinieron a verte triunfar&#8221;, le dijo el presentador a Lester Mart\u00ednez a los pocos minutos de haber ganado la pelea por nocaut. En efecto compatriotas con playeras y banderas gritaban de emoci\u00f3n. Entre ellos estaba Estella Di\u00e9guez, la esposa de Esa\u00fa Di\u00e9guez, el entrenador de Lester.<\/p><p>Mientras tanto, en el Festival Chap\u00edn, que se desarrolla este 29 y 30 de agosto, se proyect\u00f3 la pelea de Lester en pantalla gigante. A ellos se sumaron millones de connacionales que siguieron este combate por la transmisi\u00f3n de Probox.TV y redes sociales.\u00a0<\/p><p>Todos los guatemaltecos siguieron la emoci\u00f3n del combate,\u00a0reunidos entre familiares y amigos. Animaron cada momento al connacional y estallaron en j\u00fabilo en el momento de la victoria. Toda una lucha compartida que evoca la lucha de todos por salir adelante.<\/p>\t\t\t\t\t\t\t\t<\/div>\n\t\t\t\t\t<\/div>\n\t\t\t\t<\/div>\n\t\t<div data-particle_enable=\"false\" data-particle-mobile-disabled=\"false\" class=\"elementor-element elementor-element-b7e5044 e-flex e-con-boxed e-con e-parent\" data-id=\"b7e5044\" data-element_type=\"container\" data-e-type=\"container\">\n\t\t\t\t\t<div class=\"e-con-inner\">\n\t\t\t\t<div class=\"elementor-element elementor-element-66a5179 elementor-widget elementor-widget-image\" data-id=\"66a5179\" data-element_type=\"widget\" data-e-type=\"widget\" data-widget_type=\"image.default\">\n\t\t\t\t\t\t\t\t\t\t\t\t<figure class=\"wp-caption\">\n\t\t\t\t\t\t\t\t\t\t<img decoding=\"async\" width=\"1136\" height=\"432\" src=\"https:\/\/soymigrante.com\/revista\/wp-content\/uploads\/2026\/08\/lester-martinez-victoria-el-29-de-agosto-2026-en-semana-del-guatemalteco-en-los-angeles-2.png\" class=\"attachment-large size-large wp-image-63147\" alt=\"Crowd of cheering fans at a live event; a smiling woman in a blue top raises her arms while others cheer, with a blue-and-white flag visible nearby.\" srcset=\"https:\/\/soymigrante.com\/revista\/wp-content\/uploads\/2026\/08\/lester-martinez-victoria-el-29-de-agosto-2026-en-semana-del-guatemalteco-en-los-angeles-2.png 1136w, https:\/\/soymigrante.com\/revista\/wp-content\/uploads\/2026\/08\/lester-martinez-victoria-el-29-de-agosto-2026-en-semana-del-guatemalteco-en-los-angeles-2-300x114.png 300w, https:\/\/soymigrante.com\/revista\/wp-content\/uploads\/2026\/08\/lester-martinez-victoria-el-29-de-agosto-2026-en-semana-del-guatemalteco-en-los-angeles-2-768x292.png 768w, https:\/\/soymigrante.com\/revista\/wp-content\/uploads\/2026\/08\/lester-martinez-victoria-el-29-de-agosto-2026-en-semana-del-guatemalteco-en-los-angeles-2-750x285.png 750w\" sizes=\"(max-width: 1136px) 100vw, 1136px\" title=\"Guatemaltecos asistieron al Galen Center de Los Angeles, para presenciar la pelea del compatriota L\u00e9ster M\u00e1rt\u00ednez contra Luka Plantic. En el momento de la victoria, estall\u00f3 la alegr\u00eda. \u2013 SoyMigrante.com REVISTA\" \/>\t\t\t\t\t\t\t\t\t\t\t<figcaption class=\"widget-image-caption wp-caption-text\"><\/figcaption>\n\t\t\t\t\t\t\t\t\t\t<\/figure>\n\t\t\t\t\t\t\t\t\t<\/div>\n\t\t\t\t\t<\/div>\n\t\t\t\t<\/div>\n\t\t<div data-particle_enable=\"false\" data-particle-mobile-disabled=\"false\" class=\"elementor-element elementor-element-d48332c e-flex e-con-boxed e-con e-parent\" data-id=\"d48332c\" data-element_type=\"container\" data-e-type=\"container\">\n\t\t\t\t\t<div class=\"e-con-inner\">\n\t\t\t\t<div class=\"elementor-element elementor-element-841ff48 elementor-widget elementor-widget-text-editor\" data-id=\"841ff48\" data-element_type=\"widget\" data-e-type=\"widget\" data-widget_type=\"text-editor.default\">\n\t\t\t\t\t\t\t\t\t<p><span style=\"color: #000000; font-family: Mulish, sans-serif; font-size: 29px; font-style: normal; font-variant-ligatures: normal; font-variant-caps: normal; font-weight: bold;\">3. En su esquina est\u00e1 un gran hermano guatemalteco<\/span><\/p>\n<p style=\"font-style: normal; font-variant-ligatures: normal; font-variant-caps: normal; font-weight: 400; font-size: 22px; font-family: Roboto, sans-serif;\">Hay otra historia guatemalteca detr\u00e1s de la victoria de L\u00e9ster Mart\u00ednez: la de su equipo. <a href=\"https:\/\/soymigrante.com\/revista\/esau-dieguez-entrenador-boxeo-guatemalteco-omaha-nebraska-historia-sueno-lester\/\">En la esquina de Lester se encuentra Esa\u00fa Mart\u00ednez,&nbsp; entrenador guatemalteco de boxeo, radicado en Nebraska,<\/a> quien parte del equipo que ha acompa\u00f1ado su preparaci\u00f3n y su evoluci\u00f3n hasta llegar a la \u00e9lite del boxeo profesional. En el \u00faltimo mes pasaron largas jornadas en las monta\u00f1as de Colorado, en exigentes sesiones.<\/p>\n<p style=\"font-style: normal; font-variant-ligatures: normal; font-variant-caps: normal; font-weight: 400; font-size: 22px; font-family: Roboto, sans-serif;\">Esta confluencia de hermanos guatemaltecos tiene un valor especial y emblem\u00e1tico. Mientras Lester llevaba el nombre de <a href=\"https:\/\/soymigrante.com\/revista\/22-departamentos-de-guatemala-un-corazon-multicultural-compartido\/\">Guatemala <\/a>en pu\u00f1os, otro hermano guatemalteco trabajaba desde lo mental, lo f\u00edsico y lo estrat\u00e9gico para guiarlo desde mucho antes del combate.&nbsp;<\/p>\n<p style=\"font-style: normal; font-variant-ligatures: normal; font-variant-caps: normal; font-weight: 400; font-size: 22px; font-family: Roboto, sans-serif;\"><a href=\"https:\/\/soymigrante.com\/revista\/guatemalteco-lester-martinez-pelea-entrevista-con-entrenador-esau-dieguez-campeon-boxeo-california\/\">Esa\u00fa Di\u00e9guez detall\u00f3, dos semanas antes del combate, algunas de las claves de motivaci\u00f3n<\/a> y adiestramiento que impulsaba en el petenero.<\/p>\t\t\t\t\t\t\t\t<\/div>\n\t\t\t\t\t<\/div>\n\t\t\t\t<\/div>\n\t\t<div data-particle_enable=\"false\" data-particle-mobile-disabled=\"false\" class=\"elementor-element elementor-element-493b27a e-flex e-con-boxed e-con e-parent\" data-id=\"493b27a\" data-element_type=\"container\" data-e-type=\"container\">\n\t\t\t\t\t<div class=\"e-con-inner\">\n\t\t\t\t<div class=\"elementor-element elementor-element-c0e8283 elementor-grid-eael-col-1 elementor-grid-tablet-eael-col-2 elementor-grid-mobile-eael-col-1 elementor-widget elementor-widget-eael-post-grid\" data-id=\"c0e8283\" data-element_type=\"widget\" data-e-type=\"widget\" data-settings=\"{&quot;eael_post_grid_columns&quot;:&quot;eael-col-1&quot;,&quot;eael_post_grid_columns_tablet&quot;:&quot;eael-col-2&quot;,&quot;eael_post_grid_columns_mobile&quot;:&quot;eael-col-1&quot;}\" data-widget_type=\"eael-post-grid.default\">\n\t\t\t\t\t<div id=\"eael-post-grid-c0e8283\" class=\"eael-post-grid-container\">\n            <div class=\"eael-post-grid eael-post-appender eael-post-appender-c0e8283 eael-post-grid-style-one\" data-layout-mode=\"masonry\"><article class=\"eael-grid-post  eael-post-grid-column eael-pg-post-62441 category-estamos-unidos\" data-id=\"62441\">\n        <div class=\"eael-grid-post-holder\">\n            <div class=\"eael-grid-post-holder-inner\"><div class=\"eael-entry-media\"><div class=\"eael-entry-overlay fade-in\"><i class=\"far fa-hand-pointer\" aria-hidden=\"true\"><\/i><a href=\"https:\/\/soymigrante.com\/revista\/guatemalteco-lester-martinez-pelea-entrevista-con-entrenador-esau-dieguez-campeon-boxeo-california\/\"><\/a><\/div><div class=\"eael-entry-thumbnail eael-image-ratio\">\n                <img decoding=\"async\" width=\"961\" height=\"961\" src=\"https:\/\/soymigrante.com\/revista\/wp-content\/uploads\/2026\/08\/lester-martinez-boxeador-guatemalteco-entrena-con-esau-dieguez-entrenador-guatemalteco-4.jpg\" class=\"attachment-large size-large wp-image-62601\" alt=\"lester martinez boxeador guatemalteco entrena con esau dieguez entrenador guatemalteco (1)\" srcset=\"https:\/\/soymigrante.com\/revista\/wp-content\/uploads\/2026\/08\/lester-martinez-boxeador-guatemalteco-entrena-con-esau-dieguez-entrenador-guatemalteco-4.jpg 961w, https:\/\/soymigrante.com\/revista\/wp-content\/uploads\/2026\/08\/lester-martinez-boxeador-guatemalteco-entrena-con-esau-dieguez-entrenador-guatemalteco-4-300x300.jpg 300w, https:\/\/soymigrante.com\/revista\/wp-content\/uploads\/2026\/08\/lester-martinez-boxeador-guatemalteco-entrena-con-esau-dieguez-entrenador-guatemalteco-4-150x150.jpg 150w, https:\/\/soymigrante.com\/revista\/wp-content\/uploads\/2026\/08\/lester-martinez-boxeador-guatemalteco-entrena-con-esau-dieguez-entrenador-guatemalteco-4-768x768.jpg 768w, https:\/\/soymigrante.com\/revista\/wp-content\/uploads\/2026\/08\/lester-martinez-boxeador-guatemalteco-entrena-con-esau-dieguez-entrenador-guatemalteco-4-75x75.jpg 75w, https:\/\/soymigrante.com\/revista\/wp-content\/uploads\/2026\/08\/lester-martinez-boxeador-guatemalteco-entrena-con-esau-dieguez-entrenador-guatemalteco-4-750x750.jpg 750w\" sizes=\"(max-width: 961px) 100vw, 961px\" \/>\n            <\/div>\n        <\/div><div class=\"eael-entry-wrapper\"><header class=\"eael-entry-header\"><h2 class=\"eael-entry-title\"><a class=\"eael-grid-post-link\" href=\"https:\/\/soymigrante.com\/revista\/guatemalteco-lester-martinez-pelea-entrevista-con-entrenador-esau-dieguez-campeon-boxeo-california\/\" title=\"&#8220;Nadie impedir\u00e1 que esa noche sea para Guatemala&#8221;: Esa\u00fa Di\u00e9guez, entrenador del boxeador Lester Mart\u00ednez\">&#8220;Nadie impedir\u00e1 que esa noche sea para Guatemala&#8221;: Esa\u00fa Di\u00e9guez, entrenador del boxeador Lester Mart\u00ednez<\/a><\/h2><\/header><div class=\"eael-entry-content\">\n                        <div class=\"eael-grid-post-excerpt\"><a href=\"https:\/\/soymigrante.com\/revista\/guatemalteco-lester-martinez-pelea-entrevista-con-entrenador-esau-dieguez-campeon-boxeo-california\/\" class=\"eael-post-elements-readmore-btn\">CONOCE SU HISTORIA <\/a><\/div>\n                    <\/div><\/div><\/div>\n        <\/div>\n    <\/article><\/div>\n            <div class=\"clearfix\"><\/div>\n        <\/div>\t\t\t\t<\/div>\n\t\t\t\t\t<\/div>\n\t\t\t\t<\/div>\n\t\t<div data-particle_enable=\"false\" data-particle-mobile-disabled=\"false\" class=\"elementor-element elementor-element-5d04d52 e-flex e-con-boxed e-con e-parent\" data-id=\"5d04d52\" data-element_type=\"container\" data-e-type=\"container\">\n\t\t\t\t\t<div class=\"e-con-inner\">\n\t\t\t\t<div class=\"elementor-element elementor-element-23187de elementor-widget elementor-widget-text-editor\" data-id=\"23187de\" data-element_type=\"widget\" data-e-type=\"widget\" data-widget_type=\"text-editor.default\">\n\t\t\t\t\t\t\t\t\t<p><span style=\"color: #000000; font-family: Mulish, sans-serif; font-size: 29px; font-weight: bold;\">4. Esta fue la primera defensa de un t\u00edtulo mundial ganado por un guatemalteco (y va por m\u00e1s)<\/span><\/p><p>Lester no lleg\u00f3 al ring como un aspirante m\u00e1s. Lleg\u00f3 como campe\u00f3n mundial interino.\u00a0\u00a0En marzo de 2026 hizo historia al convertirse en el primer boxeador guatemalteco en conquistar un t\u00edtulo mundial profesional, al obtener el campeonato interino supermediano del Consejo Mundial de Boxeo.<\/p><p>Por eso, la pelea del s\u00e1bado 29 de agosto ten\u00eda un significado especial. No se trataba \u00fanicamente de buscar otra victoria.<a href=\"https:\/\/soymigrante.com\/revista\/manual-gratuito-de-metas-converti-tu-objetivo-en-una-pregunta-diaria\/\"> La meta era clara.<\/a> Era la primera oportunidad de defender un campeonato que ya hab\u00eda hecho historia y que la sigue haciendo.\u00a0\u00a0Lester ten\u00eda que demostrar que aquel t\u00edtulo hist\u00f3rico pod\u00eda quedarse en manos de Guatemala. Ahora, desde ya visualiza enfrentar a quien resulte ganador de la proxima pelea entre Cristian Mbilli y Sa\u00fal &#8220;Canelo&#8221; Alvarez.\u00a0 Lester ya pele\u00f3 contra Mbilli y se declar\u00f3 empate.<\/p>\t\t\t\t\t\t\t\t<\/div>\n\t\t\t\t\t<\/div>\n\t\t\t\t<\/div>\n\t\t<div data-particle_enable=\"false\" data-particle-mobile-disabled=\"false\" class=\"elementor-element elementor-element-88afcce e-flex e-con-boxed e-con e-parent\" data-id=\"88afcce\" data-element_type=\"container\" data-e-type=\"container\">\n\t\t\t\t\t<div class=\"e-con-inner\">\n\t\t\t\t<div class=\"elementor-element elementor-element-3543e8b elementor-widget elementor-widget-html\" data-id=\"3543e8b\" data-element_type=\"widget\" data-e-type=\"widget\" data-widget_type=\"html.default\">\n\t\t\t\t\t<iframe width=\"560\" height=\"315\" src=\"https:\/\/www.youtube.com\/embed\/NXmifo_fn2c?si=0dnLrNf7TelexMuZ\" title=\"YouTube video player\" frameborder=\"0\" allow=\"accelerometer; autoplay; clipboard-write; encrypted-media; gyroscope; picture-in-picture; web-share\" referrerpolicy=\"strict-origin-when-cross-origin\" allowfullscreen><\/iframe>\t\t\t\t<\/div>\n\t\t\t\t\t<\/div>\n\t\t\t\t<\/div>\n\t\t<div data-particle_enable=\"false\" data-particle-mobile-disabled=\"false\" class=\"elementor-element elementor-element-062b019 e-flex e-con-boxed e-con e-parent\" data-id=\"062b019\" data-element_type=\"container\" data-e-type=\"container\">\n\t\t\t\t\t<div class=\"e-con-inner\">\n\t\t\t\t<div class=\"elementor-element elementor-element-14ddd6b elementor-widget elementor-widget-text-editor\" data-id=\"14ddd6b\" data-element_type=\"widget\" data-e-type=\"widget\" data-widget_type=\"text-editor.default\">\n\t\t\t\t\t\t\t\t\t<p><span style=\"color: #000000; font-family: Mulish, sans-serif; font-size: 29px; font-weight: bold;\">5.\u00a0<\/span><span style=\"color: #000000; font-family: Mulish, sans-serif; font-size: 29px; font-style: normal; font-variant-ligatures: normal; font-variant-caps: normal; font-weight: bold;\">Lester hab\u00eda prometido que ser\u00eda una gran noche para Guatemala<\/span><\/p><p style=\"font-style: normal; font-variant-ligatures: normal; font-variant-caps: normal; font-weight: 400; font-size: 22px; font-family: Roboto, sans-serif;\">Meses antes de la pelea, <a href=\"https:\/\/soymigrante.com\/revista\/manual-gratuito-de-metas-contale-tu-objetivo-a-alguien-de-confianza\/\">Lester Mart\u00ednez hab\u00eda declarado que iba a convertir el combate en una noche para Guatemala.<\/a>\u00a0 Y esta frase\u00a0 adquiri\u00f3 un significado trascendental cuando termin\u00f3 el combate victorioso.\u00a0<\/p><p style=\"font-style: normal; font-variant-ligatures: normal; font-variant-caps: normal; font-weight: 400; font-size: 22px; font-family: Roboto, sans-serif;\">Con el t\u00edtulo nuevamente en sus manos y despu\u00e9s de una victoria por nocaut, Lester dirigi\u00f3 su mensaje a sus compatriotas. \u201cGuatemala, hoy defendimos lo nuestro\u201d, expres\u00f3 tras el triunfo. No fue solamente una celebraci\u00f3n personal. Era el mensaje de un campe\u00f3n que sab\u00eda que miles de guatemaltecos estaban pendientes de cada golpe. La promesa estaba cumplida: aquella noche, Guatemala hab\u00eda ganado en Los \u00c1ngeles.<\/p>\t\t\t\t\t\t\t\t<\/div>\n\t\t\t\t\t<\/div>\n\t\t\t\t<\/div>\n\t\t<div data-particle_enable=\"false\" data-particle-mobile-disabled=\"false\" class=\"elementor-element elementor-element-7b51915 e-flex e-con-boxed e-con e-parent\" data-id=\"7b51915\" data-element_type=\"container\" data-e-type=\"container\">\n\t\t\t\t\t<div class=\"e-con-inner\">\n\t\t\t\t<div class=\"elementor-element elementor-element-f0d1db5 elementor-widget elementor-widget-html\" data-id=\"f0d1db5\" data-element_type=\"widget\" data-e-type=\"widget\" data-widget_type=\"html.default\">\n\t\t\t\t\t<iframe width=\"560\" height=\"415\" src=\"https:\/\/www.youtube.com\/embed\/raQnZBVohNY?si=e4kHRCL5PLvPuVtd\" title=\"YouTube video player\" frameborder=\"0\" allow=\"accelerometer; autoplay; clipboard-write; encrypted-media; gyroscope; picture-in-picture; web-share\" referrerpolicy=\"strict-origin-when-cross-origin\" allowfullscreen><\/iframe>\t\t\t\t<\/div>\n\t\t\t\t\t<\/div>\n\t\t\t\t<\/div>\n\t\t<div data-particle_enable=\"false\" data-particle-mobile-disabled=\"false\" class=\"elementor-element elementor-element-87f6c45 e-flex e-con-boxed e-con e-parent\" data-id=\"87f6c45\" data-element_type=\"container\" data-e-type=\"container\">\n\t\t\t\t\t<div class=\"e-con-inner\">\n\t\t\t\t<div class=\"elementor-element elementor-element-8425717 elementor-widget elementor-widget-text-editor\" data-id=\"8425717\" data-element_type=\"widget\" data-e-type=\"widget\" data-widget_type=\"text-editor.default\">\n\t\t\t\t\t\t\t\t\t<p><span style=\"color: #000000; font-family: Mulish, sans-serif; font-size: 29px; font-weight: bold;\">6. Los alardeos del<\/span><span style=\"color: #000000; font-family: Mulish, sans-serif; font-size: 29px; font-weight: bold;\">\u00a0rival fueron respondidos de manera contundente y con autoridad<\/span><\/p><p>La pelea del 29 de agosto, Mart\u00ednez-Plantic tambi\u00e9n hab\u00eda adquirido un ingrediente de orgullo personal y nacional:\u00a0Luka Planti\u0107 lleg\u00f3 invicto y habl\u00f3 con confianza antes del combate, incluso planteando que aquella ser\u00eda una noche para Croacia.\u00a0 Dijo a Mart\u00ednez que en su esquina &#8220;estar\u00eda solo&#8221; y que iba a derrotarlo. Pero el guatemalteco, lejos de caer en el juego y de responder con m\u00e1s palabras, demostr\u00f3 lo que pod\u00eda hacer en el lugar adecuado:\u00a0sobre el ring.<\/p><p>En el d\u00e9cimo asalto, el guatemalteco consigui\u00f3 el nocaut t\u00e9cnico que puso fin al combate y al invicto de su rival. No necesit\u00f3 responder con palabras. Su respuesta lleg\u00f3 con los guantes. &#8220;Luca pega fuerte, es un gran profesional y un gran rival&#8221;, dijo Lester Mart\u00ednez tras su triunfo, en una demostraci\u00f3n de humildad y esp\u00edritu de competitividad.\u00a0<\/p>\t\t\t\t\t\t\t\t<\/div>\n\t\t\t\t\t<\/div>\n\t\t\t\t<\/div>\n\t\t<div data-particle_enable=\"false\" data-particle-mobile-disabled=\"false\" class=\"elementor-element elementor-element-278cbe7 e-flex e-con-boxed e-con e-parent\" data-id=\"278cbe7\" data-element_type=\"container\" data-e-type=\"container\">\n\t\t\t\t\t<div class=\"e-con-inner\">\n\t\t\t\t<div class=\"elementor-element elementor-element-69c0b9d elementor-widget elementor-widget-image\" data-id=\"69c0b9d\" data-element_type=\"widget\" data-e-type=\"widget\" data-widget_type=\"image.default\">\n\t\t\t\t\t\t\t\t\t\t\t\t<figure class=\"wp-caption\">\n\t\t\t\t\t\t\t\t\t\t\t<a href=\"https:\/\/www.youtube.com\/watch?v=SxtRZLvLavE\">\n\t\t\t\t\t\t\t<img loading=\"lazy\" decoding=\"async\" width=\"1071\" height=\"642\" src=\"https:\/\/soymigrante.com\/revista\/wp-content\/uploads\/2026\/08\/lester-martinez-victoria-el-29-de-agosto-2026-en-semana-del-guatemalteco-en-los-angeles-12.png\" class=\"attachment-large size-large wp-image-63158\" alt=\"Momento en que Lester Mart\u00ednez oficialmente gana la pelea: un momento que prosigue una ruta de \u00e9xito. Si deseas ver el documental sobre su vida, clic en la imagen.\" srcset=\"https:\/\/soymigrante.com\/revista\/wp-content\/uploads\/2026\/08\/lester-martinez-victoria-el-29-de-agosto-2026-en-semana-del-guatemalteco-en-los-angeles-12.png 1071w, https:\/\/soymigrante.com\/revista\/wp-content\/uploads\/2026\/08\/lester-martinez-victoria-el-29-de-agosto-2026-en-semana-del-guatemalteco-en-los-angeles-12-300x180.png 300w, https:\/\/soymigrante.com\/revista\/wp-content\/uploads\/2026\/08\/lester-martinez-victoria-el-29-de-agosto-2026-en-semana-del-guatemalteco-en-los-angeles-12-768x460.png 768w, https:\/\/soymigrante.com\/revista\/wp-content\/uploads\/2026\/08\/lester-martinez-victoria-el-29-de-agosto-2026-en-semana-del-guatemalteco-en-los-angeles-12-750x450.png 750w\" sizes=\"(max-width: 1071px) 100vw, 1071px\" title=\"Momento en que Lester Mart\u00ednez oficialmente gana la pelea: un momento que prosigue una ruta de \u00e9xito. Si deseas ver el documental sobre su vida, clic en la imagen. \u2013 SoyMigrante.com REVISTA\" \/>\t\t\t\t\t\t\t\t<\/a>\n\t\t\t\t\t\t\t\t\t\t\t<figcaption class=\"widget-image-caption wp-caption-text\">Momento en que Lester Mart\u00ednez oficialmente gana la pelea: un momento que prosigue una ruta de \u00e9xito. Si deseas ver el documental sobre su vida, clic en la imagen.<\/figcaption>\n\t\t\t\t\t\t\t\t\t\t<\/figure>\n\t\t\t\t\t\t\t\t\t<\/div>\n\t\t\t\t\t<\/div>\n\t\t\t\t<\/div>\n\t\t<div data-particle_enable=\"false\" data-particle-mobile-disabled=\"false\" class=\"elementor-element elementor-element-1310bdf e-flex e-con-boxed e-con e-parent\" data-id=\"1310bdf\" data-element_type=\"container\" data-e-type=\"container\">\n\t\t\t\t\t<div class=\"e-con-inner\">\n\t\t\t\t<div class=\"elementor-element elementor-element-558fa3b elementor-widget elementor-widget-text-editor\" data-id=\"558fa3b\" data-element_type=\"widget\" data-e-type=\"widget\" data-widget_type=\"text-editor.default\">\n\t\t\t\t\t\t\t\t\t<p><span style=\"font-family: Mulish, sans-serif; font-size: 29px; font-weight: bold; color: #000000;\">7. Lester Mart\u00ednez ya ocupa el lugar m\u00e1s alto alcanzado por un boxeador guatemalteco<\/span><\/p><p>Quiz\u00e1 esta sea la raz\u00f3n que re\u00fane a todas las dem\u00e1s:\u00a0\u00a0Lester Mart\u00ednez ya hizo algo que ning\u00fan otro boxeador guatemalteco hab\u00eda conseguido: convertirse en campe\u00f3n mundial profesional, un entorno que no perdona errores, que no admite apariencias y que exige al m\u00e1ximo a cada profesional.<\/p><p>Como deportista amateur logr\u00f3 la medalla de oro de los Juegos Centroamericanos y del Caribe de 2018, cuando derrot\u00f3 al cubano Arlen L\u00f3pez, entonces campe\u00f3n ol\u00edmpico y mundial. Sin embargo, su ruta profesional ha sido un camino de ascenso. El t\u00edtulo mundial logrado en marzo consolida ese camino.<\/p><p>Ahora, con una defensa exitosa y un nuevo nocaut, lo convierten en s\u00edmbolo y modelo, un guatemalteco que pelea duro contra la adversidad y sigue adelante, con sencillez, humildad y nuevas metas: un digno pre\u00e1mbulo para el inicio del mes patrio.<\/p>\t\t\t\t\t\t\t\t<\/div>\n\t\t\t\t\t<\/div>\n\t\t\t\t<\/div>\n\t\t<div data-particle_enable=\"false\" data-particle-mobile-disabled=\"false\" class=\"elementor-element elementor-element-d65e395 e-flex e-con-boxed e-con e-parent\" data-id=\"d65e395\" data-element_type=\"container\" data-e-type=\"container\">\n\t\t\t\t\t<div class=\"e-con-inner\">\n\t\t\t\t<div class=\"elementor-element elementor-element-bba3e38 elementor-widget elementor-widget-global elementor-global-52097 elementor-widget-heading\" data-id=\"bba3e38\" data-element_type=\"widget\" data-e-type=\"widget\" data-widget_type=\"heading.default\">\n\t\t\t\t\t<h2 class=\"elementor-heading-title elementor-size-default\">Quiz\u00e1 tambi\u00e9n te podr\u00eda interesar<\/h2>\t\t\t\t<\/div>\n\t\t\t\t\t<\/div>\n\t\t\t\t<\/div>\n\t\t<div data-particle_enable=\"false\" data-particle-mobile-disabled=\"false\" class=\"elementor-element elementor-element-d86520b e-flex e-con-boxed e-con e-parent\" data-id=\"d86520b\" data-element_type=\"container\" data-e-type=\"container\">\n\t\t\t\t\t<div class=\"e-con-inner\">\n\t\t\t\t<div class=\"elementor-element elementor-element-5919443 elementor-grid-eael-col-3 elementor-grid-tablet-eael-col-2 elementor-grid-mobile-eael-col-1 elementor-widget elementor-widget-eael-post-grid\" data-id=\"5919443\" data-element_type=\"widget\" data-e-type=\"widget\" data-settings=\"{&quot;eael_post_grid_columns&quot;:&quot;eael-col-3&quot;,&quot;eael_post_grid_columns_tablet&quot;:&quot;eael-col-2&quot;,&quot;eael_post_grid_columns_mobile&quot;:&quot;eael-col-1&quot;}\" data-widget_type=\"eael-post-grid.default\">\n\t\t\t\t\t<div id=\"eael-post-grid-5919443\" class=\"eael-post-grid-container\">\n            <div class=\"eael-post-grid eael-post-appender eael-post-appender-5919443 eael-post-grid-style-one\" data-layout-mode=\"masonry\"><article class=\"eael-grid-post  eael-post-grid-column eael-pg-post-51181 category-exitos-guatemala\" data-id=\"51181\">\n        <div class=\"eael-grid-post-holder\">\n            <div class=\"eael-grid-post-holder-inner\"><div class=\"eael-entry-media\"><div class=\"eael-entry-overlay fade-in\"><i class=\"far fa-hand-pointer\" aria-hidden=\"true\"><\/i><a href=\"https:\/\/soymigrante.com\/revista\/esau-dieguez-entrenador-boxeo-guatemalteco-omaha-nebraska-historia-sueno-lester\/\"><\/a><\/div><div class=\"eael-entry-thumbnail eael-image-ratio\">\n                <img loading=\"lazy\" decoding=\"async\" width=\"842\" height=\"832\" src=\"https:\/\/soymigrante.com\/revista\/wp-content\/uploads\/2026\/01\/esau-dieguez-guatemalteco-en-omaha-nebraska-entrenador-de-boxeo.png\" class=\"attachment-large size-large wp-image-51185\" alt=\"esau dieguez guatemalteco en omaha nebraska entrenador de boxeo\" srcset=\"https:\/\/soymigrante.com\/revista\/wp-content\/uploads\/2026\/01\/esau-dieguez-guatemalteco-en-omaha-nebraska-entrenador-de-boxeo.png 842w, https:\/\/soymigrante.com\/revista\/wp-content\/uploads\/2026\/01\/esau-dieguez-guatemalteco-en-omaha-nebraska-entrenador-de-boxeo-300x296.png 300w, https:\/\/soymigrante.com\/revista\/wp-content\/uploads\/2026\/01\/esau-dieguez-guatemalteco-en-omaha-nebraska-entrenador-de-boxeo-768x759.png 768w, https:\/\/soymigrante.com\/revista\/wp-content\/uploads\/2026\/01\/esau-dieguez-guatemalteco-en-omaha-nebraska-entrenador-de-boxeo-75x75.png 75w, https:\/\/soymigrante.com\/revista\/wp-content\/uploads\/2026\/01\/esau-dieguez-guatemalteco-en-omaha-nebraska-entrenador-de-boxeo-750x741.png 750w\" sizes=\"(max-width: 842px) 100vw, 842px\" \/>\n            <\/div>\n        <\/div><div class=\"eael-entry-wrapper\"><header class=\"eael-entry-header\"><h2 class=\"eael-entry-title\"><a class=\"eael-grid-post-link\" href=\"https:\/\/soymigrante.com\/revista\/esau-dieguez-entrenador-boxeo-guatemalteco-omaha-nebraska-historia-sueno-lester\/\" title=\"&#8220;Mi sue\u00f1o es un campe\u00f3n mundial guatemalteco&#8221;: Esa\u00fa Di\u00e9guez, entrenador de boxeo en Omaha, Nebraska\">&#8220;Mi sue\u00f1o es un campe\u00f3n mundial guatemalteco&#8221;: Esa\u00fa Di\u00e9guez, entrenador de boxeo en Omaha, Nebraska<\/a><\/h2><\/header><div class=\"eael-entry-content\">\n                        <div class=\"eael-grid-post-excerpt\"><a href=\"https:\/\/soymigrante.com\/revista\/esau-dieguez-entrenador-boxeo-guatemalteco-omaha-nebraska-historia-sueno-lester\/\" class=\"eael-post-elements-readmore-btn\">CONOCE SU HISTORIA <\/a><\/div>\n                    <\/div><\/div><\/div>\n        <\/div>\n    <\/article><article class=\"eael-grid-post  eael-post-grid-column eael-pg-post-56996 category-exitos-guatemala tags-california\" data-id=\"56996\">\n        <div class=\"eael-grid-post-holder\">\n            <div class=\"eael-grid-post-holder-inner\"><div class=\"eael-entry-media\"><div class=\"eael-entry-overlay fade-in\"><i class=\"far fa-hand-pointer\" aria-hidden=\"true\"><\/i><a href=\"https:\/\/soymigrante.com\/revista\/convertir-golpes-en-fortalezas-impulsa-a-la-boxeadora-migrante-guatemalteca-maria-micheo\/\"><\/a><\/div><div class=\"eael-entry-thumbnail eael-image-ratio\">\n                <img loading=\"lazy\" decoding=\"async\" width=\"1024\" height=\"1024\" src=\"https:\/\/soymigrante.com\/revista\/wp-content\/uploads\/2026\/05\/maria-micheo-boxeadora-migrante-guatemalteca-guatemaltecos-en-estados-unidos-california-1024x1024.png\" class=\"attachment-large size-large wp-image-57015\" alt=\"maria micheo boxeadora migrante guatemalteca guatemaltecos en estados unidos california\" srcset=\"https:\/\/soymigrante.com\/revista\/wp-content\/uploads\/2026\/05\/maria-micheo-boxeadora-migrante-guatemalteca-guatemaltecos-en-estados-unidos-california-1024x1024.png 1024w, https:\/\/soymigrante.com\/revista\/wp-content\/uploads\/2026\/05\/maria-micheo-boxeadora-migrante-guatemalteca-guatemaltecos-en-estados-unidos-california-300x300.png 300w, https:\/\/soymigrante.com\/revista\/wp-content\/uploads\/2026\/05\/maria-micheo-boxeadora-migrante-guatemalteca-guatemaltecos-en-estados-unidos-california-150x150.png 150w, https:\/\/soymigrante.com\/revista\/wp-content\/uploads\/2026\/05\/maria-micheo-boxeadora-migrante-guatemalteca-guatemaltecos-en-estados-unidos-california-768x768.png 768w, https:\/\/soymigrante.com\/revista\/wp-content\/uploads\/2026\/05\/maria-micheo-boxeadora-migrante-guatemalteca-guatemaltecos-en-estados-unidos-california-75x75.png 75w, https:\/\/soymigrante.com\/revista\/wp-content\/uploads\/2026\/05\/maria-micheo-boxeadora-migrante-guatemalteca-guatemaltecos-en-estados-unidos-california-750x750.png 750w, https:\/\/soymigrante.com\/revista\/wp-content\/uploads\/2026\/05\/maria-micheo-boxeadora-migrante-guatemalteca-guatemaltecos-en-estados-unidos-california-1140x1140.png 1140w, https:\/\/soymigrante.com\/revista\/wp-content\/uploads\/2026\/05\/maria-micheo-boxeadora-migrante-guatemalteca-guatemaltecos-en-estados-unidos-california.png 1200w\" sizes=\"(max-width: 1024px) 100vw, 1024px\" \/>\n            <\/div>\n        <\/div><div class=\"eael-entry-wrapper\"><header class=\"eael-entry-header\"><h2 class=\"eael-entry-title\"><a class=\"eael-grid-post-link\" href=\"https:\/\/soymigrante.com\/revista\/convertir-golpes-en-fortalezas-impulsa-a-la-boxeadora-migrante-guatemalteca-maria-micheo\/\" title=\"Boxeadora migrante guatemalteca Mar\u00eda Micheo es #3 del ranking mundial gracias a su perseverancia\">Boxeadora migrante guatemalteca Mar\u00eda Micheo es #3 del ranking mundial gracias a su perseverancia<\/a><\/h2><\/header><div class=\"eael-entry-content\">\n                        <div class=\"eael-grid-post-excerpt\"><a href=\"https:\/\/soymigrante.com\/revista\/convertir-golpes-en-fortalezas-impulsa-a-la-boxeadora-migrante-guatemalteca-maria-micheo\/\" class=\"eael-post-elements-readmore-btn\">CONOCE SU HISTORIA <\/a><\/div>\n                    <\/div><\/div><\/div>\n        <\/div>\n    <\/article><article class=\"eael-grid-post  eael-post-grid-column eael-pg-post-55764 category-estamos-unidos\" data-id=\"55764\">\n        <div class=\"eael-grid-post-holder\">\n            <div class=\"eael-grid-post-holder-inner\"><div class=\"eael-entry-media\"><div class=\"eael-entry-overlay fade-in\"><i class=\"far fa-hand-pointer\" aria-hidden=\"true\"><\/i><a href=\"https:\/\/soymigrante.com\/revista\/esau-dieguez-entrenador-migrante-boxeo-campeones-santa-cruz-barillas-calle-homenaje\/\"><\/a><\/div><div class=\"eael-entry-thumbnail eael-image-ratio\">\n                <img loading=\"lazy\" decoding=\"async\" width=\"1024\" height=\"1024\" src=\"https:\/\/soymigrante.com\/revista\/wp-content\/uploads\/2026\/05\/esau-dieguez-homenaje-1024x1024.png\" class=\"attachment-large size-large wp-image-55768\" alt=\"esau dieguez homenaje\" srcset=\"https:\/\/soymigrante.com\/revista\/wp-content\/uploads\/2026\/05\/esau-dieguez-homenaje-1024x1024.png 1024w, https:\/\/soymigrante.com\/revista\/wp-content\/uploads\/2026\/05\/esau-dieguez-homenaje-300x300.png 300w, https:\/\/soymigrante.com\/revista\/wp-content\/uploads\/2026\/05\/esau-dieguez-homenaje-150x150.png 150w, https:\/\/soymigrante.com\/revista\/wp-content\/uploads\/2026\/05\/esau-dieguez-homenaje-768x768.png 768w, https:\/\/soymigrante.com\/revista\/wp-content\/uploads\/2026\/05\/esau-dieguez-homenaje-75x75.png 75w, https:\/\/soymigrante.com\/revista\/wp-content\/uploads\/2026\/05\/esau-dieguez-homenaje-750x750.png 750w, https:\/\/soymigrante.com\/revista\/wp-content\/uploads\/2026\/05\/esau-dieguez-homenaje-1140x1140.png 1140w, https:\/\/soymigrante.com\/revista\/wp-content\/uploads\/2026\/05\/esau-dieguez-homenaje.png 1200w\" sizes=\"(max-width: 1024px) 100vw, 1024px\" \/>\n            <\/div>\n        <\/div><div class=\"eael-entry-wrapper\"><header class=\"eael-entry-header\"><h2 class=\"eael-entry-title\"><a class=\"eael-grid-post-link\" href=\"https:\/\/soymigrante.com\/revista\/esau-dieguez-entrenador-migrante-boxeo-campeones-santa-cruz-barillas-calle-homenaje\/\" title=\"Calle principal de Santa Cruz Barillas nombrada Esa\u00fa Di\u00e9guez, en honor al entrenador migrante de campeones de box\">Calle principal de Santa Cruz Barillas nombrada Esa\u00fa Di\u00e9guez, en honor al entrenador migrante de campeones de box<\/a><\/h2><\/header><div class=\"eael-entry-content\">\n                        <div class=\"eael-grid-post-excerpt\"><a href=\"https:\/\/soymigrante.com\/revista\/esau-dieguez-entrenador-migrante-boxeo-campeones-santa-cruz-barillas-calle-homenaje\/\" class=\"eael-post-elements-readmore-btn\">CONOCE SU HISTORIA <\/a><\/div>\n                    <\/div><\/div><\/div>\n        <\/div>\n    <\/article><\/div>\n            <div class=\"clearfix\"><\/div>\n        <\/div>\t\t\t\t<\/div>\n\t\t\t\t\t<\/div>\n\t\t\t\t<\/div>\n\t\t\t\t<\/div>\n\t\t","protected":false},"excerpt":{"rendered":"<p>Derrotar a Luca Plantic en la pelea del 29 de agosto en Los Angeles, es la 21 victoria del boxeador guatemalteco Lester Mart\u00ednez. Eso en s\u00ed ya es hist\u00f3rico, pero hay otras razones que hacen tan especial este triunfo. \u00a1Felicitaciones L\u00e9ster! Miles de guatemaltecos celebraron en vivo en Los Angeles y millones m\u00e1s vibraron con [&hellip;]<\/p>\n","protected":false},"author":1,"featured_media":63131,"comment_status":"open","ping_status":"open","sticky":false,"template":"","format":"standard","meta":{"_acf_changed":false,"_eb_attr":"","footnotes":""},"categories":[54],"tags":[],"class_list":["post-63130","post","type-post","status-publish","format-standard","has-post-thumbnail","hentry","category-estamos-unidos"],"acf":[],"aioseo_notices":[],"aioseo_head":"\n\t\t<!-- All in One SEO Pro 5.0.1.1 - aioseo.com -->\n\t<meta name=\"description\" content=\"Calle principal de Santa Cruz Barillas, Huehuetenango lleva ahora el nombre de Esa\u00fa Di\u00e9guez, entrenador migrante de campeones radicado en Omaha, Nebraska\" \/>\n\t<meta name=\"robots\" content=\"max-snippet:-1, max-image-preview:large, max-video-preview:-1\" \/>\n\t<meta name=\"author\" content=\"Gustavo Montenegro\"\/>\n\t<link rel=\"canonical\" href=\"https:\/\/soymigrante.com\/revista\/esau-dieguez-entrenador-migrante-boxeo-campeones-santa-cruz-barillas-calle-homenaje\/\" \/>\n\t<meta name=\"generator\" content=\"All in One SEO Pro (AIOSEO) 5.0.1.1\" \/>\n\n\t\t<link rel=\"preconnect\" href=\"https:\/\/fonts.googleapis.com\" crossorigin>\n<link rel=\"preconnect\" href=\"https:\/\/fonts.gstatic.com\" crossorigin>\n\t\t<meta property=\"og:locale\" content=\"es_ES\" \/>\n\t\t<meta property=\"og:site_name\" content=\"SoyMigrante.com REVISTA \u2013 Nuestra misi\u00f3n es reconocer y dignificar al migrante.\" \/>\n\t\t<meta property=\"og:type\" content=\"article\" \/>\n\t\t<meta property=\"og:title\" content=\"Entrenador migrante de box Esa\u00fa Di\u00e9guez recibe homenaje\" \/>\n\t\t<meta property=\"og:description\" content=\"Calle principal de Santa Cruz Barillas, Huehuetenango lleva ahora el nombre de Esa\u00fa Di\u00e9guez, entrenador migrante de campeones radicado en Omaha, Nebraska\" \/>\n\t\t<meta property=\"og:url\" content=\"https:\/\/soymigrante.com\/revista\/esau-dieguez-entrenador-migrante-boxeo-campeones-santa-cruz-barillas-calle-homenaje\/\" \/>\n\t\t<meta property=\"og:image\" content=\"https:\/\/soymigrante.com\/revista\/wp-content\/uploads\/2026\/05\/esau-dieguez-homenaje.png\" \/>\n\t\t<meta property=\"og:image:secure_url\" content=\"https:\/\/soymigrante.com\/revista\/wp-content\/uploads\/2026\/05\/esau-dieguez-homenaje.png\" \/>\n\t\t<meta property=\"og:image:width\" content=\"1200\" \/>\n\t\t<meta property=\"og:image:height\" content=\"1200\" \/>\n\t\t<meta property=\"article:published_time\" content=\"2026-05-01T16:44:37+00:00\" \/>\n\t\t<meta property=\"article:modified_time\" content=\"2026-05-01T17:08:47+00:00\" \/>\n\t\t<meta property=\"article:publisher\" content=\"https:\/\/www.facebook.com\/soymigrantecom\" \/>\n\t\t<meta name=\"twitter:card\" content=\"summary_large_image\" \/>\n\t\t<meta name=\"twitter:site\" content=\"@SoyMigrante_com\" \/>\n\t\t<meta name=\"twitter:title\" content=\"Entrenador migrante de box Esa\u00fa Di\u00e9guez recibe homenaje\" \/>\n\t\t<meta name=\"twitter:description\" content=\"Calle principal de Santa Cruz Barillas, Huehuetenango lleva ahora el nombre de Esa\u00fa Di\u00e9guez, entrenador migrante de campeones radicado en Omaha, Nebraska\" \/>\n\t\t<meta name=\"twitter:creator\" content=\"@SoyMigrante_com\" \/>\n\t\t<meta name=\"twitter:image\" content=\"https:\/\/soymigrante.com\/revista\/wp-content\/uploads\/2026\/05\/esau-dieguez-homenaje.png\" \/>\n\t\t<!-- All in One SEO Pro -->\r\n\t\t<title>Entrenador migrante de box Esa\u00fa Di\u00e9guez recibe homenaje<\/title>\n\n","aioseo_head_json":{"title":"Entrenador migrante de box Esa\u00fa Di\u00e9guez recibe homenaje","description":"Calle principal de Santa Cruz Barillas, Huehuetenango lleva ahora el nombre de Esa\u00fa Di\u00e9guez, entrenador migrante de campeones radicado en Omaha, Nebraska","canonical_url":"https:\/\/soymigrante.com\/revista\/esau-dieguez-entrenador-migrante-boxeo-campeones-santa-cruz-barillas-calle-homenaje\/","robots":"max-snippet:-1, max-image-preview:large, max-video-preview:-1","keywords":"","webmasterTools":{"miscellaneous":"&lt;link rel=\"preconnect\" href=\"https:\/\/fonts.googleapis.com\" crossorigin&gt;\n&lt;link rel=\"preconnect\" href=\"https:\/\/fonts.gstatic.com\" crossorigin&gt;"},"schema":null,"og:locale":"es_ES","og:site_name":"SoyMigrante.com REVISTA \u2013 Nuestra misi\u00f3n es reconocer y dignificar al migrante.","og:type":"article","og:title":"Entrenador migrante de box Esa\u00fa Di\u00e9guez recibe homenaje","og:description":"Calle principal de Santa Cruz Barillas, Huehuetenango lleva ahora el nombre de Esa\u00fa Di\u00e9guez, entrenador migrante de campeones radicado en Omaha, Nebraska","og:url":"https:\/\/soymigrante.com\/revista\/esau-dieguez-entrenador-migrante-boxeo-campeones-santa-cruz-barillas-calle-homenaje\/","og:image":"https:\/\/soymigrante.com\/revista\/wp-content\/uploads\/2026\/05\/esau-dieguez-homenaje.png","og:image:secure_url":"https:\/\/soymigrante.com\/revista\/wp-content\/uploads\/2026\/05\/esau-dieguez-homenaje.png","og:image:width":1200,"og:image:height":1200,"article:published_time":"2026-05-01T16:44:37+00:00","article:modified_time":"2026-05-01T17:08:47+00:00","article:publisher":"https:\/\/www.facebook.com\/soymigrantecom","twitter:card":"summary_large_image","twitter:site":"@SoyMigrante_com","twitter:title":"Entrenador migrante de box Esa\u00fa Di\u00e9guez recibe homenaje","twitter:description":"Calle principal de Santa Cruz Barillas, Huehuetenango lleva ahora el nombre de Esa\u00fa Di\u00e9guez, entrenador migrante de campeones radicado en Omaha, Nebraska","twitter:creator":"@SoyMigrante_com","twitter:image":"https:\/\/soymigrante.com\/revista\/wp-content\/uploads\/2026\/05\/esau-dieguez-homenaje.png"},"aioseo_meta_data":{"post_id":"63130","title":null,"description":null,"keywords":null,"keyphrases":{"focus":{"keyphrase":"Guatemalteco","score":0,"analysis":[]},"additional":[{"keyphrase":"Lester Mart\u00ednez","score":0},{"keyphrase":"victoria","score":0},{"keyphrase":"Los Angeles","score":0},{"keyphrase":"boxeador","score":0}]},"primary_term":null,"canonical_url":null,"og_title":"7 razones hacen hist\u00f3rica la victoria de L\u00e9ster Mart\u00ednez","og_description":"Siete razones enmarcan triunfo del boxeador guatemalteco L\u00e9ster Mart\u00ednez. La primera: fue un broche de Oro de la Semana del Guatemalteco en Los Angeles. Conoce las otras","og_object_type":"default","og_image_type":"default","og_image_url":null,"og_image_width":null,"og_image_height":null,"og_image_custom_url":null,"og_image_custom_fields":null,"og_video":"","og_custom_url":null,"og_article_section":null,"og_article_tags":null,"twitter_use_og":false,"twitter_card":"default","twitter_image_type":"default","twitter_image_url":null,"twitter_image_custom_url":null,"twitter_image_custom_fields":null,"twitter_title":null,"twitter_description":null,"schema":{"blockGraphs":[],"customGraphs":[],"default":{"data":{"Article":[],"Course":[],"Dataset":[],"FAQPage":[],"Movie":[],"Person":[],"Product":[],"ProductReview":[],"Car":[],"Recipe":[],"Service":[],"SoftwareApplication":[],"WebPage":[]},"graphName":"NewsArticle","isEnabled":true},"graphs":[]},"schema_type":"default","schema_type_options":null,"pillar_content":false,"robots_default":true,"robots_noindex":false,"robots_noarchive":false,"robots_nosnippet":false,"robots_nofollow":false,"robots_noimageindex":false,"robots_noodp":false,"robots_notranslate":false,"robots_max_snippet":"-1","robots_max_videopreview":"-1","robots_max_imagepreview":"large","priority":null,"frequency":"default","local_seo":null,"seo_analyzer_scan_date":"2026-08-30 18:26:18","breadcrumb_settings":null,"limit_modified_date":false,"reviewed_by":"0","open_ai":null,"ai":{"faqs":[],"keyPoints":[],"schemas":[],"titles":[],"descriptions":[],"socialPosts":{"email":{"subject":"","preview":"","content":""},"linkedin":[],"twitter":[],"facebook":[],"instagram":[]}},"created":"2026-08-30 17:02:30","updated":"2026-08-30 18:45:37","focus_keyword":"Guatemalteco","additional_keywords":[{"word":"Lester Mart\u00ednez","score":0},{"word":"victoria","score":0},{"word":"Los Angeles","score":0},{"word":"boxeador","score":0}],"truseo_locale":null},"aioseo_breadcrumb":"<div class=\"aioseo-breadcrumbs\"><span class=\"aioseo-breadcrumb\">\n\t<a href=\"https:\/\/soymigrante.com\/revista\" title=\"Home\">Home<\/a>\n<\/span><span class=\"aioseo-breadcrumb-separator\">\u00bb<\/span><span class=\"aioseo-breadcrumb\">\n\t<a href=\"https:\/\/soymigrante.com\/revista\/category\/estamos-unidos\/\" title=\"Estamos Unidos\">Estamos Unidos<\/a>\n<\/span><span class=\"aioseo-breadcrumb-separator\">\u00bb<\/span><span class=\"aioseo-breadcrumb\">\n\t\u00bfPorqu\u00e9 el triunfo del boxeador guatemalteco Lester Mart\u00ednez en Los Angeles es tan especial? Hay 7 razones\n<\/span><\/div>","aioseo_breadcrumb_json":[{"label":"Home","link":"https:\/\/soymigrante.com\/revista"},{"label":"Estamos Unidos","link":"https:\/\/soymigrante.com\/revista\/category\/estamos-unidos\/"},{"label":"\u00bfPorqu\u00e9 el triunfo del boxeador guatemalteco Lester Mart\u00ednez en Los Angeles es tan especial? Hay 7 razones","link":"https:\/\/soymigrante.com\/revista\/porque-el-triunfo-del-boxeador-guatemalteco-lester-martinez-en-los-angeles-es-tan-especial-hay-7-razones\/"}],"_links":{"self":[{"href":"https:\/\/soymigrante.com\/revista\/wp-json\/wp\/v2\/posts\/63130","targetHints":{"allow":["GET"]}}],"collection":[{"href":"https:\/\/soymigrante.com\/revista\/wp-json\/wp\/v2\/posts"}],"about":[{"href":"https:\/\/soymigrante.com\/revista\/wp-json\/wp\/v2\/types\/post"}],"author":[{"embeddable":true,"href":"https:\/\/soymigrante.com\/revista\/wp-json\/wp\/v2\/users\/1"}],"replies":[{"embeddable":true,"href":"https:\/\/soymigrante.com\/revista\/wp-json\/wp\/v2\/comments?post=63130"}],"version-history":[{"count":29,"href":"https:\/\/soymigrante.com\/revista\/wp-json\/wp\/v2\/posts\/63130\/revisions"}],"predecessor-version":[{"id":63168,"href":"https:\/\/soymigrante.com\/revista\/wp-json\/wp\/v2\/posts\/63130\/revisions\/63168"}],"wp:featuredmedia":[{"embeddable":true,"href":"https:\/\/soymigrante.com\/revista\/wp-json\/wp\/v2\/media\/63131"}],"wp:attachment":[{"href":"https:\/\/soymigrante.com\/revista\/wp-json\/wp\/v2\/media?parent=63130"}],"wp:term":[{"taxonomy":"category","embeddable":true,"href":"https:\/\/soymigrante.com\/revista\/wp-json\/wp\/v2\/categories?post=63130"},{"taxonomy":"post_tag","embeddable":true,"href":"https:\/\/soymigrante.com\/revista\/wp-json\/wp\/v2\/tags?post=63130"}],"curies":[{"name":"wp","href":"https:\/\/api.w.org\/{rel}","templated":true}]}}