{"id":6290,"date":"2024-05-10T15:46:43","date_gmt":"2024-05-10T21:46:43","guid":{"rendered":"https:\/\/soymigrante.com\/revista\/?p=6290"},"modified":"2024-07-27T19:01:15","modified_gmt":"2024-07-28T01:01:15","slug":"migrantes-guatemaltecos-chattanooga-tennessee-cronica-suenos","status":"publish","type":"post","link":"https:\/\/soymigrante.com\/revista\/migrantes-guatemaltecos-chattanooga-tennessee-cronica-suenos\/","title":{"rendered":"Una Guatemala migrante vive, sue\u00f1a y florece en Chattanooga, Tennessee"},"content":{"rendered":"\t\t<div data-elementor-type=\"wp-post\" data-elementor-id=\"6290\" class=\"elementor elementor-6290\" data-elementor-post-type=\"post\">\n\t\t\t\t\t\t<section data-particle_enable=\"false\" data-particle-mobile-disabled=\"false\" class=\"elementor-section elementor-top-section elementor-element elementor-element-f33c6d7 elementor-section-boxed elementor-section-height-default elementor-section-height-default\" data-id=\"f33c6d7\" data-element_type=\"section\" data-e-type=\"section\">\n\t\t\t\t\t\t<div class=\"elementor-container elementor-column-gap-default\">\n\t\t\t\t\t<div class=\"elementor-column elementor-col-100 elementor-top-column elementor-element elementor-element-11a06b8\" data-id=\"11a06b8\" data-element_type=\"column\" data-e-type=\"column\">\n\t\t\t<div class=\"elementor-widget-wrap elementor-element-populated\">\n\t\t\t\t\t\t<div class=\"elementor-element elementor-element-a22779a elementor-widget elementor-widget-heading\" data-id=\"a22779a\" data-element_type=\"widget\" data-e-type=\"widget\" data-widget_type=\"heading.default\">\n\t\t\t\t\t<h2 class=\"elementor-heading-title elementor-size-default\">En Chattanooga, Tennessee abundan los bosques y monta\u00f1as. Se asemeja al Occidente guatemalteco, de donde provienen miles de migrantes que laboran en f\u00e1bricas, granjas y emprendimientos, mientras sus hijos aprenden en el sistema escolar local. <\/h2>\t\t\t\t<\/div>\n\t\t\t\t\t<\/div>\n\t\t<\/div>\n\t\t\t\t\t<\/div>\n\t\t<\/section>\n\t\t\t\t<section data-particle_enable=\"false\" data-particle-mobile-disabled=\"false\" class=\"elementor-section elementor-top-section elementor-element elementor-element-e692272 elementor-section-boxed elementor-section-height-default elementor-section-height-default\" data-id=\"e692272\" data-element_type=\"section\" data-e-type=\"section\">\n\t\t\t\t\t\t<div class=\"elementor-container elementor-column-gap-default\">\n\t\t\t\t\t<div class=\"elementor-column elementor-col-100 elementor-top-column elementor-element elementor-element-a67d8f2\" data-id=\"a67d8f2\" data-element_type=\"column\" data-e-type=\"column\">\n\t\t\t<div class=\"elementor-widget-wrap elementor-element-populated\">\n\t\t\t\t\t\t<div class=\"elementor-element elementor-element-508b91b elementor-widget elementor-widget-text-editor\" data-id=\"508b91b\" data-element_type=\"widget\" data-e-type=\"widget\" data-widget_type=\"text-editor.default\">\n\t\t\t\t\t\t\t\t\t<p>El partido termina 1-0. Gan\u00f3 el equipo local Howard High School, que jug\u00f3 contra una escuela privada. La diferencia, adem\u00e1s de los uniformes es la estatura y el cabello rubio de este segundo equipo.\u00a0<\/p><p>La mayor parte del 11 de Howard son\u00a0 adolescentes migrantes guatemaltecos radicados en la regi\u00f3n de Chattanooga, un condado de Tennessee que est\u00e1 a poca distancia de la frontera con Georgia y North Carolina.\u00a0<\/p><p>Seg\u00fan el Departamento del Censo de EE.UU. en Tennessee hay unos 21 mil guatemaltecos, pero esa cifra f\u00e1cilmente podr\u00eda ser solo la de Chattanooga, en donde hay una fuerte comunidad de chapines, sobre todo provenientes de San Marcos y Huehuetenango, que trabajan en empacadoras, procesadoras de alimentos, panader\u00edas y granjas av\u00edcolas.\u00a0 East Ridge es una de las principales &#8220;Guatemalitas&#8221; de Chattanooga, pero no la \u00fanica.<\/p><p>En las calles no es dif\u00edcil encontrar\u00a0<span style=\"color: var( --e-global-color-text );\">emprendimientos guatemaltecos: tiendas de abarrotes, ventas de comida y talleres automotrices de migrantes guatemaltecos.\u00a0<\/span><\/p>\t\t\t\t\t\t\t\t<\/div>\n\t\t\t\t\t<\/div>\n\t\t<\/div>\n\t\t\t\t\t<\/div>\n\t\t<\/section>\n\t\t\t\t<section data-particle_enable=\"false\" data-particle-mobile-disabled=\"false\" class=\"elementor-section elementor-top-section elementor-element elementor-element-cbc9a9a elementor-section-boxed elementor-section-height-default elementor-section-height-default\" data-id=\"cbc9a9a\" data-element_type=\"section\" data-e-type=\"section\">\n\t\t\t\t\t\t<div class=\"elementor-container elementor-column-gap-default\">\n\t\t\t\t\t<div class=\"elementor-column elementor-col-100 elementor-top-column elementor-element elementor-element-16edd2e\" data-id=\"16edd2e\" data-element_type=\"column\" data-e-type=\"column\">\n\t\t\t<div class=\"elementor-widget-wrap elementor-element-populated\">\n\t\t\t\t\t\t<div class=\"elementor-element elementor-element-7578938 elementor-widget elementor-widget-image\" data-id=\"7578938\" data-element_type=\"widget\" data-e-type=\"widget\" data-widget_type=\"image.default\">\n\t\t\t\t\t\t\t\t\t\t\t\t<figure class=\"wp-caption\">\n\t\t\t\t\t\t\t\t\t\t<img fetchpriority=\"high\" decoding=\"async\" width=\"768\" height=\"506\" src=\"https:\/\/soymigrante.com\/revista\/wp-content\/uploads\/2024\/05\/Captura-de-pantalla-2024-05-08-134450-1024x674.webp\" class=\"attachment-large size-large wp-image-6304\" alt=\"Futbol juvenil en Reggie White Field durante un partido con jugadores en acci\u00f3n, espectadores y marcador digital en un entorno deportivo al aire libre, en un d\u00eda con iluminaci\u00f3n de sol y ciudad de fondo.\" srcset=\"https:\/\/soymigrante.com\/revista\/wp-content\/uploads\/2024\/05\/Captura-de-pantalla-2024-05-08-134450-1024x674.webp 1024w, https:\/\/soymigrante.com\/revista\/wp-content\/uploads\/2024\/05\/Captura-de-pantalla-2024-05-08-134450-300x198.webp 300w, https:\/\/soymigrante.com\/revista\/wp-content\/uploads\/2024\/05\/Captura-de-pantalla-2024-05-08-134450-768x506.webp 768w, https:\/\/soymigrante.com\/revista\/wp-content\/uploads\/2024\/05\/Captura-de-pantalla-2024-05-08-134450-750x494.webp 750w, https:\/\/soymigrante.com\/revista\/wp-content\/uploads\/2024\/05\/Captura-de-pantalla-2024-05-08-134450-1140x751.webp 1140w, https:\/\/soymigrante.com\/revista\/wp-content\/uploads\/2024\/05\/Captura-de-pantalla-2024-05-08-134450.webp 1347w\" sizes=\"(max-width: 768px) 100vw, 768px\" title=\"Partido interescolar en la cancha recientemente remozada de la Preparatoria Howard (de corinto). El equipo local gan\u00f3 y est\u00e1 integrado mayoritariamente por adolescentes migrantes guatemaltecos. \u2013 SoyMigrante.com REVISTA\" \/>\t\t\t\t\t\t\t\t\t\t\t<figcaption class=\"widget-image-caption wp-caption-text\">Partido de f\u00fatbol juvenil en Reggie White Field con jugadores en acci\u00f3n, marcador digital y p\u00fablico en las gradas, reflejando la pasi\u00f3n por el deporte y la comunidad en un ambiente deportivo al aire libre.<\/figcaption>\n\t\t\t\t\t\t\t\t\t\t<\/figure>\n\t\t\t\t\t\t\t\t\t<\/div>\n\t\t\t\t\t<\/div>\n\t\t<\/div>\n\t\t\t\t\t<\/div>\n\t\t<\/section>\n\t\t\t\t<section data-particle_enable=\"false\" data-particle-mobile-disabled=\"false\" class=\"elementor-section elementor-top-section elementor-element elementor-element-18081b0 elementor-section-boxed elementor-section-height-default elementor-section-height-default\" data-id=\"18081b0\" data-element_type=\"section\" data-e-type=\"section\">\n\t\t\t\t\t\t<div class=\"elementor-container elementor-column-gap-default\">\n\t\t\t\t\t<div class=\"elementor-column elementor-col-100 elementor-top-column elementor-element elementor-element-b47b60c\" data-id=\"b47b60c\" data-element_type=\"column\" data-e-type=\"column\">\n\t\t\t<div class=\"elementor-widget-wrap elementor-element-populated\">\n\t\t\t\t\t\t<div class=\"elementor-element elementor-element-e457b86 elementor-widget elementor-widget-heading\" data-id=\"e457b86\" data-element_type=\"widget\" data-e-type=\"widget\" data-widget_type=\"heading.default\">\n\t\t\t\t\t<h3 class=\"elementor-heading-title elementor-size-default\">Tambi\u00e9n es \"Lugar de \u00c1rboles\" <\/h3>\t\t\t\t<\/div>\n\t\t\t\t\t<\/div>\n\t\t<\/div>\n\t\t\t\t\t<\/div>\n\t\t<\/section>\n\t\t\t\t<section data-particle_enable=\"false\" data-particle-mobile-disabled=\"false\" class=\"elementor-section elementor-top-section elementor-element elementor-element-62e14bc elementor-section-boxed elementor-section-height-default elementor-section-height-default\" data-id=\"62e14bc\" data-element_type=\"section\" data-e-type=\"section\">\n\t\t\t\t\t\t<div class=\"elementor-container elementor-column-gap-default\">\n\t\t\t\t\t<div class=\"elementor-column elementor-col-100 elementor-top-column elementor-element elementor-element-0b8fe11\" data-id=\"0b8fe11\" data-element_type=\"column\" data-e-type=\"column\">\n\t\t\t<div class=\"elementor-widget-wrap elementor-element-populated\">\n\t\t\t\t\t\t<div class=\"elementor-element elementor-element-3a2c976 elementor-widget elementor-widget-text-editor\" data-id=\"3a2c976\" data-element_type=\"widget\" data-e-type=\"widget\" data-widget_type=\"text-editor.default\">\n\t\t\t\t\t\t\t\t\t<p><span style=\"color: var( --e-global-color-text );\">El nombre de Chatanooga significa, en idioma ind\u00edgena cherokee &#8220;donde surge la monta\u00f1a&#8221; y en efecto, en este condado del Estado de Tennessee se divisa la famosa Lookout Mountain, una majestuosa elevaci\u00f3n que alcanza los 2 mil metros sobre el nivel del mar.\u00a0<\/span><\/p><p><span style=\"color: var( --e-global-color-text );\">&#8220;Por eso muchos guatemaltecos migrantes se han establecido aqu\u00ed, porque este entorno de \u00e1rboles y monta\u00f1as se parece al occidente de Guatemala&#8221;, comenta <a href=\"https:\/\/soymigrante.com\/revista\/pablo-mazariegos-psicologo-migrante-guatemalteco\/\">Pablo Mazariegos, documentalista y psic\u00f3logo de origen guatemalteco<\/a> que creci\u00f3 en Carolina del Norte pero vive en Chatanooga desde hace 8 a\u00f1os.<\/span><\/p>\t\t\t\t\t\t\t\t<\/div>\n\t\t\t\t\t<\/div>\n\t\t<\/div>\n\t\t\t\t\t<\/div>\n\t\t<\/section>\n\t\t\t\t<section data-particle_enable=\"false\" data-particle-mobile-disabled=\"false\" class=\"elementor-section elementor-top-section elementor-element elementor-element-3691e0f elementor-section-boxed elementor-section-height-default elementor-section-height-default\" data-id=\"3691e0f\" data-element_type=\"section\" data-e-type=\"section\">\n\t\t\t\t\t\t<div class=\"elementor-container elementor-column-gap-default\">\n\t\t\t\t\t<div class=\"elementor-column elementor-col-100 elementor-top-column elementor-element elementor-element-d001cf1\" data-id=\"d001cf1\" data-element_type=\"column\" data-e-type=\"column\">\n\t\t\t<div class=\"elementor-widget-wrap elementor-element-populated\">\n\t\t\t\t\t\t<div class=\"elementor-element elementor-element-061968d elementor-widget elementor-widget-google_maps\" data-id=\"061968d\" data-element_type=\"widget\" data-e-type=\"widget\" data-widget_type=\"google_maps.default\">\n\t\t\t\t\t\t\t<div class=\"elementor-custom-embed\">\n\t\t\t<iframe loading=\"lazy\"\n\t\t\t\t\tsrc=\"https:\/\/maps.google.com\/maps?q=chatanooga%20howard%20high&#038;t=m&#038;z=10&#038;output=embed&#038;iwloc=near\"\n\t\t\t\t\ttitle=\"chatanooga howard high\"\n\t\t\t\t\taria-label=\"chatanooga howard high\"\n\t\t\t><\/iframe>\n\t\t<\/div>\n\t\t\t\t\t\t<\/div>\n\t\t\t\t\t<\/div>\n\t\t<\/div>\n\t\t\t\t\t<\/div>\n\t\t<\/section>\n\t\t\t\t<section data-particle_enable=\"false\" data-particle-mobile-disabled=\"false\" class=\"elementor-section elementor-top-section elementor-element elementor-element-46eb21c elementor-section-boxed elementor-section-height-default elementor-section-height-default\" data-id=\"46eb21c\" data-element_type=\"section\" data-e-type=\"section\">\n\t\t\t\t\t\t<div class=\"elementor-container elementor-column-gap-default\">\n\t\t\t\t\t<div class=\"elementor-column elementor-col-100 elementor-top-column elementor-element elementor-element-386cd2b\" data-id=\"386cd2b\" data-element_type=\"column\" data-e-type=\"column\">\n\t\t\t<div class=\"elementor-widget-wrap elementor-element-populated\">\n\t\t\t\t\t\t<div class=\"elementor-element elementor-element-a3f1b19 elementor-widget elementor-widget-heading\" data-id=\"a3f1b19\" data-element_type=\"widget\" data-e-type=\"widget\" data-widget_type=\"heading.default\">\n\t\t\t\t\t<h3 class=\"elementor-heading-title elementor-size-default\">\u00a1Por calles, sobores y sue\u00f1os de ChattanooGUA!<\/h3>\t\t\t\t<\/div>\n\t\t\t\t\t<\/div>\n\t\t<\/div>\n\t\t\t\t\t<\/div>\n\t\t<\/section>\n\t\t\t\t<section data-particle_enable=\"false\" data-particle-mobile-disabled=\"false\" class=\"elementor-section elementor-top-section elementor-element elementor-element-b0c717e elementor-section-boxed elementor-section-height-default elementor-section-height-default\" data-id=\"b0c717e\" data-element_type=\"section\" data-e-type=\"section\">\n\t\t\t\t\t\t<div class=\"elementor-container elementor-column-gap-default\">\n\t\t\t\t\t<div class=\"elementor-column elementor-col-100 elementor-top-column elementor-element elementor-element-f8f51ae\" data-id=\"f8f51ae\" data-element_type=\"column\" data-e-type=\"column\">\n\t\t\t<div class=\"elementor-widget-wrap elementor-element-populated\">\n\t\t\t\t\t\t<div class=\"elementor-element elementor-element-be3e701 elementor-widget elementor-widget-text-editor\" data-id=\"be3e701\" data-element_type=\"widget\" data-e-type=\"widget\" data-widget_type=\"text-editor.default\">\n\t\t\t\t\t\t\t\t\t<p>Los nombres de tiendas suenan familiares: La Guatemalteca, La Favorita, La Primavera; hay algunas con t\u00e9rminos m\u00e1s gen\u00e9ricos, como tienda Latina, pero que tienen algo en com\u00fan: pertenecen a migrantes guatemaltecos, que no necesariamente las atienden, pues en algunas contratan a paisanos ya que tienen dos o m\u00e1s sucursales.\u00a0<\/p><p>De hecho durante el recorrido, en tres de ellas, las tenderas no quisieron comentar nada, ni siquiera dar su nombre. Una de ellas ten\u00eda 4 meses de haber llegado a Estados Unidos, procedente de San Marcos y ten\u00eda miedo. No hay problema, le dije, comprendo y segu\u00ed la b\u00fasqueda. Ello me ocurri\u00f3 otro par de ocasiones hasta que alguien me recomend\u00f3 ir a preguntar a la tienda Latina, en la avenida 23 y Lynbrook. &#8220;Llegamos hace 18 a\u00f1os y con mi esposo instalamos este negocio en donde vendemos un poco de todo&#8221;, dice Gladys Mart\u00ednez, originaria de Quetzaltenango.\u00a0<\/p><p>En los estantes no faltan productos guatemaltecos de la nostalgia como frijoles volteados, jugos de frutas, consom\u00e9s y por supuesto caf\u00e9. Tambi\u00e9n hay una secci\u00f3n con ropa t\u00edpica, playeras con el quetzal y otros s\u00edmbolos patrios, que comparten espacio con productos mexicanos y salvadore\u00f1os.\u00a0<\/p><div>\u00a0<\/div>\t\t\t\t\t\t\t\t<\/div>\n\t\t\t\t\t<\/div>\n\t\t<\/div>\n\t\t\t\t\t<\/div>\n\t\t<\/section>\n\t\t\t\t<section data-particle_enable=\"false\" data-particle-mobile-disabled=\"false\" class=\"elementor-section elementor-top-section elementor-element elementor-element-d8c91bf elementor-section-boxed elementor-section-height-default elementor-section-height-default\" data-id=\"d8c91bf\" data-element_type=\"section\" data-e-type=\"section\">\n\t\t\t\t\t\t<div class=\"elementor-container elementor-column-gap-default\">\n\t\t\t\t\t<div class=\"elementor-column elementor-col-100 elementor-top-column elementor-element elementor-element-92bb1dd\" data-id=\"92bb1dd\" data-element_type=\"column\" data-e-type=\"column\">\n\t\t\t<div class=\"elementor-widget-wrap elementor-element-populated\">\n\t\t\t\t\t\t<div class=\"elementor-element elementor-element-3263f4b elementor-arrows-position-inside elementor-pagination-position-outside elementor-widget elementor-widget-image-carousel\" data-id=\"3263f4b\" data-element_type=\"widget\" data-e-type=\"widget\" data-settings=\"{&quot;slides_to_show&quot;:&quot;1&quot;,&quot;navigation&quot;:&quot;both&quot;,&quot;autoplay&quot;:&quot;yes&quot;,&quot;pause_on_hover&quot;:&quot;yes&quot;,&quot;pause_on_interaction&quot;:&quot;yes&quot;,&quot;autoplay_speed&quot;:5000,&quot;infinite&quot;:&quot;yes&quot;,&quot;effect&quot;:&quot;slide&quot;,&quot;speed&quot;:500}\" data-widget_type=\"image-carousel.default\">\n\t\t\t\t\t\t\t<div class=\"elementor-image-carousel-wrapper swiper\" role=\"region\" aria-roledescription=\"carousel\" aria-label=\"Carrusel de im\u00e1genes\" dir=\"ltr\">\n\t\t\t<div class=\"elementor-image-carousel swiper-wrapper\" aria-live=\"off\">\n\t\t\t\t\t\t\t\t<div class=\"swiper-slide\" role=\"group\" aria-roledescription=\"slide\" aria-label=\"1 de 7\"><figure class=\"swiper-slide-inner\"><img decoding=\"async\" class=\"swiper-slide-image\" src=\"https:\/\/soymigrante.com\/revista\/wp-content\/uploads\/2024\/05\/Captura-de-pantalla-2024-05-08-134004-1-1024x682.webp\" alt=\"Farmac\u00e9utica en tienda latina con productos medicinales y de cuidado personal en un comercio en M\u00e9xico.\" \/><figcaption class=\"elementor-image-carousel-caption\">Tienda latina en M\u00e9xico ofreciendo productos farmac\u00e9uticos, de cuidado personal y art\u00edculos para el hogar, atendiendo a la comunidad latina.<\/figcaption><\/figure><\/div><div class=\"swiper-slide\" role=\"group\" aria-roledescription=\"slide\" aria-label=\"2 de 7\"><figure class=\"swiper-slide-inner\"><img decoding=\"async\" class=\"swiper-slide-image\" src=\"https:\/\/soymigrante.com\/revista\/wp-content\/uploads\/2024\/05\/Captura-de-pantalla-2024-05-08-133913-1-1024x680.webp\" alt=\"Ketchup y productos en tienda latina, variedad de condimentos y alimentos en envases de vidrio y pl\u00e1stico en supermercado latino.\" \/><figcaption class=\"elementor-image-carousel-caption\">Imagen de productos de supermercado latino con ketchup, condimentos y alimentos envasados en pasillo.<\/figcaption><\/figure><\/div><div class=\"swiper-slide\" role=\"group\" aria-roledescription=\"slide\" aria-label=\"3 de 7\"><figure class=\"swiper-slide-inner\"><img decoding=\"async\" class=\"swiper-slide-image\" src=\"https:\/\/soymigrante.com\/revista\/wp-content\/uploads\/2024\/05\/Captura-de-pantalla-2024-05-08-133837-1-1024x676.webp\" alt=\"Corn Snacks en bolsas variadas, incluyendo tortrix y corn curls, en un supermercado, ideales para botanas y picar durante reuniones o en casa. Item popular en tiendas de comida r\u00e1pida y supermercados en Espa\u00f1a.\" \/><figcaption class=\"elementor-image-carousel-caption\">Deliciosos snacks de ma\u00edz y papas fritas en diferentes sabores, perfectos para compartir o disfrutar en cualquier momento.<\/figcaption><\/figure><\/div><div class=\"swiper-slide\" role=\"group\" aria-roledescription=\"slide\" aria-label=\"4 de 7\"><figure class=\"swiper-slide-inner\"><img decoding=\"async\" class=\"swiper-slide-image\" src=\"https:\/\/soymigrante.com\/revista\/wp-content\/uploads\/2024\/05\/Captura-de-pantalla-2024-05-08-133810-1-1024x665.webp\" alt=\"Jugos tragamonedas y camisetas de f\u00fatbol en una tienda de juegos de azar y souvenirs, con pantallas y premios visibles.\" \/><figcaption class=\"elementor-image-carousel-caption\">Camisetas de f\u00fatbol y m\u00e1quinas tragamonedas en tienda de juegos y azar, con pantallas de premios y camisetas deportivas colgadas, creando un ambiente de entretenimiento y azar.<\/figcaption><\/figure><\/div><div class=\"swiper-slide\" role=\"group\" aria-roledescription=\"slide\" aria-label=\"5 de 7\"><figure class=\"swiper-slide-inner\"><img decoding=\"async\" class=\"swiper-slide-image\" src=\"https:\/\/soymigrante.com\/revista\/wp-content\/uploads\/2024\/05\/Captura-de-pantalla-2024-05-08-133751-1-1024x683.webp\" alt=\"Ropa deportiva y camisetas con dise\u00f1o tribal en tienda de art\u00edculos deportivos y moda en Chile, exhibiendo variedad de productos para deportistas y aficionados en un establecimiento comercial.\" \/><figcaption class=\"elementor-image-carousel-caption\">Feria de ropa deportiva y accesorios en tienda local, con camisetas modernas y art\u00edculos relacionados, promoviendo la cultura y el deporte en la comunidad.<\/figcaption><\/figure><\/div><div class=\"swiper-slide\" role=\"group\" aria-roledescription=\"slide\" aria-label=\"6 de 7\"><figure class=\"swiper-slide-inner\"><img decoding=\"async\" class=\"swiper-slide-image\" src=\"https:\/\/soymigrante.com\/revista\/wp-content\/uploads\/2024\/05\/Captura-de-pantalla-2024-05-08-133734-1024x673.webp\" alt=\"Ropa tradicional mexicana en un puesto de comercio informal, exhibida en maniqu\u00edes con prendas coloridas y bordados t\u00edpicos de la cultura mexicana.\" \/><figcaption class=\"elementor-image-carousel-caption\">Maniqu\u00edes con ropa colorida y bordada, reflejando la moda y cultura mexicanas en un puesto de ropa.<\/figcaption><\/figure><\/div><div class=\"swiper-slide\" role=\"group\" aria-roledescription=\"slide\" aria-label=\"7 de 7\"><figure class=\"swiper-slide-inner\"><img decoding=\"async\" class=\"swiper-slide-image\" src=\"https:\/\/soymigrante.com\/revista\/wp-content\/uploads\/2024\/05\/Captura-de-pantalla-2024-05-08-145413-1024x678.webp\" alt=\"Revista SoyMigrante.com, enfoque en migraci\u00f3n, cultura latina y derechos del inmigrante en M\u00e9xico, con art\u00edculos destacados y actualidad migratoria en una tienda en Ciudad de M\u00e9xico.\" \/><figcaption class=\"elementor-image-carousel-caption\">Al intentar conversar en varias tiendas guatemaltecas, la respuesta fue negativa, porque se trataba de encargados que a veces ten\u00edan pocos meses de haber llegado a Estados Unidos. Pero en La Latina se tuvo una conversaci\u00f3n enriquecedora sobre los retos y sue\u00f1os de  la comunidad chapina.<\/figcaption><\/figure><\/div>\t\t\t<\/div>\n\t\t\t\t\t\t\t\t\t\t\t\t<div class=\"elementor-swiper-button elementor-swiper-button-prev\" role=\"button\" tabindex=\"0\">\n\t\t\t\t\t\t<i aria-hidden=\"true\" class=\"eicon-chevron-left\"><\/i>\t\t\t\t\t<\/div>\n\t\t\t\t\t<div class=\"elementor-swiper-button elementor-swiper-button-next\" role=\"button\" tabindex=\"0\">\n\t\t\t\t\t\t<i aria-hidden=\"true\" class=\"eicon-chevron-right\"><\/i>\t\t\t\t\t<\/div>\n\t\t\t\t\n\t\t\t\t\t\t\t\t\t<div class=\"swiper-pagination\"><\/div>\n\t\t\t\t\t\t\t\t\t<\/div>\n\t\t\t\t\t\t<\/div>\n\t\t\t\t\t<\/div>\n\t\t<\/div>\n\t\t\t\t\t<\/div>\n\t\t<\/section>\n\t\t\t\t<section data-particle_enable=\"false\" data-particle-mobile-disabled=\"false\" class=\"elementor-section elementor-top-section elementor-element elementor-element-8660f73 elementor-section-boxed elementor-section-height-default elementor-section-height-default\" data-id=\"8660f73\" data-element_type=\"section\" data-e-type=\"section\">\n\t\t\t\t\t\t<div class=\"elementor-container elementor-column-gap-default\">\n\t\t\t\t\t<div class=\"elementor-column elementor-col-100 elementor-top-column elementor-element elementor-element-06299a4\" data-id=\"06299a4\" data-element_type=\"column\" data-e-type=\"column\">\n\t\t\t<div class=\"elementor-widget-wrap elementor-element-populated\">\n\t\t\t\t\t\t<div class=\"elementor-element elementor-element-e7315a0 elementor-widget elementor-widget-heading\" data-id=\"e7315a0\" data-element_type=\"widget\" data-e-type=\"widget\" data-widget_type=\"heading.default\">\n\t\t\t\t\t<h3 class=\"elementor-heading-title elementor-size-default\">Mucho m\u00e1s que \"soccer\" <\/h3>\t\t\t\t<\/div>\n\t\t\t\t\t<\/div>\n\t\t<\/div>\n\t\t\t\t\t<\/div>\n\t\t<\/section>\n\t\t\t\t<section data-particle_enable=\"false\" data-particle-mobile-disabled=\"false\" class=\"elementor-section elementor-top-section elementor-element elementor-element-43f3f26 elementor-section-boxed elementor-section-height-default elementor-section-height-default\" data-id=\"43f3f26\" data-element_type=\"section\" data-e-type=\"section\">\n\t\t\t\t\t\t<div class=\"elementor-container elementor-column-gap-default\">\n\t\t\t\t\t<div class=\"elementor-column elementor-col-100 elementor-top-column elementor-element elementor-element-24d809b\" data-id=\"24d809b\" data-element_type=\"column\" data-e-type=\"column\">\n\t\t\t<div class=\"elementor-widget-wrap elementor-element-populated\">\n\t\t\t\t\t\t<div class=\"elementor-element elementor-element-142f2c5 elementor-widget elementor-widget-text-editor\" data-id=\"142f2c5\" data-element_type=\"widget\" data-e-type=\"widget\" data-widget_type=\"text-editor.default\">\n\t\t\t\t\t\t\t\t\t<p>En la parte trasera de la tienda La Latina, muy bien disimulada entre altos setos, hay una una cancha de futbol sala. &#8220;Funciona por las tardes y vienen muchos j\u00f3venes guatemaltecos a jugar. All\u00ed vendemos comidas y refacciones chapinas&#8221;, cuenta Gladys Mart\u00ednez.<\/p><p>En efecto, el futbol es un constante motivo de reuni\u00f3n, pero para el profesor y entrenador Krue Brock, cofundador del Chattanooga Futbol Club, tambi\u00e9n es un medio de motivaci\u00f3n y est\u00edmulo al talento de los j\u00f3venes.\u00a0<\/p><p>&#8220;Buscamos fomentar en ellos valores, esp\u00edritu de competitividad y sanos h\u00e1bitos&#8221;, explica en la sede de CFC, en donde tiene a tres subentrenadores, dos de El Salvador y un guatemalteco. Siempre est\u00e1n a la caza de talentos deportivos y alg\u00fan d\u00eda Brock es nativo de Chattanooga pero da la bienvenida al talento migrante y busca espacios para su superaci\u00f3n. Es tal el influjo intercultural que ac\u00e1 ya no se usa tanto el t\u00e9rmino &#8220;soccer&#8221;, sino simplemente futbol.<\/p><div>\u00a0<\/div>\t\t\t\t\t\t\t\t<\/div>\n\t\t\t\t\t<\/div>\n\t\t<\/div>\n\t\t\t\t\t<\/div>\n\t\t<\/section>\n\t\t\t\t<section data-particle_enable=\"false\" data-particle-mobile-disabled=\"false\" class=\"elementor-section elementor-top-section elementor-element elementor-element-25552d1 elementor-section-boxed elementor-section-height-default elementor-section-height-default\" data-id=\"25552d1\" data-element_type=\"section\" data-e-type=\"section\">\n\t\t\t\t\t\t<div class=\"elementor-container elementor-column-gap-default\">\n\t\t\t\t\t<div class=\"elementor-column elementor-col-100 elementor-top-column elementor-element elementor-element-7f2377d\" data-id=\"7f2377d\" data-element_type=\"column\" data-e-type=\"column\">\n\t\t\t<div class=\"elementor-widget-wrap elementor-element-populated\">\n\t\t\t\t\t\t<div class=\"elementor-element elementor-element-2fa0a38 elementor-widget elementor-widget-image\" data-id=\"2fa0a38\" data-element_type=\"widget\" data-e-type=\"widget\" data-widget_type=\"image.default\">\n\t\t\t\t\t\t\t\t\t\t\t\t\t\t\t<img decoding=\"async\" width=\"768\" height=\"512\" src=\"https:\/\/soymigrante.com\/revista\/wp-content\/uploads\/2024\/05\/IMG_7953-1024x683.webp\" class=\"attachment-large size-large wp-image-6320\" alt=\"Di\u00e1logo intercultural en espacio juvenil con mural colorido y trofeos en fondo, comunidad migrante, integraci\u00f3n, apoyo, experiencia, juventud, creatividad, comunidad.\" srcset=\"https:\/\/soymigrante.com\/revista\/wp-content\/uploads\/2024\/05\/IMG_7953-1024x683.webp 1024w, https:\/\/soymigrante.com\/revista\/wp-content\/uploads\/2024\/05\/IMG_7953-300x200.webp 300w, https:\/\/soymigrante.com\/revista\/wp-content\/uploads\/2024\/05\/IMG_7953-768x512.webp 768w, https:\/\/soymigrante.com\/revista\/wp-content\/uploads\/2024\/05\/IMG_7953-1536x1024.webp 1536w, https:\/\/soymigrante.com\/revista\/wp-content\/uploads\/2024\/05\/IMG_7953-750x500.webp 750w, https:\/\/soymigrante.com\/revista\/wp-content\/uploads\/2024\/05\/IMG_7953-1140x760.webp 1140w, https:\/\/soymigrante.com\/revista\/wp-content\/uploads\/2024\/05\/IMG_7953.webp 1920w\" sizes=\"(max-width: 768px) 100vw, 768px\" title=\"En su equipo de trabajo, el docente y entrenador deportivo Krue Brock tiene a tres centroamericanos: dos salvadore\u00f1os y un guatemalteco. Impulsan el deporte como v\u00eda de integraci\u00f3n y crecimiento personal. Aqu\u00ed conversan con el empresario migrante Marcos Antil, CEO de SoyMigrante.com \u2013 SoyMigrante.com REVISTA\" \/>\t\t\t\t\t\t\t\t\t\t\t\t\t\t\t<\/div>\n\t\t\t\t\t<\/div>\n\t\t<\/div>\n\t\t\t\t\t<\/div>\n\t\t<\/section>\n\t\t\t\t<section data-particle_enable=\"false\" data-particle-mobile-disabled=\"false\" class=\"elementor-section elementor-top-section elementor-element elementor-element-c63ff31 elementor-section-boxed elementor-section-height-default elementor-section-height-default\" data-id=\"c63ff31\" data-element_type=\"section\" data-e-type=\"section\">\n\t\t\t\t\t\t<div class=\"elementor-container elementor-column-gap-default\">\n\t\t\t\t\t<div class=\"elementor-column elementor-col-100 elementor-top-column elementor-element elementor-element-138bf26\" data-id=\"138bf26\" data-element_type=\"column\" data-e-type=\"column\">\n\t\t\t<div class=\"elementor-widget-wrap elementor-element-populated\">\n\t\t\t\t\t\t<div class=\"elementor-element elementor-element-dd4511a elementor-widget elementor-widget-heading\" data-id=\"dd4511a\" data-element_type=\"widget\" data-e-type=\"widget\" data-widget_type=\"heading.default\">\n\t\t\t\t\t<h3 class=\"elementor-heading-title elementor-size-default\"><span style=\"font-size: 24.96px\">Manos y mentes valiosas\n<\/span><\/h3>\t\t\t\t<\/div>\n\t\t\t\t\t<\/div>\n\t\t<\/div>\n\t\t\t\t\t<\/div>\n\t\t<\/section>\n\t\t\t\t<section data-particle_enable=\"false\" data-particle-mobile-disabled=\"false\" class=\"elementor-section elementor-top-section elementor-element elementor-element-5cb872e elementor-section-boxed elementor-section-height-default elementor-section-height-default\" data-id=\"5cb872e\" data-element_type=\"section\" data-e-type=\"section\">\n\t\t\t\t\t\t<div class=\"elementor-container elementor-column-gap-default\">\n\t\t\t\t\t<div class=\"elementor-column elementor-col-100 elementor-top-column elementor-element elementor-element-b1e561f\" data-id=\"b1e561f\" data-element_type=\"column\" data-e-type=\"column\">\n\t\t\t<div class=\"elementor-widget-wrap elementor-element-populated\">\n\t\t\t\t\t\t<div class=\"elementor-element elementor-element-6b81cab elementor-widget elementor-widget-text-editor\" data-id=\"6b81cab\" data-element_type=\"widget\" data-e-type=\"widget\" data-widget_type=\"text-editor.default\">\n\t\t\t\t\t\t\t\t\t<p>&#8220;Aproximadamente en el a\u00f1o 2000 hubo un programa laboral para guatemaltecos para dotar de personal a granjas y empacadoras de carnes Chatanooga&#8221;, explica <a href=\"https:\/\/www.youtube.com\/@joseotero8404\">Jos\u00e9 Otero, educador, entrenador deportivo y locutor de origen colombiano, residente en el \u00e1rea, productor del podcast Amigos Unidos mediante el cual impulsa el talento hispano.<\/a><\/p><p>Otero es t<span style=\"color: var( --e-global-color-text );\">estigo del acelerado crecimiento en la cifra de estudiantes guatemaltecos de primaria y secundaria. Es director de admisiones de un plantel, en donde cada vez con m\u00e1s frecuencia entrevista a j\u00f3venes y padres para evaluar su admisi\u00f3n al sistema escolar. De hecho en sus redes sociales public\u00f3 im\u00e1genes de la actual promoci\u00f3n de Seniors de High School, es decir, los estudiantes que concluyen estudios.<\/span><\/p><p>&#8220;Hay mucho talento e inteligencia, pero tambi\u00e9n factores que pueden dificultar el desarrollo de ese potencial&#8221;, agrega Mazariegos, quien tambi\u00e9n trabaj\u00f3 en el sistema educativo y quien impulsa la reconciliaci\u00f3n entre padres e hijos, que a menudo estuvieron separados por varios a\u00f1os a causa de la migraci\u00f3n. &#8220;Al mandar a traer a los ni\u00f1os y j\u00f3venes, ellos ten\u00edan a\u00f1os de estar al cuidado de abuelos y t\u00edos, por lo cual deben aprender otra vez a vivir juntos&#8221;.\u00a0<\/p>\t\t\t\t\t\t\t\t<\/div>\n\t\t\t\t\t<\/div>\n\t\t<\/div>\n\t\t\t\t\t<\/div>\n\t\t<\/section>\n\t\t\t\t<section data-particle_enable=\"false\" data-particle-mobile-disabled=\"false\" class=\"elementor-section elementor-top-section elementor-element elementor-element-aea0842 elementor-section-boxed elementor-section-height-default elementor-section-height-default\" data-id=\"aea0842\" data-element_type=\"section\" data-e-type=\"section\">\n\t\t\t\t\t\t<div class=\"elementor-container elementor-column-gap-default\">\n\t\t\t\t\t<div class=\"elementor-column elementor-col-100 elementor-top-column elementor-element elementor-element-7d5b9e1\" data-id=\"7d5b9e1\" data-element_type=\"column\" data-e-type=\"column\">\n\t\t\t<div class=\"elementor-widget-wrap elementor-element-populated\">\n\t\t\t\t\t\t<div class=\"elementor-element elementor-element-bc273af elementor-widget elementor-widget-image\" data-id=\"bc273af\" data-element_type=\"widget\" data-e-type=\"widget\" data-widget_type=\"image.default\">\n\t\t\t\t\t\t\t\t\t\t\t\t<figure class=\"wp-caption\">\n\t\t\t\t\t\t\t\t\t\t<img decoding=\"async\" width=\"768\" height=\"483\" src=\"https:\/\/soymigrante.com\/revista\/wp-content\/uploads\/2024\/05\/Captura-de-pantalla-2024-05-08-151001-1024x644.webp\" class=\"attachment-large size-large wp-image-6321\" alt=\"\u00c1rbol de palabras clave, haz clic para editar!.\" srcset=\"https:\/\/soymigrante.com\/revista\/wp-content\/uploads\/2024\/05\/Captura-de-pantalla-2024-05-08-151001-1024x644.webp 1024w, https:\/\/soymigrante.com\/revista\/wp-content\/uploads\/2024\/05\/Captura-de-pantalla-2024-05-08-151001-300x189.webp 300w, https:\/\/soymigrante.com\/revista\/wp-content\/uploads\/2024\/05\/Captura-de-pantalla-2024-05-08-151001-768x483.webp 768w, https:\/\/soymigrante.com\/revista\/wp-content\/uploads\/2024\/05\/Captura-de-pantalla-2024-05-08-151001-750x472.webp 750w, https:\/\/soymigrante.com\/revista\/wp-content\/uploads\/2024\/05\/Captura-de-pantalla-2024-05-08-151001.webp 1082w\" sizes=\"(max-width: 768px) 100vw, 768px\" title=\"Est\u00e1 por finalizar el ciclo escolar y hay estudiantes de High School que se grad\u00faan, con lo cual deben dejar el equip\u00f3, entre ellos Julio, un joven guatemalteco, brillante delantero, que aqu\u00ed posa con su familia. (Fotograf\u00eda redes sociales de Julio Otero, del podcast Amigos Unidos Chattanooga)Est\u00e1 por finalizar el ciclo escolar y hay estudiantes de High School que se grad\u00faan, con lo cual deben dejar el equip\u00f3, entre ellos Julio, un joven guatemalteco, brillante delantero, que aqu\u00ed posa con su familia. (Fotograf\u00eda redes sociales de Julio Otero, del podcast Amigos Unidos Chattanooga) \u2013 SoyMigrante.com REVISTA\" \/>\t\t\t\t\t\t\t\t\t\t\t<figcaption class=\"widget-image-caption wp-caption-text\">Est\u00e1 por finalizar el ciclo escolar y hay estudiantes de High School que se grad\u00faan, con lo cual deben dejar el equip\u00f3, entre ellos Julio, un joven guatemalteco, brillante delantero, que aqu\u00ed posa con su familia. (Fotograf\u00eda redes sociales de Julio Otero, del podcast Amigos Unidos Chattanooga)<\/figcaption>\n\t\t\t\t\t\t\t\t\t\t<\/figure>\n\t\t\t\t\t\t\t\t\t<\/div>\n\t\t\t\t\t<\/div>\n\t\t<\/div>\n\t\t\t\t\t<\/div>\n\t\t<\/section>\n\t\t\t\t<section data-particle_enable=\"false\" data-particle-mobile-disabled=\"false\" class=\"elementor-section elementor-top-section elementor-element elementor-element-32dbd54 elementor-section-boxed elementor-section-height-default elementor-section-height-default\" data-id=\"32dbd54\" data-element_type=\"section\" data-e-type=\"section\">\n\t\t\t\t\t\t<div class=\"elementor-container elementor-column-gap-default\">\n\t\t\t\t\t<div class=\"elementor-column elementor-col-100 elementor-top-column elementor-element elementor-element-909db8f\" data-id=\"909db8f\" data-element_type=\"column\" data-e-type=\"column\">\n\t\t\t<div class=\"elementor-widget-wrap elementor-element-populated\">\n\t\t\t\t\t\t<div class=\"elementor-element elementor-element-713a4fa elementor-widget elementor-widget-heading\" data-id=\"713a4fa\" data-element_type=\"widget\" data-e-type=\"widget\" data-widget_type=\"heading.default\">\n\t\t\t\t\t<h3 class=\"elementor-heading-title elementor-size-default\">Migrantes aportan al crecimiento de Chattanooga <\/h3>\t\t\t\t<\/div>\n\t\t\t\t\t<\/div>\n\t\t<\/div>\n\t\t\t\t\t<\/div>\n\t\t<\/section>\n\t\t\t\t<section data-particle_enable=\"false\" data-particle-mobile-disabled=\"false\" class=\"elementor-section elementor-top-section elementor-element elementor-element-e9b6163 elementor-section-boxed elementor-section-height-default elementor-section-height-default\" data-id=\"e9b6163\" data-element_type=\"section\" data-e-type=\"section\">\n\t\t\t\t\t\t<div class=\"elementor-container elementor-column-gap-default\">\n\t\t\t\t\t<div class=\"elementor-column elementor-col-100 elementor-top-column elementor-element elementor-element-d59ee4a\" data-id=\"d59ee4a\" data-element_type=\"column\" data-e-type=\"column\">\n\t\t\t<div class=\"elementor-widget-wrap elementor-element-populated\">\n\t\t\t\t\t\t<div class=\"elementor-element elementor-element-457c5ca elementor-widget elementor-widget-text-editor\" data-id=\"457c5ca\" data-element_type=\"widget\" data-e-type=\"widget\" data-widget_type=\"text-editor.default\">\n\t\t\t\t\t\t\t\t\t<p><span style=\"color: var( --e-global-color-text );\">Chattanooga era un enclave industrial y manufacturero que decay\u00f3 a finales de la d\u00e9cada 1990. Pero la llegada de migrantes aviv\u00f3 su econom\u00eda y productividad. Durante la pandemia tambi\u00e9n recibi\u00f3 a nuevos pobladores atra\u00eddos por un ambiente menos urbano y m\u00e1s natural. Ello conduce a una gentrificaci\u00f3n, es decir, la recuperaci\u00f3n y revaloraci\u00f3n de espacios, algo a lo cual tambi\u00e9n aportan los guatemaltecos mediante el pago de taxes y generaci\u00f3n de oportunidades de negocio.<\/span><\/p><p><span style=\"color: var( --e-global-color-text );\">En 2011, se impuso una dura ley antimigrante en Alabama; muchos migrantes hispanos indocumentados salieron a Estados vecinos, entre ellos Tennesse y espec\u00edficamente Chatanooga, donde ya ten\u00edan familiares o conocidos.\u00a0<\/span><\/p><p><span style=\"color: var( --e-global-color-text );\">&#8220;El gobernador propuso poner a trabajar en las granjas a los presos de las c\u00e1rceles y as\u00ed sustituir la mano de obra migrante. No funcion\u00f3. Al a\u00f1o, muchas granjas de Alabama hab\u00edan quebrado&#8221;, comparte Otero, para resaltar el valor del trabajo de los migrantes.<\/span><\/p><p>Como contexto cabe citar que este 2024, al menos en cuatro Estados de EE.UU. (Florida, Texas, Oklahoma y Tennessee) se han establecido leyes contra migrantes indocumentados, cuyos efectos econ\u00f3micos podr\u00edan ser contraproducentes as\u00ed como lo fueron para el gobernador de Alabama.<\/p>\t\t\t\t\t\t\t\t<\/div>\n\t\t\t\t\t<\/div>\n\t\t<\/div>\n\t\t\t\t\t<\/div>\n\t\t<\/section>\n\t\t\t\t<section data-particle_enable=\"false\" data-particle-mobile-disabled=\"false\" class=\"elementor-section elementor-top-section elementor-element elementor-element-1d988c3 elementor-section-boxed elementor-section-height-default elementor-section-height-default\" data-id=\"1d988c3\" data-element_type=\"section\" data-e-type=\"section\">\n\t\t\t\t\t\t<div class=\"elementor-container elementor-column-gap-default\">\n\t\t\t\t\t<div class=\"elementor-column elementor-col-100 elementor-top-column elementor-element elementor-element-8b1784a\" data-id=\"8b1784a\" data-element_type=\"column\" data-e-type=\"column\">\n\t\t\t<div class=\"elementor-widget-wrap elementor-element-populated\">\n\t\t\t\t\t\t<div class=\"elementor-element elementor-element-973f961 elementor-widget elementor-widget-video\" data-id=\"973f961\" data-element_type=\"widget\" data-e-type=\"widget\" data-settings=\"{&quot;youtube_url&quot;:&quot;https:\\\/\\\/www.youtube.com\\\/watch?v=BrEX1VlkmnI&quot;,&quot;video_type&quot;:&quot;youtube&quot;,&quot;controls&quot;:&quot;yes&quot;}\" data-widget_type=\"video.default\">\n\t\t\t\t\t\t\t<div class=\"elementor-wrapper elementor-open-inline\">\n\t\t\t<div class=\"elementor-video\"><\/div>\t\t<\/div>\n\t\t\t\t\t\t<\/div>\n\t\t\t\t\t<\/div>\n\t\t<\/div>\n\t\t\t\t\t<\/div>\n\t\t<\/section>\n\t\t\t\t<section data-particle_enable=\"false\" data-particle-mobile-disabled=\"false\" class=\"elementor-section elementor-top-section elementor-element elementor-element-c18c82d elementor-section-boxed elementor-section-height-default elementor-section-height-default\" data-id=\"c18c82d\" data-element_type=\"section\" data-e-type=\"section\">\n\t\t\t\t\t\t<div class=\"elementor-container elementor-column-gap-default\">\n\t\t\t\t\t<div class=\"elementor-column elementor-col-100 elementor-top-column elementor-element elementor-element-f8f7869\" data-id=\"f8f7869\" data-element_type=\"column\" data-e-type=\"column\">\n\t\t\t<div class=\"elementor-widget-wrap elementor-element-populated\">\n\t\t\t\t\t\t<div class=\"elementor-element elementor-element-3ef3e2c elementor-widget elementor-widget-heading\" data-id=\"3ef3e2c\" data-element_type=\"widget\" data-e-type=\"widget\" data-widget_type=\"heading.default\">\n\t\t\t\t\t<h3 class=\"elementor-heading-title elementor-size-default\">Mayor integraci\u00f3n: m\u00e1s oportunidades<\/h3>\t\t\t\t<\/div>\n\t\t\t\t\t<\/div>\n\t\t<\/div>\n\t\t\t\t\t<\/div>\n\t\t<\/section>\n\t\t\t\t<section data-particle_enable=\"false\" data-particle-mobile-disabled=\"false\" class=\"elementor-section elementor-top-section elementor-element elementor-element-ea6562a elementor-section-boxed elementor-section-height-default elementor-section-height-default\" data-id=\"ea6562a\" data-element_type=\"section\" data-e-type=\"section\">\n\t\t\t\t\t\t<div class=\"elementor-container elementor-column-gap-default\">\n\t\t\t\t\t<div class=\"elementor-column elementor-col-100 elementor-top-column elementor-element elementor-element-ca7684c\" data-id=\"ca7684c\" data-element_type=\"column\" data-e-type=\"column\">\n\t\t\t<div class=\"elementor-widget-wrap elementor-element-populated\">\n\t\t\t\t\t\t<div class=\"elementor-element elementor-element-2505a67 elementor-widget elementor-widget-text-editor\" data-id=\"2505a67\" data-element_type=\"widget\" data-e-type=\"widget\" data-widget_type=\"text-editor.default\">\n\t\t\t\t\t\t\t\t\t<p><span style=\"color: var( --e-global-color-text );\">&#8220;Existen muchas oportunidades para los j\u00f3venes, pero las comunidades y familias guatemaltecas tienen que abrirse m\u00e1s y crear mayores lazos. Hay programas de arte y cultura, actividades como conciertos y exposiciones gratuitas, que podr\u00edan generar una mayor identificaci\u00f3n y admiraci\u00f3n por la cultura guatemalteca, pero los chapines a\u00fan no se integran a ellas&#8221;, comenta<a href=\"https:\/\/soymigrante.com\/revista\/migrante-guatemalteca-apoya-a-compatriotas-en-tennessee\/\"> Velveth Hern\u00e1ndez Johnson, profesional guatemalteca que trabaja en el downtown en una compa\u00f1\u00eda de recursos humanos.&nbsp;&nbsp;<\/a><\/span><\/p>\n<p><span style=\"color: var( --e-global-color-text );\">&#8220;Los guatemaltecos ya estamos presentes aqu\u00ed, incluso en las comidas y el pan de excelente calidad que se disfruta en tiendas y restaurantes. Pero debemos abrir m\u00e1s las puertas a otras culturas y mostrar el valor de la nuestra&#8221;, agrega <a href=\"https:\/\/soymigrante.com\/revista\/migrante-guatemalteca-apoya-a-compatriotas-en-tennessee\/\">Velveth.<\/a><\/span><\/p>\t\t\t\t\t\t\t\t<\/div>\n\t\t\t\t\t<\/div>\n\t\t<\/div>\n\t\t\t\t\t<\/div>\n\t\t<\/section>\n\t\t\t\t<section data-particle_enable=\"false\" data-particle-mobile-disabled=\"false\" class=\"elementor-section elementor-top-section elementor-element elementor-element-44f7f1d elementor-section-boxed elementor-section-height-default elementor-section-height-default\" data-id=\"44f7f1d\" data-element_type=\"section\" data-e-type=\"section\">\n\t\t\t\t\t\t<div class=\"elementor-container elementor-column-gap-default\">\n\t\t\t\t\t<div class=\"elementor-column elementor-col-100 elementor-top-column elementor-element elementor-element-cc92431\" data-id=\"cc92431\" data-element_type=\"column\" data-e-type=\"column\">\n\t\t\t<div class=\"elementor-widget-wrap elementor-element-populated\">\n\t\t\t\t\t\t<div class=\"elementor-element elementor-element-f255245 elementor-widget elementor-widget-image\" data-id=\"f255245\" data-element_type=\"widget\" data-e-type=\"widget\" data-widget_type=\"image.default\">\n\t\t\t\t\t\t\t\t\t\t\t\t<figure class=\"wp-caption\">\n\t\t\t\t\t\t\t\t\t\t<img loading=\"lazy\" decoding=\"async\" width=\"768\" height=\"510\" src=\"https:\/\/soymigrante.com\/revista\/wp-content\/uploads\/2024\/05\/Captura-de-pantalla-2024-05-08-135347-1024x680.webp\" class=\"attachment-large size-large wp-image-6299\" alt=\"Celebraci\u00f3n cultural con j\u00f3venes asistentes en un auditorio, promoviendo la diversidad y el intercambio cultural en la comunidad migrante.\" srcset=\"https:\/\/soymigrante.com\/revista\/wp-content\/uploads\/2024\/05\/Captura-de-pantalla-2024-05-08-135347-1024x680.webp 1024w, https:\/\/soymigrante.com\/revista\/wp-content\/uploads\/2024\/05\/Captura-de-pantalla-2024-05-08-135347-300x199.webp 300w, https:\/\/soymigrante.com\/revista\/wp-content\/uploads\/2024\/05\/Captura-de-pantalla-2024-05-08-135347-768x510.webp 768w, https:\/\/soymigrante.com\/revista\/wp-content\/uploads\/2024\/05\/Captura-de-pantalla-2024-05-08-135347-750x498.webp 750w, https:\/\/soymigrante.com\/revista\/wp-content\/uploads\/2024\/05\/Captura-de-pantalla-2024-05-08-135347-1140x757.webp 1140w, https:\/\/soymigrante.com\/revista\/wp-content\/uploads\/2024\/05\/Captura-de-pantalla-2024-05-08-135347.webp 1338w\" sizes=\"(max-width: 768px) 100vw, 768px\" title=\"En varias secciones de la Howard High School, hay entre un 50% y un 70% de estudiantes migrantes guatemaltecos. La mayor\u00eda provienen de Huehuetenango y San Marcos. El empresario Marcos Antil les anim\u00f3 a  esforzarse por ir a la universidad, por cumplir sus sue\u00f1os y generar oportunidades a futuro. \u2013 SoyMigrante.com REVISTA\" \/>\t\t\t\t\t\t\t\t\t\t\t<figcaption class=\"widget-image-caption wp-caption-text\">Conferencia para j\u00f3venes migrantes en un auditorio, fomentando la participaci\u00f3n y el intercambio cultural entre diferentes comunidades migrantes.<\/figcaption>\n\t\t\t\t\t\t\t\t\t\t<\/figure>\n\t\t\t\t\t\t\t\t\t<\/div>\n\t\t\t\t\t<\/div>\n\t\t<\/div>\n\t\t\t\t\t<\/div>\n\t\t<\/section>\n\t\t\t\t<section data-particle_enable=\"false\" data-particle-mobile-disabled=\"false\" class=\"elementor-section elementor-top-section elementor-element elementor-element-78cf5a1 elementor-section-boxed elementor-section-height-default elementor-section-height-default\" data-id=\"78cf5a1\" data-element_type=\"section\" data-e-type=\"section\">\n\t\t\t\t\t\t<div class=\"elementor-container elementor-column-gap-default\">\n\t\t\t\t\t<div class=\"elementor-column elementor-col-100 elementor-top-column elementor-element elementor-element-b3f930a\" data-id=\"b3f930a\" data-element_type=\"column\" data-e-type=\"column\">\n\t\t\t<div class=\"elementor-widget-wrap elementor-element-populated\">\n\t\t\t\t\t\t<div class=\"elementor-element elementor-element-062dda7 elementor-widget elementor-widget-heading\" data-id=\"062dda7\" data-element_type=\"widget\" data-e-type=\"widget\" data-widget_type=\"heading.default\">\n\t\t\t\t\t<h3 class=\"elementor-heading-title elementor-size-default\">La Paz, un modelo de educaci\u00f3n y solidaridad<\/h3>\t\t\t\t<\/div>\n\t\t\t\t\t<\/div>\n\t\t<\/div>\n\t\t\t\t\t<\/div>\n\t\t<\/section>\n\t\t\t\t<section data-particle_enable=\"false\" data-particle-mobile-disabled=\"false\" class=\"elementor-section elementor-top-section elementor-element elementor-element-f87e13d elementor-section-boxed elementor-section-height-default elementor-section-height-default\" data-id=\"f87e13d\" data-element_type=\"section\" data-e-type=\"section\">\n\t\t\t\t\t\t<div class=\"elementor-container elementor-column-gap-default\">\n\t\t\t\t\t<div class=\"elementor-column elementor-col-100 elementor-top-column elementor-element elementor-element-d765bc2\" data-id=\"d765bc2\" data-element_type=\"column\" data-e-type=\"column\">\n\t\t\t<div class=\"elementor-widget-wrap elementor-element-populated\">\n\t\t\t\t\t\t<div class=\"elementor-element elementor-element-f72b592 elementor-widget elementor-widget-text-editor\" data-id=\"f72b592\" data-element_type=\"widget\" data-e-type=\"widget\" data-widget_type=\"text-editor.default\">\n\t\t\t\t\t\t\t\t\t<p><span style=\"color: var( --e-global-color-text );\">Pero no solo los ni\u00f1os est\u00e1n en ese proceso de integraci\u00f3n. Tambi\u00e9n los padres est\u00e1n llamados a adquirir nuevos conocimientos y habilidades, incluyendo las relaciones sociales. En la fundaci\u00f3n <a href=\"https:\/\/www.lapazchattanooga.org\/es\">La Paz<\/a> se impulsan cursos y talleres sobre oficios, arte y aprendizaje de ingl\u00e9s, adem\u00e1s de brindar orientaci\u00f3n legal, fiscal y de emprendimiento.\u00a0 Sus puertas est\u00e1n abiertas a migrantes guatemaltecos e hispanos sin distingo alguno.<\/span><\/p><p><span style=\"color: var( --e-global-color-text );\">&#8220;<a href=\"https:\/\/www.lapazchattanooga.org\/es\">La Paz<\/a> surgi\u00f3 hace 20 a\u00f1os como una iniciativa de solidaridad con las comunidades migrantes de varios pa\u00edses. El n\u00famero de guatemaltecos ha crecido y tambi\u00e9n las necesidades. El proceso de adaptaci\u00f3n, conseguir un empleo y tener una mejora econ\u00f3mica puede ser tardado y demandar mucho esfuerzo. A veces las familias no tienen recursos suficientes para una sana nutrici\u00f3n de los ni\u00f1os y por eso damos apoyo en alimentos tambi\u00e9n&#8221;, explica J\u00e9ssica Cliche, profesional guatemalteca que actualmente es la directora de cursos y capacitaci\u00f3n de dicha fundaci\u00f3n.\u00a0<\/span><\/p><p><span style=\"color: var( --e-global-color-text );\">&#8220;Los guatemaltecos tenemos tanto que dar. Es admirable la capacidad de trabajo, la dedicaci\u00f3n y la amabilidad, que son nuestras fortalezas, pero a menudo nos cuesta darlas a conocer,.&#8221;, agrega Jessica en el sal\u00f3n principal de <a href=\"https:\/\/www.lapazchattanooga.org\/es\">La Paz<\/a><\/span><\/p>\t\t\t\t\t\t\t\t<\/div>\n\t\t\t\t\t<\/div>\n\t\t<\/div>\n\t\t\t\t\t<\/div>\n\t\t<\/section>\n\t\t\t\t<section data-particle_enable=\"false\" data-particle-mobile-disabled=\"false\" class=\"elementor-section elementor-top-section elementor-element elementor-element-4095b3a elementor-section-boxed elementor-section-height-default elementor-section-height-default\" data-id=\"4095b3a\" data-element_type=\"section\" data-e-type=\"section\">\n\t\t\t\t\t\t<div class=\"elementor-container elementor-column-gap-default\">\n\t\t\t\t\t<div class=\"elementor-column elementor-col-100 elementor-top-column elementor-element elementor-element-d1bc807\" data-id=\"d1bc807\" data-element_type=\"column\" data-e-type=\"column\">\n\t\t\t<div class=\"elementor-widget-wrap elementor-element-populated\">\n\t\t\t\t\t\t<div class=\"elementor-element elementor-element-1c9458f elementor-widget elementor-widget-facebook-embed\" data-id=\"1c9458f\" data-element_type=\"widget\" data-e-type=\"widget\" data-widget_type=\"facebook-embed.default\">\n\t\t\t\t\t<div style=\"min-height: 1px\" class=\"elementor-facebook-widget fb-video\" data-href=\"https:\/\/www.facebook.com\/LaPazChatt\/videos\/715601504034106\" data-show-text=\"false\" data-allowfullscreen=\"false\" data-autoplay=\"false\" data-show-captions=\"false\"><\/div>\t\t\t\t<\/div>\n\t\t\t\t\t<\/div>\n\t\t<\/div>\n\t\t\t\t\t<\/div>\n\t\t<\/section>\n\t\t\t\t<section data-particle_enable=\"false\" data-particle-mobile-disabled=\"false\" class=\"elementor-section elementor-top-section elementor-element elementor-element-447164f elementor-section-boxed elementor-section-height-default elementor-section-height-default\" data-id=\"447164f\" data-element_type=\"section\" data-e-type=\"section\">\n\t\t\t\t\t\t<div class=\"elementor-container elementor-column-gap-default\">\n\t\t\t\t\t<div class=\"elementor-column elementor-col-100 elementor-top-column elementor-element elementor-element-18311cb\" data-id=\"18311cb\" data-element_type=\"column\" data-e-type=\"column\">\n\t\t\t<div class=\"elementor-widget-wrap elementor-element-populated\">\n\t\t\t\t\t\t<div class=\"elementor-element elementor-element-5f577a8 elementor-widget elementor-widget-heading\" data-id=\"5f577a8\" data-element_type=\"widget\" data-e-type=\"widget\" data-widget_type=\"heading.default\">\n\t\t\t\t\t<h3 class=\"elementor-heading-title elementor-size-default\">Un sue\u00f1o guatemalteco en Chattanooga <\/h3>\t\t\t\t<\/div>\n\t\t\t\t\t<\/div>\n\t\t<\/div>\n\t\t\t\t\t<\/div>\n\t\t<\/section>\n\t\t\t\t<section data-particle_enable=\"false\" data-particle-mobile-disabled=\"false\" class=\"elementor-section elementor-top-section elementor-element elementor-element-1dea9e5 elementor-section-boxed elementor-section-height-default elementor-section-height-default\" data-id=\"1dea9e5\" data-element_type=\"section\" data-e-type=\"section\">\n\t\t\t\t\t\t<div class=\"elementor-container elementor-column-gap-default\">\n\t\t\t\t\t<div class=\"elementor-column elementor-col-100 elementor-top-column elementor-element elementor-element-e369f81\" data-id=\"e369f81\" data-element_type=\"column\" data-e-type=\"column\">\n\t\t\t<div class=\"elementor-widget-wrap elementor-element-populated\">\n\t\t\t\t\t\t<div class=\"elementor-element elementor-element-d5b1904 elementor-widget elementor-widget-text-editor\" data-id=\"d5b1904\" data-element_type=\"widget\" data-e-type=\"widget\" data-widget_type=\"text-editor.default\">\n\t\t\t\t\t\t\t\t\t<p>&#8220;Ustedes tienen una oportunidad para triunfar, para cumplir sus sue\u00f1os, pero deben tener uno para poder seguirlo. Quiz\u00e1 no hay camino o no est\u00e9 claro el camino, pero si tienen la meta ella les guiar\u00e1 para vencer los obst\u00e1culos&#8221;, dijo <a href=\"https:\/\/marcosantil.com\/mi-historia\/\">Marcos Antil <\/a>a un grupo de j\u00f3venes guatemaltecos que estudian en <a href=\"https:\/\/howard.hcde.org\/\">Howard High School.<\/a>\u00a0Les comparti\u00f3 detalles de su ruta como migrante en EE.UU., los obst\u00e1culos que enfrent\u00f3 pero a la vez las ventajas competitivvas que obtuvo al estudiar una carrera universitaria.<\/p><p>&#8220;Constantemente les traemos speakers (oradores) a los alumnos, para que se inspiren y tengan modelos de \u00e9xito. Pero esta es la primera vez que viene alguien de Guatemala, de origen maya, nacido en una zona rural, como muchos de ellos y creemos que les inspirar\u00e1 mucho m\u00e1s, dijo una de las maestras presentes en la conferencia.\u00a0<\/p><p><span style=\"color: var( --e-global-color-text );\">Una peque\u00f1a Guatemala est\u00e1 floreciendo en Chattanooga, otra tierra de \u00e1rboles en donde muchos quetzales llegaron para volar alto. \/\/<br \/><\/span><\/p><p>\u00a0<\/p>\t\t\t\t\t\t\t\t<\/div>\n\t\t\t\t\t<\/div>\n\t\t<\/div>\n\t\t\t\t\t<\/div>\n\t\t<\/section>\n\t\t\t\t<section data-particle_enable=\"false\" data-particle-mobile-disabled=\"false\" class=\"elementor-section elementor-top-section elementor-element elementor-element-89557fd elementor-section-boxed elementor-section-height-default elementor-section-height-default\" data-id=\"89557fd\" data-element_type=\"section\" data-e-type=\"section\">\n\t\t\t\t\t\t<div class=\"elementor-container elementor-column-gap-default\">\n\t\t\t\t\t<div class=\"elementor-column elementor-col-100 elementor-top-column elementor-element elementor-element-99f37cd\" data-id=\"99f37cd\" data-element_type=\"column\" data-e-type=\"column\">\n\t\t\t<div class=\"elementor-widget-wrap elementor-element-populated\">\n\t\t\t\t\t\t<div class=\"elementor-element elementor-element-d9f8715 elementor-widget elementor-widget-image\" data-id=\"d9f8715\" data-element_type=\"widget\" data-e-type=\"widget\" data-widget_type=\"image.default\">\n\t\t\t\t\t\t\t\t\t\t\t\t<figure class=\"wp-caption\">\n\t\t\t\t\t\t\t\t\t\t<img loading=\"lazy\" decoding=\"async\" width=\"768\" height=\"510\" src=\"https:\/\/soymigrante.com\/revista\/wp-content\/uploads\/2024\/05\/Captura-de-pantalla-2024-05-08-134807-1-1024x680.webp\" class=\"attachment-large size-large wp-image-6322\" alt=\"Ni\u00f1as en una sala de clases infantil, participando en actividades escolares y educativas, en un ambiente amigable y colorido, promoviendo integraci\u00f3n y aprendizaje para ni\u00f1os migrantes.\" srcset=\"https:\/\/soymigrante.com\/revista\/wp-content\/uploads\/2024\/05\/Captura-de-pantalla-2024-05-08-134807-1-1024x680.webp 1024w, https:\/\/soymigrante.com\/revista\/wp-content\/uploads\/2024\/05\/Captura-de-pantalla-2024-05-08-134807-1-300x199.webp 300w, https:\/\/soymigrante.com\/revista\/wp-content\/uploads\/2024\/05\/Captura-de-pantalla-2024-05-08-134807-1-768x510.webp 768w, https:\/\/soymigrante.com\/revista\/wp-content\/uploads\/2024\/05\/Captura-de-pantalla-2024-05-08-134807-1-750x498.jpg 750w, https:\/\/soymigrante.com\/revista\/wp-content\/uploads\/2024\/05\/Captura-de-pantalla-2024-05-08-134807-1-1140x757.jpg 1140w, https:\/\/soymigrante.com\/revista\/wp-content\/uploads\/2024\/05\/Captura-de-pantalla-2024-05-08-134807-1.webp 1352w\" sizes=\"(max-width: 768px) 100vw, 768px\" title=\"Ni\u00f1os originarios de Guatemala refaccionan en la biblioteca de la escuela primaria East Ridge, mientras les leen cuentos infantiles. En este condado residen muchos migrantes chapines. \u2013 SoyMigrante.com REVISTA\" \/>\t\t\t\t\t\t\t\t\t\t\t<figcaption class=\"widget-image-caption wp-caption-text\">Escuela inclusiva para ni\u00f1os migrantes, promoviendo integraci\u00f3n y diversidad cultural en el sistema educativo.<\/figcaption>\n\t\t\t\t\t\t\t\t\t\t<\/figure>\n\t\t\t\t\t\t\t\t\t<\/div>\n\t\t\t\t\t<\/div>\n\t\t<\/div>\n\t\t\t\t\t<\/div>\n\t\t<\/section>\n\t\t\t\t<section data-particle_enable=\"false\" data-particle-mobile-disabled=\"false\" class=\"elementor-section elementor-top-section elementor-element elementor-element-adb963b elementor-section-boxed elementor-section-height-default elementor-section-height-default\" data-id=\"adb963b\" data-element_type=\"section\" data-e-type=\"section\">\n\t\t\t\t\t\t<div class=\"elementor-container elementor-column-gap-default\">\n\t\t\t\t\t<div class=\"elementor-column elementor-col-100 elementor-top-column elementor-element elementor-element-be900a5\" data-id=\"be900a5\" data-element_type=\"column\" data-e-type=\"column\">\n\t\t\t<div class=\"elementor-widget-wrap elementor-element-populated\">\n\t\t\t\t\t\t<div class=\"elementor-element elementor-element-448a10a elementor-widget elementor-widget-heading\" data-id=\"448a10a\" data-element_type=\"widget\" data-e-type=\"widget\" data-widget_type=\"heading.default\">\n\t\t\t\t\t<h2 class=\"elementor-heading-title elementor-size-default\">Esfuerzo migrante hace brillar a Guatemala<\/h2>\t\t\t\t<\/div>\n\t\t\t\t\t<\/div>\n\t\t<\/div>\n\t\t\t\t\t<\/div>\n\t\t<\/section>\n\t\t\t\t<section data-particle_enable=\"false\" data-particle-mobile-disabled=\"false\" class=\"elementor-section elementor-top-section elementor-element elementor-element-ac2d74e elementor-section-boxed elementor-section-height-default elementor-section-height-default\" data-id=\"ac2d74e\" data-element_type=\"section\" data-e-type=\"section\">\n\t\t\t\t\t\t<div class=\"elementor-container elementor-column-gap-default\">\n\t\t\t\t\t<div class=\"elementor-column elementor-col-100 elementor-top-column elementor-element elementor-element-0e9286d\" data-id=\"0e9286d\" data-element_type=\"column\" data-e-type=\"column\">\n\t\t\t<div class=\"elementor-widget-wrap elementor-element-populated\">\n\t\t\t\t\t\t<div class=\"elementor-element elementor-element-4dde074 elementor-widget elementor-widget-blfe-post-grid\" data-id=\"4dde074\" data-element_type=\"widget\" data-e-type=\"widget\" data-settings=\"{&quot;columns&quot;:&quot;3&quot;,&quot;columns_tablet&quot;:&quot;6&quot;,&quot;columns_mobile&quot;:&quot;12&quot;,&quot;classic1_layout_column_gap&quot;:{&quot;unit&quot;:&quot;px&quot;,&quot;size&quot;:30,&quot;sizes&quot;:[]},&quot;classic1_layout_column_gap_tablet&quot;:{&quot;unit&quot;:&quot;px&quot;,&quot;size&quot;:&quot;&quot;,&quot;sizes&quot;:[]},&quot;classic1_layout_column_gap_mobile&quot;:{&quot;unit&quot;:&quot;px&quot;,&quot;size&quot;:&quot;&quot;,&quot;sizes&quot;:[]},&quot;classic1_layout_row_gap&quot;:{&quot;unit&quot;:&quot;px&quot;,&quot;size&quot;:30,&quot;sizes&quot;:[]},&quot;classic1_layout_row_gap_tablet&quot;:{&quot;unit&quot;:&quot;px&quot;,&quot;size&quot;:&quot;&quot;,&quot;sizes&quot;:[]},&quot;classic1_layout_row_gap_mobile&quot;:{&quot;unit&quot;:&quot;px&quot;,&quot;size&quot;:&quot;&quot;,&quot;sizes&quot;:[]}}\" data-widget_type=\"blfe-post-grid.classic1\">\n\t\t\t\t<div class=\"elementor-widget-container\">\n\t\t\t\t\t\n                        <div class=\"blfe-post-grid-container \">\n            \n                <div data-skin=\"classic1\" class=\"blfe-row blfe-posts-inner blfe-classic1 blfe-posts-inner blfe-col-3 blfe-col-tab-6 blfe-col-mob-12     \">\n                            <div class=\"blfe-post-grid-item \">\n            <div class=\"blfe-post-grid-item-inner blfe-modern-zoom\">\n                <a class=\"blfe-post-grid-image\" href=\"https:\/\/soymigrante.com\/revista\/santos-poroj-escritor-migrante-de-san-andres-xecul-publica-su-segundo-libro-en-california-y-con-dos-portadas\/\" title=\"Santos Poroj, escritor migrante de San Andr\u00e9s Xecul, publica su segundo libro en California (y con dos portadas)\" rel=\"nofollow\" target=\"_blank\"><img decoding=\"async\" src=\"https:\/\/soymigrante.com\/revista\/wp-content\/uploads\/2026\/04\/migrante-guatemalteco-santos-poroj-en-san-rafael-california-originario-de-san-andres-xecul.png\" alt=\"Santos Poroj, escritor migrante de San Andr\u00e9s Xecul, publica su segundo libro en California (y con dos portadas)\"\/><\/a>                <span class=\"blfe-post-category\"><a href=\"https:\/\/soymigrante.com\/revista\/category\/exitos\/\">\u00c9xitos<\/a><\/span>                <div class=\"blfe-post-grid-details\">\n                    <div class=\"blfe-post-grid-details-inner\">\n                        <h3 class=\"blfe-post-grid-title\">\n            <a href=\"https:\/\/soymigrante.com\/revista\/santos-poroj-escritor-migrante-de-san-andres-xecul-publica-su-segundo-libro-en-california-y-con-dos-portadas\/\" title=\"Santos Poroj, escritor migrante de San Andr\u00e9s Xecul, publica su segundo libro en California (y con dos portadas)\" rel=\"nofollow\" target=\"_blank\">Santos Poroj, escritor migrante de San Andr\u00e9s Xecul, publica su segundo libro en California (y con dos portadas)<\/a>\n            <\/h3>                        <p class=\"blfe-post-grid-excerpt\">Al efectuar tareas de la clase de Lenguaje y Literatura, en una High School de San Rafael California, el migrante...<\/p>                                    <div class=\"blfe-post-grid-meta\">\n                <span class=\"blfe-post-grid-time\"><i class=\"fas fa-book-reader\"><\/i>7 Min read<\/span>            <\/div>\n                                                        <\/div>\n                <\/div>\n\n            <\/div>\n        <\/div>\n                <div class=\"blfe-post-grid-item \">\n            <div class=\"blfe-post-grid-item-inner blfe-modern-zoom\">\n                <a class=\"blfe-post-grid-image\" href=\"https:\/\/soymigrante.com\/revista\/migrantes-guatemaltecos-en-estados-unidos-libros-historias-dia-del-libro\/\" title=\"D\u00eda del Libro &#8211; Creatividad de escritores migrantes guatemaltecos vuela sin fronteras\" rel=\"nofollow\" target=\"_blank\"><img decoding=\"async\" src=\"https:\/\/soymigrante.com\/revista\/wp-content\/uploads\/2026\/04\/dia-del-libro-guatemala-libros-de-migrantes-guatemaltecos.png\" alt=\"D\u00eda del Libro &#8211; Creatividad de escritores migrantes guatemaltecos vuela sin fronteras\"\/><\/a>                <span class=\"blfe-post-category\"><a href=\"https:\/\/soymigrante.com\/revista\/category\/exitos\/guatemala\/\">Guatemala<\/a><\/span>                <div class=\"blfe-post-grid-details\">\n                    <div class=\"blfe-post-grid-details-inner\">\n                        <h3 class=\"blfe-post-grid-title\">\n            <a href=\"https:\/\/soymigrante.com\/revista\/migrantes-guatemaltecos-en-estados-unidos-libros-historias-dia-del-libro\/\" title=\"D\u00eda del Libro &#8211; Creatividad de escritores migrantes guatemaltecos vuela sin fronteras\" rel=\"nofollow\" target=\"_blank\">D\u00eda del Libro &#8211; Creatividad de escritores migrantes guatemaltecos vuela sin fronteras<\/a>\n            <\/h3>                        <p class=\"blfe-post-grid-excerpt\">Relatos reales que superan la ficci\u00f3n. O ficci\u00f3n que a su vez se basa en duras realidades. Autores migrantes guatemaltecos...<\/p>                                    <div class=\"blfe-post-grid-meta\">\n                <span class=\"blfe-post-grid-time\"><i class=\"fas fa-book-reader\"><\/i>5 Min read<\/span>            <\/div>\n                                                        <\/div>\n                <\/div>\n\n            <\/div>\n        <\/div>\n                <div class=\"blfe-post-grid-item \">\n            <div class=\"blfe-post-grid-item-inner blfe-modern-zoom\">\n                <a class=\"blfe-post-grid-image\" href=\"https:\/\/soymigrante.com\/revista\/luis-von-ahn-national-geographic-33-guatemalteco-duolingo\/\" title=\"\u00bfC\u00f3mo lleg\u00f3 el  guatemalteco Luis von Ahn a la lista Global 33 de L\u00edderes Innovadores de National Geographic?\" rel=\"nofollow\" target=\"_blank\"><img decoding=\"async\" src=\"https:\/\/soymigrante.com\/revista\/wp-content\/uploads\/2026\/04\/Luis-von-Ahn-33-changemakers-National-Geographic-guatemalteco-migrante-lista.png\" alt=\"\u00bfC\u00f3mo lleg\u00f3 el  guatemalteco Luis von Ahn a la lista Global 33 de L\u00edderes Innovadores de National Geographic?\"\/><\/a>                <span class=\"blfe-post-category\"><a href=\"https:\/\/soymigrante.com\/revista\/category\/exitos\/\">\u00c9xitos<\/a><\/span>                <div class=\"blfe-post-grid-details\">\n                    <div class=\"blfe-post-grid-details-inner\">\n                        <h3 class=\"blfe-post-grid-title\">\n            <a href=\"https:\/\/soymigrante.com\/revista\/luis-von-ahn-national-geographic-33-guatemalteco-duolingo\/\" title=\"\u00bfC\u00f3mo lleg\u00f3 el  guatemalteco Luis von Ahn a la lista Global 33 de L\u00edderes Innovadores de National Geographic?\" rel=\"nofollow\" target=\"_blank\">\u00bfC\u00f3mo lleg\u00f3 el  guatemalteco Luis von Ahn a la lista Global 33 de L\u00edderes Innovadores de National Geographic?<\/a>\n            <\/h3>                        <p class=\"blfe-post-grid-excerpt\">Empresario digital guatemalteco y fundador de la plataforma D\u00faolingo, as\u00ed como creador de los conceptos de captcha y recaptcha, Luis...<\/p>                                    <div class=\"blfe-post-grid-meta\">\n                <span class=\"blfe-post-grid-time\"><i class=\"fas fa-book-reader\"><\/i>5 Min read<\/span>            <\/div>\n                                                        <\/div>\n                <\/div>\n\n            <\/div>\n        <\/div>\n                <div class=\"blfe-post-grid-item \">\n            <div class=\"blfe-post-grid-item-inner blfe-modern-zoom\">\n                <a class=\"blfe-post-grid-image\" href=\"https:\/\/soymigrante.com\/revista\/migrante-salvadorena-claudia-meneses-empresaria-las-vegas-salvadorenos-en-estados-unidos\/\" title=\"La migrante salvadore\u00f1a Claudia Meneses convirti\u00f3 la limpieza de casas en apuesta ganadora en Las Vegas\" rel=\"nofollow\" target=\"_blank\"><img decoding=\"async\" src=\"https:\/\/soymigrante.com\/revista\/wp-content\/uploads\/2026\/04\/claudia-meneses-migrante-salvadorena-empresaria-las-vegas-limpieza.png\" alt=\"La migrante salvadore\u00f1a Claudia Meneses convirti\u00f3 la limpieza de casas en apuesta ganadora en Las Vegas\"\/><\/a>                <span class=\"blfe-post-category\"><a href=\"https:\/\/soymigrante.com\/revista\/category\/exitos\/el-salvador\/\">El Salvador<\/a><\/span>                <div class=\"blfe-post-grid-details\">\n                    <div class=\"blfe-post-grid-details-inner\">\n                        <h3 class=\"blfe-post-grid-title\">\n            <a href=\"https:\/\/soymigrante.com\/revista\/migrante-salvadorena-claudia-meneses-empresaria-las-vegas-salvadorenos-en-estados-unidos\/\" title=\"La migrante salvadore\u00f1a Claudia Meneses convirti\u00f3 la limpieza de casas en apuesta ganadora en Las Vegas\" rel=\"nofollow\" target=\"_blank\">La migrante salvadore\u00f1a Claudia Meneses convirti\u00f3 la limpieza de casas en apuesta ganadora en Las Vegas<\/a>\n            <\/h3>                        <p class=\"blfe-post-grid-excerpt\">La compa\u00f1\u00eda de limpieza fundada por la migrante salvadore\u00f1a Claudia Meneses forma parte de la C\u00e1mara de Comercio de Las...<\/p>                                    <div class=\"blfe-post-grid-meta\">\n                <span class=\"blfe-post-grid-time\"><i class=\"fas fa-book-reader\"><\/i>4 Min read<\/span>            <\/div>\n                                                        <\/div>\n                <\/div>\n\n            <\/div>\n        <\/div>\n                <div class=\"blfe-post-grid-item \">\n            <div class=\"blfe-post-grid-item-inner blfe-modern-zoom\">\n                <a class=\"blfe-post-grid-image\" href=\"https:\/\/soymigrante.com\/revista\/pastor-y-cantautor-migrante-guatemalteco-danny-martinez-proyecta-los-colores-de-la-fe-desde-chicago\/\" title=\"Pastor y cantautor migrante guatemalteco Danny Mart\u00ednez proyecta los colores de la fe desde Chicago\" rel=\"nofollow\" target=\"_blank\"><img decoding=\"async\" src=\"https:\/\/soymigrante.com\/revista\/wp-content\/uploads\/2026\/04\/Guatemaltecos-en-Estados-Unidos-pastor-migrante-guatemalteco-Danny-Martinez-Chicago-1.png\" alt=\"Pastor y cantautor migrante guatemalteco Danny Mart\u00ednez proyecta los colores de la fe desde Chicago\"\/><\/a>                <span class=\"blfe-post-category\"><a href=\"https:\/\/soymigrante.com\/revista\/category\/exitos\/\">\u00c9xitos<\/a><\/span>                <div class=\"blfe-post-grid-details\">\n                    <div class=\"blfe-post-grid-details-inner\">\n                        <h3 class=\"blfe-post-grid-title\">\n            <a href=\"https:\/\/soymigrante.com\/revista\/pastor-y-cantautor-migrante-guatemalteco-danny-martinez-proyecta-los-colores-de-la-fe-desde-chicago\/\" title=\"Pastor y cantautor migrante guatemalteco Danny Mart\u00ednez proyecta los colores de la fe desde Chicago\" rel=\"nofollow\" target=\"_blank\">Pastor y cantautor migrante guatemalteco Danny Mart\u00ednez proyecta los colores de la fe desde Chicago<\/a>\n            <\/h3>                        <p class=\"blfe-post-grid-excerpt\">El pastor y cantautor Danny Mart\u00ednez naci\u00f3 en la Florida, zona 19. A los 13 a\u00f1os lleg\u00f3 a Chicago, en...<\/p>                                    <div class=\"blfe-post-grid-meta\">\n                <span class=\"blfe-post-grid-time\"><i class=\"fas fa-book-reader\"><\/i>7 Min read<\/span>            <\/div>\n                                                        <\/div>\n                <\/div>\n\n            <\/div>\n        <\/div>\n                <div class=\"blfe-post-grid-item \">\n            <div class=\"blfe-post-grid-item-inner blfe-modern-zoom\">\n                <a class=\"blfe-post-grid-image\" href=\"https:\/\/soymigrante.com\/revista\/el-mar-es-parte-de-nosotros-ninoshka-lopez-xalin-biologa-marina-guatemalteca-en-smithsonian-institution\/\" title=\"&#8220;El mar es parte de nosotros&#8221;: Ninoshka L\u00f3pez Xal\u00edn, bi\u00f3loga marina guatemalteca en Smithsonian Institution\" rel=\"nofollow\" target=\"_blank\"><img decoding=\"async\" src=\"https:\/\/soymigrante.com\/revista\/wp-content\/uploads\/2026\/04\/ninoshka-lopez-xali-smithsonian-institute-washington.png\" alt=\"&#8220;El mar es parte de nosotros&#8221;: Ninoshka L\u00f3pez Xal\u00edn, bi\u00f3loga marina guatemalteca en Smithsonian Institution\"\/><\/a>                <span class=\"blfe-post-category\"><a href=\"https:\/\/soymigrante.com\/revista\/category\/exitos\/\">\u00c9xitos<\/a><\/span>                <div class=\"blfe-post-grid-details\">\n                    <div class=\"blfe-post-grid-details-inner\">\n                        <h3 class=\"blfe-post-grid-title\">\n            <a href=\"https:\/\/soymigrante.com\/revista\/el-mar-es-parte-de-nosotros-ninoshka-lopez-xalin-biologa-marina-guatemalteca-en-smithsonian-institution\/\" title=\"&#8220;El mar es parte de nosotros&#8221;: Ninoshka L\u00f3pez Xal\u00edn, bi\u00f3loga marina guatemalteca en Smithsonian Institution\" rel=\"nofollow\" target=\"_blank\">&#8220;El mar es parte de nosotros&#8221;: Ninoshka L\u00f3pez Xal\u00edn, bi\u00f3loga marina guatemalteca en Smithsonian Institution<\/a>\n            <\/h3>                        <p class=\"blfe-post-grid-excerpt\">El camino hasta el oc\u00e9ano no fue corto: Ninoshka L\u00f3pez Xal\u00edn estudi\u00f3 biolog\u00eda en Guatemala, despu\u00e9s continu\u00f3 estilos en Chile...<\/p>                                    <div class=\"blfe-post-grid-meta\">\n                <span class=\"blfe-post-grid-time\"><i class=\"fas fa-book-reader\"><\/i>6 Min read<\/span>            <\/div>\n                                                        <\/div>\n                <\/div>\n\n            <\/div>\n        <\/div>\n                        <\/div>\n\n                        <\/div>\n            \n                        <div class=\"blfe-post-footer\">\n                        <\/div>\n            \t\t\t\t<\/div>\n\t\t\t\t<\/div>\n\t\t\t\t\t<\/div>\n\t\t<\/div>\n\t\t\t\t\t<\/div>\n\t\t<\/section>\n\t\t\t\t<\/div>\n\t\t","protected":false},"excerpt":{"rendered":"<p>En Chattanooga, Tennessee abundan los bosques y monta\u00f1as. Se asemeja al Occidente guatemalteco, de donde provienen miles de migrantes que laboran en f\u00e1bricas, granjas y emprendimientos, mientras sus hijos aprenden en el sistema escolar local. El partido termina 1-0. Gan\u00f3 el equipo local Howard High School, que jug\u00f3 contra una escuela privada. La diferencia, adem\u00e1s [&hellip;]<\/p>\n","protected":false},"author":7,"featured_media":6325,"comment_status":"open","ping_status":"open","sticky":false,"template":"","format":"standard","meta":{"_acf_changed":false,"_eb_attr":"","footnotes":""},"categories":[54],"tags":[],"class_list":["post-6290","post","type-post","status-publish","format-standard","has-post-thumbnail","hentry","category-estamos-unidos"],"acf":[],"aioseo_notices":[],"aioseo_head":"\n\t\t<!-- All in One SEO Pro 4.9.6.2 - aioseo.com -->\n\t<meta name=\"description\" content=\"Bi\u00f3loga marina migrante guatemalteca en Washington D.C. nvestiga contaminaci\u00f3n de los mares porque sin ellos no hay sostenibilidad posible. Esta es su historia\" \/>\n\t<meta name=\"robots\" content=\"max-snippet:-1, max-image-preview:large, max-video-preview:-1\" \/>\n\t<meta name=\"author\" content=\"Gustavo Montenegro\"\/>\n\t<link rel=\"canonical\" href=\"https:\/\/soymigrante.com\/revista\/el-mar-es-parte-de-nosotros-ninoshka-lopez-xalin-biologa-marina-guatemalteca-en-smithsonian-institution\/\" \/>\n\t<meta name=\"generator\" content=\"All in One SEO Pro (AIOSEO) 4.9.6.2\" \/>\n\n\t\t<link rel=\"preconnect\" href=\"https:\/\/fonts.googleapis.com\" crossorigin>\n<link rel=\"preconnect\" href=\"https:\/\/fonts.gstatic.com\" crossorigin>\n\t\t<meta property=\"og:locale\" content=\"es_ES\" \/>\n\t\t<meta property=\"og:site_name\" content=\"SoyMigrante.com REVISTA \u2013 Nuestra misi\u00f3n es reconocer y dignificar al migrante.\" \/>\n\t\t<meta property=\"og:type\" content=\"article\" \/>\n\t\t<meta property=\"og:title\" content=\"Ninoshka L\u00f3pez Xal\u00edn, bi\u00f3loga guatemalteca en el Smithsonian\" \/>\n\t\t<meta property=\"og:description\" content=\"Bi\u00f3loga marina migrante guatemalteca en Washington D.C. nvestiga contaminaci\u00f3n de los mares porque sin ellos no hay sostenibilidad posible. Esta es su historia\" \/>\n\t\t<meta property=\"og:url\" content=\"https:\/\/soymigrante.com\/revista\/el-mar-es-parte-de-nosotros-ninoshka-lopez-xalin-biologa-marina-guatemalteca-en-smithsonian-institution\/\" \/>\n\t\t<meta property=\"og:image\" content=\"https:\/\/soymigrante.com\/revista\/wp-content\/uploads\/2026\/04\/ninoshka-lopez-xali-smithsonian-institute-washington.png\" \/>\n\t\t<meta property=\"og:image:secure_url\" content=\"https:\/\/soymigrante.com\/revista\/wp-content\/uploads\/2026\/04\/ninoshka-lopez-xali-smithsonian-institute-washington.png\" \/>\n\t\t<meta property=\"og:image:width\" content=\"369\" \/>\n\t\t<meta property=\"og:image:height\" content=\"369\" \/>\n\t\t<meta property=\"article:published_time\" content=\"2026-04-17T23:30:44+00:00\" \/>\n\t\t<meta property=\"article:modified_time\" content=\"2026-04-17T23:31:04+00:00\" \/>\n\t\t<meta property=\"article:publisher\" content=\"https:\/\/www.facebook.com\/soymigrantecom\" \/>\n\t\t<meta name=\"twitter:card\" content=\"summary_large_image\" \/>\n\t\t<meta name=\"twitter:site\" content=\"@SoyMigrante_com\" \/>\n\t\t<meta name=\"twitter:title\" content=\"Ninoshka L\u00f3pez Xal\u00edn, bi\u00f3loga guatemalteca en el Smithsonian\" \/>\n\t\t<meta name=\"twitter:description\" content=\"Bi\u00f3loga marina migrante guatemalteca en Washington D.C. nvestiga contaminaci\u00f3n de los mares porque sin ellos no hay sostenibilidad posible. Esta es su historia\" \/>\n\t\t<meta name=\"twitter:creator\" content=\"@SoyMigrante_com\" \/>\n\t\t<meta name=\"twitter:image\" content=\"https:\/\/soymigrante.com\/revista\/wp-content\/uploads\/2026\/04\/ninoshka-lopez-xali-smithsonian-institute-washington.png\" \/>\n\t\t<!-- All in One SEO Pro -->\r\n\t\t<title>Ninoshka L\u00f3pez Xal\u00edn, bi\u00f3loga guatemalteca en el Smithsonian<\/title>\n\n","aioseo_head_json":{"title":"Ninoshka L\u00f3pez Xal\u00edn, bi\u00f3loga guatemalteca en el Smithsonian","description":"Bi\u00f3loga marina migrante guatemalteca en Washington D.C. nvestiga contaminaci\u00f3n de los mares porque sin ellos no hay sostenibilidad posible. Esta es su historia","canonical_url":"https:\/\/soymigrante.com\/revista\/el-mar-es-parte-de-nosotros-ninoshka-lopez-xalin-biologa-marina-guatemalteca-en-smithsonian-institution\/","robots":"max-snippet:-1, max-image-preview:large, max-video-preview:-1","keywords":"","webmasterTools":{"miscellaneous":"&lt;link rel=\"preconnect\" href=\"https:\/\/fonts.googleapis.com\" crossorigin&gt;\n&lt;link rel=\"preconnect\" href=\"https:\/\/fonts.gstatic.com\" crossorigin&gt;"},"schema":null,"og:locale":"es_ES","og:site_name":"SoyMigrante.com REVISTA \u2013 Nuestra misi\u00f3n es reconocer y dignificar al migrante.","og:type":"article","og:title":"Ninoshka L\u00f3pez Xal\u00edn, bi\u00f3loga guatemalteca en el Smithsonian","og:description":"Bi\u00f3loga marina migrante guatemalteca en Washington D.C. nvestiga contaminaci\u00f3n de los mares porque sin ellos no hay sostenibilidad posible. Esta es su historia","og:url":"https:\/\/soymigrante.com\/revista\/el-mar-es-parte-de-nosotros-ninoshka-lopez-xalin-biologa-marina-guatemalteca-en-smithsonian-institution\/","og:image":"https:\/\/soymigrante.com\/revista\/wp-content\/uploads\/2026\/04\/ninoshka-lopez-xali-smithsonian-institute-washington.png","og:image:secure_url":"https:\/\/soymigrante.com\/revista\/wp-content\/uploads\/2026\/04\/ninoshka-lopez-xali-smithsonian-institute-washington.png","og:image:width":369,"og:image:height":369,"article:published_time":"2026-04-17T23:30:44+00:00","article:modified_time":"2026-04-17T23:31:04+00:00","article:publisher":"https:\/\/www.facebook.com\/soymigrantecom","twitter:card":"summary_large_image","twitter:site":"@SoyMigrante_com","twitter:title":"Ninoshka L\u00f3pez Xal\u00edn, bi\u00f3loga guatemalteca en el Smithsonian","twitter:description":"Bi\u00f3loga marina migrante guatemalteca en Washington D.C. nvestiga contaminaci\u00f3n de los mares porque sin ellos no hay sostenibilidad posible. Esta es su historia","twitter:creator":"@SoyMigrante_com","twitter:image":"https:\/\/soymigrante.com\/revista\/wp-content\/uploads\/2026\/04\/ninoshka-lopez-xali-smithsonian-institute-washington.png"},"aioseo_meta_data":{"post_id":"6290","title":null,"description":"Una Guatemala migrante vive, sue\u00f1a y florece en Chattanooga, Tennessee","keywords":null,"keyphrases":{"focus":{"keyphrase":"Chattanooga","score":91,"analysis":{"keyphraseInTitle":{"score":9,"maxScore":9,"error":0},"keyphraseInDescription":{"score":9,"maxScore":9,"error":0},"keyphraseLength":{"score":9,"maxScore":9,"error":0,"length":1},"keyphraseInURL":{"score":5,"maxScore":5,"error":0},"keyphraseInIntroduction":{"score":3,"maxScore":9,"error":1},"keyphraseInSubHeadings":{"score":9,"maxScore":9,"error":0},"keyphraseInImageAlt":{"score":9,"maxScore":9,"error":0},"keywordDensity":{"type":"best","score":9,"maxScore":9,"error":0}}},"additional":[]},"primary_term":null,"canonical_url":null,"og_title":null,"og_description":null,"og_object_type":"default","og_image_type":"default","og_image_url":null,"og_image_width":null,"og_image_height":null,"og_image_custom_url":null,"og_image_custom_fields":null,"og_video":"","og_custom_url":null,"og_article_section":null,"og_article_tags":null,"twitter_use_og":false,"twitter_card":"default","twitter_image_type":"default","twitter_image_url":null,"twitter_image_custom_url":null,"twitter_image_custom_fields":null,"twitter_title":null,"twitter_description":null,"schema":{"blockGraphs":[],"customGraphs":[],"default":{"data":{"Article":[],"Course":[],"Dataset":[],"FAQPage":[],"Movie":[],"Person":[],"Product":[],"ProductReview":[],"Car":[],"Recipe":[],"Service":[],"SoftwareApplication":[],"WebPage":[]},"graphName":"BlogPosting","isEnabled":true},"graphs":[]},"schema_type":"default","schema_type_options":null,"pillar_content":false,"robots_default":true,"robots_noindex":false,"robots_noarchive":false,"robots_nosnippet":false,"robots_nofollow":false,"robots_noimageindex":false,"robots_noodp":false,"robots_notranslate":false,"robots_max_snippet":"-1","robots_max_videopreview":"-1","robots_max_imagepreview":"large","priority":null,"frequency":"default","local_seo":null,"seo_analyzer_scan_date":"2025-10-08 21:47:08","breadcrumb_settings":null,"limit_modified_date":false,"reviewed_by":null,"open_ai":"{\"title\":{\"suggestions\":[],\"usage\":0},\"description\":{\"suggestions\":[],\"usage\":0}}","ai":null,"created":"2024-05-16 13:52:25","updated":"2026-02-04 11:50:05"},"aioseo_breadcrumb":"<div class=\"aioseo-breadcrumbs\"><span class=\"aioseo-breadcrumb\">\n\t<a href=\"https:\/\/soymigrante.com\/revista\" title=\"Home\">Home<\/a>\n<\/span><span class=\"aioseo-breadcrumb-separator\">\u00bb<\/span><span class=\"aioseo-breadcrumb\">\n\t<a href=\"https:\/\/soymigrante.com\/revista\/category\/estamos-unidos\/\" title=\"Estamos Unidos\">Estamos Unidos<\/a>\n<\/span><span class=\"aioseo-breadcrumb-separator\">\u00bb<\/span><span class=\"aioseo-breadcrumb\">\n\tUna Guatemala migrante vive, sue\u00f1a y florece en Chattanooga, Tennessee\n<\/span><\/div>","aioseo_breadcrumb_json":[{"label":"Home","link":"https:\/\/soymigrante.com\/revista"},{"label":"Estamos Unidos","link":"https:\/\/soymigrante.com\/revista\/category\/estamos-unidos\/"},{"label":"Una Guatemala migrante vive, sue\u00f1a y florece en Chattanooga, Tennessee","link":"https:\/\/soymigrante.com\/revista\/migrantes-guatemaltecos-chattanooga-tennessee-cronica-suenos\/"}],"_links":{"self":[{"href":"https:\/\/soymigrante.com\/revista\/wp-json\/wp\/v2\/posts\/6290","targetHints":{"allow":["GET"]}}],"collection":[{"href":"https:\/\/soymigrante.com\/revista\/wp-json\/wp\/v2\/posts"}],"about":[{"href":"https:\/\/soymigrante.com\/revista\/wp-json\/wp\/v2\/types\/post"}],"author":[{"embeddable":true,"href":"https:\/\/soymigrante.com\/revista\/wp-json\/wp\/v2\/users\/7"}],"replies":[{"embeddable":true,"href":"https:\/\/soymigrante.com\/revista\/wp-json\/wp\/v2\/comments?post=6290"}],"version-history":[{"count":0,"href":"https:\/\/soymigrante.com\/revista\/wp-json\/wp\/v2\/posts\/6290\/revisions"}],"wp:featuredmedia":[{"embeddable":true,"href":"https:\/\/soymigrante.com\/revista\/wp-json\/wp\/v2\/media\/6325"}],"wp:attachment":[{"href":"https:\/\/soymigrante.com\/revista\/wp-json\/wp\/v2\/media?parent=6290"}],"wp:term":[{"taxonomy":"category","embeddable":true,"href":"https:\/\/soymigrante.com\/revista\/wp-json\/wp\/v2\/categories?post=6290"},{"taxonomy":"post_tag","embeddable":true,"href":"https:\/\/soymigrante.com\/revista\/wp-json\/wp\/v2\/tags?post=6290"}],"curies":[{"name":"wp","href":"https:\/\/api.w.org\/{rel}","templated":true}]}}