{"id":6270,"date":"2024-05-06T12:05:38","date_gmt":"2024-05-06T18:05:38","guid":{"rendered":"https:\/\/soymigrante.com\/revista\/?p=6270"},"modified":"2024-05-17T08:56:58","modified_gmt":"2024-05-17T14:56:58","slug":"ley-antimigrantes-en-iowa-toma-vigencia-el-1-de-julio-2024","status":"publish","type":"post","link":"https:\/\/soymigrante.com\/revista\/ley-antimigrantes-en-iowa-toma-vigencia-el-1-de-julio-2024\/","title":{"rendered":"Ley antimigrantes en Iowa cobra vigencia el 1 de julio 2024"},"content":{"rendered":"\t\t<div data-elementor-type=\"wp-post\" data-elementor-id=\"6270\" class=\"elementor elementor-6270\" data-elementor-post-type=\"post\">\n\t\t\t\t\t\t<section data-particle_enable=\"false\" data-particle-mobile-disabled=\"false\" class=\"elementor-section elementor-top-section elementor-element elementor-element-d0c2078 elementor-section-boxed elementor-section-height-default elementor-section-height-default\" data-id=\"d0c2078\" data-element_type=\"section\" data-e-type=\"section\">\n\t\t\t\t\t\t<div class=\"elementor-container elementor-column-gap-default\">\n\t\t\t\t\t<div class=\"elementor-column elementor-col-100 elementor-top-column elementor-element elementor-element-eec7c53\" data-id=\"eec7c53\" data-element_type=\"column\" data-e-type=\"column\">\n\t\t\t<div class=\"elementor-widget-wrap elementor-element-populated\">\n\t\t\t\t\t\t<div class=\"elementor-element elementor-element-5de77cd elementor-widget elementor-widget-heading\" data-id=\"5de77cd\" data-element_type=\"widget\" data-e-type=\"widget\" data-widget_type=\"heading.default\">\n\t\t\t\t\t<h2 class=\"elementor-heading-title elementor-size-default\">El gobierno de Guatemala, por conducto del Ministerio de Relaciones Exteriores, debe expresar su preocupaci\u00f3n por la ley\nantimigrante SF-2340  en el estado de Iowa, Estados Unidos, en solidaridad con la comunidad guatemalteca.<\/h2>\t\t\t\t<\/div>\n\t\t\t\t\t<\/div>\n\t\t<\/div>\n\t\t\t\t\t<\/div>\n\t\t<\/section>\n\t\t\t\t<section data-particle_enable=\"false\" data-particle-mobile-disabled=\"false\" class=\"elementor-section elementor-top-section elementor-element elementor-element-9e70852 elementor-section-boxed elementor-section-height-default elementor-section-height-default\" data-id=\"9e70852\" data-element_type=\"section\" data-e-type=\"section\">\n\t\t\t\t\t\t<div class=\"elementor-container elementor-column-gap-default\">\n\t\t\t\t\t<div class=\"elementor-column elementor-col-100 elementor-top-column elementor-element elementor-element-6386e55\" data-id=\"6386e55\" data-element_type=\"column\" data-e-type=\"column\">\n\t\t\t<div class=\"elementor-widget-wrap elementor-element-populated\">\n\t\t\t\t\t\t<div class=\"elementor-element elementor-element-e8b70d6 elementor-widget elementor-widget-text-editor\" data-id=\"e8b70d6\" data-element_type=\"widget\" data-e-type=\"widget\" data-widget_type=\"text-editor.default\">\n\t\t\t\t\t\t\t\t\t<p><b>Por Fernando Castro, analista migratorio<\/b><\/p>\t\t\t\t\t\t\t\t<\/div>\n\t\t\t\t\t<\/div>\n\t\t<\/div>\n\t\t\t\t\t<\/div>\n\t\t<\/section>\n\t\t\t\t<section data-particle_enable=\"false\" data-particle-mobile-disabled=\"false\" class=\"elementor-section elementor-top-section elementor-element elementor-element-8c6ba33 elementor-section-boxed elementor-section-height-default elementor-section-height-default\" data-id=\"8c6ba33\" data-element_type=\"section\" data-e-type=\"section\">\n\t\t\t\t\t\t<div class=\"elementor-container elementor-column-gap-default\">\n\t\t\t\t\t<div class=\"elementor-column elementor-col-100 elementor-top-column elementor-element elementor-element-46f8e66\" data-id=\"46f8e66\" data-element_type=\"column\" data-e-type=\"column\">\n\t\t\t<div class=\"elementor-widget-wrap elementor-element-populated\">\n\t\t\t\t\t\t<div class=\"elementor-element elementor-element-a77688c elementor-widget elementor-widget-text-editor\" data-id=\"a77688c\" data-element_type=\"widget\" data-e-type=\"widget\" data-widget_type=\"text-editor.default\">\n\t\t\t\t\t\t\t\t\t<p>La ley antimigrante SF2340, aprobada por el senado de Iowa, entrar\u00e1 en vigencia el pr\u00f3ximo 1 de julio y\u00a0afectar\u00e1 a muchos guatemaltecos indocumentados, a pesar de que trabajan, tributan y aportan a dicho Estado. El gobierno de Guatemala deber\u00eda manifestar su desacuerdo con tal normativa.<\/p><p>Dicha legislaci\u00f3n clasificar\u00e1 como delito grave el reingreso de indocumentados o la permanencia en dicho estado despu\u00e9s de la negaci\u00f3n de un documento de\u00a0<span style=\"color: var( --e-global-color-text );\">permanencia por autoridades migratorias de Estados Unidos.<\/span><\/p><p><span style=\"color: var( --e-global-color-text );\">La ley busca la criminalizaci\u00f3n de la poblaci\u00f3n migrante, ya que permitir\u00e1 a oficiales de procuraci\u00f3n\u00a0<\/span><span style=\"color: var( --e-global-color-text );\">de justicia a niveles local y estatal arrestar a personas inmigrantes por estancia en EEUU de forma Indocumentada, y posibilita a los jueces del estado a ordenar deportaciones. Este tipo de leyes propicia los estereotipos raciales.<\/span><\/p><p style=\"text-align: justify;\"><span style=\"color: var( --e-global-color-text );\">Se han efectuado varias manifestaciones de migrantes hispanos en contra de esta ley. El 12 de abril, el Ministerio de Relaciones Exteriores de Guatemalae emiti\u00f3 un comunicado seg\u00fan el cual expresa\u00a0<\/span><span style=\"color: var( --e-global-color-text );\">&#8220;su preocupaci\u00f3n por la aprobaci\u00f3n de la ley SF 2340 firmada por la Gobernadora del Estado de Iowa, Kim Reynolds, el 10 de abril y que entrar\u00e1 en vigor a partir del pr\u00f3ximo 1 de julio de este a\u00f1o&#8221;<\/span><span style=\"color: var( --e-global-color-text );\">\u00a0<\/span><\/p>\t\t\t\t\t\t\t\t<\/div>\n\t\t\t\t\t<\/div>\n\t\t<\/div>\n\t\t\t\t\t<\/div>\n\t\t<\/section>\n\t\t\t\t<section data-particle_enable=\"false\" data-particle-mobile-disabled=\"false\" class=\"elementor-section elementor-top-section elementor-element elementor-element-ec10694 elementor-section-boxed elementor-section-height-default elementor-section-height-default\" data-id=\"ec10694\" data-element_type=\"section\" data-e-type=\"section\">\n\t\t\t\t\t\t<div class=\"elementor-container elementor-column-gap-default\">\n\t\t\t\t\t<div class=\"elementor-column elementor-col-100 elementor-top-column elementor-element elementor-element-904df33\" data-id=\"904df33\" data-element_type=\"column\" data-e-type=\"column\">\n\t\t\t<div class=\"elementor-widget-wrap elementor-element-populated\">\n\t\t\t\t\t\t<div class=\"elementor-element elementor-element-b24dba9 elementor-widget elementor-widget-html\" data-id=\"b24dba9\" data-element_type=\"widget\" data-e-type=\"widget\" data-widget_type=\"html.default\">\n\t\t\t\t\t<blockquote class=\"twitter-tweet\"><p lang=\"en\" dir=\"ltr\">Iowa Latinos are holding a vigil outside of the Iowa Capitol to protest SF2430, a new law that targets undocumented migrants.<br><br>Simultaneous rallies are also taking place on Davenport, Iowa City and Waterloo. <a href=\"https:\/\/t.co\/g8HO1KcmLf\">pic.twitter.com\/g8HO1KcmLf<\/a><\/p>&mdash; Ty Rushing (@Rushthewriter) <a href=\"https:\/\/twitter.com\/Rushthewriter\/status\/1785821038439280733?ref_src=twsrc%5Etfw\">May 1, 2024<\/a><\/blockquote> <script async src=\"https:\/\/platform.twitter.com\/widgets.js\" charset=\"utf-8\"><\/script>\t\t\t\t<\/div>\n\t\t\t\t\t<\/div>\n\t\t<\/div>\n\t\t\t\t\t<\/div>\n\t\t<\/section>\n\t\t\t\t<section data-particle_enable=\"false\" data-particle-mobile-disabled=\"false\" class=\"elementor-section elementor-top-section elementor-element elementor-element-e52b970 elementor-section-boxed elementor-section-height-default elementor-section-height-default\" data-id=\"e52b970\" data-element_type=\"section\" data-e-type=\"section\">\n\t\t\t\t\t\t<div class=\"elementor-container elementor-column-gap-default\">\n\t\t\t\t\t<div class=\"elementor-column elementor-col-100 elementor-top-column elementor-element elementor-element-76e5404\" data-id=\"76e5404\" data-element_type=\"column\" data-e-type=\"column\">\n\t\t\t<div class=\"elementor-widget-wrap elementor-element-populated\">\n\t\t\t\t\t\t<div class=\"elementor-element elementor-element-674f44e elementor-widget elementor-widget-heading\" data-id=\"674f44e\" data-element_type=\"widget\" data-e-type=\"widget\" data-widget_type=\"heading.default\">\n\t\t\t\t\t<h3 class=\"elementor-heading-title elementor-size-default\">Leyes antimigrantes en varios estados<\/h3>\t\t\t\t<\/div>\n\t\t\t\t\t<\/div>\n\t\t<\/div>\n\t\t\t\t\t<\/div>\n\t\t<\/section>\n\t\t\t\t<section data-particle_enable=\"false\" data-particle-mobile-disabled=\"false\" class=\"elementor-section elementor-top-section elementor-element elementor-element-2aa3bc0 elementor-section-boxed elementor-section-height-default elementor-section-height-default\" data-id=\"2aa3bc0\" data-element_type=\"section\" data-e-type=\"section\">\n\t\t\t\t\t\t<div class=\"elementor-container elementor-column-gap-default\">\n\t\t\t\t\t<div class=\"elementor-column elementor-col-100 elementor-top-column elementor-element elementor-element-6c72fd9\" data-id=\"6c72fd9\" data-element_type=\"column\" data-e-type=\"column\">\n\t\t\t<div class=\"elementor-widget-wrap elementor-element-populated\">\n\t\t\t\t\t\t<div class=\"elementor-element elementor-element-d54d6c5 elementor-widget elementor-widget-text-editor\" data-id=\"d54d6c5\" data-element_type=\"widget\" data-e-type=\"widget\" data-widget_type=\"text-editor.default\">\n\t\t\t\t\t\t\t\t\t<p>Castro se\u00f1ala que la ley antimigrante de Iowa se basa en una similar de Texas. Ambas han sido impugnadas por el gobierno federal, pero a\u00fan as\u00ed los gobiernos estatales buscan continuar con esas normativas. <a href=\"https:\/\/soymigrante.com\/revista\/temor-y-rechazo-genera-proyecto-de-ley-antimigrantes-de-oklahoma\/\">En Oklahoma fue aprobada una norma antimigrante recientemente, a pesar del aporte de la comunidad hispana.<\/a>\u00a0As\u00ed tambi\u00e9n<a href=\"https:\/\/soymigrante.com\/revista\/ley-antimigrantes-en-florida-no-solo-es-una-vienen-tres-mas\/\"> en Florida se impusieron nuevas restricciones contra los migrantes.<\/a><\/p><p><span style=\"color: var( --e-global-color-text );\">El Ministerio de Relaciones Exteriores debe poner en marcha medidas de prevenci\u00f3n e informaci\u00f3n para que los guatemaltecos conozcan sus derechos y las herramientas de asistencia y asesor\u00eda legal a que pueden recurrir en organizaciones pro migrantes y\/ o realizar convenios.<\/span><\/p><p><span style=\"color: var( --e-global-color-text );\">La canciller\u00eda debe redoblar reuniones con autoridades y agrupaciones de derechos civiles pro migrantes y universidades para reforzar la presencia en el estado y con ello brindar asesor\u00eda legal gratuita mediante abogados\u00a0 con apoyo de aliados locales.\u00a0<\/span><span style=\"color: var( --e-global-color-text );\">A la vez un centro de informaci\u00f3n deber\u00e1 crearse para asesorar, el cual tendr\u00eda que estar disponible las 24 ahoras, a fin de proveer informaci\u00f3n\u00a0<\/span><span style=\"color: var( --e-global-color-text );\">informaci\u00f3n oficial, segura y confiable para evitar estafas.<\/span><\/p><p><span style=\"color: var( --e-global-color-text );\">En Iowa no hay consulado guatemalteco, por lo cual los connacionales de dicho Estado pueden acudir al Consulado de Guatemala en Omaha, Nebraska.\u00a0<\/span><\/p>\t\t\t\t\t\t\t\t<\/div>\n\t\t\t\t\t<\/div>\n\t\t<\/div>\n\t\t\t\t\t<\/div>\n\t\t<\/section>\n\t\t\t\t<section data-particle_enable=\"false\" data-particle-mobile-disabled=\"false\" class=\"elementor-section elementor-top-section elementor-element elementor-element-3632e88 elementor-section-boxed elementor-section-height-default elementor-section-height-default\" data-id=\"3632e88\" data-element_type=\"section\" data-e-type=\"section\">\n\t\t\t\t\t\t<div class=\"elementor-container elementor-column-gap-default\">\n\t\t\t\t\t<div class=\"elementor-column elementor-col-100 elementor-top-column elementor-element elementor-element-5dc8bcd\" data-id=\"5dc8bcd\" data-element_type=\"column\" data-e-type=\"column\">\n\t\t\t<div class=\"elementor-widget-wrap elementor-element-populated\">\n\t\t\t\t\t\t<div class=\"elementor-element elementor-element-6e22709 elementor-widget elementor-widget-facebook-embed\" data-id=\"6e22709\" data-element_type=\"widget\" data-e-type=\"widget\" data-widget_type=\"facebook-embed.default\">\n\t\t\t\t\t<div style=\"min-height: 1px\" class=\"elementor-facebook-widget fb-video\" data-href=\"https:\/\/www.facebook.com\/eltrueque\/videos\/1162182315212146\" data-show-text=\"false\" data-allowfullscreen=\"false\" data-autoplay=\"false\" data-show-captions=\"false\"><\/div>\t\t\t\t<\/div>\n\t\t\t\t\t<\/div>\n\t\t<\/div>\n\t\t\t\t\t<\/div>\n\t\t<\/section>\n\t\t\t\t<section data-particle_enable=\"false\" data-particle-mobile-disabled=\"false\" class=\"elementor-section elementor-top-section elementor-element elementor-element-a1f93f3 elementor-section-boxed elementor-section-height-default elementor-section-height-default\" data-id=\"a1f93f3\" data-element_type=\"section\" data-e-type=\"section\">\n\t\t\t\t\t\t<div class=\"elementor-container elementor-column-gap-default\">\n\t\t\t\t\t<div class=\"elementor-column elementor-col-100 elementor-top-column elementor-element elementor-element-bf9054c\" data-id=\"bf9054c\" data-element_type=\"column\" data-e-type=\"column\">\n\t\t\t<div class=\"elementor-widget-wrap elementor-element-populated\">\n\t\t\t\t\t\t<div class=\"elementor-element elementor-element-239093d elementor-grid-eael-col-1 elementor-grid-tablet-eael-col-2 elementor-grid-mobile-eael-col-1 elementor-widget elementor-widget-eael-post-grid\" data-id=\"239093d\" data-element_type=\"widget\" data-e-type=\"widget\" data-settings=\"{&quot;eael_post_grid_columns&quot;:&quot;eael-col-1&quot;,&quot;eael_post_grid_columns_tablet&quot;:&quot;eael-col-2&quot;,&quot;eael_post_grid_columns_mobile&quot;:&quot;eael-col-1&quot;}\" data-widget_type=\"eael-post-grid.default\">\n\t\t\t\t\t<div id=\"eael-post-grid-239093d\" class=\"eael-post-grid-container\">\n            <div class=\"eael-post-grid eael-post-appender eael-post-appender-239093d eael-post-grid-style-one\" data-layout-mode=\"masonry\"><article class=\"eael-grid-post  eael-post-grid-column eael-pg-post-5492 category-recursos-migratorios\" data-id=\"5492\">\n        <div class=\"eael-grid-post-holder\">\n            <div class=\"eael-grid-post-holder-inner\"><div class=\"eael-entry-media\"><div class=\"eael-entry-overlay fade-in\"><i class=\"far fa-hand-pointer\" aria-hidden=\"true\"><\/i><a href=\"https:\/\/soymigrante.com\/revista\/consulado-de-guatemala-en-nebraska\/\"><\/a><\/div><div class=\"eael-entry-thumbnail \">\n                <img decoding=\"async\" width=\"300\" height=\"153\" src=\"https:\/\/soymigrante.com\/revista\/wp-content\/uploads\/2024\/03\/CONSULADO-DE-GUATEMALA-EN-NEBRASKA--300x153.webp\" class=\"attachment-medium size-medium wp-image-5493\" alt=\"CONSULADO DE GUATEMALA EN NEBRASKA\" srcset=\"https:\/\/soymigrante.com\/revista\/wp-content\/uploads\/2024\/03\/CONSULADO-DE-GUATEMALA-EN-NEBRASKA--300x153.webp 300w, https:\/\/soymigrante.com\/revista\/wp-content\/uploads\/2024\/03\/CONSULADO-DE-GUATEMALA-EN-NEBRASKA--1024x522.webp 1024w, https:\/\/soymigrante.com\/revista\/wp-content\/uploads\/2024\/03\/CONSULADO-DE-GUATEMALA-EN-NEBRASKA--768x392.webp 768w, https:\/\/soymigrante.com\/revista\/wp-content\/uploads\/2024\/03\/CONSULADO-DE-GUATEMALA-EN-NEBRASKA--1536x783.webp 1536w, https:\/\/soymigrante.com\/revista\/wp-content\/uploads\/2024\/03\/CONSULADO-DE-GUATEMALA-EN-NEBRASKA--750x383.webp 750w, https:\/\/soymigrante.com\/revista\/wp-content\/uploads\/2024\/03\/CONSULADO-DE-GUATEMALA-EN-NEBRASKA--1140x581.webp 1140w, https:\/\/soymigrante.com\/revista\/wp-content\/uploads\/2024\/03\/CONSULADO-DE-GUATEMALA-EN-NEBRASKA-.webp 1600w\" sizes=\"(max-width: 300px) 100vw, 300px\" \/>\n            <\/div>\n        <\/div><div class=\"eael-entry-wrapper\"><header class=\"eael-entry-header\"><h2 class=\"eael-entry-title\"><a class=\"eael-grid-post-link\" href=\"https:\/\/soymigrante.com\/revista\/consulado-de-guatemala-en-nebraska\/\" title=\"Consulado de Guatemala en Nebraska: ubicaci\u00f3n y horario\">Consulado de Guatemala en Nebraska: ubicaci\u00f3n y horario<\/a><\/h2><\/header><div class=\"eael-entry-content\">\n                        <div class=\"eael-grid-post-excerpt\"><p>En Omaha, Nebraska, EE. UU., Guatemala instal\u00f3 en el 2023...<\/p><a href=\"https:\/\/soymigrante.com\/revista\/consulado-de-guatemala-en-nebraska\/\" class=\"eael-post-elements-readmore-btn\">Leer m\u00e1s<\/a><\/div>\n                    <\/div><\/div><\/div>\n        <\/div>\n    <\/article><\/div>\n            <div class=\"clearfix\"><\/div>\n        <\/div>\t\t\t\t<\/div>\n\t\t\t\t\t<\/div>\n\t\t<\/div>\n\t\t\t\t\t<\/div>\n\t\t<\/section>\n\t\t\t\t<section data-particle_enable=\"false\" data-particle-mobile-disabled=\"false\" class=\"elementor-section elementor-top-section elementor-element elementor-element-5467e99 elementor-section-boxed elementor-section-height-default elementor-section-height-default\" data-id=\"5467e99\" data-element_type=\"section\" data-e-type=\"section\">\n\t\t\t\t\t\t<div class=\"elementor-container elementor-column-gap-default\">\n\t\t\t\t\t<div class=\"elementor-column elementor-col-100 elementor-top-column elementor-element elementor-element-603eab0\" data-id=\"603eab0\" data-element_type=\"column\" data-e-type=\"column\">\n\t\t\t<div class=\"elementor-widget-wrap elementor-element-populated\">\n\t\t\t\t\t\t<div class=\"elementor-element elementor-element-5964bcb elementor-widget elementor-widget-heading\" data-id=\"5964bcb\" data-element_type=\"widget\" data-e-type=\"widget\" data-widget_type=\"heading.default\">\n\t\t\t\t\t<h2 class=\"elementor-heading-title elementor-size-default\">Estados emiten leyes antimigrantes <\/h2>\t\t\t\t<\/div>\n\t\t\t\t\t<\/div>\n\t\t<\/div>\n\t\t\t\t\t<\/div>\n\t\t<\/section>\n\t\t\t\t<section data-particle_enable=\"false\" data-particle-mobile-disabled=\"false\" class=\"elementor-section elementor-top-section elementor-element elementor-element-4820917 elementor-section-boxed elementor-section-height-default elementor-section-height-default\" data-id=\"4820917\" data-element_type=\"section\" data-e-type=\"section\">\n\t\t\t\t\t\t<div class=\"elementor-container elementor-column-gap-default\">\n\t\t\t\t\t<div class=\"elementor-column elementor-col-100 elementor-top-column elementor-element elementor-element-2c2b739\" data-id=\"2c2b739\" data-element_type=\"column\" data-e-type=\"column\">\n\t\t\t<div class=\"elementor-widget-wrap elementor-element-populated\">\n\t\t\t\t\t\t<div class=\"elementor-element elementor-element-862125a elementor-grid-eael-col-2 elementor-grid-tablet-eael-col-2 elementor-grid-mobile-eael-col-1 elementor-widget elementor-widget-eael-post-grid\" data-id=\"862125a\" data-element_type=\"widget\" data-e-type=\"widget\" data-settings=\"{&quot;eael_post_grid_columns&quot;:&quot;eael-col-2&quot;,&quot;eael_post_grid_columns_tablet&quot;:&quot;eael-col-2&quot;,&quot;eael_post_grid_columns_mobile&quot;:&quot;eael-col-1&quot;}\" data-widget_type=\"eael-post-grid.default\">\n\t\t\t\t\t<div id=\"eael-post-grid-862125a\" class=\"eael-post-grid-container\">\n            <div class=\"eael-post-grid eael-post-appender eael-post-appender-862125a eael-post-grid-style-one\" data-layout-mode=\"masonry\"><article class=\"eael-grid-post  eael-post-grid-column eael-pg-post-6217 category-estamos-unidos\" data-id=\"6217\">\n        <div class=\"eael-grid-post-holder\">\n            <div class=\"eael-grid-post-holder-inner\"><div class=\"eael-entry-media\"><div class=\"eael-entry-overlay fade-in\"><i class=\"fas fa-long-arrow-alt-right\" aria-hidden=\"true\"><\/i><a href=\"https:\/\/soymigrante.com\/revista\/temor-y-rechazo-genera-proyecto-de-ley-antimigrantes-de-oklahoma\/\"><\/a><\/div><div class=\"eael-entry-thumbnail \">\n                <img fetchpriority=\"high\" decoding=\"async\" width=\"300\" height=\"205\" src=\"https:\/\/soymigrante.com\/revista\/wp-content\/uploads\/2024\/04\/foto-aracely-lopez-fb-300x205.webp\" class=\"attachment-medium size-medium wp-image-6218\" alt=\"Manifestaci\u00f3n de inmigrantes frente a un edificio gubernamental, promoviendo derechos y apoyo para estudiantes inmigrantes en EE.UU. y M\u00e9xico, en el contexto de la revista SoyMigrante.com REVISTA.\" srcset=\"https:\/\/soymigrante.com\/revista\/wp-content\/uploads\/2024\/04\/foto-aracely-lopez-fb-300x205.webp 300w, https:\/\/soymigrante.com\/revista\/wp-content\/uploads\/2024\/04\/foto-aracely-lopez-fb-1024x701.webp 1024w, https:\/\/soymigrante.com\/revista\/wp-content\/uploads\/2024\/04\/foto-aracely-lopez-fb-768x526.webp 768w, https:\/\/soymigrante.com\/revista\/wp-content\/uploads\/2024\/04\/foto-aracely-lopez-fb-750x513.webp 750w, https:\/\/soymigrante.com\/revista\/wp-content\/uploads\/2024\/04\/foto-aracely-lopez-fb-1140x780.webp 1140w, https:\/\/soymigrante.com\/revista\/wp-content\/uploads\/2024\/04\/foto-aracely-lopez-fb.webp 1147w\" sizes=\"(max-width: 300px) 100vw, 300px\" \/>\n            <\/div>\n        <\/div><div class=\"eael-entry-wrapper\"><header class=\"eael-entry-header\"><h2 class=\"eael-entry-title\"><a class=\"eael-grid-post-link\" href=\"https:\/\/soymigrante.com\/revista\/temor-y-rechazo-genera-proyecto-de-ley-antimigrantes-de-oklahoma\/\" title=\"Hispanos se unen para expresar rechazo a ley antimigrantes de Oklahoma\">Hispanos se unen para expresar rechazo a ley antimigrantes de Oklahoma<\/a><\/h2><\/header><div class=\"eael-entry-content\">\n                        <div class=\"eael-grid-post-excerpt\"><p>Gobernador de Oklahoma debe decidir si aprueba la Ley 4156,...<\/p><a href=\"https:\/\/soymigrante.com\/revista\/temor-y-rechazo-genera-proyecto-de-ley-antimigrantes-de-oklahoma\/\" class=\"eael-post-elements-readmore-btn\">Leer m\u00e1s<\/a><\/div>\n                    <\/div><\/div><\/div>\n        <\/div>\n    <\/article><article class=\"eael-grid-post  eael-post-grid-column eael-pg-post-6058 category-lugar-de-voces\" data-id=\"6058\">\n        <div class=\"eael-grid-post-holder\">\n            <div class=\"eael-grid-post-holder-inner\"><div class=\"eael-entry-media\"><div class=\"eael-entry-overlay fade-in\"><i class=\"fas fa-long-arrow-alt-right\" aria-hidden=\"true\"><\/i><a href=\"https:\/\/soymigrante.com\/revista\/ley-antimigrantes-en-florida-no-solo-es-una-vienen-tres-mas\/\"><\/a><\/div><div class=\"eael-entry-thumbnail \">\n                <img decoding=\"async\" width=\"300\" height=\"219\" src=\"https:\/\/soymigrante.com\/revista\/wp-content\/uploads\/2024\/04\/carros-300x219.webp\" class=\"attachment-medium size-medium wp-image-6060\" alt=\"Accidente de tr\u00e1fico con sirenas policiales en la noche en una ciudad. Veh\u00edculos de emergencia con luces azules y rojas activadas en una escena de accidente vial.\" srcset=\"https:\/\/soymigrante.com\/revista\/wp-content\/uploads\/2024\/04\/carros-300x219.webp 300w, https:\/\/soymigrante.com\/revista\/wp-content\/uploads\/2024\/04\/carros-1024x746.webp 1024w, https:\/\/soymigrante.com\/revista\/wp-content\/uploads\/2024\/04\/carros-768x560.webp 768w, https:\/\/soymigrante.com\/revista\/wp-content\/uploads\/2024\/04\/carros-750x547.webp 750w, https:\/\/soymigrante.com\/revista\/wp-content\/uploads\/2024\/04\/carros-1140x831.webp 1140w, https:\/\/soymigrante.com\/revista\/wp-content\/uploads\/2024\/04\/carros.webp 1147w\" sizes=\"(max-width: 300px) 100vw, 300px\" \/>\n            <\/div>\n        <\/div><div class=\"eael-entry-wrapper\"><header class=\"eael-entry-header\"><h2 class=\"eael-entry-title\"><a class=\"eael-grid-post-link\" href=\"https:\/\/soymigrante.com\/revista\/ley-antimigrantes-en-florida-no-solo-es-una-vienen-tres-mas\/\" title=\"Ley antimigrantes en Florida: no solo es una, vienen tres m\u00e1s\">Ley antimigrantes en Florida: no solo es una, vienen tres m\u00e1s<\/a><\/h2><\/header><div class=\"eael-entry-content\">\n                        <div class=\"eael-grid-post-excerpt\"><p>Desde 2023 rige existe la HB1718, pero no es la...<\/p><a href=\"https:\/\/soymigrante.com\/revista\/ley-antimigrantes-en-florida-no-solo-es-una-vienen-tres-mas\/\" class=\"eael-post-elements-readmore-btn\">Leer m\u00e1s<\/a><\/div>\n                    <\/div><\/div><\/div>\n        <\/div>\n    <\/article><\/div>\n            <div class=\"clearfix\"><\/div>\n        <\/div>\t\t\t\t<\/div>\n\t\t\t\t\t<\/div>\n\t\t<\/div>\n\t\t\t\t\t<\/div>\n\t\t<\/section>\n\t\t\t\t<\/div>\n\t\t","protected":false},"excerpt":{"rendered":"<p>El gobierno de Guatemala, por conducto del Ministerio de Relaciones Exteriores, debe expresar su preocupaci\u00f3n por la ley antimigrante SF-2340 en el estado de Iowa, Estados Unidos, en solidaridad con la comunidad guatemalteca. Por Fernando Castro, analista migratorio La ley antimigrante SF2340, aprobada por el senado de Iowa, entrar\u00e1 en vigencia el pr\u00f3ximo 1 de [&hellip;]<\/p>\n","protected":false},"author":7,"featured_media":6273,"comment_status":"open","ping_status":"open","sticky":false,"template":"","format":"standard","meta":{"_acf_changed":true,"_eb_attr":"","footnotes":""},"categories":[54],"tags":[],"class_list":["post-6270","post","type-post","status-publish","format-standard","has-post-thumbnail","hentry","category-estamos-unidos"],"acf":[],"aioseo_notices":[],"aioseo_head":"\n\t\t<!-- All in One SEO Pro 4.9.6.2 - aioseo.com -->\n\t<meta name=\"description\" content=\"Desde 2023 rige existe la HB1718, pero no es la \u00fanica ley antimigrantes en Florida: hay otras tres que cobrar\u00e1n vigencia en 2024. De qu\u00e9 se trata cada una de esas leyes, cu\u00e1ndo entra en vigencia y m\u00e1s en este an\u00e1lisis. Por Fernando Castro, experto guatemalteco en temas migratorios Lamentablemente no existe mayor divulgaci\u00f3n por\" \/>\n\t<meta name=\"robots\" content=\"max-snippet:-1, max-image-preview:large, max-video-preview:-1\" \/>\n\t<meta name=\"author\" content=\"Gustavo Montenegro\"\/>\n\t<link rel=\"canonical\" href=\"https:\/\/soymigrante.com\/revista\/ley-antimigrantes-en-iowa-toma-vigencia-el-1-de-julio-2024\/\" \/>\n\t<meta name=\"generator\" content=\"All in One SEO Pro (AIOSEO) 4.9.6.2\" \/>\n\n\t\t<link rel=\"preconnect\" href=\"https:\/\/fonts.googleapis.com\" crossorigin>\n<link rel=\"preconnect\" href=\"https:\/\/fonts.gstatic.com\" crossorigin>\n\t\t<meta property=\"og:locale\" content=\"es_ES\" \/>\n\t\t<meta property=\"og:site_name\" content=\"SoyMigrante.com REVISTA \u2013 Nuestra misi\u00f3n es reconocer y dignificar al migrante.\" \/>\n\t\t<meta property=\"og:type\" content=\"article\" \/>\n\t\t<meta property=\"og:title\" content=\"Ley antimigrantes en Iowa cobra vigencia el 1 de julio 2024\" \/>\n\t\t<meta property=\"og:description\" content=\"El gobierno de Guatemala, por conducto del Ministerio de Relaciones Exteriores, debe expresar su preocupaci\u00f3n por la leyantimigrante SF-2340\" \/>\n\t\t<meta property=\"og:url\" content=\"https:\/\/soymigrante.com\/revista\/ley-antimigrantes-en-iowa-toma-vigencia-el-1-de-julio-2024\/\" \/>\n\t\t<meta property=\"og:image\" content=\"https:\/\/soymigrante.com\/revista\/wp-content\/uploads\/2024\/05\/stop.webp\" \/>\n\t\t<meta property=\"og:image:secure_url\" content=\"https:\/\/soymigrante.com\/revista\/wp-content\/uploads\/2024\/05\/stop.webp\" \/>\n\t\t<meta property=\"og:image:width\" content=\"842\" \/>\n\t\t<meta property=\"og:image:height\" content=\"656\" \/>\n\t\t<meta property=\"article:published_time\" content=\"2024-05-06T18:05:38+00:00\" \/>\n\t\t<meta property=\"article:modified_time\" content=\"2024-05-17T14:56:58+00:00\" \/>\n\t\t<meta property=\"article:publisher\" content=\"https:\/\/www.facebook.com\/soymigrantecom\" \/>\n\t\t<meta name=\"twitter:card\" content=\"summary_large_image\" \/>\n\t\t<meta name=\"twitter:site\" content=\"@SoyMigrante_com\" \/>\n\t\t<meta name=\"twitter:title\" content=\"Ley antimigrantes en Iowa cobra vigencia el 1 de julio 2024\" \/>\n\t\t<meta name=\"twitter:description\" content=\"El gobierno de Guatemala, por conducto del Ministerio de Relaciones Exteriores, debe expresar su preocupaci\u00f3n por la leyantimigrante SF-2340\" \/>\n\t\t<meta name=\"twitter:creator\" content=\"@SoyMigrante_com\" \/>\n\t\t<meta name=\"twitter:image\" content=\"https:\/\/soymigrante.com\/revista\/wp-content\/uploads\/2024\/05\/stop.webp\" \/>\n\t\t<!-- All in One SEO Pro -->\r\n\t\t<title>Ley antimigrantes en Iowa cobra vigencia el 1 de julio 2024<\/title>\n\n","aioseo_head_json":{"title":"Ley antimigrantes en Iowa cobra vigencia el 1 de julio 2024","description":"El gobierno de Guatemala, por conducto del Ministerio de Relaciones Exteriores, debe expresar su preocupaci\u00f3n por la leyantimigrante SF-2340","canonical_url":"https:\/\/soymigrante.com\/revista\/ley-antimigrantes-en-iowa-toma-vigencia-el-1-de-julio-2024\/","robots":"max-snippet:-1, max-image-preview:large, max-video-preview:-1","keywords":"","webmasterTools":{"miscellaneous":"&lt;link rel=\"preconnect\" href=\"https:\/\/fonts.googleapis.com\" crossorigin&gt;\n&lt;link rel=\"preconnect\" href=\"https:\/\/fonts.gstatic.com\" crossorigin&gt;"},"schema":null,"og:locale":"es_ES","og:site_name":"SoyMigrante.com REVISTA \u2013 Nuestra misi\u00f3n es reconocer y dignificar al migrante.","og:type":"article","og:title":"Ley antimigrantes en Iowa cobra vigencia el 1 de julio 2024","og:description":"El gobierno de Guatemala, por conducto del Ministerio de Relaciones Exteriores, debe expresar su preocupaci\u00f3n por la leyantimigrante SF-2340","og:url":"https:\/\/soymigrante.com\/revista\/ley-antimigrantes-en-iowa-toma-vigencia-el-1-de-julio-2024\/","og:image":"https:\/\/soymigrante.com\/revista\/wp-content\/uploads\/2024\/05\/stop.webp","og:image:secure_url":"https:\/\/soymigrante.com\/revista\/wp-content\/uploads\/2024\/05\/stop.webp","og:image:width":842,"og:image:height":656,"article:published_time":"2024-05-06T18:05:38+00:00","article:modified_time":"2024-05-17T14:56:58+00:00","article:publisher":"https:\/\/www.facebook.com\/soymigrantecom","twitter:card":"summary_large_image","twitter:site":"@SoyMigrante_com","twitter:title":"Ley antimigrantes en Iowa cobra vigencia el 1 de julio 2024","twitter:description":"El gobierno de Guatemala, por conducto del Ministerio de Relaciones Exteriores, debe expresar su preocupaci\u00f3n por la leyantimigrante SF-2340","twitter:creator":"@SoyMigrante_com","twitter:image":"https:\/\/soymigrante.com\/revista\/wp-content\/uploads\/2024\/05\/stop.webp"},"aioseo_meta_data":{"post_id":"6270","title":null,"description":"El gobierno de Guatemala, por conducto del Ministerio de Relaciones Exteriores, debe expresar su preocupaci\u00f3n por la leyantimigrante SF-2340","keywords":null,"keyphrases":{"focus":{"keyphrase":"antimigrantes ","score":74,"analysis":{"keyphraseInTitle":{"score":9,"maxScore":9,"error":0},"keyphraseInDescription":{"score":3,"maxScore":9,"error":1},"keyphraseLength":{"score":9,"maxScore":9,"error":0,"length":1},"keyphraseInURL":{"score":5,"maxScore":5,"error":0},"keyphraseInIntroduction":{"score":3,"maxScore":9,"error":1},"keyphraseInSubHeadings":{"score":3,"maxScore":9,"error":1},"keyphraseInImageAlt":{"score":9,"maxScore":9,"error":0},"keywordDensity":{"type":"best","score":9,"maxScore":9,"error":0}}},"additional":[]},"primary_term":null,"canonical_url":null,"og_title":null,"og_description":null,"og_object_type":"default","og_image_type":"default","og_image_url":null,"og_image_width":null,"og_image_height":null,"og_image_custom_url":null,"og_image_custom_fields":null,"og_video":"","og_custom_url":null,"og_article_section":null,"og_article_tags":null,"twitter_use_og":false,"twitter_card":"default","twitter_image_type":"default","twitter_image_url":null,"twitter_image_custom_url":null,"twitter_image_custom_fields":null,"twitter_title":null,"twitter_description":null,"schema":{"blockGraphs":[],"customGraphs":[],"default":{"data":{"Article":[],"Course":[],"Dataset":[],"FAQPage":[],"Movie":[],"Person":[],"Product":[],"ProductReview":[],"Car":[],"Recipe":[],"Service":[],"SoftwareApplication":[],"WebPage":[]},"graphName":"BlogPosting","isEnabled":true},"graphs":[]},"schema_type":"default","schema_type_options":null,"pillar_content":false,"robots_default":true,"robots_noindex":false,"robots_noarchive":false,"robots_nosnippet":false,"robots_nofollow":false,"robots_noimageindex":false,"robots_noodp":false,"robots_notranslate":false,"robots_max_snippet":"-1","robots_max_videopreview":"-1","robots_max_imagepreview":"large","priority":null,"frequency":"default","local_seo":null,"seo_analyzer_scan_date":"2025-10-08 21:45:16","breadcrumb_settings":null,"limit_modified_date":false,"reviewed_by":null,"open_ai":"{\"title\":{\"suggestions\":[],\"usage\":0},\"description\":{\"suggestions\":[],\"usage\":0}}","ai":null,"created":"2024-05-16 13:50:26","updated":"2026-02-04 11:21:08"},"aioseo_breadcrumb":"<div class=\"aioseo-breadcrumbs\"><span class=\"aioseo-breadcrumb\">\n\t<a href=\"https:\/\/soymigrante.com\/revista\" title=\"Home\">Home<\/a>\n<\/span><span class=\"aioseo-breadcrumb-separator\">\u00bb<\/span><span class=\"aioseo-breadcrumb\">\n\t<a href=\"https:\/\/soymigrante.com\/revista\/category\/estamos-unidos\/\" title=\"Estamos Unidos\">Estamos Unidos<\/a>\n<\/span><span class=\"aioseo-breadcrumb-separator\">\u00bb<\/span><span class=\"aioseo-breadcrumb\">\n\tLey antimigrantes en Iowa cobra vigencia el 1 de julio 2024\n<\/span><\/div>","aioseo_breadcrumb_json":[{"label":"Home","link":"https:\/\/soymigrante.com\/revista"},{"label":"Estamos Unidos","link":"https:\/\/soymigrante.com\/revista\/category\/estamos-unidos\/"},{"label":"Ley antimigrantes en Iowa cobra vigencia el 1 de julio 2024","link":"https:\/\/soymigrante.com\/revista\/ley-antimigrantes-en-iowa-toma-vigencia-el-1-de-julio-2024\/"}],"_links":{"self":[{"href":"https:\/\/soymigrante.com\/revista\/wp-json\/wp\/v2\/posts\/6270","targetHints":{"allow":["GET"]}}],"collection":[{"href":"https:\/\/soymigrante.com\/revista\/wp-json\/wp\/v2\/posts"}],"about":[{"href":"https:\/\/soymigrante.com\/revista\/wp-json\/wp\/v2\/types\/post"}],"author":[{"embeddable":true,"href":"https:\/\/soymigrante.com\/revista\/wp-json\/wp\/v2\/users\/7"}],"replies":[{"embeddable":true,"href":"https:\/\/soymigrante.com\/revista\/wp-json\/wp\/v2\/comments?post=6270"}],"version-history":[{"count":0,"href":"https:\/\/soymigrante.com\/revista\/wp-json\/wp\/v2\/posts\/6270\/revisions"}],"wp:featuredmedia":[{"embeddable":true,"href":"https:\/\/soymigrante.com\/revista\/wp-json\/wp\/v2\/media\/6273"}],"wp:attachment":[{"href":"https:\/\/soymigrante.com\/revista\/wp-json\/wp\/v2\/media?parent=6270"}],"wp:term":[{"taxonomy":"category","embeddable":true,"href":"https:\/\/soymigrante.com\/revista\/wp-json\/wp\/v2\/categories?post=6270"},{"taxonomy":"post_tag","embeddable":true,"href":"https:\/\/soymigrante.com\/revista\/wp-json\/wp\/v2\/tags?post=6270"}],"curies":[{"name":"wp","href":"https:\/\/api.w.org\/{rel}","templated":true}]}}