{"id":6251,"date":"2024-05-06T10:25:11","date_gmt":"2024-05-06T16:25:11","guid":{"rendered":"https:\/\/soymigrante.com\/revista\/?p=6251"},"modified":"2025-06-21T14:07:48","modified_gmt":"2025-06-21T20:07:48","slug":"recetas-chapinas-pepian-quetzalteco-receta-tradicional-2","status":"publish","type":"post","link":"https:\/\/soymigrante.com\/revista\/recetas-chapinas-pepian-quetzalteco-receta-tradicional-2\/","title":{"rendered":"Recetas chapinas: pepi\u00e1n quetzalteco es delicia ceremonial"},"content":{"rendered":"\t\t<div data-elementor-type=\"wp-post\" data-elementor-id=\"6251\" class=\"elementor elementor-6251\" data-elementor-post-type=\"post\">\n\t\t\t\t\t\t<section data-particle_enable=\"false\" data-particle-mobile-disabled=\"false\" class=\"elementor-section elementor-top-section elementor-element elementor-element-b0b435b elementor-section-boxed elementor-section-height-default elementor-section-height-default\" data-id=\"b0b435b\" data-element_type=\"section\" data-e-type=\"section\">\n\t\t\t\t\t\t<div class=\"elementor-container elementor-column-gap-default\">\n\t\t\t\t\t<div class=\"elementor-column elementor-col-100 elementor-top-column elementor-element elementor-element-e6c427a\" data-id=\"e6c427a\" data-element_type=\"column\" data-e-type=\"column\">\n\t\t\t<div class=\"elementor-widget-wrap elementor-element-populated\">\n\t\t\t\t\t\t<div class=\"elementor-element elementor-element-f03d476 elementor-widget elementor-widget-heading\" data-id=\"f03d476\" data-element_type=\"widget\" data-e-type=\"widget\" data-widget_type=\"heading.default\">\n\t\t\t\t\t<h2 class=\"elementor-heading-title elementor-size-default\">El pepi\u00e1n es una joya de la gastronom\u00eda guatemalteca. Surgi\u00f3 en Chimaltenango pero en cada regi\u00f3n y familia toma su propio sabor.  Su origen prehisp\u00e1nico es ceremonial; por eso es tan especial y festivol.<\/h2>\t\t\t\t<\/div>\n\t\t\t\t\t<\/div>\n\t\t<\/div>\n\t\t\t\t\t<\/div>\n\t\t<\/section>\n\t\t\t\t<section data-particle_enable=\"false\" data-particle-mobile-disabled=\"false\" class=\"elementor-section elementor-top-section elementor-element elementor-element-e62e7e3 elementor-section-boxed elementor-section-height-default elementor-section-height-default\" data-id=\"e62e7e3\" data-element_type=\"section\" data-e-type=\"section\">\n\t\t\t\t\t\t<div class=\"elementor-container elementor-column-gap-default\">\n\t\t\t\t\t<div class=\"elementor-column elementor-col-100 elementor-top-column elementor-element elementor-element-868a96d\" data-id=\"868a96d\" data-element_type=\"column\" data-e-type=\"column\">\n\t\t\t<div class=\"elementor-widget-wrap elementor-element-populated\">\n\t\t\t\t\t\t<div class=\"elementor-element elementor-element-69bf127 elementor-widget elementor-widget-text-editor\" data-id=\"69bf127\" data-element_type=\"widget\" data-e-type=\"widget\" data-widget_type=\"text-editor.default\">\n\t\t\t\t\t\t\t\t\t<p>El pepi\u00e1n quetzalteco es un <a href=\"https:\/\/soymigrante.com\/revista\/receta-de-paches-quezaltecos-de-papa-que-delicia\/\">platillo ancestral <\/a>en la gastronom\u00eda del pueblo k&#8217;iche&#8217;, es tan antiguo como el pepi\u00e1n rojo de Chimaltenango que por cierto fue declarado, este plato, patrimonio cultural en el a\u00f1o 2007.<\/p><p>En <a href=\"https:\/\/soymigrante.com\/revista\/arte-de-guatemala-artista-rodolfo-galeotti-quetzalteco-historia\/\">Xela <\/a>el pepi\u00e1n se sirve para festejar el nacimiento de un beb\u00e9, bautizos, casamientos o un funeral, es decir que este platillo se elabora para ocasiones muy especiales.\u00a0\u00a0<\/p><p>Este recado se sirve es vasijas de barro, acompa\u00f1ado de arroz y tamalitos envueltos en hojas de milpa. Las personas de m\u00e1s de 70 a\u00f1os acostumbran antes de degustar el sabroso pepi\u00e1n brindar con aguardiente puro y de la marca que hace <a href=\"https:\/\/soymigrante.com\/revista\/luna-de-xelaju-dudas-verdades-y-versiones-del-segundo-himno-de-guatemala\/\">honor a Quetzaltenango. \u00a0<\/a><\/p>\t\t\t\t\t\t\t\t<\/div>\n\t\t\t\t\t<\/div>\n\t\t<\/div>\n\t\t\t\t\t<\/div>\n\t\t<\/section>\n\t\t\t\t<section data-particle_enable=\"false\" data-particle-mobile-disabled=\"false\" class=\"elementor-section elementor-top-section elementor-element elementor-element-eceefc0 elementor-section-boxed elementor-section-height-default elementor-section-height-default\" data-id=\"eceefc0\" data-element_type=\"section\" data-e-type=\"section\">\n\t\t\t\t\t\t<div class=\"elementor-container elementor-column-gap-default\">\n\t\t\t\t\t<div class=\"elementor-column elementor-col-100 elementor-top-column elementor-element elementor-element-29a6728\" data-id=\"29a6728\" data-element_type=\"column\" data-e-type=\"column\">\n\t\t\t<div class=\"elementor-widget-wrap elementor-element-populated\">\n\t\t\t\t\t\t<div class=\"elementor-element elementor-element-510731b elementor-widget elementor-widget-heading\" data-id=\"510731b\" data-element_type=\"widget\" data-e-type=\"widget\" data-widget_type=\"heading.default\">\n\t\t\t\t\t<h2 class=\"elementor-heading-title elementor-size-default\">Receta de pepi\u00e1n quetzalteco<\/h2>\t\t\t\t<\/div>\n\t\t\t\t\t<\/div>\n\t\t<\/div>\n\t\t\t\t\t<\/div>\n\t\t<\/section>\n\t\t\t\t<section data-particle_enable=\"false\" data-particle-mobile-disabled=\"false\" class=\"elementor-section elementor-top-section elementor-element elementor-element-d01fb43 elementor-section-boxed elementor-section-height-default elementor-section-height-default\" data-id=\"d01fb43\" data-element_type=\"section\" data-e-type=\"section\">\n\t\t\t\t\t\t<div class=\"elementor-container elementor-column-gap-default\">\n\t\t\t\t\t<div class=\"elementor-column elementor-col-100 elementor-top-column elementor-element elementor-element-195ab64\" data-id=\"195ab64\" data-element_type=\"column\" data-e-type=\"column\">\n\t\t\t<div class=\"elementor-widget-wrap elementor-element-populated\">\n\t\t\t\t\t\t<div class=\"elementor-element elementor-element-30862e0 elementor-widget elementor-widget-heading\" data-id=\"30862e0\" data-element_type=\"widget\" data-e-type=\"widget\" data-widget_type=\"heading.default\">\n\t\t\t\t\t<h3 class=\"elementor-heading-title elementor-size-default\">Ingredientes\n<\/h3>\t\t\t\t<\/div>\n\t\t\t\t\t<\/div>\n\t\t<\/div>\n\t\t\t\t\t<\/div>\n\t\t<\/section>\n\t\t\t\t<section data-particle_enable=\"false\" data-particle-mobile-disabled=\"false\" class=\"elementor-section elementor-top-section elementor-element elementor-element-4995683 elementor-section-boxed elementor-section-height-default elementor-section-height-default\" data-id=\"4995683\" data-element_type=\"section\" data-e-type=\"section\">\n\t\t\t\t\t\t<div class=\"elementor-container elementor-column-gap-default\">\n\t\t\t\t\t<div class=\"elementor-column elementor-col-100 elementor-top-column elementor-element elementor-element-6b9a7a8\" data-id=\"6b9a7a8\" data-element_type=\"column\" data-e-type=\"column\">\n\t\t\t<div class=\"elementor-widget-wrap elementor-element-populated\">\n\t\t\t\t\t\t<div class=\"elementor-element elementor-element-709e185 elementor-widget elementor-widget-text-editor\" data-id=\"709e185\" data-element_type=\"widget\" data-e-type=\"widget\" data-widget_type=\"text-editor.default\">\n\t\t\t\t\t\t\t\t\t<ul><li>2 libras de pollo o posta de cerdo<\/li><li>2 onzas de pepitoria<\/li><li>2 onzas de ajonjol\u00ed<\/li><li>2 tomates<\/li><li>4 miltomates<\/li><li>1 rajita de canela<\/li><li>1 pizca de comino<\/li><li>5 pimientas de castilla<\/li><li>4 pan franc\u00e9s<\/li><li>Sal al gusto<\/li><\/ul>\t\t\t\t\t\t\t\t<\/div>\n\t\t\t\t\t<\/div>\n\t\t<\/div>\n\t\t\t\t\t<\/div>\n\t\t<\/section>\n\t\t\t\t<section data-particle_enable=\"false\" data-particle-mobile-disabled=\"false\" class=\"elementor-section elementor-top-section elementor-element elementor-element-37a7d6e elementor-section-boxed elementor-section-height-default elementor-section-height-default\" data-id=\"37a7d6e\" data-element_type=\"section\" data-e-type=\"section\">\n\t\t\t\t\t\t<div class=\"elementor-container elementor-column-gap-default\">\n\t\t\t\t\t<div class=\"elementor-column elementor-col-100 elementor-top-column elementor-element elementor-element-04bf612\" data-id=\"04bf612\" data-element_type=\"column\" data-e-type=\"column\">\n\t\t\t<div class=\"elementor-widget-wrap elementor-element-populated\">\n\t\t\t\t\t\t<div class=\"elementor-element elementor-element-863b944 elementor-widget elementor-widget-image\" data-id=\"863b944\" data-element_type=\"widget\" data-e-type=\"widget\" data-widget_type=\"image.default\">\n\t\t\t\t\t\t\t\t\t\t\t\t\t\t\t<img fetchpriority=\"high\" decoding=\"async\" width=\"768\" height=\"576\" src=\"https:\/\/soymigrante.com\/revista\/wp-content\/uploads\/2024\/05\/Ajonjoli-miltomate-y-pepitoria-son-algunos-ingredientes-del-pepian-quetzalteco.webp\" class=\"attachment-large size-large wp-image-6253\" alt=\"Gracias por la imagen y el contexto. Aqu\u00ed tienes los textos SEO solicitados:.\" srcset=\"https:\/\/soymigrante.com\/revista\/wp-content\/uploads\/2024\/05\/Ajonjoli-miltomate-y-pepitoria-son-algunos-ingredientes-del-pepian-quetzalteco.webp 960w, https:\/\/soymigrante.com\/revista\/wp-content\/uploads\/2024\/05\/Ajonjoli-miltomate-y-pepitoria-son-algunos-ingredientes-del-pepian-quetzalteco-300x225.webp 300w, https:\/\/soymigrante.com\/revista\/wp-content\/uploads\/2024\/05\/Ajonjoli-miltomate-y-pepitoria-son-algunos-ingredientes-del-pepian-quetzalteco-768x576.webp 768w, https:\/\/soymigrante.com\/revista\/wp-content\/uploads\/2024\/05\/Ajonjoli-miltomate-y-pepitoria-son-algunos-ingredientes-del-pepian-quetzalteco-750x563.jpg 750w\" sizes=\"(max-width: 768px) 100vw, 768px\" title=\"Ajonjol\u00ed, miltomate y pepitoria son algunos ingredientes del pepi\u00e1n quetzalteco. \u2013 SoyMigrante.com REVISTA\" \/>\t\t\t\t\t\t\t\t\t\t\t\t\t\t\t<\/div>\n\t\t\t\t\t<\/div>\n\t\t<\/div>\n\t\t\t\t\t<\/div>\n\t\t<\/section>\n\t\t\t\t<section data-particle_enable=\"false\" data-particle-mobile-disabled=\"false\" class=\"elementor-section elementor-top-section elementor-element elementor-element-e18523a elementor-section-boxed elementor-section-height-default elementor-section-height-default\" data-id=\"e18523a\" data-element_type=\"section\" data-e-type=\"section\">\n\t\t\t\t\t\t<div class=\"elementor-container elementor-column-gap-default\">\n\t\t\t\t\t<div class=\"elementor-column elementor-col-100 elementor-top-column elementor-element elementor-element-e5c652e\" data-id=\"e5c652e\" data-element_type=\"column\" data-e-type=\"column\">\n\t\t\t<div class=\"elementor-widget-wrap elementor-element-populated\">\n\t\t\t\t\t\t<div class=\"elementor-element elementor-element-14f5997 elementor-widget elementor-widget-heading\" data-id=\"14f5997\" data-element_type=\"widget\" data-e-type=\"widget\" data-widget_type=\"heading.default\">\n\t\t\t\t\t<h3 class=\"elementor-heading-title elementor-size-default\">Preparaci\u00f3n<\/h3>\t\t\t\t<\/div>\n\t\t\t\t\t<\/div>\n\t\t<\/div>\n\t\t\t\t\t<\/div>\n\t\t<\/section>\n\t\t\t\t<section data-particle_enable=\"false\" data-particle-mobile-disabled=\"false\" class=\"elementor-section elementor-top-section elementor-element elementor-element-7c6e032 elementor-section-boxed elementor-section-height-default elementor-section-height-default\" data-id=\"7c6e032\" data-element_type=\"section\" data-e-type=\"section\">\n\t\t\t\t\t\t<div class=\"elementor-container elementor-column-gap-default\">\n\t\t\t\t\t<div class=\"elementor-column elementor-col-100 elementor-top-column elementor-element elementor-element-d4e564a\" data-id=\"d4e564a\" data-element_type=\"column\" data-e-type=\"column\">\n\t\t\t<div class=\"elementor-widget-wrap elementor-element-populated\">\n\t\t\t\t\t\t<div class=\"elementor-element elementor-element-7b3df0f elementor-widget elementor-widget-text-editor\" data-id=\"7b3df0f\" data-element_type=\"widget\" data-e-type=\"widget\" data-widget_type=\"text-editor.default\">\n\t\t\t\t\t\t\t\t\t<ol><li>En un comal dorar \u2013 no quemar \u2013 la pepitoria, ajonjol\u00ed, tomates, canela, comino, pimentas y el pan.<\/li><li>Cocer la carne de pollo o cerdo y sazonar con sal al gusto.<\/li><li>Los ingredientes dorados se poner a licuar con un poco del agua de la carne. Se obtiene un caldillo el cual se lleva a cocci\u00f3n y se espesa con masa o harina de ma\u00edz.<\/li><li>Al recado se le agrega la carne y se lleva a cocci\u00f3n hasta el punto de ebullici\u00f3n, remover constantemente para evitar que se queme. Sazonar con sal al gusto.<\/li><li>El pepi\u00e1n quetzalteco se sirve con arroz el cual puede ir adornador con zanahoria y ejotes.<\/li><\/ol>\t\t\t\t\t\t\t\t<\/div>\n\t\t\t\t\t<\/div>\n\t\t<\/div>\n\t\t\t\t\t<\/div>\n\t\t<\/section>\n\t\t\t\t<section data-particle_enable=\"false\" data-particle-mobile-disabled=\"false\" class=\"elementor-section elementor-top-section elementor-element elementor-element-e2e5edf elementor-section-boxed elementor-section-height-default elementor-section-height-default\" data-id=\"e2e5edf\" data-element_type=\"section\" data-e-type=\"section\">\n\t\t\t\t\t\t<div class=\"elementor-container elementor-column-gap-default\">\n\t\t\t\t\t<div class=\"elementor-column elementor-col-100 elementor-top-column elementor-element elementor-element-d2df646\" data-id=\"d2df646\" data-element_type=\"column\" data-e-type=\"column\">\n\t\t\t<div class=\"elementor-widget-wrap elementor-element-populated\">\n\t\t\t\t\t\t<div class=\"elementor-element elementor-element-cb5f562 elementor-widget elementor-widget-text-editor\" data-id=\"cb5f562\" data-element_type=\"widget\" data-e-type=\"widget\" data-widget_type=\"text-editor.default\">\n\t\t\t\t\t\t\t\t\t<p>El pepi\u00e1n quetzalteco a diferencia del pepi\u00e1n de Chimaltenango se diferencia porque su consistencia espesa no caldosa y porque no lleva hortalizas, zanahoria, papa, g\u00fcisquil. ejotes.\u00a0<\/p>\t\t\t\t\t\t\t\t<\/div>\n\t\t\t\t\t<\/div>\n\t\t<\/div>\n\t\t\t\t\t<\/div>\n\t\t<\/section>\n\t\t\t\t<section data-particle_enable=\"false\" data-particle-mobile-disabled=\"false\" class=\"elementor-section elementor-top-section elementor-element elementor-element-bc1c542 elementor-section-boxed elementor-section-height-default elementor-section-height-default\" data-id=\"bc1c542\" data-element_type=\"section\" data-e-type=\"section\">\n\t\t\t\t\t\t<div class=\"elementor-container elementor-column-gap-default\">\n\t\t\t\t\t<div class=\"elementor-column elementor-col-100 elementor-top-column elementor-element elementor-element-41308b8\" data-id=\"41308b8\" data-element_type=\"column\" data-e-type=\"column\">\n\t\t\t<div class=\"elementor-widget-wrap elementor-element-populated\">\n\t\t\t\t\t\t<div class=\"elementor-element elementor-element-12fb609 elementor-widget elementor-widget-image\" data-id=\"12fb609\" data-element_type=\"widget\" data-e-type=\"widget\" data-widget_type=\"image.default\">\n\t\t\t\t\t\t\t\t\t\t\t\t<figure class=\"wp-caption\">\n\t\t\t\t\t\t\t\t\t\t<img decoding=\"async\" width=\"768\" height=\"1024\" src=\"https:\/\/soymigrante.com\/revista\/wp-content\/uploads\/2024\/05\/Pepian-de-pollo-768x1024.webp\" class=\"attachment-large size-large wp-image-6267\" alt=\"Sabroso platillo de comida tradicional, con curry y arroz, servido en un plato azul con cuchara. Perfecto para amantes de la gastronom\u00eda latina y culinaria mexicana, ideal para disfrutar en familia o con amigos.\" srcset=\"https:\/\/soymigrante.com\/revista\/wp-content\/uploads\/2024\/05\/Pepian-de-pollo-768x1023.webp 768w, https:\/\/soymigrante.com\/revista\/wp-content\/uploads\/2024\/05\/Pepian-de-pollo-225x300.webp 225w, https:\/\/soymigrante.com\/revista\/wp-content\/uploads\/2024\/05\/Pepian-de-pollo-1153x1536.webp 1153w, https:\/\/soymigrante.com\/revista\/wp-content\/uploads\/2024\/05\/Pepian-de-pollo-750x999.webp 750w, https:\/\/soymigrante.com\/revista\/wp-content\/uploads\/2024\/05\/Pepian-de-pollo-1140x1519.webp 1140w, https:\/\/soymigrante.com\/revista\/wp-content\/uploads\/2024\/05\/Pepian-de-pollo.webp 1200w\" sizes=\"(max-width: 768px) 100vw, 768px\" title=\"El pepi\u00e1n de pollo es una versi\u00f3n de este platillo que se adapta al gusto familiar y a la disponibilidad de los ingredientes c\u00e1rnicos. (Foto Lourdes Donis) \u2013 SoyMigrante.com REVISTA\" \/>\t\t\t\t\t\t\t\t\t\t\t<figcaption class=\"widget-image-caption wp-caption-text\">Plato de curry con arroz servido en un plato azul, representando la rica gastronom\u00eda latinoamericana y la cultura culinaria mexicana que promueve SoyMigrante.com Revista.<\/figcaption>\n\t\t\t\t\t\t\t\t\t\t<\/figure>\n\t\t\t\t\t\t\t\t\t<\/div>\n\t\t\t\t\t<\/div>\n\t\t<\/div>\n\t\t\t\t\t<\/div>\n\t\t<\/section>\n\t\t\t\t<section data-particle_enable=\"false\" data-particle-mobile-disabled=\"false\" class=\"elementor-section elementor-top-section elementor-element elementor-element-7dc9c39 elementor-section-boxed elementor-section-height-default elementor-section-height-default\" data-id=\"7dc9c39\" data-element_type=\"section\" data-e-type=\"section\">\n\t\t\t\t\t\t<div class=\"elementor-container elementor-column-gap-default\">\n\t\t\t\t\t<div class=\"elementor-column elementor-col-100 elementor-top-column elementor-element elementor-element-7b9338f\" data-id=\"7b9338f\" data-element_type=\"column\" data-e-type=\"column\">\n\t\t\t<div class=\"elementor-widget-wrap elementor-element-populated\">\n\t\t\t\t\t\t<div class=\"elementor-element elementor-element-0d381eb elementor-widget-divider--view-line elementor-widget elementor-widget-divider\" data-id=\"0d381eb\" data-element_type=\"widget\" data-e-type=\"widget\" data-widget_type=\"divider.default\">\n\t\t\t\t\t\t\t<div class=\"elementor-divider\">\n\t\t\t<span class=\"elementor-divider-separator\">\n\t\t\t\t\t\t<\/span>\n\t\t<\/div>\n\t\t\t\t\t\t<\/div>\n\t\t\t\t\t<\/div>\n\t\t<\/div>\n\t\t\t\t\t<\/div>\n\t\t<\/section>\n\t\t\t\t<section data-particle_enable=\"false\" data-particle-mobile-disabled=\"false\" class=\"elementor-section elementor-top-section elementor-element elementor-element-423aa65 elementor-section-boxed elementor-section-height-default elementor-section-height-default\" data-id=\"423aa65\" data-element_type=\"section\" data-e-type=\"section\">\n\t\t\t\t\t\t<div class=\"elementor-container elementor-column-gap-default\">\n\t\t\t\t\t<div class=\"elementor-column elementor-col-100 elementor-top-column elementor-element elementor-element-8c1977a\" data-id=\"8c1977a\" data-element_type=\"column\" data-e-type=\"column\">\n\t\t\t<div class=\"elementor-widget-wrap elementor-element-populated\">\n\t\t\t\t\t\t<div class=\"elementor-element elementor-element-a4a143c elementor-widget elementor-widget-heading\" data-id=\"a4a143c\" data-element_type=\"widget\" data-e-type=\"widget\" data-widget_type=\"heading.default\">\n\t\t\t\t\t<h3 class=\"elementor-heading-title elementor-size-default\">Y por si se te antoja: Pepi\u00e1n de Chimaltenango <\/h3>\t\t\t\t<\/div>\n\t\t\t\t\t<\/div>\n\t\t<\/div>\n\t\t\t\t\t<\/div>\n\t\t<\/section>\n\t\t\t\t<section data-particle_enable=\"false\" data-particle-mobile-disabled=\"false\" class=\"elementor-section elementor-top-section elementor-element elementor-element-114f4d0 elementor-section-boxed elementor-section-height-default elementor-section-height-default\" data-id=\"114f4d0\" data-element_type=\"section\" data-e-type=\"section\">\n\t\t\t\t\t\t<div class=\"elementor-container elementor-column-gap-default\">\n\t\t\t\t\t<div class=\"elementor-column elementor-col-100 elementor-top-column elementor-element elementor-element-3e853a2\" data-id=\"3e853a2\" data-element_type=\"column\" data-e-type=\"column\">\n\t\t\t<div class=\"elementor-widget-wrap elementor-element-populated\">\n\t\t\t\t\t\t<div class=\"elementor-element elementor-element-60e9d38 elementor-widget elementor-widget-video\" data-id=\"60e9d38\" data-element_type=\"widget\" data-e-type=\"widget\" data-settings=\"{&quot;youtube_url&quot;:&quot;https:\\\/\\\/www.youtube.com\\\/watch?v=AkJr_g9_5C0&quot;,&quot;start&quot;:40,&quot;video_type&quot;:&quot;youtube&quot;,&quot;controls&quot;:&quot;yes&quot;}\" data-widget_type=\"video.default\">\n\t\t\t\t\t\t\t<div class=\"elementor-wrapper elementor-open-inline\">\n\t\t\t<div class=\"elementor-video\"><\/div>\t\t<\/div>\n\t\t\t\t\t\t<\/div>\n\t\t\t\t\t<\/div>\n\t\t<\/div>\n\t\t\t\t\t<\/div>\n\t\t<\/section>\n\t\t\t\t<section data-particle_enable=\"false\" data-particle-mobile-disabled=\"false\" class=\"elementor-section elementor-top-section elementor-element elementor-element-b7662ed elementor-section-boxed elementor-section-height-default elementor-section-height-default\" data-id=\"b7662ed\" data-element_type=\"section\" data-e-type=\"section\">\n\t\t\t\t\t\t<div class=\"elementor-container elementor-column-gap-default\">\n\t\t\t\t\t<div class=\"elementor-column elementor-col-100 elementor-top-column elementor-element elementor-element-063bf2c\" data-id=\"063bf2c\" data-element_type=\"column\" data-e-type=\"column\">\n\t\t\t<div class=\"elementor-widget-wrap elementor-element-populated\">\n\t\t\t\t\t\t<div class=\"elementor-element elementor-element-68c1624 elementor-widget elementor-widget-heading\" data-id=\"68c1624\" data-element_type=\"widget\" data-e-type=\"widget\" data-widget_type=\"heading.default\">\n\t\t\t\t\t<h2 class=\"elementor-heading-title elementor-size-default\">Talento y solidaridad chapina en EE.UU.<\/h2>\t\t\t\t<\/div>\n\t\t\t\t\t<\/div>\n\t\t<\/div>\n\t\t\t\t\t<\/div>\n\t\t<\/section>\n\t\t\t\t<section data-particle_enable=\"false\" data-particle-mobile-disabled=\"false\" class=\"elementor-section elementor-top-section elementor-element elementor-element-9ab0440 elementor-section-boxed elementor-section-height-default elementor-section-height-default\" data-id=\"9ab0440\" data-element_type=\"section\" data-e-type=\"section\">\n\t\t\t\t\t\t<div class=\"elementor-container elementor-column-gap-default\">\n\t\t\t\t\t<div class=\"elementor-column elementor-col-100 elementor-top-column elementor-element elementor-element-89228bc\" data-id=\"89228bc\" data-element_type=\"column\" data-e-type=\"column\">\n\t\t\t<div class=\"elementor-widget-wrap elementor-element-populated\">\n\t\t\t\t\t\t<div class=\"elementor-element elementor-element-91754fd elementor-widget elementor-widget-blfe-post-grid\" data-id=\"91754fd\" data-element_type=\"widget\" data-e-type=\"widget\" data-settings=\"{&quot;columns&quot;:&quot;3&quot;,&quot;columns_tablet&quot;:&quot;6&quot;,&quot;columns_mobile&quot;:&quot;12&quot;,&quot;hero1_layout_column_gap&quot;:{&quot;unit&quot;:&quot;px&quot;,&quot;size&quot;:30,&quot;sizes&quot;:[]},&quot;hero1_layout_column_gap_tablet&quot;:{&quot;unit&quot;:&quot;px&quot;,&quot;size&quot;:&quot;&quot;,&quot;sizes&quot;:[]},&quot;hero1_layout_column_gap_mobile&quot;:{&quot;unit&quot;:&quot;px&quot;,&quot;size&quot;:&quot;&quot;,&quot;sizes&quot;:[]},&quot;hero1_layout_row_gap&quot;:{&quot;unit&quot;:&quot;px&quot;,&quot;size&quot;:30,&quot;sizes&quot;:[]},&quot;hero1_layout_row_gap_tablet&quot;:{&quot;unit&quot;:&quot;px&quot;,&quot;size&quot;:&quot;&quot;,&quot;sizes&quot;:[]},&quot;hero1_layout_row_gap_mobile&quot;:{&quot;unit&quot;:&quot;px&quot;,&quot;size&quot;:&quot;&quot;,&quot;sizes&quot;:[]}}\" data-widget_type=\"blfe-post-grid.hero1\">\n\t\t\t\t<div class=\"elementor-widget-container\">\n\t\t\t\t\t\n                        <div class=\"blfe-post-grid-container \">\n            \n                <div data-skin=\"hero1\" class=\"blfe-row blfe-posts-inner blfe-hero1 blfe-posts-inner blfe-col-3 blfe-col-tab-6 blfe-col-mob-12     \">\n                            <div class=\"blfe-post-grid-item\">\n            <div class=\"blfe-post-grid-item-inner blfe-modern-zoom\">\n                        <div class=\"blfe-post-grid-bg-image\">\n            <a class=\"blfe-post-grid-image-inner\" href=\"https:\/\/soymigrante.com\/revista\/migrantes-pagan-mas-impuestos-que-el-promedio-en-estados-unidos-afirma-estudio-de-cato-institute\/\" title=\"Migrantes pagan m\u00e1s impuestos que el promedio en Estados Unidos, afirma estudio de CATO Institute\" rel=\"nofollow\" target=\"_blank\"><img decoding=\"async\" src=\"https:\/\/soymigrante.com\/revista\/wp-content\/uploads\/2026\/04\/migrantes-en-estados-unidos-pago-de-impuestos-cato-institute-estudio.png\" alt=\"Migrantes pagan m\u00e1s impuestos que el promedio en Estados Unidos, afirma estudio de CATO Institute\"\/><\/a>        <\/div>\n                        <div class=\"blfe-post-grid-details\">\n                    <div class=\"blfe-post-grid-details-inner\">\n                        <span class=\"blfe-post-category\"><a href=\"https:\/\/soymigrante.com\/revista\/category\/noticias\/\">Noticias<\/a><\/span>                        <h3 class=\"blfe-post-grid-title\">\n            <a href=\"https:\/\/soymigrante.com\/revista\/migrantes-pagan-mas-impuestos-que-el-promedio-en-estados-unidos-afirma-estudio-de-cato-institute\/\" title=\"Migrantes pagan m\u00e1s impuestos que el promedio en Estados Unidos, afirma estudio de CATO Institute\" rel=\"nofollow\" target=\"_blank\">Migrantes pagan m\u00e1s impuestos que el promedio en Estados Unidos, afirma estudio de CATO Institute<\/a>\n            <\/h3>                                                                                            <\/div>\n                <\/div>\n\n            <\/div>\n        <\/div>\n                <div class=\"blfe-post-grid-item\">\n            <div class=\"blfe-post-grid-item-inner blfe-modern-zoom\">\n                        <div class=\"blfe-post-grid-bg-image\">\n            <a class=\"blfe-post-grid-image-inner\" href=\"https:\/\/soymigrante.com\/revista\/recorrido-virtual-conoce-detalles-de-7-grandes-templos-de-tikal\/\" title=\"Recorrido virtual: conoce detalles de 7 grandes templos de Tikal\" rel=\"nofollow\" target=\"_blank\"><img decoding=\"async\" src=\"https:\/\/soymigrante.com\/revista\/wp-content\/uploads\/2026\/04\/tikal-guatemala-templos-guia.jpg\" alt=\"Recorrido virtual: conoce detalles de 7 grandes templos de Tikal\"\/><\/a>        <\/div>\n                        <div class=\"blfe-post-grid-details\">\n                    <div class=\"blfe-post-grid-details-inner\">\n                        <span class=\"blfe-post-category\"><a href=\"https:\/\/soymigrante.com\/revista\/category\/guate-nuestra\/arte-cultura\/\">Cultura de Guatemala<\/a><\/span>                        <h3 class=\"blfe-post-grid-title\">\n            <a href=\"https:\/\/soymigrante.com\/revista\/recorrido-virtual-conoce-detalles-de-7-grandes-templos-de-tikal\/\" title=\"Recorrido virtual: conoce detalles de 7 grandes templos de Tikal\" rel=\"nofollow\" target=\"_blank\">Recorrido virtual: conoce detalles de 7 grandes templos de Tikal<\/a>\n            <\/h3>                                                                                            <\/div>\n                <\/div>\n\n            <\/div>\n        <\/div>\n                <div class=\"blfe-post-grid-item\">\n            <div class=\"blfe-post-grid-item-inner blfe-modern-zoom\">\n                        <div class=\"blfe-post-grid-bg-image\">\n            <a class=\"blfe-post-grid-image-inner\" href=\"https:\/\/soymigrante.com\/revista\/tener-daca-no-basta-por-si-solo-para-frenar-orden-de-deportacion-alerta-abogada-guatemalteca\/\" title=\"Tener DACA no basta por s\u00ed solo para frenar orden de deportaci\u00f3n, alerta abogada guatemalteca\" rel=\"nofollow\" target=\"_blank\"><img decoding=\"async\" src=\"https:\/\/soymigrante.com\/revista\/wp-content\/uploads\/2026\/04\/daca-no-es-suficiente-para-frenar-una-deportacion.jpg\" alt=\"Tener DACA no basta por s\u00ed solo para frenar orden de deportaci\u00f3n, alerta abogada guatemalteca\"\/><\/a>        <\/div>\n                        <div class=\"blfe-post-grid-details\">\n                    <div class=\"blfe-post-grid-details-inner\">\n                        <span class=\"blfe-post-category\"><a href=\"https:\/\/soymigrante.com\/revista\/category\/recursos-migratorios\/\">Recursos Migratorios<\/a><\/span>                        <h3 class=\"blfe-post-grid-title\">\n            <a href=\"https:\/\/soymigrante.com\/revista\/tener-daca-no-basta-por-si-solo-para-frenar-orden-de-deportacion-alerta-abogada-guatemalteca\/\" title=\"Tener DACA no basta por s\u00ed solo para frenar orden de deportaci\u00f3n, alerta abogada guatemalteca\" rel=\"nofollow\" target=\"_blank\">Tener DACA no basta por s\u00ed solo para frenar orden de deportaci\u00f3n, alerta abogada guatemalteca<\/a>\n            <\/h3>                                                                                            <\/div>\n                <\/div>\n\n            <\/div>\n        <\/div>\n                        <\/div>\n\n                        <\/div>\n            \n                        <div class=\"blfe-post-footer\">\n                        <\/div>\n            \t\t\t\t<\/div>\n\t\t\t\t<\/div>\n\t\t\t\t\t<\/div>\n\t\t<\/div>\n\t\t\t\t\t<\/div>\n\t\t<\/section>\n\t\t\t\t<\/div>\n\t\t","protected":false},"excerpt":{"rendered":"<p>El pepi\u00e1n es una joya de la gastronom\u00eda guatemalteca. Surgi\u00f3 en Chimaltenango pero en cada regi\u00f3n y familia toma su propio sabor. Su origen prehisp\u00e1nico es ceremonial; por eso es tan especial y festivol. El pepi\u00e1n quetzalteco es un platillo ancestral en la gastronom\u00eda del pueblo k&#8217;iche&#8217;, es tan antiguo como el pepi\u00e1n rojo de [&hellip;]<\/p>\n","protected":false},"author":14,"featured_media":6253,"comment_status":"open","ping_status":"open","sticky":false,"template":"","format":"standard","meta":{"_acf_changed":false,"_eb_attr":"","footnotes":""},"categories":[247],"tags":[],"class_list":["post-6251","post","type-post","status-publish","format-standard","has-post-thumbnail","hentry","category-recetas-guatemaltecas"],"acf":[],"aioseo_notices":[],"aioseo_head":"\n\t\t<!-- All in One SEO Pro 4.9.6.2 - aioseo.com -->\n\t<meta name=\"description\" content=\"Fallo judicial permite deportaci\u00f3n de una beneficiaria de DACA. \u00bfQu\u00e9 implica? \u00bfQu\u00e9 se puede hacer? Abogada migratoria guatemalteca Ana Gabriela Ur\u00edzar da claves\" \/>\n\t<meta name=\"robots\" content=\"max-snippet:-1, max-image-preview:large, max-video-preview:-1\" \/>\n\t<meta name=\"author\" content=\"SoyMigrante.com REVISTA\"\/>\n\t<link rel=\"canonical\" href=\"https:\/\/soymigrante.com\/revista\/tener-daca-no-basta-por-si-solo-para-frenar-orden-de-deportacion-alerta-abogada-guatemalteca\/\" \/>\n\t<meta name=\"generator\" content=\"All in One SEO Pro (AIOSEO) 4.9.6.2\" \/>\n\n\t\t<link rel=\"preconnect\" href=\"https:\/\/fonts.googleapis.com\" crossorigin>\n<link rel=\"preconnect\" href=\"https:\/\/fonts.gstatic.com\" crossorigin>\n\t\t<meta property=\"og:locale\" content=\"es_ES\" \/>\n\t\t<meta property=\"og:site_name\" content=\"SoyMigrante.com REVISTA \u2013 Nuestra misi\u00f3n es reconocer y dignificar al migrante.\" \/>\n\t\t<meta property=\"og:type\" content=\"article\" \/>\n\t\t<meta property=\"og:title\" content=\"DACA solo no basta para frenar deportaci\u00f3n, alerta abogada\" \/>\n\t\t<meta property=\"og:description\" content=\"Fallo judicial permite deportaci\u00f3n de una beneficiaria de DACA. \u00bfQu\u00e9 implica? \u00bfQu\u00e9 se puede hacer? Abogada migratoria guatemalteca Ana Gabriela Ur\u00edzar da claves\" \/>\n\t\t<meta property=\"og:url\" content=\"https:\/\/soymigrante.com\/revista\/tener-daca-no-basta-por-si-solo-para-frenar-orden-de-deportacion-alerta-abogada-guatemalteca\/\" \/>\n\t\t<meta property=\"og:image\" content=\"https:\/\/soymigrante.com\/revista\/wp-content\/uploads\/2026\/04\/daca-no-es-suficiente-para-frenar-una-deportacion.jpg\" \/>\n\t\t<meta property=\"og:image:secure_url\" content=\"https:\/\/soymigrante.com\/revista\/wp-content\/uploads\/2026\/04\/daca-no-es-suficiente-para-frenar-una-deportacion.jpg\" \/>\n\t\t<meta property=\"og:image:width\" content=\"976\" \/>\n\t\t<meta property=\"og:image:height\" content=\"976\" \/>\n\t\t<meta property=\"article:published_time\" content=\"2026-04-28T17:32:30+00:00\" \/>\n\t\t<meta property=\"article:modified_time\" content=\"2026-04-28T20:03:27+00:00\" \/>\n\t\t<meta property=\"article:publisher\" content=\"https:\/\/www.facebook.com\/soymigrantecom\" \/>\n\t\t<meta name=\"twitter:card\" content=\"summary_large_image\" \/>\n\t\t<meta name=\"twitter:site\" content=\"@SoyMigrante_com\" \/>\n\t\t<meta name=\"twitter:title\" content=\"DACA solo no basta para frenar deportaci\u00f3n, alerta abogada\" \/>\n\t\t<meta name=\"twitter:description\" content=\"Fallo judicial permite deportaci\u00f3n de una beneficiaria de DACA. \u00bfQu\u00e9 implica? \u00bfQu\u00e9 se puede hacer? Abogada migratoria guatemalteca Ana Gabriela Ur\u00edzar da claves\" \/>\n\t\t<meta name=\"twitter:creator\" content=\"@SoyMigrante_com\" \/>\n\t\t<meta name=\"twitter:image\" content=\"https:\/\/soymigrante.com\/revista\/wp-content\/uploads\/2026\/04\/daca-no-es-suficiente-para-frenar-una-deportacion.jpg\" \/>\n\t\t<!-- All in One SEO Pro -->\r\n\t\t<title>DACA solo no basta para frenar deportaci\u00f3n, alerta abogada<\/title>\n\n","aioseo_head_json":{"title":"DACA solo no basta para frenar deportaci\u00f3n, alerta abogada","description":"Fallo judicial permite deportaci\u00f3n de una beneficiaria de DACA. \u00bfQu\u00e9 implica? \u00bfQu\u00e9 se puede hacer? Abogada migratoria guatemalteca Ana Gabriela Ur\u00edzar da claves","canonical_url":"https:\/\/soymigrante.com\/revista\/tener-daca-no-basta-por-si-solo-para-frenar-orden-de-deportacion-alerta-abogada-guatemalteca\/","robots":"max-snippet:-1, max-image-preview:large, max-video-preview:-1","keywords":"","webmasterTools":{"miscellaneous":"&lt;link rel=\"preconnect\" href=\"https:\/\/fonts.googleapis.com\" crossorigin&gt;\n&lt;link rel=\"preconnect\" href=\"https:\/\/fonts.gstatic.com\" crossorigin&gt;"},"schema":null,"og:locale":"es_ES","og:site_name":"SoyMigrante.com REVISTA \u2013 Nuestra misi\u00f3n es reconocer y dignificar al migrante.","og:type":"article","og:title":"DACA solo no basta para frenar deportaci\u00f3n, alerta abogada","og:description":"Fallo judicial permite deportaci\u00f3n de una beneficiaria de DACA. \u00bfQu\u00e9 implica? \u00bfQu\u00e9 se puede hacer? Abogada migratoria guatemalteca Ana Gabriela Ur\u00edzar da claves","og:url":"https:\/\/soymigrante.com\/revista\/tener-daca-no-basta-por-si-solo-para-frenar-orden-de-deportacion-alerta-abogada-guatemalteca\/","og:image":"https:\/\/soymigrante.com\/revista\/wp-content\/uploads\/2026\/04\/daca-no-es-suficiente-para-frenar-una-deportacion.jpg","og:image:secure_url":"https:\/\/soymigrante.com\/revista\/wp-content\/uploads\/2026\/04\/daca-no-es-suficiente-para-frenar-una-deportacion.jpg","og:image:width":976,"og:image:height":976,"article:published_time":"2026-04-28T17:32:30+00:00","article:modified_time":"2026-04-28T20:03:27+00:00","article:publisher":"https:\/\/www.facebook.com\/soymigrantecom","twitter:card":"summary_large_image","twitter:site":"@SoyMigrante_com","twitter:title":"DACA solo no basta para frenar deportaci\u00f3n, alerta abogada","twitter:description":"Fallo judicial permite deportaci\u00f3n de una beneficiaria de DACA. \u00bfQu\u00e9 implica? \u00bfQu\u00e9 se puede hacer? Abogada migratoria guatemalteca Ana Gabriela Ur\u00edzar da claves","twitter:creator":"@SoyMigrante_com","twitter:image":"https:\/\/soymigrante.com\/revista\/wp-content\/uploads\/2026\/04\/daca-no-es-suficiente-para-frenar-una-deportacion.jpg"},"aioseo_meta_data":{"post_id":"6251","title":null,"description":"El pepi\u00e1n es una joya de la gastronom\u00eda guatemalteca. Surgi\u00f3 en Chimaltenango pero en cada regi\u00f3n y familia toma su propio sabor.","keywords":null,"keyphrases":{"focus":{"keyphrase":"quetzalteco","score":82,"analysis":{"keyphraseInTitle":{"score":9,"maxScore":9,"error":0},"keyphraseInDescription":{"score":3,"maxScore":9,"error":1},"keyphraseLength":{"score":9,"maxScore":9,"error":0,"length":1},"keyphraseInURL":{"score":5,"maxScore":5,"error":0},"keyphraseInIntroduction":{"score":9,"maxScore":9,"error":0},"keyphraseInSubHeadings":{"score":3,"maxScore":9,"error":1},"keyphraseInImageAlt":{"score":9,"maxScore":9,"error":0},"keywordDensity":{"type":"best","score":9,"maxScore":9,"error":0}}},"additional":[]},"primary_term":null,"canonical_url":null,"og_title":null,"og_description":null,"og_object_type":"default","og_image_type":"default","og_image_url":null,"og_image_width":null,"og_image_height":null,"og_image_custom_url":null,"og_image_custom_fields":null,"og_video":"","og_custom_url":null,"og_article_section":null,"og_article_tags":null,"twitter_use_og":false,"twitter_card":"default","twitter_image_type":"default","twitter_image_url":null,"twitter_image_custom_url":null,"twitter_image_custom_fields":null,"twitter_title":null,"twitter_description":null,"schema":{"blockGraphs":[],"customGraphs":[],"default":{"data":{"Article":[],"Course":[],"Dataset":[],"FAQPage":[],"Movie":[],"Person":[],"Product":[],"ProductReview":[],"Car":[],"Recipe":[],"Service":[],"SoftwareApplication":[],"WebPage":[]},"graphName":"none","isEnabled":true},"graphs":[]},"schema_type":"default","schema_type_options":null,"pillar_content":false,"robots_default":true,"robots_noindex":false,"robots_noarchive":false,"robots_nosnippet":false,"robots_nofollow":false,"robots_noimageindex":false,"robots_noodp":false,"robots_notranslate":false,"robots_max_snippet":"-1","robots_max_videopreview":"-1","robots_max_imagepreview":"large","priority":null,"frequency":"default","local_seo":null,"seo_analyzer_scan_date":"2025-10-08 21:45:15","breadcrumb_settings":null,"limit_modified_date":false,"reviewed_by":"0","open_ai":"{\"title\":{\"suggestions\":[],\"usage\":0},\"description\":{\"suggestions\":[],\"usage\":0}}","ai":null,"created":"2024-05-16 13:50:26","updated":"2026-02-04 11:21:08"},"aioseo_breadcrumb":"<div class=\"aioseo-breadcrumbs\"><span class=\"aioseo-breadcrumb\">\n\t<a href=\"https:\/\/soymigrante.com\/revista\" title=\"Home\">Home<\/a>\n<\/span><span class=\"aioseo-breadcrumb-separator\">\u00bb<\/span><span class=\"aioseo-breadcrumb\">\n\t<a href=\"https:\/\/soymigrante.com\/revista\/category\/guate-nuestra\/\" title=\"Guate Nuestra\">Guate Nuestra<\/a>\n<\/span><span class=\"aioseo-breadcrumb-separator\">\u00bb<\/span><span class=\"aioseo-breadcrumb\">\n\t<a href=\"https:\/\/soymigrante.com\/revista\/category\/guate-nuestra\/recetas-guatemaltecas\/\" title=\"Recetas guatemaltecas\">Recetas guatemaltecas<\/a>\n<\/span><span class=\"aioseo-breadcrumb-separator\">\u00bb<\/span><span class=\"aioseo-breadcrumb\">\n\tRecetas chapinas: pepi\u00e1n quetzalteco es delicia ceremonial\n<\/span><\/div>","aioseo_breadcrumb_json":[{"label":"Home","link":"https:\/\/soymigrante.com\/revista"},{"label":"Guate Nuestra","link":"https:\/\/soymigrante.com\/revista\/category\/guate-nuestra\/"},{"label":"Recetas guatemaltecas","link":"https:\/\/soymigrante.com\/revista\/category\/guate-nuestra\/recetas-guatemaltecas\/"},{"label":"Recetas chapinas: pepi\u00e1n quetzalteco es delicia ceremonial","link":"https:\/\/soymigrante.com\/revista\/recetas-chapinas-pepian-quetzalteco-receta-tradicional-2\/"}],"_links":{"self":[{"href":"https:\/\/soymigrante.com\/revista\/wp-json\/wp\/v2\/posts\/6251","targetHints":{"allow":["GET"]}}],"collection":[{"href":"https:\/\/soymigrante.com\/revista\/wp-json\/wp\/v2\/posts"}],"about":[{"href":"https:\/\/soymigrante.com\/revista\/wp-json\/wp\/v2\/types\/post"}],"author":[{"embeddable":true,"href":"https:\/\/soymigrante.com\/revista\/wp-json\/wp\/v2\/users\/14"}],"replies":[{"embeddable":true,"href":"https:\/\/soymigrante.com\/revista\/wp-json\/wp\/v2\/comments?post=6251"}],"version-history":[{"count":1,"href":"https:\/\/soymigrante.com\/revista\/wp-json\/wp\/v2\/posts\/6251\/revisions"}],"predecessor-version":[{"id":37181,"href":"https:\/\/soymigrante.com\/revista\/wp-json\/wp\/v2\/posts\/6251\/revisions\/37181"}],"wp:featuredmedia":[{"embeddable":true,"href":"https:\/\/soymigrante.com\/revista\/wp-json\/wp\/v2\/media\/6253"}],"wp:attachment":[{"href":"https:\/\/soymigrante.com\/revista\/wp-json\/wp\/v2\/media?parent=6251"}],"wp:term":[{"taxonomy":"category","embeddable":true,"href":"https:\/\/soymigrante.com\/revista\/wp-json\/wp\/v2\/categories?post=6251"},{"taxonomy":"post_tag","embeddable":true,"href":"https:\/\/soymigrante.com\/revista\/wp-json\/wp\/v2\/tags?post=6251"}],"curies":[{"name":"wp","href":"https:\/\/api.w.org\/{rel}","templated":true}]}}