{"id":6217,"date":"2024-04-27T12:57:19","date_gmt":"2024-04-27T18:57:19","guid":{"rendered":"https:\/\/soymigrante.com\/revista\/?p=6217"},"modified":"2024-08-20T08:18:39","modified_gmt":"2024-08-20T14:18:39","slug":"temor-y-rechazo-genera-proyecto-de-ley-antimigrantes-de-oklahoma","status":"publish","type":"post","link":"https:\/\/soymigrante.com\/revista\/temor-y-rechazo-genera-proyecto-de-ley-antimigrantes-de-oklahoma\/","title":{"rendered":"Hispanos se unen para expresar rechazo a ley antimigrantes de Oklahoma"},"content":{"rendered":"\t\t<div data-elementor-type=\"wp-post\" data-elementor-id=\"6217\" class=\"elementor elementor-6217\" data-elementor-post-type=\"post\">\n\t\t\t\t\t\t<section data-particle_enable=\"false\" data-particle-mobile-disabled=\"false\" class=\"elementor-section elementor-top-section elementor-element elementor-element-b0686fc elementor-section-boxed elementor-section-height-default elementor-section-height-default\" data-id=\"b0686fc\" data-element_type=\"section\" data-e-type=\"section\">\n\t\t\t\t\t\t<div class=\"elementor-container elementor-column-gap-default\">\n\t\t\t\t\t<div class=\"elementor-column elementor-col-100 elementor-top-column elementor-element elementor-element-f24c630\" data-id=\"f24c630\" data-element_type=\"column\" data-e-type=\"column\">\n\t\t\t<div class=\"elementor-widget-wrap elementor-element-populated\">\n\t\t\t\t\t\t<div class=\"elementor-element elementor-element-6000862 elementor-widget elementor-widget-heading\" data-id=\"6000862\" data-element_type=\"widget\" data-e-type=\"widget\" data-widget_type=\"heading.default\">\n\t\t\t\t\t<h2 class=\"elementor-heading-title elementor-size-default\">Gobernador de Oklahoma debe decidir si aprueba la Ley 4156, con medidas antimigrantes aprobadas por el Congreso y el Senado estatal. Migrantes hispanos expresan su rechazo en manifestaciones pac\u00edficas y peticiones escritas.<\/h2>\t\t\t\t<\/div>\n\t\t\t\t\t<\/div>\n\t\t<\/div>\n\t\t\t\t\t<\/div>\n\t\t<\/section>\n\t\t\t\t<section data-particle_enable=\"false\" data-particle-mobile-disabled=\"false\" class=\"elementor-section elementor-top-section elementor-element elementor-element-ef1c599 elementor-section-boxed elementor-section-height-default elementor-section-height-default\" data-id=\"ef1c599\" data-element_type=\"section\" data-e-type=\"section\">\n\t\t\t\t\t\t<div class=\"elementor-container elementor-column-gap-default\">\n\t\t\t\t\t<div class=\"elementor-column elementor-col-100 elementor-top-column elementor-element elementor-element-71b49c9\" data-id=\"71b49c9\" data-element_type=\"column\" data-e-type=\"column\">\n\t\t\t<div class=\"elementor-widget-wrap elementor-element-populated\">\n\t\t\t\t\t\t<div class=\"elementor-element elementor-element-77ef021 elementor-widget elementor-widget-text-editor\" data-id=\"77ef021\" data-element_type=\"widget\" data-e-type=\"widget\" data-widget_type=\"text-editor.default\">\n\t\t\t\t\t\t\t\t\t<p>El Senado de Oklahoma aprob\u00f3 el proyecto de ley 4156, que establece nuevas medidas contra migrantes indocumentados y la decisi\u00f3n de ponerla en vigencia est\u00e1 en manos del gobernador de Oklahoma, el republicano Kevin Stitt.<\/p><p>Desde la discusi\u00f3n en la C\u00e1mara de Representantes Estatal, la comunidad migrante hispana ha expresado su rechazo a dicha norma, porque podr\u00eda tener tendencias racista y porque pone en peligro la integridad de familias, as\u00ed como la estabilidad laboral y fiscal, puesto que los migrantes efect\u00faan un fuerte aporte de trabajo y pago de impuestos.<span style=\"color: var( --e-global-color-text );\">\u00a0<\/span><\/p>\t\t\t\t\t\t\t\t<\/div>\n\t\t\t\t\t<\/div>\n\t\t<\/div>\n\t\t\t\t\t<\/div>\n\t\t<\/section>\n\t\t\t\t<section data-particle_enable=\"false\" data-particle-mobile-disabled=\"false\" class=\"elementor-section elementor-top-section elementor-element elementor-element-a8cb1c6 elementor-section-boxed elementor-section-height-default elementor-section-height-default\" data-id=\"a8cb1c6\" data-element_type=\"section\" data-e-type=\"section\">\n\t\t\t\t\t\t<div class=\"elementor-container elementor-column-gap-default\">\n\t\t\t\t\t<div class=\"elementor-column elementor-col-100 elementor-top-column elementor-element elementor-element-48432c7\" data-id=\"48432c7\" data-element_type=\"column\" data-e-type=\"column\">\n\t\t\t<div class=\"elementor-widget-wrap elementor-element-populated\">\n\t\t\t\t\t\t<div class=\"elementor-element elementor-element-ef31403 elementor-widget elementor-widget-facebook-embed\" data-id=\"ef31403\" data-element_type=\"widget\" data-e-type=\"widget\" data-widget_type=\"facebook-embed.default\">\n\t\t\t\t\t<div style=\"min-height: 1px\" class=\"elementor-facebook-widget fb-post\" data-href=\"https:\/\/www.facebook.com\/61552197235546\/videos\/782632560625929\" data-show-text=\"false\"><\/div>\t\t\t\t<\/div>\n\t\t\t\t\t<\/div>\n\t\t<\/div>\n\t\t\t\t\t<\/div>\n\t\t<\/section>\n\t\t\t\t<section data-particle_enable=\"false\" data-particle-mobile-disabled=\"false\" class=\"elementor-section elementor-top-section elementor-element elementor-element-cb70f07 elementor-section-boxed elementor-section-height-default elementor-section-height-default\" data-id=\"cb70f07\" data-element_type=\"section\" data-e-type=\"section\">\n\t\t\t\t\t\t<div class=\"elementor-container elementor-column-gap-default\">\n\t\t\t\t\t<div class=\"elementor-column elementor-col-100 elementor-top-column elementor-element elementor-element-5655ff7\" data-id=\"5655ff7\" data-element_type=\"column\" data-e-type=\"column\">\n\t\t\t<div class=\"elementor-widget-wrap elementor-element-populated\">\n\t\t\t\t\t\t<div class=\"elementor-element elementor-element-7d55e2b elementor-widget elementor-widget-heading\" data-id=\"7d55e2b\" data-element_type=\"widget\" data-e-type=\"widget\" data-widget_type=\"heading.default\">\n\t\t\t\t\t<h3 class=\"elementor-heading-title elementor-size-default\">Comunidad hispana expresa desacuerdo<\/h3>\t\t\t\t<\/div>\n\t\t\t\t\t<\/div>\n\t\t<\/div>\n\t\t\t\t\t<\/div>\n\t\t<\/section>\n\t\t\t\t<section data-particle_enable=\"false\" data-particle-mobile-disabled=\"false\" class=\"elementor-section elementor-top-section elementor-element elementor-element-38f3bc9 elementor-section-boxed elementor-section-height-default elementor-section-height-default\" data-id=\"38f3bc9\" data-element_type=\"section\" data-e-type=\"section\">\n\t\t\t\t\t\t<div class=\"elementor-container elementor-column-gap-default\">\n\t\t\t\t\t<div class=\"elementor-column elementor-col-100 elementor-top-column elementor-element elementor-element-17b1279\" data-id=\"17b1279\" data-element_type=\"column\" data-e-type=\"column\">\n\t\t\t<div class=\"elementor-widget-wrap elementor-element-populated\">\n\t\t\t\t\t\t<div class=\"elementor-element elementor-element-ce30dd4 elementor-widget elementor-widget-text-editor\" data-id=\"ce30dd4\" data-element_type=\"widget\" data-e-type=\"widget\" data-widget_type=\"text-editor.default\">\n\t\t\t\t\t\t\t\t\t<p><span style=\"color: var( --e-global-color-text );\"><a href=\"https:\/\/p2a.co\/K90x298?fbclid=IwZXh0bgNhZW0CMTAAAR2dtaGmOpoIB_zownw8TNPttMU4sH4mvwpM47Wz_uDHkgp62t5rRfYJ7v4_aem_AbJCQcq7RlyZlBkoLw6V172LSoMeftj3YlKyAMiyDAgGilAqoMw_DRhhm4oky-RdpaTCuImFCbLQtAfCLzZ5J6nl\">Migrantes hispanos de Oklahoma crearon una campa\u00f1a para enviar mensajes al gobernador Stitt en contra de la norma 4156<\/a>, por considerar que &#8220;representa una amenaza directa para las comunidades de inmigrantes en Oklahoma, planteando riesgos significativos para su seguridad y estabilidad&#8221;.<\/span><\/p><p>A\u00f1aden en su solicitud que tal ley &#8220;impondr\u00eda sanciones severas, incluido un delito menor y una multa de 500 d\u00f3lares para cualquier persona que se encuentre sin documentos legales en el estado. Los infractores tendr\u00edan un plazo de 72 horas para abandonar el estado. Una segunda infracci\u00f3n conllevar\u00eda un delito grave, con\u00a0 multa de hasta $1,000 d\u00f3lares y hasta dos a\u00f1os de prisi\u00f3n&#8221;.<\/p><p><span style=\"font-family: Roboto, sans-serif; font-size: 16px; font-style: normal; font-variant-ligatures: normal; font-variant-caps: normal; font-weight: 400;\">A inicios de abril, cuando a\u00fan se discut\u00eda en el Congreso estatal, su presidente,\u00a0 Charles McCall, declar\u00f3 que su objetivo era: &#8220;Hacer que Oklahoma resulte menos atractivo para los inmigrantes ilegales&#8221;. Esta norma crea el delito de &#8220;ocupaci\u00f3n no permitida&#8221;<\/span><\/p><p><span style=\"font-family: Roboto, sans-serif; font-size: 16px; font-style: normal; font-variant-ligatures: normal; font-variant-caps: normal; font-weight: 400;\">\u00a0<\/span><\/p><p>Esta norma surge en el contexto del a\u00f1o electoral, en el cual el tema migratorio se vuelve pol\u00e9mico, pues ciertos pol\u00edticos buscan encasillar a los migrantes indocumentados como delincuentes. De hecho, el presidente del Senado declar\u00f3 que esta ley se planteaba por estar en desacuerdo con la pol\u00edtica migratoria del gobierno federal de Joe Biden.<\/p><p><span style=\"color: var( --e-global-color-text );\">Por su parte, el gobernador Kevin Stitt, republicano, dijo: \u201cEste proyecto de ley dice que si tienes DACA, visas de trabajo, residencia permanente, <a href=\"https:\/\/soymigrante.com\/revista\/cuales-son-los-requisitos-para-pedir-asilo-en-estados-unidos\/\">si has pedido asilo pol\u00edtico en los EE.UU.<\/a>, no tendr\u00e1s ning\u00fan problema&#8230;As\u00ed que todav\u00eda lo estamos revisando, pero tenemos que ser un Estado de ley y orden\u201d.<\/span><\/p><p><span style=\"color: var( --e-global-color-text );\">\u00a0<\/span><\/p>\t\t\t\t\t\t\t\t<\/div>\n\t\t\t\t\t<\/div>\n\t\t<\/div>\n\t\t\t\t\t<\/div>\n\t\t<\/section>\n\t\t\t\t<section data-particle_enable=\"false\" data-particle-mobile-disabled=\"false\" class=\"elementor-section elementor-top-section elementor-element elementor-element-354aa78 elementor-section-boxed elementor-section-height-default elementor-section-height-default\" data-id=\"354aa78\" data-element_type=\"section\" data-e-type=\"section\">\n\t\t\t\t\t\t<div class=\"elementor-container elementor-column-gap-default\">\n\t\t\t\t\t<div class=\"elementor-column elementor-col-100 elementor-top-column elementor-element elementor-element-8fc151e\" data-id=\"8fc151e\" data-element_type=\"column\" data-e-type=\"column\">\n\t\t\t<div class=\"elementor-widget-wrap elementor-element-populated\">\n\t\t\t\t\t\t<div class=\"elementor-element elementor-element-84b0af7 elementor-widget elementor-widget-button\" data-id=\"84b0af7\" data-element_type=\"widget\" data-e-type=\"widget\" data-widget_type=\"button.default\">\n\t\t\t\t\t\t\t\t\t\t<a class=\"elementor-button elementor-button-link elementor-size-sm\" href=\"https:\/\/p2a.co\/K90x298?fbclid=IwZXh0bgNhZW0CMTAAAR2dtaGmOpoIB_zownw8TNPttMU4sH4mvwpM47Wz_uDHkgp62t5rRfYJ7v4_aem_AbJCQcq7RlyZlBkoLw6V172LSoMeftj3YlKyAMiyDAgGilAqoMw_DRhhm4oky-RdpaTCuImFCbLQtAfCLzZ5J6nl\">\n\t\t\t\t\t\t<span class=\"elementor-button-content-wrapper\">\n\t\t\t\t\t\t\t\t\t<span class=\"elementor-button-text\">Si desea unirse a la petici\u00f3n de veto a la ley, puede dar clic aqu\u00ed<\/span>\n\t\t\t\t\t<\/span>\n\t\t\t\t\t<\/a>\n\t\t\t\t\t\t\t\t<\/div>\n\t\t\t\t\t<\/div>\n\t\t<\/div>\n\t\t\t\t\t<\/div>\n\t\t<\/section>\n\t\t\t\t<section data-particle_enable=\"false\" data-particle-mobile-disabled=\"false\" class=\"elementor-section elementor-top-section elementor-element elementor-element-d769a8a elementor-section-boxed elementor-section-height-default elementor-section-height-default\" data-id=\"d769a8a\" data-element_type=\"section\" data-e-type=\"section\">\n\t\t\t\t\t\t<div class=\"elementor-container elementor-column-gap-default\">\n\t\t\t\t\t<div class=\"elementor-column elementor-col-100 elementor-top-column elementor-element elementor-element-e8dd62a\" data-id=\"e8dd62a\" data-element_type=\"column\" data-e-type=\"column\">\n\t\t\t<div class=\"elementor-widget-wrap elementor-element-populated\">\n\t\t\t\t\t\t<div class=\"elementor-element elementor-element-dd40e00 elementor-widget elementor-widget-text-editor\" data-id=\"dd40e00\" data-element_type=\"widget\" data-e-type=\"widget\" data-widget_type=\"text-editor.default\">\n\t\t\t\t\t\t\t\t\t<p>\u00a0<span style=\"color: var( --e-global-color-text );\">Esta norma surge en el contexto del a\u00f1o electoral, en el cual el tema migratorio se vuelve pol\u00e9mico, pues <a href=\"https:\/\/soymigrante.com\/revista\/ley-antimigrantes-en-florida-no-solo-es-una-vienen-tres-mas\/\">ciertos pol\u00edticos en varios estados buscan encasillar a los migrantes indocumentados como delincuentes o penalizarlos<\/a>. De hecho, el presidente del Senado declar\u00f3 que esta ley se planteaba por estar en desacuerdo con la pol\u00edtica migratoria del gobierno federal de Joe Biden.<\/span><\/p><p><span style=\"color: var( --e-global-color-text );\">Por su parte, el gobernador Kevin Stitt, republicano, dijo: \u201cEste proyecto de ley dice que si tienes DACA, visas de trabajo, residencia permanente, si has pedido asilo pol\u00edtico en los EE.UU., no tendr\u00e1s ning\u00fan problema&#8230;As\u00ed que todav\u00eda lo estamos revisando, pero tenemos que ser un Estado de ley y orden\u201d.<\/span><\/p><p><span style=\"color: var( --e-global-color-text );\">\u00a0<\/span><\/p>\t\t\t\t\t\t\t\t<\/div>\n\t\t\t\t\t<\/div>\n\t\t<\/div>\n\t\t\t\t\t<\/div>\n\t\t<\/section>\n\t\t\t\t<section data-particle_enable=\"false\" data-particle-mobile-disabled=\"false\" class=\"elementor-section elementor-top-section elementor-element elementor-element-631b369 elementor-section-boxed elementor-section-height-default elementor-section-height-default\" data-id=\"631b369\" data-element_type=\"section\" data-e-type=\"section\">\n\t\t\t\t\t\t<div class=\"elementor-container elementor-column-gap-default\">\n\t\t\t\t\t<div class=\"elementor-column elementor-col-100 elementor-top-column elementor-element elementor-element-b72189a\" data-id=\"b72189a\" data-element_type=\"column\" data-e-type=\"column\">\n\t\t\t<div class=\"elementor-widget-wrap elementor-element-populated\">\n\t\t\t\t\t\t<div class=\"elementor-element elementor-element-6414653 elementor-widget elementor-widget-heading\" data-id=\"6414653\" data-element_type=\"widget\" data-e-type=\"widget\" data-widget_type=\"heading.default\">\n\t\t\t\t\t<h4 class=\"elementor-heading-title elementor-size-default\">En febrero de 2023, gobernador de Oklahoma dijo que si un migrante indocumentado comet\u00eda una infracci\u00f3n solo ser\u00eda multado por la Highway Police mas no detenido. Pero grupos migrantes temen que ahora eso cambie bajo el nuevo delito de \"ocupaci\u00f3n ilegal\" planteado en la ley 4156.<\/h4>\t\t\t\t<\/div>\n\t\t\t\t\t<\/div>\n\t\t<\/div>\n\t\t\t\t\t<\/div>\n\t\t<\/section>\n\t\t\t\t<section data-particle_enable=\"false\" data-particle-mobile-disabled=\"false\" class=\"elementor-section elementor-top-section elementor-element elementor-element-9f738bb elementor-section-boxed elementor-section-height-default elementor-section-height-default\" data-id=\"9f738bb\" data-element_type=\"section\" data-e-type=\"section\">\n\t\t\t\t\t\t<div class=\"elementor-container elementor-column-gap-default\">\n\t\t\t\t\t<div class=\"elementor-column elementor-col-100 elementor-top-column elementor-element elementor-element-33a9952\" data-id=\"33a9952\" data-element_type=\"column\" data-e-type=\"column\">\n\t\t\t<div class=\"elementor-widget-wrap elementor-element-populated\">\n\t\t\t\t\t\t<div class=\"elementor-element elementor-element-db47f7b elementor-widget elementor-widget-facebook-embed\" data-id=\"db47f7b\" data-element_type=\"widget\" data-e-type=\"widget\" data-widget_type=\"facebook-embed.default\">\n\t\t\t\t\t<div style=\"min-height: 1px\" class=\"elementor-facebook-widget fb-post\" data-href=\"https:\/\/www.facebook.com\/quebuenatulsa1\/videos\/442004568381644\" data-show-text=\"false\"><\/div>\t\t\t\t<\/div>\n\t\t\t\t\t<\/div>\n\t\t<\/div>\n\t\t\t\t\t<\/div>\n\t\t<\/section>\n\t\t\t\t<section data-particle_enable=\"false\" data-particle-mobile-disabled=\"false\" class=\"elementor-section elementor-top-section elementor-element elementor-element-7516974 elementor-section-boxed elementor-section-height-default elementor-section-height-default\" data-id=\"7516974\" data-element_type=\"section\" data-e-type=\"section\">\n\t\t\t\t\t\t<div class=\"elementor-container elementor-column-gap-default\">\n\t\t\t\t\t<div class=\"elementor-column elementor-col-100 elementor-top-column elementor-element elementor-element-d61eb4b\" data-id=\"d61eb4b\" data-element_type=\"column\" data-e-type=\"column\">\n\t\t\t<div class=\"elementor-widget-wrap elementor-element-populated\">\n\t\t\t\t\t\t<div class=\"elementor-element elementor-element-ad34b9d elementor-widget elementor-widget-heading\" data-id=\"ad34b9d\" data-element_type=\"widget\" data-e-type=\"widget\" data-widget_type=\"heading.default\">\n\t\t\t\t\t<h3 class=\"elementor-heading-title elementor-size-default\">Guatemaltecos piden apoyo al gobierno<\/h3>\t\t\t\t<\/div>\n\t\t\t\t\t<\/div>\n\t\t<\/div>\n\t\t\t\t\t<\/div>\n\t\t<\/section>\n\t\t\t\t<section data-particle_enable=\"false\" data-particle-mobile-disabled=\"false\" class=\"elementor-section elementor-top-section elementor-element elementor-element-9dc10eb elementor-section-boxed elementor-section-height-default elementor-section-height-default\" data-id=\"9dc10eb\" data-element_type=\"section\" data-e-type=\"section\">\n\t\t\t\t\t\t<div class=\"elementor-container elementor-column-gap-default\">\n\t\t\t\t\t<div class=\"elementor-column elementor-col-100 elementor-top-column elementor-element elementor-element-62e6908\" data-id=\"62e6908\" data-element_type=\"column\" data-e-type=\"column\">\n\t\t\t<div class=\"elementor-widget-wrap elementor-element-populated\">\n\t\t\t\t\t\t<div class=\"elementor-element elementor-element-92f06b9 elementor-widget elementor-widget-text-editor\" data-id=\"92f06b9\" data-element_type=\"widget\" data-e-type=\"widget\" data-widget_type=\"text-editor.default\">\n\t\t\t\t\t\t\t\t\t<p>&#8220;Somos parte importante en cada compra que hacemos, los que tenemos un ITIN pagamos impuesto, agradecemos a este pais la oportunidad que nos ha dado. Tuvimos que dejar a nuestra Familia&#8221;, dijo una migrante guatemalteca, originaria de Quetzaltenango, quien se identific\u00f3 como Andrea, en un video, en el cual pidi\u00f3 el apoyo del gobierno de Guatemala para expresar su rechazo a la ley antimigrante.<\/p><p>El consulado de Guatemala en Oklahoma efectu\u00f3 una jornada de informaci\u00f3n y orientaci\u00f3n legal a connacionales. Asimismo invitan a todo guatemalteco a que acuda para resolver sus dudas.\u00a0<\/p>\t\t\t\t\t\t\t\t<\/div>\n\t\t\t\t\t<\/div>\n\t\t<\/div>\n\t\t\t\t\t<\/div>\n\t\t<\/section>\n\t\t\t\t<section data-particle_enable=\"false\" data-particle-mobile-disabled=\"false\" class=\"elementor-section elementor-top-section elementor-element elementor-element-4b9e51a elementor-section-boxed elementor-section-height-default elementor-section-height-default\" data-id=\"4b9e51a\" data-element_type=\"section\" data-e-type=\"section\">\n\t\t\t\t\t\t<div class=\"elementor-container elementor-column-gap-default\">\n\t\t\t\t\t<div class=\"elementor-column elementor-col-100 elementor-top-column elementor-element elementor-element-ce2609c\" data-id=\"ce2609c\" data-element_type=\"column\" data-e-type=\"column\">\n\t\t\t<div class=\"elementor-widget-wrap elementor-element-populated\">\n\t\t\t\t\t\t<div class=\"elementor-element elementor-element-ff17b81 elementor-widget elementor-widget-facebook-page\" data-id=\"ff17b81\" data-element_type=\"widget\" data-e-type=\"widget\" data-widget_type=\"facebook-page.default\">\n\t\t\t\t\t<div class=\"elementor-facebook-widget fb-page\" data-href=\"https:\/\/www.facebook.com\/pages\/Consulado-De-Guatemala-En-Oklahoma-City\/1788028444822059\" data-tabs=\"timeline\" data-height=\"500px\" data-width=\"500px\" data-small-header=\"false\" data-hide-cover=\"false\" data-show-facepile=\"true\" data-hide-cta=\"false\" style=\"min-height: 1px;height:500px\"><\/div>\t\t\t\t<\/div>\n\t\t\t\t\t<\/div>\n\t\t<\/div>\n\t\t\t\t\t<\/div>\n\t\t<\/section>\n\t\t\t\t<section data-particle_enable=\"false\" data-particle-mobile-disabled=\"false\" class=\"elementor-section elementor-top-section elementor-element elementor-element-7147bee elementor-section-boxed elementor-section-height-default elementor-section-height-default\" data-id=\"7147bee\" data-element_type=\"section\" data-e-type=\"section\">\n\t\t\t\t\t\t<div class=\"elementor-container elementor-column-gap-default\">\n\t\t\t\t\t<div class=\"elementor-column elementor-col-100 elementor-top-column elementor-element elementor-element-71a4899\" data-id=\"71a4899\" data-element_type=\"column\" data-e-type=\"column\">\n\t\t\t<div class=\"elementor-widget-wrap elementor-element-populated\">\n\t\t\t\t\t\t\t<\/div>\n\t\t<\/div>\n\t\t\t\t\t<\/div>\n\t\t<\/section>\n\t\t\t\t<section data-particle_enable=\"false\" data-particle-mobile-disabled=\"false\" class=\"elementor-section elementor-top-section elementor-element elementor-element-cef8d83 elementor-section-boxed elementor-section-height-default elementor-section-height-default\" data-id=\"cef8d83\" data-element_type=\"section\" data-e-type=\"section\">\n\t\t\t\t\t\t<div class=\"elementor-container elementor-column-gap-default\">\n\t\t\t\t\t<div class=\"elementor-column elementor-col-100 elementor-top-column elementor-element elementor-element-a786839\" data-id=\"a786839\" data-element_type=\"column\" data-e-type=\"column\">\n\t\t\t<div class=\"elementor-widget-wrap elementor-element-populated\">\n\t\t\t\t\t\t<div class=\"elementor-element elementor-element-763aca3 elementor-widget elementor-widget-heading\" data-id=\"763aca3\" data-element_type=\"widget\" data-e-type=\"widget\" data-widget_type=\"heading.default\">\n\t\t\t\t\t<h2 class=\"elementor-heading-title elementor-size-default\">Otros temas que podr\u00edan ser de utilidad<\/h2>\t\t\t\t<\/div>\n\t\t\t\t\t<\/div>\n\t\t<\/div>\n\t\t\t\t\t<\/div>\n\t\t<\/section>\n\t\t\t\t<section data-particle_enable=\"false\" data-particle-mobile-disabled=\"false\" class=\"elementor-section elementor-top-section elementor-element elementor-element-22c972a elementor-section-boxed elementor-section-height-default elementor-section-height-default\" data-id=\"22c972a\" data-element_type=\"section\" data-e-type=\"section\">\n\t\t\t\t\t\t<div class=\"elementor-container elementor-column-gap-default\">\n\t\t\t\t\t<div class=\"elementor-column elementor-col-100 elementor-top-column elementor-element elementor-element-7cd5ddc\" data-id=\"7cd5ddc\" data-element_type=\"column\" data-e-type=\"column\">\n\t\t\t<div class=\"elementor-widget-wrap elementor-element-populated\">\n\t\t\t\t\t\t<div class=\"elementor-element elementor-element-9c55dd5 elementor-widget elementor-widget-blfe-post-grid\" data-id=\"9c55dd5\" data-element_type=\"widget\" data-e-type=\"widget\" data-settings=\"{&quot;columns&quot;:&quot;3&quot;,&quot;columns_tablet&quot;:&quot;6&quot;,&quot;columns_mobile&quot;:&quot;12&quot;,&quot;hero1_layout_column_gap&quot;:{&quot;unit&quot;:&quot;px&quot;,&quot;size&quot;:30,&quot;sizes&quot;:[]},&quot;hero1_layout_column_gap_tablet&quot;:{&quot;unit&quot;:&quot;px&quot;,&quot;size&quot;:&quot;&quot;,&quot;sizes&quot;:[]},&quot;hero1_layout_column_gap_mobile&quot;:{&quot;unit&quot;:&quot;px&quot;,&quot;size&quot;:&quot;&quot;,&quot;sizes&quot;:[]},&quot;hero1_layout_row_gap&quot;:{&quot;unit&quot;:&quot;px&quot;,&quot;size&quot;:30,&quot;sizes&quot;:[]},&quot;hero1_layout_row_gap_tablet&quot;:{&quot;unit&quot;:&quot;px&quot;,&quot;size&quot;:&quot;&quot;,&quot;sizes&quot;:[]},&quot;hero1_layout_row_gap_mobile&quot;:{&quot;unit&quot;:&quot;px&quot;,&quot;size&quot;:&quot;&quot;,&quot;sizes&quot;:[]}}\" data-widget_type=\"blfe-post-grid.hero1\">\n\t\t\t\t<div class=\"elementor-widget-container\">\n\t\t\t\t\t\n                        <div class=\"blfe-post-grid-container \">\n            \n                <div data-skin=\"hero1\" class=\"blfe-row blfe-posts-inner blfe-hero1 blfe-posts-inner blfe-col-3 blfe-col-tab-6 blfe-col-mob-12     \">\n                            <div class=\"blfe-post-grid-item\">\n            <div class=\"blfe-post-grid-item-inner blfe-modern-zoom\">\n                        <div class=\"blfe-post-grid-bg-image\">\n            <a class=\"blfe-post-grid-image-inner\" href=\"https:\/\/soymigrante.com\/revista\/experto-en-migracion-radicado-en-texas-responde-preguntas-sobre-medidas-migratorias\/\" title=\"Experto en migraci\u00f3n radicado en Texas responde preguntas sobre medidas migratorias\" rel=\"nofollow\" target=\"_blank\"><img decoding=\"async\" src=\"https:\/\/soymigrante.com\/revista\/wp-content\/uploads\/2025\/01\/inmigracion-scaled.webp\" alt=\"Experto en migraci\u00f3n radicado en Texas responde preguntas sobre medidas migratorias\"\/><\/a>        <\/div>\n                        <div class=\"blfe-post-grid-details\">\n                    <div class=\"blfe-post-grid-details-inner\">\n                        <span class=\"blfe-post-category\"><a href=\"https:\/\/soymigrante.com\/revista\/category\/recursos-migratorios\/\">Recursos Migratorios<\/a><\/span>                        <h3 class=\"blfe-post-grid-title\">\n            <a href=\"https:\/\/soymigrante.com\/revista\/experto-en-migracion-radicado-en-texas-responde-preguntas-sobre-medidas-migratorias\/\" title=\"Experto en migraci\u00f3n radicado en Texas responde preguntas sobre medidas migratorias\" rel=\"nofollow\" target=\"_blank\">Experto en migraci\u00f3n radicado en Texas responde preguntas sobre medidas migratorias<\/a>\n            <\/h3>                                                            <div class=\"blfe-post-grid-meta\">\n                <span class=\"blfe-post-grid-author\"><i class=\"fa fa-user far fa-user\"><\/i>by <a href=\"https:\/\/soymigrante.com\/revista\/author\/beatriz-tercero\/\">Beatriz Tercero<\/a><\/span>                    <div class=\"blfe-post-meta-dot\"><\/div>\n                    <span class=\"blfe-post-grid-date\"><i class=\"fa fa-calendar-alt far fa-calendar-alt\"><\/i>28\/01\/2025<\/span>                    <div class=\"blfe-post-meta-dot\"><\/div>\n                                <\/div>\n                                                        <\/div>\n                <\/div>\n\n            <\/div>\n        <\/div>\n                <div class=\"blfe-post-grid-item\">\n            <div class=\"blfe-post-grid-item-inner blfe-modern-zoom\">\n                        <div class=\"blfe-post-grid-bg-image\">\n            <a class=\"blfe-post-grid-image-inner\" href=\"https:\/\/soymigrante.com\/revista\/beneficios-del-head-start-en-usa-para-el-cuidado-de-ninos-menores-de-5-anos\/\" title=\"Beneficios del Head Start en USA para el cuidado de ni\u00f1os menores de 5 a\u00f1os\" rel=\"nofollow\" target=\"_blank\"><img decoding=\"async\" src=\"https:\/\/soymigrante.com\/revista\/wp-content\/uploads\/2024\/12\/head-start-usa-2-scaled.webp\" alt=\"Beneficios del Head Start en USA para el cuidado de ni\u00f1os menores de 5 a\u00f1os\"\/><\/a>        <\/div>\n                        <div class=\"blfe-post-grid-details\">\n                    <div class=\"blfe-post-grid-details-inner\">\n                        <span class=\"blfe-post-category\"><a href=\"https:\/\/soymigrante.com\/revista\/category\/recursos-migratorios\/\">Recursos Migratorios<\/a><\/span>                        <h3 class=\"blfe-post-grid-title\">\n            <a href=\"https:\/\/soymigrante.com\/revista\/beneficios-del-head-start-en-usa-para-el-cuidado-de-ninos-menores-de-5-anos\/\" title=\"Beneficios del Head Start en USA para el cuidado de ni\u00f1os menores de 5 a\u00f1os\" rel=\"nofollow\" target=\"_blank\">Beneficios del Head Start en USA para el cuidado de ni\u00f1os menores de 5 a\u00f1os<\/a>\n            <\/h3>                                                            <div class=\"blfe-post-grid-meta\">\n                <span class=\"blfe-post-grid-author\"><i class=\"fa fa-user far fa-user\"><\/i>by <a href=\"https:\/\/soymigrante.com\/revista\/author\/beatriz-tercero\/\">Beatriz Tercero<\/a><\/span>                    <div class=\"blfe-post-meta-dot\"><\/div>\n                    <span class=\"blfe-post-grid-date\"><i class=\"fa fa-calendar-alt far fa-calendar-alt\"><\/i>03\/12\/2024<\/span>                    <div class=\"blfe-post-meta-dot\"><\/div>\n                                <\/div>\n                                                        <\/div>\n                <\/div>\n\n            <\/div>\n        <\/div>\n                <div class=\"blfe-post-grid-item\">\n            <div class=\"blfe-post-grid-item-inner blfe-modern-zoom\">\n                        <div class=\"blfe-post-grid-bg-image\">\n            <a class=\"blfe-post-grid-image-inner\" href=\"https:\/\/soymigrante.com\/revista\/usa-autoriza-visas-temporales-de-trabajo-para-guatemaltecos-en-el-2025\/\" title=\"USA autoriza aumento de visas temporales de trabajo para guatemaltecos en el 2025\" rel=\"nofollow\" target=\"_blank\"><img decoding=\"async\" src=\"https:\/\/soymigrante.com\/revista\/wp-content\/uploads\/2024\/11\/trabajo-migrante.webp\" alt=\"USA autoriza aumento de visas temporales de trabajo para guatemaltecos en el 2025\"\/><\/a>        <\/div>\n                        <div class=\"blfe-post-grid-details\">\n                    <div class=\"blfe-post-grid-details-inner\">\n                        <span class=\"blfe-post-category\"><a href=\"https:\/\/soymigrante.com\/revista\/category\/recursos-migratorios\/\">Recursos Migratorios<\/a><\/span>                        <h3 class=\"blfe-post-grid-title\">\n            <a href=\"https:\/\/soymigrante.com\/revista\/usa-autoriza-visas-temporales-de-trabajo-para-guatemaltecos-en-el-2025\/\" title=\"USA autoriza aumento de visas temporales de trabajo para guatemaltecos en el 2025\" rel=\"nofollow\" target=\"_blank\">USA autoriza aumento de visas temporales de trabajo para guatemaltecos en el 2025<\/a>\n            <\/h3>                                                            <div class=\"blfe-post-grid-meta\">\n                <span class=\"blfe-post-grid-author\"><i class=\"fa fa-user far fa-user\"><\/i>by <a href=\"https:\/\/soymigrante.com\/revista\/author\/beatriz-tercero\/\">Beatriz Tercero<\/a><\/span>                    <div class=\"blfe-post-meta-dot\"><\/div>\n                    <span class=\"blfe-post-grid-date\"><i class=\"fa fa-calendar-alt far fa-calendar-alt\"><\/i>22\/11\/2024<\/span>                    <div class=\"blfe-post-meta-dot\"><\/div>\n                                <\/div>\n                                                        <\/div>\n                <\/div>\n\n            <\/div>\n        <\/div>\n                        <\/div>\n\n                        <\/div>\n            \n                        <div class=\"blfe-post-footer\">\n                        <\/div>\n            \t\t\t\t<\/div>\n\t\t\t\t<\/div>\n\t\t\t\t\t<\/div>\n\t\t<\/div>\n\t\t\t\t\t<\/div>\n\t\t<\/section>\n\t\t\t\t<\/div>\n\t\t","protected":false},"excerpt":{"rendered":"<p>Gobernador de Oklahoma debe decidir si aprueba la Ley 4156, con medidas antimigrantes aprobadas por el Congreso y el Senado estatal. Migrantes hispanos expresan su rechazo en manifestaciones pac\u00edficas y peticiones escritas. El Senado de Oklahoma aprob\u00f3 el proyecto de ley 4156, que establece nuevas medidas contra migrantes indocumentados y la decisi\u00f3n de ponerla en [&hellip;]<\/p>\n","protected":false},"author":7,"featured_media":6218,"comment_status":"open","ping_status":"open","sticky":false,"template":"","format":"standard","meta":{"_acf_changed":false,"_eb_attr":"","footnotes":""},"categories":[54],"tags":[],"class_list":["post-6217","post","type-post","status-publish","format-standard","has-post-thumbnail","hentry","category-estamos-unidos"],"acf":[],"aioseo_notices":[],"aioseo_head":"\n\t\t<!-- All in One SEO Pro 4.9.6.2 - aioseo.com -->\n\t<meta name=\"description\" content=\"El Departamento de Seguridad Nacional y el Departamento de Trabajo anunciaron la emisi\u00f3n de m\u00e1s permisos de trabajo temporal. Algunos detalles sobre el programa\" \/>\n\t<meta name=\"robots\" content=\"max-snippet:-1, max-image-preview:large, max-video-preview:-1\" \/>\n\t<meta name=\"author\" content=\"Beatriz Tercero\"\/>\n\t<link rel=\"canonical\" href=\"https:\/\/soymigrante.com\/revista\/usa-autoriza-visas-temporales-de-trabajo-para-guatemaltecos-en-el-2025\/\" \/>\n\t<meta name=\"generator\" content=\"All in One SEO Pro (AIOSEO) 4.9.6.2\" \/>\n\n\t\t<link rel=\"preconnect\" href=\"https:\/\/fonts.googleapis.com\" crossorigin>\n<link rel=\"preconnect\" href=\"https:\/\/fonts.gstatic.com\" crossorigin>\n\t\t<meta property=\"og:locale\" content=\"es_ES\" \/>\n\t\t<meta property=\"og:site_name\" content=\"SoyMigrante.com REVISTA \u2013 Nuestra misi\u00f3n es reconocer y dignificar al migrante.\" \/>\n\t\t<meta property=\"og:type\" content=\"article\" \/>\n\t\t<meta property=\"og:title\" content=\"USA incrementa visas de trabajo para guatemaltecos en el 2025\" \/>\n\t\t<meta property=\"og:description\" content=\"El Departamento de Seguridad Nacional y el Departamento de Trabajo anunciaron la emisi\u00f3n de m\u00e1s permisos de trabajo temporal. Algunos detalles sobre el programa\" \/>\n\t\t<meta property=\"og:url\" content=\"https:\/\/soymigrante.com\/revista\/usa-autoriza-visas-temporales-de-trabajo-para-guatemaltecos-en-el-2025\/\" \/>\n\t\t<meta property=\"og:image\" content=\"https:\/\/soymigrante.com\/revista\/wp-content\/uploads\/2024\/11\/trabajo-migrante.webp\" \/>\n\t\t<meta property=\"og:image:secure_url\" content=\"https:\/\/soymigrante.com\/revista\/wp-content\/uploads\/2024\/11\/trabajo-migrante.webp\" \/>\n\t\t<meta property=\"og:image:width\" content=\"897\" \/>\n\t\t<meta property=\"og:image:height\" content=\"897\" \/>\n\t\t<meta property=\"article:published_time\" content=\"2024-11-22T21:03:03+00:00\" \/>\n\t\t<meta property=\"article:modified_time\" content=\"2024-12-01T05:06:30+00:00\" \/>\n\t\t<meta property=\"article:publisher\" content=\"https:\/\/www.facebook.com\/soymigrantecom\" \/>\n\t\t<meta name=\"twitter:card\" content=\"summary_large_image\" \/>\n\t\t<meta name=\"twitter:site\" content=\"@SoyMigrante_com\" \/>\n\t\t<meta name=\"twitter:title\" content=\"USA incrementa visas de trabajo para guatemaltecos en el 2025\" \/>\n\t\t<meta name=\"twitter:description\" content=\"El Departamento de Seguridad Nacional y el Departamento de Trabajo anunciaron la emisi\u00f3n de m\u00e1s permisos de trabajo temporal. Algunos detalles sobre el programa\" \/>\n\t\t<meta name=\"twitter:creator\" content=\"@SoyMigrante_com\" \/>\n\t\t<meta name=\"twitter:image\" content=\"https:\/\/soymigrante.com\/revista\/wp-content\/uploads\/2024\/11\/trabajo-migrante.webp\" \/>\n\t\t<!-- All in One SEO Pro -->\r\n\t\t<title>USA incrementa visas de trabajo para guatemaltecos en el 2025<\/title>\n\n","aioseo_head_json":{"title":"USA incrementa visas de trabajo para guatemaltecos en el 2025","description":"El Departamento de Seguridad Nacional y el Departamento de Trabajo anunciaron la emisi\u00f3n de m\u00e1s permisos de trabajo temporal. Algunos detalles sobre el programa","canonical_url":"https:\/\/soymigrante.com\/revista\/usa-autoriza-visas-temporales-de-trabajo-para-guatemaltecos-en-el-2025\/","robots":"max-snippet:-1, max-image-preview:large, max-video-preview:-1","keywords":"","webmasterTools":{"miscellaneous":"&lt;link rel=\"preconnect\" href=\"https:\/\/fonts.googleapis.com\" crossorigin&gt;\n&lt;link rel=\"preconnect\" href=\"https:\/\/fonts.gstatic.com\" crossorigin&gt;"},"schema":null,"og:locale":"es_ES","og:site_name":"SoyMigrante.com REVISTA \u2013 Nuestra misi\u00f3n es reconocer y dignificar al migrante.","og:type":"article","og:title":"USA incrementa visas de trabajo para guatemaltecos en el 2025","og:description":"El Departamento de Seguridad Nacional y el Departamento de Trabajo anunciaron la emisi\u00f3n de m\u00e1s permisos de trabajo temporal. Algunos detalles sobre el programa","og:url":"https:\/\/soymigrante.com\/revista\/usa-autoriza-visas-temporales-de-trabajo-para-guatemaltecos-en-el-2025\/","og:image":"https:\/\/soymigrante.com\/revista\/wp-content\/uploads\/2024\/11\/trabajo-migrante.webp","og:image:secure_url":"https:\/\/soymigrante.com\/revista\/wp-content\/uploads\/2024\/11\/trabajo-migrante.webp","og:image:width":897,"og:image:height":897,"article:published_time":"2024-11-22T21:03:03+00:00","article:modified_time":"2024-12-01T05:06:30+00:00","article:publisher":"https:\/\/www.facebook.com\/soymigrantecom","twitter:card":"summary_large_image","twitter:site":"@SoyMigrante_com","twitter:title":"USA incrementa visas de trabajo para guatemaltecos en el 2025","twitter:description":"El Departamento de Seguridad Nacional y el Departamento de Trabajo anunciaron la emisi\u00f3n de m\u00e1s permisos de trabajo temporal. Algunos detalles sobre el programa","twitter:creator":"@SoyMigrante_com","twitter:image":"https:\/\/soymigrante.com\/revista\/wp-content\/uploads\/2024\/11\/trabajo-migrante.webp"},"aioseo_meta_data":{"post_id":"6217","title":null,"description":null,"keywords":[],"keyphrases":{"focus":{"keyphrase":"Migrantes","score":74,"analysis":{"keyphraseInTitle":{"score":3,"maxScore":9,"error":1},"keyphraseInDescription":{"score":9,"maxScore":9,"error":0},"keyphraseLength":{"score":9,"maxScore":9,"error":0,"length":1},"keyphraseInURL":{"score":5,"maxScore":5,"error":0},"keyphraseInIntroduction":{"score":9,"maxScore":9,"error":0},"keyphraseInSubHeadings":{"score":3,"maxScore":9,"error":1},"keyphraseInImageAlt":{"score":3,"maxScore":9,"error":1},"keywordDensity":{"type":"best","score":9,"maxScore":9,"error":0}}},"additional":[]},"primary_term":null,"canonical_url":null,"og_title":null,"og_description":null,"og_object_type":"default","og_image_type":"default","og_image_url":null,"og_image_width":null,"og_image_height":null,"og_image_custom_url":null,"og_image_custom_fields":null,"og_video":"","og_custom_url":null,"og_article_section":null,"og_article_tags":[],"twitter_use_og":false,"twitter_card":"default","twitter_image_type":"default","twitter_image_url":null,"twitter_image_custom_url":null,"twitter_image_custom_fields":null,"twitter_title":null,"twitter_description":null,"schema":{"blockGraphs":[],"customGraphs":[],"default":{"data":{"Article":[],"Course":[],"Dataset":[],"FAQPage":[],"Movie":[],"Person":[],"Product":[],"ProductReview":[],"Car":[],"Recipe":[],"Service":[],"SoftwareApplication":[],"WebPage":[]},"graphName":"BlogPosting","isEnabled":true},"graphs":[]},"schema_type":"default","schema_type_options":null,"pillar_content":false,"robots_default":true,"robots_noindex":false,"robots_noarchive":false,"robots_nosnippet":false,"robots_nofollow":false,"robots_noimageindex":false,"robots_noodp":false,"robots_notranslate":false,"robots_max_snippet":"-1","robots_max_videopreview":"-1","robots_max_imagepreview":"large","priority":null,"frequency":"default","local_seo":null,"seo_analyzer_scan_date":"2025-10-08 21:43:45","breadcrumb_settings":null,"limit_modified_date":false,"reviewed_by":null,"open_ai":null,"ai":null,"created":"2024-04-27 18:26:18","updated":"2026-02-04 11:21:07"},"aioseo_breadcrumb":"<div class=\"aioseo-breadcrumbs\"><span class=\"aioseo-breadcrumb\">\n\t<a href=\"https:\/\/soymigrante.com\/revista\" title=\"Home\">Home<\/a>\n<\/span><span class=\"aioseo-breadcrumb-separator\">\u00bb<\/span><span class=\"aioseo-breadcrumb\">\n\t<a href=\"https:\/\/soymigrante.com\/revista\/category\/estamos-unidos\/\" title=\"Estamos Unidos\">Estamos Unidos<\/a>\n<\/span><span class=\"aioseo-breadcrumb-separator\">\u00bb<\/span><span class=\"aioseo-breadcrumb\">\n\tHispanos se unen para expresar rechazo a ley antimigrantes de Oklahoma\n<\/span><\/div>","aioseo_breadcrumb_json":[{"label":"Home","link":"https:\/\/soymigrante.com\/revista"},{"label":"Estamos Unidos","link":"https:\/\/soymigrante.com\/revista\/category\/estamos-unidos\/"},{"label":"Hispanos se unen para expresar rechazo a ley antimigrantes de Oklahoma","link":"https:\/\/soymigrante.com\/revista\/temor-y-rechazo-genera-proyecto-de-ley-antimigrantes-de-oklahoma\/"}],"_links":{"self":[{"href":"https:\/\/soymigrante.com\/revista\/wp-json\/wp\/v2\/posts\/6217","targetHints":{"allow":["GET"]}}],"collection":[{"href":"https:\/\/soymigrante.com\/revista\/wp-json\/wp\/v2\/posts"}],"about":[{"href":"https:\/\/soymigrante.com\/revista\/wp-json\/wp\/v2\/types\/post"}],"author":[{"embeddable":true,"href":"https:\/\/soymigrante.com\/revista\/wp-json\/wp\/v2\/users\/7"}],"replies":[{"embeddable":true,"href":"https:\/\/soymigrante.com\/revista\/wp-json\/wp\/v2\/comments?post=6217"}],"version-history":[{"count":0,"href":"https:\/\/soymigrante.com\/revista\/wp-json\/wp\/v2\/posts\/6217\/revisions"}],"wp:featuredmedia":[{"embeddable":true,"href":"https:\/\/soymigrante.com\/revista\/wp-json\/wp\/v2\/media\/6218"}],"wp:attachment":[{"href":"https:\/\/soymigrante.com\/revista\/wp-json\/wp\/v2\/media?parent=6217"}],"wp:term":[{"taxonomy":"category","embeddable":true,"href":"https:\/\/soymigrante.com\/revista\/wp-json\/wp\/v2\/categories?post=6217"},{"taxonomy":"post_tag","embeddable":true,"href":"https:\/\/soymigrante.com\/revista\/wp-json\/wp\/v2\/tags?post=6217"}],"curies":[{"name":"wp","href":"https:\/\/api.w.org\/{rel}","templated":true}]}}