{"id":6202,"date":"2024-04-26T15:19:17","date_gmt":"2024-04-26T21:19:17","guid":{"rendered":"https:\/\/soymigrante.com\/revista\/?p=6202"},"modified":"2024-11-01T15:51:48","modified_gmt":"2024-11-01T21:51:48","slug":"historia-vitalina-sanchez-adoptada-estados-unidos-guatemala","status":"publish","type":"post","link":"https:\/\/soymigrante.com\/revista\/historia-vitalina-sanchez-adoptada-estados-unidos-guatemala\/","title":{"rendered":"As\u00ed fue c\u00f3mo Liv S\u00e1nchez, de EE.UU. pas\u00f3 a ser Vitalina, nacida en Guatemala"},"content":{"rendered":"\t\t<div data-elementor-type=\"wp-post\" data-elementor-id=\"6202\" class=\"elementor elementor-6202\" data-elementor-post-type=\"post\">\n\t\t\t\t\t\t<section data-particle_enable=\"false\" data-particle-mobile-disabled=\"false\" class=\"elementor-section elementor-top-section elementor-element elementor-element-f9ea33d elementor-section-boxed elementor-section-height-default elementor-section-height-default\" data-id=\"f9ea33d\" data-element_type=\"section\" data-e-type=\"section\">\n\t\t\t\t\t\t<div class=\"elementor-container elementor-column-gap-default\">\n\t\t\t\t\t<div class=\"elementor-column elementor-col-100 elementor-top-column elementor-element elementor-element-0ab1034\" data-id=\"0ab1034\" data-element_type=\"column\" data-e-type=\"column\">\n\t\t\t<div class=\"elementor-widget-wrap elementor-element-populated\">\n\t\t\t\t\t\t<div class=\"elementor-element elementor-element-29be1f9 elementor-widget elementor-widget-heading\" data-id=\"29be1f9\" data-element_type=\"widget\" data-e-type=\"widget\" data-widget_type=\"heading.default\">\n\t\t\t\t\t<h2 class=\"elementor-heading-title elementor-size-default\">Vitalina \"Liv\" S\u00e1nchez es artista, fot\u00f3grafa, madre, esposa y tambi\u00e9n comadrona. Cre\u00f3 el podcast <i>The Lost Quetzales<\/i> (Los quetzales perdidos) para entrevistar a guatemaltecos adoptados en Estados Unidos. Busc\u00f3 su ra\u00edz y la encontr\u00f3 en la Tierra del Quetzal.  <\/h2>\t\t\t\t<\/div>\n\t\t\t\t\t<\/div>\n\t\t<\/div>\n\t\t\t\t\t<\/div>\n\t\t<\/section>\n\t\t\t\t<section data-particle_enable=\"false\" data-particle-mobile-disabled=\"false\" class=\"elementor-section elementor-top-section elementor-element elementor-element-e18b42b elementor-section-boxed elementor-section-height-default elementor-section-height-default\" data-id=\"e18b42b\" data-element_type=\"section\" data-e-type=\"section\">\n\t\t\t\t\t\t<div class=\"elementor-container elementor-column-gap-default\">\n\t\t\t\t\t<div class=\"elementor-column elementor-col-100 elementor-top-column elementor-element elementor-element-e56b750\" data-id=\"e56b750\" data-element_type=\"column\" data-e-type=\"column\">\n\t\t\t<div class=\"elementor-widget-wrap elementor-element-populated\">\n\t\t\t\t\t\t<div class=\"elementor-element elementor-element-a98b819 elementor-widget elementor-widget-text-editor\" data-id=\"a98b819\" data-element_type=\"widget\" data-e-type=\"widget\" data-widget_type=\"text-editor.default\">\n\t\t\t\t\t\t\t\t\t<p>Cuando ten\u00eda unos 12 a\u00f1os, Olivia Hart se pregunt\u00f3 qui\u00e9n era en realidad. Resid\u00eda en Maine, Estados Unidos. \u00bfPor qu\u00e9 era f\u00edsicamente tan distinta de sus padres? Se preguntaba. Ellos, le respondieron con la verdad:&nbsp; con mucho amor le explicaron que ellos la hab\u00edan adoptado, a muy corta edad, de un orfanato en Guatemala y que la hab\u00edan nombrado Olivia, para que tuviera un nuevo comienzo.&nbsp;<\/p>\n<p>&#8220;\u00a1Yo lo sent\u00eda, lo sab\u00eda. Me pusieron de nombre Olivia, pero no me sent\u00eda como una Olivia!&#8221;, relata. Actualmente tiene 30 a\u00f1os, es esposa y madre, pero tambi\u00e9n hija. &#8220;Al saber de mi origen guatemalteco, me sent\u00ed aliviada y a la vez comenc\u00e9 una b\u00fasqueda&#8221;, relata, en ingl\u00e9s, Vitalina. (S\u00ed, cambi\u00f3 su nombre de Olivia a Vitalina, aunque para sus amigos es Liv, un diminutivo cari\u00f1oso).&nbsp;<\/p>\n<p><span style=\"font-family: Roboto, sans-serif; font-size: 16px; font-style: normal; font-variant-ligatures: normal; font-variant-caps: normal; font-weight: 400;\">Adem\u00e1s, al saberse adoptada, ha buscado a m\u00e1s guatemaltecos adoptados en su ni\u00f1ez y que viven en Estados Unidos.&nbsp;<\/span><a href=\"https:\/\/open.spotify.com\/show\/43ccy7MUgVpztul2RGI38I\" target=\"_blank\" rel=\"noopener\">Vitalina comparte sus historias a trav\u00e9s de entrevistas, en ingl\u00e9s, en su podcast llamado The Lost Quetzals.&nbsp;<\/a><\/p><p><span style=\"color: var( --e-global-color-text );\">Pero toda esta b\u00fasqueda es para ser ella misma.&nbsp;<\/span><span style=\"color: var( --e-global-color-text );\">La raz\u00f3n de ese cambio es el hilo que teje esta historia de b\u00fasqueda, de amor, de gratitud, de arte y tambi\u00e9n de nueva vida, literalmente.&nbsp;&nbsp;<\/span><br><\/p>\n<p><\/p>\n<div>&nbsp;<\/div>\t\t\t\t\t\t\t\t<\/div>\n\t\t\t\t\t<\/div>\n\t\t<\/div>\n\t\t\t\t\t<\/div>\n\t\t<\/section>\n\t\t\t\t<section data-particle_enable=\"false\" data-particle-mobile-disabled=\"false\" class=\"elementor-section elementor-top-section elementor-element elementor-element-ca7609f elementor-section-boxed elementor-section-height-default elementor-section-height-default\" data-id=\"ca7609f\" data-element_type=\"section\" data-e-type=\"section\">\n\t\t\t\t\t\t<div class=\"elementor-container elementor-column-gap-default\">\n\t\t\t\t\t<div class=\"elementor-column elementor-col-100 elementor-top-column elementor-element elementor-element-d8ae9a6\" data-id=\"d8ae9a6\" data-element_type=\"column\" data-e-type=\"column\">\n\t\t\t<div class=\"elementor-widget-wrap elementor-element-populated\">\n\t\t\t\t\t\t<div class=\"elementor-element elementor-element-58c496e elementor-widget elementor-widget-image\" data-id=\"58c496e\" data-element_type=\"widget\" data-e-type=\"widget\" data-widget_type=\"image.default\">\n\t\t\t\t\t\t\t\t\t\t\t\t<figure class=\"wp-caption\">\n\t\t\t\t\t\t\t\t\t\t<img fetchpriority=\"high\" decoding=\"async\" width=\"768\" height=\"764\" src=\"https:\/\/soymigrante.com\/revista\/wp-content\/uploads\/2024\/04\/434414004_430490729466486_4433179976209120614_n-1024x1019.webp\" class=\"attachment-large size-large wp-image-6204\" alt=\"Camiseta y gafas, mujer en naturaleza, bosque sin hojas, fotograf\u00eda al aire libre, mujer sonriendo en la naturaleza, revista SoyMigrante, comunidad migrante, historia de migrantes, derechos migrantes, diversidad cultural.\" srcset=\"https:\/\/soymigrante.com\/revista\/wp-content\/uploads\/2024\/04\/434414004_430490729466486_4433179976209120614_n-1024x1019.webp 1024w, https:\/\/soymigrante.com\/revista\/wp-content\/uploads\/2024\/04\/434414004_430490729466486_4433179976209120614_n-300x298.webp 300w, https:\/\/soymigrante.com\/revista\/wp-content\/uploads\/2024\/04\/434414004_430490729466486_4433179976209120614_n-150x150.webp 150w, https:\/\/soymigrante.com\/revista\/wp-content\/uploads\/2024\/04\/434414004_430490729466486_4433179976209120614_n-768x764.webp 768w, https:\/\/soymigrante.com\/revista\/wp-content\/uploads\/2024\/04\/434414004_430490729466486_4433179976209120614_n-75x75.webp 75w, https:\/\/soymigrante.com\/revista\/wp-content\/uploads\/2024\/04\/434414004_430490729466486_4433179976209120614_n-750x746.webp 750w, https:\/\/soymigrante.com\/revista\/wp-content\/uploads\/2024\/04\/434414004_430490729466486_4433179976209120614_n-1140x1134.webp 1140w, https:\/\/soymigrante.com\/revista\/wp-content\/uploads\/2024\/04\/434414004_430490729466486_4433179976209120614_n.webp 1152w\" sizes=\"(max-width: 768px) 100vw, 768px\" title=\"Vitalina S\u00e1nchez o Liv S\u00e1nchez naci\u00f3 en Guatemala y fue adoptada de beb\u00e9. Vive en Maine, donde es comadrona, artista, madre y esposa. Ha buscado a otros guatemaltecos adoptados en Estados Unidos y cuenta sus historias a trav\u00e9s de su podcast The Lost Quetzales \u2013 SoyMigrante.com REVISTA\" \/>\t\t\t\t\t\t\t\t\t\t\t<figcaption class=\"widget-image-caption wp-caption-text\">Una joven con gafas y camiseta en un entorno boscoso sin hojas, sonriendo frente a la c\u00e1mara, resaltando la diversidad cultural y la historia de migrantes en la revista SoyMigrante, promoviendo derechos y comunidad migrante.<\/figcaption>\n\t\t\t\t\t\t\t\t\t\t<\/figure>\n\t\t\t\t\t\t\t\t\t<\/div>\n\t\t\t\t\t<\/div>\n\t\t<\/div>\n\t\t\t\t\t<\/div>\n\t\t<\/section>\n\t\t\t\t<section data-particle_enable=\"false\" data-particle-mobile-disabled=\"false\" class=\"elementor-section elementor-top-section elementor-element elementor-element-cb3adf1 elementor-section-boxed elementor-section-height-default elementor-section-height-default\" data-id=\"cb3adf1\" data-element_type=\"section\" data-e-type=\"section\">\n\t\t\t\t\t\t<div class=\"elementor-container elementor-column-gap-default\">\n\t\t\t\t\t<div class=\"elementor-column elementor-col-100 elementor-top-column elementor-element elementor-element-e9fb20b\" data-id=\"e9fb20b\" data-element_type=\"column\" data-e-type=\"column\">\n\t\t\t<div class=\"elementor-widget-wrap elementor-element-populated\">\n\t\t\t\t\t\t<div class=\"elementor-element elementor-element-93fc9aa elementor-widget elementor-widget-heading\" data-id=\"93fc9aa\" data-element_type=\"widget\" data-e-type=\"widget\" data-widget_type=\"heading.default\">\n\t\t\t\t\t<h3 class=\"elementor-heading-title elementor-size-default\">\"I'm very thankful with my adoptive parents\"<\/h3>\t\t\t\t<\/div>\n\t\t\t\t\t<\/div>\n\t\t<\/div>\n\t\t\t\t\t<\/div>\n\t\t<\/section>\n\t\t\t\t<section data-particle_enable=\"false\" data-particle-mobile-disabled=\"false\" class=\"elementor-section elementor-top-section elementor-element elementor-element-d8bef73 elementor-section-boxed elementor-section-height-default elementor-section-height-default\" data-id=\"d8bef73\" data-element_type=\"section\" data-e-type=\"section\">\n\t\t\t\t\t\t<div class=\"elementor-container elementor-column-gap-default\">\n\t\t\t\t\t<div class=\"elementor-column elementor-col-100 elementor-top-column elementor-element elementor-element-5bd0150\" data-id=\"5bd0150\" data-element_type=\"column\" data-e-type=\"column\">\n\t\t\t<div class=\"elementor-widget-wrap elementor-element-populated\">\n\t\t\t\t\t\t<div class=\"elementor-element elementor-element-dc75a33 elementor-widget elementor-widget-text-editor\" data-id=\"dc75a33\" data-element_type=\"widget\" data-e-type=\"widget\" data-widget_type=\"text-editor.default\">\n\t\t\t\t\t\t\t\t\t<p><span style=\"color: var( --e-global-color-text );\"><a href=\"https:\/\/www.facebook.com\/profile.php?id=100075166876455https:\/\/www.facebook.com\/profile.php?id=100075166876455\">Vitalina &#8220;Liv&#8221; S\u00e1nchez <\/a>no habla espa\u00f1ol. Creci\u00f3 en Carolina del Norte y despu\u00e9s en Maine. Est\u00e1 felizmente casada, su esposo es de ascendencia mexicana. Tienen 4 hijos. &#8220;Estoy muy agradecida con mis padres adoptivos por la oportunidad que me dieron, el apoyo para estudiar y superarme&#8221;, expresa.<\/span><\/p>\n<p>Elabora artesan\u00edas&nbsp; de macram\u00e9: arte de nudos con hilos y cuerdas; tambi\u00e9n es fot\u00f3grafa, un arte aprendido de su padre adoptivo, fallecido en 2023. Su trabajo de tejido se inspira en el oficio de las tejedoras mayas, pero mediante otro material; sin embargo, ella est\u00e1 consciente de que la vida tiene hilos muy finos que se entretejen.&nbsp;<\/p>\n<p>Ofrece adem\u00e1s el servicio de doula o comadrona, con preparaci\u00f3n pre y post parto, mediante su emprendimiento&nbsp;<a href=\"https:\/\/www.facebook.com\/rootedmamadoulapractice\">Rooted Mama<\/a>.<\/p>\t\t\t\t\t\t\t\t<\/div>\n\t\t\t\t\t<\/div>\n\t\t<\/div>\n\t\t\t\t\t<\/div>\n\t\t<\/section>\n\t\t<div data-particle_enable=\"false\" data-particle-mobile-disabled=\"false\" class=\"elementor-element elementor-element-a745e9b e-flex e-con-boxed e-con e-parent\" data-id=\"a745e9b\" data-element_type=\"container\" data-e-type=\"container\">\n\t\t\t\t\t<div class=\"e-con-inner\">\n\t\t\t\t<div class=\"elementor-element elementor-element-662cc93 elementor-widget elementor-widget-facebook-page\" data-id=\"662cc93\" data-element_type=\"widget\" data-e-type=\"widget\" data-widget_type=\"facebook-page.default\">\n\t\t\t\t\t<div class=\"elementor-facebook-widget fb-page\" data-href=\"https:\/\/www.facebook.com\/profile.php?id=61552497718596\" data-tabs=\"timeline\" data-height=\"500px\" data-width=\"500px\" data-small-header=\"false\" data-hide-cover=\"false\" data-show-facepile=\"true\" data-hide-cta=\"false\" style=\"min-height: 1px;height:500px\"><\/div>\t\t\t\t<\/div>\n\t\t\t\t\t<\/div>\n\t\t\t\t<\/div>\n\t\t\t\t<section data-particle_enable=\"false\" data-particle-mobile-disabled=\"false\" class=\"elementor-section elementor-top-section elementor-element elementor-element-d65b3ef elementor-section-boxed elementor-section-height-default elementor-section-height-default\" data-id=\"d65b3ef\" data-element_type=\"section\" data-e-type=\"section\">\n\t\t\t\t\t\t<div class=\"elementor-container elementor-column-gap-default\">\n\t\t\t\t\t<div class=\"elementor-column elementor-col-100 elementor-top-column elementor-element elementor-element-f338e99\" data-id=\"f338e99\" data-element_type=\"column\" data-e-type=\"column\">\n\t\t\t<div class=\"elementor-widget-wrap elementor-element-populated\">\n\t\t\t\t\t\t<div class=\"elementor-element elementor-element-376d934 elementor-widget elementor-widget-heading\" data-id=\"376d934\" data-element_type=\"widget\" data-e-type=\"widget\" data-widget_type=\"heading.default\">\n\t\t\t\t\t<h3 class=\"elementor-heading-title elementor-size-default\">Vitalina significa \"llena de vida\" <\/h3>\t\t\t\t<\/div>\n\t\t\t\t\t<\/div>\n\t\t<\/div>\n\t\t\t\t\t<\/div>\n\t\t<\/section>\n\t\t\t\t<section data-particle_enable=\"false\" data-particle-mobile-disabled=\"false\" class=\"elementor-section elementor-top-section elementor-element elementor-element-0ba5e4f elementor-section-boxed elementor-section-height-default elementor-section-height-default\" data-id=\"0ba5e4f\" data-element_type=\"section\" data-e-type=\"section\">\n\t\t\t\t\t\t<div class=\"elementor-container elementor-column-gap-default\">\n\t\t\t\t\t<div class=\"elementor-column elementor-col-100 elementor-top-column elementor-element elementor-element-949585f\" data-id=\"949585f\" data-element_type=\"column\" data-e-type=\"column\">\n\t\t\t<div class=\"elementor-widget-wrap elementor-element-populated\">\n\t\t\t\t\t\t<div class=\"elementor-element elementor-element-5bb62c9 elementor-widget elementor-widget-text-editor\" data-id=\"5bb62c9\" data-element_type=\"widget\" data-e-type=\"widget\" data-widget_type=\"text-editor.default\">\n\t\t\t\t\t\t\t\t\t<p><span style=\"color: var( --e-global-color-text );\">La principal ocupaci\u00f3n de <a href=\"https:\/\/www.facebook.com\/profile.php?id=100075166876455\">Vitalina S\u00e1nchez<\/a> es ser una &#8220;doula&#8221;, una comadrona. Le da seguimiento natural a embarazos, ayuda con los partos y trae nuevas vidas.\u00a0<\/span><\/p><p>&#8220;Es un trabajo hermoso ayudar a las mam\u00e1s a dar a luz de una manera m\u00e1s tranquila, con menos dolor; se reduce el riesgo de necesitar ces\u00e1rea y se da un acompa\u00f1amiento posparto&#8221;, relata Vitalina: un nombre que resulta muy significativo, ya que proviene del lat\u00edn, que significa Vida. <b>Pero no fue esa raz\u00f3n por la cual adopt\u00f3 el nombre. M\u00e1s adelante dice por qu\u00e9.<\/b><\/p><p>&#8220;Me apasiona leer y aprender sobre las comadronas mayas de Guatemala, es tanta su sabidur\u00eda, generosidad y servicio. Me inspiran y son otra raz\u00f3n por la que me siento guatemalteca aunque siga mi vida en Estados Unidos&#8221;, expresa.<\/p>\t\t\t\t\t\t\t\t<\/div>\n\t\t\t\t\t<\/div>\n\t\t<\/div>\n\t\t\t\t\t<\/div>\n\t\t<\/section>\n\t\t\t\t<section data-particle_enable=\"false\" data-particle-mobile-disabled=\"false\" class=\"elementor-section elementor-top-section elementor-element elementor-element-1c625f5 elementor-section-boxed elementor-section-height-default elementor-section-height-default\" data-id=\"1c625f5\" data-element_type=\"section\" data-e-type=\"section\">\n\t\t\t\t\t\t<div class=\"elementor-container elementor-column-gap-default\">\n\t\t\t\t\t<div class=\"elementor-column elementor-col-100 elementor-top-column elementor-element elementor-element-44dbf4a\" data-id=\"44dbf4a\" data-element_type=\"column\" data-e-type=\"column\">\n\t\t\t<div class=\"elementor-widget-wrap elementor-element-populated\">\n\t\t\t\t\t\t<div class=\"elementor-element elementor-element-8fcb78e elementor-widget elementor-widget-image\" data-id=\"8fcb78e\" data-element_type=\"widget\" data-e-type=\"widget\" data-widget_type=\"image.default\">\n\t\t\t\t\t\t\t\t\t\t\t\t<figure class=\"wp-caption\">\n\t\t\t\t\t\t\t\t\t\t<img decoding=\"async\" width=\"763\" height=\"596\" src=\"https:\/\/soymigrante.com\/revista\/wp-content\/uploads\/2024\/04\/Captura-de-pantalla-2024-04-26-144949.webp\" class=\"attachment-large size-large wp-image-6207\" alt=\"Madre e hijo en una tierna interacci\u00f3n, resaltando la importancia de la familia y el amor en la contexto de la inmigraci\u00f3n y la comunidad migrante.\" srcset=\"https:\/\/soymigrante.com\/revista\/wp-content\/uploads\/2024\/04\/Captura-de-pantalla-2024-04-26-144949.webp 763w, https:\/\/soymigrante.com\/revista\/wp-content\/uploads\/2024\/04\/Captura-de-pantalla-2024-04-26-144949-300x234.webp 300w, https:\/\/soymigrante.com\/revista\/wp-content\/uploads\/2024\/04\/Captura-de-pantalla-2024-04-26-144949-750x586.webp 750w\" sizes=\"(max-width: 763px) 100vw, 763px\" title=\"Vitalina S\u00e1nchez ama a sus hijos pero tambi\u00e9n ama ayudar a que otras madres tengan un embarazo feliz, armonioso y tranquilo, as\u00ed como un parto con menos riesgos. Para ello, dentro de sus aprendizajes est\u00e1 la  lectura acerca de las comadronas mayas. \u2013 SoyMigrante.com REVISTA\" \/>\t\t\t\t\t\t\t\t\t\t\t<figcaption class=\"widget-image-caption wp-caption-text\">Una madre e hijo compartiendo un momento de amor y ternura, en un ambiente c\u00e1lido y familiar, reflejando los valores de uni\u00f3n y apoyo en la comunidad migrante.<\/figcaption>\n\t\t\t\t\t\t\t\t\t\t<\/figure>\n\t\t\t\t\t\t\t\t\t<\/div>\n\t\t\t\t\t<\/div>\n\t\t<\/div>\n\t\t\t\t\t<\/div>\n\t\t<\/section>\n\t\t\t\t<section data-particle_enable=\"false\" data-particle-mobile-disabled=\"false\" class=\"elementor-section elementor-top-section elementor-element elementor-element-09314e8 elementor-section-boxed elementor-section-height-default elementor-section-height-default\" data-id=\"09314e8\" data-element_type=\"section\" data-e-type=\"section\">\n\t\t\t\t\t\t<div class=\"elementor-container elementor-column-gap-default\">\n\t\t\t\t\t<div class=\"elementor-column elementor-col-100 elementor-top-column elementor-element elementor-element-c3f2346\" data-id=\"c3f2346\" data-element_type=\"column\" data-e-type=\"column\">\n\t\t\t<div class=\"elementor-widget-wrap elementor-element-populated\">\n\t\t\t\t\t\t<div class=\"elementor-element elementor-element-bd175cb elementor-widget elementor-widget-heading\" data-id=\"bd175cb\" data-element_type=\"widget\" data-e-type=\"widget\" data-widget_type=\"heading.default\">\n\t\t\t\t\t<h2 class=\"elementor-heading-title elementor-size-default\">Encuentra a su mam\u00e1 biol\u00f3gica<\/h2>\t\t\t\t<\/div>\n\t\t\t\t\t<\/div>\n\t\t<\/div>\n\t\t\t\t\t<\/div>\n\t\t<\/section>\n\t\t\t\t<section data-particle_enable=\"false\" data-particle-mobile-disabled=\"false\" class=\"elementor-section elementor-top-section elementor-element elementor-element-5efece1 elementor-section-boxed elementor-section-height-default elementor-section-height-default\" data-id=\"5efece1\" data-element_type=\"section\" data-e-type=\"section\">\n\t\t\t\t\t\t<div class=\"elementor-container elementor-column-gap-default\">\n\t\t\t\t\t<div class=\"elementor-column elementor-col-100 elementor-top-column elementor-element elementor-element-0ef8d96\" data-id=\"0ef8d96\" data-element_type=\"column\" data-e-type=\"column\">\n\t\t\t<div class=\"elementor-widget-wrap elementor-element-populated\">\n\t\t\t\t\t\t<div class=\"elementor-element elementor-element-1dbb35b elementor-widget elementor-widget-text-editor\" data-id=\"1dbb35b\" data-element_type=\"widget\" data-e-type=\"widget\" data-widget_type=\"text-editor.default\">\n\t\t\t\t\t\t\t\t\t<p>Por a\u00f1os, Liv se dedic\u00f3 a tratar de averiguar si su madre biol\u00f3gica viv\u00eda. A trav\u00e9s de una investigaci\u00f3n averigu\u00f3 que en 1994, en la agencia de adopci\u00f3n le hab\u00edan puesto un nombre tentativo: Eugenia, el cual fue cambiado.\u00a0<\/p><p>&#8220;Lo que yo quer\u00eda saber es cu\u00e1l era el nombre que mi mam\u00e1 me dio&#8221;. Y seg\u00fan la documentaci\u00f3n era Vitalina.<\/p><p><span style=\"color: var( --e-global-color-text );\">En 2020 se logr\u00f3 confirmar la ubicaci\u00f3n e identidad de su mam\u00e1 en Guatemala. Vive en Escuintla, junto a sus otros hijos y nietos. Desde entonces se mantienen en contacto a trav\u00e9s de videollamadas. Ella le confirm\u00f3, en efecto, que su nombre original es Vitalina. Por seguridad no se dan m\u00e1s datos.\u00a0<\/span><\/p><p>&#8220;Ella me cont\u00f3 que cuando yo nac\u00ed, ella era v\u00edctima de violencia y en condici\u00f3n de pobreza; no ten\u00eda como alimentarme y por eso prefiri\u00f3 darme en adopci\u00f3n. Yo amo a mis hijos e imagino que fue una decisi\u00f3n muy dif\u00edcil&#8221;.<\/p>\t\t\t\t\t\t\t\t<\/div>\n\t\t\t\t\t<\/div>\n\t\t<\/div>\n\t\t\t\t\t<\/div>\n\t\t<\/section>\n\t\t\t\t<section data-particle_enable=\"false\" data-particle-mobile-disabled=\"false\" class=\"elementor-section elementor-top-section elementor-element elementor-element-ffa58e0 elementor-section-boxed elementor-section-height-default elementor-section-height-default\" data-id=\"ffa58e0\" data-element_type=\"section\" data-e-type=\"section\">\n\t\t\t\t\t\t<div class=\"elementor-container elementor-column-gap-default\">\n\t\t\t\t\t<div class=\"elementor-column elementor-col-100 elementor-top-column elementor-element elementor-element-de84d63\" data-id=\"de84d63\" data-element_type=\"column\" data-e-type=\"column\">\n\t\t\t<div class=\"elementor-widget-wrap elementor-element-populated\">\n\t\t\t\t\t\t<div class=\"elementor-element elementor-element-c65295e elementor-widget elementor-widget-image\" data-id=\"c65295e\" data-element_type=\"widget\" data-e-type=\"widget\" data-widget_type=\"image.default\">\n\t\t\t\t\t\t\t\t\t\t\t\t<figure class=\"wp-caption\">\n\t\t\t\t\t\t\t\t\t\t<img decoding=\"async\" width=\"768\" height=\"703\" src=\"https:\/\/soymigrante.com\/revista\/wp-content\/uploads\/2024\/04\/Captura-de-pantalla-2024-04-26-144858.webp\" class=\"attachment-large size-large wp-image-6208\" alt=\"Mujer abrazando a un beb\u00e9, pr\u00e1ctica de Doula en nacimiento, maternidad, parto natural, cuidado emocional, apoyo a madres, bienestar prenatal.\" srcset=\"https:\/\/soymigrante.com\/revista\/wp-content\/uploads\/2024\/04\/Captura-de-pantalla-2024-04-26-144858.webp 798w, https:\/\/soymigrante.com\/revista\/wp-content\/uploads\/2024\/04\/Captura-de-pantalla-2024-04-26-144858-300x274.webp 300w, https:\/\/soymigrante.com\/revista\/wp-content\/uploads\/2024\/04\/Captura-de-pantalla-2024-04-26-144858-768x703.webp 768w, https:\/\/soymigrante.com\/revista\/wp-content\/uploads\/2024\/04\/Captura-de-pantalla-2024-04-26-144858-750x686.webp 750w\" sizes=\"(max-width: 768px) 100vw, 768px\" title=\"En sus redes sociales, Vitalina Liv Sanchez ofrece espacios para el acompa\u00f1amiento de embarazos. As\u00ed tambi\u00e9n, si alguien quere donar un acompa\u00f1amiento a una madre, lo puede hace tambien. \u2013 SoyMigrante.com REVISTA\" \/>\t\t\t\t\t\t\t\t\t\t\t<figcaption class=\"widget-image-caption wp-caption-text\">Una madre con su beb\u00e9 en brazos, ilustrando una pr\u00e1ctica de Doula para apoyo emocional y cuidados durante el parto, promoviendo la maternidad consciente y saludable.<\/figcaption>\n\t\t\t\t\t\t\t\t\t\t<\/figure>\n\t\t\t\t\t\t\t\t\t<\/div>\n\t\t\t\t\t<\/div>\n\t\t<\/div>\n\t\t\t\t\t<\/div>\n\t\t<\/section>\n\t\t\t\t<section data-particle_enable=\"false\" data-particle-mobile-disabled=\"false\" class=\"elementor-section elementor-top-section elementor-element elementor-element-c09ac73 elementor-section-boxed elementor-section-height-default elementor-section-height-default\" data-id=\"c09ac73\" data-element_type=\"section\" data-e-type=\"section\">\n\t\t\t\t\t\t<div class=\"elementor-container elementor-column-gap-default\">\n\t\t\t\t\t<div class=\"elementor-column elementor-col-100 elementor-top-column elementor-element elementor-element-d0b3c93\" data-id=\"d0b3c93\" data-element_type=\"column\" data-e-type=\"column\">\n\t\t\t<div class=\"elementor-widget-wrap elementor-element-populated\">\n\t\t\t\t\t\t<div class=\"elementor-element elementor-element-31662f3 elementor-widget elementor-widget-heading\" data-id=\"31662f3\" data-element_type=\"widget\" data-e-type=\"widget\" data-widget_type=\"heading.default\">\n\t\t\t\t\t<h3 class=\"elementor-heading-title elementor-size-default\">Superando barreras<\/h3>\t\t\t\t<\/div>\n\t\t\t\t\t<\/div>\n\t\t<\/div>\n\t\t\t\t\t<\/div>\n\t\t<\/section>\n\t\t\t\t<section data-particle_enable=\"false\" data-particle-mobile-disabled=\"false\" class=\"elementor-section elementor-top-section elementor-element elementor-element-19ac569 elementor-section-boxed elementor-section-height-default elementor-section-height-default\" data-id=\"19ac569\" data-element_type=\"section\" data-e-type=\"section\">\n\t\t\t\t\t\t<div class=\"elementor-container elementor-column-gap-default\">\n\t\t\t\t\t<div class=\"elementor-column elementor-col-100 elementor-top-column elementor-element elementor-element-2c61d18\" data-id=\"2c61d18\" data-element_type=\"column\" data-e-type=\"column\">\n\t\t\t<div class=\"elementor-widget-wrap elementor-element-populated\">\n\t\t\t\t\t\t<div class=\"elementor-element elementor-element-13fad6d elementor-widget elementor-widget-text-editor\" data-id=\"13fad6d\" data-element_type=\"widget\" data-e-type=\"widget\" data-widget_type=\"text-editor.default\">\n\t\t\t\t\t\t\t\t\t<p><span style=\"color: var( --e-global-color-text );\">&#8220;Yo sufr\u00ed de bullying y discriminaci\u00f3n en los a\u00f1os de escuela, por mi color de piel y de cabello. S\u00e9 que no toda la gente es as\u00ed, pero fue complicado&#8221;, relata. &#8220;Eso mismo me hac\u00eda preguntarme por qu\u00e9 yo era as\u00ed y por qu\u00e9 estaba aqu\u00ed en Maine, donde no estaba mi ra\u00edz&#8221;.<\/span><\/p><p>&#8220;La b\u00fasqueda de empleo ha sido complicada y por eso al ser doula encontr\u00e9 una manera de servir y de tener un ingreso. Con mi esposo luchamos juntos para criar y amar a nuestros hijos, pero la lucha econ\u00f3mica es dif\u00edcil, incluso para quienes somos ciudadanos&#8221;.<\/p><p>No obstante, Liv es muy querida y apreciada en su comunidad; sus amigos siempre le animan a seguir adelante con sus sue\u00f1os e ideales. La decisi\u00f3n del cambio de nombre fue incluso, abierta por ella, a recibir consejos y opiniones. &#8220;Agradezco el inter\u00e9s de tanta gente por m\u00ed. Y me llame Liv o me llame Vitalina, seguir\u00e9 adelante, con el mismo cari\u00f1o&#8221;.<\/p>\t\t\t\t\t\t\t\t<\/div>\n\t\t\t\t\t<\/div>\n\t\t<\/div>\n\t\t\t\t\t<\/div>\n\t\t<\/section>\n\t\t\t\t<section data-particle_enable=\"false\" data-particle-mobile-disabled=\"false\" class=\"elementor-section elementor-top-section elementor-element elementor-element-9d89484 elementor-section-boxed elementor-section-height-default elementor-section-height-default\" data-id=\"9d89484\" data-element_type=\"section\" data-e-type=\"section\">\n\t\t\t\t\t\t<div class=\"elementor-container elementor-column-gap-default\">\n\t\t\t\t\t<div class=\"elementor-column elementor-col-100 elementor-top-column elementor-element elementor-element-87a87d3\" data-id=\"87a87d3\" data-element_type=\"column\" data-e-type=\"column\">\n\t\t\t<div class=\"elementor-widget-wrap elementor-element-populated\">\n\t\t\t\t\t\t<div class=\"elementor-element elementor-element-14c17ab elementor-widget elementor-widget-image\" data-id=\"14c17ab\" data-element_type=\"widget\" data-e-type=\"widget\" data-widget_type=\"image.default\">\n\t\t\t\t\t\t\t\t\t\t\t\t<figure class=\"wp-caption\">\n\t\t\t\t\t\t\t\t\t\t<img loading=\"lazy\" decoding=\"async\" width=\"768\" height=\"771\" src=\"https:\/\/soymigrante.com\/revista\/wp-content\/uploads\/2024\/04\/271803509_125566633292232_4279922700272548093_n.webp\" class=\"attachment-large size-large wp-image-6210\" alt=\"Archivo de imagen de una mujer tomando fotograf\u00edas en un acantilado junto al mar durante el atardecer, en un entorno natural y tur\u00edstico, en la costa.\" srcset=\"https:\/\/soymigrante.com\/revista\/wp-content\/uploads\/2024\/04\/271803509_125566633292232_4279922700272548093_n.webp 956w, https:\/\/soymigrante.com\/revista\/wp-content\/uploads\/2024\/04\/271803509_125566633292232_4279922700272548093_n-300x300.webp 300w, https:\/\/soymigrante.com\/revista\/wp-content\/uploads\/2024\/04\/271803509_125566633292232_4279922700272548093_n-150x150.webp 150w, https:\/\/soymigrante.com\/revista\/wp-content\/uploads\/2024\/04\/271803509_125566633292232_4279922700272548093_n-768x771.webp 768w, https:\/\/soymigrante.com\/revista\/wp-content\/uploads\/2024\/04\/271803509_125566633292232_4279922700272548093_n-75x75.webp 75w, https:\/\/soymigrante.com\/revista\/wp-content\/uploads\/2024\/04\/271803509_125566633292232_4279922700272548093_n-750x753.webp 750w\" sizes=\"(max-width: 768px) 100vw, 768px\" title=\"La fotograf\u00eda, la pintura y el macram\u00e9 son expresiones art\u00edsticas de Vitalina S\u00e1nchez. \u2013 SoyMigrante.com REVISTA\" \/>\t\t\t\t\t\t\t\t\t\t\t<figcaption class=\"widget-image-caption wp-caption-text\">Fot\u00f3grafa en un acantilado con vista al oc\u00e9ano en la costa durante el atardecer, practicando fotograf\u00eda de naturaleza y paisaje en un lugar tur\u00edstico.<\/figcaption>\n\t\t\t\t\t\t\t\t\t\t<\/figure>\n\t\t\t\t\t\t\t\t\t<\/div>\n\t\t\t\t\t<\/div>\n\t\t<\/div>\n\t\t\t\t\t<\/div>\n\t\t<\/section>\n\t\t\t\t<section data-particle_enable=\"false\" data-particle-mobile-disabled=\"false\" class=\"elementor-section elementor-top-section elementor-element elementor-element-0522470 elementor-section-boxed elementor-section-height-default elementor-section-height-default\" data-id=\"0522470\" data-element_type=\"section\" data-e-type=\"section\">\n\t\t\t\t\t\t<div class=\"elementor-container elementor-column-gap-default\">\n\t\t\t\t\t<div class=\"elementor-column elementor-col-100 elementor-top-column elementor-element elementor-element-c48d6b9\" data-id=\"c48d6b9\" data-element_type=\"column\" data-e-type=\"column\">\n\t\t\t<div class=\"elementor-widget-wrap elementor-element-populated\">\n\t\t\t\t\t\t<div class=\"elementor-element elementor-element-d4f5050 elementor-widget elementor-widget-heading\" data-id=\"d4f5050\" data-element_type=\"widget\" data-e-type=\"widget\" data-widget_type=\"heading.default\">\n\t\t\t\t\t<h3 class=\"elementor-heading-title elementor-size-default\">Transformaci\u00f3n y crecimiento<\/h3>\t\t\t\t<\/div>\n\t\t\t\t\t<\/div>\n\t\t<\/div>\n\t\t\t\t\t<\/div>\n\t\t<\/section>\n\t\t\t\t<section data-particle_enable=\"false\" data-particle-mobile-disabled=\"false\" class=\"elementor-section elementor-top-section elementor-element elementor-element-62642df elementor-section-boxed elementor-section-height-default elementor-section-height-default\" data-id=\"62642df\" data-element_type=\"section\" data-e-type=\"section\">\n\t\t\t\t\t\t<div class=\"elementor-container elementor-column-gap-default\">\n\t\t\t\t\t<div class=\"elementor-column elementor-col-100 elementor-top-column elementor-element elementor-element-63d617c\" data-id=\"63d617c\" data-element_type=\"column\" data-e-type=\"column\">\n\t\t\t<div class=\"elementor-widget-wrap elementor-element-populated\">\n\t\t\t\t\t\t<div class=\"elementor-element elementor-element-385c299 elementor-widget elementor-widget-text-editor\" data-id=\"385c299\" data-element_type=\"widget\" data-e-type=\"widget\" data-widget_type=\"text-editor.default\">\n\t\t\t\t\t\t\t\t\t<p>Desde que Vitalina sabe su origen, ha buscado informaci\u00f3n sobre la historia y las culturas de Guatemala. &#8220;Es sorprendente cu\u00e1ntos valores y expresiones existen, pero lo incre\u00edble es venir de all\u00e1 y que eso haya estado siempre de alguna forma en mi coraz\u00f3n&#8221;.<\/p><p>Al momento de hacer esta entrevista, en su perfil de Facebook, a\u00fan estaba el nombre Liv (Vitalina) S\u00e1nchez. &#8220;Mis amigos me conocen como Liv. Me preguntan si lo seguir\u00e9 siendo. Y s\u00ed, soy yo misma ahora, completamente&#8221;. Pero al escribir este texto en el perfil dice Vitalina &#8220;Liv&#8221; S\u00e1nchez.\u00a0 Pero eso no cambia en nada su af\u00e1n de ser feliz, de servir a los dem\u00e1s, de pintar, fotografiar y sobre todo, de ver crecer a sus peque\u00f1os hijos a su lado, a quienes cuenta que tambi\u00e9n ellos tienen algo del ADN de Guatemala.<\/p>\t\t\t\t\t\t\t\t<\/div>\n\t\t\t\t<div class=\"elementor-element elementor-element-8dfac7d elementor-invisible elementor-widget elementor-widget-image\" data-id=\"8dfac7d\" data-element_type=\"widget\" data-e-type=\"widget\" data-settings=\"{&quot;_animation&quot;:&quot;slideInUp&quot;}\" data-widget_type=\"image.default\">\n\t\t\t\t\t\t\t\t\t\t\t\t<figure class=\"wp-caption\">\n\t\t\t\t\t\t\t\t\t\t<img loading=\"lazy\" decoding=\"async\" width=\"768\" height=\"670\" src=\"https:\/\/soymigrante.com\/revista\/wp-content\/uploads\/2024\/04\/Captura-de-pantalla-2024-04-26-150238.webp\" class=\"attachment-large size-large wp-image-6209\" alt=\"Soymigrante.com REVISTA, imagen de un ave colorida con alas abiertas en forma de coraz\u00f3n y un fondo de tri\u00e1ngulo azul, representando migraci\u00f3n, cultura y comunidad hispana, en estilo art\u00edstico vibrante y contempor\u00e1neo.\" srcset=\"https:\/\/soymigrante.com\/revista\/wp-content\/uploads\/2024\/04\/Captura-de-pantalla-2024-04-26-150238.webp 823w, https:\/\/soymigrante.com\/revista\/wp-content\/uploads\/2024\/04\/Captura-de-pantalla-2024-04-26-150238-300x262.webp 300w, https:\/\/soymigrante.com\/revista\/wp-content\/uploads\/2024\/04\/Captura-de-pantalla-2024-04-26-150238-768x670.webp 768w, https:\/\/soymigrante.com\/revista\/wp-content\/uploads\/2024\/04\/Captura-de-pantalla-2024-04-26-150238-750x654.webp 750w\" sizes=\"(max-width: 768px) 100vw, 768px\" title=\"Imagen de identificaci\u00f3n del podcast The Lost Quetzales (Los quetzales perdidos), conducido por Liv S\u00e1nchez, ahora Vitalina S\u00e1nchez. \u2013 SoyMigrante.com REVISTA\" \/>\t\t\t\t\t\t\t\t\t\t\t<figcaption class=\"widget-image-caption wp-caption-text\">Ave colorida con alas abiertas formando un coraz\u00f3n, en estilo art\u00edstico vibrante, simbolizando migraci\u00f3n, cultura, comunidad hispana, y temas de identidad en la revista SoyMigrante.com.<\/figcaption>\n\t\t\t\t\t\t\t\t\t\t<\/figure>\n\t\t\t\t\t\t\t\t\t<\/div>\n\t\t\t\t\t<\/div>\n\t\t<\/div>\n\t\t\t\t\t<\/div>\n\t\t<\/section>\n\t\t\t\t<section data-particle_enable=\"false\" data-particle-mobile-disabled=\"false\" class=\"elementor-section elementor-top-section elementor-element elementor-element-caacb3a elementor-section-boxed elementor-section-height-default elementor-section-height-default\" data-id=\"caacb3a\" data-element_type=\"section\" data-e-type=\"section\">\n\t\t\t\t\t\t<div class=\"elementor-container elementor-column-gap-default\">\n\t\t\t\t\t<div class=\"elementor-column elementor-col-100 elementor-top-column elementor-element elementor-element-472b53c\" data-id=\"472b53c\" data-element_type=\"column\" data-e-type=\"column\">\n\t\t\t<div class=\"elementor-widget-wrap elementor-element-populated\">\n\t\t\t\t\t\t<div class=\"elementor-element elementor-element-6e09f2e elementor-widget elementor-widget-heading\" data-id=\"6e09f2e\" data-element_type=\"widget\" data-e-type=\"widget\" data-widget_type=\"heading.default\">\n\t\t\t\t\t<h3 class=\"elementor-heading-title elementor-size-default\">The Lost Quetzales: looking for more adoptees<\/h3>\t\t\t\t<\/div>\n\t\t\t\t\t<\/div>\n\t\t<\/div>\n\t\t\t\t\t<\/div>\n\t\t<\/section>\n\t\t\t\t<section data-particle_enable=\"false\" data-particle-mobile-disabled=\"false\" class=\"elementor-section elementor-top-section elementor-element elementor-element-5dbbc15 elementor-section-boxed elementor-section-height-default elementor-section-height-default\" data-id=\"5dbbc15\" data-element_type=\"section\" data-e-type=\"section\">\n\t\t\t\t\t\t<div class=\"elementor-container elementor-column-gap-default\">\n\t\t\t\t\t<div class=\"elementor-column elementor-col-100 elementor-top-column elementor-element elementor-element-4b35e20\" data-id=\"4b35e20\" data-element_type=\"column\" data-e-type=\"column\">\n\t\t\t<div class=\"elementor-widget-wrap elementor-element-populated\">\n\t\t\t\t\t\t<div class=\"elementor-element elementor-element-b4ac4fc elementor-widget elementor-widget-text-editor\" data-id=\"b4ac4fc\" data-element_type=\"widget\" data-e-type=\"widget\" data-widget_type=\"text-editor.default\">\n\t\t\t\t\t\t\t\t\t<p>En su b\u00fasqueda de sentido e identidad personal como hija adoptada, Vitalina tambi\u00e9n empez\u00f3 a buscar a otros j\u00f3venes nacidos en Guatemala en una situaci\u00f3n similar. &#8220;A trav\u00e9s de redes sociales y avisos trat\u00e9 de preguntar si hab\u00eda alguien m\u00e1s en mi situaci\u00f3n: un guatemalteco o guatemalteca que era estadounidense por adopci\u00f3n&#8221;.\u00a0 \u00a0<\/p><p>As\u00ed surgi\u00f3, The Lost Quetzales (Los quetzales perdidos) un podcast de Spotify en el cual Vitalina lleva seis entrevistas efectuadas, di\u00e1logos de sinceridad, apertura y gratitud. <a href=\"https:\/\/soymigrante.com\/revista\/cantante-guatemalteca-en-american-idol-julia-gagnon-chapina-historia\/\">Entre ellos se encuentra Julia Gagnon, estadounidense nacida en Guatemala,. quien actualmente participa y avanza en el concurso televisivo American Idol<\/a>.<\/p><p>\u00a0<\/p>\t\t\t\t\t\t\t\t<\/div>\n\t\t\t\t\t<\/div>\n\t\t<\/div>\n\t\t\t\t\t<\/div>\n\t\t<\/section>\n\t\t\t\t<section data-particle_enable=\"false\" data-particle-mobile-disabled=\"false\" class=\"elementor-section elementor-top-section elementor-element elementor-element-bc941dd elementor-section-boxed elementor-section-height-default elementor-section-height-default\" data-id=\"bc941dd\" data-element_type=\"section\" data-e-type=\"section\">\n\t\t\t\t\t\t<div class=\"elementor-container elementor-column-gap-default\">\n\t\t\t\t\t<div class=\"elementor-column elementor-col-100 elementor-top-column elementor-element elementor-element-001c7a5\" data-id=\"001c7a5\" data-element_type=\"column\" data-e-type=\"column\">\n\t\t\t<div class=\"elementor-widget-wrap elementor-element-populated\">\n\t\t\t\t\t\t<div class=\"elementor-element elementor-element-d9c758e elementor-headline--style-highlight elementor-widget elementor-widget-animated-headline\" data-id=\"d9c758e\" data-element_type=\"widget\" data-e-type=\"widget\" data-settings=\"{&quot;marker&quot;:&quot;underline_zigzag&quot;,&quot;highlighted_text&quot;:&quot;Hasta ahora le han respondido 107&quot;,&quot;headline_style&quot;:&quot;highlight&quot;,&quot;loop&quot;:&quot;yes&quot;,&quot;highlight_animation_duration&quot;:1200,&quot;highlight_iteration_delay&quot;:8000}\" data-widget_type=\"animated-headline.default\">\n\t\t\t\t\t\t\t<h3 class=\"elementor-headline\">\n\t\t\t\t\t<span class=\"elementor-headline-plain-text elementor-headline-text-wrapper\">Vitalina \"Liv\" S\u00e1nchez ha hecho llamados por redes sociales para que jovenes guatemaltecos adoptados, viviendo en Estados Unidos, se pongan en contacto con ella. <\/span>\n\t\t\t\t<span class=\"elementor-headline-dynamic-wrapper elementor-headline-text-wrapper\">\n\t\t\t\t\t<span class=\"elementor-headline-dynamic-text elementor-headline-text-active\">Hasta ahora le han respondido 107<\/span>\n\t\t\t\t<\/span>\n\t\t\t\t\t<span class=\"elementor-headline-plain-text elementor-headline-text-wrapper\"> <\/span>\n\t\t\t\t\t<\/h3>\n\t\t\t\t\t\t<\/div>\n\t\t\t\t\t<\/div>\n\t\t<\/div>\n\t\t\t\t\t<\/div>\n\t\t<\/section>\n\t\t\t\t<section data-particle_enable=\"false\" data-particle-mobile-disabled=\"false\" class=\"elementor-section elementor-top-section elementor-element elementor-element-c5f0c83 elementor-section-boxed elementor-section-height-default elementor-section-height-default\" data-id=\"c5f0c83\" data-element_type=\"section\" data-e-type=\"section\">\n\t\t\t\t\t\t<div class=\"elementor-container elementor-column-gap-default\">\n\t\t\t\t\t<div class=\"elementor-column elementor-col-100 elementor-top-column elementor-element elementor-element-4a605ef\" data-id=\"4a605ef\" data-element_type=\"column\" data-e-type=\"column\">\n\t\t\t<div class=\"elementor-widget-wrap elementor-element-populated\">\n\t\t\t\t\t\t<div class=\"elementor-element elementor-element-399fc33 elementor-widget elementor-widget-heading\" data-id=\"399fc33\" data-element_type=\"widget\" data-e-type=\"widget\" data-widget_type=\"heading.default\">\n\t\t\t\t\t<h2 class=\"elementor-heading-title elementor-size-default\">Migrantes guatemaltecas incre\u00edbles <\/h2>\t\t\t\t<\/div>\n\t\t\t\t\t<\/div>\n\t\t<\/div>\n\t\t\t\t\t<\/div>\n\t\t<\/section>\n\t\t\t\t<section data-particle_enable=\"false\" data-particle-mobile-disabled=\"false\" class=\"elementor-section elementor-top-section elementor-element elementor-element-42a6426 elementor-section-boxed elementor-section-height-default elementor-section-height-default\" data-id=\"42a6426\" data-element_type=\"section\" data-e-type=\"section\">\n\t\t\t\t\t\t<div class=\"elementor-container elementor-column-gap-default\">\n\t\t\t\t\t<div class=\"elementor-column elementor-col-100 elementor-top-column elementor-element elementor-element-02e1a70\" data-id=\"02e1a70\" data-element_type=\"column\" data-e-type=\"column\">\n\t\t\t<div class=\"elementor-widget-wrap elementor-element-populated\">\n\t\t\t\t\t\t<div class=\"elementor-element elementor-element-bc0b3f8 elementor-grid-eael-col-3 elementor-grid-tablet-eael-col-2 elementor-grid-mobile-eael-col-1 elementor-widget elementor-widget-eael-post-grid\" data-id=\"bc0b3f8\" data-element_type=\"widget\" data-e-type=\"widget\" data-settings=\"{&quot;eael_post_grid_columns&quot;:&quot;eael-col-3&quot;,&quot;eael_post_grid_columns_tablet&quot;:&quot;eael-col-2&quot;,&quot;eael_post_grid_columns_mobile&quot;:&quot;eael-col-1&quot;}\" data-widget_type=\"eael-post-grid.default\">\n\t\t\t\t\t<div id=\"eael-post-grid-bc0b3f8\" class=\"eael-post-grid-container\">\n            <div class=\"eael-post-grid eael-post-appender eael-post-appender-bc0b3f8 eael-post-grid-style-one\" data-layout-mode=\"masonry\"><article class=\"eael-grid-post  eael-post-grid-column eael-pg-post-5161 category-exitos\" data-id=\"5161\">\n        <div class=\"eael-grid-post-holder\">\n            <div class=\"eael-grid-post-holder-inner\"><div class=\"eael-entry-media\"><div class=\"eael-entry-overlay fade-in\"><i class=\"fas fa-long-arrow-alt-right\" aria-hidden=\"true\"><\/i><a href=\"https:\/\/soymigrante.com\/revista\/pierdan-el-miedo-porque-es-el-peor-enemigo-carol-paxtor\/\"><\/a><\/div><div class=\"eael-entry-thumbnail \">\n                <img loading=\"lazy\" decoding=\"async\" width=\"300\" height=\"261\" src=\"https:\/\/soymigrante.com\/revista\/wp-content\/uploads\/2024\/03\/Captura-de-pantalla-2024-02-25-223228-300x261.webp\" class=\"attachment-medium size-medium wp-image-5162\" alt=\"Carol Hern\u00e1ndez, migrante guatemalteca en Nueva York, cofundadora de Caf\u00e9 Tikal.\" srcset=\"https:\/\/soymigrante.com\/revista\/wp-content\/uploads\/2024\/03\/Captura-de-pantalla-2024-02-25-223228-300x261.webp 300w, https:\/\/soymigrante.com\/revista\/wp-content\/uploads\/2024\/03\/Captura-de-pantalla-2024-02-25-223228.webp 700w\" sizes=\"(max-width: 300px) 100vw, 300px\" \/>\n            <\/div>\n        <\/div><div class=\"eael-entry-wrapper\"><header class=\"eael-entry-header\"><h2 class=\"eael-entry-title\"><a class=\"eael-grid-post-link\" href=\"https:\/\/soymigrante.com\/revista\/pierdan-el-miedo-porque-es-el-peor-enemigo-carol-paxtor\/\" title=\"&#8220;Pierdan el miedo: es el peor enemigo&#8221;: Carol Paxtor, migrante y emprendedora en NY\">&#8220;Pierdan el miedo: es el peor enemigo&#8221;: Carol Paxtor, migrante y emprendedora en NY<\/a><\/h2><\/header><div class=\"eael-entry-content\">\n                        <div class=\"eael-grid-post-excerpt\"><a href=\"https:\/\/soymigrante.com\/revista\/pierdan-el-miedo-porque-es-el-peor-enemigo-carol-paxtor\/\" class=\"eael-post-elements-readmore-btn\">Leer m\u00e1s<\/a><\/div>\n                    <\/div><div class=\"eael-entry-footer\"><div class=\"eael-author-avatar\"><a href=\"https:\/\/soymigrante.com\/revista\/author\/gustavo\/\"><img alt='Gustavo Montenegro' src='https:\/\/soymigrante.com\/revista\/wp-content\/uploads\/2023\/04\/Gustavo-Montenegro-300x300.webp' srcset='https:\/\/soymigrante.com\/revista\/wp-content\/uploads\/2023\/04\/Gustavo-Montenegro-300x300.webp 300w, https:\/\/soymigrante.com\/revista\/wp-content\/uploads\/2023\/04\/Gustavo-Montenegro-150x150.webp 150w, https:\/\/soymigrante.com\/revista\/wp-content\/uploads\/2023\/04\/Gustavo-Montenegro-75x75.webp 75w, https:\/\/soymigrante.com\/revista\/wp-content\/uploads\/2023\/04\/Gustavo-Montenegro-600x600.png 600w, https:\/\/soymigrante.com\/revista\/wp-content\/uploads\/2023\/04\/Gustavo-Montenegro.webp 630w' class='avatar avatar-96 photo' height='96' width='96' \/><\/a><\/div><div class=\"eael-entry-meta\"><span class=\"eael-posted-by\"><a href=\"https:\/\/soymigrante.com\/revista\/author\/gustavo\/\" title=\"Entradas de Gustavo Montenegro\" rel=\"author\">Gustavo Montenegro<\/a><\/span><\/div><\/div><\/div><\/div>\n        <\/div>\n    <\/article><article class=\"eael-grid-post  eael-post-grid-column eael-pg-post-2149 category-exitos\" data-id=\"2149\">\n        <div class=\"eael-grid-post-holder\">\n            <div class=\"eael-grid-post-holder-inner\"><div class=\"eael-entry-media\"><div class=\"eael-entry-overlay fade-in\"><i class=\"fas fa-long-arrow-alt-right\" aria-hidden=\"true\"><\/i><a href=\"https:\/\/soymigrante.com\/revista\/lesly-cruz-empoderamiento-artesanas-guatemala\/\"><\/a><\/div><div class=\"eael-entry-thumbnail \">\n                <img loading=\"lazy\" decoding=\"async\" width=\"243\" height=\"300\" src=\"https:\/\/soymigrante.com\/revista\/wp-content\/uploads\/2023\/08\/Apoya-el-talento-local-en-especial-de-los-y-las-artesanas-de-Guatemala--243x300.webp\" class=\"attachment-medium size-medium wp-image-2161\" alt=\"Apoya el talento local en especial de los y las artesanas de Guatemala\" srcset=\"https:\/\/soymigrante.com\/revista\/wp-content\/uploads\/2023\/08\/Apoya-el-talento-local-en-especial-de-los-y-las-artesanas-de-Guatemala--243x300.webp 243w, https:\/\/soymigrante.com\/revista\/wp-content\/uploads\/2023\/08\/Apoya-el-talento-local-en-especial-de-los-y-las-artesanas-de-Guatemala--830x1024.webp 830w, https:\/\/soymigrante.com\/revista\/wp-content\/uploads\/2023\/08\/Apoya-el-talento-local-en-especial-de-los-y-las-artesanas-de-Guatemala--768x948.webp 768w, https:\/\/soymigrante.com\/revista\/wp-content\/uploads\/2023\/08\/Apoya-el-talento-local-en-especial-de-los-y-las-artesanas-de-Guatemala--750x925.webp 750w, https:\/\/soymigrante.com\/revista\/wp-content\/uploads\/2023\/08\/Apoya-el-talento-local-en-especial-de-los-y-las-artesanas-de-Guatemala-.webp 1078w\" sizes=\"(max-width: 243px) 100vw, 243px\" \/>\n            <\/div>\n        <\/div><div class=\"eael-entry-wrapper\"><header class=\"eael-entry-header\"><h2 class=\"eael-entry-title\"><a class=\"eael-grid-post-link\" href=\"https:\/\/soymigrante.com\/revista\/lesly-cruz-empoderamiento-artesanas-guatemala\/\" title=\"Lesly Cruz: Emprendedora que eleva el arte guatemalteco\">Lesly Cruz: Emprendedora que eleva el arte guatemalteco<\/a><\/h2><\/header><div class=\"eael-entry-content\">\n                        <div class=\"eael-grid-post-excerpt\"><a href=\"https:\/\/soymigrante.com\/revista\/lesly-cruz-empoderamiento-artesanas-guatemala\/\" class=\"eael-post-elements-readmore-btn\">Leer m\u00e1s<\/a><\/div>\n                    <\/div><div class=\"eael-entry-footer\"><div class=\"eael-author-avatar\"><a href=\"https:\/\/soymigrante.com\/revista\/author\/diana\/\"><img alt='Diana Batz' src='https:\/\/soymigrante.com\/revista\/wp-content\/uploads\/2023\/06\/foto-de-perfil.webp' srcset='https:\/\/soymigrante.com\/revista\/wp-content\/uploads\/2023\/06\/foto-de-perfil.webp 181w, https:\/\/soymigrante.com\/revista\/wp-content\/uploads\/2023\/06\/foto-de-perfil-150x150.webp 150w, https:\/\/soymigrante.com\/revista\/wp-content\/uploads\/2023\/06\/foto-de-perfil-75x75.webp 75w' class='avatar avatar-96 photo' height='96' width='96' \/><\/a><\/div><div class=\"eael-entry-meta\"><span class=\"eael-posted-by\"><a href=\"https:\/\/soymigrante.com\/revista\/author\/diana\/\" title=\"Entradas de Diana Batz\" rel=\"author\">Diana Batz<\/a><\/span><\/div><\/div><\/div><\/div>\n        <\/div>\n    <\/article><article class=\"eael-grid-post  eael-post-grid-column eael-pg-post-229 category-exitos\" data-id=\"229\">\n        <div class=\"eael-grid-post-holder\">\n            <div class=\"eael-grid-post-holder-inner\"><div class=\"eael-entry-media\"><div class=\"eael-entry-overlay fade-in\"><i class=\"fas fa-long-arrow-alt-right\" aria-hidden=\"true\"><\/i><a href=\"https:\/\/soymigrante.com\/revista\/susana-madrigal-por-a-barahona\/\"><\/a><\/div><div class=\"eael-entry-thumbnail \">\n                <img loading=\"lazy\" decoding=\"async\" width=\"300\" height=\"225\" src=\"https:\/\/soymigrante.com\/revista\/wp-content\/uploads\/2023\/02\/1-EXITOS-MADRIGAL-2-1-300x225.webp\" class=\"attachment-medium size-medium wp-image-230\" alt=\"\" srcset=\"https:\/\/soymigrante.com\/revista\/wp-content\/uploads\/2023\/02\/1-EXITOS-MADRIGAL-2-1-300x225.webp 300w, https:\/\/soymigrante.com\/revista\/wp-content\/uploads\/2023\/02\/1-EXITOS-MADRIGAL-2-1-768x576.jpeg 768w, https:\/\/soymigrante.com\/revista\/wp-content\/uploads\/2023\/02\/1-EXITOS-MADRIGAL-2-1-750x563.webp 750w, https:\/\/soymigrante.com\/revista\/wp-content\/uploads\/2023\/02\/1-EXITOS-MADRIGAL-2-1.webp 1024w\" sizes=\"(max-width: 300px) 100vw, 300px\" \/>\n            <\/div>\n        <\/div><div class=\"eael-entry-wrapper\"><header class=\"eael-entry-header\"><h2 class=\"eael-entry-title\"><a class=\"eael-grid-post-link\" href=\"https:\/\/soymigrante.com\/revista\/susana-madrigal-por-a-barahona\/\" title=\"Susana Madrigal: madre, esposa y emprendedora\">Susana Madrigal: madre, esposa y emprendedora<\/a><\/h2><\/header><div class=\"eael-entry-content\">\n                        <div class=\"eael-grid-post-excerpt\"><a href=\"https:\/\/soymigrante.com\/revista\/susana-madrigal-por-a-barahona\/\" class=\"eael-post-elements-readmore-btn\">Leer m\u00e1s<\/a><\/div>\n                    <\/div><div class=\"eael-entry-footer\"><div class=\"eael-author-avatar\"><a href=\"https:\/\/soymigrante.com\/revista\/author\/soymigrante\/\"><img alt='SoyMigrante.com REVISTA' src='https:\/\/soymigrante.com\/revista\/wp-content\/uploads\/2023\/04\/SoyMigrante.com-V-color_profile-288x300.webp' srcset='https:\/\/soymigrante.com\/revista\/wp-content\/uploads\/2023\/04\/SoyMigrante.com-V-color_profile-288x300.webp 288w, https:\/\/soymigrante.com\/revista\/wp-content\/uploads\/2023\/04\/SoyMigrante.com-V-color_profile-982x1024.png 982w, https:\/\/soymigrante.com\/revista\/wp-content\/uploads\/2023\/04\/SoyMigrante.com-V-color_profile-768x801.png 768w, https:\/\/soymigrante.com\/revista\/wp-content\/uploads\/2023\/04\/SoyMigrante.com-V-color_profile-1473x1536.png 1473w, https:\/\/soymigrante.com\/revista\/wp-content\/uploads\/2023\/04\/SoyMigrante.com-V-color_profile-750x782.webp 750w, https:\/\/soymigrante.com\/revista\/wp-content\/uploads\/2023\/04\/SoyMigrante.com-V-color_profile-1140x1188.png 1140w, https:\/\/soymigrante.com\/revista\/wp-content\/uploads\/2023\/04\/SoyMigrante.com-V-color_profile.webp 1672w' class='avatar avatar-96 photo' height='96' width='96' \/><\/a><\/div><div class=\"eael-entry-meta\"><span class=\"eael-posted-by\"><a href=\"https:\/\/soymigrante.com\/revista\/author\/soymigrante\/\" title=\"Entradas de SoyMigrante.com REVISTA\" rel=\"author\">SoyMigrante.com REVISTA<\/a><\/span><\/div><\/div><\/div><\/div>\n        <\/div>\n    <\/article><\/div>\n            <div class=\"clearfix\"><\/div>\n        <\/div>\t\t\t\t<\/div>\n\t\t\t\t\t<\/div>\n\t\t<\/div>\n\t\t\t\t\t<\/div>\n\t\t<\/section>\n\t\t\t\t<\/div>\n\t\t","protected":false},"excerpt":{"rendered":"<p>Vitalina &#8220;Liv&#8221; S\u00e1nchez es artista, fot\u00f3grafa, madre, esposa y tambi\u00e9n comadrona. Cre\u00f3 el podcast The Lost Quetzales (Los quetzales perdidos) para entrevistar a guatemaltecos adoptados en Estados Unidos. Busc\u00f3 su ra\u00edz y la encontr\u00f3 en la Tierra del Quetzal. Cuando ten\u00eda unos 12 a\u00f1os, Olivia Hart se pregunt\u00f3 qui\u00e9n era en realidad. Resid\u00eda en Maine, [&hellip;]<\/p>\n","protected":false},"author":7,"featured_media":6207,"comment_status":"open","ping_status":"open","sticky":false,"template":"","format":"standard","meta":{"_acf_changed":false,"_eb_attr":"","footnotes":""},"categories":[50],"tags":[],"class_list":["post-6202","post","type-post","status-publish","format-standard","has-post-thumbnail","hentry","category-exitos"],"acf":[],"aioseo_notices":[],"aioseo_head":"\n\t\t<!-- All in One SEO Pro 4.9.6.2 - aioseo.com -->\n\t<meta name=\"description\" content=\"Susana Madrigales de Montenegro, actualmente reside en Chicago, Illinois desde hace 25 a\u00f1os, es esposa de Jorge Montenegro con quien se cas\u00f3 en el a\u00f1o 1994 y con quien procre\u00f3 a sus dos hijos, Douglas de 27 a\u00f1os y Eunice de 25 a\u00f1os.\" \/>\n\t<meta name=\"robots\" content=\"max-snippet:-1, max-image-preview:large, max-video-preview:-1\" \/>\n\t<meta name=\"author\" content=\"SoyMigrante.com REVISTA\"\/>\n\t<link rel=\"canonical\" href=\"https:\/\/soymigrante.com\/revista\/susana-madrigal-por-a-barahona\/\" \/>\n\t<meta name=\"generator\" content=\"All in One SEO Pro (AIOSEO) 4.9.6.2\" \/>\n\n\t\t<link rel=\"preconnect\" href=\"https:\/\/fonts.googleapis.com\" crossorigin>\n<link rel=\"preconnect\" href=\"https:\/\/fonts.gstatic.com\" crossorigin>\n\t\t<meta property=\"og:locale\" content=\"es_ES\" \/>\n\t\t<meta property=\"og:site_name\" content=\"SoyMigrante.com REVISTA \u2013 Nuestra misi\u00f3n es reconocer y dignificar al migrante.\" \/>\n\t\t<meta property=\"og:type\" content=\"article\" \/>\n\t\t<meta property=\"og:title\" content=\"Susana Madrigal: madre, esposa y emprendedora\" \/>\n\t\t<meta property=\"og:description\" content=\"Susana Madrigales de Montenegro, actualmente reside en Chicago, Illinois desde hace 25 a\u00f1os, es esposa de Jorge Montenegro con quien se cas\u00f3 en el a\u00f1o 1994 y con quien procre\u00f3 a sus dos hijos, Douglas de 27 a\u00f1os y Eunice de 25 a\u00f1os.\" \/>\n\t\t<meta property=\"og:url\" content=\"https:\/\/soymigrante.com\/revista\/susana-madrigal-por-a-barahona\/\" \/>\n\t\t<meta property=\"og:image\" content=\"https:\/\/soymigrante.com\/revista\/wp-content\/uploads\/2023\/02\/1-EXITOS-MADRIGAL-2-1.webp\" \/>\n\t\t<meta property=\"og:image:secure_url\" content=\"https:\/\/soymigrante.com\/revista\/wp-content\/uploads\/2023\/02\/1-EXITOS-MADRIGAL-2-1.webp\" \/>\n\t\t<meta property=\"og:image:width\" content=\"1024\" \/>\n\t\t<meta property=\"og:image:height\" content=\"768\" \/>\n\t\t<meta property=\"article:published_time\" content=\"2023-05-26T00:50:14+00:00\" \/>\n\t\t<meta property=\"article:modified_time\" content=\"2024-06-25T22:20:44+00:00\" \/>\n\t\t<meta property=\"article:publisher\" content=\"https:\/\/www.facebook.com\/soymigrantecom\" \/>\n\t\t<meta name=\"twitter:card\" content=\"summary_large_image\" \/>\n\t\t<meta name=\"twitter:site\" content=\"@SoyMigrante_com\" \/>\n\t\t<meta name=\"twitter:title\" content=\"Susana Madrigal: madre, esposa y emprendedora\" \/>\n\t\t<meta name=\"twitter:description\" content=\"Susana Madrigales de Montenegro, actualmente reside en Chicago, Illinois desde hace 25 a\u00f1os, es esposa de Jorge Montenegro con quien se cas\u00f3 en el a\u00f1o 1994 y con quien procre\u00f3 a sus dos hijos, Douglas de 27 a\u00f1os y Eunice de 25 a\u00f1os.\" \/>\n\t\t<meta name=\"twitter:creator\" content=\"@SoyMigrante_com\" \/>\n\t\t<meta name=\"twitter:image\" content=\"https:\/\/soymigrante.com\/revista\/wp-content\/uploads\/2023\/02\/1-EXITOS-MADRIGAL-2-1.webp\" \/>\n\t\t<!-- All in One SEO Pro -->\r\n\t\t<title>Susana Madrigal: madre, esposa y emprendedora<\/title>\n\n","aioseo_head_json":{"title":"Susana Madrigal: madre, esposa y emprendedora","description":"Susana Madrigales de Montenegro, actualmente reside en Chicago, Illinois desde hace 25 a\u00f1os, es esposa de Jorge Montenegro con quien se cas\u00f3 en el a\u00f1o 1994 y con quien procre\u00f3 a sus dos hijos, Douglas de 27 a\u00f1os y Eunice de 25 a\u00f1os.","canonical_url":"https:\/\/soymigrante.com\/revista\/susana-madrigal-por-a-barahona\/","robots":"max-snippet:-1, max-image-preview:large, max-video-preview:-1","keywords":"","webmasterTools":{"miscellaneous":"&lt;link rel=\"preconnect\" href=\"https:\/\/fonts.googleapis.com\" crossorigin&gt;\n&lt;link rel=\"preconnect\" href=\"https:\/\/fonts.gstatic.com\" crossorigin&gt;"},"schema":null,"og:locale":"es_ES","og:site_name":"SoyMigrante.com REVISTA \u2013 Nuestra misi\u00f3n es reconocer y dignificar al migrante.","og:type":"article","og:title":"Susana Madrigal: madre, esposa y emprendedora","og:description":"Susana Madrigales de Montenegro, actualmente reside en Chicago, Illinois desde hace 25 a\u00f1os, es esposa de Jorge Montenegro con quien se cas\u00f3 en el a\u00f1o 1994 y con quien procre\u00f3 a sus dos hijos, Douglas de 27 a\u00f1os y Eunice de 25 a\u00f1os.","og:url":"https:\/\/soymigrante.com\/revista\/susana-madrigal-por-a-barahona\/","og:image":"https:\/\/soymigrante.com\/revista\/wp-content\/uploads\/2023\/02\/1-EXITOS-MADRIGAL-2-1.webp","og:image:secure_url":"https:\/\/soymigrante.com\/revista\/wp-content\/uploads\/2023\/02\/1-EXITOS-MADRIGAL-2-1.webp","og:image:width":1024,"og:image:height":768,"article:published_time":"2023-05-26T00:50:14+00:00","article:modified_time":"2024-06-25T22:20:44+00:00","article:publisher":"https:\/\/www.facebook.com\/soymigrantecom","twitter:card":"summary_large_image","twitter:site":"@SoyMigrante_com","twitter:title":"Susana Madrigal: madre, esposa y emprendedora","twitter:description":"Susana Madrigales de Montenegro, actualmente reside en Chicago, Illinois desde hace 25 a\u00f1os, es esposa de Jorge Montenegro con quien se cas\u00f3 en el a\u00f1o 1994 y con quien procre\u00f3 a sus dos hijos, Douglas de 27 a\u00f1os y Eunice de 25 a\u00f1os.","twitter:creator":"@SoyMigrante_com","twitter:image":"https:\/\/soymigrante.com\/revista\/wp-content\/uploads\/2023\/02\/1-EXITOS-MADRIGAL-2-1.webp"},"aioseo_meta_data":{"post_id":"6202","title":null,"description":null,"keywords":[],"keyphrases":{"focus":{"keyphrase":"Guatemala","score":91,"analysis":{"keyphraseInTitle":{"score":9,"maxScore":9,"error":0},"keyphraseInDescription":{"score":9,"maxScore":9,"error":0},"keyphraseLength":{"score":9,"maxScore":9,"error":0,"length":1},"keyphraseInURL":{"score":5,"maxScore":5,"error":0},"keyphraseInIntroduction":{"score":9,"maxScore":9,"error":0},"keyphraseInSubHeadings":{"score":3,"maxScore":9,"error":1},"keyphraseInImageAlt":{"score":9,"maxScore":9,"error":0},"keywordDensity":{"type":"best","score":9,"maxScore":9,"error":0}}},"additional":[]},"primary_term":null,"canonical_url":null,"og_title":null,"og_description":null,"og_object_type":"default","og_image_type":"default","og_image_url":null,"og_image_width":null,"og_image_height":null,"og_image_custom_url":null,"og_image_custom_fields":null,"og_video":"","og_custom_url":null,"og_article_section":null,"og_article_tags":[],"twitter_use_og":false,"twitter_card":"default","twitter_image_type":"default","twitter_image_url":null,"twitter_image_custom_url":null,"twitter_image_custom_fields":null,"twitter_title":null,"twitter_description":null,"schema":{"blockGraphs":[],"customGraphs":[],"default":{"data":{"Article":[],"Course":[],"Dataset":[],"FAQPage":[],"Movie":[],"Person":[],"Product":[],"ProductReview":[],"Car":[],"Recipe":[],"Service":[],"SoftwareApplication":[],"WebPage":[]},"graphName":"BlogPosting","isEnabled":true},"graphs":[]},"schema_type":"default","schema_type_options":null,"pillar_content":false,"robots_default":true,"robots_noindex":false,"robots_noarchive":false,"robots_nosnippet":false,"robots_nofollow":false,"robots_noimageindex":false,"robots_noodp":false,"robots_notranslate":false,"robots_max_snippet":"-1","robots_max_videopreview":"-1","robots_max_imagepreview":"large","priority":null,"frequency":"default","local_seo":null,"seo_analyzer_scan_date":"2025-10-08 21:43:45","breadcrumb_settings":null,"limit_modified_date":false,"reviewed_by":null,"open_ai":null,"ai":null,"created":"2024-04-26 19:02:10","updated":"2026-02-04 11:18:30"},"aioseo_breadcrumb":"<div class=\"aioseo-breadcrumbs\"><span class=\"aioseo-breadcrumb\">\n\t<a href=\"https:\/\/soymigrante.com\/revista\" title=\"Home\">Home<\/a>\n<\/span><span class=\"aioseo-breadcrumb-separator\">\u00bb<\/span><span class=\"aioseo-breadcrumb\">\n\t<a href=\"https:\/\/soymigrante.com\/revista\/category\/exitos\/\" title=\"\u00c9xitos\">\u00c9xitos<\/a>\n<\/span><span class=\"aioseo-breadcrumb-separator\">\u00bb<\/span><span class=\"aioseo-breadcrumb\">\n\tAs\u00ed fue c\u00f3mo Liv S\u00e1nchez, de EE.UU. pas\u00f3 a ser Vitalina, nacida en Guatemala\n<\/span><\/div>","aioseo_breadcrumb_json":[{"label":"Home","link":"https:\/\/soymigrante.com\/revista"},{"label":"\u00c9xitos","link":"https:\/\/soymigrante.com\/revista\/category\/exitos\/"},{"label":"As\u00ed fue c\u00f3mo Liv S\u00e1nchez, de EE.UU. pas\u00f3 a ser Vitalina, nacida en Guatemala","link":"https:\/\/soymigrante.com\/revista\/historia-vitalina-sanchez-adoptada-estados-unidos-guatemala\/"}],"_links":{"self":[{"href":"https:\/\/soymigrante.com\/revista\/wp-json\/wp\/v2\/posts\/6202","targetHints":{"allow":["GET"]}}],"collection":[{"href":"https:\/\/soymigrante.com\/revista\/wp-json\/wp\/v2\/posts"}],"about":[{"href":"https:\/\/soymigrante.com\/revista\/wp-json\/wp\/v2\/types\/post"}],"author":[{"embeddable":true,"href":"https:\/\/soymigrante.com\/revista\/wp-json\/wp\/v2\/users\/7"}],"replies":[{"embeddable":true,"href":"https:\/\/soymigrante.com\/revista\/wp-json\/wp\/v2\/comments?post=6202"}],"version-history":[{"count":0,"href":"https:\/\/soymigrante.com\/revista\/wp-json\/wp\/v2\/posts\/6202\/revisions"}],"wp:featuredmedia":[{"embeddable":true,"href":"https:\/\/soymigrante.com\/revista\/wp-json\/wp\/v2\/media\/6207"}],"wp:attachment":[{"href":"https:\/\/soymigrante.com\/revista\/wp-json\/wp\/v2\/media?parent=6202"}],"wp:term":[{"taxonomy":"category","embeddable":true,"href":"https:\/\/soymigrante.com\/revista\/wp-json\/wp\/v2\/categories?post=6202"},{"taxonomy":"post_tag","embeddable":true,"href":"https:\/\/soymigrante.com\/revista\/wp-json\/wp\/v2\/tags?post=6202"}],"curies":[{"name":"wp","href":"https:\/\/api.w.org\/{rel}","templated":true}]}}